{"id":32246,"date":"2015-04-21T00:00:00","date_gmt":"2015-04-21T04:00:00","guid":{"rendered":"http:\/\/192.81.217.108\/interamerica\/2015\/04\/lequipe-enactus-de-luniversite-la-sierra-arrive-seconde-dans-la-competition-nationale-des-etats-unis\/"},"modified":"2015-04-21T00:00:00","modified_gmt":"2015-04-21T04:00:00","slug":"lequipe-enactus-de-luniversite-la-sierra-arrive-seconde-dans-la-competition-nationale-des-etats-unis","status":"publish","type":"post","link":"https:\/\/interamerica.org\/fr\/2015\/04\/lequipe-enactus-de-luniversite-la-sierra-arrive-seconde-dans-la-competition-nationale-des-etats-unis\/","title":{"rendered":"L\u2019\u00e9quipe Enactus de l\u2019universit\u00e9 La Sierra arrive seconde dans la comp\u00e9tition nationale des \u00c9tats-Unis"},"content":{"rendered":"<div id=\"attachment_16466\" style=\"width: 410px\" class=\"wp-caption alignright\"><a href=\"\/interamerica\/wp-content\/uploads\/2017\/06\/La_Sierra_Enactus400.png\" rel=\"fancybox\" title=\"L\u2019\u00e9quipe Enactus de l\u2019universit\u00e9 La Sierra arrive seconde dans la comp\u00e9tition nationale des \u00c9tats-Unis\"><img fetchpriority=\"high\" decoding=\"async\" aria-describedby=\"caption-attachment-16466\" class=\"size-full wp-image-16466 \" src=\"\/interamerica\/wp-content\/uploads\/2017\/06\/La_Sierra_Enactus400.png\" alt=\"\" width=\"400\" height=\"267\" \/><\/a><p id=\"caption-attachment-16466\" class=\"wp-caption-text\">L\u2019\u00e9quipe Enactus de l\u2019universit\u00e9 La Sierra incluant l\u2019\u00e9quipe de technologie, l\u2019\u00e9quipe de pr\u00e9sentation et les administrateurs de l\u2019exposition \u00e0 Saint-Louis, dans le Missouri. \u00c0 l\u2019extr\u00eame gauche, John Thomas, doyen de l\u2019universit\u00e9 de la Sierra o\u00f9 se situe l\u2019\u00e9cole de commerce Zapara, base de l\u2019\u00e9quipe. Image offerte par ANN<\/p><\/div>\n<p>20 avril 2015\/ Riverside, Californie, \u00c9tats-Unis\/ \u00c9quipe d\u2019informations de La Sierra<\/p>\n<p>L\u2019\u00e9quipe Enactus de l\u2019universit\u00e9 La Sierra a fini seconde de la nation le 16 avril \u00e0 l\u2019Exposition Nationale des \u00c9tats-Unis de l\u2019organisation Enactus, qui s\u2019est d\u00e9roul\u00e9e \u00e0 Saint-Louis, dans le Missouri du 13-16 avril.<\/p>\n<p>L\u2019\u00e9quipe Enactus de La Sierra a atteint le quatri\u00e8me tour apr\u00e8s avoir brillamment compl\u00e9t\u00e9 trois tours pr\u00e9liminaires de comp\u00e9tition. Pr\u00e8s de 200 \u00e9tablissements d\u2019\u00e9tudes sup\u00e9rieures et universit\u00e9s\u00a0 ont envoy\u00e9 des \u00e9quipes Enactus \u00e0 cette comp\u00e9tition nationale annuelle. L\u2019universit\u00e9 \u00ab\u00a0Brigham Young\u00a0\u00bb d\u2019Hawaii fut \u00e9lue championne Enactus 2015 suivie de La Sierra \u00e0 la deuxi\u00e8me place, l\u2019universit\u00e9 John Brown \u00e0 la troisi\u00e8me et l\u2019universit\u00e9 de Belmont \u00e0 la quatri\u00e8me.<\/p>\n<p>\u00ab\u00a0C\u2019est un immense honneur d\u2019\u00eatre confront\u00e9 de cette mani\u00e8re aux meilleurs \u00e9tudiants en commerce des \u00c9tats-Unis\u00a0\u00bb a d\u00e9clar\u00e9 John Thomas, doyen de l\u2019\u00e9cole de commerce Tom et Vi Zapara. \u00ab\u00a0\u00catre la deuxi\u00e8me \u00e9quipe Enactus de la nation est un accomplissement incroyable pour nos \u00e9l\u00e8ves qui ont travaill\u00e9 si dur pour faire des choses importantes \u00e0 la fois dans la communaut\u00e9 de Riverside et sur le plan international. Ils montrent vraiment au reste du monde comment le commerce peut \u00eatre un outil pour am\u00e9liorer le monde.\u00a0\u00bb<\/p>\n<p>\u00ab\u00a0Ce r\u00e9sultat exceptionnel est due en partie aux efforts de John Razzouk, notre chercheur \u00e0 Sam Walton\u00a0\u00bb, a ajout\u00e9 Thomas. \u00ab\u00a0John a travaill\u00e9 plusieurs heures avec nos \u00e9l\u00e8ves pour mettre en place une remarquable \u00e9quipe Enactus et des s\u00e9ries de projets cette ann\u00e9e.\u00a0\u00bb<\/p>\n<p>\u00ab\u00a0Nos \u00e9tudiants ont repr\u00e9sent\u00e9 l\u2019universit\u00e9 La Sierra de mani\u00e8re remarquable\u00a0\u00bb a affirm\u00e9 Randal Wisbey, pr\u00e9sident de l\u2019universit\u00e9. \u00ab\u00a0\u00c0 travers ses efforts, notre \u00e9quipe Enactus a joliment d\u00e9montr\u00e9 tout ce que l\u2019universit\u00e9 leur a appris au sujet du service et la d\u00e9termination de notre campus \u00e0 voir le monde transform\u00e9.\u00a0\u00bb<\/p>\n<p>Treize membres de l\u2019\u00e9quipe Enactus repr\u00e9sentaient\u00a0 l\u2019universit\u00e9 La Sierra \u00e0 Saint-Louis, y compris une \u00e9quipe de pr\u00e9sentation de cinq membres. Les projets que l\u2019\u00e9quipe a d\u00e9velopp\u00e9, incitant \u00e0 utiliser des strat\u00e9gies commerciales pour am\u00e9liorer les communaut\u00e9s, \u00e9taient au c\u0153ur du rapport de l\u2019\u00e9quipe Enactus de La Sierra. Les projets incluaient\u00a0:<\/p>\n<p>\u00ab\u00a0Mobile Fresh\u00a0\u00bb\u00a0: Les \u00e9tudiants Enactus se sont associ\u00e9s \u00e0 la \u00ab\u00a0Riverside Family Service Association\u00a0\u00bb pour lancer \u00ab\u00a0Mobile Fresh\u00a0\u00bb, un bus r\u00e9nov\u00e9 qui sert maintenant d\u2019\u00e9picerie mobile. Le bus fait des visites r\u00e9guli\u00e8res pour desservir des secteurs de Riverside, permettant aux habitants aux revenus plus modestes d\u2019avoir des produits frais et sains et d\u2019autres aliments. Servant plus de 1000 clients par mois, le projet a aussi baiss\u00e9 le budget nourriture de ces clients de 30 pourcent.<\/p>\n<p>\u00ab\u00a0Cow Bank\u00a0\u00bb\u00a0: Pour se focaliser sur des projets de d\u00e9veloppement durable, Enacus La Sierra a g\u00e9r\u00e9 une station-service \u00e0 Denkanikottai, Inde. Les femmes dans cette r\u00e9gion font habituellement $2 par jour, \u00e0 peine assez pour manger. Enactus La Sierra a institu\u00e9 une banque des Vaches, qui emprunte des vaches aux femmes dans quatre villages, et a d\u00e9velopp\u00e9 des accords avec des grossistes de lait locaux pour qu\u2019ils ach\u00e8tent tout le lait que ces femmes vendent.\u00a0 Toutes les femmes qui ont particip\u00e9 au programme ont vu leur salaire doubl\u00e9 et personne n\u2019a eu de probl\u00e8me avec son pr\u00eat durant les deux ans qu\u2019a dur\u00e9 le projet.<\/p>\n<p>Les efforts de l\u2019organisation Enactus de l\u2019universit\u00e9 La Sierra ont aussi permis \u00e0 l\u2019\u00e9quipe de gagner de nombreux prix durant la comp\u00e9tition de Saint-Louis. Un des membres de l\u2019\u00e9quipe, Andrew Ranzinger, un \u00e9tudiant en deuxi\u00e8me ann\u00e9e de comptabilit\u00e9 et dipl\u00f4m\u00e9 en espagnol, a re\u00e7u trois bourses d\u2019\u00e9tudes. Voici leur nom\u00a0:<\/p>\n<ul>\n<li>\u00ab\u00a0The Enactus Service Leadership Award\u00a0\u00bb- Ranzinger, est un des cinq \u00e9tudiants \u00e0 avoir re\u00e7u une bourse de $1000.<\/li>\n<\/ul>\n<ul>\n<li>La bourse \u00ab\u00a0RILA\/ Unilever Retail Scholarship\u00a0\u00bb\u00a0&#8211; \u00ab\u00a0Parrain\u00e9 par Unilever et l\u2019Association des leaders du march\u00e9 du d\u00e9tail, le but de cette bourse est d\u2019encourager les \u00e9tudiants \u00e0 consid\u00e9rer de faire carri\u00e8re dans le commerce de d\u00e9tail et met \u00e0 l\u2019honneur un \u00e9tudiant qui pr\u00e9voit d\u2019en poursuivre une dans ce commerce.\u00a0\u00bb Ranzinger a re\u00e7u une bourse de $5000 et sera aussi r\u00e9compens\u00e9 \u00e0 une c\u00e9r\u00e9monie organis\u00e9e par \u00ab\u00a0RILA\u00a0\u00bb qui aura lieu cet hiver. De m\u00eame, l\u2019\u00e9quipe Enactus de l\u2019universit\u00e9 La Sierra a re\u00e7u un prix de $1000.<\/li>\n<\/ul>\n<ul>\n<li>La bourse \u00ab\u00a0Julie and Gwen Knapp\u00a0\u00bb- Ranzinger a re\u00e7u une bourse d\u00a0\u2018\u00e9tude s\u2019\u00e9levant \u00e0 2500$.<\/li>\n<\/ul>\n<p>L\u2019\u00e9quipe Enactus de La Sierra a re\u00e7u deux prix nationaux importants de la comp\u00e9tition \u00ab\u00a0Unilever Enhancing Livelihoods\u00a0\u00bb et de \u00ab Bright Future Project Partnership\u00a0\u00bb. L\u2019\u00e9quipe ram\u00e8nera \u00e0 la maison deux troph\u00e9es et un total de $14 500 en prix. Les deux r\u00e9compenses \u00e9taient pour le projet \u00ab\u00a0Mobile Fresh\u00a0\u00bb.<\/p>\n<p>L\u2019universit\u00e9 La Sierra est connu pour son excellence dans la comp\u00e9tition Enactus\/SIFE. Avec les six titres am\u00e9ricains pr\u00e9c\u00e9dents, La Sierra a gagn\u00e9 la Coupe du Monde de l\u2019organisation en 2002 et 2007. C\u2019est la seule universit\u00e9 \u00e0 avoir gagn\u00e9 le titre national quatre ann\u00e9es de suite, y compris une s\u00e9rie de participations couronn\u00e9es de succ\u00e8s de 1994 \u00e0 1997.<\/p>\n<p>Traduction\u00a0: Carole et Charles SAINT-LOUIS<\/p>\n","protected":false},"excerpt":{"rendered":"<p>L\u2019\u00e9quipe Enactus de l\u2019universit\u00e9 La Sierra a fini seconde de la nation le 16 avril \u00e0 l\u2019Exposition Nationale des \u00c9tats-Unis de l\u2019organisation Enactus, qui s\u2019est d\u00e9roul\u00e9e \u00e0 Saint-Louis, dans le Missouri du 13-16 avril.  <\/p>\n<p>L\u2019\u00e9quipe Enactus de La Sierra a atteint le quatri\u00e8me tour apr\u00e8s avoir brillamment compl\u00e9t\u00e9 trois tours pr\u00e9liminaires de comp\u00e9tition.<\/p>\n","protected":false},"author":1,"featured_media":25070,"comment_status":"closed","ping_status":"closed","sticky":false,"template":"","format":"standard","meta":{"_acf_changed":false,"footnotes":""},"categories":[18,19],"tags":[],"class_list":["post-32246","post","type-post","status-publish","format-standard","has-post-thumbnail","hentry","category-nouvelles-de-leglise-mondiale","category-rss-francais"],"acf":[],"yoast_head":"<!-- This site is optimized with the Yoast SEO plugin v27.3 - https:\/\/yoast.com\/product\/yoast-seo-wordpress\/ -->\n<title>L\u2019\u00e9quipe Enactus de l\u2019universit\u00e9 La Sierra arrive seconde dans la comp\u00e9tition nationale des \u00c9tats-Unis - \u00c9glise Adventiste Du Septieme Jour - Inter Am\u00e9rique Division<\/title>\n<meta name=\"robots\" content=\"index, follow, max-snippet:-1, max-image-preview:large, max-video-preview:-1\" \/>\n<link rel=\"canonical\" href=\"https:\/\/interamerica.org\/fr\/2015\/04\/lequipe-enactus-de-luniversite-la-sierra-arrive-seconde-dans-la-competition-nationale-des-etats-unis\/\" \/>\n<meta property=\"og:locale\" content=\"fr_FR\" \/>\n<meta property=\"og:type\" content=\"article\" \/>\n<meta property=\"og:title\" content=\"L\u2019\u00e9quipe Enactus de l\u2019universit\u00e9 La Sierra arrive seconde dans la comp\u00e9tition nationale des \u00c9tats-Unis - \u00c9glise Adventiste Du Septieme Jour - Inter Am\u00e9rique Division\" \/>\n<meta property=\"og:description\" content=\"L\u2019\u00e9quipe Enactus de l\u2019universit\u00e9 La Sierra a fini seconde de la nation le 16 avril \u00e0 l\u2019Exposition Nationale des \u00c9tats-Unis de l\u2019organisation Enactus, qui s\u2019est d\u00e9roul\u00e9e \u00e0 Saint-Louis, dans le Missouri du 13-16 avril.  L\u2019\u00e9quipe Enactus de La Sierra a atteint le quatri\u00e8me tour apr\u00e8s avoir brillamment compl\u00e9t\u00e9 trois tours pr\u00e9liminaires de comp\u00e9tition.\" \/>\n<meta property=\"og:url\" content=\"https:\/\/interamerica.org\/fr\/2015\/04\/lequipe-enactus-de-luniversite-la-sierra-arrive-seconde-dans-la-competition-nationale-des-etats-unis\/\" \/>\n<meta property=\"og:site_name\" content=\"\u00c9glise Adventiste Du Septieme Jour - Inter Am\u00e9rique Division\" \/>\n<meta property=\"article:published_time\" content=\"2015-04-21T04:00:00+00:00\" \/>\n<meta property=\"og:image\" content=\"https:\/\/interamerica.org\/wp-content\/uploads\/2017\/06\/La_Sierra_Enactus400.png\" \/>\n\t<meta property=\"og:image:width\" content=\"400\" \/>\n\t<meta property=\"og:image:height\" content=\"267\" \/>\n\t<meta property=\"og:image:type\" content=\"image\/png\" \/>\n<meta name=\"author\" content=\"Lorenzo Verduzco\" \/>\n<meta name=\"twitter:card\" content=\"summary_large_image\" \/>\n<meta name=\"twitter:label1\" content=\"\u00c9crit par\" \/>\n\t<meta name=\"twitter:data1\" content=\"Lorenzo Verduzco\" \/>\n\t<meta name=\"twitter:label2\" content=\"Dur\u00e9e de lecture estim\u00e9e\" \/>\n\t<meta name=\"twitter:data2\" content=\"5 minutes\" \/>\n<script type=\"application\/ld+json\" class=\"yoast-schema-graph\">{\"@context\":\"https:\\\/\\\/schema.org\",\"@graph\":[{\"@type\":\"Article\",\"@id\":\"https:\\\/\\\/interamerica.org\\\/fr\\\/2015\\\/04\\\/lequipe-enactus-de-luniversite-la-sierra-arrive-seconde-dans-la-competition-nationale-des-etats-unis\\\/#article\",\"isPartOf\":{\"@id\":\"https:\\\/\\\/interamerica.org\\\/fr\\\/2015\\\/04\\\/lequipe-enactus-de-luniversite-la-sierra-arrive-seconde-dans-la-competition-nationale-des-etats-unis\\\/\"},\"author\":{\"name\":\"Lorenzo Verduzco\",\"@id\":\"https:\\\/\\\/interamerica.org\\\/fr\\\/#\\\/schema\\\/person\\\/68ede8bdc292885bb76c1e3810e73c39\"},\"headline\":\"L\u2019\u00e9quipe Enactus de l\u2019universit\u00e9 La Sierra arrive seconde dans la comp\u00e9tition nationale des \u00c9tats-Unis\",\"datePublished\":\"2015-04-21T04:00:00+00:00\",\"mainEntityOfPage\":{\"@id\":\"https:\\\/\\\/interamerica.org\\\/fr\\\/2015\\\/04\\\/lequipe-enactus-de-luniversite-la-sierra-arrive-seconde-dans-la-competition-nationale-des-etats-unis\\\/\"},\"wordCount\":966,\"image\":{\"@id\":\"https:\\\/\\\/interamerica.org\\\/fr\\\/2015\\\/04\\\/lequipe-enactus-de-luniversite-la-sierra-arrive-seconde-dans-la-competition-nationale-des-etats-unis\\\/#primaryimage\"},\"thumbnailUrl\":\"https:\\\/\\\/interamerica.org\\\/wp-content\\\/uploads\\\/2017\\\/06\\\/La_Sierra_Enactus400.png\",\"articleSection\":[\"Nouvelles de l'\u00c9glise mondiale\",\"RSS Fran\u00e7ais\"],\"inLanguage\":\"fr-FR\"},{\"@type\":\"WebPage\",\"@id\":\"https:\\\/\\\/interamerica.org\\\/fr\\\/2015\\\/04\\\/lequipe-enactus-de-luniversite-la-sierra-arrive-seconde-dans-la-competition-nationale-des-etats-unis\\\/\",\"url\":\"https:\\\/\\\/interamerica.org\\\/fr\\\/2015\\\/04\\\/lequipe-enactus-de-luniversite-la-sierra-arrive-seconde-dans-la-competition-nationale-des-etats-unis\\\/\",\"name\":\"L\u2019\u00e9quipe Enactus de l\u2019universit\u00e9 La Sierra arrive seconde dans la comp\u00e9tition nationale des \u00c9tats-Unis - \u00c9glise Adventiste Du Septieme Jour - Inter Am\u00e9rique Division\",\"isPartOf\":{\"@id\":\"https:\\\/\\\/interamerica.org\\\/fr\\\/#website\"},\"primaryImageOfPage\":{\"@id\":\"https:\\\/\\\/interamerica.org\\\/fr\\\/2015\\\/04\\\/lequipe-enactus-de-luniversite-la-sierra-arrive-seconde-dans-la-competition-nationale-des-etats-unis\\\/#primaryimage\"},\"image\":{\"@id\":\"https:\\\/\\\/interamerica.org\\\/fr\\\/2015\\\/04\\\/lequipe-enactus-de-luniversite-la-sierra-arrive-seconde-dans-la-competition-nationale-des-etats-unis\\\/#primaryimage\"},\"thumbnailUrl\":\"https:\\\/\\\/interamerica.org\\\/wp-content\\\/uploads\\\/2017\\\/06\\\/La_Sierra_Enactus400.png\",\"datePublished\":\"2015-04-21T04:00:00+00:00\",\"author\":{\"@id\":\"https:\\\/\\\/interamerica.org\\\/fr\\\/#\\\/schema\\\/person\\\/68ede8bdc292885bb76c1e3810e73c39\"},\"breadcrumb\":{\"@id\":\"https:\\\/\\\/interamerica.org\\\/fr\\\/2015\\\/04\\\/lequipe-enactus-de-luniversite-la-sierra-arrive-seconde-dans-la-competition-nationale-des-etats-unis\\\/#breadcrumb\"},\"inLanguage\":\"fr-FR\",\"potentialAction\":[{\"@type\":\"ReadAction\",\"target\":[\"https:\\\/\\\/interamerica.org\\\/fr\\\/2015\\\/04\\\/lequipe-enactus-de-luniversite-la-sierra-arrive-seconde-dans-la-competition-nationale-des-etats-unis\\\/\"]}]},{\"@type\":\"ImageObject\",\"inLanguage\":\"fr-FR\",\"@id\":\"https:\\\/\\\/interamerica.org\\\/fr\\\/2015\\\/04\\\/lequipe-enactus-de-luniversite-la-sierra-arrive-seconde-dans-la-competition-nationale-des-etats-unis\\\/#primaryimage\",\"url\":\"https:\\\/\\\/interamerica.org\\\/wp-content\\\/uploads\\\/2017\\\/06\\\/La_Sierra_Enactus400.png\",\"contentUrl\":\"https:\\\/\\\/interamerica.org\\\/wp-content\\\/uploads\\\/2017\\\/06\\\/La_Sierra_Enactus400.png\",\"width\":400,\"height\":267},{\"@type\":\"BreadcrumbList\",\"@id\":\"https:\\\/\\\/interamerica.org\\\/fr\\\/2015\\\/04\\\/lequipe-enactus-de-luniversite-la-sierra-arrive-seconde-dans-la-competition-nationale-des-etats-unis\\\/#breadcrumb\",\"itemListElement\":[{\"@type\":\"ListItem\",\"position\":1,\"name\":\"Home\",\"item\":\"https:\\\/\\\/interamerica.org\\\/fr\\\/\"},{\"@type\":\"ListItem\",\"position\":2,\"name\":\"L\u2019\u00e9quipe Enactus de l\u2019universit\u00e9 La Sierra arrive seconde dans la comp\u00e9tition nationale des \u00c9tats-Unis\"}]},{\"@type\":\"WebSite\",\"@id\":\"https:\\\/\\\/interamerica.org\\\/fr\\\/#website\",\"url\":\"https:\\\/\\\/interamerica.org\\\/fr\\\/\",\"name\":\"\u00c9glise Adventiste Du Septieme Jour - Inter Am\u00e9rique Division\",\"description\":\"\",\"potentialAction\":[{\"@type\":\"SearchAction\",\"target\":{\"@type\":\"EntryPoint\",\"urlTemplate\":\"https:\\\/\\\/interamerica.org\\\/fr\\\/?s={search_term_string}\"},\"query-input\":{\"@type\":\"PropertyValueSpecification\",\"valueRequired\":true,\"valueName\":\"search_term_string\"}}],\"inLanguage\":\"fr-FR\"},{\"@type\":\"Person\",\"@id\":\"https:\\\/\\\/interamerica.org\\\/fr\\\/#\\\/schema\\\/person\\\/68ede8bdc292885bb76c1e3810e73c39\",\"name\":\"Lorenzo Verduzco\",\"image\":{\"@type\":\"ImageObject\",\"inLanguage\":\"fr-FR\",\"@id\":\"https:\\\/\\\/secure.gravatar.com\\\/avatar\\\/fb81a55b6218459490a9c1dc841a34909185b81904c5337b4b27f7a6fd60c49e?s=96&d=mm&r=g\",\"url\":\"https:\\\/\\\/secure.gravatar.com\\\/avatar\\\/fb81a55b6218459490a9c1dc841a34909185b81904c5337b4b27f7a6fd60c49e?s=96&d=mm&r=g\",\"contentUrl\":\"https:\\\/\\\/secure.gravatar.com\\\/avatar\\\/fb81a55b6218459490a9c1dc841a34909185b81904c5337b4b27f7a6fd60c49e?s=96&d=mm&r=g\",\"caption\":\"Lorenzo Verduzco\"}}]}<\/script>\n<!-- \/ Yoast SEO plugin. -->","yoast_head_json":{"title":"L\u2019\u00e9quipe Enactus de l\u2019universit\u00e9 La Sierra arrive seconde dans la comp\u00e9tition nationale des \u00c9tats-Unis - \u00c9glise Adventiste Du Septieme Jour - Inter Am\u00e9rique Division","robots":{"index":"index","follow":"follow","max-snippet":"max-snippet:-1","max-image-preview":"max-image-preview:large","max-video-preview":"max-video-preview:-1"},"canonical":"https:\/\/interamerica.org\/fr\/2015\/04\/lequipe-enactus-de-luniversite-la-sierra-arrive-seconde-dans-la-competition-nationale-des-etats-unis\/","og_locale":"fr_FR","og_type":"article","og_title":"L\u2019\u00e9quipe Enactus de l\u2019universit\u00e9 La Sierra arrive seconde dans la comp\u00e9tition nationale des \u00c9tats-Unis - \u00c9glise Adventiste Du Septieme Jour - Inter Am\u00e9rique Division","og_description":"L\u2019\u00e9quipe Enactus de l\u2019universit\u00e9 La Sierra a fini seconde de la nation le 16 avril \u00e0 l\u2019Exposition Nationale des \u00c9tats-Unis de l\u2019organisation Enactus, qui s\u2019est d\u00e9roul\u00e9e \u00e0 Saint-Louis, dans le Missouri du 13-16 avril.  L\u2019\u00e9quipe Enactus de La Sierra a atteint le quatri\u00e8me tour apr\u00e8s avoir brillamment compl\u00e9t\u00e9 trois tours pr\u00e9liminaires de comp\u00e9tition.","og_url":"https:\/\/interamerica.org\/fr\/2015\/04\/lequipe-enactus-de-luniversite-la-sierra-arrive-seconde-dans-la-competition-nationale-des-etats-unis\/","og_site_name":"\u00c9glise Adventiste Du Septieme Jour - Inter Am\u00e9rique Division","article_published_time":"2015-04-21T04:00:00+00:00","og_image":[{"width":400,"height":267,"url":"https:\/\/interamerica.org\/wp-content\/uploads\/2017\/06\/La_Sierra_Enactus400.png","type":"image\/png"}],"author":"Lorenzo Verduzco","twitter_card":"summary_large_image","twitter_misc":{"\u00c9crit par":"Lorenzo Verduzco","Dur\u00e9e de lecture estim\u00e9e":"5 minutes"},"schema":{"@context":"https:\/\/schema.org","@graph":[{"@type":"Article","@id":"https:\/\/interamerica.org\/fr\/2015\/04\/lequipe-enactus-de-luniversite-la-sierra-arrive-seconde-dans-la-competition-nationale-des-etats-unis\/#article","isPartOf":{"@id":"https:\/\/interamerica.org\/fr\/2015\/04\/lequipe-enactus-de-luniversite-la-sierra-arrive-seconde-dans-la-competition-nationale-des-etats-unis\/"},"author":{"name":"Lorenzo Verduzco","@id":"https:\/\/interamerica.org\/fr\/#\/schema\/person\/68ede8bdc292885bb76c1e3810e73c39"},"headline":"L\u2019\u00e9quipe Enactus de l\u2019universit\u00e9 La Sierra arrive seconde dans la comp\u00e9tition nationale des \u00c9tats-Unis","datePublished":"2015-04-21T04:00:00+00:00","mainEntityOfPage":{"@id":"https:\/\/interamerica.org\/fr\/2015\/04\/lequipe-enactus-de-luniversite-la-sierra-arrive-seconde-dans-la-competition-nationale-des-etats-unis\/"},"wordCount":966,"image":{"@id":"https:\/\/interamerica.org\/fr\/2015\/04\/lequipe-enactus-de-luniversite-la-sierra-arrive-seconde-dans-la-competition-nationale-des-etats-unis\/#primaryimage"},"thumbnailUrl":"https:\/\/interamerica.org\/wp-content\/uploads\/2017\/06\/La_Sierra_Enactus400.png","articleSection":["Nouvelles de l'\u00c9glise mondiale","RSS Fran\u00e7ais"],"inLanguage":"fr-FR"},{"@type":"WebPage","@id":"https:\/\/interamerica.org\/fr\/2015\/04\/lequipe-enactus-de-luniversite-la-sierra-arrive-seconde-dans-la-competition-nationale-des-etats-unis\/","url":"https:\/\/interamerica.org\/fr\/2015\/04\/lequipe-enactus-de-luniversite-la-sierra-arrive-seconde-dans-la-competition-nationale-des-etats-unis\/","name":"L\u2019\u00e9quipe Enactus de l\u2019universit\u00e9 La Sierra arrive seconde dans la comp\u00e9tition nationale des \u00c9tats-Unis - \u00c9glise Adventiste Du Septieme Jour - Inter Am\u00e9rique Division","isPartOf":{"@id":"https:\/\/interamerica.org\/fr\/#website"},"primaryImageOfPage":{"@id":"https:\/\/interamerica.org\/fr\/2015\/04\/lequipe-enactus-de-luniversite-la-sierra-arrive-seconde-dans-la-competition-nationale-des-etats-unis\/#primaryimage"},"image":{"@id":"https:\/\/interamerica.org\/fr\/2015\/04\/lequipe-enactus-de-luniversite-la-sierra-arrive-seconde-dans-la-competition-nationale-des-etats-unis\/#primaryimage"},"thumbnailUrl":"https:\/\/interamerica.org\/wp-content\/uploads\/2017\/06\/La_Sierra_Enactus400.png","datePublished":"2015-04-21T04:00:00+00:00","author":{"@id":"https:\/\/interamerica.org\/fr\/#\/schema\/person\/68ede8bdc292885bb76c1e3810e73c39"},"breadcrumb":{"@id":"https:\/\/interamerica.org\/fr\/2015\/04\/lequipe-enactus-de-luniversite-la-sierra-arrive-seconde-dans-la-competition-nationale-des-etats-unis\/#breadcrumb"},"inLanguage":"fr-FR","potentialAction":[{"@type":"ReadAction","target":["https:\/\/interamerica.org\/fr\/2015\/04\/lequipe-enactus-de-luniversite-la-sierra-arrive-seconde-dans-la-competition-nationale-des-etats-unis\/"]}]},{"@type":"ImageObject","inLanguage":"fr-FR","@id":"https:\/\/interamerica.org\/fr\/2015\/04\/lequipe-enactus-de-luniversite-la-sierra-arrive-seconde-dans-la-competition-nationale-des-etats-unis\/#primaryimage","url":"https:\/\/interamerica.org\/wp-content\/uploads\/2017\/06\/La_Sierra_Enactus400.png","contentUrl":"https:\/\/interamerica.org\/wp-content\/uploads\/2017\/06\/La_Sierra_Enactus400.png","width":400,"height":267},{"@type":"BreadcrumbList","@id":"https:\/\/interamerica.org\/fr\/2015\/04\/lequipe-enactus-de-luniversite-la-sierra-arrive-seconde-dans-la-competition-nationale-des-etats-unis\/#breadcrumb","itemListElement":[{"@type":"ListItem","position":1,"name":"Home","item":"https:\/\/interamerica.org\/fr\/"},{"@type":"ListItem","position":2,"name":"L\u2019\u00e9quipe Enactus de l\u2019universit\u00e9 La Sierra arrive seconde dans la comp\u00e9tition nationale des \u00c9tats-Unis"}]},{"@type":"WebSite","@id":"https:\/\/interamerica.org\/fr\/#website","url":"https:\/\/interamerica.org\/fr\/","name":"\u00c9glise Adventiste Du Septieme Jour - Inter Am\u00e9rique Division","description":"","potentialAction":[{"@type":"SearchAction","target":{"@type":"EntryPoint","urlTemplate":"https:\/\/interamerica.org\/fr\/?s={search_term_string}"},"query-input":{"@type":"PropertyValueSpecification","valueRequired":true,"valueName":"search_term_string"}}],"inLanguage":"fr-FR"},{"@type":"Person","@id":"https:\/\/interamerica.org\/fr\/#\/schema\/person\/68ede8bdc292885bb76c1e3810e73c39","name":"Lorenzo Verduzco","image":{"@type":"ImageObject","inLanguage":"fr-FR","@id":"https:\/\/secure.gravatar.com\/avatar\/fb81a55b6218459490a9c1dc841a34909185b81904c5337b4b27f7a6fd60c49e?s=96&d=mm&r=g","url":"https:\/\/secure.gravatar.com\/avatar\/fb81a55b6218459490a9c1dc841a34909185b81904c5337b4b27f7a6fd60c49e?s=96&d=mm&r=g","contentUrl":"https:\/\/secure.gravatar.com\/avatar\/fb81a55b6218459490a9c1dc841a34909185b81904c5337b4b27f7a6fd60c49e?s=96&d=mm&r=g","caption":"Lorenzo Verduzco"}}]}},"_links":{"self":[{"href":"https:\/\/interamerica.org\/fr\/wp-json\/wp\/v2\/posts\/32246","targetHints":{"allow":["GET"]}}],"collection":[{"href":"https:\/\/interamerica.org\/fr\/wp-json\/wp\/v2\/posts"}],"about":[{"href":"https:\/\/interamerica.org\/fr\/wp-json\/wp\/v2\/types\/post"}],"author":[{"embeddable":true,"href":"https:\/\/interamerica.org\/fr\/wp-json\/wp\/v2\/users\/1"}],"replies":[{"embeddable":true,"href":"https:\/\/interamerica.org\/fr\/wp-json\/wp\/v2\/comments?post=32246"}],"version-history":[{"count":0,"href":"https:\/\/interamerica.org\/fr\/wp-json\/wp\/v2\/posts\/32246\/revisions"}],"wp:featuredmedia":[{"embeddable":true,"href":"https:\/\/interamerica.org\/fr\/wp-json\/wp\/v2\/media\/25070"}],"wp:attachment":[{"href":"https:\/\/interamerica.org\/fr\/wp-json\/wp\/v2\/media?parent=32246"}],"wp:term":[{"taxonomy":"category","embeddable":true,"href":"https:\/\/interamerica.org\/fr\/wp-json\/wp\/v2\/categories?post=32246"},{"taxonomy":"post_tag","embeddable":true,"href":"https:\/\/interamerica.org\/fr\/wp-json\/wp\/v2\/tags?post=32246"}],"curies":[{"name":"wp","href":"https:\/\/api.w.org\/{rel}","templated":true}]}}