{"id":32247,"date":"2015-04-21T00:00:00","date_gmt":"2015-04-21T04:00:00","guid":{"rendered":"http:\/\/192.81.217.108\/interamerica\/2015\/04\/leglise-adventiste-en-afrique-du-sud-reagit-a-des-attaques-xenophobes\/"},"modified":"2015-04-21T00:00:00","modified_gmt":"2015-04-21T04:00:00","slug":"leglise-adventiste-en-afrique-du-sud-reagit-a-des-attaques-xenophobes","status":"publish","type":"post","link":"https:\/\/interamerica.org\/fr\/2015\/04\/leglise-adventiste-en-afrique-du-sud-reagit-a-des-attaques-xenophobes\/","title":{"rendered":"L\u2019\u00e9glise adventiste en Afrique du Sud r\u00e9agit \u00e0 des attaques x\u00e9nophobes"},"content":{"rendered":"<p>20 avril 2015\/ Pr\u00e9toria, Afrique du Sud\/ Paul Charles<em>\u00a0 \u00a0 \u00a0 \u00a0 \u00a0 \u00a0 \u00a0 \u00a0 \u00a0 \u00a0 \u00a0 \u00a0 \u00a0 \u00a0 \u00a0 \u00a0 \u00a0 \u00a0 \u00a0 \u00a0 \u00a0 \u00a0 \u00a0 \u00a0 \u00a0 \u00a0 \u00a0 \u00a0 \u00a0 \u00a0 \u00a0 \u00a0 \u00a0 \u00a0 \u00a0 \u00a0 \u00a0 \u00a0 \u00a0 \u00a0 \u00a0 \u00a0 \u00a0 \u00a0 \u00a0 \u00a0 \u00a0 \u00a0 \u00a0 \u00a0 \u00a0 \u00a0 \u00a0 \u00a0 \u00a0 \u00a0 \u00a0 \u00a0 \u00a0 \u00a0 \u00a0 \u00a0 \u00a0\u00a0<\/em><\/p>\n<div id=\"attachment_16463\" style=\"width: 410px\" class=\"wp-caption alignnone\"><a href=\"\/interamerica\/wp-content\/uploads\/2017\/06\/csm_South_Africa_aee87f157d.jpg\" rel=\"fancybox\" title=\"L\u2019\u00e9glise adventiste en Afrique du Sud r\u00e9agit \u00e0 des attaques x\u00e9nophobes\"><img fetchpriority=\"high\" decoding=\"async\" aria-describedby=\"caption-attachment-16463\" class=\"size-full wp-image-16463\" src=\"\/interamerica\/wp-content\/uploads\/2017\/06\/csm_South_Africa_aee87f157d.jpg\" alt=\"\" width=\"400\" height=\"311\" \/><\/a><p id=\"caption-attachment-16463\" class=\"wp-caption-text\">Carte de l\u2019Afrique du Sud. Image de iStock<\/p><\/div>\n<p>Paul Charles, le directeur des Communications de la Division de l\u2019Afrique du Sud et de l\u2019Oc\u00e9an Indien des Adventistes du Septi\u00e8me Jour a publi\u00e9 la d\u00e9claration suivante en r\u00e9action aux attaques perp\u00e9tu\u00e9es actuellement contre les nationaux \u00e9trangers qui vivent en Afrique du Sud\u00a0:<\/p>\n<p>L\u2019\u00c9glise Adventiste de la r\u00e9gion de l\u2019Afrique du Sud et de l\u2019Oc\u00e9an Indien est indign\u00e9e par les r\u00e9centes attaques x\u00e9nophobes actuellement perp\u00e9tr\u00e9es contre les nationaux d\u2019origines \u00e9trang\u00e8res en Afrique du Sud. Il n\u2019y a aucune raison l\u00e9gitime pour justifier la violence insens\u00e9e et le pr\u00e9judice qui jettent l\u2019opprobre sur une nouvelle Afrique du Sud d\u00e9mocratique libre. Adopter la vraie libert\u00e9 signifie renoncer \u00e0 l\u2019esprit de domination, d\u2019abus ou de violence contre les gens. Sans r\u00e9serve, notre direction et presque 3,5 millions de membres Adventistes condamnent tous ces actes irrationnels et horribles de violence et de haine qui ont aussi touch\u00e9 des membres de notre \u00e9glise.<\/p>\n<p>Le pr\u00e9sident de la F\u00e9d\u00e9ration de l\u2019Union de l\u2019Afrique du Sud, Tankiso Letseli, a fait la d\u00e9claration suivante\u00a0: \u00ab\u00a0L\u2019\u00c9glise Adventiste du Septi\u00e8me Jour en Afrique du Sud a mobilis\u00e9 Agence de D\u00e9veloppement et de l\u2019Aide Humanitaire et \u00ab\u00a0Meals on Wheels Community Service\u00a0\u00bb (MOWCS) Afrique du Sud pour montrer son soutien.\u00a0\u00bb Nous avons identifi\u00e9 des personnes qui ont \u00e9t\u00e9 d\u00e9plac\u00e9es \u00e0 cause de la violence x\u00e9nophobe. En ce moment, MOWCS Afrique du Sud, alli\u00e9 au bureau r\u00e9gional de MOWCS de la F\u00e9d\u00e9ration de l\u2019\u00e9tat libre de Kwazulu-Natal (KNFC), est sur le terrain fournissant des vivres et d\u2019autres aides \u00e0 pas moins de 1500 personnes quotidiennement dans la r\u00e9gion de Durban. Nous fournissons actuellement des repas cuisin\u00e9s dans les r\u00e9gions de Chatsworth et Chesterville. Pasteur C M Nhlapo, Pr\u00e9sident de la F\u00e9d\u00e9ration de l\u2019\u00e9tat libre de Kwazulu-Natal, avec son \u00e9quipe travaillent avec le MOWCS KNFC pour aller dans les r\u00e9gions concern\u00e9es pour de plus amples interventions. La direction de la F\u00e9d\u00e9ration Trans-Orange de l\u2019\u00c9glise, avec le pasteur Mpho Rantsoabe, ont identifi\u00e9 \u00ab des points sensibles\u00a0\u00bb dans la r\u00e9gion de Johannesburg afin de r\u00e9agir et d\u2019intervenir. \u00a0Nous essayons aussi de mobiliser le soutien de ADRA International \u00e0 travers l\u2019Office r\u00e9gional d\u2019ADRA Afrique, afin que nous augmenter notre port\u00e9e d\u2019atteinte.\u00a0\u00bb<\/p>\n<p>Une crise inhumaine de cette envergure affecte l\u2019\u00e9glise mondiale et la communaut\u00e9 internationale. Toutes les \u00e9glises adventistes locales sont invit\u00e9es \u00e0 intensifier leurs efforts avec ADRA Afrique du Sud et MOWCS Afrique du Sud, le gouvernement et d\u2019autres organisations chr\u00e9tiennes pour soulager la souffrance cons\u00e9cutive \u00e0 ces actes de violence malveillants.<\/p>\n<p>Nous appelons aussi\u00a0 tous ceux qui sont concern\u00e9s \u00e0 coop\u00e9rer avec les agences gouvernementales comme la police et le d\u00e9partement des Affaires Int\u00e9rieures afin que les auteurs de violence soient traduits en justice.<\/p>\n<p>Nous sommes tous, sans exception, ind\u00e9pendamment de notre nationalit\u00e9, notre couleur ou notre religion, faits \u00e0 l\u2019image de Dieu (Colossiens 1\u00a0:15) et prenons le probl\u00e8me de la dignit\u00e9 humaine tr\u00e8s s\u00e9rieusement. Ceci nous contraint \u00e0 nous traiter en fr\u00e8res et s\u0153urs et la blessure de l\u2019un nous affecte tous. La structure de la soci\u00e9t\u00e9 de l\u2019Afrique du Sud est diverse et dynamique et doit \u00eatre pr\u00e9serv\u00e9e \u00e0 tout prix sans violence ou sang vers\u00e9. La dignit\u00e9 humaine \u00e9l\u00e8ve chaque personne que nous rencontrons au statut de quelqu\u2019un d\u2019une valeur infinie, une personne qui doit \u00eatre respect\u00e9e, aim\u00e9e et honor\u00e9e.<\/p>\n<p>La Bible commande et nous explique la mani\u00e8re dont nous devrions nous traiter mutuellement. \u00ab\u00a0Quand Un \u00e9tranger s\u00e9journera parmi vous, dans votre paie, vous ne l&rsquo;opprimerez pas.\u00a0L&rsquo;\u00e9tranger qui s\u00e9journe parmi vous, vous sera comme celui qui est n\u00e9 parmi vous, et tu l&rsquo;aimeras comme toi-m\u00eame\u00a0\u00bb L\u00e9v\u00e9tique 19\u00a0:33,34<\/p>\n<p>Que Dieu nous aide \u00e0 renoncer \u00e0 toutes formes de violence, de coercition et de violations des consciences et de l\u2019int\u00e9grit\u00e9 physique et \u00e9motionnelle des gens. Puisse t-Il nous doter de la force n\u00e9cessaire pour accepter la paix dans toutes ses dimensions. Puisse t-Il nous donner la d\u00e9termination de d\u00e9fendre la dignit\u00e9 de tous. Puisse t-Il aussi cr\u00e9er en nous la volont\u00e9 et la passion de travailler pour la libert\u00e9 de tous, jusqu\u2019\u00e0 ce que Celui qui doit revenir, revienne.<\/p>\n<p>Traduction\u00a0: Carole et Charles SAINT-LOUIS<\/p>\n","protected":false},"excerpt":{"rendered":"<p>Paul Charles, le directeur des Communications de la Division de l\u2019Afrique du Sud et de l\u2019Oc\u00e9an Indien des Adventistes du Septi\u00e8me Jour a publi\u00e9 la d\u00e9claration suivante en r\u00e9action aux attaques perp\u00e9tu\u00e9es actuellement contre les nationaux \u00e9trangers qui vivent en Afrique du Sud :  L\u2019\u00c9glise Adventiste de la r\u00e9gion de l\u2019Afrique du Sud et de l\u2019Oc\u00e9an Indien est indign\u00e9e par les r\u00e9centes attaques x\u00e9nophobes actuellement perp\u00e9tr\u00e9es contre les nationaux d\u2019origines \u00e9trang\u00e8res en Afrique du Sud. <\/p>\n<p>Il n\u2019y a aucune raison l\u00e9gitime pour justifier la violence insens\u00e9e et le pr\u00e9judice qui jettent l\u2019opprobre sur une nouvelle Afrique du Sud d\u00e9mocratique libre.<\/p>\n","protected":false},"author":1,"featured_media":25066,"comment_status":"closed","ping_status":"closed","sticky":false,"template":"","format":"standard","meta":{"_acf_changed":false,"footnotes":""},"categories":[18,19],"tags":[],"class_list":["post-32247","post","type-post","status-publish","format-standard","has-post-thumbnail","hentry","category-nouvelles-de-leglise-mondiale","category-rss-francais"],"acf":[],"yoast_head":"<!-- This site is optimized with the Yoast SEO plugin v27.3 - https:\/\/yoast.com\/product\/yoast-seo-wordpress\/ -->\n<title>L\u2019\u00e9glise adventiste en Afrique du Sud r\u00e9agit \u00e0 des attaques x\u00e9nophobes - \u00c9glise Adventiste Du Septieme Jour - Inter Am\u00e9rique Division<\/title>\n<meta name=\"robots\" content=\"index, follow, max-snippet:-1, max-image-preview:large, max-video-preview:-1\" \/>\n<link rel=\"canonical\" href=\"https:\/\/interamerica.org\/fr\/2015\/04\/leglise-adventiste-en-afrique-du-sud-reagit-a-des-attaques-xenophobes\/\" \/>\n<meta property=\"og:locale\" content=\"fr_FR\" \/>\n<meta property=\"og:type\" content=\"article\" \/>\n<meta property=\"og:title\" content=\"L\u2019\u00e9glise adventiste en Afrique du Sud r\u00e9agit \u00e0 des attaques x\u00e9nophobes - \u00c9glise Adventiste Du Septieme Jour - Inter Am\u00e9rique Division\" \/>\n<meta property=\"og:description\" content=\"Paul Charles, le directeur des Communications de la Division de l\u2019Afrique du Sud et de l\u2019Oc\u00e9an Indien des Adventistes du Septi\u00e8me Jour a publi\u00e9 la d\u00e9claration suivante en r\u00e9action aux attaques perp\u00e9tu\u00e9es actuellement contre les nationaux \u00e9trangers qui vivent en Afrique du Sud : L\u2019\u00c9glise Adventiste de la r\u00e9gion de l\u2019Afrique du Sud et de l\u2019Oc\u00e9an Indien est indign\u00e9e par les r\u00e9centes attaques x\u00e9nophobes actuellement perp\u00e9tr\u00e9es contre les nationaux d\u2019origines \u00e9trang\u00e8res en Afrique du Sud.  Il n\u2019y a aucune raison l\u00e9gitime pour justifier la violence insens\u00e9e et le pr\u00e9judice qui jettent l\u2019opprobre sur une nouvelle Afrique du Sud d\u00e9mocratique libre.\" \/>\n<meta property=\"og:url\" content=\"https:\/\/interamerica.org\/fr\/2015\/04\/leglise-adventiste-en-afrique-du-sud-reagit-a-des-attaques-xenophobes\/\" \/>\n<meta property=\"og:site_name\" content=\"\u00c9glise Adventiste Du Septieme Jour - Inter Am\u00e9rique Division\" \/>\n<meta property=\"article:published_time\" content=\"2015-04-21T04:00:00+00:00\" \/>\n<meta property=\"og:image\" content=\"https:\/\/interamerica.org\/wp-content\/uploads\/2017\/06\/csm_South_Africa_aee87f157d.jpg\" \/>\n\t<meta property=\"og:image:width\" content=\"400\" \/>\n\t<meta property=\"og:image:height\" content=\"311\" \/>\n\t<meta property=\"og:image:type\" content=\"image\/jpeg\" \/>\n<meta name=\"author\" content=\"Lorenzo Verduzco\" \/>\n<meta name=\"twitter:card\" content=\"summary_large_image\" \/>\n<meta name=\"twitter:label1\" content=\"\u00c9crit par\" \/>\n\t<meta name=\"twitter:data1\" content=\"Lorenzo Verduzco\" \/>\n\t<meta name=\"twitter:label2\" content=\"Dur\u00e9e de lecture estim\u00e9e\" \/>\n\t<meta name=\"twitter:data2\" content=\"4 minutes\" \/>\n<script type=\"application\/ld+json\" class=\"yoast-schema-graph\">{\"@context\":\"https:\\\/\\\/schema.org\",\"@graph\":[{\"@type\":\"Article\",\"@id\":\"https:\\\/\\\/interamerica.org\\\/fr\\\/2015\\\/04\\\/leglise-adventiste-en-afrique-du-sud-reagit-a-des-attaques-xenophobes\\\/#article\",\"isPartOf\":{\"@id\":\"https:\\\/\\\/interamerica.org\\\/fr\\\/2015\\\/04\\\/leglise-adventiste-en-afrique-du-sud-reagit-a-des-attaques-xenophobes\\\/\"},\"author\":{\"name\":\"Lorenzo Verduzco\",\"@id\":\"https:\\\/\\\/interamerica.org\\\/fr\\\/#\\\/schema\\\/person\\\/68ede8bdc292885bb76c1e3810e73c39\"},\"headline\":\"L\u2019\u00e9glise adventiste en Afrique du Sud r\u00e9agit \u00e0 des attaques x\u00e9nophobes\",\"datePublished\":\"2015-04-21T04:00:00+00:00\",\"mainEntityOfPage\":{\"@id\":\"https:\\\/\\\/interamerica.org\\\/fr\\\/2015\\\/04\\\/leglise-adventiste-en-afrique-du-sud-reagit-a-des-attaques-xenophobes\\\/\"},\"wordCount\":799,\"image\":{\"@id\":\"https:\\\/\\\/interamerica.org\\\/fr\\\/2015\\\/04\\\/leglise-adventiste-en-afrique-du-sud-reagit-a-des-attaques-xenophobes\\\/#primaryimage\"},\"thumbnailUrl\":\"https:\\\/\\\/interamerica.org\\\/wp-content\\\/uploads\\\/2017\\\/06\\\/csm_South_Africa_aee87f157d.jpg\",\"articleSection\":[\"Nouvelles de l'\u00c9glise mondiale\",\"RSS Fran\u00e7ais\"],\"inLanguage\":\"fr-FR\"},{\"@type\":\"WebPage\",\"@id\":\"https:\\\/\\\/interamerica.org\\\/fr\\\/2015\\\/04\\\/leglise-adventiste-en-afrique-du-sud-reagit-a-des-attaques-xenophobes\\\/\",\"url\":\"https:\\\/\\\/interamerica.org\\\/fr\\\/2015\\\/04\\\/leglise-adventiste-en-afrique-du-sud-reagit-a-des-attaques-xenophobes\\\/\",\"name\":\"L\u2019\u00e9glise adventiste en Afrique du Sud r\u00e9agit \u00e0 des attaques x\u00e9nophobes - \u00c9glise Adventiste Du Septieme Jour - Inter Am\u00e9rique Division\",\"isPartOf\":{\"@id\":\"https:\\\/\\\/interamerica.org\\\/fr\\\/#website\"},\"primaryImageOfPage\":{\"@id\":\"https:\\\/\\\/interamerica.org\\\/fr\\\/2015\\\/04\\\/leglise-adventiste-en-afrique-du-sud-reagit-a-des-attaques-xenophobes\\\/#primaryimage\"},\"image\":{\"@id\":\"https:\\\/\\\/interamerica.org\\\/fr\\\/2015\\\/04\\\/leglise-adventiste-en-afrique-du-sud-reagit-a-des-attaques-xenophobes\\\/#primaryimage\"},\"thumbnailUrl\":\"https:\\\/\\\/interamerica.org\\\/wp-content\\\/uploads\\\/2017\\\/06\\\/csm_South_Africa_aee87f157d.jpg\",\"datePublished\":\"2015-04-21T04:00:00+00:00\",\"author\":{\"@id\":\"https:\\\/\\\/interamerica.org\\\/fr\\\/#\\\/schema\\\/person\\\/68ede8bdc292885bb76c1e3810e73c39\"},\"breadcrumb\":{\"@id\":\"https:\\\/\\\/interamerica.org\\\/fr\\\/2015\\\/04\\\/leglise-adventiste-en-afrique-du-sud-reagit-a-des-attaques-xenophobes\\\/#breadcrumb\"},\"inLanguage\":\"fr-FR\",\"potentialAction\":[{\"@type\":\"ReadAction\",\"target\":[\"https:\\\/\\\/interamerica.org\\\/fr\\\/2015\\\/04\\\/leglise-adventiste-en-afrique-du-sud-reagit-a-des-attaques-xenophobes\\\/\"]}]},{\"@type\":\"ImageObject\",\"inLanguage\":\"fr-FR\",\"@id\":\"https:\\\/\\\/interamerica.org\\\/fr\\\/2015\\\/04\\\/leglise-adventiste-en-afrique-du-sud-reagit-a-des-attaques-xenophobes\\\/#primaryimage\",\"url\":\"https:\\\/\\\/interamerica.org\\\/wp-content\\\/uploads\\\/2017\\\/06\\\/csm_South_Africa_aee87f157d.jpg\",\"contentUrl\":\"https:\\\/\\\/interamerica.org\\\/wp-content\\\/uploads\\\/2017\\\/06\\\/csm_South_Africa_aee87f157d.jpg\",\"width\":400,\"height\":311},{\"@type\":\"BreadcrumbList\",\"@id\":\"https:\\\/\\\/interamerica.org\\\/fr\\\/2015\\\/04\\\/leglise-adventiste-en-afrique-du-sud-reagit-a-des-attaques-xenophobes\\\/#breadcrumb\",\"itemListElement\":[{\"@type\":\"ListItem\",\"position\":1,\"name\":\"Home\",\"item\":\"https:\\\/\\\/interamerica.org\\\/fr\\\/\"},{\"@type\":\"ListItem\",\"position\":2,\"name\":\"L\u2019\u00e9glise adventiste en Afrique du Sud r\u00e9agit \u00e0 des attaques x\u00e9nophobes\"}]},{\"@type\":\"WebSite\",\"@id\":\"https:\\\/\\\/interamerica.org\\\/fr\\\/#website\",\"url\":\"https:\\\/\\\/interamerica.org\\\/fr\\\/\",\"name\":\"\u00c9glise Adventiste Du Septieme Jour - Inter Am\u00e9rique Division\",\"description\":\"\",\"potentialAction\":[{\"@type\":\"SearchAction\",\"target\":{\"@type\":\"EntryPoint\",\"urlTemplate\":\"https:\\\/\\\/interamerica.org\\\/fr\\\/?s={search_term_string}\"},\"query-input\":{\"@type\":\"PropertyValueSpecification\",\"valueRequired\":true,\"valueName\":\"search_term_string\"}}],\"inLanguage\":\"fr-FR\"},{\"@type\":\"Person\",\"@id\":\"https:\\\/\\\/interamerica.org\\\/fr\\\/#\\\/schema\\\/person\\\/68ede8bdc292885bb76c1e3810e73c39\",\"name\":\"Lorenzo Verduzco\",\"image\":{\"@type\":\"ImageObject\",\"inLanguage\":\"fr-FR\",\"@id\":\"https:\\\/\\\/secure.gravatar.com\\\/avatar\\\/fb81a55b6218459490a9c1dc841a34909185b81904c5337b4b27f7a6fd60c49e?s=96&d=mm&r=g\",\"url\":\"https:\\\/\\\/secure.gravatar.com\\\/avatar\\\/fb81a55b6218459490a9c1dc841a34909185b81904c5337b4b27f7a6fd60c49e?s=96&d=mm&r=g\",\"contentUrl\":\"https:\\\/\\\/secure.gravatar.com\\\/avatar\\\/fb81a55b6218459490a9c1dc841a34909185b81904c5337b4b27f7a6fd60c49e?s=96&d=mm&r=g\",\"caption\":\"Lorenzo Verduzco\"}}]}<\/script>\n<!-- \/ Yoast SEO plugin. -->","yoast_head_json":{"title":"L\u2019\u00e9glise adventiste en Afrique du Sud r\u00e9agit \u00e0 des attaques x\u00e9nophobes - \u00c9glise Adventiste Du Septieme Jour - Inter Am\u00e9rique Division","robots":{"index":"index","follow":"follow","max-snippet":"max-snippet:-1","max-image-preview":"max-image-preview:large","max-video-preview":"max-video-preview:-1"},"canonical":"https:\/\/interamerica.org\/fr\/2015\/04\/leglise-adventiste-en-afrique-du-sud-reagit-a-des-attaques-xenophobes\/","og_locale":"fr_FR","og_type":"article","og_title":"L\u2019\u00e9glise adventiste en Afrique du Sud r\u00e9agit \u00e0 des attaques x\u00e9nophobes - \u00c9glise Adventiste Du Septieme Jour - Inter Am\u00e9rique Division","og_description":"Paul Charles, le directeur des Communications de la Division de l\u2019Afrique du Sud et de l\u2019Oc\u00e9an Indien des Adventistes du Septi\u00e8me Jour a publi\u00e9 la d\u00e9claration suivante en r\u00e9action aux attaques perp\u00e9tu\u00e9es actuellement contre les nationaux \u00e9trangers qui vivent en Afrique du Sud : L\u2019\u00c9glise Adventiste de la r\u00e9gion de l\u2019Afrique du Sud et de l\u2019Oc\u00e9an Indien est indign\u00e9e par les r\u00e9centes attaques x\u00e9nophobes actuellement perp\u00e9tr\u00e9es contre les nationaux d\u2019origines \u00e9trang\u00e8res en Afrique du Sud.  Il n\u2019y a aucune raison l\u00e9gitime pour justifier la violence insens\u00e9e et le pr\u00e9judice qui jettent l\u2019opprobre sur une nouvelle Afrique du Sud d\u00e9mocratique libre.","og_url":"https:\/\/interamerica.org\/fr\/2015\/04\/leglise-adventiste-en-afrique-du-sud-reagit-a-des-attaques-xenophobes\/","og_site_name":"\u00c9glise Adventiste Du Septieme Jour - Inter Am\u00e9rique Division","article_published_time":"2015-04-21T04:00:00+00:00","og_image":[{"width":400,"height":311,"url":"https:\/\/interamerica.org\/wp-content\/uploads\/2017\/06\/csm_South_Africa_aee87f157d.jpg","type":"image\/jpeg"}],"author":"Lorenzo Verduzco","twitter_card":"summary_large_image","twitter_misc":{"\u00c9crit par":"Lorenzo Verduzco","Dur\u00e9e de lecture estim\u00e9e":"4 minutes"},"schema":{"@context":"https:\/\/schema.org","@graph":[{"@type":"Article","@id":"https:\/\/interamerica.org\/fr\/2015\/04\/leglise-adventiste-en-afrique-du-sud-reagit-a-des-attaques-xenophobes\/#article","isPartOf":{"@id":"https:\/\/interamerica.org\/fr\/2015\/04\/leglise-adventiste-en-afrique-du-sud-reagit-a-des-attaques-xenophobes\/"},"author":{"name":"Lorenzo Verduzco","@id":"https:\/\/interamerica.org\/fr\/#\/schema\/person\/68ede8bdc292885bb76c1e3810e73c39"},"headline":"L\u2019\u00e9glise adventiste en Afrique du Sud r\u00e9agit \u00e0 des attaques x\u00e9nophobes","datePublished":"2015-04-21T04:00:00+00:00","mainEntityOfPage":{"@id":"https:\/\/interamerica.org\/fr\/2015\/04\/leglise-adventiste-en-afrique-du-sud-reagit-a-des-attaques-xenophobes\/"},"wordCount":799,"image":{"@id":"https:\/\/interamerica.org\/fr\/2015\/04\/leglise-adventiste-en-afrique-du-sud-reagit-a-des-attaques-xenophobes\/#primaryimage"},"thumbnailUrl":"https:\/\/interamerica.org\/wp-content\/uploads\/2017\/06\/csm_South_Africa_aee87f157d.jpg","articleSection":["Nouvelles de l'\u00c9glise mondiale","RSS Fran\u00e7ais"],"inLanguage":"fr-FR"},{"@type":"WebPage","@id":"https:\/\/interamerica.org\/fr\/2015\/04\/leglise-adventiste-en-afrique-du-sud-reagit-a-des-attaques-xenophobes\/","url":"https:\/\/interamerica.org\/fr\/2015\/04\/leglise-adventiste-en-afrique-du-sud-reagit-a-des-attaques-xenophobes\/","name":"L\u2019\u00e9glise adventiste en Afrique du Sud r\u00e9agit \u00e0 des attaques x\u00e9nophobes - \u00c9glise Adventiste Du Septieme Jour - Inter Am\u00e9rique Division","isPartOf":{"@id":"https:\/\/interamerica.org\/fr\/#website"},"primaryImageOfPage":{"@id":"https:\/\/interamerica.org\/fr\/2015\/04\/leglise-adventiste-en-afrique-du-sud-reagit-a-des-attaques-xenophobes\/#primaryimage"},"image":{"@id":"https:\/\/interamerica.org\/fr\/2015\/04\/leglise-adventiste-en-afrique-du-sud-reagit-a-des-attaques-xenophobes\/#primaryimage"},"thumbnailUrl":"https:\/\/interamerica.org\/wp-content\/uploads\/2017\/06\/csm_South_Africa_aee87f157d.jpg","datePublished":"2015-04-21T04:00:00+00:00","author":{"@id":"https:\/\/interamerica.org\/fr\/#\/schema\/person\/68ede8bdc292885bb76c1e3810e73c39"},"breadcrumb":{"@id":"https:\/\/interamerica.org\/fr\/2015\/04\/leglise-adventiste-en-afrique-du-sud-reagit-a-des-attaques-xenophobes\/#breadcrumb"},"inLanguage":"fr-FR","potentialAction":[{"@type":"ReadAction","target":["https:\/\/interamerica.org\/fr\/2015\/04\/leglise-adventiste-en-afrique-du-sud-reagit-a-des-attaques-xenophobes\/"]}]},{"@type":"ImageObject","inLanguage":"fr-FR","@id":"https:\/\/interamerica.org\/fr\/2015\/04\/leglise-adventiste-en-afrique-du-sud-reagit-a-des-attaques-xenophobes\/#primaryimage","url":"https:\/\/interamerica.org\/wp-content\/uploads\/2017\/06\/csm_South_Africa_aee87f157d.jpg","contentUrl":"https:\/\/interamerica.org\/wp-content\/uploads\/2017\/06\/csm_South_Africa_aee87f157d.jpg","width":400,"height":311},{"@type":"BreadcrumbList","@id":"https:\/\/interamerica.org\/fr\/2015\/04\/leglise-adventiste-en-afrique-du-sud-reagit-a-des-attaques-xenophobes\/#breadcrumb","itemListElement":[{"@type":"ListItem","position":1,"name":"Home","item":"https:\/\/interamerica.org\/fr\/"},{"@type":"ListItem","position":2,"name":"L\u2019\u00e9glise adventiste en Afrique du Sud r\u00e9agit \u00e0 des attaques x\u00e9nophobes"}]},{"@type":"WebSite","@id":"https:\/\/interamerica.org\/fr\/#website","url":"https:\/\/interamerica.org\/fr\/","name":"\u00c9glise Adventiste Du Septieme Jour - Inter Am\u00e9rique Division","description":"","potentialAction":[{"@type":"SearchAction","target":{"@type":"EntryPoint","urlTemplate":"https:\/\/interamerica.org\/fr\/?s={search_term_string}"},"query-input":{"@type":"PropertyValueSpecification","valueRequired":true,"valueName":"search_term_string"}}],"inLanguage":"fr-FR"},{"@type":"Person","@id":"https:\/\/interamerica.org\/fr\/#\/schema\/person\/68ede8bdc292885bb76c1e3810e73c39","name":"Lorenzo Verduzco","image":{"@type":"ImageObject","inLanguage":"fr-FR","@id":"https:\/\/secure.gravatar.com\/avatar\/fb81a55b6218459490a9c1dc841a34909185b81904c5337b4b27f7a6fd60c49e?s=96&d=mm&r=g","url":"https:\/\/secure.gravatar.com\/avatar\/fb81a55b6218459490a9c1dc841a34909185b81904c5337b4b27f7a6fd60c49e?s=96&d=mm&r=g","contentUrl":"https:\/\/secure.gravatar.com\/avatar\/fb81a55b6218459490a9c1dc841a34909185b81904c5337b4b27f7a6fd60c49e?s=96&d=mm&r=g","caption":"Lorenzo Verduzco"}}]}},"_links":{"self":[{"href":"https:\/\/interamerica.org\/fr\/wp-json\/wp\/v2\/posts\/32247","targetHints":{"allow":["GET"]}}],"collection":[{"href":"https:\/\/interamerica.org\/fr\/wp-json\/wp\/v2\/posts"}],"about":[{"href":"https:\/\/interamerica.org\/fr\/wp-json\/wp\/v2\/types\/post"}],"author":[{"embeddable":true,"href":"https:\/\/interamerica.org\/fr\/wp-json\/wp\/v2\/users\/1"}],"replies":[{"embeddable":true,"href":"https:\/\/interamerica.org\/fr\/wp-json\/wp\/v2\/comments?post=32247"}],"version-history":[{"count":0,"href":"https:\/\/interamerica.org\/fr\/wp-json\/wp\/v2\/posts\/32247\/revisions"}],"wp:featuredmedia":[{"embeddable":true,"href":"https:\/\/interamerica.org\/fr\/wp-json\/wp\/v2\/media\/25066"}],"wp:attachment":[{"href":"https:\/\/interamerica.org\/fr\/wp-json\/wp\/v2\/media?parent=32247"}],"wp:term":[{"taxonomy":"category","embeddable":true,"href":"https:\/\/interamerica.org\/fr\/wp-json\/wp\/v2\/categories?post=32247"},{"taxonomy":"post_tag","embeddable":true,"href":"https:\/\/interamerica.org\/fr\/wp-json\/wp\/v2\/tags?post=32247"}],"curies":[{"name":"wp","href":"https:\/\/api.w.org\/{rel}","templated":true}]}}