{"id":32248,"date":"2015-04-24T00:00:00","date_gmt":"2015-04-24T04:00:00","guid":{"rendered":"http:\/\/192.81.217.108\/interamerica\/2015\/04\/un-chercheur-biblique-celebre-son-70eme-anniversaire-avec-un-livre\/"},"modified":"2015-04-24T00:00:00","modified_gmt":"2015-04-24T04:00:00","slug":"un-chercheur-biblique-celebre-son-70eme-anniversaire-avec-un-livre","status":"publish","type":"post","link":"https:\/\/interamerica.org\/fr\/2015\/04\/un-chercheur-biblique-celebre-son-70eme-anniversaire-avec-un-livre\/","title":{"rendered":"Un chercheur biblique c\u00e9l\u00e8bre son 70\u00e8me anniversaire avec un livre"},"content":{"rendered":"<div id=\"attachment_16540\" style=\"width: 710px\" class=\"wp-caption aligncenter\"><a href=\"\/interamerica\/wp-content\/uploads\/2017\/06\/rsz_img_09181.jpg\" rel=\"fancybox\" title=\"Un chercheur biblique c\u00e9l\u00e8bre son 70\u00e8me anniversaire avec un livre\"><img fetchpriority=\"high\" decoding=\"async\" aria-describedby=\"caption-attachment-16540\" class=\" wp-image-16540 \" src=\"\/interamerica\/wp-content\/uploads\/2017\/06\/rsz_img_09181.jpg\" alt=\"\" width=\"700\" height=\"352\" \/><\/a><p id=\"caption-attachment-16540\" class=\"wp-caption-text\">Angel Manuel Rodriguez, les yeux en haut, partageant un moment de joie lors de la pr\u00e9sentation du livre alors que Gerhard Pfandl, \u00e0 droite, observe. Image de Myron Iseminger.<\/p><\/div>\n<p>24 Avril 2015 \u2013 Silver Spring, Maryland, Etats Unis \u2013 Adventist Review<\/p>\n<div id=\"attachment_16542\" style=\"width: 247px\" class=\"wp-caption alignright\"><a href=\"\/interamerica\/wp-content\/uploads\/2017\/06\/Screen-Shot-2015-04-26-at-2.30.59-PM.png\" rel=\"fancybox\" title=\"Un chercheur biblique c\u00e9l\u00e8bre son 70\u00e8me anniversaire avec un livre\"><img decoding=\"async\" aria-describedby=\"caption-attachment-16542\" class=\" wp-image-16542 \" src=\"\/interamerica\/wp-content\/uploads\/2017\/06\/Screen-Shot-2015-04-26-at-2.30.59-PM.png\" alt=\"\" width=\"237\" height=\"372\" \/><\/a><p id=\"caption-attachment-16542\" class=\"wp-caption-text\">La couverture du livre offert \u00e0 Manuel Rodriguez<\/p><\/div>\n<p>Beaucoup de personnes marquent leur 70\u00e8me anniversaire avec des fleurs, un g\u00e2teau et une carte. Les chercheurs c\u00e9l\u00e8brent en publiant un livre.<\/p>\n<p>Les leaders de l\u2019\u00e9glise ainsi que des coll\u00e8gues ont honor\u00e9 Angel Manuel Rodriguez, ancien directeur de l\u2019Institut de Recherche Biblique, \u00e0 l\u2019occasion de son 70\u00e8me anniversaire, le 20 avril, avec la publication d\u2019un volume d\u2019essais intitul\u00e9 : La Grande Controverse et la Fin du Mal.<\/p>\n<p>Gerhard Pfandl, \u00e9diteur de l\u2019ouvrage et ancien directeur adjoint de l\u2019Institut de Recherche Biblique, a offert une copie du livre \u00e0 Angel Manuel Rodriguez lors d\u2019une rencontre du comit\u00e9 de l\u2019Institut de Recherche Biblique \u00e0 l\u2019Universit\u00e9 de Loma Linda.<\/p>\n<p>\u00ab L\u2019\u00e9v\u00e8nement a \u00e9t\u00e9 c\u00e9l\u00e9br\u00e9 comme il se doit en se rem\u00e9morant les bont\u00e9s de Dieu dans la vie de l\u2019un de ses serviteurs, \u00bb a dit Gerald A. Klingbeil, \u00e9diteur adjoint d\u2019Adventist Review (Revue Adventiste), pr\u00e9sent \u00e0 cette rencontre, et l\u2019un des contributeurs ayant r\u00e9dig\u00e9 un chapitre du livre. \u00ab Nous avons aussi mang\u00e9 ensemble des glaces, une des douceurs pr\u00e9f\u00e9r\u00e9es de Dr Rodriguez, et rappel\u00e9 \u00e0 chacun que le meilleur est \u00e0 venir. \u00bb<\/p>\n<p>Le pr\u00e9sident de la Conf\u00e9rence G\u00e9n\u00e9rale, Ted N.C. Wilson et le directeur de l\u2019Institut de Recherche Biblique, Artur Stele, se sont joints d\u2019autres pour remercier Angel Manuel Rodriguez pour sa longue carri\u00e8re en tant que pasteur, enseignant, pr\u00e9sident d\u2019universit\u00e9 et finalement, directeur de l\u2019institut.<\/p>\n<p>Angel Manuel Rodriguez a pris sa retraite de l\u2019institut en 2010.<\/p>\n<p>Les chercheurs, mieux connus pour leur rigueur acad\u00e9mique que pour leur facult\u00e9 de s\u2019amuser, ont pris part \u00e0 un moment plus l\u00e9ger en posant pour une photo de groupe. Myron Iseminger, sous-secr\u00e9taire \u00e0 la Conf\u00e9rence G\u00e9n\u00e9rale, a pris une photo o\u00f9 Tim Shepherd, professeur de Nouveau Testament au S\u00e9minaire Th\u00e9ologique Adventiste du Septi\u00e8me Jour, taquine Angel Rodriguez en faisant les oreilles de lapin sous les rires amus\u00e9s des membres du groupe.<\/p>\n<p>Le nouveau livre reli\u00e9 contient 27 chapitres \u00e9crits par des coll\u00e8gues et amis et couvre trois centres d\u2019int\u00e9r\u00eat majeurs du domaine de recherche de Manuel Rodriguez : la th\u00e9odic\u00e9e et la grande controverse ; le sanctuaire et le salut, et enfin l\u2019eschatologie.<\/p>\n<p>Le livre, dont le titre complet est : La Grande Controverse et la Fin du mal : Etudes Bibliques et Th\u00e9ologiques en l\u2019Honneur d\u2019Angel Manuel Rodriguez en C\u00e9l\u00e9bration de son Soixante-Dixi\u00e8me Anniversaire, est <a href=\"http:\/\/www.adventistbiblicalresearch.org\/search\/site\/The%20Great%20Controversy%20and%20the%20End%20of%20Evil\">disponible sur le site web de l\u2019Institut de Recherche Biblique<\/a>. Son prix de vente est de 11,99 dollars jusqu\u2019en juillet, un prix promotionnel par rapport au prix r\u00e9gulier de 19,99 dollars.<\/p>\n<div id=\"attachment_16541\" style=\"width: 610px\" class=\"wp-caption aligncenter\"><a href=\"\/interamerica\/wp-content\/uploads\/2017\/06\/rsz_1img_09231.jpg\" rel=\"fancybox\" title=\"Un chercheur biblique c\u00e9l\u00e8bre son 70\u00e8me anniversaire avec un livre\"><img decoding=\"async\" aria-describedby=\"caption-attachment-16541\" class=\" wp-image-16541 \" src=\"\/interamerica\/wp-content\/uploads\/2017\/06\/rsz_1img_09231.jpg\" alt=\"\" width=\"600\" height=\"345\" \/><\/a><p id=\"caption-attachment-16541\" class=\"wp-caption-text\">Une photo d\u2019anniversaire officielle de la rencontre de l\u2019Institut de Recherche Biblique qui s\u2019est tenue \u00e0 l\u2019Universit\u00e9 De Loma Linda le 20 avril 2015. Image de Myron Iseminger.<\/p><\/div>\n<p>Traduction: Patrick Luciathe<\/p>\n","protected":false},"excerpt":{"rendered":"<p>Beaucoup de personnes marquent leur 70\u00e8me anniversaire avec des fleurs, un g\u00e2teau et une carte. Les chercheurs c\u00e9l\u00e8brent en publiant un livre.  <\/p>\n<p>Les leaders de l\u2019\u00e9glise ainsi que des coll\u00e8gues ont honor\u00e9 Angel Manuel Rodriguez, ancien directeur de l\u2019Institut de Recherche Biblique, \u00e0 l\u2019occasion de son 70\u00e8me anniversaire, le 20 avril, avec la publication d\u2019un volume d\u2019essais intitul\u00e9 : La Grande Controverse et la Fin du Mal.<\/p>\n","protected":false},"author":1,"featured_media":25107,"comment_status":"closed","ping_status":"closed","sticky":false,"template":"","format":"standard","meta":{"_acf_changed":false,"footnotes":""},"categories":[18,19],"tags":[],"class_list":["post-32248","post","type-post","status-publish","format-standard","has-post-thumbnail","hentry","category-nouvelles-de-leglise-mondiale","category-rss-francais"],"acf":[],"yoast_head":"<!-- This site is optimized with the Yoast SEO plugin v27.3 - https:\/\/yoast.com\/product\/yoast-seo-wordpress\/ -->\n<title>Un chercheur biblique c\u00e9l\u00e8bre son 70\u00e8me anniversaire avec un livre - \u00c9glise Adventiste Du Septieme Jour - Inter Am\u00e9rique Division<\/title>\n<meta name=\"robots\" content=\"index, follow, max-snippet:-1, max-image-preview:large, max-video-preview:-1\" \/>\n<link rel=\"canonical\" href=\"https:\/\/interamerica.org\/fr\/2015\/04\/un-chercheur-biblique-celebre-son-70eme-anniversaire-avec-un-livre\/\" \/>\n<meta property=\"og:locale\" content=\"fr_FR\" \/>\n<meta property=\"og:type\" content=\"article\" \/>\n<meta property=\"og:title\" content=\"Un chercheur biblique c\u00e9l\u00e8bre son 70\u00e8me anniversaire avec un livre - \u00c9glise Adventiste Du Septieme Jour - Inter Am\u00e9rique Division\" \/>\n<meta property=\"og:description\" content=\"Beaucoup de personnes marquent leur 70\u00e8me anniversaire avec des fleurs, un g\u00e2teau et une carte. Les chercheurs c\u00e9l\u00e8brent en publiant un livre.  Les leaders de l\u2019\u00e9glise ainsi que des coll\u00e8gues ont honor\u00e9 Angel Manuel Rodriguez, ancien directeur de l\u2019Institut de Recherche Biblique, \u00e0 l\u2019occasion de son 70\u00e8me anniversaire, le 20 avril, avec la publication d\u2019un volume d\u2019essais intitul\u00e9 : La Grande Controverse et la Fin du Mal.\" \/>\n<meta property=\"og:url\" content=\"https:\/\/interamerica.org\/fr\/2015\/04\/un-chercheur-biblique-celebre-son-70eme-anniversaire-avec-un-livre\/\" \/>\n<meta property=\"og:site_name\" content=\"\u00c9glise Adventiste Du Septieme Jour - Inter Am\u00e9rique Division\" \/>\n<meta property=\"article:published_time\" content=\"2015-04-24T04:00:00+00:00\" \/>\n<meta property=\"og:image\" content=\"https:\/\/interamerica.org\/wp-content\/uploads\/2017\/06\/rsz_img_09181.jpg\" \/>\n\t<meta property=\"og:image:width\" content=\"1000\" \/>\n\t<meta property=\"og:image:height\" content=\"503\" \/>\n\t<meta property=\"og:image:type\" content=\"image\/jpeg\" \/>\n<meta name=\"author\" content=\"Lorenzo Verduzco\" \/>\n<meta name=\"twitter:card\" content=\"summary_large_image\" \/>\n<meta name=\"twitter:label1\" content=\"\u00c9crit par\" \/>\n\t<meta name=\"twitter:data1\" content=\"Lorenzo Verduzco\" \/>\n\t<meta name=\"twitter:label2\" content=\"Dur\u00e9e de lecture estim\u00e9e\" \/>\n\t<meta name=\"twitter:data2\" content=\"3 minutes\" \/>\n<script type=\"application\/ld+json\" class=\"yoast-schema-graph\">{\"@context\":\"https:\\\/\\\/schema.org\",\"@graph\":[{\"@type\":\"Article\",\"@id\":\"https:\\\/\\\/interamerica.org\\\/fr\\\/2015\\\/04\\\/un-chercheur-biblique-celebre-son-70eme-anniversaire-avec-un-livre\\\/#article\",\"isPartOf\":{\"@id\":\"https:\\\/\\\/interamerica.org\\\/fr\\\/2015\\\/04\\\/un-chercheur-biblique-celebre-son-70eme-anniversaire-avec-un-livre\\\/\"},\"author\":{\"name\":\"Lorenzo Verduzco\",\"@id\":\"https:\\\/\\\/interamerica.org\\\/fr\\\/#\\\/schema\\\/person\\\/68ede8bdc292885bb76c1e3810e73c39\"},\"headline\":\"Un chercheur biblique c\u00e9l\u00e8bre son 70\u00e8me anniversaire avec un livre\",\"datePublished\":\"2015-04-24T04:00:00+00:00\",\"mainEntityOfPage\":{\"@id\":\"https:\\\/\\\/interamerica.org\\\/fr\\\/2015\\\/04\\\/un-chercheur-biblique-celebre-son-70eme-anniversaire-avec-un-livre\\\/\"},\"wordCount\":568,\"image\":{\"@id\":\"https:\\\/\\\/interamerica.org\\\/fr\\\/2015\\\/04\\\/un-chercheur-biblique-celebre-son-70eme-anniversaire-avec-un-livre\\\/#primaryimage\"},\"thumbnailUrl\":\"https:\\\/\\\/interamerica.org\\\/wp-content\\\/uploads\\\/2017\\\/06\\\/rsz_img_09181.jpg\",\"articleSection\":[\"Nouvelles de l'\u00c9glise mondiale\",\"RSS Fran\u00e7ais\"],\"inLanguage\":\"fr-FR\"},{\"@type\":\"WebPage\",\"@id\":\"https:\\\/\\\/interamerica.org\\\/fr\\\/2015\\\/04\\\/un-chercheur-biblique-celebre-son-70eme-anniversaire-avec-un-livre\\\/\",\"url\":\"https:\\\/\\\/interamerica.org\\\/fr\\\/2015\\\/04\\\/un-chercheur-biblique-celebre-son-70eme-anniversaire-avec-un-livre\\\/\",\"name\":\"Un chercheur biblique c\u00e9l\u00e8bre son 70\u00e8me anniversaire avec un livre - \u00c9glise Adventiste Du Septieme Jour - Inter Am\u00e9rique Division\",\"isPartOf\":{\"@id\":\"https:\\\/\\\/interamerica.org\\\/fr\\\/#website\"},\"primaryImageOfPage\":{\"@id\":\"https:\\\/\\\/interamerica.org\\\/fr\\\/2015\\\/04\\\/un-chercheur-biblique-celebre-son-70eme-anniversaire-avec-un-livre\\\/#primaryimage\"},\"image\":{\"@id\":\"https:\\\/\\\/interamerica.org\\\/fr\\\/2015\\\/04\\\/un-chercheur-biblique-celebre-son-70eme-anniversaire-avec-un-livre\\\/#primaryimage\"},\"thumbnailUrl\":\"https:\\\/\\\/interamerica.org\\\/wp-content\\\/uploads\\\/2017\\\/06\\\/rsz_img_09181.jpg\",\"datePublished\":\"2015-04-24T04:00:00+00:00\",\"author\":{\"@id\":\"https:\\\/\\\/interamerica.org\\\/fr\\\/#\\\/schema\\\/person\\\/68ede8bdc292885bb76c1e3810e73c39\"},\"breadcrumb\":{\"@id\":\"https:\\\/\\\/interamerica.org\\\/fr\\\/2015\\\/04\\\/un-chercheur-biblique-celebre-son-70eme-anniversaire-avec-un-livre\\\/#breadcrumb\"},\"inLanguage\":\"fr-FR\",\"potentialAction\":[{\"@type\":\"ReadAction\",\"target\":[\"https:\\\/\\\/interamerica.org\\\/fr\\\/2015\\\/04\\\/un-chercheur-biblique-celebre-son-70eme-anniversaire-avec-un-livre\\\/\"]}]},{\"@type\":\"ImageObject\",\"inLanguage\":\"fr-FR\",\"@id\":\"https:\\\/\\\/interamerica.org\\\/fr\\\/2015\\\/04\\\/un-chercheur-biblique-celebre-son-70eme-anniversaire-avec-un-livre\\\/#primaryimage\",\"url\":\"https:\\\/\\\/interamerica.org\\\/wp-content\\\/uploads\\\/2017\\\/06\\\/rsz_img_09181.jpg\",\"contentUrl\":\"https:\\\/\\\/interamerica.org\\\/wp-content\\\/uploads\\\/2017\\\/06\\\/rsz_img_09181.jpg\",\"width\":1000,\"height\":503},{\"@type\":\"BreadcrumbList\",\"@id\":\"https:\\\/\\\/interamerica.org\\\/fr\\\/2015\\\/04\\\/un-chercheur-biblique-celebre-son-70eme-anniversaire-avec-un-livre\\\/#breadcrumb\",\"itemListElement\":[{\"@type\":\"ListItem\",\"position\":1,\"name\":\"Home\",\"item\":\"https:\\\/\\\/interamerica.org\\\/fr\\\/\"},{\"@type\":\"ListItem\",\"position\":2,\"name\":\"Un chercheur biblique c\u00e9l\u00e8bre son 70\u00e8me anniversaire avec un livre\"}]},{\"@type\":\"WebSite\",\"@id\":\"https:\\\/\\\/interamerica.org\\\/fr\\\/#website\",\"url\":\"https:\\\/\\\/interamerica.org\\\/fr\\\/\",\"name\":\"\u00c9glise Adventiste Du Septieme Jour - Inter Am\u00e9rique Division\",\"description\":\"\",\"potentialAction\":[{\"@type\":\"SearchAction\",\"target\":{\"@type\":\"EntryPoint\",\"urlTemplate\":\"https:\\\/\\\/interamerica.org\\\/fr\\\/?s={search_term_string}\"},\"query-input\":{\"@type\":\"PropertyValueSpecification\",\"valueRequired\":true,\"valueName\":\"search_term_string\"}}],\"inLanguage\":\"fr-FR\"},{\"@type\":\"Person\",\"@id\":\"https:\\\/\\\/interamerica.org\\\/fr\\\/#\\\/schema\\\/person\\\/68ede8bdc292885bb76c1e3810e73c39\",\"name\":\"Lorenzo Verduzco\",\"image\":{\"@type\":\"ImageObject\",\"inLanguage\":\"fr-FR\",\"@id\":\"https:\\\/\\\/secure.gravatar.com\\\/avatar\\\/fb81a55b6218459490a9c1dc841a34909185b81904c5337b4b27f7a6fd60c49e?s=96&d=mm&r=g\",\"url\":\"https:\\\/\\\/secure.gravatar.com\\\/avatar\\\/fb81a55b6218459490a9c1dc841a34909185b81904c5337b4b27f7a6fd60c49e?s=96&d=mm&r=g\",\"contentUrl\":\"https:\\\/\\\/secure.gravatar.com\\\/avatar\\\/fb81a55b6218459490a9c1dc841a34909185b81904c5337b4b27f7a6fd60c49e?s=96&d=mm&r=g\",\"caption\":\"Lorenzo Verduzco\"}}]}<\/script>\n<!-- \/ Yoast SEO plugin. -->","yoast_head_json":{"title":"Un chercheur biblique c\u00e9l\u00e8bre son 70\u00e8me anniversaire avec un livre - \u00c9glise Adventiste Du Septieme Jour - Inter Am\u00e9rique Division","robots":{"index":"index","follow":"follow","max-snippet":"max-snippet:-1","max-image-preview":"max-image-preview:large","max-video-preview":"max-video-preview:-1"},"canonical":"https:\/\/interamerica.org\/fr\/2015\/04\/un-chercheur-biblique-celebre-son-70eme-anniversaire-avec-un-livre\/","og_locale":"fr_FR","og_type":"article","og_title":"Un chercheur biblique c\u00e9l\u00e8bre son 70\u00e8me anniversaire avec un livre - \u00c9glise Adventiste Du Septieme Jour - Inter Am\u00e9rique Division","og_description":"Beaucoup de personnes marquent leur 70\u00e8me anniversaire avec des fleurs, un g\u00e2teau et une carte. Les chercheurs c\u00e9l\u00e8brent en publiant un livre.  Les leaders de l\u2019\u00e9glise ainsi que des coll\u00e8gues ont honor\u00e9 Angel Manuel Rodriguez, ancien directeur de l\u2019Institut de Recherche Biblique, \u00e0 l\u2019occasion de son 70\u00e8me anniversaire, le 20 avril, avec la publication d\u2019un volume d\u2019essais intitul\u00e9 : La Grande Controverse et la Fin du Mal.","og_url":"https:\/\/interamerica.org\/fr\/2015\/04\/un-chercheur-biblique-celebre-son-70eme-anniversaire-avec-un-livre\/","og_site_name":"\u00c9glise Adventiste Du Septieme Jour - Inter Am\u00e9rique Division","article_published_time":"2015-04-24T04:00:00+00:00","og_image":[{"width":1000,"height":503,"url":"https:\/\/interamerica.org\/wp-content\/uploads\/2017\/06\/rsz_img_09181.jpg","type":"image\/jpeg"}],"author":"Lorenzo Verduzco","twitter_card":"summary_large_image","twitter_misc":{"\u00c9crit par":"Lorenzo Verduzco","Dur\u00e9e de lecture estim\u00e9e":"3 minutes"},"schema":{"@context":"https:\/\/schema.org","@graph":[{"@type":"Article","@id":"https:\/\/interamerica.org\/fr\/2015\/04\/un-chercheur-biblique-celebre-son-70eme-anniversaire-avec-un-livre\/#article","isPartOf":{"@id":"https:\/\/interamerica.org\/fr\/2015\/04\/un-chercheur-biblique-celebre-son-70eme-anniversaire-avec-un-livre\/"},"author":{"name":"Lorenzo Verduzco","@id":"https:\/\/interamerica.org\/fr\/#\/schema\/person\/68ede8bdc292885bb76c1e3810e73c39"},"headline":"Un chercheur biblique c\u00e9l\u00e8bre son 70\u00e8me anniversaire avec un livre","datePublished":"2015-04-24T04:00:00+00:00","mainEntityOfPage":{"@id":"https:\/\/interamerica.org\/fr\/2015\/04\/un-chercheur-biblique-celebre-son-70eme-anniversaire-avec-un-livre\/"},"wordCount":568,"image":{"@id":"https:\/\/interamerica.org\/fr\/2015\/04\/un-chercheur-biblique-celebre-son-70eme-anniversaire-avec-un-livre\/#primaryimage"},"thumbnailUrl":"https:\/\/interamerica.org\/wp-content\/uploads\/2017\/06\/rsz_img_09181.jpg","articleSection":["Nouvelles de l'\u00c9glise mondiale","RSS Fran\u00e7ais"],"inLanguage":"fr-FR"},{"@type":"WebPage","@id":"https:\/\/interamerica.org\/fr\/2015\/04\/un-chercheur-biblique-celebre-son-70eme-anniversaire-avec-un-livre\/","url":"https:\/\/interamerica.org\/fr\/2015\/04\/un-chercheur-biblique-celebre-son-70eme-anniversaire-avec-un-livre\/","name":"Un chercheur biblique c\u00e9l\u00e8bre son 70\u00e8me anniversaire avec un livre - \u00c9glise Adventiste Du Septieme Jour - Inter Am\u00e9rique Division","isPartOf":{"@id":"https:\/\/interamerica.org\/fr\/#website"},"primaryImageOfPage":{"@id":"https:\/\/interamerica.org\/fr\/2015\/04\/un-chercheur-biblique-celebre-son-70eme-anniversaire-avec-un-livre\/#primaryimage"},"image":{"@id":"https:\/\/interamerica.org\/fr\/2015\/04\/un-chercheur-biblique-celebre-son-70eme-anniversaire-avec-un-livre\/#primaryimage"},"thumbnailUrl":"https:\/\/interamerica.org\/wp-content\/uploads\/2017\/06\/rsz_img_09181.jpg","datePublished":"2015-04-24T04:00:00+00:00","author":{"@id":"https:\/\/interamerica.org\/fr\/#\/schema\/person\/68ede8bdc292885bb76c1e3810e73c39"},"breadcrumb":{"@id":"https:\/\/interamerica.org\/fr\/2015\/04\/un-chercheur-biblique-celebre-son-70eme-anniversaire-avec-un-livre\/#breadcrumb"},"inLanguage":"fr-FR","potentialAction":[{"@type":"ReadAction","target":["https:\/\/interamerica.org\/fr\/2015\/04\/un-chercheur-biblique-celebre-son-70eme-anniversaire-avec-un-livre\/"]}]},{"@type":"ImageObject","inLanguage":"fr-FR","@id":"https:\/\/interamerica.org\/fr\/2015\/04\/un-chercheur-biblique-celebre-son-70eme-anniversaire-avec-un-livre\/#primaryimage","url":"https:\/\/interamerica.org\/wp-content\/uploads\/2017\/06\/rsz_img_09181.jpg","contentUrl":"https:\/\/interamerica.org\/wp-content\/uploads\/2017\/06\/rsz_img_09181.jpg","width":1000,"height":503},{"@type":"BreadcrumbList","@id":"https:\/\/interamerica.org\/fr\/2015\/04\/un-chercheur-biblique-celebre-son-70eme-anniversaire-avec-un-livre\/#breadcrumb","itemListElement":[{"@type":"ListItem","position":1,"name":"Home","item":"https:\/\/interamerica.org\/fr\/"},{"@type":"ListItem","position":2,"name":"Un chercheur biblique c\u00e9l\u00e8bre son 70\u00e8me anniversaire avec un livre"}]},{"@type":"WebSite","@id":"https:\/\/interamerica.org\/fr\/#website","url":"https:\/\/interamerica.org\/fr\/","name":"\u00c9glise Adventiste Du Septieme Jour - Inter Am\u00e9rique Division","description":"","potentialAction":[{"@type":"SearchAction","target":{"@type":"EntryPoint","urlTemplate":"https:\/\/interamerica.org\/fr\/?s={search_term_string}"},"query-input":{"@type":"PropertyValueSpecification","valueRequired":true,"valueName":"search_term_string"}}],"inLanguage":"fr-FR"},{"@type":"Person","@id":"https:\/\/interamerica.org\/fr\/#\/schema\/person\/68ede8bdc292885bb76c1e3810e73c39","name":"Lorenzo Verduzco","image":{"@type":"ImageObject","inLanguage":"fr-FR","@id":"https:\/\/secure.gravatar.com\/avatar\/fb81a55b6218459490a9c1dc841a34909185b81904c5337b4b27f7a6fd60c49e?s=96&d=mm&r=g","url":"https:\/\/secure.gravatar.com\/avatar\/fb81a55b6218459490a9c1dc841a34909185b81904c5337b4b27f7a6fd60c49e?s=96&d=mm&r=g","contentUrl":"https:\/\/secure.gravatar.com\/avatar\/fb81a55b6218459490a9c1dc841a34909185b81904c5337b4b27f7a6fd60c49e?s=96&d=mm&r=g","caption":"Lorenzo Verduzco"}}]}},"_links":{"self":[{"href":"https:\/\/interamerica.org\/fr\/wp-json\/wp\/v2\/posts\/32248","targetHints":{"allow":["GET"]}}],"collection":[{"href":"https:\/\/interamerica.org\/fr\/wp-json\/wp\/v2\/posts"}],"about":[{"href":"https:\/\/interamerica.org\/fr\/wp-json\/wp\/v2\/types\/post"}],"author":[{"embeddable":true,"href":"https:\/\/interamerica.org\/fr\/wp-json\/wp\/v2\/users\/1"}],"replies":[{"embeddable":true,"href":"https:\/\/interamerica.org\/fr\/wp-json\/wp\/v2\/comments?post=32248"}],"version-history":[{"count":0,"href":"https:\/\/interamerica.org\/fr\/wp-json\/wp\/v2\/posts\/32248\/revisions"}],"wp:featuredmedia":[{"embeddable":true,"href":"https:\/\/interamerica.org\/fr\/wp-json\/wp\/v2\/media\/25107"}],"wp:attachment":[{"href":"https:\/\/interamerica.org\/fr\/wp-json\/wp\/v2\/media?parent=32248"}],"wp:term":[{"taxonomy":"category","embeddable":true,"href":"https:\/\/interamerica.org\/fr\/wp-json\/wp\/v2\/categories?post=32248"},{"taxonomy":"post_tag","embeddable":true,"href":"https:\/\/interamerica.org\/fr\/wp-json\/wp\/v2\/tags?post=32248"}],"curies":[{"name":"wp","href":"https:\/\/api.w.org\/{rel}","templated":true}]}}