{"id":32249,"date":"2015-04-26T00:00:00","date_gmt":"2015-04-26T04:00:00","guid":{"rendered":"http:\/\/192.81.217.108\/interamerica\/2015\/04\/ted-wilson-sassure-que-leglise-apporte-son-aide-et-sa-collaboration-en-reponse-au-seisme\/"},"modified":"2015-04-26T00:00:00","modified_gmt":"2015-04-26T04:00:00","slug":"ted-wilson-sassure-que-leglise-apporte-son-aide-et-sa-collaboration-en-reponse-au-seisme","status":"publish","type":"post","link":"https:\/\/interamerica.org\/fr\/2015\/04\/ted-wilson-sassure-que-leglise-apporte-son-aide-et-sa-collaboration-en-reponse-au-seisme\/","title":{"rendered":"Ted Wilson s\u2019assure que l\u2019\u00e9glise apporte son aide et sa collaboration en r\u00e9ponse au s\u00e9isme"},"content":{"rendered":"<div id=\"attachment_16550\" style=\"width: 410px\" class=\"wp-caption alignleft\"><a href=\"\/interamerica\/wp-content\/uploads\/2017\/06\/csm_WilsonNepal_a1d2386f92.jpg\" rel=\"fancybox\" title=\"Ted Wilson s\u2019assure que l\u2019\u00e9glise apporte son aide et sa collaboration en r\u00e9ponse au s\u00e9isme\"><img fetchpriority=\"high\" decoding=\"async\" aria-describedby=\"caption-attachment-16550\" class=\"size-full wp-image-16550\" src=\"\/interamerica\/wp-content\/uploads\/2017\/06\/csm_WilsonNepal_a1d2386f92.jpg\" alt=\"\" width=\"400\" height=\"267\" \/><\/a><p id=\"caption-attachment-16550\" class=\"wp-caption-text\">Le pr\u00e9sident de l\u2019Eglise Adventiste, Ted N.C. Wilson, publie une d\u00e9claration concernant la catastrophe survenue au N\u00e9pal. Photo d\u2019archives ANN.<\/p><\/div>\n<p>26 Avril 2015 \u2013 Silver Spring, Maryland, Etats Unis \u2013 ANN<\/p>\n<p>Le pr\u00e9sident de l\u2019Eglise Adventiste du Septi\u00e8me Jour, Ted N.C. Wilson a publi\u00e9 aujourd\u2019hui la d\u00e9claration suivante \u00e0 propos du s\u00e9isme de magnitude 7,8 qui a frapp\u00e9 le N\u00e9pal le 25 avril 2015 :<\/p>\n<p>\u00ab En cette journ\u00e9e o\u00f9 le monde se souvient de Tchernobyl, l\u2019accident nucl\u00e9aire survenu il y a 29 ans, le N\u00e9pal fait face au pire s\u00e9isme qu\u2019a connu le pays au cours des 80 derni\u00e8res ann\u00e9es. La souffrance humaine nous brise le c\u0153ur et nous am\u00e8ne \u00e0 exprimer la profonde sympathie que nous \u00e9prouvons pour les milliers de familles qui ont subi des pertes. Quelle tragique exp\u00e9rience de mort et de destruction au N\u00e9pal apr\u00e8s que ce s\u00e9isme, qui \u00e9tait anticip\u00e9, ait frapp\u00e9 le pays. M\u00eame si les experts avaient annonc\u00e9 qu\u2019il se produirait, ils ne savaient pas quand. Nous sommes reconnaissants de ce que les membres de l\u2019Eglise Adventiste du Septi\u00e8me Jour dans le Champ du N\u00e9pal, notre H\u00f4pital Scheer Memorial pr\u00e8s de Katmandou ainsi qu\u2019ADRA, puissent apporter leur aide \u00e0 ces nombreuses personnes qui sont dans le besoin en ce moment. Certainement, la Division de l\u2019Asie du Sud, en \u00e9troite collaboration avec le Champ du N\u00e9pal, consid\u00e9rera comment l\u2019\u00e9glise mondiale peut encore aider dans cette situation pr\u00e9occupante.<\/p>\n<p>J\u2019ai pri\u00e9 pour le N\u00e9pal et pour le minist\u00e8re sp\u00e9cial des membres d\u2019\u00e9glise qui apportent leur aide \u00e0 la population de ce pays fascinant. Que cela soit une opportunit\u00e9 de d\u00e9montrer le minist\u00e8re d\u2019amour et de compassion du Christ dans tout ce que nous faisons, alors que nous voyons se produire davantage de ces catastrophes qui signalent la proximit\u00e9 du retour de J\u00e9sus. Quelle opportunit\u00e9 pour nous Adventistes du Septi\u00e8me Jour, de faire tout ce qui est possible pour ramener la stabilit\u00e9 dans la vie des gens en r\u00e9confortant ceux qui ont perdu des \u00eatres chers, et en apportant un encouragement mat\u00e9riel \u00e0 ceux qui sont dans une situation de besoin urgent.<\/p>\n<p>\u00ab Vraiment, le Rocher de notre Salut, J\u00e9sus Christ, Celui qui ne sera jamais \u00e9branl\u00e9, m\u00eame pas par un s\u00e9isme, doit \u00eatre la fondation solide pour la reconstruction des vies et de l\u2019espoir au N\u00e9pal. Quelle b\u00e9n\u00e9diction de pouvoir compter sur les promesses d\u2019Apocalypse 21:4 annon\u00e7ant la nouvelle terre o\u00f9 \u2018\u2026la mort ne sera plus et il n\u2019y aura plus ni deuil, ni cri, ni douleur, car les premi\u00e8res choses ont disparu.\u2019 Puisse l\u2019assurance de cette promesse nous donner l\u2019esp\u00e9rance que tr\u00e8s bient\u00f4t, avec la seconde venue de J\u00e9sus, ces choses n\u2019auront plus jamais cours sur la terre. Prions pour le peuple du N\u00e9pal et pour tous les efforts entrepris, y compris par les Adventistes du Septi\u00e8me Jour, pour aider dans cette situation difficile et tragique. \u00bb<\/p>\n<p>Ted Wilson<\/p>\n<p><em>Pr\u00e9sident mondial de l\u2019Eglise Adventiste du Septi\u00e8me Jour<\/em><\/p>\n<p>Traduction: Patrick Luciathe<\/p>\n","protected":false},"excerpt":{"rendered":"<p>Le pr\u00e9sident de l\u2019Eglise Adventiste du Septi\u00e8me Jour, Ted N.C. Wilson a publi\u00e9 aujourd\u2019hui la d\u00e9claration suivante au sujet du s\u00e9isme de magnitude 7,8 qui a frapp\u00e9 le N\u00e9pal le 25 avril 2015 :  <\/p>\n<p>\u00ab En cette journ\u00e9e o\u00f9 le monde se souvient de Tchernobyl, l\u2019accident nucl\u00e9aire survenu il y a 29 ans, le N\u00e9pal fait face au pire s\u00e9isme qu\u2019a connu le pays au cours des 80 derni\u00e8res ann\u00e9es. La souffrance humaine nous brise le c\u0153ur et nous am\u00e8ne \u00e0 exprimer la profonde sympathie que nous \u00e9prouvons pour les milliers de familles qui ont subi des pertes&#8230;\u00a0\u00bb<\/p>\n","protected":false},"author":1,"featured_media":25121,"comment_status":"closed","ping_status":"closed","sticky":false,"template":"","format":"standard","meta":{"_acf_changed":false,"footnotes":""},"categories":[18,19],"tags":[],"class_list":["post-32249","post","type-post","status-publish","format-standard","has-post-thumbnail","hentry","category-nouvelles-de-leglise-mondiale","category-rss-francais"],"acf":[],"yoast_head":"<!-- This site is optimized with the Yoast SEO plugin v27.3 - https:\/\/yoast.com\/product\/yoast-seo-wordpress\/ -->\n<title>Ted Wilson s\u2019assure que l\u2019\u00e9glise apporte son aide et sa collaboration en r\u00e9ponse au s\u00e9isme - \u00c9glise Adventiste Du Septieme Jour - Inter Am\u00e9rique Division<\/title>\n<meta name=\"robots\" content=\"index, follow, max-snippet:-1, max-image-preview:large, max-video-preview:-1\" \/>\n<link rel=\"canonical\" href=\"https:\/\/interamerica.org\/fr\/2015\/04\/ted-wilson-sassure-que-leglise-apporte-son-aide-et-sa-collaboration-en-reponse-au-seisme\/\" \/>\n<meta property=\"og:locale\" content=\"fr_FR\" \/>\n<meta property=\"og:type\" content=\"article\" \/>\n<meta property=\"og:title\" content=\"Ted Wilson s\u2019assure que l\u2019\u00e9glise apporte son aide et sa collaboration en r\u00e9ponse au s\u00e9isme - \u00c9glise Adventiste Du Septieme Jour - Inter Am\u00e9rique Division\" \/>\n<meta property=\"og:description\" content=\"Le pr\u00e9sident de l\u2019Eglise Adventiste du Septi\u00e8me Jour, Ted N.C. Wilson a publi\u00e9 aujourd\u2019hui la d\u00e9claration suivante au sujet du s\u00e9isme de magnitude 7,8 qui a frapp\u00e9 le N\u00e9pal le 25 avril 2015 :  \u00ab En cette journ\u00e9e o\u00f9 le monde se souvient de Tchernobyl, l\u2019accident nucl\u00e9aire survenu il y a 29 ans, le N\u00e9pal fait face au pire s\u00e9isme qu\u2019a connu le pays au cours des 80 derni\u00e8res ann\u00e9es. La souffrance humaine nous brise le c\u0153ur et nous am\u00e8ne \u00e0 exprimer la profonde sympathie que nous \u00e9prouvons pour les milliers de familles qui ont subi des pertes...&quot;\" \/>\n<meta property=\"og:url\" content=\"https:\/\/interamerica.org\/fr\/2015\/04\/ted-wilson-sassure-que-leglise-apporte-son-aide-et-sa-collaboration-en-reponse-au-seisme\/\" \/>\n<meta property=\"og:site_name\" content=\"\u00c9glise Adventiste Du Septieme Jour - Inter Am\u00e9rique Division\" \/>\n<meta property=\"article:published_time\" content=\"2015-04-26T04:00:00+00:00\" \/>\n<meta property=\"og:image\" content=\"https:\/\/interamerica.org\/wp-content\/uploads\/2017\/06\/csm_WilsonNepal_a1d2386f92.jpg\" \/>\n\t<meta property=\"og:image:width\" content=\"400\" \/>\n\t<meta property=\"og:image:height\" content=\"267\" \/>\n\t<meta property=\"og:image:type\" content=\"image\/jpeg\" \/>\n<meta name=\"author\" content=\"Lorenzo Verduzco\" \/>\n<meta name=\"twitter:card\" content=\"summary_large_image\" \/>\n<meta name=\"twitter:label1\" content=\"\u00c9crit par\" \/>\n\t<meta name=\"twitter:data1\" content=\"Lorenzo Verduzco\" \/>\n\t<meta name=\"twitter:label2\" content=\"Dur\u00e9e de lecture estim\u00e9e\" \/>\n\t<meta name=\"twitter:data2\" content=\"3 minutes\" \/>\n<script type=\"application\/ld+json\" class=\"yoast-schema-graph\">{\"@context\":\"https:\\\/\\\/schema.org\",\"@graph\":[{\"@type\":\"Article\",\"@id\":\"https:\\\/\\\/interamerica.org\\\/fr\\\/2015\\\/04\\\/ted-wilson-sassure-que-leglise-apporte-son-aide-et-sa-collaboration-en-reponse-au-seisme\\\/#article\",\"isPartOf\":{\"@id\":\"https:\\\/\\\/interamerica.org\\\/fr\\\/2015\\\/04\\\/ted-wilson-sassure-que-leglise-apporte-son-aide-et-sa-collaboration-en-reponse-au-seisme\\\/\"},\"author\":{\"name\":\"Lorenzo Verduzco\",\"@id\":\"https:\\\/\\\/interamerica.org\\\/fr\\\/#\\\/schema\\\/person\\\/68ede8bdc292885bb76c1e3810e73c39\"},\"headline\":\"Ted Wilson s\u2019assure que l\u2019\u00e9glise apporte son aide et sa collaboration en r\u00e9ponse au s\u00e9isme\",\"datePublished\":\"2015-04-26T04:00:00+00:00\",\"mainEntityOfPage\":{\"@id\":\"https:\\\/\\\/interamerica.org\\\/fr\\\/2015\\\/04\\\/ted-wilson-sassure-que-leglise-apporte-son-aide-et-sa-collaboration-en-reponse-au-seisme\\\/\"},\"wordCount\":569,\"image\":{\"@id\":\"https:\\\/\\\/interamerica.org\\\/fr\\\/2015\\\/04\\\/ted-wilson-sassure-que-leglise-apporte-son-aide-et-sa-collaboration-en-reponse-au-seisme\\\/#primaryimage\"},\"thumbnailUrl\":\"https:\\\/\\\/interamerica.org\\\/wp-content\\\/uploads\\\/2017\\\/06\\\/csm_WilsonNepal_a1d2386f92.jpg\",\"articleSection\":[\"Nouvelles de l'\u00c9glise mondiale\",\"RSS Fran\u00e7ais\"],\"inLanguage\":\"fr-FR\"},{\"@type\":\"WebPage\",\"@id\":\"https:\\\/\\\/interamerica.org\\\/fr\\\/2015\\\/04\\\/ted-wilson-sassure-que-leglise-apporte-son-aide-et-sa-collaboration-en-reponse-au-seisme\\\/\",\"url\":\"https:\\\/\\\/interamerica.org\\\/fr\\\/2015\\\/04\\\/ted-wilson-sassure-que-leglise-apporte-son-aide-et-sa-collaboration-en-reponse-au-seisme\\\/\",\"name\":\"Ted Wilson s\u2019assure que l\u2019\u00e9glise apporte son aide et sa collaboration en r\u00e9ponse au s\u00e9isme - \u00c9glise Adventiste Du Septieme Jour - Inter Am\u00e9rique Division\",\"isPartOf\":{\"@id\":\"https:\\\/\\\/interamerica.org\\\/fr\\\/#website\"},\"primaryImageOfPage\":{\"@id\":\"https:\\\/\\\/interamerica.org\\\/fr\\\/2015\\\/04\\\/ted-wilson-sassure-que-leglise-apporte-son-aide-et-sa-collaboration-en-reponse-au-seisme\\\/#primaryimage\"},\"image\":{\"@id\":\"https:\\\/\\\/interamerica.org\\\/fr\\\/2015\\\/04\\\/ted-wilson-sassure-que-leglise-apporte-son-aide-et-sa-collaboration-en-reponse-au-seisme\\\/#primaryimage\"},\"thumbnailUrl\":\"https:\\\/\\\/interamerica.org\\\/wp-content\\\/uploads\\\/2017\\\/06\\\/csm_WilsonNepal_a1d2386f92.jpg\",\"datePublished\":\"2015-04-26T04:00:00+00:00\",\"author\":{\"@id\":\"https:\\\/\\\/interamerica.org\\\/fr\\\/#\\\/schema\\\/person\\\/68ede8bdc292885bb76c1e3810e73c39\"},\"breadcrumb\":{\"@id\":\"https:\\\/\\\/interamerica.org\\\/fr\\\/2015\\\/04\\\/ted-wilson-sassure-que-leglise-apporte-son-aide-et-sa-collaboration-en-reponse-au-seisme\\\/#breadcrumb\"},\"inLanguage\":\"fr-FR\",\"potentialAction\":[{\"@type\":\"ReadAction\",\"target\":[\"https:\\\/\\\/interamerica.org\\\/fr\\\/2015\\\/04\\\/ted-wilson-sassure-que-leglise-apporte-son-aide-et-sa-collaboration-en-reponse-au-seisme\\\/\"]}]},{\"@type\":\"ImageObject\",\"inLanguage\":\"fr-FR\",\"@id\":\"https:\\\/\\\/interamerica.org\\\/fr\\\/2015\\\/04\\\/ted-wilson-sassure-que-leglise-apporte-son-aide-et-sa-collaboration-en-reponse-au-seisme\\\/#primaryimage\",\"url\":\"https:\\\/\\\/interamerica.org\\\/wp-content\\\/uploads\\\/2017\\\/06\\\/csm_WilsonNepal_a1d2386f92.jpg\",\"contentUrl\":\"https:\\\/\\\/interamerica.org\\\/wp-content\\\/uploads\\\/2017\\\/06\\\/csm_WilsonNepal_a1d2386f92.jpg\",\"width\":400,\"height\":267},{\"@type\":\"BreadcrumbList\",\"@id\":\"https:\\\/\\\/interamerica.org\\\/fr\\\/2015\\\/04\\\/ted-wilson-sassure-que-leglise-apporte-son-aide-et-sa-collaboration-en-reponse-au-seisme\\\/#breadcrumb\",\"itemListElement\":[{\"@type\":\"ListItem\",\"position\":1,\"name\":\"Home\",\"item\":\"https:\\\/\\\/interamerica.org\\\/fr\\\/\"},{\"@type\":\"ListItem\",\"position\":2,\"name\":\"Ted Wilson s\u2019assure que l\u2019\u00e9glise apporte son aide et sa collaboration en r\u00e9ponse au s\u00e9isme\"}]},{\"@type\":\"WebSite\",\"@id\":\"https:\\\/\\\/interamerica.org\\\/fr\\\/#website\",\"url\":\"https:\\\/\\\/interamerica.org\\\/fr\\\/\",\"name\":\"\u00c9glise Adventiste Du Septieme Jour - Inter Am\u00e9rique Division\",\"description\":\"\",\"potentialAction\":[{\"@type\":\"SearchAction\",\"target\":{\"@type\":\"EntryPoint\",\"urlTemplate\":\"https:\\\/\\\/interamerica.org\\\/fr\\\/?s={search_term_string}\"},\"query-input\":{\"@type\":\"PropertyValueSpecification\",\"valueRequired\":true,\"valueName\":\"search_term_string\"}}],\"inLanguage\":\"fr-FR\"},{\"@type\":\"Person\",\"@id\":\"https:\\\/\\\/interamerica.org\\\/fr\\\/#\\\/schema\\\/person\\\/68ede8bdc292885bb76c1e3810e73c39\",\"name\":\"Lorenzo Verduzco\",\"image\":{\"@type\":\"ImageObject\",\"inLanguage\":\"fr-FR\",\"@id\":\"https:\\\/\\\/secure.gravatar.com\\\/avatar\\\/fb81a55b6218459490a9c1dc841a34909185b81904c5337b4b27f7a6fd60c49e?s=96&d=mm&r=g\",\"url\":\"https:\\\/\\\/secure.gravatar.com\\\/avatar\\\/fb81a55b6218459490a9c1dc841a34909185b81904c5337b4b27f7a6fd60c49e?s=96&d=mm&r=g\",\"contentUrl\":\"https:\\\/\\\/secure.gravatar.com\\\/avatar\\\/fb81a55b6218459490a9c1dc841a34909185b81904c5337b4b27f7a6fd60c49e?s=96&d=mm&r=g\",\"caption\":\"Lorenzo Verduzco\"}}]}<\/script>\n<!-- \/ Yoast SEO plugin. -->","yoast_head_json":{"title":"Ted Wilson s\u2019assure que l\u2019\u00e9glise apporte son aide et sa collaboration en r\u00e9ponse au s\u00e9isme - \u00c9glise Adventiste Du Septieme Jour - Inter Am\u00e9rique Division","robots":{"index":"index","follow":"follow","max-snippet":"max-snippet:-1","max-image-preview":"max-image-preview:large","max-video-preview":"max-video-preview:-1"},"canonical":"https:\/\/interamerica.org\/fr\/2015\/04\/ted-wilson-sassure-que-leglise-apporte-son-aide-et-sa-collaboration-en-reponse-au-seisme\/","og_locale":"fr_FR","og_type":"article","og_title":"Ted Wilson s\u2019assure que l\u2019\u00e9glise apporte son aide et sa collaboration en r\u00e9ponse au s\u00e9isme - \u00c9glise Adventiste Du Septieme Jour - Inter Am\u00e9rique Division","og_description":"Le pr\u00e9sident de l\u2019Eglise Adventiste du Septi\u00e8me Jour, Ted N.C. Wilson a publi\u00e9 aujourd\u2019hui la d\u00e9claration suivante au sujet du s\u00e9isme de magnitude 7,8 qui a frapp\u00e9 le N\u00e9pal le 25 avril 2015 :  \u00ab En cette journ\u00e9e o\u00f9 le monde se souvient de Tchernobyl, l\u2019accident nucl\u00e9aire survenu il y a 29 ans, le N\u00e9pal fait face au pire s\u00e9isme qu\u2019a connu le pays au cours des 80 derni\u00e8res ann\u00e9es. La souffrance humaine nous brise le c\u0153ur et nous am\u00e8ne \u00e0 exprimer la profonde sympathie que nous \u00e9prouvons pour les milliers de familles qui ont subi des pertes...\"","og_url":"https:\/\/interamerica.org\/fr\/2015\/04\/ted-wilson-sassure-que-leglise-apporte-son-aide-et-sa-collaboration-en-reponse-au-seisme\/","og_site_name":"\u00c9glise Adventiste Du Septieme Jour - Inter Am\u00e9rique Division","article_published_time":"2015-04-26T04:00:00+00:00","og_image":[{"width":400,"height":267,"url":"https:\/\/interamerica.org\/wp-content\/uploads\/2017\/06\/csm_WilsonNepal_a1d2386f92.jpg","type":"image\/jpeg"}],"author":"Lorenzo Verduzco","twitter_card":"summary_large_image","twitter_misc":{"\u00c9crit par":"Lorenzo Verduzco","Dur\u00e9e de lecture estim\u00e9e":"3 minutes"},"schema":{"@context":"https:\/\/schema.org","@graph":[{"@type":"Article","@id":"https:\/\/interamerica.org\/fr\/2015\/04\/ted-wilson-sassure-que-leglise-apporte-son-aide-et-sa-collaboration-en-reponse-au-seisme\/#article","isPartOf":{"@id":"https:\/\/interamerica.org\/fr\/2015\/04\/ted-wilson-sassure-que-leglise-apporte-son-aide-et-sa-collaboration-en-reponse-au-seisme\/"},"author":{"name":"Lorenzo Verduzco","@id":"https:\/\/interamerica.org\/fr\/#\/schema\/person\/68ede8bdc292885bb76c1e3810e73c39"},"headline":"Ted Wilson s\u2019assure que l\u2019\u00e9glise apporte son aide et sa collaboration en r\u00e9ponse au s\u00e9isme","datePublished":"2015-04-26T04:00:00+00:00","mainEntityOfPage":{"@id":"https:\/\/interamerica.org\/fr\/2015\/04\/ted-wilson-sassure-que-leglise-apporte-son-aide-et-sa-collaboration-en-reponse-au-seisme\/"},"wordCount":569,"image":{"@id":"https:\/\/interamerica.org\/fr\/2015\/04\/ted-wilson-sassure-que-leglise-apporte-son-aide-et-sa-collaboration-en-reponse-au-seisme\/#primaryimage"},"thumbnailUrl":"https:\/\/interamerica.org\/wp-content\/uploads\/2017\/06\/csm_WilsonNepal_a1d2386f92.jpg","articleSection":["Nouvelles de l'\u00c9glise mondiale","RSS Fran\u00e7ais"],"inLanguage":"fr-FR"},{"@type":"WebPage","@id":"https:\/\/interamerica.org\/fr\/2015\/04\/ted-wilson-sassure-que-leglise-apporte-son-aide-et-sa-collaboration-en-reponse-au-seisme\/","url":"https:\/\/interamerica.org\/fr\/2015\/04\/ted-wilson-sassure-que-leglise-apporte-son-aide-et-sa-collaboration-en-reponse-au-seisme\/","name":"Ted Wilson s\u2019assure que l\u2019\u00e9glise apporte son aide et sa collaboration en r\u00e9ponse au s\u00e9isme - \u00c9glise Adventiste Du Septieme Jour - Inter Am\u00e9rique Division","isPartOf":{"@id":"https:\/\/interamerica.org\/fr\/#website"},"primaryImageOfPage":{"@id":"https:\/\/interamerica.org\/fr\/2015\/04\/ted-wilson-sassure-que-leglise-apporte-son-aide-et-sa-collaboration-en-reponse-au-seisme\/#primaryimage"},"image":{"@id":"https:\/\/interamerica.org\/fr\/2015\/04\/ted-wilson-sassure-que-leglise-apporte-son-aide-et-sa-collaboration-en-reponse-au-seisme\/#primaryimage"},"thumbnailUrl":"https:\/\/interamerica.org\/wp-content\/uploads\/2017\/06\/csm_WilsonNepal_a1d2386f92.jpg","datePublished":"2015-04-26T04:00:00+00:00","author":{"@id":"https:\/\/interamerica.org\/fr\/#\/schema\/person\/68ede8bdc292885bb76c1e3810e73c39"},"breadcrumb":{"@id":"https:\/\/interamerica.org\/fr\/2015\/04\/ted-wilson-sassure-que-leglise-apporte-son-aide-et-sa-collaboration-en-reponse-au-seisme\/#breadcrumb"},"inLanguage":"fr-FR","potentialAction":[{"@type":"ReadAction","target":["https:\/\/interamerica.org\/fr\/2015\/04\/ted-wilson-sassure-que-leglise-apporte-son-aide-et-sa-collaboration-en-reponse-au-seisme\/"]}]},{"@type":"ImageObject","inLanguage":"fr-FR","@id":"https:\/\/interamerica.org\/fr\/2015\/04\/ted-wilson-sassure-que-leglise-apporte-son-aide-et-sa-collaboration-en-reponse-au-seisme\/#primaryimage","url":"https:\/\/interamerica.org\/wp-content\/uploads\/2017\/06\/csm_WilsonNepal_a1d2386f92.jpg","contentUrl":"https:\/\/interamerica.org\/wp-content\/uploads\/2017\/06\/csm_WilsonNepal_a1d2386f92.jpg","width":400,"height":267},{"@type":"BreadcrumbList","@id":"https:\/\/interamerica.org\/fr\/2015\/04\/ted-wilson-sassure-que-leglise-apporte-son-aide-et-sa-collaboration-en-reponse-au-seisme\/#breadcrumb","itemListElement":[{"@type":"ListItem","position":1,"name":"Home","item":"https:\/\/interamerica.org\/fr\/"},{"@type":"ListItem","position":2,"name":"Ted Wilson s\u2019assure que l\u2019\u00e9glise apporte son aide et sa collaboration en r\u00e9ponse au s\u00e9isme"}]},{"@type":"WebSite","@id":"https:\/\/interamerica.org\/fr\/#website","url":"https:\/\/interamerica.org\/fr\/","name":"\u00c9glise Adventiste Du Septieme Jour - Inter Am\u00e9rique Division","description":"","potentialAction":[{"@type":"SearchAction","target":{"@type":"EntryPoint","urlTemplate":"https:\/\/interamerica.org\/fr\/?s={search_term_string}"},"query-input":{"@type":"PropertyValueSpecification","valueRequired":true,"valueName":"search_term_string"}}],"inLanguage":"fr-FR"},{"@type":"Person","@id":"https:\/\/interamerica.org\/fr\/#\/schema\/person\/68ede8bdc292885bb76c1e3810e73c39","name":"Lorenzo Verduzco","image":{"@type":"ImageObject","inLanguage":"fr-FR","@id":"https:\/\/secure.gravatar.com\/avatar\/fb81a55b6218459490a9c1dc841a34909185b81904c5337b4b27f7a6fd60c49e?s=96&d=mm&r=g","url":"https:\/\/secure.gravatar.com\/avatar\/fb81a55b6218459490a9c1dc841a34909185b81904c5337b4b27f7a6fd60c49e?s=96&d=mm&r=g","contentUrl":"https:\/\/secure.gravatar.com\/avatar\/fb81a55b6218459490a9c1dc841a34909185b81904c5337b4b27f7a6fd60c49e?s=96&d=mm&r=g","caption":"Lorenzo Verduzco"}}]}},"_links":{"self":[{"href":"https:\/\/interamerica.org\/fr\/wp-json\/wp\/v2\/posts\/32249","targetHints":{"allow":["GET"]}}],"collection":[{"href":"https:\/\/interamerica.org\/fr\/wp-json\/wp\/v2\/posts"}],"about":[{"href":"https:\/\/interamerica.org\/fr\/wp-json\/wp\/v2\/types\/post"}],"author":[{"embeddable":true,"href":"https:\/\/interamerica.org\/fr\/wp-json\/wp\/v2\/users\/1"}],"replies":[{"embeddable":true,"href":"https:\/\/interamerica.org\/fr\/wp-json\/wp\/v2\/comments?post=32249"}],"version-history":[{"count":0,"href":"https:\/\/interamerica.org\/fr\/wp-json\/wp\/v2\/posts\/32249\/revisions"}],"wp:featuredmedia":[{"embeddable":true,"href":"https:\/\/interamerica.org\/fr\/wp-json\/wp\/v2\/media\/25121"}],"wp:attachment":[{"href":"https:\/\/interamerica.org\/fr\/wp-json\/wp\/v2\/media?parent=32249"}],"wp:term":[{"taxonomy":"category","embeddable":true,"href":"https:\/\/interamerica.org\/fr\/wp-json\/wp\/v2\/categories?post=32249"},{"taxonomy":"post_tag","embeddable":true,"href":"https:\/\/interamerica.org\/fr\/wp-json\/wp\/v2\/tags?post=32249"}],"curies":[{"name":"wp","href":"https:\/\/api.w.org\/{rel}","templated":true}]}}