{"id":32251,"date":"2015-04-26T00:00:00","date_gmt":"2015-04-26T04:00:00","guid":{"rendered":"http:\/\/192.81.217.108\/interamerica\/2015\/04\/des-adventistes-sempressent-dapporter-leur-aide-apres-quun-seisme-mortel-secoue-le-nepal\/"},"modified":"2015-04-26T00:00:00","modified_gmt":"2015-04-26T04:00:00","slug":"des-adventistes-sempressent-dapporter-leur-aide-apres-quun-seisme-mortel-secoue-le-nepal","status":"publish","type":"post","link":"https:\/\/interamerica.org\/fr\/2015\/04\/des-adventistes-sempressent-dapporter-leur-aide-apres-quun-seisme-mortel-secoue-le-nepal\/","title":{"rendered":"Des Adventistes s\u2019empressent d\u2019apporter leur aide apr\u00e8s qu\u2019un s\u00e9isme mortel secoue le N\u00e9pal"},"content":{"rendered":"<div id=\"attachment_16533\" style=\"width: 721px\" class=\"wp-caption aligncenter\"><a href=\"\/interamerica\/wp-content\/uploads\/2017\/06\/ADRA.Nepal_.Earthquake.1.jpg\" rel=\"fancybox\" title=\"Des Adventistes s\u2019empressent d\u2019apporter leur aide apr\u00e8s qu\u2019un s\u00e9isme mortel secoue le N\u00e9pal\"><img fetchpriority=\"high\" decoding=\"async\" aria-describedby=\"caption-attachment-16533\" class=\" wp-image-16533 \" src=\"\/interamerica\/wp-content\/uploads\/2017\/06\/ADRA.Nepal_.Earthquake.1.jpg\" alt=\"\" width=\"711\" height=\"350\" \/><\/a><p id=\"caption-attachment-16533\" class=\"wp-caption-text\">Une femme conduisant son enfant dans une rue de Katmandou apr\u00e8s le s\u00e9isme d\u00e9vastateur qui a eu lieu le sabbat 25 avril. Images d\u2019ADRA.<\/p><\/div>\n<p>25 Avril 2015 \u2013 Silver Spring, Maryland, Etats Unis \u2013 Andrew McChesney, r\u00e9dacteur Adventist Review<\/p>\n<p>Les m\u00e9decins Adventistes du Septi\u00e8me Jour et les travailleurs d\u2019ADRA se sont d\u00e9ploy\u00e9s pour \u0153uvrer au N\u00e9pal apr\u00e8s qu\u2019un puissant s\u00e9isme ait caus\u00e9 la mort de plus de 1150 personnes le sabbat 25 avril, alors que les croyants Adventistes du monde entier prient pour le pays.<\/p>\n<p>L\u2019h\u00f4pital Adventiste situ\u00e9 pr\u00e8s de la capitale du N\u00e9pal, Katmandou, \u00e9tait submerg\u00e9 de patients bless\u00e9s suite au s\u00e9isme de magnitude 7,8 qui a frapp\u00e9 vers midi \u00e0 environ 80 kilom\u00e8tres de Katmandou.<\/p>\n<p>Le tremblement de terre, qui a dur\u00e9 environ 10 minutes, a ras\u00e9 des quartiers entiers de Katmandou, mais l\u2019H\u00f4pital Scheer Memorial semble avoir \u00e9chapp\u00e9 aux d\u00e9g\u00e2ts, seule une fissure mineure sur un de ses plus vieux b\u00e2timents a \u00e9t\u00e9 d\u00e9cel\u00e9e.<\/p>\n<div id=\"attachment_16537\" style=\"width: 370px\" class=\"wp-caption alignleft\"><a href=\"\/interamerica\/wp-content\/uploads\/2017\/06\/rsz_hospital.jpg\" rel=\"fancybox\" title=\"Des Adventistes s\u2019empressent d\u2019apporter leur aide apr\u00e8s qu\u2019un s\u00e9isme mortel secoue le N\u00e9pal\"><img decoding=\"async\" aria-describedby=\"caption-attachment-16537\" class=\" wp-image-16537  \" src=\"\/interamerica\/wp-content\/uploads\/2017\/06\/rsz_hospital.jpg\" alt=\"\" width=\"360\" height=\"240\" \/><\/a><p id=\"caption-attachment-16537\" class=\"wp-caption-text\">Un des b\u00e2timents \u00e0 l\u2019avant du site de l\u2019H\u00f4pital Scheer Memorial pr\u00e8s de Katmandou. Photographi\u00e9 en D\u00e9cembre 2013. Image de Melody Mason.<\/p><\/div>\n<p>\u00ab Dieu merci l\u2019h\u00f4pital est sauf. Ils sont vraiment d\u00e9bord\u00e9s de patients, \u00bb a d\u00e9clar\u00e9 Alvin Cardona, dont le p\u00e8re, Fernando, est p\u00e9diatre \u00e0 l\u2019h\u00f4pital.<\/p>\n<p>Alvin Cardona, qui se trouve aux Etats Unis et a parl\u00e9 \u00e0 son p\u00e8re au N\u00e9pal, a indiqu\u00e9 que ses deux parents assistaient aux services de culte du sabbat dans une \u00e9glise Adventiste lorsque le s\u00e9isme a eu lieu.<\/p>\n<p>L\u2019h\u00f4pital Adventiste, un \u00e9tablissement de trois \u00e9tages, homologu\u00e9 pour 150 lits, a \u00e9t\u00e9 submerg\u00e9 de personnes cherchant \u00e0 obtenir des soins m\u00e9dicaux, et a \u00e9t\u00e9 contraint de s\u2019occuper de plusieurs personnes en dehors de ses murs, a pr\u00e9cis\u00e9 Alvin Cardona.<\/p>\n<p>\u00ab Ils prennent soin de centaines de patients \u00e0 l\u2019ext\u00e9rieur, \u00bb a t-il indiqu\u00e9. \u00ab Ils mettent aussi en place des abris temporaires pour les personnes qui ont perdu leurs maisons. \u00bb<\/p>\n<p>Le nombre de bless\u00e9s n\u2019est pas confirm\u00e9. Mais les secousses \u2013 et les victimes \u2013 ont \u00e9t\u00e9 recens\u00e9es dans des endroits aussi \u00e9loign\u00e9s que l\u2019Inde, le Bengladesh et le Tibet. Le nombre de morts a grimp\u00e9 de mani\u00e8re sensible dans les heures qui ont suivi la catastrophe, atteignant plus de 1500 samedi soir, heure locale, d\u2019apr\u00e8s la BBC.<\/p>\n<p>Le gouvernement n\u00e9palais a d\u00e9clar\u00e9 l\u2019\u00e9tat d\u2019urgence, et des pays du monde entier ont propos\u00e9 leur aide.<\/p>\n<div id=\"attachment_16534\" style=\"width: 413px\" class=\"wp-caption alignright\"><a href=\"\/interamerica\/wp-content\/uploads\/2017\/06\/ADRA_Nepal_Earthquake_3.jpg\" rel=\"fancybox\" title=\"Des Adventistes s\u2019empressent d\u2019apporter leur aide apr\u00e8s qu\u2019un s\u00e9isme mortel secoue le N\u00e9pal\"><img decoding=\"async\" aria-describedby=\"caption-attachment-16534\" class=\" wp-image-16534  \" src=\"\/interamerica\/wp-content\/uploads\/2017\/06\/ADRA_Nepal_Earthquake_3.jpg\" alt=\"\" width=\"403\" height=\"302\" \/><\/a><p id=\"caption-attachment-16534\" class=\"wp-caption-text\">Une vue partielle de la d\u00e9vastation \u00e0 Katmandou apr\u00e8s le s\u00e9isme qui a eu lieu ce sabbat.<\/p><\/div>\n<p>L\u2019Agence Adventiste de D\u00e9veloppement et d\u2019Aide Humanitaire a indiqu\u00e9 qu\u2019elle d\u00e9ployait des agents pour une intervention d\u2019urgence dans les r\u00e9gions touch\u00e9es.<\/p>\n<p>\u00ab Les premiers rapports indiquent qu\u2019il y a une destruction g\u00e9n\u00e9ralis\u00e9e qui a fait des ravages, \u00bb a dit Thierry Van Bignoot, directeur d\u2019ADRA pour la gestion de l\u2019urgence dans une d\u00e9claration publi\u00e9e par e-mail : \u00ab En ce moment, nous r\u00e9clamons vos pri\u00e8res pour la population du N\u00e9pal et pour notre \u00e9quipe sur le terrain. Nous sommes dans un processus de r\u00e9colte d\u2019informations pour en savoir plus sur ce qui s\u2019est pass\u00e9. \u00bb<\/p>\n<p>ADRA a dit sur Twitter que son personnel au N\u00e9pal \u00e9tait sain et sauf et que ses structures n\u2019\u00e9taient pas endommag\u00e9es.<\/p>\n<p>Les congr\u00e9gations Adventistes \u00e0 travers les Etats Unis et dans d\u2019autres pays ont pri\u00e9 pour le N\u00e9pal ce sabbat, et des membres d\u2019\u00e9glise ont dit sur Twitter et Facebook qu\u2019\u00e0 titre personnel, ils priaient \u00e9galement.<\/p>\n<p>La catastrophe place un fardeau important sur l\u2019H\u00f4pital Scheer Memorial, dont les racines remontent \u00e0 Dr Stanley et Raylene Sturges, les premiers missionnaires m\u00e9dicaux Adventistes arriv\u00e9s au N\u00e9pal \u00e0 la fin des ann\u00e9es 1950 ; l\u2019\u00e9tablissement tire son nom de Charles J. et Carolyn Scheer, dont le fils Clifford C. Scheer a financ\u00e9 l\u2019essentiel de la construction.<\/p>\n<p>L\u2019\u00e9quipement de l\u2019h\u00f4pital, le mobilier et le mat\u00e9riel sont offerts par CARE, une importante agence humanitaire internationale, ainsi que l\u2019Eglise Adventiste du Septi\u00e8me Jour., mais le fonctionnement journalier est en grande parie une question de foi.<\/p>\n<p>\u00ab L\u2019H\u00f4pital Scheer Memorial fonctionne par la foi, \u00bb indiquait l\u2019\u00e9tablissement dans une d\u00e9claration publi\u00e9e sur son site web avant le tremblement de terre. \u00ab Chaque jour, il y a de petits et de grands miracles qui nous permettent de garder nos portes ouvertes pour la communaut\u00e9 et pour ceux qui ont le plus besoin de notre aide. \u00bb<\/p>\n<p>Traduction: Patrick Luciathe<\/p>\n","protected":false},"excerpt":{"rendered":"<p>Les m\u00e9decins Adventistes du Septi\u00e8me Jour et les travailleurs d\u2019ADRA se sont d\u00e9ploy\u00e9s pour \u0153uvrer au N\u00e9pal apr\u00e8s qu\u2019un puissant s\u00e9isme ait caus\u00e9 la mort de plus de 1150 personnes le sabbat 25 avril, alors que les croyants Adventistes du monde entier prient pour le pays. <\/p>\n<p> L\u2019h\u00f4pital Adventiste situ\u00e9 pr\u00e8s de la capitale du N\u00e9pal, Katmandou, \u00e9tait submerg\u00e9 de patients bless\u00e9s suite au s\u00e9isme de magnitude 7,8 qui a frapp\u00e9 vers midi \u00e0 environ 80 kilom\u00e8tres de Katmandou.<\/p>\n","protected":false},"author":1,"featured_media":25097,"comment_status":"closed","ping_status":"closed","sticky":false,"template":"","format":"standard","meta":{"_acf_changed":false,"footnotes":""},"categories":[18,19],"tags":[],"class_list":["post-32251","post","type-post","status-publish","format-standard","has-post-thumbnail","hentry","category-nouvelles-de-leglise-mondiale","category-rss-francais"],"acf":[],"yoast_head":"<!-- This site is optimized with the Yoast SEO plugin v27.3 - https:\/\/yoast.com\/product\/yoast-seo-wordpress\/ -->\n<title>Des Adventistes s\u2019empressent d\u2019apporter leur aide apr\u00e8s qu\u2019un s\u00e9isme mortel secoue le N\u00e9pal - \u00c9glise Adventiste Du Septieme Jour - Inter Am\u00e9rique Division<\/title>\n<meta name=\"robots\" content=\"index, follow, max-snippet:-1, max-image-preview:large, max-video-preview:-1\" \/>\n<link rel=\"canonical\" href=\"https:\/\/interamerica.org\/fr\/2015\/04\/des-adventistes-sempressent-dapporter-leur-aide-apres-quun-seisme-mortel-secoue-le-nepal\/\" \/>\n<meta property=\"og:locale\" content=\"fr_FR\" \/>\n<meta property=\"og:type\" content=\"article\" \/>\n<meta property=\"og:title\" content=\"Des Adventistes s\u2019empressent d\u2019apporter leur aide apr\u00e8s qu\u2019un s\u00e9isme mortel secoue le N\u00e9pal - \u00c9glise Adventiste Du Septieme Jour - Inter Am\u00e9rique Division\" \/>\n<meta property=\"og:description\" content=\"Les m\u00e9decins Adventistes du Septi\u00e8me Jour et les travailleurs d\u2019ADRA se sont d\u00e9ploy\u00e9s pour \u0153uvrer au N\u00e9pal apr\u00e8s qu\u2019un puissant s\u00e9isme ait caus\u00e9 la mort de plus de 1150 personnes le sabbat 25 avril, alors que les croyants Adventistes du monde entier prient pour le pays.  L\u2019h\u00f4pital Adventiste situ\u00e9 pr\u00e8s de la capitale du N\u00e9pal, Katmandou, \u00e9tait submerg\u00e9 de patients bless\u00e9s suite au s\u00e9isme de magnitude 7,8 qui a frapp\u00e9 vers midi \u00e0 environ 80 kilom\u00e8tres de Katmandou.\" \/>\n<meta property=\"og:url\" content=\"https:\/\/interamerica.org\/fr\/2015\/04\/des-adventistes-sempressent-dapporter-leur-aide-apres-quun-seisme-mortel-secoue-le-nepal\/\" \/>\n<meta property=\"og:site_name\" content=\"\u00c9glise Adventiste Du Septieme Jour - Inter Am\u00e9rique Division\" \/>\n<meta property=\"article:published_time\" content=\"2015-04-26T04:00:00+00:00\" \/>\n<meta property=\"og:image\" content=\"https:\/\/interamerica.org\/wp-content\/uploads\/2017\/06\/ADRA.Nepal_.Earthquake.1.jpg\" \/>\n\t<meta property=\"og:image:width\" content=\"1015\" \/>\n\t<meta property=\"og:image:height\" content=\"500\" \/>\n\t<meta property=\"og:image:type\" content=\"image\/jpeg\" \/>\n<meta name=\"author\" content=\"Lorenzo Verduzco\" \/>\n<meta name=\"twitter:card\" content=\"summary_large_image\" \/>\n<meta name=\"twitter:label1\" content=\"\u00c9crit par\" \/>\n\t<meta name=\"twitter:data1\" content=\"Lorenzo Verduzco\" \/>\n\t<meta name=\"twitter:label2\" content=\"Dur\u00e9e de lecture estim\u00e9e\" \/>\n\t<meta name=\"twitter:data2\" content=\"4 minutes\" \/>\n<script type=\"application\/ld+json\" class=\"yoast-schema-graph\">{\"@context\":\"https:\\\/\\\/schema.org\",\"@graph\":[{\"@type\":\"Article\",\"@id\":\"https:\\\/\\\/interamerica.org\\\/fr\\\/2015\\\/04\\\/des-adventistes-sempressent-dapporter-leur-aide-apres-quun-seisme-mortel-secoue-le-nepal\\\/#article\",\"isPartOf\":{\"@id\":\"https:\\\/\\\/interamerica.org\\\/fr\\\/2015\\\/04\\\/des-adventistes-sempressent-dapporter-leur-aide-apres-quun-seisme-mortel-secoue-le-nepal\\\/\"},\"author\":{\"name\":\"Lorenzo Verduzco\",\"@id\":\"https:\\\/\\\/interamerica.org\\\/fr\\\/#\\\/schema\\\/person\\\/68ede8bdc292885bb76c1e3810e73c39\"},\"headline\":\"Des Adventistes s\u2019empressent d\u2019apporter leur aide apr\u00e8s qu\u2019un s\u00e9isme mortel secoue le N\u00e9pal\",\"datePublished\":\"2015-04-26T04:00:00+00:00\",\"mainEntityOfPage\":{\"@id\":\"https:\\\/\\\/interamerica.org\\\/fr\\\/2015\\\/04\\\/des-adventistes-sempressent-dapporter-leur-aide-apres-quun-seisme-mortel-secoue-le-nepal\\\/\"},\"wordCount\":827,\"image\":{\"@id\":\"https:\\\/\\\/interamerica.org\\\/fr\\\/2015\\\/04\\\/des-adventistes-sempressent-dapporter-leur-aide-apres-quun-seisme-mortel-secoue-le-nepal\\\/#primaryimage\"},\"thumbnailUrl\":\"https:\\\/\\\/interamerica.org\\\/wp-content\\\/uploads\\\/2017\\\/06\\\/ADRA.Nepal_.Earthquake.1.jpg\",\"articleSection\":[\"Nouvelles de l'\u00c9glise mondiale\",\"RSS Fran\u00e7ais\"],\"inLanguage\":\"fr-FR\"},{\"@type\":\"WebPage\",\"@id\":\"https:\\\/\\\/interamerica.org\\\/fr\\\/2015\\\/04\\\/des-adventistes-sempressent-dapporter-leur-aide-apres-quun-seisme-mortel-secoue-le-nepal\\\/\",\"url\":\"https:\\\/\\\/interamerica.org\\\/fr\\\/2015\\\/04\\\/des-adventistes-sempressent-dapporter-leur-aide-apres-quun-seisme-mortel-secoue-le-nepal\\\/\",\"name\":\"Des Adventistes s\u2019empressent d\u2019apporter leur aide apr\u00e8s qu\u2019un s\u00e9isme mortel secoue le N\u00e9pal - \u00c9glise Adventiste Du Septieme Jour - Inter Am\u00e9rique Division\",\"isPartOf\":{\"@id\":\"https:\\\/\\\/interamerica.org\\\/fr\\\/#website\"},\"primaryImageOfPage\":{\"@id\":\"https:\\\/\\\/interamerica.org\\\/fr\\\/2015\\\/04\\\/des-adventistes-sempressent-dapporter-leur-aide-apres-quun-seisme-mortel-secoue-le-nepal\\\/#primaryimage\"},\"image\":{\"@id\":\"https:\\\/\\\/interamerica.org\\\/fr\\\/2015\\\/04\\\/des-adventistes-sempressent-dapporter-leur-aide-apres-quun-seisme-mortel-secoue-le-nepal\\\/#primaryimage\"},\"thumbnailUrl\":\"https:\\\/\\\/interamerica.org\\\/wp-content\\\/uploads\\\/2017\\\/06\\\/ADRA.Nepal_.Earthquake.1.jpg\",\"datePublished\":\"2015-04-26T04:00:00+00:00\",\"author\":{\"@id\":\"https:\\\/\\\/interamerica.org\\\/fr\\\/#\\\/schema\\\/person\\\/68ede8bdc292885bb76c1e3810e73c39\"},\"breadcrumb\":{\"@id\":\"https:\\\/\\\/interamerica.org\\\/fr\\\/2015\\\/04\\\/des-adventistes-sempressent-dapporter-leur-aide-apres-quun-seisme-mortel-secoue-le-nepal\\\/#breadcrumb\"},\"inLanguage\":\"fr-FR\",\"potentialAction\":[{\"@type\":\"ReadAction\",\"target\":[\"https:\\\/\\\/interamerica.org\\\/fr\\\/2015\\\/04\\\/des-adventistes-sempressent-dapporter-leur-aide-apres-quun-seisme-mortel-secoue-le-nepal\\\/\"]}]},{\"@type\":\"ImageObject\",\"inLanguage\":\"fr-FR\",\"@id\":\"https:\\\/\\\/interamerica.org\\\/fr\\\/2015\\\/04\\\/des-adventistes-sempressent-dapporter-leur-aide-apres-quun-seisme-mortel-secoue-le-nepal\\\/#primaryimage\",\"url\":\"https:\\\/\\\/interamerica.org\\\/wp-content\\\/uploads\\\/2017\\\/06\\\/ADRA.Nepal_.Earthquake.1.jpg\",\"contentUrl\":\"https:\\\/\\\/interamerica.org\\\/wp-content\\\/uploads\\\/2017\\\/06\\\/ADRA.Nepal_.Earthquake.1.jpg\",\"width\":1015,\"height\":500},{\"@type\":\"BreadcrumbList\",\"@id\":\"https:\\\/\\\/interamerica.org\\\/fr\\\/2015\\\/04\\\/des-adventistes-sempressent-dapporter-leur-aide-apres-quun-seisme-mortel-secoue-le-nepal\\\/#breadcrumb\",\"itemListElement\":[{\"@type\":\"ListItem\",\"position\":1,\"name\":\"Home\",\"item\":\"https:\\\/\\\/interamerica.org\\\/fr\\\/\"},{\"@type\":\"ListItem\",\"position\":2,\"name\":\"Des Adventistes s\u2019empressent d\u2019apporter leur aide apr\u00e8s qu\u2019un s\u00e9isme mortel secoue le N\u00e9pal\"}]},{\"@type\":\"WebSite\",\"@id\":\"https:\\\/\\\/interamerica.org\\\/fr\\\/#website\",\"url\":\"https:\\\/\\\/interamerica.org\\\/fr\\\/\",\"name\":\"\u00c9glise Adventiste Du Septieme Jour - Inter Am\u00e9rique Division\",\"description\":\"\",\"potentialAction\":[{\"@type\":\"SearchAction\",\"target\":{\"@type\":\"EntryPoint\",\"urlTemplate\":\"https:\\\/\\\/interamerica.org\\\/fr\\\/?s={search_term_string}\"},\"query-input\":{\"@type\":\"PropertyValueSpecification\",\"valueRequired\":true,\"valueName\":\"search_term_string\"}}],\"inLanguage\":\"fr-FR\"},{\"@type\":\"Person\",\"@id\":\"https:\\\/\\\/interamerica.org\\\/fr\\\/#\\\/schema\\\/person\\\/68ede8bdc292885bb76c1e3810e73c39\",\"name\":\"Lorenzo Verduzco\",\"image\":{\"@type\":\"ImageObject\",\"inLanguage\":\"fr-FR\",\"@id\":\"https:\\\/\\\/secure.gravatar.com\\\/avatar\\\/fb81a55b6218459490a9c1dc841a34909185b81904c5337b4b27f7a6fd60c49e?s=96&d=mm&r=g\",\"url\":\"https:\\\/\\\/secure.gravatar.com\\\/avatar\\\/fb81a55b6218459490a9c1dc841a34909185b81904c5337b4b27f7a6fd60c49e?s=96&d=mm&r=g\",\"contentUrl\":\"https:\\\/\\\/secure.gravatar.com\\\/avatar\\\/fb81a55b6218459490a9c1dc841a34909185b81904c5337b4b27f7a6fd60c49e?s=96&d=mm&r=g\",\"caption\":\"Lorenzo Verduzco\"}}]}<\/script>\n<!-- \/ Yoast SEO plugin. -->","yoast_head_json":{"title":"Des Adventistes s\u2019empressent d\u2019apporter leur aide apr\u00e8s qu\u2019un s\u00e9isme mortel secoue le N\u00e9pal - \u00c9glise Adventiste Du Septieme Jour - Inter Am\u00e9rique Division","robots":{"index":"index","follow":"follow","max-snippet":"max-snippet:-1","max-image-preview":"max-image-preview:large","max-video-preview":"max-video-preview:-1"},"canonical":"https:\/\/interamerica.org\/fr\/2015\/04\/des-adventistes-sempressent-dapporter-leur-aide-apres-quun-seisme-mortel-secoue-le-nepal\/","og_locale":"fr_FR","og_type":"article","og_title":"Des Adventistes s\u2019empressent d\u2019apporter leur aide apr\u00e8s qu\u2019un s\u00e9isme mortel secoue le N\u00e9pal - \u00c9glise Adventiste Du Septieme Jour - Inter Am\u00e9rique Division","og_description":"Les m\u00e9decins Adventistes du Septi\u00e8me Jour et les travailleurs d\u2019ADRA se sont d\u00e9ploy\u00e9s pour \u0153uvrer au N\u00e9pal apr\u00e8s qu\u2019un puissant s\u00e9isme ait caus\u00e9 la mort de plus de 1150 personnes le sabbat 25 avril, alors que les croyants Adventistes du monde entier prient pour le pays.  L\u2019h\u00f4pital Adventiste situ\u00e9 pr\u00e8s de la capitale du N\u00e9pal, Katmandou, \u00e9tait submerg\u00e9 de patients bless\u00e9s suite au s\u00e9isme de magnitude 7,8 qui a frapp\u00e9 vers midi \u00e0 environ 80 kilom\u00e8tres de Katmandou.","og_url":"https:\/\/interamerica.org\/fr\/2015\/04\/des-adventistes-sempressent-dapporter-leur-aide-apres-quun-seisme-mortel-secoue-le-nepal\/","og_site_name":"\u00c9glise Adventiste Du Septieme Jour - Inter Am\u00e9rique Division","article_published_time":"2015-04-26T04:00:00+00:00","og_image":[{"width":1015,"height":500,"url":"https:\/\/interamerica.org\/wp-content\/uploads\/2017\/06\/ADRA.Nepal_.Earthquake.1.jpg","type":"image\/jpeg"}],"author":"Lorenzo Verduzco","twitter_card":"summary_large_image","twitter_misc":{"\u00c9crit par":"Lorenzo Verduzco","Dur\u00e9e de lecture estim\u00e9e":"4 minutes"},"schema":{"@context":"https:\/\/schema.org","@graph":[{"@type":"Article","@id":"https:\/\/interamerica.org\/fr\/2015\/04\/des-adventistes-sempressent-dapporter-leur-aide-apres-quun-seisme-mortel-secoue-le-nepal\/#article","isPartOf":{"@id":"https:\/\/interamerica.org\/fr\/2015\/04\/des-adventistes-sempressent-dapporter-leur-aide-apres-quun-seisme-mortel-secoue-le-nepal\/"},"author":{"name":"Lorenzo Verduzco","@id":"https:\/\/interamerica.org\/fr\/#\/schema\/person\/68ede8bdc292885bb76c1e3810e73c39"},"headline":"Des Adventistes s\u2019empressent d\u2019apporter leur aide apr\u00e8s qu\u2019un s\u00e9isme mortel secoue le N\u00e9pal","datePublished":"2015-04-26T04:00:00+00:00","mainEntityOfPage":{"@id":"https:\/\/interamerica.org\/fr\/2015\/04\/des-adventistes-sempressent-dapporter-leur-aide-apres-quun-seisme-mortel-secoue-le-nepal\/"},"wordCount":827,"image":{"@id":"https:\/\/interamerica.org\/fr\/2015\/04\/des-adventistes-sempressent-dapporter-leur-aide-apres-quun-seisme-mortel-secoue-le-nepal\/#primaryimage"},"thumbnailUrl":"https:\/\/interamerica.org\/wp-content\/uploads\/2017\/06\/ADRA.Nepal_.Earthquake.1.jpg","articleSection":["Nouvelles de l'\u00c9glise mondiale","RSS Fran\u00e7ais"],"inLanguage":"fr-FR"},{"@type":"WebPage","@id":"https:\/\/interamerica.org\/fr\/2015\/04\/des-adventistes-sempressent-dapporter-leur-aide-apres-quun-seisme-mortel-secoue-le-nepal\/","url":"https:\/\/interamerica.org\/fr\/2015\/04\/des-adventistes-sempressent-dapporter-leur-aide-apres-quun-seisme-mortel-secoue-le-nepal\/","name":"Des Adventistes s\u2019empressent d\u2019apporter leur aide apr\u00e8s qu\u2019un s\u00e9isme mortel secoue le N\u00e9pal - \u00c9glise Adventiste Du Septieme Jour - Inter Am\u00e9rique Division","isPartOf":{"@id":"https:\/\/interamerica.org\/fr\/#website"},"primaryImageOfPage":{"@id":"https:\/\/interamerica.org\/fr\/2015\/04\/des-adventistes-sempressent-dapporter-leur-aide-apres-quun-seisme-mortel-secoue-le-nepal\/#primaryimage"},"image":{"@id":"https:\/\/interamerica.org\/fr\/2015\/04\/des-adventistes-sempressent-dapporter-leur-aide-apres-quun-seisme-mortel-secoue-le-nepal\/#primaryimage"},"thumbnailUrl":"https:\/\/interamerica.org\/wp-content\/uploads\/2017\/06\/ADRA.Nepal_.Earthquake.1.jpg","datePublished":"2015-04-26T04:00:00+00:00","author":{"@id":"https:\/\/interamerica.org\/fr\/#\/schema\/person\/68ede8bdc292885bb76c1e3810e73c39"},"breadcrumb":{"@id":"https:\/\/interamerica.org\/fr\/2015\/04\/des-adventistes-sempressent-dapporter-leur-aide-apres-quun-seisme-mortel-secoue-le-nepal\/#breadcrumb"},"inLanguage":"fr-FR","potentialAction":[{"@type":"ReadAction","target":["https:\/\/interamerica.org\/fr\/2015\/04\/des-adventistes-sempressent-dapporter-leur-aide-apres-quun-seisme-mortel-secoue-le-nepal\/"]}]},{"@type":"ImageObject","inLanguage":"fr-FR","@id":"https:\/\/interamerica.org\/fr\/2015\/04\/des-adventistes-sempressent-dapporter-leur-aide-apres-quun-seisme-mortel-secoue-le-nepal\/#primaryimage","url":"https:\/\/interamerica.org\/wp-content\/uploads\/2017\/06\/ADRA.Nepal_.Earthquake.1.jpg","contentUrl":"https:\/\/interamerica.org\/wp-content\/uploads\/2017\/06\/ADRA.Nepal_.Earthquake.1.jpg","width":1015,"height":500},{"@type":"BreadcrumbList","@id":"https:\/\/interamerica.org\/fr\/2015\/04\/des-adventistes-sempressent-dapporter-leur-aide-apres-quun-seisme-mortel-secoue-le-nepal\/#breadcrumb","itemListElement":[{"@type":"ListItem","position":1,"name":"Home","item":"https:\/\/interamerica.org\/fr\/"},{"@type":"ListItem","position":2,"name":"Des Adventistes s\u2019empressent d\u2019apporter leur aide apr\u00e8s qu\u2019un s\u00e9isme mortel secoue le N\u00e9pal"}]},{"@type":"WebSite","@id":"https:\/\/interamerica.org\/fr\/#website","url":"https:\/\/interamerica.org\/fr\/","name":"\u00c9glise Adventiste Du Septieme Jour - Inter Am\u00e9rique Division","description":"","potentialAction":[{"@type":"SearchAction","target":{"@type":"EntryPoint","urlTemplate":"https:\/\/interamerica.org\/fr\/?s={search_term_string}"},"query-input":{"@type":"PropertyValueSpecification","valueRequired":true,"valueName":"search_term_string"}}],"inLanguage":"fr-FR"},{"@type":"Person","@id":"https:\/\/interamerica.org\/fr\/#\/schema\/person\/68ede8bdc292885bb76c1e3810e73c39","name":"Lorenzo Verduzco","image":{"@type":"ImageObject","inLanguage":"fr-FR","@id":"https:\/\/secure.gravatar.com\/avatar\/fb81a55b6218459490a9c1dc841a34909185b81904c5337b4b27f7a6fd60c49e?s=96&d=mm&r=g","url":"https:\/\/secure.gravatar.com\/avatar\/fb81a55b6218459490a9c1dc841a34909185b81904c5337b4b27f7a6fd60c49e?s=96&d=mm&r=g","contentUrl":"https:\/\/secure.gravatar.com\/avatar\/fb81a55b6218459490a9c1dc841a34909185b81904c5337b4b27f7a6fd60c49e?s=96&d=mm&r=g","caption":"Lorenzo Verduzco"}}]}},"_links":{"self":[{"href":"https:\/\/interamerica.org\/fr\/wp-json\/wp\/v2\/posts\/32251","targetHints":{"allow":["GET"]}}],"collection":[{"href":"https:\/\/interamerica.org\/fr\/wp-json\/wp\/v2\/posts"}],"about":[{"href":"https:\/\/interamerica.org\/fr\/wp-json\/wp\/v2\/types\/post"}],"author":[{"embeddable":true,"href":"https:\/\/interamerica.org\/fr\/wp-json\/wp\/v2\/users\/1"}],"replies":[{"embeddable":true,"href":"https:\/\/interamerica.org\/fr\/wp-json\/wp\/v2\/comments?post=32251"}],"version-history":[{"count":0,"href":"https:\/\/interamerica.org\/fr\/wp-json\/wp\/v2\/posts\/32251\/revisions"}],"wp:featuredmedia":[{"embeddable":true,"href":"https:\/\/interamerica.org\/fr\/wp-json\/wp\/v2\/media\/25097"}],"wp:attachment":[{"href":"https:\/\/interamerica.org\/fr\/wp-json\/wp\/v2\/media?parent=32251"}],"wp:term":[{"taxonomy":"category","embeddable":true,"href":"https:\/\/interamerica.org\/fr\/wp-json\/wp\/v2\/categories?post=32251"},{"taxonomy":"post_tag","embeddable":true,"href":"https:\/\/interamerica.org\/fr\/wp-json\/wp\/v2\/tags?post=32251"}],"curies":[{"name":"wp","href":"https:\/\/api.w.org\/{rel}","templated":true}]}}