{"id":32252,"date":"2015-04-27T00:00:00","date_gmt":"2015-04-27T04:00:00","guid":{"rendered":"http:\/\/192.81.217.108\/interamerica\/2015\/04\/leglise-adventiste-au-nepal-demande-une-aide-urgente\/"},"modified":"2015-04-27T00:00:00","modified_gmt":"2015-04-27T04:00:00","slug":"leglise-adventiste-au-nepal-demande-une-aide-urgente","status":"publish","type":"post","link":"https:\/\/interamerica.org\/fr\/2015\/04\/leglise-adventiste-au-nepal-demande-une-aide-urgente\/","title":{"rendered":"L\u2019Eglise Adventiste au N\u00e9pal demande une aide urgente"},"content":{"rendered":"<div id=\"attachment_16577\" style=\"width: 710px\" class=\"wp-caption aligncenter\"><a href=\"\/interamerica\/wp-content\/uploads\/2017\/06\/Nepalphoto.5.jpg\" rel=\"fancybox\" title=\"L\u2019Eglise Adventiste au N\u00e9pal demande une aide urgente\"><img fetchpriority=\"high\" decoding=\"async\" aria-describedby=\"caption-attachment-16577\" class=\" wp-image-16577 \" src=\"\/interamerica\/wp-content\/uploads\/2017\/06\/Nepalphoto.5.jpg\" alt=\"\" width=\"700\" height=\"350\" \/><\/a><p id=\"caption-attachment-16577\" class=\"wp-caption-text\">Des gens vivant dans l\u2019une des nombreuses tentes qui ont fleuri autour de Katmandou, la capitale du N\u00e9pal. Image de Umesh Pokharel.<\/p><\/div>\n<p>27 Avril 2015 \u2013 Silver Spring, Maryland, Etats Unis -Andrew McChesney, r\u00e9dacteur Adventist Review<\/p>\n<p>Le pr\u00e9sident de l\u2019Eglise Adventiste du Septi\u00e8me Jour au N\u00e9pal a lanc\u00e9 lundi un appel \u00e0 l\u2019aide urgent en faveur des nombreux membres d\u2019\u00e9glise qui ont tout perdu lors d\u2019un s\u00e9isme d\u00e9vastateur qui a eu lieu ce weekend.<\/p>\n<p>Les membres ont besoin dans l\u2019imm\u00e9diat de v\u00eatements chauds, d\u2019eau potable et de tentes pour faire face \u00e0 la situation qui les am\u00e8ne \u00e0 dormir dehors dans le froid et parfois le temps pluvieux, apr\u00e8s qu\u2019un s\u00e9isme de magnitude 7,8 ait frapp\u00e9 le N\u00e9pal le sabbat 25 avril, causant la mort de plus de 4000 personnes et blessant 7000 autres, a d\u00e9clar\u00e9 Umesh Pokharel, pr\u00e9sident de la Section du N\u00e9pal, un champ rattach\u00e9 de la Division de l\u2019Asie du Sud.<\/p>\n<p>\u00ab Nous voudrions lancer un appel \u00e0 nos fr\u00e8res et s\u0153urs du monde entier pour qu\u2019ils nous apportent leur aide. Votre aide modeste sera importante pour l\u2019\u00e9glise, \u00bb a dit Umesh Pokharel \u00e0 Adventist Review.<\/p>\n<p>Bien que plusieurs organisations, de concert avec le gouvernement, fassent de leur mieux, nous nous pr\u00e9occupons de la situation de nos ouvriers dans le champ ainsi que celle des membres d\u2019\u00e9glise qui ont tout perdu, \u00bb a t-il dit. Ils ont besoin d\u2019un minimum de v\u00eatements convenables, d\u2019eau et de tentes. \u00bb<\/p>\n<p>On ne conna\u00eet pas le nombre exact d\u2019Adventistes qui ont besoin d\u2019aide parce que le tremblement de terre, dont l\u2019\u00e9picentre se situait \u00e0 80 kilom\u00e8tres de Katmandou, la capitale du N\u00e9pal, a interrompu les communications dans le centre du pays. L\u2019Eglise Adventiste compte environ 1700 membres et 36 ouvriers, y compris les pasteurs, qui se r\u00e9unissent dans 14 \u00e9glises dans la r\u00e9gion touch\u00e9e, a dit Umesh Pokharel.<\/p>\n<p><strong>Faire les Comptes<\/strong><\/p>\n<p>Parmi les personnes se trouvant dans le besoin, il y a les membres d\u2019\u00e9glise de Kaping, un village se trouvant \u00e0 environ 80 kilom\u00e8tres de Katmandou. Le pasteur de l\u2019\u00e9glise, Bishnu Rokka, ainsi que plusieurs des 76 autres membres ont perdu leurs maisons, alors que l\u2019\u00e9glise elle, a vu ses murs se fissurer, a indiqu\u00e9 Pokharel.<\/p>\n<p>Shankar Baral, un pasteur de la r\u00e9gion nord de Katmandou, a indiqu\u00e9 que les maisons de plusieurs de ses membres avaient \u00e9galement \u00e9t\u00e9 s\u00e9v\u00e8rement endommag\u00e9es.<\/p>\n<p>Une instructrice biblique de Sangachock a d\u00e9clar\u00e9 que plusieurs des maisons de son village avaient \u00e9t\u00e9 ras\u00e9es, elle a fait \u00e9tat d\u2019un besoin urgent de nourriture, d\u2019abris et de v\u00eatements.<\/p>\n<p>\u00ab Nous envisageons d\u2019envoyer certains parmi nous leur apporter de l\u2019aide, \u00bb a dit Umesh Pokharel.<\/p>\n<p>Le comptable de la Section du N\u00e9pal, Binod Dahal, s\u2019est rendu dans son village apr\u00e8s avoir entendu que la maison de son p\u00e8re s\u2019\u00e9tait effondr\u00e9e.<\/p>\n<p>Les dons en faveur de l\u2019Eglise Adventiste au N\u00e9pal peuvent \u00eatre envoy\u00e9s \u00e0 la Conf\u00e9rence G\u00e9n\u00e9rale des Adventistes du Septi\u00e8me Jour, le corps administratif de l\u2019Eglise Adventiste mondiale situ\u00e9 \u00e0 Silver Spring dans le Maryland.<\/p>\n<ul>\n<li>Faites un don \u00e0 l\u2019Eglise Adventiste au N\u00e9pal en adressant votre ch\u00e8que ou mandat \u00e0 la \u00ab Conf\u00e9rence G\u00e9n\u00e9rale des Adventistes du Septi\u00e8me Jour \u00bb en inscrivant \u00ab Fonds de Secours pour la Section du N\u00e9pal. \u00bb L\u2019enveloppe devrait \u00eatre adress\u00e9e \u00e0 :<br \/>\nDonation Cashier<br \/>\nGeneral Conference of Seventh-day Adventists<br \/>\n12501 Old Columbia Pike<br \/>\nSilver Spring, MD 20904L\u2019argent sera utilis\u00e9 pour r\u00e9pondre aux besoins des membres Adventistes<\/li>\n<li>Faites un don \u00e0 ADRA en visitant ADRA.org et en cliquant sur le bouton \u00ab Faire un Don \u00bb en haut de la page d\u2019accueil. L\u2019argent sera utilis\u00e9 pour les efforts humanitaires en g\u00e9n\u00e9ral.<\/li>\n<li>Faites un don \u00e0 AsianAid USA en visitant AsianAid.org et en cliquant sur le rapport \u00ab Le N\u00e9pal a Besoin de Notre Aide. \u00bb L\u2019argent ira \u00e0 l\u2019H\u00f4pital Adventiste Scheer Memorial pr\u00e8s de Katmandou.<\/li>\n<\/ul>\n<p><strong>ADRA et l\u2019H\u00f4pital Scheer Memorial<\/strong><\/p>\n<p>L\u2019appel de l\u2019Eglise Adventiste au N\u00e9pal intervient au moment o\u00f9 les gouvernements et les agences humanitaires \u00e0 travers le monde s\u2019empressent d\u2019apporter leur aide au pays d\u00e9vast\u00e9.<\/p>\n<div id=\"attachment_16578\" style=\"width: 586px\" class=\"wp-caption alignright\"><a href=\"\/interamerica\/wp-content\/uploads\/2017\/06\/Nepalphoto-5b.jpg\" rel=\"fancybox\" title=\"L\u2019Eglise Adventiste au N\u00e9pal demande une aide urgente\"><img decoding=\"async\" aria-describedby=\"caption-attachment-16578\" class=\" wp-image-16578 \" src=\"\/interamerica\/wp-content\/uploads\/2017\/06\/Nepalphoto-5b.jpg\" alt=\"\" width=\"576\" height=\"432\" \/><\/a><p id=\"caption-attachment-16578\" class=\"wp-caption-text\">Quelques unes des habitations de Katmandou. Image de Umesh Pokharel<\/p><\/div>\n<p>L\u2019Agence Adventiste de D\u00e9veloppement et d\u2019Aide Humanitaire, bas\u00e9e au si\u00e8ge de la Conf\u00e9rence G\u00e9n\u00e9rale, a d\u00e9ploy\u00e9 lundi une \u00e9quipe d\u2019intervention d\u2019urgence dans la capitale n\u00e9palaise, Katmandou, afin d\u2019aider les membres de son bureau au N\u00e9pal \u00e0 mettre en place des abris pour les nouvelles personnes se trouvant sans abri.<\/p>\n<p>AsianAid USA, un minist\u00e8re annexe de l\u2019Eglise Adventiste, a lanc\u00e9 un appel au soutien pour l\u2019H\u00f4pital Adventiste Scheer Memorial qui se trouve en dehors de Katmandou.<\/p>\n<p>L\u2019h\u00f4pital de 130 lits a \u00e9t\u00e9 submerg\u00e9 par des personnes cherchant de l\u2019aide, a dit Jim Rennie, responsable ex\u00e9cutif d\u2019AsianAid USA, qui collabore avec l\u2019h\u00f4pital depuis des ann\u00e9es et sponsorise plus de 100 enfants au N\u00e9pal.<\/p>\n<p>\u00ab L\u2019h\u00f4pital a un besoin urgent de fonds et de provisions, \u00bb a t-il dit par t\u00e9l\u00e9phone.<\/p>\n<p>Il a indiqu\u00e9 que tous les dons iraient directement \u00e0 l\u2019h\u00f4pital et seraient achemin\u00e9s chaque semaine.<\/p>\n<p>Umesh Pokharel a d\u00e9clar\u00e9 que la situation \u00e9tait difficile \u00e0 l\u2019h\u00f4pital, plus de 200 personnes cherchaient \u00e0 recevoir de l\u2019aide dimanche seulement. \u00ab Nos membres d\u2019\u00e9glise ainsi que nos ouvriers apportent \u00e9galement leur aide \u00e0 l\u2019h\u00f4pital, \u00bb a t-il dit.<\/p>\n<p><strong>Une Raison de Louer Dieu<\/strong><\/p>\n<p>Des camps de tentes ont fleuri \u00e0 Katmandou et \u00e0 travers le N\u00e9pal alors que des dizaines de r\u00e9pliques du s\u00e9isme de ce weekend ont pouss\u00e9 des dizaines de milliers de personnes \u2013 m\u00eame celles qui avaient encore des maisons- dans une qu\u00eate d\u00e9sesp\u00e9r\u00e9e de s\u00e9curit\u00e9. Umesh Pokharel et sa famille font partie de ceux qui dorment sous des tentes.<\/p>\n<p>La capitale \u00e9tait en arr\u00eat virtuel lundi, a dit Pokharel.<\/p>\n<p>\u00ab Le soleil brille, mais les gens restent \u00e0 l\u2019ext\u00e9rieur, \u00bb a t-il dit. \u00ab On n\u2019aper\u00e7oit que tr\u00e8s peu de mouvement dans les rues. Presque toutes les \u00e9coles, les universit\u00e9s et les organisations priv\u00e9es sont ferm\u00e9es. Les v\u00e9hicules du gouvernement et les v\u00e9hicules de secours sont pratiquement les seuls \u00e0 circuler sur les routes. \u00bb<\/p>\n<p>Lisez l\u2019article: \u00ab Un leader Adventiste raconte les sc\u00e8nes de panique et la souffrance \u00bb<\/p>\n<p>Au milieu de cette trag\u00e9die, Umesh Pokharel a d\u00e9clar\u00e9 qu\u2019il avait une raison personnelle de louer Dieu pour le fait qu\u2019Il prenait soin de lui.<\/p>\n<p>Umesh Pokharel avait fait des plans pour se rendre \u00e0 Makwanpur, \u00e0 300 kilom\u00e8tres de Katmandou, pour un service baptismal qui devait avoir lieu le jour o\u00f9 le tremblement de terre s\u2019est produit. Mais une circonstance impr\u00e9vue l\u2019a amen\u00e9 \u00e0 annuler ses plans \u00e0 la derni\u00e8re minute. Plusieurs Adventistes l\u2019ont encourag\u00e9 \u00e0 reconsid\u00e9rer ses plans, mais il a refus\u00e9 d\u2019aller dans ce sens.<\/p>\n<p>\u00ab Quelques uns de nos membres n\u2019\u00e9taient pas \u00e0 l\u2019aise avec ma d\u00e9cision, mais j\u2019\u00e9tais s\u00fbr que c\u2019\u00e9tait la d\u00e9cision de Dieu, pas la mienne, \u00bb a dit fr\u00e8re Pokharel.<\/p>\n<p>Il a d\u00e9clar\u00e9 r\u00e9aliser maintenant qu\u2019il n\u2019aurait pas \u00e9t\u00e9 avec son \u00e9pouse et ses deux jeunes enfants au moment o\u00f9 le s\u00e9isme s\u2019est produit s\u2019il avait entrepris ce voyage.<\/p>\n<p>\u00ab Cela aurait provoqu\u00e9 plus de panique pour moi et ma famille, \u00bb a t-il dit. \u00ab De plus, je n\u2019aurais pas pu revenir \u00e0 la maison \u00e0 cause des routes endommag\u00e9es, et ma famille n\u2019aurait pas pu vivre \u00e0 l\u2019ext\u00e9rieur sans moi. \u00bb<\/p>\n<p>Traduction: Patrick Luciathe<\/p>\n","protected":false},"excerpt":{"rendered":"<p>Le pr\u00e9sident de l\u2019Eglise Adventiste du Septi\u00e8me Jour au N\u00e9pal a lanc\u00e9 lundi un appel \u00e0 l\u2019aide urgent en faveur des nombreux membres d\u2019\u00e9glise qui ont tout perdu lors d\u2019un s\u00e9isme d\u00e9vastateur qui a eu lieu ce weekend.  <\/p>\n<p>Les membres ont besoin dans l\u2019imm\u00e9diat de v\u00eatements chauds, d\u2019eau potable et de tentes pour faire face \u00e0 la situation qui les am\u00e8ne \u00e0 dormir dehors dans le froid et parfois le temps pluvieux, apr\u00e8s qu\u2019un s\u00e9isme de magnitude 7,8 ait frapp\u00e9 le N\u00e9pal le sabbat 25 avril, causant la mort de plus de 4000 personnes et blessant 7000 autres, a d\u00e9clar\u00e9 Umesh Pokharel, pr\u00e9sident de la Section du N\u00e9pal, un champ rattach\u00e9 de la Division de l\u2019Asie du Sud.<\/p>\n","protected":false},"author":1,"featured_media":25125,"comment_status":"closed","ping_status":"closed","sticky":false,"template":"","format":"standard","meta":{"_acf_changed":false,"footnotes":""},"categories":[18,19],"tags":[],"class_list":["post-32252","post","type-post","status-publish","format-standard","has-post-thumbnail","hentry","category-nouvelles-de-leglise-mondiale","category-rss-francais"],"acf":[],"yoast_head":"<!-- This site is optimized with the Yoast SEO plugin v27.3 - https:\/\/yoast.com\/product\/yoast-seo-wordpress\/ -->\n<title>L\u2019Eglise Adventiste au N\u00e9pal demande une aide urgente - \u00c9glise Adventiste Du Septieme Jour - Inter Am\u00e9rique Division<\/title>\n<meta name=\"robots\" content=\"index, follow, max-snippet:-1, max-image-preview:large, max-video-preview:-1\" \/>\n<link rel=\"canonical\" href=\"https:\/\/interamerica.org\/fr\/2015\/04\/leglise-adventiste-au-nepal-demande-une-aide-urgente\/\" \/>\n<meta property=\"og:locale\" content=\"fr_FR\" \/>\n<meta property=\"og:type\" content=\"article\" \/>\n<meta property=\"og:title\" content=\"L\u2019Eglise Adventiste au N\u00e9pal demande une aide urgente - \u00c9glise Adventiste Du Septieme Jour - Inter Am\u00e9rique Division\" \/>\n<meta property=\"og:description\" content=\"Le pr\u00e9sident de l\u2019Eglise Adventiste du Septi\u00e8me Jour au N\u00e9pal a lanc\u00e9 lundi un appel \u00e0 l\u2019aide urgent en faveur des nombreux membres d\u2019\u00e9glise qui ont tout perdu lors d\u2019un s\u00e9isme d\u00e9vastateur qui a eu lieu ce weekend.  Les membres ont besoin dans l\u2019imm\u00e9diat de v\u00eatements chauds, d\u2019eau potable et de tentes pour faire face \u00e0 la situation qui les am\u00e8ne \u00e0 dormir dehors dans le froid et parfois le temps pluvieux, apr\u00e8s qu\u2019un s\u00e9isme de magnitude 7,8 ait frapp\u00e9 le N\u00e9pal le sabbat 25 avril, causant la mort de plus de 4000 personnes et blessant 7000 autres, a d\u00e9clar\u00e9 Umesh Pokharel, pr\u00e9sident de la Section du N\u00e9pal, un champ rattach\u00e9 de la Division de l\u2019Asie du Sud.\" \/>\n<meta property=\"og:url\" content=\"https:\/\/interamerica.org\/fr\/2015\/04\/leglise-adventiste-au-nepal-demande-une-aide-urgente\/\" \/>\n<meta property=\"og:site_name\" content=\"\u00c9glise Adventiste Du Septieme Jour - Inter Am\u00e9rique Division\" \/>\n<meta property=\"article:published_time\" content=\"2015-04-27T04:00:00+00:00\" \/>\n<meta property=\"og:image\" content=\"https:\/\/interamerica.org\/wp-content\/uploads\/2017\/06\/Nepalphoto.5.jpg\" \/>\n\t<meta property=\"og:image:width\" content=\"1000\" \/>\n\t<meta property=\"og:image:height\" content=\"500\" \/>\n\t<meta property=\"og:image:type\" content=\"image\/jpeg\" \/>\n<meta name=\"author\" content=\"Lorenzo Verduzco\" \/>\n<meta name=\"twitter:card\" content=\"summary_large_image\" \/>\n<meta name=\"twitter:label1\" content=\"\u00c9crit par\" \/>\n\t<meta name=\"twitter:data1\" content=\"Lorenzo Verduzco\" \/>\n\t<meta name=\"twitter:label2\" content=\"Dur\u00e9e de lecture estim\u00e9e\" \/>\n\t<meta name=\"twitter:data2\" content=\"7 minutes\" \/>\n<script type=\"application\/ld+json\" class=\"yoast-schema-graph\">{\"@context\":\"https:\\\/\\\/schema.org\",\"@graph\":[{\"@type\":\"Article\",\"@id\":\"https:\\\/\\\/interamerica.org\\\/fr\\\/2015\\\/04\\\/leglise-adventiste-au-nepal-demande-une-aide-urgente\\\/#article\",\"isPartOf\":{\"@id\":\"https:\\\/\\\/interamerica.org\\\/fr\\\/2015\\\/04\\\/leglise-adventiste-au-nepal-demande-une-aide-urgente\\\/\"},\"author\":{\"name\":\"Lorenzo Verduzco\",\"@id\":\"https:\\\/\\\/interamerica.org\\\/fr\\\/#\\\/schema\\\/person\\\/68ede8bdc292885bb76c1e3810e73c39\"},\"headline\":\"L\u2019Eglise Adventiste au N\u00e9pal demande une aide urgente\",\"datePublished\":\"2015-04-27T04:00:00+00:00\",\"mainEntityOfPage\":{\"@id\":\"https:\\\/\\\/interamerica.org\\\/fr\\\/2015\\\/04\\\/leglise-adventiste-au-nepal-demande-une-aide-urgente\\\/\"},\"wordCount\":1338,\"image\":{\"@id\":\"https:\\\/\\\/interamerica.org\\\/fr\\\/2015\\\/04\\\/leglise-adventiste-au-nepal-demande-une-aide-urgente\\\/#primaryimage\"},\"thumbnailUrl\":\"https:\\\/\\\/interamerica.org\\\/wp-content\\\/uploads\\\/2017\\\/06\\\/Nepalphoto.5.jpg\",\"articleSection\":[\"Nouvelles de l'\u00c9glise mondiale\",\"RSS Fran\u00e7ais\"],\"inLanguage\":\"fr-FR\"},{\"@type\":\"WebPage\",\"@id\":\"https:\\\/\\\/interamerica.org\\\/fr\\\/2015\\\/04\\\/leglise-adventiste-au-nepal-demande-une-aide-urgente\\\/\",\"url\":\"https:\\\/\\\/interamerica.org\\\/fr\\\/2015\\\/04\\\/leglise-adventiste-au-nepal-demande-une-aide-urgente\\\/\",\"name\":\"L\u2019Eglise Adventiste au N\u00e9pal demande une aide urgente - \u00c9glise Adventiste Du Septieme Jour - Inter Am\u00e9rique Division\",\"isPartOf\":{\"@id\":\"https:\\\/\\\/interamerica.org\\\/fr\\\/#website\"},\"primaryImageOfPage\":{\"@id\":\"https:\\\/\\\/interamerica.org\\\/fr\\\/2015\\\/04\\\/leglise-adventiste-au-nepal-demande-une-aide-urgente\\\/#primaryimage\"},\"image\":{\"@id\":\"https:\\\/\\\/interamerica.org\\\/fr\\\/2015\\\/04\\\/leglise-adventiste-au-nepal-demande-une-aide-urgente\\\/#primaryimage\"},\"thumbnailUrl\":\"https:\\\/\\\/interamerica.org\\\/wp-content\\\/uploads\\\/2017\\\/06\\\/Nepalphoto.5.jpg\",\"datePublished\":\"2015-04-27T04:00:00+00:00\",\"author\":{\"@id\":\"https:\\\/\\\/interamerica.org\\\/fr\\\/#\\\/schema\\\/person\\\/68ede8bdc292885bb76c1e3810e73c39\"},\"breadcrumb\":{\"@id\":\"https:\\\/\\\/interamerica.org\\\/fr\\\/2015\\\/04\\\/leglise-adventiste-au-nepal-demande-une-aide-urgente\\\/#breadcrumb\"},\"inLanguage\":\"fr-FR\",\"potentialAction\":[{\"@type\":\"ReadAction\",\"target\":[\"https:\\\/\\\/interamerica.org\\\/fr\\\/2015\\\/04\\\/leglise-adventiste-au-nepal-demande-une-aide-urgente\\\/\"]}]},{\"@type\":\"ImageObject\",\"inLanguage\":\"fr-FR\",\"@id\":\"https:\\\/\\\/interamerica.org\\\/fr\\\/2015\\\/04\\\/leglise-adventiste-au-nepal-demande-une-aide-urgente\\\/#primaryimage\",\"url\":\"https:\\\/\\\/interamerica.org\\\/wp-content\\\/uploads\\\/2017\\\/06\\\/Nepalphoto.5.jpg\",\"contentUrl\":\"https:\\\/\\\/interamerica.org\\\/wp-content\\\/uploads\\\/2017\\\/06\\\/Nepalphoto.5.jpg\",\"width\":1000,\"height\":500},{\"@type\":\"BreadcrumbList\",\"@id\":\"https:\\\/\\\/interamerica.org\\\/fr\\\/2015\\\/04\\\/leglise-adventiste-au-nepal-demande-une-aide-urgente\\\/#breadcrumb\",\"itemListElement\":[{\"@type\":\"ListItem\",\"position\":1,\"name\":\"Home\",\"item\":\"https:\\\/\\\/interamerica.org\\\/fr\\\/\"},{\"@type\":\"ListItem\",\"position\":2,\"name\":\"L\u2019Eglise Adventiste au N\u00e9pal demande une aide urgente\"}]},{\"@type\":\"WebSite\",\"@id\":\"https:\\\/\\\/interamerica.org\\\/fr\\\/#website\",\"url\":\"https:\\\/\\\/interamerica.org\\\/fr\\\/\",\"name\":\"\u00c9glise Adventiste Du Septieme Jour - Inter Am\u00e9rique Division\",\"description\":\"\",\"potentialAction\":[{\"@type\":\"SearchAction\",\"target\":{\"@type\":\"EntryPoint\",\"urlTemplate\":\"https:\\\/\\\/interamerica.org\\\/fr\\\/?s={search_term_string}\"},\"query-input\":{\"@type\":\"PropertyValueSpecification\",\"valueRequired\":true,\"valueName\":\"search_term_string\"}}],\"inLanguage\":\"fr-FR\"},{\"@type\":\"Person\",\"@id\":\"https:\\\/\\\/interamerica.org\\\/fr\\\/#\\\/schema\\\/person\\\/68ede8bdc292885bb76c1e3810e73c39\",\"name\":\"Lorenzo Verduzco\",\"image\":{\"@type\":\"ImageObject\",\"inLanguage\":\"fr-FR\",\"@id\":\"https:\\\/\\\/secure.gravatar.com\\\/avatar\\\/fb81a55b6218459490a9c1dc841a34909185b81904c5337b4b27f7a6fd60c49e?s=96&d=mm&r=g\",\"url\":\"https:\\\/\\\/secure.gravatar.com\\\/avatar\\\/fb81a55b6218459490a9c1dc841a34909185b81904c5337b4b27f7a6fd60c49e?s=96&d=mm&r=g\",\"contentUrl\":\"https:\\\/\\\/secure.gravatar.com\\\/avatar\\\/fb81a55b6218459490a9c1dc841a34909185b81904c5337b4b27f7a6fd60c49e?s=96&d=mm&r=g\",\"caption\":\"Lorenzo Verduzco\"}}]}<\/script>\n<!-- \/ Yoast SEO plugin. -->","yoast_head_json":{"title":"L\u2019Eglise Adventiste au N\u00e9pal demande une aide urgente - \u00c9glise Adventiste Du Septieme Jour - Inter Am\u00e9rique Division","robots":{"index":"index","follow":"follow","max-snippet":"max-snippet:-1","max-image-preview":"max-image-preview:large","max-video-preview":"max-video-preview:-1"},"canonical":"https:\/\/interamerica.org\/fr\/2015\/04\/leglise-adventiste-au-nepal-demande-une-aide-urgente\/","og_locale":"fr_FR","og_type":"article","og_title":"L\u2019Eglise Adventiste au N\u00e9pal demande une aide urgente - \u00c9glise Adventiste Du Septieme Jour - Inter Am\u00e9rique Division","og_description":"Le pr\u00e9sident de l\u2019Eglise Adventiste du Septi\u00e8me Jour au N\u00e9pal a lanc\u00e9 lundi un appel \u00e0 l\u2019aide urgent en faveur des nombreux membres d\u2019\u00e9glise qui ont tout perdu lors d\u2019un s\u00e9isme d\u00e9vastateur qui a eu lieu ce weekend.  Les membres ont besoin dans l\u2019imm\u00e9diat de v\u00eatements chauds, d\u2019eau potable et de tentes pour faire face \u00e0 la situation qui les am\u00e8ne \u00e0 dormir dehors dans le froid et parfois le temps pluvieux, apr\u00e8s qu\u2019un s\u00e9isme de magnitude 7,8 ait frapp\u00e9 le N\u00e9pal le sabbat 25 avril, causant la mort de plus de 4000 personnes et blessant 7000 autres, a d\u00e9clar\u00e9 Umesh Pokharel, pr\u00e9sident de la Section du N\u00e9pal, un champ rattach\u00e9 de la Division de l\u2019Asie du Sud.","og_url":"https:\/\/interamerica.org\/fr\/2015\/04\/leglise-adventiste-au-nepal-demande-une-aide-urgente\/","og_site_name":"\u00c9glise Adventiste Du Septieme Jour - Inter Am\u00e9rique Division","article_published_time":"2015-04-27T04:00:00+00:00","og_image":[{"width":1000,"height":500,"url":"https:\/\/interamerica.org\/wp-content\/uploads\/2017\/06\/Nepalphoto.5.jpg","type":"image\/jpeg"}],"author":"Lorenzo Verduzco","twitter_card":"summary_large_image","twitter_misc":{"\u00c9crit par":"Lorenzo Verduzco","Dur\u00e9e de lecture estim\u00e9e":"7 minutes"},"schema":{"@context":"https:\/\/schema.org","@graph":[{"@type":"Article","@id":"https:\/\/interamerica.org\/fr\/2015\/04\/leglise-adventiste-au-nepal-demande-une-aide-urgente\/#article","isPartOf":{"@id":"https:\/\/interamerica.org\/fr\/2015\/04\/leglise-adventiste-au-nepal-demande-une-aide-urgente\/"},"author":{"name":"Lorenzo Verduzco","@id":"https:\/\/interamerica.org\/fr\/#\/schema\/person\/68ede8bdc292885bb76c1e3810e73c39"},"headline":"L\u2019Eglise Adventiste au N\u00e9pal demande une aide urgente","datePublished":"2015-04-27T04:00:00+00:00","mainEntityOfPage":{"@id":"https:\/\/interamerica.org\/fr\/2015\/04\/leglise-adventiste-au-nepal-demande-une-aide-urgente\/"},"wordCount":1338,"image":{"@id":"https:\/\/interamerica.org\/fr\/2015\/04\/leglise-adventiste-au-nepal-demande-une-aide-urgente\/#primaryimage"},"thumbnailUrl":"https:\/\/interamerica.org\/wp-content\/uploads\/2017\/06\/Nepalphoto.5.jpg","articleSection":["Nouvelles de l'\u00c9glise mondiale","RSS Fran\u00e7ais"],"inLanguage":"fr-FR"},{"@type":"WebPage","@id":"https:\/\/interamerica.org\/fr\/2015\/04\/leglise-adventiste-au-nepal-demande-une-aide-urgente\/","url":"https:\/\/interamerica.org\/fr\/2015\/04\/leglise-adventiste-au-nepal-demande-une-aide-urgente\/","name":"L\u2019Eglise Adventiste au N\u00e9pal demande une aide urgente - \u00c9glise Adventiste Du Septieme Jour - Inter Am\u00e9rique Division","isPartOf":{"@id":"https:\/\/interamerica.org\/fr\/#website"},"primaryImageOfPage":{"@id":"https:\/\/interamerica.org\/fr\/2015\/04\/leglise-adventiste-au-nepal-demande-une-aide-urgente\/#primaryimage"},"image":{"@id":"https:\/\/interamerica.org\/fr\/2015\/04\/leglise-adventiste-au-nepal-demande-une-aide-urgente\/#primaryimage"},"thumbnailUrl":"https:\/\/interamerica.org\/wp-content\/uploads\/2017\/06\/Nepalphoto.5.jpg","datePublished":"2015-04-27T04:00:00+00:00","author":{"@id":"https:\/\/interamerica.org\/fr\/#\/schema\/person\/68ede8bdc292885bb76c1e3810e73c39"},"breadcrumb":{"@id":"https:\/\/interamerica.org\/fr\/2015\/04\/leglise-adventiste-au-nepal-demande-une-aide-urgente\/#breadcrumb"},"inLanguage":"fr-FR","potentialAction":[{"@type":"ReadAction","target":["https:\/\/interamerica.org\/fr\/2015\/04\/leglise-adventiste-au-nepal-demande-une-aide-urgente\/"]}]},{"@type":"ImageObject","inLanguage":"fr-FR","@id":"https:\/\/interamerica.org\/fr\/2015\/04\/leglise-adventiste-au-nepal-demande-une-aide-urgente\/#primaryimage","url":"https:\/\/interamerica.org\/wp-content\/uploads\/2017\/06\/Nepalphoto.5.jpg","contentUrl":"https:\/\/interamerica.org\/wp-content\/uploads\/2017\/06\/Nepalphoto.5.jpg","width":1000,"height":500},{"@type":"BreadcrumbList","@id":"https:\/\/interamerica.org\/fr\/2015\/04\/leglise-adventiste-au-nepal-demande-une-aide-urgente\/#breadcrumb","itemListElement":[{"@type":"ListItem","position":1,"name":"Home","item":"https:\/\/interamerica.org\/fr\/"},{"@type":"ListItem","position":2,"name":"L\u2019Eglise Adventiste au N\u00e9pal demande une aide urgente"}]},{"@type":"WebSite","@id":"https:\/\/interamerica.org\/fr\/#website","url":"https:\/\/interamerica.org\/fr\/","name":"\u00c9glise Adventiste Du Septieme Jour - Inter Am\u00e9rique Division","description":"","potentialAction":[{"@type":"SearchAction","target":{"@type":"EntryPoint","urlTemplate":"https:\/\/interamerica.org\/fr\/?s={search_term_string}"},"query-input":{"@type":"PropertyValueSpecification","valueRequired":true,"valueName":"search_term_string"}}],"inLanguage":"fr-FR"},{"@type":"Person","@id":"https:\/\/interamerica.org\/fr\/#\/schema\/person\/68ede8bdc292885bb76c1e3810e73c39","name":"Lorenzo Verduzco","image":{"@type":"ImageObject","inLanguage":"fr-FR","@id":"https:\/\/secure.gravatar.com\/avatar\/fb81a55b6218459490a9c1dc841a34909185b81904c5337b4b27f7a6fd60c49e?s=96&d=mm&r=g","url":"https:\/\/secure.gravatar.com\/avatar\/fb81a55b6218459490a9c1dc841a34909185b81904c5337b4b27f7a6fd60c49e?s=96&d=mm&r=g","contentUrl":"https:\/\/secure.gravatar.com\/avatar\/fb81a55b6218459490a9c1dc841a34909185b81904c5337b4b27f7a6fd60c49e?s=96&d=mm&r=g","caption":"Lorenzo Verduzco"}}]}},"_links":{"self":[{"href":"https:\/\/interamerica.org\/fr\/wp-json\/wp\/v2\/posts\/32252","targetHints":{"allow":["GET"]}}],"collection":[{"href":"https:\/\/interamerica.org\/fr\/wp-json\/wp\/v2\/posts"}],"about":[{"href":"https:\/\/interamerica.org\/fr\/wp-json\/wp\/v2\/types\/post"}],"author":[{"embeddable":true,"href":"https:\/\/interamerica.org\/fr\/wp-json\/wp\/v2\/users\/1"}],"replies":[{"embeddable":true,"href":"https:\/\/interamerica.org\/fr\/wp-json\/wp\/v2\/comments?post=32252"}],"version-history":[{"count":0,"href":"https:\/\/interamerica.org\/fr\/wp-json\/wp\/v2\/posts\/32252\/revisions"}],"wp:featuredmedia":[{"embeddable":true,"href":"https:\/\/interamerica.org\/fr\/wp-json\/wp\/v2\/media\/25125"}],"wp:attachment":[{"href":"https:\/\/interamerica.org\/fr\/wp-json\/wp\/v2\/media?parent=32252"}],"wp:term":[{"taxonomy":"category","embeddable":true,"href":"https:\/\/interamerica.org\/fr\/wp-json\/wp\/v2\/categories?post=32252"},{"taxonomy":"post_tag","embeddable":true,"href":"https:\/\/interamerica.org\/fr\/wp-json\/wp\/v2\/tags?post=32252"}],"curies":[{"name":"wp","href":"https:\/\/api.w.org\/{rel}","templated":true}]}}