{"id":32253,"date":"2015-04-29T00:00:00","date_gmt":"2015-04-29T04:00:00","guid":{"rendered":"http:\/\/192.81.217.108\/interamerica\/2015\/04\/adra-intensifie-ses-efforts-humanitaires-apres-le-tremblement-de-terre-au-nepal\/"},"modified":"2015-04-29T00:00:00","modified_gmt":"2015-04-29T04:00:00","slug":"adra-intensifie-ses-efforts-humanitaires-apres-le-tremblement-de-terre-au-nepal","status":"publish","type":"post","link":"https:\/\/interamerica.org\/fr\/2015\/04\/adra-intensifie-ses-efforts-humanitaires-apres-le-tremblement-de-terre-au-nepal\/","title":{"rendered":"ADRA intensifie ses efforts humanitaires apr\u00e8s le tremblement de terre au N\u00e9pal"},"content":{"rendered":"<div id=\"attachment_16596\" style=\"width: 598px\" class=\"wp-caption aligncenter\"><a href=\"\/interamerica\/wp-content\/uploads\/2017\/06\/rsz_img_6074.jpg\" rel=\"fancybox\" title=\"ADRA intensifie ses efforts humanitaires apr\u00e8s le tremblement de terre au N\u00e9pal\"><img fetchpriority=\"high\" decoding=\"async\" aria-describedby=\"caption-attachment-16596\" class=\" wp-image-16596    \" src=\"\/interamerica\/wp-content\/uploads\/2017\/06\/rsz_img_6074.jpg\" alt=\"\" width=\"588\" height=\"295\" \/><\/a><p id=\"caption-attachment-16596\" class=\"wp-caption-text\">Dix-sept palettes d\u2019ADRA contenant 1360 b\u00e2ches en train d\u2019\u00eatre charg\u00e9es \u00e0 Duba\u00ef pour un vol vers le N\u00e9pal. Image d\u2019ADRA.<\/p><\/div>\n<p>28 Avril 2015 \u2013 Silver Spring, Maryland, Etats Unis \u2013 Andrew McChesney, r\u00e9dacteur Adventist Review.<\/p>\n<p>Une \u00e9quipe d\u2019intervention d\u2019urgence envoy\u00e9e par ADRA est arriv\u00e9e au N\u00e9pal mardi pour intensifier les efforts visant \u00e0 distribuer de la nourriture et des abris \u00e0 des dizaines de personnes se retrouvant dans le d\u00e9nuement apr\u00e8s le s\u00e9isme meurtrier qui a frapp\u00e9 le pays le weekend dernier.<\/p>\n<p>La catastrophe du 25 avril dernier a caus\u00e9 la mort de plus de 5000 personnes et quelques 10000 autres personnes ont \u00e9t\u00e9 bless\u00e9es, ont indiqu\u00e9 les autorit\u00e9s n\u00e9palaises.<\/p>\n<p>Aucun Adventiste du Septi\u00e8me Jour n\u2019a \u00e9t\u00e9 tu\u00e9, mais Umesh Pokharel, le pr\u00e9sident de l\u2019Eglise Adventiste au N\u00e9pal a fait \u00e9tat d\u2019un bless\u00e9, le premier connu \u00e0 ce jour. Il s\u2019agit d\u2019un jeune gar\u00e7on d\u2019une famille Adventiste. Le gar\u00e7on qui vit dans un village n\u00e9palais a \u00e9t\u00e9 frapp\u00e9 par une pierre lors du s\u00e9isme et est rest\u00e9 \u00e0 l\u2019h\u00f4pital mardi, a dit Umesh Pokharel \u00e0 Adventist Review.<\/p>\n<p>L\u2019Agence Adventiste de D\u00e9veloppement et d\u2019Aide Humanitaire a indiqu\u00e9 avoir fait l\u2019acquisition de 400 b\u00e2ches et 348 tentes aupr\u00e8s de vendeurs n\u00e9palais et attend de recevoir mercredi 17 palettes contenant 1360 b\u00e2ches en provenance de Duba\u00ef.<\/p>\n<p>Les b\u00e2ches, d\u2019une valeur d\u2019environ 21000 dollars, \u00e9taient achemin\u00e9es par avion par un groupe humanitaire des Nations Unies pour le compte d\u2019ADRA.<\/p>\n<p>\u00ab On a besoin d\u2019abris temporaires pour tous ceux \u2013 y compris le personnel d\u2019ADRA \u2013 qui vivent dans la rue parce qu\u2019ils ont perdu leurs maisons ou craignent les risques des r\u00e9pliques, \u00bb a indiqu\u00e9 ADRA dans un communiqu\u00e9 sous forme d\u2019e-mail.<\/p>\n<p>Elle a pr\u00e9cis\u00e9 que d\u2019apr\u00e8s les premi\u00e8res estimations, 1,4 millions de personnes avaient besoin d\u2019aide alimentaire, cela inclut les quelques 750000 personnes qui vivent dans des maisons en mauvais \u00e9tat pr\u00e8s de l\u2019\u00e9picentre du s\u00e9isme \u00e0 quelques 80 kilom\u00e8tres de Katmandou la capitale du N\u00e9pal.<\/p>\n<p>\u00ab Le tremblement de terre a perturb\u00e9 les pr\u00e9parations pour la prochaine saison de plantation, ce qui pourrait affecter la s\u00e9curit\u00e9 alimentaire du N\u00e9pal au cours des mois \u00e0 venir, \u00bb a indiqu\u00e9 ADRA. La saison de la mousson commence dans deux mois. Ce sera une course contre la montre pour s\u2019assurer que tout le monde puisse planter. \u00bb<\/p>\n<p>L\u2019Eglise Adventiste au niveau local est \u00e9galement impliqu\u00e9e dans les efforts humanitaires. Umesh Pokharel, pr\u00e9sident de la Section du N\u00e9pal, un champ rattach\u00e9 de la Division de l\u2019Asie du Sud, a d\u00e9clar\u00e9 que son bureau avait rassembl\u00e9 100 tentes, 100 sacs de riz, 100 cartons de nouilles et de l\u2019eau potable, et passera la semaine prochaine \u00e0 distribuer cette aide sur deux sites.<\/p>\n<p>Umesh Pokharel se soucie \u00e9galement du bien-\u00eatre de dizaines de pasteurs Adventistes ainsi que de membres d\u2019\u00e9glise qui ont perdu leurs maisons, il a en outre lanc\u00e9 lundi un appel \u00e0 l\u2019aide aux membres d\u2019\u00e9glise du monde entier.<\/p>\n<p>Mardi, il a remerci\u00e9 Ted N.C. Wilson, pr\u00e9sident de l\u2019Eglise Adventiste mondiale, les leaders de la Division de l\u2019Asie du Sud ainsi que bien d\u2019autres personnes pour avoir r\u00e9pondu aussi promptement.<\/p>\n<p>\u00ab Nos amis du monde entier ont fait preuve d\u2019une immense solidarit\u00e9, \u00bb a t-il dit.<\/p>\n<div id=\"attachment_16597\" style=\"width: 442px\" class=\"wp-caption alignright\"><a href=\"\/interamerica\/wp-content\/uploads\/2017\/06\/driver.jpg\" rel=\"fancybox\" title=\"ADRA intensifie ses efforts humanitaires apr\u00e8s le tremblement de terre au N\u00e9pal\"><img decoding=\"async\" aria-describedby=\"caption-attachment-16597\" class=\" wp-image-16597 \" src=\"\/interamerica\/wp-content\/uploads\/2017\/06\/driver.jpg\" alt=\"\" width=\"432\" height=\"324\" \/><\/a><p id=\"caption-attachment-16597\" class=\"wp-caption-text\">Dana Dai, chauffeur pour le bureau d\u2019ADRA au N\u00e9pal, a beaucoup perdu lors du tremblement de terre, mais il n\u2019a pas rat\u00e9 un seul jour de travail. Image d\u2019ADRA.<\/p><\/div>\n<p>On a besoin de plus d\u2019aide, a t-il dit.<\/p>\n<p>ADRA, dans le m\u00eame temps, a indiqu\u00e9 qu\u2019elle concentrerait ses efforts humanitaires sur le district de Dhading, \u00e0 l\u2019ouest de Katmandou et plus tard sur le district oriental de Kavre o\u00f9 se trouve l\u2019H\u00f4pital Adventiste Scheer Momorial.<\/p>\n<p>Cependant une \u00e9quipe charg\u00e9e de faire une \u00e9valuation de la situation lundi n\u2019a pas pu atteindre le district de Dhading pour constater les d\u00e9g\u00e2ts \u00e0 cause de l\u2019\u00e9tat des routes. L\u2019\u00e9quipe est sortie \u00e0 nouveau mardi, cette fois \u00e0 moto, et les coordonnateurs d\u2019ADRA attendent d\u2019elle un rapport.<\/p>\n<p>Parmi ceux qui ont \u00e9t\u00e9 touch\u00e9s par la destruction dans le district de Dhading, se trouve Dana Dai, chauffeur pour le bureau d\u2019ADRA au N\u00e9pal, \u00e0 Katmandou. Le s\u00e9isme a ras\u00e9 sa maison dans le district de Dhading. Tout son b\u00e9tail a p\u00e9ri. Il a perdu son grand-p\u00e8re. Sa famille vit maintenant dehors sous une b\u00e2che en plastique avec 15 autres familles.<\/p>\n<p>Mais, a dit ADRA, Dana Dai continue chaque jour d\u2019aller au travail et de se pr\u00e9senter au bureau d\u2019ADRA, disant : \u00ab Je suis le seul chauffeur, et si je ne suis pas pr\u00e9sent au bureau, qui conduira notre v\u00e9hicule pour aller dans le champ ? \u00bb<\/p>\n<p>Traduction: Patrick Luciathe<\/p>\n","protected":false},"excerpt":{"rendered":"<p>Une \u00e9quipe d\u2019intervention d\u2019urgence envoy\u00e9e par ADRA est arriv\u00e9e au N\u00e9pal mardi pour intensifier les efforts visant \u00e0 distribuer de la nourriture et des abris \u00e0 des dizaines de personnes se retrouvant dans le d\u00e9nuement apr\u00e8s le s\u00e9isme meurtrier qui a frapp\u00e9 le pays le weekend dernier.  <\/p>\n<p>La catastrophe du 25 avril dernier a caus\u00e9 la mort de plus de 5000 personnes et quelques 10000 autres personnes ont \u00e9t\u00e9 bless\u00e9es, ont indiqu\u00e9 les autorit\u00e9s n\u00e9palaises.<\/p>\n","protected":false},"author":1,"featured_media":25132,"comment_status":"closed","ping_status":"closed","sticky":false,"template":"","format":"standard","meta":{"_acf_changed":false,"footnotes":""},"categories":[18,19],"tags":[],"class_list":["post-32253","post","type-post","status-publish","format-standard","has-post-thumbnail","hentry","category-nouvelles-de-leglise-mondiale","category-rss-francais"],"acf":[],"yoast_head":"<!-- This site is optimized with the Yoast SEO plugin v27.3 - https:\/\/yoast.com\/product\/yoast-seo-wordpress\/ -->\n<title>ADRA intensifie ses efforts humanitaires apr\u00e8s le tremblement de terre au N\u00e9pal - \u00c9glise Adventiste Du Septieme Jour - Inter Am\u00e9rique Division<\/title>\n<meta name=\"robots\" content=\"index, follow, max-snippet:-1, max-image-preview:large, max-video-preview:-1\" \/>\n<link rel=\"canonical\" href=\"https:\/\/interamerica.org\/fr\/2015\/04\/adra-intensifie-ses-efforts-humanitaires-apres-le-tremblement-de-terre-au-nepal\/\" \/>\n<meta property=\"og:locale\" content=\"fr_FR\" \/>\n<meta property=\"og:type\" content=\"article\" \/>\n<meta property=\"og:title\" content=\"ADRA intensifie ses efforts humanitaires apr\u00e8s le tremblement de terre au N\u00e9pal - \u00c9glise Adventiste Du Septieme Jour - Inter Am\u00e9rique Division\" \/>\n<meta property=\"og:description\" content=\"Une \u00e9quipe d\u2019intervention d\u2019urgence envoy\u00e9e par ADRA est arriv\u00e9e au N\u00e9pal mardi pour intensifier les efforts visant \u00e0 distribuer de la nourriture et des abris \u00e0 des dizaines de personnes se retrouvant dans le d\u00e9nuement apr\u00e8s le s\u00e9isme meurtrier qui a frapp\u00e9 le pays le weekend dernier.  La catastrophe du 25 avril dernier a caus\u00e9 la mort de plus de 5000 personnes et quelques 10000 autres personnes ont \u00e9t\u00e9 bless\u00e9es, ont indiqu\u00e9 les autorit\u00e9s n\u00e9palaises.\" \/>\n<meta property=\"og:url\" content=\"https:\/\/interamerica.org\/fr\/2015\/04\/adra-intensifie-ses-efforts-humanitaires-apres-le-tremblement-de-terre-au-nepal\/\" \/>\n<meta property=\"og:site_name\" content=\"\u00c9glise Adventiste Du Septieme Jour - Inter Am\u00e9rique Division\" \/>\n<meta property=\"article:published_time\" content=\"2015-04-29T04:00:00+00:00\" \/>\n<meta property=\"og:image\" content=\"https:\/\/interamerica.org\/wp-content\/uploads\/2017\/06\/rsz_img_6074.jpg\" \/>\n\t<meta property=\"og:image:width\" content=\"1000\" \/>\n\t<meta property=\"og:image:height\" content=\"503\" \/>\n\t<meta property=\"og:image:type\" content=\"image\/jpeg\" \/>\n<meta name=\"author\" content=\"Lorenzo Verduzco\" \/>\n<meta name=\"twitter:card\" content=\"summary_large_image\" \/>\n<meta name=\"twitter:label1\" content=\"\u00c9crit par\" \/>\n\t<meta name=\"twitter:data1\" content=\"Lorenzo Verduzco\" \/>\n\t<meta name=\"twitter:label2\" content=\"Dur\u00e9e de lecture estim\u00e9e\" \/>\n\t<meta name=\"twitter:data2\" content=\"4 minutes\" \/>\n<script type=\"application\/ld+json\" class=\"yoast-schema-graph\">{\"@context\":\"https:\\\/\\\/schema.org\",\"@graph\":[{\"@type\":\"Article\",\"@id\":\"https:\\\/\\\/interamerica.org\\\/fr\\\/2015\\\/04\\\/adra-intensifie-ses-efforts-humanitaires-apres-le-tremblement-de-terre-au-nepal\\\/#article\",\"isPartOf\":{\"@id\":\"https:\\\/\\\/interamerica.org\\\/fr\\\/2015\\\/04\\\/adra-intensifie-ses-efforts-humanitaires-apres-le-tremblement-de-terre-au-nepal\\\/\"},\"author\":{\"name\":\"Lorenzo Verduzco\",\"@id\":\"https:\\\/\\\/interamerica.org\\\/fr\\\/#\\\/schema\\\/person\\\/68ede8bdc292885bb76c1e3810e73c39\"},\"headline\":\"ADRA intensifie ses efforts humanitaires apr\u00e8s le tremblement de terre au N\u00e9pal\",\"datePublished\":\"2015-04-29T04:00:00+00:00\",\"mainEntityOfPage\":{\"@id\":\"https:\\\/\\\/interamerica.org\\\/fr\\\/2015\\\/04\\\/adra-intensifie-ses-efforts-humanitaires-apres-le-tremblement-de-terre-au-nepal\\\/\"},\"wordCount\":859,\"image\":{\"@id\":\"https:\\\/\\\/interamerica.org\\\/fr\\\/2015\\\/04\\\/adra-intensifie-ses-efforts-humanitaires-apres-le-tremblement-de-terre-au-nepal\\\/#primaryimage\"},\"thumbnailUrl\":\"https:\\\/\\\/interamerica.org\\\/wp-content\\\/uploads\\\/2017\\\/06\\\/rsz_img_6074.jpg\",\"articleSection\":[\"Nouvelles de l'\u00c9glise mondiale\",\"RSS Fran\u00e7ais\"],\"inLanguage\":\"fr-FR\"},{\"@type\":\"WebPage\",\"@id\":\"https:\\\/\\\/interamerica.org\\\/fr\\\/2015\\\/04\\\/adra-intensifie-ses-efforts-humanitaires-apres-le-tremblement-de-terre-au-nepal\\\/\",\"url\":\"https:\\\/\\\/interamerica.org\\\/fr\\\/2015\\\/04\\\/adra-intensifie-ses-efforts-humanitaires-apres-le-tremblement-de-terre-au-nepal\\\/\",\"name\":\"ADRA intensifie ses efforts humanitaires apr\u00e8s le tremblement de terre au N\u00e9pal - \u00c9glise Adventiste Du Septieme Jour - Inter Am\u00e9rique Division\",\"isPartOf\":{\"@id\":\"https:\\\/\\\/interamerica.org\\\/fr\\\/#website\"},\"primaryImageOfPage\":{\"@id\":\"https:\\\/\\\/interamerica.org\\\/fr\\\/2015\\\/04\\\/adra-intensifie-ses-efforts-humanitaires-apres-le-tremblement-de-terre-au-nepal\\\/#primaryimage\"},\"image\":{\"@id\":\"https:\\\/\\\/interamerica.org\\\/fr\\\/2015\\\/04\\\/adra-intensifie-ses-efforts-humanitaires-apres-le-tremblement-de-terre-au-nepal\\\/#primaryimage\"},\"thumbnailUrl\":\"https:\\\/\\\/interamerica.org\\\/wp-content\\\/uploads\\\/2017\\\/06\\\/rsz_img_6074.jpg\",\"datePublished\":\"2015-04-29T04:00:00+00:00\",\"author\":{\"@id\":\"https:\\\/\\\/interamerica.org\\\/fr\\\/#\\\/schema\\\/person\\\/68ede8bdc292885bb76c1e3810e73c39\"},\"breadcrumb\":{\"@id\":\"https:\\\/\\\/interamerica.org\\\/fr\\\/2015\\\/04\\\/adra-intensifie-ses-efforts-humanitaires-apres-le-tremblement-de-terre-au-nepal\\\/#breadcrumb\"},\"inLanguage\":\"fr-FR\",\"potentialAction\":[{\"@type\":\"ReadAction\",\"target\":[\"https:\\\/\\\/interamerica.org\\\/fr\\\/2015\\\/04\\\/adra-intensifie-ses-efforts-humanitaires-apres-le-tremblement-de-terre-au-nepal\\\/\"]}]},{\"@type\":\"ImageObject\",\"inLanguage\":\"fr-FR\",\"@id\":\"https:\\\/\\\/interamerica.org\\\/fr\\\/2015\\\/04\\\/adra-intensifie-ses-efforts-humanitaires-apres-le-tremblement-de-terre-au-nepal\\\/#primaryimage\",\"url\":\"https:\\\/\\\/interamerica.org\\\/wp-content\\\/uploads\\\/2017\\\/06\\\/rsz_img_6074.jpg\",\"contentUrl\":\"https:\\\/\\\/interamerica.org\\\/wp-content\\\/uploads\\\/2017\\\/06\\\/rsz_img_6074.jpg\",\"width\":1000,\"height\":503},{\"@type\":\"BreadcrumbList\",\"@id\":\"https:\\\/\\\/interamerica.org\\\/fr\\\/2015\\\/04\\\/adra-intensifie-ses-efforts-humanitaires-apres-le-tremblement-de-terre-au-nepal\\\/#breadcrumb\",\"itemListElement\":[{\"@type\":\"ListItem\",\"position\":1,\"name\":\"Home\",\"item\":\"https:\\\/\\\/interamerica.org\\\/fr\\\/\"},{\"@type\":\"ListItem\",\"position\":2,\"name\":\"ADRA intensifie ses efforts humanitaires apr\u00e8s le tremblement de terre au N\u00e9pal\"}]},{\"@type\":\"WebSite\",\"@id\":\"https:\\\/\\\/interamerica.org\\\/fr\\\/#website\",\"url\":\"https:\\\/\\\/interamerica.org\\\/fr\\\/\",\"name\":\"\u00c9glise Adventiste Du Septieme Jour - Inter Am\u00e9rique Division\",\"description\":\"\",\"potentialAction\":[{\"@type\":\"SearchAction\",\"target\":{\"@type\":\"EntryPoint\",\"urlTemplate\":\"https:\\\/\\\/interamerica.org\\\/fr\\\/?s={search_term_string}\"},\"query-input\":{\"@type\":\"PropertyValueSpecification\",\"valueRequired\":true,\"valueName\":\"search_term_string\"}}],\"inLanguage\":\"fr-FR\"},{\"@type\":\"Person\",\"@id\":\"https:\\\/\\\/interamerica.org\\\/fr\\\/#\\\/schema\\\/person\\\/68ede8bdc292885bb76c1e3810e73c39\",\"name\":\"Lorenzo Verduzco\",\"image\":{\"@type\":\"ImageObject\",\"inLanguage\":\"fr-FR\",\"@id\":\"https:\\\/\\\/secure.gravatar.com\\\/avatar\\\/fb81a55b6218459490a9c1dc841a34909185b81904c5337b4b27f7a6fd60c49e?s=96&d=mm&r=g\",\"url\":\"https:\\\/\\\/secure.gravatar.com\\\/avatar\\\/fb81a55b6218459490a9c1dc841a34909185b81904c5337b4b27f7a6fd60c49e?s=96&d=mm&r=g\",\"contentUrl\":\"https:\\\/\\\/secure.gravatar.com\\\/avatar\\\/fb81a55b6218459490a9c1dc841a34909185b81904c5337b4b27f7a6fd60c49e?s=96&d=mm&r=g\",\"caption\":\"Lorenzo Verduzco\"}}]}<\/script>\n<!-- \/ Yoast SEO plugin. -->","yoast_head_json":{"title":"ADRA intensifie ses efforts humanitaires apr\u00e8s le tremblement de terre au N\u00e9pal - \u00c9glise Adventiste Du Septieme Jour - Inter Am\u00e9rique Division","robots":{"index":"index","follow":"follow","max-snippet":"max-snippet:-1","max-image-preview":"max-image-preview:large","max-video-preview":"max-video-preview:-1"},"canonical":"https:\/\/interamerica.org\/fr\/2015\/04\/adra-intensifie-ses-efforts-humanitaires-apres-le-tremblement-de-terre-au-nepal\/","og_locale":"fr_FR","og_type":"article","og_title":"ADRA intensifie ses efforts humanitaires apr\u00e8s le tremblement de terre au N\u00e9pal - \u00c9glise Adventiste Du Septieme Jour - Inter Am\u00e9rique Division","og_description":"Une \u00e9quipe d\u2019intervention d\u2019urgence envoy\u00e9e par ADRA est arriv\u00e9e au N\u00e9pal mardi pour intensifier les efforts visant \u00e0 distribuer de la nourriture et des abris \u00e0 des dizaines de personnes se retrouvant dans le d\u00e9nuement apr\u00e8s le s\u00e9isme meurtrier qui a frapp\u00e9 le pays le weekend dernier.  La catastrophe du 25 avril dernier a caus\u00e9 la mort de plus de 5000 personnes et quelques 10000 autres personnes ont \u00e9t\u00e9 bless\u00e9es, ont indiqu\u00e9 les autorit\u00e9s n\u00e9palaises.","og_url":"https:\/\/interamerica.org\/fr\/2015\/04\/adra-intensifie-ses-efforts-humanitaires-apres-le-tremblement-de-terre-au-nepal\/","og_site_name":"\u00c9glise Adventiste Du Septieme Jour - Inter Am\u00e9rique Division","article_published_time":"2015-04-29T04:00:00+00:00","og_image":[{"width":1000,"height":503,"url":"https:\/\/interamerica.org\/wp-content\/uploads\/2017\/06\/rsz_img_6074.jpg","type":"image\/jpeg"}],"author":"Lorenzo Verduzco","twitter_card":"summary_large_image","twitter_misc":{"\u00c9crit par":"Lorenzo Verduzco","Dur\u00e9e de lecture estim\u00e9e":"4 minutes"},"schema":{"@context":"https:\/\/schema.org","@graph":[{"@type":"Article","@id":"https:\/\/interamerica.org\/fr\/2015\/04\/adra-intensifie-ses-efforts-humanitaires-apres-le-tremblement-de-terre-au-nepal\/#article","isPartOf":{"@id":"https:\/\/interamerica.org\/fr\/2015\/04\/adra-intensifie-ses-efforts-humanitaires-apres-le-tremblement-de-terre-au-nepal\/"},"author":{"name":"Lorenzo Verduzco","@id":"https:\/\/interamerica.org\/fr\/#\/schema\/person\/68ede8bdc292885bb76c1e3810e73c39"},"headline":"ADRA intensifie ses efforts humanitaires apr\u00e8s le tremblement de terre au N\u00e9pal","datePublished":"2015-04-29T04:00:00+00:00","mainEntityOfPage":{"@id":"https:\/\/interamerica.org\/fr\/2015\/04\/adra-intensifie-ses-efforts-humanitaires-apres-le-tremblement-de-terre-au-nepal\/"},"wordCount":859,"image":{"@id":"https:\/\/interamerica.org\/fr\/2015\/04\/adra-intensifie-ses-efforts-humanitaires-apres-le-tremblement-de-terre-au-nepal\/#primaryimage"},"thumbnailUrl":"https:\/\/interamerica.org\/wp-content\/uploads\/2017\/06\/rsz_img_6074.jpg","articleSection":["Nouvelles de l'\u00c9glise mondiale","RSS Fran\u00e7ais"],"inLanguage":"fr-FR"},{"@type":"WebPage","@id":"https:\/\/interamerica.org\/fr\/2015\/04\/adra-intensifie-ses-efforts-humanitaires-apres-le-tremblement-de-terre-au-nepal\/","url":"https:\/\/interamerica.org\/fr\/2015\/04\/adra-intensifie-ses-efforts-humanitaires-apres-le-tremblement-de-terre-au-nepal\/","name":"ADRA intensifie ses efforts humanitaires apr\u00e8s le tremblement de terre au N\u00e9pal - \u00c9glise Adventiste Du Septieme Jour - Inter Am\u00e9rique Division","isPartOf":{"@id":"https:\/\/interamerica.org\/fr\/#website"},"primaryImageOfPage":{"@id":"https:\/\/interamerica.org\/fr\/2015\/04\/adra-intensifie-ses-efforts-humanitaires-apres-le-tremblement-de-terre-au-nepal\/#primaryimage"},"image":{"@id":"https:\/\/interamerica.org\/fr\/2015\/04\/adra-intensifie-ses-efforts-humanitaires-apres-le-tremblement-de-terre-au-nepal\/#primaryimage"},"thumbnailUrl":"https:\/\/interamerica.org\/wp-content\/uploads\/2017\/06\/rsz_img_6074.jpg","datePublished":"2015-04-29T04:00:00+00:00","author":{"@id":"https:\/\/interamerica.org\/fr\/#\/schema\/person\/68ede8bdc292885bb76c1e3810e73c39"},"breadcrumb":{"@id":"https:\/\/interamerica.org\/fr\/2015\/04\/adra-intensifie-ses-efforts-humanitaires-apres-le-tremblement-de-terre-au-nepal\/#breadcrumb"},"inLanguage":"fr-FR","potentialAction":[{"@type":"ReadAction","target":["https:\/\/interamerica.org\/fr\/2015\/04\/adra-intensifie-ses-efforts-humanitaires-apres-le-tremblement-de-terre-au-nepal\/"]}]},{"@type":"ImageObject","inLanguage":"fr-FR","@id":"https:\/\/interamerica.org\/fr\/2015\/04\/adra-intensifie-ses-efforts-humanitaires-apres-le-tremblement-de-terre-au-nepal\/#primaryimage","url":"https:\/\/interamerica.org\/wp-content\/uploads\/2017\/06\/rsz_img_6074.jpg","contentUrl":"https:\/\/interamerica.org\/wp-content\/uploads\/2017\/06\/rsz_img_6074.jpg","width":1000,"height":503},{"@type":"BreadcrumbList","@id":"https:\/\/interamerica.org\/fr\/2015\/04\/adra-intensifie-ses-efforts-humanitaires-apres-le-tremblement-de-terre-au-nepal\/#breadcrumb","itemListElement":[{"@type":"ListItem","position":1,"name":"Home","item":"https:\/\/interamerica.org\/fr\/"},{"@type":"ListItem","position":2,"name":"ADRA intensifie ses efforts humanitaires apr\u00e8s le tremblement de terre au N\u00e9pal"}]},{"@type":"WebSite","@id":"https:\/\/interamerica.org\/fr\/#website","url":"https:\/\/interamerica.org\/fr\/","name":"\u00c9glise Adventiste Du Septieme Jour - Inter Am\u00e9rique Division","description":"","potentialAction":[{"@type":"SearchAction","target":{"@type":"EntryPoint","urlTemplate":"https:\/\/interamerica.org\/fr\/?s={search_term_string}"},"query-input":{"@type":"PropertyValueSpecification","valueRequired":true,"valueName":"search_term_string"}}],"inLanguage":"fr-FR"},{"@type":"Person","@id":"https:\/\/interamerica.org\/fr\/#\/schema\/person\/68ede8bdc292885bb76c1e3810e73c39","name":"Lorenzo Verduzco","image":{"@type":"ImageObject","inLanguage":"fr-FR","@id":"https:\/\/secure.gravatar.com\/avatar\/fb81a55b6218459490a9c1dc841a34909185b81904c5337b4b27f7a6fd60c49e?s=96&d=mm&r=g","url":"https:\/\/secure.gravatar.com\/avatar\/fb81a55b6218459490a9c1dc841a34909185b81904c5337b4b27f7a6fd60c49e?s=96&d=mm&r=g","contentUrl":"https:\/\/secure.gravatar.com\/avatar\/fb81a55b6218459490a9c1dc841a34909185b81904c5337b4b27f7a6fd60c49e?s=96&d=mm&r=g","caption":"Lorenzo Verduzco"}}]}},"_links":{"self":[{"href":"https:\/\/interamerica.org\/fr\/wp-json\/wp\/v2\/posts\/32253","targetHints":{"allow":["GET"]}}],"collection":[{"href":"https:\/\/interamerica.org\/fr\/wp-json\/wp\/v2\/posts"}],"about":[{"href":"https:\/\/interamerica.org\/fr\/wp-json\/wp\/v2\/types\/post"}],"author":[{"embeddable":true,"href":"https:\/\/interamerica.org\/fr\/wp-json\/wp\/v2\/users\/1"}],"replies":[{"embeddable":true,"href":"https:\/\/interamerica.org\/fr\/wp-json\/wp\/v2\/comments?post=32253"}],"version-history":[{"count":0,"href":"https:\/\/interamerica.org\/fr\/wp-json\/wp\/v2\/posts\/32253\/revisions"}],"wp:featuredmedia":[{"embeddable":true,"href":"https:\/\/interamerica.org\/fr\/wp-json\/wp\/v2\/media\/25132"}],"wp:attachment":[{"href":"https:\/\/interamerica.org\/fr\/wp-json\/wp\/v2\/media?parent=32253"}],"wp:term":[{"taxonomy":"category","embeddable":true,"href":"https:\/\/interamerica.org\/fr\/wp-json\/wp\/v2\/categories?post=32253"},{"taxonomy":"post_tag","embeddable":true,"href":"https:\/\/interamerica.org\/fr\/wp-json\/wp\/v2\/tags?post=32253"}],"curies":[{"name":"wp","href":"https:\/\/api.w.org\/{rel}","templated":true}]}}