{"id":32254,"date":"2015-04-29T00:00:00","date_gmt":"2015-04-29T04:00:00","guid":{"rendered":"http:\/\/192.81.217.108\/interamerica\/2015\/04\/les-leaders-de-leglise-invitent-les-etudiants-en-theologie-a-etre-prets-a-aller-au-front\/"},"modified":"2015-04-29T00:00:00","modified_gmt":"2015-04-29T04:00:00","slug":"les-leaders-de-leglise-invitent-les-etudiants-en-theologie-a-etre-prets-a-aller-au-front","status":"publish","type":"post","link":"https:\/\/interamerica.org\/fr\/2015\/04\/les-leaders-de-leglise-invitent-les-etudiants-en-theologie-a-etre-prets-a-aller-au-front\/","title":{"rendered":"Les leaders de l\u2019\u00e9glise invitent les \u00e9tudiants en th\u00e9ologie \u00e0 \u00eatre pr\u00eats \u00e0 aller au front"},"content":{"rendered":"<p>28 avril 2015 \u2013 Miami, Floride, Etats Unis \u2013 Libna Stevens\/DIA<\/p>\n<div id=\"attachment_16592\" style=\"width: 368px\" class=\"wp-caption alignleft\"><a href=\"\/interamerica\/wp-content\/uploads\/2017\/06\/HectorSanchez.png\" rel=\"fancybox\" title=\"Les leaders de l\u2019\u00e9glise invitent les \u00e9tudiants en th\u00e9ologie \u00e0 \u00eatre pr\u00eats \u00e0 aller au front\"><img fetchpriority=\"high\" decoding=\"async\" aria-describedby=\"caption-attachment-16592\" class=\" wp-image-16592  \" src=\"\/interamerica\/wp-content\/uploads\/2017\/06\/HectorSanchez.png\" alt=\"\" width=\"358\" height=\"280\" \/><\/a><p id=\"caption-attachment-16592\" class=\"wp-caption-text\">Pasteur Hector Sanchez, secr\u00e9taire de l\u2019association pastorale de la DIA et organisateur du programme diffus\u00e9 en direct, a d\u00e9clar\u00e9 que le minist\u00e8re se r\u00e9sume \u00e0 maintenir une \u00e9troite relation avec J\u00e9sus chaque jour, \u00e0 prendre soin de son conjoint et de ses enfants et \u00e0 s\u2019engager sans r\u00e9serve \u00e0 servir Dieu et \u00e0 conduire le troupeau. Image de Libna Stevens\/DIA<\/p><\/div>\n<p>Des centaines d\u2019\u00e9tudiants en th\u00e9ologie en passe d\u2019\u00eatre dipl\u00f4m\u00e9s sur les diff\u00e9rents campus d\u2019universit\u00e9s Adventistes du Septi\u00e8me Jour en Inter Am\u00e9rique, ont pris le temps aujourd\u2019hui d\u2019\u00e9couter les principaux leaders de l\u2019\u00e9glise leur parler de l\u2019importance de leur appel en tant que pasteurs, mais aussi de leur r\u00f4le et des r\u00e9alit\u00e9s qui entourent le fonctionnement et la croissance de l\u2019\u00e9glise dans le champ.<\/p>\n<p>Le programme de deux heures diffus\u00e9 en direct sur internet, se d\u00e9roulait depuis le si\u00e8ge de la Division Inter Am\u00e9ricaine (DIA) \u00e0 Miami en Floride, et avait pour but de faire savoir aux \u00e9tudiants devant \u00eatre dipl\u00f4m\u00e9s et \u00e0 ceux \u00e0 qui il ne reste qu\u2019une ann\u00e9e avant la fin de leurs \u00e9tudes au s\u00e9minaire, qu\u2019ils ne sont pas seuls et qu\u2019ils doivent s\u2019accrocher au Saint Esprit alors qu\u2019ils s\u2019engagent \u00e0 servir Dieu sans r\u00e9serve.<\/p>\n<p>\u00ab La Division Inter Am\u00e9ricaine se soucie de vous et vous accorde son attention \u2013 futurs pasteurs de l\u2019\u00e9glise, \u00bb a dit pasteur Hector Sanchez. Nous voulons que vous sachiez que vous \u00eates importants pour nous, vous qui allez vous occuper de congr\u00e9gations dans notre territoire. \u00bb<\/p>\n<p>Aujourd\u2019hui, la DIA emploie quelques 3400 pasteurs qui exercent dans 20000 \u00e9glises et groupes.<\/p>\n<p>\u00ab Etre un pasteur ne signifie pas s\u2019asseoir \u00e0 la premi\u00e8re place de la table, \u00bb a dit pasteur Isra\u00ebl Leito alors qu\u2019il s\u2019exprimait devant la cam\u00e9ra. \u00ab La responsabilit\u00e9 qui repose sur les \u00e9paules du pasteur ne peut \u00eatre mesur\u00e9e. Pour \u00eatre un pasteur, il vous faut placer votre corps dans la ligne de tir pour la brebis. \u00bb<\/p>\n<p>L\u2019ennemi cherche \u00e0 ravir la brebis, a poursuivi pasteur Leito et \u00ab nous, [en tant que pasteurs] devons vivre une vie tellement proche du Seigneur, que quelque soit l\u2019attaque \u00e0 laquelle nous avons \u00e0 faire face, le Seigneur nous aidera \u00e0 l\u2019endurer.<\/p>\n<div id=\"attachment_16591\" style=\"width: 356px\" class=\"wp-caption alignleft\"><a href=\"\/interamerica\/wp-content\/uploads\/2017\/06\/IsraelLeito-theologyStudents.png\" rel=\"fancybox\" title=\"Les leaders de l\u2019\u00e9glise invitent les \u00e9tudiants en th\u00e9ologie \u00e0 \u00eatre pr\u00eats \u00e0 aller au front\"><img decoding=\"async\" aria-describedby=\"caption-attachment-16591\" class=\" wp-image-16591  \" src=\"\/interamerica\/wp-content\/uploads\/2017\/06\/IsraelLeito-theologyStudents.png\" alt=\"\" width=\"346\" height=\"222\" \/><\/a><p id=\"caption-attachment-16591\" class=\"wp-caption-text\">Le pr\u00e9sident de la DIA, pasteur Isra\u00ebl Leito (\u00e0 gauche), a lanc\u00e9 un d\u00e9fi aux \u00e9tudiants en th\u00e9ologie qui regardaient le programme depuis leurs campus, celui \u00ab d\u2019\u00eatre le berger pr\u00eat \u00e0 donner sa vie pour le peuple de Dieu. \u00bb Dr Jaime Castrejon traduit le message.<\/p><\/div>\n<p>\u00ab Soyez le berger qui est pr\u00eat \u00e0 donner sa vie pour le peuple de Dieu, \u00bb a dit pasteur Leito.<\/p>\n<p>Cette soumission ne peut intervenir que par l\u2019assurance de l\u2019appel unique de Dieu et l\u2019engagement \u00e0 cet appel, d\u2019apr\u00e8s ce qu\u2019a d\u00e9clar\u00e9 Dr Elie Henry, secr\u00e9taire ex\u00e9cutif de l\u2019Eglise Adventiste en Inter Am\u00e9rique.<\/p>\n<p>\u00ab Souvent vous serez mal \u00e0 l\u2019aise face aux dangers et aux d\u00e9fis que vous confronterez, mais Dieu vous montre et vous assure que vous n\u2019avez rien \u00e0 craindre car Il est avec vous, \u00bb a dit Elie Henry en guise d\u2019encouragement. \u00ab Dieu d\u00e9sire que vous soyez heureux dans l\u2019\u0153uvre que vous accomplissez pour Lui car c\u2019est Lui qui vous a appel\u00e9s. \u00bb<\/p>\n<p>S\u2019engager \u00e0 l\u2019appel signifie avoir une vie de d\u00e9votion envers Dieu, en communion constante, recherchant le r\u00e9veil et la r\u00e9forme, cherchant, prenant soin, prot\u00e9geant, formant, encourageant, motivant et \u00e9quipant le troupeau, a dit pasteur Melchor Ferrreyra, directeur des minist\u00e8res personnels pour l\u2019Eglise Adventiste en Inter Am\u00e9rique.<\/p>\n<p>Les \u00e9tudiants en th\u00e9ologie devant bient\u00f4t \u00eatre dipl\u00f4m\u00e9s dans les 12 universit\u00e9s de la DIA ont \u00e9galement \u00e9t\u00e9 encourag\u00e9s \u00e0 trouver chacun leur conjoint, une \u00e9pouse totalement soumise \u00e0 Dieu et qui aime l\u2019\u00e9glise.<\/p>\n<div id=\"attachment_16593\" style=\"width: 394px\" class=\"wp-caption alignright\"><a href=\"\/interamerica\/wp-content\/uploads\/2017\/06\/DElosSantosLeticia.png\" rel=\"fancybox\" title=\"Les leaders de l\u2019\u00e9glise invitent les \u00e9tudiants en th\u00e9ologie \u00e0 \u00eatre pr\u00eats \u00e0 aller au front\"><img decoding=\"async\" aria-describedby=\"caption-attachment-16593\" class=\" wp-image-16593 \" src=\"\/interamerica\/wp-content\/uploads\/2017\/06\/DElosSantosLeticia.png\" alt=\"\" width=\"384\" height=\"268\" \/><\/a><p id=\"caption-attachment-16593\" class=\"wp-caption-text\">La coordinatrice de la SIEMA pour la DIA, Leticia De Los Santos, a encourag\u00e9 les \u00e9tudiants en th\u00e9ologie c\u00e9libataires \u00e0 trouver une femme qui aime Dieu et qui aime l\u2019\u00e9glise.<\/p><\/div>\n<p>Pasteur Balvin Braham, directeur adjoint de l\u2019association pastorale pour la DIA, a rappel\u00e9 aux \u00e9tudiants que l\u2019\u00e9vang\u00e9lisation est au c\u0153ur de la mission.<\/p>\n<p>\u00ab Votre responsabilit\u00e9 est de faire croitre l\u2019\u00e9glise, \u00bb a dit Balvin Braham. \u00ab Votre mission en tant que pasteur doit inclure l\u2019implantation de nouvelles \u00e9glises et la p\u00e9n\u00e9tration de nouveaux territoires dans les r\u00e9gions urbaines et rurales. \u00bb<\/p>\n<p>Il est question de planifier l\u2019\u00e9vang\u00e9lisation et d\u2019impliquer les membres dans les \u00e9glises et les institutions \u00e0 travailler ensemble de mani\u00e8re innovante, a dit pasteur Braham.<\/p>\n<p>\u00ab Vous devez arriver avec une nouvelle vision du monde, une sorte d\u2019approche scientifique de l\u2019\u00e9vang\u00e9lisation que nous n\u2019avons jamais vue auparavant, amenez de nouvelles utilisations de la technologie pour gagner des \u00e2mes, \u00bb a ajout\u00e9 Balvin Braham.<\/p>\n<p>Carlos Montoya, un \u00e9tudiant en th\u00e9ologie devant bient\u00f4t \u00eatre dipl\u00f4m\u00e9 \u00e0 l\u2019Universit\u00e9 Adventiste Centram\u00e9ricaine, a partag\u00e9 un t\u00e9moignage pendant le programme en ligne.<\/p>\n<p>\u00ab Mon parcours dans le minist\u00e8re n\u2019as pas \u00e9t\u00e9 facile, \u00bb a dit Carlos Montoya. Il a racont\u00e9 comment lui et son \u00e9pouse ainsi que leurs deux enfants ont laiss\u00e9 leur pays, le Honduras, pour r\u00e9pondre \u00e0 l\u2019appel de Dieu le poussant \u00e0 \u00e9tudier et \u00e0 devenir un pasteur.<\/p>\n<p>\u00ab Mon \u00e9pouse et moi, nous avons vu comment le Seigneur a ouvert les portes parce qu\u2019Il veut nous pr\u00e9parer pour Son minist\u00e8re, \u00bb a ajout\u00e9 Carlos Montoya. \u00ab Nous avons d\u00fb faire face \u00e0 de s\u00e9rieuses difficult\u00e9s, mais cela ne signifie pas que Dieu ne vous a pas appel\u00e9 \u00e0 Le servir. \u00bb<\/p>\n<div id=\"attachment_16594\" style=\"width: 410px\" class=\"wp-caption alignleft\"><a href=\"\/interamerica\/wp-content\/uploads\/2017\/06\/MontoyaCarlos400.png\" rel=\"fancybox\" title=\"Les leaders de l\u2019\u00e9glise invitent les \u00e9tudiants en th\u00e9ologie \u00e0 \u00eatre pr\u00eats \u00e0 aller au front\"><img loading=\"lazy\" decoding=\"async\" aria-describedby=\"caption-attachment-16594\" class=\"size-full wp-image-16594\" src=\"\/interamerica\/wp-content\/uploads\/2017\/06\/MontoyaCarlos400.png\" alt=\"\" width=\"400\" height=\"260\" \/><\/a><p id=\"caption-attachment-16594\" class=\"wp-caption-text\">L\u2019\u00e9tudiant en th\u00e9ologie bient\u00f4t dipl\u00f4m\u00e9, Carlos Montoya, de l\u2019Universit\u00e9 Adventiste Centram\u00e9ricaine, a partag\u00e9 son t\u00e9moignage indiquant comment Dieu l\u2019avait appel\u00e9 avec sa famille \u00e0 devenir pasteur ; pendant le programme, il a encourag\u00e9 ses camarades \u00e9tudiants \u00e0 avoir confiance dans la direction de Dieu.<\/p><\/div>\n<p>Carlos Montoya a pris un moment pour encourager les autres \u00e9tudiants en th\u00e9ologie sur les campus Adventistes \u00e0 \u00eatre fermes dans leur r\u00e9ponse \u00e0 l\u2019appel au minist\u00e8re et \u00e0 laisser Dieu les guider et les pr\u00e9parer \u00e0 servir et \u00e0 conduire le troupeau.<\/p>\n<p>Cela se r\u00e9sume \u00e0 la n\u00e9cessit\u00e9 de maintenir une relation \u00e9troite avec J\u00e9sus chaque jour, prendre soin de son conjoint et de ses enfants et s\u2019engager \u00e0 servir Dieu et \u00e0 exercer sans r\u00e9serve un minist\u00e8re aupr\u00e8s du troupeau, a dit pasteur Sanchez.<\/p>\n<p>Les leaders de l\u2019\u00e9glise ont r\u00e9pondu \u00e0 des questions \u00e0 travers lesquelles les \u00e9tudiants cherchaient \u00e0 savoir comment les pasteurs peuvent g\u00e9rer leur temps de mani\u00e8re \u00e9quilibr\u00e9e, comment \u00eatre assur\u00e9 de son appel, l\u2019importance d\u2019\u00e9tablir des objectifs en \u00e9vang\u00e9lisation, comment garder les membres au lieu simplement d\u2019en faire rentrer d\u2019autres, ou encore quelles statistiques disponibles montraient l\u2019impact de l\u2019\u00e9vang\u00e9lisation \u00e0 travers le monde, entre autres questions.<\/p>\n<p>Le programme est intervenu au moment o\u00f9 l\u2019\u00e9glise dans la DIA c\u00e9l\u00e8bre le service engag\u00e9 des pasteurs et de leurs familles \u00e0 travers le territoire au cours de l\u2019Ann\u00e9e du Pasteur.<\/p>\n<p>Pour voir le programme de deux heures sur la rencontre consultative avec les \u00e9tudiants en th\u00e9ologie, cliquez <a href=\"https:\/\/www.youtube.com\/watch?v=Dru1agOU1_8#t=215\">ICI<\/a><\/p>\n<p>Traduction: Patrick Luciathe<\/p>\n","protected":false},"excerpt":{"rendered":"<p>Des centaines d\u2019\u00e9tudiants en th\u00e9ologie en passe d\u2019\u00eatre dipl\u00f4m\u00e9s sur les diff\u00e9rents campus d\u2019universit\u00e9s Adventistes du Septi\u00e8me Jour en Inter Am\u00e9rique, ont pris le temps aujourd\u2019hui d\u2019\u00e9couter les principaux leaders de l\u2019\u00e9glise leur parler de l\u2019importance de leur appel en tant que pasteurs, mais aussi de leur r\u00f4le et des r\u00e9alit\u00e9s qui entourent le fonctionnement et la croissance de l\u2019\u00e9glise dans le champ.  <\/p>\n<p>Le programme de deux heures diffus\u00e9 en direct sur internet, se d\u00e9roulait depuis le si\u00e8ge de la Division Inter Am\u00e9ricaine (DIA) \u00e0 Miami en Floride, et avait pour but de faire savoir aux \u00e9tudiants devant \u00eatre dipl\u00f4m\u00e9s et \u00e0 ceux \u00e0 qui il ne reste qu\u2019une ann\u00e9e avant la fin de leurs \u00e9tudes au s\u00e9minaire, qu\u2019ils ne sont pas seuls et qu\u2019ils doivent s\u2019accrocher au Saint Esprit alors qu\u2019ils s\u2019engagent \u00e0 servir Dieu sans r\u00e9serve.<\/p>\n","protected":false},"author":1,"featured_media":22129,"comment_status":"closed","ping_status":"closed","sticky":false,"template":"","format":"standard","meta":{"_acf_changed":false,"footnotes":""},"categories":[20,19],"tags":[],"class_list":["post-32254","post","type-post","status-publish","format-standard","has-post-thumbnail","hentry","category-nouvelles-du-siege-de-la-division","category-rss-francais"],"acf":[],"yoast_head":"<!-- This site is optimized with the Yoast SEO plugin v27.3 - https:\/\/yoast.com\/product\/yoast-seo-wordpress\/ -->\n<title>Les leaders de l\u2019\u00e9glise invitent les \u00e9tudiants en th\u00e9ologie \u00e0 \u00eatre pr\u00eats \u00e0 aller au front - \u00c9glise Adventiste Du Septieme Jour - Inter Am\u00e9rique Division<\/title>\n<meta name=\"robots\" content=\"index, follow, max-snippet:-1, max-image-preview:large, max-video-preview:-1\" \/>\n<link rel=\"canonical\" href=\"https:\/\/interamerica.org\/fr\/2015\/04\/les-leaders-de-leglise-invitent-les-etudiants-en-theologie-a-etre-prets-a-aller-au-front\/\" \/>\n<meta property=\"og:locale\" content=\"fr_FR\" \/>\n<meta property=\"og:type\" content=\"article\" \/>\n<meta property=\"og:title\" content=\"Les leaders de l\u2019\u00e9glise invitent les \u00e9tudiants en th\u00e9ologie \u00e0 \u00eatre pr\u00eats \u00e0 aller au front - \u00c9glise Adventiste Du Septieme Jour - Inter Am\u00e9rique Division\" \/>\n<meta property=\"og:description\" content=\"Des centaines d\u2019\u00e9tudiants en th\u00e9ologie en passe d\u2019\u00eatre dipl\u00f4m\u00e9s sur les diff\u00e9rents campus d\u2019universit\u00e9s Adventistes du Septi\u00e8me Jour en Inter Am\u00e9rique, ont pris le temps aujourd\u2019hui d\u2019\u00e9couter les principaux leaders de l\u2019\u00e9glise leur parler de l\u2019importance de leur appel en tant que pasteurs, mais aussi de leur r\u00f4le et des r\u00e9alit\u00e9s qui entourent le fonctionnement et la croissance de l\u2019\u00e9glise dans le champ.  Le programme de deux heures diffus\u00e9 en direct sur internet, se d\u00e9roulait depuis le si\u00e8ge de la Division Inter Am\u00e9ricaine (DIA) \u00e0 Miami en Floride, et avait pour but de faire savoir aux \u00e9tudiants devant \u00eatre dipl\u00f4m\u00e9s et \u00e0 ceux \u00e0 qui il ne reste qu\u2019une ann\u00e9e avant la fin de leurs \u00e9tudes au s\u00e9minaire, qu\u2019ils ne sont pas seuls et qu\u2019ils doivent s\u2019accrocher au Saint Esprit alors qu\u2019ils s\u2019engagent \u00e0 servir Dieu sans r\u00e9serve.\" \/>\n<meta property=\"og:url\" content=\"https:\/\/interamerica.org\/fr\/2015\/04\/les-leaders-de-leglise-invitent-les-etudiants-en-theologie-a-etre-prets-a-aller-au-front\/\" \/>\n<meta property=\"og:site_name\" content=\"\u00c9glise Adventiste Du Septieme Jour - Inter Am\u00e9rique Division\" \/>\n<meta property=\"article:published_time\" content=\"2015-04-29T04:00:00+00:00\" \/>\n<meta property=\"og:image\" content=\"https:\/\/interamerica.org\/wp-content\/uploads\/2017\/06\/HectorSanchez.png\" \/>\n\t<meta property=\"og:image:width\" content=\"315\" \/>\n\t<meta property=\"og:image:height\" content=\"249\" \/>\n\t<meta property=\"og:image:type\" content=\"image\/png\" \/>\n<meta name=\"author\" content=\"Lorenzo Verduzco\" \/>\n<meta name=\"twitter:card\" content=\"summary_large_image\" \/>\n<meta name=\"twitter:label1\" content=\"\u00c9crit par\" \/>\n\t<meta name=\"twitter:data1\" content=\"Lorenzo Verduzco\" \/>\n\t<meta name=\"twitter:label2\" content=\"Dur\u00e9e de lecture estim\u00e9e\" \/>\n\t<meta name=\"twitter:data2\" content=\"6 minutes\" \/>\n<script type=\"application\/ld+json\" class=\"yoast-schema-graph\">{\"@context\":\"https:\\\/\\\/schema.org\",\"@graph\":[{\"@type\":\"Article\",\"@id\":\"https:\\\/\\\/interamerica.org\\\/fr\\\/2015\\\/04\\\/les-leaders-de-leglise-invitent-les-etudiants-en-theologie-a-etre-prets-a-aller-au-front\\\/#article\",\"isPartOf\":{\"@id\":\"https:\\\/\\\/interamerica.org\\\/fr\\\/2015\\\/04\\\/les-leaders-de-leglise-invitent-les-etudiants-en-theologie-a-etre-prets-a-aller-au-front\\\/\"},\"author\":{\"name\":\"Lorenzo Verduzco\",\"@id\":\"https:\\\/\\\/interamerica.org\\\/fr\\\/#\\\/schema\\\/person\\\/68ede8bdc292885bb76c1e3810e73c39\"},\"headline\":\"Les leaders de l\u2019\u00e9glise invitent les \u00e9tudiants en th\u00e9ologie \u00e0 \u00eatre pr\u00eats \u00e0 aller au front\",\"datePublished\":\"2015-04-29T04:00:00+00:00\",\"mainEntityOfPage\":{\"@id\":\"https:\\\/\\\/interamerica.org\\\/fr\\\/2015\\\/04\\\/les-leaders-de-leglise-invitent-les-etudiants-en-theologie-a-etre-prets-a-aller-au-front\\\/\"},\"wordCount\":1281,\"image\":{\"@id\":\"https:\\\/\\\/interamerica.org\\\/fr\\\/2015\\\/04\\\/les-leaders-de-leglise-invitent-les-etudiants-en-theologie-a-etre-prets-a-aller-au-front\\\/#primaryimage\"},\"thumbnailUrl\":\"https:\\\/\\\/interamerica.org\\\/wp-content\\\/uploads\\\/2017\\\/06\\\/HectorSanchez.png\",\"articleSection\":[\"Nouvelles du si\u00e8ge de la division\",\"RSS Fran\u00e7ais\"],\"inLanguage\":\"fr-FR\"},{\"@type\":\"WebPage\",\"@id\":\"https:\\\/\\\/interamerica.org\\\/fr\\\/2015\\\/04\\\/les-leaders-de-leglise-invitent-les-etudiants-en-theologie-a-etre-prets-a-aller-au-front\\\/\",\"url\":\"https:\\\/\\\/interamerica.org\\\/fr\\\/2015\\\/04\\\/les-leaders-de-leglise-invitent-les-etudiants-en-theologie-a-etre-prets-a-aller-au-front\\\/\",\"name\":\"Les leaders de l\u2019\u00e9glise invitent les \u00e9tudiants en th\u00e9ologie \u00e0 \u00eatre pr\u00eats \u00e0 aller au front - \u00c9glise Adventiste Du Septieme Jour - Inter Am\u00e9rique Division\",\"isPartOf\":{\"@id\":\"https:\\\/\\\/interamerica.org\\\/fr\\\/#website\"},\"primaryImageOfPage\":{\"@id\":\"https:\\\/\\\/interamerica.org\\\/fr\\\/2015\\\/04\\\/les-leaders-de-leglise-invitent-les-etudiants-en-theologie-a-etre-prets-a-aller-au-front\\\/#primaryimage\"},\"image\":{\"@id\":\"https:\\\/\\\/interamerica.org\\\/fr\\\/2015\\\/04\\\/les-leaders-de-leglise-invitent-les-etudiants-en-theologie-a-etre-prets-a-aller-au-front\\\/#primaryimage\"},\"thumbnailUrl\":\"https:\\\/\\\/interamerica.org\\\/wp-content\\\/uploads\\\/2017\\\/06\\\/HectorSanchez.png\",\"datePublished\":\"2015-04-29T04:00:00+00:00\",\"author\":{\"@id\":\"https:\\\/\\\/interamerica.org\\\/fr\\\/#\\\/schema\\\/person\\\/68ede8bdc292885bb76c1e3810e73c39\"},\"breadcrumb\":{\"@id\":\"https:\\\/\\\/interamerica.org\\\/fr\\\/2015\\\/04\\\/les-leaders-de-leglise-invitent-les-etudiants-en-theologie-a-etre-prets-a-aller-au-front\\\/#breadcrumb\"},\"inLanguage\":\"fr-FR\",\"potentialAction\":[{\"@type\":\"ReadAction\",\"target\":[\"https:\\\/\\\/interamerica.org\\\/fr\\\/2015\\\/04\\\/les-leaders-de-leglise-invitent-les-etudiants-en-theologie-a-etre-prets-a-aller-au-front\\\/\"]}]},{\"@type\":\"ImageObject\",\"inLanguage\":\"fr-FR\",\"@id\":\"https:\\\/\\\/interamerica.org\\\/fr\\\/2015\\\/04\\\/les-leaders-de-leglise-invitent-les-etudiants-en-theologie-a-etre-prets-a-aller-au-front\\\/#primaryimage\",\"url\":\"https:\\\/\\\/interamerica.org\\\/wp-content\\\/uploads\\\/2017\\\/06\\\/HectorSanchez.png\",\"contentUrl\":\"https:\\\/\\\/interamerica.org\\\/wp-content\\\/uploads\\\/2017\\\/06\\\/HectorSanchez.png\",\"width\":315,\"height\":249},{\"@type\":\"BreadcrumbList\",\"@id\":\"https:\\\/\\\/interamerica.org\\\/fr\\\/2015\\\/04\\\/les-leaders-de-leglise-invitent-les-etudiants-en-theologie-a-etre-prets-a-aller-au-front\\\/#breadcrumb\",\"itemListElement\":[{\"@type\":\"ListItem\",\"position\":1,\"name\":\"Home\",\"item\":\"https:\\\/\\\/interamerica.org\\\/fr\\\/\"},{\"@type\":\"ListItem\",\"position\":2,\"name\":\"Les leaders de l\u2019\u00e9glise invitent les \u00e9tudiants en th\u00e9ologie \u00e0 \u00eatre pr\u00eats \u00e0 aller au front\"}]},{\"@type\":\"WebSite\",\"@id\":\"https:\\\/\\\/interamerica.org\\\/fr\\\/#website\",\"url\":\"https:\\\/\\\/interamerica.org\\\/fr\\\/\",\"name\":\"\u00c9glise Adventiste Du Septieme Jour - Inter Am\u00e9rique Division\",\"description\":\"\",\"potentialAction\":[{\"@type\":\"SearchAction\",\"target\":{\"@type\":\"EntryPoint\",\"urlTemplate\":\"https:\\\/\\\/interamerica.org\\\/fr\\\/?s={search_term_string}\"},\"query-input\":{\"@type\":\"PropertyValueSpecification\",\"valueRequired\":true,\"valueName\":\"search_term_string\"}}],\"inLanguage\":\"fr-FR\"},{\"@type\":\"Person\",\"@id\":\"https:\\\/\\\/interamerica.org\\\/fr\\\/#\\\/schema\\\/person\\\/68ede8bdc292885bb76c1e3810e73c39\",\"name\":\"Lorenzo Verduzco\",\"image\":{\"@type\":\"ImageObject\",\"inLanguage\":\"fr-FR\",\"@id\":\"https:\\\/\\\/secure.gravatar.com\\\/avatar\\\/fb81a55b6218459490a9c1dc841a34909185b81904c5337b4b27f7a6fd60c49e?s=96&d=mm&r=g\",\"url\":\"https:\\\/\\\/secure.gravatar.com\\\/avatar\\\/fb81a55b6218459490a9c1dc841a34909185b81904c5337b4b27f7a6fd60c49e?s=96&d=mm&r=g\",\"contentUrl\":\"https:\\\/\\\/secure.gravatar.com\\\/avatar\\\/fb81a55b6218459490a9c1dc841a34909185b81904c5337b4b27f7a6fd60c49e?s=96&d=mm&r=g\",\"caption\":\"Lorenzo Verduzco\"}}]}<\/script>\n<!-- \/ Yoast SEO plugin. -->","yoast_head_json":{"title":"Les leaders de l\u2019\u00e9glise invitent les \u00e9tudiants en th\u00e9ologie \u00e0 \u00eatre pr\u00eats \u00e0 aller au front - \u00c9glise Adventiste Du Septieme Jour - Inter Am\u00e9rique Division","robots":{"index":"index","follow":"follow","max-snippet":"max-snippet:-1","max-image-preview":"max-image-preview:large","max-video-preview":"max-video-preview:-1"},"canonical":"https:\/\/interamerica.org\/fr\/2015\/04\/les-leaders-de-leglise-invitent-les-etudiants-en-theologie-a-etre-prets-a-aller-au-front\/","og_locale":"fr_FR","og_type":"article","og_title":"Les leaders de l\u2019\u00e9glise invitent les \u00e9tudiants en th\u00e9ologie \u00e0 \u00eatre pr\u00eats \u00e0 aller au front - \u00c9glise Adventiste Du Septieme Jour - Inter Am\u00e9rique Division","og_description":"Des centaines d\u2019\u00e9tudiants en th\u00e9ologie en passe d\u2019\u00eatre dipl\u00f4m\u00e9s sur les diff\u00e9rents campus d\u2019universit\u00e9s Adventistes du Septi\u00e8me Jour en Inter Am\u00e9rique, ont pris le temps aujourd\u2019hui d\u2019\u00e9couter les principaux leaders de l\u2019\u00e9glise leur parler de l\u2019importance de leur appel en tant que pasteurs, mais aussi de leur r\u00f4le et des r\u00e9alit\u00e9s qui entourent le fonctionnement et la croissance de l\u2019\u00e9glise dans le champ.  Le programme de deux heures diffus\u00e9 en direct sur internet, se d\u00e9roulait depuis le si\u00e8ge de la Division Inter Am\u00e9ricaine (DIA) \u00e0 Miami en Floride, et avait pour but de faire savoir aux \u00e9tudiants devant \u00eatre dipl\u00f4m\u00e9s et \u00e0 ceux \u00e0 qui il ne reste qu\u2019une ann\u00e9e avant la fin de leurs \u00e9tudes au s\u00e9minaire, qu\u2019ils ne sont pas seuls et qu\u2019ils doivent s\u2019accrocher au Saint Esprit alors qu\u2019ils s\u2019engagent \u00e0 servir Dieu sans r\u00e9serve.","og_url":"https:\/\/interamerica.org\/fr\/2015\/04\/les-leaders-de-leglise-invitent-les-etudiants-en-theologie-a-etre-prets-a-aller-au-front\/","og_site_name":"\u00c9glise Adventiste Du Septieme Jour - Inter Am\u00e9rique Division","article_published_time":"2015-04-29T04:00:00+00:00","og_image":[{"width":315,"height":249,"url":"https:\/\/interamerica.org\/wp-content\/uploads\/2017\/06\/HectorSanchez.png","type":"image\/png"}],"author":"Lorenzo Verduzco","twitter_card":"summary_large_image","twitter_misc":{"\u00c9crit par":"Lorenzo Verduzco","Dur\u00e9e de lecture estim\u00e9e":"6 minutes"},"schema":{"@context":"https:\/\/schema.org","@graph":[{"@type":"Article","@id":"https:\/\/interamerica.org\/fr\/2015\/04\/les-leaders-de-leglise-invitent-les-etudiants-en-theologie-a-etre-prets-a-aller-au-front\/#article","isPartOf":{"@id":"https:\/\/interamerica.org\/fr\/2015\/04\/les-leaders-de-leglise-invitent-les-etudiants-en-theologie-a-etre-prets-a-aller-au-front\/"},"author":{"name":"Lorenzo Verduzco","@id":"https:\/\/interamerica.org\/fr\/#\/schema\/person\/68ede8bdc292885bb76c1e3810e73c39"},"headline":"Les leaders de l\u2019\u00e9glise invitent les \u00e9tudiants en th\u00e9ologie \u00e0 \u00eatre pr\u00eats \u00e0 aller au front","datePublished":"2015-04-29T04:00:00+00:00","mainEntityOfPage":{"@id":"https:\/\/interamerica.org\/fr\/2015\/04\/les-leaders-de-leglise-invitent-les-etudiants-en-theologie-a-etre-prets-a-aller-au-front\/"},"wordCount":1281,"image":{"@id":"https:\/\/interamerica.org\/fr\/2015\/04\/les-leaders-de-leglise-invitent-les-etudiants-en-theologie-a-etre-prets-a-aller-au-front\/#primaryimage"},"thumbnailUrl":"https:\/\/interamerica.org\/wp-content\/uploads\/2017\/06\/HectorSanchez.png","articleSection":["Nouvelles du si\u00e8ge de la division","RSS Fran\u00e7ais"],"inLanguage":"fr-FR"},{"@type":"WebPage","@id":"https:\/\/interamerica.org\/fr\/2015\/04\/les-leaders-de-leglise-invitent-les-etudiants-en-theologie-a-etre-prets-a-aller-au-front\/","url":"https:\/\/interamerica.org\/fr\/2015\/04\/les-leaders-de-leglise-invitent-les-etudiants-en-theologie-a-etre-prets-a-aller-au-front\/","name":"Les leaders de l\u2019\u00e9glise invitent les \u00e9tudiants en th\u00e9ologie \u00e0 \u00eatre pr\u00eats \u00e0 aller au front - \u00c9glise Adventiste Du Septieme Jour - Inter Am\u00e9rique Division","isPartOf":{"@id":"https:\/\/interamerica.org\/fr\/#website"},"primaryImageOfPage":{"@id":"https:\/\/interamerica.org\/fr\/2015\/04\/les-leaders-de-leglise-invitent-les-etudiants-en-theologie-a-etre-prets-a-aller-au-front\/#primaryimage"},"image":{"@id":"https:\/\/interamerica.org\/fr\/2015\/04\/les-leaders-de-leglise-invitent-les-etudiants-en-theologie-a-etre-prets-a-aller-au-front\/#primaryimage"},"thumbnailUrl":"https:\/\/interamerica.org\/wp-content\/uploads\/2017\/06\/HectorSanchez.png","datePublished":"2015-04-29T04:00:00+00:00","author":{"@id":"https:\/\/interamerica.org\/fr\/#\/schema\/person\/68ede8bdc292885bb76c1e3810e73c39"},"breadcrumb":{"@id":"https:\/\/interamerica.org\/fr\/2015\/04\/les-leaders-de-leglise-invitent-les-etudiants-en-theologie-a-etre-prets-a-aller-au-front\/#breadcrumb"},"inLanguage":"fr-FR","potentialAction":[{"@type":"ReadAction","target":["https:\/\/interamerica.org\/fr\/2015\/04\/les-leaders-de-leglise-invitent-les-etudiants-en-theologie-a-etre-prets-a-aller-au-front\/"]}]},{"@type":"ImageObject","inLanguage":"fr-FR","@id":"https:\/\/interamerica.org\/fr\/2015\/04\/les-leaders-de-leglise-invitent-les-etudiants-en-theologie-a-etre-prets-a-aller-au-front\/#primaryimage","url":"https:\/\/interamerica.org\/wp-content\/uploads\/2017\/06\/HectorSanchez.png","contentUrl":"https:\/\/interamerica.org\/wp-content\/uploads\/2017\/06\/HectorSanchez.png","width":315,"height":249},{"@type":"BreadcrumbList","@id":"https:\/\/interamerica.org\/fr\/2015\/04\/les-leaders-de-leglise-invitent-les-etudiants-en-theologie-a-etre-prets-a-aller-au-front\/#breadcrumb","itemListElement":[{"@type":"ListItem","position":1,"name":"Home","item":"https:\/\/interamerica.org\/fr\/"},{"@type":"ListItem","position":2,"name":"Les leaders de l\u2019\u00e9glise invitent les \u00e9tudiants en th\u00e9ologie \u00e0 \u00eatre pr\u00eats \u00e0 aller au front"}]},{"@type":"WebSite","@id":"https:\/\/interamerica.org\/fr\/#website","url":"https:\/\/interamerica.org\/fr\/","name":"\u00c9glise Adventiste Du Septieme Jour - Inter Am\u00e9rique Division","description":"","potentialAction":[{"@type":"SearchAction","target":{"@type":"EntryPoint","urlTemplate":"https:\/\/interamerica.org\/fr\/?s={search_term_string}"},"query-input":{"@type":"PropertyValueSpecification","valueRequired":true,"valueName":"search_term_string"}}],"inLanguage":"fr-FR"},{"@type":"Person","@id":"https:\/\/interamerica.org\/fr\/#\/schema\/person\/68ede8bdc292885bb76c1e3810e73c39","name":"Lorenzo Verduzco","image":{"@type":"ImageObject","inLanguage":"fr-FR","@id":"https:\/\/secure.gravatar.com\/avatar\/fb81a55b6218459490a9c1dc841a34909185b81904c5337b4b27f7a6fd60c49e?s=96&d=mm&r=g","url":"https:\/\/secure.gravatar.com\/avatar\/fb81a55b6218459490a9c1dc841a34909185b81904c5337b4b27f7a6fd60c49e?s=96&d=mm&r=g","contentUrl":"https:\/\/secure.gravatar.com\/avatar\/fb81a55b6218459490a9c1dc841a34909185b81904c5337b4b27f7a6fd60c49e?s=96&d=mm&r=g","caption":"Lorenzo Verduzco"}}]}},"_links":{"self":[{"href":"https:\/\/interamerica.org\/fr\/wp-json\/wp\/v2\/posts\/32254","targetHints":{"allow":["GET"]}}],"collection":[{"href":"https:\/\/interamerica.org\/fr\/wp-json\/wp\/v2\/posts"}],"about":[{"href":"https:\/\/interamerica.org\/fr\/wp-json\/wp\/v2\/types\/post"}],"author":[{"embeddable":true,"href":"https:\/\/interamerica.org\/fr\/wp-json\/wp\/v2\/users\/1"}],"replies":[{"embeddable":true,"href":"https:\/\/interamerica.org\/fr\/wp-json\/wp\/v2\/comments?post=32254"}],"version-history":[{"count":0,"href":"https:\/\/interamerica.org\/fr\/wp-json\/wp\/v2\/posts\/32254\/revisions"}],"wp:featuredmedia":[{"embeddable":true,"href":"https:\/\/interamerica.org\/fr\/wp-json\/wp\/v2\/media\/22129"}],"wp:attachment":[{"href":"https:\/\/interamerica.org\/fr\/wp-json\/wp\/v2\/media?parent=32254"}],"wp:term":[{"taxonomy":"category","embeddable":true,"href":"https:\/\/interamerica.org\/fr\/wp-json\/wp\/v2\/categories?post=32254"},{"taxonomy":"post_tag","embeddable":true,"href":"https:\/\/interamerica.org\/fr\/wp-json\/wp\/v2\/tags?post=32254"}],"curies":[{"name":"wp","href":"https:\/\/api.w.org\/{rel}","templated":true}]}}