{"id":32256,"date":"2015-05-01T00:00:00","date_gmt":"2015-05-01T04:00:00","guid":{"rendered":"http:\/\/192.81.217.108\/interamerica\/2015\/05\/un-senateur-americain-declare-que-les-adventistes-sont-en-tete-de-la-bataille-pour-la-protection-de-la-liberte-religieuse\/"},"modified":"2015-05-01T00:00:00","modified_gmt":"2015-05-01T04:00:00","slug":"un-senateur-americain-declare-que-les-adventistes-sont-en-tete-de-la-bataille-pour-la-protection-de-la-liberte-religieuse","status":"publish","type":"post","link":"https:\/\/interamerica.org\/fr\/2015\/05\/un-senateur-americain-declare-que-les-adventistes-sont-en-tete-de-la-bataille-pour-la-protection-de-la-liberte-religieuse\/","title":{"rendered":"Un s\u00e9nateur am\u00e9ricain d\u00e9clare que les Adventistes sont en t\u00eate de la bataille pour la protection de la libert\u00e9 religieuse"},"content":{"rendered":"<p>30 Avril 2015, Silver Spring, Maryland, Etats Unis \u2013 Andrew McChesney, r\u00e9dacteur Adventist Review<\/p>\n<div id=\"attachment_16639\" style=\"width: 430px\" class=\"wp-caption alignright\"><a href=\"\/interamerica\/wp-content\/uploads\/2017\/06\/rsz_hatch-1.jpg\" rel=\"fancybox\" title=\"Un s\u00e9nateur am\u00e9ricain d\u00e9clare que les Adventistes sont en t\u00eate de la bataille pour la protection de la libert\u00e9 religieuse\"><img fetchpriority=\"high\" decoding=\"async\" aria-describedby=\"caption-attachment-16639\" class=\"wp-image-16639 \" src=\"\/interamerica\/wp-content\/uploads\/2017\/06\/rsz_hatch-1.jpg\" alt=\"\" width=\"420\" height=\"211\" \/><\/a><p id=\"caption-attachment-16639\" class=\"wp-caption-text\">Le s\u00e9nateur Orrin Hatch s\u2019exprimant lors du d\u00eener du 29 avril. (Mylon Medley\/ANN)<\/p><\/div>\n<p>Un s\u00e9nateur am\u00e9ricain v\u00e9t\u00e9ran a d\u00e9clar\u00e9 que la libert\u00e9 religieuse \u00e9tait en danger aux Etats Unis et dans le monde, et a f\u00e9licit\u00e9 l\u2019Eglise Adventiste du Septi\u00e8me Jour du fait qu\u2019elle joue un r\u00f4le majeur pour la d\u00e9fendre.<\/p>\n<p>Le s\u00e9nateur Orrin Hatch, s\u2019exprimant lors du diner sponsoris\u00e9 par l\u2019Eglise Adventiste du Septi\u00e8me Jour, a critiqu\u00e9 la situation de la libert\u00e9 religieuse dans des pays tels que la Chine, l\u2019Iran, le Nig\u00e9ria, la Russie et l\u2019Arabie Saoudite.<\/p>\n<p>Il a d\u00e9clar\u00e9 que la population des Etats Unis a aussi des raisons d\u2019\u00eatre pr\u00e9occup\u00e9e, faisant r\u00e9f\u00e9rence \u00e0 une s\u00e9rie de jugements rendus par la Cour Supr\u00eame des Etats Unis au cours des 50 derni\u00e8res ann\u00e9es.<\/p>\n<p>\u00ab C\u2019est une p\u00e9riode trouble pour la religion et la libert\u00e9 religieuse, \u00e0 la fois ici en Am\u00e9rique et \u00e0 l\u2019\u00e9tranger, \u00bb a dit Orrin Hatch dans un discours prononc\u00e9 mercredi soir dans un h\u00f4tel de Washington devant environ 160 ambassadeurs, dirigeants religieux, et d\u00e9fenseurs de la libert\u00e9 religieuse.<\/p>\n<p>Mais, a t-il dit, l\u2019Eglise Adventiste du Septi\u00e8me Jour a aid\u00e9 \u00e0 prot\u00e9ger la libert\u00e9 religieuse en travaillant avec les l\u00e9gislateurs am\u00e9ricains et en remettant en question des affaires en justice.<\/p>\n<p>A titre d\u2019exemple, il a d\u00e9clar\u00e9 que \u00e0 la fois l\u2019Eglise Adventiste et l\u2019Eglise de J\u00e9sus Christ des Saints des Derniers Jours, dont il est membre, ont jou\u00e9 un r\u00f4le cl\u00e9 dans le passage de l\u2019Acte de Restauration de la Libert\u00e9 Religieuse, une loi f\u00e9d\u00e9rale qui \u00ab s\u2019assure que les int\u00e9r\u00eats de la libert\u00e9 religieuse sont prot\u00e9g\u00e9s \u00bb et qui a \u00e9t\u00e9 sign\u00e9e par le pr\u00e9sident Bill Clinton en 1993.<\/p>\n<p>\u00ab Une fois de plus, l\u2019Eglise Adventiste du Septi\u00e8me Jour a montr\u00e9 le chemin, \u00bb a d\u00e9clar\u00e9 Orrin Hatch, 81 ans, qui sert en tant que s\u00e9nateur depuis 1977 et est le R\u00e9publicain le plus ancien au S\u00e9nat, troisi\u00e8me dans la ligne de succession \u00e0 la pr\u00e9sidence.<\/p>\n<p>La libert\u00e9 religieuse a toujours \u00e9t\u00e9 une priorit\u00e9 de l\u2019Eglise Adventiste depuis ses origines au milieu des ann\u00e9es 1800 ; l\u2019\u00e9glise a pendant longtemps d\u00e9fendu les droits des observateurs du Sabbat et ceux d\u2019autres minorit\u00e9s religieuses. Ces efforts ont \u00e9t\u00e9 particuli\u00e8rement visibles au cours des derni\u00e8res d\u00e9cennies depuis que la Conf\u00e9rence G\u00e9n\u00e9rale, l\u2019entit\u00e9 administrative de l\u2019Eglise Adventiste mondiale, a renforc\u00e9 son d\u00e9partement de la libert\u00e9 religieuse qui a d\u2019ailleurs co-organis\u00e9 le diner avec le Magazine Liberty de l\u2019Eglise Adventiste, l\u2019Association Internationale pour la Libert\u00e9 Religieuse, et l\u2019Association Nord-Am\u00e9ricaine pour la Libert\u00e9 Religieuse.<\/p>\n<p><strong>Programme de Libert\u00e9 Religieuse de Premier Plan<\/strong><br \/>\nDwayne Leslie, l\u2019agent de liaison de l\u2019Eglise Adventiste avec le Congr\u00e8s am\u00e9ricain et la Maison Blanche, a dit qu\u2019il \u00e9tait reconnaissant de ce que le s\u00e9nateur Hatch ait reconnu l\u2019engagement de longue date de l\u2019\u00e9glise en mati\u00e8re de protection de la libert\u00e9 religieuse.<\/p>\n<p>\u00ab Au fil des ann\u00e9es, notre \u00e9glise a souvent \u00e9t\u00e9 en premi\u00e8re ligne dans beaucoup de ces initiatives l\u00e9gislatives \u00e0 Capitol Hill, \u00bb a t-il dit \u00e0 Adventist Review. \u00ab Je suis honor\u00e9 de pouvoir continuer cette fi\u00e8re tradition. \u00bb<\/p>\n<div id=\"attachment_16640\" style=\"width: 430px\" class=\"wp-caption alignleft\"><a href=\"\/interamerica\/wp-content\/uploads\/2017\/06\/rsz_awardees-.jpg\" rel=\"fancybox\" title=\"Un s\u00e9nateur am\u00e9ricain d\u00e9clare que les Adventistes sont en t\u00eate de la bataille pour la protection de la libert\u00e9 religieuse\"><img decoding=\"async\" aria-describedby=\"caption-attachment-16640\" class=\" wp-image-16640  \" src=\"\/interamerica\/wp-content\/uploads\/2017\/06\/rsz_awardees-.jpg\" alt=\"\" width=\"420\" height=\"323\" \/><\/a><p id=\"caption-attachment-16640\" class=\"wp-caption-text\">John Graz, \u00e0 gauche, directeur du d\u00e9partement de la libert\u00e9 religieuse pour l\u2019Eglise Adventiste, posant avec le principal r\u00e9cipiendaire du prix national de ce diner, Tiffany Barrens, directrice juridique internationale du Centre Am\u00e9ricain pour le Droit et la Justice ; et le r\u00e9cipiendaire du prix international, Minhea Coutoiu, un s\u00e9nateur roumain et pr\u00e9sident d\u2019universit\u00e9. (Mylon Medley\/ANN)<\/p><\/div>\n<p>Le diner, qui est devenu un \u00e9v\u00e8nement de premier plan \u00e0 Washington au cours des 13 derni\u00e8res ann\u00e9es, vise \u00e0 mettre en avant l\u2019urgence de la question de la libert\u00e9 religieuse au sein de la communaut\u00e9 diplomatique. Cette ann\u00e9e, le programme a rassembl\u00e9 des personnalit\u00e9s comme le membre du Congr\u00e8s am\u00e9ricain Chris Stewart, un R\u00e9publicain de l\u2019Utah dont c\u2019\u00e9tait la premi\u00e8re participation, et l\u2019ambassadeur de St Vincent et les Grenadines, La Celia Prince, une habitu\u00e9e et l\u2019un des deux seuls ambassadeurs Adventistes actuellement en service \u00e0 Washington. L\u2019autre ambassadeur Adventiste est Palan Mulonda de la Zambie qui a eu l\u2019occasion de participer au diner au cours des ann\u00e9es pr\u00e9c\u00e9dentes.<\/p>\n<p>\u00ab L\u2019objectif principal est d\u2019en faire des champions de la libert\u00e9 religieuse, \u00bb a d\u00e9clar\u00e9 Ganoune Diop, directeur adjoint du d\u00e9partement de la libert\u00e9 religieuse pour l\u2019Eglise Adventiste, et aussi l\u2019agent de liaison de l\u2019\u00e9glise aupr\u00e8s des Nations Unies.<\/p>\n<p>Parmi les autres invit\u00e9s, il y avait des responsables Juifs, des repr\u00e9sentants d\u2019organisations non-gouvernementales Musulmanes, et des d\u00e9l\u00e9gations Adventistes de la R\u00e9publique Dominicaine, de la Roumanie et d\u2019autres pays.<\/p>\n<p>Les participants ont pu savourer un menu compos\u00e9 de l\u00e9gumes Wellington au four dans une sauce curry l\u00e9g\u00e8re et un g\u00e2teau aux m\u00fbres, alors que le s\u00e9nateur Orrin Hatch s\u2019exprimait \u00e0 l\u2019H\u00f4tel Willard Inter Continental.<\/p>\n<p>A la fin de l\u2019intervention d\u2019Orrin Hatch, un prix sp\u00e9cial a \u00e9t\u00e9 remis au s\u00e9nateur pour son engagement dans la cause de la libert\u00e9 religieuse. Les organisateurs ont remis le prix national du diner \u00e0 Tiffany Barrens, directrice juridique internationale pour le Centre Am\u00e9ricain pour le Droit et la Justice, et le prix international a \u00e9t\u00e9 remis \u00e0 Minhea Coutoiu, un s\u00e9nateur et pr\u00e9sident d\u2019universit\u00e9 en Roumanie.<\/p>\n<p>Todd R. McFarland, conseiller juridique g\u00e9n\u00e9ral adjoint de la Conf\u00e9rence G\u00e9n\u00e9rale, a rendu hommage \u00e0 Charles Kester, un avocat et sympathisant de l\u2019Eglise Adventiste dans des affaires touchant \u00e0 la libert\u00e9 religieuse, r\u00e9cemment d\u00e9c\u00e9d\u00e9.<\/p>\n<p>John Graz, qui prendra sa retraite cette ann\u00e9e en tant que directeur du d\u00e9partement de libert\u00e9 religieuse pour l\u2019Eglise Adventiste et secr\u00e9taire g\u00e9n\u00e9ral de l\u2019Association Internationale pour la Libert\u00e9 Religieuse, a \u00e9t\u00e9 honor\u00e9 pour ses d\u00e9cennies de leadership.<\/p>\n<p><strong>La Vigilance Eternelle et Wintley Phipps<\/strong><br \/>\nOrrin Hatch, dans son discours, a indiqu\u00e9 que des \u00e9tudes ont montr\u00e9 que la libert\u00e9 religieuse est associ\u00e9e \u00e0 plus de bonheur, alors que les pays qui n\u2019en jouissent pas tendent \u00e0 \u00eatre plus violents.<\/p>\n<p>C\u2019est un droit inali\u00e9nable qui ne vient pas du gouvernement mais de Dieu Lui m\u00eame, \u00bb a t-il dit. \u00ab La vigilance \u00e9ternelle est le prix de la libert\u00e9 et aucune libert\u00e9 ne m\u00e9rite davantage ce prix l\u00e0. \u00bb<\/p>\n<p>Orrin Hatch a d\u00e9but\u00e9 ses remarques en parlant de son amiti\u00e9 avec Wintley Phipps, un pasteur consacr\u00e9 Adventiste et chanteur nomm\u00e9 aux Grammy qui a eu l\u2019occasion de chanter pour les six derniers pr\u00e9sidents am\u00e9ricains. Orrin Hatch est un parolier et un chanteur, et il a dit que Wintley Phipps et lui appr\u00e9cient de chanter ensemble.<\/p>\n<p>En marge du diner, Orrin Hatch a remerci\u00e9 John Graz pour le travail consistant de l\u2019Eglise Adventiste men\u00e9 ann\u00e9e apr\u00e8s ann\u00e9e pour prot\u00e9ger la \u00ab m\u00e8re de toutes les libert\u00e9s. \u00bb<\/p>\n<p>\u00ab Il nous a encourag\u00e9 \u00e0 continuer de promouvoir et de d\u00e9fendre cette valeur tellement essentielle pour une soci\u00e9t\u00e9 d\u00e9mocratique, \u00bb a dit John Graz.<\/p>\n<p>John Graz, qui s\u2019est rendu dans plus de 100 pays et a organis\u00e9 des rencontres avec des dizaines de milliers de personnes pour c\u00e9l\u00e9brer la libert\u00e9 religieuse, a d\u00e9clar\u00e9 qu\u2019il esp\u00e9rait voir les efforts de l\u2019Eglise Adventiste prosp\u00e9rer et se d\u00e9velopper.<\/p>\n<p>\u00ab Je r\u00eave encore qu\u2019un jour nous verrons 100000 personnes c\u00e9l\u00e9brer la libert\u00e9 religieuse sur le Mall (esplanade nationale) \u00e0 Washington, \u00bb a t-il dit. \u00ab Quel message fort serait alors envoy\u00e9 au monde et \u00e0 l\u2019Am\u00e9rique. \u00bb<\/p>\n<p>Traduction: Patrick Luciathe<\/p>\n","protected":false},"excerpt":{"rendered":"<p>Un s\u00e9nateur am\u00e9ricain v\u00e9t\u00e9ran a d\u00e9clar\u00e9 que la libert\u00e9 religieuse \u00e9tait en danger aux Etats Unis et dans le monde, et a f\u00e9licit\u00e9 l\u2019Eglise Adventiste du Septi\u00e8me Jour du fait qu\u2019elle joue un r\u00f4le majeur pour la d\u00e9fendre.  <\/p>\n<p>Le s\u00e9nateur Orrin Hatch, s\u2019exprimant lors du diner sponsoris\u00e9 par l\u2019Eglise Adventiste du Septi\u00e8me Jour, a critiqu\u00e9 la situation de la libert\u00e9 religieuse dans des pays tels que la Chine, l\u2019Iran, le Nig\u00e9ria, la Russie et l\u2019Arabie Saoudite<\/p>\n","protected":false},"author":1,"featured_media":25162,"comment_status":"closed","ping_status":"closed","sticky":false,"template":"","format":"standard","meta":{"_acf_changed":false,"footnotes":""},"categories":[18,19],"tags":[],"class_list":["post-32256","post","type-post","status-publish","format-standard","has-post-thumbnail","hentry","category-nouvelles-de-leglise-mondiale","category-rss-francais"],"acf":[],"yoast_head":"<!-- This site is optimized with the Yoast SEO plugin v27.3 - https:\/\/yoast.com\/product\/yoast-seo-wordpress\/ -->\n<title>Un s\u00e9nateur am\u00e9ricain d\u00e9clare que les Adventistes sont en t\u00eate de la bataille pour la protection de la libert\u00e9 religieuse - \u00c9glise Adventiste Du Septieme Jour - Inter Am\u00e9rique Division<\/title>\n<meta name=\"robots\" content=\"index, follow, max-snippet:-1, max-image-preview:large, max-video-preview:-1\" \/>\n<link rel=\"canonical\" href=\"https:\/\/interamerica.org\/fr\/2015\/05\/un-senateur-americain-declare-que-les-adventistes-sont-en-tete-de-la-bataille-pour-la-protection-de-la-liberte-religieuse\/\" \/>\n<meta property=\"og:locale\" content=\"fr_FR\" \/>\n<meta property=\"og:type\" content=\"article\" \/>\n<meta property=\"og:title\" content=\"Un s\u00e9nateur am\u00e9ricain d\u00e9clare que les Adventistes sont en t\u00eate de la bataille pour la protection de la libert\u00e9 religieuse - \u00c9glise Adventiste Du Septieme Jour - Inter Am\u00e9rique Division\" \/>\n<meta property=\"og:description\" content=\"Un s\u00e9nateur am\u00e9ricain v\u00e9t\u00e9ran a d\u00e9clar\u00e9 que la libert\u00e9 religieuse \u00e9tait en danger aux Etats Unis et dans le monde, et a f\u00e9licit\u00e9 l\u2019Eglise Adventiste du Septi\u00e8me Jour du fait qu\u2019elle joue un r\u00f4le majeur pour la d\u00e9fendre.  Le s\u00e9nateur Orrin Hatch, s\u2019exprimant lors du diner sponsoris\u00e9 par l\u2019Eglise Adventiste du Septi\u00e8me Jour, a critiqu\u00e9 la situation de la libert\u00e9 religieuse dans des pays tels que la Chine, l\u2019Iran, le Nig\u00e9ria, la Russie et l\u2019Arabie Saoudite\" \/>\n<meta property=\"og:url\" content=\"https:\/\/interamerica.org\/fr\/2015\/05\/un-senateur-americain-declare-que-les-adventistes-sont-en-tete-de-la-bataille-pour-la-protection-de-la-liberte-religieuse\/\" \/>\n<meta property=\"og:site_name\" content=\"\u00c9glise Adventiste Du Septieme Jour - Inter Am\u00e9rique Division\" \/>\n<meta property=\"article:published_time\" content=\"2015-05-01T04:00:00+00:00\" \/>\n<meta property=\"og:image\" content=\"https:\/\/interamerica.org\/wp-content\/uploads\/2017\/06\/rsz_hatch-1.jpg\" \/>\n\t<meta property=\"og:image:width\" content=\"1000\" \/>\n\t<meta property=\"og:image:height\" content=\"503\" \/>\n\t<meta property=\"og:image:type\" content=\"image\/jpeg\" \/>\n<meta name=\"author\" content=\"Lorenzo Verduzco\" \/>\n<meta name=\"twitter:card\" content=\"summary_large_image\" \/>\n<meta name=\"twitter:label1\" content=\"\u00c9crit par\" \/>\n\t<meta name=\"twitter:data1\" content=\"Lorenzo Verduzco\" \/>\n\t<meta name=\"twitter:label2\" content=\"Dur\u00e9e de lecture estim\u00e9e\" \/>\n\t<meta name=\"twitter:data2\" content=\"7 minutes\" \/>\n<script type=\"application\/ld+json\" class=\"yoast-schema-graph\">{\"@context\":\"https:\\\/\\\/schema.org\",\"@graph\":[{\"@type\":\"Article\",\"@id\":\"https:\\\/\\\/interamerica.org\\\/fr\\\/2015\\\/05\\\/un-senateur-americain-declare-que-les-adventistes-sont-en-tete-de-la-bataille-pour-la-protection-de-la-liberte-religieuse\\\/#article\",\"isPartOf\":{\"@id\":\"https:\\\/\\\/interamerica.org\\\/fr\\\/2015\\\/05\\\/un-senateur-americain-declare-que-les-adventistes-sont-en-tete-de-la-bataille-pour-la-protection-de-la-liberte-religieuse\\\/\"},\"author\":{\"name\":\"Lorenzo Verduzco\",\"@id\":\"https:\\\/\\\/interamerica.org\\\/fr\\\/#\\\/schema\\\/person\\\/68ede8bdc292885bb76c1e3810e73c39\"},\"headline\":\"Un s\u00e9nateur am\u00e9ricain d\u00e9clare que les Adventistes sont en t\u00eate de la bataille pour la protection de la libert\u00e9 religieuse\",\"datePublished\":\"2015-05-01T04:00:00+00:00\",\"mainEntityOfPage\":{\"@id\":\"https:\\\/\\\/interamerica.org\\\/fr\\\/2015\\\/05\\\/un-senateur-americain-declare-que-les-adventistes-sont-en-tete-de-la-bataille-pour-la-protection-de-la-liberte-religieuse\\\/\"},\"wordCount\":1392,\"image\":{\"@id\":\"https:\\\/\\\/interamerica.org\\\/fr\\\/2015\\\/05\\\/un-senateur-americain-declare-que-les-adventistes-sont-en-tete-de-la-bataille-pour-la-protection-de-la-liberte-religieuse\\\/#primaryimage\"},\"thumbnailUrl\":\"https:\\\/\\\/interamerica.org\\\/wp-content\\\/uploads\\\/2017\\\/06\\\/rsz_hatch-1.jpg\",\"articleSection\":[\"Nouvelles de l'\u00c9glise mondiale\",\"RSS Fran\u00e7ais\"],\"inLanguage\":\"fr-FR\"},{\"@type\":\"WebPage\",\"@id\":\"https:\\\/\\\/interamerica.org\\\/fr\\\/2015\\\/05\\\/un-senateur-americain-declare-que-les-adventistes-sont-en-tete-de-la-bataille-pour-la-protection-de-la-liberte-religieuse\\\/\",\"url\":\"https:\\\/\\\/interamerica.org\\\/fr\\\/2015\\\/05\\\/un-senateur-americain-declare-que-les-adventistes-sont-en-tete-de-la-bataille-pour-la-protection-de-la-liberte-religieuse\\\/\",\"name\":\"Un s\u00e9nateur am\u00e9ricain d\u00e9clare que les Adventistes sont en t\u00eate de la bataille pour la protection de la libert\u00e9 religieuse - \u00c9glise Adventiste Du Septieme Jour - Inter Am\u00e9rique Division\",\"isPartOf\":{\"@id\":\"https:\\\/\\\/interamerica.org\\\/fr\\\/#website\"},\"primaryImageOfPage\":{\"@id\":\"https:\\\/\\\/interamerica.org\\\/fr\\\/2015\\\/05\\\/un-senateur-americain-declare-que-les-adventistes-sont-en-tete-de-la-bataille-pour-la-protection-de-la-liberte-religieuse\\\/#primaryimage\"},\"image\":{\"@id\":\"https:\\\/\\\/interamerica.org\\\/fr\\\/2015\\\/05\\\/un-senateur-americain-declare-que-les-adventistes-sont-en-tete-de-la-bataille-pour-la-protection-de-la-liberte-religieuse\\\/#primaryimage\"},\"thumbnailUrl\":\"https:\\\/\\\/interamerica.org\\\/wp-content\\\/uploads\\\/2017\\\/06\\\/rsz_hatch-1.jpg\",\"datePublished\":\"2015-05-01T04:00:00+00:00\",\"author\":{\"@id\":\"https:\\\/\\\/interamerica.org\\\/fr\\\/#\\\/schema\\\/person\\\/68ede8bdc292885bb76c1e3810e73c39\"},\"breadcrumb\":{\"@id\":\"https:\\\/\\\/interamerica.org\\\/fr\\\/2015\\\/05\\\/un-senateur-americain-declare-que-les-adventistes-sont-en-tete-de-la-bataille-pour-la-protection-de-la-liberte-religieuse\\\/#breadcrumb\"},\"inLanguage\":\"fr-FR\",\"potentialAction\":[{\"@type\":\"ReadAction\",\"target\":[\"https:\\\/\\\/interamerica.org\\\/fr\\\/2015\\\/05\\\/un-senateur-americain-declare-que-les-adventistes-sont-en-tete-de-la-bataille-pour-la-protection-de-la-liberte-religieuse\\\/\"]}]},{\"@type\":\"ImageObject\",\"inLanguage\":\"fr-FR\",\"@id\":\"https:\\\/\\\/interamerica.org\\\/fr\\\/2015\\\/05\\\/un-senateur-americain-declare-que-les-adventistes-sont-en-tete-de-la-bataille-pour-la-protection-de-la-liberte-religieuse\\\/#primaryimage\",\"url\":\"https:\\\/\\\/interamerica.org\\\/wp-content\\\/uploads\\\/2017\\\/06\\\/rsz_hatch-1.jpg\",\"contentUrl\":\"https:\\\/\\\/interamerica.org\\\/wp-content\\\/uploads\\\/2017\\\/06\\\/rsz_hatch-1.jpg\",\"width\":1000,\"height\":503},{\"@type\":\"BreadcrumbList\",\"@id\":\"https:\\\/\\\/interamerica.org\\\/fr\\\/2015\\\/05\\\/un-senateur-americain-declare-que-les-adventistes-sont-en-tete-de-la-bataille-pour-la-protection-de-la-liberte-religieuse\\\/#breadcrumb\",\"itemListElement\":[{\"@type\":\"ListItem\",\"position\":1,\"name\":\"Home\",\"item\":\"https:\\\/\\\/interamerica.org\\\/fr\\\/\"},{\"@type\":\"ListItem\",\"position\":2,\"name\":\"Un s\u00e9nateur am\u00e9ricain d\u00e9clare que les Adventistes sont en t\u00eate de la bataille pour la protection de la libert\u00e9 religieuse\"}]},{\"@type\":\"WebSite\",\"@id\":\"https:\\\/\\\/interamerica.org\\\/fr\\\/#website\",\"url\":\"https:\\\/\\\/interamerica.org\\\/fr\\\/\",\"name\":\"\u00c9glise Adventiste Du Septieme Jour - Inter Am\u00e9rique Division\",\"description\":\"\",\"potentialAction\":[{\"@type\":\"SearchAction\",\"target\":{\"@type\":\"EntryPoint\",\"urlTemplate\":\"https:\\\/\\\/interamerica.org\\\/fr\\\/?s={search_term_string}\"},\"query-input\":{\"@type\":\"PropertyValueSpecification\",\"valueRequired\":true,\"valueName\":\"search_term_string\"}}],\"inLanguage\":\"fr-FR\"},{\"@type\":\"Person\",\"@id\":\"https:\\\/\\\/interamerica.org\\\/fr\\\/#\\\/schema\\\/person\\\/68ede8bdc292885bb76c1e3810e73c39\",\"name\":\"Lorenzo Verduzco\",\"image\":{\"@type\":\"ImageObject\",\"inLanguage\":\"fr-FR\",\"@id\":\"https:\\\/\\\/secure.gravatar.com\\\/avatar\\\/fb81a55b6218459490a9c1dc841a34909185b81904c5337b4b27f7a6fd60c49e?s=96&d=mm&r=g\",\"url\":\"https:\\\/\\\/secure.gravatar.com\\\/avatar\\\/fb81a55b6218459490a9c1dc841a34909185b81904c5337b4b27f7a6fd60c49e?s=96&d=mm&r=g\",\"contentUrl\":\"https:\\\/\\\/secure.gravatar.com\\\/avatar\\\/fb81a55b6218459490a9c1dc841a34909185b81904c5337b4b27f7a6fd60c49e?s=96&d=mm&r=g\",\"caption\":\"Lorenzo Verduzco\"}}]}<\/script>\n<!-- \/ Yoast SEO plugin. -->","yoast_head_json":{"title":"Un s\u00e9nateur am\u00e9ricain d\u00e9clare que les Adventistes sont en t\u00eate de la bataille pour la protection de la libert\u00e9 religieuse - \u00c9glise Adventiste Du Septieme Jour - Inter Am\u00e9rique Division","robots":{"index":"index","follow":"follow","max-snippet":"max-snippet:-1","max-image-preview":"max-image-preview:large","max-video-preview":"max-video-preview:-1"},"canonical":"https:\/\/interamerica.org\/fr\/2015\/05\/un-senateur-americain-declare-que-les-adventistes-sont-en-tete-de-la-bataille-pour-la-protection-de-la-liberte-religieuse\/","og_locale":"fr_FR","og_type":"article","og_title":"Un s\u00e9nateur am\u00e9ricain d\u00e9clare que les Adventistes sont en t\u00eate de la bataille pour la protection de la libert\u00e9 religieuse - \u00c9glise Adventiste Du Septieme Jour - Inter Am\u00e9rique Division","og_description":"Un s\u00e9nateur am\u00e9ricain v\u00e9t\u00e9ran a d\u00e9clar\u00e9 que la libert\u00e9 religieuse \u00e9tait en danger aux Etats Unis et dans le monde, et a f\u00e9licit\u00e9 l\u2019Eglise Adventiste du Septi\u00e8me Jour du fait qu\u2019elle joue un r\u00f4le majeur pour la d\u00e9fendre.  Le s\u00e9nateur Orrin Hatch, s\u2019exprimant lors du diner sponsoris\u00e9 par l\u2019Eglise Adventiste du Septi\u00e8me Jour, a critiqu\u00e9 la situation de la libert\u00e9 religieuse dans des pays tels que la Chine, l\u2019Iran, le Nig\u00e9ria, la Russie et l\u2019Arabie Saoudite","og_url":"https:\/\/interamerica.org\/fr\/2015\/05\/un-senateur-americain-declare-que-les-adventistes-sont-en-tete-de-la-bataille-pour-la-protection-de-la-liberte-religieuse\/","og_site_name":"\u00c9glise Adventiste Du Septieme Jour - Inter Am\u00e9rique Division","article_published_time":"2015-05-01T04:00:00+00:00","og_image":[{"width":1000,"height":503,"url":"https:\/\/interamerica.org\/wp-content\/uploads\/2017\/06\/rsz_hatch-1.jpg","type":"image\/jpeg"}],"author":"Lorenzo Verduzco","twitter_card":"summary_large_image","twitter_misc":{"\u00c9crit par":"Lorenzo Verduzco","Dur\u00e9e de lecture estim\u00e9e":"7 minutes"},"schema":{"@context":"https:\/\/schema.org","@graph":[{"@type":"Article","@id":"https:\/\/interamerica.org\/fr\/2015\/05\/un-senateur-americain-declare-que-les-adventistes-sont-en-tete-de-la-bataille-pour-la-protection-de-la-liberte-religieuse\/#article","isPartOf":{"@id":"https:\/\/interamerica.org\/fr\/2015\/05\/un-senateur-americain-declare-que-les-adventistes-sont-en-tete-de-la-bataille-pour-la-protection-de-la-liberte-religieuse\/"},"author":{"name":"Lorenzo Verduzco","@id":"https:\/\/interamerica.org\/fr\/#\/schema\/person\/68ede8bdc292885bb76c1e3810e73c39"},"headline":"Un s\u00e9nateur am\u00e9ricain d\u00e9clare que les Adventistes sont en t\u00eate de la bataille pour la protection de la libert\u00e9 religieuse","datePublished":"2015-05-01T04:00:00+00:00","mainEntityOfPage":{"@id":"https:\/\/interamerica.org\/fr\/2015\/05\/un-senateur-americain-declare-que-les-adventistes-sont-en-tete-de-la-bataille-pour-la-protection-de-la-liberte-religieuse\/"},"wordCount":1392,"image":{"@id":"https:\/\/interamerica.org\/fr\/2015\/05\/un-senateur-americain-declare-que-les-adventistes-sont-en-tete-de-la-bataille-pour-la-protection-de-la-liberte-religieuse\/#primaryimage"},"thumbnailUrl":"https:\/\/interamerica.org\/wp-content\/uploads\/2017\/06\/rsz_hatch-1.jpg","articleSection":["Nouvelles de l'\u00c9glise mondiale","RSS Fran\u00e7ais"],"inLanguage":"fr-FR"},{"@type":"WebPage","@id":"https:\/\/interamerica.org\/fr\/2015\/05\/un-senateur-americain-declare-que-les-adventistes-sont-en-tete-de-la-bataille-pour-la-protection-de-la-liberte-religieuse\/","url":"https:\/\/interamerica.org\/fr\/2015\/05\/un-senateur-americain-declare-que-les-adventistes-sont-en-tete-de-la-bataille-pour-la-protection-de-la-liberte-religieuse\/","name":"Un s\u00e9nateur am\u00e9ricain d\u00e9clare que les Adventistes sont en t\u00eate de la bataille pour la protection de la libert\u00e9 religieuse - \u00c9glise Adventiste Du Septieme Jour - Inter Am\u00e9rique Division","isPartOf":{"@id":"https:\/\/interamerica.org\/fr\/#website"},"primaryImageOfPage":{"@id":"https:\/\/interamerica.org\/fr\/2015\/05\/un-senateur-americain-declare-que-les-adventistes-sont-en-tete-de-la-bataille-pour-la-protection-de-la-liberte-religieuse\/#primaryimage"},"image":{"@id":"https:\/\/interamerica.org\/fr\/2015\/05\/un-senateur-americain-declare-que-les-adventistes-sont-en-tete-de-la-bataille-pour-la-protection-de-la-liberte-religieuse\/#primaryimage"},"thumbnailUrl":"https:\/\/interamerica.org\/wp-content\/uploads\/2017\/06\/rsz_hatch-1.jpg","datePublished":"2015-05-01T04:00:00+00:00","author":{"@id":"https:\/\/interamerica.org\/fr\/#\/schema\/person\/68ede8bdc292885bb76c1e3810e73c39"},"breadcrumb":{"@id":"https:\/\/interamerica.org\/fr\/2015\/05\/un-senateur-americain-declare-que-les-adventistes-sont-en-tete-de-la-bataille-pour-la-protection-de-la-liberte-religieuse\/#breadcrumb"},"inLanguage":"fr-FR","potentialAction":[{"@type":"ReadAction","target":["https:\/\/interamerica.org\/fr\/2015\/05\/un-senateur-americain-declare-que-les-adventistes-sont-en-tete-de-la-bataille-pour-la-protection-de-la-liberte-religieuse\/"]}]},{"@type":"ImageObject","inLanguage":"fr-FR","@id":"https:\/\/interamerica.org\/fr\/2015\/05\/un-senateur-americain-declare-que-les-adventistes-sont-en-tete-de-la-bataille-pour-la-protection-de-la-liberte-religieuse\/#primaryimage","url":"https:\/\/interamerica.org\/wp-content\/uploads\/2017\/06\/rsz_hatch-1.jpg","contentUrl":"https:\/\/interamerica.org\/wp-content\/uploads\/2017\/06\/rsz_hatch-1.jpg","width":1000,"height":503},{"@type":"BreadcrumbList","@id":"https:\/\/interamerica.org\/fr\/2015\/05\/un-senateur-americain-declare-que-les-adventistes-sont-en-tete-de-la-bataille-pour-la-protection-de-la-liberte-religieuse\/#breadcrumb","itemListElement":[{"@type":"ListItem","position":1,"name":"Home","item":"https:\/\/interamerica.org\/fr\/"},{"@type":"ListItem","position":2,"name":"Un s\u00e9nateur am\u00e9ricain d\u00e9clare que les Adventistes sont en t\u00eate de la bataille pour la protection de la libert\u00e9 religieuse"}]},{"@type":"WebSite","@id":"https:\/\/interamerica.org\/fr\/#website","url":"https:\/\/interamerica.org\/fr\/","name":"\u00c9glise Adventiste Du Septieme Jour - Inter Am\u00e9rique Division","description":"","potentialAction":[{"@type":"SearchAction","target":{"@type":"EntryPoint","urlTemplate":"https:\/\/interamerica.org\/fr\/?s={search_term_string}"},"query-input":{"@type":"PropertyValueSpecification","valueRequired":true,"valueName":"search_term_string"}}],"inLanguage":"fr-FR"},{"@type":"Person","@id":"https:\/\/interamerica.org\/fr\/#\/schema\/person\/68ede8bdc292885bb76c1e3810e73c39","name":"Lorenzo Verduzco","image":{"@type":"ImageObject","inLanguage":"fr-FR","@id":"https:\/\/secure.gravatar.com\/avatar\/fb81a55b6218459490a9c1dc841a34909185b81904c5337b4b27f7a6fd60c49e?s=96&d=mm&r=g","url":"https:\/\/secure.gravatar.com\/avatar\/fb81a55b6218459490a9c1dc841a34909185b81904c5337b4b27f7a6fd60c49e?s=96&d=mm&r=g","contentUrl":"https:\/\/secure.gravatar.com\/avatar\/fb81a55b6218459490a9c1dc841a34909185b81904c5337b4b27f7a6fd60c49e?s=96&d=mm&r=g","caption":"Lorenzo Verduzco"}}]}},"_links":{"self":[{"href":"https:\/\/interamerica.org\/fr\/wp-json\/wp\/v2\/posts\/32256","targetHints":{"allow":["GET"]}}],"collection":[{"href":"https:\/\/interamerica.org\/fr\/wp-json\/wp\/v2\/posts"}],"about":[{"href":"https:\/\/interamerica.org\/fr\/wp-json\/wp\/v2\/types\/post"}],"author":[{"embeddable":true,"href":"https:\/\/interamerica.org\/fr\/wp-json\/wp\/v2\/users\/1"}],"replies":[{"embeddable":true,"href":"https:\/\/interamerica.org\/fr\/wp-json\/wp\/v2\/comments?post=32256"}],"version-history":[{"count":0,"href":"https:\/\/interamerica.org\/fr\/wp-json\/wp\/v2\/posts\/32256\/revisions"}],"wp:featuredmedia":[{"embeddable":true,"href":"https:\/\/interamerica.org\/fr\/wp-json\/wp\/v2\/media\/25162"}],"wp:attachment":[{"href":"https:\/\/interamerica.org\/fr\/wp-json\/wp\/v2\/media?parent=32256"}],"wp:term":[{"taxonomy":"category","embeddable":true,"href":"https:\/\/interamerica.org\/fr\/wp-json\/wp\/v2\/categories?post=32256"},{"taxonomy":"post_tag","embeddable":true,"href":"https:\/\/interamerica.org\/fr\/wp-json\/wp\/v2\/tags?post=32256"}],"curies":[{"name":"wp","href":"https:\/\/api.w.org\/{rel}","templated":true}]}}