{"id":32257,"date":"2015-05-01T00:00:00","date_gmt":"2015-05-01T04:00:00","guid":{"rendered":"http:\/\/192.81.217.108\/interamerica\/2015\/05\/miracle-sur-leverest-un-alpiniste-adventiste-echappe-a-la-mort-a-cause-dune-avalanche-apres-le-seisme-au-nepal\/"},"modified":"2015-05-01T00:00:00","modified_gmt":"2015-05-01T04:00:00","slug":"miracle-sur-leverest-un-alpiniste-adventiste-echappe-a-la-mort-a-cause-dune-avalanche-apres-le-seisme-au-nepal","status":"publish","type":"post","link":"https:\/\/interamerica.org\/fr\/2015\/05\/miracle-sur-leverest-un-alpiniste-adventiste-echappe-a-la-mort-a-cause-dune-avalanche-apres-le-seisme-au-nepal\/","title":{"rendered":"Miracle sur l\u2019\u00c9verest : un alpiniste adventiste \u00e9chappe \u00e0 la mort \u00e0 cause d\u2019une avalanche apr\u00e8s le s\u00e9isme au N\u00e9pal"},"content":{"rendered":"<p>30 avril 2015\/ Brasilia, Br\u00e9sil\/ Carolyn Azo, ASN\/ \u00c9quipe ANN<\/p>\n<p>Ernesto Olivares Miranda, un adventiste du septi\u00e8me jour du Chili, fait partie d\u2019une \u00e9quipe d\u2019alpinistes qui \u00e9taient sur le Mont \u00c9verest quand le s\u00e9isme de magnitude 7,8 a secou\u00e9 le N\u00e9pal samedi 25 avril.<\/p>\n<div id=\"attachment_16645\" style=\"width: 330px\" class=\"wp-caption alignright\"><a href=\"\/interamerica\/wp-content\/uploads\/2017\/06\/csm_Ernesto_Olivares_Miranda_del_lado_derecho._4b81eaff9b.jpg\" rel=\"fancybox\" title=\"Miracle sur l\u2019\u00c9verest : un alpiniste adventiste \u00e9chappe \u00e0 la mort \u00e0 cause d\u2019une avalanche apr\u00e8s le s\u00e9isme au N\u00e9pal\"><img fetchpriority=\"high\" decoding=\"async\" aria-describedby=\"caption-attachment-16645\" class=\" wp-image-16645  \" src=\"\/interamerica\/wp-content\/uploads\/2017\/06\/csm_Ernesto_Olivares_Miranda_del_lado_derecho._4b81eaff9b.jpg\" alt=\"\" width=\"320\" height=\"240\" \/><\/a><p id=\"caption-attachment-16645\" class=\"wp-caption-text\">Ernesto Olivares (\u00e0 droite) au N\u00e9pal. L\u2019avalanche est pass\u00e9e \u00e0 50 m\u00e8tres de lui et du groupe d\u2019alpinistes. (Photo : Ernesto Olivares, SAD)<\/p><\/div>\n<p>\u00ab\u00a0Nous \u00e9tions au camp de base quand \u00e7a a commenc\u00e9 \u00e0 trembler. Le glacier r\u00e9sonnait avec des secousses et des craquements. Les nuages qui couvraient les montagnes environnantes nous emp\u00eachaient d\u2019en voir plus. Soudain, le bruit a commenc\u00e9 a \u00eatre plus fort, et faisait \u00e9cho \u00e0 travers les montagnes et \u00e7a r\u00e9sonnait comme si quelque chose se rapprochait, mais nous ne pouvions rien voir\u00a0\u00bb a d\u00e9clar\u00e9 Olivares Miranda.<\/p>\n<p>Olivares et son \u00e9quipe \u00e9tait au camp de base situ\u00e9 \u00e0 17585 pieds (5360 m\u00e8tres) au- dessus du niveau de la mer.<\/p>\n<p>\u00ab\u00a0C\u2019\u00e9tait des minutes d\u2019incertitude. Nous nous sommes retourn\u00e9s et avons vu un nuage de neige approcher \u00e0 grande vitesse. Nous avons d\u00e9cid\u00e9 d\u2019attendre quelques secondes pour voir s\u2019il allait nous frapper. C\u2019est \u00e0 ce moment que nous avons d\u00e9cid\u00e9 de nous jeter dans la neige \u00e0 c\u00f4t\u00e9 d\u2019une pile de rochers\u00a0\u00bb a confi\u00e9 Olivares. \u00ab\u00a0Pendant quelques secondes nous avons ressenti un vent fort passer au-dessus de nous et la neige a commenc\u00e9 \u00e0 tomber.\u00a0\u00bb<\/p>\n<p>Olivares a aussi parl\u00e9 \u00e0 l\u2019Agence d\u2019Informations Sud Am\u00e9ricaine (ASN) de la sc\u00e8ne morbide des s\u00e9quelles\u00a0: \u00ab\u00a0Nous avons aid\u00e9 \u00e0 secourir les bless\u00e9s et avons couvert les morts. Ces journ\u00e9es furent des jours tristes. La majorit\u00e9 de ceux qui ont \u00e9t\u00e9 tu\u00e9s \u00e9taient des chefs et leurs adjoints\u00a0\u00bb a t-il d\u00e9clar\u00e9.<\/p>\n<p>Olivares et son \u00e9quipe \u00e9taient \u00e0 cinquante m\u00e8tres de l\u00e0 o\u00f9 l\u2019avalanche est pass\u00e9e.<\/p>\n<p>\u00ab\u00a0\u00c0 ce moment j\u2019ai demand\u00e9 \u00e0 Dieu de me permettre d\u2019embrasser ma famille encore une fois. Je me suis rappel\u00e9 du psaume 91, \u00ab\u00a0car il ordonnera \u00e0 ses anges de te garder dans toutes tes voies\u2026 de peur que ton pied ne heurte contre une pierre.\u00a0\u00bb Olivares a avou\u00e9 \u00e0 l\u2019Universit\u00e9 Adventiste de la radio du Chili\u00a0: \u00ab\u00a0\u00e0 ce moment-l\u00e0 je me suis accroch\u00e9 \u00e0 cette promesse\u00a0\u00bb.<\/p>\n<p>Des heures plus tard, des membres du personnel de l\u2019Agence Adventiste du D\u00e9veloppement et de l\u2019Aide humanitaire (ADRA) ont pris contact avec Olivares par Whatsapp et ont re\u00e7u un rapport\u00a0 de la localisation d\u2019Olivares et les conditions dans lesquelles il se trouvait.<\/p>\n<p>Mercredi 29 avril, Landerson Serpa directeur de ADRA Bangladesh et ami du chilien, a inform\u00e9 ASN que l\u2019\u00e9quipe qu\u2019Olivares dirigeait est encore sur la montagne attendant les secours. \u00ab\u00a0Il attend les secours au camp de base de l\u2019Everest en compagnie de centaines d\u2019alpinistes isol\u00e9s, ils vont bien mais sont tristes pour les 20 personnes qui sont mortes dans l\u2019avalanche\u00a0\u00bb a rapport\u00e9 Serpa.<\/p>\n<p>Les m\u00e9dia chiliens ont divulgu\u00e9 cela depuis le tremblement de terre, Oliveras et son \u00e9quipe ont assist\u00e9 les secouristes. Olivares a confi\u00e9 \u00e0 la radio de l\u2019Universit\u00e9 Adventiste\u00a0 du Chili que son \u00e9quipe descendra l\u2019Everest pour visiter plus de camps de base \u00ab\u00a0en esp\u00e9rant pouvoir aider.\u00a0\u00bb<\/p>\n<p>Traduction\u00a0: Carole et Charles SAINT-LOUIS<\/p>\n","protected":false},"excerpt":{"rendered":"<p>Ernesto Olivares Miranda, un adventiste du septi\u00e8me jour du Chili, fait partie d\u2019une \u00e9quipe d\u2019alpinistes qui \u00e9taient sur le Mont \u00c9verest quand le s\u00e9isme de magnitude 7,8 a secou\u00e9 le N\u00e9pal samedi 25 avril.  <\/p>\n<p>\u00ab Nous \u00e9tions au camp de base quand \u00e7a a commenc\u00e9 \u00e0 trembler. Le glacier r\u00e9sonnait avec des secousses et des craquements. Les nuages qui couvraient les montagnes environnantes nous emp\u00eachaient d\u2019en voir plus.<\/p>\n","protected":false},"author":1,"featured_media":25169,"comment_status":"closed","ping_status":"closed","sticky":false,"template":"","format":"standard","meta":{"_acf_changed":false,"footnotes":""},"categories":[18,19],"tags":[],"class_list":["post-32257","post","type-post","status-publish","format-standard","has-post-thumbnail","hentry","category-nouvelles-de-leglise-mondiale","category-rss-francais"],"acf":[],"yoast_head":"<!-- This site is optimized with the Yoast SEO plugin v27.3 - https:\/\/yoast.com\/product\/yoast-seo-wordpress\/ -->\n<title>Miracle sur l\u2019\u00c9verest : un alpiniste adventiste \u00e9chappe \u00e0 la mort \u00e0 cause d\u2019une avalanche apr\u00e8s le s\u00e9isme au N\u00e9pal - \u00c9glise Adventiste Du Septieme Jour - Inter Am\u00e9rique Division<\/title>\n<meta name=\"robots\" content=\"index, follow, max-snippet:-1, max-image-preview:large, max-video-preview:-1\" \/>\n<link rel=\"canonical\" href=\"https:\/\/interamerica.org\/fr\/2015\/05\/miracle-sur-leverest-un-alpiniste-adventiste-echappe-a-la-mort-a-cause-dune-avalanche-apres-le-seisme-au-nepal\/\" \/>\n<meta property=\"og:locale\" content=\"fr_FR\" \/>\n<meta property=\"og:type\" content=\"article\" \/>\n<meta property=\"og:title\" content=\"Miracle sur l\u2019\u00c9verest : un alpiniste adventiste \u00e9chappe \u00e0 la mort \u00e0 cause d\u2019une avalanche apr\u00e8s le s\u00e9isme au N\u00e9pal - \u00c9glise Adventiste Du Septieme Jour - Inter Am\u00e9rique Division\" \/>\n<meta property=\"og:description\" content=\"Ernesto Olivares Miranda, un adventiste du septi\u00e8me jour du Chili, fait partie d\u2019une \u00e9quipe d\u2019alpinistes qui \u00e9taient sur le Mont \u00c9verest quand le s\u00e9isme de magnitude 7,8 a secou\u00e9 le N\u00e9pal samedi 25 avril.  \u00ab Nous \u00e9tions au camp de base quand \u00e7a a commenc\u00e9 \u00e0 trembler. Le glacier r\u00e9sonnait avec des secousses et des craquements. Les nuages qui couvraient les montagnes environnantes nous emp\u00eachaient d\u2019en voir plus.\" \/>\n<meta property=\"og:url\" content=\"https:\/\/interamerica.org\/fr\/2015\/05\/miracle-sur-leverest-un-alpiniste-adventiste-echappe-a-la-mort-a-cause-dune-avalanche-apres-le-seisme-au-nepal\/\" \/>\n<meta property=\"og:site_name\" content=\"\u00c9glise Adventiste Du Septieme Jour - Inter Am\u00e9rique Division\" \/>\n<meta property=\"article:published_time\" content=\"2015-05-01T04:00:00+00:00\" \/>\n<meta property=\"og:image\" content=\"https:\/\/interamerica.org\/wp-content\/uploads\/2017\/06\/csm_Ernesto_Olivares_Miranda_del_lado_derecho._4b81eaff9b.jpg\" \/>\n\t<meta property=\"og:image:width\" content=\"400\" \/>\n\t<meta property=\"og:image:height\" content=\"300\" \/>\n\t<meta property=\"og:image:type\" content=\"image\/jpeg\" \/>\n<meta name=\"author\" content=\"Lorenzo Verduzco\" \/>\n<meta name=\"twitter:card\" content=\"summary_large_image\" \/>\n<meta name=\"twitter:label1\" content=\"\u00c9crit par\" \/>\n\t<meta name=\"twitter:data1\" content=\"Lorenzo Verduzco\" \/>\n\t<meta name=\"twitter:label2\" content=\"Dur\u00e9e de lecture estim\u00e9e\" \/>\n\t<meta name=\"twitter:data2\" content=\"3 minutes\" \/>\n<script type=\"application\/ld+json\" class=\"yoast-schema-graph\">{\"@context\":\"https:\\\/\\\/schema.org\",\"@graph\":[{\"@type\":\"Article\",\"@id\":\"https:\\\/\\\/interamerica.org\\\/fr\\\/2015\\\/05\\\/miracle-sur-leverest-un-alpiniste-adventiste-echappe-a-la-mort-a-cause-dune-avalanche-apres-le-seisme-au-nepal\\\/#article\",\"isPartOf\":{\"@id\":\"https:\\\/\\\/interamerica.org\\\/fr\\\/2015\\\/05\\\/miracle-sur-leverest-un-alpiniste-adventiste-echappe-a-la-mort-a-cause-dune-avalanche-apres-le-seisme-au-nepal\\\/\"},\"author\":{\"name\":\"Lorenzo Verduzco\",\"@id\":\"https:\\\/\\\/interamerica.org\\\/fr\\\/#\\\/schema\\\/person\\\/68ede8bdc292885bb76c1e3810e73c39\"},\"headline\":\"Miracle sur l\u2019\u00c9verest : un alpiniste adventiste \u00e9chappe \u00e0 la mort \u00e0 cause d\u2019une avalanche apr\u00e8s le s\u00e9isme au N\u00e9pal\",\"datePublished\":\"2015-05-01T04:00:00+00:00\",\"mainEntityOfPage\":{\"@id\":\"https:\\\/\\\/interamerica.org\\\/fr\\\/2015\\\/05\\\/miracle-sur-leverest-un-alpiniste-adventiste-echappe-a-la-mort-a-cause-dune-avalanche-apres-le-seisme-au-nepal\\\/\"},\"wordCount\":574,\"image\":{\"@id\":\"https:\\\/\\\/interamerica.org\\\/fr\\\/2015\\\/05\\\/miracle-sur-leverest-un-alpiniste-adventiste-echappe-a-la-mort-a-cause-dune-avalanche-apres-le-seisme-au-nepal\\\/#primaryimage\"},\"thumbnailUrl\":\"https:\\\/\\\/interamerica.org\\\/wp-content\\\/uploads\\\/2017\\\/06\\\/csm_Ernesto_Olivares_Miranda_del_lado_derecho._4b81eaff9b.jpg\",\"articleSection\":[\"Nouvelles de l'\u00c9glise mondiale\",\"RSS Fran\u00e7ais\"],\"inLanguage\":\"fr-FR\"},{\"@type\":\"WebPage\",\"@id\":\"https:\\\/\\\/interamerica.org\\\/fr\\\/2015\\\/05\\\/miracle-sur-leverest-un-alpiniste-adventiste-echappe-a-la-mort-a-cause-dune-avalanche-apres-le-seisme-au-nepal\\\/\",\"url\":\"https:\\\/\\\/interamerica.org\\\/fr\\\/2015\\\/05\\\/miracle-sur-leverest-un-alpiniste-adventiste-echappe-a-la-mort-a-cause-dune-avalanche-apres-le-seisme-au-nepal\\\/\",\"name\":\"Miracle sur l\u2019\u00c9verest : un alpiniste adventiste \u00e9chappe \u00e0 la mort \u00e0 cause d\u2019une avalanche apr\u00e8s le s\u00e9isme au N\u00e9pal - \u00c9glise Adventiste Du Septieme Jour - Inter Am\u00e9rique Division\",\"isPartOf\":{\"@id\":\"https:\\\/\\\/interamerica.org\\\/fr\\\/#website\"},\"primaryImageOfPage\":{\"@id\":\"https:\\\/\\\/interamerica.org\\\/fr\\\/2015\\\/05\\\/miracle-sur-leverest-un-alpiniste-adventiste-echappe-a-la-mort-a-cause-dune-avalanche-apres-le-seisme-au-nepal\\\/#primaryimage\"},\"image\":{\"@id\":\"https:\\\/\\\/interamerica.org\\\/fr\\\/2015\\\/05\\\/miracle-sur-leverest-un-alpiniste-adventiste-echappe-a-la-mort-a-cause-dune-avalanche-apres-le-seisme-au-nepal\\\/#primaryimage\"},\"thumbnailUrl\":\"https:\\\/\\\/interamerica.org\\\/wp-content\\\/uploads\\\/2017\\\/06\\\/csm_Ernesto_Olivares_Miranda_del_lado_derecho._4b81eaff9b.jpg\",\"datePublished\":\"2015-05-01T04:00:00+00:00\",\"author\":{\"@id\":\"https:\\\/\\\/interamerica.org\\\/fr\\\/#\\\/schema\\\/person\\\/68ede8bdc292885bb76c1e3810e73c39\"},\"breadcrumb\":{\"@id\":\"https:\\\/\\\/interamerica.org\\\/fr\\\/2015\\\/05\\\/miracle-sur-leverest-un-alpiniste-adventiste-echappe-a-la-mort-a-cause-dune-avalanche-apres-le-seisme-au-nepal\\\/#breadcrumb\"},\"inLanguage\":\"fr-FR\",\"potentialAction\":[{\"@type\":\"ReadAction\",\"target\":[\"https:\\\/\\\/interamerica.org\\\/fr\\\/2015\\\/05\\\/miracle-sur-leverest-un-alpiniste-adventiste-echappe-a-la-mort-a-cause-dune-avalanche-apres-le-seisme-au-nepal\\\/\"]}]},{\"@type\":\"ImageObject\",\"inLanguage\":\"fr-FR\",\"@id\":\"https:\\\/\\\/interamerica.org\\\/fr\\\/2015\\\/05\\\/miracle-sur-leverest-un-alpiniste-adventiste-echappe-a-la-mort-a-cause-dune-avalanche-apres-le-seisme-au-nepal\\\/#primaryimage\",\"url\":\"https:\\\/\\\/interamerica.org\\\/wp-content\\\/uploads\\\/2017\\\/06\\\/csm_Ernesto_Olivares_Miranda_del_lado_derecho._4b81eaff9b.jpg\",\"contentUrl\":\"https:\\\/\\\/interamerica.org\\\/wp-content\\\/uploads\\\/2017\\\/06\\\/csm_Ernesto_Olivares_Miranda_del_lado_derecho._4b81eaff9b.jpg\",\"width\":400,\"height\":300},{\"@type\":\"BreadcrumbList\",\"@id\":\"https:\\\/\\\/interamerica.org\\\/fr\\\/2015\\\/05\\\/miracle-sur-leverest-un-alpiniste-adventiste-echappe-a-la-mort-a-cause-dune-avalanche-apres-le-seisme-au-nepal\\\/#breadcrumb\",\"itemListElement\":[{\"@type\":\"ListItem\",\"position\":1,\"name\":\"Home\",\"item\":\"https:\\\/\\\/interamerica.org\\\/fr\\\/\"},{\"@type\":\"ListItem\",\"position\":2,\"name\":\"Miracle sur l\u2019\u00c9verest : un alpiniste adventiste \u00e9chappe \u00e0 la mort \u00e0 cause d\u2019une avalanche apr\u00e8s le s\u00e9isme au N\u00e9pal\"}]},{\"@type\":\"WebSite\",\"@id\":\"https:\\\/\\\/interamerica.org\\\/fr\\\/#website\",\"url\":\"https:\\\/\\\/interamerica.org\\\/fr\\\/\",\"name\":\"\u00c9glise Adventiste Du Septieme Jour - Inter Am\u00e9rique Division\",\"description\":\"\",\"potentialAction\":[{\"@type\":\"SearchAction\",\"target\":{\"@type\":\"EntryPoint\",\"urlTemplate\":\"https:\\\/\\\/interamerica.org\\\/fr\\\/?s={search_term_string}\"},\"query-input\":{\"@type\":\"PropertyValueSpecification\",\"valueRequired\":true,\"valueName\":\"search_term_string\"}}],\"inLanguage\":\"fr-FR\"},{\"@type\":\"Person\",\"@id\":\"https:\\\/\\\/interamerica.org\\\/fr\\\/#\\\/schema\\\/person\\\/68ede8bdc292885bb76c1e3810e73c39\",\"name\":\"Lorenzo Verduzco\",\"image\":{\"@type\":\"ImageObject\",\"inLanguage\":\"fr-FR\",\"@id\":\"https:\\\/\\\/secure.gravatar.com\\\/avatar\\\/fb81a55b6218459490a9c1dc841a34909185b81904c5337b4b27f7a6fd60c49e?s=96&d=mm&r=g\",\"url\":\"https:\\\/\\\/secure.gravatar.com\\\/avatar\\\/fb81a55b6218459490a9c1dc841a34909185b81904c5337b4b27f7a6fd60c49e?s=96&d=mm&r=g\",\"contentUrl\":\"https:\\\/\\\/secure.gravatar.com\\\/avatar\\\/fb81a55b6218459490a9c1dc841a34909185b81904c5337b4b27f7a6fd60c49e?s=96&d=mm&r=g\",\"caption\":\"Lorenzo Verduzco\"}}]}<\/script>\n<!-- \/ Yoast SEO plugin. -->","yoast_head_json":{"title":"Miracle sur l\u2019\u00c9verest : un alpiniste adventiste \u00e9chappe \u00e0 la mort \u00e0 cause d\u2019une avalanche apr\u00e8s le s\u00e9isme au N\u00e9pal - \u00c9glise Adventiste Du Septieme Jour - Inter Am\u00e9rique Division","robots":{"index":"index","follow":"follow","max-snippet":"max-snippet:-1","max-image-preview":"max-image-preview:large","max-video-preview":"max-video-preview:-1"},"canonical":"https:\/\/interamerica.org\/fr\/2015\/05\/miracle-sur-leverest-un-alpiniste-adventiste-echappe-a-la-mort-a-cause-dune-avalanche-apres-le-seisme-au-nepal\/","og_locale":"fr_FR","og_type":"article","og_title":"Miracle sur l\u2019\u00c9verest : un alpiniste adventiste \u00e9chappe \u00e0 la mort \u00e0 cause d\u2019une avalanche apr\u00e8s le s\u00e9isme au N\u00e9pal - \u00c9glise Adventiste Du Septieme Jour - Inter Am\u00e9rique Division","og_description":"Ernesto Olivares Miranda, un adventiste du septi\u00e8me jour du Chili, fait partie d\u2019une \u00e9quipe d\u2019alpinistes qui \u00e9taient sur le Mont \u00c9verest quand le s\u00e9isme de magnitude 7,8 a secou\u00e9 le N\u00e9pal samedi 25 avril.  \u00ab Nous \u00e9tions au camp de base quand \u00e7a a commenc\u00e9 \u00e0 trembler. Le glacier r\u00e9sonnait avec des secousses et des craquements. Les nuages qui couvraient les montagnes environnantes nous emp\u00eachaient d\u2019en voir plus.","og_url":"https:\/\/interamerica.org\/fr\/2015\/05\/miracle-sur-leverest-un-alpiniste-adventiste-echappe-a-la-mort-a-cause-dune-avalanche-apres-le-seisme-au-nepal\/","og_site_name":"\u00c9glise Adventiste Du Septieme Jour - Inter Am\u00e9rique Division","article_published_time":"2015-05-01T04:00:00+00:00","og_image":[{"width":400,"height":300,"url":"https:\/\/interamerica.org\/wp-content\/uploads\/2017\/06\/csm_Ernesto_Olivares_Miranda_del_lado_derecho._4b81eaff9b.jpg","type":"image\/jpeg"}],"author":"Lorenzo Verduzco","twitter_card":"summary_large_image","twitter_misc":{"\u00c9crit par":"Lorenzo Verduzco","Dur\u00e9e de lecture estim\u00e9e":"3 minutes"},"schema":{"@context":"https:\/\/schema.org","@graph":[{"@type":"Article","@id":"https:\/\/interamerica.org\/fr\/2015\/05\/miracle-sur-leverest-un-alpiniste-adventiste-echappe-a-la-mort-a-cause-dune-avalanche-apres-le-seisme-au-nepal\/#article","isPartOf":{"@id":"https:\/\/interamerica.org\/fr\/2015\/05\/miracle-sur-leverest-un-alpiniste-adventiste-echappe-a-la-mort-a-cause-dune-avalanche-apres-le-seisme-au-nepal\/"},"author":{"name":"Lorenzo Verduzco","@id":"https:\/\/interamerica.org\/fr\/#\/schema\/person\/68ede8bdc292885bb76c1e3810e73c39"},"headline":"Miracle sur l\u2019\u00c9verest : un alpiniste adventiste \u00e9chappe \u00e0 la mort \u00e0 cause d\u2019une avalanche apr\u00e8s le s\u00e9isme au N\u00e9pal","datePublished":"2015-05-01T04:00:00+00:00","mainEntityOfPage":{"@id":"https:\/\/interamerica.org\/fr\/2015\/05\/miracle-sur-leverest-un-alpiniste-adventiste-echappe-a-la-mort-a-cause-dune-avalanche-apres-le-seisme-au-nepal\/"},"wordCount":574,"image":{"@id":"https:\/\/interamerica.org\/fr\/2015\/05\/miracle-sur-leverest-un-alpiniste-adventiste-echappe-a-la-mort-a-cause-dune-avalanche-apres-le-seisme-au-nepal\/#primaryimage"},"thumbnailUrl":"https:\/\/interamerica.org\/wp-content\/uploads\/2017\/06\/csm_Ernesto_Olivares_Miranda_del_lado_derecho._4b81eaff9b.jpg","articleSection":["Nouvelles de l'\u00c9glise mondiale","RSS Fran\u00e7ais"],"inLanguage":"fr-FR"},{"@type":"WebPage","@id":"https:\/\/interamerica.org\/fr\/2015\/05\/miracle-sur-leverest-un-alpiniste-adventiste-echappe-a-la-mort-a-cause-dune-avalanche-apres-le-seisme-au-nepal\/","url":"https:\/\/interamerica.org\/fr\/2015\/05\/miracle-sur-leverest-un-alpiniste-adventiste-echappe-a-la-mort-a-cause-dune-avalanche-apres-le-seisme-au-nepal\/","name":"Miracle sur l\u2019\u00c9verest : un alpiniste adventiste \u00e9chappe \u00e0 la mort \u00e0 cause d\u2019une avalanche apr\u00e8s le s\u00e9isme au N\u00e9pal - \u00c9glise Adventiste Du Septieme Jour - Inter Am\u00e9rique Division","isPartOf":{"@id":"https:\/\/interamerica.org\/fr\/#website"},"primaryImageOfPage":{"@id":"https:\/\/interamerica.org\/fr\/2015\/05\/miracle-sur-leverest-un-alpiniste-adventiste-echappe-a-la-mort-a-cause-dune-avalanche-apres-le-seisme-au-nepal\/#primaryimage"},"image":{"@id":"https:\/\/interamerica.org\/fr\/2015\/05\/miracle-sur-leverest-un-alpiniste-adventiste-echappe-a-la-mort-a-cause-dune-avalanche-apres-le-seisme-au-nepal\/#primaryimage"},"thumbnailUrl":"https:\/\/interamerica.org\/wp-content\/uploads\/2017\/06\/csm_Ernesto_Olivares_Miranda_del_lado_derecho._4b81eaff9b.jpg","datePublished":"2015-05-01T04:00:00+00:00","author":{"@id":"https:\/\/interamerica.org\/fr\/#\/schema\/person\/68ede8bdc292885bb76c1e3810e73c39"},"breadcrumb":{"@id":"https:\/\/interamerica.org\/fr\/2015\/05\/miracle-sur-leverest-un-alpiniste-adventiste-echappe-a-la-mort-a-cause-dune-avalanche-apres-le-seisme-au-nepal\/#breadcrumb"},"inLanguage":"fr-FR","potentialAction":[{"@type":"ReadAction","target":["https:\/\/interamerica.org\/fr\/2015\/05\/miracle-sur-leverest-un-alpiniste-adventiste-echappe-a-la-mort-a-cause-dune-avalanche-apres-le-seisme-au-nepal\/"]}]},{"@type":"ImageObject","inLanguage":"fr-FR","@id":"https:\/\/interamerica.org\/fr\/2015\/05\/miracle-sur-leverest-un-alpiniste-adventiste-echappe-a-la-mort-a-cause-dune-avalanche-apres-le-seisme-au-nepal\/#primaryimage","url":"https:\/\/interamerica.org\/wp-content\/uploads\/2017\/06\/csm_Ernesto_Olivares_Miranda_del_lado_derecho._4b81eaff9b.jpg","contentUrl":"https:\/\/interamerica.org\/wp-content\/uploads\/2017\/06\/csm_Ernesto_Olivares_Miranda_del_lado_derecho._4b81eaff9b.jpg","width":400,"height":300},{"@type":"BreadcrumbList","@id":"https:\/\/interamerica.org\/fr\/2015\/05\/miracle-sur-leverest-un-alpiniste-adventiste-echappe-a-la-mort-a-cause-dune-avalanche-apres-le-seisme-au-nepal\/#breadcrumb","itemListElement":[{"@type":"ListItem","position":1,"name":"Home","item":"https:\/\/interamerica.org\/fr\/"},{"@type":"ListItem","position":2,"name":"Miracle sur l\u2019\u00c9verest : un alpiniste adventiste \u00e9chappe \u00e0 la mort \u00e0 cause d\u2019une avalanche apr\u00e8s le s\u00e9isme au N\u00e9pal"}]},{"@type":"WebSite","@id":"https:\/\/interamerica.org\/fr\/#website","url":"https:\/\/interamerica.org\/fr\/","name":"\u00c9glise Adventiste Du Septieme Jour - Inter Am\u00e9rique Division","description":"","potentialAction":[{"@type":"SearchAction","target":{"@type":"EntryPoint","urlTemplate":"https:\/\/interamerica.org\/fr\/?s={search_term_string}"},"query-input":{"@type":"PropertyValueSpecification","valueRequired":true,"valueName":"search_term_string"}}],"inLanguage":"fr-FR"},{"@type":"Person","@id":"https:\/\/interamerica.org\/fr\/#\/schema\/person\/68ede8bdc292885bb76c1e3810e73c39","name":"Lorenzo Verduzco","image":{"@type":"ImageObject","inLanguage":"fr-FR","@id":"https:\/\/secure.gravatar.com\/avatar\/fb81a55b6218459490a9c1dc841a34909185b81904c5337b4b27f7a6fd60c49e?s=96&d=mm&r=g","url":"https:\/\/secure.gravatar.com\/avatar\/fb81a55b6218459490a9c1dc841a34909185b81904c5337b4b27f7a6fd60c49e?s=96&d=mm&r=g","contentUrl":"https:\/\/secure.gravatar.com\/avatar\/fb81a55b6218459490a9c1dc841a34909185b81904c5337b4b27f7a6fd60c49e?s=96&d=mm&r=g","caption":"Lorenzo Verduzco"}}]}},"_links":{"self":[{"href":"https:\/\/interamerica.org\/fr\/wp-json\/wp\/v2\/posts\/32257","targetHints":{"allow":["GET"]}}],"collection":[{"href":"https:\/\/interamerica.org\/fr\/wp-json\/wp\/v2\/posts"}],"about":[{"href":"https:\/\/interamerica.org\/fr\/wp-json\/wp\/v2\/types\/post"}],"author":[{"embeddable":true,"href":"https:\/\/interamerica.org\/fr\/wp-json\/wp\/v2\/users\/1"}],"replies":[{"embeddable":true,"href":"https:\/\/interamerica.org\/fr\/wp-json\/wp\/v2\/comments?post=32257"}],"version-history":[{"count":0,"href":"https:\/\/interamerica.org\/fr\/wp-json\/wp\/v2\/posts\/32257\/revisions"}],"wp:featuredmedia":[{"embeddable":true,"href":"https:\/\/interamerica.org\/fr\/wp-json\/wp\/v2\/media\/25169"}],"wp:attachment":[{"href":"https:\/\/interamerica.org\/fr\/wp-json\/wp\/v2\/media?parent=32257"}],"wp:term":[{"taxonomy":"category","embeddable":true,"href":"https:\/\/interamerica.org\/fr\/wp-json\/wp\/v2\/categories?post=32257"},{"taxonomy":"post_tag","embeddable":true,"href":"https:\/\/interamerica.org\/fr\/wp-json\/wp\/v2\/tags?post=32257"}],"curies":[{"name":"wp","href":"https:\/\/api.w.org\/{rel}","templated":true}]}}