{"id":32258,"date":"2015-05-02T00:00:00","date_gmt":"2015-05-02T04:00:00","guid":{"rendered":"http:\/\/192.81.217.108\/interamerica\/2015\/05\/leglise-adventiste-en-hongrie-se-reconcilie-avec-un-groupe-dissident-apres-40-ans\/"},"modified":"2015-05-02T00:00:00","modified_gmt":"2015-05-02T04:00:00","slug":"leglise-adventiste-en-hongrie-se-reconcilie-avec-un-groupe-dissident-apres-40-ans","status":"publish","type":"post","link":"https:\/\/interamerica.org\/fr\/2015\/05\/leglise-adventiste-en-hongrie-se-reconcilie-avec-un-groupe-dissident-apres-40-ans\/","title":{"rendered":"L\u2019\u00c9glise Adventiste en Hongrie se r\u00e9concilie avec un groupe dissident apr\u00e8s 40 ans"},"content":{"rendered":"<div id=\"attachment_16656\" style=\"width: 640px\" class=\"wp-caption aligncenter\"><a href=\"\/interamerica\/wp-content\/uploads\/2017\/06\/Hungary_joint_declaration1-1.jpg\" rel=\"fancybox\" title=\"L\u2019\u00c9glise Adventiste en Hongrie se r\u00e9concilie avec un groupe dissident apr\u00e8s 40 ans\"><img fetchpriority=\"high\" decoding=\"async\" aria-describedby=\"caption-attachment-16656\" class=\"wp-image-16656 \" src=\"\/interamerica\/wp-content\/uploads\/2017\/06\/Hungary_joint_declaration1-1.jpg\" alt=\"\" width=\"630\" height=\"286\" \/><\/a><p id=\"caption-attachment-16656\" class=\"wp-caption-text\">Tam\u00e1s \u00d3csai, \u00e0 droite, pr\u00e9sident de la F\u00e9d\u00e9ration de l\u2019union hongroise, signant le document avec J\u00e1nos Cserbik, dirigeant de la communaut\u00e9 KERAK. Image de TED<\/p><\/div>\n<p>1 mai\u00a0 2015\/ Silver Spring, Maryland, \u00c9tats-Unis\/ Andrew McChesney, \u00e9diteur d\u2019information, La Revue Adventiste<\/p>\n<p>L\u2019\u00e9glise adventiste en Hongrie et un groupe dissident d\u2019une centaine d\u2019anciens adventistes se sont mis d\u2019accord pour mettre de c\u00f4t\u00e9 d\u2019anciens griefs et travailler \u00e0 gu\u00e9rir un schisme vieux de 40 ans.<\/p>\n<p>L\u2019\u00e9glise hongroise s\u2019est s\u00e9par\u00e9e en 1975 \u00e0 la suite d\u2019une protestation de jeunes pasteurs et d\u2019autres membres concernant la collaboration des dirigeants locaux avec le Conseil des \u00c9glises Libres, une entit\u00e9 cr\u00e9\u00e9e pour repr\u00e9senter les int\u00e9r\u00eats communs de petites d\u00e9nominations protestantes qui plus tard est devenu un instrument de l\u2019\u00e9tat communiste.<\/p>\n<p>Tam\u00e1s \u00d3csai, pr\u00e9sident de la F\u00e9d\u00e9ration de l\u2019Union hongroise, a sign\u00e9 un document intitul\u00e9 \u00ab\u00a0Joint Declaration on Settling the Past and Building a Common Future\u00a0\u00bb (D\u00e9claration Conjointe pour r\u00e9gler le Pass\u00e9 et construire un Futur Commun) avec J\u00e1nos Cserbik, dirigeant de KERAK, le nom sous lequel est connu le groupe dissident, lors d\u2019une c\u00e9r\u00e9monie \u00e0 la fin de la semaine derni\u00e8re.<\/p>\n<p>\u00ab\u00a0Je suis tr\u00e8s heureux que cette scission de 40 ans arrive \u00e0 son terme pour la plupart des gens\u00a0\u00bb a d\u00e9clar\u00e9 Benjamin D. Schoun, un des vice-pr\u00e9sidents de l\u2019\u00e9glise adventiste mondiale, qui a jou\u00e9 un r\u00f4le cl\u00e9 dans le processus de r\u00e9conciliation des deux parties.<\/p>\n<p>\u00ab\u00a0C\u2019est un t\u00e9moignage de l\u2019utilisation des m\u00e9thodes bibliques \u00e0 des fins de r\u00e9conciliation et la volont\u00e9 de la part des deux parties de faire un pas vers l\u2019autre\u00a0\u00bb a affirm\u00e9 Schoun \u00e0 la Revue Adventiste, vendredi. \u00ab\u00a0Ils ont encore beaucoup de d\u00e9tails \u00e0 travailler et nous devons continuer \u00e0 prier pour cette initiative.\u00a0\u00bb<\/p>\n<p>L\u2019\u00e9glise adventiste en Hongrie a 4629 membres qui adorent dans 104 \u00e9glises, alors que KERAK a 1500 \u00e0 1800 membres\u00a0 ont d\u00e9clar\u00e9 vendredi, les dirigeants de l\u2019\u00e9glise locale. Les dirigeants de l\u2019\u00e9glise s\u2019attendent \u00e0 ce qu\u2019environ 600 membres retournent cet \u00e9t\u00e9, bien que 400 n\u2019aient pas l\u2019intention de revenir et le reste soit ouvert \u00e0 l\u2019id\u00e9e.<\/p>\n<p><strong>Une longue route vers la r\u00e9conciliation \u00a0\u00a0\u00a0<\/strong><\/p>\n<p>Le protocol longtemps attendu faisant \u00e9tat de la r\u00e9conciliation est vu comme \u00e9tant un premier pas vers le regroupement des deux parties. Pour parvenir \u00e0 un accord, l\u2019\u00c9glise Adventiste a reconnu qu\u2019elle avait expuls\u00e9 le groupe dissident de 518 croyants sans raison valable en 1975.<\/p>\n<p>\u00ab\u00a0Apr\u00e8s beaucoup d\u2019agitation, qui a \u00e9branl\u00e9 l\u2019\u00e9glise jusque dans ses fondements, le groupe a \u00e9t\u00e9 radi\u00e9, principalement sans aucune raison biblique valable\u00a0\u00bb a avou\u00e9 dans une d\u00e9claration la Division Trans-Europ\u00e9enne de l\u2019\u00c9glise Adventiste, qui inclut la Hongrie.<\/p>\n<p>Les membres radi\u00e9s se sont organis\u00e9s au d\u00e9part en \u00e9glise clandestine dans ce qui \u00e9tait \u00e0 l\u2019\u00e9poque un pays du bloc sovi\u00e9tique, mais le groupe s\u2019est plus tard fait conna\u00eetre en tant que d\u00e9nomination officielle KERAK ou Communaut\u00e9 Adventiste Chr\u00e9tienne.<\/p>\n<p>KERAK et l\u2019\u00c9glise Adventiste ont commenc\u00e9 \u00e0 s\u2019\u00e9loigner l\u2019une de l\u2019autre sur le plan spirituel et la structure culturelle et organisationnelle, au fil des ann\u00e9es, un processus qui s\u2019est acc\u00e9l\u00e9r\u00e9e apr\u00e8s la chute du r\u00e9gime communiste en 1989. Les dirigeants adventistes \u00e0 tous les niveaux de l\u2019\u00e9glise ont cherch\u00e9 \u00e0 r\u00e9unir l\u2019\u00e9glise hongroise et plusieurs pasteurs et m\u00eame des congr\u00e9gations se sont joints \u00e0 l\u2019\u00c9glise Adventiste.<\/p>\n<p>Les dirigeants adventistes se sont excus\u00e9s quatre fois entre 1989 et 1995, mais certains membres de KERAK n\u2019\u00e9taient pas pr\u00eats \u00e0 accepter les excuses et d\u2019autres n\u2019en \u00e9taient pas inform\u00e9s, ont pr\u00e9cis\u00e9 les dirigeants d\u2019\u00e9glise locaux, vendredi.<\/p>\n<p>Les discussions d\u2019unification semblaient aller nulle part et les pourparlers s\u00e9rieux ont cess\u00e9 vers l\u2019an 2000.<\/p>\n<p>En 2011, une nouvelle g\u00e9n\u00e9ration de dirigeants KERAK a commenc\u00e9 une s\u00e9rie d\u2019\u00e9changes avec la direction de l\u2019union et la f\u00e9d\u00e9ration. En entendant que le groupe serait int\u00e9ress\u00e9 \u00e0 revenir, le pr\u00e9sident de l\u2019\u00c9glise Adventiste mondiale Ted N.C. Wilson a demand\u00e9 \u00e0 Schoun d\u2019examiner la situation. Des arrangements ont \u00e9t\u00e9 faits pour que Schoun et l\u2019adjoint du pr\u00e9sident de la Division Trans-Europ\u00e9enne, Raafat Kamal, visitent KERAK et les dirigeants d\u2019\u00e9glise en Hongrie.<\/p>\n<p>\u00ab\u00a0La premi\u00e8re rencontre fut en grande partie une s\u00e9ance d\u2019\u00e9coute et de prise de connaissance des faits\u00a0\u00bb a sp\u00e9cifi\u00e9 Schoun.<\/p>\n<p>Schoun est all\u00e9 en Hongrie plusieurs fois avec Kamal, qui est maintenant le pr\u00e9sident de la division, aussi bien qu\u2019avec l\u2019ancien pr\u00e9sident de la division, Bertil Wiklander. Chaque fois il rencontrait les dirigeants locaux et ensuite organisait des rencontres publiques.<\/p>\n<p>\u00ab\u00a0Je me suis excus\u00e9 l\u00e0 o\u00f9 l\u2019\u00e9glise avait fait une erreur et nous avons eu de longues sessions de questions-r\u00e9ponses avec les gens de KERAK\u00a0\u00bb a racont\u00e9 Schoun. \u00ab\u00a0La confiance a commenc\u00e9 \u00e0 s\u2019instaurer et chaque visite a aid\u00e9 \u00e0 rapprocher les groupes.\u00a0\u00bb<\/p>\n<p>Schoun qui \u00e9tait en visite au Nig\u00e9ria cette semaine n\u2019\u00e9tait pas pr\u00e9sent quand le protocole de r\u00e9conciliation a \u00e9t\u00e9 finalis\u00e9 et rendu public.<\/p>\n<p>\u00ab\u00a0J\u2019ai cherch\u00e9 \u00e0 \u00e9tablir une relation entre les dirigeants des deux camps\u00a0\u00bb a t-il affirm\u00e9. \u00ab\u00a0Quand cela fut \u00e9tabli, ils \u00e9taient capables de\u00a0 suivre le planning de leur propre chef.\u00a0\u00bb<\/p>\n<p><strong>Un tournant en Hongrie<\/strong><\/p>\n<p>L\u2019accord du 23 avril a marqu\u00e9 un tournant dans la vie de l\u2019\u00e9glise hongroise, a d\u00e9clar\u00e9 la Division Trans-Europ\u00e9enne.<\/p>\n<p>\u00ab\u00a0Le document \u00e9num\u00e8re les imp\u00e9ratifs bibliques sur l\u2019unit\u00e9 et le pardon et il contient aussi des excuses mutuelles\u00a0\u00bb a t-elle ajout\u00e9. Les deux parties se sont engag\u00e9es \u00e0 b\u00e2tir un futur ensemble afin de r\u00e9aliser la mission que Dieu a confi\u00e9 \u00e0 Son \u00e9glise.\u00a0\u00bb<\/p>\n<p>Les dirigeants d\u2019\u00e9glise ont averti que des d\u00e9fis demeurent pour construire une forte unit\u00e9 spirituelle et \u00e9motionnelle apr\u00e8s 40 ans d\u2019incompr\u00e9hension et d\u2019inimiti\u00e9.<\/p>\n<p>\u00ab\u00a0Mais nous avons un espoir, celui que Dieu, qui \u2018\u00e9tait en Christ r\u00e9conciliant le monde avec Lui-m\u00eame en imputant point aux hommes leurs offenses\u2019, m\u00e8nera cette op\u00e9ration tel que nous L\u2019avons vu travailler jusqu\u2019\u00e0 maintenant\u00a0\u00bb mentionnait la d\u00e9claration de la division, citant 2 Corinthiens 5\u00a0:19.<\/p>\n<p>Kamal, le pr\u00e9sident de la division, a assur\u00e9 qu\u2019il avait de grands espoirs pour l\u2019\u00e9glise de Hongrie.<\/p>\n<p>\u00ab\u00a0Je loue Dieu pour Sa gr\u00e2ce qui a conduit les deux communaut\u00e9s au pied de la croix o\u00f9 le pardon, la gu\u00e9rison et l\u2019amour de Christ a envahi les c\u0153urs et les esprits\u00a0\u00bb a confi\u00e9 Kamal.<\/p>\n<p>\u00ab\u00a0Durant ces deux derni\u00e8res ann\u00e9es j\u2019ai personnellement assist\u00e9 au premier rang aux expressions authentiques de r\u00e9conciliation \u00e0 la fois des membres et des dirigeants\u00a0\u00bb a t-il d\u00e9clar\u00e9. \u00ab\u00a0Christ revient bient\u00f4t, et Il unit nos croyants adventistes en Hongrie afin qu\u2019ils soient d\u2019une m\u00eame pens\u00e9e en se concentrant sur la mission qui est d\u2019\u00eatre le sel et la lumi\u00e8re.\u00a0\u00bb<\/p>\n<p>Traduction\u00a0: Carole et Charles SAINT-LOUIS<\/p>\n","protected":false},"excerpt":{"rendered":"<p>L\u2019\u00e9glise adventiste en Hongrie et un groupe dissident d\u2019une centaine d\u2019anciens adventistes se sont mis d\u2019accord pour mettre de c\u00f4t\u00e9 d\u2019anciens griefs et travailler \u00e0 gu\u00e9rir un schisme vieux de 40 ans.  <\/p>\n<p>L\u2019\u00e9glise hongroise s\u2019est s\u00e9par\u00e9e en 1975 \u00e0 la suite d\u2019une protestation de jeunes pasteurs et d\u2019autres membres concernant la collaboration des dirigeants locaux avec le Conseil des \u00c9glises Libres, une entit\u00e9 cr\u00e9\u00e9e pour repr\u00e9senter les int\u00e9r\u00eats communs de petites d\u00e9nominations protestantes qui plus tard est devenu un instrument de l\u2019\u00e9tat communiste.<\/p>\n","protected":false},"author":1,"featured_media":25173,"comment_status":"closed","ping_status":"closed","sticky":false,"template":"","format":"standard","meta":{"_acf_changed":false,"footnotes":""},"categories":[18,19],"tags":[],"class_list":["post-32258","post","type-post","status-publish","format-standard","has-post-thumbnail","hentry","category-nouvelles-de-leglise-mondiale","category-rss-francais"],"acf":[],"yoast_head":"<!-- This site is optimized with the Yoast SEO plugin v27.3 - https:\/\/yoast.com\/product\/yoast-seo-wordpress\/ -->\n<title>L\u2019\u00c9glise Adventiste en Hongrie se r\u00e9concilie avec un groupe dissident apr\u00e8s 40 ans - \u00c9glise Adventiste Du Septieme Jour - Inter Am\u00e9rique Division<\/title>\n<meta name=\"robots\" content=\"index, follow, max-snippet:-1, max-image-preview:large, max-video-preview:-1\" \/>\n<link rel=\"canonical\" href=\"https:\/\/interamerica.org\/fr\/2015\/05\/leglise-adventiste-en-hongrie-se-reconcilie-avec-un-groupe-dissident-apres-40-ans\/\" \/>\n<meta property=\"og:locale\" content=\"fr_FR\" \/>\n<meta property=\"og:type\" content=\"article\" \/>\n<meta property=\"og:title\" content=\"L\u2019\u00c9glise Adventiste en Hongrie se r\u00e9concilie avec un groupe dissident apr\u00e8s 40 ans - \u00c9glise Adventiste Du Septieme Jour - Inter Am\u00e9rique Division\" \/>\n<meta property=\"og:description\" content=\"L\u2019\u00e9glise adventiste en Hongrie et un groupe dissident d\u2019une centaine d\u2019anciens adventistes se sont mis d\u2019accord pour mettre de c\u00f4t\u00e9 d\u2019anciens griefs et travailler \u00e0 gu\u00e9rir un schisme vieux de 40 ans.  L\u2019\u00e9glise hongroise s\u2019est s\u00e9par\u00e9e en 1975 \u00e0 la suite d\u2019une protestation de jeunes pasteurs et d\u2019autres membres concernant la collaboration des dirigeants locaux avec le Conseil des \u00c9glises Libres, une entit\u00e9 cr\u00e9\u00e9e pour repr\u00e9senter les int\u00e9r\u00eats communs de petites d\u00e9nominations protestantes qui plus tard est devenu un instrument de l\u2019\u00e9tat communiste.\" \/>\n<meta property=\"og:url\" content=\"https:\/\/interamerica.org\/fr\/2015\/05\/leglise-adventiste-en-hongrie-se-reconcilie-avec-un-groupe-dissident-apres-40-ans\/\" \/>\n<meta property=\"og:site_name\" content=\"\u00c9glise Adventiste Du Septieme Jour - Inter Am\u00e9rique Division\" \/>\n<meta property=\"article:published_time\" content=\"2015-05-02T04:00:00+00:00\" \/>\n<meta property=\"og:image\" content=\"https:\/\/interamerica.org\/wp-content\/uploads\/2017\/06\/Hungary_joint_declaration1-1.jpg\" \/>\n\t<meta property=\"og:image:width\" content=\"1000\" \/>\n\t<meta property=\"og:image:height\" content=\"454\" \/>\n\t<meta property=\"og:image:type\" content=\"image\/jpeg\" \/>\n<meta name=\"author\" content=\"Lorenzo Verduzco\" \/>\n<meta name=\"twitter:card\" content=\"summary_large_image\" \/>\n<meta name=\"twitter:label1\" content=\"\u00c9crit par\" \/>\n\t<meta name=\"twitter:data1\" content=\"Lorenzo Verduzco\" \/>\n\t<meta name=\"twitter:label2\" content=\"Dur\u00e9e de lecture estim\u00e9e\" \/>\n\t<meta name=\"twitter:data2\" content=\"6 minutes\" \/>\n<script type=\"application\/ld+json\" class=\"yoast-schema-graph\">{\"@context\":\"https:\\\/\\\/schema.org\",\"@graph\":[{\"@type\":\"Article\",\"@id\":\"https:\\\/\\\/interamerica.org\\\/fr\\\/2015\\\/05\\\/leglise-adventiste-en-hongrie-se-reconcilie-avec-un-groupe-dissident-apres-40-ans\\\/#article\",\"isPartOf\":{\"@id\":\"https:\\\/\\\/interamerica.org\\\/fr\\\/2015\\\/05\\\/leglise-adventiste-en-hongrie-se-reconcilie-avec-un-groupe-dissident-apres-40-ans\\\/\"},\"author\":{\"name\":\"Lorenzo Verduzco\",\"@id\":\"https:\\\/\\\/interamerica.org\\\/fr\\\/#\\\/schema\\\/person\\\/68ede8bdc292885bb76c1e3810e73c39\"},\"headline\":\"L\u2019\u00c9glise Adventiste en Hongrie se r\u00e9concilie avec un groupe dissident apr\u00e8s 40 ans\",\"datePublished\":\"2015-05-02T04:00:00+00:00\",\"mainEntityOfPage\":{\"@id\":\"https:\\\/\\\/interamerica.org\\\/fr\\\/2015\\\/05\\\/leglise-adventiste-en-hongrie-se-reconcilie-avec-un-groupe-dissident-apres-40-ans\\\/\"},\"wordCount\":1218,\"image\":{\"@id\":\"https:\\\/\\\/interamerica.org\\\/fr\\\/2015\\\/05\\\/leglise-adventiste-en-hongrie-se-reconcilie-avec-un-groupe-dissident-apres-40-ans\\\/#primaryimage\"},\"thumbnailUrl\":\"https:\\\/\\\/interamerica.org\\\/wp-content\\\/uploads\\\/2017\\\/06\\\/Hungary_joint_declaration1-1.jpg\",\"articleSection\":[\"Nouvelles de l'\u00c9glise mondiale\",\"RSS Fran\u00e7ais\"],\"inLanguage\":\"fr-FR\"},{\"@type\":\"WebPage\",\"@id\":\"https:\\\/\\\/interamerica.org\\\/fr\\\/2015\\\/05\\\/leglise-adventiste-en-hongrie-se-reconcilie-avec-un-groupe-dissident-apres-40-ans\\\/\",\"url\":\"https:\\\/\\\/interamerica.org\\\/fr\\\/2015\\\/05\\\/leglise-adventiste-en-hongrie-se-reconcilie-avec-un-groupe-dissident-apres-40-ans\\\/\",\"name\":\"L\u2019\u00c9glise Adventiste en Hongrie se r\u00e9concilie avec un groupe dissident apr\u00e8s 40 ans - \u00c9glise Adventiste Du Septieme Jour - Inter Am\u00e9rique Division\",\"isPartOf\":{\"@id\":\"https:\\\/\\\/interamerica.org\\\/fr\\\/#website\"},\"primaryImageOfPage\":{\"@id\":\"https:\\\/\\\/interamerica.org\\\/fr\\\/2015\\\/05\\\/leglise-adventiste-en-hongrie-se-reconcilie-avec-un-groupe-dissident-apres-40-ans\\\/#primaryimage\"},\"image\":{\"@id\":\"https:\\\/\\\/interamerica.org\\\/fr\\\/2015\\\/05\\\/leglise-adventiste-en-hongrie-se-reconcilie-avec-un-groupe-dissident-apres-40-ans\\\/#primaryimage\"},\"thumbnailUrl\":\"https:\\\/\\\/interamerica.org\\\/wp-content\\\/uploads\\\/2017\\\/06\\\/Hungary_joint_declaration1-1.jpg\",\"datePublished\":\"2015-05-02T04:00:00+00:00\",\"author\":{\"@id\":\"https:\\\/\\\/interamerica.org\\\/fr\\\/#\\\/schema\\\/person\\\/68ede8bdc292885bb76c1e3810e73c39\"},\"breadcrumb\":{\"@id\":\"https:\\\/\\\/interamerica.org\\\/fr\\\/2015\\\/05\\\/leglise-adventiste-en-hongrie-se-reconcilie-avec-un-groupe-dissident-apres-40-ans\\\/#breadcrumb\"},\"inLanguage\":\"fr-FR\",\"potentialAction\":[{\"@type\":\"ReadAction\",\"target\":[\"https:\\\/\\\/interamerica.org\\\/fr\\\/2015\\\/05\\\/leglise-adventiste-en-hongrie-se-reconcilie-avec-un-groupe-dissident-apres-40-ans\\\/\"]}]},{\"@type\":\"ImageObject\",\"inLanguage\":\"fr-FR\",\"@id\":\"https:\\\/\\\/interamerica.org\\\/fr\\\/2015\\\/05\\\/leglise-adventiste-en-hongrie-se-reconcilie-avec-un-groupe-dissident-apres-40-ans\\\/#primaryimage\",\"url\":\"https:\\\/\\\/interamerica.org\\\/wp-content\\\/uploads\\\/2017\\\/06\\\/Hungary_joint_declaration1-1.jpg\",\"contentUrl\":\"https:\\\/\\\/interamerica.org\\\/wp-content\\\/uploads\\\/2017\\\/06\\\/Hungary_joint_declaration1-1.jpg\",\"width\":1000,\"height\":454},{\"@type\":\"BreadcrumbList\",\"@id\":\"https:\\\/\\\/interamerica.org\\\/fr\\\/2015\\\/05\\\/leglise-adventiste-en-hongrie-se-reconcilie-avec-un-groupe-dissident-apres-40-ans\\\/#breadcrumb\",\"itemListElement\":[{\"@type\":\"ListItem\",\"position\":1,\"name\":\"Home\",\"item\":\"https:\\\/\\\/interamerica.org\\\/fr\\\/\"},{\"@type\":\"ListItem\",\"position\":2,\"name\":\"L\u2019\u00c9glise Adventiste en Hongrie se r\u00e9concilie avec un groupe dissident apr\u00e8s 40 ans\"}]},{\"@type\":\"WebSite\",\"@id\":\"https:\\\/\\\/interamerica.org\\\/fr\\\/#website\",\"url\":\"https:\\\/\\\/interamerica.org\\\/fr\\\/\",\"name\":\"\u00c9glise Adventiste Du Septieme Jour - Inter Am\u00e9rique Division\",\"description\":\"\",\"potentialAction\":[{\"@type\":\"SearchAction\",\"target\":{\"@type\":\"EntryPoint\",\"urlTemplate\":\"https:\\\/\\\/interamerica.org\\\/fr\\\/?s={search_term_string}\"},\"query-input\":{\"@type\":\"PropertyValueSpecification\",\"valueRequired\":true,\"valueName\":\"search_term_string\"}}],\"inLanguage\":\"fr-FR\"},{\"@type\":\"Person\",\"@id\":\"https:\\\/\\\/interamerica.org\\\/fr\\\/#\\\/schema\\\/person\\\/68ede8bdc292885bb76c1e3810e73c39\",\"name\":\"Lorenzo Verduzco\",\"image\":{\"@type\":\"ImageObject\",\"inLanguage\":\"fr-FR\",\"@id\":\"https:\\\/\\\/secure.gravatar.com\\\/avatar\\\/fb81a55b6218459490a9c1dc841a34909185b81904c5337b4b27f7a6fd60c49e?s=96&d=mm&r=g\",\"url\":\"https:\\\/\\\/secure.gravatar.com\\\/avatar\\\/fb81a55b6218459490a9c1dc841a34909185b81904c5337b4b27f7a6fd60c49e?s=96&d=mm&r=g\",\"contentUrl\":\"https:\\\/\\\/secure.gravatar.com\\\/avatar\\\/fb81a55b6218459490a9c1dc841a34909185b81904c5337b4b27f7a6fd60c49e?s=96&d=mm&r=g\",\"caption\":\"Lorenzo Verduzco\"}}]}<\/script>\n<!-- \/ Yoast SEO plugin. -->","yoast_head_json":{"title":"L\u2019\u00c9glise Adventiste en Hongrie se r\u00e9concilie avec un groupe dissident apr\u00e8s 40 ans - \u00c9glise Adventiste Du Septieme Jour - Inter Am\u00e9rique Division","robots":{"index":"index","follow":"follow","max-snippet":"max-snippet:-1","max-image-preview":"max-image-preview:large","max-video-preview":"max-video-preview:-1"},"canonical":"https:\/\/interamerica.org\/fr\/2015\/05\/leglise-adventiste-en-hongrie-se-reconcilie-avec-un-groupe-dissident-apres-40-ans\/","og_locale":"fr_FR","og_type":"article","og_title":"L\u2019\u00c9glise Adventiste en Hongrie se r\u00e9concilie avec un groupe dissident apr\u00e8s 40 ans - \u00c9glise Adventiste Du Septieme Jour - Inter Am\u00e9rique Division","og_description":"L\u2019\u00e9glise adventiste en Hongrie et un groupe dissident d\u2019une centaine d\u2019anciens adventistes se sont mis d\u2019accord pour mettre de c\u00f4t\u00e9 d\u2019anciens griefs et travailler \u00e0 gu\u00e9rir un schisme vieux de 40 ans.  L\u2019\u00e9glise hongroise s\u2019est s\u00e9par\u00e9e en 1975 \u00e0 la suite d\u2019une protestation de jeunes pasteurs et d\u2019autres membres concernant la collaboration des dirigeants locaux avec le Conseil des \u00c9glises Libres, une entit\u00e9 cr\u00e9\u00e9e pour repr\u00e9senter les int\u00e9r\u00eats communs de petites d\u00e9nominations protestantes qui plus tard est devenu un instrument de l\u2019\u00e9tat communiste.","og_url":"https:\/\/interamerica.org\/fr\/2015\/05\/leglise-adventiste-en-hongrie-se-reconcilie-avec-un-groupe-dissident-apres-40-ans\/","og_site_name":"\u00c9glise Adventiste Du Septieme Jour - Inter Am\u00e9rique Division","article_published_time":"2015-05-02T04:00:00+00:00","og_image":[{"width":1000,"height":454,"url":"https:\/\/interamerica.org\/wp-content\/uploads\/2017\/06\/Hungary_joint_declaration1-1.jpg","type":"image\/jpeg"}],"author":"Lorenzo Verduzco","twitter_card":"summary_large_image","twitter_misc":{"\u00c9crit par":"Lorenzo Verduzco","Dur\u00e9e de lecture estim\u00e9e":"6 minutes"},"schema":{"@context":"https:\/\/schema.org","@graph":[{"@type":"Article","@id":"https:\/\/interamerica.org\/fr\/2015\/05\/leglise-adventiste-en-hongrie-se-reconcilie-avec-un-groupe-dissident-apres-40-ans\/#article","isPartOf":{"@id":"https:\/\/interamerica.org\/fr\/2015\/05\/leglise-adventiste-en-hongrie-se-reconcilie-avec-un-groupe-dissident-apres-40-ans\/"},"author":{"name":"Lorenzo Verduzco","@id":"https:\/\/interamerica.org\/fr\/#\/schema\/person\/68ede8bdc292885bb76c1e3810e73c39"},"headline":"L\u2019\u00c9glise Adventiste en Hongrie se r\u00e9concilie avec un groupe dissident apr\u00e8s 40 ans","datePublished":"2015-05-02T04:00:00+00:00","mainEntityOfPage":{"@id":"https:\/\/interamerica.org\/fr\/2015\/05\/leglise-adventiste-en-hongrie-se-reconcilie-avec-un-groupe-dissident-apres-40-ans\/"},"wordCount":1218,"image":{"@id":"https:\/\/interamerica.org\/fr\/2015\/05\/leglise-adventiste-en-hongrie-se-reconcilie-avec-un-groupe-dissident-apres-40-ans\/#primaryimage"},"thumbnailUrl":"https:\/\/interamerica.org\/wp-content\/uploads\/2017\/06\/Hungary_joint_declaration1-1.jpg","articleSection":["Nouvelles de l'\u00c9glise mondiale","RSS Fran\u00e7ais"],"inLanguage":"fr-FR"},{"@type":"WebPage","@id":"https:\/\/interamerica.org\/fr\/2015\/05\/leglise-adventiste-en-hongrie-se-reconcilie-avec-un-groupe-dissident-apres-40-ans\/","url":"https:\/\/interamerica.org\/fr\/2015\/05\/leglise-adventiste-en-hongrie-se-reconcilie-avec-un-groupe-dissident-apres-40-ans\/","name":"L\u2019\u00c9glise Adventiste en Hongrie se r\u00e9concilie avec un groupe dissident apr\u00e8s 40 ans - \u00c9glise Adventiste Du Septieme Jour - Inter Am\u00e9rique Division","isPartOf":{"@id":"https:\/\/interamerica.org\/fr\/#website"},"primaryImageOfPage":{"@id":"https:\/\/interamerica.org\/fr\/2015\/05\/leglise-adventiste-en-hongrie-se-reconcilie-avec-un-groupe-dissident-apres-40-ans\/#primaryimage"},"image":{"@id":"https:\/\/interamerica.org\/fr\/2015\/05\/leglise-adventiste-en-hongrie-se-reconcilie-avec-un-groupe-dissident-apres-40-ans\/#primaryimage"},"thumbnailUrl":"https:\/\/interamerica.org\/wp-content\/uploads\/2017\/06\/Hungary_joint_declaration1-1.jpg","datePublished":"2015-05-02T04:00:00+00:00","author":{"@id":"https:\/\/interamerica.org\/fr\/#\/schema\/person\/68ede8bdc292885bb76c1e3810e73c39"},"breadcrumb":{"@id":"https:\/\/interamerica.org\/fr\/2015\/05\/leglise-adventiste-en-hongrie-se-reconcilie-avec-un-groupe-dissident-apres-40-ans\/#breadcrumb"},"inLanguage":"fr-FR","potentialAction":[{"@type":"ReadAction","target":["https:\/\/interamerica.org\/fr\/2015\/05\/leglise-adventiste-en-hongrie-se-reconcilie-avec-un-groupe-dissident-apres-40-ans\/"]}]},{"@type":"ImageObject","inLanguage":"fr-FR","@id":"https:\/\/interamerica.org\/fr\/2015\/05\/leglise-adventiste-en-hongrie-se-reconcilie-avec-un-groupe-dissident-apres-40-ans\/#primaryimage","url":"https:\/\/interamerica.org\/wp-content\/uploads\/2017\/06\/Hungary_joint_declaration1-1.jpg","contentUrl":"https:\/\/interamerica.org\/wp-content\/uploads\/2017\/06\/Hungary_joint_declaration1-1.jpg","width":1000,"height":454},{"@type":"BreadcrumbList","@id":"https:\/\/interamerica.org\/fr\/2015\/05\/leglise-adventiste-en-hongrie-se-reconcilie-avec-un-groupe-dissident-apres-40-ans\/#breadcrumb","itemListElement":[{"@type":"ListItem","position":1,"name":"Home","item":"https:\/\/interamerica.org\/fr\/"},{"@type":"ListItem","position":2,"name":"L\u2019\u00c9glise Adventiste en Hongrie se r\u00e9concilie avec un groupe dissident apr\u00e8s 40 ans"}]},{"@type":"WebSite","@id":"https:\/\/interamerica.org\/fr\/#website","url":"https:\/\/interamerica.org\/fr\/","name":"\u00c9glise Adventiste Du Septieme Jour - Inter Am\u00e9rique Division","description":"","potentialAction":[{"@type":"SearchAction","target":{"@type":"EntryPoint","urlTemplate":"https:\/\/interamerica.org\/fr\/?s={search_term_string}"},"query-input":{"@type":"PropertyValueSpecification","valueRequired":true,"valueName":"search_term_string"}}],"inLanguage":"fr-FR"},{"@type":"Person","@id":"https:\/\/interamerica.org\/fr\/#\/schema\/person\/68ede8bdc292885bb76c1e3810e73c39","name":"Lorenzo Verduzco","image":{"@type":"ImageObject","inLanguage":"fr-FR","@id":"https:\/\/secure.gravatar.com\/avatar\/fb81a55b6218459490a9c1dc841a34909185b81904c5337b4b27f7a6fd60c49e?s=96&d=mm&r=g","url":"https:\/\/secure.gravatar.com\/avatar\/fb81a55b6218459490a9c1dc841a34909185b81904c5337b4b27f7a6fd60c49e?s=96&d=mm&r=g","contentUrl":"https:\/\/secure.gravatar.com\/avatar\/fb81a55b6218459490a9c1dc841a34909185b81904c5337b4b27f7a6fd60c49e?s=96&d=mm&r=g","caption":"Lorenzo Verduzco"}}]}},"_links":{"self":[{"href":"https:\/\/interamerica.org\/fr\/wp-json\/wp\/v2\/posts\/32258","targetHints":{"allow":["GET"]}}],"collection":[{"href":"https:\/\/interamerica.org\/fr\/wp-json\/wp\/v2\/posts"}],"about":[{"href":"https:\/\/interamerica.org\/fr\/wp-json\/wp\/v2\/types\/post"}],"author":[{"embeddable":true,"href":"https:\/\/interamerica.org\/fr\/wp-json\/wp\/v2\/users\/1"}],"replies":[{"embeddable":true,"href":"https:\/\/interamerica.org\/fr\/wp-json\/wp\/v2\/comments?post=32258"}],"version-history":[{"count":0,"href":"https:\/\/interamerica.org\/fr\/wp-json\/wp\/v2\/posts\/32258\/revisions"}],"wp:featuredmedia":[{"embeddable":true,"href":"https:\/\/interamerica.org\/fr\/wp-json\/wp\/v2\/media\/25173"}],"wp:attachment":[{"href":"https:\/\/interamerica.org\/fr\/wp-json\/wp\/v2\/media?parent=32258"}],"wp:term":[{"taxonomy":"category","embeddable":true,"href":"https:\/\/interamerica.org\/fr\/wp-json\/wp\/v2\/categories?post=32258"},{"taxonomy":"post_tag","embeddable":true,"href":"https:\/\/interamerica.org\/fr\/wp-json\/wp\/v2\/tags?post=32258"}],"curies":[{"name":"wp","href":"https:\/\/api.w.org\/{rel}","templated":true}]}}