{"id":32259,"date":"2015-05-05T00:00:00","date_gmt":"2015-05-05T04:00:00","guid":{"rendered":"http:\/\/192.81.217.108\/interamerica\/2015\/05\/leglise-adventiste-en-amerique-du-nord-publie-un-communique-au-sujet-de-la-candidature-de-ben-carson-a-la-presidence-des-etats-unis\/"},"modified":"2015-05-05T00:00:00","modified_gmt":"2015-05-05T04:00:00","slug":"leglise-adventiste-en-amerique-du-nord-publie-un-communique-au-sujet-de-la-candidature-de-ben-carson-a-la-presidence-des-etats-unis","status":"publish","type":"post","link":"https:\/\/interamerica.org\/fr\/2015\/05\/leglise-adventiste-en-amerique-du-nord-publie-un-communique-au-sujet-de-la-candidature-de-ben-carson-a-la-presidence-des-etats-unis\/","title":{"rendered":"L\u2019Eglise Adventiste en Am\u00e9rique du Nord publie un communiqu\u00e9 au sujet de la candidature de Ben Carson \u00e0 la pr\u00e9sidence des Etats Unis"},"content":{"rendered":"<div id=\"attachment_16669\" style=\"width: 610px\" class=\"wp-caption aligncenter\"><a href=\"\/interamerica\/wp-content\/uploads\/2017\/06\/rsz_ben_carson_by_gage_skidmore_4.jpg\" rel=\"fancybox\" title=\"L\u2019Eglise Adventiste en Am\u00e9rique du Nord publie un communiqu\u00e9 au sujet de la candidature de Ben Carson \u00e0 la pr\u00e9sidence des Etats Unis\"><img fetchpriority=\"high\" decoding=\"async\" aria-describedby=\"caption-attachment-16669\" class=\" wp-image-16669 \" src=\"\/interamerica\/wp-content\/uploads\/2017\/06\/rsz_ben_carson_by_gage_skidmore_4.jpg\" alt=\"\" width=\"600\" height=\"302\" \/><\/a><p id=\"caption-attachment-16669\" class=\"wp-caption-text\">Ben Carson (Gage Skidmore\/ Wikicommons)<\/p><\/div>\n<p>4 mai 2015 \u2013 Silver Spring, Maryland, Etats Unis \u2013 Division Nord Am\u00e9ricaine<\/p>\n<p><em>Adventist Review : note de l\u2019\u00e9diteur : La Division Nord Am\u00e9ricaine de l\u2019Eglise Adventiste du Septi\u00e8me Jour a publi\u00e9 ce communiqu\u00e9 au sujet de l\u2019annonce faite le 4 mai par Dr Ben Carson, un neurochirurgien \u00e0 la retraite et membre de l\u2019Eglise Adventiste, indiquant qu\u2019il \u00e9tait candidat \u00e0 l\u2019investiture du Parti R\u00e9publicain pour l\u2019\u00e9lection pr\u00e9sidentielle aux Etats Unis.<\/em><\/p>\n<p>Alors que d\u00e9bute le cycle des \u00e9lections am\u00e9ricaines pour 2016, l\u2019Eglise Adventiste du Septi\u00e8me Jour est consciente de l\u2019int\u00e9r\u00eat grandissant que suscite la candidature de Dr Ben Carson \u00e0 l\u2019\u00e9lection pr\u00e9sidentielle.<\/p>\n<p>L\u2019histoire de Ben Carson est bien connue de la plupart des Adventistes, et c\u2019est un m\u00e9decin tr\u00e8s respect\u00e9.<\/p>\n<p>Depuis bien longtemps, l\u2019Eglise Adventiste a une position consistant \u00e0 n\u2019exprimer ni soutien ni opposition \u00e0 l\u2019endroit d\u2019aucun candidat \u00e0 une quelconque \u00e9lection. Cette position est bas\u00e9e sur notre position historique sur la s\u00e9paration de l\u2019\u00e9glise et de l\u2019\u00e9tat mais \u00e9galement sur la loi f\u00e9d\u00e9rale relative au statut d\u2019exon\u00e9ration d\u2019imp\u00f4ts dont b\u00e9n\u00e9ficie l\u2019\u00e9glise.<\/p>\n<p>Bien que les membres d\u2019\u00e9glise, \u00e0 titre individuel, soient libres de soutenir ou de s\u2019opposer \u00e0 n\u2019importe quel candidat \u00e0 une \u00e9lection selon leur jugement, il est crucial pour l\u2019\u00e9glise en tant qu\u2019institution de demeurer neutre \u00e0 propos de tous les candidats qui se pr\u00e9sentent \u00e0 une \u00e9lection. On devrait veiller \u00e0 ce que la chaire et les b\u00e2timents de l\u2019\u00e9glise restent des endroits neutres lorsqu\u2019il est question d\u2019\u00e9lections. Les employ\u00e9s de l\u2019\u00e9glise doivent \u00e9galement faire extr\u00eamement attention \u00e0 ne pas exprimer leurs opinons au sujet d\u2019un candidat quelconque \u00e0 une \u00e9lection, y compris Dr Carson, dans le cadre de leur fonction dans la d\u00e9nomination.<\/p>\n<p>Nous voulons \u00e9galement rappeler \u00e0 nos membres d\u2019\u00e9glise, aux pasteurs et aux administrateurs, la position officielle de l\u2019\u00e9glise sur la s\u00e9paration de l\u2019\u00e9glise et de l\u2019\u00e9tat. L\u2019\u00e9glise a travaill\u00e9 diligemment \u00e0 la protection des droits religieux de tous les individus, quelle que soit leur affiliation religieuse.<\/p>\n<p>\u00ab Nous devrions par cons\u00e9quent travailler \u00e0 \u00e9tablir solidement la libert\u00e9 religieuse pour tous et nous ne devrions pas utiliser notre influence aupr\u00e8s des leaders religieux ou civils pour, soit faire avancer notre religion, ou alors freiner la religion des autres. Les Adventistes devraient prendre les responsabilit\u00e9s civiques au s\u00e9rieux. Nous devrions participer au processus de vote qui est \u00e0 notre disposition lorsqu\u2019il est possible de le faire en bonne conscience et nous devrions partager la responsabilit\u00e9 du d\u00e9veloppement de nos communaut\u00e9s. Les Adventistes ne devraient pas cependant, \u00eatre pr\u00e9occup\u00e9s par la politique, ou utiliser la chaire ou nos publications pour faire passer des th\u00e9ories politiques. \u00bb (Tir\u00e9 d\u2019une d\u00e9claration officielle de l\u2019Eglise Adventiste du Septi\u00e8me Jour, adopt\u00e9 par le Concile sur les Relations Inter \u00e9glises\/Interconfessionnelles de l\u2019Eglise Adventiste du Septi\u00e8me Jour en Mars 2002.)<\/p>\n<p>L\u2019Eglise Adventiste du Septi\u00e8me Jour accorde de l\u2019importance \u00e0 Dr Carson comme elle en accorde aussi \u00e0 tous les membres. Cependant il est important pour l\u2019\u00e9glise de maintenir son soutien historique de longue date \u00e0 la s\u00e9paration de l\u2019\u00e9glise et de l\u2019\u00e9tat en n\u2019exprimant ni soutien ni opposition \u00e0 aucun candidat.<\/p>\n<p>Traduction: Patrick Luciathe<\/p>\n","protected":false},"excerpt":{"rendered":"<p>Alors que d\u00e9bute le cycle des \u00e9lections am\u00e9ricaines pour 2016, l\u2019Eglise Adventiste du Septi\u00e8me Jour est consciente de l\u2019int\u00e9r\u00eat grandissant que suscite la candidature de Dr Ben Carson \u00e0 l\u2019\u00e9lection pr\u00e9sidentielle.<\/p>\n<p>L\u2019histoire de Ben Carson est bien connue de la plupart des Adventistes, et c\u2019est un m\u00e9decin tr\u00e8s respect\u00e9.<\/p>\n","protected":false},"author":1,"featured_media":25177,"comment_status":"closed","ping_status":"closed","sticky":false,"template":"","format":"standard","meta":{"_acf_changed":false,"footnotes":""},"categories":[18,19],"tags":[],"class_list":["post-32259","post","type-post","status-publish","format-standard","has-post-thumbnail","hentry","category-nouvelles-de-leglise-mondiale","category-rss-francais"],"acf":[],"yoast_head":"<!-- This site is optimized with the Yoast SEO plugin v27.3 - https:\/\/yoast.com\/product\/yoast-seo-wordpress\/ -->\n<title>L\u2019Eglise Adventiste en Am\u00e9rique du Nord publie un communiqu\u00e9 au sujet de la candidature de Ben Carson \u00e0 la pr\u00e9sidence des Etats Unis - \u00c9glise Adventiste Du Septieme Jour - Inter Am\u00e9rique Division<\/title>\n<meta name=\"robots\" content=\"index, follow, max-snippet:-1, max-image-preview:large, max-video-preview:-1\" \/>\n<link rel=\"canonical\" href=\"https:\/\/interamerica.org\/fr\/2015\/05\/leglise-adventiste-en-amerique-du-nord-publie-un-communique-au-sujet-de-la-candidature-de-ben-carson-a-la-presidence-des-etats-unis\/\" \/>\n<meta property=\"og:locale\" content=\"fr_FR\" \/>\n<meta property=\"og:type\" content=\"article\" \/>\n<meta property=\"og:title\" content=\"L\u2019Eglise Adventiste en Am\u00e9rique du Nord publie un communiqu\u00e9 au sujet de la candidature de Ben Carson \u00e0 la pr\u00e9sidence des Etats Unis - \u00c9glise Adventiste Du Septieme Jour - Inter Am\u00e9rique Division\" \/>\n<meta property=\"og:description\" content=\"Alors que d\u00e9bute le cycle des \u00e9lections am\u00e9ricaines pour 2016, l\u2019Eglise Adventiste du Septi\u00e8me Jour est consciente de l\u2019int\u00e9r\u00eat grandissant que suscite la candidature de Dr Ben Carson \u00e0 l\u2019\u00e9lection pr\u00e9sidentielle. L\u2019histoire de Ben Carson est bien connue de la plupart des Adventistes, et c\u2019est un m\u00e9decin tr\u00e8s respect\u00e9.\" \/>\n<meta property=\"og:url\" content=\"https:\/\/interamerica.org\/fr\/2015\/05\/leglise-adventiste-en-amerique-du-nord-publie-un-communique-au-sujet-de-la-candidature-de-ben-carson-a-la-presidence-des-etats-unis\/\" \/>\n<meta property=\"og:site_name\" content=\"\u00c9glise Adventiste Du Septieme Jour - Inter Am\u00e9rique Division\" \/>\n<meta property=\"article:published_time\" content=\"2015-05-05T04:00:00+00:00\" \/>\n<meta property=\"og:image\" content=\"https:\/\/interamerica.org\/wp-content\/uploads\/2017\/06\/rsz_ben_carson_by_gage_skidmore_4.jpg\" \/>\n\t<meta property=\"og:image:width\" content=\"1000\" \/>\n\t<meta property=\"og:image:height\" content=\"503\" \/>\n\t<meta property=\"og:image:type\" content=\"image\/jpeg\" \/>\n<meta name=\"author\" content=\"Lorenzo Verduzco\" \/>\n<meta name=\"twitter:card\" content=\"summary_large_image\" \/>\n<meta name=\"twitter:label1\" content=\"\u00c9crit par\" \/>\n\t<meta name=\"twitter:data1\" content=\"Lorenzo Verduzco\" \/>\n\t<meta name=\"twitter:label2\" content=\"Dur\u00e9e de lecture estim\u00e9e\" \/>\n\t<meta name=\"twitter:data2\" content=\"3 minutes\" \/>\n<script type=\"application\/ld+json\" class=\"yoast-schema-graph\">{\"@context\":\"https:\\\/\\\/schema.org\",\"@graph\":[{\"@type\":\"Article\",\"@id\":\"https:\\\/\\\/interamerica.org\\\/fr\\\/2015\\\/05\\\/leglise-adventiste-en-amerique-du-nord-publie-un-communique-au-sujet-de-la-candidature-de-ben-carson-a-la-presidence-des-etats-unis\\\/#article\",\"isPartOf\":{\"@id\":\"https:\\\/\\\/interamerica.org\\\/fr\\\/2015\\\/05\\\/leglise-adventiste-en-amerique-du-nord-publie-un-communique-au-sujet-de-la-candidature-de-ben-carson-a-la-presidence-des-etats-unis\\\/\"},\"author\":{\"name\":\"Lorenzo Verduzco\",\"@id\":\"https:\\\/\\\/interamerica.org\\\/fr\\\/#\\\/schema\\\/person\\\/68ede8bdc292885bb76c1e3810e73c39\"},\"headline\":\"L\u2019Eglise Adventiste en Am\u00e9rique du Nord publie un communiqu\u00e9 au sujet de la candidature de Ben Carson \u00e0 la pr\u00e9sidence des Etats Unis\",\"datePublished\":\"2015-05-05T04:00:00+00:00\",\"mainEntityOfPage\":{\"@id\":\"https:\\\/\\\/interamerica.org\\\/fr\\\/2015\\\/05\\\/leglise-adventiste-en-amerique-du-nord-publie-un-communique-au-sujet-de-la-candidature-de-ben-carson-a-la-presidence-des-etats-unis\\\/\"},\"wordCount\":605,\"image\":{\"@id\":\"https:\\\/\\\/interamerica.org\\\/fr\\\/2015\\\/05\\\/leglise-adventiste-en-amerique-du-nord-publie-un-communique-au-sujet-de-la-candidature-de-ben-carson-a-la-presidence-des-etats-unis\\\/#primaryimage\"},\"thumbnailUrl\":\"https:\\\/\\\/interamerica.org\\\/wp-content\\\/uploads\\\/2017\\\/06\\\/rsz_ben_carson_by_gage_skidmore_4.jpg\",\"articleSection\":[\"Nouvelles de l'\u00c9glise mondiale\",\"RSS Fran\u00e7ais\"],\"inLanguage\":\"fr-FR\"},{\"@type\":\"WebPage\",\"@id\":\"https:\\\/\\\/interamerica.org\\\/fr\\\/2015\\\/05\\\/leglise-adventiste-en-amerique-du-nord-publie-un-communique-au-sujet-de-la-candidature-de-ben-carson-a-la-presidence-des-etats-unis\\\/\",\"url\":\"https:\\\/\\\/interamerica.org\\\/fr\\\/2015\\\/05\\\/leglise-adventiste-en-amerique-du-nord-publie-un-communique-au-sujet-de-la-candidature-de-ben-carson-a-la-presidence-des-etats-unis\\\/\",\"name\":\"L\u2019Eglise Adventiste en Am\u00e9rique du Nord publie un communiqu\u00e9 au sujet de la candidature de Ben Carson \u00e0 la pr\u00e9sidence des Etats Unis - \u00c9glise Adventiste Du Septieme Jour - Inter Am\u00e9rique Division\",\"isPartOf\":{\"@id\":\"https:\\\/\\\/interamerica.org\\\/fr\\\/#website\"},\"primaryImageOfPage\":{\"@id\":\"https:\\\/\\\/interamerica.org\\\/fr\\\/2015\\\/05\\\/leglise-adventiste-en-amerique-du-nord-publie-un-communique-au-sujet-de-la-candidature-de-ben-carson-a-la-presidence-des-etats-unis\\\/#primaryimage\"},\"image\":{\"@id\":\"https:\\\/\\\/interamerica.org\\\/fr\\\/2015\\\/05\\\/leglise-adventiste-en-amerique-du-nord-publie-un-communique-au-sujet-de-la-candidature-de-ben-carson-a-la-presidence-des-etats-unis\\\/#primaryimage\"},\"thumbnailUrl\":\"https:\\\/\\\/interamerica.org\\\/wp-content\\\/uploads\\\/2017\\\/06\\\/rsz_ben_carson_by_gage_skidmore_4.jpg\",\"datePublished\":\"2015-05-05T04:00:00+00:00\",\"author\":{\"@id\":\"https:\\\/\\\/interamerica.org\\\/fr\\\/#\\\/schema\\\/person\\\/68ede8bdc292885bb76c1e3810e73c39\"},\"breadcrumb\":{\"@id\":\"https:\\\/\\\/interamerica.org\\\/fr\\\/2015\\\/05\\\/leglise-adventiste-en-amerique-du-nord-publie-un-communique-au-sujet-de-la-candidature-de-ben-carson-a-la-presidence-des-etats-unis\\\/#breadcrumb\"},\"inLanguage\":\"fr-FR\",\"potentialAction\":[{\"@type\":\"ReadAction\",\"target\":[\"https:\\\/\\\/interamerica.org\\\/fr\\\/2015\\\/05\\\/leglise-adventiste-en-amerique-du-nord-publie-un-communique-au-sujet-de-la-candidature-de-ben-carson-a-la-presidence-des-etats-unis\\\/\"]}]},{\"@type\":\"ImageObject\",\"inLanguage\":\"fr-FR\",\"@id\":\"https:\\\/\\\/interamerica.org\\\/fr\\\/2015\\\/05\\\/leglise-adventiste-en-amerique-du-nord-publie-un-communique-au-sujet-de-la-candidature-de-ben-carson-a-la-presidence-des-etats-unis\\\/#primaryimage\",\"url\":\"https:\\\/\\\/interamerica.org\\\/wp-content\\\/uploads\\\/2017\\\/06\\\/rsz_ben_carson_by_gage_skidmore_4.jpg\",\"contentUrl\":\"https:\\\/\\\/interamerica.org\\\/wp-content\\\/uploads\\\/2017\\\/06\\\/rsz_ben_carson_by_gage_skidmore_4.jpg\",\"width\":1000,\"height\":503},{\"@type\":\"BreadcrumbList\",\"@id\":\"https:\\\/\\\/interamerica.org\\\/fr\\\/2015\\\/05\\\/leglise-adventiste-en-amerique-du-nord-publie-un-communique-au-sujet-de-la-candidature-de-ben-carson-a-la-presidence-des-etats-unis\\\/#breadcrumb\",\"itemListElement\":[{\"@type\":\"ListItem\",\"position\":1,\"name\":\"Home\",\"item\":\"https:\\\/\\\/interamerica.org\\\/fr\\\/\"},{\"@type\":\"ListItem\",\"position\":2,\"name\":\"L\u2019Eglise Adventiste en Am\u00e9rique du Nord publie un communiqu\u00e9 au sujet de la candidature de Ben Carson \u00e0 la pr\u00e9sidence des Etats Unis\"}]},{\"@type\":\"WebSite\",\"@id\":\"https:\\\/\\\/interamerica.org\\\/fr\\\/#website\",\"url\":\"https:\\\/\\\/interamerica.org\\\/fr\\\/\",\"name\":\"\u00c9glise Adventiste Du Septieme Jour - Inter Am\u00e9rique Division\",\"description\":\"\",\"potentialAction\":[{\"@type\":\"SearchAction\",\"target\":{\"@type\":\"EntryPoint\",\"urlTemplate\":\"https:\\\/\\\/interamerica.org\\\/fr\\\/?s={search_term_string}\"},\"query-input\":{\"@type\":\"PropertyValueSpecification\",\"valueRequired\":true,\"valueName\":\"search_term_string\"}}],\"inLanguage\":\"fr-FR\"},{\"@type\":\"Person\",\"@id\":\"https:\\\/\\\/interamerica.org\\\/fr\\\/#\\\/schema\\\/person\\\/68ede8bdc292885bb76c1e3810e73c39\",\"name\":\"Lorenzo Verduzco\",\"image\":{\"@type\":\"ImageObject\",\"inLanguage\":\"fr-FR\",\"@id\":\"https:\\\/\\\/secure.gravatar.com\\\/avatar\\\/fb81a55b6218459490a9c1dc841a34909185b81904c5337b4b27f7a6fd60c49e?s=96&d=mm&r=g\",\"url\":\"https:\\\/\\\/secure.gravatar.com\\\/avatar\\\/fb81a55b6218459490a9c1dc841a34909185b81904c5337b4b27f7a6fd60c49e?s=96&d=mm&r=g\",\"contentUrl\":\"https:\\\/\\\/secure.gravatar.com\\\/avatar\\\/fb81a55b6218459490a9c1dc841a34909185b81904c5337b4b27f7a6fd60c49e?s=96&d=mm&r=g\",\"caption\":\"Lorenzo Verduzco\"}}]}<\/script>\n<!-- \/ Yoast SEO plugin. -->","yoast_head_json":{"title":"L\u2019Eglise Adventiste en Am\u00e9rique du Nord publie un communiqu\u00e9 au sujet de la candidature de Ben Carson \u00e0 la pr\u00e9sidence des Etats Unis - \u00c9glise Adventiste Du Septieme Jour - Inter Am\u00e9rique Division","robots":{"index":"index","follow":"follow","max-snippet":"max-snippet:-1","max-image-preview":"max-image-preview:large","max-video-preview":"max-video-preview:-1"},"canonical":"https:\/\/interamerica.org\/fr\/2015\/05\/leglise-adventiste-en-amerique-du-nord-publie-un-communique-au-sujet-de-la-candidature-de-ben-carson-a-la-presidence-des-etats-unis\/","og_locale":"fr_FR","og_type":"article","og_title":"L\u2019Eglise Adventiste en Am\u00e9rique du Nord publie un communiqu\u00e9 au sujet de la candidature de Ben Carson \u00e0 la pr\u00e9sidence des Etats Unis - \u00c9glise Adventiste Du Septieme Jour - Inter Am\u00e9rique Division","og_description":"Alors que d\u00e9bute le cycle des \u00e9lections am\u00e9ricaines pour 2016, l\u2019Eglise Adventiste du Septi\u00e8me Jour est consciente de l\u2019int\u00e9r\u00eat grandissant que suscite la candidature de Dr Ben Carson \u00e0 l\u2019\u00e9lection pr\u00e9sidentielle. L\u2019histoire de Ben Carson est bien connue de la plupart des Adventistes, et c\u2019est un m\u00e9decin tr\u00e8s respect\u00e9.","og_url":"https:\/\/interamerica.org\/fr\/2015\/05\/leglise-adventiste-en-amerique-du-nord-publie-un-communique-au-sujet-de-la-candidature-de-ben-carson-a-la-presidence-des-etats-unis\/","og_site_name":"\u00c9glise Adventiste Du Septieme Jour - Inter Am\u00e9rique Division","article_published_time":"2015-05-05T04:00:00+00:00","og_image":[{"width":1000,"height":503,"url":"https:\/\/interamerica.org\/wp-content\/uploads\/2017\/06\/rsz_ben_carson_by_gage_skidmore_4.jpg","type":"image\/jpeg"}],"author":"Lorenzo Verduzco","twitter_card":"summary_large_image","twitter_misc":{"\u00c9crit par":"Lorenzo Verduzco","Dur\u00e9e de lecture estim\u00e9e":"3 minutes"},"schema":{"@context":"https:\/\/schema.org","@graph":[{"@type":"Article","@id":"https:\/\/interamerica.org\/fr\/2015\/05\/leglise-adventiste-en-amerique-du-nord-publie-un-communique-au-sujet-de-la-candidature-de-ben-carson-a-la-presidence-des-etats-unis\/#article","isPartOf":{"@id":"https:\/\/interamerica.org\/fr\/2015\/05\/leglise-adventiste-en-amerique-du-nord-publie-un-communique-au-sujet-de-la-candidature-de-ben-carson-a-la-presidence-des-etats-unis\/"},"author":{"name":"Lorenzo Verduzco","@id":"https:\/\/interamerica.org\/fr\/#\/schema\/person\/68ede8bdc292885bb76c1e3810e73c39"},"headline":"L\u2019Eglise Adventiste en Am\u00e9rique du Nord publie un communiqu\u00e9 au sujet de la candidature de Ben Carson \u00e0 la pr\u00e9sidence des Etats Unis","datePublished":"2015-05-05T04:00:00+00:00","mainEntityOfPage":{"@id":"https:\/\/interamerica.org\/fr\/2015\/05\/leglise-adventiste-en-amerique-du-nord-publie-un-communique-au-sujet-de-la-candidature-de-ben-carson-a-la-presidence-des-etats-unis\/"},"wordCount":605,"image":{"@id":"https:\/\/interamerica.org\/fr\/2015\/05\/leglise-adventiste-en-amerique-du-nord-publie-un-communique-au-sujet-de-la-candidature-de-ben-carson-a-la-presidence-des-etats-unis\/#primaryimage"},"thumbnailUrl":"https:\/\/interamerica.org\/wp-content\/uploads\/2017\/06\/rsz_ben_carson_by_gage_skidmore_4.jpg","articleSection":["Nouvelles de l'\u00c9glise mondiale","RSS Fran\u00e7ais"],"inLanguage":"fr-FR"},{"@type":"WebPage","@id":"https:\/\/interamerica.org\/fr\/2015\/05\/leglise-adventiste-en-amerique-du-nord-publie-un-communique-au-sujet-de-la-candidature-de-ben-carson-a-la-presidence-des-etats-unis\/","url":"https:\/\/interamerica.org\/fr\/2015\/05\/leglise-adventiste-en-amerique-du-nord-publie-un-communique-au-sujet-de-la-candidature-de-ben-carson-a-la-presidence-des-etats-unis\/","name":"L\u2019Eglise Adventiste en Am\u00e9rique du Nord publie un communiqu\u00e9 au sujet de la candidature de Ben Carson \u00e0 la pr\u00e9sidence des Etats Unis - \u00c9glise Adventiste Du Septieme Jour - Inter Am\u00e9rique Division","isPartOf":{"@id":"https:\/\/interamerica.org\/fr\/#website"},"primaryImageOfPage":{"@id":"https:\/\/interamerica.org\/fr\/2015\/05\/leglise-adventiste-en-amerique-du-nord-publie-un-communique-au-sujet-de-la-candidature-de-ben-carson-a-la-presidence-des-etats-unis\/#primaryimage"},"image":{"@id":"https:\/\/interamerica.org\/fr\/2015\/05\/leglise-adventiste-en-amerique-du-nord-publie-un-communique-au-sujet-de-la-candidature-de-ben-carson-a-la-presidence-des-etats-unis\/#primaryimage"},"thumbnailUrl":"https:\/\/interamerica.org\/wp-content\/uploads\/2017\/06\/rsz_ben_carson_by_gage_skidmore_4.jpg","datePublished":"2015-05-05T04:00:00+00:00","author":{"@id":"https:\/\/interamerica.org\/fr\/#\/schema\/person\/68ede8bdc292885bb76c1e3810e73c39"},"breadcrumb":{"@id":"https:\/\/interamerica.org\/fr\/2015\/05\/leglise-adventiste-en-amerique-du-nord-publie-un-communique-au-sujet-de-la-candidature-de-ben-carson-a-la-presidence-des-etats-unis\/#breadcrumb"},"inLanguage":"fr-FR","potentialAction":[{"@type":"ReadAction","target":["https:\/\/interamerica.org\/fr\/2015\/05\/leglise-adventiste-en-amerique-du-nord-publie-un-communique-au-sujet-de-la-candidature-de-ben-carson-a-la-presidence-des-etats-unis\/"]}]},{"@type":"ImageObject","inLanguage":"fr-FR","@id":"https:\/\/interamerica.org\/fr\/2015\/05\/leglise-adventiste-en-amerique-du-nord-publie-un-communique-au-sujet-de-la-candidature-de-ben-carson-a-la-presidence-des-etats-unis\/#primaryimage","url":"https:\/\/interamerica.org\/wp-content\/uploads\/2017\/06\/rsz_ben_carson_by_gage_skidmore_4.jpg","contentUrl":"https:\/\/interamerica.org\/wp-content\/uploads\/2017\/06\/rsz_ben_carson_by_gage_skidmore_4.jpg","width":1000,"height":503},{"@type":"BreadcrumbList","@id":"https:\/\/interamerica.org\/fr\/2015\/05\/leglise-adventiste-en-amerique-du-nord-publie-un-communique-au-sujet-de-la-candidature-de-ben-carson-a-la-presidence-des-etats-unis\/#breadcrumb","itemListElement":[{"@type":"ListItem","position":1,"name":"Home","item":"https:\/\/interamerica.org\/fr\/"},{"@type":"ListItem","position":2,"name":"L\u2019Eglise Adventiste en Am\u00e9rique du Nord publie un communiqu\u00e9 au sujet de la candidature de Ben Carson \u00e0 la pr\u00e9sidence des Etats Unis"}]},{"@type":"WebSite","@id":"https:\/\/interamerica.org\/fr\/#website","url":"https:\/\/interamerica.org\/fr\/","name":"\u00c9glise Adventiste Du Septieme Jour - Inter Am\u00e9rique Division","description":"","potentialAction":[{"@type":"SearchAction","target":{"@type":"EntryPoint","urlTemplate":"https:\/\/interamerica.org\/fr\/?s={search_term_string}"},"query-input":{"@type":"PropertyValueSpecification","valueRequired":true,"valueName":"search_term_string"}}],"inLanguage":"fr-FR"},{"@type":"Person","@id":"https:\/\/interamerica.org\/fr\/#\/schema\/person\/68ede8bdc292885bb76c1e3810e73c39","name":"Lorenzo Verduzco","image":{"@type":"ImageObject","inLanguage":"fr-FR","@id":"https:\/\/secure.gravatar.com\/avatar\/fb81a55b6218459490a9c1dc841a34909185b81904c5337b4b27f7a6fd60c49e?s=96&d=mm&r=g","url":"https:\/\/secure.gravatar.com\/avatar\/fb81a55b6218459490a9c1dc841a34909185b81904c5337b4b27f7a6fd60c49e?s=96&d=mm&r=g","contentUrl":"https:\/\/secure.gravatar.com\/avatar\/fb81a55b6218459490a9c1dc841a34909185b81904c5337b4b27f7a6fd60c49e?s=96&d=mm&r=g","caption":"Lorenzo Verduzco"}}]}},"_links":{"self":[{"href":"https:\/\/interamerica.org\/fr\/wp-json\/wp\/v2\/posts\/32259","targetHints":{"allow":["GET"]}}],"collection":[{"href":"https:\/\/interamerica.org\/fr\/wp-json\/wp\/v2\/posts"}],"about":[{"href":"https:\/\/interamerica.org\/fr\/wp-json\/wp\/v2\/types\/post"}],"author":[{"embeddable":true,"href":"https:\/\/interamerica.org\/fr\/wp-json\/wp\/v2\/users\/1"}],"replies":[{"embeddable":true,"href":"https:\/\/interamerica.org\/fr\/wp-json\/wp\/v2\/comments?post=32259"}],"version-history":[{"count":0,"href":"https:\/\/interamerica.org\/fr\/wp-json\/wp\/v2\/posts\/32259\/revisions"}],"wp:featuredmedia":[{"embeddable":true,"href":"https:\/\/interamerica.org\/fr\/wp-json\/wp\/v2\/media\/25177"}],"wp:attachment":[{"href":"https:\/\/interamerica.org\/fr\/wp-json\/wp\/v2\/media?parent=32259"}],"wp:term":[{"taxonomy":"category","embeddable":true,"href":"https:\/\/interamerica.org\/fr\/wp-json\/wp\/v2\/categories?post=32259"},{"taxonomy":"post_tag","embeddable":true,"href":"https:\/\/interamerica.org\/fr\/wp-json\/wp\/v2\/tags?post=32259"}],"curies":[{"name":"wp","href":"https:\/\/api.w.org\/{rel}","templated":true}]}}