{"id":32261,"date":"2015-05-07T00:00:00","date_gmt":"2015-05-07T04:00:00","guid":{"rendered":"http:\/\/192.81.217.108\/interamerica\/2015\/05\/a-porto-rico-des-centaines-dacteurs-de-la-communication-invites-a-etre-des-disciples-creatifs-dans-leurs-communautes\/"},"modified":"2015-05-07T00:00:00","modified_gmt":"2015-05-07T04:00:00","slug":"a-porto-rico-des-centaines-dacteurs-de-la-communication-invites-a-etre-des-disciples-creatifs-dans-leurs-communautes","status":"publish","type":"post","link":"https:\/\/interamerica.org\/fr\/2015\/05\/a-porto-rico-des-centaines-dacteurs-de-la-communication-invites-a-etre-des-disciples-creatifs-dans-leurs-communautes\/","title":{"rendered":"A Porto Rico, des centaines d\u2019acteurs de la communication invit\u00e9s \u00e0 \u00eatre des disciples cr\u00e9atifs dans leurs communaut\u00e9s"},"content":{"rendered":"<div id=\"attachment_16725\" style=\"width: 410px\" class=\"wp-caption alignright\"><a href=\"\/interamerica\/wp-content\/uploads\/2017\/06\/COMMSUMMIT-EPRC.png\" rel=\"fancybox\" title=\"A Porto Rico, des centaines d\u2019acteurs de la communication invit\u00e9s \u00e0 \u00eatre des disciples cr\u00e9atifs dans leurs communaut\u00e9s\"><img fetchpriority=\"high\" decoding=\"async\" aria-describedby=\"caption-attachment-16725\" class=\"size-full wp-image-16725\" src=\"\/interamerica\/wp-content\/uploads\/2017\/06\/COMMSUMMIT-EPRC.png\" alt=\"\" width=\"400\" height=\"300\" \/><\/a><p id=\"caption-attachment-16725\" class=\"wp-caption-text\">Plus de 350 Adventistes, acteurs de la communication, venus de l\u2019Est de Porto Rico et du reste de l\u2019ile se sont r\u00e9unis \u00e0 l\u2019Auditorium des Jeunes Eliezer Melendez \u00e0 l\u2019occasion du Sommet de la Communication organis\u00e9 par l\u2019\u00e9glise \u00e0 San Juan, porto Rico du 1er au 3 mai 2015. Image de la F\u00e9d\u00e9ration Est de Porto Rico.<\/p><\/div>\n<p>6 Mai 2015 \u2013 San Juan, Porto Rico \u2013 Libna Stevens\/DIA<\/p>\n<p>Plus de 350 acteurs de la communication venus de tout le territoire de l\u2019Eglise Adventiste du Septi\u00e8me Jour \u00e0 Porto Rico, se sont r\u00e9unis le weekend dernier pour \u00e9largir leur champ de connaissance en mati\u00e8re de communication et de technologie.<\/p>\n<p>Le rassemblement constituait le troisi\u00e8me programme de certification annuel organis\u00e9 pour l\u2019ensemble du territoire par l\u2019Eglise Adventiste dans l\u2019Est de Porto Rico dans le but d\u2019\u00e9quiper les acteurs de la communication avec 30 heures de formation. L\u2019ann\u00e9e prochaine, le programme annuel permettra d\u2019achever les 120 heures n\u00e9cessaires au programme de certification, a d\u00e9clar\u00e9 pasteur David Sebastian, directeur de la communication pour l\u2019Eglise Adventiste dans l\u2019Est de Porto Rico et principal organisateur.<\/p>\n<p>\u00ab Notre objectif avec ce programme est de continuer \u00e0 mettre en lumi\u00e8re l\u2019importance de la mise en r\u00e9seau parmi les acteurs de la communication dans toute l\u2019ile afin de continuer d\u2019\u00eatre des disciples cr\u00e9atifs unis afin de pr\u00e9senter une image favorable de l\u2019\u00e9glise proclamant l\u2019esp\u00e9rance dans laquelle nous croyons, \u00bb a dit pasteur Sebastian.<\/p>\n<p>La communaut\u00e9 c\u2019est notre client, et nous voulons nous assurer qu\u2019il y a un flot d\u2019attention, d\u2019amour Chr\u00e9tien, afin d\u2019\u00eatre efficace en tant qu\u2019acteurs de la communication, \u00bb a t-il ajout\u00e9.<\/p>\n<div id=\"attachment_16726\" style=\"width: 410px\" class=\"wp-caption alignleft\"><a href=\"\/interamerica\/wp-content\/uploads\/2017\/06\/HardingPR.png\" rel=\"fancybox\" title=\"A Porto Rico, des centaines d\u2019acteurs de la communication invit\u00e9s \u00e0 \u00eatre des disciples cr\u00e9atifs dans leurs communaut\u00e9s\"><img decoding=\"async\" aria-describedby=\"caption-attachment-16726\" class=\"size-full wp-image-16726\" src=\"\/interamerica\/wp-content\/uploads\/2017\/06\/HardingPR.png\" alt=\"\" width=\"400\" height=\"265\" \/><\/a><p id=\"caption-attachment-16726\" class=\"wp-caption-text\">Brent Hardinge, web master \u00e0 l\u2019Eglise Adventiste mondiale, tient un s\u00e9minaire sur la communication num\u00e9rique.<\/p><\/div>\n<p>L\u2019intervenant principal, Brent Hardinge, web master de l\u2019Eglise Adventiste mondiale bas\u00e9e dans le Maryland aux Etats Unis, a invit\u00e9 les acteurs de la communication \u00e0 \u00eatre intentionnels dans tout ce qu\u2019ils disent verbalement et par le biais du clavier alors qu\u2019ils communiquent num\u00e9riquement.<\/p>\n<p>\u00ab Nous vivons dans une soci\u00e9t\u00e9 riche en images, ainsi donc, lorsque nous communiquons le message de la Bible, montrez sa pleine beaut\u00e9 de mani\u00e8re visuelle, \u00bb a dit Brent Hardinge. Ce dernier a encourag\u00e9 les acteurs de la communication \u00e0 adopter les nouvelles technologies et rappel\u00e9 que chaque membre a la responsabilit\u00e9 de communiquer l\u2019\u00e9vangile.<\/p>\n<p>\u00ab Si vous pouvez parler, \u00e9crire, ou utiliser un clavier, alors vous \u00eates un acteur de la communication, \u00bb a t-il dit.<\/p>\n<p>Encourager un r\u00e9seau d\u2019acteurs de la communication est une initiative lanc\u00e9e depuis des ann\u00e9es et dont toute l\u2019importance a \u00e9t\u00e9 mesur\u00e9e par les administrateurs et les leaders de l\u2019\u00e9glise, a dit pasteur Julio Javier, directeur de la communication pour l\u2019Eglise Adventiste \u00e0 Porto Rico.<\/p>\n<p>Julio Javier a pr\u00e9sent\u00e9 un exercice interactif \u00e0 travers lequel les acteurs de la communication ont m\u00e9lang\u00e9 leurs id\u00e9es et initiatives pour la proclamation de l\u2019\u00e9vangile en jetant plusieurs rouleaux de fil de laine qui ont \u00e9t\u00e9 d\u00e9roul\u00e9s pour passer \u00e0 travers tout l\u2019auditorium. Il a aussi parl\u00e9 des activit\u00e9s et initiatives dans lesquelles l\u2019\u00e9glise sera impliqu\u00e9e alors qu\u2019ils commencent \u00e0 s\u2019organiser pour produire des programmes de t\u00e9l\u00e9vision pour Hope Channel Inter Am\u00e9rique.<\/p>\n<div id=\"attachment_16727\" style=\"width: 410px\" class=\"wp-caption alignleft\"><a href=\"\/interamerica\/wp-content\/uploads\/2017\/06\/Charito400.png\" rel=\"fancybox\" title=\"A Porto Rico, des centaines d\u2019acteurs de la communication invit\u00e9s \u00e0 \u00eatre des disciples cr\u00e9atifs dans leurs communaut\u00e9s\"><img decoding=\"async\" aria-describedby=\"caption-attachment-16727\" class=\"size-full wp-image-16727\" src=\"\/interamerica\/wp-content\/uploads\/2017\/06\/Charito400.png\" alt=\"\" width=\"400\" height=\"292\" \/><\/a><p id=\"caption-attachment-16727\" class=\"wp-caption-text\">Pasteur Oreste Natera (au centre) remet un prix \u00e0 une journaliste remarquable de Porto Rico, Charito Fraticelli (\u00e0 droite), pour sa contribution positive dans la soci\u00e9t\u00e9, sous les yeux de pasteur David Sebastian (\u00e0 gauche), directeur de la communication dans l\u2019Est de Porto Rico.<\/p><\/div>\n<p>Les organisateurs ont remis un prix \u00e0 Charito Fraticelli, une journaliste remarquable, reconnue au niveau national, pour sa contribution faite au pays au cours de ses nombreuses ann\u00e9es o\u00f9 elle a \u0153uvr\u00e9 comme une journaliste de confiance faisant des reportages sur des questions positives qui b\u00e9n\u00e9ficient \u00e0 la soci\u00e9t\u00e9 y compris des initiatives communautaires organis\u00e9es par l\u2019\u00e9glise.<\/p>\n<p>Pasteur Jose Alberto Rodriguez, pr\u00e9sident de l\u2019Eglise Adventiste \u00e0 Porto Rico, a remerci\u00e9 Charito Fraticelli, a pri\u00e9 pour elle, son travail et sa famille.<\/p>\n<p>Pasteur Rodriguez a pr\u00e9sent\u00e9 le message spirituel le 2 mai.<\/p>\n<p>\u00ab Il y a de la puissance dans l\u2019\u00e9vangile, \u00bb a affirm\u00e9 pasteur Rodriguez. \u00ab Laissez Dieu toucher vos vies, vos ordinateurs, afin que vous soyez des instruments de paix. \u00bb<\/p>\n<p>Nancy Gonzalez, de l\u2019\u00e9glise Adventiste de La Ceiba, fait partie des acteurs de la communication venus pour la troisi\u00e8me ann\u00e9e cons\u00e9cutive prendre part \u00e0 la formation \u00e0 l\u2019occasion du sommet. En tant que professionnelle travaillant \u00e0 la chambre de commerce, elle est passionn\u00e9e par l\u2019id\u00e9e d\u2019entrer en contact avec la communaut\u00e9 et de coordonner des programmes dans la communaut\u00e9 dans son \u00e9glise.<\/p>\n<p>Nancy Gonzalez a organis\u00e9 un programme d\u2019observation des \u00e9toiles dans sa communaut\u00e9 et a pr\u00e9sent\u00e9 la s\u00e9rie Cr\u00e9ation, produite par l\u2019Eglise Adventiste. La s\u00e9rie a donn\u00e9 l\u2019occasion \u00e0 un astronome de diriger le programme d\u2019observation des astres. Elle a aussi organis\u00e9 avec son \u00e9glise une expo sant\u00e9 avec une emphase sur les soins d\u2019urgence, ce programme a d\u2019ailleurs \u00e9t\u00e9 couvert par le journal r\u00e9gional dans l\u2019est de Porto Rico.<\/p>\n<p>\u00ab Il s\u2019agit essentiellement de concentrer nos \u00e9nergies en tant que disciples cr\u00e9atifs afin de communiquer le message du Christ, quelque chose qui a vraiment r\u00e9sonn\u00e9 ce weekend et avec quoi je vais partir d\u2019ici, \u00bb a dit Nancy Gonzalez qui s\u2019est jointe \u00e0 l\u2019Eglise Adventiste il y a seulement trois ans.<\/p>\n<p>Criseida Contreras, une enseignante \u00e0 l\u2019Ecole M\u00e9tropolitaine Adventiste \u00e0 San Juan ressent la m\u00eame passion que Nancy Gonzalez. Elle est directrice de la communication \u00e0 l\u2019\u00e9glise Adventiste de Sabana Llana toute proche et est d\u00e9termin\u00e9e \u00e0 partager davantage des activit\u00e9s qui se d\u00e9roulent dans son \u00e9glise et sa communaut\u00e9.<\/p>\n<div id=\"attachment_16729\" style=\"width: 410px\" class=\"wp-caption alignleft\"><a href=\"\/interamerica\/wp-content\/uploads\/2017\/06\/JulioJavier1.png\" rel=\"fancybox\" title=\"A Porto Rico, des centaines d\u2019acteurs de la communication invit\u00e9s \u00e0 \u00eatre des disciples cr\u00e9atifs dans leurs communaut\u00e9s\"><img loading=\"lazy\" decoding=\"async\" aria-describedby=\"caption-attachment-16729\" class=\"size-full wp-image-16729\" src=\"\/interamerica\/wp-content\/uploads\/2017\/06\/JulioJavier1.png\" alt=\"\" width=\"400\" height=\"265\" \/><\/a><p id=\"caption-attachment-16729\" class=\"wp-caption-text\">Pasteur Julio Javier, directeur de la communication pour l\u2019Eglise Adventiste \u00e0 Porto Rico, fait participer les acteurs de la communication en les amenant \u00e0 imaginer des fa\u00e7ons cr\u00e9atives d\u2019entrer en contact avec la communaut\u00e9.<\/p><\/div>\n<p>\u00ab Nous avons vraiment beaucoup d\u2019outils disponibles et il est important de partager les fa\u00e7ons cr\u00e9atives de proclamer l\u2019\u00e9vangile, de telle sorte que les autres puissent \u00eatre inspir\u00e9s \u00e0 produire un impact positif dans leurs communaut\u00e9s, \u00bb a d\u00e9clar\u00e9 Criseida Contreras, qui apr\u00e8s avoir particip\u00e9 \u00e0 un s\u00e9minaire sur la r\u00e9daction des informations, a r\u00e9alis\u00e9 l\u2019impact que peut avoir dans la communaut\u00e9 le partage d\u2019articles d\u2019information sur les activit\u00e9s et les initiatives de l\u2019\u00e9glise.<\/p>\n<p>Le sommet a propos\u00e9 une formation sur le d\u00e9veloppement des m\u00e9dias d\u2019information, sur les blogs, les m\u00e9dias sociaux, le montage vid\u00e9o, la r\u00e9daction d\u2019information, les arts graphiques, les relations avec les m\u00e9dias, la diffusion radio, l\u2019organisation de programmes cr\u00e9atifs et bien plus encore.<\/p>\n<p>Le programme, approuv\u00e9 par la Soci\u00e9t\u00e9 des Acteurs Adventistes de la Communication en Inter Am\u00e9rique a servi \u00e0 motiver les participants \u00e0 rejoindre le r\u00e9seau professionnel des acteurs de la communication.<\/p>\n<p>Pour en savoir plus sur le Sommet de la Communication de l\u2019Est de Porto Rico, cliquez <a href=\"http:\/\/www.asociacionadventistadeleste.com\">ICI<\/a><\/p>\n<p>Pour voir des photos du programme, cliquez <a href=\"https:\/\/www.facebook.com\/575638889132692\/photos\/ms.c.eJxFz8kNRDEMAtCORt7w0n9jE8X65PoEyFaRAhyCCTXLn35gKdXjH8SMVSCFibyJLkLdBGyhxIDxAfTBqaRpE~;xUrDsJsyAfuFyoIegdDRBiEw~;qJvxVahM8zHuBh4VvxQl7ur~;EjhpHYzeSCeyl2EQKOk8FM0Ko874l8g8CYEtr.bps.a.1007553452607898.1073741993.575638889132692\/1007553505941226\/?type=1&amp;theater\">ICI<\/a><\/p>\n<p>Traduction: Patrick Luciathe<\/p>\n","protected":false},"excerpt":{"rendered":"<p>Plus de 350 acteurs de la communication venus de tout le territoire de l\u2019Eglise Adventiste du Septi\u00e8me Jour \u00e0 Porto Rico, se sont r\u00e9unis le weekend dernier pour \u00e9largir leur champ de connaissance en mati\u00e8re de communication et de technologie.  <\/p>\n<p>Le rassemblement constituait le troisi\u00e8me programme de certification annuel organis\u00e9 pour l\u2019ensemble du territoire par l\u2019Eglise Adventiste dans l\u2019Est de Porto Rico dans le but d\u2019\u00e9quiper les acteurs de la communication avec 30 heures de formation.<\/p>\n","protected":false},"author":1,"featured_media":25210,"comment_status":"closed","ping_status":"closed","sticky":false,"template":"","format":"standard","meta":{"_acf_changed":false,"footnotes":""},"categories":[21,19],"tags":[],"class_list":["post-32261","post","type-post","status-publish","format-standard","has-post-thumbnail","hentry","category-nouvelles-du-territoire","category-rss-francais"],"acf":[],"yoast_head":"<!-- This site is optimized with the Yoast SEO plugin v27.3 - https:\/\/yoast.com\/product\/yoast-seo-wordpress\/ -->\n<title>A Porto Rico, des centaines d\u2019acteurs de la communication invit\u00e9s \u00e0 \u00eatre des disciples cr\u00e9atifs dans leurs communaut\u00e9s - \u00c9glise Adventiste Du Septieme Jour - Inter Am\u00e9rique Division<\/title>\n<meta name=\"robots\" content=\"index, follow, max-snippet:-1, max-image-preview:large, max-video-preview:-1\" \/>\n<link rel=\"canonical\" href=\"https:\/\/interamerica.org\/fr\/2015\/05\/a-porto-rico-des-centaines-dacteurs-de-la-communication-invites-a-etre-des-disciples-creatifs-dans-leurs-communautes\/\" \/>\n<meta property=\"og:locale\" content=\"fr_FR\" \/>\n<meta property=\"og:type\" content=\"article\" \/>\n<meta property=\"og:title\" content=\"A Porto Rico, des centaines d\u2019acteurs de la communication invit\u00e9s \u00e0 \u00eatre des disciples cr\u00e9atifs dans leurs communaut\u00e9s - \u00c9glise Adventiste Du Septieme Jour - Inter Am\u00e9rique Division\" \/>\n<meta property=\"og:description\" content=\"Plus de 350 acteurs de la communication venus de tout le territoire de l\u2019Eglise Adventiste du Septi\u00e8me Jour \u00e0 Porto Rico, se sont r\u00e9unis le weekend dernier pour \u00e9largir leur champ de connaissance en mati\u00e8re de communication et de technologie.  Le rassemblement constituait le troisi\u00e8me programme de certification annuel organis\u00e9 pour l\u2019ensemble du territoire par l\u2019Eglise Adventiste dans l\u2019Est de Porto Rico dans le but d\u2019\u00e9quiper les acteurs de la communication avec 30 heures de formation.\" \/>\n<meta property=\"og:url\" content=\"https:\/\/interamerica.org\/fr\/2015\/05\/a-porto-rico-des-centaines-dacteurs-de-la-communication-invites-a-etre-des-disciples-creatifs-dans-leurs-communautes\/\" \/>\n<meta property=\"og:site_name\" content=\"\u00c9glise Adventiste Du Septieme Jour - Inter Am\u00e9rique Division\" \/>\n<meta property=\"article:published_time\" content=\"2015-05-07T04:00:00+00:00\" \/>\n<meta property=\"og:image\" content=\"https:\/\/interamerica.org\/wp-content\/uploads\/2017\/06\/PURU-communicators300.png\" \/>\n\t<meta property=\"og:image:width\" content=\"300\" \/>\n\t<meta property=\"og:image:height\" content=\"225\" \/>\n\t<meta property=\"og:image:type\" content=\"image\/png\" \/>\n<meta name=\"author\" content=\"Lorenzo Verduzco\" \/>\n<meta name=\"twitter:card\" content=\"summary_large_image\" \/>\n<meta name=\"twitter:label1\" content=\"\u00c9crit par\" \/>\n\t<meta name=\"twitter:data1\" content=\"Lorenzo Verduzco\" \/>\n\t<meta name=\"twitter:label2\" content=\"Dur\u00e9e de lecture estim\u00e9e\" \/>\n\t<meta name=\"twitter:data2\" content=\"6 minutes\" \/>\n<script type=\"application\/ld+json\" class=\"yoast-schema-graph\">{\"@context\":\"https:\\\/\\\/schema.org\",\"@graph\":[{\"@type\":\"Article\",\"@id\":\"https:\\\/\\\/interamerica.org\\\/fr\\\/2015\\\/05\\\/a-porto-rico-des-centaines-dacteurs-de-la-communication-invites-a-etre-des-disciples-creatifs-dans-leurs-communautes\\\/#article\",\"isPartOf\":{\"@id\":\"https:\\\/\\\/interamerica.org\\\/fr\\\/2015\\\/05\\\/a-porto-rico-des-centaines-dacteurs-de-la-communication-invites-a-etre-des-disciples-creatifs-dans-leurs-communautes\\\/\"},\"author\":{\"name\":\"Lorenzo Verduzco\",\"@id\":\"https:\\\/\\\/interamerica.org\\\/fr\\\/#\\\/schema\\\/person\\\/68ede8bdc292885bb76c1e3810e73c39\"},\"headline\":\"A Porto Rico, des centaines d\u2019acteurs de la communication invit\u00e9s \u00e0 \u00eatre des disciples cr\u00e9atifs dans leurs communaut\u00e9s\",\"datePublished\":\"2015-05-07T04:00:00+00:00\",\"mainEntityOfPage\":{\"@id\":\"https:\\\/\\\/interamerica.org\\\/fr\\\/2015\\\/05\\\/a-porto-rico-des-centaines-dacteurs-de-la-communication-invites-a-etre-des-disciples-creatifs-dans-leurs-communautes\\\/\"},\"wordCount\":1274,\"image\":{\"@id\":\"https:\\\/\\\/interamerica.org\\\/fr\\\/2015\\\/05\\\/a-porto-rico-des-centaines-dacteurs-de-la-communication-invites-a-etre-des-disciples-creatifs-dans-leurs-communautes\\\/#primaryimage\"},\"thumbnailUrl\":\"https:\\\/\\\/interamerica.org\\\/wp-content\\\/uploads\\\/2017\\\/06\\\/PURU-communicators300.png\",\"articleSection\":[\"Nouvelles du territoire\",\"RSS Fran\u00e7ais\"],\"inLanguage\":\"fr-FR\"},{\"@type\":\"WebPage\",\"@id\":\"https:\\\/\\\/interamerica.org\\\/fr\\\/2015\\\/05\\\/a-porto-rico-des-centaines-dacteurs-de-la-communication-invites-a-etre-des-disciples-creatifs-dans-leurs-communautes\\\/\",\"url\":\"https:\\\/\\\/interamerica.org\\\/fr\\\/2015\\\/05\\\/a-porto-rico-des-centaines-dacteurs-de-la-communication-invites-a-etre-des-disciples-creatifs-dans-leurs-communautes\\\/\",\"name\":\"A Porto Rico, des centaines d\u2019acteurs de la communication invit\u00e9s \u00e0 \u00eatre des disciples cr\u00e9atifs dans leurs communaut\u00e9s - \u00c9glise Adventiste Du Septieme Jour - Inter Am\u00e9rique Division\",\"isPartOf\":{\"@id\":\"https:\\\/\\\/interamerica.org\\\/fr\\\/#website\"},\"primaryImageOfPage\":{\"@id\":\"https:\\\/\\\/interamerica.org\\\/fr\\\/2015\\\/05\\\/a-porto-rico-des-centaines-dacteurs-de-la-communication-invites-a-etre-des-disciples-creatifs-dans-leurs-communautes\\\/#primaryimage\"},\"image\":{\"@id\":\"https:\\\/\\\/interamerica.org\\\/fr\\\/2015\\\/05\\\/a-porto-rico-des-centaines-dacteurs-de-la-communication-invites-a-etre-des-disciples-creatifs-dans-leurs-communautes\\\/#primaryimage\"},\"thumbnailUrl\":\"https:\\\/\\\/interamerica.org\\\/wp-content\\\/uploads\\\/2017\\\/06\\\/PURU-communicators300.png\",\"datePublished\":\"2015-05-07T04:00:00+00:00\",\"author\":{\"@id\":\"https:\\\/\\\/interamerica.org\\\/fr\\\/#\\\/schema\\\/person\\\/68ede8bdc292885bb76c1e3810e73c39\"},\"breadcrumb\":{\"@id\":\"https:\\\/\\\/interamerica.org\\\/fr\\\/2015\\\/05\\\/a-porto-rico-des-centaines-dacteurs-de-la-communication-invites-a-etre-des-disciples-creatifs-dans-leurs-communautes\\\/#breadcrumb\"},\"inLanguage\":\"fr-FR\",\"potentialAction\":[{\"@type\":\"ReadAction\",\"target\":[\"https:\\\/\\\/interamerica.org\\\/fr\\\/2015\\\/05\\\/a-porto-rico-des-centaines-dacteurs-de-la-communication-invites-a-etre-des-disciples-creatifs-dans-leurs-communautes\\\/\"]}]},{\"@type\":\"ImageObject\",\"inLanguage\":\"fr-FR\",\"@id\":\"https:\\\/\\\/interamerica.org\\\/fr\\\/2015\\\/05\\\/a-porto-rico-des-centaines-dacteurs-de-la-communication-invites-a-etre-des-disciples-creatifs-dans-leurs-communautes\\\/#primaryimage\",\"url\":\"https:\\\/\\\/interamerica.org\\\/wp-content\\\/uploads\\\/2017\\\/06\\\/PURU-communicators300.png\",\"contentUrl\":\"https:\\\/\\\/interamerica.org\\\/wp-content\\\/uploads\\\/2017\\\/06\\\/PURU-communicators300.png\",\"width\":300,\"height\":225},{\"@type\":\"BreadcrumbList\",\"@id\":\"https:\\\/\\\/interamerica.org\\\/fr\\\/2015\\\/05\\\/a-porto-rico-des-centaines-dacteurs-de-la-communication-invites-a-etre-des-disciples-creatifs-dans-leurs-communautes\\\/#breadcrumb\",\"itemListElement\":[{\"@type\":\"ListItem\",\"position\":1,\"name\":\"Home\",\"item\":\"https:\\\/\\\/interamerica.org\\\/fr\\\/\"},{\"@type\":\"ListItem\",\"position\":2,\"name\":\"A Porto Rico, des centaines d\u2019acteurs de la communication invit\u00e9s \u00e0 \u00eatre des disciples cr\u00e9atifs dans leurs communaut\u00e9s\"}]},{\"@type\":\"WebSite\",\"@id\":\"https:\\\/\\\/interamerica.org\\\/fr\\\/#website\",\"url\":\"https:\\\/\\\/interamerica.org\\\/fr\\\/\",\"name\":\"\u00c9glise Adventiste Du Septieme Jour - Inter Am\u00e9rique Division\",\"description\":\"\",\"potentialAction\":[{\"@type\":\"SearchAction\",\"target\":{\"@type\":\"EntryPoint\",\"urlTemplate\":\"https:\\\/\\\/interamerica.org\\\/fr\\\/?s={search_term_string}\"},\"query-input\":{\"@type\":\"PropertyValueSpecification\",\"valueRequired\":true,\"valueName\":\"search_term_string\"}}],\"inLanguage\":\"fr-FR\"},{\"@type\":\"Person\",\"@id\":\"https:\\\/\\\/interamerica.org\\\/fr\\\/#\\\/schema\\\/person\\\/68ede8bdc292885bb76c1e3810e73c39\",\"name\":\"Lorenzo Verduzco\",\"image\":{\"@type\":\"ImageObject\",\"inLanguage\":\"fr-FR\",\"@id\":\"https:\\\/\\\/secure.gravatar.com\\\/avatar\\\/fb81a55b6218459490a9c1dc841a34909185b81904c5337b4b27f7a6fd60c49e?s=96&d=mm&r=g\",\"url\":\"https:\\\/\\\/secure.gravatar.com\\\/avatar\\\/fb81a55b6218459490a9c1dc841a34909185b81904c5337b4b27f7a6fd60c49e?s=96&d=mm&r=g\",\"contentUrl\":\"https:\\\/\\\/secure.gravatar.com\\\/avatar\\\/fb81a55b6218459490a9c1dc841a34909185b81904c5337b4b27f7a6fd60c49e?s=96&d=mm&r=g\",\"caption\":\"Lorenzo Verduzco\"}}]}<\/script>\n<!-- \/ Yoast SEO plugin. -->","yoast_head_json":{"title":"A Porto Rico, des centaines d\u2019acteurs de la communication invit\u00e9s \u00e0 \u00eatre des disciples cr\u00e9atifs dans leurs communaut\u00e9s - \u00c9glise Adventiste Du Septieme Jour - Inter Am\u00e9rique Division","robots":{"index":"index","follow":"follow","max-snippet":"max-snippet:-1","max-image-preview":"max-image-preview:large","max-video-preview":"max-video-preview:-1"},"canonical":"https:\/\/interamerica.org\/fr\/2015\/05\/a-porto-rico-des-centaines-dacteurs-de-la-communication-invites-a-etre-des-disciples-creatifs-dans-leurs-communautes\/","og_locale":"fr_FR","og_type":"article","og_title":"A Porto Rico, des centaines d\u2019acteurs de la communication invit\u00e9s \u00e0 \u00eatre des disciples cr\u00e9atifs dans leurs communaut\u00e9s - \u00c9glise Adventiste Du Septieme Jour - Inter Am\u00e9rique Division","og_description":"Plus de 350 acteurs de la communication venus de tout le territoire de l\u2019Eglise Adventiste du Septi\u00e8me Jour \u00e0 Porto Rico, se sont r\u00e9unis le weekend dernier pour \u00e9largir leur champ de connaissance en mati\u00e8re de communication et de technologie.  Le rassemblement constituait le troisi\u00e8me programme de certification annuel organis\u00e9 pour l\u2019ensemble du territoire par l\u2019Eglise Adventiste dans l\u2019Est de Porto Rico dans le but d\u2019\u00e9quiper les acteurs de la communication avec 30 heures de formation.","og_url":"https:\/\/interamerica.org\/fr\/2015\/05\/a-porto-rico-des-centaines-dacteurs-de-la-communication-invites-a-etre-des-disciples-creatifs-dans-leurs-communautes\/","og_site_name":"\u00c9glise Adventiste Du Septieme Jour - Inter Am\u00e9rique Division","article_published_time":"2015-05-07T04:00:00+00:00","og_image":[{"width":300,"height":225,"url":"https:\/\/interamerica.org\/wp-content\/uploads\/2017\/06\/PURU-communicators300.png","type":"image\/png"}],"author":"Lorenzo Verduzco","twitter_card":"summary_large_image","twitter_misc":{"\u00c9crit par":"Lorenzo Verduzco","Dur\u00e9e de lecture estim\u00e9e":"6 minutes"},"schema":{"@context":"https:\/\/schema.org","@graph":[{"@type":"Article","@id":"https:\/\/interamerica.org\/fr\/2015\/05\/a-porto-rico-des-centaines-dacteurs-de-la-communication-invites-a-etre-des-disciples-creatifs-dans-leurs-communautes\/#article","isPartOf":{"@id":"https:\/\/interamerica.org\/fr\/2015\/05\/a-porto-rico-des-centaines-dacteurs-de-la-communication-invites-a-etre-des-disciples-creatifs-dans-leurs-communautes\/"},"author":{"name":"Lorenzo Verduzco","@id":"https:\/\/interamerica.org\/fr\/#\/schema\/person\/68ede8bdc292885bb76c1e3810e73c39"},"headline":"A Porto Rico, des centaines d\u2019acteurs de la communication invit\u00e9s \u00e0 \u00eatre des disciples cr\u00e9atifs dans leurs communaut\u00e9s","datePublished":"2015-05-07T04:00:00+00:00","mainEntityOfPage":{"@id":"https:\/\/interamerica.org\/fr\/2015\/05\/a-porto-rico-des-centaines-dacteurs-de-la-communication-invites-a-etre-des-disciples-creatifs-dans-leurs-communautes\/"},"wordCount":1274,"image":{"@id":"https:\/\/interamerica.org\/fr\/2015\/05\/a-porto-rico-des-centaines-dacteurs-de-la-communication-invites-a-etre-des-disciples-creatifs-dans-leurs-communautes\/#primaryimage"},"thumbnailUrl":"https:\/\/interamerica.org\/wp-content\/uploads\/2017\/06\/PURU-communicators300.png","articleSection":["Nouvelles du territoire","RSS Fran\u00e7ais"],"inLanguage":"fr-FR"},{"@type":"WebPage","@id":"https:\/\/interamerica.org\/fr\/2015\/05\/a-porto-rico-des-centaines-dacteurs-de-la-communication-invites-a-etre-des-disciples-creatifs-dans-leurs-communautes\/","url":"https:\/\/interamerica.org\/fr\/2015\/05\/a-porto-rico-des-centaines-dacteurs-de-la-communication-invites-a-etre-des-disciples-creatifs-dans-leurs-communautes\/","name":"A Porto Rico, des centaines d\u2019acteurs de la communication invit\u00e9s \u00e0 \u00eatre des disciples cr\u00e9atifs dans leurs communaut\u00e9s - \u00c9glise Adventiste Du Septieme Jour - Inter Am\u00e9rique Division","isPartOf":{"@id":"https:\/\/interamerica.org\/fr\/#website"},"primaryImageOfPage":{"@id":"https:\/\/interamerica.org\/fr\/2015\/05\/a-porto-rico-des-centaines-dacteurs-de-la-communication-invites-a-etre-des-disciples-creatifs-dans-leurs-communautes\/#primaryimage"},"image":{"@id":"https:\/\/interamerica.org\/fr\/2015\/05\/a-porto-rico-des-centaines-dacteurs-de-la-communication-invites-a-etre-des-disciples-creatifs-dans-leurs-communautes\/#primaryimage"},"thumbnailUrl":"https:\/\/interamerica.org\/wp-content\/uploads\/2017\/06\/PURU-communicators300.png","datePublished":"2015-05-07T04:00:00+00:00","author":{"@id":"https:\/\/interamerica.org\/fr\/#\/schema\/person\/68ede8bdc292885bb76c1e3810e73c39"},"breadcrumb":{"@id":"https:\/\/interamerica.org\/fr\/2015\/05\/a-porto-rico-des-centaines-dacteurs-de-la-communication-invites-a-etre-des-disciples-creatifs-dans-leurs-communautes\/#breadcrumb"},"inLanguage":"fr-FR","potentialAction":[{"@type":"ReadAction","target":["https:\/\/interamerica.org\/fr\/2015\/05\/a-porto-rico-des-centaines-dacteurs-de-la-communication-invites-a-etre-des-disciples-creatifs-dans-leurs-communautes\/"]}]},{"@type":"ImageObject","inLanguage":"fr-FR","@id":"https:\/\/interamerica.org\/fr\/2015\/05\/a-porto-rico-des-centaines-dacteurs-de-la-communication-invites-a-etre-des-disciples-creatifs-dans-leurs-communautes\/#primaryimage","url":"https:\/\/interamerica.org\/wp-content\/uploads\/2017\/06\/PURU-communicators300.png","contentUrl":"https:\/\/interamerica.org\/wp-content\/uploads\/2017\/06\/PURU-communicators300.png","width":300,"height":225},{"@type":"BreadcrumbList","@id":"https:\/\/interamerica.org\/fr\/2015\/05\/a-porto-rico-des-centaines-dacteurs-de-la-communication-invites-a-etre-des-disciples-creatifs-dans-leurs-communautes\/#breadcrumb","itemListElement":[{"@type":"ListItem","position":1,"name":"Home","item":"https:\/\/interamerica.org\/fr\/"},{"@type":"ListItem","position":2,"name":"A Porto Rico, des centaines d\u2019acteurs de la communication invit\u00e9s \u00e0 \u00eatre des disciples cr\u00e9atifs dans leurs communaut\u00e9s"}]},{"@type":"WebSite","@id":"https:\/\/interamerica.org\/fr\/#website","url":"https:\/\/interamerica.org\/fr\/","name":"\u00c9glise Adventiste Du Septieme Jour - Inter Am\u00e9rique Division","description":"","potentialAction":[{"@type":"SearchAction","target":{"@type":"EntryPoint","urlTemplate":"https:\/\/interamerica.org\/fr\/?s={search_term_string}"},"query-input":{"@type":"PropertyValueSpecification","valueRequired":true,"valueName":"search_term_string"}}],"inLanguage":"fr-FR"},{"@type":"Person","@id":"https:\/\/interamerica.org\/fr\/#\/schema\/person\/68ede8bdc292885bb76c1e3810e73c39","name":"Lorenzo Verduzco","image":{"@type":"ImageObject","inLanguage":"fr-FR","@id":"https:\/\/secure.gravatar.com\/avatar\/fb81a55b6218459490a9c1dc841a34909185b81904c5337b4b27f7a6fd60c49e?s=96&d=mm&r=g","url":"https:\/\/secure.gravatar.com\/avatar\/fb81a55b6218459490a9c1dc841a34909185b81904c5337b4b27f7a6fd60c49e?s=96&d=mm&r=g","contentUrl":"https:\/\/secure.gravatar.com\/avatar\/fb81a55b6218459490a9c1dc841a34909185b81904c5337b4b27f7a6fd60c49e?s=96&d=mm&r=g","caption":"Lorenzo Verduzco"}}]}},"_links":{"self":[{"href":"https:\/\/interamerica.org\/fr\/wp-json\/wp\/v2\/posts\/32261","targetHints":{"allow":["GET"]}}],"collection":[{"href":"https:\/\/interamerica.org\/fr\/wp-json\/wp\/v2\/posts"}],"about":[{"href":"https:\/\/interamerica.org\/fr\/wp-json\/wp\/v2\/types\/post"}],"author":[{"embeddable":true,"href":"https:\/\/interamerica.org\/fr\/wp-json\/wp\/v2\/users\/1"}],"replies":[{"embeddable":true,"href":"https:\/\/interamerica.org\/fr\/wp-json\/wp\/v2\/comments?post=32261"}],"version-history":[{"count":0,"href":"https:\/\/interamerica.org\/fr\/wp-json\/wp\/v2\/posts\/32261\/revisions"}],"wp:featuredmedia":[{"embeddable":true,"href":"https:\/\/interamerica.org\/fr\/wp-json\/wp\/v2\/media\/25210"}],"wp:attachment":[{"href":"https:\/\/interamerica.org\/fr\/wp-json\/wp\/v2\/media?parent=32261"}],"wp:term":[{"taxonomy":"category","embeddable":true,"href":"https:\/\/interamerica.org\/fr\/wp-json\/wp\/v2\/categories?post=32261"},{"taxonomy":"post_tag","embeddable":true,"href":"https:\/\/interamerica.org\/fr\/wp-json\/wp\/v2\/tags?post=32261"}],"curies":[{"name":"wp","href":"https:\/\/api.w.org\/{rel}","templated":true}]}}