{"id":32262,"date":"2015-05-08T00:00:00","date_gmt":"2015-05-08T04:00:00","guid":{"rendered":"http:\/\/192.81.217.108\/interamerica\/2015\/05\/au-salvador-leglise-celebre-avec-les-membres-formes-a-la-verification-des-registres-deglise\/"},"modified":"2015-05-08T00:00:00","modified_gmt":"2015-05-08T04:00:00","slug":"au-salvador-leglise-celebre-avec-les-membres-formes-a-la-verification-des-registres-deglise","status":"publish","type":"post","link":"https:\/\/interamerica.org\/fr\/2015\/05\/au-salvador-leglise-celebre-avec-les-membres-formes-a-la-verification-des-registres-deglise\/","title":{"rendered":"Au Salvador, l\u2019\u00e9glise c\u00e9l\u00e8bre avec les membres form\u00e9s \u00e0 la v\u00e9rification des registres d\u2019\u00e9glise"},"content":{"rendered":"<div id=\"attachment_16757\" style=\"width: 586px\" class=\"wp-caption aligncenter\"><a href=\"\/interamerica\/wp-content\/uploads\/2017\/06\/16662262144_bfda9aa496_z.jpg\" rel=\"fancybox\" title=\"Au Salvador, l\u2019\u00e9glise c\u00e9l\u00e8bre avec les membres form\u00e9s \u00e0 la v\u00e9rification des registres d\u2019\u00e9glise\"><img fetchpriority=\"high\" decoding=\"async\" aria-describedby=\"caption-attachment-16757\" class=\" wp-image-16757 \" src=\"\/interamerica\/wp-content\/uploads\/2017\/06\/16662262144_bfda9aa496_z.jpg\" alt=\"\" width=\"576\" height=\"382\" \/><\/a><p id=\"caption-attachment-16757\" class=\"wp-caption-text\">Plus de 1700 secr\u00e9taires d\u2019\u00e9glise ainsi que les membres de leurs \u00e9quipes, venus des 708 \u00e9glises au Salvador et portant des ballons de couleur repr\u00e9sentant leur r\u00e9gion, se sont r\u00e9unis au Centre International de Ferias et de Conventions \u00e0 l\u2019occasion d\u2019un festival sp\u00e9cial organis\u00e9 \u00e0 San Salvador, au Salvador, le 19 avril 2015, pour c\u00e9l\u00e9brer les avanc\u00e9es r\u00e9alis\u00e9es en terme de v\u00e9rification des registres de membres. Image de Fabricio Rivera\/DIA<\/p><\/div>\n<p>8 Mai 2015 \u2013 San Salvador, Salvador \u2013 Fabricio Rivera\/DIA<\/p>\n<p>L\u2019Eglise Adventiste du Septi\u00e8me Jour au Salvador a r\u00e9cemment c\u00e9l\u00e9br\u00e9 le succ\u00e8s obtenu dans la formation de centaines de leaders et de membres qui v\u00e9rifient les registres d\u2019\u00e9glises dans les centaines d\u2019\u00e9glises locales du pays.<\/p>\n<div id=\"attachment_16758\" style=\"width: 394px\" class=\"wp-caption alignright\"><a href=\"\/interamerica\/wp-content\/uploads\/2017\/06\/17284630285_40a5b469f2_z.jpg\" rel=\"fancybox\" title=\"Au Salvador, l\u2019\u00e9glise c\u00e9l\u00e8bre avec les membres form\u00e9s \u00e0 la v\u00e9rification des registres d\u2019\u00e9glise\"><img decoding=\"async\" aria-describedby=\"caption-attachment-16758\" class=\" wp-image-16758 \" src=\"\/interamerica\/wp-content\/uploads\/2017\/06\/17284630285_40a5b469f2_z.jpg\" alt=\"\" width=\"384\" height=\"254\" \/><\/a><p id=\"caption-attachment-16758\" class=\"wp-caption-text\">Pasteur Victor Burgos, secr\u00e9taire ex\u00e9cutif de l\u2019Eglise Adventiste au Salvador, remercie les leaders des f\u00e9d\u00e9rations et missions pour leur travail et pour la gestion des v\u00e9rifications des registres de membres r\u00e9alis\u00e9es dans leurs champs au cours des deux ann\u00e9es et demie qui viennent de s\u2019\u00e9couler.<\/p><\/div>\n<p>Plus de 1700 personnes faisant partie des \u00e9quipes de secr\u00e9tariat des 708 \u00e9glises se sont r\u00e9unies au Centre International de F\u00e9rias et de Conventions \u00e0 San Salvador afin de participer \u00e0 un festival sp\u00e9cial mettant en lumi\u00e8re les nombreuses avanc\u00e9es r\u00e9alis\u00e9es en mati\u00e8re de v\u00e9rification des registres de membres dans chacune des r\u00e9gions de l\u2019\u00e9glise. Le programme a \u00e9t\u00e9 aussi l\u2019occasion de recevoir une formation suppl\u00e9mentaire au cours de la deuxi\u00e8me phase de la mise en place du Syst\u00e8me de Gestion de l\u2019Eglise Adventiste (ACMS) \u2013 la plateforme logicielle officielle de l\u2019\u00e9glise destin\u00e9e \u00e0 g\u00e9rer l\u2019effectif de membres de l\u2019\u00e9glise locale.<\/p>\n<p>\u00ab Cette c\u00e9l\u00e9bration \u00e9tait importante car elle a permis de consolider l\u2019engagement des \u00e9quipes de secr\u00e9tariat, de c\u00e9l\u00e9brer les d\u00e9fis remport\u00e9s dans le processus, et aussi de donner une confirmation au plan global en place pour la mise \u00e0 jour de nos registres d\u2019\u00e9glise, \u00bb a dit pasteur Victor Burgos, secr\u00e9taire ex\u00e9cutif de l\u2019Eglise Adventiste au Salvador, en charge de la v\u00e9rification des effectifs de membres.<\/p>\n<p>Victor Burgos qui supervise le travail des trois conf\u00e9rences et des deux missions de l\u2019\u00e9glise a indiqu\u00e9 que la formation a d\u00e9but\u00e9 en 2013. Des plans sont en cours pour former les \u00e9quipes organis\u00e9es dans chaque \u00e9glise locale et terminer la mise en place en septembre.<\/p>\n<div id=\"attachment_16759\" style=\"width: 317px\" class=\"wp-caption alignleft\"><a href=\"\/interamerica\/wp-content\/uploads\/2017\/06\/17283268642_d4bdf79e7b_z.jpg\" rel=\"fancybox\" title=\"Au Salvador, l\u2019\u00e9glise c\u00e9l\u00e8bre avec les membres form\u00e9s \u00e0 la v\u00e9rification des registres d\u2019\u00e9glise\"><img decoding=\"async\" aria-describedby=\"caption-attachment-16759\" class=\" wp-image-16759  \" src=\"\/interamerica\/wp-content\/uploads\/2017\/06\/17283268642_d4bdf79e7b_z.jpg\" alt=\"\" width=\"307\" height=\"205\" \/><\/a><p id=\"caption-attachment-16759\" class=\"wp-caption-text\">Le secr\u00e9taire adjoint de la DIA, pasteur Pedro Iglesias encourage les \u00e9quipes de secr\u00e9tariat \u00e0 poursuivre leur engagement pour conserver les registres d\u2019\u00e9glise bien tenus et \u00e0 jour.<\/p><\/div>\n<p>Les \u00e9glises envoient leurs rapports d\u2019effectifs de membres sur papier \u00e0 leurs f\u00e9d\u00e9rations ou missions respectives o\u00f9 ceux ci sont entr\u00e9s manuellement dans le logiciel ACMS, ensuite l\u2019information est achemin\u00e9e vers le bureau du secr\u00e9taire au niveau de l\u2019union.<\/p>\n<p>\u00ab L\u2019ACMS est maintenant totalement op\u00e9rationnel dans nos f\u00e9d\u00e9rations et missions et bient\u00f4t toutes nos \u00e9glises fonctionneront pleinement avec le syst\u00e8me, \u00bb a dit pasteur Burgos. Chaque \u00e9glise locale dispose d\u2019une \u00e9quipe compos\u00e9e du pasteur, du ou de la secr\u00e9taire d\u2019\u00e9glise et d\u2019une personne en charge du soutien technique pour s\u2019assurer que le programme fonctionne convenablement, a ajout\u00e9 Victor Burgos.<\/p>\n<p>Pasteur Pedro Iglesias, secr\u00e9taire adjoint de l\u2019Eglise Adventiste en Inter Am\u00e9rique, a f\u00e9licit\u00e9 les leaders et les membres d\u2019\u00e9glise pour avoir pris l\u2019initiative de former des \u00e9quipes dans chaque \u00e9glise locale et les a encourag\u00e9s \u00e0 continuer leur travail fid\u00e8le en s\u2019assurant que les registres soient toujours bien tenus et \u00e0 jour \u00e0 chaque niveau de l\u2019\u00e9glise par le biais du programme ACMS.<\/p>\n<p>\u00ab C\u2019\u00e9tait vraiment merveilleux de voir \u00e0 quel point tous les membres \u00e9taient enthousiasm\u00e9s et comment l\u2019\u00e9glise recrute des jeunes qualifi\u00e9s techniquement pour aider leur \u00e9glise volontairement pour cet important travail, \u00bb a dit pasteur Iglesias.<\/p>\n<p>Avec la mise \u00e0 jour des registres dans le nouveau syst\u00e8me au cours de cette premi\u00e8re phase, les chiffres montrent que l\u2019effectif a diminu\u00e9 pour atteindre 198629 membres. Cela signifie qu\u2019il y a 46939 membres de moins sur les registres depuis 2011, d\u2019apr\u00e8s ce qu\u2019indique pasteur Burgos. En 2011, l\u2019effectif \u00e9tait de 210273 membres. Le nombre de bapt\u00eame entre 2011 et Mars 22015 s\u2019\u00e9levait \u00e0 35295 ce qui aurait d\u00fb amener l\u2019effectif de membres \u00e0 245568.<\/p>\n<p>Pasteur Iglesias a d\u00e9clar\u00e9 que 70 pourcent des 24 r\u00e9gions de l\u2019Inter Am\u00e9rique effectuent des r\u00e9visions majeures avec le programme ACMS, donc ce n\u2019est pas quelque chose d\u2019inhabituel. La perte de membres d\u00e9c\u00e9d\u00e9s, les duplications de membres dans diff\u00e9rentes r\u00e9gions et les membres absents sont \u00e0 leur tour refl\u00e9t\u00e9s dans l\u2019effectif total de l\u2019Inter Am\u00e9rique qui s\u2019\u00e9l\u00e8ve actuellement \u00e0 3,67 millions \u2013 cela inclut le million qui s\u2019est ajout\u00e9 au cours des cinq derni\u00e8res ann\u00e9es o\u00f9 l\u2019effectif \u00e9tait de 3,4 millions de membres.<\/p>\n<div id=\"attachment_16761\" style=\"width: 348px\" class=\"wp-caption alignleft\"><a href=\"\/interamerica\/wp-content\/uploads\/2017\/06\/17096408178_46df846d8e_z.jpg\" rel=\"fancybox\" title=\"Au Salvador, l\u2019\u00e9glise c\u00e9l\u00e8bre avec les membres form\u00e9s \u00e0 la v\u00e9rification des registres d\u2019\u00e9glise\"><img loading=\"lazy\" decoding=\"async\" aria-describedby=\"caption-attachment-16761\" class=\" wp-image-16761   \" src=\"\/interamerica\/wp-content\/uploads\/2017\/06\/17096408178_46df846d8e_z.jpg\" alt=\"\" width=\"338\" height=\"223\" \/><\/a><p id=\"caption-attachment-16761\" class=\"wp-caption-text\">La d\u00e9l\u00e9gation du district de Santa Ana dans la F\u00e9d\u00e9ration Ouest du Salvador d\u00e9file pour c\u00e9l\u00e9brer leurs r\u00e9alisations dans la mise en place de la formation dans leur r\u00e9gion.<\/p><\/div>\n<p>D\u2019autres mises \u00e0 jour de registres auront lieu dans chaque \u00e9glise locale, a dit pasteur Burgos. Entre temps les \u00e9quipes ont c\u00e9l\u00e9br\u00e9 le travail fait pour viser l\u2019excellence dans la v\u00e9rification des registres de membres dans le pays. Les membres des \u00e9quipes ont re\u00e7u des plaques et des pin\u2019s pour leur engagement dans le programme.<\/p>\n<p>Le pr\u00e9sident de l\u2019Eglise Adventiste au Salvador, pasteur Abel Pacheco a d\u00e9clar\u00e9 qu\u2019il \u00e9tait reconnaissant de ce que les registres soient beaucoup plus \u00e0 jour aujourd\u2019hui.<\/p>\n<p>\u00ab Nous n\u2019avions jamais visualis\u00e9 d\u2019avoir nos registres d\u2019effectif de membres aussi bien tenus et \u00e0 jour qu\u2019ils le sont aujourd\u2019hui, et nous sommes vraiment reconnaissants envers Dieu pour ce qui a \u00e9t\u00e9 r\u00e9alis\u00e9 et pour l\u2019engagement de tous nos secr\u00e9taires des champs locaux et de leurs \u00e9quipes, \u00bb a dit pasteur Pacheco. \u00ab Le fait d\u2019arriver \u00e0 ce point me permet de dire que notre union est d\u00e9termin\u00e9e \u00e0 garder ses registres \u00e0 jour et par cons\u00e9quent nous consacrons des ressources et du temps pour continuer de faciliter ce processus. \u00bb<\/p>\n<p>Pour en savoir plus sur l\u2019Eglise Adventiste au Salvador, visitez <a href=\"http:\/\/www.unionelsalvador.org\">unionelsalvador<\/a><\/p>\n<p>Pour voir des photos de la c\u00e9l\u00e9bration, cliquez <a href=\"https:\/\/www.flickr.com\/photos\/62713809@N07\/sets\/72157652202484341\/\">ICI<\/a><\/p>\n<p>Traduction: Patrick Luciathe<\/p>\n","protected":false},"excerpt":{"rendered":"<p>L\u2019Eglise Adventiste du Septi\u00e8me Jour au Salvador a r\u00e9cemment c\u00e9l\u00e9br\u00e9 le succ\u00e8s obtenu dans la formation de centaines de leaders et de membres qui v\u00e9rifient les registres d\u2019\u00e9glises dans les centaines d\u2019\u00e9glises locales du pays. <\/p>\n<p>Plus de 1700 personnes faisant partie des \u00e9quipes de secr\u00e9tariat des 708 \u00e9glises se sont r\u00e9unies au Centre International de F\u00e9rias et de Conventions \u00e0 San Salvador afin de participer \u00e0 un festival sp\u00e9cial mettant en lumi\u00e8re les nombreuses avanc\u00e9es r\u00e9alis\u00e9es en mati\u00e8re de v\u00e9rification des registres de membres dans chacune des r\u00e9gions de l\u2019\u00e9glise.<\/p>\n","protected":false},"author":1,"featured_media":25226,"comment_status":"closed","ping_status":"closed","sticky":false,"template":"","format":"standard","meta":{"_acf_changed":false,"footnotes":""},"categories":[21,19],"tags":[],"class_list":["post-32262","post","type-post","status-publish","format-standard","has-post-thumbnail","hentry","category-nouvelles-du-territoire","category-rss-francais"],"acf":[],"yoast_head":"<!-- This site is optimized with the Yoast SEO plugin v27.3 - https:\/\/yoast.com\/product\/yoast-seo-wordpress\/ -->\n<title>Au Salvador, l\u2019\u00e9glise c\u00e9l\u00e8bre avec les membres form\u00e9s \u00e0 la v\u00e9rification des registres d\u2019\u00e9glise - \u00c9glise Adventiste Du Septieme Jour - Inter Am\u00e9rique Division<\/title>\n<meta name=\"robots\" content=\"index, follow, max-snippet:-1, max-image-preview:large, max-video-preview:-1\" \/>\n<link rel=\"canonical\" href=\"https:\/\/interamerica.org\/fr\/2015\/05\/au-salvador-leglise-celebre-avec-les-membres-formes-a-la-verification-des-registres-deglise\/\" \/>\n<meta property=\"og:locale\" content=\"fr_FR\" \/>\n<meta property=\"og:type\" content=\"article\" \/>\n<meta property=\"og:title\" content=\"Au Salvador, l\u2019\u00e9glise c\u00e9l\u00e8bre avec les membres form\u00e9s \u00e0 la v\u00e9rification des registres d\u2019\u00e9glise - \u00c9glise Adventiste Du Septieme Jour - Inter Am\u00e9rique Division\" \/>\n<meta property=\"og:description\" content=\"L\u2019Eglise Adventiste du Septi\u00e8me Jour au Salvador a r\u00e9cemment c\u00e9l\u00e9br\u00e9 le succ\u00e8s obtenu dans la formation de centaines de leaders et de membres qui v\u00e9rifient les registres d\u2019\u00e9glises dans les centaines d\u2019\u00e9glises locales du pays.  Plus de 1700 personnes faisant partie des \u00e9quipes de secr\u00e9tariat des 708 \u00e9glises se sont r\u00e9unies au Centre International de F\u00e9rias et de Conventions \u00e0 San Salvador afin de participer \u00e0 un festival sp\u00e9cial mettant en lumi\u00e8re les nombreuses avanc\u00e9es r\u00e9alis\u00e9es en mati\u00e8re de v\u00e9rification des registres de membres dans chacune des r\u00e9gions de l\u2019\u00e9glise.\" \/>\n<meta property=\"og:url\" content=\"https:\/\/interamerica.org\/fr\/2015\/05\/au-salvador-leglise-celebre-avec-les-membres-formes-a-la-verification-des-registres-deglise\/\" \/>\n<meta property=\"og:site_name\" content=\"\u00c9glise Adventiste Du Septieme Jour - Inter Am\u00e9rique Division\" \/>\n<meta property=\"article:published_time\" content=\"2015-05-08T04:00:00+00:00\" \/>\n<meta property=\"og:image\" content=\"https:\/\/interamerica.org\/wp-content\/uploads\/2017\/06\/16662262144_bfda9aa496_z.jpg\" \/>\n\t<meta property=\"og:image:width\" content=\"640\" \/>\n\t<meta property=\"og:image:height\" content=\"424\" \/>\n\t<meta property=\"og:image:type\" content=\"image\/jpeg\" \/>\n<meta name=\"author\" content=\"Lorenzo Verduzco\" \/>\n<meta name=\"twitter:card\" content=\"summary_large_image\" \/>\n<meta name=\"twitter:label1\" content=\"\u00c9crit par\" \/>\n\t<meta name=\"twitter:data1\" content=\"Lorenzo Verduzco\" \/>\n\t<meta name=\"twitter:label2\" content=\"Dur\u00e9e de lecture estim\u00e9e\" \/>\n\t<meta name=\"twitter:data2\" content=\"6 minutes\" \/>\n<script type=\"application\/ld+json\" class=\"yoast-schema-graph\">{\"@context\":\"https:\\\/\\\/schema.org\",\"@graph\":[{\"@type\":\"Article\",\"@id\":\"https:\\\/\\\/interamerica.org\\\/fr\\\/2015\\\/05\\\/au-salvador-leglise-celebre-avec-les-membres-formes-a-la-verification-des-registres-deglise\\\/#article\",\"isPartOf\":{\"@id\":\"https:\\\/\\\/interamerica.org\\\/fr\\\/2015\\\/05\\\/au-salvador-leglise-celebre-avec-les-membres-formes-a-la-verification-des-registres-deglise\\\/\"},\"author\":{\"name\":\"Lorenzo Verduzco\",\"@id\":\"https:\\\/\\\/interamerica.org\\\/fr\\\/#\\\/schema\\\/person\\\/68ede8bdc292885bb76c1e3810e73c39\"},\"headline\":\"Au Salvador, l\u2019\u00e9glise c\u00e9l\u00e8bre avec les membres form\u00e9s \u00e0 la v\u00e9rification des registres d\u2019\u00e9glise\",\"datePublished\":\"2015-05-08T04:00:00+00:00\",\"mainEntityOfPage\":{\"@id\":\"https:\\\/\\\/interamerica.org\\\/fr\\\/2015\\\/05\\\/au-salvador-leglise-celebre-avec-les-membres-formes-a-la-verification-des-registres-deglise\\\/\"},\"wordCount\":1151,\"image\":{\"@id\":\"https:\\\/\\\/interamerica.org\\\/fr\\\/2015\\\/05\\\/au-salvador-leglise-celebre-avec-les-membres-formes-a-la-verification-des-registres-deglise\\\/#primaryimage\"},\"thumbnailUrl\":\"https:\\\/\\\/interamerica.org\\\/wp-content\\\/uploads\\\/2017\\\/06\\\/16662262144_bfda9aa496_z.jpg\",\"articleSection\":[\"Nouvelles du territoire\",\"RSS Fran\u00e7ais\"],\"inLanguage\":\"fr-FR\"},{\"@type\":\"WebPage\",\"@id\":\"https:\\\/\\\/interamerica.org\\\/fr\\\/2015\\\/05\\\/au-salvador-leglise-celebre-avec-les-membres-formes-a-la-verification-des-registres-deglise\\\/\",\"url\":\"https:\\\/\\\/interamerica.org\\\/fr\\\/2015\\\/05\\\/au-salvador-leglise-celebre-avec-les-membres-formes-a-la-verification-des-registres-deglise\\\/\",\"name\":\"Au Salvador, l\u2019\u00e9glise c\u00e9l\u00e8bre avec les membres form\u00e9s \u00e0 la v\u00e9rification des registres d\u2019\u00e9glise - \u00c9glise Adventiste Du Septieme Jour - Inter Am\u00e9rique Division\",\"isPartOf\":{\"@id\":\"https:\\\/\\\/interamerica.org\\\/fr\\\/#website\"},\"primaryImageOfPage\":{\"@id\":\"https:\\\/\\\/interamerica.org\\\/fr\\\/2015\\\/05\\\/au-salvador-leglise-celebre-avec-les-membres-formes-a-la-verification-des-registres-deglise\\\/#primaryimage\"},\"image\":{\"@id\":\"https:\\\/\\\/interamerica.org\\\/fr\\\/2015\\\/05\\\/au-salvador-leglise-celebre-avec-les-membres-formes-a-la-verification-des-registres-deglise\\\/#primaryimage\"},\"thumbnailUrl\":\"https:\\\/\\\/interamerica.org\\\/wp-content\\\/uploads\\\/2017\\\/06\\\/16662262144_bfda9aa496_z.jpg\",\"datePublished\":\"2015-05-08T04:00:00+00:00\",\"author\":{\"@id\":\"https:\\\/\\\/interamerica.org\\\/fr\\\/#\\\/schema\\\/person\\\/68ede8bdc292885bb76c1e3810e73c39\"},\"breadcrumb\":{\"@id\":\"https:\\\/\\\/interamerica.org\\\/fr\\\/2015\\\/05\\\/au-salvador-leglise-celebre-avec-les-membres-formes-a-la-verification-des-registres-deglise\\\/#breadcrumb\"},\"inLanguage\":\"fr-FR\",\"potentialAction\":[{\"@type\":\"ReadAction\",\"target\":[\"https:\\\/\\\/interamerica.org\\\/fr\\\/2015\\\/05\\\/au-salvador-leglise-celebre-avec-les-membres-formes-a-la-verification-des-registres-deglise\\\/\"]}]},{\"@type\":\"ImageObject\",\"inLanguage\":\"fr-FR\",\"@id\":\"https:\\\/\\\/interamerica.org\\\/fr\\\/2015\\\/05\\\/au-salvador-leglise-celebre-avec-les-membres-formes-a-la-verification-des-registres-deglise\\\/#primaryimage\",\"url\":\"https:\\\/\\\/interamerica.org\\\/wp-content\\\/uploads\\\/2017\\\/06\\\/16662262144_bfda9aa496_z.jpg\",\"contentUrl\":\"https:\\\/\\\/interamerica.org\\\/wp-content\\\/uploads\\\/2017\\\/06\\\/16662262144_bfda9aa496_z.jpg\",\"width\":640,\"height\":424},{\"@type\":\"BreadcrumbList\",\"@id\":\"https:\\\/\\\/interamerica.org\\\/fr\\\/2015\\\/05\\\/au-salvador-leglise-celebre-avec-les-membres-formes-a-la-verification-des-registres-deglise\\\/#breadcrumb\",\"itemListElement\":[{\"@type\":\"ListItem\",\"position\":1,\"name\":\"Home\",\"item\":\"https:\\\/\\\/interamerica.org\\\/fr\\\/\"},{\"@type\":\"ListItem\",\"position\":2,\"name\":\"Au Salvador, l\u2019\u00e9glise c\u00e9l\u00e8bre avec les membres form\u00e9s \u00e0 la v\u00e9rification des registres d\u2019\u00e9glise\"}]},{\"@type\":\"WebSite\",\"@id\":\"https:\\\/\\\/interamerica.org\\\/fr\\\/#website\",\"url\":\"https:\\\/\\\/interamerica.org\\\/fr\\\/\",\"name\":\"\u00c9glise Adventiste Du Septieme Jour - Inter Am\u00e9rique Division\",\"description\":\"\",\"potentialAction\":[{\"@type\":\"SearchAction\",\"target\":{\"@type\":\"EntryPoint\",\"urlTemplate\":\"https:\\\/\\\/interamerica.org\\\/fr\\\/?s={search_term_string}\"},\"query-input\":{\"@type\":\"PropertyValueSpecification\",\"valueRequired\":true,\"valueName\":\"search_term_string\"}}],\"inLanguage\":\"fr-FR\"},{\"@type\":\"Person\",\"@id\":\"https:\\\/\\\/interamerica.org\\\/fr\\\/#\\\/schema\\\/person\\\/68ede8bdc292885bb76c1e3810e73c39\",\"name\":\"Lorenzo Verduzco\",\"image\":{\"@type\":\"ImageObject\",\"inLanguage\":\"fr-FR\",\"@id\":\"https:\\\/\\\/secure.gravatar.com\\\/avatar\\\/fb81a55b6218459490a9c1dc841a34909185b81904c5337b4b27f7a6fd60c49e?s=96&d=mm&r=g\",\"url\":\"https:\\\/\\\/secure.gravatar.com\\\/avatar\\\/fb81a55b6218459490a9c1dc841a34909185b81904c5337b4b27f7a6fd60c49e?s=96&d=mm&r=g\",\"contentUrl\":\"https:\\\/\\\/secure.gravatar.com\\\/avatar\\\/fb81a55b6218459490a9c1dc841a34909185b81904c5337b4b27f7a6fd60c49e?s=96&d=mm&r=g\",\"caption\":\"Lorenzo Verduzco\"}}]}<\/script>\n<!-- \/ Yoast SEO plugin. -->","yoast_head_json":{"title":"Au Salvador, l\u2019\u00e9glise c\u00e9l\u00e8bre avec les membres form\u00e9s \u00e0 la v\u00e9rification des registres d\u2019\u00e9glise - \u00c9glise Adventiste Du Septieme Jour - Inter Am\u00e9rique Division","robots":{"index":"index","follow":"follow","max-snippet":"max-snippet:-1","max-image-preview":"max-image-preview:large","max-video-preview":"max-video-preview:-1"},"canonical":"https:\/\/interamerica.org\/fr\/2015\/05\/au-salvador-leglise-celebre-avec-les-membres-formes-a-la-verification-des-registres-deglise\/","og_locale":"fr_FR","og_type":"article","og_title":"Au Salvador, l\u2019\u00e9glise c\u00e9l\u00e8bre avec les membres form\u00e9s \u00e0 la v\u00e9rification des registres d\u2019\u00e9glise - \u00c9glise Adventiste Du Septieme Jour - Inter Am\u00e9rique Division","og_description":"L\u2019Eglise Adventiste du Septi\u00e8me Jour au Salvador a r\u00e9cemment c\u00e9l\u00e9br\u00e9 le succ\u00e8s obtenu dans la formation de centaines de leaders et de membres qui v\u00e9rifient les registres d\u2019\u00e9glises dans les centaines d\u2019\u00e9glises locales du pays.  Plus de 1700 personnes faisant partie des \u00e9quipes de secr\u00e9tariat des 708 \u00e9glises se sont r\u00e9unies au Centre International de F\u00e9rias et de Conventions \u00e0 San Salvador afin de participer \u00e0 un festival sp\u00e9cial mettant en lumi\u00e8re les nombreuses avanc\u00e9es r\u00e9alis\u00e9es en mati\u00e8re de v\u00e9rification des registres de membres dans chacune des r\u00e9gions de l\u2019\u00e9glise.","og_url":"https:\/\/interamerica.org\/fr\/2015\/05\/au-salvador-leglise-celebre-avec-les-membres-formes-a-la-verification-des-registres-deglise\/","og_site_name":"\u00c9glise Adventiste Du Septieme Jour - Inter Am\u00e9rique Division","article_published_time":"2015-05-08T04:00:00+00:00","og_image":[{"width":640,"height":424,"url":"https:\/\/interamerica.org\/wp-content\/uploads\/2017\/06\/16662262144_bfda9aa496_z.jpg","type":"image\/jpeg"}],"author":"Lorenzo Verduzco","twitter_card":"summary_large_image","twitter_misc":{"\u00c9crit par":"Lorenzo Verduzco","Dur\u00e9e de lecture estim\u00e9e":"6 minutes"},"schema":{"@context":"https:\/\/schema.org","@graph":[{"@type":"Article","@id":"https:\/\/interamerica.org\/fr\/2015\/05\/au-salvador-leglise-celebre-avec-les-membres-formes-a-la-verification-des-registres-deglise\/#article","isPartOf":{"@id":"https:\/\/interamerica.org\/fr\/2015\/05\/au-salvador-leglise-celebre-avec-les-membres-formes-a-la-verification-des-registres-deglise\/"},"author":{"name":"Lorenzo Verduzco","@id":"https:\/\/interamerica.org\/fr\/#\/schema\/person\/68ede8bdc292885bb76c1e3810e73c39"},"headline":"Au Salvador, l\u2019\u00e9glise c\u00e9l\u00e8bre avec les membres form\u00e9s \u00e0 la v\u00e9rification des registres d\u2019\u00e9glise","datePublished":"2015-05-08T04:00:00+00:00","mainEntityOfPage":{"@id":"https:\/\/interamerica.org\/fr\/2015\/05\/au-salvador-leglise-celebre-avec-les-membres-formes-a-la-verification-des-registres-deglise\/"},"wordCount":1151,"image":{"@id":"https:\/\/interamerica.org\/fr\/2015\/05\/au-salvador-leglise-celebre-avec-les-membres-formes-a-la-verification-des-registres-deglise\/#primaryimage"},"thumbnailUrl":"https:\/\/interamerica.org\/wp-content\/uploads\/2017\/06\/16662262144_bfda9aa496_z.jpg","articleSection":["Nouvelles du territoire","RSS Fran\u00e7ais"],"inLanguage":"fr-FR"},{"@type":"WebPage","@id":"https:\/\/interamerica.org\/fr\/2015\/05\/au-salvador-leglise-celebre-avec-les-membres-formes-a-la-verification-des-registres-deglise\/","url":"https:\/\/interamerica.org\/fr\/2015\/05\/au-salvador-leglise-celebre-avec-les-membres-formes-a-la-verification-des-registres-deglise\/","name":"Au Salvador, l\u2019\u00e9glise c\u00e9l\u00e8bre avec les membres form\u00e9s \u00e0 la v\u00e9rification des registres d\u2019\u00e9glise - \u00c9glise Adventiste Du Septieme Jour - Inter Am\u00e9rique Division","isPartOf":{"@id":"https:\/\/interamerica.org\/fr\/#website"},"primaryImageOfPage":{"@id":"https:\/\/interamerica.org\/fr\/2015\/05\/au-salvador-leglise-celebre-avec-les-membres-formes-a-la-verification-des-registres-deglise\/#primaryimage"},"image":{"@id":"https:\/\/interamerica.org\/fr\/2015\/05\/au-salvador-leglise-celebre-avec-les-membres-formes-a-la-verification-des-registres-deglise\/#primaryimage"},"thumbnailUrl":"https:\/\/interamerica.org\/wp-content\/uploads\/2017\/06\/16662262144_bfda9aa496_z.jpg","datePublished":"2015-05-08T04:00:00+00:00","author":{"@id":"https:\/\/interamerica.org\/fr\/#\/schema\/person\/68ede8bdc292885bb76c1e3810e73c39"},"breadcrumb":{"@id":"https:\/\/interamerica.org\/fr\/2015\/05\/au-salvador-leglise-celebre-avec-les-membres-formes-a-la-verification-des-registres-deglise\/#breadcrumb"},"inLanguage":"fr-FR","potentialAction":[{"@type":"ReadAction","target":["https:\/\/interamerica.org\/fr\/2015\/05\/au-salvador-leglise-celebre-avec-les-membres-formes-a-la-verification-des-registres-deglise\/"]}]},{"@type":"ImageObject","inLanguage":"fr-FR","@id":"https:\/\/interamerica.org\/fr\/2015\/05\/au-salvador-leglise-celebre-avec-les-membres-formes-a-la-verification-des-registres-deglise\/#primaryimage","url":"https:\/\/interamerica.org\/wp-content\/uploads\/2017\/06\/16662262144_bfda9aa496_z.jpg","contentUrl":"https:\/\/interamerica.org\/wp-content\/uploads\/2017\/06\/16662262144_bfda9aa496_z.jpg","width":640,"height":424},{"@type":"BreadcrumbList","@id":"https:\/\/interamerica.org\/fr\/2015\/05\/au-salvador-leglise-celebre-avec-les-membres-formes-a-la-verification-des-registres-deglise\/#breadcrumb","itemListElement":[{"@type":"ListItem","position":1,"name":"Home","item":"https:\/\/interamerica.org\/fr\/"},{"@type":"ListItem","position":2,"name":"Au Salvador, l\u2019\u00e9glise c\u00e9l\u00e8bre avec les membres form\u00e9s \u00e0 la v\u00e9rification des registres d\u2019\u00e9glise"}]},{"@type":"WebSite","@id":"https:\/\/interamerica.org\/fr\/#website","url":"https:\/\/interamerica.org\/fr\/","name":"\u00c9glise Adventiste Du Septieme Jour - Inter Am\u00e9rique Division","description":"","potentialAction":[{"@type":"SearchAction","target":{"@type":"EntryPoint","urlTemplate":"https:\/\/interamerica.org\/fr\/?s={search_term_string}"},"query-input":{"@type":"PropertyValueSpecification","valueRequired":true,"valueName":"search_term_string"}}],"inLanguage":"fr-FR"},{"@type":"Person","@id":"https:\/\/interamerica.org\/fr\/#\/schema\/person\/68ede8bdc292885bb76c1e3810e73c39","name":"Lorenzo Verduzco","image":{"@type":"ImageObject","inLanguage":"fr-FR","@id":"https:\/\/secure.gravatar.com\/avatar\/fb81a55b6218459490a9c1dc841a34909185b81904c5337b4b27f7a6fd60c49e?s=96&d=mm&r=g","url":"https:\/\/secure.gravatar.com\/avatar\/fb81a55b6218459490a9c1dc841a34909185b81904c5337b4b27f7a6fd60c49e?s=96&d=mm&r=g","contentUrl":"https:\/\/secure.gravatar.com\/avatar\/fb81a55b6218459490a9c1dc841a34909185b81904c5337b4b27f7a6fd60c49e?s=96&d=mm&r=g","caption":"Lorenzo Verduzco"}}]}},"_links":{"self":[{"href":"https:\/\/interamerica.org\/fr\/wp-json\/wp\/v2\/posts\/32262","targetHints":{"allow":["GET"]}}],"collection":[{"href":"https:\/\/interamerica.org\/fr\/wp-json\/wp\/v2\/posts"}],"about":[{"href":"https:\/\/interamerica.org\/fr\/wp-json\/wp\/v2\/types\/post"}],"author":[{"embeddable":true,"href":"https:\/\/interamerica.org\/fr\/wp-json\/wp\/v2\/users\/1"}],"replies":[{"embeddable":true,"href":"https:\/\/interamerica.org\/fr\/wp-json\/wp\/v2\/comments?post=32262"}],"version-history":[{"count":0,"href":"https:\/\/interamerica.org\/fr\/wp-json\/wp\/v2\/posts\/32262\/revisions"}],"wp:featuredmedia":[{"embeddable":true,"href":"https:\/\/interamerica.org\/fr\/wp-json\/wp\/v2\/media\/25226"}],"wp:attachment":[{"href":"https:\/\/interamerica.org\/fr\/wp-json\/wp\/v2\/media?parent=32262"}],"wp:term":[{"taxonomy":"category","embeddable":true,"href":"https:\/\/interamerica.org\/fr\/wp-json\/wp\/v2\/categories?post=32262"},{"taxonomy":"post_tag","embeddable":true,"href":"https:\/\/interamerica.org\/fr\/wp-json\/wp\/v2\/tags?post=32262"}],"curies":[{"name":"wp","href":"https:\/\/api.w.org\/{rel}","templated":true}]}}