{"id":32263,"date":"2015-05-06T00:00:00","date_gmt":"2015-05-06T04:00:00","guid":{"rendered":"http:\/\/192.81.217.108\/interamerica\/2015\/05\/mois-tres-charge-pour-le-leader-de-leglise-adventiste-qui-se-rend-a-lile-de-paques-et-aussi-au-zimbabwe\/"},"modified":"2015-05-06T00:00:00","modified_gmt":"2015-05-06T04:00:00","slug":"mois-tres-charge-pour-le-leader-de-leglise-adventiste-qui-se-rend-a-lile-de-paques-et-aussi-au-zimbabwe","status":"publish","type":"post","link":"https:\/\/interamerica.org\/fr\/2015\/05\/mois-tres-charge-pour-le-leader-de-leglise-adventiste-qui-se-rend-a-lile-de-paques-et-aussi-au-zimbabwe\/","title":{"rendered":"Mois tr\u00e8s charg\u00e9 pour le leader de l\u2019Eglise Adventiste qui se rend \u00e0 l\u2019Ile de P\u00e2ques et aussi au Zimbabwe"},"content":{"rendered":"<div id=\"attachment_16692\" style=\"width: 570px\" class=\"wp-caption aligncenter\"><a href=\"\/interamerica\/wp-content\/uploads\/2017\/06\/Lightened_2.jpg\" rel=\"fancybox\" title=\"Mois tr\u00e8s charg\u00e9 pour le leader de l\u2019Eglise Adventiste qui se rend \u00e0 l\u2019Ile de P\u00e2ques et aussi au Zimbabwe\"><img fetchpriority=\"high\" decoding=\"async\" aria-describedby=\"caption-attachment-16692\" class=\" wp-image-16692  \" src=\"\/interamerica\/wp-content\/uploads\/2017\/06\/Lightened_2.jpg\" alt=\"\" width=\"560\" height=\"282\" \/><\/a><p id=\"caption-attachment-16692\" class=\"wp-caption-text\">Le leader de l\u2019Eglise Adventiste, Ted N.C. Wilson, en chemise blanche, marche pr\u00e8s des statues de pierre embl\u00e9matiques de l\u2019Ile de P\u00e2ques. Toutes les photos fournies par Ted N.C. Wilson.<\/p><\/div>\n<p>6 mai 2015 \u2013 Silver Spring, Maryland, Etats Unis \u2013 Andrew McChesney, r\u00e9dacteur, Adventist Review.<\/p>\n<p>Le leader de l\u2019Eglise Adventiste, Ted N.C. Wilson, s\u2019est embarqu\u00e9 pour un p\u00e9riple sud am\u00e9ricain au cours duquel il prendra la parole 26 fois en l\u2019espace de 11 jours \u00e0 l\u2019occasion de bapt\u00eames, de d\u00e9fil\u00e9s et d\u2019inaugurations de b\u00e2timents du P\u00e9rou \u00e0 l\u2019Ile de P\u00e2ques.<\/p>\n<p>Ce rythme fr\u00e9n\u00e9tique sera maintenu m\u00eame apr\u00e8s le voyage. Quelques jours apr\u00e8s son retour au si\u00e8ge de l\u2019Eglise Adventiste mondiale aux Etats Unis, Ted Wilson se rendra au Zimbabwe pour une campagne d\u2019\u00e9vang\u00e9lisation de deux semaines.<\/p>\n<p>Le mois de mai peut sembler particuli\u00e8rement charg\u00e9 pour le pr\u00e9sident de la Conf\u00e9rence G\u00e9n\u00e9rale. Mais en fait, c\u2019est un emploi de temps assez typique chez beaucoup de leaders de l\u2019Eglise Adventiste \u2013 bien que Ted Wilson voyage vraisemblablement un peu plus que d\u2019autres.<\/p>\n<p>\u00ab Je pense que pasteur Wilson pourrait bien \u00eatre le pr\u00e9sident de la Conf\u00e9rence G\u00e9n\u00e9rale qui a le plus voyag\u00e9, \u00bb a dit l\u2019\u00e9vang\u00e9liste Mark Finley, qui s\u2019est d\u00e9j\u00e0 rendu dans pr\u00e8s de 100 pays dans ses plus de 45 ans de minist\u00e8re et qui a accompagn\u00e9 Ted Wilson dans des campagnes d\u2019\u00e9vang\u00e9lisation majeures, y compris en R\u00e9publique Dominicaine en janvier dernier et au Nicaragua en mars.<\/p>\n<p>Personne ne tient les comptes du nombre de kilom\u00e8tres parcourus par un pr\u00e9sident de Conf\u00e9rence G\u00e9n\u00e9rale, et le chiffre ne semble pas important pour Ted Wilson qui a d\u00e9clar\u00e9 que son objectif \u00e9tait d\u2019encourager les membres d\u2019\u00e9glise dans leur pr\u00e9paration pour le prochain retour de J\u00e9sus.<\/p>\n<p>\u00ab Je prends la parole dans pratiquement toutes les rencontres o\u00f9 je me rends, \u00bb a dit pasteur Wilson \u00e0 Adventist Review en parlant de sa visite de quatre pays dans la Division Sud Am\u00e9ricaine qui a d\u00e9but\u00e9 le 29 avril. \u00ab Je suis cens\u00e9 prendre la parole 26 fois au cours de ce voyage de 11 jours. \u00bb<\/p>\n<div id=\"attachment_16693\" style=\"width: 430px\" class=\"wp-caption alignleft\"><a href=\"\/interamerica\/wp-content\/uploads\/2017\/06\/rsz_img_5282.jpg\" rel=\"fancybox\" title=\"Mois tr\u00e8s charg\u00e9 pour le leader de l\u2019Eglise Adventiste qui se rend \u00e0 l\u2019Ile de P\u00e2ques et aussi au Zimbabwe\"><img decoding=\"async\" aria-describedby=\"caption-attachment-16693\" class=\" wp-image-16693  \" src=\"\/interamerica\/wp-content\/uploads\/2017\/06\/rsz_img_5282.jpg\" alt=\"\" width=\"420\" height=\"221\" \/><\/a><p id=\"caption-attachment-16693\" class=\"wp-caption-text\">Les \u00e9tudiants en ing\u00e9nierie d\u00e9filent avec leurs Bibles lors d\u2019une parade \u00e0 laquelle ont pris part 10000 personnes \u00e0 l\u2019Universit\u00e9 de l\u2019Union du P\u00e9rou le 30 avril. \u00ab C\u2019\u00e9tait une chose grandiose \u00e0 voir, \u00bb a dit Ted Wilson. \u00ab Plus tard, les \u00e9tudiants en architecture ont d\u00e9fil\u00e9 avec leurs Bibles. L\u2019Universit\u00e9 de l\u2019Union du P\u00e9rou est une universit\u00e9 Adventiste mod\u00e8le avec une forte emphase spirituelle et missionnaire. \u00bb<\/p><\/div>\n<p><strong>Chaine de T\u00e9l\u00e9vision et Parade au P\u00e9rou<\/strong><br \/>\nTed Wilson a d\u00e9but\u00e9 son voyage \u00e0 Lima au P\u00e9rou avec une visite effectu\u00e9e le 30 avril au nouveau bureau de l\u2019Union du Nord du P\u00e9rou, pas tr\u00e8s loin de l\u2019Universit\u00e9 de l\u2019Union du P\u00e9rou, \u00e0 l\u2019occasion de l\u2019inauguration du nouveau si\u00e8ge du centre audiovisuel de Nuevo Tiempo (Hope Channel P\u00e9rou).<\/p>\n<p>\u00ab C\u2019\u00e9tait un jour nouveau pour l\u2019action missionnaire \u00e0 travers les m\u00e9dias au P\u00e9rou, \u00bb a dit Ted Wilson. \u00ab Je suis ravi de ce que Dieu accomplit \u00e0 travers la cr\u00e9ativit\u00e9 de notre peuple au P\u00e9rou afin de toucher les c\u0153urs et les foyers des personnes qui utilisent toutes sortes de m\u00e9dias. \u00bb<\/p>\n<p>Il a fait remarquer que sur la route le conduisant \u00e0 l\u2019inauguration, sa voiture a d\u00e9pass\u00e9 un v\u00e9hicule portant sur le toit une grande pancarte faisant la publicit\u00e9 pour Radio Nuevo Tiempo.<\/p>\n<p>Apr\u00e8s l\u2019inauguration, il a rejoint environ 10000 personnes \u00e0 l\u2019Universit\u00e9 de l\u2019Union du P\u00e9rou pour assister \u00e0 la parade annuelle de trois heures \u00e0 laquelle ont pris part des Adventistes venus de diverses organisations, de champs locaux, d\u2019unions et d\u2019\u00e9coles.<\/p>\n<p>\u00ab Le d\u00e9fil\u00e9 permet de montrer l\u2019opportunit\u00e9 qu\u2019a l\u2019\u00e9glise \u00e0 travers tout le pays de donner la gloire \u00e0 Dieu pour ce qu\u2019Il accomplit au P\u00e9rou, \u00bb a dit Ted Wilson. \u00ab Les gens sont vraiment enthousiasm\u00e9s par ce programme. \u00bb<\/p>\n<p>Pasteur Wilson a ensuite particip\u00e9 \u00e0 la d\u00e9dicace d\u2019un nouveau b\u00e2timent sur le campus et a visit\u00e9 la Clinique Adventiste du Septi\u00e8me Jour Bonne Esp\u00e9rance dans la ville.<\/p>\n<p>Mercredi, Ted Wilson se trouvait en Bolivie apr\u00e8s avoir visit\u00e9 le P\u00e9rou, le Chili, et aussi l\u2019Ile de P\u00e2ques. Sa derni\u00e8re \u00e9tape le conduira au Br\u00e9sil avant de retourner dans le Maryland le 9 mai et se pr\u00e9parer pour le d\u00e9part vers Harare au Zimbabwe le 14 mai.<\/p>\n<p><strong>3 Inaugurations au Chili<\/strong><\/p>\n<p>Le lendemain, 1er mai, Ted Wilson est intervenu lors de l\u2019inauguration d\u2019une nouvelle \u00e9cole et d\u2019une \u00e9glise \u00e0 Talcahuano au Chili, toutes deux construites pour remplacer d\u2019anciennes structures qui avaient \u00e9t\u00e9 d\u00e9truites par un s\u00e9isme mortel et un tsunami qui se sont produits le 27 f\u00e9vrier 2010.Le maire de Talcahuano s\u2019est joint aux centaines de personnes lors de la c\u00e9r\u00e9monie.<\/p>\n<p>Partant de l\u00e0, Ted Wilson s\u2019est rendu \u00e0 l\u2019Universit\u00e9 Adventiste du Chili o\u00f9, dans un auditorium de la nouvelle biblioth\u00e8que, lui ainsi que d\u2019autres leaders ont sign\u00e9 des d\u00e9clarations au sujet de la construction envisag\u00e9e d\u2019un nouveau b\u00e2timent qui sera consacr\u00e9 \u00e0 la formation des \u00e9tudiants repr\u00e9sentants \u00e9vang\u00e9listes. Les d\u00e9clarations ainsi qu\u2019une copie du livre Le Colporteur Evang\u00e9liste \u00e9crit par la cofondatrice de l\u2019Eglise Adventiste, Ellen G. White, ont \u00e9t\u00e9 plac\u00e9s dans une boite sp\u00e9ciale avec des c\u00f4t\u00e9s en verre, qui sera int\u00e9gr\u00e9e dans la pierre angulaire du nouveau b\u00e2timent.<\/p>\n<p>\u00ab Les \u00e9tudiants pourront la voir dans le sol et se rappeler de l\u2019objectif du b\u00e2timent, \u00bb a dit Ted Wilson.<\/p>\n<p>Le sabbat 2 mai, pasteur Wilson a prononc\u00e9 un discours lors de l\u2019inauguration de l\u2019\u00e9glise Adventiste de Concepcion, nouvellement b\u00e2tie et qui peut accommoder environ 1200 personnes. Le b\u00e2timent d\u2019origine qui se trouve sur un autre site a \u00e9t\u00e9 d\u00e9truit par le tremblement de terre de 2010. L\u2019apr\u00e8s midi, il est intervenu dans un rallye sur l\u2019\u00e9vang\u00e9lisation et la mission qui a rassembl\u00e9 environ 5000 personnes \u00e0 Santiago.<\/p>\n<p><strong>4 Personnes Baptis\u00e9es sur l\u2019Ile de P\u00e2ques.<\/strong><\/p>\n<div id=\"attachment_16695\" style=\"width: 431px\" class=\"wp-caption alignright\"><a href=\"\/interamerica\/wp-content\/uploads\/2017\/06\/rsz_1img_55031.jpg\" rel=\"fancybox\" title=\"Mois tr\u00e8s charg\u00e9 pour le leader de l\u2019Eglise Adventiste qui se rend \u00e0 l\u2019Ile de P\u00e2ques et aussi au Zimbabwe\"><img decoding=\"async\" aria-describedby=\"caption-attachment-16695\" class=\" wp-image-16695    \" src=\"\/interamerica\/wp-content\/uploads\/2017\/06\/rsz_1img_55031.jpg\" alt=\"\" width=\"421\" height=\"305\" \/><\/a><p id=\"caption-attachment-16695\" class=\"wp-caption-text\">Une vue du hall principal de la petite \u00e9glise Adventiste sur l\u2019Ile de P\u00e2ques o\u00f9 pasteur Wilson s\u2019est exprim\u00e9 lors d\u2019un service du soir le 3 mai.<\/p><\/div>\n<p>Les 3 et 4 Mai, Ted Wilson a visit\u00e9 l\u2019Ile de P\u00e2ques, un des endroits les plus retir\u00e9s et les plus isol\u00e9s de la plan\u00e8te, situ\u00e9 \u00e0 3800 kilom\u00e8tres \u00e0 l\u2019ouest de l\u2019Am\u00e9rique du Sud et \u00e0 2200 kilom\u00e8tres au sud-est de l\u2019Ile de Pitcairn.<\/p>\n<p>Ted Wilson a particip\u00e9 au bapt\u00eame de quatre personnes sur une plage surplomb\u00e9e par les imposantes statues de pierre embl\u00e9matiques de ce lieu. Quarante-quatre Adventistes vivent maintenant sur l\u2019ile qui compte environ 6000 habitants.<\/p>\n<p>Pasteur Wilson a pr\u00e9sent\u00e9 un message pour un service du soir dans la petite \u00e9glise Adventiste ; message retransmis pour la premi\u00e8re fois par la radio dans la langue locale Rapa Nui.<\/p>\n<p>\u00ab Ce fut une exp\u00e9rience merveilleuse d\u2019\u00eatre avec nos chers membres d\u2019\u00e9glise dans cet endroit isol\u00e9 et de voir le fort esprit missionnaire dont ils font preuve pour proclamer le message des trois anges au sujet de Christ et de Sa justice aupr\u00e8s de la population locale, \u00bb a dit Ted Wilson. \u00ab C\u2019\u00e9tait vraiment la vision de la puissance de Dieu dans un des endroits les plus isol\u00e9s de la terre. \u00bb<\/p>\n<p>Vous pouvez voir plus de photos<br \/>\n<a href=\"http:\/\/www.adventistreview.org\/church-news\/story2629-busy-month-to-take-adventist-leader-from-easter-island-to-zimbabwe\">ICI<\/a><\/p>\n<p>Traduction: Patrick Luciathe<\/p>\n","protected":false},"excerpt":{"rendered":"<p>Le leader de l\u2019Eglise Adventiste, Ted N.C. Wilson, s\u2019est embarqu\u00e9 pour un p\u00e9riple sud am\u00e9ricain au cours duquel il prendra la parole 26 fois en l\u2019espace de 11 jours \u00e0 l\u2019occasion de bapt\u00eames, de d\u00e9fil\u00e9s et d\u2019inaugurations de b\u00e2timents du P\u00e9rou \u00e0 l\u2019Ile de P\u00e2ques.  Ce rythme fr\u00e9n\u00e9tique sera maintenu m\u00eame apr\u00e8s le voyage.<\/p>\n<p>Quelques jours apr\u00e8s son retour au si\u00e8ge de l\u2019Eglise Adventiste mondiale aux Etats Unis, Ted Wilson se rendra au Zimbabwe pour une campagne d\u2019\u00e9vang\u00e9lisation de deux semaines.<\/p>\n","protected":false},"author":1,"featured_media":25194,"comment_status":"closed","ping_status":"closed","sticky":false,"template":"","format":"standard","meta":{"_acf_changed":false,"footnotes":""},"categories":[18,19],"tags":[],"class_list":["post-32263","post","type-post","status-publish","format-standard","has-post-thumbnail","hentry","category-nouvelles-de-leglise-mondiale","category-rss-francais"],"acf":[],"yoast_head":"<!-- This site is optimized with the Yoast SEO plugin v27.3 - https:\/\/yoast.com\/product\/yoast-seo-wordpress\/ -->\n<title>Mois tr\u00e8s charg\u00e9 pour le leader de l\u2019Eglise Adventiste qui se rend \u00e0 l\u2019Ile de P\u00e2ques et aussi au Zimbabwe - \u00c9glise Adventiste Du Septieme Jour - Inter Am\u00e9rique Division<\/title>\n<meta name=\"robots\" content=\"index, follow, max-snippet:-1, max-image-preview:large, max-video-preview:-1\" \/>\n<link rel=\"canonical\" href=\"https:\/\/interamerica.org\/fr\/2015\/05\/mois-tres-charge-pour-le-leader-de-leglise-adventiste-qui-se-rend-a-lile-de-paques-et-aussi-au-zimbabwe\/\" \/>\n<meta property=\"og:locale\" content=\"fr_FR\" \/>\n<meta property=\"og:type\" content=\"article\" \/>\n<meta property=\"og:title\" content=\"Mois tr\u00e8s charg\u00e9 pour le leader de l\u2019Eglise Adventiste qui se rend \u00e0 l\u2019Ile de P\u00e2ques et aussi au Zimbabwe - \u00c9glise Adventiste Du Septieme Jour - Inter Am\u00e9rique Division\" \/>\n<meta property=\"og:description\" content=\"Le leader de l\u2019Eglise Adventiste, Ted N.C. Wilson, s\u2019est embarqu\u00e9 pour un p\u00e9riple sud am\u00e9ricain au cours duquel il prendra la parole 26 fois en l\u2019espace de 11 jours \u00e0 l\u2019occasion de bapt\u00eames, de d\u00e9fil\u00e9s et d\u2019inaugurations de b\u00e2timents du P\u00e9rou \u00e0 l\u2019Ile de P\u00e2ques. Ce rythme fr\u00e9n\u00e9tique sera maintenu m\u00eame apr\u00e8s le voyage. Quelques jours apr\u00e8s son retour au si\u00e8ge de l\u2019Eglise Adventiste mondiale aux Etats Unis, Ted Wilson se rendra au Zimbabwe pour une campagne d\u2019\u00e9vang\u00e9lisation de deux semaines.\" \/>\n<meta property=\"og:url\" content=\"https:\/\/interamerica.org\/fr\/2015\/05\/mois-tres-charge-pour-le-leader-de-leglise-adventiste-qui-se-rend-a-lile-de-paques-et-aussi-au-zimbabwe\/\" \/>\n<meta property=\"og:site_name\" content=\"\u00c9glise Adventiste Du Septieme Jour - Inter Am\u00e9rique Division\" \/>\n<meta property=\"article:published_time\" content=\"2015-05-06T04:00:00+00:00\" \/>\n<meta property=\"og:image\" content=\"https:\/\/interamerica.org\/wp-content\/uploads\/2017\/06\/wilsonSAD.jpg\" \/>\n\t<meta property=\"og:image:width\" content=\"1280\" \/>\n\t<meta property=\"og:image:height\" content=\"960\" \/>\n\t<meta property=\"og:image:type\" content=\"image\/jpeg\" \/>\n<meta name=\"author\" content=\"Lorenzo Verduzco\" \/>\n<meta name=\"twitter:card\" content=\"summary_large_image\" \/>\n<meta name=\"twitter:label1\" content=\"\u00c9crit par\" \/>\n\t<meta name=\"twitter:data1\" content=\"Lorenzo Verduzco\" \/>\n\t<meta name=\"twitter:label2\" content=\"Dur\u00e9e de lecture estim\u00e9e\" \/>\n\t<meta name=\"twitter:data2\" content=\"7 minutes\" \/>\n<script type=\"application\/ld+json\" class=\"yoast-schema-graph\">{\"@context\":\"https:\\\/\\\/schema.org\",\"@graph\":[{\"@type\":\"Article\",\"@id\":\"https:\\\/\\\/interamerica.org\\\/fr\\\/2015\\\/05\\\/mois-tres-charge-pour-le-leader-de-leglise-adventiste-qui-se-rend-a-lile-de-paques-et-aussi-au-zimbabwe\\\/#article\",\"isPartOf\":{\"@id\":\"https:\\\/\\\/interamerica.org\\\/fr\\\/2015\\\/05\\\/mois-tres-charge-pour-le-leader-de-leglise-adventiste-qui-se-rend-a-lile-de-paques-et-aussi-au-zimbabwe\\\/\"},\"author\":{\"name\":\"Lorenzo Verduzco\",\"@id\":\"https:\\\/\\\/interamerica.org\\\/fr\\\/#\\\/schema\\\/person\\\/68ede8bdc292885bb76c1e3810e73c39\"},\"headline\":\"Mois tr\u00e8s charg\u00e9 pour le leader de l\u2019Eglise Adventiste qui se rend \u00e0 l\u2019Ile de P\u00e2ques et aussi au Zimbabwe\",\"datePublished\":\"2015-05-06T04:00:00+00:00\",\"mainEntityOfPage\":{\"@id\":\"https:\\\/\\\/interamerica.org\\\/fr\\\/2015\\\/05\\\/mois-tres-charge-pour-le-leader-de-leglise-adventiste-qui-se-rend-a-lile-de-paques-et-aussi-au-zimbabwe\\\/\"},\"wordCount\":1351,\"image\":{\"@id\":\"https:\\\/\\\/interamerica.org\\\/fr\\\/2015\\\/05\\\/mois-tres-charge-pour-le-leader-de-leglise-adventiste-qui-se-rend-a-lile-de-paques-et-aussi-au-zimbabwe\\\/#primaryimage\"},\"thumbnailUrl\":\"https:\\\/\\\/interamerica.org\\\/wp-content\\\/uploads\\\/2017\\\/06\\\/wilsonSAD.jpg\",\"articleSection\":[\"Nouvelles de l'\u00c9glise mondiale\",\"RSS Fran\u00e7ais\"],\"inLanguage\":\"fr-FR\"},{\"@type\":\"WebPage\",\"@id\":\"https:\\\/\\\/interamerica.org\\\/fr\\\/2015\\\/05\\\/mois-tres-charge-pour-le-leader-de-leglise-adventiste-qui-se-rend-a-lile-de-paques-et-aussi-au-zimbabwe\\\/\",\"url\":\"https:\\\/\\\/interamerica.org\\\/fr\\\/2015\\\/05\\\/mois-tres-charge-pour-le-leader-de-leglise-adventiste-qui-se-rend-a-lile-de-paques-et-aussi-au-zimbabwe\\\/\",\"name\":\"Mois tr\u00e8s charg\u00e9 pour le leader de l\u2019Eglise Adventiste qui se rend \u00e0 l\u2019Ile de P\u00e2ques et aussi au Zimbabwe - \u00c9glise Adventiste Du Septieme Jour - Inter Am\u00e9rique Division\",\"isPartOf\":{\"@id\":\"https:\\\/\\\/interamerica.org\\\/fr\\\/#website\"},\"primaryImageOfPage\":{\"@id\":\"https:\\\/\\\/interamerica.org\\\/fr\\\/2015\\\/05\\\/mois-tres-charge-pour-le-leader-de-leglise-adventiste-qui-se-rend-a-lile-de-paques-et-aussi-au-zimbabwe\\\/#primaryimage\"},\"image\":{\"@id\":\"https:\\\/\\\/interamerica.org\\\/fr\\\/2015\\\/05\\\/mois-tres-charge-pour-le-leader-de-leglise-adventiste-qui-se-rend-a-lile-de-paques-et-aussi-au-zimbabwe\\\/#primaryimage\"},\"thumbnailUrl\":\"https:\\\/\\\/interamerica.org\\\/wp-content\\\/uploads\\\/2017\\\/06\\\/wilsonSAD.jpg\",\"datePublished\":\"2015-05-06T04:00:00+00:00\",\"author\":{\"@id\":\"https:\\\/\\\/interamerica.org\\\/fr\\\/#\\\/schema\\\/person\\\/68ede8bdc292885bb76c1e3810e73c39\"},\"breadcrumb\":{\"@id\":\"https:\\\/\\\/interamerica.org\\\/fr\\\/2015\\\/05\\\/mois-tres-charge-pour-le-leader-de-leglise-adventiste-qui-se-rend-a-lile-de-paques-et-aussi-au-zimbabwe\\\/#breadcrumb\"},\"inLanguage\":\"fr-FR\",\"potentialAction\":[{\"@type\":\"ReadAction\",\"target\":[\"https:\\\/\\\/interamerica.org\\\/fr\\\/2015\\\/05\\\/mois-tres-charge-pour-le-leader-de-leglise-adventiste-qui-se-rend-a-lile-de-paques-et-aussi-au-zimbabwe\\\/\"]}]},{\"@type\":\"ImageObject\",\"inLanguage\":\"fr-FR\",\"@id\":\"https:\\\/\\\/interamerica.org\\\/fr\\\/2015\\\/05\\\/mois-tres-charge-pour-le-leader-de-leglise-adventiste-qui-se-rend-a-lile-de-paques-et-aussi-au-zimbabwe\\\/#primaryimage\",\"url\":\"https:\\\/\\\/interamerica.org\\\/wp-content\\\/uploads\\\/2017\\\/06\\\/wilsonSAD.jpg\",\"contentUrl\":\"https:\\\/\\\/interamerica.org\\\/wp-content\\\/uploads\\\/2017\\\/06\\\/wilsonSAD.jpg\",\"width\":1280,\"height\":960},{\"@type\":\"BreadcrumbList\",\"@id\":\"https:\\\/\\\/interamerica.org\\\/fr\\\/2015\\\/05\\\/mois-tres-charge-pour-le-leader-de-leglise-adventiste-qui-se-rend-a-lile-de-paques-et-aussi-au-zimbabwe\\\/#breadcrumb\",\"itemListElement\":[{\"@type\":\"ListItem\",\"position\":1,\"name\":\"Home\",\"item\":\"https:\\\/\\\/interamerica.org\\\/fr\\\/\"},{\"@type\":\"ListItem\",\"position\":2,\"name\":\"Mois tr\u00e8s charg\u00e9 pour le leader de l\u2019Eglise Adventiste qui se rend \u00e0 l\u2019Ile de P\u00e2ques et aussi au Zimbabwe\"}]},{\"@type\":\"WebSite\",\"@id\":\"https:\\\/\\\/interamerica.org\\\/fr\\\/#website\",\"url\":\"https:\\\/\\\/interamerica.org\\\/fr\\\/\",\"name\":\"\u00c9glise Adventiste Du Septieme Jour - Inter Am\u00e9rique Division\",\"description\":\"\",\"potentialAction\":[{\"@type\":\"SearchAction\",\"target\":{\"@type\":\"EntryPoint\",\"urlTemplate\":\"https:\\\/\\\/interamerica.org\\\/fr\\\/?s={search_term_string}\"},\"query-input\":{\"@type\":\"PropertyValueSpecification\",\"valueRequired\":true,\"valueName\":\"search_term_string\"}}],\"inLanguage\":\"fr-FR\"},{\"@type\":\"Person\",\"@id\":\"https:\\\/\\\/interamerica.org\\\/fr\\\/#\\\/schema\\\/person\\\/68ede8bdc292885bb76c1e3810e73c39\",\"name\":\"Lorenzo Verduzco\",\"image\":{\"@type\":\"ImageObject\",\"inLanguage\":\"fr-FR\",\"@id\":\"https:\\\/\\\/secure.gravatar.com\\\/avatar\\\/fb81a55b6218459490a9c1dc841a34909185b81904c5337b4b27f7a6fd60c49e?s=96&d=mm&r=g\",\"url\":\"https:\\\/\\\/secure.gravatar.com\\\/avatar\\\/fb81a55b6218459490a9c1dc841a34909185b81904c5337b4b27f7a6fd60c49e?s=96&d=mm&r=g\",\"contentUrl\":\"https:\\\/\\\/secure.gravatar.com\\\/avatar\\\/fb81a55b6218459490a9c1dc841a34909185b81904c5337b4b27f7a6fd60c49e?s=96&d=mm&r=g\",\"caption\":\"Lorenzo Verduzco\"}}]}<\/script>\n<!-- \/ Yoast SEO plugin. -->","yoast_head_json":{"title":"Mois tr\u00e8s charg\u00e9 pour le leader de l\u2019Eglise Adventiste qui se rend \u00e0 l\u2019Ile de P\u00e2ques et aussi au Zimbabwe - \u00c9glise Adventiste Du Septieme Jour - Inter Am\u00e9rique Division","robots":{"index":"index","follow":"follow","max-snippet":"max-snippet:-1","max-image-preview":"max-image-preview:large","max-video-preview":"max-video-preview:-1"},"canonical":"https:\/\/interamerica.org\/fr\/2015\/05\/mois-tres-charge-pour-le-leader-de-leglise-adventiste-qui-se-rend-a-lile-de-paques-et-aussi-au-zimbabwe\/","og_locale":"fr_FR","og_type":"article","og_title":"Mois tr\u00e8s charg\u00e9 pour le leader de l\u2019Eglise Adventiste qui se rend \u00e0 l\u2019Ile de P\u00e2ques et aussi au Zimbabwe - \u00c9glise Adventiste Du Septieme Jour - Inter Am\u00e9rique Division","og_description":"Le leader de l\u2019Eglise Adventiste, Ted N.C. Wilson, s\u2019est embarqu\u00e9 pour un p\u00e9riple sud am\u00e9ricain au cours duquel il prendra la parole 26 fois en l\u2019espace de 11 jours \u00e0 l\u2019occasion de bapt\u00eames, de d\u00e9fil\u00e9s et d\u2019inaugurations de b\u00e2timents du P\u00e9rou \u00e0 l\u2019Ile de P\u00e2ques. Ce rythme fr\u00e9n\u00e9tique sera maintenu m\u00eame apr\u00e8s le voyage. Quelques jours apr\u00e8s son retour au si\u00e8ge de l\u2019Eglise Adventiste mondiale aux Etats Unis, Ted Wilson se rendra au Zimbabwe pour une campagne d\u2019\u00e9vang\u00e9lisation de deux semaines.","og_url":"https:\/\/interamerica.org\/fr\/2015\/05\/mois-tres-charge-pour-le-leader-de-leglise-adventiste-qui-se-rend-a-lile-de-paques-et-aussi-au-zimbabwe\/","og_site_name":"\u00c9glise Adventiste Du Septieme Jour - Inter Am\u00e9rique Division","article_published_time":"2015-05-06T04:00:00+00:00","og_image":[{"width":1280,"height":960,"url":"https:\/\/interamerica.org\/wp-content\/uploads\/2017\/06\/wilsonSAD.jpg","type":"image\/jpeg"}],"author":"Lorenzo Verduzco","twitter_card":"summary_large_image","twitter_misc":{"\u00c9crit par":"Lorenzo Verduzco","Dur\u00e9e de lecture estim\u00e9e":"7 minutes"},"schema":{"@context":"https:\/\/schema.org","@graph":[{"@type":"Article","@id":"https:\/\/interamerica.org\/fr\/2015\/05\/mois-tres-charge-pour-le-leader-de-leglise-adventiste-qui-se-rend-a-lile-de-paques-et-aussi-au-zimbabwe\/#article","isPartOf":{"@id":"https:\/\/interamerica.org\/fr\/2015\/05\/mois-tres-charge-pour-le-leader-de-leglise-adventiste-qui-se-rend-a-lile-de-paques-et-aussi-au-zimbabwe\/"},"author":{"name":"Lorenzo Verduzco","@id":"https:\/\/interamerica.org\/fr\/#\/schema\/person\/68ede8bdc292885bb76c1e3810e73c39"},"headline":"Mois tr\u00e8s charg\u00e9 pour le leader de l\u2019Eglise Adventiste qui se rend \u00e0 l\u2019Ile de P\u00e2ques et aussi au Zimbabwe","datePublished":"2015-05-06T04:00:00+00:00","mainEntityOfPage":{"@id":"https:\/\/interamerica.org\/fr\/2015\/05\/mois-tres-charge-pour-le-leader-de-leglise-adventiste-qui-se-rend-a-lile-de-paques-et-aussi-au-zimbabwe\/"},"wordCount":1351,"image":{"@id":"https:\/\/interamerica.org\/fr\/2015\/05\/mois-tres-charge-pour-le-leader-de-leglise-adventiste-qui-se-rend-a-lile-de-paques-et-aussi-au-zimbabwe\/#primaryimage"},"thumbnailUrl":"https:\/\/interamerica.org\/wp-content\/uploads\/2017\/06\/wilsonSAD.jpg","articleSection":["Nouvelles de l'\u00c9glise mondiale","RSS Fran\u00e7ais"],"inLanguage":"fr-FR"},{"@type":"WebPage","@id":"https:\/\/interamerica.org\/fr\/2015\/05\/mois-tres-charge-pour-le-leader-de-leglise-adventiste-qui-se-rend-a-lile-de-paques-et-aussi-au-zimbabwe\/","url":"https:\/\/interamerica.org\/fr\/2015\/05\/mois-tres-charge-pour-le-leader-de-leglise-adventiste-qui-se-rend-a-lile-de-paques-et-aussi-au-zimbabwe\/","name":"Mois tr\u00e8s charg\u00e9 pour le leader de l\u2019Eglise Adventiste qui se rend \u00e0 l\u2019Ile de P\u00e2ques et aussi au Zimbabwe - \u00c9glise Adventiste Du Septieme Jour - Inter Am\u00e9rique Division","isPartOf":{"@id":"https:\/\/interamerica.org\/fr\/#website"},"primaryImageOfPage":{"@id":"https:\/\/interamerica.org\/fr\/2015\/05\/mois-tres-charge-pour-le-leader-de-leglise-adventiste-qui-se-rend-a-lile-de-paques-et-aussi-au-zimbabwe\/#primaryimage"},"image":{"@id":"https:\/\/interamerica.org\/fr\/2015\/05\/mois-tres-charge-pour-le-leader-de-leglise-adventiste-qui-se-rend-a-lile-de-paques-et-aussi-au-zimbabwe\/#primaryimage"},"thumbnailUrl":"https:\/\/interamerica.org\/wp-content\/uploads\/2017\/06\/wilsonSAD.jpg","datePublished":"2015-05-06T04:00:00+00:00","author":{"@id":"https:\/\/interamerica.org\/fr\/#\/schema\/person\/68ede8bdc292885bb76c1e3810e73c39"},"breadcrumb":{"@id":"https:\/\/interamerica.org\/fr\/2015\/05\/mois-tres-charge-pour-le-leader-de-leglise-adventiste-qui-se-rend-a-lile-de-paques-et-aussi-au-zimbabwe\/#breadcrumb"},"inLanguage":"fr-FR","potentialAction":[{"@type":"ReadAction","target":["https:\/\/interamerica.org\/fr\/2015\/05\/mois-tres-charge-pour-le-leader-de-leglise-adventiste-qui-se-rend-a-lile-de-paques-et-aussi-au-zimbabwe\/"]}]},{"@type":"ImageObject","inLanguage":"fr-FR","@id":"https:\/\/interamerica.org\/fr\/2015\/05\/mois-tres-charge-pour-le-leader-de-leglise-adventiste-qui-se-rend-a-lile-de-paques-et-aussi-au-zimbabwe\/#primaryimage","url":"https:\/\/interamerica.org\/wp-content\/uploads\/2017\/06\/wilsonSAD.jpg","contentUrl":"https:\/\/interamerica.org\/wp-content\/uploads\/2017\/06\/wilsonSAD.jpg","width":1280,"height":960},{"@type":"BreadcrumbList","@id":"https:\/\/interamerica.org\/fr\/2015\/05\/mois-tres-charge-pour-le-leader-de-leglise-adventiste-qui-se-rend-a-lile-de-paques-et-aussi-au-zimbabwe\/#breadcrumb","itemListElement":[{"@type":"ListItem","position":1,"name":"Home","item":"https:\/\/interamerica.org\/fr\/"},{"@type":"ListItem","position":2,"name":"Mois tr\u00e8s charg\u00e9 pour le leader de l\u2019Eglise Adventiste qui se rend \u00e0 l\u2019Ile de P\u00e2ques et aussi au Zimbabwe"}]},{"@type":"WebSite","@id":"https:\/\/interamerica.org\/fr\/#website","url":"https:\/\/interamerica.org\/fr\/","name":"\u00c9glise Adventiste Du Septieme Jour - Inter Am\u00e9rique Division","description":"","potentialAction":[{"@type":"SearchAction","target":{"@type":"EntryPoint","urlTemplate":"https:\/\/interamerica.org\/fr\/?s={search_term_string}"},"query-input":{"@type":"PropertyValueSpecification","valueRequired":true,"valueName":"search_term_string"}}],"inLanguage":"fr-FR"},{"@type":"Person","@id":"https:\/\/interamerica.org\/fr\/#\/schema\/person\/68ede8bdc292885bb76c1e3810e73c39","name":"Lorenzo Verduzco","image":{"@type":"ImageObject","inLanguage":"fr-FR","@id":"https:\/\/secure.gravatar.com\/avatar\/fb81a55b6218459490a9c1dc841a34909185b81904c5337b4b27f7a6fd60c49e?s=96&d=mm&r=g","url":"https:\/\/secure.gravatar.com\/avatar\/fb81a55b6218459490a9c1dc841a34909185b81904c5337b4b27f7a6fd60c49e?s=96&d=mm&r=g","contentUrl":"https:\/\/secure.gravatar.com\/avatar\/fb81a55b6218459490a9c1dc841a34909185b81904c5337b4b27f7a6fd60c49e?s=96&d=mm&r=g","caption":"Lorenzo Verduzco"}}]}},"_links":{"self":[{"href":"https:\/\/interamerica.org\/fr\/wp-json\/wp\/v2\/posts\/32263","targetHints":{"allow":["GET"]}}],"collection":[{"href":"https:\/\/interamerica.org\/fr\/wp-json\/wp\/v2\/posts"}],"about":[{"href":"https:\/\/interamerica.org\/fr\/wp-json\/wp\/v2\/types\/post"}],"author":[{"embeddable":true,"href":"https:\/\/interamerica.org\/fr\/wp-json\/wp\/v2\/users\/1"}],"replies":[{"embeddable":true,"href":"https:\/\/interamerica.org\/fr\/wp-json\/wp\/v2\/comments?post=32263"}],"version-history":[{"count":0,"href":"https:\/\/interamerica.org\/fr\/wp-json\/wp\/v2\/posts\/32263\/revisions"}],"wp:featuredmedia":[{"embeddable":true,"href":"https:\/\/interamerica.org\/fr\/wp-json\/wp\/v2\/media\/25194"}],"wp:attachment":[{"href":"https:\/\/interamerica.org\/fr\/wp-json\/wp\/v2\/media?parent=32263"}],"wp:term":[{"taxonomy":"category","embeddable":true,"href":"https:\/\/interamerica.org\/fr\/wp-json\/wp\/v2\/categories?post=32263"},{"taxonomy":"post_tag","embeddable":true,"href":"https:\/\/interamerica.org\/fr\/wp-json\/wp\/v2\/tags?post=32263"}],"curies":[{"name":"wp","href":"https:\/\/api.w.org\/{rel}","templated":true}]}}