{"id":32265,"date":"2015-05-09T00:00:00","date_gmt":"2015-05-09T04:00:00","guid":{"rendered":"http:\/\/192.81.217.108\/interamerica\/2015\/05\/en-inter-amerique-la-direction-de-leglise-inaugure-une-nouvelle-aile-au-siege-de-leglise\/"},"modified":"2015-05-09T00:00:00","modified_gmt":"2015-05-09T04:00:00","slug":"en-inter-amerique-la-direction-de-leglise-inaugure-une-nouvelle-aile-au-siege-de-leglise","status":"publish","type":"post","link":"https:\/\/interamerica.org\/fr\/2015\/05\/en-inter-amerique-la-direction-de-leglise-inaugure-une-nouvelle-aile-au-siege-de-leglise\/","title":{"rendered":"En Inter Am\u00e9rique, la direction de l\u2019\u00e9glise inaugure une nouvelle aile au si\u00e8ge de l\u2019\u00e9glise"},"content":{"rendered":"<div id=\"attachment_16784\" style=\"width: 650px\" class=\"wp-caption aligncenter\"><a href=\"\/interamerica\/wp-content\/uploads\/2017\/06\/17425839336_b7909cd6e1_z-2.jpg\" rel=\"fancybox\" title=\"En Inter Am\u00e9rique, la direction de l\u2019\u00e9glise inaugure une nouvelle aile au si\u00e8ge de l\u2019\u00e9glise\"><img fetchpriority=\"high\" decoding=\"async\" aria-describedby=\"caption-attachment-16784\" class=\"size-full wp-image-16784\" src=\"\/interamerica\/wp-content\/uploads\/2017\/06\/17425839336_b7909cd6e1_z-2.jpg\" alt=\"\" width=\"640\" height=\"426\" \/><\/a><p id=\"caption-attachment-16784\" class=\"wp-caption-text\">De gauche \u00e0 droite : Hilda Montero, Faye Patterson du bureau de la DIA, Moises Reyna de l\u2019Union Mexicaine Inter Oc\u00e9anique et Myrna Costa du bureau de la DIA, coupent le ruban lors de la c\u00e9r\u00e9monie d\u2019inauguration de la nouvelle extension de deux \u00e9tages au si\u00e8ge de la Division Inter Am\u00e9ricaine \u00e0 Miami en Floride le 8 mai dernier. Les principaux dirigeants de l\u2019\u00e9glise ont visit\u00e9 la nouvelle aile qui comprend six bureaux, une salle de conf\u00e9rence et une grande salle de stockage. Image de Libna Stevens\/DIA.<\/p><\/div>\n<p>9 Mai 2015 \u2013 Miami, Floride, Etats Unis \u2013 Libna Stevens\/DIA<\/p>\n<p>Les principaux leaders de l\u2019Eglise Adventiste du Septi\u00e8me Jour en Inter Am\u00e9rique ont inaugur\u00e9 des bureaux ainsi qu\u2019un complexe de stockage dans la nouvelle aile sud-ouest au si\u00e8ge de l\u2019organisation \u00e0 Miami en Floride lors d\u2019une c\u00e9r\u00e9monie sp\u00e9ciale qui s\u2019est d\u00e9roul\u00e9e hier.<\/p>\n<p>Des dizaines de leaders venus de tout le territoire de la Division Inter Am\u00e9ricaine (DIA) ont assist\u00e9 \u00e0 la d\u00e9dicace sp\u00e9ciale lors des pr\u00e9-rencontres du comit\u00e9 ex\u00e9cutif qui d\u00e9bute ses rencontres cette semaine.<\/p>\n<p>Cette nouvelle extension de 290 m\u00e8tres carr\u00e9s comprend six nouveaux bureaux, une salle de conf\u00e9rence, un espace de travail modulaire et de la place pour plus de bureaux modulaires au deuxi\u00e8me \u00e9tage, mais aussi une grande salle de stockage au premier \u00e9tage.<\/p>\n<div id=\"attachment_16785\" style=\"width: 388px\" class=\"wp-caption alignleft\"><a href=\"\/interamerica\/wp-content\/uploads\/2017\/06\/AERIAL-FINAL-2-REV600.png\" rel=\"fancybox\" title=\"En Inter Am\u00e9rique, la direction de l\u2019\u00e9glise inaugure une nouvelle aile au si\u00e8ge de l\u2019\u00e9glise\"><img decoding=\"async\" aria-describedby=\"caption-attachment-16785\" class=\" wp-image-16785  \" src=\"\/interamerica\/wp-content\/uploads\/2017\/06\/AERIAL-FINAL-2-REV600.png\" alt=\"\" width=\"378\" height=\"215\" \/><\/a><p id=\"caption-attachment-16785\" class=\"wp-caption-text\">Photo montrant l\u2019ach\u00e8vement de l\u2019extension de l\u2019aile sud-ouest au si\u00e8ge de la DIA \u00e0 Miami en Floride. Image de Luis Casta\u00f1eda\/3L Builders Corp.<\/p><\/div>\n<p>La nouvelle aile est n\u00e9e suite au besoin qu\u2019il y avait d\u2019avoir un grand espace de stockage, d\u2019apr\u00e8s pasteur Isra\u00ebl Leito, pr\u00e9sident de l\u2019Eglise Adventiste en Inter Am\u00e9rique.<\/p>\n<p>\u00ab Lorsque les bureaux de cette division ont \u00e9t\u00e9 construits en l\u2019an 2000, l\u2019\u00e9glise comptait 12 unions et la strat\u00e9gie \u00e9tait de ne pas inclure un espace de stockage qui h\u00e9bergerait du mat\u00e9riel pour tr\u00e8s longtemps, \u00bb a t-il dit. \u00ab Mais alors que le territoire se d\u00e9veloppait, cela nous a pouss\u00e9 \u00e0 louer des containers plac\u00e9s \u00e0 l\u2019arri\u00e8re du b\u00e2timent. \u00bb<\/p>\n<p>Aujourd\u2019hui le territoire de la DIA compte 24 r\u00e9gions majeures, d\u2019o\u00f9 l\u2019\u00e9laboration des plans pour la construction de la nouvelle aile \u2013 et d\u2019un espace de stockage \u2013 a expliqu\u00e9 pasteur Leito.<\/p>\n<p>Le tr\u00e9sorier Filiberto Verduzco a f\u00e9licit\u00e9 les architectes Luis Casta\u00f1eda de la 3L Builders Corporation et Elizabeth Henry, employ\u00e9e par la DIA, pour leur travail appr\u00e9ciable dans la r\u00e9alisation de l\u2019extension.<\/p>\n<div id=\"attachment_16786\" style=\"width: 394px\" class=\"wp-caption alignleft\"><a href=\"\/interamerica\/wp-content\/uploads\/2017\/06\/IADarchitects.png\" rel=\"fancybox\" title=\"En Inter Am\u00e9rique, la direction de l\u2019\u00e9glise inaugure une nouvelle aile au si\u00e8ge de l\u2019\u00e9glise\"><img decoding=\"async\" aria-describedby=\"caption-attachment-16786\" class=\" wp-image-16786 \" src=\"\/interamerica\/wp-content\/uploads\/2017\/06\/IADarchitects.png\" alt=\"\" width=\"384\" height=\"251\" \/><\/a><p id=\"caption-attachment-16786\" class=\"wp-caption-text\">Les architectes Elizabeth Henry et Luis Casta\u00f1eda posent pour une photo au second \u00e9tage apr\u00e8s la c\u00e9r\u00e9monie sp\u00e9ciale d\u2019inauguration de la nouvelle aile. Image de Libna Stevens.<\/p><\/div>\n<p>Dans le cadre de l\u2019extension, la toiture a d\u00fb \u00eatre refaite, tout comme a d\u00fb l\u2019\u00eatre le rev\u00eatement du sol, a dit Filiberto Verduzco.<\/p>\n<p>\u00ab Nous sommes heureux de d\u00e9dicacer cette nouvelle extension du b\u00e2timent au Seigneur pour la bonne utilisation de cette structure, de telle sorte que Dieu puisse b\u00e9nir le travail r\u00e9alis\u00e9 dans cette partie du b\u00e2timent, \u00bb a dit fr\u00e8re Verduzco.<\/p>\n<p>L\u2019extension devient la deuxi\u00e8me addition faite au b\u00e2timent d\u2019origine. En 2010, sept nouveaux bureaux et cinq espaces de travail modulaires ont \u00e9t\u00e9 construits au deuxi\u00e8me \u00e9tage au dessus de l\u2019auditorium et du hall de rencontres sociales dans l\u2019aile sud-est. L\u2019auditorium et le hall de rencontres sociales ont \u00e9galement \u00e9t\u00e9 remodel\u00e9s \u00e0 cette occasion.<\/p>\n<div id=\"attachment_16787\" style=\"width: 394px\" class=\"wp-caption alignright\"><a href=\"\/interamerica\/wp-content\/uploads\/2017\/06\/Wingtouring.png\" rel=\"fancybox\" title=\"En Inter Am\u00e9rique, la direction de l\u2019\u00e9glise inaugure une nouvelle aile au si\u00e8ge de l\u2019\u00e9glise\"><img loading=\"lazy\" decoding=\"async\" aria-describedby=\"caption-attachment-16787\" class=\" wp-image-16787 \" src=\"\/interamerica\/wp-content\/uploads\/2017\/06\/Wingtouring.png\" alt=\"\" width=\"384\" height=\"256\" \/><\/a><p id=\"caption-attachment-16787\" class=\"wp-caption-text\">Les leaders de l\u2019\u00e9glise venus de toute la Division Inter Am\u00e9ricaine visitent la nouvelle aile au deuxi\u00e8me \u00e9tage. Image de Libna Stevens\/DIA<\/p><\/div>\n<p>Avec le nouveau complexe de l\u2019aile du sud-ouest, le b\u00e2timent du si\u00e8ge de la DIA comprend 51 bureaux, 34 postes de travail modulaires, quatre salles de conf\u00e9rence, deux ateliers, un auditorium de 192 places, une salle de rencontres sociales, un salon pour les employ\u00e9s et une salle audiovisuelle.<\/p>\n<p>La Division Inter Am\u00e9ricaine supervise l\u2019\u0153uvre de l\u2019Eglise Adventiste du Septi\u00e8me Jour au Mexique, en Am\u00e9rique Centrale, dans la Cara\u00efbe, dans les Antilles Fran\u00e7aises, en Colombie et au Venezuela. La division compte 3,67 millions de membres qui se r\u00e9unissent pour adorer dans plus de 20000 \u00e9glises et groupes.<\/p>\n<p>Pour voir des photos de la c\u00e9r\u00e9monie d\u2019inauguration du 8 mai 2015, cliquez ICI.<\/p>\n<p>Traduction: Patrick Luciathe<\/p>\n","protected":false},"excerpt":{"rendered":"<p>Les principaux leaders de l\u2019Eglise Adventiste du Septi\u00e8me Jour en Inter Am\u00e9rique ont inaugur\u00e9 des bureaux ainsi qu\u2019un complexe de stockage dans la nouvelle aile sud-ouest au si\u00e8ge de l\u2019organisation \u00e0 Miami en Floride lors d\u2019une c\u00e9r\u00e9monie sp\u00e9ciale qui s\u2019est d\u00e9roul\u00e9e hier. Des dizaines de leaders venus de tout le territoire de la Division Inter Am\u00e9ricaine (DIA) ont assist\u00e9 \u00e0 la d\u00e9dicace sp\u00e9ciale lors des pr\u00e9-rencontres du comit\u00e9 ex\u00e9cutif qui d\u00e9bute ses rencontres cette semaine.<\/p>\n","protected":false},"author":1,"featured_media":25240,"comment_status":"closed","ping_status":"closed","sticky":false,"template":"","format":"standard","meta":{"_acf_changed":false,"footnotes":""},"categories":[20,19],"tags":[],"class_list":["post-32265","post","type-post","status-publish","format-standard","has-post-thumbnail","hentry","category-nouvelles-du-siege-de-la-division","category-rss-francais"],"acf":[],"yoast_head":"<!-- This site is optimized with the Yoast SEO plugin v27.3 - https:\/\/yoast.com\/product\/yoast-seo-wordpress\/ -->\n<title>En Inter Am\u00e9rique, la direction de l\u2019\u00e9glise inaugure une nouvelle aile au si\u00e8ge de l\u2019\u00e9glise - \u00c9glise Adventiste Du Septieme Jour - Inter Am\u00e9rique Division<\/title>\n<meta name=\"robots\" content=\"index, follow, max-snippet:-1, max-image-preview:large, max-video-preview:-1\" \/>\n<link rel=\"canonical\" href=\"https:\/\/interamerica.org\/fr\/2015\/05\/en-inter-amerique-la-direction-de-leglise-inaugure-une-nouvelle-aile-au-siege-de-leglise\/\" \/>\n<meta property=\"og:locale\" content=\"fr_FR\" \/>\n<meta property=\"og:type\" content=\"article\" \/>\n<meta property=\"og:title\" content=\"En Inter Am\u00e9rique, la direction de l\u2019\u00e9glise inaugure une nouvelle aile au si\u00e8ge de l\u2019\u00e9glise - \u00c9glise Adventiste Du Septieme Jour - Inter Am\u00e9rique Division\" \/>\n<meta property=\"og:description\" content=\"Les principaux leaders de l\u2019Eglise Adventiste du Septi\u00e8me Jour en Inter Am\u00e9rique ont inaugur\u00e9 des bureaux ainsi qu\u2019un complexe de stockage dans la nouvelle aile sud-ouest au si\u00e8ge de l\u2019organisation \u00e0 Miami en Floride lors d\u2019une c\u00e9r\u00e9monie sp\u00e9ciale qui s\u2019est d\u00e9roul\u00e9e hier. Des dizaines de leaders venus de tout le territoire de la Division Inter Am\u00e9ricaine (DIA) ont assist\u00e9 \u00e0 la d\u00e9dicace sp\u00e9ciale lors des pr\u00e9-rencontres du comit\u00e9 ex\u00e9cutif qui d\u00e9bute ses rencontres cette semaine.\" \/>\n<meta property=\"og:url\" content=\"https:\/\/interamerica.org\/fr\/2015\/05\/en-inter-amerique-la-direction-de-leglise-inaugure-une-nouvelle-aile-au-siege-de-leglise\/\" \/>\n<meta property=\"og:site_name\" content=\"\u00c9glise Adventiste Du Septieme Jour - Inter Am\u00e9rique Division\" \/>\n<meta property=\"article:published_time\" content=\"2015-05-09T04:00:00+00:00\" \/>\n<meta property=\"og:image\" content=\"https:\/\/interamerica.org\/wp-content\/uploads\/2017\/06\/17425839336_b7909cd6e1_z-2.jpg\" \/>\n\t<meta property=\"og:image:width\" content=\"640\" \/>\n\t<meta property=\"og:image:height\" content=\"426\" \/>\n\t<meta property=\"og:image:type\" content=\"image\/jpeg\" \/>\n<meta name=\"author\" content=\"Lorenzo Verduzco\" \/>\n<meta name=\"twitter:card\" content=\"summary_large_image\" \/>\n<meta name=\"twitter:label1\" content=\"\u00c9crit par\" \/>\n\t<meta name=\"twitter:data1\" content=\"Lorenzo Verduzco\" \/>\n\t<meta name=\"twitter:label2\" content=\"Dur\u00e9e de lecture estim\u00e9e\" \/>\n\t<meta name=\"twitter:data2\" content=\"4 minutes\" \/>\n<script type=\"application\/ld+json\" class=\"yoast-schema-graph\">{\"@context\":\"https:\\\/\\\/schema.org\",\"@graph\":[{\"@type\":\"Article\",\"@id\":\"https:\\\/\\\/interamerica.org\\\/fr\\\/2015\\\/05\\\/en-inter-amerique-la-direction-de-leglise-inaugure-une-nouvelle-aile-au-siege-de-leglise\\\/#article\",\"isPartOf\":{\"@id\":\"https:\\\/\\\/interamerica.org\\\/fr\\\/2015\\\/05\\\/en-inter-amerique-la-direction-de-leglise-inaugure-une-nouvelle-aile-au-siege-de-leglise\\\/\"},\"author\":{\"name\":\"Lorenzo Verduzco\",\"@id\":\"https:\\\/\\\/interamerica.org\\\/fr\\\/#\\\/schema\\\/person\\\/68ede8bdc292885bb76c1e3810e73c39\"},\"headline\":\"En Inter Am\u00e9rique, la direction de l\u2019\u00e9glise inaugure une nouvelle aile au si\u00e8ge de l\u2019\u00e9glise\",\"datePublished\":\"2015-05-09T04:00:00+00:00\",\"mainEntityOfPage\":{\"@id\":\"https:\\\/\\\/interamerica.org\\\/fr\\\/2015\\\/05\\\/en-inter-amerique-la-direction-de-leglise-inaugure-une-nouvelle-aile-au-siege-de-leglise\\\/\"},\"wordCount\":800,\"image\":{\"@id\":\"https:\\\/\\\/interamerica.org\\\/fr\\\/2015\\\/05\\\/en-inter-amerique-la-direction-de-leglise-inaugure-une-nouvelle-aile-au-siege-de-leglise\\\/#primaryimage\"},\"thumbnailUrl\":\"https:\\\/\\\/interamerica.org\\\/wp-content\\\/uploads\\\/2017\\\/06\\\/17425839336_b7909cd6e1_z-2.jpg\",\"articleSection\":[\"Nouvelles du si\u00e8ge de la division\",\"RSS Fran\u00e7ais\"],\"inLanguage\":\"fr-FR\"},{\"@type\":\"WebPage\",\"@id\":\"https:\\\/\\\/interamerica.org\\\/fr\\\/2015\\\/05\\\/en-inter-amerique-la-direction-de-leglise-inaugure-une-nouvelle-aile-au-siege-de-leglise\\\/\",\"url\":\"https:\\\/\\\/interamerica.org\\\/fr\\\/2015\\\/05\\\/en-inter-amerique-la-direction-de-leglise-inaugure-une-nouvelle-aile-au-siege-de-leglise\\\/\",\"name\":\"En Inter Am\u00e9rique, la direction de l\u2019\u00e9glise inaugure une nouvelle aile au si\u00e8ge de l\u2019\u00e9glise - \u00c9glise Adventiste Du Septieme Jour - Inter Am\u00e9rique Division\",\"isPartOf\":{\"@id\":\"https:\\\/\\\/interamerica.org\\\/fr\\\/#website\"},\"primaryImageOfPage\":{\"@id\":\"https:\\\/\\\/interamerica.org\\\/fr\\\/2015\\\/05\\\/en-inter-amerique-la-direction-de-leglise-inaugure-une-nouvelle-aile-au-siege-de-leglise\\\/#primaryimage\"},\"image\":{\"@id\":\"https:\\\/\\\/interamerica.org\\\/fr\\\/2015\\\/05\\\/en-inter-amerique-la-direction-de-leglise-inaugure-une-nouvelle-aile-au-siege-de-leglise\\\/#primaryimage\"},\"thumbnailUrl\":\"https:\\\/\\\/interamerica.org\\\/wp-content\\\/uploads\\\/2017\\\/06\\\/17425839336_b7909cd6e1_z-2.jpg\",\"datePublished\":\"2015-05-09T04:00:00+00:00\",\"author\":{\"@id\":\"https:\\\/\\\/interamerica.org\\\/fr\\\/#\\\/schema\\\/person\\\/68ede8bdc292885bb76c1e3810e73c39\"},\"breadcrumb\":{\"@id\":\"https:\\\/\\\/interamerica.org\\\/fr\\\/2015\\\/05\\\/en-inter-amerique-la-direction-de-leglise-inaugure-une-nouvelle-aile-au-siege-de-leglise\\\/#breadcrumb\"},\"inLanguage\":\"fr-FR\",\"potentialAction\":[{\"@type\":\"ReadAction\",\"target\":[\"https:\\\/\\\/interamerica.org\\\/fr\\\/2015\\\/05\\\/en-inter-amerique-la-direction-de-leglise-inaugure-une-nouvelle-aile-au-siege-de-leglise\\\/\"]}]},{\"@type\":\"ImageObject\",\"inLanguage\":\"fr-FR\",\"@id\":\"https:\\\/\\\/interamerica.org\\\/fr\\\/2015\\\/05\\\/en-inter-amerique-la-direction-de-leglise-inaugure-une-nouvelle-aile-au-siege-de-leglise\\\/#primaryimage\",\"url\":\"https:\\\/\\\/interamerica.org\\\/wp-content\\\/uploads\\\/2017\\\/06\\\/17425839336_b7909cd6e1_z-2.jpg\",\"contentUrl\":\"https:\\\/\\\/interamerica.org\\\/wp-content\\\/uploads\\\/2017\\\/06\\\/17425839336_b7909cd6e1_z-2.jpg\",\"width\":640,\"height\":426},{\"@type\":\"BreadcrumbList\",\"@id\":\"https:\\\/\\\/interamerica.org\\\/fr\\\/2015\\\/05\\\/en-inter-amerique-la-direction-de-leglise-inaugure-une-nouvelle-aile-au-siege-de-leglise\\\/#breadcrumb\",\"itemListElement\":[{\"@type\":\"ListItem\",\"position\":1,\"name\":\"Home\",\"item\":\"https:\\\/\\\/interamerica.org\\\/fr\\\/\"},{\"@type\":\"ListItem\",\"position\":2,\"name\":\"En Inter Am\u00e9rique, la direction de l\u2019\u00e9glise inaugure une nouvelle aile au si\u00e8ge de l\u2019\u00e9glise\"}]},{\"@type\":\"WebSite\",\"@id\":\"https:\\\/\\\/interamerica.org\\\/fr\\\/#website\",\"url\":\"https:\\\/\\\/interamerica.org\\\/fr\\\/\",\"name\":\"\u00c9glise Adventiste Du Septieme Jour - Inter Am\u00e9rique Division\",\"description\":\"\",\"potentialAction\":[{\"@type\":\"SearchAction\",\"target\":{\"@type\":\"EntryPoint\",\"urlTemplate\":\"https:\\\/\\\/interamerica.org\\\/fr\\\/?s={search_term_string}\"},\"query-input\":{\"@type\":\"PropertyValueSpecification\",\"valueRequired\":true,\"valueName\":\"search_term_string\"}}],\"inLanguage\":\"fr-FR\"},{\"@type\":\"Person\",\"@id\":\"https:\\\/\\\/interamerica.org\\\/fr\\\/#\\\/schema\\\/person\\\/68ede8bdc292885bb76c1e3810e73c39\",\"name\":\"Lorenzo Verduzco\",\"image\":{\"@type\":\"ImageObject\",\"inLanguage\":\"fr-FR\",\"@id\":\"https:\\\/\\\/secure.gravatar.com\\\/avatar\\\/fb81a55b6218459490a9c1dc841a34909185b81904c5337b4b27f7a6fd60c49e?s=96&d=mm&r=g\",\"url\":\"https:\\\/\\\/secure.gravatar.com\\\/avatar\\\/fb81a55b6218459490a9c1dc841a34909185b81904c5337b4b27f7a6fd60c49e?s=96&d=mm&r=g\",\"contentUrl\":\"https:\\\/\\\/secure.gravatar.com\\\/avatar\\\/fb81a55b6218459490a9c1dc841a34909185b81904c5337b4b27f7a6fd60c49e?s=96&d=mm&r=g\",\"caption\":\"Lorenzo Verduzco\"}}]}<\/script>\n<!-- \/ Yoast SEO plugin. -->","yoast_head_json":{"title":"En Inter Am\u00e9rique, la direction de l\u2019\u00e9glise inaugure une nouvelle aile au si\u00e8ge de l\u2019\u00e9glise - \u00c9glise Adventiste Du Septieme Jour - Inter Am\u00e9rique Division","robots":{"index":"index","follow":"follow","max-snippet":"max-snippet:-1","max-image-preview":"max-image-preview:large","max-video-preview":"max-video-preview:-1"},"canonical":"https:\/\/interamerica.org\/fr\/2015\/05\/en-inter-amerique-la-direction-de-leglise-inaugure-une-nouvelle-aile-au-siege-de-leglise\/","og_locale":"fr_FR","og_type":"article","og_title":"En Inter Am\u00e9rique, la direction de l\u2019\u00e9glise inaugure une nouvelle aile au si\u00e8ge de l\u2019\u00e9glise - \u00c9glise Adventiste Du Septieme Jour - Inter Am\u00e9rique Division","og_description":"Les principaux leaders de l\u2019Eglise Adventiste du Septi\u00e8me Jour en Inter Am\u00e9rique ont inaugur\u00e9 des bureaux ainsi qu\u2019un complexe de stockage dans la nouvelle aile sud-ouest au si\u00e8ge de l\u2019organisation \u00e0 Miami en Floride lors d\u2019une c\u00e9r\u00e9monie sp\u00e9ciale qui s\u2019est d\u00e9roul\u00e9e hier. Des dizaines de leaders venus de tout le territoire de la Division Inter Am\u00e9ricaine (DIA) ont assist\u00e9 \u00e0 la d\u00e9dicace sp\u00e9ciale lors des pr\u00e9-rencontres du comit\u00e9 ex\u00e9cutif qui d\u00e9bute ses rencontres cette semaine.","og_url":"https:\/\/interamerica.org\/fr\/2015\/05\/en-inter-amerique-la-direction-de-leglise-inaugure-une-nouvelle-aile-au-siege-de-leglise\/","og_site_name":"\u00c9glise Adventiste Du Septieme Jour - Inter Am\u00e9rique Division","article_published_time":"2015-05-09T04:00:00+00:00","og_image":[{"width":640,"height":426,"url":"https:\/\/interamerica.org\/wp-content\/uploads\/2017\/06\/17425839336_b7909cd6e1_z-2.jpg","type":"image\/jpeg"}],"author":"Lorenzo Verduzco","twitter_card":"summary_large_image","twitter_misc":{"\u00c9crit par":"Lorenzo Verduzco","Dur\u00e9e de lecture estim\u00e9e":"4 minutes"},"schema":{"@context":"https:\/\/schema.org","@graph":[{"@type":"Article","@id":"https:\/\/interamerica.org\/fr\/2015\/05\/en-inter-amerique-la-direction-de-leglise-inaugure-une-nouvelle-aile-au-siege-de-leglise\/#article","isPartOf":{"@id":"https:\/\/interamerica.org\/fr\/2015\/05\/en-inter-amerique-la-direction-de-leglise-inaugure-une-nouvelle-aile-au-siege-de-leglise\/"},"author":{"name":"Lorenzo Verduzco","@id":"https:\/\/interamerica.org\/fr\/#\/schema\/person\/68ede8bdc292885bb76c1e3810e73c39"},"headline":"En Inter Am\u00e9rique, la direction de l\u2019\u00e9glise inaugure une nouvelle aile au si\u00e8ge de l\u2019\u00e9glise","datePublished":"2015-05-09T04:00:00+00:00","mainEntityOfPage":{"@id":"https:\/\/interamerica.org\/fr\/2015\/05\/en-inter-amerique-la-direction-de-leglise-inaugure-une-nouvelle-aile-au-siege-de-leglise\/"},"wordCount":800,"image":{"@id":"https:\/\/interamerica.org\/fr\/2015\/05\/en-inter-amerique-la-direction-de-leglise-inaugure-une-nouvelle-aile-au-siege-de-leglise\/#primaryimage"},"thumbnailUrl":"https:\/\/interamerica.org\/wp-content\/uploads\/2017\/06\/17425839336_b7909cd6e1_z-2.jpg","articleSection":["Nouvelles du si\u00e8ge de la division","RSS Fran\u00e7ais"],"inLanguage":"fr-FR"},{"@type":"WebPage","@id":"https:\/\/interamerica.org\/fr\/2015\/05\/en-inter-amerique-la-direction-de-leglise-inaugure-une-nouvelle-aile-au-siege-de-leglise\/","url":"https:\/\/interamerica.org\/fr\/2015\/05\/en-inter-amerique-la-direction-de-leglise-inaugure-une-nouvelle-aile-au-siege-de-leglise\/","name":"En Inter Am\u00e9rique, la direction de l\u2019\u00e9glise inaugure une nouvelle aile au si\u00e8ge de l\u2019\u00e9glise - \u00c9glise Adventiste Du Septieme Jour - Inter Am\u00e9rique Division","isPartOf":{"@id":"https:\/\/interamerica.org\/fr\/#website"},"primaryImageOfPage":{"@id":"https:\/\/interamerica.org\/fr\/2015\/05\/en-inter-amerique-la-direction-de-leglise-inaugure-une-nouvelle-aile-au-siege-de-leglise\/#primaryimage"},"image":{"@id":"https:\/\/interamerica.org\/fr\/2015\/05\/en-inter-amerique-la-direction-de-leglise-inaugure-une-nouvelle-aile-au-siege-de-leglise\/#primaryimage"},"thumbnailUrl":"https:\/\/interamerica.org\/wp-content\/uploads\/2017\/06\/17425839336_b7909cd6e1_z-2.jpg","datePublished":"2015-05-09T04:00:00+00:00","author":{"@id":"https:\/\/interamerica.org\/fr\/#\/schema\/person\/68ede8bdc292885bb76c1e3810e73c39"},"breadcrumb":{"@id":"https:\/\/interamerica.org\/fr\/2015\/05\/en-inter-amerique-la-direction-de-leglise-inaugure-une-nouvelle-aile-au-siege-de-leglise\/#breadcrumb"},"inLanguage":"fr-FR","potentialAction":[{"@type":"ReadAction","target":["https:\/\/interamerica.org\/fr\/2015\/05\/en-inter-amerique-la-direction-de-leglise-inaugure-une-nouvelle-aile-au-siege-de-leglise\/"]}]},{"@type":"ImageObject","inLanguage":"fr-FR","@id":"https:\/\/interamerica.org\/fr\/2015\/05\/en-inter-amerique-la-direction-de-leglise-inaugure-une-nouvelle-aile-au-siege-de-leglise\/#primaryimage","url":"https:\/\/interamerica.org\/wp-content\/uploads\/2017\/06\/17425839336_b7909cd6e1_z-2.jpg","contentUrl":"https:\/\/interamerica.org\/wp-content\/uploads\/2017\/06\/17425839336_b7909cd6e1_z-2.jpg","width":640,"height":426},{"@type":"BreadcrumbList","@id":"https:\/\/interamerica.org\/fr\/2015\/05\/en-inter-amerique-la-direction-de-leglise-inaugure-une-nouvelle-aile-au-siege-de-leglise\/#breadcrumb","itemListElement":[{"@type":"ListItem","position":1,"name":"Home","item":"https:\/\/interamerica.org\/fr\/"},{"@type":"ListItem","position":2,"name":"En Inter Am\u00e9rique, la direction de l\u2019\u00e9glise inaugure une nouvelle aile au si\u00e8ge de l\u2019\u00e9glise"}]},{"@type":"WebSite","@id":"https:\/\/interamerica.org\/fr\/#website","url":"https:\/\/interamerica.org\/fr\/","name":"\u00c9glise Adventiste Du Septieme Jour - Inter Am\u00e9rique Division","description":"","potentialAction":[{"@type":"SearchAction","target":{"@type":"EntryPoint","urlTemplate":"https:\/\/interamerica.org\/fr\/?s={search_term_string}"},"query-input":{"@type":"PropertyValueSpecification","valueRequired":true,"valueName":"search_term_string"}}],"inLanguage":"fr-FR"},{"@type":"Person","@id":"https:\/\/interamerica.org\/fr\/#\/schema\/person\/68ede8bdc292885bb76c1e3810e73c39","name":"Lorenzo Verduzco","image":{"@type":"ImageObject","inLanguage":"fr-FR","@id":"https:\/\/secure.gravatar.com\/avatar\/fb81a55b6218459490a9c1dc841a34909185b81904c5337b4b27f7a6fd60c49e?s=96&d=mm&r=g","url":"https:\/\/secure.gravatar.com\/avatar\/fb81a55b6218459490a9c1dc841a34909185b81904c5337b4b27f7a6fd60c49e?s=96&d=mm&r=g","contentUrl":"https:\/\/secure.gravatar.com\/avatar\/fb81a55b6218459490a9c1dc841a34909185b81904c5337b4b27f7a6fd60c49e?s=96&d=mm&r=g","caption":"Lorenzo Verduzco"}}]}},"_links":{"self":[{"href":"https:\/\/interamerica.org\/fr\/wp-json\/wp\/v2\/posts\/32265","targetHints":{"allow":["GET"]}}],"collection":[{"href":"https:\/\/interamerica.org\/fr\/wp-json\/wp\/v2\/posts"}],"about":[{"href":"https:\/\/interamerica.org\/fr\/wp-json\/wp\/v2\/types\/post"}],"author":[{"embeddable":true,"href":"https:\/\/interamerica.org\/fr\/wp-json\/wp\/v2\/users\/1"}],"replies":[{"embeddable":true,"href":"https:\/\/interamerica.org\/fr\/wp-json\/wp\/v2\/comments?post=32265"}],"version-history":[{"count":0,"href":"https:\/\/interamerica.org\/fr\/wp-json\/wp\/v2\/posts\/32265\/revisions"}],"wp:featuredmedia":[{"embeddable":true,"href":"https:\/\/interamerica.org\/fr\/wp-json\/wp\/v2\/media\/25240"}],"wp:attachment":[{"href":"https:\/\/interamerica.org\/fr\/wp-json\/wp\/v2\/media?parent=32265"}],"wp:term":[{"taxonomy":"category","embeddable":true,"href":"https:\/\/interamerica.org\/fr\/wp-json\/wp\/v2\/categories?post=32265"},{"taxonomy":"post_tag","embeddable":true,"href":"https:\/\/interamerica.org\/fr\/wp-json\/wp\/v2\/tags?post=32265"}],"curies":[{"name":"wp","href":"https:\/\/api.w.org\/{rel}","templated":true}]}}