{"id":32268,"date":"2015-05-12T00:00:00","date_gmt":"2015-05-12T04:00:00","guid":{"rendered":"http:\/\/192.81.217.108\/interamerica\/2015\/05\/en-inter-amerique-leglise-honore-le-travail-de-deux-theologiens-remarquables\/"},"modified":"2015-05-12T00:00:00","modified_gmt":"2015-05-12T04:00:00","slug":"en-inter-amerique-leglise-honore-le-travail-de-deux-theologiens-remarquables","status":"publish","type":"post","link":"https:\/\/interamerica.org\/fr\/2015\/05\/en-inter-amerique-leglise-honore-le-travail-de-deux-theologiens-remarquables\/","title":{"rendered":"En Inter Am\u00e9rique, l\u2019\u00e9glise honore le travail de deux th\u00e9ologiens remarquables"},"content":{"rendered":"<p>11 Mai 2015 \u2013 Miami, Floride, Etats Unis \u2013 DIA<\/p>\n<div id=\"attachment_16844\" style=\"width: 370px\" class=\"wp-caption alignright\"><a href=\"\/interamerica\/wp-content\/uploads\/2017\/06\/AMR-IATS.png\" rel=\"fancybox\" title=\"En Inter Am\u00e9rique, l\u2019\u00e9glise honore le travail de deux th\u00e9ologiens remarquables\"><img fetchpriority=\"high\" decoding=\"async\" aria-describedby=\"caption-attachment-16844\" class=\" wp-image-16844 \" src=\"\/interamerica\/wp-content\/uploads\/2017\/06\/AMR-IATS.png\" alt=\"\" width=\"360\" height=\"256\" \/><\/a><p id=\"caption-attachment-16844\" class=\"wp-caption-text\">Les leaders de l\u2019Eglise Adventiste dans la DIA posent pour une photo apr\u00e8s avoir remis \u00e0 Dr Angel Manuel Rodriguez (troisi\u00e8me \u00e0 partir de la gauche) \u00e0 c\u00f4t\u00e9 de son \u00e9pouse Guivi, le Prix de l\u2019Excellence en Education Th\u00e9ologique et Pastorale lors d\u2019une c\u00e9r\u00e9monie sp\u00e9ciale en reconnaissance de sa contribution le 10 mai 2015 \u00e0 Miami en Floride. Image de Liza Christian\/DIA.<\/p><\/div>\n<p>L\u2019Eglise Adventiste du Septi\u00e8me Jour en Inter Am\u00e9rique, de concert avec le S\u00e9minaire Th\u00e9ologique Inter Am\u00e9ricain (IATS), a honor\u00e9 deux de ses th\u00e9ologiens \u00e9minents lors d\u2019une br\u00e8ve c\u00e9r\u00e9monie de remise de prix qui a eu lieu hier \u00e0 Miami en Floride.<\/p>\n<p>Dr Angel Manuel Rodriguez, originaire de Porto Rico, a pris sa retraite il y a cinq ans de l\u2019Institut de Recherche Biblique \u00e0 l\u2019Eglise Adventiste mondiale \u00e0 Silver Spring dans le Maryland ; il a \u00e9t\u00e9 honor\u00e9 avec le Prix de l\u2019Excellence dans l\u2019Education Th\u00e9ologique et Pastorale pour avoir consacr\u00e9 des d\u00e9cennies de sa vie \u00e0 l\u2019\u00e9ducation des pasteurs, pour avoir contribu\u00e9 \u00e0 la r\u00e9flexion th\u00e9ologique, et pour avoir motiv\u00e9 les autres \u00e0 produire de la recherche et des \u00e9tudes s\u00e9rieuses et pour avoir articul\u00e9 des id\u00e9es profondes mais de mani\u00e8re accessible.<\/p>\n<p>Dr Angel Manuel Rodriguez a \u00e9t\u00e9 retenu pour recevoir ce Prix de L\u2019Excellence du fait qu\u2019il a trac\u00e9 un chemin que les autres pourront suivre, \u00bb a d\u00e9clar\u00e9 Dr Efrain Velazquez, vice-pr\u00e9sident d\u2019IATS, alors qu\u2019il lisait des extraits du journal th\u00e9ologique de l\u2019IATS, <em>Teobiblica<\/em> devant les dizaines de dirigeants d\u2019\u00e9glise venus de tout le territoire de l\u2019Inter Am\u00e9rique et r\u00e9unis \u00e0 Miami \u00e0 l\u2019occasion des rencontres du comit\u00e9 de l\u2019IATS et celles du comit\u00e9 ex\u00e9cutif.<\/p>\n<p>Dr Jaime Castrejon a remis le prix qui est un symbole du s\u00e9minaire et qui met l\u2019accent sur les fondations et la proclamation.<\/p>\n<p>Dr Rodriguez a \u00e9t\u00e9 honor\u00e9 pour ses contributions dans le cadre de l\u2019\u00e9tude du th\u00e8me du sanctuaire, en particulier \u00e0 un moment o\u00f9 cette doctrine faisait l\u2019objet d\u2019un examen minutieux dans le monde entier. \u00ab Gr\u00e2ce aux questions que lui et d\u2019autres chercheurs ont soulev\u00e9 et aux r\u00e9ponses qu\u2019elles ont g\u00e9n\u00e9r\u00e9es, nous avons pu approfondir notre connaissance d\u2019une doctrine fondamentale pour mieux comprendre les \u00e9critures et le plan du salut, \u00bb disait l\u2019article au sujet de Dr Rodriguez.<\/p>\n<p>De plus, Dr Rodriguez a pu expliquer \u00e0 d\u2019autres en dehors de l\u2019Eglise Adventiste, nos croyances fondamentales sans les compromettre ou les changer.<\/p>\n<p>Dr Rodriguez a \u00e9t\u00e9 honor\u00e9 comme \u00e9tant l\u2019un des piliers de l\u2019Eglise Adventiste.<\/p>\n<p>Le pr\u00e9sident de la DIA, pasteur Isra\u00ebl Leito, a remerci\u00e9 Dr Rodriguez pour son r\u00f4le dans l\u2019ancrage biblique de ses discussions sur les crises th\u00e9ologiques et les probl\u00e8mes administratifs.<\/p>\n<p>Submerg\u00e9 par ces expressions de gratitude venant des leaders de l\u2019\u00e9glise, Dr Rodriguez a confess\u00e9 ne s\u2019\u00eatre jamais attendu \u00e0 ce que son minist\u00e8re ait les effets d\u00e9crits par tant de personnes.<\/p>\n<div id=\"attachment_16845\" style=\"width: 370px\" class=\"wp-caption alignleft\"><a href=\"\/interamerica\/wp-content\/uploads\/2017\/06\/FullSizeRender400.png\" rel=\"fancybox\" title=\"En Inter Am\u00e9rique, l\u2019\u00e9glise honore le travail de deux th\u00e9ologiens remarquables\"><img decoding=\"async\" aria-describedby=\"caption-attachment-16845\" class=\" wp-image-16845 \" src=\"\/interamerica\/wp-content\/uploads\/2017\/06\/FullSizeRender400.png\" alt=\"\" width=\"360\" height=\"261\" \/><\/a><p id=\"caption-attachment-16845\" class=\"wp-caption-text\">Dr Jaime Castrejon, pr\u00e9sident de l\u2019IATS, tenant en mains son prix, est debout \u00e0 c\u00f4t\u00e9 des leaders de l\u2019IATS et des administrateurs de la DIA apr\u00e8s avoir \u00e9t\u00e9 honor\u00e9 le 10 mai 2015 \u00e0 Miami en Floride, pour son Excellence dans l\u2019Education Th\u00e9ologique et Pastorale au cours de ses ann\u00e9es de service dans l\u2019Eglise Adventiste en Inter Am\u00e9rique. Image d\u2019Efrain Velazquez\/DIA.<\/p><\/div>\n<p>Dr Rodriguez a mis l\u2019emphase sur ses humbles d\u00e9buts \u00e0 Porto Rico et a soulign\u00e9 que \u00ab la th\u00e9ologie qui n\u2019est pas mise au service de l\u2019\u00e9glise est insignifiante. \u00bb<\/p>\n<p>Les leaders de l\u2019\u00e9glise ont \u00e9galement honor\u00e9 Dr Jaime Castrejon, pr\u00e9sident de l\u2019IATS, qui a jou\u00e9 un r\u00f4le important dans l\u2019organisation du s\u00e9minaire th\u00e9ologique dans les ann\u00e9es 1990 et qui a aid\u00e9 dans le processus l\u2019amenant \u00e0 \u00eatre pleinement accr\u00e9dit\u00e9 en 2011.<\/p>\n<p>Dr Castrejon a re\u00e7u le Prix de l\u2019Excellence dans l\u2019Education Th\u00e9ologique et Pastorale pour avoir consacr\u00e9 des d\u00e9cennies de sa vie \u00e0 l\u2019\u00e9ducation pastorale au niveau de l\u2019institution et de la division, et aussi pour sa contribution en tant que r\u00e9f\u00e9rence sur l\u2019administration dans l\u2019\u00e9ducation sup\u00e9rieure.<\/p>\n<p>\u00ab Ses contributions sans nombre dans l\u2019\u00e9ducation th\u00e9ologique mettent en lumi\u00e8re sa position de pilier pour le corps pastoral Inter Am\u00e9ricain, \u00bb a dit pasteur Leito. \u00ab La division vous remercie pour vos d\u00e9cennies de minist\u00e8re et pour l\u2019h\u00e9ritage que vous laissez en Inter Am\u00e9rique. \u00bb<\/p>\n<p>Dr Elie Henry, secr\u00e9taire ex\u00e9cutif de la DIA, a aussi remerci\u00e9 Dr Castrejon au nom de tous les administrateurs d\u2019union pour son long service dans la division et a avec h\u00e9sitation accept\u00e9 sa lettre indiquant son intention de prendre sa retraite.<\/p>\n<p>Dr Castrejon, qui est originaire du Mexique, sert aux bureaux de la division depuis 1990.<\/p>\n<p>Dr Castrejon a commenc\u00e9 \u00e0 travailler en tant que secr\u00e9taire adjoint de l\u2019association pastorale de la DIA en 1985 et a par la suite pris la direction de l\u2019association pastorale au si\u00e8ge de la DIA jusqu\u2019en l\u2019an 2000. Jaime Castrejon qui a jou\u00e9 un r\u00f4le important dans la direction de l\u2019Universit\u00e9 de Montemorelos dans le Nord du Mexique, a \u00e9galement lanc\u00e9 le S\u00e9minaire Th\u00e9ologique Inter Am\u00e9ricain. Il a dirig\u00e9 seul le s\u00e9minaire pendant des ann\u00e9es, et a initi\u00e9 des efforts pour que ses programmes re\u00e7oivent une accr\u00e9ditation.<\/p>\n<p>Dr Castrejon a \u00e9t\u00e9 une colonne pour le s\u00e9minaire et son h\u00e9ritage a \u00e9t\u00e9 fondateur, a dit Elie Henry.<\/p>\n<p>Traduction: Patrick Luciathe<\/p>\n","protected":false},"excerpt":{"rendered":"<p>L\u2019Eglise Adventiste du Septi\u00e8me Jour en Inter Am\u00e9rique, de concert avec le S\u00e9minaire Th\u00e9ologique Inter Am\u00e9ricain (IATS), a honor\u00e9 deux de ses th\u00e9ologiens \u00e9minents lors d\u2019une br\u00e8ve c\u00e9r\u00e9monie de remise de prix qui a eu lieu hier \u00e0 Miami en Floride.  <\/p>\n<p>Dr Angel Manuel Rodriguez, originaire de Porto Rico, a pris sa retraite il y a cinq ans de l\u2019Institut de Recherche Biblique \u00e0 l\u2019Eglise Adventiste mondiale \u00e0 Silver Spring dans le Maryland ; il a \u00e9t\u00e9 honor\u00e9 avec le Prix de l\u2019Excellence dans l\u2019Education Th\u00e9ologique et Pastorale pour avoir consacr\u00e9 des d\u00e9cennies de sa vie \u00e0 l\u2019\u00e9ducation des pasteurs, pour avoir  contribu\u00e9 \u00e0 la r\u00e9flexion th\u00e9ologique, et pour avoir motiv\u00e9 les autres \u00e0 produire de la recherche et des \u00e9tudes s\u00e9rieuses et pour avoir articul\u00e9 des id\u00e9es profondes mais de mani\u00e8re accessible.<\/p>\n","protected":false},"author":1,"featured_media":25279,"comment_status":"closed","ping_status":"closed","sticky":false,"template":"","format":"standard","meta":{"_acf_changed":false,"footnotes":""},"categories":[20,19],"tags":[],"class_list":["post-32268","post","type-post","status-publish","format-standard","has-post-thumbnail","hentry","category-nouvelles-du-siege-de-la-division","category-rss-francais"],"acf":[],"yoast_head":"<!-- This site is optimized with the Yoast SEO plugin v27.3 - https:\/\/yoast.com\/product\/yoast-seo-wordpress\/ -->\n<title>En Inter Am\u00e9rique, l\u2019\u00e9glise honore le travail de deux th\u00e9ologiens remarquables - \u00c9glise Adventiste Du Septieme Jour - Inter Am\u00e9rique Division<\/title>\n<meta name=\"robots\" content=\"index, follow, max-snippet:-1, max-image-preview:large, max-video-preview:-1\" \/>\n<link rel=\"canonical\" href=\"https:\/\/interamerica.org\/fr\/2015\/05\/en-inter-amerique-leglise-honore-le-travail-de-deux-theologiens-remarquables\/\" \/>\n<meta property=\"og:locale\" content=\"fr_FR\" \/>\n<meta property=\"og:type\" content=\"article\" \/>\n<meta property=\"og:title\" content=\"En Inter Am\u00e9rique, l\u2019\u00e9glise honore le travail de deux th\u00e9ologiens remarquables - \u00c9glise Adventiste Du Septieme Jour - Inter Am\u00e9rique Division\" \/>\n<meta property=\"og:description\" content=\"L\u2019Eglise Adventiste du Septi\u00e8me Jour en Inter Am\u00e9rique, de concert avec le S\u00e9minaire Th\u00e9ologique Inter Am\u00e9ricain (IATS), a honor\u00e9 deux de ses th\u00e9ologiens \u00e9minents lors d\u2019une br\u00e8ve c\u00e9r\u00e9monie de remise de prix qui a eu lieu hier \u00e0 Miami en Floride.  Dr Angel Manuel Rodriguez, originaire de Porto Rico, a pris sa retraite il y a cinq ans de l\u2019Institut de Recherche Biblique \u00e0 l\u2019Eglise Adventiste mondiale \u00e0 Silver Spring dans le Maryland ; il a \u00e9t\u00e9 honor\u00e9 avec le Prix de l\u2019Excellence dans l\u2019Education Th\u00e9ologique et Pastorale pour avoir consacr\u00e9 des d\u00e9cennies de sa vie \u00e0 l\u2019\u00e9ducation des pasteurs, pour avoir contribu\u00e9 \u00e0 la r\u00e9flexion th\u00e9ologique, et pour avoir motiv\u00e9 les autres \u00e0 produire de la recherche et des \u00e9tudes s\u00e9rieuses et pour avoir articul\u00e9 des id\u00e9es profondes mais de mani\u00e8re accessible.\" \/>\n<meta property=\"og:url\" content=\"https:\/\/interamerica.org\/fr\/2015\/05\/en-inter-amerique-leglise-honore-le-travail-de-deux-theologiens-remarquables\/\" \/>\n<meta property=\"og:site_name\" content=\"\u00c9glise Adventiste Du Septieme Jour - Inter Am\u00e9rique Division\" \/>\n<meta property=\"article:published_time\" content=\"2015-05-12T04:00:00+00:00\" \/>\n<meta property=\"og:image\" content=\"https:\/\/interamerica.org\/wp-content\/uploads\/2017\/06\/AMR-IATS.png\" \/>\n\t<meta property=\"og:image:width\" content=\"400\" \/>\n\t<meta property=\"og:image:height\" content=\"284\" \/>\n\t<meta property=\"og:image:type\" content=\"image\/png\" \/>\n<meta name=\"author\" content=\"Lorenzo Verduzco\" \/>\n<meta name=\"twitter:card\" content=\"summary_large_image\" \/>\n<meta name=\"twitter:label1\" content=\"\u00c9crit par\" \/>\n\t<meta name=\"twitter:data1\" content=\"Lorenzo Verduzco\" \/>\n\t<meta name=\"twitter:label2\" content=\"Dur\u00e9e de lecture estim\u00e9e\" \/>\n\t<meta name=\"twitter:data2\" content=\"5 minutes\" \/>\n<script type=\"application\/ld+json\" class=\"yoast-schema-graph\">{\"@context\":\"https:\\\/\\\/schema.org\",\"@graph\":[{\"@type\":\"Article\",\"@id\":\"https:\\\/\\\/interamerica.org\\\/fr\\\/2015\\\/05\\\/en-inter-amerique-leglise-honore-le-travail-de-deux-theologiens-remarquables\\\/#article\",\"isPartOf\":{\"@id\":\"https:\\\/\\\/interamerica.org\\\/fr\\\/2015\\\/05\\\/en-inter-amerique-leglise-honore-le-travail-de-deux-theologiens-remarquables\\\/\"},\"author\":{\"name\":\"Lorenzo Verduzco\",\"@id\":\"https:\\\/\\\/interamerica.org\\\/fr\\\/#\\\/schema\\\/person\\\/68ede8bdc292885bb76c1e3810e73c39\"},\"headline\":\"En Inter Am\u00e9rique, l\u2019\u00e9glise honore le travail de deux th\u00e9ologiens remarquables\",\"datePublished\":\"2015-05-12T04:00:00+00:00\",\"mainEntityOfPage\":{\"@id\":\"https:\\\/\\\/interamerica.org\\\/fr\\\/2015\\\/05\\\/en-inter-amerique-leglise-honore-le-travail-de-deux-theologiens-remarquables\\\/\"},\"wordCount\":999,\"image\":{\"@id\":\"https:\\\/\\\/interamerica.org\\\/fr\\\/2015\\\/05\\\/en-inter-amerique-leglise-honore-le-travail-de-deux-theologiens-remarquables\\\/#primaryimage\"},\"thumbnailUrl\":\"https:\\\/\\\/interamerica.org\\\/wp-content\\\/uploads\\\/2017\\\/06\\\/AMR-IATS.png\",\"articleSection\":[\"Nouvelles du si\u00e8ge de la division\",\"RSS Fran\u00e7ais\"],\"inLanguage\":\"fr-FR\"},{\"@type\":\"WebPage\",\"@id\":\"https:\\\/\\\/interamerica.org\\\/fr\\\/2015\\\/05\\\/en-inter-amerique-leglise-honore-le-travail-de-deux-theologiens-remarquables\\\/\",\"url\":\"https:\\\/\\\/interamerica.org\\\/fr\\\/2015\\\/05\\\/en-inter-amerique-leglise-honore-le-travail-de-deux-theologiens-remarquables\\\/\",\"name\":\"En Inter Am\u00e9rique, l\u2019\u00e9glise honore le travail de deux th\u00e9ologiens remarquables - \u00c9glise Adventiste Du Septieme Jour - Inter Am\u00e9rique Division\",\"isPartOf\":{\"@id\":\"https:\\\/\\\/interamerica.org\\\/fr\\\/#website\"},\"primaryImageOfPage\":{\"@id\":\"https:\\\/\\\/interamerica.org\\\/fr\\\/2015\\\/05\\\/en-inter-amerique-leglise-honore-le-travail-de-deux-theologiens-remarquables\\\/#primaryimage\"},\"image\":{\"@id\":\"https:\\\/\\\/interamerica.org\\\/fr\\\/2015\\\/05\\\/en-inter-amerique-leglise-honore-le-travail-de-deux-theologiens-remarquables\\\/#primaryimage\"},\"thumbnailUrl\":\"https:\\\/\\\/interamerica.org\\\/wp-content\\\/uploads\\\/2017\\\/06\\\/AMR-IATS.png\",\"datePublished\":\"2015-05-12T04:00:00+00:00\",\"author\":{\"@id\":\"https:\\\/\\\/interamerica.org\\\/fr\\\/#\\\/schema\\\/person\\\/68ede8bdc292885bb76c1e3810e73c39\"},\"breadcrumb\":{\"@id\":\"https:\\\/\\\/interamerica.org\\\/fr\\\/2015\\\/05\\\/en-inter-amerique-leglise-honore-le-travail-de-deux-theologiens-remarquables\\\/#breadcrumb\"},\"inLanguage\":\"fr-FR\",\"potentialAction\":[{\"@type\":\"ReadAction\",\"target\":[\"https:\\\/\\\/interamerica.org\\\/fr\\\/2015\\\/05\\\/en-inter-amerique-leglise-honore-le-travail-de-deux-theologiens-remarquables\\\/\"]}]},{\"@type\":\"ImageObject\",\"inLanguage\":\"fr-FR\",\"@id\":\"https:\\\/\\\/interamerica.org\\\/fr\\\/2015\\\/05\\\/en-inter-amerique-leglise-honore-le-travail-de-deux-theologiens-remarquables\\\/#primaryimage\",\"url\":\"https:\\\/\\\/interamerica.org\\\/wp-content\\\/uploads\\\/2017\\\/06\\\/AMR-IATS.png\",\"contentUrl\":\"https:\\\/\\\/interamerica.org\\\/wp-content\\\/uploads\\\/2017\\\/06\\\/AMR-IATS.png\",\"width\":400,\"height\":284},{\"@type\":\"BreadcrumbList\",\"@id\":\"https:\\\/\\\/interamerica.org\\\/fr\\\/2015\\\/05\\\/en-inter-amerique-leglise-honore-le-travail-de-deux-theologiens-remarquables\\\/#breadcrumb\",\"itemListElement\":[{\"@type\":\"ListItem\",\"position\":1,\"name\":\"Home\",\"item\":\"https:\\\/\\\/interamerica.org\\\/fr\\\/\"},{\"@type\":\"ListItem\",\"position\":2,\"name\":\"En Inter Am\u00e9rique, l\u2019\u00e9glise honore le travail de deux th\u00e9ologiens remarquables\"}]},{\"@type\":\"WebSite\",\"@id\":\"https:\\\/\\\/interamerica.org\\\/fr\\\/#website\",\"url\":\"https:\\\/\\\/interamerica.org\\\/fr\\\/\",\"name\":\"\u00c9glise Adventiste Du Septieme Jour - Inter Am\u00e9rique Division\",\"description\":\"\",\"potentialAction\":[{\"@type\":\"SearchAction\",\"target\":{\"@type\":\"EntryPoint\",\"urlTemplate\":\"https:\\\/\\\/interamerica.org\\\/fr\\\/?s={search_term_string}\"},\"query-input\":{\"@type\":\"PropertyValueSpecification\",\"valueRequired\":true,\"valueName\":\"search_term_string\"}}],\"inLanguage\":\"fr-FR\"},{\"@type\":\"Person\",\"@id\":\"https:\\\/\\\/interamerica.org\\\/fr\\\/#\\\/schema\\\/person\\\/68ede8bdc292885bb76c1e3810e73c39\",\"name\":\"Lorenzo Verduzco\",\"image\":{\"@type\":\"ImageObject\",\"inLanguage\":\"fr-FR\",\"@id\":\"https:\\\/\\\/secure.gravatar.com\\\/avatar\\\/fb81a55b6218459490a9c1dc841a34909185b81904c5337b4b27f7a6fd60c49e?s=96&d=mm&r=g\",\"url\":\"https:\\\/\\\/secure.gravatar.com\\\/avatar\\\/fb81a55b6218459490a9c1dc841a34909185b81904c5337b4b27f7a6fd60c49e?s=96&d=mm&r=g\",\"contentUrl\":\"https:\\\/\\\/secure.gravatar.com\\\/avatar\\\/fb81a55b6218459490a9c1dc841a34909185b81904c5337b4b27f7a6fd60c49e?s=96&d=mm&r=g\",\"caption\":\"Lorenzo Verduzco\"}}]}<\/script>\n<!-- \/ Yoast SEO plugin. -->","yoast_head_json":{"title":"En Inter Am\u00e9rique, l\u2019\u00e9glise honore le travail de deux th\u00e9ologiens remarquables - \u00c9glise Adventiste Du Septieme Jour - Inter Am\u00e9rique Division","robots":{"index":"index","follow":"follow","max-snippet":"max-snippet:-1","max-image-preview":"max-image-preview:large","max-video-preview":"max-video-preview:-1"},"canonical":"https:\/\/interamerica.org\/fr\/2015\/05\/en-inter-amerique-leglise-honore-le-travail-de-deux-theologiens-remarquables\/","og_locale":"fr_FR","og_type":"article","og_title":"En Inter Am\u00e9rique, l\u2019\u00e9glise honore le travail de deux th\u00e9ologiens remarquables - \u00c9glise Adventiste Du Septieme Jour - Inter Am\u00e9rique Division","og_description":"L\u2019Eglise Adventiste du Septi\u00e8me Jour en Inter Am\u00e9rique, de concert avec le S\u00e9minaire Th\u00e9ologique Inter Am\u00e9ricain (IATS), a honor\u00e9 deux de ses th\u00e9ologiens \u00e9minents lors d\u2019une br\u00e8ve c\u00e9r\u00e9monie de remise de prix qui a eu lieu hier \u00e0 Miami en Floride.  Dr Angel Manuel Rodriguez, originaire de Porto Rico, a pris sa retraite il y a cinq ans de l\u2019Institut de Recherche Biblique \u00e0 l\u2019Eglise Adventiste mondiale \u00e0 Silver Spring dans le Maryland ; il a \u00e9t\u00e9 honor\u00e9 avec le Prix de l\u2019Excellence dans l\u2019Education Th\u00e9ologique et Pastorale pour avoir consacr\u00e9 des d\u00e9cennies de sa vie \u00e0 l\u2019\u00e9ducation des pasteurs, pour avoir contribu\u00e9 \u00e0 la r\u00e9flexion th\u00e9ologique, et pour avoir motiv\u00e9 les autres \u00e0 produire de la recherche et des \u00e9tudes s\u00e9rieuses et pour avoir articul\u00e9 des id\u00e9es profondes mais de mani\u00e8re accessible.","og_url":"https:\/\/interamerica.org\/fr\/2015\/05\/en-inter-amerique-leglise-honore-le-travail-de-deux-theologiens-remarquables\/","og_site_name":"\u00c9glise Adventiste Du Septieme Jour - Inter Am\u00e9rique Division","article_published_time":"2015-05-12T04:00:00+00:00","og_image":[{"width":400,"height":284,"url":"https:\/\/interamerica.org\/wp-content\/uploads\/2017\/06\/AMR-IATS.png","type":"image\/png"}],"author":"Lorenzo Verduzco","twitter_card":"summary_large_image","twitter_misc":{"\u00c9crit par":"Lorenzo Verduzco","Dur\u00e9e de lecture estim\u00e9e":"5 minutes"},"schema":{"@context":"https:\/\/schema.org","@graph":[{"@type":"Article","@id":"https:\/\/interamerica.org\/fr\/2015\/05\/en-inter-amerique-leglise-honore-le-travail-de-deux-theologiens-remarquables\/#article","isPartOf":{"@id":"https:\/\/interamerica.org\/fr\/2015\/05\/en-inter-amerique-leglise-honore-le-travail-de-deux-theologiens-remarquables\/"},"author":{"name":"Lorenzo Verduzco","@id":"https:\/\/interamerica.org\/fr\/#\/schema\/person\/68ede8bdc292885bb76c1e3810e73c39"},"headline":"En Inter Am\u00e9rique, l\u2019\u00e9glise honore le travail de deux th\u00e9ologiens remarquables","datePublished":"2015-05-12T04:00:00+00:00","mainEntityOfPage":{"@id":"https:\/\/interamerica.org\/fr\/2015\/05\/en-inter-amerique-leglise-honore-le-travail-de-deux-theologiens-remarquables\/"},"wordCount":999,"image":{"@id":"https:\/\/interamerica.org\/fr\/2015\/05\/en-inter-amerique-leglise-honore-le-travail-de-deux-theologiens-remarquables\/#primaryimage"},"thumbnailUrl":"https:\/\/interamerica.org\/wp-content\/uploads\/2017\/06\/AMR-IATS.png","articleSection":["Nouvelles du si\u00e8ge de la division","RSS Fran\u00e7ais"],"inLanguage":"fr-FR"},{"@type":"WebPage","@id":"https:\/\/interamerica.org\/fr\/2015\/05\/en-inter-amerique-leglise-honore-le-travail-de-deux-theologiens-remarquables\/","url":"https:\/\/interamerica.org\/fr\/2015\/05\/en-inter-amerique-leglise-honore-le-travail-de-deux-theologiens-remarquables\/","name":"En Inter Am\u00e9rique, l\u2019\u00e9glise honore le travail de deux th\u00e9ologiens remarquables - \u00c9glise Adventiste Du Septieme Jour - Inter Am\u00e9rique Division","isPartOf":{"@id":"https:\/\/interamerica.org\/fr\/#website"},"primaryImageOfPage":{"@id":"https:\/\/interamerica.org\/fr\/2015\/05\/en-inter-amerique-leglise-honore-le-travail-de-deux-theologiens-remarquables\/#primaryimage"},"image":{"@id":"https:\/\/interamerica.org\/fr\/2015\/05\/en-inter-amerique-leglise-honore-le-travail-de-deux-theologiens-remarquables\/#primaryimage"},"thumbnailUrl":"https:\/\/interamerica.org\/wp-content\/uploads\/2017\/06\/AMR-IATS.png","datePublished":"2015-05-12T04:00:00+00:00","author":{"@id":"https:\/\/interamerica.org\/fr\/#\/schema\/person\/68ede8bdc292885bb76c1e3810e73c39"},"breadcrumb":{"@id":"https:\/\/interamerica.org\/fr\/2015\/05\/en-inter-amerique-leglise-honore-le-travail-de-deux-theologiens-remarquables\/#breadcrumb"},"inLanguage":"fr-FR","potentialAction":[{"@type":"ReadAction","target":["https:\/\/interamerica.org\/fr\/2015\/05\/en-inter-amerique-leglise-honore-le-travail-de-deux-theologiens-remarquables\/"]}]},{"@type":"ImageObject","inLanguage":"fr-FR","@id":"https:\/\/interamerica.org\/fr\/2015\/05\/en-inter-amerique-leglise-honore-le-travail-de-deux-theologiens-remarquables\/#primaryimage","url":"https:\/\/interamerica.org\/wp-content\/uploads\/2017\/06\/AMR-IATS.png","contentUrl":"https:\/\/interamerica.org\/wp-content\/uploads\/2017\/06\/AMR-IATS.png","width":400,"height":284},{"@type":"BreadcrumbList","@id":"https:\/\/interamerica.org\/fr\/2015\/05\/en-inter-amerique-leglise-honore-le-travail-de-deux-theologiens-remarquables\/#breadcrumb","itemListElement":[{"@type":"ListItem","position":1,"name":"Home","item":"https:\/\/interamerica.org\/fr\/"},{"@type":"ListItem","position":2,"name":"En Inter Am\u00e9rique, l\u2019\u00e9glise honore le travail de deux th\u00e9ologiens remarquables"}]},{"@type":"WebSite","@id":"https:\/\/interamerica.org\/fr\/#website","url":"https:\/\/interamerica.org\/fr\/","name":"\u00c9glise Adventiste Du Septieme Jour - Inter Am\u00e9rique Division","description":"","potentialAction":[{"@type":"SearchAction","target":{"@type":"EntryPoint","urlTemplate":"https:\/\/interamerica.org\/fr\/?s={search_term_string}"},"query-input":{"@type":"PropertyValueSpecification","valueRequired":true,"valueName":"search_term_string"}}],"inLanguage":"fr-FR"},{"@type":"Person","@id":"https:\/\/interamerica.org\/fr\/#\/schema\/person\/68ede8bdc292885bb76c1e3810e73c39","name":"Lorenzo Verduzco","image":{"@type":"ImageObject","inLanguage":"fr-FR","@id":"https:\/\/secure.gravatar.com\/avatar\/fb81a55b6218459490a9c1dc841a34909185b81904c5337b4b27f7a6fd60c49e?s=96&d=mm&r=g","url":"https:\/\/secure.gravatar.com\/avatar\/fb81a55b6218459490a9c1dc841a34909185b81904c5337b4b27f7a6fd60c49e?s=96&d=mm&r=g","contentUrl":"https:\/\/secure.gravatar.com\/avatar\/fb81a55b6218459490a9c1dc841a34909185b81904c5337b4b27f7a6fd60c49e?s=96&d=mm&r=g","caption":"Lorenzo Verduzco"}}]}},"_links":{"self":[{"href":"https:\/\/interamerica.org\/fr\/wp-json\/wp\/v2\/posts\/32268","targetHints":{"allow":["GET"]}}],"collection":[{"href":"https:\/\/interamerica.org\/fr\/wp-json\/wp\/v2\/posts"}],"about":[{"href":"https:\/\/interamerica.org\/fr\/wp-json\/wp\/v2\/types\/post"}],"author":[{"embeddable":true,"href":"https:\/\/interamerica.org\/fr\/wp-json\/wp\/v2\/users\/1"}],"replies":[{"embeddable":true,"href":"https:\/\/interamerica.org\/fr\/wp-json\/wp\/v2\/comments?post=32268"}],"version-history":[{"count":0,"href":"https:\/\/interamerica.org\/fr\/wp-json\/wp\/v2\/posts\/32268\/revisions"}],"wp:featuredmedia":[{"embeddable":true,"href":"https:\/\/interamerica.org\/fr\/wp-json\/wp\/v2\/media\/25279"}],"wp:attachment":[{"href":"https:\/\/interamerica.org\/fr\/wp-json\/wp\/v2\/media?parent=32268"}],"wp:term":[{"taxonomy":"category","embeddable":true,"href":"https:\/\/interamerica.org\/fr\/wp-json\/wp\/v2\/categories?post=32268"},{"taxonomy":"post_tag","embeddable":true,"href":"https:\/\/interamerica.org\/fr\/wp-json\/wp\/v2\/tags?post=32268"}],"curies":[{"name":"wp","href":"https:\/\/api.w.org\/{rel}","templated":true}]}}