{"id":32269,"date":"2015-05-12T00:00:00","date_gmt":"2015-05-12T04:00:00","guid":{"rendered":"http:\/\/192.81.217.108\/interamerica\/2015\/05\/luniversite-adventiste-de-porto-rico-debute-la-construction-de-son-premier-temple\/"},"modified":"2015-05-12T00:00:00","modified_gmt":"2015-05-12T04:00:00","slug":"luniversite-adventiste-de-porto-rico-debute-la-construction-de-son-premier-temple","status":"publish","type":"post","link":"https:\/\/interamerica.org\/fr\/2015\/05\/luniversite-adventiste-de-porto-rico-debute-la-construction-de-son-premier-temple\/","title":{"rendered":"L\u2019universit\u00e9 Adventiste de Porto Rico d\u00e9bute la construction de son premier temple"},"content":{"rendered":"<div id=\"attachment_16870\" style=\"width: 610px\" class=\"wp-caption aligncenter\"><a href=\"\/interamerica\/wp-content\/uploads\/2017\/06\/AAUtemple-AerealView600.png\" rel=\"fancybox\" title=\"L\u2019universit\u00e9 Adventiste de Porto Rico d\u00e9bute la construction de son premier temple\"><img fetchpriority=\"high\" decoding=\"async\" aria-describedby=\"caption-attachment-16870\" class=\"size-full wp-image-16870\" src=\"\/interamerica\/wp-content\/uploads\/2017\/06\/AAUtemple-AerealView600.png\" alt=\"\" width=\"600\" height=\"450\" \/><\/a><p id=\"caption-attachment-16870\" class=\"wp-caption-text\">Vue a\u00e9rienne du site o\u00f9 la construction du tout premier temple du campus de l\u2019Universit\u00e9 Adventiste des Antilles qui se trouve \u00e0 Mayaguez \u00e0 Porto Rico, a d\u00e9but\u00e9 r\u00e9cemment. Les dirigeants et les membres d\u2019\u00e9glise venus de toute l\u2019ile se sont r\u00e9unis le 26 avril pour assister au progr\u00e8s du chantier du nouveau temple et pour contribuer financi\u00e8rement au projet de construction de l\u2019\u00e9difice de trois \u00e9tages. Image de l\u2019Universit\u00e9 Adventiste des Antilles.<\/p><\/div>\n<p>11 Mai 2015 \u2013 Mayaguez, Porto Rico \u2013 Lorell Varela\/DIA<\/p>\n<p>Les Adventistes du Septi\u00e8me Jour \u00e0 Porto Rico se sont r\u00e9unis pour contribuer \u00e0 la construction du premier temple \u00e9rig\u00e9 sur le site de l\u2019Universit\u00e9 Adventiste des Antilles, un campus vieux de 53 ans.<\/p>\n<p>Plus de 3000 dirigeants et membres d\u2019\u00e9glise venus de toute l\u2019ile se sont r\u00e9unis sur le campus le 26 avril \u00e0 l\u2019occasion d\u2019une c\u00e9l\u00e9bration sp\u00e9ciale o\u00f9 ils ont pu assister \u00e0 cet \u00e9v\u00e8nement historique, participer \u00e0 un moment spirituel avec des r\u00e9flexions sur les b\u00e9n\u00e9dictions de Dieu, et aussi prendre part \u00e0 des activit\u00e9s r\u00e9cr\u00e9atives destin\u00e9es aux familles.<\/p>\n<div id=\"attachment_16872\" style=\"width: 410px\" class=\"wp-caption alignright\"><a href=\"\/interamerica\/wp-content\/uploads\/2017\/06\/AAUCapilla400.png\" rel=\"fancybox\" title=\"L\u2019universit\u00e9 Adventiste de Porto Rico d\u00e9bute la construction de son premier temple\"><img decoding=\"async\" aria-describedby=\"caption-attachment-16872\" class=\"size-full wp-image-16872\" src=\"\/interamerica\/wp-content\/uploads\/2017\/06\/AAUCapilla400.png\" alt=\"\" width=\"400\" height=\"266\" \/><\/a><p id=\"caption-attachment-16872\" class=\"wp-caption-text\">La chapelle de l\u2019universit\u00e9 est utilis\u00e9e en tant qu\u2019\u00e9glise depuis les d\u00e9buts de l\u2019institution.<\/p><\/div>\n<p>Le programme intervenait dans le cadre d\u2019une c\u00e9l\u00e9bration fraternelle qui se tient tous les cinq ans sur l\u2019ile. Cette fois-ci, le projet de construction d\u2019un nouveau temple a \u00e9t\u00e9 mis en avant. La construction du temple co\u00fbtera 3,5 millions de dollars et pourra contenir 750 personnes dans l\u2019auditorium.<\/p>\n<p>\u00ab Il y a une cinquantaine d\u2019ann\u00e9es, l\u2019Universit\u00e9 Adventiste des Antilles ne disposait pas des \u00e9quipements dont elle b\u00e9n\u00e9ficie aujourd\u2019hui, \u00bb a indiqu\u00e9 Abiezer Rodriguez, pasteur de l\u2019universit\u00e9. \u00ab C\u2019\u00e9tait une structure en bois du style ranch, recouverte de fils, sous laquelle les \u00e9tudiants pouvaient \u00e9tudier, avec quelques salles, et il n\u2019y avait que tr\u00e8s peu d\u2019\u00e9tudiants qui pouvaient venir sur le campus \u00e0 cause des routes inaccessibles, entre autres d\u00e9fis, \u00bb a ajout\u00e9 pasteur Rodriguez.<\/p>\n<p>Une petite chapelle, construite il y a des d\u00e9cennies de cela, faisait office d\u2019\u00e9glise.<\/p>\n<p>\u00ab Aujourd\u2019hui, apr\u00e8s 50 ans, cette universit\u00e9 s\u2019est d\u00e9velopp\u00e9e, mais le r\u00eave d\u2019avoir un temple, une maison d\u2019adoration pour Dieu, n\u2019a pas encore \u00e9t\u00e9 r\u00e9alis\u00e9, \u00bb a t-il ajout\u00e9.<\/p>\n<p>Pasteur Isra\u00ebl Leito, pr\u00e9sident de l\u2019Eglise Adventiste en Inter Am\u00e9rique s\u2019est exprim\u00e9 durant le programme et a encourag\u00e9 la congr\u00e9gation \u00e0 continuer de rechercher une \u00e9glise unie. \u00ab Le point de mire de l\u2019\u00e9glise devrait toujours \u00eatre Christ., \u00bb a dit pasteur Leito. \u00ab Et au sein de la diversit\u00e9 que nous voyons dans l\u2019\u00e9glise, il doit y avoir unit\u00e9 et fid\u00e9lit\u00e9 \u00e0 la v\u00e9rit\u00e9 divine. \u00bb<\/p>\n<div id=\"attachment_16874\" style=\"width: 410px\" class=\"wp-caption alignright\"><a href=\"\/interamerica\/wp-content\/uploads\/2017\/06\/AAU-aereal400.png\" rel=\"fancybox\" title=\"L\u2019universit\u00e9 Adventiste de Porto Rico d\u00e9bute la construction de son premier temple\"><img decoding=\"async\" aria-describedby=\"caption-attachment-16874\" class=\"size-full wp-image-16874\" src=\"\/interamerica\/wp-content\/uploads\/2017\/06\/AAU-aereal400.png\" alt=\"\" width=\"400\" height=\"300\" \/><\/a><p id=\"caption-attachment-16874\" class=\"wp-caption-text\">Une autre vue a\u00e9rienne de la construction du nouveau temple sur le campus de l\u2019Universit\u00e9 Adventiste des Antilles.<\/p><\/div>\n<p>Le pr\u00e9sident de l\u2019Universit\u00e9 Adventiste des Antilles, Dr Obed Jimenez, \u00e9tait ravi de ce que des milliers de membres d\u2019\u00e9glise venus de toute l\u2019ile se soient rassembl\u00e9s sur le campus pour assister aux d\u00e9buts de la construction du propre temple de l\u2019universit\u00e9 Adventiste. Dr Jimenez a remerci\u00e9 les membres d\u2019\u00e9glise pour leur contribution de plus de 175000 dollars destin\u00e9s \u00e0 l\u2019ach\u00e8vement du projet de construction.<\/p>\n<p>\u00ab Nous r\u00e9clamons vos pri\u00e8res de telle sorte que notre institution puisse avoir un temple d\u00e9dicac\u00e9 comme lieu d\u2019adoration pour Dieu pour les g\u00e9n\u00e9rations \u00e0 venir, \u00bb a dit Dr Jimenez.<\/p>\n<p>Les responsables de l\u2019universit\u00e9 ont d\u00e9clar\u00e9 que la construction a d\u00e9but\u00e9 avec les fonds de l\u2019universit\u00e9, des dons d\u2019anciens \u00e9l\u00e8ves et des fonds venant de la F\u00e9d\u00e9ration Ouest de Porto Rico. La fin du chantier de construction est pr\u00e9vue pour avril 2016.<\/p>\n<p>Le nouveau temple aura trois niveaux : le premier niveau h\u00e9bergera le d\u00e9partement de th\u00e9ologie et les salles de l\u2019Ecole du Sabbat pour les enfants et les jeunes ; Le deuxi\u00e8me niveau abritera l\u2019auditorium de 500 places ainsi que le d\u00e9partement des Affaires Religieuses. Le troisi\u00e8me niveau inclura un studio de production audiovisuelle.<\/p>\n<p>L\u2019Universit\u00e9 Adventiste des Antilles est issue des institutions \u00e9ducatives de Porto Rico et de Cuba. En 1961, l\u2019institution a re\u00e7u l\u2019autorisation de proposer des programmes qui \u00e9taient offerts \u00e0 l\u2019Universit\u00e9 Adventiste de Santa Clara \u00e0 Cuba.<\/p>\n<div id=\"attachment_16873\" style=\"width: 410px\" class=\"wp-caption alignleft\"><a href=\"\/interamerica\/wp-content\/uploads\/2017\/06\/AAU-templeDrawing.png\" rel=\"fancybox\" title=\"L\u2019universit\u00e9 Adventiste de Porto Rico d\u00e9bute la construction de son premier temple\"><img loading=\"lazy\" decoding=\"async\" aria-describedby=\"caption-attachment-16873\" class=\"size-full wp-image-16873\" src=\"\/interamerica\/wp-content\/uploads\/2017\/06\/AAU-templeDrawing.png\" alt=\"\" width=\"400\" height=\"300\" \/><\/a><p id=\"caption-attachment-16873\" class=\"wp-caption-text\">Une esquisse du nouveau b\u00e2timent de trois \u00e9tages qui servira d\u2019\u00e9glise et inclura des bureaux, des salles de l\u2019\u00e9cole du sabbat et un studio de production audiovisuelle.<\/p><\/div>\n<p>L\u2019Universit\u00e9 Adventiste des Antilles se trouve \u00e0 Mayaguez \u00e0 Porto Rico. Le campus s\u2019\u00e9tend sur plusieurs hectares dans une r\u00e9gion montagneuse face \u00e0 l\u2019Oc\u00e9an Atlantique.<\/p>\n<p>L\u2019universit\u00e9 compte actuellement 1337 \u00e9tudiants venant de plus de 30 pays, elle propose 27 formations dipl\u00f4mantes de niveau licence, 7 maitrises et a dipl\u00f4m\u00e9 plus de 5550 \u00e9tudiants.<\/p>\n<p>L\u2019universit\u00e9 proposera un dipl\u00f4me d\u2019infirmier anesth\u00e9siste ainsi qu\u2019un programme doctoral en kin\u00e9sith\u00e9rapie \u00e0 partir de l\u2019ann\u00e9e prochaine.<\/p>\n<p>L\u2019Universit\u00e9 Adventiste des Antilles s\u2019est distingu\u00e9e \u00e0 Porto Rico de part son excellence acad\u00e9mique, son environnement spirituel et sa diversit\u00e9 culturelle.<\/p>\n<p>Pour en savoir plus sur l\u2019Universit\u00e9 Adventiste des Antilles, visitez le site <a href=\"http:\/\/www.uaa.edu\/esp\/\">uaa.edu<\/a><\/p>\n<p>Vous pouvez faire un don pour l\u2019ach\u00e8vement de la construction du nouveau temple en visitant la page <a href=\"www.iglesiauaa.org\">iglesiauaa.org<\/a><\/p>\n<p>Traduction: Patrick Luciathe<\/p>\n","protected":false},"excerpt":{"rendered":"<p>Les Adventistes du Septi\u00e8me Jour \u00e0 Porto Rico se sont r\u00e9unis pour contribuer \u00e0 la construction du premier temple \u00e9rig\u00e9 sur le site de l\u2019Universit\u00e9 Adventiste des Antilles, un  campus vieux de 53 ans.  <\/p>\n<p>Plus de 3000 dirigeants et membres d\u2019\u00e9glise venus de toute l\u2019ile se sont r\u00e9unis sur le campus le 26 avril \u00e0 l\u2019occasion d\u2019une c\u00e9l\u00e9bration sp\u00e9ciale o\u00f9 ils ont pu assister \u00e0 cet \u00e9v\u00e8nement historique, participer \u00e0 un moment spirituel avec des r\u00e9flexions sur les b\u00e9n\u00e9dictions de Dieu, et aussi prendre part \u00e0 des activit\u00e9s r\u00e9cr\u00e9atives destin\u00e9es aux familles.<\/p>\n","protected":false},"author":1,"featured_media":25286,"comment_status":"closed","ping_status":"closed","sticky":false,"template":"","format":"standard","meta":{"_acf_changed":false,"footnotes":""},"categories":[21,19],"tags":[],"class_list":["post-32269","post","type-post","status-publish","format-standard","has-post-thumbnail","hentry","category-nouvelles-du-territoire","category-rss-francais"],"acf":[],"yoast_head":"<!-- This site is optimized with the Yoast SEO plugin v27.3 - https:\/\/yoast.com\/product\/yoast-seo-wordpress\/ -->\n<title>L\u2019universit\u00e9 Adventiste de Porto Rico d\u00e9bute la construction de son premier temple - \u00c9glise Adventiste Du Septieme Jour - Inter Am\u00e9rique Division<\/title>\n<meta name=\"robots\" content=\"index, follow, max-snippet:-1, max-image-preview:large, max-video-preview:-1\" \/>\n<link rel=\"canonical\" href=\"https:\/\/interamerica.org\/fr\/2015\/05\/luniversite-adventiste-de-porto-rico-debute-la-construction-de-son-premier-temple\/\" \/>\n<meta property=\"og:locale\" content=\"fr_FR\" \/>\n<meta property=\"og:type\" content=\"article\" \/>\n<meta property=\"og:title\" content=\"L\u2019universit\u00e9 Adventiste de Porto Rico d\u00e9bute la construction de son premier temple - \u00c9glise Adventiste Du Septieme Jour - Inter Am\u00e9rique Division\" \/>\n<meta property=\"og:description\" content=\"Les Adventistes du Septi\u00e8me Jour \u00e0 Porto Rico se sont r\u00e9unis pour contribuer \u00e0 la construction du premier temple \u00e9rig\u00e9 sur le site de l\u2019Universit\u00e9 Adventiste des Antilles, un campus vieux de 53 ans.  Plus de 3000 dirigeants et membres d\u2019\u00e9glise venus de toute l\u2019ile se sont r\u00e9unis sur le campus le 26 avril \u00e0 l\u2019occasion d\u2019une c\u00e9l\u00e9bration sp\u00e9ciale o\u00f9 ils ont pu assister \u00e0 cet \u00e9v\u00e8nement historique, participer \u00e0 un moment spirituel avec des r\u00e9flexions sur les b\u00e9n\u00e9dictions de Dieu, et aussi prendre part \u00e0 des activit\u00e9s r\u00e9cr\u00e9atives destin\u00e9es aux familles.\" \/>\n<meta property=\"og:url\" content=\"https:\/\/interamerica.org\/fr\/2015\/05\/luniversite-adventiste-de-porto-rico-debute-la-construction-de-son-premier-temple\/\" \/>\n<meta property=\"og:site_name\" content=\"\u00c9glise Adventiste Du Septieme Jour - Inter Am\u00e9rique Division\" \/>\n<meta property=\"article:published_time\" content=\"2015-05-12T04:00:00+00:00\" \/>\n<meta property=\"og:image\" content=\"https:\/\/interamerica.org\/wp-content\/uploads\/2017\/06\/AAUtemple-AerealView6001.png\" \/>\n\t<meta property=\"og:image:width\" content=\"600\" \/>\n\t<meta property=\"og:image:height\" content=\"450\" \/>\n\t<meta property=\"og:image:type\" content=\"image\/png\" \/>\n<meta name=\"author\" content=\"Lorenzo Verduzco\" \/>\n<meta name=\"twitter:card\" content=\"summary_large_image\" \/>\n<meta name=\"twitter:label1\" content=\"\u00c9crit par\" \/>\n\t<meta name=\"twitter:data1\" content=\"Lorenzo Verduzco\" \/>\n\t<meta name=\"twitter:label2\" content=\"Dur\u00e9e de lecture estim\u00e9e\" \/>\n\t<meta name=\"twitter:data2\" content=\"5 minutes\" \/>\n<script type=\"application\/ld+json\" class=\"yoast-schema-graph\">{\"@context\":\"https:\\\/\\\/schema.org\",\"@graph\":[{\"@type\":\"Article\",\"@id\":\"https:\\\/\\\/interamerica.org\\\/fr\\\/2015\\\/05\\\/luniversite-adventiste-de-porto-rico-debute-la-construction-de-son-premier-temple\\\/#article\",\"isPartOf\":{\"@id\":\"https:\\\/\\\/interamerica.org\\\/fr\\\/2015\\\/05\\\/luniversite-adventiste-de-porto-rico-debute-la-construction-de-son-premier-temple\\\/\"},\"author\":{\"name\":\"Lorenzo Verduzco\",\"@id\":\"https:\\\/\\\/interamerica.org\\\/fr\\\/#\\\/schema\\\/person\\\/68ede8bdc292885bb76c1e3810e73c39\"},\"headline\":\"L\u2019universit\u00e9 Adventiste de Porto Rico d\u00e9bute la construction de son premier temple\",\"datePublished\":\"2015-05-12T04:00:00+00:00\",\"mainEntityOfPage\":{\"@id\":\"https:\\\/\\\/interamerica.org\\\/fr\\\/2015\\\/05\\\/luniversite-adventiste-de-porto-rico-debute-la-construction-de-son-premier-temple\\\/\"},\"wordCount\":955,\"image\":{\"@id\":\"https:\\\/\\\/interamerica.org\\\/fr\\\/2015\\\/05\\\/luniversite-adventiste-de-porto-rico-debute-la-construction-de-son-premier-temple\\\/#primaryimage\"},\"thumbnailUrl\":\"https:\\\/\\\/interamerica.org\\\/wp-content\\\/uploads\\\/2017\\\/06\\\/AAUtemple-AerealView6001.png\",\"articleSection\":[\"Nouvelles du territoire\",\"RSS Fran\u00e7ais\"],\"inLanguage\":\"fr-FR\"},{\"@type\":\"WebPage\",\"@id\":\"https:\\\/\\\/interamerica.org\\\/fr\\\/2015\\\/05\\\/luniversite-adventiste-de-porto-rico-debute-la-construction-de-son-premier-temple\\\/\",\"url\":\"https:\\\/\\\/interamerica.org\\\/fr\\\/2015\\\/05\\\/luniversite-adventiste-de-porto-rico-debute-la-construction-de-son-premier-temple\\\/\",\"name\":\"L\u2019universit\u00e9 Adventiste de Porto Rico d\u00e9bute la construction de son premier temple - \u00c9glise Adventiste Du Septieme Jour - Inter Am\u00e9rique Division\",\"isPartOf\":{\"@id\":\"https:\\\/\\\/interamerica.org\\\/fr\\\/#website\"},\"primaryImageOfPage\":{\"@id\":\"https:\\\/\\\/interamerica.org\\\/fr\\\/2015\\\/05\\\/luniversite-adventiste-de-porto-rico-debute-la-construction-de-son-premier-temple\\\/#primaryimage\"},\"image\":{\"@id\":\"https:\\\/\\\/interamerica.org\\\/fr\\\/2015\\\/05\\\/luniversite-adventiste-de-porto-rico-debute-la-construction-de-son-premier-temple\\\/#primaryimage\"},\"thumbnailUrl\":\"https:\\\/\\\/interamerica.org\\\/wp-content\\\/uploads\\\/2017\\\/06\\\/AAUtemple-AerealView6001.png\",\"datePublished\":\"2015-05-12T04:00:00+00:00\",\"author\":{\"@id\":\"https:\\\/\\\/interamerica.org\\\/fr\\\/#\\\/schema\\\/person\\\/68ede8bdc292885bb76c1e3810e73c39\"},\"breadcrumb\":{\"@id\":\"https:\\\/\\\/interamerica.org\\\/fr\\\/2015\\\/05\\\/luniversite-adventiste-de-porto-rico-debute-la-construction-de-son-premier-temple\\\/#breadcrumb\"},\"inLanguage\":\"fr-FR\",\"potentialAction\":[{\"@type\":\"ReadAction\",\"target\":[\"https:\\\/\\\/interamerica.org\\\/fr\\\/2015\\\/05\\\/luniversite-adventiste-de-porto-rico-debute-la-construction-de-son-premier-temple\\\/\"]}]},{\"@type\":\"ImageObject\",\"inLanguage\":\"fr-FR\",\"@id\":\"https:\\\/\\\/interamerica.org\\\/fr\\\/2015\\\/05\\\/luniversite-adventiste-de-porto-rico-debute-la-construction-de-son-premier-temple\\\/#primaryimage\",\"url\":\"https:\\\/\\\/interamerica.org\\\/wp-content\\\/uploads\\\/2017\\\/06\\\/AAUtemple-AerealView6001.png\",\"contentUrl\":\"https:\\\/\\\/interamerica.org\\\/wp-content\\\/uploads\\\/2017\\\/06\\\/AAUtemple-AerealView6001.png\",\"width\":600,\"height\":450},{\"@type\":\"BreadcrumbList\",\"@id\":\"https:\\\/\\\/interamerica.org\\\/fr\\\/2015\\\/05\\\/luniversite-adventiste-de-porto-rico-debute-la-construction-de-son-premier-temple\\\/#breadcrumb\",\"itemListElement\":[{\"@type\":\"ListItem\",\"position\":1,\"name\":\"Home\",\"item\":\"https:\\\/\\\/interamerica.org\\\/fr\\\/\"},{\"@type\":\"ListItem\",\"position\":2,\"name\":\"L\u2019universit\u00e9 Adventiste de Porto Rico d\u00e9bute la construction de son premier temple\"}]},{\"@type\":\"WebSite\",\"@id\":\"https:\\\/\\\/interamerica.org\\\/fr\\\/#website\",\"url\":\"https:\\\/\\\/interamerica.org\\\/fr\\\/\",\"name\":\"\u00c9glise Adventiste Du Septieme Jour - Inter Am\u00e9rique Division\",\"description\":\"\",\"potentialAction\":[{\"@type\":\"SearchAction\",\"target\":{\"@type\":\"EntryPoint\",\"urlTemplate\":\"https:\\\/\\\/interamerica.org\\\/fr\\\/?s={search_term_string}\"},\"query-input\":{\"@type\":\"PropertyValueSpecification\",\"valueRequired\":true,\"valueName\":\"search_term_string\"}}],\"inLanguage\":\"fr-FR\"},{\"@type\":\"Person\",\"@id\":\"https:\\\/\\\/interamerica.org\\\/fr\\\/#\\\/schema\\\/person\\\/68ede8bdc292885bb76c1e3810e73c39\",\"name\":\"Lorenzo Verduzco\",\"image\":{\"@type\":\"ImageObject\",\"inLanguage\":\"fr-FR\",\"@id\":\"https:\\\/\\\/secure.gravatar.com\\\/avatar\\\/fb81a55b6218459490a9c1dc841a34909185b81904c5337b4b27f7a6fd60c49e?s=96&d=mm&r=g\",\"url\":\"https:\\\/\\\/secure.gravatar.com\\\/avatar\\\/fb81a55b6218459490a9c1dc841a34909185b81904c5337b4b27f7a6fd60c49e?s=96&d=mm&r=g\",\"contentUrl\":\"https:\\\/\\\/secure.gravatar.com\\\/avatar\\\/fb81a55b6218459490a9c1dc841a34909185b81904c5337b4b27f7a6fd60c49e?s=96&d=mm&r=g\",\"caption\":\"Lorenzo Verduzco\"}}]}<\/script>\n<!-- \/ Yoast SEO plugin. -->","yoast_head_json":{"title":"L\u2019universit\u00e9 Adventiste de Porto Rico d\u00e9bute la construction de son premier temple - \u00c9glise Adventiste Du Septieme Jour - Inter Am\u00e9rique Division","robots":{"index":"index","follow":"follow","max-snippet":"max-snippet:-1","max-image-preview":"max-image-preview:large","max-video-preview":"max-video-preview:-1"},"canonical":"https:\/\/interamerica.org\/fr\/2015\/05\/luniversite-adventiste-de-porto-rico-debute-la-construction-de-son-premier-temple\/","og_locale":"fr_FR","og_type":"article","og_title":"L\u2019universit\u00e9 Adventiste de Porto Rico d\u00e9bute la construction de son premier temple - \u00c9glise Adventiste Du Septieme Jour - Inter Am\u00e9rique Division","og_description":"Les Adventistes du Septi\u00e8me Jour \u00e0 Porto Rico se sont r\u00e9unis pour contribuer \u00e0 la construction du premier temple \u00e9rig\u00e9 sur le site de l\u2019Universit\u00e9 Adventiste des Antilles, un campus vieux de 53 ans.  Plus de 3000 dirigeants et membres d\u2019\u00e9glise venus de toute l\u2019ile se sont r\u00e9unis sur le campus le 26 avril \u00e0 l\u2019occasion d\u2019une c\u00e9l\u00e9bration sp\u00e9ciale o\u00f9 ils ont pu assister \u00e0 cet \u00e9v\u00e8nement historique, participer \u00e0 un moment spirituel avec des r\u00e9flexions sur les b\u00e9n\u00e9dictions de Dieu, et aussi prendre part \u00e0 des activit\u00e9s r\u00e9cr\u00e9atives destin\u00e9es aux familles.","og_url":"https:\/\/interamerica.org\/fr\/2015\/05\/luniversite-adventiste-de-porto-rico-debute-la-construction-de-son-premier-temple\/","og_site_name":"\u00c9glise Adventiste Du Septieme Jour - Inter Am\u00e9rique Division","article_published_time":"2015-05-12T04:00:00+00:00","og_image":[{"width":600,"height":450,"url":"https:\/\/interamerica.org\/wp-content\/uploads\/2017\/06\/AAUtemple-AerealView6001.png","type":"image\/png"}],"author":"Lorenzo Verduzco","twitter_card":"summary_large_image","twitter_misc":{"\u00c9crit par":"Lorenzo Verduzco","Dur\u00e9e de lecture estim\u00e9e":"5 minutes"},"schema":{"@context":"https:\/\/schema.org","@graph":[{"@type":"Article","@id":"https:\/\/interamerica.org\/fr\/2015\/05\/luniversite-adventiste-de-porto-rico-debute-la-construction-de-son-premier-temple\/#article","isPartOf":{"@id":"https:\/\/interamerica.org\/fr\/2015\/05\/luniversite-adventiste-de-porto-rico-debute-la-construction-de-son-premier-temple\/"},"author":{"name":"Lorenzo Verduzco","@id":"https:\/\/interamerica.org\/fr\/#\/schema\/person\/68ede8bdc292885bb76c1e3810e73c39"},"headline":"L\u2019universit\u00e9 Adventiste de Porto Rico d\u00e9bute la construction de son premier temple","datePublished":"2015-05-12T04:00:00+00:00","mainEntityOfPage":{"@id":"https:\/\/interamerica.org\/fr\/2015\/05\/luniversite-adventiste-de-porto-rico-debute-la-construction-de-son-premier-temple\/"},"wordCount":955,"image":{"@id":"https:\/\/interamerica.org\/fr\/2015\/05\/luniversite-adventiste-de-porto-rico-debute-la-construction-de-son-premier-temple\/#primaryimage"},"thumbnailUrl":"https:\/\/interamerica.org\/wp-content\/uploads\/2017\/06\/AAUtemple-AerealView6001.png","articleSection":["Nouvelles du territoire","RSS Fran\u00e7ais"],"inLanguage":"fr-FR"},{"@type":"WebPage","@id":"https:\/\/interamerica.org\/fr\/2015\/05\/luniversite-adventiste-de-porto-rico-debute-la-construction-de-son-premier-temple\/","url":"https:\/\/interamerica.org\/fr\/2015\/05\/luniversite-adventiste-de-porto-rico-debute-la-construction-de-son-premier-temple\/","name":"L\u2019universit\u00e9 Adventiste de Porto Rico d\u00e9bute la construction de son premier temple - \u00c9glise Adventiste Du Septieme Jour - Inter Am\u00e9rique Division","isPartOf":{"@id":"https:\/\/interamerica.org\/fr\/#website"},"primaryImageOfPage":{"@id":"https:\/\/interamerica.org\/fr\/2015\/05\/luniversite-adventiste-de-porto-rico-debute-la-construction-de-son-premier-temple\/#primaryimage"},"image":{"@id":"https:\/\/interamerica.org\/fr\/2015\/05\/luniversite-adventiste-de-porto-rico-debute-la-construction-de-son-premier-temple\/#primaryimage"},"thumbnailUrl":"https:\/\/interamerica.org\/wp-content\/uploads\/2017\/06\/AAUtemple-AerealView6001.png","datePublished":"2015-05-12T04:00:00+00:00","author":{"@id":"https:\/\/interamerica.org\/fr\/#\/schema\/person\/68ede8bdc292885bb76c1e3810e73c39"},"breadcrumb":{"@id":"https:\/\/interamerica.org\/fr\/2015\/05\/luniversite-adventiste-de-porto-rico-debute-la-construction-de-son-premier-temple\/#breadcrumb"},"inLanguage":"fr-FR","potentialAction":[{"@type":"ReadAction","target":["https:\/\/interamerica.org\/fr\/2015\/05\/luniversite-adventiste-de-porto-rico-debute-la-construction-de-son-premier-temple\/"]}]},{"@type":"ImageObject","inLanguage":"fr-FR","@id":"https:\/\/interamerica.org\/fr\/2015\/05\/luniversite-adventiste-de-porto-rico-debute-la-construction-de-son-premier-temple\/#primaryimage","url":"https:\/\/interamerica.org\/wp-content\/uploads\/2017\/06\/AAUtemple-AerealView6001.png","contentUrl":"https:\/\/interamerica.org\/wp-content\/uploads\/2017\/06\/AAUtemple-AerealView6001.png","width":600,"height":450},{"@type":"BreadcrumbList","@id":"https:\/\/interamerica.org\/fr\/2015\/05\/luniversite-adventiste-de-porto-rico-debute-la-construction-de-son-premier-temple\/#breadcrumb","itemListElement":[{"@type":"ListItem","position":1,"name":"Home","item":"https:\/\/interamerica.org\/fr\/"},{"@type":"ListItem","position":2,"name":"L\u2019universit\u00e9 Adventiste de Porto Rico d\u00e9bute la construction de son premier temple"}]},{"@type":"WebSite","@id":"https:\/\/interamerica.org\/fr\/#website","url":"https:\/\/interamerica.org\/fr\/","name":"\u00c9glise Adventiste Du Septieme Jour - Inter Am\u00e9rique Division","description":"","potentialAction":[{"@type":"SearchAction","target":{"@type":"EntryPoint","urlTemplate":"https:\/\/interamerica.org\/fr\/?s={search_term_string}"},"query-input":{"@type":"PropertyValueSpecification","valueRequired":true,"valueName":"search_term_string"}}],"inLanguage":"fr-FR"},{"@type":"Person","@id":"https:\/\/interamerica.org\/fr\/#\/schema\/person\/68ede8bdc292885bb76c1e3810e73c39","name":"Lorenzo Verduzco","image":{"@type":"ImageObject","inLanguage":"fr-FR","@id":"https:\/\/secure.gravatar.com\/avatar\/fb81a55b6218459490a9c1dc841a34909185b81904c5337b4b27f7a6fd60c49e?s=96&d=mm&r=g","url":"https:\/\/secure.gravatar.com\/avatar\/fb81a55b6218459490a9c1dc841a34909185b81904c5337b4b27f7a6fd60c49e?s=96&d=mm&r=g","contentUrl":"https:\/\/secure.gravatar.com\/avatar\/fb81a55b6218459490a9c1dc841a34909185b81904c5337b4b27f7a6fd60c49e?s=96&d=mm&r=g","caption":"Lorenzo Verduzco"}}]}},"_links":{"self":[{"href":"https:\/\/interamerica.org\/fr\/wp-json\/wp\/v2\/posts\/32269","targetHints":{"allow":["GET"]}}],"collection":[{"href":"https:\/\/interamerica.org\/fr\/wp-json\/wp\/v2\/posts"}],"about":[{"href":"https:\/\/interamerica.org\/fr\/wp-json\/wp\/v2\/types\/post"}],"author":[{"embeddable":true,"href":"https:\/\/interamerica.org\/fr\/wp-json\/wp\/v2\/users\/1"}],"replies":[{"embeddable":true,"href":"https:\/\/interamerica.org\/fr\/wp-json\/wp\/v2\/comments?post=32269"}],"version-history":[{"count":0,"href":"https:\/\/interamerica.org\/fr\/wp-json\/wp\/v2\/posts\/32269\/revisions"}],"wp:featuredmedia":[{"embeddable":true,"href":"https:\/\/interamerica.org\/fr\/wp-json\/wp\/v2\/media\/25286"}],"wp:attachment":[{"href":"https:\/\/interamerica.org\/fr\/wp-json\/wp\/v2\/media?parent=32269"}],"wp:term":[{"taxonomy":"category","embeddable":true,"href":"https:\/\/interamerica.org\/fr\/wp-json\/wp\/v2\/categories?post=32269"},{"taxonomy":"post_tag","embeddable":true,"href":"https:\/\/interamerica.org\/fr\/wp-json\/wp\/v2\/tags?post=32269"}],"curies":[{"name":"wp","href":"https:\/\/api.w.org\/{rel}","templated":true}]}}