{"id":32270,"date":"2015-05-13T00:00:00","date_gmt":"2015-05-13T04:00:00","guid":{"rendered":"http:\/\/192.81.217.108\/interamerica\/2015\/05\/inter-amerique-les-leaders-de-leglise-debutent-les-rencontres-administratives-en-reconsiderant-les-cinq-dernieres-annees\/"},"modified":"2015-05-13T00:00:00","modified_gmt":"2015-05-13T04:00:00","slug":"inter-amerique-les-leaders-de-leglise-debutent-les-rencontres-administratives-en-reconsiderant-les-cinq-dernieres-annees","status":"publish","type":"post","link":"https:\/\/interamerica.org\/fr\/2015\/05\/inter-amerique-les-leaders-de-leglise-debutent-les-rencontres-administratives-en-reconsiderant-les-cinq-dernieres-annees\/","title":{"rendered":"Inter Am\u00e9rique : les leaders de l\u2019\u00e9glise d\u00e9butent les rencontres administratives en reconsid\u00e9rant les cinq derni\u00e8res ann\u00e9es."},"content":{"rendered":"<p>12 Mai 2015 \u2013 Miami, Floride, Etats Unis \u2013 Libna Stevens\/DIA<\/p>\n<div id=\"attachment_16898\" style=\"width: 298px\" class=\"wp-caption alignright\"><a href=\"\/interamerica\/wp-content\/uploads\/2017\/06\/ILeito-midyr.png\" rel=\"fancybox\" title=\"Inter Am\u00e9rique : les leaders de l\u2019\u00e9glise d\u00e9butent les rencontres administratives en reconsid\u00e9rant les cinq derni\u00e8res ann\u00e9es.\"><img fetchpriority=\"high\" decoding=\"async\" aria-describedby=\"caption-attachment-16898\" class=\" wp-image-16898  \" src=\"\/interamerica\/wp-content\/uploads\/2017\/06\/ILeito-midyr.png\" alt=\"\" width=\"288\" height=\"208\" \/><\/a><p id=\"caption-attachment-16898\" class=\"wp-caption-text\">Images de Libna Stevens\/DIA<\/p><\/div>\n<p>Les principaux leaders de l\u2019Eglise Adventiste du Septi\u00e8me Jour en Inter Am\u00e9rique ont d\u00e9but\u00e9 leurs rencontres administratives aujourd\u2019hui en m\u00e9ditant sur les b\u00e9n\u00e9dictions de Dieu et la croissance continue que le territoire a connue au cours des cinq derni\u00e8res ann\u00e9es. Les rencontres, qui se tiennent \u00e0 Miami en Floride, ont eu une tonalit\u00e9 spirituelle marqu\u00e9e par la reconnaissance, et ont donn\u00e9 aux leaders l\u2019occasion de participer avec des lectures tir\u00e9es de la Bible, des chants de louange, des d\u00e9clarations inspir\u00e9es et des sessions de pri\u00e8re.<\/p>\n<p>\u00ab Au lieu de demander et demander encore \u00e0 Dieu d\u2019accomplir des choses en notre faveur, il est important pour nous de prendre le temps de vivre ce festival de louange et de gratitude ce matin au vu de ce que Dieu a fait pour Son \u00e9glise, \u00bb a dit pasteur Isra\u00ebl Leito, pr\u00e9sident de l\u2019Eglise Adventiste en Inter Am\u00e9rique, alors que d\u00e9butait le programme sp\u00e9cial. \u00ab Ce ne sont pas nos r\u00e9alisations, mais c\u2019est l\u2019\u0153uvre de J\u00e9hovah. \u00bb<\/p>\n<div id=\"attachment_16901\" style=\"width: 295px\" class=\"wp-caption alignleft\"><a href=\"\/interamerica\/wp-content\/uploads\/2017\/06\/DinorahRivera400.png\" rel=\"fancybox\" title=\"Inter Am\u00e9rique : les leaders de l\u2019\u00e9glise d\u00e9butent les rencontres administratives en reconsid\u00e9rant les cinq derni\u00e8res ann\u00e9es.\"><img decoding=\"async\" aria-describedby=\"caption-attachment-16901\" class=\" wp-image-16901     \" src=\"\/interamerica\/wp-content\/uploads\/2017\/06\/DinorahRivera400.png\" alt=\"\" width=\"285\" height=\"194\" \/><\/a><p id=\"caption-attachment-16901\" class=\"wp-caption-text\">La directrice des Minist\u00e8re Aupr\u00e8s des Enfants, Dinorah Rivera, explique au comit\u00e9 les initiatives et les activit\u00e9s r\u00e9alis\u00e9es dans la p\u00e9riode 2010-2015 \u00e0 travers l\u2019Inter Am\u00e9rique.<\/p><\/div>\n<p>Les dirigeants se sont arr\u00eat\u00e9s pour m\u00e9diter sur les progr\u00e8s de l\u2019\u00e9glise au cours du dernier quinquennat (2010-2015), qui a vu 1013121 nouveaux membres se joindre \u00e0 l\u2019\u00e9glise jusqu\u2019au 30 avril 2015, et aussi plusieurs nouvelles unions organis\u00e9es et d\u2019autres r\u00e9gions passer du statut de mission \u00e0 celui de f\u00e9d\u00e9ration \u00e0 travers le territoire de la Division Inter Am\u00e9ricaine (DIA). Aujourd\u2019hui, la DIA compte 3,7 millions de membres d\u2019apr\u00e8s les indications des principaux administrateurs de l\u2019\u00e9glise.<\/p>\n<p>R\u00e9unis sous le th\u00e8me \u00ab Que Tu Es Grand, \u00bb les leaders Adventistes de tous les minist\u00e8res et d\u00e9partements du bureau de la DIA ont \u00e9chang\u00e9 autour des initiatives, activit\u00e9s, sommets et formations qui ont eu lieu dans les 20000 \u00e9glises et groupes depuis 2010.<\/p>\n<div id=\"attachment_16902\" style=\"width: 302px\" class=\"wp-caption alignright\"><a href=\"\/interamerica\/wp-content\/uploads\/2017\/06\/Quartet400.png\" rel=\"fancybox\" title=\"Inter Am\u00e9rique : les leaders de l\u2019\u00e9glise d\u00e9butent les rencontres administratives en reconsid\u00e9rant les cinq derni\u00e8res ann\u00e9es.\"><img decoding=\"async\" aria-describedby=\"caption-attachment-16902\" class=\" wp-image-16902   \" src=\"\/interamerica\/wp-content\/uploads\/2017\/06\/Quartet400.png\" alt=\"\" width=\"292\" height=\"222\" \/><\/a><p id=\"caption-attachment-16902\" class=\"wp-caption-text\">Les leaders Adventistes pr\u00e9sentent un chant sp\u00e9cial lors de l\u2019ouverture des rencontres administratives de l\u2019Inter Am\u00e9rique.<\/p><\/div>\n<p>Les dirigeants ont pr\u00e9sent\u00e9 des rapports sur la formation en \u00e9vang\u00e9lisation qui a \u00e9t\u00e9 propos\u00e9e \u00e0 des milliers de pasteurs et de la\u00efcs, sur les dizaines de festivals de libert\u00e9 religieuse qui ont \u00e9t\u00e9 organis\u00e9s, sur les milliers d\u2019acteurs de la communication qui ont \u00e9t\u00e9 form\u00e9s et sur les formations mises en place pour la jeunesse et les minist\u00e8res aupr\u00e8s des enfants. L\u2019Eglise Adventiste en Inter Am\u00e9rique a organis\u00e9 de nombreux congr\u00e8s des enseignants, \u00e9labor\u00e9 de nouveaux plans pour les repr\u00e9sentants \u00e9vang\u00e9listes, tenu une grande convention pour les colporteurs, et elle a aussi consolid\u00e9 des milliers de familles, promu le message et les activit\u00e9s sur la sant\u00e9 dans des milliers d\u2019\u00e9glises et communaut\u00e9s, et bien plus encore.<\/p>\n<p>Les dirigeants de l\u2019\u00e9glise ont \u00e9galement exprim\u00e9 leur gratitude pour la protection de Dieu dont ils ont joui au cours des cinq derni\u00e8res ann\u00e9es.<\/p>\n<p>Le secr\u00e9taire ex\u00e9cutif de la DIA, Dr Elie Henry encourage les leaders \u00e0 continuer de louer Dieu dans les moments difficiles comme dans les moments de prosp\u00e9rit\u00e9.<\/p>\n<p>\u00ab Quand les circonstances commencent \u00e0 sembler impossibles et que vous devenez d\u00e9sesp\u00e9r\u00e9s par rapport \u00e0 la situation financi\u00e8re \u00e0 votre bureau, \u00e0 l\u2019union, ou dans le champ, tournez vous vers le Seigneur et Sa force, \u00bb a dit Dr Henry. \u00ab Recherchez toujours Sa face, et souvenez vous de Ses miracles dans votre vie. \u00bb<\/p>\n<div id=\"attachment_16900\" style=\"width: 298px\" class=\"wp-caption alignleft\"><a href=\"\/interamerica\/wp-content\/uploads\/2017\/06\/DutchCaribbean400.png\" rel=\"fancybox\" title=\"Inter Am\u00e9rique : les leaders de l\u2019\u00e9glise d\u00e9butent les rencontres administratives en reconsid\u00e9rant les cinq derni\u00e8res ann\u00e9es.\"><img loading=\"lazy\" decoding=\"async\" aria-describedby=\"caption-attachment-16900\" class=\"wp-image-16900 \" src=\"\/interamerica\/wp-content\/uploads\/2017\/06\/DutchCaribbean400.png\" alt=\"\" width=\"288\" height=\"200\" \/><\/a><p id=\"caption-attachment-16900\" class=\"wp-caption-text\">Les leaders de la DIA posent avec les administrateurs nouvellement nomm\u00e9s de l\u2019Union de la Cara\u00efbe N\u00e9erlandaise: deuxi\u00e8me \u00e0 partir de la gauche, Shurman Kook, pr\u00e9sident, quatri\u00e8me \u00e0 partir de la gauche, Hans Ponte, secr\u00e9taire, et \u00e0 l\u2019extr\u00eame droite, Kenneth Luis, tr\u00e9sorier.<\/p><\/div>\n<p>Dr Henry a rappel\u00e9 aux leaders que le festival de louange et d\u2019actions de gr\u00e2ce n\u2019avait pas seulement pour objectif de consid\u00e9rer les b\u00e9n\u00e9dictions pass\u00e9es mais \u00e9galement de regarder vers l\u2019avenir, faisant confiance au Seigneur, et croyant que Dieu continuera d\u2019accomplir Son \u0153uvre en notre faveur et en celle de Son \u00e9glise. \u00bb<\/p>\n<p>Les administrateurs de la DIA ont officiellement accueilli les nouveaux administrateurs de l\u2019Union du Panama qui a \u00e9t\u00e9 r\u00e9cemment organis\u00e9e.<\/p>\n<p>De plus, le comit\u00e9 ex\u00e9cutif a nomm\u00e9 trois nouveaux administrateurs de l\u2019Union Mission de la Cara\u00efbe N\u00e9erlandaise, r\u00e9cemment organis\u00e9e et qui devient la 24\u00e8me r\u00e9gion majeure de l\u2019Inter Am\u00e9rique. Les administrateurs nomm\u00e9s sont : Shurman Kook, pr\u00e9sident, Hans Ponte, secr\u00e9taire ex\u00e9cutif et Kenneth Luis, tr\u00e9sorier.<\/p>\n<p>Les leaders ont \u00e9galement consid\u00e9r\u00e9 le nombre de d\u00e9l\u00e9gu\u00e9s qui repr\u00e9senteront la DIA lors de la Session de la Conf\u00e9rence G\u00e9n\u00e9rale \u00e0 San Antonio cet \u00e9t\u00e9. Le nombre total de d\u00e9l\u00e9gu\u00e9s g\u00e9n\u00e9raux et r\u00e9guliers qui peuvent voter lors de la session est de 391, a indiqu\u00e9 Dr Henry<\/p>\n<div id=\"attachment_16904\" style=\"width: 306px\" class=\"wp-caption alignright\"><a href=\"\/interamerica\/wp-content\/uploads\/2017\/06\/Henry-midyear.png\" rel=\"fancybox\" title=\"Inter Am\u00e9rique : les leaders de l\u2019\u00e9glise d\u00e9butent les rencontres administratives en reconsid\u00e9rant les cinq derni\u00e8res ann\u00e9es.\"><img loading=\"lazy\" decoding=\"async\" aria-describedby=\"caption-attachment-16904\" class=\" wp-image-16904   \" src=\"\/interamerica\/wp-content\/uploads\/2017\/06\/Henry-midyear.png\" alt=\"\" width=\"296\" height=\"220\" \/><\/a><p id=\"caption-attachment-16904\" class=\"wp-caption-text\">Dr Elie Henry, secr\u00e9taire ex\u00e9cutif de la DIA parle des 391 d\u00e9l\u00e9gu\u00e9s r\u00e9guliers et g\u00e9n\u00e9raux qui repr\u00e9senteront le territoire lors de la Session de la Conf\u00e9rence G\u00e9n\u00e9rale en juillet.<\/p><\/div>\n<p>\u00ab Nous avons la plus importante d\u00e9l\u00e9gation de toutes les divisions du monde, \u00bb a affirm\u00e9 Elie Henry. Avec les invit\u00e9s sp\u00e9ciaux, le groupe de la DIA comptera au total 482 personnes.<\/p>\n<p>La logistique de la session, l\u2019h\u00e9bergement, les rencontres sp\u00e9ciales et les activit\u00e9s qui auront lieu durant la session ont fait l\u2019objet d\u2019une discussion.<\/p>\n<p>Les membres du comit\u00e9 ex\u00e9cutif ont regard\u00e9 le rapport vid\u00e9o quinquennal de la DIA qui sera pr\u00e9sent\u00e9 \u00e0 San Antonio le 6 juillet 2015.<\/p>\n<p>Un vote a \u00e9t\u00e9 pris pour la poursuite de l\u2019initiative Vision Un Million visant \u00e0 faire entrer plus de membres dans l\u2019\u00e9glise. Il a \u00e9t\u00e9 retenu que la c\u00e9r\u00e9monie baptismale retransmise en direct \u00e0 la fin d\u2019une intense s\u00e9rie de campagnes d\u2019\u00e9vang\u00e9lisation aura lieu \u00e0 Caracas au Venezuela le 2 avril 2016.<\/p>\n<div id=\"attachment_16903\" style=\"width: 330px\" class=\"wp-caption alignleft\"><a href=\"\/interamerica\/wp-content\/uploads\/2017\/06\/leonardJohnsonPraying400.png\" rel=\"fancybox\" title=\"Inter Am\u00e9rique : les leaders de l\u2019\u00e9glise d\u00e9butent les rencontres administratives en reconsid\u00e9rant les cinq derni\u00e8res ann\u00e9es.\"><img loading=\"lazy\" decoding=\"async\" aria-describedby=\"caption-attachment-16903\" class=\" wp-image-16903 \" src=\"\/interamerica\/wp-content\/uploads\/2017\/06\/leonardJohnsonPraying400.png\" alt=\"\" width=\"320\" height=\"213\" \/><\/a><p id=\"caption-attachment-16903\" class=\"wp-caption-text\">Le pr\u00e9sident de l\u2019Union Cara\u00efbe Atlantique, pasteur Leonard Johnson, conduit une session de pri\u00e8re sp\u00e9ciale en faveur des enseignants et des \u00e9tudiants de toute la DIA.<\/p><\/div>\n<p>Les leaders ont \u00e9galement vot\u00e9 d\u2019offrir aux moniteurs de l\u2019Ecole du Sabbat des outils permettant d\u2019aider les membres \u00e0 faire l\u2019exp\u00e9rience d\u2019un renouveau spirituel en amenant les minist\u00e8res de l\u2019Ecole du Sabbat de la DIA \u00e0 lancer une formation en ligne pour les moniteurs de l\u2019Ecole du Sabbat en partenariat avec l\u2019Universit\u00e9 Inter Am\u00e9ricaine Herbert Fletcher \u00e0 partir d\u2019Octobre 2016.<\/p>\n<p>Ces rencontres qui sont les derni\u00e8res rencontres du comit\u00e9 ex\u00e9cutif avant la Session de la Conf\u00e9rence G\u00e9n\u00e9rale, donneront le ton pour la croissance de l\u2019\u00e9glise dans le vaste territoire de la DIA pour les cinq prochaines ann\u00e9es. Les Rencontre de Milieu d\u2019Ann\u00e9e du Comit\u00e9 Ex\u00e9cutif se poursuivront jusqu\u2019au 14 mai 2015.<\/p>\n<p>Pour en savoir plus, visitez notre site \u00e0 l\u2019adresse <a href=\"https:\/\/recursing-golick.147-182-135-0.plesk.page\">interamerica.org<\/a><\/p>\n<p>Pour voir des photos des rencontres d\u2019aujourd\u2019hui, cliquez <a href=\"https:\/\/www.flickr.com\/photos\/interamerica\/16962119473\/in\/dateposted-public\/\">ICI<\/a><\/p>\n<p>Traduction: Patrick Luciathe<\/p>\n","protected":false},"excerpt":{"rendered":"<p>Les principaux leaders de l\u2019Eglise Adventiste du Septi\u00e8me Jour en Inter Am\u00e9rique ont d\u00e9but\u00e9 leurs rencontres administratives aujourd\u2019hui en m\u00e9ditant sur les b\u00e9n\u00e9dictions de Dieu et la croissance continue que le territoire a connue au cours des cinq derni\u00e8res ann\u00e9es. <\/p>\n<p>Les rencontres, qui se tiennent \u00e0 Miami en Floride, ont eu une tonalit\u00e9 spirituelle marqu\u00e9e par la reconnaissance, et ont donn\u00e9 aux leaders l\u2019occasion de participer avec des lectures tir\u00e9es de la Bible, des chants de louange, des d\u00e9clarations inspir\u00e9es et des sessions de pri\u00e8re.<\/p>\n","protected":false},"author":1,"featured_media":25309,"comment_status":"closed","ping_status":"closed","sticky":false,"template":"","format":"standard","meta":{"_acf_changed":false,"footnotes":""},"categories":[20,19],"tags":[],"class_list":["post-32270","post","type-post","status-publish","format-standard","has-post-thumbnail","hentry","category-nouvelles-du-siege-de-la-division","category-rss-francais"],"acf":[],"yoast_head":"<!-- This site is optimized with the Yoast SEO plugin v27.3 - https:\/\/yoast.com\/product\/yoast-seo-wordpress\/ -->\n<title>Inter Am\u00e9rique : les leaders de l\u2019\u00e9glise d\u00e9butent les rencontres administratives en reconsid\u00e9rant les cinq derni\u00e8res ann\u00e9es. - \u00c9glise Adventiste Du Septieme Jour - Inter Am\u00e9rique Division<\/title>\n<meta name=\"robots\" content=\"index, follow, max-snippet:-1, max-image-preview:large, max-video-preview:-1\" \/>\n<link rel=\"canonical\" href=\"https:\/\/interamerica.org\/fr\/2015\/05\/inter-amerique-les-leaders-de-leglise-debutent-les-rencontres-administratives-en-reconsiderant-les-cinq-dernieres-annees\/\" \/>\n<meta property=\"og:locale\" content=\"fr_FR\" \/>\n<meta property=\"og:type\" content=\"article\" \/>\n<meta property=\"og:title\" content=\"Inter Am\u00e9rique : les leaders de l\u2019\u00e9glise d\u00e9butent les rencontres administratives en reconsid\u00e9rant les cinq derni\u00e8res ann\u00e9es. - \u00c9glise Adventiste Du Septieme Jour - Inter Am\u00e9rique Division\" \/>\n<meta property=\"og:description\" content=\"Les principaux leaders de l\u2019Eglise Adventiste du Septi\u00e8me Jour en Inter Am\u00e9rique ont d\u00e9but\u00e9 leurs rencontres administratives aujourd\u2019hui en m\u00e9ditant sur les b\u00e9n\u00e9dictions de Dieu et la croissance continue que le territoire a connue au cours des cinq derni\u00e8res ann\u00e9es.  Les rencontres, qui se tiennent \u00e0 Miami en Floride, ont eu une tonalit\u00e9 spirituelle marqu\u00e9e par la reconnaissance, et ont donn\u00e9 aux leaders l\u2019occasion de participer avec des lectures tir\u00e9es de la Bible, des chants de louange, des d\u00e9clarations inspir\u00e9es et des sessions de pri\u00e8re.\" \/>\n<meta property=\"og:url\" content=\"https:\/\/interamerica.org\/fr\/2015\/05\/inter-amerique-les-leaders-de-leglise-debutent-les-rencontres-administratives-en-reconsiderant-les-cinq-dernieres-annees\/\" \/>\n<meta property=\"og:site_name\" content=\"\u00c9glise Adventiste Du Septieme Jour - Inter Am\u00e9rique Division\" \/>\n<meta property=\"article:published_time\" content=\"2015-05-13T04:00:00+00:00\" \/>\n<meta property=\"og:image\" content=\"https:\/\/interamerica.org\/wp-content\/uploads\/2017\/06\/ILeito-midyr.png\" \/>\n\t<meta property=\"og:image:width\" content=\"400\" \/>\n\t<meta property=\"og:image:height\" content=\"289\" \/>\n\t<meta property=\"og:image:type\" content=\"image\/png\" \/>\n<meta name=\"author\" content=\"Lorenzo Verduzco\" \/>\n<meta name=\"twitter:card\" content=\"summary_large_image\" \/>\n<meta name=\"twitter:label1\" content=\"\u00c9crit par\" \/>\n\t<meta name=\"twitter:data1\" content=\"Lorenzo Verduzco\" \/>\n\t<meta name=\"twitter:label2\" content=\"Dur\u00e9e de lecture estim\u00e9e\" \/>\n\t<meta name=\"twitter:data2\" content=\"6 minutes\" \/>\n<script type=\"application\/ld+json\" class=\"yoast-schema-graph\">{\"@context\":\"https:\\\/\\\/schema.org\",\"@graph\":[{\"@type\":\"Article\",\"@id\":\"https:\\\/\\\/interamerica.org\\\/fr\\\/2015\\\/05\\\/inter-amerique-les-leaders-de-leglise-debutent-les-rencontres-administratives-en-reconsiderant-les-cinq-dernieres-annees\\\/#article\",\"isPartOf\":{\"@id\":\"https:\\\/\\\/interamerica.org\\\/fr\\\/2015\\\/05\\\/inter-amerique-les-leaders-de-leglise-debutent-les-rencontres-administratives-en-reconsiderant-les-cinq-dernieres-annees\\\/\"},\"author\":{\"name\":\"Lorenzo Verduzco\",\"@id\":\"https:\\\/\\\/interamerica.org\\\/fr\\\/#\\\/schema\\\/person\\\/68ede8bdc292885bb76c1e3810e73c39\"},\"headline\":\"Inter Am\u00e9rique : les leaders de l\u2019\u00e9glise d\u00e9butent les rencontres administratives en reconsid\u00e9rant les cinq derni\u00e8res ann\u00e9es.\",\"datePublished\":\"2015-05-13T04:00:00+00:00\",\"mainEntityOfPage\":{\"@id\":\"https:\\\/\\\/interamerica.org\\\/fr\\\/2015\\\/05\\\/inter-amerique-les-leaders-de-leglise-debutent-les-rencontres-administratives-en-reconsiderant-les-cinq-dernieres-annees\\\/\"},\"wordCount\":1307,\"image\":{\"@id\":\"https:\\\/\\\/interamerica.org\\\/fr\\\/2015\\\/05\\\/inter-amerique-les-leaders-de-leglise-debutent-les-rencontres-administratives-en-reconsiderant-les-cinq-dernieres-annees\\\/#primaryimage\"},\"thumbnailUrl\":\"https:\\\/\\\/interamerica.org\\\/wp-content\\\/uploads\\\/2017\\\/06\\\/ILeito-midyr.png\",\"articleSection\":[\"Nouvelles du si\u00e8ge de la division\",\"RSS Fran\u00e7ais\"],\"inLanguage\":\"fr-FR\"},{\"@type\":\"WebPage\",\"@id\":\"https:\\\/\\\/interamerica.org\\\/fr\\\/2015\\\/05\\\/inter-amerique-les-leaders-de-leglise-debutent-les-rencontres-administratives-en-reconsiderant-les-cinq-dernieres-annees\\\/\",\"url\":\"https:\\\/\\\/interamerica.org\\\/fr\\\/2015\\\/05\\\/inter-amerique-les-leaders-de-leglise-debutent-les-rencontres-administratives-en-reconsiderant-les-cinq-dernieres-annees\\\/\",\"name\":\"Inter Am\u00e9rique : les leaders de l\u2019\u00e9glise d\u00e9butent les rencontres administratives en reconsid\u00e9rant les cinq derni\u00e8res ann\u00e9es. - \u00c9glise Adventiste Du Septieme Jour - Inter Am\u00e9rique Division\",\"isPartOf\":{\"@id\":\"https:\\\/\\\/interamerica.org\\\/fr\\\/#website\"},\"primaryImageOfPage\":{\"@id\":\"https:\\\/\\\/interamerica.org\\\/fr\\\/2015\\\/05\\\/inter-amerique-les-leaders-de-leglise-debutent-les-rencontres-administratives-en-reconsiderant-les-cinq-dernieres-annees\\\/#primaryimage\"},\"image\":{\"@id\":\"https:\\\/\\\/interamerica.org\\\/fr\\\/2015\\\/05\\\/inter-amerique-les-leaders-de-leglise-debutent-les-rencontres-administratives-en-reconsiderant-les-cinq-dernieres-annees\\\/#primaryimage\"},\"thumbnailUrl\":\"https:\\\/\\\/interamerica.org\\\/wp-content\\\/uploads\\\/2017\\\/06\\\/ILeito-midyr.png\",\"datePublished\":\"2015-05-13T04:00:00+00:00\",\"author\":{\"@id\":\"https:\\\/\\\/interamerica.org\\\/fr\\\/#\\\/schema\\\/person\\\/68ede8bdc292885bb76c1e3810e73c39\"},\"breadcrumb\":{\"@id\":\"https:\\\/\\\/interamerica.org\\\/fr\\\/2015\\\/05\\\/inter-amerique-les-leaders-de-leglise-debutent-les-rencontres-administratives-en-reconsiderant-les-cinq-dernieres-annees\\\/#breadcrumb\"},\"inLanguage\":\"fr-FR\",\"potentialAction\":[{\"@type\":\"ReadAction\",\"target\":[\"https:\\\/\\\/interamerica.org\\\/fr\\\/2015\\\/05\\\/inter-amerique-les-leaders-de-leglise-debutent-les-rencontres-administratives-en-reconsiderant-les-cinq-dernieres-annees\\\/\"]}]},{\"@type\":\"ImageObject\",\"inLanguage\":\"fr-FR\",\"@id\":\"https:\\\/\\\/interamerica.org\\\/fr\\\/2015\\\/05\\\/inter-amerique-les-leaders-de-leglise-debutent-les-rencontres-administratives-en-reconsiderant-les-cinq-dernieres-annees\\\/#primaryimage\",\"url\":\"https:\\\/\\\/interamerica.org\\\/wp-content\\\/uploads\\\/2017\\\/06\\\/ILeito-midyr.png\",\"contentUrl\":\"https:\\\/\\\/interamerica.org\\\/wp-content\\\/uploads\\\/2017\\\/06\\\/ILeito-midyr.png\",\"width\":400,\"height\":289},{\"@type\":\"BreadcrumbList\",\"@id\":\"https:\\\/\\\/interamerica.org\\\/fr\\\/2015\\\/05\\\/inter-amerique-les-leaders-de-leglise-debutent-les-rencontres-administratives-en-reconsiderant-les-cinq-dernieres-annees\\\/#breadcrumb\",\"itemListElement\":[{\"@type\":\"ListItem\",\"position\":1,\"name\":\"Home\",\"item\":\"https:\\\/\\\/interamerica.org\\\/fr\\\/\"},{\"@type\":\"ListItem\",\"position\":2,\"name\":\"Inter Am\u00e9rique : les leaders de l\u2019\u00e9glise d\u00e9butent les rencontres administratives en reconsid\u00e9rant les cinq derni\u00e8res ann\u00e9es.\"}]},{\"@type\":\"WebSite\",\"@id\":\"https:\\\/\\\/interamerica.org\\\/fr\\\/#website\",\"url\":\"https:\\\/\\\/interamerica.org\\\/fr\\\/\",\"name\":\"\u00c9glise Adventiste Du Septieme Jour - Inter Am\u00e9rique Division\",\"description\":\"\",\"potentialAction\":[{\"@type\":\"SearchAction\",\"target\":{\"@type\":\"EntryPoint\",\"urlTemplate\":\"https:\\\/\\\/interamerica.org\\\/fr\\\/?s={search_term_string}\"},\"query-input\":{\"@type\":\"PropertyValueSpecification\",\"valueRequired\":true,\"valueName\":\"search_term_string\"}}],\"inLanguage\":\"fr-FR\"},{\"@type\":\"Person\",\"@id\":\"https:\\\/\\\/interamerica.org\\\/fr\\\/#\\\/schema\\\/person\\\/68ede8bdc292885bb76c1e3810e73c39\",\"name\":\"Lorenzo Verduzco\",\"image\":{\"@type\":\"ImageObject\",\"inLanguage\":\"fr-FR\",\"@id\":\"https:\\\/\\\/secure.gravatar.com\\\/avatar\\\/fb81a55b6218459490a9c1dc841a34909185b81904c5337b4b27f7a6fd60c49e?s=96&d=mm&r=g\",\"url\":\"https:\\\/\\\/secure.gravatar.com\\\/avatar\\\/fb81a55b6218459490a9c1dc841a34909185b81904c5337b4b27f7a6fd60c49e?s=96&d=mm&r=g\",\"contentUrl\":\"https:\\\/\\\/secure.gravatar.com\\\/avatar\\\/fb81a55b6218459490a9c1dc841a34909185b81904c5337b4b27f7a6fd60c49e?s=96&d=mm&r=g\",\"caption\":\"Lorenzo Verduzco\"}}]}<\/script>\n<!-- \/ Yoast SEO plugin. -->","yoast_head_json":{"title":"Inter Am\u00e9rique : les leaders de l\u2019\u00e9glise d\u00e9butent les rencontres administratives en reconsid\u00e9rant les cinq derni\u00e8res ann\u00e9es. - \u00c9glise Adventiste Du Septieme Jour - Inter Am\u00e9rique Division","robots":{"index":"index","follow":"follow","max-snippet":"max-snippet:-1","max-image-preview":"max-image-preview:large","max-video-preview":"max-video-preview:-1"},"canonical":"https:\/\/interamerica.org\/fr\/2015\/05\/inter-amerique-les-leaders-de-leglise-debutent-les-rencontres-administratives-en-reconsiderant-les-cinq-dernieres-annees\/","og_locale":"fr_FR","og_type":"article","og_title":"Inter Am\u00e9rique : les leaders de l\u2019\u00e9glise d\u00e9butent les rencontres administratives en reconsid\u00e9rant les cinq derni\u00e8res ann\u00e9es. - \u00c9glise Adventiste Du Septieme Jour - Inter Am\u00e9rique Division","og_description":"Les principaux leaders de l\u2019Eglise Adventiste du Septi\u00e8me Jour en Inter Am\u00e9rique ont d\u00e9but\u00e9 leurs rencontres administratives aujourd\u2019hui en m\u00e9ditant sur les b\u00e9n\u00e9dictions de Dieu et la croissance continue que le territoire a connue au cours des cinq derni\u00e8res ann\u00e9es.  Les rencontres, qui se tiennent \u00e0 Miami en Floride, ont eu une tonalit\u00e9 spirituelle marqu\u00e9e par la reconnaissance, et ont donn\u00e9 aux leaders l\u2019occasion de participer avec des lectures tir\u00e9es de la Bible, des chants de louange, des d\u00e9clarations inspir\u00e9es et des sessions de pri\u00e8re.","og_url":"https:\/\/interamerica.org\/fr\/2015\/05\/inter-amerique-les-leaders-de-leglise-debutent-les-rencontres-administratives-en-reconsiderant-les-cinq-dernieres-annees\/","og_site_name":"\u00c9glise Adventiste Du Septieme Jour - Inter Am\u00e9rique Division","article_published_time":"2015-05-13T04:00:00+00:00","og_image":[{"width":400,"height":289,"url":"https:\/\/interamerica.org\/wp-content\/uploads\/2017\/06\/ILeito-midyr.png","type":"image\/png"}],"author":"Lorenzo Verduzco","twitter_card":"summary_large_image","twitter_misc":{"\u00c9crit par":"Lorenzo Verduzco","Dur\u00e9e de lecture estim\u00e9e":"6 minutes"},"schema":{"@context":"https:\/\/schema.org","@graph":[{"@type":"Article","@id":"https:\/\/interamerica.org\/fr\/2015\/05\/inter-amerique-les-leaders-de-leglise-debutent-les-rencontres-administratives-en-reconsiderant-les-cinq-dernieres-annees\/#article","isPartOf":{"@id":"https:\/\/interamerica.org\/fr\/2015\/05\/inter-amerique-les-leaders-de-leglise-debutent-les-rencontres-administratives-en-reconsiderant-les-cinq-dernieres-annees\/"},"author":{"name":"Lorenzo Verduzco","@id":"https:\/\/interamerica.org\/fr\/#\/schema\/person\/68ede8bdc292885bb76c1e3810e73c39"},"headline":"Inter Am\u00e9rique : les leaders de l\u2019\u00e9glise d\u00e9butent les rencontres administratives en reconsid\u00e9rant les cinq derni\u00e8res ann\u00e9es.","datePublished":"2015-05-13T04:00:00+00:00","mainEntityOfPage":{"@id":"https:\/\/interamerica.org\/fr\/2015\/05\/inter-amerique-les-leaders-de-leglise-debutent-les-rencontres-administratives-en-reconsiderant-les-cinq-dernieres-annees\/"},"wordCount":1307,"image":{"@id":"https:\/\/interamerica.org\/fr\/2015\/05\/inter-amerique-les-leaders-de-leglise-debutent-les-rencontres-administratives-en-reconsiderant-les-cinq-dernieres-annees\/#primaryimage"},"thumbnailUrl":"https:\/\/interamerica.org\/wp-content\/uploads\/2017\/06\/ILeito-midyr.png","articleSection":["Nouvelles du si\u00e8ge de la division","RSS Fran\u00e7ais"],"inLanguage":"fr-FR"},{"@type":"WebPage","@id":"https:\/\/interamerica.org\/fr\/2015\/05\/inter-amerique-les-leaders-de-leglise-debutent-les-rencontres-administratives-en-reconsiderant-les-cinq-dernieres-annees\/","url":"https:\/\/interamerica.org\/fr\/2015\/05\/inter-amerique-les-leaders-de-leglise-debutent-les-rencontres-administratives-en-reconsiderant-les-cinq-dernieres-annees\/","name":"Inter Am\u00e9rique : les leaders de l\u2019\u00e9glise d\u00e9butent les rencontres administratives en reconsid\u00e9rant les cinq derni\u00e8res ann\u00e9es. - \u00c9glise Adventiste Du Septieme Jour - Inter Am\u00e9rique Division","isPartOf":{"@id":"https:\/\/interamerica.org\/fr\/#website"},"primaryImageOfPage":{"@id":"https:\/\/interamerica.org\/fr\/2015\/05\/inter-amerique-les-leaders-de-leglise-debutent-les-rencontres-administratives-en-reconsiderant-les-cinq-dernieres-annees\/#primaryimage"},"image":{"@id":"https:\/\/interamerica.org\/fr\/2015\/05\/inter-amerique-les-leaders-de-leglise-debutent-les-rencontres-administratives-en-reconsiderant-les-cinq-dernieres-annees\/#primaryimage"},"thumbnailUrl":"https:\/\/interamerica.org\/wp-content\/uploads\/2017\/06\/ILeito-midyr.png","datePublished":"2015-05-13T04:00:00+00:00","author":{"@id":"https:\/\/interamerica.org\/fr\/#\/schema\/person\/68ede8bdc292885bb76c1e3810e73c39"},"breadcrumb":{"@id":"https:\/\/interamerica.org\/fr\/2015\/05\/inter-amerique-les-leaders-de-leglise-debutent-les-rencontres-administratives-en-reconsiderant-les-cinq-dernieres-annees\/#breadcrumb"},"inLanguage":"fr-FR","potentialAction":[{"@type":"ReadAction","target":["https:\/\/interamerica.org\/fr\/2015\/05\/inter-amerique-les-leaders-de-leglise-debutent-les-rencontres-administratives-en-reconsiderant-les-cinq-dernieres-annees\/"]}]},{"@type":"ImageObject","inLanguage":"fr-FR","@id":"https:\/\/interamerica.org\/fr\/2015\/05\/inter-amerique-les-leaders-de-leglise-debutent-les-rencontres-administratives-en-reconsiderant-les-cinq-dernieres-annees\/#primaryimage","url":"https:\/\/interamerica.org\/wp-content\/uploads\/2017\/06\/ILeito-midyr.png","contentUrl":"https:\/\/interamerica.org\/wp-content\/uploads\/2017\/06\/ILeito-midyr.png","width":400,"height":289},{"@type":"BreadcrumbList","@id":"https:\/\/interamerica.org\/fr\/2015\/05\/inter-amerique-les-leaders-de-leglise-debutent-les-rencontres-administratives-en-reconsiderant-les-cinq-dernieres-annees\/#breadcrumb","itemListElement":[{"@type":"ListItem","position":1,"name":"Home","item":"https:\/\/interamerica.org\/fr\/"},{"@type":"ListItem","position":2,"name":"Inter Am\u00e9rique : les leaders de l\u2019\u00e9glise d\u00e9butent les rencontres administratives en reconsid\u00e9rant les cinq derni\u00e8res ann\u00e9es."}]},{"@type":"WebSite","@id":"https:\/\/interamerica.org\/fr\/#website","url":"https:\/\/interamerica.org\/fr\/","name":"\u00c9glise Adventiste Du Septieme Jour - Inter Am\u00e9rique Division","description":"","potentialAction":[{"@type":"SearchAction","target":{"@type":"EntryPoint","urlTemplate":"https:\/\/interamerica.org\/fr\/?s={search_term_string}"},"query-input":{"@type":"PropertyValueSpecification","valueRequired":true,"valueName":"search_term_string"}}],"inLanguage":"fr-FR"},{"@type":"Person","@id":"https:\/\/interamerica.org\/fr\/#\/schema\/person\/68ede8bdc292885bb76c1e3810e73c39","name":"Lorenzo Verduzco","image":{"@type":"ImageObject","inLanguage":"fr-FR","@id":"https:\/\/secure.gravatar.com\/avatar\/fb81a55b6218459490a9c1dc841a34909185b81904c5337b4b27f7a6fd60c49e?s=96&d=mm&r=g","url":"https:\/\/secure.gravatar.com\/avatar\/fb81a55b6218459490a9c1dc841a34909185b81904c5337b4b27f7a6fd60c49e?s=96&d=mm&r=g","contentUrl":"https:\/\/secure.gravatar.com\/avatar\/fb81a55b6218459490a9c1dc841a34909185b81904c5337b4b27f7a6fd60c49e?s=96&d=mm&r=g","caption":"Lorenzo Verduzco"}}]}},"_links":{"self":[{"href":"https:\/\/interamerica.org\/fr\/wp-json\/wp\/v2\/posts\/32270","targetHints":{"allow":["GET"]}}],"collection":[{"href":"https:\/\/interamerica.org\/fr\/wp-json\/wp\/v2\/posts"}],"about":[{"href":"https:\/\/interamerica.org\/fr\/wp-json\/wp\/v2\/types\/post"}],"author":[{"embeddable":true,"href":"https:\/\/interamerica.org\/fr\/wp-json\/wp\/v2\/users\/1"}],"replies":[{"embeddable":true,"href":"https:\/\/interamerica.org\/fr\/wp-json\/wp\/v2\/comments?post=32270"}],"version-history":[{"count":0,"href":"https:\/\/interamerica.org\/fr\/wp-json\/wp\/v2\/posts\/32270\/revisions"}],"wp:featuredmedia":[{"embeddable":true,"href":"https:\/\/interamerica.org\/fr\/wp-json\/wp\/v2\/media\/25309"}],"wp:attachment":[{"href":"https:\/\/interamerica.org\/fr\/wp-json\/wp\/v2\/media?parent=32270"}],"wp:term":[{"taxonomy":"category","embeddable":true,"href":"https:\/\/interamerica.org\/fr\/wp-json\/wp\/v2\/categories?post=32270"},{"taxonomy":"post_tag","embeddable":true,"href":"https:\/\/interamerica.org\/fr\/wp-json\/wp\/v2\/tags?post=32270"}],"curies":[{"name":"wp","href":"https:\/\/api.w.org\/{rel}","templated":true}]}}