{"id":32271,"date":"2015-05-12T00:00:00","date_gmt":"2015-05-12T04:00:00","guid":{"rendered":"http:\/\/192.81.217.108\/interamerica\/2015\/05\/un-dirigeant-adventiste-au-nepal-lance-un-appel-a-la-priere-apres-le-nouveau-seisme\/"},"modified":"2015-05-12T00:00:00","modified_gmt":"2015-05-12T04:00:00","slug":"un-dirigeant-adventiste-au-nepal-lance-un-appel-a-la-priere-apres-le-nouveau-seisme","status":"publish","type":"post","link":"https:\/\/interamerica.org\/fr\/2015\/05\/un-dirigeant-adventiste-au-nepal-lance-un-appel-a-la-priere-apres-le-nouveau-seisme\/","title":{"rendered":"Un dirigeant adventiste au N\u00e9pal lance un appel \u00e0 la pri\u00e8re apr\u00e8s le nouveau s\u00e9isme"},"content":{"rendered":"<div id=\"attachment_16884\" style=\"width: 591px\" class=\"wp-caption aligncenter\"><a href=\"\/interamerica\/wp-content\/uploads\/2017\/06\/nepal-adventist-may12.jpg\" rel=\"fancybox\" title=\"Un dirigeant adventiste au N\u00e9pal lance un appel \u00e0 la pri\u00e8re apr\u00e8s le nouveau s\u00e9isme\"><img fetchpriority=\"high\" decoding=\"async\" aria-describedby=\"caption-attachment-16884\" class=\"wp-image-16884  \" src=\"\/interamerica\/wp-content\/uploads\/2017\/06\/nepal-adventist-may12.jpg\" alt=\"\" width=\"581\" height=\"292\" \/><\/a><p id=\"caption-attachment-16884\" class=\"wp-caption-text\">Des gens observent les d\u00e9g\u00e2ts dans une rue de Katmandou apr\u00e8s un tremblement de terre, mardi 12 mai. Image de Umesh Pokharel\/ AR<\/p><\/div>\n<p>Mise \u00e0 jour \u00e0 12\u00a0:30<\/p>\n<p>12 mai 2015\/ Silver Spring, Maryland, \u00c9tats-Unis\/ Par Andrew McChesney, \u00e9diteur d&rsquo;informations, La Revue Adventiste<\/p>\n<p>Le responsable de l\u2019\u00c9glise Adventiste au N\u00e9pal a d\u00e9clar\u00e9 qu\u2019une grosse frayeur a saisi la capitale, Katmandou, apr\u00e8s qu\u2019un tremblement de terre majeur ait frapp\u00e9 mardi, deux semaines apr\u00e8s qu\u2019un autre s\u00e9isme ait tu\u00e9 plus de 8000 personnes.<\/p>\n<p>Umesh Pokharel, pr\u00e9sident de la r\u00e9gion du N\u00e9pal, qui fait partie de la Division de l\u2019Asie du Sud, a demand\u00e9 aux croyants adventistes du monde entier de prier pour le pays.<\/p>\n<p>\u00ab\u00a0Ce s\u00e9isme a caus\u00e9 beaucoup de d\u00e9g\u00e2ts et l\u2019\u00e9glise au N\u00e9pal a besoin de vos pri\u00e8res sp\u00e9ciales et de votre soutien\u00a0\u00bb a expliqu\u00e9 Pokharel \u00e0 la Revue Adventiste.<\/p>\n<p>D\u00e8s demain, la section du N\u00e9pal doit se d\u00e9placer pour atteindre les victimes et r\u00e9pondre \u00e0 leurs besoins.\u00a0\u00bb<\/p>\n<p>Il a ajout\u00e9\u00a0: \u00ab\u00a0Nous approchons la fin de l\u2019histoire de la Terre. J\u00e9sus revient et nous avons besoin d\u2019\u00eatre pr\u00e8s de Dieu et de chercher Sa volont\u00e9.\u00a0\u00bb<\/p>\n<div id=\"attachment_16888\" style=\"width: 339px\" class=\"wp-caption alignleft\"><a href=\"\/interamerica\/wp-content\/uploads\/2017\/06\/Nepal-Adventist-May12-3.jpg\" rel=\"fancybox\" title=\"Un dirigeant adventiste au N\u00e9pal lance un appel \u00e0 la pri\u00e8re apr\u00e8s le nouveau s\u00e9isme\"><img decoding=\"async\" aria-describedby=\"caption-attachment-16888\" class=\"wp-image-16888 \" src=\"\/interamerica\/wp-content\/uploads\/2017\/06\/Nepal-Adventist-May12-3.jpg\" alt=\"\" width=\"329\" height=\"368\" \/><\/a><p id=\"caption-attachment-16888\" class=\"wp-caption-text\">Des gens se rassemblent autour d\u2019un bus qui s\u2019est \u00e9cras\u00e9 \u00e0 cause du tremblement de terre. Vingt-quatre personnes ont \u00e9t\u00e9 bless\u00e9es.<\/p><\/div>\n<p>Pokharel a d\u00e9crit une atmosph\u00e8re d\u2019incertitude et de peur dans la capitale mardi soir. Plusieurs personnes ont choisi de ne pas cuisiner et de manger des aliments secs alors qu\u2019ils \u00e9coutaient les informations et appelaient leurs bien-aim\u00e9s.<\/p>\n<p>\u00ab\u00a0Les gens ont si peur et tous dorment dans des abris temporaires\u00a0\u00bb a t-il dit.<\/p>\n<p>\u00ab\u00a0Il n\u2019y avait pas d\u2019\u00e9lectricit\u00e9 et les r\u00e9seaux de communication \u00e9taient satur\u00e9s suite \u00e0 un grand nombre d\u2019appels,\u00a0\u00bb a t-il racont\u00e9.<\/p>\n<p>Le s\u00e9isme de magnitude 7.3 a frapp\u00e9 alors que Pokharel \u00e9taient en r\u00e9union \u00e0 son bureau avec d\u2019autres dirigeants d\u2019\u00e9glise locale pour passer en revue leurs efforts de secours depuis le dernier tremblement de terre.<\/p>\n<p>\u00ab\u00a0Nous \u00e9valuions le travail d\u2019aide et planifiions la prochaine \u00e9tape\u00a0\u00bb a t-il confi\u00e9. \u00ab\u00a0Soudain le s\u00e9isme a frapp\u00e9 et nous nous sommes d\u00e9brouill\u00e9s pour sortir du b\u00e2timent.<\/p>\n<p>Pokharel a aid\u00e9 l\u2019\u00c9glise Adventiste, au N\u00e9pal, \u00e0 distribuer des centaines de tentes, des sacs de riz, des bo\u00eetes de nouilles instantan\u00e9es et d\u2019autres aides aux croyants adventistes et leurs prochains depuis le s\u00e9isme du 25 avril, qui avait une magnitude de 7,8.<\/p>\n<p>Lisez \u00ab\u00a0ADRA, GlobalMedic Raise Medical Tents in Nepal\u00a0\u00bb.<\/p>\n<p>Pokharel et ses coll\u00e8gues ont rejoint des milliers de r\u00e9sidents de Katmandou qui fuyaient dans les rues quand le tremblement de terre a frapp\u00e9 aux alentours de 12\u00a0:35 heure locale, mardi.<\/p>\n<p>Le s\u00e9isme a tu\u00e9 au moins 37 personnes et en a bless\u00e9 plus de 1000, ont annonc\u00e9 les autorit\u00e9s n\u00e9palaises. On a annonc\u00e9 17 autres personnes tu\u00e9es en Inde, le pays voisin.<\/p>\n<p>\u00ab\u00a0Nous nous abritons dehors\u00a0\u00bb a confi\u00e9 Pokharel. \u00ab\u00a0Ce s\u00e9isme a caus\u00e9 tant de d\u00e9g\u00e2ts.\u00a0\u00bb<\/p>\n<p>Pokharel a envoy\u00e9 des photos de personnes d\u00e9ambulant autour de b\u00e2timents en ruine \u00e0 Katmandou mardi apr\u00e8s-midi. Une photo montrait un bus qui s\u2019est \u00e9cras\u00e9 d\u00fb au tremblement de terre. Vingt-quatre personnes ont \u00e9t\u00e9 bless\u00e9es dans l\u2019accident\u00a0 et quatre gri\u00e8vement, a pr\u00e9cis\u00e9 Pokharel.<\/p>\n<p>Tous les magasins ont \u00e9t\u00e9 ferm\u00e9s et le gouvernement a annonc\u00e9 que les \u00e9coles n\u2019ouvriraient pas avant la fin du mois de mai, a d\u00e9clar\u00e9 Pokharel.<\/p>\n<p>Pendant ce temps, l\u2019anxi\u00e9t\u00e9 s\u2019ancrait profond\u00e9ment dans la ville, a t-il dit. Beaucoup de personnes qui \u00e9taient venues \u00e0 Katmandou pour diverses raisons apr\u00e8s le dernier s\u00e9isme, essayaient \u00e0 pr\u00e9sent de partir. Pokhorel a dit que lui aussi sentait la pression pour partir.<\/p>\n<p>\u00ab\u00a0Mes parents vivent dans une autre ville pr\u00e8s de la fronti\u00e8re indienne et nous demandent d\u2019y venir\u00a0\u00bb a t-il d\u00e9clar\u00e9. \u00ab\u00a0Mais je ne peux pas faire cela parce que nous avons besoin de prendre soin de nos membres et d\u2019\u00eatre avec eux dans ces moments difficiles.\u00a0\u00bb<\/p>\n<p>Traduction\u00a0: Carole et Charles SAINT-LOUIS<\/p>\n","protected":false},"excerpt":{"rendered":"<p>Le responsable de l\u2019\u00c9glise Adventiste au N\u00e9pal a d\u00e9clar\u00e9 qu\u2019une grosse frayeur a saisi la capitale, Katmandou, apr\u00e8s qu\u2019un tremblement de terre majeur ait frapp\u00e9 mardi, deux semaines apr\u00e8s qu\u2019un autre s\u00e9isme ait tu\u00e9 plus de 8000 personnes.  <\/p>\n<p>Umesh Pokharel, pr\u00e9sident de la r\u00e9gion du N\u00e9pal, qui fait partie de la Division de l\u2019Asie du Sud, a demand\u00e9 aux croyants adventistes du monde entier de prier pour le pays.<\/p>\n","protected":false},"author":1,"featured_media":25302,"comment_status":"closed","ping_status":"closed","sticky":false,"template":"","format":"standard","meta":{"_acf_changed":false,"footnotes":""},"categories":[18,19],"tags":[],"class_list":["post-32271","post","type-post","status-publish","format-standard","has-post-thumbnail","hentry","category-nouvelles-de-leglise-mondiale","category-rss-francais"],"acf":[],"yoast_head":"<!-- This site is optimized with the Yoast SEO plugin v27.3 - https:\/\/yoast.com\/product\/yoast-seo-wordpress\/ -->\n<title>Un dirigeant adventiste au N\u00e9pal lance un appel \u00e0 la pri\u00e8re apr\u00e8s le nouveau s\u00e9isme - \u00c9glise Adventiste Du Septieme Jour - Inter Am\u00e9rique Division<\/title>\n<meta name=\"robots\" content=\"index, follow, max-snippet:-1, max-image-preview:large, max-video-preview:-1\" \/>\n<link rel=\"canonical\" href=\"https:\/\/interamerica.org\/fr\/2015\/05\/un-dirigeant-adventiste-au-nepal-lance-un-appel-a-la-priere-apres-le-nouveau-seisme\/\" \/>\n<meta property=\"og:locale\" content=\"fr_FR\" \/>\n<meta property=\"og:type\" content=\"article\" \/>\n<meta property=\"og:title\" content=\"Un dirigeant adventiste au N\u00e9pal lance un appel \u00e0 la pri\u00e8re apr\u00e8s le nouveau s\u00e9isme - \u00c9glise Adventiste Du Septieme Jour - Inter Am\u00e9rique Division\" \/>\n<meta property=\"og:description\" content=\"Le responsable de l\u2019\u00c9glise Adventiste au N\u00e9pal a d\u00e9clar\u00e9 qu\u2019une grosse frayeur a saisi la capitale, Katmandou, apr\u00e8s qu\u2019un tremblement de terre majeur ait frapp\u00e9 mardi, deux semaines apr\u00e8s qu\u2019un autre s\u00e9isme ait tu\u00e9 plus de 8000 personnes.  Umesh Pokharel, pr\u00e9sident de la r\u00e9gion du N\u00e9pal, qui fait partie de la Division de l\u2019Asie du Sud, a demand\u00e9 aux croyants adventistes du monde entier de prier pour le pays.\" \/>\n<meta property=\"og:url\" content=\"https:\/\/interamerica.org\/fr\/2015\/05\/un-dirigeant-adventiste-au-nepal-lance-un-appel-a-la-priere-apres-le-nouveau-seisme\/\" \/>\n<meta property=\"og:site_name\" content=\"\u00c9glise Adventiste Du Septieme Jour - Inter Am\u00e9rique Division\" \/>\n<meta property=\"article:published_time\" content=\"2015-05-12T04:00:00+00:00\" \/>\n<meta property=\"og:image\" content=\"https:\/\/interamerica.org\/wp-content\/uploads\/2017\/06\/nepal-adventist-may12.jpg\" \/>\n\t<meta property=\"og:image:width\" content=\"997\" \/>\n\t<meta property=\"og:image:height\" content=\"500\" \/>\n\t<meta property=\"og:image:type\" content=\"image\/jpeg\" \/>\n<meta name=\"author\" content=\"Lorenzo Verduzco\" \/>\n<meta name=\"twitter:card\" content=\"summary_large_image\" \/>\n<meta name=\"twitter:label1\" content=\"\u00c9crit par\" \/>\n\t<meta name=\"twitter:data1\" content=\"Lorenzo Verduzco\" \/>\n\t<meta name=\"twitter:label2\" content=\"Dur\u00e9e de lecture estim\u00e9e\" \/>\n\t<meta name=\"twitter:data2\" content=\"4 minutes\" \/>\n<script type=\"application\/ld+json\" class=\"yoast-schema-graph\">{\"@context\":\"https:\\\/\\\/schema.org\",\"@graph\":[{\"@type\":\"Article\",\"@id\":\"https:\\\/\\\/interamerica.org\\\/fr\\\/2015\\\/05\\\/un-dirigeant-adventiste-au-nepal-lance-un-appel-a-la-priere-apres-le-nouveau-seisme\\\/#article\",\"isPartOf\":{\"@id\":\"https:\\\/\\\/interamerica.org\\\/fr\\\/2015\\\/05\\\/un-dirigeant-adventiste-au-nepal-lance-un-appel-a-la-priere-apres-le-nouveau-seisme\\\/\"},\"author\":{\"name\":\"Lorenzo Verduzco\",\"@id\":\"https:\\\/\\\/interamerica.org\\\/fr\\\/#\\\/schema\\\/person\\\/68ede8bdc292885bb76c1e3810e73c39\"},\"headline\":\"Un dirigeant adventiste au N\u00e9pal lance un appel \u00e0 la pri\u00e8re apr\u00e8s le nouveau s\u00e9isme\",\"datePublished\":\"2015-05-12T04:00:00+00:00\",\"mainEntityOfPage\":{\"@id\":\"https:\\\/\\\/interamerica.org\\\/fr\\\/2015\\\/05\\\/un-dirigeant-adventiste-au-nepal-lance-un-appel-a-la-priere-apres-le-nouveau-seisme\\\/\"},\"wordCount\":733,\"image\":{\"@id\":\"https:\\\/\\\/interamerica.org\\\/fr\\\/2015\\\/05\\\/un-dirigeant-adventiste-au-nepal-lance-un-appel-a-la-priere-apres-le-nouveau-seisme\\\/#primaryimage\"},\"thumbnailUrl\":\"https:\\\/\\\/interamerica.org\\\/wp-content\\\/uploads\\\/2017\\\/06\\\/nepal-adventist-may12.jpg\",\"articleSection\":[\"Nouvelles de l'\u00c9glise mondiale\",\"RSS Fran\u00e7ais\"],\"inLanguage\":\"fr-FR\"},{\"@type\":\"WebPage\",\"@id\":\"https:\\\/\\\/interamerica.org\\\/fr\\\/2015\\\/05\\\/un-dirigeant-adventiste-au-nepal-lance-un-appel-a-la-priere-apres-le-nouveau-seisme\\\/\",\"url\":\"https:\\\/\\\/interamerica.org\\\/fr\\\/2015\\\/05\\\/un-dirigeant-adventiste-au-nepal-lance-un-appel-a-la-priere-apres-le-nouveau-seisme\\\/\",\"name\":\"Un dirigeant adventiste au N\u00e9pal lance un appel \u00e0 la pri\u00e8re apr\u00e8s le nouveau s\u00e9isme - \u00c9glise Adventiste Du Septieme Jour - Inter Am\u00e9rique Division\",\"isPartOf\":{\"@id\":\"https:\\\/\\\/interamerica.org\\\/fr\\\/#website\"},\"primaryImageOfPage\":{\"@id\":\"https:\\\/\\\/interamerica.org\\\/fr\\\/2015\\\/05\\\/un-dirigeant-adventiste-au-nepal-lance-un-appel-a-la-priere-apres-le-nouveau-seisme\\\/#primaryimage\"},\"image\":{\"@id\":\"https:\\\/\\\/interamerica.org\\\/fr\\\/2015\\\/05\\\/un-dirigeant-adventiste-au-nepal-lance-un-appel-a-la-priere-apres-le-nouveau-seisme\\\/#primaryimage\"},\"thumbnailUrl\":\"https:\\\/\\\/interamerica.org\\\/wp-content\\\/uploads\\\/2017\\\/06\\\/nepal-adventist-may12.jpg\",\"datePublished\":\"2015-05-12T04:00:00+00:00\",\"author\":{\"@id\":\"https:\\\/\\\/interamerica.org\\\/fr\\\/#\\\/schema\\\/person\\\/68ede8bdc292885bb76c1e3810e73c39\"},\"breadcrumb\":{\"@id\":\"https:\\\/\\\/interamerica.org\\\/fr\\\/2015\\\/05\\\/un-dirigeant-adventiste-au-nepal-lance-un-appel-a-la-priere-apres-le-nouveau-seisme\\\/#breadcrumb\"},\"inLanguage\":\"fr-FR\",\"potentialAction\":[{\"@type\":\"ReadAction\",\"target\":[\"https:\\\/\\\/interamerica.org\\\/fr\\\/2015\\\/05\\\/un-dirigeant-adventiste-au-nepal-lance-un-appel-a-la-priere-apres-le-nouveau-seisme\\\/\"]}]},{\"@type\":\"ImageObject\",\"inLanguage\":\"fr-FR\",\"@id\":\"https:\\\/\\\/interamerica.org\\\/fr\\\/2015\\\/05\\\/un-dirigeant-adventiste-au-nepal-lance-un-appel-a-la-priere-apres-le-nouveau-seisme\\\/#primaryimage\",\"url\":\"https:\\\/\\\/interamerica.org\\\/wp-content\\\/uploads\\\/2017\\\/06\\\/nepal-adventist-may12.jpg\",\"contentUrl\":\"https:\\\/\\\/interamerica.org\\\/wp-content\\\/uploads\\\/2017\\\/06\\\/nepal-adventist-may12.jpg\",\"width\":997,\"height\":500},{\"@type\":\"BreadcrumbList\",\"@id\":\"https:\\\/\\\/interamerica.org\\\/fr\\\/2015\\\/05\\\/un-dirigeant-adventiste-au-nepal-lance-un-appel-a-la-priere-apres-le-nouveau-seisme\\\/#breadcrumb\",\"itemListElement\":[{\"@type\":\"ListItem\",\"position\":1,\"name\":\"Home\",\"item\":\"https:\\\/\\\/interamerica.org\\\/fr\\\/\"},{\"@type\":\"ListItem\",\"position\":2,\"name\":\"Un dirigeant adventiste au N\u00e9pal lance un appel \u00e0 la pri\u00e8re apr\u00e8s le nouveau s\u00e9isme\"}]},{\"@type\":\"WebSite\",\"@id\":\"https:\\\/\\\/interamerica.org\\\/fr\\\/#website\",\"url\":\"https:\\\/\\\/interamerica.org\\\/fr\\\/\",\"name\":\"\u00c9glise Adventiste Du Septieme Jour - Inter Am\u00e9rique Division\",\"description\":\"\",\"potentialAction\":[{\"@type\":\"SearchAction\",\"target\":{\"@type\":\"EntryPoint\",\"urlTemplate\":\"https:\\\/\\\/interamerica.org\\\/fr\\\/?s={search_term_string}\"},\"query-input\":{\"@type\":\"PropertyValueSpecification\",\"valueRequired\":true,\"valueName\":\"search_term_string\"}}],\"inLanguage\":\"fr-FR\"},{\"@type\":\"Person\",\"@id\":\"https:\\\/\\\/interamerica.org\\\/fr\\\/#\\\/schema\\\/person\\\/68ede8bdc292885bb76c1e3810e73c39\",\"name\":\"Lorenzo Verduzco\",\"image\":{\"@type\":\"ImageObject\",\"inLanguage\":\"fr-FR\",\"@id\":\"https:\\\/\\\/secure.gravatar.com\\\/avatar\\\/fb81a55b6218459490a9c1dc841a34909185b81904c5337b4b27f7a6fd60c49e?s=96&d=mm&r=g\",\"url\":\"https:\\\/\\\/secure.gravatar.com\\\/avatar\\\/fb81a55b6218459490a9c1dc841a34909185b81904c5337b4b27f7a6fd60c49e?s=96&d=mm&r=g\",\"contentUrl\":\"https:\\\/\\\/secure.gravatar.com\\\/avatar\\\/fb81a55b6218459490a9c1dc841a34909185b81904c5337b4b27f7a6fd60c49e?s=96&d=mm&r=g\",\"caption\":\"Lorenzo Verduzco\"}}]}<\/script>\n<!-- \/ Yoast SEO plugin. -->","yoast_head_json":{"title":"Un dirigeant adventiste au N\u00e9pal lance un appel \u00e0 la pri\u00e8re apr\u00e8s le nouveau s\u00e9isme - \u00c9glise Adventiste Du Septieme Jour - Inter Am\u00e9rique Division","robots":{"index":"index","follow":"follow","max-snippet":"max-snippet:-1","max-image-preview":"max-image-preview:large","max-video-preview":"max-video-preview:-1"},"canonical":"https:\/\/interamerica.org\/fr\/2015\/05\/un-dirigeant-adventiste-au-nepal-lance-un-appel-a-la-priere-apres-le-nouveau-seisme\/","og_locale":"fr_FR","og_type":"article","og_title":"Un dirigeant adventiste au N\u00e9pal lance un appel \u00e0 la pri\u00e8re apr\u00e8s le nouveau s\u00e9isme - \u00c9glise Adventiste Du Septieme Jour - Inter Am\u00e9rique Division","og_description":"Le responsable de l\u2019\u00c9glise Adventiste au N\u00e9pal a d\u00e9clar\u00e9 qu\u2019une grosse frayeur a saisi la capitale, Katmandou, apr\u00e8s qu\u2019un tremblement de terre majeur ait frapp\u00e9 mardi, deux semaines apr\u00e8s qu\u2019un autre s\u00e9isme ait tu\u00e9 plus de 8000 personnes.  Umesh Pokharel, pr\u00e9sident de la r\u00e9gion du N\u00e9pal, qui fait partie de la Division de l\u2019Asie du Sud, a demand\u00e9 aux croyants adventistes du monde entier de prier pour le pays.","og_url":"https:\/\/interamerica.org\/fr\/2015\/05\/un-dirigeant-adventiste-au-nepal-lance-un-appel-a-la-priere-apres-le-nouveau-seisme\/","og_site_name":"\u00c9glise Adventiste Du Septieme Jour - Inter Am\u00e9rique Division","article_published_time":"2015-05-12T04:00:00+00:00","og_image":[{"width":997,"height":500,"url":"https:\/\/interamerica.org\/wp-content\/uploads\/2017\/06\/nepal-adventist-may12.jpg","type":"image\/jpeg"}],"author":"Lorenzo Verduzco","twitter_card":"summary_large_image","twitter_misc":{"\u00c9crit par":"Lorenzo Verduzco","Dur\u00e9e de lecture estim\u00e9e":"4 minutes"},"schema":{"@context":"https:\/\/schema.org","@graph":[{"@type":"Article","@id":"https:\/\/interamerica.org\/fr\/2015\/05\/un-dirigeant-adventiste-au-nepal-lance-un-appel-a-la-priere-apres-le-nouveau-seisme\/#article","isPartOf":{"@id":"https:\/\/interamerica.org\/fr\/2015\/05\/un-dirigeant-adventiste-au-nepal-lance-un-appel-a-la-priere-apres-le-nouveau-seisme\/"},"author":{"name":"Lorenzo Verduzco","@id":"https:\/\/interamerica.org\/fr\/#\/schema\/person\/68ede8bdc292885bb76c1e3810e73c39"},"headline":"Un dirigeant adventiste au N\u00e9pal lance un appel \u00e0 la pri\u00e8re apr\u00e8s le nouveau s\u00e9isme","datePublished":"2015-05-12T04:00:00+00:00","mainEntityOfPage":{"@id":"https:\/\/interamerica.org\/fr\/2015\/05\/un-dirigeant-adventiste-au-nepal-lance-un-appel-a-la-priere-apres-le-nouveau-seisme\/"},"wordCount":733,"image":{"@id":"https:\/\/interamerica.org\/fr\/2015\/05\/un-dirigeant-adventiste-au-nepal-lance-un-appel-a-la-priere-apres-le-nouveau-seisme\/#primaryimage"},"thumbnailUrl":"https:\/\/interamerica.org\/wp-content\/uploads\/2017\/06\/nepal-adventist-may12.jpg","articleSection":["Nouvelles de l'\u00c9glise mondiale","RSS Fran\u00e7ais"],"inLanguage":"fr-FR"},{"@type":"WebPage","@id":"https:\/\/interamerica.org\/fr\/2015\/05\/un-dirigeant-adventiste-au-nepal-lance-un-appel-a-la-priere-apres-le-nouveau-seisme\/","url":"https:\/\/interamerica.org\/fr\/2015\/05\/un-dirigeant-adventiste-au-nepal-lance-un-appel-a-la-priere-apres-le-nouveau-seisme\/","name":"Un dirigeant adventiste au N\u00e9pal lance un appel \u00e0 la pri\u00e8re apr\u00e8s le nouveau s\u00e9isme - \u00c9glise Adventiste Du Septieme Jour - Inter Am\u00e9rique Division","isPartOf":{"@id":"https:\/\/interamerica.org\/fr\/#website"},"primaryImageOfPage":{"@id":"https:\/\/interamerica.org\/fr\/2015\/05\/un-dirigeant-adventiste-au-nepal-lance-un-appel-a-la-priere-apres-le-nouveau-seisme\/#primaryimage"},"image":{"@id":"https:\/\/interamerica.org\/fr\/2015\/05\/un-dirigeant-adventiste-au-nepal-lance-un-appel-a-la-priere-apres-le-nouveau-seisme\/#primaryimage"},"thumbnailUrl":"https:\/\/interamerica.org\/wp-content\/uploads\/2017\/06\/nepal-adventist-may12.jpg","datePublished":"2015-05-12T04:00:00+00:00","author":{"@id":"https:\/\/interamerica.org\/fr\/#\/schema\/person\/68ede8bdc292885bb76c1e3810e73c39"},"breadcrumb":{"@id":"https:\/\/interamerica.org\/fr\/2015\/05\/un-dirigeant-adventiste-au-nepal-lance-un-appel-a-la-priere-apres-le-nouveau-seisme\/#breadcrumb"},"inLanguage":"fr-FR","potentialAction":[{"@type":"ReadAction","target":["https:\/\/interamerica.org\/fr\/2015\/05\/un-dirigeant-adventiste-au-nepal-lance-un-appel-a-la-priere-apres-le-nouveau-seisme\/"]}]},{"@type":"ImageObject","inLanguage":"fr-FR","@id":"https:\/\/interamerica.org\/fr\/2015\/05\/un-dirigeant-adventiste-au-nepal-lance-un-appel-a-la-priere-apres-le-nouveau-seisme\/#primaryimage","url":"https:\/\/interamerica.org\/wp-content\/uploads\/2017\/06\/nepal-adventist-may12.jpg","contentUrl":"https:\/\/interamerica.org\/wp-content\/uploads\/2017\/06\/nepal-adventist-may12.jpg","width":997,"height":500},{"@type":"BreadcrumbList","@id":"https:\/\/interamerica.org\/fr\/2015\/05\/un-dirigeant-adventiste-au-nepal-lance-un-appel-a-la-priere-apres-le-nouveau-seisme\/#breadcrumb","itemListElement":[{"@type":"ListItem","position":1,"name":"Home","item":"https:\/\/interamerica.org\/fr\/"},{"@type":"ListItem","position":2,"name":"Un dirigeant adventiste au N\u00e9pal lance un appel \u00e0 la pri\u00e8re apr\u00e8s le nouveau s\u00e9isme"}]},{"@type":"WebSite","@id":"https:\/\/interamerica.org\/fr\/#website","url":"https:\/\/interamerica.org\/fr\/","name":"\u00c9glise Adventiste Du Septieme Jour - Inter Am\u00e9rique Division","description":"","potentialAction":[{"@type":"SearchAction","target":{"@type":"EntryPoint","urlTemplate":"https:\/\/interamerica.org\/fr\/?s={search_term_string}"},"query-input":{"@type":"PropertyValueSpecification","valueRequired":true,"valueName":"search_term_string"}}],"inLanguage":"fr-FR"},{"@type":"Person","@id":"https:\/\/interamerica.org\/fr\/#\/schema\/person\/68ede8bdc292885bb76c1e3810e73c39","name":"Lorenzo Verduzco","image":{"@type":"ImageObject","inLanguage":"fr-FR","@id":"https:\/\/secure.gravatar.com\/avatar\/fb81a55b6218459490a9c1dc841a34909185b81904c5337b4b27f7a6fd60c49e?s=96&d=mm&r=g","url":"https:\/\/secure.gravatar.com\/avatar\/fb81a55b6218459490a9c1dc841a34909185b81904c5337b4b27f7a6fd60c49e?s=96&d=mm&r=g","contentUrl":"https:\/\/secure.gravatar.com\/avatar\/fb81a55b6218459490a9c1dc841a34909185b81904c5337b4b27f7a6fd60c49e?s=96&d=mm&r=g","caption":"Lorenzo Verduzco"}}]}},"_links":{"self":[{"href":"https:\/\/interamerica.org\/fr\/wp-json\/wp\/v2\/posts\/32271","targetHints":{"allow":["GET"]}}],"collection":[{"href":"https:\/\/interamerica.org\/fr\/wp-json\/wp\/v2\/posts"}],"about":[{"href":"https:\/\/interamerica.org\/fr\/wp-json\/wp\/v2\/types\/post"}],"author":[{"embeddable":true,"href":"https:\/\/interamerica.org\/fr\/wp-json\/wp\/v2\/users\/1"}],"replies":[{"embeddable":true,"href":"https:\/\/interamerica.org\/fr\/wp-json\/wp\/v2\/comments?post=32271"}],"version-history":[{"count":0,"href":"https:\/\/interamerica.org\/fr\/wp-json\/wp\/v2\/posts\/32271\/revisions"}],"wp:featuredmedia":[{"embeddable":true,"href":"https:\/\/interamerica.org\/fr\/wp-json\/wp\/v2\/media\/25302"}],"wp:attachment":[{"href":"https:\/\/interamerica.org\/fr\/wp-json\/wp\/v2\/media?parent=32271"}],"wp:term":[{"taxonomy":"category","embeddable":true,"href":"https:\/\/interamerica.org\/fr\/wp-json\/wp\/v2\/categories?post=32271"},{"taxonomy":"post_tag","embeddable":true,"href":"https:\/\/interamerica.org\/fr\/wp-json\/wp\/v2\/tags?post=32271"}],"curies":[{"name":"wp","href":"https:\/\/api.w.org\/{rel}","templated":true}]}}