{"id":32272,"date":"2015-05-14T00:00:00","date_gmt":"2015-05-14T04:00:00","guid":{"rendered":"http:\/\/192.81.217.108\/interamerica\/2015\/05\/les-leaders-de-leglise-se-penchent-sur-la-question-de-la-consecration-des-femmes-sur-la-croissance-et-votent-egalement-certaines-initiatives\/"},"modified":"2015-05-14T00:00:00","modified_gmt":"2015-05-14T04:00:00","slug":"les-leaders-de-leglise-se-penchent-sur-la-question-de-la-consecration-des-femmes-sur-la-croissance-et-votent-egalement-certaines-initiatives","status":"publish","type":"post","link":"https:\/\/interamerica.org\/fr\/2015\/05\/les-leaders-de-leglise-se-penchent-sur-la-question-de-la-consecration-des-femmes-sur-la-croissance-et-votent-egalement-certaines-initiatives\/","title":{"rendered":"Les leaders de l\u2019\u00e9glise se penchent sur la question de la cons\u00e9cration des femmes, sur la croissance et votent \u00e9galement certaines initiatives."},"content":{"rendered":"<div id=\"attachment_16936\" style=\"width: 576px\" class=\"wp-caption aligncenter\"><a href=\"\/interamerica\/wp-content\/uploads\/2017\/06\/midyr-ordination600.png\" rel=\"fancybox\" title=\"Les leaders de l\u2019\u00e9glise se penchent sur la question de la cons\u00e9cration des femmes, sur la croissance et votent \u00e9galement certaines initiatives.\"><img fetchpriority=\"high\" decoding=\"async\" aria-describedby=\"caption-attachment-16936\" class=\"size-full wp-image-16936\" src=\"\/interamerica\/wp-content\/uploads\/2017\/06\/midyr-ordination600.png\" alt=\"\" width=\"566\" height=\"398\" \/><\/a><p id=\"caption-attachment-16936\" class=\"wp-caption-text\">Le pr\u00e9sident de la DIA, pasteur Isra\u00ebl Leito (au centre) s\u2019adresse aux membres du comit\u00e9 ex\u00e9cutif en compagnie des repr\u00e9sentants de la DIA au Comit\u00e9 d\u2019Etude sur la Th\u00e9ologie de l\u2019Ordination, Dr Elie Henry (\u00e0 droite), secr\u00e9taire ex\u00e9cutif, et Carmen Perez (\u00e0 gauche) du S\u00e9minaire Th\u00e9ologique Inter Am\u00e9ricain, \u00e0 l\u2019occasion de l\u2019examen des r\u00e9sultats des recherches men\u00e9es par l\u2019\u00e9glise sur la cons\u00e9cration des femmes. Image de Libna Stevens\/DIA.<\/p><\/div>\n<p>14 Mai 2015 \u2013 Miami, Floride, Etats Unis \u2013 Libna Stevens\/DIA<\/p>\n<p>La deuxi\u00e8me journ\u00e9e des rencontres administratives de l\u2019\u00e9glise a \u00e9t\u00e9 l\u2019occasion pour les membres du comit\u00e9 ex\u00e9cutif venus de tout le territoire de l\u2019Eglise Adventiste du Septi\u00e8me Jour en Inter Am\u00e9rique, de reconsid\u00e9rer bri\u00e8vement l\u2019historique des derniers r\u00e9sultats obtenus par le Comit\u00e9 d\u2019Etude sur la Th\u00e9ologie de l\u2019Ordination (TOSC) sur la question de la cons\u00e9cration des femmes au minist\u00e8re pastoral. Plus de 100 leaders de l\u2019\u00e9glise ont \u00e9galement pris le temps de voter sur les prochaines initiatives et activit\u00e9s lors des rencontres qui ont eu lieu hier \u00e0 Miami en Floride.<\/p>\n<p>Le pr\u00e9sident de la Division Inter Am\u00e9ricaine, pasteur Isra\u00ebl Leito a dit aux membres du comit\u00e9 que la Conf\u00e9rence G\u00e9n\u00e9rale avait demand\u00e9 \u00e0 chaque division de se pencher \u00e0 nouveau sur les documents relatifs \u00e0 la cons\u00e9cration des femmes.<\/p>\n<div id=\"attachment_16934\" style=\"width: 334px\" class=\"wp-caption alignleft\"><a href=\"\/interamerica\/wp-content\/uploads\/2017\/06\/RaquelKorniejczuk400.png\" rel=\"fancybox\" title=\"Les leaders de l\u2019\u00e9glise se penchent sur la question de la cons\u00e9cration des femmes, sur la croissance et votent \u00e9galement certaines initiatives.\"><img decoding=\"async\" aria-describedby=\"caption-attachment-16934\" class=\" wp-image-16934  \" src=\"\/interamerica\/wp-content\/uploads\/2017\/06\/RaquelKorniejczuk400.png\" alt=\"\" width=\"324\" height=\"217\" \/><\/a><p id=\"caption-attachment-16934\" class=\"wp-caption-text\">Raquel Korniejczuk de l\u2019Universit\u00e9 de Montemorelos lit la D\u00e9claration de Consensus de l\u2019Eglise Adventiste du Septi\u00e8me Jour sur la Th\u00e9ologie de l\u2019Ordination lors des rencontres du comit\u00e9 le 13 mai 2015.<\/p><\/div>\n<p>\u00ab Deux de nos repr\u00e9sentants de la Division Inter Am\u00e9ricaine qui ont particip\u00e9 aux rencontres du TOSC, aux d\u00e9bats et aux discussions pr\u00e9senteront un r\u00e9sum\u00e9 des positions th\u00e9ologiques, \u00bb a dit pasteur Leito.<\/p>\n<p>Carmen Perez, vice-pr\u00e9sidente du S\u00e9minaire Th\u00e9ologique Inter Am\u00e9ricain et pasteur Elie Henry, secr\u00e9taire ex\u00e9cutif de la DIA, \u00e9taient les deux repr\u00e9sentants qui ont pr\u00e9sent\u00e9 les r\u00e9sultats et les documents aux membres du comit\u00e9.<\/p>\n<p>Les leaders de l\u2019\u00e9glise ont lu la <a href=\"https:\/\/www.adventistarchives.org\/consensus-statement-on-a-seventh-day-adventist-theology-of-ordination.pdf\">D\u00e9claration de Consensus des Adventistes du Septi\u00e8me Jour sur la Th\u00e9ologie sur l\u2019Ordination<\/a>, et la <a href=\"http:\/\/www.adventistreview.org\/assets\/public\/news\/2014-10\/statement.pdf\">Th\u00e9ologie et Pratique de la Cons\u00e9cration au Minist\u00e8re Pastoral,<\/a>, ils ont aussi discut\u00e9 les trois <a href=\"https:\/\/www.adventistarchives.org\/\">D\u00e9clarations sur la Suite \u00e0 Donner<\/a> \u00a0et ont reconsid\u00e9r\u00e9 l\u2019histoire de l\u2019\u00e9glise et de l\u2019ordination.<\/p>\n<p>\u00ab Nous souhaitons que ses questions soient claires dans votre esprit de telle sorte que vous puissiez en tant que d\u00e9l\u00e9gu\u00e9s et sous l\u2019influence du Saint Esprit prendre un d\u00e9cision \u00e9clair\u00e9e sur cette question en tant que membres du corps de l\u2019\u00e9glise, \u00bb a dit pasteur Leito. \u00ab Peu importe votre opinion, gardons l\u2019attitude Chr\u00e9tienne la plus noble possible alors que cette question viendra au cours de la session. \u00bb Pasteur Leito a encourag\u00e9 les leaders \u00e0 garder un \u00e9quilibre en \u00e9vitant les deux opinions extr\u00eames, et ce, pour le bien de l\u2019\u00e9glise.<\/p>\n<p>La DIA compte pr\u00e8s de 400 d\u00e9l\u00e9gu\u00e9s \u2013 une des plus importantes d\u00e9l\u00e9gations de l\u2019\u00e9glise mondiale \u2013 qui pourront voter sur la question et sur beaucoup d\u2019autres initiatives et programmes lors de la 60\u00e8me Session de la Conf\u00e9rence G\u00e9n\u00e9rale qui se tiendra \u00e0 San Antonio au Texas en juillet prochain.<\/p>\n<p>Les leaders de l\u2019\u00e9glise ont pri\u00e9 au sujet de la question de la cons\u00e9cration des femmes, ainsi que pour l\u2019unit\u00e9 de l\u2019\u00e9glise et pour toutes les d\u00e9cisions qui devront \u00eatre prises par le corps de l\u2019Eglise Adventiste mondiale ; ils ont aussi t\u00e9moign\u00e9 de leur volont\u00e9 \u00e0 demeurer unis pour avancer quelles que soient les d\u00e9cisions qui seront prises au sujet de la cons\u00e9cration des femmes.<\/p>\n<div id=\"attachment_16935\" style=\"width: 330px\" class=\"wp-caption alignleft\"><a href=\"\/interamerica\/wp-content\/uploads\/2017\/06\/midyr-praying400.png\" rel=\"fancybox\" title=\"Les leaders de l\u2019\u00e9glise se penchent sur la question de la cons\u00e9cration des femmes, sur la croissance et votent \u00e9galement certaines initiatives.\"><img decoding=\"async\" aria-describedby=\"caption-attachment-16935\" class=\" wp-image-16935 \" src=\"\/interamerica\/wp-content\/uploads\/2017\/06\/midyr-praying400.png\" alt=\"\" width=\"320\" height=\"205\" \/><\/a><p id=\"caption-attachment-16935\" class=\"wp-caption-text\">Dr Gamaliel Florez, directeur de l\u2019\u00e9ducation pour l\u2019Eglise Adventiste en Inter Am\u00e9rique prie au sujet de la question de la cons\u00e9cration des femmes qui doit \u00eatre discut\u00e9e \u00e0 la Session de la Conf\u00e9rence G\u00e9n\u00e9rale en juillet prochain.<\/p><\/div>\n<p>\u00ab Nous avons devant nous une question qui n\u2019est pas nouvelle, \u00bb a dit pasteur Melchor Ferreyra, directeur des minist\u00e8res personnels pour la DIA. \u00ab Toutes les fois o\u00f9 l\u2019\u00e9glise fait face une question difficile, l\u2019\u00e9glise en sort victorieuse. Nous devrions nous sentir libres de donner notre opinion parce que l\u2019\u00e9glise est entre les mains de Dieu. \u00bb<\/p>\n<p>Dr Leonard Johnson, pr\u00e9sident de l\u2019Eglise Adventiste dans l\u2019Union Carib\u00e9enne Atlantique, a d\u00e9clar\u00e9 que quelle que soit la position que retiendra l\u2019\u00e9glise, il y aura vraisemblablement des d\u00e9bats ou des relations brouill\u00e9es. \u00ab J\u2019esp\u00e8re que nous parviendrons \u00e0 une forme de consensus, de d\u00e9cision qui fera qu\u2019une fois que nous aurons laiss\u00e9 la session, nous pourrons tous nous respecter les uns les autres en d\u00e9pit de nos diff\u00e9rences et l\u2019\u00e9glise pourra avancer. \u00bb<\/p>\n<p><a href=\"https:\/\/www.adventistarchives.org\/brc-inter-american-division-presentation.pdf\">La position de la Division Inter Am\u00e9ricaine<\/a> remise au TOSC l\u2019ann\u00e9e derni\u00e8re est toujours d\u2019actualit\u00e9, a dit pasteur Leito.<\/p>\n<p>Une partie de la position de la DIA dit : \u00ab Il n\u2019y a aucun mandat explicite dans la Bible pour la cons\u00e9cration des femmes ou des hommes pour la direction de l\u2019\u00e9glise, cependant il n\u2019y a aucun commandement qui s\u2019y oppose. La Division Inter Am\u00e9ricaine est pr\u00eate \u00e0 accepter la d\u00e9cision eccl\u00e9siale prise par l\u2019Eglise Adventiste du Septi\u00e8me Jour en session pl\u00e9ni\u00e8re. \u00bb<\/p>\n<p>Les leaders de l\u2019\u00e9glise ont invit\u00e9 les membres du comit\u00e9 ex\u00e9cutif \u00e0 encourager le reste des d\u00e9l\u00e9gu\u00e9s \u00e0 prendre le temps de consid\u00e9rer les documents et les recherches faites sur la question de la cons\u00e9cration des femmes, disponibles sur le site <a href=\"https:\/\/www.adventistarchives.org\/about-tosc\">Adventistarchives.org<\/a><\/p>\n<p><strong>Rapport du Secr\u00e9taire<\/strong><\/p>\n<div id=\"attachment_16932\" style=\"width: 330px\" class=\"wp-caption alignleft\"><a href=\"\/interamerica\/wp-content\/uploads\/2017\/06\/ElieHenry400.png\" rel=\"fancybox\" title=\"Les leaders de l\u2019\u00e9glise se penchent sur la question de la cons\u00e9cration des femmes, sur la croissance et votent \u00e9galement certaines initiatives.\"><img loading=\"lazy\" decoding=\"async\" aria-describedby=\"caption-attachment-16932\" class=\" wp-image-16932 \" src=\"\/interamerica\/wp-content\/uploads\/2017\/06\/ElieHenry400.png\" alt=\"\" width=\"320\" height=\"198\" \/><\/a><p id=\"caption-attachment-16932\" class=\"wp-caption-text\">Dr Elie Henry pr\u00e9sente son rapport sur la croissance de la r\u00e9gion et de l\u2019effectif de membres en Inter Am\u00e9rique.<\/p><\/div>\n<p>Le secr\u00e9taire ex\u00e9cutif de la DIA, pasteur Elie Henry a pr\u00e9sent\u00e9 un rapport donnant les derni\u00e8res informations sur la croissance de l\u2019\u00e9glise. Aujourd\u2019hui, l\u2019Eglise Adventiste en Inter Am\u00e9rique compte 24 unions, parmi lesquelles 10 ont le statut d\u2019union de f\u00e9d\u00e9rations, 13 ont le statut d\u2019union mission et une est consid\u00e9r\u00e9e comme une union d\u2019\u00e9glises. Ces unions sont compos\u00e9es de 87 f\u00e9d\u00e9rations, 38 missions et 15 sont des territoires r\u00e9gionaux.<\/p>\n<p>L\u2019effectif de l\u2019\u00e9glise est de 3,6 millions de membres, il y a 20896 \u00e9glises et groupes et 3421 pasteurs. Il y a eu un total de 937316 bapt\u00eames et professions de foi pendant la p\u00e9riode 2010-2014. Les chiffres indiquent qu\u2019il y a eu une croissance de 10% pendant cette p\u00e9riode de quatre ans, a ajout\u00e9 Elie Henry.<\/p>\n<p>Le secr\u00e9taire ex\u00e9cutif a \u00e9galement pr\u00e9sent\u00e9 un rapport indiquant que sur 24 unions, 15000 \u00e9glises et groupes dans 12 unions ont fait entrer les donn\u00e9es concernant leurs effectifs dans la plateforme logicielle officielle de l\u2019\u00e9glise servant \u00e0 g\u00e9rer et v\u00e9rifier les effectifs de membres des \u00e9glises locales.<\/p>\n<p>Les chiffres issus de la v\u00e9rification des registres de membres r\u00e9v\u00e8lent que pour la p\u00e9riode 2010-2014 quelques 600190 personnes avaient vu leurs noms enlev\u00e9s, n\u2019avaient pu \u00eatre localis\u00e9s, ou \u00e9taient d\u00e9c\u00e9d\u00e9s.<\/p>\n<p><strong>Ecole du Sabbat et Minist\u00e8res Personnels<\/strong><br \/>\nLes leaders de l\u2019\u00e9glise ont \u00e9galement vot\u00e9 de faire de l\u2019Ecole du Sabbat et des Minist\u00e8res Personnels des d\u00e9partements s\u00e9par\u00e9s. Pendant des ann\u00e9es, les deux \u00e9taient associ\u00e9s, mais les leaders consid\u00e8rent qu\u2019il faudrait accorder une plus grande attention au d\u00e9partement de l\u2019Ecole du Sabbat pour le consolider si les deux d\u00e9partements sont s\u00e9par\u00e9s, a dit pasteur Leito.<\/p>\n<p>\u00ab Nous voulons vous faire savoir que ces d\u00e9partements fonctionneront de mani\u00e8re distincte depuis le bureau de la division apr\u00e8s la session ; chacun aura son \u00e9quipe de dirigeants respective, \u00bb a dit pasteur Leito aux principaux administrateurs des unions. \u00ab C\u2019est quelque chose que nous voudrions vous voir prendre en mains \u00e9galement dans votre territoire autant que faire se peut. \u00bb<\/p>\n<div id=\"attachment_16941\" style=\"width: 330px\" class=\"wp-caption alignright\"><a href=\"\/interamerica\/wp-content\/uploads\/2017\/06\/HiramRuiz400.png\" rel=\"fancybox\" title=\"Les leaders de l\u2019\u00e9glise se penchent sur la question de la cons\u00e9cration des femmes, sur la croissance et votent \u00e9galement certaines initiatives.\"><img loading=\"lazy\" decoding=\"async\" aria-describedby=\"caption-attachment-16941\" class=\" wp-image-16941 \" src=\"\/interamerica\/wp-content\/uploads\/2017\/06\/HiramRuiz400.png\" alt=\"\" width=\"320\" height=\"211\" \/><\/a><p id=\"caption-attachment-16941\" class=\"wp-caption-text\">Pasteur Hiram Ruiz, le directeur des minist\u00e8res aupr\u00e8s des campus publics pour les r\u00e9gions hispanophones, parle du prochain sommet pour les professionnels Adventistes des universit\u00e9s qui doit se tenir \u00e0 Cuba du 17 au 22 d\u00e9cembre 2015.<\/p><\/div>\n<p><strong>Plan Strat\u00e9gique de Hope Channel TV Inter Am\u00e9rique<\/strong><br \/>\nLes membres du comit\u00e9 ex\u00e9cutif ont vot\u00e9 d\u2019adopter le plan strat\u00e9gique de Hope Channel Inter Am\u00e9rique pour les cinq prochaines ann\u00e9es qui permettra de guider la croissance, l\u2019orientation et le d\u00e9veloppement de ses trois stations de t\u00e9l\u00e9vision en anglais, espagnol et fran\u00e7ais. Hope Channel est le r\u00e9seau de t\u00e9l\u00e9vision mondial officiel de l\u2019Eglise Adventiste du Septi\u00e8me Jour auquel Hope Channel Inter Am\u00e9rique est affili\u00e9.<\/p>\n<p>La d\u00e9claration de mission de Hope Channel Inter Am\u00e9rique inclut la proclamation de l\u2019espoir que donne l\u2019\u00e9vangile \u00e0 travers une programmation christocentrique dans la langue et la culture des populations de notre territoire pour une vie meilleure aujourd\u2019hui et pour l\u2019\u00e9ternit\u00e9.<\/p>\n<p><strong>D\u00e9partement des Minist\u00e8res aupr\u00e8s des Campus Publics<\/strong><br \/>\nLes leaders ont vot\u00e9 la nouvelle description du travail du directeur des minist\u00e8res aupr\u00e8s des campus publics pour l\u2019Inter Am\u00e9rique, une position occup\u00e9e par pasteur Hiram Ruiz pour les r\u00e9gions hispanophones et par pasteur Balvin Braham pour les r\u00e9gions anglophones et francophones.<\/p>\n<p>Ce nouveau minist\u00e8re sera dirig\u00e9 par ces deux leaders qui proposeront la vision et la planification strat\u00e9gique visant \u00e0 soutenir et exercer un minist\u00e8re aupr\u00e8s des Adventistes du Septi\u00e8me Jour qui, pour un certain nombre de raisons, fr\u00e9quentent des universit\u00e9s publiques.<\/p>\n<p>\u00ab L\u2019\u00e9glise a perdu du terrain sur ce segment et nous voulons nous assurer de mettre en place l\u2019infrastructure nous permettant d\u2019accorder plus d\u2019attention, de soutenir et de garder nos \u00e9tudiants d\u2019universit\u00e9 par le biais des minist\u00e8res aupr\u00e8s des campus publics dans notre territoire, \u00bb a dit pasteur Leito.<\/p>\n<div id=\"attachment_16933\" style=\"width: 330px\" class=\"wp-caption alignright\"><a href=\"\/interamerica\/wp-content\/uploads\/2017\/06\/CeciliaIglesias400.png\" rel=\"fancybox\" title=\"Les leaders de l\u2019\u00e9glise se penchent sur la question de la cons\u00e9cration des femmes, sur la croissance et votent \u00e9galement certaines initiatives.\"><img loading=\"lazy\" decoding=\"async\" aria-describedby=\"caption-attachment-16933\" class=\" wp-image-16933 \" src=\"\/interamerica\/wp-content\/uploads\/2017\/06\/CeciliaIglesias400.png\" alt=\"\" width=\"320\" height=\"238\" \/><\/a><p id=\"caption-attachment-16933\" class=\"wp-caption-text\">C\u00e9cilia Iglesias, directrice du Minist\u00e8re de la Femme pour la DIA, partage avec les membres du comit\u00e9 la nouvelle initiative d\u2019\u00e9vang\u00e9lisation qui vise \u00e0 motiver les responsables des minist\u00e8res de la femme \u00e0 partager des \u00e9tudes bibliques dans leurs communaut\u00e9s.<\/p><\/div>\n<p>Les leaders ont vot\u00e9 d\u2019organiser un sommet sp\u00e9cial pour les professionnels Adventistes des universit\u00e9s qui devrait avoir lieu \u00e0 Cuba du 17 au 22 d\u00e9cembre 2015.<\/p>\n<p><strong>Minist\u00e8re de la Femme<\/strong><br \/>\nLe minist\u00e8re de la Femme promeut un programme d\u2019\u00e9vang\u00e9lisation appel\u00e9 B=B c\u2019est \u00e0 dire Bible \u00e9gale Bapt\u00eames, \u00e0 travers lequel 69000 responsables du minist\u00e8re de la femme sont encourag\u00e9s \u00e0 faire l\u2019acquisition de la Bible de la Femme Adventiste pour l\u2019utiliser comme outil d\u2019\u00e9vang\u00e9lisation pour faire profiter de ce minist\u00e8re \u00e0 d\u2019autres femmes.<\/p>\n<p>\u00ab Chaque femme qui a \u00e9t\u00e9 pr\u00e9par\u00e9e pour ce minist\u00e8re doit trouver au sein de sa famille, parmi ses amis ou ses connaissances, au moins une femme qui deviendra l\u2019objet de son attention, de sa pr\u00e9paration et qu\u2019elle am\u00e8nera aux pieds de J\u00e9sus, \u00bb indique l\u2019initiative.<\/p>\n<p>De plus, le Minist\u00e8re de la Femme a vot\u00e9 d\u2019adopter un nouveau programme de certification appel\u00e9 Programme Penser Bien, Vivre Bien, qui permettra d\u2019\u00e9duquer les femmes de l\u2019\u00e9glise sur la sant\u00e9 mentale. Il a \u00e9t\u00e9 con\u00e7u par le d\u00e9partement du Minist\u00e8re de la Femme de la Conf\u00e9rence G\u00e9n\u00e9rale avec la collaboration de plusieurs professionnels de sant\u00e9 et d\u2019autres individus occup\u00e9s par les d\u00e9fis constants que peut g\u00e9n\u00e9rer la sant\u00e9 de la femme.<\/p>\n<p>Pour en savoir plus sur les initiatives et activit\u00e9s de l\u2019Inter Am\u00e9rique, visitez le site <a href=\"https:\/\/recursing-golick.147-182-135-0.plesk.page\">interamerica.org<\/a><\/p>\n<p>Traduction: Patrick Luciathe<\/p>\n","protected":false},"excerpt":{"rendered":"<p>La deuxi\u00e8me journ\u00e9e des rencontres administratives de l\u2019\u00e9glise a \u00e9t\u00e9 l\u2019occasion pour les membres du comit\u00e9 ex\u00e9cutif venus de tout le territoire de l\u2019Eglise Adventiste du Septi\u00e8me Jour en Inter Am\u00e9rique, de reconsid\u00e9rer bri\u00e8vement l\u2019historique des derniers r\u00e9sultats obtenus par le Comit\u00e9 d\u2019Etude sur la Th\u00e9ologie de l\u2019Ordination (TOSC) sur la question de la cons\u00e9cration des femmes au minist\u00e8re pastoral. <\/p>\n<p>Plus de 100 leaders de l\u2019\u00e9glise ont \u00e9galement pris le temps de voter sur les prochaines initiatives et activit\u00e9s lors des rencontres qui ont eu lieu hier \u00e0 Miami en Floride.<\/p>\n","protected":false},"author":1,"featured_media":25328,"comment_status":"closed","ping_status":"closed","sticky":false,"template":"","format":"standard","meta":{"_acf_changed":false,"footnotes":""},"categories":[20,19],"tags":[],"class_list":["post-32272","post","type-post","status-publish","format-standard","has-post-thumbnail","hentry","category-nouvelles-du-siege-de-la-division","category-rss-francais"],"acf":[],"yoast_head":"<!-- This site is optimized with the Yoast SEO plugin v27.3 - https:\/\/yoast.com\/product\/yoast-seo-wordpress\/ -->\n<title>Les leaders de l\u2019\u00e9glise se penchent sur la question de la cons\u00e9cration des femmes, sur la croissance et votent \u00e9galement certaines initiatives. - \u00c9glise Adventiste Du Septieme Jour - Inter Am\u00e9rique Division<\/title>\n<meta name=\"robots\" content=\"index, follow, max-snippet:-1, max-image-preview:large, max-video-preview:-1\" \/>\n<link rel=\"canonical\" href=\"https:\/\/interamerica.org\/fr\/2015\/05\/les-leaders-de-leglise-se-penchent-sur-la-question-de-la-consecration-des-femmes-sur-la-croissance-et-votent-egalement-certaines-initiatives\/\" \/>\n<meta property=\"og:locale\" content=\"fr_FR\" \/>\n<meta property=\"og:type\" content=\"article\" \/>\n<meta property=\"og:title\" content=\"Les leaders de l\u2019\u00e9glise se penchent sur la question de la cons\u00e9cration des femmes, sur la croissance et votent \u00e9galement certaines initiatives. - \u00c9glise Adventiste Du Septieme Jour - Inter Am\u00e9rique Division\" \/>\n<meta property=\"og:description\" content=\"La deuxi\u00e8me journ\u00e9e des rencontres administratives de l\u2019\u00e9glise a \u00e9t\u00e9 l\u2019occasion pour les membres du comit\u00e9 ex\u00e9cutif venus de tout le territoire de l\u2019Eglise Adventiste du Septi\u00e8me Jour en Inter Am\u00e9rique, de reconsid\u00e9rer bri\u00e8vement l\u2019historique des derniers r\u00e9sultats obtenus par le Comit\u00e9 d\u2019Etude sur la Th\u00e9ologie de l\u2019Ordination (TOSC) sur la question de la cons\u00e9cration des femmes au minist\u00e8re pastoral.  Plus de 100 leaders de l\u2019\u00e9glise ont \u00e9galement pris le temps de voter sur les prochaines initiatives et activit\u00e9s lors des rencontres qui ont eu lieu hier \u00e0 Miami en Floride.\" \/>\n<meta property=\"og:url\" content=\"https:\/\/interamerica.org\/fr\/2015\/05\/les-leaders-de-leglise-se-penchent-sur-la-question-de-la-consecration-des-femmes-sur-la-croissance-et-votent-egalement-certaines-initiatives\/\" \/>\n<meta property=\"og:site_name\" content=\"\u00c9glise Adventiste Du Septieme Jour - Inter Am\u00e9rique Division\" \/>\n<meta property=\"article:published_time\" content=\"2015-05-14T04:00:00+00:00\" \/>\n<meta property=\"og:image\" content=\"https:\/\/interamerica.org\/wp-content\/uploads\/2017\/06\/midyr-ordination600.png\" \/>\n\t<meta property=\"og:image:width\" content=\"566\" \/>\n\t<meta property=\"og:image:height\" content=\"398\" \/>\n\t<meta property=\"og:image:type\" content=\"image\/png\" \/>\n<meta name=\"author\" content=\"Lorenzo Verduzco\" \/>\n<meta name=\"twitter:card\" content=\"summary_large_image\" \/>\n<meta name=\"twitter:label1\" content=\"\u00c9crit par\" \/>\n\t<meta name=\"twitter:data1\" content=\"Lorenzo Verduzco\" \/>\n\t<meta name=\"twitter:label2\" content=\"Dur\u00e9e de lecture estim\u00e9e\" \/>\n\t<meta name=\"twitter:data2\" content=\"10 minutes\" \/>\n<script type=\"application\/ld+json\" class=\"yoast-schema-graph\">{\"@context\":\"https:\\\/\\\/schema.org\",\"@graph\":[{\"@type\":\"Article\",\"@id\":\"https:\\\/\\\/interamerica.org\\\/fr\\\/2015\\\/05\\\/les-leaders-de-leglise-se-penchent-sur-la-question-de-la-consecration-des-femmes-sur-la-croissance-et-votent-egalement-certaines-initiatives\\\/#article\",\"isPartOf\":{\"@id\":\"https:\\\/\\\/interamerica.org\\\/fr\\\/2015\\\/05\\\/les-leaders-de-leglise-se-penchent-sur-la-question-de-la-consecration-des-femmes-sur-la-croissance-et-votent-egalement-certaines-initiatives\\\/\"},\"author\":{\"name\":\"Lorenzo Verduzco\",\"@id\":\"https:\\\/\\\/interamerica.org\\\/fr\\\/#\\\/schema\\\/person\\\/68ede8bdc292885bb76c1e3810e73c39\"},\"headline\":\"Les leaders de l\u2019\u00e9glise se penchent sur la question de la cons\u00e9cration des femmes, sur la croissance et votent \u00e9galement certaines initiatives.\",\"datePublished\":\"2015-05-14T04:00:00+00:00\",\"mainEntityOfPage\":{\"@id\":\"https:\\\/\\\/interamerica.org\\\/fr\\\/2015\\\/05\\\/les-leaders-de-leglise-se-penchent-sur-la-question-de-la-consecration-des-femmes-sur-la-croissance-et-votent-egalement-certaines-initiatives\\\/\"},\"wordCount\":2082,\"image\":{\"@id\":\"https:\\\/\\\/interamerica.org\\\/fr\\\/2015\\\/05\\\/les-leaders-de-leglise-se-penchent-sur-la-question-de-la-consecration-des-femmes-sur-la-croissance-et-votent-egalement-certaines-initiatives\\\/#primaryimage\"},\"thumbnailUrl\":\"https:\\\/\\\/interamerica.org\\\/wp-content\\\/uploads\\\/2017\\\/06\\\/midyr-ordination600.png\",\"articleSection\":[\"Nouvelles du si\u00e8ge de la division\",\"RSS Fran\u00e7ais\"],\"inLanguage\":\"fr-FR\"},{\"@type\":\"WebPage\",\"@id\":\"https:\\\/\\\/interamerica.org\\\/fr\\\/2015\\\/05\\\/les-leaders-de-leglise-se-penchent-sur-la-question-de-la-consecration-des-femmes-sur-la-croissance-et-votent-egalement-certaines-initiatives\\\/\",\"url\":\"https:\\\/\\\/interamerica.org\\\/fr\\\/2015\\\/05\\\/les-leaders-de-leglise-se-penchent-sur-la-question-de-la-consecration-des-femmes-sur-la-croissance-et-votent-egalement-certaines-initiatives\\\/\",\"name\":\"Les leaders de l\u2019\u00e9glise se penchent sur la question de la cons\u00e9cration des femmes, sur la croissance et votent \u00e9galement certaines initiatives. - \u00c9glise Adventiste Du Septieme Jour - Inter Am\u00e9rique Division\",\"isPartOf\":{\"@id\":\"https:\\\/\\\/interamerica.org\\\/fr\\\/#website\"},\"primaryImageOfPage\":{\"@id\":\"https:\\\/\\\/interamerica.org\\\/fr\\\/2015\\\/05\\\/les-leaders-de-leglise-se-penchent-sur-la-question-de-la-consecration-des-femmes-sur-la-croissance-et-votent-egalement-certaines-initiatives\\\/#primaryimage\"},\"image\":{\"@id\":\"https:\\\/\\\/interamerica.org\\\/fr\\\/2015\\\/05\\\/les-leaders-de-leglise-se-penchent-sur-la-question-de-la-consecration-des-femmes-sur-la-croissance-et-votent-egalement-certaines-initiatives\\\/#primaryimage\"},\"thumbnailUrl\":\"https:\\\/\\\/interamerica.org\\\/wp-content\\\/uploads\\\/2017\\\/06\\\/midyr-ordination600.png\",\"datePublished\":\"2015-05-14T04:00:00+00:00\",\"author\":{\"@id\":\"https:\\\/\\\/interamerica.org\\\/fr\\\/#\\\/schema\\\/person\\\/68ede8bdc292885bb76c1e3810e73c39\"},\"breadcrumb\":{\"@id\":\"https:\\\/\\\/interamerica.org\\\/fr\\\/2015\\\/05\\\/les-leaders-de-leglise-se-penchent-sur-la-question-de-la-consecration-des-femmes-sur-la-croissance-et-votent-egalement-certaines-initiatives\\\/#breadcrumb\"},\"inLanguage\":\"fr-FR\",\"potentialAction\":[{\"@type\":\"ReadAction\",\"target\":[\"https:\\\/\\\/interamerica.org\\\/fr\\\/2015\\\/05\\\/les-leaders-de-leglise-se-penchent-sur-la-question-de-la-consecration-des-femmes-sur-la-croissance-et-votent-egalement-certaines-initiatives\\\/\"]}]},{\"@type\":\"ImageObject\",\"inLanguage\":\"fr-FR\",\"@id\":\"https:\\\/\\\/interamerica.org\\\/fr\\\/2015\\\/05\\\/les-leaders-de-leglise-se-penchent-sur-la-question-de-la-consecration-des-femmes-sur-la-croissance-et-votent-egalement-certaines-initiatives\\\/#primaryimage\",\"url\":\"https:\\\/\\\/interamerica.org\\\/wp-content\\\/uploads\\\/2017\\\/06\\\/midyr-ordination600.png\",\"contentUrl\":\"https:\\\/\\\/interamerica.org\\\/wp-content\\\/uploads\\\/2017\\\/06\\\/midyr-ordination600.png\",\"width\":566,\"height\":398},{\"@type\":\"BreadcrumbList\",\"@id\":\"https:\\\/\\\/interamerica.org\\\/fr\\\/2015\\\/05\\\/les-leaders-de-leglise-se-penchent-sur-la-question-de-la-consecration-des-femmes-sur-la-croissance-et-votent-egalement-certaines-initiatives\\\/#breadcrumb\",\"itemListElement\":[{\"@type\":\"ListItem\",\"position\":1,\"name\":\"Home\",\"item\":\"https:\\\/\\\/interamerica.org\\\/fr\\\/\"},{\"@type\":\"ListItem\",\"position\":2,\"name\":\"Les leaders de l\u2019\u00e9glise se penchent sur la question de la cons\u00e9cration des femmes, sur la croissance et votent \u00e9galement certaines initiatives.\"}]},{\"@type\":\"WebSite\",\"@id\":\"https:\\\/\\\/interamerica.org\\\/fr\\\/#website\",\"url\":\"https:\\\/\\\/interamerica.org\\\/fr\\\/\",\"name\":\"\u00c9glise Adventiste Du Septieme Jour - Inter Am\u00e9rique Division\",\"description\":\"\",\"potentialAction\":[{\"@type\":\"SearchAction\",\"target\":{\"@type\":\"EntryPoint\",\"urlTemplate\":\"https:\\\/\\\/interamerica.org\\\/fr\\\/?s={search_term_string}\"},\"query-input\":{\"@type\":\"PropertyValueSpecification\",\"valueRequired\":true,\"valueName\":\"search_term_string\"}}],\"inLanguage\":\"fr-FR\"},{\"@type\":\"Person\",\"@id\":\"https:\\\/\\\/interamerica.org\\\/fr\\\/#\\\/schema\\\/person\\\/68ede8bdc292885bb76c1e3810e73c39\",\"name\":\"Lorenzo Verduzco\",\"image\":{\"@type\":\"ImageObject\",\"inLanguage\":\"fr-FR\",\"@id\":\"https:\\\/\\\/secure.gravatar.com\\\/avatar\\\/fb81a55b6218459490a9c1dc841a34909185b81904c5337b4b27f7a6fd60c49e?s=96&d=mm&r=g\",\"url\":\"https:\\\/\\\/secure.gravatar.com\\\/avatar\\\/fb81a55b6218459490a9c1dc841a34909185b81904c5337b4b27f7a6fd60c49e?s=96&d=mm&r=g\",\"contentUrl\":\"https:\\\/\\\/secure.gravatar.com\\\/avatar\\\/fb81a55b6218459490a9c1dc841a34909185b81904c5337b4b27f7a6fd60c49e?s=96&d=mm&r=g\",\"caption\":\"Lorenzo Verduzco\"}}]}<\/script>\n<!-- \/ Yoast SEO plugin. -->","yoast_head_json":{"title":"Les leaders de l\u2019\u00e9glise se penchent sur la question de la cons\u00e9cration des femmes, sur la croissance et votent \u00e9galement certaines initiatives. - \u00c9glise Adventiste Du Septieme Jour - Inter Am\u00e9rique Division","robots":{"index":"index","follow":"follow","max-snippet":"max-snippet:-1","max-image-preview":"max-image-preview:large","max-video-preview":"max-video-preview:-1"},"canonical":"https:\/\/interamerica.org\/fr\/2015\/05\/les-leaders-de-leglise-se-penchent-sur-la-question-de-la-consecration-des-femmes-sur-la-croissance-et-votent-egalement-certaines-initiatives\/","og_locale":"fr_FR","og_type":"article","og_title":"Les leaders de l\u2019\u00e9glise se penchent sur la question de la cons\u00e9cration des femmes, sur la croissance et votent \u00e9galement certaines initiatives. - \u00c9glise Adventiste Du Septieme Jour - Inter Am\u00e9rique Division","og_description":"La deuxi\u00e8me journ\u00e9e des rencontres administratives de l\u2019\u00e9glise a \u00e9t\u00e9 l\u2019occasion pour les membres du comit\u00e9 ex\u00e9cutif venus de tout le territoire de l\u2019Eglise Adventiste du Septi\u00e8me Jour en Inter Am\u00e9rique, de reconsid\u00e9rer bri\u00e8vement l\u2019historique des derniers r\u00e9sultats obtenus par le Comit\u00e9 d\u2019Etude sur la Th\u00e9ologie de l\u2019Ordination (TOSC) sur la question de la cons\u00e9cration des femmes au minist\u00e8re pastoral.  Plus de 100 leaders de l\u2019\u00e9glise ont \u00e9galement pris le temps de voter sur les prochaines initiatives et activit\u00e9s lors des rencontres qui ont eu lieu hier \u00e0 Miami en Floride.","og_url":"https:\/\/interamerica.org\/fr\/2015\/05\/les-leaders-de-leglise-se-penchent-sur-la-question-de-la-consecration-des-femmes-sur-la-croissance-et-votent-egalement-certaines-initiatives\/","og_site_name":"\u00c9glise Adventiste Du Septieme Jour - Inter Am\u00e9rique Division","article_published_time":"2015-05-14T04:00:00+00:00","og_image":[{"width":566,"height":398,"url":"https:\/\/interamerica.org\/wp-content\/uploads\/2017\/06\/midyr-ordination600.png","type":"image\/png"}],"author":"Lorenzo Verduzco","twitter_card":"summary_large_image","twitter_misc":{"\u00c9crit par":"Lorenzo Verduzco","Dur\u00e9e de lecture estim\u00e9e":"10 minutes"},"schema":{"@context":"https:\/\/schema.org","@graph":[{"@type":"Article","@id":"https:\/\/interamerica.org\/fr\/2015\/05\/les-leaders-de-leglise-se-penchent-sur-la-question-de-la-consecration-des-femmes-sur-la-croissance-et-votent-egalement-certaines-initiatives\/#article","isPartOf":{"@id":"https:\/\/interamerica.org\/fr\/2015\/05\/les-leaders-de-leglise-se-penchent-sur-la-question-de-la-consecration-des-femmes-sur-la-croissance-et-votent-egalement-certaines-initiatives\/"},"author":{"name":"Lorenzo Verduzco","@id":"https:\/\/interamerica.org\/fr\/#\/schema\/person\/68ede8bdc292885bb76c1e3810e73c39"},"headline":"Les leaders de l\u2019\u00e9glise se penchent sur la question de la cons\u00e9cration des femmes, sur la croissance et votent \u00e9galement certaines initiatives.","datePublished":"2015-05-14T04:00:00+00:00","mainEntityOfPage":{"@id":"https:\/\/interamerica.org\/fr\/2015\/05\/les-leaders-de-leglise-se-penchent-sur-la-question-de-la-consecration-des-femmes-sur-la-croissance-et-votent-egalement-certaines-initiatives\/"},"wordCount":2082,"image":{"@id":"https:\/\/interamerica.org\/fr\/2015\/05\/les-leaders-de-leglise-se-penchent-sur-la-question-de-la-consecration-des-femmes-sur-la-croissance-et-votent-egalement-certaines-initiatives\/#primaryimage"},"thumbnailUrl":"https:\/\/interamerica.org\/wp-content\/uploads\/2017\/06\/midyr-ordination600.png","articleSection":["Nouvelles du si\u00e8ge de la division","RSS Fran\u00e7ais"],"inLanguage":"fr-FR"},{"@type":"WebPage","@id":"https:\/\/interamerica.org\/fr\/2015\/05\/les-leaders-de-leglise-se-penchent-sur-la-question-de-la-consecration-des-femmes-sur-la-croissance-et-votent-egalement-certaines-initiatives\/","url":"https:\/\/interamerica.org\/fr\/2015\/05\/les-leaders-de-leglise-se-penchent-sur-la-question-de-la-consecration-des-femmes-sur-la-croissance-et-votent-egalement-certaines-initiatives\/","name":"Les leaders de l\u2019\u00e9glise se penchent sur la question de la cons\u00e9cration des femmes, sur la croissance et votent \u00e9galement certaines initiatives. - \u00c9glise Adventiste Du Septieme Jour - Inter Am\u00e9rique Division","isPartOf":{"@id":"https:\/\/interamerica.org\/fr\/#website"},"primaryImageOfPage":{"@id":"https:\/\/interamerica.org\/fr\/2015\/05\/les-leaders-de-leglise-se-penchent-sur-la-question-de-la-consecration-des-femmes-sur-la-croissance-et-votent-egalement-certaines-initiatives\/#primaryimage"},"image":{"@id":"https:\/\/interamerica.org\/fr\/2015\/05\/les-leaders-de-leglise-se-penchent-sur-la-question-de-la-consecration-des-femmes-sur-la-croissance-et-votent-egalement-certaines-initiatives\/#primaryimage"},"thumbnailUrl":"https:\/\/interamerica.org\/wp-content\/uploads\/2017\/06\/midyr-ordination600.png","datePublished":"2015-05-14T04:00:00+00:00","author":{"@id":"https:\/\/interamerica.org\/fr\/#\/schema\/person\/68ede8bdc292885bb76c1e3810e73c39"},"breadcrumb":{"@id":"https:\/\/interamerica.org\/fr\/2015\/05\/les-leaders-de-leglise-se-penchent-sur-la-question-de-la-consecration-des-femmes-sur-la-croissance-et-votent-egalement-certaines-initiatives\/#breadcrumb"},"inLanguage":"fr-FR","potentialAction":[{"@type":"ReadAction","target":["https:\/\/interamerica.org\/fr\/2015\/05\/les-leaders-de-leglise-se-penchent-sur-la-question-de-la-consecration-des-femmes-sur-la-croissance-et-votent-egalement-certaines-initiatives\/"]}]},{"@type":"ImageObject","inLanguage":"fr-FR","@id":"https:\/\/interamerica.org\/fr\/2015\/05\/les-leaders-de-leglise-se-penchent-sur-la-question-de-la-consecration-des-femmes-sur-la-croissance-et-votent-egalement-certaines-initiatives\/#primaryimage","url":"https:\/\/interamerica.org\/wp-content\/uploads\/2017\/06\/midyr-ordination600.png","contentUrl":"https:\/\/interamerica.org\/wp-content\/uploads\/2017\/06\/midyr-ordination600.png","width":566,"height":398},{"@type":"BreadcrumbList","@id":"https:\/\/interamerica.org\/fr\/2015\/05\/les-leaders-de-leglise-se-penchent-sur-la-question-de-la-consecration-des-femmes-sur-la-croissance-et-votent-egalement-certaines-initiatives\/#breadcrumb","itemListElement":[{"@type":"ListItem","position":1,"name":"Home","item":"https:\/\/interamerica.org\/fr\/"},{"@type":"ListItem","position":2,"name":"Les leaders de l\u2019\u00e9glise se penchent sur la question de la cons\u00e9cration des femmes, sur la croissance et votent \u00e9galement certaines initiatives."}]},{"@type":"WebSite","@id":"https:\/\/interamerica.org\/fr\/#website","url":"https:\/\/interamerica.org\/fr\/","name":"\u00c9glise Adventiste Du Septieme Jour - Inter Am\u00e9rique Division","description":"","potentialAction":[{"@type":"SearchAction","target":{"@type":"EntryPoint","urlTemplate":"https:\/\/interamerica.org\/fr\/?s={search_term_string}"},"query-input":{"@type":"PropertyValueSpecification","valueRequired":true,"valueName":"search_term_string"}}],"inLanguage":"fr-FR"},{"@type":"Person","@id":"https:\/\/interamerica.org\/fr\/#\/schema\/person\/68ede8bdc292885bb76c1e3810e73c39","name":"Lorenzo Verduzco","image":{"@type":"ImageObject","inLanguage":"fr-FR","@id":"https:\/\/secure.gravatar.com\/avatar\/fb81a55b6218459490a9c1dc841a34909185b81904c5337b4b27f7a6fd60c49e?s=96&d=mm&r=g","url":"https:\/\/secure.gravatar.com\/avatar\/fb81a55b6218459490a9c1dc841a34909185b81904c5337b4b27f7a6fd60c49e?s=96&d=mm&r=g","contentUrl":"https:\/\/secure.gravatar.com\/avatar\/fb81a55b6218459490a9c1dc841a34909185b81904c5337b4b27f7a6fd60c49e?s=96&d=mm&r=g","caption":"Lorenzo Verduzco"}}]}},"_links":{"self":[{"href":"https:\/\/interamerica.org\/fr\/wp-json\/wp\/v2\/posts\/32272","targetHints":{"allow":["GET"]}}],"collection":[{"href":"https:\/\/interamerica.org\/fr\/wp-json\/wp\/v2\/posts"}],"about":[{"href":"https:\/\/interamerica.org\/fr\/wp-json\/wp\/v2\/types\/post"}],"author":[{"embeddable":true,"href":"https:\/\/interamerica.org\/fr\/wp-json\/wp\/v2\/users\/1"}],"replies":[{"embeddable":true,"href":"https:\/\/interamerica.org\/fr\/wp-json\/wp\/v2\/comments?post=32272"}],"version-history":[{"count":0,"href":"https:\/\/interamerica.org\/fr\/wp-json\/wp\/v2\/posts\/32272\/revisions"}],"wp:featuredmedia":[{"embeddable":true,"href":"https:\/\/interamerica.org\/fr\/wp-json\/wp\/v2\/media\/25328"}],"wp:attachment":[{"href":"https:\/\/interamerica.org\/fr\/wp-json\/wp\/v2\/media?parent=32272"}],"wp:term":[{"taxonomy":"category","embeddable":true,"href":"https:\/\/interamerica.org\/fr\/wp-json\/wp\/v2\/categories?post=32272"},{"taxonomy":"post_tag","embeddable":true,"href":"https:\/\/interamerica.org\/fr\/wp-json\/wp\/v2\/tags?post=32272"}],"curies":[{"name":"wp","href":"https:\/\/api.w.org\/{rel}","templated":true}]}}