{"id":32273,"date":"2015-05-15T00:00:00","date_gmt":"2015-05-15T04:00:00","guid":{"rendered":"http:\/\/192.81.217.108\/interamerica\/2015\/05\/les-membres-deglise-en-inter-amerique-sont-parmi-les-plus-genereux-dans-le-monde\/"},"modified":"2015-05-15T00:00:00","modified_gmt":"2015-05-15T04:00:00","slug":"les-membres-deglise-en-inter-amerique-sont-parmi-les-plus-genereux-dans-le-monde","status":"publish","type":"post","link":"https:\/\/interamerica.org\/fr\/2015\/05\/les-membres-deglise-en-inter-amerique-sont-parmi-les-plus-genereux-dans-le-monde\/","title":{"rendered":"Les membres d\u2019\u00e9glise en Inter Am\u00e9rique sont parmi les plus g\u00e9n\u00e9reux dans le monde"},"content":{"rendered":"<p>15 Mai 2015 \u2013 Miami, Floride, Etats Unis \u2013 Libna Stevens\/DIA<\/p>\n<div id=\"attachment_16973\" style=\"width: 330px\" class=\"wp-caption alignleft\"><a href=\"\/interamerica\/wp-content\/uploads\/2017\/06\/FilibertoVerduzco400.png\" rel=\"fancybox\" title=\"Les membres d\u2019\u00e9glise en Inter Am\u00e9rique sont parmi les plus g\u00e9n\u00e9reux dans le monde\"><img fetchpriority=\"high\" decoding=\"async\" aria-describedby=\"caption-attachment-16973\" class=\" wp-image-16973 \" src=\"\/interamerica\/wp-content\/uploads\/2017\/06\/FilibertoVerduzco400.png\" alt=\"\" width=\"320\" height=\"237\" \/><\/a><p id=\"caption-attachment-16973\" class=\"wp-caption-text\">Le tr\u00e9sorier de la DIA Filiberto Verduzco se r\u00e9jouit de la g\u00e9n\u00e9rosit\u00e9 des membres d\u2019\u00e9glise \u00e0 travers le territoire de la Division Inter Am\u00e9ricaine lors de la pr\u00e9sentation de son rapport financier le 14 mai, durant la troisi\u00e8me journ\u00e9e de rencontres du comit\u00e9 ex\u00e9cutif qui se d\u00e9roule \u00e0 Miami en Floride. Image de Libna Stevens\/DIA.<\/p><\/div>\n<p>\u00ab Le membre d\u2019\u00e9glise en Inter Am\u00e9rique est deux fois plus g\u00e9n\u00e9reux en moyenne que le membre d\u2019\u00e9glise \u00e0 travers le monde. \u00bb Ce sont l\u00e0 les mots prononc\u00e9s par le tr\u00e9sorier de la Division Inter Am\u00e9ricaine (DIA), Filiberto Verduzco, au d\u00e9but de son rapport financier pr\u00e9sent\u00e9 aux membres du comit\u00e9 ex\u00e9cutif r\u00e9unis \u00e0 l\u2019occasion des rencontres administratives annuelles de l\u2019\u00e9glise qui ont lieu cette semaine \u00e0 Miami en Floride.<\/p>\n<p>\u00ab Je voudrais publiquement remercier le Seigneur de ce qu\u2019Il ait \u00e9t\u00e9 aussi bon envers l\u2019Eglise Adventiste en Inter Am\u00e9rique au cours de cette ann\u00e9e \u00e9coul\u00e9e, \u00bb a dit Filiberto Verduzco. \u00ab Nous n\u2019avons donc rien \u00e0 craindre parce que les \u00e9vidences de Ses b\u00e9n\u00e9dictions sont si fortes, et nous louons Dieu avec cette assurance. \u00bb<\/p>\n<p>Il y a quelques unions de notre territoire o\u00f9 les responsables financiers ont suivi la chose pendant des ann\u00e9es, \u00bb a dit Filiberto Verduzco. On peut citer en exemple le membre d\u2019\u00e9glise en Ha\u00efti dont les offrandes repr\u00e9sentent 11,36 pourcent du montant de sa dime, et cela \u00ab fait de lui ou d\u2019elle, le membre le plus g\u00e9n\u00e9reux de l\u2019Eglise Adventiste mondiale, \u00bb a t-il ajout\u00e9.<\/p>\n<p>Le membre d\u2019\u00e9glise dans l\u2019Union Dominicaine arrive en seconde position avec un montant d\u2019offrandes s\u2019\u00e9levant \u00e0 10,48 pourcent du montant des dimes.<\/p>\n<div id=\"attachment_16977\" style=\"width: 330px\" class=\"wp-caption alignright\"><a href=\"\/interamerica\/wp-content\/uploads\/2017\/06\/TitheGraph400.png\" rel=\"fancybox\" title=\"Les membres d\u2019\u00e9glise en Inter Am\u00e9rique sont parmi les plus g\u00e9n\u00e9reux dans le monde\"><img decoding=\"async\" aria-describedby=\"caption-attachment-16977\" class=\" wp-image-16977 \" src=\"\/interamerica\/wp-content\/uploads\/2017\/06\/TitheGraph400.png\" alt=\"\" width=\"320\" height=\"210\" \/><\/a><p id=\"caption-attachment-16977\" class=\"wp-caption-text\">Graphique montrant le montant des dimes remises \u00e0 l\u2019Eglise Adventiste mondiale en 2014.<\/p><\/div>\n<p>Huit autres unions du Venezuela, du Mexique, du Costa Rica, du Nicaragua et du Salvador donnent des offrandes qui s\u2019\u00e9l\u00e8vent entre 7,64 pourcent et 9,62 pourcent du montant de leurs dimes, a expliqu\u00e9 Filiberto Verduzco. Le montant des offrandes des autres 12 divisions mondiales correspond environ \u00e0 7 pourcent du montant de leurs dimes.<\/p>\n<p>C\u2019est incroyablement g\u00e9n\u00e9reux de la part de nos membres en Inter Am\u00e9rique, \u00bb a ajout\u00e9 fr\u00e8re Verduzco.<\/p>\n<p>Le tr\u00e9sorier a poursuivi en expliquant qu\u2019en 2014, la contribution en dimes de la DIA faite \u00e0 l\u2019\u00e9glise mondiale repr\u00e9sentait 10 pourcent du montant total de dimes r\u00e9colt\u00e9es dans le monde. La contribution en dimes de la Division Nord Am\u00e9ricaine (DNA) repr\u00e9sente 40 pourcent des dimes mondiales et le reste des divisions mondiales ou les divisions non-Nord Am\u00e9ricaines, contribuent pour 60 pourcent du total de dimes collect\u00e9es dans le monde.<\/p>\n<div id=\"attachment_16972\" style=\"width: 330px\" class=\"wp-caption alignleft\"><a href=\"\/interamerica\/wp-content\/uploads\/2017\/06\/IvelisseHerrera400.png\" rel=\"fancybox\" title=\"Les membres d\u2019\u00e9glise en Inter Am\u00e9rique sont parmi les plus g\u00e9n\u00e9reux dans le monde\"><img decoding=\"async\" aria-describedby=\"caption-attachment-16972\" class=\" wp-image-16972 \" src=\"\/interamerica\/wp-content\/uploads\/2017\/06\/IvelisseHerrera400.png\" alt=\"\" width=\"320\" height=\"205\" \/><\/a><p id=\"caption-attachment-16972\" class=\"wp-caption-text\">Ivelisse Herrera, sous-tr\u00e9sori\u00e8re de la DIA pr\u00e9sente les chiffres durant le rapport financier.<\/p><\/div>\n<p>\u00ab Cela vous montre simplement \u00e0 quel point l\u2019\u00e9glise en Inter Am\u00e9rique est engag\u00e9e dans le domaine financier, \u00bb a dit Filiberto Verduzco. \u00ab Nous avons une \u00e9glise g\u00e9n\u00e9reuse et d\u00e9termin\u00e9e \u00e0 r\u00e9aliser la mission de l\u2019\u00e9glise, pas seulement au niveau local mais dans le contexte d\u2019une \u00e9glise mondiale. C\u2019est la raison pour laquelle je crois que le Seigneur b\u00e9nit. \u00bb<\/p>\n<p>Les b\u00e9n\u00e9dictions \u00e9clipsent le fait que la plupart des devises dans le territoire sont des devises faibles, seules quelques unes sont fortes. Filiberto Verduzco a rapport\u00e9 qu\u2019au cours des cinq derni\u00e8res ann\u00e9es, les devises se sont profond\u00e9ment affaiblies, cependant on peut constater une augmentation des dimes, mais la diminution se voit lorsqu\u2019on consid\u00e8re les chiffres annuellement.<\/p>\n<p>Dans son rapport, Filiberto Verduzco a indiqu\u00e9 que 72 pourcent du budget de fonctionnement provient de devises faibles et 28 pourcent de devises stables. Les devises du Mexique, de la Jama\u00efque, de la Colombie, de la R\u00e9publique Dominicaine, du Venezuela et d\u2019Ha\u00efti repr\u00e9sentent 54 pourcent du budget de fonctionnement. \u00ab Cela a amen\u00e9 des d\u00e9fis mais Dieu continue de nous accompagner. \u00bb<\/p>\n<p>En d\u00e9cembre 2014, le fond de roulement \u00e9tait de 217 pourcent et les liquidit\u00e9s \u00e9taient \u00e0 232 pourcent.<\/p>\n<p><span style=\"font-size: medium;\"><strong>Financement Hope Channel Inter Am\u00e9rique<\/strong><\/span><br \/>\nLe plan financier et les fonds n\u00e9cessaires au fonctionnement des trois nouvelles chaines de t\u00e9l\u00e9vision qui composent Hope Channel Inter Am\u00e9rique, ont \u00e9galement \u00e9t\u00e9 pr\u00e9sent\u00e9s aux membres du comit\u00e9 ex\u00e9cutif ; c\u2019est une entreprise qui coutera environ 7 millions de dollars au cours des cinq prochaines ann\u00e9es.<\/p>\n<p>Les leaders ont pris un vote pour demander des fonds sp\u00e9cifiques \u00e0 la Conf\u00e9rence G\u00e9n\u00e9rale pour financer une partie des d\u00e9penses parmi lesquelles on trouve la connexion satellitaire, l\u2019\u00e9quipement et le mat\u00e9riel.<\/p>\n<div id=\"attachment_16974\" style=\"width: 330px\" class=\"wp-caption alignleft\"><a href=\"\/interamerica\/wp-content\/uploads\/2017\/06\/GuillermoGonzalez400.png\" rel=\"fancybox\" title=\"Les membres d\u2019\u00e9glise en Inter Am\u00e9rique sont parmi les plus g\u00e9n\u00e9reux dans le monde\"><img loading=\"lazy\" decoding=\"async\" aria-describedby=\"caption-attachment-16974\" class=\" wp-image-16974 \" src=\"\/interamerica\/wp-content\/uploads\/2017\/06\/GuillermoGonzalez400.png\" alt=\"\" width=\"320\" height=\"214\" \/><\/a><p id=\"caption-attachment-16974\" class=\"wp-caption-text\">Le tr\u00e9sorier adjoint de la DIA, Guillermo Gonzalez, pr\u00e9sente le nouveau logiciel de v\u00e9rification qui doit \u00eatre mis en place dans 390 organisations et 12100 \u00e9glises \u00e0 travers le territoire.<\/p><\/div>\n<p><strong>C<span style=\"font-size: medium;\">Le d\u00e9fi pos\u00e9 par la v\u00e9rification des organisations<\/span><\/strong><br \/>\nLes membres du comit\u00e9 ont pu d\u00e9couvrir un nouveau plan pour les v\u00e9rifications financi\u00e8res, ou inspections financi\u00e8res, pour les 390 organisations et les 12100 \u00e9glises qui ne font pas l\u2019objet d\u2019une v\u00e9rification par le Syst\u00e8me de V\u00e9rification de la Conf\u00e9rence G\u00e9n\u00e9rale (GCAS). Seules 189 organisations sont v\u00e9rifi\u00e9es par la GCAS, a indiqu\u00e9 Guillermo Gonzalez, tr\u00e9sorier adjoint de la DIA.<\/p>\n<p>Un nouveau logiciel en ligne sera mis en place dans les organisations qui doivent faire l\u2019objet d\u2019une v\u00e9rification par la DIA ; il sollicitera tous les v\u00e9rificateurs locaux qui devront \u00e0 leur tour r\u00e9pondre \u00e0 un v\u00e9rificateur g\u00e9n\u00e9ral.<\/p>\n<p>\u00ab Le d\u00e9fi est \u00e9norme, mais il nous faut avoir un tel syst\u00e8me en place afin de pouvoir mieux g\u00e9rer le syst\u00e8me financier de la division, \u00bb a ajout\u00e9 Guillermo Gonzalez. Le syst\u00e8me devrait \u00eatre mis en place cette ann\u00e9e dans tout le territoire.<\/p>\n<p><span style=\"font-size: medium;\"><strong>Arrangement Financier au Mexique<\/strong><\/span><br \/>\nParmi les d\u00e9fis au niveau l\u00e9gal et fiscal rencontr\u00e9s dans certains pays de la DIA, le Mexique s\u2019est av\u00e9r\u00e9 \u00eatre le plus grand d\u00e9fi, a dit pasteur Isra\u00ebl Leito, pr\u00e9sident de la DIA, alors qu\u2019il s\u2019adressait \u00e0 plus de 100 membres du comit\u00e9 ex\u00e9cutif.<\/p>\n<p>Nous avons d\u00fb cr\u00e9er un syst\u00e8me pour la gestion financi\u00e8re des fonds de l\u2019\u00e9glise pour les cinq unions du Mexique, \u00bb a ajout\u00e9 pasteur Leito. Le bureau \u00e9tabli \u00e0 Mexico sera une sorte d\u2019extension de la Division pour ce qui est des questions financi\u00e8res.<\/p>\n<p>Florencio Suarez, d\u00e9sign\u00e9 pour \u00eatre \u00e0 la t\u00eate de ce bureau il y a six mois de cela, aidera au d\u00e9veloppement et \u00e0 la mise en place de solutions pour mieux g\u00e9rer les finances au Mexique.<\/p>\n<p><span style=\"font-size: medium;\"><strong>Offrande du 13\u00e8me Sabbat<\/strong><\/span><br \/>\nLes leaders ont choisi par vote les trois unions qui recevront l\u2019Offrande du13\u00e8me Sabbat en 2018 : l\u2019Universit\u00e9 Adventiste des Antilles dans l\u2019Union Portoricaine pour la construction de leur \u00e9glise, l\u2019Universit\u00e9 du Sud de la Cara\u00efbe \u00e0 Trinidad pour la construction de l\u2019\u00e9glise du campus, et l\u2019H\u00f4pital Adventiste du Sud-est dans l\u2019Union Mexicaine du Sud-est pour la modernisation de l\u2019\u00e9tablissement hospitalier.<\/p>\n<p>Les leaders ont \u00e9galement vot\u00e9 la possibilit\u00e9 de d\u00e9cider de voter sur des projets sp\u00e9cifiques pour les fonds de la prochaine offrande du 13\u00e8me Sabbat soumis par les unions de la DIA.<\/p>\n<p>\u00ab Nous \u00e9valuerons l\u2019importance des projets soumis et nous ferons les choix par projet et non en \u00e9tablissant une s\u00e9quence d\u2019unions, \u00bb a dit pasteur Leito.<\/p>\n<p>De plus, les leaders de l\u2019\u00e9glise ont re\u00e7u les derni\u00e8res informations sur le changement intervenant au niveau du plan de protection des employ\u00e9s, et aussi sur les avanc\u00e9es technologiques pour la division y compris la strat\u00e9gie mise en place pour la cyber s\u00e9curit\u00e9, ainsi que sur l\u2019investissement dans la vid\u00e9oconf\u00e9rence et le syst\u00e8me t\u00e9l\u00e9phonique utilis\u00e9 dans tout le territoire.<\/p>\n<p>Pour en savoir plus sur la Division Inter Am\u00e9ricaine, visitez notre site \u00e0 l\u2019adresse <a href=\"https:\/\/recursing-golick.147-182-135-0.plesk.page\">interamerica.org<\/a><\/p>\n<p>Pour voir une galerie de photos, cliquez <a href=\"https:\/\/www.flickr.com\/photos\/interamerica\/17495664178\/in\/dateposted-public\/\">ICI<\/a><\/p>\n<p>Traduction: Patrick Luciathe<\/p>\n","protected":false},"excerpt":{"rendered":"<p>\u00ab Le membre d\u2019\u00e9glise en Inter Am\u00e9rique est deux fois plus g\u00e9n\u00e9reux en moyenne que le membre d\u2019\u00e9glise \u00e0 travers le monde. \u00bb Ce sont l\u00e0 les mots prononc\u00e9s par le tr\u00e9sorier de la Division Inter Am\u00e9ricaine (DIA), Filiberto Verduzco, au d\u00e9but de son rapport financier pr\u00e9sent\u00e9 aux membres du comit\u00e9 ex\u00e9cutif r\u00e9unis \u00e0 l\u2019occasion des rencontres administratives annuelles de l\u2019\u00e9glise qui ont lieu cette semaine \u00e0 Miami en Floride.<\/p>\n","protected":false},"author":1,"featured_media":25347,"comment_status":"closed","ping_status":"closed","sticky":false,"template":"","format":"standard","meta":{"_acf_changed":false,"footnotes":""},"categories":[20,19],"tags":[],"class_list":["post-32273","post","type-post","status-publish","format-standard","has-post-thumbnail","hentry","category-nouvelles-du-siege-de-la-division","category-rss-francais"],"acf":[],"yoast_head":"<!-- This site is optimized with the Yoast SEO plugin v27.3 - https:\/\/yoast.com\/product\/yoast-seo-wordpress\/ -->\n<title>Les membres d\u2019\u00e9glise en Inter Am\u00e9rique sont parmi les plus g\u00e9n\u00e9reux dans le monde - \u00c9glise Adventiste Du Septieme Jour - Inter Am\u00e9rique Division<\/title>\n<meta name=\"robots\" content=\"index, follow, max-snippet:-1, max-image-preview:large, max-video-preview:-1\" \/>\n<link rel=\"canonical\" href=\"https:\/\/interamerica.org\/fr\/2015\/05\/les-membres-deglise-en-inter-amerique-sont-parmi-les-plus-genereux-dans-le-monde\/\" \/>\n<meta property=\"og:locale\" content=\"fr_FR\" \/>\n<meta property=\"og:type\" content=\"article\" \/>\n<meta property=\"og:title\" content=\"Les membres d\u2019\u00e9glise en Inter Am\u00e9rique sont parmi les plus g\u00e9n\u00e9reux dans le monde - \u00c9glise Adventiste Du Septieme Jour - Inter Am\u00e9rique Division\" \/>\n<meta property=\"og:description\" content=\"\u00ab Le membre d\u2019\u00e9glise en Inter Am\u00e9rique est deux fois plus g\u00e9n\u00e9reux en moyenne que le membre d\u2019\u00e9glise \u00e0 travers le monde. \u00bb Ce sont l\u00e0 les mots prononc\u00e9s par le tr\u00e9sorier de la Division Inter Am\u00e9ricaine (DIA), Filiberto Verduzco, au d\u00e9but de son rapport financier pr\u00e9sent\u00e9 aux membres du comit\u00e9 ex\u00e9cutif r\u00e9unis \u00e0 l\u2019occasion des rencontres administratives annuelles de l\u2019\u00e9glise qui ont lieu cette semaine \u00e0 Miami en Floride.\" \/>\n<meta property=\"og:url\" content=\"https:\/\/interamerica.org\/fr\/2015\/05\/les-membres-deglise-en-inter-amerique-sont-parmi-les-plus-genereux-dans-le-monde\/\" \/>\n<meta property=\"og:site_name\" content=\"\u00c9glise Adventiste Du Septieme Jour - Inter Am\u00e9rique Division\" \/>\n<meta property=\"article:published_time\" content=\"2015-05-15T04:00:00+00:00\" \/>\n<meta property=\"og:image\" content=\"https:\/\/interamerica.org\/wp-content\/uploads\/2017\/06\/FilibertoVerduzco400.png\" \/>\n\t<meta property=\"og:image:width\" content=\"400\" \/>\n\t<meta property=\"og:image:height\" content=\"296\" \/>\n\t<meta property=\"og:image:type\" content=\"image\/png\" \/>\n<meta name=\"author\" content=\"Lorenzo Verduzco\" \/>\n<meta name=\"twitter:card\" content=\"summary_large_image\" \/>\n<meta name=\"twitter:label1\" content=\"\u00c9crit par\" \/>\n\t<meta name=\"twitter:data1\" content=\"Lorenzo Verduzco\" \/>\n\t<meta name=\"twitter:label2\" content=\"Dur\u00e9e de lecture estim\u00e9e\" \/>\n\t<meta name=\"twitter:data2\" content=\"7 minutes\" \/>\n<script type=\"application\/ld+json\" class=\"yoast-schema-graph\">{\"@context\":\"https:\\\/\\\/schema.org\",\"@graph\":[{\"@type\":\"Article\",\"@id\":\"https:\\\/\\\/interamerica.org\\\/fr\\\/2015\\\/05\\\/les-membres-deglise-en-inter-amerique-sont-parmi-les-plus-genereux-dans-le-monde\\\/#article\",\"isPartOf\":{\"@id\":\"https:\\\/\\\/interamerica.org\\\/fr\\\/2015\\\/05\\\/les-membres-deglise-en-inter-amerique-sont-parmi-les-plus-genereux-dans-le-monde\\\/\"},\"author\":{\"name\":\"Lorenzo Verduzco\",\"@id\":\"https:\\\/\\\/interamerica.org\\\/fr\\\/#\\\/schema\\\/person\\\/68ede8bdc292885bb76c1e3810e73c39\"},\"headline\":\"Les membres d\u2019\u00e9glise en Inter Am\u00e9rique sont parmi les plus g\u00e9n\u00e9reux dans le monde\",\"datePublished\":\"2015-05-15T04:00:00+00:00\",\"mainEntityOfPage\":{\"@id\":\"https:\\\/\\\/interamerica.org\\\/fr\\\/2015\\\/05\\\/les-membres-deglise-en-inter-amerique-sont-parmi-les-plus-genereux-dans-le-monde\\\/\"},\"wordCount\":1412,\"image\":{\"@id\":\"https:\\\/\\\/interamerica.org\\\/fr\\\/2015\\\/05\\\/les-membres-deglise-en-inter-amerique-sont-parmi-les-plus-genereux-dans-le-monde\\\/#primaryimage\"},\"thumbnailUrl\":\"https:\\\/\\\/interamerica.org\\\/wp-content\\\/uploads\\\/2017\\\/06\\\/FilibertoVerduzco400.png\",\"articleSection\":[\"Nouvelles du si\u00e8ge de la division\",\"RSS Fran\u00e7ais\"],\"inLanguage\":\"fr-FR\"},{\"@type\":\"WebPage\",\"@id\":\"https:\\\/\\\/interamerica.org\\\/fr\\\/2015\\\/05\\\/les-membres-deglise-en-inter-amerique-sont-parmi-les-plus-genereux-dans-le-monde\\\/\",\"url\":\"https:\\\/\\\/interamerica.org\\\/fr\\\/2015\\\/05\\\/les-membres-deglise-en-inter-amerique-sont-parmi-les-plus-genereux-dans-le-monde\\\/\",\"name\":\"Les membres d\u2019\u00e9glise en Inter Am\u00e9rique sont parmi les plus g\u00e9n\u00e9reux dans le monde - \u00c9glise Adventiste Du Septieme Jour - Inter Am\u00e9rique Division\",\"isPartOf\":{\"@id\":\"https:\\\/\\\/interamerica.org\\\/fr\\\/#website\"},\"primaryImageOfPage\":{\"@id\":\"https:\\\/\\\/interamerica.org\\\/fr\\\/2015\\\/05\\\/les-membres-deglise-en-inter-amerique-sont-parmi-les-plus-genereux-dans-le-monde\\\/#primaryimage\"},\"image\":{\"@id\":\"https:\\\/\\\/interamerica.org\\\/fr\\\/2015\\\/05\\\/les-membres-deglise-en-inter-amerique-sont-parmi-les-plus-genereux-dans-le-monde\\\/#primaryimage\"},\"thumbnailUrl\":\"https:\\\/\\\/interamerica.org\\\/wp-content\\\/uploads\\\/2017\\\/06\\\/FilibertoVerduzco400.png\",\"datePublished\":\"2015-05-15T04:00:00+00:00\",\"author\":{\"@id\":\"https:\\\/\\\/interamerica.org\\\/fr\\\/#\\\/schema\\\/person\\\/68ede8bdc292885bb76c1e3810e73c39\"},\"breadcrumb\":{\"@id\":\"https:\\\/\\\/interamerica.org\\\/fr\\\/2015\\\/05\\\/les-membres-deglise-en-inter-amerique-sont-parmi-les-plus-genereux-dans-le-monde\\\/#breadcrumb\"},\"inLanguage\":\"fr-FR\",\"potentialAction\":[{\"@type\":\"ReadAction\",\"target\":[\"https:\\\/\\\/interamerica.org\\\/fr\\\/2015\\\/05\\\/les-membres-deglise-en-inter-amerique-sont-parmi-les-plus-genereux-dans-le-monde\\\/\"]}]},{\"@type\":\"ImageObject\",\"inLanguage\":\"fr-FR\",\"@id\":\"https:\\\/\\\/interamerica.org\\\/fr\\\/2015\\\/05\\\/les-membres-deglise-en-inter-amerique-sont-parmi-les-plus-genereux-dans-le-monde\\\/#primaryimage\",\"url\":\"https:\\\/\\\/interamerica.org\\\/wp-content\\\/uploads\\\/2017\\\/06\\\/FilibertoVerduzco400.png\",\"contentUrl\":\"https:\\\/\\\/interamerica.org\\\/wp-content\\\/uploads\\\/2017\\\/06\\\/FilibertoVerduzco400.png\",\"width\":400,\"height\":296},{\"@type\":\"BreadcrumbList\",\"@id\":\"https:\\\/\\\/interamerica.org\\\/fr\\\/2015\\\/05\\\/les-membres-deglise-en-inter-amerique-sont-parmi-les-plus-genereux-dans-le-monde\\\/#breadcrumb\",\"itemListElement\":[{\"@type\":\"ListItem\",\"position\":1,\"name\":\"Home\",\"item\":\"https:\\\/\\\/interamerica.org\\\/fr\\\/\"},{\"@type\":\"ListItem\",\"position\":2,\"name\":\"Les membres d\u2019\u00e9glise en Inter Am\u00e9rique sont parmi les plus g\u00e9n\u00e9reux dans le monde\"}]},{\"@type\":\"WebSite\",\"@id\":\"https:\\\/\\\/interamerica.org\\\/fr\\\/#website\",\"url\":\"https:\\\/\\\/interamerica.org\\\/fr\\\/\",\"name\":\"\u00c9glise Adventiste Du Septieme Jour - Inter Am\u00e9rique Division\",\"description\":\"\",\"potentialAction\":[{\"@type\":\"SearchAction\",\"target\":{\"@type\":\"EntryPoint\",\"urlTemplate\":\"https:\\\/\\\/interamerica.org\\\/fr\\\/?s={search_term_string}\"},\"query-input\":{\"@type\":\"PropertyValueSpecification\",\"valueRequired\":true,\"valueName\":\"search_term_string\"}}],\"inLanguage\":\"fr-FR\"},{\"@type\":\"Person\",\"@id\":\"https:\\\/\\\/interamerica.org\\\/fr\\\/#\\\/schema\\\/person\\\/68ede8bdc292885bb76c1e3810e73c39\",\"name\":\"Lorenzo Verduzco\",\"image\":{\"@type\":\"ImageObject\",\"inLanguage\":\"fr-FR\",\"@id\":\"https:\\\/\\\/secure.gravatar.com\\\/avatar\\\/fb81a55b6218459490a9c1dc841a34909185b81904c5337b4b27f7a6fd60c49e?s=96&d=mm&r=g\",\"url\":\"https:\\\/\\\/secure.gravatar.com\\\/avatar\\\/fb81a55b6218459490a9c1dc841a34909185b81904c5337b4b27f7a6fd60c49e?s=96&d=mm&r=g\",\"contentUrl\":\"https:\\\/\\\/secure.gravatar.com\\\/avatar\\\/fb81a55b6218459490a9c1dc841a34909185b81904c5337b4b27f7a6fd60c49e?s=96&d=mm&r=g\",\"caption\":\"Lorenzo Verduzco\"}}]}<\/script>\n<!-- \/ Yoast SEO plugin. -->","yoast_head_json":{"title":"Les membres d\u2019\u00e9glise en Inter Am\u00e9rique sont parmi les plus g\u00e9n\u00e9reux dans le monde - \u00c9glise Adventiste Du Septieme Jour - Inter Am\u00e9rique Division","robots":{"index":"index","follow":"follow","max-snippet":"max-snippet:-1","max-image-preview":"max-image-preview:large","max-video-preview":"max-video-preview:-1"},"canonical":"https:\/\/interamerica.org\/fr\/2015\/05\/les-membres-deglise-en-inter-amerique-sont-parmi-les-plus-genereux-dans-le-monde\/","og_locale":"fr_FR","og_type":"article","og_title":"Les membres d\u2019\u00e9glise en Inter Am\u00e9rique sont parmi les plus g\u00e9n\u00e9reux dans le monde - \u00c9glise Adventiste Du Septieme Jour - Inter Am\u00e9rique Division","og_description":"\u00ab Le membre d\u2019\u00e9glise en Inter Am\u00e9rique est deux fois plus g\u00e9n\u00e9reux en moyenne que le membre d\u2019\u00e9glise \u00e0 travers le monde. \u00bb Ce sont l\u00e0 les mots prononc\u00e9s par le tr\u00e9sorier de la Division Inter Am\u00e9ricaine (DIA), Filiberto Verduzco, au d\u00e9but de son rapport financier pr\u00e9sent\u00e9 aux membres du comit\u00e9 ex\u00e9cutif r\u00e9unis \u00e0 l\u2019occasion des rencontres administratives annuelles de l\u2019\u00e9glise qui ont lieu cette semaine \u00e0 Miami en Floride.","og_url":"https:\/\/interamerica.org\/fr\/2015\/05\/les-membres-deglise-en-inter-amerique-sont-parmi-les-plus-genereux-dans-le-monde\/","og_site_name":"\u00c9glise Adventiste Du Septieme Jour - Inter Am\u00e9rique Division","article_published_time":"2015-05-15T04:00:00+00:00","og_image":[{"width":400,"height":296,"url":"https:\/\/interamerica.org\/wp-content\/uploads\/2017\/06\/FilibertoVerduzco400.png","type":"image\/png"}],"author":"Lorenzo Verduzco","twitter_card":"summary_large_image","twitter_misc":{"\u00c9crit par":"Lorenzo Verduzco","Dur\u00e9e de lecture estim\u00e9e":"7 minutes"},"schema":{"@context":"https:\/\/schema.org","@graph":[{"@type":"Article","@id":"https:\/\/interamerica.org\/fr\/2015\/05\/les-membres-deglise-en-inter-amerique-sont-parmi-les-plus-genereux-dans-le-monde\/#article","isPartOf":{"@id":"https:\/\/interamerica.org\/fr\/2015\/05\/les-membres-deglise-en-inter-amerique-sont-parmi-les-plus-genereux-dans-le-monde\/"},"author":{"name":"Lorenzo Verduzco","@id":"https:\/\/interamerica.org\/fr\/#\/schema\/person\/68ede8bdc292885bb76c1e3810e73c39"},"headline":"Les membres d\u2019\u00e9glise en Inter Am\u00e9rique sont parmi les plus g\u00e9n\u00e9reux dans le monde","datePublished":"2015-05-15T04:00:00+00:00","mainEntityOfPage":{"@id":"https:\/\/interamerica.org\/fr\/2015\/05\/les-membres-deglise-en-inter-amerique-sont-parmi-les-plus-genereux-dans-le-monde\/"},"wordCount":1412,"image":{"@id":"https:\/\/interamerica.org\/fr\/2015\/05\/les-membres-deglise-en-inter-amerique-sont-parmi-les-plus-genereux-dans-le-monde\/#primaryimage"},"thumbnailUrl":"https:\/\/interamerica.org\/wp-content\/uploads\/2017\/06\/FilibertoVerduzco400.png","articleSection":["Nouvelles du si\u00e8ge de la division","RSS Fran\u00e7ais"],"inLanguage":"fr-FR"},{"@type":"WebPage","@id":"https:\/\/interamerica.org\/fr\/2015\/05\/les-membres-deglise-en-inter-amerique-sont-parmi-les-plus-genereux-dans-le-monde\/","url":"https:\/\/interamerica.org\/fr\/2015\/05\/les-membres-deglise-en-inter-amerique-sont-parmi-les-plus-genereux-dans-le-monde\/","name":"Les membres d\u2019\u00e9glise en Inter Am\u00e9rique sont parmi les plus g\u00e9n\u00e9reux dans le monde - \u00c9glise Adventiste Du Septieme Jour - Inter Am\u00e9rique Division","isPartOf":{"@id":"https:\/\/interamerica.org\/fr\/#website"},"primaryImageOfPage":{"@id":"https:\/\/interamerica.org\/fr\/2015\/05\/les-membres-deglise-en-inter-amerique-sont-parmi-les-plus-genereux-dans-le-monde\/#primaryimage"},"image":{"@id":"https:\/\/interamerica.org\/fr\/2015\/05\/les-membres-deglise-en-inter-amerique-sont-parmi-les-plus-genereux-dans-le-monde\/#primaryimage"},"thumbnailUrl":"https:\/\/interamerica.org\/wp-content\/uploads\/2017\/06\/FilibertoVerduzco400.png","datePublished":"2015-05-15T04:00:00+00:00","author":{"@id":"https:\/\/interamerica.org\/fr\/#\/schema\/person\/68ede8bdc292885bb76c1e3810e73c39"},"breadcrumb":{"@id":"https:\/\/interamerica.org\/fr\/2015\/05\/les-membres-deglise-en-inter-amerique-sont-parmi-les-plus-genereux-dans-le-monde\/#breadcrumb"},"inLanguage":"fr-FR","potentialAction":[{"@type":"ReadAction","target":["https:\/\/interamerica.org\/fr\/2015\/05\/les-membres-deglise-en-inter-amerique-sont-parmi-les-plus-genereux-dans-le-monde\/"]}]},{"@type":"ImageObject","inLanguage":"fr-FR","@id":"https:\/\/interamerica.org\/fr\/2015\/05\/les-membres-deglise-en-inter-amerique-sont-parmi-les-plus-genereux-dans-le-monde\/#primaryimage","url":"https:\/\/interamerica.org\/wp-content\/uploads\/2017\/06\/FilibertoVerduzco400.png","contentUrl":"https:\/\/interamerica.org\/wp-content\/uploads\/2017\/06\/FilibertoVerduzco400.png","width":400,"height":296},{"@type":"BreadcrumbList","@id":"https:\/\/interamerica.org\/fr\/2015\/05\/les-membres-deglise-en-inter-amerique-sont-parmi-les-plus-genereux-dans-le-monde\/#breadcrumb","itemListElement":[{"@type":"ListItem","position":1,"name":"Home","item":"https:\/\/interamerica.org\/fr\/"},{"@type":"ListItem","position":2,"name":"Les membres d\u2019\u00e9glise en Inter Am\u00e9rique sont parmi les plus g\u00e9n\u00e9reux dans le monde"}]},{"@type":"WebSite","@id":"https:\/\/interamerica.org\/fr\/#website","url":"https:\/\/interamerica.org\/fr\/","name":"\u00c9glise Adventiste Du Septieme Jour - Inter Am\u00e9rique Division","description":"","potentialAction":[{"@type":"SearchAction","target":{"@type":"EntryPoint","urlTemplate":"https:\/\/interamerica.org\/fr\/?s={search_term_string}"},"query-input":{"@type":"PropertyValueSpecification","valueRequired":true,"valueName":"search_term_string"}}],"inLanguage":"fr-FR"},{"@type":"Person","@id":"https:\/\/interamerica.org\/fr\/#\/schema\/person\/68ede8bdc292885bb76c1e3810e73c39","name":"Lorenzo Verduzco","image":{"@type":"ImageObject","inLanguage":"fr-FR","@id":"https:\/\/secure.gravatar.com\/avatar\/fb81a55b6218459490a9c1dc841a34909185b81904c5337b4b27f7a6fd60c49e?s=96&d=mm&r=g","url":"https:\/\/secure.gravatar.com\/avatar\/fb81a55b6218459490a9c1dc841a34909185b81904c5337b4b27f7a6fd60c49e?s=96&d=mm&r=g","contentUrl":"https:\/\/secure.gravatar.com\/avatar\/fb81a55b6218459490a9c1dc841a34909185b81904c5337b4b27f7a6fd60c49e?s=96&d=mm&r=g","caption":"Lorenzo Verduzco"}}]}},"_links":{"self":[{"href":"https:\/\/interamerica.org\/fr\/wp-json\/wp\/v2\/posts\/32273","targetHints":{"allow":["GET"]}}],"collection":[{"href":"https:\/\/interamerica.org\/fr\/wp-json\/wp\/v2\/posts"}],"about":[{"href":"https:\/\/interamerica.org\/fr\/wp-json\/wp\/v2\/types\/post"}],"author":[{"embeddable":true,"href":"https:\/\/interamerica.org\/fr\/wp-json\/wp\/v2\/users\/1"}],"replies":[{"embeddable":true,"href":"https:\/\/interamerica.org\/fr\/wp-json\/wp\/v2\/comments?post=32273"}],"version-history":[{"count":0,"href":"https:\/\/interamerica.org\/fr\/wp-json\/wp\/v2\/posts\/32273\/revisions"}],"wp:featuredmedia":[{"embeddable":true,"href":"https:\/\/interamerica.org\/fr\/wp-json\/wp\/v2\/media\/25347"}],"wp:attachment":[{"href":"https:\/\/interamerica.org\/fr\/wp-json\/wp\/v2\/media?parent=32273"}],"wp:term":[{"taxonomy":"category","embeddable":true,"href":"https:\/\/interamerica.org\/fr\/wp-json\/wp\/v2\/categories?post=32273"},{"taxonomy":"post_tag","embeddable":true,"href":"https:\/\/interamerica.org\/fr\/wp-json\/wp\/v2\/tags?post=32273"}],"curies":[{"name":"wp","href":"https:\/\/api.w.org\/{rel}","templated":true}]}}