{"id":32276,"date":"2015-05-18T00:00:00","date_gmt":"2015-05-18T04:00:00","guid":{"rendered":"http:\/\/192.81.217.108\/interamerica\/2015\/05\/la-frequentation-double-pour-atteindre-pres-de-18000-personnes-aux-reunions-qui-se-tiennent-au-zimbabwe\/"},"modified":"2015-05-18T00:00:00","modified_gmt":"2015-05-18T04:00:00","slug":"la-frequentation-double-pour-atteindre-pres-de-18000-personnes-aux-reunions-qui-se-tiennent-au-zimbabwe","status":"publish","type":"post","link":"https:\/\/interamerica.org\/fr\/2015\/05\/la-frequentation-double-pour-atteindre-pres-de-18000-personnes-aux-reunions-qui-se-tiennent-au-zimbabwe\/","title":{"rendered":"La fr\u00e9quentation double pour atteindre pr\u00e8s de 18000 personnes aux r\u00e9unions qui se tiennent au Zimbabwe"},"content":{"rendered":"<div id=\"attachment_17034\" style=\"width: 710px\" class=\"wp-caption aligncenter\"><a href=\"\/interamerica\/wp-content\/uploads\/2017\/06\/Zimbabwe-Adventist-May18-1.jpg\" rel=\"fancybox\" title=\"La fr\u00e9quentation double pour atteindre pr\u00e8s de 18000 personnes aux r\u00e9unions qui se tiennent au Zimbabwe\"><img fetchpriority=\"high\" decoding=\"async\" aria-describedby=\"caption-attachment-17034\" class=\" wp-image-17034 \" src=\"\/interamerica\/wp-content\/uploads\/2017\/06\/Zimbabwe-Adventist-May18-1.jpg\" alt=\"\" width=\"700\" height=\"350\" \/><\/a><p id=\"caption-attachment-17034\" class=\"wp-caption-text\">Quelques 18000 personnes assistant \u00e0 une campagne d\u2019\u00e9vang\u00e9lisation \u00e0 Chitungwiza au Zimbabwe le 18 mai. Image de Ted N.C. Wilson\/AR<\/p><\/div>\n<p>18 Mai 2015 \u2013 Harare, Zimbabwe \u2013 Andrew McChesney, r\u00e9dacteur, Adventist Review<\/p>\n<p>Une campagne d\u2019\u00e9vang\u00e9lisation majeure qui se tient au Zimbabwe a pris de l\u2019ampleur lundi lors de la seconde journ\u00e9e, avec une fr\u00e9quentation qui a \u00e9t\u00e9 quasiment multipli\u00e9e par deux, par rapport au soir d\u2019ouverture, pour atteindre environ 18000 personnes pr\u00e9sentes au site principal de rencontres \u00e0 l\u2019ext\u00e9rieur de la capitale Harare.<\/p>\n<p>Des rencontres d\u2019\u00e9vang\u00e9lisation qui dureront deux semaines et dont le th\u00e8me est \u00ab R\u00e9v\u00e9lation d\u2019Esp\u00e9rance, \u00bb se tiennent sur 87 sites r\u00e9partis dans 17 villes \u00e0 travers le pays apr\u00e8s des mois de pr\u00e9paration avec 5000 petits groupes d\u2019\u00e9tude biblique et des classes de l\u2019Esprit de Proph\u00e9tie.<\/p>\n<p>Environ 30000 personnes devraient \u00eatre baptis\u00e9es lors du sabbat de cl\u00f4ture, le 30 mai.<\/p>\n<p>Une foule importante de 18000 personnes \u00e9tait pr\u00e9sente lundi soir pour la rencontre principale dirig\u00e9e par le leader de l\u2019Eglise Adventiste, Ted N.C. Wilson, dans un immense champ \u00e0 Chitungwiza, une ville situ\u00e9e \u00e0 environ 30 minutes en voiture au sud de Harare.<\/p>\n<div id=\"attachment_17035\" style=\"width: 410px\" class=\"wp-caption alignright\"><a href=\"\/interamerica\/wp-content\/uploads\/2017\/06\/Zimbabwe-Adventist-May18-2-2.jpg\" rel=\"fancybox\" title=\"La fr\u00e9quentation double pour atteindre pr\u00e8s de 18000 personnes aux r\u00e9unions qui se tiennent au Zimbabwe\"><img decoding=\"async\" aria-describedby=\"caption-attachment-17035\" class=\" wp-image-17035  \" src=\"\/interamerica\/wp-content\/uploads\/2017\/06\/Zimbabwe-Adventist-May18-2-2.jpg\" alt=\"\" width=\"400\" height=\"244\" \/><\/a><p id=\"caption-attachment-17035\" class=\"wp-caption-text\">\u00ab La pr\u00e9sence de l\u2019Esprit de Dieu \u00e9tait tr\u00e8s \u00e9vidente ce soir, \u00bb a d\u00e9clar\u00e9 Ted N.C. Wilson, le leader de l\u2019Eglise Adventiste, en parlant de la rencontre de lundi soir.<\/p><\/div>\n<p>Ted Wilson a parl\u00e9 des signes annon\u00e7ant la prochaine venue de J\u00e9sus \u00e0 partir de Matthieu 24, Luc et Apocalypse, et a achev\u00e9 avec un appel au bapt\u00eame. Environ 200 personnes se sont approch\u00e9es pour demander le bapt\u00eame et ont \u00e9t\u00e9 plac\u00e9es dans des groupes d\u2019\u00e9tude ou seront suivies et visit\u00e9es par des ouvriers bibliques.<\/p>\n<p>\u00ab La pr\u00e9sence de l\u2019Esprit de Dieu \u00e9tait tr\u00e8s \u00e9vidente ce soir. Nous louons Son nom ! \u00bb a dit Ted Wilson. \u00ab C\u2019est une grande joie de pr\u00eacher la Parole et de voir le Saint Esprit toucher les c\u0153urs. \u00bb<\/p>\n<p>Environ 10000 personnes ont assist\u00e9 \u00e0 la rencontre de dimanche, et 60 se sont avanc\u00e9es pour demander le bapt\u00eame.<\/p>\n<p>Bien que les appels au bapt\u00eame n\u2019interviennent pas en g\u00e9n\u00e9ral avant la fin d\u2019une campagne d\u2019\u00e9vang\u00e9lisation, les leaders locaux de l\u2019\u00e9glise ont demand\u00e9 \u00e0 pasteur Wilson et aux autres intervenants de lancer un appel au bapt\u00eame chaque soir parce que plusieurs personnes ont d\u00e9j\u00e0 \u00e9t\u00e9 pr\u00e9par\u00e9es avec des le\u00e7ons de la Voix de la Proph\u00e9tie et par d\u2019autres groupes d\u2019\u00e9tude.<\/p>\n<p>La s\u00e9rie \u00ab R\u00e9v\u00e9lation d\u2019Esp\u00e9rance \u00bb, qui est annonc\u00e9e par des panneaux publicitaires dans tout Harare, a \u00e9t\u00e9 con\u00e7ue par l\u2019\u00e9vang\u00e9liste Mark Finley.<\/p>\n<p>\u00ab Cette s\u00e9rie est vraiment puissante, \u00bb a dit Ted Wilson. \u00ab Dieu est en train de l\u2019utiliser. \u00bb<\/p>\n<p>Traduction: Patrick Luciathe<\/p>\n","protected":false},"excerpt":{"rendered":"<p>Une campagne d\u2019\u00e9vang\u00e9lisation majeure qui se tient au Zimbabwe a pris de l\u2019ampleur lundi lors de la seconde journ\u00e9e, avec une fr\u00e9quentation qui a \u00e9t\u00e9 quasiment multipli\u00e9e par deux, par rapport au soir d\u2019ouverture, pour atteindre environ 18000 personnes pr\u00e9sentes au site principal de rencontres \u00e0 l\u2019ext\u00e9rieur de la capitale Harare.<\/p>\n","protected":false},"author":1,"featured_media":25367,"comment_status":"closed","ping_status":"closed","sticky":false,"template":"","format":"standard","meta":{"_acf_changed":false,"footnotes":""},"categories":[18,19],"tags":[],"class_list":["post-32276","post","type-post","status-publish","format-standard","has-post-thumbnail","hentry","category-nouvelles-de-leglise-mondiale","category-rss-francais"],"acf":[],"yoast_head":"<!-- This site is optimized with the Yoast SEO plugin v27.3 - https:\/\/yoast.com\/product\/yoast-seo-wordpress\/ -->\n<title>La fr\u00e9quentation double pour atteindre pr\u00e8s de 18000 personnes aux r\u00e9unions qui se tiennent au Zimbabwe - \u00c9glise Adventiste Du Septieme Jour - Inter Am\u00e9rique Division<\/title>\n<meta name=\"robots\" content=\"index, follow, max-snippet:-1, max-image-preview:large, max-video-preview:-1\" \/>\n<link rel=\"canonical\" href=\"https:\/\/interamerica.org\/fr\/2015\/05\/la-frequentation-double-pour-atteindre-pres-de-18000-personnes-aux-reunions-qui-se-tiennent-au-zimbabwe\/\" \/>\n<meta property=\"og:locale\" content=\"fr_FR\" \/>\n<meta property=\"og:type\" content=\"article\" \/>\n<meta property=\"og:title\" content=\"La fr\u00e9quentation double pour atteindre pr\u00e8s de 18000 personnes aux r\u00e9unions qui se tiennent au Zimbabwe - \u00c9glise Adventiste Du Septieme Jour - Inter Am\u00e9rique Division\" \/>\n<meta property=\"og:description\" content=\"Une campagne d\u2019\u00e9vang\u00e9lisation majeure qui se tient au Zimbabwe a pris de l\u2019ampleur lundi lors de la seconde journ\u00e9e, avec une fr\u00e9quentation qui a \u00e9t\u00e9 quasiment multipli\u00e9e par deux, par rapport au soir d\u2019ouverture, pour atteindre environ 18000 personnes pr\u00e9sentes au site principal de rencontres \u00e0 l\u2019ext\u00e9rieur de la capitale Harare.\" \/>\n<meta property=\"og:url\" content=\"https:\/\/interamerica.org\/fr\/2015\/05\/la-frequentation-double-pour-atteindre-pres-de-18000-personnes-aux-reunions-qui-se-tiennent-au-zimbabwe\/\" \/>\n<meta property=\"og:site_name\" content=\"\u00c9glise Adventiste Du Septieme Jour - Inter Am\u00e9rique Division\" \/>\n<meta property=\"article:published_time\" content=\"2015-05-18T04:00:00+00:00\" \/>\n<meta property=\"og:image\" content=\"https:\/\/interamerica.org\/wp-content\/uploads\/2017\/06\/Zimbabwe-Adventist-May18-1.jpg\" \/>\n\t<meta property=\"og:image:width\" content=\"1000\" \/>\n\t<meta property=\"og:image:height\" content=\"500\" \/>\n\t<meta property=\"og:image:type\" content=\"image\/jpeg\" \/>\n<meta name=\"author\" content=\"Lorenzo Verduzco\" \/>\n<meta name=\"twitter:card\" content=\"summary_large_image\" \/>\n<meta name=\"twitter:label1\" content=\"\u00c9crit par\" \/>\n\t<meta name=\"twitter:data1\" content=\"Lorenzo Verduzco\" \/>\n\t<meta name=\"twitter:label2\" content=\"Dur\u00e9e de lecture estim\u00e9e\" \/>\n\t<meta name=\"twitter:data2\" content=\"2 minutes\" \/>\n<script type=\"application\/ld+json\" class=\"yoast-schema-graph\">{\"@context\":\"https:\\\/\\\/schema.org\",\"@graph\":[{\"@type\":\"Article\",\"@id\":\"https:\\\/\\\/interamerica.org\\\/fr\\\/2015\\\/05\\\/la-frequentation-double-pour-atteindre-pres-de-18000-personnes-aux-reunions-qui-se-tiennent-au-zimbabwe\\\/#article\",\"isPartOf\":{\"@id\":\"https:\\\/\\\/interamerica.org\\\/fr\\\/2015\\\/05\\\/la-frequentation-double-pour-atteindre-pres-de-18000-personnes-aux-reunions-qui-se-tiennent-au-zimbabwe\\\/\"},\"author\":{\"name\":\"Lorenzo Verduzco\",\"@id\":\"https:\\\/\\\/interamerica.org\\\/fr\\\/#\\\/schema\\\/person\\\/68ede8bdc292885bb76c1e3810e73c39\"},\"headline\":\"La fr\u00e9quentation double pour atteindre pr\u00e8s de 18000 personnes aux r\u00e9unions qui se tiennent au Zimbabwe\",\"datePublished\":\"2015-05-18T04:00:00+00:00\",\"mainEntityOfPage\":{\"@id\":\"https:\\\/\\\/interamerica.org\\\/fr\\\/2015\\\/05\\\/la-frequentation-double-pour-atteindre-pres-de-18000-personnes-aux-reunions-qui-se-tiennent-au-zimbabwe\\\/\"},\"wordCount\":512,\"image\":{\"@id\":\"https:\\\/\\\/interamerica.org\\\/fr\\\/2015\\\/05\\\/la-frequentation-double-pour-atteindre-pres-de-18000-personnes-aux-reunions-qui-se-tiennent-au-zimbabwe\\\/#primaryimage\"},\"thumbnailUrl\":\"https:\\\/\\\/interamerica.org\\\/wp-content\\\/uploads\\\/2017\\\/06\\\/Zimbabwe-Adventist-May18-1.jpg\",\"articleSection\":[\"Nouvelles de l'\u00c9glise mondiale\",\"RSS Fran\u00e7ais\"],\"inLanguage\":\"fr-FR\"},{\"@type\":\"WebPage\",\"@id\":\"https:\\\/\\\/interamerica.org\\\/fr\\\/2015\\\/05\\\/la-frequentation-double-pour-atteindre-pres-de-18000-personnes-aux-reunions-qui-se-tiennent-au-zimbabwe\\\/\",\"url\":\"https:\\\/\\\/interamerica.org\\\/fr\\\/2015\\\/05\\\/la-frequentation-double-pour-atteindre-pres-de-18000-personnes-aux-reunions-qui-se-tiennent-au-zimbabwe\\\/\",\"name\":\"La fr\u00e9quentation double pour atteindre pr\u00e8s de 18000 personnes aux r\u00e9unions qui se tiennent au Zimbabwe - \u00c9glise Adventiste Du Septieme Jour - Inter Am\u00e9rique Division\",\"isPartOf\":{\"@id\":\"https:\\\/\\\/interamerica.org\\\/fr\\\/#website\"},\"primaryImageOfPage\":{\"@id\":\"https:\\\/\\\/interamerica.org\\\/fr\\\/2015\\\/05\\\/la-frequentation-double-pour-atteindre-pres-de-18000-personnes-aux-reunions-qui-se-tiennent-au-zimbabwe\\\/#primaryimage\"},\"image\":{\"@id\":\"https:\\\/\\\/interamerica.org\\\/fr\\\/2015\\\/05\\\/la-frequentation-double-pour-atteindre-pres-de-18000-personnes-aux-reunions-qui-se-tiennent-au-zimbabwe\\\/#primaryimage\"},\"thumbnailUrl\":\"https:\\\/\\\/interamerica.org\\\/wp-content\\\/uploads\\\/2017\\\/06\\\/Zimbabwe-Adventist-May18-1.jpg\",\"datePublished\":\"2015-05-18T04:00:00+00:00\",\"author\":{\"@id\":\"https:\\\/\\\/interamerica.org\\\/fr\\\/#\\\/schema\\\/person\\\/68ede8bdc292885bb76c1e3810e73c39\"},\"breadcrumb\":{\"@id\":\"https:\\\/\\\/interamerica.org\\\/fr\\\/2015\\\/05\\\/la-frequentation-double-pour-atteindre-pres-de-18000-personnes-aux-reunions-qui-se-tiennent-au-zimbabwe\\\/#breadcrumb\"},\"inLanguage\":\"fr-FR\",\"potentialAction\":[{\"@type\":\"ReadAction\",\"target\":[\"https:\\\/\\\/interamerica.org\\\/fr\\\/2015\\\/05\\\/la-frequentation-double-pour-atteindre-pres-de-18000-personnes-aux-reunions-qui-se-tiennent-au-zimbabwe\\\/\"]}]},{\"@type\":\"ImageObject\",\"inLanguage\":\"fr-FR\",\"@id\":\"https:\\\/\\\/interamerica.org\\\/fr\\\/2015\\\/05\\\/la-frequentation-double-pour-atteindre-pres-de-18000-personnes-aux-reunions-qui-se-tiennent-au-zimbabwe\\\/#primaryimage\",\"url\":\"https:\\\/\\\/interamerica.org\\\/wp-content\\\/uploads\\\/2017\\\/06\\\/Zimbabwe-Adventist-May18-1.jpg\",\"contentUrl\":\"https:\\\/\\\/interamerica.org\\\/wp-content\\\/uploads\\\/2017\\\/06\\\/Zimbabwe-Adventist-May18-1.jpg\",\"width\":1000,\"height\":500},{\"@type\":\"BreadcrumbList\",\"@id\":\"https:\\\/\\\/interamerica.org\\\/fr\\\/2015\\\/05\\\/la-frequentation-double-pour-atteindre-pres-de-18000-personnes-aux-reunions-qui-se-tiennent-au-zimbabwe\\\/#breadcrumb\",\"itemListElement\":[{\"@type\":\"ListItem\",\"position\":1,\"name\":\"Home\",\"item\":\"https:\\\/\\\/interamerica.org\\\/fr\\\/\"},{\"@type\":\"ListItem\",\"position\":2,\"name\":\"La fr\u00e9quentation double pour atteindre pr\u00e8s de 18000 personnes aux r\u00e9unions qui se tiennent au Zimbabwe\"}]},{\"@type\":\"WebSite\",\"@id\":\"https:\\\/\\\/interamerica.org\\\/fr\\\/#website\",\"url\":\"https:\\\/\\\/interamerica.org\\\/fr\\\/\",\"name\":\"\u00c9glise Adventiste Du Septieme Jour - Inter Am\u00e9rique Division\",\"description\":\"\",\"potentialAction\":[{\"@type\":\"SearchAction\",\"target\":{\"@type\":\"EntryPoint\",\"urlTemplate\":\"https:\\\/\\\/interamerica.org\\\/fr\\\/?s={search_term_string}\"},\"query-input\":{\"@type\":\"PropertyValueSpecification\",\"valueRequired\":true,\"valueName\":\"search_term_string\"}}],\"inLanguage\":\"fr-FR\"},{\"@type\":\"Person\",\"@id\":\"https:\\\/\\\/interamerica.org\\\/fr\\\/#\\\/schema\\\/person\\\/68ede8bdc292885bb76c1e3810e73c39\",\"name\":\"Lorenzo Verduzco\",\"image\":{\"@type\":\"ImageObject\",\"inLanguage\":\"fr-FR\",\"@id\":\"https:\\\/\\\/secure.gravatar.com\\\/avatar\\\/fb81a55b6218459490a9c1dc841a34909185b81904c5337b4b27f7a6fd60c49e?s=96&d=mm&r=g\",\"url\":\"https:\\\/\\\/secure.gravatar.com\\\/avatar\\\/fb81a55b6218459490a9c1dc841a34909185b81904c5337b4b27f7a6fd60c49e?s=96&d=mm&r=g\",\"contentUrl\":\"https:\\\/\\\/secure.gravatar.com\\\/avatar\\\/fb81a55b6218459490a9c1dc841a34909185b81904c5337b4b27f7a6fd60c49e?s=96&d=mm&r=g\",\"caption\":\"Lorenzo Verduzco\"}}]}<\/script>\n<!-- \/ Yoast SEO plugin. -->","yoast_head_json":{"title":"La fr\u00e9quentation double pour atteindre pr\u00e8s de 18000 personnes aux r\u00e9unions qui se tiennent au Zimbabwe - \u00c9glise Adventiste Du Septieme Jour - Inter Am\u00e9rique Division","robots":{"index":"index","follow":"follow","max-snippet":"max-snippet:-1","max-image-preview":"max-image-preview:large","max-video-preview":"max-video-preview:-1"},"canonical":"https:\/\/interamerica.org\/fr\/2015\/05\/la-frequentation-double-pour-atteindre-pres-de-18000-personnes-aux-reunions-qui-se-tiennent-au-zimbabwe\/","og_locale":"fr_FR","og_type":"article","og_title":"La fr\u00e9quentation double pour atteindre pr\u00e8s de 18000 personnes aux r\u00e9unions qui se tiennent au Zimbabwe - \u00c9glise Adventiste Du Septieme Jour - Inter Am\u00e9rique Division","og_description":"Une campagne d\u2019\u00e9vang\u00e9lisation majeure qui se tient au Zimbabwe a pris de l\u2019ampleur lundi lors de la seconde journ\u00e9e, avec une fr\u00e9quentation qui a \u00e9t\u00e9 quasiment multipli\u00e9e par deux, par rapport au soir d\u2019ouverture, pour atteindre environ 18000 personnes pr\u00e9sentes au site principal de rencontres \u00e0 l\u2019ext\u00e9rieur de la capitale Harare.","og_url":"https:\/\/interamerica.org\/fr\/2015\/05\/la-frequentation-double-pour-atteindre-pres-de-18000-personnes-aux-reunions-qui-se-tiennent-au-zimbabwe\/","og_site_name":"\u00c9glise Adventiste Du Septieme Jour - Inter Am\u00e9rique Division","article_published_time":"2015-05-18T04:00:00+00:00","og_image":[{"width":1000,"height":500,"url":"https:\/\/interamerica.org\/wp-content\/uploads\/2017\/06\/Zimbabwe-Adventist-May18-1.jpg","type":"image\/jpeg"}],"author":"Lorenzo Verduzco","twitter_card":"summary_large_image","twitter_misc":{"\u00c9crit par":"Lorenzo Verduzco","Dur\u00e9e de lecture estim\u00e9e":"2 minutes"},"schema":{"@context":"https:\/\/schema.org","@graph":[{"@type":"Article","@id":"https:\/\/interamerica.org\/fr\/2015\/05\/la-frequentation-double-pour-atteindre-pres-de-18000-personnes-aux-reunions-qui-se-tiennent-au-zimbabwe\/#article","isPartOf":{"@id":"https:\/\/interamerica.org\/fr\/2015\/05\/la-frequentation-double-pour-atteindre-pres-de-18000-personnes-aux-reunions-qui-se-tiennent-au-zimbabwe\/"},"author":{"name":"Lorenzo Verduzco","@id":"https:\/\/interamerica.org\/fr\/#\/schema\/person\/68ede8bdc292885bb76c1e3810e73c39"},"headline":"La fr\u00e9quentation double pour atteindre pr\u00e8s de 18000 personnes aux r\u00e9unions qui se tiennent au Zimbabwe","datePublished":"2015-05-18T04:00:00+00:00","mainEntityOfPage":{"@id":"https:\/\/interamerica.org\/fr\/2015\/05\/la-frequentation-double-pour-atteindre-pres-de-18000-personnes-aux-reunions-qui-se-tiennent-au-zimbabwe\/"},"wordCount":512,"image":{"@id":"https:\/\/interamerica.org\/fr\/2015\/05\/la-frequentation-double-pour-atteindre-pres-de-18000-personnes-aux-reunions-qui-se-tiennent-au-zimbabwe\/#primaryimage"},"thumbnailUrl":"https:\/\/interamerica.org\/wp-content\/uploads\/2017\/06\/Zimbabwe-Adventist-May18-1.jpg","articleSection":["Nouvelles de l'\u00c9glise mondiale","RSS Fran\u00e7ais"],"inLanguage":"fr-FR"},{"@type":"WebPage","@id":"https:\/\/interamerica.org\/fr\/2015\/05\/la-frequentation-double-pour-atteindre-pres-de-18000-personnes-aux-reunions-qui-se-tiennent-au-zimbabwe\/","url":"https:\/\/interamerica.org\/fr\/2015\/05\/la-frequentation-double-pour-atteindre-pres-de-18000-personnes-aux-reunions-qui-se-tiennent-au-zimbabwe\/","name":"La fr\u00e9quentation double pour atteindre pr\u00e8s de 18000 personnes aux r\u00e9unions qui se tiennent au Zimbabwe - \u00c9glise Adventiste Du Septieme Jour - Inter Am\u00e9rique Division","isPartOf":{"@id":"https:\/\/interamerica.org\/fr\/#website"},"primaryImageOfPage":{"@id":"https:\/\/interamerica.org\/fr\/2015\/05\/la-frequentation-double-pour-atteindre-pres-de-18000-personnes-aux-reunions-qui-se-tiennent-au-zimbabwe\/#primaryimage"},"image":{"@id":"https:\/\/interamerica.org\/fr\/2015\/05\/la-frequentation-double-pour-atteindre-pres-de-18000-personnes-aux-reunions-qui-se-tiennent-au-zimbabwe\/#primaryimage"},"thumbnailUrl":"https:\/\/interamerica.org\/wp-content\/uploads\/2017\/06\/Zimbabwe-Adventist-May18-1.jpg","datePublished":"2015-05-18T04:00:00+00:00","author":{"@id":"https:\/\/interamerica.org\/fr\/#\/schema\/person\/68ede8bdc292885bb76c1e3810e73c39"},"breadcrumb":{"@id":"https:\/\/interamerica.org\/fr\/2015\/05\/la-frequentation-double-pour-atteindre-pres-de-18000-personnes-aux-reunions-qui-se-tiennent-au-zimbabwe\/#breadcrumb"},"inLanguage":"fr-FR","potentialAction":[{"@type":"ReadAction","target":["https:\/\/interamerica.org\/fr\/2015\/05\/la-frequentation-double-pour-atteindre-pres-de-18000-personnes-aux-reunions-qui-se-tiennent-au-zimbabwe\/"]}]},{"@type":"ImageObject","inLanguage":"fr-FR","@id":"https:\/\/interamerica.org\/fr\/2015\/05\/la-frequentation-double-pour-atteindre-pres-de-18000-personnes-aux-reunions-qui-se-tiennent-au-zimbabwe\/#primaryimage","url":"https:\/\/interamerica.org\/wp-content\/uploads\/2017\/06\/Zimbabwe-Adventist-May18-1.jpg","contentUrl":"https:\/\/interamerica.org\/wp-content\/uploads\/2017\/06\/Zimbabwe-Adventist-May18-1.jpg","width":1000,"height":500},{"@type":"BreadcrumbList","@id":"https:\/\/interamerica.org\/fr\/2015\/05\/la-frequentation-double-pour-atteindre-pres-de-18000-personnes-aux-reunions-qui-se-tiennent-au-zimbabwe\/#breadcrumb","itemListElement":[{"@type":"ListItem","position":1,"name":"Home","item":"https:\/\/interamerica.org\/fr\/"},{"@type":"ListItem","position":2,"name":"La fr\u00e9quentation double pour atteindre pr\u00e8s de 18000 personnes aux r\u00e9unions qui se tiennent au Zimbabwe"}]},{"@type":"WebSite","@id":"https:\/\/interamerica.org\/fr\/#website","url":"https:\/\/interamerica.org\/fr\/","name":"\u00c9glise Adventiste Du Septieme Jour - Inter Am\u00e9rique Division","description":"","potentialAction":[{"@type":"SearchAction","target":{"@type":"EntryPoint","urlTemplate":"https:\/\/interamerica.org\/fr\/?s={search_term_string}"},"query-input":{"@type":"PropertyValueSpecification","valueRequired":true,"valueName":"search_term_string"}}],"inLanguage":"fr-FR"},{"@type":"Person","@id":"https:\/\/interamerica.org\/fr\/#\/schema\/person\/68ede8bdc292885bb76c1e3810e73c39","name":"Lorenzo Verduzco","image":{"@type":"ImageObject","inLanguage":"fr-FR","@id":"https:\/\/secure.gravatar.com\/avatar\/fb81a55b6218459490a9c1dc841a34909185b81904c5337b4b27f7a6fd60c49e?s=96&d=mm&r=g","url":"https:\/\/secure.gravatar.com\/avatar\/fb81a55b6218459490a9c1dc841a34909185b81904c5337b4b27f7a6fd60c49e?s=96&d=mm&r=g","contentUrl":"https:\/\/secure.gravatar.com\/avatar\/fb81a55b6218459490a9c1dc841a34909185b81904c5337b4b27f7a6fd60c49e?s=96&d=mm&r=g","caption":"Lorenzo Verduzco"}}]}},"_links":{"self":[{"href":"https:\/\/interamerica.org\/fr\/wp-json\/wp\/v2\/posts\/32276","targetHints":{"allow":["GET"]}}],"collection":[{"href":"https:\/\/interamerica.org\/fr\/wp-json\/wp\/v2\/posts"}],"about":[{"href":"https:\/\/interamerica.org\/fr\/wp-json\/wp\/v2\/types\/post"}],"author":[{"embeddable":true,"href":"https:\/\/interamerica.org\/fr\/wp-json\/wp\/v2\/users\/1"}],"replies":[{"embeddable":true,"href":"https:\/\/interamerica.org\/fr\/wp-json\/wp\/v2\/comments?post=32276"}],"version-history":[{"count":0,"href":"https:\/\/interamerica.org\/fr\/wp-json\/wp\/v2\/posts\/32276\/revisions"}],"wp:featuredmedia":[{"embeddable":true,"href":"https:\/\/interamerica.org\/fr\/wp-json\/wp\/v2\/media\/25367"}],"wp:attachment":[{"href":"https:\/\/interamerica.org\/fr\/wp-json\/wp\/v2\/media?parent=32276"}],"wp:term":[{"taxonomy":"category","embeddable":true,"href":"https:\/\/interamerica.org\/fr\/wp-json\/wp\/v2\/categories?post=32276"},{"taxonomy":"post_tag","embeddable":true,"href":"https:\/\/interamerica.org\/fr\/wp-json\/wp\/v2\/tags?post=32276"}],"curies":[{"name":"wp","href":"https:\/\/api.w.org\/{rel}","templated":true}]}}