{"id":32277,"date":"2015-05-20T00:00:00","date_gmt":"2015-05-20T04:00:00","guid":{"rendered":"http:\/\/192.81.217.108\/interamerica\/2015\/05\/votre-guide-pour-le-programme-de-la-session-de-la-conference-generale\/"},"modified":"2015-05-20T00:00:00","modified_gmt":"2015-05-20T04:00:00","slug":"votre-guide-pour-le-programme-de-la-session-de-la-conference-generale","status":"publish","type":"post","link":"https:\/\/interamerica.org\/fr\/2015\/05\/votre-guide-pour-le-programme-de-la-session-de-la-conference-generale\/","title":{"rendered":"Votre guide pour le programme de la Session de la Conf\u00e9rence G\u00e9n\u00e9rale"},"content":{"rendered":"<div id=\"attachment_17068\" style=\"width: 710px\" class=\"wp-caption aligncenter\"><a href=\"\/interamerica\/wp-content\/uploads\/2017\/06\/rsz_4736390815_c00abb2460_b.jpg\" rel=\"fancybox\" title=\"Votre guide pour le programme de la Session de la Conf\u00e9rence G\u00e9n\u00e9rale\"><img fetchpriority=\"high\" decoding=\"async\" aria-describedby=\"caption-attachment-17068\" class=\" wp-image-17068 \" src=\"\/interamerica\/wp-content\/uploads\/2017\/06\/rsz_4736390815_c00abb2460_b.jpg\" alt=\"\" width=\"700\" height=\"349\" \/><\/a><p id=\"caption-attachment-17068\" class=\"wp-caption-text\">Les d\u00e9l\u00e9gu\u00e9s applaudissent apr\u00e8s un morceau sp\u00e9cial pr\u00e9sent\u00e9 lors de la session de la Conf\u00e9rence G\u00e9n\u00e9rale \u00e0 Atlanta en G\u00e9orgie le sabbat 26 juin 2010. Image de Josef Kissinger\/ANN<\/p><\/div>\n<p>18 Mai 2015 \u2013 Silver Spring, Maryland, Etats Unis \u2013 Andrew McChesney, r\u00e9dacteur Adventist Review<\/p>\n<p>La 60\u00e8me Session de la Conf\u00e9rence G\u00e9n\u00e9rale sera l\u2019occasion de plusieurs premi\u00e8res : le vote \u00e9lectronique, une application pour mobiles, un ordre du jour \u00e9lectronique pour les d\u00e9l\u00e9gu\u00e9s, et, plus crucial pour le reste d\u2019entre nous, une opportunit\u00e9 de consid\u00e9rer l\u2019ordre du jour \u00e0 l\u2019avance.<\/p>\n<p>Habituellement, le secr\u00e9tariat de la Conf\u00e9rence G\u00e9n\u00e9rale, qui \u00e9tablit l\u2019ordre du jour, fournit l\u2019information seulement aux d\u00e9l\u00e9gu\u00e9s. Mais pour la premi\u00e8re fois, il met \u00e0 la disposition de l\u2019\u00e9glise mondiale les d\u00e9tails du plan avant le d\u00e9but de la rencontre administrative qui doit avoir lieu du 2 au 11 juillet au stade Alamodome de San Antonio au Texas.<\/p>\n<p>\u00ab Normalement, seuls les d\u00e9l\u00e9gu\u00e9s re\u00e7oivent ces documents, \u00bb a dit le sous-secr\u00e9taire de la Conf\u00e9rence G\u00e9n\u00e9rale, Myron Iseminger, dans une interview qu\u2019il a donn\u00e9e dans son bureau avec en mains une pile de feuilles contenant l\u2019ordre du jour de la session. \u00ab Mais cela ne nous co\u00fbte rien de plus de le mettre sur notre site web, et cela donne \u00e0 ceux qui ne sont pas d\u00e9l\u00e9gu\u00e9s une opportunit\u00e9 de mieux comprendre le d\u00e9roulement du programme. \u00bb<\/p>\n<p>L\u2019ordre du jour, <a href=\"http:\/\/2015.gcsession.org\/delegates\/agenda\/\">qui a \u00e9t\u00e9 publi\u00e9 sur site web officiel GCsession.org <\/a> mercredi 20 mai, contient des points concernant l\u2019\u00e9lection de responsables de l\u2019\u00e9glise mondiale, des changements propos\u00e9s aux Croyances Fondamentales, des r\u00e8glements pour le Manuel d\u2019Eglise, et des changements \u00e0 apporter aux Statuts et R\u00e8glements. Les participants entendront \u00e9galement des rapports pr\u00e9sent\u00e9s par chacune des 13 divisions ou r\u00e9gions administratives de l\u2019\u00e9glise.<\/p>\n<p>A l\u2019exception des sabbats, les rencontres publiques quotidiennes commencent avec le culte (\u00e0 8h00) suivi de deux sessions administratives (de 9h30 \u00e0 12h00, et de 14h00 \u00e0 17h00). Un programme de 2 heures et demie le soir comprend un concert musical de 30 minutes (de 18h30 \u00e0 19h00) ainsi que les rapports des divisions ; ce programme s\u2019ach\u00e8ve \u00e0 21h00.<\/p>\n<p>Le programme suivant, donn\u00e9 par le secr\u00e9tariat, est un ordre du jour pr\u00e9liminaire et pourrait changer si les discussions sur certains points durent plus longtemps que pr\u00e9vu. Un comit\u00e9 de pilotage d\u00e9terminera les derniers points \u00e0 int\u00e9grer dans le programme quotidien, t\u00f4t chaque matin pendant la session.<\/p>\n<p>(Pour en savoir plus sur le vote \u00e9lectronique, lisez <a href=\"\/?p=15037#axzz3ahdMXuIr\">\u00ab le Vote Electronique Devrait Augmenter l\u2019Efficacit\u00e9 Lors de la Session de la Conf\u00e9rence G\u00e9n\u00e9rale. \u00bb<\/a> La nouvelle application, \u00ab GCSession 2015, \u00bb peut \u00eatre t\u00e9l\u00e9charg\u00e9e gratuitement depuis les magasins en ligne.)<\/p>\n<div id=\"attachment_17069\" style=\"width: 501px\" class=\"wp-caption alignright\"><a href=\"\/interamerica\/wp-content\/uploads\/2017\/06\/14557821902_837045f8be_k.jpg\" rel=\"fancybox\" title=\"Votre guide pour le programme de la Session de la Conf\u00e9rence G\u00e9n\u00e9rale\"><img decoding=\"async\" aria-describedby=\"caption-attachment-17069\" class=\" wp-image-17069  \" src=\"\/interamerica\/wp-content\/uploads\/2017\/06\/14557821902_837045f8be_k-1024x544.jpg\" alt=\"\" width=\"491\" height=\"261\" \/><\/a><p id=\"caption-attachment-17069\" class=\"wp-caption-text\">L\u2019Alamodome, un stade de football de 65000 places \u00e0 San Antonio au Texas, accueillera la Session 2015 de la Conf\u00e9rence G\u00e9n\u00e9rale. (Alamodome\/ANN)<\/p><\/div>\n<p><span style=\"font-size: medium;\"><strong>Premi\u00e8re Journ\u00e9e : Jeudi 2 Juillet<\/strong><\/span><br \/>\nCulte du matin : \u00ab Le Point Culminant Glorieux de l\u2019Histoire : La Promesse de Son retour \u00bb pr\u00e9sent\u00e9 par Janos Kovacs-Biro, secr\u00e9taire de l\u2019Association Pastorale de la Division Transeurop\u00e9enne.<\/p>\n<p>La session administrative d\u00e9butera avec une br\u00e8ve s\u00e9rie de formalit\u00e9s : Une ouverture officielle, une v\u00e9rification pour s\u2019assurer que toutes les conditions constitutionnelles requises pour la rencontre sont r\u00e9unies, et l\u2019adoption formelle du programme quotidien.<\/p>\n<p>Les participants regarderont un nouveau court m\u00e9trage r\u00e9alis\u00e9 par l\u2019Association Pastorale, \u00ab Ce Qui Aurait Pu Se Passer, \u00bb au sujet de la vision qu\u2019a eu en 1903 la cofondatrice de l\u2019Eglise Adventiste, Ellen G. White, \u00e0 propos de ce qui aurait pu se produire lors de la Session de la Conf\u00e9rence G\u00e9n\u00e9rale en 1901, si les d\u00e9l\u00e9gu\u00e9s s\u2019\u00e9taient humili\u00e9s et avaient permis une effusion du Saint Esprit.<\/p>\n<p>\u00ab Beaucoup de personnes prient que cette session ne soit pas seulement une exp\u00e9rience administrative, mais pour qu\u2019elle soit \u00e9galement un moment de r\u00e9veil et de r\u00e9g\u00e9n\u00e9ration spirituelle, \u00bb a dit Myron Iseminger.<\/p>\n<p>Les d\u00e9l\u00e9gu\u00e9s pourraient voter sur une r\u00e9solution sur la Sainte Bible et voter une d\u00e9claration de confiance dans les \u00e9crits de la cofondatrice de l\u2019Eglise Adventiste, Ellen G. White. Si le temps ne le permet pas, le vote sera repouss\u00e9 \u00e0 un jour qui devra \u00eatre d\u00e9termin\u00e9.<\/p>\n<p>Le premier point majeur de l\u2019ordre du jour concerne la mission de l\u2019\u00e9glise. Les d\u00e9l\u00e9gu\u00e9s voteront officiellement d\u2019approuver les 35 unions, un chiffre record, qui ont \u00e9t\u00e9 organis\u00e9es depuis la derni\u00e8re session de la Conf\u00e9rence G\u00e9n\u00e9rale en 2010.<\/p>\n<p>Le nombre \u00e9lev\u00e9 de nouvelles unions est sans pr\u00e9c\u00e9dent dans l\u2019histoire de l\u2019Eglise Adventiste du Septi\u00e8me Jour, \u00bb a dit G.T. Ng, secr\u00e9taire ex\u00e9cutif de la Conf\u00e9rence G\u00e9n\u00e9rale. Cela refl\u00e8te la croissance rapide que connait l\u2019\u00e9glise \u00e0 travers le monde, en particulier en Am\u00e9rique Latine et sur le continent africain. \u00bb<\/p>\n<p>Plusieurs de ces unions sont nouvelles, cr\u00e9\u00e9es \u00e0 partir d\u2019unions plus grandes comptant un important effectif de membres. La Zambie, dont l\u2019effectif a franchi le cap du million de membres en avril, en est un bel exemple. D\u2019autres sont pass\u00e9es du statut d\u2019union mission \u00e0 celui d\u2019union de f\u00e9d\u00e9rations, ce qui est une indication de maturit\u00e9 au niveau des finances et du leadership.<\/p>\n<p>L\u2019Eglise Adventiste mondiale compte maintenant un effectif de 18,5 millions de membres ; lors de la session de la Conf\u00e9rence G\u00e9n\u00e9rale en 2010, elle en comptait 16,3 millions.<\/p>\n<p>Il y a eu un total de 22 unions suppl\u00e9mentaires en 2010, et aussi 22 unions de plus ajout\u00e9es en 2005. On d\u00e9nombrait seulement neuf unions suppl\u00e9mentaires en 2000.<\/p>\n<p>Apr\u00e8s le d\u00e9jeuner, l\u2019attention se portera sur la direction de l\u2019Eglise Adventiste mondiale pour les cinq prochaines ann\u00e9es. Un comit\u00e9 de nominations sera d\u00e9sign\u00e9 pour choisir les leaders de l\u2019\u00e9glise, \u00e0 commencer par le pr\u00e9sident de la Conf\u00e9rence G\u00e9n\u00e9rale.<\/p>\n<p>Le soir, le pr\u00e9sident de la Conf\u00e9rence G\u00e9n\u00e9rale, Ted N.C. Wilson donnera son \u00ab Rapport du Pr\u00e9sident \u00bb portant sur ses cinq ann\u00e9es en fonction.<\/p>\n<p><span style=\"font-size: medium;\"><strong>Deuxi\u00e8me Journ\u00e9e : Vendredi 3 Juillet.<\/strong><\/span><br \/>\nCulte du matin : Les Titres de Demain Aujourd\u2019hui : Les Signes de Son Retour \u00bb pr\u00e9sent\u00e9 par Sikhu Hlatshwayo, un missionnaire zimbabw\u00e9en aux Etats Unis qui aide \u00e0 diriger les minist\u00e8res aupr\u00e8s des campus publics.<\/p>\n<p>La s\u00e9ance administrative d\u00e9butera avec le secr\u00e9taire ex\u00e9cutif de la Conf\u00e9rence G\u00e9n\u00e9rale, G.T. Ng qui pr\u00e9sentera le \u00ab Rapport du Secr\u00e9taire \u00bb r\u00e9sumant le travail r\u00e9alis\u00e9 par le secr\u00e9tariat au cours des cinq derni\u00e8res ann\u00e9es.<\/p>\n<p>Il sera suivi de David Trim, directeur du Bureau des Statistiques, Archives et Recherches de la Conf\u00e9rence G\u00e9n\u00e9rale, qui pr\u00e9sentera les chiffres avec son \u00ab Rapport Statistique. \u00bb<\/p>\n<p>Apr\u00e8s cela, le tr\u00e9sorier de la Conf\u00e9rence G\u00e9n\u00e9rale, Robert E. Lemon, pr\u00e9sentera un aper\u00e7u de la situation financi\u00e8re de l\u2019\u00e9glise avec son \u00ab Rapport du Tr\u00e9sorier. \u00bb<\/p>\n<p>A un moment de la journ\u00e9e, la commission de nominations vraisemblablement interrompra la s\u00e9ance administrative pour annoncer sa proposition pour la nomination du pr\u00e9sident de la Conf\u00e9rence G\u00e9n\u00e9rale pour la p\u00e9riode de 2015 \u00e0 2020. Le candidat, comme tous les candidats propos\u00e9s, doit recevoir l\u2019approbation des d\u00e9l\u00e9gu\u00e9s en session.<\/p>\n<p>\u00ab La commission de nominations commence ses travaux vendredi, et nous devrions avoir leur proposition pour le pr\u00e9sident de la Conf\u00e9rence G\u00e9n\u00e9rale au cours de la journ\u00e9e de vendredi, \u00bb a dit Myron Iseminger. \u00ab S\u2019ils sont vraiment ambitieux, nous pourrions avoir aussi la nomination de l\u2019un ou des deux autres administrateurs ex\u00e9cutifs. \u00bb<\/p>\n<p>Lors de la session de 2010, l\u2019\u00e9lection du pr\u00e9sident a eu lieu le vendredi matin, alors que la nomination aux deux autres positions d\u2019administrateurs de la Conf\u00e9rence G\u00e9n\u00e9rale, celles du secr\u00e9taire ex\u00e9cutif et du tr\u00e9sorier, est intervenue l\u2019apr\u00e8s midi.<\/p>\n<p>La commission de nominations interrompt la session administrative toute les fois o\u00f9 elle a une d\u00e9cision majeure \u00e0 annoncer.<\/p>\n<p>\u00ab D\u00e8s qu\u2019ils ont une s\u00e9rie de noms, ils interviennent dans la s\u00e9ance administrative en cours et donnent leur rapport, \u00bb a dit Myron Iseminger.<\/p>\n<p>La s\u00e9ance administrative de l\u2019apr\u00e8s midi s\u2019ach\u00e8vera plus t\u00f4t, \u00e0 16h00, pour la pr\u00e9paration du sabbat.<\/p>\n<p><span style=\"font-size: medium;\"><strong>Troisi\u00e8me Journ\u00e9e : Sabbat 4 Juillet.<\/strong><\/span><br \/>\nApr\u00e8s un sermon pr\u00e9sent\u00e9 par le secr\u00e9taire ex\u00e9cutif, G.T. Ng sabbat matin, les participants seront invit\u00e9s \u00e0 assister l\u2019apr\u00e8s midi \u00e0 un programme intitul\u00e9, \u00ab l\u2019Eglise en Mission. \u00bb<\/p>\n<p>Le soir, la Division Nord Am\u00e9ricaine (DNA) et l\u2019Union du Moyen Orient et de l\u2019Afrique du Nord (MENA) pr\u00e9senteront leurs rapports.<\/p>\n<p><span style=\"font-size: medium;\"><strong>Quatri\u00e8me Journ\u00e9e : Dimanche 5 Juillet.<\/strong><\/span><br \/>\nCulte du matin : \u00ab L\u2019Ev\u00e8nement Extraordinaire : Comment se Produira Son Retour, \u00bb pr\u00e9sent\u00e9 par Neale Schofield, PDG d\u2019Adventist Media Network (R\u00e9seau Adventiste Audiovisuel) en Australie.<br \/>\nLes s\u00e9ances administratives de cette journ\u00e9e seront vraisemblablement domin\u00e9es par une discussion et un vote sur les propositions de changements r\u00e9dactionnels \u00e0 apporter au Manuel d\u2019Eglise, en particulier au niveau du protocole disciplinaire dans le cas d\u2019inconduite sexuelle.<\/p>\n<p>Aucun changement n\u2019a \u00e9t\u00e9 recommand\u00e9 pour les 13 raisons pour lesquelles les membres d\u2019\u00e9glise peuvent \u00eatre disciplin\u00e9s, y compris les d\u00e9marches d\u00e9loyales envers l\u2019\u00e9glise et la violence physique. Mais les d\u00e9l\u00e9gu\u00e9s consid\u00e9reront la possibilit\u00e9 de d\u00e9velopper la section traitant plus pr\u00e9cis\u00e9ment des relations extra conjugales pour y inclure des d\u00e9tails sur les d\u00e9finitions sp\u00e9cifiques relatives \u00e0 la conduite sexuelle.<\/p>\n<p>Dimanche \u00e9galement, les d\u00e9l\u00e9gu\u00e9s pourraient voter sur les changements techniques \u00e0 apporter aux Statuts et R\u00e8glements de la Conf\u00e9rence G\u00e9n\u00e9rale.<\/p>\n<p>Les discussions sur le Manuel d\u2019Eglise ou sur les Statuts pourraient d\u00e9buter avant dimanche, a indiqu\u00e9 Myron Iseminger.<\/p>\n<p>\u00ab Si nous avons le temps de les consid\u00e9rer jeudi ou vendredi, alors nous d\u00e9buterons \u00e0 ce moment l\u00e0, \u00bb a t-il pr\u00e9cis\u00e9.<\/p>\n<p>La commission de nominations devrait interrompre la s\u00e9ance de dimanche pour annoncer les propositions des vice-pr\u00e9sidents g\u00e9n\u00e9raux, des secr\u00e9taires adjoints et des tr\u00e9soriers adjoints de la Conf\u00e9rence G\u00e9n\u00e9rale.<\/p>\n<p>\u00ab A la fin de la journ\u00e9e de dimanche, lors de la derni\u00e8re session, nous avions d\u00e9j\u00e0 le nom de tous ces responsables de la Conf\u00e9rence G\u00e9n\u00e9rale, \u00bb a dit Iseminger.<\/p>\n<p>Le soir, la Division de l\u2019Afrique du Centre-Est (ECD) et la Division Eurasienne (ESD) pr\u00e9senteront leurs rapports.<\/p>\n<p><span style=\"font-size: medium;\"><strong>Cinqui\u00e8me Journ\u00e9e : Lundi 6 Juillet<\/strong><\/span><br \/>\nCulte du matin : \u00ab Vivre Fid\u00e8lement au Temps de la Fin : Pr\u00e9paration Pour Son Retour \u00bb, pr\u00e9sent\u00e9 par Shian W. O\u2019Connor, pr\u00e9sident de la F\u00e9d\u00e9ration des Iles Ca\u00efman dans la Division Inter Am\u00e9ricaine.<\/p>\n<p>La s\u00e9ance administrative de la journ\u00e9e enti\u00e8re sera consacr\u00e9e aux propositions de changement de formulation des 28 Croyances Fondamentales de l\u2019Eglise Adventiste du Septi\u00e8me Jour.<\/p>\n<p>\u00ab Nous nous attendons \u00e0 ce que ce soit une discussion plut\u00f4t longue. C\u2019est un point important, \u00bb a dit Myron Iseminger.<\/p>\n<p>Un changement significatif a \u00e9t\u00e9 propos\u00e9 avec l\u2019ajout de la phrase \u00ab une cr\u00e9ation r\u00e9cente en six jours \u00bb \u00e0 la d\u00e9claration sur la \u00ab Cr\u00e9ation. \u00bb<\/p>\n<p>Les croyances fondamentales sont demeur\u00e9es inchang\u00e9es depuis leur introduction lors de la session de la Conf\u00e9rence G\u00e9n\u00e9rale en 1980, \u00e0 l\u2019exception de l\u2019ajout de la 28\u00e8me Croyance Fondamentale en 2005.<\/p>\n<p>La commission de nominations interrompra ses travaux pendant la discussion sur les Croyances Fondamentales. Mais elle aura peut-\u00eatre le temps de faire ses propositions pour les pr\u00e9sidents, les secr\u00e9taires et les tr\u00e9soriers de division, peut \u00eatre m\u00eame pour plusieurs directeurs de d\u00e9partement de la Conf\u00e9rence G\u00e9n\u00e9rale.<\/p>\n<p>Le soir, la Division Inter Europ\u00e9enne (DIE) et la Division Inter Am\u00e9ricaine (DIA) pr\u00e9senteront leurs rapports.<\/p>\n<p><span style=\"font-size: medium;\"><strong>Sixi\u00e8me Journ\u00e9e : Mardi 7 Juillet<\/strong><\/span><br \/>\nCulte du matin : \u00ab Jamais Seul : Le Consolateur Promis qui Pr\u00e9c\u00e8de Son Retour \u00bb pr\u00e9sent\u00e9 par Mathilde Frey, ancienne professeure d\u2019ex\u00e9g\u00e8se de l\u2019Ancien Testament et de langues bibliques au s\u00e9minaire de l\u2019Institut Adventiste International d\u2019Etudes Avanc\u00e9es (AIIAS) aux Philippines.<\/p>\n<p>Les s\u00e9ances administratives de la journ\u00e9e comprendront une s\u00e9ance administrative g\u00e9n\u00e9rale et une rencontre de l\u2019entit\u00e9 juridique \u2013 des rencontres l\u00e9gales que la Conf\u00e9rence G\u00e9n\u00e9rale est tenue d\u2019avoir en tant qu\u2019organisation et qui ont \u00e9t\u00e9 annonc\u00e9es dans les pages de Adventist Review et Adventist World, les magazines officiels de l\u2019Eglise Adventiste mondiale.<\/p>\n<p>Mardi \u00e9galement, la commission de nominations devrait faire des propositions de noms pour la majorit\u00e9 des directeurs de d\u00e9partement de la Conf\u00e9rence G\u00e9n\u00e9rale.<\/p>\n<p>Le soir, la Division Asie Pacifique Nord (NSD et la Division Sud Am\u00e9ricaine (SAD) pr\u00e9senteront leurs rapports.<\/p>\n<p><span style=\"font-size: medium;\"><strong>Septi\u00e8me Journ\u00e9e : Mercredi 8 Juillet<\/strong><\/span><br \/>\nCulte du matin : \u00ab De l\u2019Epreuve au Triomphe : le Mouvement Adventiste et Son Retour \u00bb pr\u00e9sent\u00e9 par Alain Coralie, secr\u00e9taire ex\u00e9cutif adjoint de la Division de l\u2019Afrique du Centre Est.<\/p>\n<p>L\u2019int\u00e9gralit\u00e9 de la s\u00e9ance de cette journ\u00e9e sera consacr\u00e9e \u00e0 la question consistant \u00e0 d\u00e9terminer si les divisions devraient permettre la cons\u00e9cration des femmes au minist\u00e8re pastoral dans leurs territoires respectifs.<\/p>\n<p>La question sur laquelle les d\u00e9l\u00e9gu\u00e9s seront appel\u00e9s \u00e0 voter est la suivante :<\/p>\n<p>\u00ab Apr\u00e8s avoir \u00e9tudi\u00e9 dans un esprit de pri\u00e8re la question de la cons\u00e9cration dans la Bible, dans les \u00e9crits d\u2019Ellen G. White et dans les rapports des commissions d\u2019\u00e9tude, et, apr\u00e8s avoir consid\u00e9r\u00e9 attentivement ce qui est mieux pour l\u2019\u00e9glise et pour l\u2019accomplissement de sa mission, est-il acceptable pour les conseils d\u2019administration des divisions, selon qu\u2019ils le consid\u00e8rent appropri\u00e9, de permettre la cons\u00e9cration des femmes au minist\u00e8re pastoral ? Oui ou Non. \u00bb<\/p>\n<p>Lisez :\u00a0<a href=\"\/?p=13891#axzz3ahdMXuIr\">\u00ab La Question de la Cons\u00e9cration des Femmes sera Pr\u00e9sente \u00e0 la Session de la Conf\u00e9rence G\u00e9n\u00e9rale. \u00bb<\/a><\/p>\n<p>Ted N.C. Wilson, pr\u00e9sident de l\u2019Eglise Adventiste mondiale a invit\u00e9 instamment les d\u00e9l\u00e9gu\u00e9s \u00e0 lire ce que la Bible d\u00e9clare au sujet de la cons\u00e9cration des femmes et de prier que tous suivront humblement la direction du Saint Esprit sur la question.<\/p>\n<p>Lisez : \u201c<a href=\"\/?p=13598#axzz3ahdMXuIr\">Les Adventistes Invit\u00e9s \u00e0 Etudier pour Eux M\u00eames la Question de la Cons\u00e9cration des Femmes.<\/a>\u201d<\/p>\n<p>La commission de nominations interrompra ses travaux mercredi pendant la discussion sur la cons\u00e9cration des femmes.<\/p>\n<p>Le soir, la Division de l\u2019Afrique Australe et de l\u2019Oc\u00e9an Indien (SID), la Division du Pacifique Sud (SPD), la Division Asie Pacifique Sud (SSD) pr\u00e9senteront leurs rapports.<\/p>\n<p><span style=\"font-size: medium;\"><strong>Huiti\u00e8me Jour : Jeudi 9 Juillet<\/strong><\/span><br \/>\nCulte du matin : \u00ab Dans le Monde Entier : La Proclamation de l\u2019Evangile et Son retour, \u00bb pr\u00e9sent\u00e9 par Taj Pacleb, \u00e9vang\u00e9liste pour la F\u00e9d\u00e9ration du Centre de la Californie.<\/p>\n<p>La session de la Conf\u00e9rence G\u00e9n\u00e9rale devrait commencer \u00e0 se conclure d\u00e8s jeudi. Tout point de l\u2019ordre du jour qui n\u2019aurait pas \u00e9t\u00e9 r\u00e9solu sera discut\u00e9 lors des s\u00e9ances du matin et de l\u2019apr\u00e8s midi.<\/p>\n<p>La commission de nominations devrait proposer des noms pour les postes de v\u00e9rificateurs de la Conf\u00e9rence G\u00e9n\u00e9rale ainsi que pour l\u2019\u00e9quipe de direction de l\u2019Association Pastorale.<\/p>\n<p>Le soir, la Division de l\u2019Asie du Sud (SUD), la Division Transeurop\u00e9enne (TED) et la Division de l\u2019Afrique du Centre-Ouest (WAD) pr\u00e9senteront leurs rapports.<\/p>\n<p><span style=\"font-size: medium;\"><strong>Neuvi\u00e8me Journ\u00e9e : Vendredi 10 Juillet<\/strong><\/span><br \/>\nCulte du matin : \u00ab Enfin \u00e0 la Maison : La Joie et la Pl\u00e9nitude de Son Retour \u00bb pr\u00e9sent\u00e9 par Ron Smith, pr\u00e9sident de l\u2019Union du Sud dans la Division Nord Am\u00e9ricaine.<\/p>\n<p>La derni\u00e8re journ\u00e9e de s\u00e9ances administratives sera laiss\u00e9e ouverte pour tous les points non r\u00e9solus de l\u2019ordre du jour.<\/p>\n<p>\u00ab Si nous achevons de traiter tous les points de l\u2019ordre du jour suffisamment t\u00f4t, nous pouvons choisir d\u2019avoir une s\u00e9ance de pri\u00e8re, \u00bb a indiqu\u00e9 Myron Iseminger.<\/p>\n<p><span style=\"font-size: medium;\"><strong>Dixi\u00e8me Journ\u00e9e : Sabbat 10 Juillet<\/strong><\/span><br \/>\nUne offrande sp\u00e9ciale pour les missions sera recueillie lors du culte du sabbat afin de financer des milliers de projets missionnaires orient\u00e9s vers la jeunesse \u00e0 travers le monde.<\/p>\n<p>Le message du culte du sabbat matin sera pr\u00e9sent\u00e9 \u00e0 11h00 par le pr\u00e9sident \u00e9lu de la Conf\u00e9rence G\u00e9n\u00e9rale.<\/p>\n<p>L\u2019apr\u00e8s midi, les participants seront convi\u00e9s \u00e0 un programme intitul\u00e9 \u00ab L\u2019Eglise en Mission. \u00bb<\/p>\n<p>Le programme de cl\u00f4ture le soir est intitul\u00e9 \u00ab La Mission en Action, \u00bb anciennement connu sous le nom, \u00ab Parade des Nations. \u00bb<\/p>\n<p>\u00ab Ce moment a toujours \u00e9t\u00e9 le point culminant de la session, avec les d\u00e9l\u00e9gu\u00e9s repr\u00e9sentant leurs pays dans des costumes color\u00e9s, \u00bb a dit Myron Iseminger. \u00ab Le changement de nom \u00e0 l\u2019occasion de cette session repr\u00e9sente un changement d\u2019emphase, en effet on passe du patriotisme pour son pays d\u2019origine \u00e0 un accent mis sur la mission. Le programme consid\u00e9rera par d\u00e9cennie, le moment o\u00f9 les premiers Adventistes ont \u00e9t\u00e9 baptis\u00e9s dans chaque pays, et mettra en lumi\u00e8re les d\u00e9fis qui demeurent en mati\u00e8re de mission.\u00a0\u00bb<\/p>\n<p>Traduction: Patrick Luciathe<\/p>\n","protected":false},"excerpt":{"rendered":"<p>La 60\u00e8me Session de la Conf\u00e9rence G\u00e9n\u00e9rale sera l\u2019occasion de plusieurs premi\u00e8res : le vote \u00e9lectronique, une application pour mobiles, un ordre du jour \u00e9lectronique pour les d\u00e9l\u00e9gu\u00e9s, et, plus crucial pour le reste d\u2019entre nous, une opportunit\u00e9 de consid\u00e9rer l\u2019ordre du jour \u00e0 l\u2019avance.  <\/p>\n<p>Habituellement, le secr\u00e9tariat de la Conf\u00e9rence G\u00e9n\u00e9rale, qui \u00e9tablit l\u2019ordre du jour, fournit l\u2019information seulement aux d\u00e9l\u00e9gu\u00e9s. Mais pour la premi\u00e8re fois, il met \u00e0 la disposition de l\u2019\u00e9glise mondiale les d\u00e9tails du plan avant le d\u00e9but de la rencontre administrative qui doit avoir lieu du 2 au 11 juillet au stade Alamodome de San Antonio au Texas.<\/p>\n","protected":false},"author":1,"featured_media":25381,"comment_status":"closed","ping_status":"closed","sticky":false,"template":"","format":"standard","meta":{"_acf_changed":false,"footnotes":""},"categories":[18,19],"tags":[],"class_list":["post-32277","post","type-post","status-publish","format-standard","has-post-thumbnail","hentry","category-nouvelles-de-leglise-mondiale","category-rss-francais"],"acf":[],"yoast_head":"<!-- This site is optimized with the Yoast SEO plugin v27.3 - https:\/\/yoast.com\/product\/yoast-seo-wordpress\/ -->\n<title>Votre guide pour le programme de la Session de la Conf\u00e9rence G\u00e9n\u00e9rale - \u00c9glise Adventiste Du Septieme Jour - Inter Am\u00e9rique Division<\/title>\n<meta name=\"robots\" content=\"index, follow, max-snippet:-1, max-image-preview:large, max-video-preview:-1\" \/>\n<link rel=\"canonical\" href=\"https:\/\/interamerica.org\/fr\/2015\/05\/votre-guide-pour-le-programme-de-la-session-de-la-conference-generale\/\" \/>\n<meta property=\"og:locale\" content=\"fr_FR\" \/>\n<meta property=\"og:type\" content=\"article\" \/>\n<meta property=\"og:title\" content=\"Votre guide pour le programme de la Session de la Conf\u00e9rence G\u00e9n\u00e9rale - \u00c9glise Adventiste Du Septieme Jour - Inter Am\u00e9rique Division\" \/>\n<meta property=\"og:description\" content=\"La 60\u00e8me Session de la Conf\u00e9rence G\u00e9n\u00e9rale sera l\u2019occasion de plusieurs premi\u00e8res : le vote \u00e9lectronique, une application pour mobiles, un ordre du jour \u00e9lectronique pour les d\u00e9l\u00e9gu\u00e9s, et, plus crucial pour le reste d\u2019entre nous, une opportunit\u00e9 de consid\u00e9rer l\u2019ordre du jour \u00e0 l\u2019avance.  Habituellement, le secr\u00e9tariat de la Conf\u00e9rence G\u00e9n\u00e9rale, qui \u00e9tablit l\u2019ordre du jour, fournit l\u2019information seulement aux d\u00e9l\u00e9gu\u00e9s. Mais pour la premi\u00e8re fois, il met \u00e0 la disposition de l\u2019\u00e9glise mondiale les d\u00e9tails du plan avant le d\u00e9but de la rencontre administrative qui doit avoir lieu du 2 au 11 juillet au stade Alamodome de San Antonio au Texas.\" \/>\n<meta property=\"og:url\" content=\"https:\/\/interamerica.org\/fr\/2015\/05\/votre-guide-pour-le-programme-de-la-session-de-la-conference-generale\/\" \/>\n<meta property=\"og:site_name\" content=\"\u00c9glise Adventiste Du Septieme Jour - Inter Am\u00e9rique Division\" \/>\n<meta property=\"article:published_time\" content=\"2015-05-20T04:00:00+00:00\" \/>\n<meta property=\"og:image\" content=\"https:\/\/interamerica.org\/wp-content\/uploads\/2017\/06\/rsz_4736390815_c00abb2460_b.jpg\" \/>\n\t<meta property=\"og:image:width\" content=\"1000\" \/>\n\t<meta property=\"og:image:height\" content=\"499\" \/>\n\t<meta property=\"og:image:type\" content=\"image\/jpeg\" \/>\n<meta name=\"author\" content=\"Lorenzo Verduzco\" \/>\n<meta name=\"twitter:card\" content=\"summary_large_image\" \/>\n<meta name=\"twitter:label1\" content=\"\u00c9crit par\" \/>\n\t<meta name=\"twitter:data1\" content=\"Lorenzo Verduzco\" \/>\n\t<meta name=\"twitter:label2\" content=\"Dur\u00e9e de lecture estim\u00e9e\" \/>\n\t<meta name=\"twitter:data2\" content=\"15 minutes\" \/>\n<script type=\"application\/ld+json\" class=\"yoast-schema-graph\">{\"@context\":\"https:\\\/\\\/schema.org\",\"@graph\":[{\"@type\":\"Article\",\"@id\":\"https:\\\/\\\/interamerica.org\\\/fr\\\/2015\\\/05\\\/votre-guide-pour-le-programme-de-la-session-de-la-conference-generale\\\/#article\",\"isPartOf\":{\"@id\":\"https:\\\/\\\/interamerica.org\\\/fr\\\/2015\\\/05\\\/votre-guide-pour-le-programme-de-la-session-de-la-conference-generale\\\/\"},\"author\":{\"name\":\"Lorenzo Verduzco\",\"@id\":\"https:\\\/\\\/interamerica.org\\\/fr\\\/#\\\/schema\\\/person\\\/68ede8bdc292885bb76c1e3810e73c39\"},\"headline\":\"Votre guide pour le programme de la Session de la Conf\u00e9rence G\u00e9n\u00e9rale\",\"datePublished\":\"2015-05-20T04:00:00+00:00\",\"mainEntityOfPage\":{\"@id\":\"https:\\\/\\\/interamerica.org\\\/fr\\\/2015\\\/05\\\/votre-guide-pour-le-programme-de-la-session-de-la-conference-generale\\\/\"},\"wordCount\":3001,\"image\":{\"@id\":\"https:\\\/\\\/interamerica.org\\\/fr\\\/2015\\\/05\\\/votre-guide-pour-le-programme-de-la-session-de-la-conference-generale\\\/#primaryimage\"},\"thumbnailUrl\":\"https:\\\/\\\/interamerica.org\\\/wp-content\\\/uploads\\\/2017\\\/06\\\/rsz_4736390815_c00abb2460_b.jpg\",\"articleSection\":[\"Nouvelles de l'\u00c9glise mondiale\",\"RSS Fran\u00e7ais\"],\"inLanguage\":\"fr-FR\"},{\"@type\":\"WebPage\",\"@id\":\"https:\\\/\\\/interamerica.org\\\/fr\\\/2015\\\/05\\\/votre-guide-pour-le-programme-de-la-session-de-la-conference-generale\\\/\",\"url\":\"https:\\\/\\\/interamerica.org\\\/fr\\\/2015\\\/05\\\/votre-guide-pour-le-programme-de-la-session-de-la-conference-generale\\\/\",\"name\":\"Votre guide pour le programme de la Session de la Conf\u00e9rence G\u00e9n\u00e9rale - \u00c9glise Adventiste Du Septieme Jour - Inter Am\u00e9rique Division\",\"isPartOf\":{\"@id\":\"https:\\\/\\\/interamerica.org\\\/fr\\\/#website\"},\"primaryImageOfPage\":{\"@id\":\"https:\\\/\\\/interamerica.org\\\/fr\\\/2015\\\/05\\\/votre-guide-pour-le-programme-de-la-session-de-la-conference-generale\\\/#primaryimage\"},\"image\":{\"@id\":\"https:\\\/\\\/interamerica.org\\\/fr\\\/2015\\\/05\\\/votre-guide-pour-le-programme-de-la-session-de-la-conference-generale\\\/#primaryimage\"},\"thumbnailUrl\":\"https:\\\/\\\/interamerica.org\\\/wp-content\\\/uploads\\\/2017\\\/06\\\/rsz_4736390815_c00abb2460_b.jpg\",\"datePublished\":\"2015-05-20T04:00:00+00:00\",\"author\":{\"@id\":\"https:\\\/\\\/interamerica.org\\\/fr\\\/#\\\/schema\\\/person\\\/68ede8bdc292885bb76c1e3810e73c39\"},\"breadcrumb\":{\"@id\":\"https:\\\/\\\/interamerica.org\\\/fr\\\/2015\\\/05\\\/votre-guide-pour-le-programme-de-la-session-de-la-conference-generale\\\/#breadcrumb\"},\"inLanguage\":\"fr-FR\",\"potentialAction\":[{\"@type\":\"ReadAction\",\"target\":[\"https:\\\/\\\/interamerica.org\\\/fr\\\/2015\\\/05\\\/votre-guide-pour-le-programme-de-la-session-de-la-conference-generale\\\/\"]}]},{\"@type\":\"ImageObject\",\"inLanguage\":\"fr-FR\",\"@id\":\"https:\\\/\\\/interamerica.org\\\/fr\\\/2015\\\/05\\\/votre-guide-pour-le-programme-de-la-session-de-la-conference-generale\\\/#primaryimage\",\"url\":\"https:\\\/\\\/interamerica.org\\\/wp-content\\\/uploads\\\/2017\\\/06\\\/rsz_4736390815_c00abb2460_b.jpg\",\"contentUrl\":\"https:\\\/\\\/interamerica.org\\\/wp-content\\\/uploads\\\/2017\\\/06\\\/rsz_4736390815_c00abb2460_b.jpg\",\"width\":1000,\"height\":499},{\"@type\":\"BreadcrumbList\",\"@id\":\"https:\\\/\\\/interamerica.org\\\/fr\\\/2015\\\/05\\\/votre-guide-pour-le-programme-de-la-session-de-la-conference-generale\\\/#breadcrumb\",\"itemListElement\":[{\"@type\":\"ListItem\",\"position\":1,\"name\":\"Home\",\"item\":\"https:\\\/\\\/interamerica.org\\\/fr\\\/\"},{\"@type\":\"ListItem\",\"position\":2,\"name\":\"Votre guide pour le programme de la Session de la Conf\u00e9rence G\u00e9n\u00e9rale\"}]},{\"@type\":\"WebSite\",\"@id\":\"https:\\\/\\\/interamerica.org\\\/fr\\\/#website\",\"url\":\"https:\\\/\\\/interamerica.org\\\/fr\\\/\",\"name\":\"\u00c9glise Adventiste Du Septieme Jour - Inter Am\u00e9rique Division\",\"description\":\"\",\"potentialAction\":[{\"@type\":\"SearchAction\",\"target\":{\"@type\":\"EntryPoint\",\"urlTemplate\":\"https:\\\/\\\/interamerica.org\\\/fr\\\/?s={search_term_string}\"},\"query-input\":{\"@type\":\"PropertyValueSpecification\",\"valueRequired\":true,\"valueName\":\"search_term_string\"}}],\"inLanguage\":\"fr-FR\"},{\"@type\":\"Person\",\"@id\":\"https:\\\/\\\/interamerica.org\\\/fr\\\/#\\\/schema\\\/person\\\/68ede8bdc292885bb76c1e3810e73c39\",\"name\":\"Lorenzo Verduzco\",\"image\":{\"@type\":\"ImageObject\",\"inLanguage\":\"fr-FR\",\"@id\":\"https:\\\/\\\/secure.gravatar.com\\\/avatar\\\/fb81a55b6218459490a9c1dc841a34909185b81904c5337b4b27f7a6fd60c49e?s=96&d=mm&r=g\",\"url\":\"https:\\\/\\\/secure.gravatar.com\\\/avatar\\\/fb81a55b6218459490a9c1dc841a34909185b81904c5337b4b27f7a6fd60c49e?s=96&d=mm&r=g\",\"contentUrl\":\"https:\\\/\\\/secure.gravatar.com\\\/avatar\\\/fb81a55b6218459490a9c1dc841a34909185b81904c5337b4b27f7a6fd60c49e?s=96&d=mm&r=g\",\"caption\":\"Lorenzo Verduzco\"}}]}<\/script>\n<!-- \/ Yoast SEO plugin. -->","yoast_head_json":{"title":"Votre guide pour le programme de la Session de la Conf\u00e9rence G\u00e9n\u00e9rale - \u00c9glise Adventiste Du Septieme Jour - Inter Am\u00e9rique Division","robots":{"index":"index","follow":"follow","max-snippet":"max-snippet:-1","max-image-preview":"max-image-preview:large","max-video-preview":"max-video-preview:-1"},"canonical":"https:\/\/interamerica.org\/fr\/2015\/05\/votre-guide-pour-le-programme-de-la-session-de-la-conference-generale\/","og_locale":"fr_FR","og_type":"article","og_title":"Votre guide pour le programme de la Session de la Conf\u00e9rence G\u00e9n\u00e9rale - \u00c9glise Adventiste Du Septieme Jour - Inter Am\u00e9rique Division","og_description":"La 60\u00e8me Session de la Conf\u00e9rence G\u00e9n\u00e9rale sera l\u2019occasion de plusieurs premi\u00e8res : le vote \u00e9lectronique, une application pour mobiles, un ordre du jour \u00e9lectronique pour les d\u00e9l\u00e9gu\u00e9s, et, plus crucial pour le reste d\u2019entre nous, une opportunit\u00e9 de consid\u00e9rer l\u2019ordre du jour \u00e0 l\u2019avance.  Habituellement, le secr\u00e9tariat de la Conf\u00e9rence G\u00e9n\u00e9rale, qui \u00e9tablit l\u2019ordre du jour, fournit l\u2019information seulement aux d\u00e9l\u00e9gu\u00e9s. Mais pour la premi\u00e8re fois, il met \u00e0 la disposition de l\u2019\u00e9glise mondiale les d\u00e9tails du plan avant le d\u00e9but de la rencontre administrative qui doit avoir lieu du 2 au 11 juillet au stade Alamodome de San Antonio au Texas.","og_url":"https:\/\/interamerica.org\/fr\/2015\/05\/votre-guide-pour-le-programme-de-la-session-de-la-conference-generale\/","og_site_name":"\u00c9glise Adventiste Du Septieme Jour - Inter Am\u00e9rique Division","article_published_time":"2015-05-20T04:00:00+00:00","og_image":[{"width":1000,"height":499,"url":"https:\/\/interamerica.org\/wp-content\/uploads\/2017\/06\/rsz_4736390815_c00abb2460_b.jpg","type":"image\/jpeg"}],"author":"Lorenzo Verduzco","twitter_card":"summary_large_image","twitter_misc":{"\u00c9crit par":"Lorenzo Verduzco","Dur\u00e9e de lecture estim\u00e9e":"15 minutes"},"schema":{"@context":"https:\/\/schema.org","@graph":[{"@type":"Article","@id":"https:\/\/interamerica.org\/fr\/2015\/05\/votre-guide-pour-le-programme-de-la-session-de-la-conference-generale\/#article","isPartOf":{"@id":"https:\/\/interamerica.org\/fr\/2015\/05\/votre-guide-pour-le-programme-de-la-session-de-la-conference-generale\/"},"author":{"name":"Lorenzo Verduzco","@id":"https:\/\/interamerica.org\/fr\/#\/schema\/person\/68ede8bdc292885bb76c1e3810e73c39"},"headline":"Votre guide pour le programme de la Session de la Conf\u00e9rence G\u00e9n\u00e9rale","datePublished":"2015-05-20T04:00:00+00:00","mainEntityOfPage":{"@id":"https:\/\/interamerica.org\/fr\/2015\/05\/votre-guide-pour-le-programme-de-la-session-de-la-conference-generale\/"},"wordCount":3001,"image":{"@id":"https:\/\/interamerica.org\/fr\/2015\/05\/votre-guide-pour-le-programme-de-la-session-de-la-conference-generale\/#primaryimage"},"thumbnailUrl":"https:\/\/interamerica.org\/wp-content\/uploads\/2017\/06\/rsz_4736390815_c00abb2460_b.jpg","articleSection":["Nouvelles de l'\u00c9glise mondiale","RSS Fran\u00e7ais"],"inLanguage":"fr-FR"},{"@type":"WebPage","@id":"https:\/\/interamerica.org\/fr\/2015\/05\/votre-guide-pour-le-programme-de-la-session-de-la-conference-generale\/","url":"https:\/\/interamerica.org\/fr\/2015\/05\/votre-guide-pour-le-programme-de-la-session-de-la-conference-generale\/","name":"Votre guide pour le programme de la Session de la Conf\u00e9rence G\u00e9n\u00e9rale - \u00c9glise Adventiste Du Septieme Jour - Inter Am\u00e9rique Division","isPartOf":{"@id":"https:\/\/interamerica.org\/fr\/#website"},"primaryImageOfPage":{"@id":"https:\/\/interamerica.org\/fr\/2015\/05\/votre-guide-pour-le-programme-de-la-session-de-la-conference-generale\/#primaryimage"},"image":{"@id":"https:\/\/interamerica.org\/fr\/2015\/05\/votre-guide-pour-le-programme-de-la-session-de-la-conference-generale\/#primaryimage"},"thumbnailUrl":"https:\/\/interamerica.org\/wp-content\/uploads\/2017\/06\/rsz_4736390815_c00abb2460_b.jpg","datePublished":"2015-05-20T04:00:00+00:00","author":{"@id":"https:\/\/interamerica.org\/fr\/#\/schema\/person\/68ede8bdc292885bb76c1e3810e73c39"},"breadcrumb":{"@id":"https:\/\/interamerica.org\/fr\/2015\/05\/votre-guide-pour-le-programme-de-la-session-de-la-conference-generale\/#breadcrumb"},"inLanguage":"fr-FR","potentialAction":[{"@type":"ReadAction","target":["https:\/\/interamerica.org\/fr\/2015\/05\/votre-guide-pour-le-programme-de-la-session-de-la-conference-generale\/"]}]},{"@type":"ImageObject","inLanguage":"fr-FR","@id":"https:\/\/interamerica.org\/fr\/2015\/05\/votre-guide-pour-le-programme-de-la-session-de-la-conference-generale\/#primaryimage","url":"https:\/\/interamerica.org\/wp-content\/uploads\/2017\/06\/rsz_4736390815_c00abb2460_b.jpg","contentUrl":"https:\/\/interamerica.org\/wp-content\/uploads\/2017\/06\/rsz_4736390815_c00abb2460_b.jpg","width":1000,"height":499},{"@type":"BreadcrumbList","@id":"https:\/\/interamerica.org\/fr\/2015\/05\/votre-guide-pour-le-programme-de-la-session-de-la-conference-generale\/#breadcrumb","itemListElement":[{"@type":"ListItem","position":1,"name":"Home","item":"https:\/\/interamerica.org\/fr\/"},{"@type":"ListItem","position":2,"name":"Votre guide pour le programme de la Session de la Conf\u00e9rence G\u00e9n\u00e9rale"}]},{"@type":"WebSite","@id":"https:\/\/interamerica.org\/fr\/#website","url":"https:\/\/interamerica.org\/fr\/","name":"\u00c9glise Adventiste Du Septieme Jour - Inter Am\u00e9rique Division","description":"","potentialAction":[{"@type":"SearchAction","target":{"@type":"EntryPoint","urlTemplate":"https:\/\/interamerica.org\/fr\/?s={search_term_string}"},"query-input":{"@type":"PropertyValueSpecification","valueRequired":true,"valueName":"search_term_string"}}],"inLanguage":"fr-FR"},{"@type":"Person","@id":"https:\/\/interamerica.org\/fr\/#\/schema\/person\/68ede8bdc292885bb76c1e3810e73c39","name":"Lorenzo Verduzco","image":{"@type":"ImageObject","inLanguage":"fr-FR","@id":"https:\/\/secure.gravatar.com\/avatar\/fb81a55b6218459490a9c1dc841a34909185b81904c5337b4b27f7a6fd60c49e?s=96&d=mm&r=g","url":"https:\/\/secure.gravatar.com\/avatar\/fb81a55b6218459490a9c1dc841a34909185b81904c5337b4b27f7a6fd60c49e?s=96&d=mm&r=g","contentUrl":"https:\/\/secure.gravatar.com\/avatar\/fb81a55b6218459490a9c1dc841a34909185b81904c5337b4b27f7a6fd60c49e?s=96&d=mm&r=g","caption":"Lorenzo Verduzco"}}]}},"_links":{"self":[{"href":"https:\/\/interamerica.org\/fr\/wp-json\/wp\/v2\/posts\/32277","targetHints":{"allow":["GET"]}}],"collection":[{"href":"https:\/\/interamerica.org\/fr\/wp-json\/wp\/v2\/posts"}],"about":[{"href":"https:\/\/interamerica.org\/fr\/wp-json\/wp\/v2\/types\/post"}],"author":[{"embeddable":true,"href":"https:\/\/interamerica.org\/fr\/wp-json\/wp\/v2\/users\/1"}],"replies":[{"embeddable":true,"href":"https:\/\/interamerica.org\/fr\/wp-json\/wp\/v2\/comments?post=32277"}],"version-history":[{"count":0,"href":"https:\/\/interamerica.org\/fr\/wp-json\/wp\/v2\/posts\/32277\/revisions"}],"wp:featuredmedia":[{"embeddable":true,"href":"https:\/\/interamerica.org\/fr\/wp-json\/wp\/v2\/media\/25381"}],"wp:attachment":[{"href":"https:\/\/interamerica.org\/fr\/wp-json\/wp\/v2\/media?parent=32277"}],"wp:term":[{"taxonomy":"category","embeddable":true,"href":"https:\/\/interamerica.org\/fr\/wp-json\/wp\/v2\/categories?post=32277"},{"taxonomy":"post_tag","embeddable":true,"href":"https:\/\/interamerica.org\/fr\/wp-json\/wp\/v2\/tags?post=32277"}],"curies":[{"name":"wp","href":"https:\/\/api.w.org\/{rel}","templated":true}]}}