{"id":32282,"date":"2015-05-29T00:00:00","date_gmt":"2015-05-29T04:00:00","guid":{"rendered":"http:\/\/192.81.217.108\/interamerica\/2015\/05\/labc-de-la-session-de-la-conference-generale-decouvrons-les-delegues\/"},"modified":"2015-05-29T00:00:00","modified_gmt":"2015-05-29T04:00:00","slug":"labc-de-la-session-de-la-conference-generale-decouvrons-les-delegues","status":"publish","type":"post","link":"https:\/\/interamerica.org\/fr\/2015\/05\/labc-de-la-session-de-la-conference-generale-decouvrons-les-delegues\/","title":{"rendered":"L\u2019ABC de la Session de la Conf\u00e9rence G\u00e9n\u00e9rale : d\u00e9couvrons les d\u00e9l\u00e9gu\u00e9s"},"content":{"rendered":"<p>28 Mai 2015 \u2013 Silver Spring, Maryland, Etats Unis \u2013 ANN<\/p>\n<div id=\"attachment_17183\" style=\"width: 410px\" class=\"wp-caption alignright\"><a href=\"\/interamerica\/wp-content\/uploads\/2017\/06\/csm_voters__4__720_e6a631bef6.png\" rel=\"fancybox\" title=\"L\u2019ABC de la Session de la Conf\u00e9rence G\u00e9n\u00e9rale : d\u00e9couvrons les d\u00e9l\u00e9gu\u00e9s\"><img fetchpriority=\"high\" decoding=\"async\" aria-describedby=\"caption-attachment-17183\" class=\"size-full wp-image-17183\" src=\"\/interamerica\/wp-content\/uploads\/2017\/06\/csm_voters__4__720_e6a631bef6.png\" alt=\"\" width=\"400\" height=\"267\" \/><\/a><p id=\"caption-attachment-17183\" class=\"wp-caption-text\">Des d\u00e9l\u00e9gu\u00e9s en train de voter lors de la Rencontre d\u2019Ouverture de la Session de la Conf\u00e9rence G\u00e9n\u00e9rale qui s\u2019est tenue au Georgia Dome le jeudi 24 juin. La Rencontre d\u2019Ouverture de la session de la Conf\u00e9rence G\u00e9n\u00e9rale a trait\u00e9 de questions relatives \u00e0 l\u2019organisation de l\u2019\u00e9glise et d\u2019autres points administratifs. Image de Josef Kissinger<\/p><\/div>\n<p>Le si\u00e8ge mondial de l\u2019Eglise Adventiste du Septi\u00e8me Jour est en effervescence avec les pr\u00e9paratifs pour la prochaine Session de la Conf\u00e9rence G\u00e9n\u00e9rale. La 60\u00e8me rencontre du genre dans les 152 ans d\u2019histoire de la d\u00e9nomination, se tiendra \u00e0 San Antonio au Texas et verra pas moins de 60000 personnes de plus de 170 pays se r\u00e9unir \u00e0 l\u2019Alamodome.<\/p>\n<p>Bien que consid\u00e9r\u00e9 parfois comme une sorte de camp-meeting mondial pour ceux qui viennent afin d\u2019entendre de la musique et des pr\u00e9dications du monde entier tout en renouant le contact avec de vieux amis et en en rencontrant de nouveaux, ce rassemblement est essentiellement une rencontre administrative au cours de laquelle les dirigeants de l\u2019\u00e9glise mondiale sont \u00e9lus, des questions cruciales sont discut\u00e9es et des d\u00e9cisions prises pour d\u00e9terminer comment l\u2019\u00e9glise avancera en accomplissant sa mission.<\/p>\n<p><span style=\"font-size: medium;\"><strong>La Session<\/strong><\/span><\/p>\n<p>La toute premi\u00e8re Session officielle mondiale tenue par l\u2019Eglise Adventiste du Septi\u00e8me Jour a \u00e9t\u00e9 une rencontre qui a dur\u00e9 une journ\u00e9e, le 20 mai 1863 \u00e0 Battle Creek dans le Michigan avec 20 d\u00e9l\u00e9gu\u00e9s pr\u00e9sents. A l\u2019\u00e9poque la structure organisationnelle de l\u2019\u00e9glise \u00e9tait petite et l\u2019effectif \u00e9tait seulement de quelques milliers de membres venant principalement des Etats Unis d\u2019Am\u00e9rique. Cependant, l\u2019Eglise Adventiste du Septi\u00e8me Jour s\u2019\u00e9tant d\u00e9velopp\u00e9 dans plusieurs pays du monde, son effectif de membres a \u00e9galement augment\u00e9.<\/p>\n<p>Les d\u00e9l\u00e9gu\u00e9s, qui sont envoy\u00e9s en tant que repr\u00e9sentants de l\u2019\u00e9glise constitu\u00e9e dans leurs r\u00e9gions d\u2019origine, m\u00e8nent la rencontre administrative de la Session de la Conf\u00e9rence G\u00e9n\u00e9rale. Mais qui sont les d\u00e9l\u00e9gu\u00e9s au juste ? Comment sont-ils choisis ? Quelles sont leurs responsabilit\u00e9s alors qu\u2019ils participent \u00e0 une Session de la Conf\u00e9rence G\u00e9n\u00e9rale ?<\/p>\n<p>Les r\u00e8gles pr\u00e9sidant \u00e0 la s\u00e9lection des d\u00e9l\u00e9gu\u00e9s sont mentionn\u00e9es dans les Statuts et R\u00e8glements de la Conf\u00e9rence G\u00e9n\u00e9rale qui d\u00e9finissent le r\u00f4le et le fonctionnement de l\u2019\u00e9glise mondiale et de ceux qui participent \u00e0 une Session de la Conf\u00e9rence G\u00e9n\u00e9rale.<\/p>\n<p>Dans une volont\u00e9 de d\u00e9barrasser la d\u00e9finition du d\u00e9l\u00e9gu\u00e9, ainsi que la description de leurs responsabilit\u00e9s, de tout le langage technique que l\u2019on pourrait trouver dans un discours plut\u00f4t complexe, cet article cherchera \u00e0 d\u00e9crire de mani\u00e8re g\u00e9n\u00e9rale et dans un langage accessible ce qui constitue ce corps op\u00e9rationnel.<\/p>\n<p>En termes g\u00e9n\u00e9raux, la structure de l\u2019\u00e9glise peut \u00eatre comprise en se rappelant que les membres appartiennent \u00e0 des congr\u00e9gations. Les congr\u00e9gations au sein d\u2019un territoire g\u00e9ographique donn\u00e9 sont organis\u00e9es en f\u00e9d\u00e9ration ou en mission locale, ou dans certains cas en union d\u2019\u00e9glises. Un groupe de f\u00e9d\u00e9rations locales ou de missions locales composent une union de f\u00e9d\u00e9rations ou une union mission. Les unions sont les composants de base de la Conf\u00e9rence G\u00e9n\u00e9rale.<\/p>\n<p>Un terme comme \u00ab mission \u00bb lorsqu\u2019il est attach\u00e9 aux mots f\u00e9d\u00e9rations ou unions indique en g\u00e9n\u00e9ral que ces derni\u00e8res sont dans une phase d\u00e9veloppement qui n\u2019a pas encore atteint une pleine viabilit\u00e9 et autosuffisance financi\u00e8re.<\/p>\n<p>Les unions et les divisions de la Conf\u00e9rence G\u00e9n\u00e9rale choisissent les d\u00e9l\u00e9gu\u00e9s en respectant le quota de d\u00e9l\u00e9gu\u00e9s r\u00e9guliers er les processus de s\u00e9lection d\u00e9finis par les R\u00e8glements. Les membres du Comit\u00e9 Ex\u00e9cutif de la Conf\u00e9rence G\u00e9n\u00e9rale sont \u00e9galement des d\u00e9l\u00e9gu\u00e9s de la Sessions de la Conf\u00e9rence G\u00e9n\u00e9rale.<\/p>\n<p>Le nombre total de d\u00e9l\u00e9gu\u00e9s de chaque division doit inclure au moins 50% de la\u00efcs, de pasteurs ou d\u2019autres ouvriers non administratifs. Une majorit\u00e9 de ces 50% doit \u00eatre constitu\u00e9e de la\u00efcs.<\/p>\n<p>Il y a deux sortes de d\u00e9l\u00e9gu\u00e9s : les d\u00e9l\u00e9gu\u00e9s r\u00e9guliers et les d\u00e9l\u00e9gu\u00e9s \u00ab au sens large. \u00bb Les d\u00e9l\u00e9gu\u00e9s r\u00e9guliers repr\u00e9sentent les unit\u00e9s de membres de la Conf\u00e9rence G\u00e9n\u00e9rale comme indiqu\u00e9 dans les r\u00e8glements.<\/p>\n<p>Les d\u00e9l\u00e9gu\u00e9s \u00ab au sens large \u00bb repr\u00e9sentent la Conf\u00e9rence G\u00e9n\u00e9rale et ses institutions ainsi que les divisions et leurs institutions.<\/p>\n<p>L\u2019ensemble de la d\u00e9l\u00e9gation pour une Session de la Conf\u00e9rence G\u00e9n\u00e9rale est compos\u00e9e de :<\/p>\n<p>Quotas de d\u00e9l\u00e9gu\u00e9s bas\u00e9s sur des unit\u00e9s de la structure organisationnelle<br \/>\nQuotas de d\u00e9l\u00e9gu\u00e9s bas\u00e9s sur l\u2019effectif de membres des divisions selon un pourcentage de l\u2019effectif total de membres de l\u2019\u00e9glise mondiale<br \/>\nEt de<br \/>\nD\u00e9l\u00e9gu\u00e9s repr\u00e9sentant la Conf\u00e9rence G\u00e9n\u00e9rale, ses institutions, les divisions et leurs institutions.<\/p>\n<p><span style=\"font-size: medium;\"><strong>Qui sont ces d\u00e9l\u00e9gu\u00e9s ?<\/strong><\/span><\/p>\n<p>Voici quelques donn\u00e9es int\u00e9ressantes concernant les d\u00e9l\u00e9gu\u00e9s \u00e0 cette Session de la Conf\u00e9rence G\u00e9n\u00e9rale :<\/p>\n<p>D\u00e9l\u00e9gu\u00e9s r\u00e9guliers : 1559<\/p>\n<p>D\u00e9l\u00e9gu\u00e9s \u00ab au sens large \u00bb : 1007<\/p>\n<p>Total de d\u00e9l\u00e9gu\u00e9s : 2566<\/p>\n<p>Tranches d\u2019\u00e2ge :<\/p>\n<p>Moins de 30 ans : 6%<br \/>\nEntre 30 et 39 ans : 10%<br \/>\nEntre 40 et 49 ans : 26%<br \/>\nEntre 50 et 59 ans : 35%<br \/>\nEntre 60 et 69 ans : 19%<br \/>\nPlus de 70 ans : 3%<\/p>\n<p>R\u00e9partition par Sexe :<\/p>\n<p>Femmes : 17%<br \/>\nHommes: 83%<\/p>\n<p><span style=\"font-size: medium;\"><strong>Comment sont choisis les d\u00e9l\u00e9gu\u00e9s<\/strong><\/span><\/p>\n<p>Une question qui ne manquera pas d\u2019\u00eatre pos\u00e9e \u00e0 la lecture des statistiques sur la repr\u00e9sentation par sexe est celle ci : pourquoi le pourcentage de femmes d\u00e9l\u00e9gu\u00e9es est-il si faible quand il apparait que les femmes sont majoritaires dans l\u2019effectif de membres de l\u2019Eglise Adventiste ? La r\u00e9ponse est simple. Bien que des efforts soient r\u00e9guli\u00e8rement faits pour s\u2019assurer que les deux sexes soient repr\u00e9sent\u00e9s dans l\u2019ensemble de la d\u00e9l\u00e9gation, actuellement les positions depuis lesquelles ces d\u00e9l\u00e9gu\u00e9s sont choisis, et qui de plus g\u00e9n\u00e8rent la majorit\u00e9 des d\u00e9l\u00e9gu\u00e9s \u00e0 la Session, sont occup\u00e9es par des hommes. Cela changera avec le temps au fur et \u00e0 mesure que davantage de femmes seront nomm\u00e9es \u00e0 des postes de direction et dans les comit\u00e9s ex\u00e9cutifs des f\u00e9d\u00e9rations et des unions.<\/p>\n<p>Il est important de remarquer que les d\u00e9l\u00e9gu\u00e9s r\u00e9guliers \u00e0 la Session de la Conf\u00e9rence G\u00e9n\u00e9rale ne sont pas s\u00e9lectionn\u00e9s par la Conf\u00e9rence G\u00e9n\u00e9rale elle m\u00eame, mais sont choisis par les unions et les divisions du champ mondial. Les personnes choisies sont les repr\u00e9sentants de leurs diff\u00e9rentes organisations \u00e0 la Session de la Conf\u00e9rence G\u00e9n\u00e9rale.<\/p>\n<p>Les comit\u00e9s ex\u00e9cutifs de l\u2019entit\u00e9 qu\u2019ils repr\u00e9sentent choisissent les d\u00e9l\u00e9gu\u00e9s r\u00e9guliers. Si le d\u00e9l\u00e9gu\u00e9 repr\u00e9sente une mission, le comit\u00e9 de l\u2019entit\u00e9 m\u00e8re \u00e0 laquelle la mission est rattach\u00e9e choisit le d\u00e9l\u00e9gu\u00e9. Les d\u00e9l\u00e9gu\u00e9s constituent un m\u00e9lange de la\u00efcs, de pasteurs, d\u2019enseignants et d\u2019administrateurs.<\/p>\n<p>Leur travail consiste \u00e0 se rendre \u00e0 la Session et \u00e0 \u00eatre pr\u00e9sents lors des s\u00e9ances administratives afin de d\u00e9battre, de discuter et de voter sur les points inscrits \u00e0 l\u2019ordre du jour. Ils doivent \u00eatre des membres r\u00e9guliers de l\u2019Eglise Adventiste du Septi\u00e8me Jour et ils sont souvent choisis au vu de leur int\u00e9r\u00eat et de leur engagement manifestes au sein de l\u2019\u00e9glise.<\/p>\n<p>Au cours des r\u00e9centes ann\u00e9es, l\u2019\u00e9glise a fait des efforts pour inclure des jeunes adultes, des femmes et des ouvriers non administratifs dans la composition de la d\u00e9l\u00e9gation.<\/p>\n<p>Chaque d\u00e9l\u00e9gu\u00e9 a une voix \u2013 c\u2019est \u00e0 dire qu\u2019ils peuvent se pr\u00e9senter au micro et prendre part \u00e0 la discussion sur le point qui est consid\u00e9r\u00e9. Ils ont \u00e9galement droit de vote \u2013 c\u2019est \u00e0 dire qu\u2019ils peuvent voter sur le pont de l\u2019ordre du jour qui est discut\u00e9.<\/p>\n<p>Un tiers du nombre total de d\u00e9l\u00e9gu\u00e9s doit \u00eatre pr\u00e9sent \u00e0 la Session pour qu\u2019un quorum soit atteint et que la d\u00e9l\u00e9gation puisse d\u00e9lib\u00e9rer valablement.<\/p>\n<p>Peu de temps apr\u00e8s le d\u00e9but de la Session, les d\u00e9l\u00e9gu\u00e9s se retrouvent par groupes appel\u00e9s encore \u00ab caucus, \u00bb une groupe par division et union rattach\u00e9e et un groupe pour la Conf\u00e9rence G\u00e9n\u00e9rale et ces d\u00e9l\u00e9gu\u00e9s \u00ab au sens large \u00bb qu\u2019elle nomme en particulier selon ce que pr\u00e9voient les R\u00e8glements et les provisions du Comit\u00e9 Ex\u00e9cutif. L\u2019objectif de ces groupes est de choisir des membres de chaque groupe qui serviront dans la Commission de Nominations. Le nombre de membres de la Commission de Nominations provenant de chaque groupe est d\u00e9fini sp\u00e9cifiquement dans les R\u00e8glements.<\/p>\n<p>Les d\u00e9l\u00e9gu\u00e9s r\u00e9guliers et les d\u00e9l\u00e9gu\u00e9s \u00ab au sens large \u00bb, approuvent l\u2019ordre du jour de la Session et ils \u00e9lisent les dirigeants de l\u2019Eglise Adventiste mondiale apr\u00e8s avoir re\u00e7u les rapports de la Commission de Nominations.<\/p>\n<p>Dans les prochaines \u00e9ditions de la s\u00e9rie ABC de la Session de la Conf\u00e9rence G\u00e9n\u00e9rale, nous discuterons des r\u00e8glements qui d\u00e9finissent la formation de la commission de nominations ainsi que leurs responsabilit\u00e9s. Les futurs articles consid\u00e9reront l\u2019exp\u00e9rience v\u00e9cue lorsqu\u2019on est nomin\u00e9 en parlant \u00e0 un ancien nomin\u00e9.<\/p>\n<p>Il y a 2566 d\u00e9l\u00e9gu\u00e9s d\u00e9sign\u00e9s pour d\u00e9terminer qui seront les dirigeants de la Conf\u00e9rence G\u00e9n\u00e9rale et de ses divisions, les croyances fondamentales de l\u2019\u00e9glise, les amendements au Manuel d\u2019Eglise et d\u2019autres questions qui seront confi\u00e9es \u00e0 la Session par le Comit\u00e9 Ex\u00e9cutif de la Conf\u00e9rence G\u00e9n\u00e9rale. Cependant leur plus importante t\u00e2che, et celle de l\u2019\u00e9glise en g\u00e9n\u00e9ral, sera de se concentrer sur les plans et les pr\u00e9sentations sur la mission de l\u2019\u00e9glise pour exalter Christ, Sa justice, le message de Trois Anges, Sa mission \u00e9vang\u00e9lique aupr\u00e8s du monde et Sa prochaine seconde venue. L\u2019emphase spirituelle de la Session de la Conf\u00e9rence G\u00e9n\u00e9rale est l\u2019aspect le plus important de son travail \u2013 unifier le peuple de Dieu afin qu\u2019il accomplisse la mission finale que Dieu a plac\u00e9e entre ses mains.<\/p>\n<p>La direction de la Conf\u00e9rence G\u00e9n\u00e9rale a invit\u00e9 les membres d\u2019\u00e9glise du monde entier \u00e0 participer \u00e0 la campagne des 100 Jours de Pri\u00e8re jusqu\u2019\u00e0 la tenue de la Session de la Conf\u00e9rence G\u00e9n\u00e9rale. Il nous faut prier pour l\u2019effusion de la pluie du Saint Esprit , celle de l\u2019arri\u00e8re saison sur la Session 2015 de la Conf\u00e9rence G\u00e9n\u00e9rale. C\u2019est la plus importante t\u00e2che de la Session \u2013 nous amener \u00e0 nous humilier devant Dieu et recevoir Sa puissance unificatrice pour accomplir la mission qu\u2019a Dieu pour Son \u00e9glise.<\/p>\n<p>Priez s\u2019il vous plait pour les d\u00e9l\u00e9gu\u00e9s alors qu\u2019ils se r\u00e9uniront pour mener cette t\u00e2che des plus importantes. C\u2019est notre v\u0153u que les affaires de l\u2019\u00e9glise dirig\u00e9es fid\u00e8lement, les c\u0153urs qui sont ouverts sinc\u00e8rement au Saint Esprit, les pri\u00e8res qui montent sans cesse en faveur du peuple de Dieu, les esprits qui sondent diligemment la parole de Dieu et les mains qui agissent sans cesse dans l\u2019amour de Dieu, nous permettront bient\u00f4t de voir Sa face.<\/p>\n<p>Le th\u00e8me de la Session 2015 de la Conf\u00e9rence G\u00e9n\u00e9rale est : \u00ab L\u00e8ve Toi ! Brille ! J\u00e9sus Revient ! \u00bb Que ce soit le th\u00e8me des Adventistes du Septi\u00e8me Jour qui se r\u00e9uniront \u00e0 San Antonio et tout autour du monde.<\/p>\n<p>Traduction: Patrick Luciathe<\/p>\n","protected":false},"excerpt":{"rendered":"<p>Le si\u00e8ge mondial de l\u2019Eglise Adventiste du Septi\u00e8me Jour est en effervescence avec les pr\u00e9paratifs pour la prochaine Session de la Conf\u00e9rence G\u00e9n\u00e9rale. <\/p>\n<p>La 60\u00e8me rencontre du genre dans les 152 ans d\u2019histoire de la d\u00e9nomination, se tiendra \u00e0 San Antonio au Texas et verra pas moins de 60000 personnes de plus de 170 pays se r\u00e9unir \u00e0 l\u2019Alamodome.<\/p>\n","protected":false},"author":1,"featured_media":25439,"comment_status":"closed","ping_status":"closed","sticky":false,"template":"","format":"standard","meta":{"_acf_changed":false,"footnotes":""},"categories":[18,19],"tags":[],"class_list":["post-32282","post","type-post","status-publish","format-standard","has-post-thumbnail","hentry","category-nouvelles-de-leglise-mondiale","category-rss-francais"],"acf":[],"yoast_head":"<!-- This site is optimized with the Yoast SEO plugin v27.3 - https:\/\/yoast.com\/product\/yoast-seo-wordpress\/ -->\n<title>L\u2019ABC de la Session de la Conf\u00e9rence G\u00e9n\u00e9rale : d\u00e9couvrons les d\u00e9l\u00e9gu\u00e9s - \u00c9glise Adventiste Du Septieme Jour - Inter Am\u00e9rique Division<\/title>\n<meta name=\"robots\" content=\"index, follow, max-snippet:-1, max-image-preview:large, max-video-preview:-1\" \/>\n<link rel=\"canonical\" href=\"https:\/\/interamerica.org\/fr\/2015\/05\/labc-de-la-session-de-la-conference-generale-decouvrons-les-delegues\/\" \/>\n<meta property=\"og:locale\" content=\"fr_FR\" \/>\n<meta property=\"og:type\" content=\"article\" \/>\n<meta property=\"og:title\" content=\"L\u2019ABC de la Session de la Conf\u00e9rence G\u00e9n\u00e9rale : d\u00e9couvrons les d\u00e9l\u00e9gu\u00e9s - \u00c9glise Adventiste Du Septieme Jour - Inter Am\u00e9rique Division\" \/>\n<meta property=\"og:description\" content=\"Le si\u00e8ge mondial de l\u2019Eglise Adventiste du Septi\u00e8me Jour est en effervescence avec les pr\u00e9paratifs pour la prochaine Session de la Conf\u00e9rence G\u00e9n\u00e9rale.  La 60\u00e8me rencontre du genre dans les 152 ans d\u2019histoire de la d\u00e9nomination, se tiendra \u00e0 San Antonio au Texas et verra pas moins de 60000 personnes de plus de 170 pays se r\u00e9unir \u00e0 l\u2019Alamodome.\" \/>\n<meta property=\"og:url\" content=\"https:\/\/interamerica.org\/fr\/2015\/05\/labc-de-la-session-de-la-conference-generale-decouvrons-les-delegues\/\" \/>\n<meta property=\"og:site_name\" content=\"\u00c9glise Adventiste Du Septieme Jour - Inter Am\u00e9rique Division\" \/>\n<meta property=\"article:published_time\" content=\"2015-05-29T04:00:00+00:00\" \/>\n<meta property=\"og:image\" content=\"https:\/\/interamerica.org\/wp-content\/uploads\/2017\/06\/csm_voters__4__720_e6a631bef6.png\" \/>\n\t<meta property=\"og:image:width\" content=\"400\" \/>\n\t<meta property=\"og:image:height\" content=\"267\" \/>\n\t<meta property=\"og:image:type\" content=\"image\/png\" \/>\n<meta name=\"author\" content=\"Lorenzo Verduzco\" \/>\n<meta name=\"twitter:card\" content=\"summary_large_image\" \/>\n<meta name=\"twitter:label1\" content=\"\u00c9crit par\" \/>\n\t<meta name=\"twitter:data1\" content=\"Lorenzo Verduzco\" \/>\n\t<meta name=\"twitter:label2\" content=\"Dur\u00e9e de lecture estim\u00e9e\" \/>\n\t<meta name=\"twitter:data2\" content=\"10 minutes\" \/>\n<script type=\"application\/ld+json\" class=\"yoast-schema-graph\">{\"@context\":\"https:\\\/\\\/schema.org\",\"@graph\":[{\"@type\":\"Article\",\"@id\":\"https:\\\/\\\/interamerica.org\\\/fr\\\/2015\\\/05\\\/labc-de-la-session-de-la-conference-generale-decouvrons-les-delegues\\\/#article\",\"isPartOf\":{\"@id\":\"https:\\\/\\\/interamerica.org\\\/fr\\\/2015\\\/05\\\/labc-de-la-session-de-la-conference-generale-decouvrons-les-delegues\\\/\"},\"author\":{\"name\":\"Lorenzo Verduzco\",\"@id\":\"https:\\\/\\\/interamerica.org\\\/fr\\\/#\\\/schema\\\/person\\\/68ede8bdc292885bb76c1e3810e73c39\"},\"headline\":\"L\u2019ABC de la Session de la Conf\u00e9rence G\u00e9n\u00e9rale : d\u00e9couvrons les d\u00e9l\u00e9gu\u00e9s\",\"datePublished\":\"2015-05-29T04:00:00+00:00\",\"mainEntityOfPage\":{\"@id\":\"https:\\\/\\\/interamerica.org\\\/fr\\\/2015\\\/05\\\/labc-de-la-session-de-la-conference-generale-decouvrons-les-delegues\\\/\"},\"wordCount\":2114,\"image\":{\"@id\":\"https:\\\/\\\/interamerica.org\\\/fr\\\/2015\\\/05\\\/labc-de-la-session-de-la-conference-generale-decouvrons-les-delegues\\\/#primaryimage\"},\"thumbnailUrl\":\"https:\\\/\\\/interamerica.org\\\/wp-content\\\/uploads\\\/2017\\\/06\\\/csm_voters__4__720_e6a631bef6.png\",\"articleSection\":[\"Nouvelles de l'\u00c9glise mondiale\",\"RSS Fran\u00e7ais\"],\"inLanguage\":\"fr-FR\"},{\"@type\":\"WebPage\",\"@id\":\"https:\\\/\\\/interamerica.org\\\/fr\\\/2015\\\/05\\\/labc-de-la-session-de-la-conference-generale-decouvrons-les-delegues\\\/\",\"url\":\"https:\\\/\\\/interamerica.org\\\/fr\\\/2015\\\/05\\\/labc-de-la-session-de-la-conference-generale-decouvrons-les-delegues\\\/\",\"name\":\"L\u2019ABC de la Session de la Conf\u00e9rence G\u00e9n\u00e9rale : d\u00e9couvrons les d\u00e9l\u00e9gu\u00e9s - \u00c9glise Adventiste Du Septieme Jour - Inter Am\u00e9rique Division\",\"isPartOf\":{\"@id\":\"https:\\\/\\\/interamerica.org\\\/fr\\\/#website\"},\"primaryImageOfPage\":{\"@id\":\"https:\\\/\\\/interamerica.org\\\/fr\\\/2015\\\/05\\\/labc-de-la-session-de-la-conference-generale-decouvrons-les-delegues\\\/#primaryimage\"},\"image\":{\"@id\":\"https:\\\/\\\/interamerica.org\\\/fr\\\/2015\\\/05\\\/labc-de-la-session-de-la-conference-generale-decouvrons-les-delegues\\\/#primaryimage\"},\"thumbnailUrl\":\"https:\\\/\\\/interamerica.org\\\/wp-content\\\/uploads\\\/2017\\\/06\\\/csm_voters__4__720_e6a631bef6.png\",\"datePublished\":\"2015-05-29T04:00:00+00:00\",\"author\":{\"@id\":\"https:\\\/\\\/interamerica.org\\\/fr\\\/#\\\/schema\\\/person\\\/68ede8bdc292885bb76c1e3810e73c39\"},\"breadcrumb\":{\"@id\":\"https:\\\/\\\/interamerica.org\\\/fr\\\/2015\\\/05\\\/labc-de-la-session-de-la-conference-generale-decouvrons-les-delegues\\\/#breadcrumb\"},\"inLanguage\":\"fr-FR\",\"potentialAction\":[{\"@type\":\"ReadAction\",\"target\":[\"https:\\\/\\\/interamerica.org\\\/fr\\\/2015\\\/05\\\/labc-de-la-session-de-la-conference-generale-decouvrons-les-delegues\\\/\"]}]},{\"@type\":\"ImageObject\",\"inLanguage\":\"fr-FR\",\"@id\":\"https:\\\/\\\/interamerica.org\\\/fr\\\/2015\\\/05\\\/labc-de-la-session-de-la-conference-generale-decouvrons-les-delegues\\\/#primaryimage\",\"url\":\"https:\\\/\\\/interamerica.org\\\/wp-content\\\/uploads\\\/2017\\\/06\\\/csm_voters__4__720_e6a631bef6.png\",\"contentUrl\":\"https:\\\/\\\/interamerica.org\\\/wp-content\\\/uploads\\\/2017\\\/06\\\/csm_voters__4__720_e6a631bef6.png\",\"width\":400,\"height\":267},{\"@type\":\"BreadcrumbList\",\"@id\":\"https:\\\/\\\/interamerica.org\\\/fr\\\/2015\\\/05\\\/labc-de-la-session-de-la-conference-generale-decouvrons-les-delegues\\\/#breadcrumb\",\"itemListElement\":[{\"@type\":\"ListItem\",\"position\":1,\"name\":\"Home\",\"item\":\"https:\\\/\\\/interamerica.org\\\/fr\\\/\"},{\"@type\":\"ListItem\",\"position\":2,\"name\":\"L\u2019ABC de la Session de la Conf\u00e9rence G\u00e9n\u00e9rale : d\u00e9couvrons les d\u00e9l\u00e9gu\u00e9s\"}]},{\"@type\":\"WebSite\",\"@id\":\"https:\\\/\\\/interamerica.org\\\/fr\\\/#website\",\"url\":\"https:\\\/\\\/interamerica.org\\\/fr\\\/\",\"name\":\"\u00c9glise Adventiste Du Septieme Jour - Inter Am\u00e9rique Division\",\"description\":\"\",\"potentialAction\":[{\"@type\":\"SearchAction\",\"target\":{\"@type\":\"EntryPoint\",\"urlTemplate\":\"https:\\\/\\\/interamerica.org\\\/fr\\\/?s={search_term_string}\"},\"query-input\":{\"@type\":\"PropertyValueSpecification\",\"valueRequired\":true,\"valueName\":\"search_term_string\"}}],\"inLanguage\":\"fr-FR\"},{\"@type\":\"Person\",\"@id\":\"https:\\\/\\\/interamerica.org\\\/fr\\\/#\\\/schema\\\/person\\\/68ede8bdc292885bb76c1e3810e73c39\",\"name\":\"Lorenzo Verduzco\",\"image\":{\"@type\":\"ImageObject\",\"inLanguage\":\"fr-FR\",\"@id\":\"https:\\\/\\\/secure.gravatar.com\\\/avatar\\\/fb81a55b6218459490a9c1dc841a34909185b81904c5337b4b27f7a6fd60c49e?s=96&d=mm&r=g\",\"url\":\"https:\\\/\\\/secure.gravatar.com\\\/avatar\\\/fb81a55b6218459490a9c1dc841a34909185b81904c5337b4b27f7a6fd60c49e?s=96&d=mm&r=g\",\"contentUrl\":\"https:\\\/\\\/secure.gravatar.com\\\/avatar\\\/fb81a55b6218459490a9c1dc841a34909185b81904c5337b4b27f7a6fd60c49e?s=96&d=mm&r=g\",\"caption\":\"Lorenzo Verduzco\"}}]}<\/script>\n<!-- \/ Yoast SEO plugin. -->","yoast_head_json":{"title":"L\u2019ABC de la Session de la Conf\u00e9rence G\u00e9n\u00e9rale : d\u00e9couvrons les d\u00e9l\u00e9gu\u00e9s - \u00c9glise Adventiste Du Septieme Jour - Inter Am\u00e9rique Division","robots":{"index":"index","follow":"follow","max-snippet":"max-snippet:-1","max-image-preview":"max-image-preview:large","max-video-preview":"max-video-preview:-1"},"canonical":"https:\/\/interamerica.org\/fr\/2015\/05\/labc-de-la-session-de-la-conference-generale-decouvrons-les-delegues\/","og_locale":"fr_FR","og_type":"article","og_title":"L\u2019ABC de la Session de la Conf\u00e9rence G\u00e9n\u00e9rale : d\u00e9couvrons les d\u00e9l\u00e9gu\u00e9s - \u00c9glise Adventiste Du Septieme Jour - Inter Am\u00e9rique Division","og_description":"Le si\u00e8ge mondial de l\u2019Eglise Adventiste du Septi\u00e8me Jour est en effervescence avec les pr\u00e9paratifs pour la prochaine Session de la Conf\u00e9rence G\u00e9n\u00e9rale.  La 60\u00e8me rencontre du genre dans les 152 ans d\u2019histoire de la d\u00e9nomination, se tiendra \u00e0 San Antonio au Texas et verra pas moins de 60000 personnes de plus de 170 pays se r\u00e9unir \u00e0 l\u2019Alamodome.","og_url":"https:\/\/interamerica.org\/fr\/2015\/05\/labc-de-la-session-de-la-conference-generale-decouvrons-les-delegues\/","og_site_name":"\u00c9glise Adventiste Du Septieme Jour - Inter Am\u00e9rique Division","article_published_time":"2015-05-29T04:00:00+00:00","og_image":[{"width":400,"height":267,"url":"https:\/\/interamerica.org\/wp-content\/uploads\/2017\/06\/csm_voters__4__720_e6a631bef6.png","type":"image\/png"}],"author":"Lorenzo Verduzco","twitter_card":"summary_large_image","twitter_misc":{"\u00c9crit par":"Lorenzo Verduzco","Dur\u00e9e de lecture estim\u00e9e":"10 minutes"},"schema":{"@context":"https:\/\/schema.org","@graph":[{"@type":"Article","@id":"https:\/\/interamerica.org\/fr\/2015\/05\/labc-de-la-session-de-la-conference-generale-decouvrons-les-delegues\/#article","isPartOf":{"@id":"https:\/\/interamerica.org\/fr\/2015\/05\/labc-de-la-session-de-la-conference-generale-decouvrons-les-delegues\/"},"author":{"name":"Lorenzo Verduzco","@id":"https:\/\/interamerica.org\/fr\/#\/schema\/person\/68ede8bdc292885bb76c1e3810e73c39"},"headline":"L\u2019ABC de la Session de la Conf\u00e9rence G\u00e9n\u00e9rale : d\u00e9couvrons les d\u00e9l\u00e9gu\u00e9s","datePublished":"2015-05-29T04:00:00+00:00","mainEntityOfPage":{"@id":"https:\/\/interamerica.org\/fr\/2015\/05\/labc-de-la-session-de-la-conference-generale-decouvrons-les-delegues\/"},"wordCount":2114,"image":{"@id":"https:\/\/interamerica.org\/fr\/2015\/05\/labc-de-la-session-de-la-conference-generale-decouvrons-les-delegues\/#primaryimage"},"thumbnailUrl":"https:\/\/interamerica.org\/wp-content\/uploads\/2017\/06\/csm_voters__4__720_e6a631bef6.png","articleSection":["Nouvelles de l'\u00c9glise mondiale","RSS Fran\u00e7ais"],"inLanguage":"fr-FR"},{"@type":"WebPage","@id":"https:\/\/interamerica.org\/fr\/2015\/05\/labc-de-la-session-de-la-conference-generale-decouvrons-les-delegues\/","url":"https:\/\/interamerica.org\/fr\/2015\/05\/labc-de-la-session-de-la-conference-generale-decouvrons-les-delegues\/","name":"L\u2019ABC de la Session de la Conf\u00e9rence G\u00e9n\u00e9rale : d\u00e9couvrons les d\u00e9l\u00e9gu\u00e9s - \u00c9glise Adventiste Du Septieme Jour - Inter Am\u00e9rique Division","isPartOf":{"@id":"https:\/\/interamerica.org\/fr\/#website"},"primaryImageOfPage":{"@id":"https:\/\/interamerica.org\/fr\/2015\/05\/labc-de-la-session-de-la-conference-generale-decouvrons-les-delegues\/#primaryimage"},"image":{"@id":"https:\/\/interamerica.org\/fr\/2015\/05\/labc-de-la-session-de-la-conference-generale-decouvrons-les-delegues\/#primaryimage"},"thumbnailUrl":"https:\/\/interamerica.org\/wp-content\/uploads\/2017\/06\/csm_voters__4__720_e6a631bef6.png","datePublished":"2015-05-29T04:00:00+00:00","author":{"@id":"https:\/\/interamerica.org\/fr\/#\/schema\/person\/68ede8bdc292885bb76c1e3810e73c39"},"breadcrumb":{"@id":"https:\/\/interamerica.org\/fr\/2015\/05\/labc-de-la-session-de-la-conference-generale-decouvrons-les-delegues\/#breadcrumb"},"inLanguage":"fr-FR","potentialAction":[{"@type":"ReadAction","target":["https:\/\/interamerica.org\/fr\/2015\/05\/labc-de-la-session-de-la-conference-generale-decouvrons-les-delegues\/"]}]},{"@type":"ImageObject","inLanguage":"fr-FR","@id":"https:\/\/interamerica.org\/fr\/2015\/05\/labc-de-la-session-de-la-conference-generale-decouvrons-les-delegues\/#primaryimage","url":"https:\/\/interamerica.org\/wp-content\/uploads\/2017\/06\/csm_voters__4__720_e6a631bef6.png","contentUrl":"https:\/\/interamerica.org\/wp-content\/uploads\/2017\/06\/csm_voters__4__720_e6a631bef6.png","width":400,"height":267},{"@type":"BreadcrumbList","@id":"https:\/\/interamerica.org\/fr\/2015\/05\/labc-de-la-session-de-la-conference-generale-decouvrons-les-delegues\/#breadcrumb","itemListElement":[{"@type":"ListItem","position":1,"name":"Home","item":"https:\/\/interamerica.org\/fr\/"},{"@type":"ListItem","position":2,"name":"L\u2019ABC de la Session de la Conf\u00e9rence G\u00e9n\u00e9rale : d\u00e9couvrons les d\u00e9l\u00e9gu\u00e9s"}]},{"@type":"WebSite","@id":"https:\/\/interamerica.org\/fr\/#website","url":"https:\/\/interamerica.org\/fr\/","name":"\u00c9glise Adventiste Du Septieme Jour - Inter Am\u00e9rique Division","description":"","potentialAction":[{"@type":"SearchAction","target":{"@type":"EntryPoint","urlTemplate":"https:\/\/interamerica.org\/fr\/?s={search_term_string}"},"query-input":{"@type":"PropertyValueSpecification","valueRequired":true,"valueName":"search_term_string"}}],"inLanguage":"fr-FR"},{"@type":"Person","@id":"https:\/\/interamerica.org\/fr\/#\/schema\/person\/68ede8bdc292885bb76c1e3810e73c39","name":"Lorenzo Verduzco","image":{"@type":"ImageObject","inLanguage":"fr-FR","@id":"https:\/\/secure.gravatar.com\/avatar\/fb81a55b6218459490a9c1dc841a34909185b81904c5337b4b27f7a6fd60c49e?s=96&d=mm&r=g","url":"https:\/\/secure.gravatar.com\/avatar\/fb81a55b6218459490a9c1dc841a34909185b81904c5337b4b27f7a6fd60c49e?s=96&d=mm&r=g","contentUrl":"https:\/\/secure.gravatar.com\/avatar\/fb81a55b6218459490a9c1dc841a34909185b81904c5337b4b27f7a6fd60c49e?s=96&d=mm&r=g","caption":"Lorenzo Verduzco"}}]}},"_links":{"self":[{"href":"https:\/\/interamerica.org\/fr\/wp-json\/wp\/v2\/posts\/32282","targetHints":{"allow":["GET"]}}],"collection":[{"href":"https:\/\/interamerica.org\/fr\/wp-json\/wp\/v2\/posts"}],"about":[{"href":"https:\/\/interamerica.org\/fr\/wp-json\/wp\/v2\/types\/post"}],"author":[{"embeddable":true,"href":"https:\/\/interamerica.org\/fr\/wp-json\/wp\/v2\/users\/1"}],"replies":[{"embeddable":true,"href":"https:\/\/interamerica.org\/fr\/wp-json\/wp\/v2\/comments?post=32282"}],"version-history":[{"count":0,"href":"https:\/\/interamerica.org\/fr\/wp-json\/wp\/v2\/posts\/32282\/revisions"}],"wp:featuredmedia":[{"embeddable":true,"href":"https:\/\/interamerica.org\/fr\/wp-json\/wp\/v2\/media\/25439"}],"wp:attachment":[{"href":"https:\/\/interamerica.org\/fr\/wp-json\/wp\/v2\/media?parent=32282"}],"wp:term":[{"taxonomy":"category","embeddable":true,"href":"https:\/\/interamerica.org\/fr\/wp-json\/wp\/v2\/categories?post=32282"},{"taxonomy":"post_tag","embeddable":true,"href":"https:\/\/interamerica.org\/fr\/wp-json\/wp\/v2\/tags?post=32282"}],"curies":[{"name":"wp","href":"https:\/\/api.w.org\/{rel}","templated":true}]}}