{"id":32283,"date":"2015-05-28T00:00:00","date_gmt":"2015-05-28T04:00:00","guid":{"rendered":"http:\/\/192.81.217.108\/interamerica\/2015\/05\/warren-judd-un-dirigeant-visionnaire-des-medias-adventistes-est-decede\/"},"modified":"2015-05-28T00:00:00","modified_gmt":"2015-05-28T04:00:00","slug":"warren-judd-un-dirigeant-visionnaire-des-medias-adventistes-est-decede","status":"publish","type":"post","link":"https:\/\/interamerica.org\/fr\/2015\/05\/warren-judd-un-dirigeant-visionnaire-des-medias-adventistes-est-decede\/","title":{"rendered":"Warren Judd, un dirigeant visionnaire des m\u00e9dias adventistes est d\u00e9c\u00e9d\u00e9"},"content":{"rendered":"<div id=\"attachment_17165\" style=\"width: 430px\" class=\"wp-caption alignright\"><a href=\"\/interamerica\/wp-content\/uploads\/2017\/06\/Judd.jpg\" rel=\"fancybox\" title=\"Warren Judd, un dirigeant visionnaire des m\u00e9dias adventistes est d\u00e9c\u00e9d\u00e9\"><img fetchpriority=\"high\" decoding=\"async\" aria-describedby=\"caption-attachment-17165\" class=\"wp-image-17165 \" src=\"\/interamerica\/wp-content\/uploads\/2017\/06\/Judd.jpg\" alt=\"\" width=\"420\" height=\"210\" \/><\/a><p id=\"caption-attachment-17165\" class=\"wp-caption-text\">Warren Judd, l\u2019ancien PDG du Centre des M\u00e9dias Adventistes (Adventist Media Center) succombe au cancer<\/p><\/div>\n<p>28 mai 2015\/ Silver Spring, Maryland\/ La Revue Adventiste et l\u2019\u00e9quipe d\u2019<em>Adventist Record<\/em><\/p>\n<p>Warren Judd, ancien PDG du Centre des M\u00e9dias Adventistes, en Californie, est mort le 26 mai dernier, apr\u00e8s s\u2019\u00eatre battu contre le cancer.<\/p>\n<p>Daniel R. Jackson, pr\u00e9sident de la division Nord Am\u00e9ricaine, a adress\u00e9 ses condol\u00e9ances au nom de l\u2019\u00c9glise Adventiste.<\/p>\n<p>\u00ab\u00a0Warren \u00e9tait un expert accompli des m\u00e9dias et un musicien talentueux. Mais plus important encore, il \u00e9tait un mari, un p\u00e8re d\u00e9vou\u00e9, et un chr\u00e9tien engag\u00e9\u00a0\u00bb a dit Jackson. \u00ab\u00a0Warren a aid\u00e9 de mani\u00e8re significative \u00e0 faire avancer\u00a0 la technologie de l\u2019audiovisuelle dans l\u00a0\u2018\u00c9glise Adventiste. Il nous manquera.\u00a0\u00bb<\/p>\n<p>\u00abLa belle-fille de Warren, Andrea, a exprim\u00e9 sa gratitude \u00e0 tous ceux qui ont montr\u00e9 de l\u2019amour et ont encourag\u00e9 leur famille. Elle loue Dieu d\u2019avoir permis \u00e0 son p\u00e8re de partir en paix, m\u00eame si c\u2019\u00e9tait le jour o\u00f9 sa m\u00e8re f\u00eatait ses 70 ans.<\/p>\n<p>\u00ab\u00a0Maman a \u00e9t\u00e9 un roc \u00e0 travers tout cela. Certainement pas sans larmes et une grande peine au c\u0153ur, mais avec une grande foi\u00a0!\u00a0\u00bb a confi\u00e9 Andrea. \u00ab\u00a0Par dessus tout, aujourd\u2019hui est son 70<sup>\u00e8me<\/sup> anniversaire. Et elle d\u00e9clare\u00a0: \u00ab\u00a0Je sais que beaucoup de gens pourraient voir les choses diff\u00e9remment et ne pas comprendre, mais je suis en fait heureuse qu\u2019il soit d\u00e9c\u00e9d\u00e9 le jour de mon anniversaire. Cela en fait un jour tr\u00e8s sp\u00e9cial et sacr\u00e9.\u00a0\u00bb<\/p>\n<p>En plus de diriger le centre des m\u00e9dias appartenant \u00e0 la d\u00e9nomination, Judd a \u00e9t\u00e9 responsable des op\u00e9rations audiovisuelles des cinq derni\u00e8res sessions de la Conf\u00e9rence G\u00e9n\u00e9rale, y compris celle de San Antonio 2015, dont l\u2019\u00e9laboration a pris des ann\u00e9es, a d\u00e9clar\u00e9 la Division Nord Am\u00e9ricaine.<\/p>\n<p>Judd \u00e9tait originaire d\u2019Australie.<\/p>\n<p>John Bradshaw, orateur et directeur de \u00ab\u00a0Il est \u00e9crit\u00a0\u00bb h\u00e9berg\u00e9 durant plusieurs ann\u00e9es au Centre des M\u00e9dias Adventistes (Adventist Media Center), a rendu hommage \u00e0 Judd, en le qualifiant de penseur cr\u00e9atif qui \u00ab\u00a0\u00e9tait toujours gentil dans ses relations avec les autres, m\u00eame si eux n\u2019\u00e9taient pas gentils dans leurs relations avec lui.\u00a0\u00bb<\/p>\n<p>\u00ab\u00a0N\u00e9anmoins cela nous rappelle encore que la vie est pr\u00e9cieuse, que la vie est fragile, que rien dans ce monde n\u2019est garanti, que chaque jour est un cadeau et que la famille, les amis et la foi en Dieu sont vraiment les choses les plus importantes dans ce monde\u00a0\u00bb a d\u00e9clar\u00e9 Bradshaw sur son blog.<\/p>\n<p>Traduction: Carole et Charles SAINT-LOUIS<\/p>\n","protected":false},"excerpt":{"rendered":"<p>Warren Judd, ancien PDG du Centre des M\u00e9dias Adventistes, en Californie, est mort le 26 mai dernier, apr\u00e8s s\u2019\u00eatre battu contre le cancer.  Daniel R. Jackson, pr\u00e9sident de la division Nord Am\u00e9ricaine, a adress\u00e9 ses condol\u00e9ances au nom de l\u2019\u00c9glise Adventiste.<\/p>\n","protected":false},"author":1,"featured_media":25431,"comment_status":"closed","ping_status":"closed","sticky":false,"template":"","format":"standard","meta":{"_acf_changed":false,"footnotes":""},"categories":[18,19],"tags":[],"class_list":["post-32283","post","type-post","status-publish","format-standard","has-post-thumbnail","hentry","category-nouvelles-de-leglise-mondiale","category-rss-francais"],"acf":[],"yoast_head":"<!-- This site is optimized with the Yoast SEO plugin v27.3 - https:\/\/yoast.com\/product\/yoast-seo-wordpress\/ -->\n<title>Warren Judd, un dirigeant visionnaire des m\u00e9dias adventistes est d\u00e9c\u00e9d\u00e9 - \u00c9glise Adventiste Du Septieme Jour - Inter Am\u00e9rique Division<\/title>\n<meta name=\"robots\" content=\"index, follow, max-snippet:-1, max-image-preview:large, max-video-preview:-1\" \/>\n<link rel=\"canonical\" href=\"https:\/\/interamerica.org\/fr\/2015\/05\/warren-judd-un-dirigeant-visionnaire-des-medias-adventistes-est-decede\/\" \/>\n<meta property=\"og:locale\" content=\"fr_FR\" \/>\n<meta property=\"og:type\" content=\"article\" \/>\n<meta property=\"og:title\" content=\"Warren Judd, un dirigeant visionnaire des m\u00e9dias adventistes est d\u00e9c\u00e9d\u00e9 - \u00c9glise Adventiste Du Septieme Jour - Inter Am\u00e9rique Division\" \/>\n<meta property=\"og:description\" content=\"Warren Judd, ancien PDG du Centre des M\u00e9dias Adventistes, en Californie, est mort le 26 mai dernier, apr\u00e8s s\u2019\u00eatre battu contre le cancer. Daniel R. Jackson, pr\u00e9sident de la division Nord Am\u00e9ricaine, a adress\u00e9 ses condol\u00e9ances au nom de l\u2019\u00c9glise Adventiste.\" \/>\n<meta property=\"og:url\" content=\"https:\/\/interamerica.org\/fr\/2015\/05\/warren-judd-un-dirigeant-visionnaire-des-medias-adventistes-est-decede\/\" \/>\n<meta property=\"og:site_name\" content=\"\u00c9glise Adventiste Du Septieme Jour - Inter Am\u00e9rique Division\" \/>\n<meta property=\"article:published_time\" content=\"2015-05-28T04:00:00+00:00\" \/>\n<meta property=\"og:image\" content=\"https:\/\/interamerica.org\/wp-content\/uploads\/2017\/06\/Judd.jpg\" \/>\n\t<meta property=\"og:image:width\" content=\"1000\" \/>\n\t<meta property=\"og:image:height\" content=\"500\" \/>\n\t<meta property=\"og:image:type\" content=\"image\/jpeg\" \/>\n<meta name=\"author\" content=\"Lorenzo Verduzco\" \/>\n<meta name=\"twitter:card\" content=\"summary_large_image\" \/>\n<meta name=\"twitter:label1\" content=\"\u00c9crit par\" \/>\n\t<meta name=\"twitter:data1\" content=\"Lorenzo Verduzco\" \/>\n\t<meta name=\"twitter:label2\" content=\"Dur\u00e9e de lecture estim\u00e9e\" \/>\n\t<meta name=\"twitter:data2\" content=\"2 minutes\" \/>\n<script type=\"application\/ld+json\" class=\"yoast-schema-graph\">{\"@context\":\"https:\\\/\\\/schema.org\",\"@graph\":[{\"@type\":\"Article\",\"@id\":\"https:\\\/\\\/interamerica.org\\\/fr\\\/2015\\\/05\\\/warren-judd-un-dirigeant-visionnaire-des-medias-adventistes-est-decede\\\/#article\",\"isPartOf\":{\"@id\":\"https:\\\/\\\/interamerica.org\\\/fr\\\/2015\\\/05\\\/warren-judd-un-dirigeant-visionnaire-des-medias-adventistes-est-decede\\\/\"},\"author\":{\"name\":\"Lorenzo Verduzco\",\"@id\":\"https:\\\/\\\/interamerica.org\\\/fr\\\/#\\\/schema\\\/person\\\/68ede8bdc292885bb76c1e3810e73c39\"},\"headline\":\"Warren Judd, un dirigeant visionnaire des m\u00e9dias adventistes est d\u00e9c\u00e9d\u00e9\",\"datePublished\":\"2015-05-28T04:00:00+00:00\",\"mainEntityOfPage\":{\"@id\":\"https:\\\/\\\/interamerica.org\\\/fr\\\/2015\\\/05\\\/warren-judd-un-dirigeant-visionnaire-des-medias-adventistes-est-decede\\\/\"},\"wordCount\":467,\"image\":{\"@id\":\"https:\\\/\\\/interamerica.org\\\/fr\\\/2015\\\/05\\\/warren-judd-un-dirigeant-visionnaire-des-medias-adventistes-est-decede\\\/#primaryimage\"},\"thumbnailUrl\":\"https:\\\/\\\/interamerica.org\\\/wp-content\\\/uploads\\\/2017\\\/06\\\/Judd.jpg\",\"articleSection\":[\"Nouvelles de l'\u00c9glise mondiale\",\"RSS Fran\u00e7ais\"],\"inLanguage\":\"fr-FR\"},{\"@type\":\"WebPage\",\"@id\":\"https:\\\/\\\/interamerica.org\\\/fr\\\/2015\\\/05\\\/warren-judd-un-dirigeant-visionnaire-des-medias-adventistes-est-decede\\\/\",\"url\":\"https:\\\/\\\/interamerica.org\\\/fr\\\/2015\\\/05\\\/warren-judd-un-dirigeant-visionnaire-des-medias-adventistes-est-decede\\\/\",\"name\":\"Warren Judd, un dirigeant visionnaire des m\u00e9dias adventistes est d\u00e9c\u00e9d\u00e9 - \u00c9glise Adventiste Du Septieme Jour - Inter Am\u00e9rique Division\",\"isPartOf\":{\"@id\":\"https:\\\/\\\/interamerica.org\\\/fr\\\/#website\"},\"primaryImageOfPage\":{\"@id\":\"https:\\\/\\\/interamerica.org\\\/fr\\\/2015\\\/05\\\/warren-judd-un-dirigeant-visionnaire-des-medias-adventistes-est-decede\\\/#primaryimage\"},\"image\":{\"@id\":\"https:\\\/\\\/interamerica.org\\\/fr\\\/2015\\\/05\\\/warren-judd-un-dirigeant-visionnaire-des-medias-adventistes-est-decede\\\/#primaryimage\"},\"thumbnailUrl\":\"https:\\\/\\\/interamerica.org\\\/wp-content\\\/uploads\\\/2017\\\/06\\\/Judd.jpg\",\"datePublished\":\"2015-05-28T04:00:00+00:00\",\"author\":{\"@id\":\"https:\\\/\\\/interamerica.org\\\/fr\\\/#\\\/schema\\\/person\\\/68ede8bdc292885bb76c1e3810e73c39\"},\"breadcrumb\":{\"@id\":\"https:\\\/\\\/interamerica.org\\\/fr\\\/2015\\\/05\\\/warren-judd-un-dirigeant-visionnaire-des-medias-adventistes-est-decede\\\/#breadcrumb\"},\"inLanguage\":\"fr-FR\",\"potentialAction\":[{\"@type\":\"ReadAction\",\"target\":[\"https:\\\/\\\/interamerica.org\\\/fr\\\/2015\\\/05\\\/warren-judd-un-dirigeant-visionnaire-des-medias-adventistes-est-decede\\\/\"]}]},{\"@type\":\"ImageObject\",\"inLanguage\":\"fr-FR\",\"@id\":\"https:\\\/\\\/interamerica.org\\\/fr\\\/2015\\\/05\\\/warren-judd-un-dirigeant-visionnaire-des-medias-adventistes-est-decede\\\/#primaryimage\",\"url\":\"https:\\\/\\\/interamerica.org\\\/wp-content\\\/uploads\\\/2017\\\/06\\\/Judd.jpg\",\"contentUrl\":\"https:\\\/\\\/interamerica.org\\\/wp-content\\\/uploads\\\/2017\\\/06\\\/Judd.jpg\",\"width\":1000,\"height\":500},{\"@type\":\"BreadcrumbList\",\"@id\":\"https:\\\/\\\/interamerica.org\\\/fr\\\/2015\\\/05\\\/warren-judd-un-dirigeant-visionnaire-des-medias-adventistes-est-decede\\\/#breadcrumb\",\"itemListElement\":[{\"@type\":\"ListItem\",\"position\":1,\"name\":\"Home\",\"item\":\"https:\\\/\\\/interamerica.org\\\/fr\\\/\"},{\"@type\":\"ListItem\",\"position\":2,\"name\":\"Warren Judd, un dirigeant visionnaire des m\u00e9dias adventistes est d\u00e9c\u00e9d\u00e9\"}]},{\"@type\":\"WebSite\",\"@id\":\"https:\\\/\\\/interamerica.org\\\/fr\\\/#website\",\"url\":\"https:\\\/\\\/interamerica.org\\\/fr\\\/\",\"name\":\"\u00c9glise Adventiste Du Septieme Jour - Inter Am\u00e9rique Division\",\"description\":\"\",\"potentialAction\":[{\"@type\":\"SearchAction\",\"target\":{\"@type\":\"EntryPoint\",\"urlTemplate\":\"https:\\\/\\\/interamerica.org\\\/fr\\\/?s={search_term_string}\"},\"query-input\":{\"@type\":\"PropertyValueSpecification\",\"valueRequired\":true,\"valueName\":\"search_term_string\"}}],\"inLanguage\":\"fr-FR\"},{\"@type\":\"Person\",\"@id\":\"https:\\\/\\\/interamerica.org\\\/fr\\\/#\\\/schema\\\/person\\\/68ede8bdc292885bb76c1e3810e73c39\",\"name\":\"Lorenzo Verduzco\",\"image\":{\"@type\":\"ImageObject\",\"inLanguage\":\"fr-FR\",\"@id\":\"https:\\\/\\\/secure.gravatar.com\\\/avatar\\\/fb81a55b6218459490a9c1dc841a34909185b81904c5337b4b27f7a6fd60c49e?s=96&d=mm&r=g\",\"url\":\"https:\\\/\\\/secure.gravatar.com\\\/avatar\\\/fb81a55b6218459490a9c1dc841a34909185b81904c5337b4b27f7a6fd60c49e?s=96&d=mm&r=g\",\"contentUrl\":\"https:\\\/\\\/secure.gravatar.com\\\/avatar\\\/fb81a55b6218459490a9c1dc841a34909185b81904c5337b4b27f7a6fd60c49e?s=96&d=mm&r=g\",\"caption\":\"Lorenzo Verduzco\"}}]}<\/script>\n<!-- \/ Yoast SEO plugin. -->","yoast_head_json":{"title":"Warren Judd, un dirigeant visionnaire des m\u00e9dias adventistes est d\u00e9c\u00e9d\u00e9 - \u00c9glise Adventiste Du Septieme Jour - Inter Am\u00e9rique Division","robots":{"index":"index","follow":"follow","max-snippet":"max-snippet:-1","max-image-preview":"max-image-preview:large","max-video-preview":"max-video-preview:-1"},"canonical":"https:\/\/interamerica.org\/fr\/2015\/05\/warren-judd-un-dirigeant-visionnaire-des-medias-adventistes-est-decede\/","og_locale":"fr_FR","og_type":"article","og_title":"Warren Judd, un dirigeant visionnaire des m\u00e9dias adventistes est d\u00e9c\u00e9d\u00e9 - \u00c9glise Adventiste Du Septieme Jour - Inter Am\u00e9rique Division","og_description":"Warren Judd, ancien PDG du Centre des M\u00e9dias Adventistes, en Californie, est mort le 26 mai dernier, apr\u00e8s s\u2019\u00eatre battu contre le cancer. Daniel R. Jackson, pr\u00e9sident de la division Nord Am\u00e9ricaine, a adress\u00e9 ses condol\u00e9ances au nom de l\u2019\u00c9glise Adventiste.","og_url":"https:\/\/interamerica.org\/fr\/2015\/05\/warren-judd-un-dirigeant-visionnaire-des-medias-adventistes-est-decede\/","og_site_name":"\u00c9glise Adventiste Du Septieme Jour - Inter Am\u00e9rique Division","article_published_time":"2015-05-28T04:00:00+00:00","og_image":[{"width":1000,"height":500,"url":"https:\/\/interamerica.org\/wp-content\/uploads\/2017\/06\/Judd.jpg","type":"image\/jpeg"}],"author":"Lorenzo Verduzco","twitter_card":"summary_large_image","twitter_misc":{"\u00c9crit par":"Lorenzo Verduzco","Dur\u00e9e de lecture estim\u00e9e":"2 minutes"},"schema":{"@context":"https:\/\/schema.org","@graph":[{"@type":"Article","@id":"https:\/\/interamerica.org\/fr\/2015\/05\/warren-judd-un-dirigeant-visionnaire-des-medias-adventistes-est-decede\/#article","isPartOf":{"@id":"https:\/\/interamerica.org\/fr\/2015\/05\/warren-judd-un-dirigeant-visionnaire-des-medias-adventistes-est-decede\/"},"author":{"name":"Lorenzo Verduzco","@id":"https:\/\/interamerica.org\/fr\/#\/schema\/person\/68ede8bdc292885bb76c1e3810e73c39"},"headline":"Warren Judd, un dirigeant visionnaire des m\u00e9dias adventistes est d\u00e9c\u00e9d\u00e9","datePublished":"2015-05-28T04:00:00+00:00","mainEntityOfPage":{"@id":"https:\/\/interamerica.org\/fr\/2015\/05\/warren-judd-un-dirigeant-visionnaire-des-medias-adventistes-est-decede\/"},"wordCount":467,"image":{"@id":"https:\/\/interamerica.org\/fr\/2015\/05\/warren-judd-un-dirigeant-visionnaire-des-medias-adventistes-est-decede\/#primaryimage"},"thumbnailUrl":"https:\/\/interamerica.org\/wp-content\/uploads\/2017\/06\/Judd.jpg","articleSection":["Nouvelles de l'\u00c9glise mondiale","RSS Fran\u00e7ais"],"inLanguage":"fr-FR"},{"@type":"WebPage","@id":"https:\/\/interamerica.org\/fr\/2015\/05\/warren-judd-un-dirigeant-visionnaire-des-medias-adventistes-est-decede\/","url":"https:\/\/interamerica.org\/fr\/2015\/05\/warren-judd-un-dirigeant-visionnaire-des-medias-adventistes-est-decede\/","name":"Warren Judd, un dirigeant visionnaire des m\u00e9dias adventistes est d\u00e9c\u00e9d\u00e9 - \u00c9glise Adventiste Du Septieme Jour - Inter Am\u00e9rique Division","isPartOf":{"@id":"https:\/\/interamerica.org\/fr\/#website"},"primaryImageOfPage":{"@id":"https:\/\/interamerica.org\/fr\/2015\/05\/warren-judd-un-dirigeant-visionnaire-des-medias-adventistes-est-decede\/#primaryimage"},"image":{"@id":"https:\/\/interamerica.org\/fr\/2015\/05\/warren-judd-un-dirigeant-visionnaire-des-medias-adventistes-est-decede\/#primaryimage"},"thumbnailUrl":"https:\/\/interamerica.org\/wp-content\/uploads\/2017\/06\/Judd.jpg","datePublished":"2015-05-28T04:00:00+00:00","author":{"@id":"https:\/\/interamerica.org\/fr\/#\/schema\/person\/68ede8bdc292885bb76c1e3810e73c39"},"breadcrumb":{"@id":"https:\/\/interamerica.org\/fr\/2015\/05\/warren-judd-un-dirigeant-visionnaire-des-medias-adventistes-est-decede\/#breadcrumb"},"inLanguage":"fr-FR","potentialAction":[{"@type":"ReadAction","target":["https:\/\/interamerica.org\/fr\/2015\/05\/warren-judd-un-dirigeant-visionnaire-des-medias-adventistes-est-decede\/"]}]},{"@type":"ImageObject","inLanguage":"fr-FR","@id":"https:\/\/interamerica.org\/fr\/2015\/05\/warren-judd-un-dirigeant-visionnaire-des-medias-adventistes-est-decede\/#primaryimage","url":"https:\/\/interamerica.org\/wp-content\/uploads\/2017\/06\/Judd.jpg","contentUrl":"https:\/\/interamerica.org\/wp-content\/uploads\/2017\/06\/Judd.jpg","width":1000,"height":500},{"@type":"BreadcrumbList","@id":"https:\/\/interamerica.org\/fr\/2015\/05\/warren-judd-un-dirigeant-visionnaire-des-medias-adventistes-est-decede\/#breadcrumb","itemListElement":[{"@type":"ListItem","position":1,"name":"Home","item":"https:\/\/interamerica.org\/fr\/"},{"@type":"ListItem","position":2,"name":"Warren Judd, un dirigeant visionnaire des m\u00e9dias adventistes est d\u00e9c\u00e9d\u00e9"}]},{"@type":"WebSite","@id":"https:\/\/interamerica.org\/fr\/#website","url":"https:\/\/interamerica.org\/fr\/","name":"\u00c9glise Adventiste Du Septieme Jour - Inter Am\u00e9rique Division","description":"","potentialAction":[{"@type":"SearchAction","target":{"@type":"EntryPoint","urlTemplate":"https:\/\/interamerica.org\/fr\/?s={search_term_string}"},"query-input":{"@type":"PropertyValueSpecification","valueRequired":true,"valueName":"search_term_string"}}],"inLanguage":"fr-FR"},{"@type":"Person","@id":"https:\/\/interamerica.org\/fr\/#\/schema\/person\/68ede8bdc292885bb76c1e3810e73c39","name":"Lorenzo Verduzco","image":{"@type":"ImageObject","inLanguage":"fr-FR","@id":"https:\/\/secure.gravatar.com\/avatar\/fb81a55b6218459490a9c1dc841a34909185b81904c5337b4b27f7a6fd60c49e?s=96&d=mm&r=g","url":"https:\/\/secure.gravatar.com\/avatar\/fb81a55b6218459490a9c1dc841a34909185b81904c5337b4b27f7a6fd60c49e?s=96&d=mm&r=g","contentUrl":"https:\/\/secure.gravatar.com\/avatar\/fb81a55b6218459490a9c1dc841a34909185b81904c5337b4b27f7a6fd60c49e?s=96&d=mm&r=g","caption":"Lorenzo Verduzco"}}]}},"_links":{"self":[{"href":"https:\/\/interamerica.org\/fr\/wp-json\/wp\/v2\/posts\/32283","targetHints":{"allow":["GET"]}}],"collection":[{"href":"https:\/\/interamerica.org\/fr\/wp-json\/wp\/v2\/posts"}],"about":[{"href":"https:\/\/interamerica.org\/fr\/wp-json\/wp\/v2\/types\/post"}],"author":[{"embeddable":true,"href":"https:\/\/interamerica.org\/fr\/wp-json\/wp\/v2\/users\/1"}],"replies":[{"embeddable":true,"href":"https:\/\/interamerica.org\/fr\/wp-json\/wp\/v2\/comments?post=32283"}],"version-history":[{"count":0,"href":"https:\/\/interamerica.org\/fr\/wp-json\/wp\/v2\/posts\/32283\/revisions"}],"wp:featuredmedia":[{"embeddable":true,"href":"https:\/\/interamerica.org\/fr\/wp-json\/wp\/v2\/media\/25431"}],"wp:attachment":[{"href":"https:\/\/interamerica.org\/fr\/wp-json\/wp\/v2\/media?parent=32283"}],"wp:term":[{"taxonomy":"category","embeddable":true,"href":"https:\/\/interamerica.org\/fr\/wp-json\/wp\/v2\/categories?post=32283"},{"taxonomy":"post_tag","embeddable":true,"href":"https:\/\/interamerica.org\/fr\/wp-json\/wp\/v2\/tags?post=32283"}],"curies":[{"name":"wp","href":"https:\/\/api.w.org\/{rel}","templated":true}]}}