{"id":32284,"date":"2015-05-25T00:00:00","date_gmt":"2015-05-25T04:00:00","guid":{"rendered":"http:\/\/192.81.217.108\/interamerica\/2015\/05\/les-eleves-de-luniversite-dandrews-construisent-une-petite-maison\/"},"modified":"2015-05-25T00:00:00","modified_gmt":"2015-05-25T04:00:00","slug":"les-eleves-de-luniversite-dandrews-construisent-une-petite-maison","status":"publish","type":"post","link":"https:\/\/interamerica.org\/fr\/2015\/05\/les-eleves-de-luniversite-dandrews-construisent-une-petite-maison\/","title":{"rendered":"Les \u00e9l\u00e8ves de l\u2019Universit\u00e9 d&rsquo;Andrews construisent une petite maison"},"content":{"rendered":"<div id=\"attachment_17140\" style=\"width: 710px\" class=\"wp-caption aligncenter\"><a href=\"\/interamerica\/wp-content\/uploads\/2017\/06\/Andrews-University-exterior.jpg\" rel=\"fancybox\" title=\"Les \u00e9l\u00e8ves de l\u2019Universit\u00e9 d'Andrews construisent une petite maison\"><img fetchpriority=\"high\" decoding=\"async\" aria-describedby=\"caption-attachment-17140\" class=\"wp-image-17140 \" src=\"\/interamerica\/wp-content\/uploads\/2017\/06\/Andrews-University-exterior.jpg\" alt=\"\" width=\"700\" height=\"350\" \/><\/a><p id=\"caption-attachment-17140\" class=\"wp-caption-text\">La petite maison mesure 13 m\u00e8tres carr\u00e9 et tient sur une remorque \u00e0 plateau de 5,5 m\u00e8tres. Image de l&rsquo;Universit\u00e9 d&rsquo;Andrews<span style=\"font-size: 13px; line-height: 19px;\">\u00a0<\/span><\/p><\/div>\n<p>25 mai 2015\/ Berrien Springs, Michigan\/ \u00e9quipe de l\u2019universit\u00e9 d\u2019Andrews accompagn\u00e9 de l\u2019\u00e9quipe de La Revue Adventiste<\/p>\n<p>Plut\u00f4t que de partir en Am\u00e9rique du Sud \u00e0 l\u2019occasion du voyage missionnaire habituel, pour construire une maison, un professeur adventiste a donn\u00e9 pour t\u00e2che \u00e0 sa classe de construire une des plus petites maisons du monde.<\/p>\n<p>R\u00e9sultat\u00a0: une maison miniature enti\u00e8rement fonctionnelle et habitable, mesurant un petit 13 m\u00e8tres carr\u00e9, pos\u00e9e sur une remorque \u00e0 plateau de 5,5 m\u00e8tres. Ceci est une maquette que les \u00e9tudiants de l\u2019Universit\u00e9 d\u2019Andrews ont l\u2019intention de reproduire et de b\u00e2tir pour les personnes d\u00e9favoris\u00e9es de la communaut\u00e9.<\/p>\n<p>\u00ab\u00a0Nous avons lanc\u00e9 le projet en ne sachant pas comment cela allait se terminer, mais les \u00e9tudiants ont vraiment aim\u00e9 l\u2019id\u00e9e\u2026 et ce fut enrichissant pour eux\u00a0\u00bb a d\u00e9clar\u00e9 Carey Carscallen, doyen de l\u2019\u00e9cole d\u2019architecture, Art et Design, qui construisit la maison avec les cinq \u00e9tudiants dipl\u00f4m\u00e9s de sa classe de Design\/Construction.<\/p>\n<p>Traditionnellement, la classe de construction fait un voyage annuel en Bolivie pour construire pour les gens l\u00e0-bas, mais Carscallen voulait un projet auquel tous ses \u00e9tudiants pourraient participer pendant toute une ann\u00e9e scolaire.<\/p>\n<p>\u00ab\u00a0C\u2019est plus difficile dans le Michigan\u00a0\u00bb expliqua t-il, \u00e0 cause des hivers. \u00ab\u00a0Et comment aller sur un chantier chaque jour quand on a toute une journ\u00e9e de cours\u00a0?\u00a0Ce constat fait, nous pourrions travailler dessus dans l\u2019entrep\u00f4t toute l\u2019ann\u00e9e et la m\u00e9t\u00e9o n\u2019affecterait pas le travail.\u00a0\u00bb<\/p>\n<div id=\"attachment_17142\" style=\"width: 370px\" class=\"wp-caption alignright\"><a href=\"\/interamerica\/wp-content\/uploads\/2017\/06\/Andrews-University-interior_1.jpg\" rel=\"fancybox\" title=\"Les \u00e9l\u00e8ves de l\u2019Universit\u00e9 d'Andrews construisent une petite maison\"><img decoding=\"async\" aria-describedby=\"caption-attachment-17142\" class=\"wp-image-17142 \" src=\"\/interamerica\/wp-content\/uploads\/2017\/06\/Andrews-University-interior_1.jpg\" alt=\"\" width=\"360\" height=\"239\" \/><\/a><p id=\"caption-attachment-17142\" class=\"wp-caption-text\">L\u2019int\u00e9rieur de la maison miniature, qui est vendue $30000<\/p><\/div>\n<p>Il a lanc\u00e9 l\u2019id\u00e9e et a re\u00e7u une subvention de la section \u00ab\u00a0Physics Enterprises\u00a0\u00bb de l\u2019universit\u00e9 pour construire deux maisons miniatures avec sa classe. Une de ces deux maisons, surnomm\u00e9e \u00ab\u00a0The Shed\u00a0\u00bb (La Cabane), est rest\u00e9e dans l\u2019entrep\u00f4t inachev\u00e9 \u00e0 la fin du semestre, mais l\u2019autre, \u00ab\u00a0Bay View\u00a0\u00bb (Vue sur la Baie) fut achev\u00e9e en temps et en heure pour la remise des dipl\u00f4mes.<\/p>\n<p>La cl\u00e9 pour b\u00e2tir une petite maison est la planification et la recherche, a d\u00e9clar\u00e9 Carscallen. Les \u00e9tudiants \u00e9taient compl\u00e8tement libres pour le projet, proposant diff\u00e9rents mod\u00e8les et prenant leurs propres d\u00e9cisions quant \u00e0 la construction. Ils devaient apprendre toutes les comp\u00e9tences qu\u2019on apprendrait pour construire une maison normale, ce qui comprend b\u00e2tir des m\u00fbrs, des cloisons, des lambris, faire l\u2019isolation, la plomberie et le c\u00e2blage, tout en travaillant \u00e0 l\u2019utilisation de l\u2019espace de fa\u00e7on ing\u00e9nieuse et efficace.<\/p>\n<p>Le r\u00e9sultat a donn\u00e9 une structure avec de larges fen\u00eatres et un toit en pente qui ressemble \u00e0 un \u00e9trange camion hybride, une maison motoris\u00e9e et une cabane. Mais on a r\u00e9ussi \u00e0 faire un espace a\u00e9r\u00e9 et lumineux, pas exigu ou confin\u00e9. L\u2019\u00ab\u00a0\u00e9tage principal\u00a0\u00bb contient une table pour deux\u00a0; un espace cuisine avec un \u00e9vier, un r\u00e9frig\u00e9rateur de 0,28 m\u00e8tre cube, une petite plaque, un plan de travail spacieux, un escalier dissimul\u00e9 avec un r\u00e9duit int\u00e9gr\u00e9 et une salle de bain de taille normale avec une toilette, un lavabo et une douche sur colonne.<\/p>\n<p>En haut, il y a deux lofts, un avec un lit queen size, et un qui peut servir d\u2019espace salon, de deuxi\u00e8me chambre ou d\u2019espace de rangement. Plus comme une caravane traditionnelle, elle n\u2019a besoin que de simples branchements, \u00e9lectriques et \u00e0 l\u2019\u00e9gout, de m\u00eame que du propane pour le chauffe-eau. Quoiqu\u2019elle ne soit pas aussi facile \u00e0 transporter qu\u2019un camping-car (elle p\u00e8se plus que 3630 kilogrammes), la maison peut \u00eatre remorqu\u00e9e par un camion et se d\u00e9placer d\u2019un lieu \u00e0 l\u2019autre, la rendant id\u00e9ale pour de longues vacances ou des d\u00e9m\u00e9nagements \u00e0 travers le pays.<\/p>\n<p>Le projet qui a son propre site internet\u00a0: \u00ab\u00a0theshedtinyhouse.com\u00a0\u00bb, a eu un tel succ\u00e8s que Carscallen a d\u00e9cid\u00e9 de le refaire dans les ann\u00e9es \u00e0 venir. C\u2019est la raison pour laquelle ils vendent la maison \u00ab\u00a0Bay View\u00a0\u00bb \u00e0 $30000. Ils esp\u00e8rent faire suffisamment de b\u00e9n\u00e9fices, pour fournir de petites maisons aux r\u00e9sidents les plus d\u00e9munis, pr\u00e8s de Benton Harbor, \u00e0 moindre co\u00fbt ou gratuitement. Un \u00e9tudiant a propos\u00e9 de b\u00e2tir une petite communaut\u00e9 de petites maisons, qui pourrait constituer des logements alternatifs abordables pour les \u00e9tudiants du campus.<\/p>\n<p>Quoique vivre dans une petite maison demande de l\u2019adaptation, Carscallen a d\u00e9clar\u00e9 que ceux qui participent au \u00ab\u00a0projet de la petite maison\u00a0\u00bb consid\u00e8re que ce style de vie est gratifiant. Vivre dans un si petit espace combat le mat\u00e9rialisme, dit-il.<\/p>\n<p>Si vous accumulez et accumulez des choses\u2026 vous avez besoin d\u2019une plus grande maison pour les ranger, puis vous la remplissez. C\u2019est un cercle vicieux, expliqua-t-il.<\/p>\n<p>De plus, les petites maisons sont extr\u00eamement abordables et durables. Au lieu de ployer compl\u00e8tement sous des dettes hypoth\u00e9caires et d\u00e9penser de longues heures \u00e0 l\u2019entretien de la maison, les propri\u00e9taires des petites maisons peuvent se consacrer \u00e0 autre choses.<\/p>\n<p>\u00ab\u00a0Sp\u00e9cialement si vous \u00eates int\u00e9ress\u00e9(e) par les missions, \u00e0 faire des choses qui vous d\u00e9passent, cela vous \u00e9vite d\u2019\u00eatre l\u2019esclave de la banque\u00a0\u00bb affirma t-il.<\/p>\n<p>Traduction: Carole et Charles SAINT-LOUIS<\/p>\n","protected":false},"excerpt":{"rendered":"<p>Plut\u00f4t que de partir en Am\u00e9rique du Sud \u00e0 l\u2019occasion du voyage missionnaire habituel, pour construire une maison, un professeur adventiste a donn\u00e9 pour t\u00e2che \u00e0 sa classe de construire une des plus petites maisons du monde.  <\/p>\n<p>R\u00e9sultat : une maison miniature enti\u00e8rement fonctionnelle et habitable, mesurant un petit 13 m\u00e8tres carr\u00e9, pos\u00e9e sur une remorque \u00e0 plateau de 5,5 m\u00e8tres. Ceci est une maquette que les \u00e9tudiants de l\u2019Universit\u00e9 d\u2019Andrews ont l\u2019intention de reproduire et de b\u00e2tir pour les personnes d\u00e9favoris\u00e9es de la communaut\u00e9.<\/p>\n","protected":false},"author":1,"featured_media":25417,"comment_status":"closed","ping_status":"closed","sticky":false,"template":"","format":"standard","meta":{"_acf_changed":false,"footnotes":""},"categories":[18,19],"tags":[],"class_list":["post-32284","post","type-post","status-publish","format-standard","has-post-thumbnail","hentry","category-nouvelles-de-leglise-mondiale","category-rss-francais"],"acf":[],"yoast_head":"<!-- This site is optimized with the Yoast SEO plugin v27.3 - https:\/\/yoast.com\/product\/yoast-seo-wordpress\/ -->\n<title>Les \u00e9l\u00e8ves de l\u2019Universit\u00e9 d&#039;Andrews construisent une petite maison - \u00c9glise Adventiste Du Septieme Jour - Inter Am\u00e9rique Division<\/title>\n<meta name=\"robots\" content=\"index, follow, max-snippet:-1, max-image-preview:large, max-video-preview:-1\" \/>\n<link rel=\"canonical\" href=\"https:\/\/interamerica.org\/fr\/2015\/05\/les-eleves-de-luniversite-dandrews-construisent-une-petite-maison\/\" \/>\n<meta property=\"og:locale\" content=\"fr_FR\" \/>\n<meta property=\"og:type\" content=\"article\" \/>\n<meta property=\"og:title\" content=\"Les \u00e9l\u00e8ves de l\u2019Universit\u00e9 d&#039;Andrews construisent une petite maison - \u00c9glise Adventiste Du Septieme Jour - Inter Am\u00e9rique Division\" \/>\n<meta property=\"og:description\" content=\"Plut\u00f4t que de partir en Am\u00e9rique du Sud \u00e0 l\u2019occasion du voyage missionnaire habituel, pour construire une maison, un professeur adventiste a donn\u00e9 pour t\u00e2che \u00e0 sa classe de construire une des plus petites maisons du monde.  R\u00e9sultat : une maison miniature enti\u00e8rement fonctionnelle et habitable, mesurant un petit 13 m\u00e8tres carr\u00e9, pos\u00e9e sur une remorque \u00e0 plateau de 5,5 m\u00e8tres. Ceci est une maquette que les \u00e9tudiants de l\u2019Universit\u00e9 d\u2019Andrews ont l\u2019intention de reproduire et de b\u00e2tir pour les personnes d\u00e9favoris\u00e9es de la communaut\u00e9.\" \/>\n<meta property=\"og:url\" content=\"https:\/\/interamerica.org\/fr\/2015\/05\/les-eleves-de-luniversite-dandrews-construisent-une-petite-maison\/\" \/>\n<meta property=\"og:site_name\" content=\"\u00c9glise Adventiste Du Septieme Jour - Inter Am\u00e9rique Division\" \/>\n<meta property=\"article:published_time\" content=\"2015-05-25T04:00:00+00:00\" \/>\n<meta property=\"og:image\" content=\"https:\/\/interamerica.org\/wp-content\/uploads\/2017\/06\/Andrews-University-exterior.jpg\" \/>\n\t<meta property=\"og:image:width\" content=\"1000\" \/>\n\t<meta property=\"og:image:height\" content=\"500\" \/>\n\t<meta property=\"og:image:type\" content=\"image\/jpeg\" \/>\n<meta name=\"author\" content=\"Lorenzo Verduzco\" \/>\n<meta name=\"twitter:card\" content=\"summary_large_image\" \/>\n<meta name=\"twitter:label1\" content=\"\u00c9crit par\" \/>\n\t<meta name=\"twitter:data1\" content=\"Lorenzo Verduzco\" \/>\n\t<meta name=\"twitter:label2\" content=\"Dur\u00e9e de lecture estim\u00e9e\" \/>\n\t<meta name=\"twitter:data2\" content=\"5 minutes\" \/>\n<script type=\"application\/ld+json\" class=\"yoast-schema-graph\">{\"@context\":\"https:\\\/\\\/schema.org\",\"@graph\":[{\"@type\":\"Article\",\"@id\":\"https:\\\/\\\/interamerica.org\\\/fr\\\/2015\\\/05\\\/les-eleves-de-luniversite-dandrews-construisent-une-petite-maison\\\/#article\",\"isPartOf\":{\"@id\":\"https:\\\/\\\/interamerica.org\\\/fr\\\/2015\\\/05\\\/les-eleves-de-luniversite-dandrews-construisent-une-petite-maison\\\/\"},\"author\":{\"name\":\"Lorenzo Verduzco\",\"@id\":\"https:\\\/\\\/interamerica.org\\\/fr\\\/#\\\/schema\\\/person\\\/68ede8bdc292885bb76c1e3810e73c39\"},\"headline\":\"Les \u00e9l\u00e8ves de l\u2019Universit\u00e9 d&rsquo;Andrews construisent une petite maison\",\"datePublished\":\"2015-05-25T04:00:00+00:00\",\"mainEntityOfPage\":{\"@id\":\"https:\\\/\\\/interamerica.org\\\/fr\\\/2015\\\/05\\\/les-eleves-de-luniversite-dandrews-construisent-une-petite-maison\\\/\"},\"wordCount\":943,\"image\":{\"@id\":\"https:\\\/\\\/interamerica.org\\\/fr\\\/2015\\\/05\\\/les-eleves-de-luniversite-dandrews-construisent-une-petite-maison\\\/#primaryimage\"},\"thumbnailUrl\":\"https:\\\/\\\/interamerica.org\\\/wp-content\\\/uploads\\\/2017\\\/06\\\/Andrews-University-exterior.jpg\",\"articleSection\":[\"Nouvelles de l'\u00c9glise mondiale\",\"RSS Fran\u00e7ais\"],\"inLanguage\":\"fr-FR\"},{\"@type\":\"WebPage\",\"@id\":\"https:\\\/\\\/interamerica.org\\\/fr\\\/2015\\\/05\\\/les-eleves-de-luniversite-dandrews-construisent-une-petite-maison\\\/\",\"url\":\"https:\\\/\\\/interamerica.org\\\/fr\\\/2015\\\/05\\\/les-eleves-de-luniversite-dandrews-construisent-une-petite-maison\\\/\",\"name\":\"Les \u00e9l\u00e8ves de l\u2019Universit\u00e9 d'Andrews construisent une petite maison - \u00c9glise Adventiste Du Septieme Jour - Inter Am\u00e9rique Division\",\"isPartOf\":{\"@id\":\"https:\\\/\\\/interamerica.org\\\/fr\\\/#website\"},\"primaryImageOfPage\":{\"@id\":\"https:\\\/\\\/interamerica.org\\\/fr\\\/2015\\\/05\\\/les-eleves-de-luniversite-dandrews-construisent-une-petite-maison\\\/#primaryimage\"},\"image\":{\"@id\":\"https:\\\/\\\/interamerica.org\\\/fr\\\/2015\\\/05\\\/les-eleves-de-luniversite-dandrews-construisent-une-petite-maison\\\/#primaryimage\"},\"thumbnailUrl\":\"https:\\\/\\\/interamerica.org\\\/wp-content\\\/uploads\\\/2017\\\/06\\\/Andrews-University-exterior.jpg\",\"datePublished\":\"2015-05-25T04:00:00+00:00\",\"author\":{\"@id\":\"https:\\\/\\\/interamerica.org\\\/fr\\\/#\\\/schema\\\/person\\\/68ede8bdc292885bb76c1e3810e73c39\"},\"breadcrumb\":{\"@id\":\"https:\\\/\\\/interamerica.org\\\/fr\\\/2015\\\/05\\\/les-eleves-de-luniversite-dandrews-construisent-une-petite-maison\\\/#breadcrumb\"},\"inLanguage\":\"fr-FR\",\"potentialAction\":[{\"@type\":\"ReadAction\",\"target\":[\"https:\\\/\\\/interamerica.org\\\/fr\\\/2015\\\/05\\\/les-eleves-de-luniversite-dandrews-construisent-une-petite-maison\\\/\"]}]},{\"@type\":\"ImageObject\",\"inLanguage\":\"fr-FR\",\"@id\":\"https:\\\/\\\/interamerica.org\\\/fr\\\/2015\\\/05\\\/les-eleves-de-luniversite-dandrews-construisent-une-petite-maison\\\/#primaryimage\",\"url\":\"https:\\\/\\\/interamerica.org\\\/wp-content\\\/uploads\\\/2017\\\/06\\\/Andrews-University-exterior.jpg\",\"contentUrl\":\"https:\\\/\\\/interamerica.org\\\/wp-content\\\/uploads\\\/2017\\\/06\\\/Andrews-University-exterior.jpg\",\"width\":1000,\"height\":500},{\"@type\":\"BreadcrumbList\",\"@id\":\"https:\\\/\\\/interamerica.org\\\/fr\\\/2015\\\/05\\\/les-eleves-de-luniversite-dandrews-construisent-une-petite-maison\\\/#breadcrumb\",\"itemListElement\":[{\"@type\":\"ListItem\",\"position\":1,\"name\":\"Home\",\"item\":\"https:\\\/\\\/interamerica.org\\\/fr\\\/\"},{\"@type\":\"ListItem\",\"position\":2,\"name\":\"Les \u00e9l\u00e8ves de l\u2019Universit\u00e9 d&rsquo;Andrews construisent une petite maison\"}]},{\"@type\":\"WebSite\",\"@id\":\"https:\\\/\\\/interamerica.org\\\/fr\\\/#website\",\"url\":\"https:\\\/\\\/interamerica.org\\\/fr\\\/\",\"name\":\"\u00c9glise Adventiste Du Septieme Jour - Inter Am\u00e9rique Division\",\"description\":\"\",\"potentialAction\":[{\"@type\":\"SearchAction\",\"target\":{\"@type\":\"EntryPoint\",\"urlTemplate\":\"https:\\\/\\\/interamerica.org\\\/fr\\\/?s={search_term_string}\"},\"query-input\":{\"@type\":\"PropertyValueSpecification\",\"valueRequired\":true,\"valueName\":\"search_term_string\"}}],\"inLanguage\":\"fr-FR\"},{\"@type\":\"Person\",\"@id\":\"https:\\\/\\\/interamerica.org\\\/fr\\\/#\\\/schema\\\/person\\\/68ede8bdc292885bb76c1e3810e73c39\",\"name\":\"Lorenzo Verduzco\",\"image\":{\"@type\":\"ImageObject\",\"inLanguage\":\"fr-FR\",\"@id\":\"https:\\\/\\\/secure.gravatar.com\\\/avatar\\\/fb81a55b6218459490a9c1dc841a34909185b81904c5337b4b27f7a6fd60c49e?s=96&d=mm&r=g\",\"url\":\"https:\\\/\\\/secure.gravatar.com\\\/avatar\\\/fb81a55b6218459490a9c1dc841a34909185b81904c5337b4b27f7a6fd60c49e?s=96&d=mm&r=g\",\"contentUrl\":\"https:\\\/\\\/secure.gravatar.com\\\/avatar\\\/fb81a55b6218459490a9c1dc841a34909185b81904c5337b4b27f7a6fd60c49e?s=96&d=mm&r=g\",\"caption\":\"Lorenzo Verduzco\"}}]}<\/script>\n<!-- \/ Yoast SEO plugin. -->","yoast_head_json":{"title":"Les \u00e9l\u00e8ves de l\u2019Universit\u00e9 d'Andrews construisent une petite maison - \u00c9glise Adventiste Du Septieme Jour - Inter Am\u00e9rique Division","robots":{"index":"index","follow":"follow","max-snippet":"max-snippet:-1","max-image-preview":"max-image-preview:large","max-video-preview":"max-video-preview:-1"},"canonical":"https:\/\/interamerica.org\/fr\/2015\/05\/les-eleves-de-luniversite-dandrews-construisent-une-petite-maison\/","og_locale":"fr_FR","og_type":"article","og_title":"Les \u00e9l\u00e8ves de l\u2019Universit\u00e9 d'Andrews construisent une petite maison - \u00c9glise Adventiste Du Septieme Jour - Inter Am\u00e9rique Division","og_description":"Plut\u00f4t que de partir en Am\u00e9rique du Sud \u00e0 l\u2019occasion du voyage missionnaire habituel, pour construire une maison, un professeur adventiste a donn\u00e9 pour t\u00e2che \u00e0 sa classe de construire une des plus petites maisons du monde.  R\u00e9sultat : une maison miniature enti\u00e8rement fonctionnelle et habitable, mesurant un petit 13 m\u00e8tres carr\u00e9, pos\u00e9e sur une remorque \u00e0 plateau de 5,5 m\u00e8tres. Ceci est une maquette que les \u00e9tudiants de l\u2019Universit\u00e9 d\u2019Andrews ont l\u2019intention de reproduire et de b\u00e2tir pour les personnes d\u00e9favoris\u00e9es de la communaut\u00e9.","og_url":"https:\/\/interamerica.org\/fr\/2015\/05\/les-eleves-de-luniversite-dandrews-construisent-une-petite-maison\/","og_site_name":"\u00c9glise Adventiste Du Septieme Jour - Inter Am\u00e9rique Division","article_published_time":"2015-05-25T04:00:00+00:00","og_image":[{"width":1000,"height":500,"url":"https:\/\/interamerica.org\/wp-content\/uploads\/2017\/06\/Andrews-University-exterior.jpg","type":"image\/jpeg"}],"author":"Lorenzo Verduzco","twitter_card":"summary_large_image","twitter_misc":{"\u00c9crit par":"Lorenzo Verduzco","Dur\u00e9e de lecture estim\u00e9e":"5 minutes"},"schema":{"@context":"https:\/\/schema.org","@graph":[{"@type":"Article","@id":"https:\/\/interamerica.org\/fr\/2015\/05\/les-eleves-de-luniversite-dandrews-construisent-une-petite-maison\/#article","isPartOf":{"@id":"https:\/\/interamerica.org\/fr\/2015\/05\/les-eleves-de-luniversite-dandrews-construisent-une-petite-maison\/"},"author":{"name":"Lorenzo Verduzco","@id":"https:\/\/interamerica.org\/fr\/#\/schema\/person\/68ede8bdc292885bb76c1e3810e73c39"},"headline":"Les \u00e9l\u00e8ves de l\u2019Universit\u00e9 d&rsquo;Andrews construisent une petite maison","datePublished":"2015-05-25T04:00:00+00:00","mainEntityOfPage":{"@id":"https:\/\/interamerica.org\/fr\/2015\/05\/les-eleves-de-luniversite-dandrews-construisent-une-petite-maison\/"},"wordCount":943,"image":{"@id":"https:\/\/interamerica.org\/fr\/2015\/05\/les-eleves-de-luniversite-dandrews-construisent-une-petite-maison\/#primaryimage"},"thumbnailUrl":"https:\/\/interamerica.org\/wp-content\/uploads\/2017\/06\/Andrews-University-exterior.jpg","articleSection":["Nouvelles de l'\u00c9glise mondiale","RSS Fran\u00e7ais"],"inLanguage":"fr-FR"},{"@type":"WebPage","@id":"https:\/\/interamerica.org\/fr\/2015\/05\/les-eleves-de-luniversite-dandrews-construisent-une-petite-maison\/","url":"https:\/\/interamerica.org\/fr\/2015\/05\/les-eleves-de-luniversite-dandrews-construisent-une-petite-maison\/","name":"Les \u00e9l\u00e8ves de l\u2019Universit\u00e9 d'Andrews construisent une petite maison - \u00c9glise Adventiste Du Septieme Jour - Inter Am\u00e9rique Division","isPartOf":{"@id":"https:\/\/interamerica.org\/fr\/#website"},"primaryImageOfPage":{"@id":"https:\/\/interamerica.org\/fr\/2015\/05\/les-eleves-de-luniversite-dandrews-construisent-une-petite-maison\/#primaryimage"},"image":{"@id":"https:\/\/interamerica.org\/fr\/2015\/05\/les-eleves-de-luniversite-dandrews-construisent-une-petite-maison\/#primaryimage"},"thumbnailUrl":"https:\/\/interamerica.org\/wp-content\/uploads\/2017\/06\/Andrews-University-exterior.jpg","datePublished":"2015-05-25T04:00:00+00:00","author":{"@id":"https:\/\/interamerica.org\/fr\/#\/schema\/person\/68ede8bdc292885bb76c1e3810e73c39"},"breadcrumb":{"@id":"https:\/\/interamerica.org\/fr\/2015\/05\/les-eleves-de-luniversite-dandrews-construisent-une-petite-maison\/#breadcrumb"},"inLanguage":"fr-FR","potentialAction":[{"@type":"ReadAction","target":["https:\/\/interamerica.org\/fr\/2015\/05\/les-eleves-de-luniversite-dandrews-construisent-une-petite-maison\/"]}]},{"@type":"ImageObject","inLanguage":"fr-FR","@id":"https:\/\/interamerica.org\/fr\/2015\/05\/les-eleves-de-luniversite-dandrews-construisent-une-petite-maison\/#primaryimage","url":"https:\/\/interamerica.org\/wp-content\/uploads\/2017\/06\/Andrews-University-exterior.jpg","contentUrl":"https:\/\/interamerica.org\/wp-content\/uploads\/2017\/06\/Andrews-University-exterior.jpg","width":1000,"height":500},{"@type":"BreadcrumbList","@id":"https:\/\/interamerica.org\/fr\/2015\/05\/les-eleves-de-luniversite-dandrews-construisent-une-petite-maison\/#breadcrumb","itemListElement":[{"@type":"ListItem","position":1,"name":"Home","item":"https:\/\/interamerica.org\/fr\/"},{"@type":"ListItem","position":2,"name":"Les \u00e9l\u00e8ves de l\u2019Universit\u00e9 d&rsquo;Andrews construisent une petite maison"}]},{"@type":"WebSite","@id":"https:\/\/interamerica.org\/fr\/#website","url":"https:\/\/interamerica.org\/fr\/","name":"\u00c9glise Adventiste Du Septieme Jour - Inter Am\u00e9rique Division","description":"","potentialAction":[{"@type":"SearchAction","target":{"@type":"EntryPoint","urlTemplate":"https:\/\/interamerica.org\/fr\/?s={search_term_string}"},"query-input":{"@type":"PropertyValueSpecification","valueRequired":true,"valueName":"search_term_string"}}],"inLanguage":"fr-FR"},{"@type":"Person","@id":"https:\/\/interamerica.org\/fr\/#\/schema\/person\/68ede8bdc292885bb76c1e3810e73c39","name":"Lorenzo Verduzco","image":{"@type":"ImageObject","inLanguage":"fr-FR","@id":"https:\/\/secure.gravatar.com\/avatar\/fb81a55b6218459490a9c1dc841a34909185b81904c5337b4b27f7a6fd60c49e?s=96&d=mm&r=g","url":"https:\/\/secure.gravatar.com\/avatar\/fb81a55b6218459490a9c1dc841a34909185b81904c5337b4b27f7a6fd60c49e?s=96&d=mm&r=g","contentUrl":"https:\/\/secure.gravatar.com\/avatar\/fb81a55b6218459490a9c1dc841a34909185b81904c5337b4b27f7a6fd60c49e?s=96&d=mm&r=g","caption":"Lorenzo Verduzco"}}]}},"_links":{"self":[{"href":"https:\/\/interamerica.org\/fr\/wp-json\/wp\/v2\/posts\/32284","targetHints":{"allow":["GET"]}}],"collection":[{"href":"https:\/\/interamerica.org\/fr\/wp-json\/wp\/v2\/posts"}],"about":[{"href":"https:\/\/interamerica.org\/fr\/wp-json\/wp\/v2\/types\/post"}],"author":[{"embeddable":true,"href":"https:\/\/interamerica.org\/fr\/wp-json\/wp\/v2\/users\/1"}],"replies":[{"embeddable":true,"href":"https:\/\/interamerica.org\/fr\/wp-json\/wp\/v2\/comments?post=32284"}],"version-history":[{"count":0,"href":"https:\/\/interamerica.org\/fr\/wp-json\/wp\/v2\/posts\/32284\/revisions"}],"wp:featuredmedia":[{"embeddable":true,"href":"https:\/\/interamerica.org\/fr\/wp-json\/wp\/v2\/media\/25417"}],"wp:attachment":[{"href":"https:\/\/interamerica.org\/fr\/wp-json\/wp\/v2\/media?parent=32284"}],"wp:term":[{"taxonomy":"category","embeddable":true,"href":"https:\/\/interamerica.org\/fr\/wp-json\/wp\/v2\/categories?post=32284"},{"taxonomy":"post_tag","embeddable":true,"href":"https:\/\/interamerica.org\/fr\/wp-json\/wp\/v2\/tags?post=32284"}],"curies":[{"name":"wp","href":"https:\/\/api.w.org\/{rel}","templated":true}]}}