{"id":32285,"date":"2015-05-29T00:00:00","date_gmt":"2015-05-29T04:00:00","guid":{"rendered":"http:\/\/192.81.217.108\/interamerica\/2015\/05\/en-republique-dominicaine-des-centaines-de-pasteurs-saffrontent-lors-dun-concours-biblique-organise-sur-lensemble-du-territoire\/"},"modified":"2015-05-29T00:00:00","modified_gmt":"2015-05-29T04:00:00","slug":"en-republique-dominicaine-des-centaines-de-pasteurs-saffrontent-lors-dun-concours-biblique-organise-sur-lensemble-du-territoire","status":"publish","type":"post","link":"https:\/\/interamerica.org\/fr\/2015\/05\/en-republique-dominicaine-des-centaines-de-pasteurs-saffrontent-lors-dun-concours-biblique-organise-sur-lensemble-du-territoire\/","title":{"rendered":"En R\u00e9publique Dominicaine, des centaines de pasteurs s\u2019affrontent lors d\u2019un concours biblique organis\u00e9 sur l\u2019ensemble du territoire"},"content":{"rendered":"<div id=\"attachment_17209\" style=\"width: 610px\" class=\"wp-caption aligncenter\"><a href=\"\/interamerica\/wp-content\/uploads\/2017\/06\/DOMU-finalistsBoom.png\" rel=\"fancybox\" title=\"En R\u00e9publique Dominicaine, des centaines de pasteurs s\u2019affrontent lors d\u2019un concours biblique organis\u00e9 sur l\u2019ensemble du territoire\"><img fetchpriority=\"high\" decoding=\"async\" aria-describedby=\"caption-attachment-17209\" class=\"size-full wp-image-17209\" src=\"\/interamerica\/wp-content\/uploads\/2017\/06\/DOMU-finalistsBoom.png\" alt=\"\" width=\"600\" height=\"289\" \/><\/a><p id=\"caption-attachment-17209\" class=\"wp-caption-text\">Les finalistes posent avec leurs certificats et les leaders de l\u2019\u00e9glise apr\u00e8s la toute premi\u00e8re comp\u00e9tition biblique pastorale qui s\u2019est tenue \u00e0 l\u2019\u00e9glise Adventiste de Piantini \u00e0 Santo Domingo en R\u00e9publique Dominicaine le 17 mai 2015. Image de l\u2019Union Dominicaine.<\/p><\/div>\n<p>29 Mai 2015 \u2013 Santo Domingo, R\u00e9publique Dominicaine \u2013 Bernardo Medina\/DIA<\/p>\n<p>L\u2019Eglise Adventiste du Septi\u00e8me Jour en R\u00e9publique Dominicaine a r\u00e9compens\u00e9 trois de ses pasteurs qui sont arriv\u00e9s en t\u00eate du premier concours biblique organis\u00e9 pour les pasteurs de l\u2019ensemble du pays la semaine derni\u00e8re. Le programme qui a rassembl\u00e9 12 finalistes venus des six r\u00e9gions de l\u2019\u00e9glise, a connu son apoth\u00e9ose avec un programme sp\u00e9cial pour la grande finale qui s\u2019est tenue \u00e0 l\u2019\u00e9glise Adventiste de Piantini \u00e0 Santo Domingo le 17 mai dernier. Les participants ont \u00e9t\u00e9 interrog\u00e9s sur 1 et 2 Timoth\u00e9e et Tite ainsi que sur le Commentaire Biblique de l\u2019Eglise portant sur ces livres.<\/p>\n<div id=\"attachment_17210\" style=\"width: 330px\" class=\"wp-caption alignright\"><a href=\"\/interamerica\/wp-content\/uploads\/2017\/06\/DOMU-winners400.png\" rel=\"fancybox\" title=\"En R\u00e9publique Dominicaine, des centaines de pasteurs s\u2019affrontent lors d\u2019un concours biblique organis\u00e9 sur l\u2019ensemble du territoire\"><img decoding=\"async\" aria-describedby=\"caption-attachment-17210\" class=\" wp-image-17210 \" src=\"\/interamerica\/wp-content\/uploads\/2017\/06\/DOMU-winners400.png\" alt=\"\" width=\"320\" height=\"213\" \/><\/a><p id=\"caption-attachment-17210\" class=\"wp-caption-text\">Les vainqueurs de gauche \u00e0 droite : pasteur Oscar Garcia (3\u00e8me place), pasteur Dorian Santana (1\u00e8re place), et pasteur Awaldy Almonte (2\u00e8me place) posent avec leurs certificats.<\/p><\/div>\n<p>Les finalistes ont r\u00e9pondu \u00e0 quelques 50 questions en utilisant le m\u00eame programme informatique que celui utilis\u00e9 lors du Boom Biblique de la Division Inter Am\u00e9ricaine, l\u2019initiative des minist\u00e8res de la jeunesse qui se tient sur l\u2019ensemble du territoire chaque ann\u00e9e, ont indiqu\u00e9 les organisateurs.<\/p>\n<p>\u00ab Cela a \u00e9t\u00e9 une merveilleuse activit\u00e9 qui a aid\u00e9 nos pasteurs \u00e0 approfondir leur compr\u00e9hension du conseil pastoral qui \u00e9tait valide \u00e0 l\u2019\u00e9poque de Paul, Timoth\u00e9e et Tite et qui l\u2019est tout autant aujourd\u2019hui, \u00bb a dit Teofilo Silvestre, secr\u00e9taire de l\u2019association pastorale pour l\u2019Eglise Adventiste en R\u00e9publique Dominicaine et organisateur du programme.<\/p>\n<p>Les premi\u00e8res places ont \u00e9t\u00e9 remport\u00e9es par pasteur Dorian Santana du district de Paraiso dans la Mission Dominicaine du Sud, suivi de pasteur Awaldy Almonte, directeur des minist\u00e8res des publications pour la F\u00e9d\u00e9ration Dominicaine du Nord, et pasteur Garcia du district de Matas dans la Mission Dominicaine du Sud. Les trois premiers se sont vus remettre des prix en cash durant le programme.<\/p>\n<p>Plus de 200 pasteurs \u00e0 travers le pays ont pris part pendant six mois \u00e0 l\u2019\u00e9tude des livres de la Bible qui avaient \u00e9t\u00e9 retenus et ont particip\u00e9 \u00e0 des comp\u00e9titions au niveau des district r\u00e9gionaux pour ensuite participer au niveau des f\u00e9d\u00e9rations et missions.<\/p>\n<div id=\"attachment_17211\" style=\"width: 330px\" class=\"wp-caption alignleft\"><a href=\"\/interamerica\/wp-content\/uploads\/2017\/06\/TeofiloSilvestre400.png\" rel=\"fancybox\" title=\"En R\u00e9publique Dominicaine, des centaines de pasteurs s\u2019affrontent lors d\u2019un concours biblique organis\u00e9 sur l\u2019ensemble du territoire\"><img decoding=\"async\" aria-describedby=\"caption-attachment-17211\" class=\" wp-image-17211 \" src=\"\/interamerica\/wp-content\/uploads\/2017\/06\/TeofiloSilvestre400.png\" alt=\"\" width=\"320\" height=\"213\" \/><\/a><p id=\"caption-attachment-17211\" class=\"wp-caption-text\">Pasteur Teofilo Silvestre, secr\u00e9taire de l\u2019association pastorale pour l\u2019Union Dominicaine remet des certificats aux finalistes lors du programme du Boom Biblique.<\/p><\/div>\n<p>Plusieurs pasteurs ont exprim\u00e9 la vision renouvel\u00e9e qu\u2019ils avaient de leur minist\u00e8re gr\u00e2ce \u00e0 cette initiative et les congr\u00e9gations dans les \u00e9glises ont \u00e9t\u00e9 b\u00e9nies en entendant des messages bas\u00e9s sur les livres s\u00e9lectionn\u00e9s, \u00bb a dit pasteur Silvestre. \u00ab Les pasteurs ont saut\u00e9 sur l\u2019occasion afin de prendre part \u00e0 une activit\u00e9 historique. \u00bb<\/p>\n<p>Pasteur Silvestre a indiqu\u00e9 que le programme \u00e9tait planifi\u00e9 en phase avec l\u2019initiative de lecture de la Bible lanc\u00e9e par l\u2019Eglise Adventiste mondiale, <em><a href=\"http:\/\/revivedbyhisword.org\">Raviv\u00e9 par Sa Parole<\/a><\/em>\u2014et dans le contexte de la c\u00e9l\u00e9bration de <em><a href=\"http:\/\/2015.interamerica.org\">l\u2019Ann\u00e9e du Pasteur <\/a><\/em>\u00a0\u00e0 travers l\u2019Inter Am\u00e9rique cette ann\u00e9e.<\/p>\n<p>L\u2019\u00e9glise prend au s\u00e9rieux l\u2019importance des Ecritures dans la vie de chaque croyant, a d\u00e9clar\u00e9 pasteur Cesario Acevedo, pr\u00e9sident de l\u2019Eglise Adventiste en R\u00e9publique Dominicaine.<\/p>\n<p>\u00ab En tant qu\u2019\u00e9glise du reste, nous avons cet engagement qui est d\u2019\u00eatre des auditeurs de la parole, nous devons la vivre chaque jour et enseigner \u00e0 nos \u00e9glises et \u00e0 nos pasteurs \u00e0 appr\u00e9cier et aimer la Parole de Dieu, \u00bb a dit pasteur Acevedo.<\/p>\n<p>L\u2019\u00e9glise a vot\u00e9 de mettre en \u0153uvre cette initiative lors des rencontres administratives de fin d\u2019ann\u00e9e en novembre dernier, et avec le succ\u00e8s qu\u2019a connu l\u2019initiative, les dirigeants ont annonc\u00e9 qu\u2019un autre Boom Biblique pastoral serait organis\u00e9 pour mettre en lumi\u00e8re le prochain concile pastoral l\u2019ann\u00e9e prochaine, a dit pasteur Silvestre.<\/p>\n<p>Pour en savoir plus sur l\u2019Eglise Adventiste du Septi\u00e8me Jour en R\u00e9publique Dominicaine, visitez le site<br \/>\n<a href=\"http:\/\/adventistasrd.interamerica.org\">Adventistasrd<\/a><\/p>\n<p>Traduction: Patrick Luciathe<\/p>\n","protected":false},"excerpt":{"rendered":"<p>L\u2019Eglise Adventiste du Septi\u00e8me Jour en R\u00e9publique Dominicaine a r\u00e9compens\u00e9 trois de ses pasteurs qui sont arriv\u00e9s en t\u00eate du premier concours biblique organis\u00e9 pour les pasteurs de l\u2019ensemble du pays la semaine derni\u00e8re.<\/p>\n<p>Le programme qui a rassembl\u00e9 12 finalistes venus des six r\u00e9gions de l\u2019\u00e9glise, a connu son apoth\u00e9ose avec un programme sp\u00e9cial pour la grande finale qui s\u2019est tenue \u00e0 l\u2019\u00e9glise Adventiste de Piantini \u00e0 Santo Domingo le 17 mai dernier. Les participants ont \u00e9t\u00e9 interrog\u00e9s sur 1 et 2 Timoth\u00e9e et Tite ainsi que sur le Commentaire Biblique de l\u2019Eglise portant sur ces livres.<\/p>\n","protected":false},"author":1,"featured_media":25453,"comment_status":"closed","ping_status":"closed","sticky":false,"template":"","format":"standard","meta":{"_acf_changed":false,"footnotes":""},"categories":[21,19],"tags":[],"class_list":["post-32285","post","type-post","status-publish","format-standard","has-post-thumbnail","hentry","category-nouvelles-du-territoire","category-rss-francais"],"acf":[],"yoast_head":"<!-- This site is optimized with the Yoast SEO plugin v27.3 - https:\/\/yoast.com\/product\/yoast-seo-wordpress\/ -->\n<title>En R\u00e9publique Dominicaine, des centaines de pasteurs s\u2019affrontent lors d\u2019un concours biblique organis\u00e9 sur l\u2019ensemble du territoire - \u00c9glise Adventiste Du Septieme Jour - Inter Am\u00e9rique Division<\/title>\n<meta name=\"robots\" content=\"index, follow, max-snippet:-1, max-image-preview:large, max-video-preview:-1\" \/>\n<link rel=\"canonical\" href=\"https:\/\/interamerica.org\/fr\/2015\/05\/en-republique-dominicaine-des-centaines-de-pasteurs-saffrontent-lors-dun-concours-biblique-organise-sur-lensemble-du-territoire\/\" \/>\n<meta property=\"og:locale\" content=\"fr_FR\" \/>\n<meta property=\"og:type\" content=\"article\" \/>\n<meta property=\"og:title\" content=\"En R\u00e9publique Dominicaine, des centaines de pasteurs s\u2019affrontent lors d\u2019un concours biblique organis\u00e9 sur l\u2019ensemble du territoire - \u00c9glise Adventiste Du Septieme Jour - Inter Am\u00e9rique Division\" \/>\n<meta property=\"og:description\" content=\"L\u2019Eglise Adventiste du Septi\u00e8me Jour en R\u00e9publique Dominicaine a r\u00e9compens\u00e9 trois de ses pasteurs qui sont arriv\u00e9s en t\u00eate du premier concours biblique organis\u00e9 pour les pasteurs de l\u2019ensemble du pays la semaine derni\u00e8re. Le programme qui a rassembl\u00e9 12 finalistes venus des six r\u00e9gions de l\u2019\u00e9glise, a connu son apoth\u00e9ose avec un programme sp\u00e9cial pour la grande finale qui s\u2019est tenue \u00e0 l\u2019\u00e9glise Adventiste de Piantini \u00e0 Santo Domingo le 17 mai dernier. Les participants ont \u00e9t\u00e9 interrog\u00e9s sur 1 et 2 Timoth\u00e9e et Tite ainsi que sur le Commentaire Biblique de l\u2019Eglise portant sur ces livres.\" \/>\n<meta property=\"og:url\" content=\"https:\/\/interamerica.org\/fr\/2015\/05\/en-republique-dominicaine-des-centaines-de-pasteurs-saffrontent-lors-dun-concours-biblique-organise-sur-lensemble-du-territoire\/\" \/>\n<meta property=\"og:site_name\" content=\"\u00c9glise Adventiste Du Septieme Jour - Inter Am\u00e9rique Division\" \/>\n<meta property=\"article:published_time\" content=\"2015-05-29T04:00:00+00:00\" \/>\n<meta property=\"og:image\" content=\"https:\/\/interamerica.org\/wp-content\/uploads\/2017\/06\/DOMU-finalistsBoom.png\" \/>\n\t<meta property=\"og:image:width\" content=\"600\" \/>\n\t<meta property=\"og:image:height\" content=\"289\" \/>\n\t<meta property=\"og:image:type\" content=\"image\/png\" \/>\n<meta name=\"author\" content=\"Lorenzo Verduzco\" \/>\n<meta name=\"twitter:card\" content=\"summary_large_image\" \/>\n<meta name=\"twitter:label1\" content=\"\u00c9crit par\" \/>\n\t<meta name=\"twitter:data1\" content=\"Lorenzo Verduzco\" \/>\n\t<meta name=\"twitter:label2\" content=\"Dur\u00e9e de lecture estim\u00e9e\" \/>\n\t<meta name=\"twitter:data2\" content=\"4 minutes\" \/>\n<script type=\"application\/ld+json\" class=\"yoast-schema-graph\">{\"@context\":\"https:\\\/\\\/schema.org\",\"@graph\":[{\"@type\":\"Article\",\"@id\":\"https:\\\/\\\/interamerica.org\\\/fr\\\/2015\\\/05\\\/en-republique-dominicaine-des-centaines-de-pasteurs-saffrontent-lors-dun-concours-biblique-organise-sur-lensemble-du-territoire\\\/#article\",\"isPartOf\":{\"@id\":\"https:\\\/\\\/interamerica.org\\\/fr\\\/2015\\\/05\\\/en-republique-dominicaine-des-centaines-de-pasteurs-saffrontent-lors-dun-concours-biblique-organise-sur-lensemble-du-territoire\\\/\"},\"author\":{\"name\":\"Lorenzo Verduzco\",\"@id\":\"https:\\\/\\\/interamerica.org\\\/fr\\\/#\\\/schema\\\/person\\\/68ede8bdc292885bb76c1e3810e73c39\"},\"headline\":\"En R\u00e9publique Dominicaine, des centaines de pasteurs s\u2019affrontent lors d\u2019un concours biblique organis\u00e9 sur l\u2019ensemble du territoire\",\"datePublished\":\"2015-05-29T04:00:00+00:00\",\"mainEntityOfPage\":{\"@id\":\"https:\\\/\\\/interamerica.org\\\/fr\\\/2015\\\/05\\\/en-republique-dominicaine-des-centaines-de-pasteurs-saffrontent-lors-dun-concours-biblique-organise-sur-lensemble-du-territoire\\\/\"},\"wordCount\":749,\"image\":{\"@id\":\"https:\\\/\\\/interamerica.org\\\/fr\\\/2015\\\/05\\\/en-republique-dominicaine-des-centaines-de-pasteurs-saffrontent-lors-dun-concours-biblique-organise-sur-lensemble-du-territoire\\\/#primaryimage\"},\"thumbnailUrl\":\"https:\\\/\\\/interamerica.org\\\/wp-content\\\/uploads\\\/2017\\\/06\\\/DOMU-finalistsBoom.png\",\"articleSection\":[\"Nouvelles du territoire\",\"RSS Fran\u00e7ais\"],\"inLanguage\":\"fr-FR\"},{\"@type\":\"WebPage\",\"@id\":\"https:\\\/\\\/interamerica.org\\\/fr\\\/2015\\\/05\\\/en-republique-dominicaine-des-centaines-de-pasteurs-saffrontent-lors-dun-concours-biblique-organise-sur-lensemble-du-territoire\\\/\",\"url\":\"https:\\\/\\\/interamerica.org\\\/fr\\\/2015\\\/05\\\/en-republique-dominicaine-des-centaines-de-pasteurs-saffrontent-lors-dun-concours-biblique-organise-sur-lensemble-du-territoire\\\/\",\"name\":\"En R\u00e9publique Dominicaine, des centaines de pasteurs s\u2019affrontent lors d\u2019un concours biblique organis\u00e9 sur l\u2019ensemble du territoire - \u00c9glise Adventiste Du Septieme Jour - Inter Am\u00e9rique Division\",\"isPartOf\":{\"@id\":\"https:\\\/\\\/interamerica.org\\\/fr\\\/#website\"},\"primaryImageOfPage\":{\"@id\":\"https:\\\/\\\/interamerica.org\\\/fr\\\/2015\\\/05\\\/en-republique-dominicaine-des-centaines-de-pasteurs-saffrontent-lors-dun-concours-biblique-organise-sur-lensemble-du-territoire\\\/#primaryimage\"},\"image\":{\"@id\":\"https:\\\/\\\/interamerica.org\\\/fr\\\/2015\\\/05\\\/en-republique-dominicaine-des-centaines-de-pasteurs-saffrontent-lors-dun-concours-biblique-organise-sur-lensemble-du-territoire\\\/#primaryimage\"},\"thumbnailUrl\":\"https:\\\/\\\/interamerica.org\\\/wp-content\\\/uploads\\\/2017\\\/06\\\/DOMU-finalistsBoom.png\",\"datePublished\":\"2015-05-29T04:00:00+00:00\",\"author\":{\"@id\":\"https:\\\/\\\/interamerica.org\\\/fr\\\/#\\\/schema\\\/person\\\/68ede8bdc292885bb76c1e3810e73c39\"},\"breadcrumb\":{\"@id\":\"https:\\\/\\\/interamerica.org\\\/fr\\\/2015\\\/05\\\/en-republique-dominicaine-des-centaines-de-pasteurs-saffrontent-lors-dun-concours-biblique-organise-sur-lensemble-du-territoire\\\/#breadcrumb\"},\"inLanguage\":\"fr-FR\",\"potentialAction\":[{\"@type\":\"ReadAction\",\"target\":[\"https:\\\/\\\/interamerica.org\\\/fr\\\/2015\\\/05\\\/en-republique-dominicaine-des-centaines-de-pasteurs-saffrontent-lors-dun-concours-biblique-organise-sur-lensemble-du-territoire\\\/\"]}]},{\"@type\":\"ImageObject\",\"inLanguage\":\"fr-FR\",\"@id\":\"https:\\\/\\\/interamerica.org\\\/fr\\\/2015\\\/05\\\/en-republique-dominicaine-des-centaines-de-pasteurs-saffrontent-lors-dun-concours-biblique-organise-sur-lensemble-du-territoire\\\/#primaryimage\",\"url\":\"https:\\\/\\\/interamerica.org\\\/wp-content\\\/uploads\\\/2017\\\/06\\\/DOMU-finalistsBoom.png\",\"contentUrl\":\"https:\\\/\\\/interamerica.org\\\/wp-content\\\/uploads\\\/2017\\\/06\\\/DOMU-finalistsBoom.png\",\"width\":600,\"height\":289},{\"@type\":\"BreadcrumbList\",\"@id\":\"https:\\\/\\\/interamerica.org\\\/fr\\\/2015\\\/05\\\/en-republique-dominicaine-des-centaines-de-pasteurs-saffrontent-lors-dun-concours-biblique-organise-sur-lensemble-du-territoire\\\/#breadcrumb\",\"itemListElement\":[{\"@type\":\"ListItem\",\"position\":1,\"name\":\"Home\",\"item\":\"https:\\\/\\\/interamerica.org\\\/fr\\\/\"},{\"@type\":\"ListItem\",\"position\":2,\"name\":\"En R\u00e9publique Dominicaine, des centaines de pasteurs s\u2019affrontent lors d\u2019un concours biblique organis\u00e9 sur l\u2019ensemble du territoire\"}]},{\"@type\":\"WebSite\",\"@id\":\"https:\\\/\\\/interamerica.org\\\/fr\\\/#website\",\"url\":\"https:\\\/\\\/interamerica.org\\\/fr\\\/\",\"name\":\"\u00c9glise Adventiste Du Septieme Jour - Inter Am\u00e9rique Division\",\"description\":\"\",\"potentialAction\":[{\"@type\":\"SearchAction\",\"target\":{\"@type\":\"EntryPoint\",\"urlTemplate\":\"https:\\\/\\\/interamerica.org\\\/fr\\\/?s={search_term_string}\"},\"query-input\":{\"@type\":\"PropertyValueSpecification\",\"valueRequired\":true,\"valueName\":\"search_term_string\"}}],\"inLanguage\":\"fr-FR\"},{\"@type\":\"Person\",\"@id\":\"https:\\\/\\\/interamerica.org\\\/fr\\\/#\\\/schema\\\/person\\\/68ede8bdc292885bb76c1e3810e73c39\",\"name\":\"Lorenzo Verduzco\",\"image\":{\"@type\":\"ImageObject\",\"inLanguage\":\"fr-FR\",\"@id\":\"https:\\\/\\\/secure.gravatar.com\\\/avatar\\\/fb81a55b6218459490a9c1dc841a34909185b81904c5337b4b27f7a6fd60c49e?s=96&d=mm&r=g\",\"url\":\"https:\\\/\\\/secure.gravatar.com\\\/avatar\\\/fb81a55b6218459490a9c1dc841a34909185b81904c5337b4b27f7a6fd60c49e?s=96&d=mm&r=g\",\"contentUrl\":\"https:\\\/\\\/secure.gravatar.com\\\/avatar\\\/fb81a55b6218459490a9c1dc841a34909185b81904c5337b4b27f7a6fd60c49e?s=96&d=mm&r=g\",\"caption\":\"Lorenzo Verduzco\"}}]}<\/script>\n<!-- \/ Yoast SEO plugin. -->","yoast_head_json":{"title":"En R\u00e9publique Dominicaine, des centaines de pasteurs s\u2019affrontent lors d\u2019un concours biblique organis\u00e9 sur l\u2019ensemble du territoire - \u00c9glise Adventiste Du Septieme Jour - Inter Am\u00e9rique Division","robots":{"index":"index","follow":"follow","max-snippet":"max-snippet:-1","max-image-preview":"max-image-preview:large","max-video-preview":"max-video-preview:-1"},"canonical":"https:\/\/interamerica.org\/fr\/2015\/05\/en-republique-dominicaine-des-centaines-de-pasteurs-saffrontent-lors-dun-concours-biblique-organise-sur-lensemble-du-territoire\/","og_locale":"fr_FR","og_type":"article","og_title":"En R\u00e9publique Dominicaine, des centaines de pasteurs s\u2019affrontent lors d\u2019un concours biblique organis\u00e9 sur l\u2019ensemble du territoire - \u00c9glise Adventiste Du Septieme Jour - Inter Am\u00e9rique Division","og_description":"L\u2019Eglise Adventiste du Septi\u00e8me Jour en R\u00e9publique Dominicaine a r\u00e9compens\u00e9 trois de ses pasteurs qui sont arriv\u00e9s en t\u00eate du premier concours biblique organis\u00e9 pour les pasteurs de l\u2019ensemble du pays la semaine derni\u00e8re. Le programme qui a rassembl\u00e9 12 finalistes venus des six r\u00e9gions de l\u2019\u00e9glise, a connu son apoth\u00e9ose avec un programme sp\u00e9cial pour la grande finale qui s\u2019est tenue \u00e0 l\u2019\u00e9glise Adventiste de Piantini \u00e0 Santo Domingo le 17 mai dernier. Les participants ont \u00e9t\u00e9 interrog\u00e9s sur 1 et 2 Timoth\u00e9e et Tite ainsi que sur le Commentaire Biblique de l\u2019Eglise portant sur ces livres.","og_url":"https:\/\/interamerica.org\/fr\/2015\/05\/en-republique-dominicaine-des-centaines-de-pasteurs-saffrontent-lors-dun-concours-biblique-organise-sur-lensemble-du-territoire\/","og_site_name":"\u00c9glise Adventiste Du Septieme Jour - Inter Am\u00e9rique Division","article_published_time":"2015-05-29T04:00:00+00:00","og_image":[{"width":600,"height":289,"url":"https:\/\/interamerica.org\/wp-content\/uploads\/2017\/06\/DOMU-finalistsBoom.png","type":"image\/png"}],"author":"Lorenzo Verduzco","twitter_card":"summary_large_image","twitter_misc":{"\u00c9crit par":"Lorenzo Verduzco","Dur\u00e9e de lecture estim\u00e9e":"4 minutes"},"schema":{"@context":"https:\/\/schema.org","@graph":[{"@type":"Article","@id":"https:\/\/interamerica.org\/fr\/2015\/05\/en-republique-dominicaine-des-centaines-de-pasteurs-saffrontent-lors-dun-concours-biblique-organise-sur-lensemble-du-territoire\/#article","isPartOf":{"@id":"https:\/\/interamerica.org\/fr\/2015\/05\/en-republique-dominicaine-des-centaines-de-pasteurs-saffrontent-lors-dun-concours-biblique-organise-sur-lensemble-du-territoire\/"},"author":{"name":"Lorenzo Verduzco","@id":"https:\/\/interamerica.org\/fr\/#\/schema\/person\/68ede8bdc292885bb76c1e3810e73c39"},"headline":"En R\u00e9publique Dominicaine, des centaines de pasteurs s\u2019affrontent lors d\u2019un concours biblique organis\u00e9 sur l\u2019ensemble du territoire","datePublished":"2015-05-29T04:00:00+00:00","mainEntityOfPage":{"@id":"https:\/\/interamerica.org\/fr\/2015\/05\/en-republique-dominicaine-des-centaines-de-pasteurs-saffrontent-lors-dun-concours-biblique-organise-sur-lensemble-du-territoire\/"},"wordCount":749,"image":{"@id":"https:\/\/interamerica.org\/fr\/2015\/05\/en-republique-dominicaine-des-centaines-de-pasteurs-saffrontent-lors-dun-concours-biblique-organise-sur-lensemble-du-territoire\/#primaryimage"},"thumbnailUrl":"https:\/\/interamerica.org\/wp-content\/uploads\/2017\/06\/DOMU-finalistsBoom.png","articleSection":["Nouvelles du territoire","RSS Fran\u00e7ais"],"inLanguage":"fr-FR"},{"@type":"WebPage","@id":"https:\/\/interamerica.org\/fr\/2015\/05\/en-republique-dominicaine-des-centaines-de-pasteurs-saffrontent-lors-dun-concours-biblique-organise-sur-lensemble-du-territoire\/","url":"https:\/\/interamerica.org\/fr\/2015\/05\/en-republique-dominicaine-des-centaines-de-pasteurs-saffrontent-lors-dun-concours-biblique-organise-sur-lensemble-du-territoire\/","name":"En R\u00e9publique Dominicaine, des centaines de pasteurs s\u2019affrontent lors d\u2019un concours biblique organis\u00e9 sur l\u2019ensemble du territoire - \u00c9glise Adventiste Du Septieme Jour - Inter Am\u00e9rique Division","isPartOf":{"@id":"https:\/\/interamerica.org\/fr\/#website"},"primaryImageOfPage":{"@id":"https:\/\/interamerica.org\/fr\/2015\/05\/en-republique-dominicaine-des-centaines-de-pasteurs-saffrontent-lors-dun-concours-biblique-organise-sur-lensemble-du-territoire\/#primaryimage"},"image":{"@id":"https:\/\/interamerica.org\/fr\/2015\/05\/en-republique-dominicaine-des-centaines-de-pasteurs-saffrontent-lors-dun-concours-biblique-organise-sur-lensemble-du-territoire\/#primaryimage"},"thumbnailUrl":"https:\/\/interamerica.org\/wp-content\/uploads\/2017\/06\/DOMU-finalistsBoom.png","datePublished":"2015-05-29T04:00:00+00:00","author":{"@id":"https:\/\/interamerica.org\/fr\/#\/schema\/person\/68ede8bdc292885bb76c1e3810e73c39"},"breadcrumb":{"@id":"https:\/\/interamerica.org\/fr\/2015\/05\/en-republique-dominicaine-des-centaines-de-pasteurs-saffrontent-lors-dun-concours-biblique-organise-sur-lensemble-du-territoire\/#breadcrumb"},"inLanguage":"fr-FR","potentialAction":[{"@type":"ReadAction","target":["https:\/\/interamerica.org\/fr\/2015\/05\/en-republique-dominicaine-des-centaines-de-pasteurs-saffrontent-lors-dun-concours-biblique-organise-sur-lensemble-du-territoire\/"]}]},{"@type":"ImageObject","inLanguage":"fr-FR","@id":"https:\/\/interamerica.org\/fr\/2015\/05\/en-republique-dominicaine-des-centaines-de-pasteurs-saffrontent-lors-dun-concours-biblique-organise-sur-lensemble-du-territoire\/#primaryimage","url":"https:\/\/interamerica.org\/wp-content\/uploads\/2017\/06\/DOMU-finalistsBoom.png","contentUrl":"https:\/\/interamerica.org\/wp-content\/uploads\/2017\/06\/DOMU-finalistsBoom.png","width":600,"height":289},{"@type":"BreadcrumbList","@id":"https:\/\/interamerica.org\/fr\/2015\/05\/en-republique-dominicaine-des-centaines-de-pasteurs-saffrontent-lors-dun-concours-biblique-organise-sur-lensemble-du-territoire\/#breadcrumb","itemListElement":[{"@type":"ListItem","position":1,"name":"Home","item":"https:\/\/interamerica.org\/fr\/"},{"@type":"ListItem","position":2,"name":"En R\u00e9publique Dominicaine, des centaines de pasteurs s\u2019affrontent lors d\u2019un concours biblique organis\u00e9 sur l\u2019ensemble du territoire"}]},{"@type":"WebSite","@id":"https:\/\/interamerica.org\/fr\/#website","url":"https:\/\/interamerica.org\/fr\/","name":"\u00c9glise Adventiste Du Septieme Jour - Inter Am\u00e9rique Division","description":"","potentialAction":[{"@type":"SearchAction","target":{"@type":"EntryPoint","urlTemplate":"https:\/\/interamerica.org\/fr\/?s={search_term_string}"},"query-input":{"@type":"PropertyValueSpecification","valueRequired":true,"valueName":"search_term_string"}}],"inLanguage":"fr-FR"},{"@type":"Person","@id":"https:\/\/interamerica.org\/fr\/#\/schema\/person\/68ede8bdc292885bb76c1e3810e73c39","name":"Lorenzo Verduzco","image":{"@type":"ImageObject","inLanguage":"fr-FR","@id":"https:\/\/secure.gravatar.com\/avatar\/fb81a55b6218459490a9c1dc841a34909185b81904c5337b4b27f7a6fd60c49e?s=96&d=mm&r=g","url":"https:\/\/secure.gravatar.com\/avatar\/fb81a55b6218459490a9c1dc841a34909185b81904c5337b4b27f7a6fd60c49e?s=96&d=mm&r=g","contentUrl":"https:\/\/secure.gravatar.com\/avatar\/fb81a55b6218459490a9c1dc841a34909185b81904c5337b4b27f7a6fd60c49e?s=96&d=mm&r=g","caption":"Lorenzo Verduzco"}}]}},"_links":{"self":[{"href":"https:\/\/interamerica.org\/fr\/wp-json\/wp\/v2\/posts\/32285","targetHints":{"allow":["GET"]}}],"collection":[{"href":"https:\/\/interamerica.org\/fr\/wp-json\/wp\/v2\/posts"}],"about":[{"href":"https:\/\/interamerica.org\/fr\/wp-json\/wp\/v2\/types\/post"}],"author":[{"embeddable":true,"href":"https:\/\/interamerica.org\/fr\/wp-json\/wp\/v2\/users\/1"}],"replies":[{"embeddable":true,"href":"https:\/\/interamerica.org\/fr\/wp-json\/wp\/v2\/comments?post=32285"}],"version-history":[{"count":0,"href":"https:\/\/interamerica.org\/fr\/wp-json\/wp\/v2\/posts\/32285\/revisions"}],"wp:featuredmedia":[{"embeddable":true,"href":"https:\/\/interamerica.org\/fr\/wp-json\/wp\/v2\/media\/25453"}],"wp:attachment":[{"href":"https:\/\/interamerica.org\/fr\/wp-json\/wp\/v2\/media?parent=32285"}],"wp:term":[{"taxonomy":"category","embeddable":true,"href":"https:\/\/interamerica.org\/fr\/wp-json\/wp\/v2\/categories?post=32285"},{"taxonomy":"post_tag","embeddable":true,"href":"https:\/\/interamerica.org\/fr\/wp-json\/wp\/v2\/tags?post=32285"}],"curies":[{"name":"wp","href":"https:\/\/api.w.org\/{rel}","templated":true}]}}