{"id":32290,"date":"2015-06-05T00:00:00","date_gmt":"2015-06-05T04:00:00","guid":{"rendered":"http:\/\/192.81.217.108\/interamerica\/2015\/06\/dans-le-sud-est-du-mexique-leglise-inaugure-le-premier-lieu-de-culte-modele\/"},"modified":"2015-06-05T00:00:00","modified_gmt":"2015-06-05T04:00:00","slug":"dans-le-sud-est-du-mexique-leglise-inaugure-le-premier-lieu-de-culte-modele","status":"publish","type":"post","link":"https:\/\/interamerica.org\/fr\/2015\/06\/dans-le-sud-est-du-mexique-leglise-inaugure-le-premier-lieu-de-culte-modele\/","title":{"rendered":"Dans le Sud-est du Mexique, l\u2019Eglise inaugure le premier lieu de culte mod\u00e8le"},"content":{"rendered":"<div id=\"attachment_17312\" style=\"width: 610px\" class=\"wp-caption aligncenter\"><a href=\"\/interamerica\/wp-content\/uploads\/2017\/06\/ElPedregal-church6001.png\" rel=\"fancybox\" title=\"Dans le Sud-est du Mexique, l\u2019Eglise inaugure le premier lieu de culte mod\u00e8le\"><img fetchpriority=\"high\" decoding=\"async\" aria-describedby=\"caption-attachment-17312\" class=\"size-full wp-image-17312\" src=\"\/interamerica\/wp-content\/uploads\/2017\/06\/ElPedregal-church6001.png\" alt=\"\" width=\"600\" height=\"450\" \/><\/a><p id=\"caption-attachment-17312\" class=\"wp-caption-text\">La nouvelle \u00e9glise Adventiste El Pedregal \u00e0 Playa Carmen del Rio dans l\u2019\u00e9tat du Quintana Roo au Mexique a \u00e9t\u00e9 inaugur\u00e9e par les leaders et les membres d\u2019\u00e9glise le 17 Mai 2015. La nouvelle \u00e9glise est devenue la premi\u00e8re parmi de nombreuses \u00e9glises dont la construction est envisag\u00e9e dans le Sud-est du Mexique, \u00e0 avoir \u00e9t\u00e9 construite en suivant un mod\u00e8le standard \u00e9tabli pour la section du sanctuaire dans les \u00e9glises de petite, moyenne et grande taille. Image d\u2019Isra\u00ebl Leito\/DIA.<\/p><\/div>\n<p>4 Juin 2015 \u2013 Playa del Carmen, Quintana Roo, Mexique \u2013 DIA<\/p>\n<div id=\"attachment_17309\" style=\"width: 330px\" class=\"wp-caption alignleft\"><a href=\"\/interamerica\/wp-content\/uploads\/2017\/06\/Leito-Espinoza400.png\" rel=\"fancybox\" title=\"Dans le Sud-est du Mexique, l\u2019Eglise inaugure le premier lieu de culte mod\u00e8le\"><img decoding=\"async\" aria-describedby=\"caption-attachment-17309\" class=\" wp-image-17309 \" src=\"\/interamerica\/wp-content\/uploads\/2017\/06\/Leito-Espinoza400.png\" alt=\"\" width=\"320\" height=\"202\" \/><\/a><p id=\"caption-attachment-17309\" class=\"wp-caption-text\">Le pr\u00e9sident de la DIA, Isra\u00ebl Leito (\u00e0 droite), s\u2019appr\u00eate \u00e0 couper le ruban de la nouvelle \u00e9glise sous le regard de pasteur Isaias Espinoza, pr\u00e9sident de l\u2019Eglise Adventiste dans le Sud-est du Mexique. Image de l\u2019Union Mexicaine du Sud-est.<\/p><\/div>\n<p>L\u2019Eglise Adventiste du Septi\u00e8me Jour dans le Sud-est du Mexique a r\u00e9cemment inaugur\u00e9 sa premi\u00e8re \u00e9glise mod\u00e8le \u00e0 Riviera del Carmen dans l\u2019\u00e9tat de Quintana Roo, gr\u00e2ce aux dons fid\u00e8les des membres d\u2019\u00e9glise et aux fonds r\u00e9colt\u00e9s par la f\u00e9d\u00e9ration locale, l\u2019union et la Division Inter Am\u00e9ricaine (DIA).<\/p>\n<p>L\u2019Eglise Adventiste El Pedregal est devenue la premi\u00e8re parmi de nombreuses \u00e9glises dans le Sud-est du Mexique \u00e0 suivre un mod\u00e8le standard portant le logo de l\u2019\u00e9glise et ayant un design \u00e9tabli pour le sanctuaire pour les \u00e9glises de petite, moyenne et grande taille, ont indiqu\u00e9 les dirigeants d\u2019\u00e9glise locaux.<\/p>\n<p>Cette initiative portant sur les lieux de culte intervient apr\u00e8s qu\u2019un plan strat\u00e9gique ait \u00e9t\u00e9 vot\u00e9 en 2013 dans la r\u00e9gion pour que soient construites de nouvelles \u00e9glises qui repr\u00e9senteraient l\u2019\u00e9glise de mani\u00e8re uniforme dans toute la r\u00e9gion, a indiqu\u00e9 pasteur Isaias Espinoza, pr\u00e9sident de l\u2019Eglise Adventiste dans le Sud-est du Mexique, r\u00e9gion qui supervise les \u00e9tats de Campeche, Quintana Roo, Yucatan et des portions sud de l\u2019\u00e9tat de Tabasco.<\/p>\n<div id=\"attachment_17310\" style=\"width: 330px\" class=\"wp-caption alignright\"><a href=\"\/interamerica\/wp-content\/uploads\/2017\/06\/Elpedregal-insde400.png\" rel=\"fancybox\" title=\"Dans le Sud-est du Mexique, l\u2019Eglise inaugure le premier lieu de culte mod\u00e8le\"><img decoding=\"async\" aria-describedby=\"caption-attachment-17310\" class=\" wp-image-17310 \" src=\"\/interamerica\/wp-content\/uploads\/2017\/06\/Elpedregal-insde400.png\" alt=\"\" width=\"320\" height=\"240\" \/><\/a><p id=\"caption-attachment-17310\" class=\"wp-caption-text\">L\u2019\u00e9glise compte 140 places assises. Image de L\u2019Union Mexicaine du Sud-est.<\/p><\/div>\n<p>Le pr\u00e9sident de la Division Inter Am\u00e9ricaine, pasteur Isra\u00ebl Leito a coup\u00e9 le ruban \u00e0 l\u2019occasion de la d\u00e9dicace de la nouvelle \u00e9glise le 17 mai 2015. Pasteur Leito a invit\u00e9 les 47 membres de l\u2019\u00e9glise Adventiste El Pedregal \u00e0 continuer de faire briller la lumi\u00e8re dans la communaut\u00e9 avoisinante.<\/p>\n<p>\u00ab Proclamez le message de salut et d\u2019esp\u00e9rance ici dans votre communaut\u00e9, \u00bb a dit pasteur Leito. \u00ab Le message se r\u00e9pand rapidement dans cette partie du pays et nous sommes certains que dans quelques ann\u00e9es cette \u00e9glise sera remplie de croyants pr\u00eats pour la seconde venue de J\u00e9sus. \u00bb<br \/>\nL\u2019\u00e9glise compte 140 places assises, un baptist\u00e8re, un bureau pour le pasteur, une salle pour les diacres, des salles de l\u2019\u00e9cole du sabbat et des toilettes.<\/p>\n<p>Pasteur Leito a remerci\u00e9 les dizaines de leaders r\u00e9gionaux et locaux lors du programme d\u2019inauguration et a transmis les salutations du personnel de la DIA. Les membres du personnel de la DIA et leurs familles ont aid\u00e9 \u00e0 m\u00e9langer le ciment et \u00e0 couler des blocs de ciment lorsque la construction de l\u2019\u00e9glise a d\u00e9but\u00e9 l\u2019\u00e9t\u00e9 dernier au cours d\u2019une retraite spirituelle qui s\u2019\u00e9tait d\u00e9roul\u00e9e dans la r\u00e9gion.<\/p>\n<p>\u00ab Aujourd\u2019hui est un jour de c\u00e9l\u00e9bration pour tous les membres de notre \u00e9glise d\u2019El Pedregal, \u00bb a d\u00e9clar\u00e9 au cours du programme, pasteur L\u00f3pez, pr\u00e9sident de la F\u00e9d\u00e9ration du Nord de Quintana Roo dans laquelle se trouve la nouvelle \u00e9glise. \u00ab Nous sommes vraiment heureux parce que Dieu a b\u00e9ni cette \u00e9glise abondamment. \u00bb<\/p>\n<div id=\"attachment_17307\" style=\"width: 410px\" class=\"wp-caption alignright\"><a href=\"\/interamerica\/wp-content\/uploads\/2017\/06\/IADmissionPlayaCarmen400.png\" rel=\"fancybox\" title=\"Dans le Sud-est du Mexique, l\u2019Eglise inaugure le premier lieu de culte mod\u00e8le\"><img loading=\"lazy\" decoding=\"async\" aria-describedby=\"caption-attachment-17307\" class=\"size-full wp-image-17307\" src=\"\/interamerica\/wp-content\/uploads\/2017\/06\/IADmissionPlayaCarmen400.png\" alt=\"\" width=\"400\" height=\"311\" \/><\/a><p id=\"caption-attachment-17307\" class=\"wp-caption-text\">Un groupe d\u2019employ\u00e9s de la DIA pose avec des membres et des ouvriers apr\u00e8s avoir m\u00e9lang\u00e9 et coul\u00e9 du b\u00e9ton pour la construction de la nouvelle \u00e9glise Adventiste El Pedregal \u00e0 Carmen del Rio dans le Quintana Roo au Mexique en juin 2014. Image de Libna Stevens\/DIA.<\/p><\/div>\n<p>Plus de 15 visiteurs ont \u00e9t\u00e9 amen\u00e9s \u00e0 l\u2019\u00e9glise et trois bapt\u00eames ont eu lieu lors de la c\u00e9r\u00e9monie d\u2019inauguration au cours de laquelle les dirigeants et les membres d\u2019\u00e9glise s\u2019\u00e9taient r\u00e9unis dans la nouvelle \u00e9glise.<\/p>\n<p>D\u2019apr\u00e8s Otoniel L\u00f3pez, la nouvelle \u00e9glise Adventiste El Pedregal est devenue une r\u00e9alit\u00e9 pour le groupe de 10 membres d\u2019\u00e9glise qui avaient commenc\u00e9 \u00e0 faire des versements pour le paiement de la propri\u00e9t\u00e9 dans le district 2 de Playa del Carmen. La terre dans ce district co\u00fbte cher et il y avait peu de terrains disponibles.<\/p>\n<p>Jusqu\u2019ici, l\u2019\u00e9glise a co\u00fbt\u00e9 environ 155000 dollars US, y compris le prix du terrain, a dit pasteur L\u00f3pez. La climatisation sera bient\u00f4t install\u00e9e dans la nouvelle \u00e9glise.<\/p>\n<p>L\u2019Union Mexicaine du Sud-est est l\u2019une des cinq r\u00e9gions majeures de l\u2019\u00e9glise au Mexique, elle compte 86507 membres qui se r\u00e9unissent pour adorer dans 1096 \u00e9glises et groupes.<\/p>\n<p>Pour en savoir plus sur l\u2019Eglise Adventiste du Septi\u00e8me Jour dans le Sud-est du Mexique, visitez le site<br \/>\n<a href=\"http:\/\/www.unionsureste.org.mx\">unionsureste.org.mx<\/a><\/p>\n<p>Traduction: Patrick Luciathe<\/p>\n","protected":false},"excerpt":{"rendered":"<p>L\u2019Eglise Adventiste du Septi\u00e8me Jour dans le Sud-est du Mexique a r\u00e9cemment inaugur\u00e9 sa premi\u00e8re \u00e9glise mod\u00e8le \u00e0 Riviera del Carmen dans l\u2019\u00e9tat de Quintana Roo, gr\u00e2ce aux dons fid\u00e8les des membres d\u2019\u00e9glise et aux fonds r\u00e9colt\u00e9s par la f\u00e9d\u00e9ration locale, l\u2019union et la Division Inter Am\u00e9ricaine (DIA).<\/p>\n<p>L\u2019Eglise Adventiste El Pedregal est devenue la premi\u00e8re parmi de nombreuses \u00e9glises dans le Sud-est du Mexique \u00e0 suivre un mod\u00e8le standard portant le logo de l\u2019\u00e9glise et ayant un design \u00e9tabli pour le sanctuaire pour les \u00e9glises de petite, moyenne et grande taille, ont indiqu\u00e9 les dirigeants d\u2019\u00e9glise locaux.<\/p>\n","protected":false},"author":1,"featured_media":25499,"comment_status":"closed","ping_status":"closed","sticky":false,"template":"","format":"standard","meta":{"_acf_changed":false,"footnotes":""},"categories":[21,19],"tags":[],"class_list":["post-32290","post","type-post","status-publish","format-standard","has-post-thumbnail","hentry","category-nouvelles-du-territoire","category-rss-francais"],"acf":[],"yoast_head":"<!-- This site is optimized with the Yoast SEO plugin v27.3 - https:\/\/yoast.com\/product\/yoast-seo-wordpress\/ -->\n<title>Dans le Sud-est du Mexique, l\u2019Eglise inaugure le premier lieu de culte mod\u00e8le - \u00c9glise Adventiste Du Septieme Jour - Inter Am\u00e9rique Division<\/title>\n<meta name=\"robots\" content=\"index, follow, max-snippet:-1, max-image-preview:large, max-video-preview:-1\" \/>\n<link rel=\"canonical\" href=\"https:\/\/interamerica.org\/fr\/2015\/06\/dans-le-sud-est-du-mexique-leglise-inaugure-le-premier-lieu-de-culte-modele\/\" \/>\n<meta property=\"og:locale\" content=\"fr_FR\" \/>\n<meta property=\"og:type\" content=\"article\" \/>\n<meta property=\"og:title\" content=\"Dans le Sud-est du Mexique, l\u2019Eglise inaugure le premier lieu de culte mod\u00e8le - \u00c9glise Adventiste Du Septieme Jour - Inter Am\u00e9rique Division\" \/>\n<meta property=\"og:description\" content=\"L\u2019Eglise Adventiste du Septi\u00e8me Jour dans le Sud-est du Mexique a r\u00e9cemment inaugur\u00e9 sa premi\u00e8re \u00e9glise mod\u00e8le \u00e0 Riviera del Carmen dans l\u2019\u00e9tat de Quintana Roo, gr\u00e2ce aux dons fid\u00e8les des membres d\u2019\u00e9glise et aux fonds r\u00e9colt\u00e9s par la f\u00e9d\u00e9ration locale, l\u2019union et la Division Inter Am\u00e9ricaine (DIA). L\u2019Eglise Adventiste El Pedregal est devenue la premi\u00e8re parmi de nombreuses \u00e9glises dans le Sud-est du Mexique \u00e0 suivre un mod\u00e8le standard portant le logo de l\u2019\u00e9glise et ayant un design \u00e9tabli pour le sanctuaire pour les \u00e9glises de petite, moyenne et grande taille, ont indiqu\u00e9 les dirigeants d\u2019\u00e9glise locaux.\" \/>\n<meta property=\"og:url\" content=\"https:\/\/interamerica.org\/fr\/2015\/06\/dans-le-sud-est-du-mexique-leglise-inaugure-le-premier-lieu-de-culte-modele\/\" \/>\n<meta property=\"og:site_name\" content=\"\u00c9glise Adventiste Du Septieme Jour - Inter Am\u00e9rique Division\" \/>\n<meta property=\"article:published_time\" content=\"2015-06-05T04:00:00+00:00\" \/>\n<meta property=\"og:image\" content=\"https:\/\/interamerica.org\/wp-content\/uploads\/2017\/06\/ElPedregal-church6001.png\" \/>\n\t<meta property=\"og:image:width\" content=\"600\" \/>\n\t<meta property=\"og:image:height\" content=\"450\" \/>\n\t<meta property=\"og:image:type\" content=\"image\/png\" \/>\n<meta name=\"author\" content=\"Lorenzo Verduzco\" \/>\n<meta name=\"twitter:card\" content=\"summary_large_image\" \/>\n<meta name=\"twitter:label1\" content=\"\u00c9crit par\" \/>\n\t<meta name=\"twitter:data1\" content=\"Lorenzo Verduzco\" \/>\n\t<meta name=\"twitter:label2\" content=\"Dur\u00e9e de lecture estim\u00e9e\" \/>\n\t<meta name=\"twitter:data2\" content=\"4 minutes\" \/>\n<script type=\"application\/ld+json\" class=\"yoast-schema-graph\">{\"@context\":\"https:\\\/\\\/schema.org\",\"@graph\":[{\"@type\":\"Article\",\"@id\":\"https:\\\/\\\/interamerica.org\\\/fr\\\/2015\\\/06\\\/dans-le-sud-est-du-mexique-leglise-inaugure-le-premier-lieu-de-culte-modele\\\/#article\",\"isPartOf\":{\"@id\":\"https:\\\/\\\/interamerica.org\\\/fr\\\/2015\\\/06\\\/dans-le-sud-est-du-mexique-leglise-inaugure-le-premier-lieu-de-culte-modele\\\/\"},\"author\":{\"name\":\"Lorenzo Verduzco\",\"@id\":\"https:\\\/\\\/interamerica.org\\\/fr\\\/#\\\/schema\\\/person\\\/68ede8bdc292885bb76c1e3810e73c39\"},\"headline\":\"Dans le Sud-est du Mexique, l\u2019Eglise inaugure le premier lieu de culte mod\u00e8le\",\"datePublished\":\"2015-06-05T04:00:00+00:00\",\"mainEntityOfPage\":{\"@id\":\"https:\\\/\\\/interamerica.org\\\/fr\\\/2015\\\/06\\\/dans-le-sud-est-du-mexique-leglise-inaugure-le-premier-lieu-de-culte-modele\\\/\"},\"wordCount\":903,\"image\":{\"@id\":\"https:\\\/\\\/interamerica.org\\\/fr\\\/2015\\\/06\\\/dans-le-sud-est-du-mexique-leglise-inaugure-le-premier-lieu-de-culte-modele\\\/#primaryimage\"},\"thumbnailUrl\":\"https:\\\/\\\/interamerica.org\\\/wp-content\\\/uploads\\\/2017\\\/06\\\/ElPedregal-church6001.png\",\"articleSection\":[\"Nouvelles du territoire\",\"RSS Fran\u00e7ais\"],\"inLanguage\":\"fr-FR\"},{\"@type\":\"WebPage\",\"@id\":\"https:\\\/\\\/interamerica.org\\\/fr\\\/2015\\\/06\\\/dans-le-sud-est-du-mexique-leglise-inaugure-le-premier-lieu-de-culte-modele\\\/\",\"url\":\"https:\\\/\\\/interamerica.org\\\/fr\\\/2015\\\/06\\\/dans-le-sud-est-du-mexique-leglise-inaugure-le-premier-lieu-de-culte-modele\\\/\",\"name\":\"Dans le Sud-est du Mexique, l\u2019Eglise inaugure le premier lieu de culte mod\u00e8le - \u00c9glise Adventiste Du Septieme Jour - Inter Am\u00e9rique Division\",\"isPartOf\":{\"@id\":\"https:\\\/\\\/interamerica.org\\\/fr\\\/#website\"},\"primaryImageOfPage\":{\"@id\":\"https:\\\/\\\/interamerica.org\\\/fr\\\/2015\\\/06\\\/dans-le-sud-est-du-mexique-leglise-inaugure-le-premier-lieu-de-culte-modele\\\/#primaryimage\"},\"image\":{\"@id\":\"https:\\\/\\\/interamerica.org\\\/fr\\\/2015\\\/06\\\/dans-le-sud-est-du-mexique-leglise-inaugure-le-premier-lieu-de-culte-modele\\\/#primaryimage\"},\"thumbnailUrl\":\"https:\\\/\\\/interamerica.org\\\/wp-content\\\/uploads\\\/2017\\\/06\\\/ElPedregal-church6001.png\",\"datePublished\":\"2015-06-05T04:00:00+00:00\",\"author\":{\"@id\":\"https:\\\/\\\/interamerica.org\\\/fr\\\/#\\\/schema\\\/person\\\/68ede8bdc292885bb76c1e3810e73c39\"},\"breadcrumb\":{\"@id\":\"https:\\\/\\\/interamerica.org\\\/fr\\\/2015\\\/06\\\/dans-le-sud-est-du-mexique-leglise-inaugure-le-premier-lieu-de-culte-modele\\\/#breadcrumb\"},\"inLanguage\":\"fr-FR\",\"potentialAction\":[{\"@type\":\"ReadAction\",\"target\":[\"https:\\\/\\\/interamerica.org\\\/fr\\\/2015\\\/06\\\/dans-le-sud-est-du-mexique-leglise-inaugure-le-premier-lieu-de-culte-modele\\\/\"]}]},{\"@type\":\"ImageObject\",\"inLanguage\":\"fr-FR\",\"@id\":\"https:\\\/\\\/interamerica.org\\\/fr\\\/2015\\\/06\\\/dans-le-sud-est-du-mexique-leglise-inaugure-le-premier-lieu-de-culte-modele\\\/#primaryimage\",\"url\":\"https:\\\/\\\/interamerica.org\\\/wp-content\\\/uploads\\\/2017\\\/06\\\/ElPedregal-church6001.png\",\"contentUrl\":\"https:\\\/\\\/interamerica.org\\\/wp-content\\\/uploads\\\/2017\\\/06\\\/ElPedregal-church6001.png\",\"width\":600,\"height\":450},{\"@type\":\"BreadcrumbList\",\"@id\":\"https:\\\/\\\/interamerica.org\\\/fr\\\/2015\\\/06\\\/dans-le-sud-est-du-mexique-leglise-inaugure-le-premier-lieu-de-culte-modele\\\/#breadcrumb\",\"itemListElement\":[{\"@type\":\"ListItem\",\"position\":1,\"name\":\"Home\",\"item\":\"https:\\\/\\\/interamerica.org\\\/fr\\\/\"},{\"@type\":\"ListItem\",\"position\":2,\"name\":\"Dans le Sud-est du Mexique, l\u2019Eglise inaugure le premier lieu de culte mod\u00e8le\"}]},{\"@type\":\"WebSite\",\"@id\":\"https:\\\/\\\/interamerica.org\\\/fr\\\/#website\",\"url\":\"https:\\\/\\\/interamerica.org\\\/fr\\\/\",\"name\":\"\u00c9glise Adventiste Du Septieme Jour - Inter Am\u00e9rique Division\",\"description\":\"\",\"potentialAction\":[{\"@type\":\"SearchAction\",\"target\":{\"@type\":\"EntryPoint\",\"urlTemplate\":\"https:\\\/\\\/interamerica.org\\\/fr\\\/?s={search_term_string}\"},\"query-input\":{\"@type\":\"PropertyValueSpecification\",\"valueRequired\":true,\"valueName\":\"search_term_string\"}}],\"inLanguage\":\"fr-FR\"},{\"@type\":\"Person\",\"@id\":\"https:\\\/\\\/interamerica.org\\\/fr\\\/#\\\/schema\\\/person\\\/68ede8bdc292885bb76c1e3810e73c39\",\"name\":\"Lorenzo Verduzco\",\"image\":{\"@type\":\"ImageObject\",\"inLanguage\":\"fr-FR\",\"@id\":\"https:\\\/\\\/secure.gravatar.com\\\/avatar\\\/fb81a55b6218459490a9c1dc841a34909185b81904c5337b4b27f7a6fd60c49e?s=96&d=mm&r=g\",\"url\":\"https:\\\/\\\/secure.gravatar.com\\\/avatar\\\/fb81a55b6218459490a9c1dc841a34909185b81904c5337b4b27f7a6fd60c49e?s=96&d=mm&r=g\",\"contentUrl\":\"https:\\\/\\\/secure.gravatar.com\\\/avatar\\\/fb81a55b6218459490a9c1dc841a34909185b81904c5337b4b27f7a6fd60c49e?s=96&d=mm&r=g\",\"caption\":\"Lorenzo Verduzco\"}}]}<\/script>\n<!-- \/ Yoast SEO plugin. -->","yoast_head_json":{"title":"Dans le Sud-est du Mexique, l\u2019Eglise inaugure le premier lieu de culte mod\u00e8le - \u00c9glise Adventiste Du Septieme Jour - Inter Am\u00e9rique Division","robots":{"index":"index","follow":"follow","max-snippet":"max-snippet:-1","max-image-preview":"max-image-preview:large","max-video-preview":"max-video-preview:-1"},"canonical":"https:\/\/interamerica.org\/fr\/2015\/06\/dans-le-sud-est-du-mexique-leglise-inaugure-le-premier-lieu-de-culte-modele\/","og_locale":"fr_FR","og_type":"article","og_title":"Dans le Sud-est du Mexique, l\u2019Eglise inaugure le premier lieu de culte mod\u00e8le - \u00c9glise Adventiste Du Septieme Jour - Inter Am\u00e9rique Division","og_description":"L\u2019Eglise Adventiste du Septi\u00e8me Jour dans le Sud-est du Mexique a r\u00e9cemment inaugur\u00e9 sa premi\u00e8re \u00e9glise mod\u00e8le \u00e0 Riviera del Carmen dans l\u2019\u00e9tat de Quintana Roo, gr\u00e2ce aux dons fid\u00e8les des membres d\u2019\u00e9glise et aux fonds r\u00e9colt\u00e9s par la f\u00e9d\u00e9ration locale, l\u2019union et la Division Inter Am\u00e9ricaine (DIA). L\u2019Eglise Adventiste El Pedregal est devenue la premi\u00e8re parmi de nombreuses \u00e9glises dans le Sud-est du Mexique \u00e0 suivre un mod\u00e8le standard portant le logo de l\u2019\u00e9glise et ayant un design \u00e9tabli pour le sanctuaire pour les \u00e9glises de petite, moyenne et grande taille, ont indiqu\u00e9 les dirigeants d\u2019\u00e9glise locaux.","og_url":"https:\/\/interamerica.org\/fr\/2015\/06\/dans-le-sud-est-du-mexique-leglise-inaugure-le-premier-lieu-de-culte-modele\/","og_site_name":"\u00c9glise Adventiste Du Septieme Jour - Inter Am\u00e9rique Division","article_published_time":"2015-06-05T04:00:00+00:00","og_image":[{"width":600,"height":450,"url":"https:\/\/interamerica.org\/wp-content\/uploads\/2017\/06\/ElPedregal-church6001.png","type":"image\/png"}],"author":"Lorenzo Verduzco","twitter_card":"summary_large_image","twitter_misc":{"\u00c9crit par":"Lorenzo Verduzco","Dur\u00e9e de lecture estim\u00e9e":"4 minutes"},"schema":{"@context":"https:\/\/schema.org","@graph":[{"@type":"Article","@id":"https:\/\/interamerica.org\/fr\/2015\/06\/dans-le-sud-est-du-mexique-leglise-inaugure-le-premier-lieu-de-culte-modele\/#article","isPartOf":{"@id":"https:\/\/interamerica.org\/fr\/2015\/06\/dans-le-sud-est-du-mexique-leglise-inaugure-le-premier-lieu-de-culte-modele\/"},"author":{"name":"Lorenzo Verduzco","@id":"https:\/\/interamerica.org\/fr\/#\/schema\/person\/68ede8bdc292885bb76c1e3810e73c39"},"headline":"Dans le Sud-est du Mexique, l\u2019Eglise inaugure le premier lieu de culte mod\u00e8le","datePublished":"2015-06-05T04:00:00+00:00","mainEntityOfPage":{"@id":"https:\/\/interamerica.org\/fr\/2015\/06\/dans-le-sud-est-du-mexique-leglise-inaugure-le-premier-lieu-de-culte-modele\/"},"wordCount":903,"image":{"@id":"https:\/\/interamerica.org\/fr\/2015\/06\/dans-le-sud-est-du-mexique-leglise-inaugure-le-premier-lieu-de-culte-modele\/#primaryimage"},"thumbnailUrl":"https:\/\/interamerica.org\/wp-content\/uploads\/2017\/06\/ElPedregal-church6001.png","articleSection":["Nouvelles du territoire","RSS Fran\u00e7ais"],"inLanguage":"fr-FR"},{"@type":"WebPage","@id":"https:\/\/interamerica.org\/fr\/2015\/06\/dans-le-sud-est-du-mexique-leglise-inaugure-le-premier-lieu-de-culte-modele\/","url":"https:\/\/interamerica.org\/fr\/2015\/06\/dans-le-sud-est-du-mexique-leglise-inaugure-le-premier-lieu-de-culte-modele\/","name":"Dans le Sud-est du Mexique, l\u2019Eglise inaugure le premier lieu de culte mod\u00e8le - \u00c9glise Adventiste Du Septieme Jour - Inter Am\u00e9rique Division","isPartOf":{"@id":"https:\/\/interamerica.org\/fr\/#website"},"primaryImageOfPage":{"@id":"https:\/\/interamerica.org\/fr\/2015\/06\/dans-le-sud-est-du-mexique-leglise-inaugure-le-premier-lieu-de-culte-modele\/#primaryimage"},"image":{"@id":"https:\/\/interamerica.org\/fr\/2015\/06\/dans-le-sud-est-du-mexique-leglise-inaugure-le-premier-lieu-de-culte-modele\/#primaryimage"},"thumbnailUrl":"https:\/\/interamerica.org\/wp-content\/uploads\/2017\/06\/ElPedregal-church6001.png","datePublished":"2015-06-05T04:00:00+00:00","author":{"@id":"https:\/\/interamerica.org\/fr\/#\/schema\/person\/68ede8bdc292885bb76c1e3810e73c39"},"breadcrumb":{"@id":"https:\/\/interamerica.org\/fr\/2015\/06\/dans-le-sud-est-du-mexique-leglise-inaugure-le-premier-lieu-de-culte-modele\/#breadcrumb"},"inLanguage":"fr-FR","potentialAction":[{"@type":"ReadAction","target":["https:\/\/interamerica.org\/fr\/2015\/06\/dans-le-sud-est-du-mexique-leglise-inaugure-le-premier-lieu-de-culte-modele\/"]}]},{"@type":"ImageObject","inLanguage":"fr-FR","@id":"https:\/\/interamerica.org\/fr\/2015\/06\/dans-le-sud-est-du-mexique-leglise-inaugure-le-premier-lieu-de-culte-modele\/#primaryimage","url":"https:\/\/interamerica.org\/wp-content\/uploads\/2017\/06\/ElPedregal-church6001.png","contentUrl":"https:\/\/interamerica.org\/wp-content\/uploads\/2017\/06\/ElPedregal-church6001.png","width":600,"height":450},{"@type":"BreadcrumbList","@id":"https:\/\/interamerica.org\/fr\/2015\/06\/dans-le-sud-est-du-mexique-leglise-inaugure-le-premier-lieu-de-culte-modele\/#breadcrumb","itemListElement":[{"@type":"ListItem","position":1,"name":"Home","item":"https:\/\/interamerica.org\/fr\/"},{"@type":"ListItem","position":2,"name":"Dans le Sud-est du Mexique, l\u2019Eglise inaugure le premier lieu de culte mod\u00e8le"}]},{"@type":"WebSite","@id":"https:\/\/interamerica.org\/fr\/#website","url":"https:\/\/interamerica.org\/fr\/","name":"\u00c9glise Adventiste Du Septieme Jour - Inter Am\u00e9rique Division","description":"","potentialAction":[{"@type":"SearchAction","target":{"@type":"EntryPoint","urlTemplate":"https:\/\/interamerica.org\/fr\/?s={search_term_string}"},"query-input":{"@type":"PropertyValueSpecification","valueRequired":true,"valueName":"search_term_string"}}],"inLanguage":"fr-FR"},{"@type":"Person","@id":"https:\/\/interamerica.org\/fr\/#\/schema\/person\/68ede8bdc292885bb76c1e3810e73c39","name":"Lorenzo Verduzco","image":{"@type":"ImageObject","inLanguage":"fr-FR","@id":"https:\/\/secure.gravatar.com\/avatar\/fb81a55b6218459490a9c1dc841a34909185b81904c5337b4b27f7a6fd60c49e?s=96&d=mm&r=g","url":"https:\/\/secure.gravatar.com\/avatar\/fb81a55b6218459490a9c1dc841a34909185b81904c5337b4b27f7a6fd60c49e?s=96&d=mm&r=g","contentUrl":"https:\/\/secure.gravatar.com\/avatar\/fb81a55b6218459490a9c1dc841a34909185b81904c5337b4b27f7a6fd60c49e?s=96&d=mm&r=g","caption":"Lorenzo Verduzco"}}]}},"_links":{"self":[{"href":"https:\/\/interamerica.org\/fr\/wp-json\/wp\/v2\/posts\/32290","targetHints":{"allow":["GET"]}}],"collection":[{"href":"https:\/\/interamerica.org\/fr\/wp-json\/wp\/v2\/posts"}],"about":[{"href":"https:\/\/interamerica.org\/fr\/wp-json\/wp\/v2\/types\/post"}],"author":[{"embeddable":true,"href":"https:\/\/interamerica.org\/fr\/wp-json\/wp\/v2\/users\/1"}],"replies":[{"embeddable":true,"href":"https:\/\/interamerica.org\/fr\/wp-json\/wp\/v2\/comments?post=32290"}],"version-history":[{"count":0,"href":"https:\/\/interamerica.org\/fr\/wp-json\/wp\/v2\/posts\/32290\/revisions"}],"wp:featuredmedia":[{"embeddable":true,"href":"https:\/\/interamerica.org\/fr\/wp-json\/wp\/v2\/media\/25499"}],"wp:attachment":[{"href":"https:\/\/interamerica.org\/fr\/wp-json\/wp\/v2\/media?parent=32290"}],"wp:term":[{"taxonomy":"category","embeddable":true,"href":"https:\/\/interamerica.org\/fr\/wp-json\/wp\/v2\/categories?post=32290"},{"taxonomy":"post_tag","embeddable":true,"href":"https:\/\/interamerica.org\/fr\/wp-json\/wp\/v2\/tags?post=32290"}],"curies":[{"name":"wp","href":"https:\/\/api.w.org\/{rel}","templated":true}]}}