{"id":32291,"date":"2015-06-05T00:00:00","date_gmt":"2015-06-05T04:00:00","guid":{"rendered":"http:\/\/192.81.217.108\/interamerica\/2015\/06\/le-premier-congres-des-chercheurs-rassemble-des-administrateurs-et-des-educateurs-venus-des-universites-de-la-dia\/"},"modified":"2015-06-05T00:00:00","modified_gmt":"2015-06-05T04:00:00","slug":"le-premier-congres-des-chercheurs-rassemble-des-administrateurs-et-des-educateurs-venus-des-universites-de-la-dia","status":"publish","type":"post","link":"https:\/\/interamerica.org\/fr\/2015\/06\/le-premier-congres-des-chercheurs-rassemble-des-administrateurs-et-des-educateurs-venus-des-universites-de-la-dia\/","title":{"rendered":"Le premier Congr\u00e8s des Chercheurs rassemble des administrateurs et des \u00e9ducateurs venus des universit\u00e9s de la DIA."},"content":{"rendered":"<div id=\"attachment_17324\" style=\"width: 610px\" class=\"wp-caption aligncenter\"><a href=\"\/interamerica\/wp-content\/uploads\/2017\/06\/ResearchCongress600.png\" rel=\"fancybox\" title=\"Le premier Congr\u00e8s des Chercheurs rassemble des administrateurs et des \u00e9ducateurs venus des universit\u00e9s de la DIA.\"><img fetchpriority=\"high\" decoding=\"async\" aria-describedby=\"caption-attachment-17324\" class=\"size-full wp-image-17324\" src=\"\/interamerica\/wp-content\/uploads\/2017\/06\/ResearchCongress600.png\" alt=\"\" width=\"600\" height=\"399\" \/><\/a><p id=\"caption-attachment-17324\" class=\"wp-caption-text\">Les administrateurs et les \u00e9ducateurs venus de 10 universit\u00e9s Adventistes en Inter Am\u00e9rique posent pour une photo lors du premier Congr\u00e8s des Chercheurs organis\u00e9 pour l\u2019ensemble du territoire sur le campus de l\u2019Universit\u00e9 Adventiste des Antilles \u00e0 Mayaguez \u00e0 Porto Rico les 19 et 20 mai 2015. Image de l\u2019Universit\u00e9 Adventiste des Antilles.<\/p><\/div>\n<p>5 Juin 2015 \u2013 Mayaguez, Porto Rico \u2013 Zilma E. Santiago\/DIA<\/p>\n<p>Des vice-pr\u00e9sidents en charge des affaires acad\u00e9miques, des directeurs de recherche et des professeurs venus d\u2019universit\u00e9s Adventistes du Septi\u00e8me Jour dans la Division Inter Am\u00e9ricaine (DIA) se sont r\u00e9unis afin de discuter et de promouvoir une culture de la recherche dans les 14 universit\u00e9s \u00e0 l\u2019occasion du premier Congr\u00e8s des Chercheurs \u00e0 \u00eatre organis\u00e9 dans le territoire. Le congr\u00e8s a rassembl\u00e9 plus de deux douzaines d\u2019administrateurs et d\u2019\u00e9ducateurs \u00e0 l\u2019Universit\u00e9 Adventiste des Antilles \u00e0 Mayaguez \u00e0 Porto Rico du 19 au 20 mai 2015.<\/p>\n<div id=\"attachment_13492\" style=\"width: 330px\" class=\"wp-caption alignleft\"><a href=\"\/interamerica\/wp-content\/uploads\/2017\/06\/GamalielFlorez-EC.png\" rel=\"fancybox\" title=\"Le premier Congr\u00e8s des Chercheurs rassemble des administrateurs et des \u00e9ducateurs venus des universit\u00e9s de la DIA.\"><img decoding=\"async\" aria-describedby=\"caption-attachment-13492\" class=\" wp-image-13492 \" src=\"\/interamerica\/wp-content\/uploads\/2017\/06\/GamalielFlorez-EC.png\" alt=\"\" width=\"320\" height=\"206\" \/><\/a><p id=\"caption-attachment-13492\" class=\"wp-caption-text\">Le directeur de l\u2019Education de la DIA, Dr Gamaliel Florez a d\u00e9clar\u00e9 que le congr\u00e8s constituait une \u00e9tape vitale pour parvenir \u00e0 un rapprochement entre les universit\u00e9s afin qu\u2019elles continuent ensemble d\u2019enrichir l\u2019\u00e9ducation et de former le type de penseurs et d\u2019acteurs dont l\u2019\u00e9glise et le monde ont besoin aujourd\u2019hui. Image d\u2019archives d\u2019Abel Marquez.<\/p><\/div>\n<p>Le directeur de l\u2019Education pour la DIA, \u00e9galement organisateur du programme, Dr Gamaliel Florez a d\u00e9clar\u00e9 que le congr\u00e8s constituait une \u00e9tape vitale pour parvenir \u00e0 un rapprochement entre les universit\u00e9s afin qu\u2019elles continuent ensemble d\u2019enrichir l\u2019\u00e9ducation et de former le type de penseurs et d\u2019acteurs dont l\u2019\u00e9glise et le monde ont besoin aujourd\u2019hui.<\/p>\n<p>\u00ab La recherche est une partie essentielle de la vie d\u2019une universit\u00e9, et toutes nos institutions font tout leur possible pour s\u2019y consacrer en d\u00e9pit du manque de ressources, \u00bb a dit Dr Florez. \u00ab C\u2019\u00e9tait important d\u2019avoir cet \u00e9change d\u2019exp\u00e9riences entre les dirigeants d\u2019universit\u00e9, et de prendre connaissance des d\u00e9fis et des succ\u00e8s que connaissent la plupart des institutions dans leur processus de recherche. \u00bb<\/p>\n<p>Dr Florez a indiqu\u00e9 que le programme visait \u00e0 promouvoir la recherche sous toutes ses formes dans les universit\u00e9s Adventistes de la DIA, a faire conna\u00eetre le travail de recherche des professeurs, des enseignants et des \u00e9tudiants, \u00e0 d\u00e9montrer que la recherche est un pr\u00e9cieux moyen d\u2019\u00e9tude et de r\u00e9flexion sur les d\u00e9fis et les possibilit\u00e9s dans le contexte des probl\u00e8mes sociaux, \u00e0 contribuer au d\u00e9veloppement d\u2019une pens\u00e9e critique et cr\u00e9ative au niveau national et international, et \u00e0 stimuler le travail de recherche qui peut soutenir la transformation des pratiques de la communaut\u00e9 \u00e9ducative.<\/p>\n<p>Dr John Wesley Taylor V, directeur adjoint de l\u2019\u00e9ducation pour l\u2019Eglise Adventiste mondiale, a parl\u00e9 de la perspective et du r\u00f4le du travail de recherche dans une institution Adventiste, il a \u00e9voqu\u00e9 un paradigme biblique pour la recherche de la v\u00e9rit\u00e9 et aussi les d\u00e9fis et les opportunit\u00e9s pour une recherche qualitative.<\/p>\n<div id=\"attachment_17325\" style=\"width: 330px\" class=\"wp-caption alignright\"><a href=\"\/interamerica\/wp-content\/uploads\/2017\/06\/ResearchCong-taylor400.png\" rel=\"fancybox\" title=\"Le premier Congr\u00e8s des Chercheurs rassemble des administrateurs et des \u00e9ducateurs venus des universit\u00e9s de la DIA.\"><img decoding=\"async\" aria-describedby=\"caption-attachment-17325\" class=\" wp-image-17325 \" src=\"\/interamerica\/wp-content\/uploads\/2017\/06\/ResearchCong-taylor400.png\" alt=\"\" width=\"320\" height=\"213\" \/><\/a><p id=\"caption-attachment-17325\" class=\"wp-caption-text\">Dr John Wesley Taylor V, directeur adjoint de l\u2019\u00e9ducation pour l\u2019Eglise Adventiste mondiale, pr\u00e9sente un s\u00e9minaire sur les d\u00e9fis et les opportunit\u00e9s dans la recherche qualitative \u00e0 l\u2019occasion de ce programme de deux jours.<\/p><\/div>\n<p>Cinq des dix universit\u00e9s Adventistes repr\u00e9sent\u00e9es au congr\u00e8s ont pr\u00e9sent\u00e9 leurs recherches qualitatives et quantitatives, les d\u00e9fis du chercheur, les strat\u00e9gies relatives \u00e0 la fa\u00e7on de r\u00e9soudre la tension entre l\u2019enseignement et la recherche, comment lier des secteurs pour financer la recherche, et le r\u00f4le des comit\u00e9s de recherche, entre autres choses.<\/p>\n<p>Des discussions en table ronde avec des administrateurs et des \u00e9ducateurs ont permis d\u2019\u00e9tablir un dialogue sur les d\u00e9fis auxquels font face les professeurs chercheurs, de partager des mod\u00e8les dans le but de promouvoir une culture de recherche dans les institutions Adventistes, de saisir les opportunit\u00e9s de collaboration dans des projets de recherche, entre autres questions.<\/p>\n<p>De plus, le personnel enseignant et les \u00e9tudiants de troisi\u00e8me cycle ont pr\u00e9sent\u00e9 leurs recherches dans le cadre d\u2019une exposition sp\u00e9ciale au cours de laquelle ils ont pu parler de leurs recherches pas seulement d\u2019un point de vue philosophique, conceptuel ou m\u00e9thodologique, mais aussi \u00e0 travers les r\u00e9sultats et les recommandations \u00e9manant de la recherche.<\/p>\n<p>D\u2019apr\u00e8s Dr Florez, le congr\u00e8s a permis d\u2019enrichir les administrateurs et les \u00e9ducateurs dans la mesure o\u00f9 il a \u00e9tabli la fondation permettant d\u2019int\u00e9grer les universit\u00e9s de la DIA dans un r\u00e9seau de chercheurs, avec un comit\u00e9 dirig\u00e9 par l\u2019Universit\u00e9 de Montemorelos, l\u2019Universit\u00e9 Adventiste Navojoa, l\u2019Universit\u00e9 Adventiste des Antilles et l\u2019Universit\u00e9 du Sud de la Cara\u00efbe.<\/p>\n<p>Lors de sa premi\u00e8re rencontre, le nouveau comit\u00e9 a propos\u00e9 d\u2019offrir un nouveau cours sur la recherche \u00e0 140 participants venant d\u2019universit\u00e9s Adventistes en Inter Am\u00e9rique avec lesquels la recherche sera renforc\u00e9e, a dit Dr Florez.<\/p>\n<p>En outre, de nouvelles recherches seront men\u00e9es conjointement par toutes les universit\u00e9s de la DIA ou par quelques universit\u00e9s int\u00e9ress\u00e9es par des sujets sp\u00e9cifiques.<\/p>\n<p>Nous souhaitons que chaque professeur d\u2019universit\u00e9 devienne un \u00e9rudit dans son domaine gr\u00e2ce \u00e0 la recherche et au d\u00e9veloppement professionnel, \u00bb a indiqu\u00e9 Dr Florez.<\/p>\n<p>Le prochain congr\u00e8s des chercheurs devrait avoir lieu l\u2019ann\u00e9e prochaine \u00e0 l\u2019Universit\u00e9 de Montemorelos au Mexique.<\/p>\n<p>Traduction: Patrick Luciathe<\/p>\n","protected":false},"excerpt":{"rendered":"<p>Des vice-pr\u00e9sidents en charge des affaires acad\u00e9miques, des directeurs de recherche et des professeurs venus d\u2019universit\u00e9s Adventistes du Septi\u00e8me Jour dans la Division Inter Am\u00e9ricaine (DIA) se sont r\u00e9unis afin de discuter et de promouvoir une culture de la recherche dans les 14 universit\u00e9s \u00e0 l\u2019occasion du premier Congr\u00e8s des Chercheurs \u00e0 \u00eatre organis\u00e9 dans le territoire. <\/p>\n<p>Le congr\u00e8s a rassembl\u00e9 plus de deux douzaines d\u2019administrateurs et d\u2019\u00e9ducateurs \u00e0 l\u2019Universit\u00e9 Adventiste des Antilles \u00e0 Mayaguez \u00e0 Porto Rico du 19 au 20 mai 2015.<\/p>\n","protected":false},"author":1,"featured_media":25512,"comment_status":"closed","ping_status":"closed","sticky":false,"template":"","format":"standard","meta":{"_acf_changed":false,"footnotes":""},"categories":[20,19],"tags":[],"class_list":["post-32291","post","type-post","status-publish","format-standard","has-post-thumbnail","hentry","category-nouvelles-du-siege-de-la-division","category-rss-francais"],"acf":[],"yoast_head":"<!-- This site is optimized with the Yoast SEO plugin v27.3 - https:\/\/yoast.com\/product\/yoast-seo-wordpress\/ -->\n<title>Le premier Congr\u00e8s des Chercheurs rassemble des administrateurs et des \u00e9ducateurs venus des universit\u00e9s de la DIA. - \u00c9glise Adventiste Du Septieme Jour - Inter Am\u00e9rique Division<\/title>\n<meta name=\"robots\" content=\"index, follow, max-snippet:-1, max-image-preview:large, max-video-preview:-1\" \/>\n<link rel=\"canonical\" href=\"https:\/\/interamerica.org\/fr\/2015\/06\/le-premier-congres-des-chercheurs-rassemble-des-administrateurs-et-des-educateurs-venus-des-universites-de-la-dia\/\" \/>\n<meta property=\"og:locale\" content=\"fr_FR\" \/>\n<meta property=\"og:type\" content=\"article\" \/>\n<meta property=\"og:title\" content=\"Le premier Congr\u00e8s des Chercheurs rassemble des administrateurs et des \u00e9ducateurs venus des universit\u00e9s de la DIA. - \u00c9glise Adventiste Du Septieme Jour - Inter Am\u00e9rique Division\" \/>\n<meta property=\"og:description\" content=\"Des vice-pr\u00e9sidents en charge des affaires acad\u00e9miques, des directeurs de recherche et des professeurs venus d\u2019universit\u00e9s Adventistes du Septi\u00e8me Jour dans la Division Inter Am\u00e9ricaine (DIA) se sont r\u00e9unis afin de discuter et de promouvoir une culture de la recherche dans les 14 universit\u00e9s \u00e0 l\u2019occasion du premier Congr\u00e8s des Chercheurs \u00e0 \u00eatre organis\u00e9 dans le territoire.  Le congr\u00e8s a rassembl\u00e9 plus de deux douzaines d\u2019administrateurs et d\u2019\u00e9ducateurs \u00e0 l\u2019Universit\u00e9 Adventiste des Antilles \u00e0 Mayaguez \u00e0 Porto Rico du 19 au 20 mai 2015.\" \/>\n<meta property=\"og:url\" content=\"https:\/\/interamerica.org\/fr\/2015\/06\/le-premier-congres-des-chercheurs-rassemble-des-administrateurs-et-des-educateurs-venus-des-universites-de-la-dia\/\" \/>\n<meta property=\"og:site_name\" content=\"\u00c9glise Adventiste Du Septieme Jour - Inter Am\u00e9rique Division\" \/>\n<meta property=\"article:published_time\" content=\"2015-06-05T04:00:00+00:00\" \/>\n<meta property=\"og:image\" content=\"https:\/\/interamerica.org\/wp-content\/uploads\/2017\/06\/ResearchCongress600.png\" \/>\n\t<meta property=\"og:image:width\" content=\"600\" \/>\n\t<meta property=\"og:image:height\" content=\"399\" \/>\n\t<meta property=\"og:image:type\" content=\"image\/png\" \/>\n<meta name=\"author\" content=\"Lorenzo Verduzco\" \/>\n<meta name=\"twitter:card\" content=\"summary_large_image\" \/>\n<meta name=\"twitter:label1\" content=\"\u00c9crit par\" \/>\n\t<meta name=\"twitter:data1\" content=\"Lorenzo Verduzco\" \/>\n\t<meta name=\"twitter:label2\" content=\"Dur\u00e9e de lecture estim\u00e9e\" \/>\n\t<meta name=\"twitter:data2\" content=\"5 minutes\" \/>\n<script type=\"application\/ld+json\" class=\"yoast-schema-graph\">{\"@context\":\"https:\\\/\\\/schema.org\",\"@graph\":[{\"@type\":\"Article\",\"@id\":\"https:\\\/\\\/interamerica.org\\\/fr\\\/2015\\\/06\\\/le-premier-congres-des-chercheurs-rassemble-des-administrateurs-et-des-educateurs-venus-des-universites-de-la-dia\\\/#article\",\"isPartOf\":{\"@id\":\"https:\\\/\\\/interamerica.org\\\/fr\\\/2015\\\/06\\\/le-premier-congres-des-chercheurs-rassemble-des-administrateurs-et-des-educateurs-venus-des-universites-de-la-dia\\\/\"},\"author\":{\"name\":\"Lorenzo Verduzco\",\"@id\":\"https:\\\/\\\/interamerica.org\\\/fr\\\/#\\\/schema\\\/person\\\/68ede8bdc292885bb76c1e3810e73c39\"},\"headline\":\"Le premier Congr\u00e8s des Chercheurs rassemble des administrateurs et des \u00e9ducateurs venus des universit\u00e9s de la DIA.\",\"datePublished\":\"2015-06-05T04:00:00+00:00\",\"mainEntityOfPage\":{\"@id\":\"https:\\\/\\\/interamerica.org\\\/fr\\\/2015\\\/06\\\/le-premier-congres-des-chercheurs-rassemble-des-administrateurs-et-des-educateurs-venus-des-universites-de-la-dia\\\/\"},\"wordCount\":962,\"image\":{\"@id\":\"https:\\\/\\\/interamerica.org\\\/fr\\\/2015\\\/06\\\/le-premier-congres-des-chercheurs-rassemble-des-administrateurs-et-des-educateurs-venus-des-universites-de-la-dia\\\/#primaryimage\"},\"thumbnailUrl\":\"https:\\\/\\\/interamerica.org\\\/wp-content\\\/uploads\\\/2017\\\/06\\\/ResearchCongress600.png\",\"articleSection\":[\"Nouvelles du si\u00e8ge de la division\",\"RSS Fran\u00e7ais\"],\"inLanguage\":\"fr-FR\"},{\"@type\":\"WebPage\",\"@id\":\"https:\\\/\\\/interamerica.org\\\/fr\\\/2015\\\/06\\\/le-premier-congres-des-chercheurs-rassemble-des-administrateurs-et-des-educateurs-venus-des-universites-de-la-dia\\\/\",\"url\":\"https:\\\/\\\/interamerica.org\\\/fr\\\/2015\\\/06\\\/le-premier-congres-des-chercheurs-rassemble-des-administrateurs-et-des-educateurs-venus-des-universites-de-la-dia\\\/\",\"name\":\"Le premier Congr\u00e8s des Chercheurs rassemble des administrateurs et des \u00e9ducateurs venus des universit\u00e9s de la DIA. - \u00c9glise Adventiste Du Septieme Jour - Inter Am\u00e9rique Division\",\"isPartOf\":{\"@id\":\"https:\\\/\\\/interamerica.org\\\/fr\\\/#website\"},\"primaryImageOfPage\":{\"@id\":\"https:\\\/\\\/interamerica.org\\\/fr\\\/2015\\\/06\\\/le-premier-congres-des-chercheurs-rassemble-des-administrateurs-et-des-educateurs-venus-des-universites-de-la-dia\\\/#primaryimage\"},\"image\":{\"@id\":\"https:\\\/\\\/interamerica.org\\\/fr\\\/2015\\\/06\\\/le-premier-congres-des-chercheurs-rassemble-des-administrateurs-et-des-educateurs-venus-des-universites-de-la-dia\\\/#primaryimage\"},\"thumbnailUrl\":\"https:\\\/\\\/interamerica.org\\\/wp-content\\\/uploads\\\/2017\\\/06\\\/ResearchCongress600.png\",\"datePublished\":\"2015-06-05T04:00:00+00:00\",\"author\":{\"@id\":\"https:\\\/\\\/interamerica.org\\\/fr\\\/#\\\/schema\\\/person\\\/68ede8bdc292885bb76c1e3810e73c39\"},\"breadcrumb\":{\"@id\":\"https:\\\/\\\/interamerica.org\\\/fr\\\/2015\\\/06\\\/le-premier-congres-des-chercheurs-rassemble-des-administrateurs-et-des-educateurs-venus-des-universites-de-la-dia\\\/#breadcrumb\"},\"inLanguage\":\"fr-FR\",\"potentialAction\":[{\"@type\":\"ReadAction\",\"target\":[\"https:\\\/\\\/interamerica.org\\\/fr\\\/2015\\\/06\\\/le-premier-congres-des-chercheurs-rassemble-des-administrateurs-et-des-educateurs-venus-des-universites-de-la-dia\\\/\"]}]},{\"@type\":\"ImageObject\",\"inLanguage\":\"fr-FR\",\"@id\":\"https:\\\/\\\/interamerica.org\\\/fr\\\/2015\\\/06\\\/le-premier-congres-des-chercheurs-rassemble-des-administrateurs-et-des-educateurs-venus-des-universites-de-la-dia\\\/#primaryimage\",\"url\":\"https:\\\/\\\/interamerica.org\\\/wp-content\\\/uploads\\\/2017\\\/06\\\/ResearchCongress600.png\",\"contentUrl\":\"https:\\\/\\\/interamerica.org\\\/wp-content\\\/uploads\\\/2017\\\/06\\\/ResearchCongress600.png\",\"width\":600,\"height\":399},{\"@type\":\"BreadcrumbList\",\"@id\":\"https:\\\/\\\/interamerica.org\\\/fr\\\/2015\\\/06\\\/le-premier-congres-des-chercheurs-rassemble-des-administrateurs-et-des-educateurs-venus-des-universites-de-la-dia\\\/#breadcrumb\",\"itemListElement\":[{\"@type\":\"ListItem\",\"position\":1,\"name\":\"Home\",\"item\":\"https:\\\/\\\/interamerica.org\\\/fr\\\/\"},{\"@type\":\"ListItem\",\"position\":2,\"name\":\"Le premier Congr\u00e8s des Chercheurs rassemble des administrateurs et des \u00e9ducateurs venus des universit\u00e9s de la DIA.\"}]},{\"@type\":\"WebSite\",\"@id\":\"https:\\\/\\\/interamerica.org\\\/fr\\\/#website\",\"url\":\"https:\\\/\\\/interamerica.org\\\/fr\\\/\",\"name\":\"\u00c9glise Adventiste Du Septieme Jour - Inter Am\u00e9rique Division\",\"description\":\"\",\"potentialAction\":[{\"@type\":\"SearchAction\",\"target\":{\"@type\":\"EntryPoint\",\"urlTemplate\":\"https:\\\/\\\/interamerica.org\\\/fr\\\/?s={search_term_string}\"},\"query-input\":{\"@type\":\"PropertyValueSpecification\",\"valueRequired\":true,\"valueName\":\"search_term_string\"}}],\"inLanguage\":\"fr-FR\"},{\"@type\":\"Person\",\"@id\":\"https:\\\/\\\/interamerica.org\\\/fr\\\/#\\\/schema\\\/person\\\/68ede8bdc292885bb76c1e3810e73c39\",\"name\":\"Lorenzo Verduzco\",\"image\":{\"@type\":\"ImageObject\",\"inLanguage\":\"fr-FR\",\"@id\":\"https:\\\/\\\/secure.gravatar.com\\\/avatar\\\/fb81a55b6218459490a9c1dc841a34909185b81904c5337b4b27f7a6fd60c49e?s=96&d=mm&r=g\",\"url\":\"https:\\\/\\\/secure.gravatar.com\\\/avatar\\\/fb81a55b6218459490a9c1dc841a34909185b81904c5337b4b27f7a6fd60c49e?s=96&d=mm&r=g\",\"contentUrl\":\"https:\\\/\\\/secure.gravatar.com\\\/avatar\\\/fb81a55b6218459490a9c1dc841a34909185b81904c5337b4b27f7a6fd60c49e?s=96&d=mm&r=g\",\"caption\":\"Lorenzo Verduzco\"}}]}<\/script>\n<!-- \/ Yoast SEO plugin. -->","yoast_head_json":{"title":"Le premier Congr\u00e8s des Chercheurs rassemble des administrateurs et des \u00e9ducateurs venus des universit\u00e9s de la DIA. - \u00c9glise Adventiste Du Septieme Jour - Inter Am\u00e9rique Division","robots":{"index":"index","follow":"follow","max-snippet":"max-snippet:-1","max-image-preview":"max-image-preview:large","max-video-preview":"max-video-preview:-1"},"canonical":"https:\/\/interamerica.org\/fr\/2015\/06\/le-premier-congres-des-chercheurs-rassemble-des-administrateurs-et-des-educateurs-venus-des-universites-de-la-dia\/","og_locale":"fr_FR","og_type":"article","og_title":"Le premier Congr\u00e8s des Chercheurs rassemble des administrateurs et des \u00e9ducateurs venus des universit\u00e9s de la DIA. - \u00c9glise Adventiste Du Septieme Jour - Inter Am\u00e9rique Division","og_description":"Des vice-pr\u00e9sidents en charge des affaires acad\u00e9miques, des directeurs de recherche et des professeurs venus d\u2019universit\u00e9s Adventistes du Septi\u00e8me Jour dans la Division Inter Am\u00e9ricaine (DIA) se sont r\u00e9unis afin de discuter et de promouvoir une culture de la recherche dans les 14 universit\u00e9s \u00e0 l\u2019occasion du premier Congr\u00e8s des Chercheurs \u00e0 \u00eatre organis\u00e9 dans le territoire.  Le congr\u00e8s a rassembl\u00e9 plus de deux douzaines d\u2019administrateurs et d\u2019\u00e9ducateurs \u00e0 l\u2019Universit\u00e9 Adventiste des Antilles \u00e0 Mayaguez \u00e0 Porto Rico du 19 au 20 mai 2015.","og_url":"https:\/\/interamerica.org\/fr\/2015\/06\/le-premier-congres-des-chercheurs-rassemble-des-administrateurs-et-des-educateurs-venus-des-universites-de-la-dia\/","og_site_name":"\u00c9glise Adventiste Du Septieme Jour - Inter Am\u00e9rique Division","article_published_time":"2015-06-05T04:00:00+00:00","og_image":[{"width":600,"height":399,"url":"https:\/\/interamerica.org\/wp-content\/uploads\/2017\/06\/ResearchCongress600.png","type":"image\/png"}],"author":"Lorenzo Verduzco","twitter_card":"summary_large_image","twitter_misc":{"\u00c9crit par":"Lorenzo Verduzco","Dur\u00e9e de lecture estim\u00e9e":"5 minutes"},"schema":{"@context":"https:\/\/schema.org","@graph":[{"@type":"Article","@id":"https:\/\/interamerica.org\/fr\/2015\/06\/le-premier-congres-des-chercheurs-rassemble-des-administrateurs-et-des-educateurs-venus-des-universites-de-la-dia\/#article","isPartOf":{"@id":"https:\/\/interamerica.org\/fr\/2015\/06\/le-premier-congres-des-chercheurs-rassemble-des-administrateurs-et-des-educateurs-venus-des-universites-de-la-dia\/"},"author":{"name":"Lorenzo Verduzco","@id":"https:\/\/interamerica.org\/fr\/#\/schema\/person\/68ede8bdc292885bb76c1e3810e73c39"},"headline":"Le premier Congr\u00e8s des Chercheurs rassemble des administrateurs et des \u00e9ducateurs venus des universit\u00e9s de la DIA.","datePublished":"2015-06-05T04:00:00+00:00","mainEntityOfPage":{"@id":"https:\/\/interamerica.org\/fr\/2015\/06\/le-premier-congres-des-chercheurs-rassemble-des-administrateurs-et-des-educateurs-venus-des-universites-de-la-dia\/"},"wordCount":962,"image":{"@id":"https:\/\/interamerica.org\/fr\/2015\/06\/le-premier-congres-des-chercheurs-rassemble-des-administrateurs-et-des-educateurs-venus-des-universites-de-la-dia\/#primaryimage"},"thumbnailUrl":"https:\/\/interamerica.org\/wp-content\/uploads\/2017\/06\/ResearchCongress600.png","articleSection":["Nouvelles du si\u00e8ge de la division","RSS Fran\u00e7ais"],"inLanguage":"fr-FR"},{"@type":"WebPage","@id":"https:\/\/interamerica.org\/fr\/2015\/06\/le-premier-congres-des-chercheurs-rassemble-des-administrateurs-et-des-educateurs-venus-des-universites-de-la-dia\/","url":"https:\/\/interamerica.org\/fr\/2015\/06\/le-premier-congres-des-chercheurs-rassemble-des-administrateurs-et-des-educateurs-venus-des-universites-de-la-dia\/","name":"Le premier Congr\u00e8s des Chercheurs rassemble des administrateurs et des \u00e9ducateurs venus des universit\u00e9s de la DIA. - \u00c9glise Adventiste Du Septieme Jour - Inter Am\u00e9rique Division","isPartOf":{"@id":"https:\/\/interamerica.org\/fr\/#website"},"primaryImageOfPage":{"@id":"https:\/\/interamerica.org\/fr\/2015\/06\/le-premier-congres-des-chercheurs-rassemble-des-administrateurs-et-des-educateurs-venus-des-universites-de-la-dia\/#primaryimage"},"image":{"@id":"https:\/\/interamerica.org\/fr\/2015\/06\/le-premier-congres-des-chercheurs-rassemble-des-administrateurs-et-des-educateurs-venus-des-universites-de-la-dia\/#primaryimage"},"thumbnailUrl":"https:\/\/interamerica.org\/wp-content\/uploads\/2017\/06\/ResearchCongress600.png","datePublished":"2015-06-05T04:00:00+00:00","author":{"@id":"https:\/\/interamerica.org\/fr\/#\/schema\/person\/68ede8bdc292885bb76c1e3810e73c39"},"breadcrumb":{"@id":"https:\/\/interamerica.org\/fr\/2015\/06\/le-premier-congres-des-chercheurs-rassemble-des-administrateurs-et-des-educateurs-venus-des-universites-de-la-dia\/#breadcrumb"},"inLanguage":"fr-FR","potentialAction":[{"@type":"ReadAction","target":["https:\/\/interamerica.org\/fr\/2015\/06\/le-premier-congres-des-chercheurs-rassemble-des-administrateurs-et-des-educateurs-venus-des-universites-de-la-dia\/"]}]},{"@type":"ImageObject","inLanguage":"fr-FR","@id":"https:\/\/interamerica.org\/fr\/2015\/06\/le-premier-congres-des-chercheurs-rassemble-des-administrateurs-et-des-educateurs-venus-des-universites-de-la-dia\/#primaryimage","url":"https:\/\/interamerica.org\/wp-content\/uploads\/2017\/06\/ResearchCongress600.png","contentUrl":"https:\/\/interamerica.org\/wp-content\/uploads\/2017\/06\/ResearchCongress600.png","width":600,"height":399},{"@type":"BreadcrumbList","@id":"https:\/\/interamerica.org\/fr\/2015\/06\/le-premier-congres-des-chercheurs-rassemble-des-administrateurs-et-des-educateurs-venus-des-universites-de-la-dia\/#breadcrumb","itemListElement":[{"@type":"ListItem","position":1,"name":"Home","item":"https:\/\/interamerica.org\/fr\/"},{"@type":"ListItem","position":2,"name":"Le premier Congr\u00e8s des Chercheurs rassemble des administrateurs et des \u00e9ducateurs venus des universit\u00e9s de la DIA."}]},{"@type":"WebSite","@id":"https:\/\/interamerica.org\/fr\/#website","url":"https:\/\/interamerica.org\/fr\/","name":"\u00c9glise Adventiste Du Septieme Jour - Inter Am\u00e9rique Division","description":"","potentialAction":[{"@type":"SearchAction","target":{"@type":"EntryPoint","urlTemplate":"https:\/\/interamerica.org\/fr\/?s={search_term_string}"},"query-input":{"@type":"PropertyValueSpecification","valueRequired":true,"valueName":"search_term_string"}}],"inLanguage":"fr-FR"},{"@type":"Person","@id":"https:\/\/interamerica.org\/fr\/#\/schema\/person\/68ede8bdc292885bb76c1e3810e73c39","name":"Lorenzo Verduzco","image":{"@type":"ImageObject","inLanguage":"fr-FR","@id":"https:\/\/secure.gravatar.com\/avatar\/fb81a55b6218459490a9c1dc841a34909185b81904c5337b4b27f7a6fd60c49e?s=96&d=mm&r=g","url":"https:\/\/secure.gravatar.com\/avatar\/fb81a55b6218459490a9c1dc841a34909185b81904c5337b4b27f7a6fd60c49e?s=96&d=mm&r=g","contentUrl":"https:\/\/secure.gravatar.com\/avatar\/fb81a55b6218459490a9c1dc841a34909185b81904c5337b4b27f7a6fd60c49e?s=96&d=mm&r=g","caption":"Lorenzo Verduzco"}}]}},"_links":{"self":[{"href":"https:\/\/interamerica.org\/fr\/wp-json\/wp\/v2\/posts\/32291","targetHints":{"allow":["GET"]}}],"collection":[{"href":"https:\/\/interamerica.org\/fr\/wp-json\/wp\/v2\/posts"}],"about":[{"href":"https:\/\/interamerica.org\/fr\/wp-json\/wp\/v2\/types\/post"}],"author":[{"embeddable":true,"href":"https:\/\/interamerica.org\/fr\/wp-json\/wp\/v2\/users\/1"}],"replies":[{"embeddable":true,"href":"https:\/\/interamerica.org\/fr\/wp-json\/wp\/v2\/comments?post=32291"}],"version-history":[{"count":0,"href":"https:\/\/interamerica.org\/fr\/wp-json\/wp\/v2\/posts\/32291\/revisions"}],"wp:featuredmedia":[{"embeddable":true,"href":"https:\/\/interamerica.org\/fr\/wp-json\/wp\/v2\/media\/25512"}],"wp:attachment":[{"href":"https:\/\/interamerica.org\/fr\/wp-json\/wp\/v2\/media?parent=32291"}],"wp:term":[{"taxonomy":"category","embeddable":true,"href":"https:\/\/interamerica.org\/fr\/wp-json\/wp\/v2\/categories?post=32291"},{"taxonomy":"post_tag","embeddable":true,"href":"https:\/\/interamerica.org\/fr\/wp-json\/wp\/v2\/tags?post=32291"}],"curies":[{"name":"wp","href":"https:\/\/api.w.org\/{rel}","templated":true}]}}