{"id":32292,"date":"2015-06-10T00:00:00","date_gmt":"2015-06-10T04:00:00","guid":{"rendered":"http:\/\/192.81.217.108\/interamerica\/2015\/06\/un-triathlon-organise-par-les-adventistes-etablit-un-record-du-monde\/"},"modified":"2015-06-10T00:00:00","modified_gmt":"2015-06-10T04:00:00","slug":"un-triathlon-organise-par-les-adventistes-etablit-un-record-du-monde","status":"publish","type":"post","link":"https:\/\/interamerica.org\/fr\/2015\/06\/un-triathlon-organise-par-les-adventistes-etablit-un-record-du-monde\/","title":{"rendered":"Un triathlon organis\u00e9 par les Adventistes \u00e9tablit un record du monde"},"content":{"rendered":"<div id=\"attachment_17346\" style=\"width: 810px\" class=\"wp-caption aligncenter\"><a href=\"\/interamerica\/wp-content\/uploads\/2017\/06\/rsz_nz_-_tryathlon_-_st_heliers_auckland.jpg\" rel=\"fancybox\" title=\"Un triathlon organis\u00e9 par les Adventistes \u00e9tablit un record du monde\"><img fetchpriority=\"high\" decoding=\"async\" aria-describedby=\"caption-attachment-17346\" class=\" wp-image-17346 \" src=\"\/interamerica\/wp-content\/uploads\/2017\/06\/rsz_nz_-_tryathlon_-_st_heliers_auckland.jpg\" alt=\"\" width=\"800\" height=\"533\" \/><\/a><p id=\"caption-attachment-17346\" class=\"wp-caption-text\">Les participants au TRYathlon Weet-Bix Kids \u00e0 Auckland en Nouvelle Z\u00e9lande. Image de\u00a0Sanitarium Health &amp; Wellbeing<\/p><\/div>\n<p>10 Juin 2015 \u2013 Sunshine Coast, Queensland, Australie \u2013 Sharyn Brady, South Pacific Adventist Record, Adventist Review<\/p>\n<p>Une s\u00e9rie de triathlons organis\u00e9e par la soci\u00e9t\u00e9 Sanitarium Health &amp; Wellbeing Company, un g\u00e9ant de l\u2019alimentation appartenant \u00e0 l\u2019Eglise Adventiste du Septi\u00e8me Jour, a permis d\u2019\u00e9tablir un nouveau record du monde de la plus grande s\u00e9rie de triathlons pour les moins de 16 ans, l\u2019\u00e9v\u00e8nement a attir\u00e9 un total de 45000 participants en Nouvelle Z\u00e9lande et en Australie.<\/p>\n<div id=\"attachment_17347\" style=\"width: 316px\" class=\"wp-caption alignright\"><a href=\"\/interamerica\/wp-content\/uploads\/2017\/06\/WeetbixKidsTRY_Sydney_Sunday_529.jpg\" rel=\"fancybox\" title=\"Un triathlon organis\u00e9 par les Adventistes \u00e9tablit un record du monde\"><img decoding=\"async\" aria-describedby=\"caption-attachment-17347\" class=\" wp-image-17347   \" src=\"\/interamerica\/wp-content\/uploads\/2017\/06\/WeetbixKidsTRY_Sydney_Sunday_529-681x1024.jpg\" alt=\"\" width=\"306\" height=\"459\" \/><\/a><p id=\"caption-attachment-17347\" class=\"wp-caption-text\">Une fille levant les bras apr\u00e8s avoir achev\u00e9 le triathlon \u00e0 Sydney en Australie. Image de Sanitarium Health &amp; Wellbeing.<\/p><\/div>\n<p>La s\u00e9rie 2015 du TRYathlon Sanitarium Weet-Bix Kids a d\u00e9but\u00e9 en d\u00e9cembre 2014 \u00e0 Manakau en Nouvelle Z\u00e9lande et s\u2019est achev\u00e9e en mai 2015 \u00e0 Sunshine Coast dans le Queensland en Australie. La s\u00e9rie de 14 \u00e9tapes en Nouvelle Z\u00e9lande a attir\u00e9 24043 participants et les 13 \u00e9tapes du TRYathlon en Australie ont attir\u00e9 16457 autres participants.<\/p>\n<p>Nous sommes vraiment contents d\u2019avoir \u00e9tabli un nouveau record du monde pour la plus grande s\u00e9rie de triathlons organis\u00e9e pour les moins de 16 ans \u00e0 travers nos 27 \u00e9tapes, \u00bb a d\u00e9clar\u00e9 David Martin, manager de l\u2019engagement communautaire \u00e0 Sanitarium Health &amp; Wellbeing.<\/p>\n<p>Le triathlon, dont c\u2019est la 17\u00e8me \u00e9dition, encourage les enfants \u00e0 \u00eatre actifs en faisant de la natation, du v\u00e9lo et de la course \u00e0 pied.<\/p>\n<p>David Martin, qui n\u2019a pas donn\u00e9 d\u2019informations au sujet du pr\u00e9c\u00e9dent d\u00e9tenteur du record, a indiqu\u00e9 que le triathlon du Sanitarium promeut l\u2019activit\u00e9 physique dans un cadre sympathique, avec du soutien disponible, et o\u00f9 les enfants sont encourag\u00e9s par la famille et les amis.<\/p>\n<p>\u00ab Les parents nous disent qu\u2019apr\u00e8s avoir achev\u00e9 le parcours, l\u2019estime de soi et la confiance de leurs enfants \u00e9tait grandement boost\u00e9e, \u00bb a dit David Martin.<\/p>\n<p>Le TRYathlon Weet-Bix Kids est con\u00e7u pour les enfants de 7 \u00e0 15 ans, et chaque participant est un \u00ab TRY Champ, \u00bb qui se qualifie pour une m\u00e9daille d\u2019or et un certificat de champion officiels Weet-Bix Kids TRY.<\/p>\n<p>Parmi les milliers de b\u00e9n\u00e9voles ayant particip\u00e9 \u00e0 la s\u00e9rie de triathlons, 236 venaient de l\u2019Eglise Adventiste du Septi\u00e8me Jour, repr\u00e9sentant un total de 14 \u00e9glises Adventistes.<\/p>\n<p>Sanitarium Health &amp; Wellbeing qui produit Weet-Bix, les c\u00e9r\u00e9ales de petit-d\u00e9jeuner n\u00b0 1 des ventes en Australie, est reconnu pour avoir contribu\u00e9 \u00e0 changer les habitudes alimentaires du pays. Cette entreprise fait remarquer sur son site web qu\u2019elle a \u00e9t\u00e9 la premi\u00e8re \u00e0 introduire des petits d\u00e9jeuners sains et innovants ainsi que des aliments au soja en Australie, faisant la promotion d\u2019un r\u00e9gime alimentaire \u00e0 base de v\u00e9g\u00e9taux avec que cela ne soit \u00e0 la mode.<\/p>\n<p>Traduction: Patrick Luciathe<\/p>\n","protected":false},"excerpt":{"rendered":"<p>Une s\u00e9rie de triathlons organis\u00e9e par la soci\u00e9t\u00e9 Sanitarium Health &amp; Wellbeing Company, un g\u00e9ant de l\u2019alimentation appartenant \u00e0 l\u2019Eglise Adventiste du Septi\u00e8me Jour, a permis d\u2019\u00e9tablir un nouveau record du monde de la plus grande s\u00e9rie de triathlons pour les moins de 16 ans, l\u2019\u00e9v\u00e8nement a attir\u00e9 un total de 45000 participants en Nouvelle Z\u00e9lande et en Australie. <\/p>\n<p>La s\u00e9rie 2015 du TRYathlon Sanitarium Weet-Bix Kids a d\u00e9but\u00e9 en d\u00e9cembre 2014 \u00e0 Manakau en Nouvelle Z\u00e9lande et s\u2019est achev\u00e9e en mai 2015 \u00e0 Sunshine Coast dans le Queensland en Australie.<\/p>\n","protected":false},"author":1,"featured_media":25519,"comment_status":"closed","ping_status":"closed","sticky":false,"template":"","format":"standard","meta":{"_acf_changed":false,"footnotes":""},"categories":[18,19],"tags":[],"class_list":["post-32292","post","type-post","status-publish","format-standard","has-post-thumbnail","hentry","category-nouvelles-de-leglise-mondiale","category-rss-francais"],"acf":[],"yoast_head":"<!-- This site is optimized with the Yoast SEO plugin v27.3 - https:\/\/yoast.com\/product\/yoast-seo-wordpress\/ -->\n<title>Un triathlon organis\u00e9 par les Adventistes \u00e9tablit un record du monde - \u00c9glise Adventiste Du Septieme Jour - Inter Am\u00e9rique Division<\/title>\n<meta name=\"robots\" content=\"index, follow, max-snippet:-1, max-image-preview:large, max-video-preview:-1\" \/>\n<link rel=\"canonical\" href=\"https:\/\/interamerica.org\/fr\/2015\/06\/un-triathlon-organise-par-les-adventistes-etablit-un-record-du-monde\/\" \/>\n<meta property=\"og:locale\" content=\"fr_FR\" \/>\n<meta property=\"og:type\" content=\"article\" \/>\n<meta property=\"og:title\" content=\"Un triathlon organis\u00e9 par les Adventistes \u00e9tablit un record du monde - \u00c9glise Adventiste Du Septieme Jour - Inter Am\u00e9rique Division\" \/>\n<meta property=\"og:description\" content=\"Une s\u00e9rie de triathlons organis\u00e9e par la soci\u00e9t\u00e9 Sanitarium Health &amp; Wellbeing Company, un g\u00e9ant de l\u2019alimentation appartenant \u00e0 l\u2019Eglise Adventiste du Septi\u00e8me Jour, a permis d\u2019\u00e9tablir un nouveau record du monde de la plus grande s\u00e9rie de triathlons pour les moins de 16 ans, l\u2019\u00e9v\u00e8nement a attir\u00e9 un total de 45000 participants en Nouvelle Z\u00e9lande et en Australie.  La s\u00e9rie 2015 du TRYathlon Sanitarium Weet-Bix Kids a d\u00e9but\u00e9 en d\u00e9cembre 2014 \u00e0 Manakau en Nouvelle Z\u00e9lande et s\u2019est achev\u00e9e en mai 2015 \u00e0 Sunshine Coast dans le Queensland en Australie.\" \/>\n<meta property=\"og:url\" content=\"https:\/\/interamerica.org\/fr\/2015\/06\/un-triathlon-organise-par-les-adventistes-etablit-un-record-du-monde\/\" \/>\n<meta property=\"og:site_name\" content=\"\u00c9glise Adventiste Du Septieme Jour - Inter Am\u00e9rique Division\" \/>\n<meta property=\"article:published_time\" content=\"2015-06-10T04:00:00+00:00\" \/>\n<meta property=\"og:image\" content=\"https:\/\/interamerica.org\/wp-content\/uploads\/2017\/06\/2015.WEB_.RES_.Tryathlon.Brisbane.071.jpg\" \/>\n\t<meta property=\"og:image:width\" content=\"1000\" \/>\n\t<meta property=\"og:image:height\" content=\"500\" \/>\n\t<meta property=\"og:image:type\" content=\"image\/jpeg\" \/>\n<meta name=\"author\" content=\"Lorenzo Verduzco\" \/>\n<meta name=\"twitter:card\" content=\"summary_large_image\" \/>\n<meta name=\"twitter:label1\" content=\"\u00c9crit par\" \/>\n\t<meta name=\"twitter:data1\" content=\"Lorenzo Verduzco\" \/>\n\t<meta name=\"twitter:label2\" content=\"Dur\u00e9e de lecture estim\u00e9e\" \/>\n\t<meta name=\"twitter:data2\" content=\"2 minutes\" \/>\n<script type=\"application\/ld+json\" class=\"yoast-schema-graph\">{\"@context\":\"https:\\\/\\\/schema.org\",\"@graph\":[{\"@type\":\"Article\",\"@id\":\"https:\\\/\\\/interamerica.org\\\/fr\\\/2015\\\/06\\\/un-triathlon-organise-par-les-adventistes-etablit-un-record-du-monde\\\/#article\",\"isPartOf\":{\"@id\":\"https:\\\/\\\/interamerica.org\\\/fr\\\/2015\\\/06\\\/un-triathlon-organise-par-les-adventistes-etablit-un-record-du-monde\\\/\"},\"author\":{\"name\":\"Lorenzo Verduzco\",\"@id\":\"https:\\\/\\\/interamerica.org\\\/fr\\\/#\\\/schema\\\/person\\\/68ede8bdc292885bb76c1e3810e73c39\"},\"headline\":\"Un triathlon organis\u00e9 par les Adventistes \u00e9tablit un record du monde\",\"datePublished\":\"2015-06-10T04:00:00+00:00\",\"mainEntityOfPage\":{\"@id\":\"https:\\\/\\\/interamerica.org\\\/fr\\\/2015\\\/06\\\/un-triathlon-organise-par-les-adventistes-etablit-un-record-du-monde\\\/\"},\"wordCount\":500,\"image\":{\"@id\":\"https:\\\/\\\/interamerica.org\\\/fr\\\/2015\\\/06\\\/un-triathlon-organise-par-les-adventistes-etablit-un-record-du-monde\\\/#primaryimage\"},\"thumbnailUrl\":\"https:\\\/\\\/interamerica.org\\\/wp-content\\\/uploads\\\/2017\\\/06\\\/2015.WEB_.RES_.Tryathlon.Brisbane.071.jpg\",\"articleSection\":[\"Nouvelles de l'\u00c9glise mondiale\",\"RSS Fran\u00e7ais\"],\"inLanguage\":\"fr-FR\"},{\"@type\":\"WebPage\",\"@id\":\"https:\\\/\\\/interamerica.org\\\/fr\\\/2015\\\/06\\\/un-triathlon-organise-par-les-adventistes-etablit-un-record-du-monde\\\/\",\"url\":\"https:\\\/\\\/interamerica.org\\\/fr\\\/2015\\\/06\\\/un-triathlon-organise-par-les-adventistes-etablit-un-record-du-monde\\\/\",\"name\":\"Un triathlon organis\u00e9 par les Adventistes \u00e9tablit un record du monde - \u00c9glise Adventiste Du Septieme Jour - Inter Am\u00e9rique Division\",\"isPartOf\":{\"@id\":\"https:\\\/\\\/interamerica.org\\\/fr\\\/#website\"},\"primaryImageOfPage\":{\"@id\":\"https:\\\/\\\/interamerica.org\\\/fr\\\/2015\\\/06\\\/un-triathlon-organise-par-les-adventistes-etablit-un-record-du-monde\\\/#primaryimage\"},\"image\":{\"@id\":\"https:\\\/\\\/interamerica.org\\\/fr\\\/2015\\\/06\\\/un-triathlon-organise-par-les-adventistes-etablit-un-record-du-monde\\\/#primaryimage\"},\"thumbnailUrl\":\"https:\\\/\\\/interamerica.org\\\/wp-content\\\/uploads\\\/2017\\\/06\\\/2015.WEB_.RES_.Tryathlon.Brisbane.071.jpg\",\"datePublished\":\"2015-06-10T04:00:00+00:00\",\"author\":{\"@id\":\"https:\\\/\\\/interamerica.org\\\/fr\\\/#\\\/schema\\\/person\\\/68ede8bdc292885bb76c1e3810e73c39\"},\"breadcrumb\":{\"@id\":\"https:\\\/\\\/interamerica.org\\\/fr\\\/2015\\\/06\\\/un-triathlon-organise-par-les-adventistes-etablit-un-record-du-monde\\\/#breadcrumb\"},\"inLanguage\":\"fr-FR\",\"potentialAction\":[{\"@type\":\"ReadAction\",\"target\":[\"https:\\\/\\\/interamerica.org\\\/fr\\\/2015\\\/06\\\/un-triathlon-organise-par-les-adventistes-etablit-un-record-du-monde\\\/\"]}]},{\"@type\":\"ImageObject\",\"inLanguage\":\"fr-FR\",\"@id\":\"https:\\\/\\\/interamerica.org\\\/fr\\\/2015\\\/06\\\/un-triathlon-organise-par-les-adventistes-etablit-un-record-du-monde\\\/#primaryimage\",\"url\":\"https:\\\/\\\/interamerica.org\\\/wp-content\\\/uploads\\\/2017\\\/06\\\/2015.WEB_.RES_.Tryathlon.Brisbane.071.jpg\",\"contentUrl\":\"https:\\\/\\\/interamerica.org\\\/wp-content\\\/uploads\\\/2017\\\/06\\\/2015.WEB_.RES_.Tryathlon.Brisbane.071.jpg\",\"width\":1000,\"height\":500},{\"@type\":\"BreadcrumbList\",\"@id\":\"https:\\\/\\\/interamerica.org\\\/fr\\\/2015\\\/06\\\/un-triathlon-organise-par-les-adventistes-etablit-un-record-du-monde\\\/#breadcrumb\",\"itemListElement\":[{\"@type\":\"ListItem\",\"position\":1,\"name\":\"Home\",\"item\":\"https:\\\/\\\/interamerica.org\\\/fr\\\/\"},{\"@type\":\"ListItem\",\"position\":2,\"name\":\"Un triathlon organis\u00e9 par les Adventistes \u00e9tablit un record du monde\"}]},{\"@type\":\"WebSite\",\"@id\":\"https:\\\/\\\/interamerica.org\\\/fr\\\/#website\",\"url\":\"https:\\\/\\\/interamerica.org\\\/fr\\\/\",\"name\":\"\u00c9glise Adventiste Du Septieme Jour - Inter Am\u00e9rique Division\",\"description\":\"\",\"potentialAction\":[{\"@type\":\"SearchAction\",\"target\":{\"@type\":\"EntryPoint\",\"urlTemplate\":\"https:\\\/\\\/interamerica.org\\\/fr\\\/?s={search_term_string}\"},\"query-input\":{\"@type\":\"PropertyValueSpecification\",\"valueRequired\":true,\"valueName\":\"search_term_string\"}}],\"inLanguage\":\"fr-FR\"},{\"@type\":\"Person\",\"@id\":\"https:\\\/\\\/interamerica.org\\\/fr\\\/#\\\/schema\\\/person\\\/68ede8bdc292885bb76c1e3810e73c39\",\"name\":\"Lorenzo Verduzco\",\"image\":{\"@type\":\"ImageObject\",\"inLanguage\":\"fr-FR\",\"@id\":\"https:\\\/\\\/secure.gravatar.com\\\/avatar\\\/fb81a55b6218459490a9c1dc841a34909185b81904c5337b4b27f7a6fd60c49e?s=96&d=mm&r=g\",\"url\":\"https:\\\/\\\/secure.gravatar.com\\\/avatar\\\/fb81a55b6218459490a9c1dc841a34909185b81904c5337b4b27f7a6fd60c49e?s=96&d=mm&r=g\",\"contentUrl\":\"https:\\\/\\\/secure.gravatar.com\\\/avatar\\\/fb81a55b6218459490a9c1dc841a34909185b81904c5337b4b27f7a6fd60c49e?s=96&d=mm&r=g\",\"caption\":\"Lorenzo Verduzco\"}}]}<\/script>\n<!-- \/ Yoast SEO plugin. -->","yoast_head_json":{"title":"Un triathlon organis\u00e9 par les Adventistes \u00e9tablit un record du monde - \u00c9glise Adventiste Du Septieme Jour - Inter Am\u00e9rique Division","robots":{"index":"index","follow":"follow","max-snippet":"max-snippet:-1","max-image-preview":"max-image-preview:large","max-video-preview":"max-video-preview:-1"},"canonical":"https:\/\/interamerica.org\/fr\/2015\/06\/un-triathlon-organise-par-les-adventistes-etablit-un-record-du-monde\/","og_locale":"fr_FR","og_type":"article","og_title":"Un triathlon organis\u00e9 par les Adventistes \u00e9tablit un record du monde - \u00c9glise Adventiste Du Septieme Jour - Inter Am\u00e9rique Division","og_description":"Une s\u00e9rie de triathlons organis\u00e9e par la soci\u00e9t\u00e9 Sanitarium Health &amp; Wellbeing Company, un g\u00e9ant de l\u2019alimentation appartenant \u00e0 l\u2019Eglise Adventiste du Septi\u00e8me Jour, a permis d\u2019\u00e9tablir un nouveau record du monde de la plus grande s\u00e9rie de triathlons pour les moins de 16 ans, l\u2019\u00e9v\u00e8nement a attir\u00e9 un total de 45000 participants en Nouvelle Z\u00e9lande et en Australie.  La s\u00e9rie 2015 du TRYathlon Sanitarium Weet-Bix Kids a d\u00e9but\u00e9 en d\u00e9cembre 2014 \u00e0 Manakau en Nouvelle Z\u00e9lande et s\u2019est achev\u00e9e en mai 2015 \u00e0 Sunshine Coast dans le Queensland en Australie.","og_url":"https:\/\/interamerica.org\/fr\/2015\/06\/un-triathlon-organise-par-les-adventistes-etablit-un-record-du-monde\/","og_site_name":"\u00c9glise Adventiste Du Septieme Jour - Inter Am\u00e9rique Division","article_published_time":"2015-06-10T04:00:00+00:00","og_image":[{"width":1000,"height":500,"url":"https:\/\/interamerica.org\/wp-content\/uploads\/2017\/06\/2015.WEB_.RES_.Tryathlon.Brisbane.071.jpg","type":"image\/jpeg"}],"author":"Lorenzo Verduzco","twitter_card":"summary_large_image","twitter_misc":{"\u00c9crit par":"Lorenzo Verduzco","Dur\u00e9e de lecture estim\u00e9e":"2 minutes"},"schema":{"@context":"https:\/\/schema.org","@graph":[{"@type":"Article","@id":"https:\/\/interamerica.org\/fr\/2015\/06\/un-triathlon-organise-par-les-adventistes-etablit-un-record-du-monde\/#article","isPartOf":{"@id":"https:\/\/interamerica.org\/fr\/2015\/06\/un-triathlon-organise-par-les-adventistes-etablit-un-record-du-monde\/"},"author":{"name":"Lorenzo Verduzco","@id":"https:\/\/interamerica.org\/fr\/#\/schema\/person\/68ede8bdc292885bb76c1e3810e73c39"},"headline":"Un triathlon organis\u00e9 par les Adventistes \u00e9tablit un record du monde","datePublished":"2015-06-10T04:00:00+00:00","mainEntityOfPage":{"@id":"https:\/\/interamerica.org\/fr\/2015\/06\/un-triathlon-organise-par-les-adventistes-etablit-un-record-du-monde\/"},"wordCount":500,"image":{"@id":"https:\/\/interamerica.org\/fr\/2015\/06\/un-triathlon-organise-par-les-adventistes-etablit-un-record-du-monde\/#primaryimage"},"thumbnailUrl":"https:\/\/interamerica.org\/wp-content\/uploads\/2017\/06\/2015.WEB_.RES_.Tryathlon.Brisbane.071.jpg","articleSection":["Nouvelles de l'\u00c9glise mondiale","RSS Fran\u00e7ais"],"inLanguage":"fr-FR"},{"@type":"WebPage","@id":"https:\/\/interamerica.org\/fr\/2015\/06\/un-triathlon-organise-par-les-adventistes-etablit-un-record-du-monde\/","url":"https:\/\/interamerica.org\/fr\/2015\/06\/un-triathlon-organise-par-les-adventistes-etablit-un-record-du-monde\/","name":"Un triathlon organis\u00e9 par les Adventistes \u00e9tablit un record du monde - \u00c9glise Adventiste Du Septieme Jour - Inter Am\u00e9rique Division","isPartOf":{"@id":"https:\/\/interamerica.org\/fr\/#website"},"primaryImageOfPage":{"@id":"https:\/\/interamerica.org\/fr\/2015\/06\/un-triathlon-organise-par-les-adventistes-etablit-un-record-du-monde\/#primaryimage"},"image":{"@id":"https:\/\/interamerica.org\/fr\/2015\/06\/un-triathlon-organise-par-les-adventistes-etablit-un-record-du-monde\/#primaryimage"},"thumbnailUrl":"https:\/\/interamerica.org\/wp-content\/uploads\/2017\/06\/2015.WEB_.RES_.Tryathlon.Brisbane.071.jpg","datePublished":"2015-06-10T04:00:00+00:00","author":{"@id":"https:\/\/interamerica.org\/fr\/#\/schema\/person\/68ede8bdc292885bb76c1e3810e73c39"},"breadcrumb":{"@id":"https:\/\/interamerica.org\/fr\/2015\/06\/un-triathlon-organise-par-les-adventistes-etablit-un-record-du-monde\/#breadcrumb"},"inLanguage":"fr-FR","potentialAction":[{"@type":"ReadAction","target":["https:\/\/interamerica.org\/fr\/2015\/06\/un-triathlon-organise-par-les-adventistes-etablit-un-record-du-monde\/"]}]},{"@type":"ImageObject","inLanguage":"fr-FR","@id":"https:\/\/interamerica.org\/fr\/2015\/06\/un-triathlon-organise-par-les-adventistes-etablit-un-record-du-monde\/#primaryimage","url":"https:\/\/interamerica.org\/wp-content\/uploads\/2017\/06\/2015.WEB_.RES_.Tryathlon.Brisbane.071.jpg","contentUrl":"https:\/\/interamerica.org\/wp-content\/uploads\/2017\/06\/2015.WEB_.RES_.Tryathlon.Brisbane.071.jpg","width":1000,"height":500},{"@type":"BreadcrumbList","@id":"https:\/\/interamerica.org\/fr\/2015\/06\/un-triathlon-organise-par-les-adventistes-etablit-un-record-du-monde\/#breadcrumb","itemListElement":[{"@type":"ListItem","position":1,"name":"Home","item":"https:\/\/interamerica.org\/fr\/"},{"@type":"ListItem","position":2,"name":"Un triathlon organis\u00e9 par les Adventistes \u00e9tablit un record du monde"}]},{"@type":"WebSite","@id":"https:\/\/interamerica.org\/fr\/#website","url":"https:\/\/interamerica.org\/fr\/","name":"\u00c9glise Adventiste Du Septieme Jour - Inter Am\u00e9rique Division","description":"","potentialAction":[{"@type":"SearchAction","target":{"@type":"EntryPoint","urlTemplate":"https:\/\/interamerica.org\/fr\/?s={search_term_string}"},"query-input":{"@type":"PropertyValueSpecification","valueRequired":true,"valueName":"search_term_string"}}],"inLanguage":"fr-FR"},{"@type":"Person","@id":"https:\/\/interamerica.org\/fr\/#\/schema\/person\/68ede8bdc292885bb76c1e3810e73c39","name":"Lorenzo Verduzco","image":{"@type":"ImageObject","inLanguage":"fr-FR","@id":"https:\/\/secure.gravatar.com\/avatar\/fb81a55b6218459490a9c1dc841a34909185b81904c5337b4b27f7a6fd60c49e?s=96&d=mm&r=g","url":"https:\/\/secure.gravatar.com\/avatar\/fb81a55b6218459490a9c1dc841a34909185b81904c5337b4b27f7a6fd60c49e?s=96&d=mm&r=g","contentUrl":"https:\/\/secure.gravatar.com\/avatar\/fb81a55b6218459490a9c1dc841a34909185b81904c5337b4b27f7a6fd60c49e?s=96&d=mm&r=g","caption":"Lorenzo Verduzco"}}]}},"_links":{"self":[{"href":"https:\/\/interamerica.org\/fr\/wp-json\/wp\/v2\/posts\/32292","targetHints":{"allow":["GET"]}}],"collection":[{"href":"https:\/\/interamerica.org\/fr\/wp-json\/wp\/v2\/posts"}],"about":[{"href":"https:\/\/interamerica.org\/fr\/wp-json\/wp\/v2\/types\/post"}],"author":[{"embeddable":true,"href":"https:\/\/interamerica.org\/fr\/wp-json\/wp\/v2\/users\/1"}],"replies":[{"embeddable":true,"href":"https:\/\/interamerica.org\/fr\/wp-json\/wp\/v2\/comments?post=32292"}],"version-history":[{"count":0,"href":"https:\/\/interamerica.org\/fr\/wp-json\/wp\/v2\/posts\/32292\/revisions"}],"wp:featuredmedia":[{"embeddable":true,"href":"https:\/\/interamerica.org\/fr\/wp-json\/wp\/v2\/media\/25519"}],"wp:attachment":[{"href":"https:\/\/interamerica.org\/fr\/wp-json\/wp\/v2\/media?parent=32292"}],"wp:term":[{"taxonomy":"category","embeddable":true,"href":"https:\/\/interamerica.org\/fr\/wp-json\/wp\/v2\/categories?post=32292"},{"taxonomy":"post_tag","embeddable":true,"href":"https:\/\/interamerica.org\/fr\/wp-json\/wp\/v2\/tags?post=32292"}],"curies":[{"name":"wp","href":"https:\/\/api.w.org\/{rel}","templated":true}]}}