{"id":32293,"date":"2015-06-13T00:00:00","date_gmt":"2015-06-13T04:00:00","guid":{"rendered":"http:\/\/192.81.217.108\/interamerica\/2015\/06\/des-adolescents-britanniques-prennent-des-photos-avec-des-etrangers-le-jour-du-sabbat\/"},"modified":"2015-06-13T00:00:00","modified_gmt":"2015-06-13T04:00:00","slug":"des-adolescents-britanniques-prennent-des-photos-avec-des-etrangers-le-jour-du-sabbat","status":"publish","type":"post","link":"https:\/\/interamerica.org\/fr\/2015\/06\/des-adolescents-britanniques-prennent-des-photos-avec-des-etrangers-le-jour-du-sabbat\/","title":{"rendered":"Des adolescents britanniques prennent des photos avec des \u00e9trangers le jour du sabbat"},"content":{"rendered":"<div id=\"attachment_17365\" style=\"width: 810px\" class=\"wp-caption aligncenter\"><a href=\"\/interamerica\/wp-content\/uploads\/2017\/06\/Adventist-Yeovil-BUC-1.jpg\" rel=\"fancybox\" title=\"Des adolescents britanniques prennent des photos avec des \u00e9trangers le jour du sabbat\"><img fetchpriority=\"high\" decoding=\"async\" aria-describedby=\"caption-attachment-17365\" class=\" wp-image-17365 \" src=\"\/interamerica\/wp-content\/uploads\/2017\/06\/Adventist-Yeovil-BUC-1.jpg\" alt=\"\" width=\"800\" height=\"400\" \/><\/a><p id=\"caption-attachment-17365\" class=\"wp-caption-text\">A Yeovil, en Grande Bretagne, le 6 juin dernier, des adolescents Adventistes posent avec un jeune homme qui tient une pancarte o\u00f9 est inscrite une valeur \u00e0 laquelle il croit profond\u00e9ment \u00ab penser de mani\u00e8re ind\u00e9pendante. \u00bb Image de BUC.<\/p><\/div>\n<p>12 Juin 2015 \u2013 Yeovil, Angleterre \u2013 Andrew McChesney, r\u00e9dacteur des informations, Adventist Review.<\/p>\n<p>Un groupe d\u2019adolescents Adventistes du Septi\u00e8me Jour ont amen\u00e9 un grand cadre photo dor\u00e9 dans une rue affair\u00e9e de Grande Bretagne sabbat dernier dans l\u2019apr\u00e8s midi pour inviter les gens \u00e0 consid\u00e9rer leurs plus importantes valeurs tout en posant pour une photo.<\/p>\n<p>Les jeunes de l\u2019\u00e9glise Adventiste de Yeovil, qui se trouve \u00e0 Yeovil, une ville qui compte 45000 habitants et qui se trouve \u00e0 210 kilom\u00e8tres de Londres, ont demand\u00e9 aux passants de d\u00e9finir ce qu\u2019ils consid\u00e9raient comme \u00e9tant le plus important au sujet d\u2019eux m\u00eames et d\u2019\u00e9crire la r\u00e9ponse sur un petit tableau blanc.<\/p>\n<p>\u00ab Dans une portion de rue tr\u00e8s anim\u00e9e en face du principal arr\u00eat de bus, ces jeunes Chr\u00e9tiens intr\u00e9pides ont lanc\u00e9 une nouvelle id\u00e9e : demander aux gens ce qui avait pour eux de l\u2019importance, \u00bb a dit l\u2019Union de F\u00e9d\u00e9rations Britannique dans un communiqu\u00e9.<\/p>\n<p>Les passants tenaient alors le panneau et posaient derri\u00e8re le cadre photo et recevaient gratuitement les photos num\u00e9riques en instantan\u00e9. Au dos de chaque photo imprim\u00e9e dans le style Polaro\u00efd, on retrouvait les coordonn\u00e9es du groupe de jeunesse Adventiste appel\u00e9 \u00ab Une Histoire. \u00bb<\/p>\n<p>Les gens ont donn\u00e9 toute une s\u00e9rie de r\u00e9ponses indiquant ce qu\u2019ils consid\u00e9raient \u00eatre important en eux m\u00eames en d\u00e9butant chaque d\u00e9claration avec les mots \u00ab je suis\u2026 \u00bb Parmi les phrases propos\u00e9es, on peut citer \u00ab Je suis super cool, \u00bb \u00ab je suis dr\u00f4le, \u00bb et \u00ab Je suis extraordinaire !! \u00bb<\/p>\n<p>Une jeune homme v\u00eatu d\u2019une chemise violette a \u00e9crit, \u00ab je suis un penseur ind\u00e9pendant, \u00bb alors qu\u2019un couple d\u2019\u00e2ge moyen a \u00e9crit : \u00ab Nous sommes gentils. \u00bb<\/p>\n<div id=\"attachment_17366\" style=\"width: 370px\" class=\"wp-caption alignright\"><a href=\"\/interamerica\/wp-content\/uploads\/2017\/06\/Adventist-Yeovil-BUC-12.jpg\" rel=\"fancybox\" title=\"Des adolescents britanniques prennent des photos avec des \u00e9trangers le jour du sabbat\"><img decoding=\"async\" aria-describedby=\"caption-attachment-17366\" class=\" wp-image-17366  \" src=\"\/interamerica\/wp-content\/uploads\/2017\/06\/Adventist-Yeovil-BUC-12.jpg\" alt=\"\" width=\"360\" height=\"240\" \/><\/a><p id=\"caption-attachment-17366\" class=\"wp-caption-text\">Image de BUC.<\/p><\/div>\n<p>Quelques personnes ont v\u00e9cu cela comme un moment l\u00e9ger alors qu\u2019elles consid\u00e9raient ce sujet tr\u00e8s s\u00e9rieux. \u00ab Je suis l\u2019enfant le plus cool de Yeovil, \u00bb a \u00e9crit un jeune homme qui a ensuite pos\u00e9 avec deux amis derri\u00e8re le cadre photo. Un de ses amis tenait une pancarte o\u00f9 on pouvait lire \u00ab Je suis suffisant, \u00bb alors que l\u2019autre tenait une pancarte o\u00f9 \u00e9tait inscrite cette d\u00e9claration humoristique : \u00ab Je suis en train de me faire rendre en photo. \u00bb<\/p>\n<p>Les adolescents Adventistes ont pos\u00e9 avec plusieurs passants.<\/p>\n<p>\u00ab Nous avons \u00e9tabli des connexions tr\u00e8s int\u00e9ressantes au cours des deux heures pass\u00e9es \u00e0 High Street, \u00bb a dit Sam Gungaloo, pasteur de l\u2019\u00e9glise Adventiste de Yeovil. \u00ab Dieu nous a b\u00e9nis, le public a fait preuve de bonne volont\u00e9 et nous avons \u00e9t\u00e9 encourag\u00e9s par plusieurs de ceux qui se sont arr\u00eat\u00e9s pour prendre une photo. \u00bb<\/p>\n<p>Le propri\u00e9taire d\u2019un caf\u00e9 a \u00e9t\u00e9 si impressionn\u00e9 par l\u2019initiative baptis\u00e9e \u00ab La Grande Image, \u00bb que lui et son personnel ont offert des boissons fraiches au groupe de jeunes au cours de cette chaude apr\u00e8s midi d\u2019\u00e9t\u00e9 du 6 juin.<\/p>\n<p>Les jeunes sont impatients de retourner dans la rue.<\/p>\n<p>\u00ab Yeovil a besoin d\u2019entendre la plus grande histoire de tous les temps, \u00bb a dit Wayne Erasmus, un pasteur local qui a \u00e9crit un rapport \u00e0 l\u2019Union de F\u00e9d\u00e9rations Britannique au sujet de cette action. \u00ab Chacun a besoin de trouver sa place dans \u2018La Grande Image\u2019. Pour certains, cela peut commencer \u00e0 High Street avec un cadre photo et une photo instantan\u00e9e style Polaro\u00efd. \u00bb<\/p>\n<p>Traduction: Patrick Luciathe<\/p>\n","protected":false},"excerpt":{"rendered":"<p>Un groupe d\u2019adolescents Adventistes du Septi\u00e8me Jour ont amen\u00e9 un grand cadre photo dor\u00e9 dans une rue affair\u00e9e de Grande Bretagne sabbat dernier dans l\u2019apr\u00e8s midi pour inviter les gens \u00e0 consid\u00e9rer leurs plus importantes valeurs tout en posant pour une photo.  <\/p>\n<p>Les jeunes de l\u2019\u00e9glise Adventiste de Yeovil, qui se trouve \u00e0 Yeovil, une ville qui compte 45000 habitants et qui se trouve \u00e0 210 kilom\u00e8tres de Londres, ont demand\u00e9 aux passants de d\u00e9finir ce qu\u2019ils consid\u00e9raient comme \u00e9tant le plus important au sujet d\u2019eux m\u00eames et d\u2019\u00e9crire la r\u00e9ponse sur un petit tableau blanc.<\/p>\n","protected":false},"author":1,"featured_media":25529,"comment_status":"closed","ping_status":"closed","sticky":false,"template":"","format":"standard","meta":{"_acf_changed":false,"footnotes":""},"categories":[18,19],"tags":[],"class_list":["post-32293","post","type-post","status-publish","format-standard","has-post-thumbnail","hentry","category-nouvelles-de-leglise-mondiale","category-rss-francais"],"acf":[],"yoast_head":"<!-- This site is optimized with the Yoast SEO plugin v27.3 - https:\/\/yoast.com\/product\/yoast-seo-wordpress\/ -->\n<title>Des adolescents britanniques prennent des photos avec des \u00e9trangers le jour du sabbat - \u00c9glise Adventiste Du Septieme Jour - Inter Am\u00e9rique Division<\/title>\n<meta name=\"robots\" content=\"index, follow, max-snippet:-1, max-image-preview:large, max-video-preview:-1\" \/>\n<link rel=\"canonical\" href=\"https:\/\/interamerica.org\/fr\/2015\/06\/des-adolescents-britanniques-prennent-des-photos-avec-des-etrangers-le-jour-du-sabbat\/\" \/>\n<meta property=\"og:locale\" content=\"fr_FR\" \/>\n<meta property=\"og:type\" content=\"article\" \/>\n<meta property=\"og:title\" content=\"Des adolescents britanniques prennent des photos avec des \u00e9trangers le jour du sabbat - \u00c9glise Adventiste Du Septieme Jour - Inter Am\u00e9rique Division\" \/>\n<meta property=\"og:description\" content=\"Un groupe d\u2019adolescents Adventistes du Septi\u00e8me Jour ont amen\u00e9 un grand cadre photo dor\u00e9 dans une rue affair\u00e9e de Grande Bretagne sabbat dernier dans l\u2019apr\u00e8s midi pour inviter les gens \u00e0 consid\u00e9rer leurs plus importantes valeurs tout en posant pour une photo.  Les jeunes de l\u2019\u00e9glise Adventiste de Yeovil, qui se trouve \u00e0 Yeovil, une ville qui compte 45000 habitants et qui se trouve \u00e0 210 kilom\u00e8tres de Londres, ont demand\u00e9 aux passants de d\u00e9finir ce qu\u2019ils consid\u00e9raient comme \u00e9tant le plus important au sujet d\u2019eux m\u00eames et d\u2019\u00e9crire la r\u00e9ponse sur un petit tableau blanc.\" \/>\n<meta property=\"og:url\" content=\"https:\/\/interamerica.org\/fr\/2015\/06\/des-adolescents-britanniques-prennent-des-photos-avec-des-etrangers-le-jour-du-sabbat\/\" \/>\n<meta property=\"og:site_name\" content=\"\u00c9glise Adventiste Du Septieme Jour - Inter Am\u00e9rique Division\" \/>\n<meta property=\"article:published_time\" content=\"2015-06-13T04:00:00+00:00\" \/>\n<meta property=\"og:image\" content=\"https:\/\/interamerica.org\/wp-content\/uploads\/2017\/06\/Adventist-Yeovil-BUC-1.jpg\" \/>\n\t<meta property=\"og:image:width\" content=\"1000\" \/>\n\t<meta property=\"og:image:height\" content=\"500\" \/>\n\t<meta property=\"og:image:type\" content=\"image\/jpeg\" \/>\n<meta name=\"author\" content=\"Lorenzo Verduzco\" \/>\n<meta name=\"twitter:card\" content=\"summary_large_image\" \/>\n<meta name=\"twitter:label1\" content=\"\u00c9crit par\" \/>\n\t<meta name=\"twitter:data1\" content=\"Lorenzo Verduzco\" \/>\n\t<meta name=\"twitter:label2\" content=\"Dur\u00e9e de lecture estim\u00e9e\" \/>\n\t<meta name=\"twitter:data2\" content=\"3 minutes\" \/>\n<script type=\"application\/ld+json\" class=\"yoast-schema-graph\">{\"@context\":\"https:\\\/\\\/schema.org\",\"@graph\":[{\"@type\":\"Article\",\"@id\":\"https:\\\/\\\/interamerica.org\\\/fr\\\/2015\\\/06\\\/des-adolescents-britanniques-prennent-des-photos-avec-des-etrangers-le-jour-du-sabbat\\\/#article\",\"isPartOf\":{\"@id\":\"https:\\\/\\\/interamerica.org\\\/fr\\\/2015\\\/06\\\/des-adolescents-britanniques-prennent-des-photos-avec-des-etrangers-le-jour-du-sabbat\\\/\"},\"author\":{\"name\":\"Lorenzo Verduzco\",\"@id\":\"https:\\\/\\\/interamerica.org\\\/fr\\\/#\\\/schema\\\/person\\\/68ede8bdc292885bb76c1e3810e73c39\"},\"headline\":\"Des adolescents britanniques prennent des photos avec des \u00e9trangers le jour du sabbat\",\"datePublished\":\"2015-06-13T04:00:00+00:00\",\"mainEntityOfPage\":{\"@id\":\"https:\\\/\\\/interamerica.org\\\/fr\\\/2015\\\/06\\\/des-adolescents-britanniques-prennent-des-photos-avec-des-etrangers-le-jour-du-sabbat\\\/\"},\"wordCount\":647,\"image\":{\"@id\":\"https:\\\/\\\/interamerica.org\\\/fr\\\/2015\\\/06\\\/des-adolescents-britanniques-prennent-des-photos-avec-des-etrangers-le-jour-du-sabbat\\\/#primaryimage\"},\"thumbnailUrl\":\"https:\\\/\\\/interamerica.org\\\/wp-content\\\/uploads\\\/2017\\\/06\\\/Adventist-Yeovil-BUC-1.jpg\",\"articleSection\":[\"Nouvelles de l'\u00c9glise mondiale\",\"RSS Fran\u00e7ais\"],\"inLanguage\":\"fr-FR\"},{\"@type\":\"WebPage\",\"@id\":\"https:\\\/\\\/interamerica.org\\\/fr\\\/2015\\\/06\\\/des-adolescents-britanniques-prennent-des-photos-avec-des-etrangers-le-jour-du-sabbat\\\/\",\"url\":\"https:\\\/\\\/interamerica.org\\\/fr\\\/2015\\\/06\\\/des-adolescents-britanniques-prennent-des-photos-avec-des-etrangers-le-jour-du-sabbat\\\/\",\"name\":\"Des adolescents britanniques prennent des photos avec des \u00e9trangers le jour du sabbat - \u00c9glise Adventiste Du Septieme Jour - Inter Am\u00e9rique Division\",\"isPartOf\":{\"@id\":\"https:\\\/\\\/interamerica.org\\\/fr\\\/#website\"},\"primaryImageOfPage\":{\"@id\":\"https:\\\/\\\/interamerica.org\\\/fr\\\/2015\\\/06\\\/des-adolescents-britanniques-prennent-des-photos-avec-des-etrangers-le-jour-du-sabbat\\\/#primaryimage\"},\"image\":{\"@id\":\"https:\\\/\\\/interamerica.org\\\/fr\\\/2015\\\/06\\\/des-adolescents-britanniques-prennent-des-photos-avec-des-etrangers-le-jour-du-sabbat\\\/#primaryimage\"},\"thumbnailUrl\":\"https:\\\/\\\/interamerica.org\\\/wp-content\\\/uploads\\\/2017\\\/06\\\/Adventist-Yeovil-BUC-1.jpg\",\"datePublished\":\"2015-06-13T04:00:00+00:00\",\"author\":{\"@id\":\"https:\\\/\\\/interamerica.org\\\/fr\\\/#\\\/schema\\\/person\\\/68ede8bdc292885bb76c1e3810e73c39\"},\"breadcrumb\":{\"@id\":\"https:\\\/\\\/interamerica.org\\\/fr\\\/2015\\\/06\\\/des-adolescents-britanniques-prennent-des-photos-avec-des-etrangers-le-jour-du-sabbat\\\/#breadcrumb\"},\"inLanguage\":\"fr-FR\",\"potentialAction\":[{\"@type\":\"ReadAction\",\"target\":[\"https:\\\/\\\/interamerica.org\\\/fr\\\/2015\\\/06\\\/des-adolescents-britanniques-prennent-des-photos-avec-des-etrangers-le-jour-du-sabbat\\\/\"]}]},{\"@type\":\"ImageObject\",\"inLanguage\":\"fr-FR\",\"@id\":\"https:\\\/\\\/interamerica.org\\\/fr\\\/2015\\\/06\\\/des-adolescents-britanniques-prennent-des-photos-avec-des-etrangers-le-jour-du-sabbat\\\/#primaryimage\",\"url\":\"https:\\\/\\\/interamerica.org\\\/wp-content\\\/uploads\\\/2017\\\/06\\\/Adventist-Yeovil-BUC-1.jpg\",\"contentUrl\":\"https:\\\/\\\/interamerica.org\\\/wp-content\\\/uploads\\\/2017\\\/06\\\/Adventist-Yeovil-BUC-1.jpg\",\"width\":1000,\"height\":500},{\"@type\":\"BreadcrumbList\",\"@id\":\"https:\\\/\\\/interamerica.org\\\/fr\\\/2015\\\/06\\\/des-adolescents-britanniques-prennent-des-photos-avec-des-etrangers-le-jour-du-sabbat\\\/#breadcrumb\",\"itemListElement\":[{\"@type\":\"ListItem\",\"position\":1,\"name\":\"Home\",\"item\":\"https:\\\/\\\/interamerica.org\\\/fr\\\/\"},{\"@type\":\"ListItem\",\"position\":2,\"name\":\"Des adolescents britanniques prennent des photos avec des \u00e9trangers le jour du sabbat\"}]},{\"@type\":\"WebSite\",\"@id\":\"https:\\\/\\\/interamerica.org\\\/fr\\\/#website\",\"url\":\"https:\\\/\\\/interamerica.org\\\/fr\\\/\",\"name\":\"\u00c9glise Adventiste Du Septieme Jour - Inter Am\u00e9rique Division\",\"description\":\"\",\"potentialAction\":[{\"@type\":\"SearchAction\",\"target\":{\"@type\":\"EntryPoint\",\"urlTemplate\":\"https:\\\/\\\/interamerica.org\\\/fr\\\/?s={search_term_string}\"},\"query-input\":{\"@type\":\"PropertyValueSpecification\",\"valueRequired\":true,\"valueName\":\"search_term_string\"}}],\"inLanguage\":\"fr-FR\"},{\"@type\":\"Person\",\"@id\":\"https:\\\/\\\/interamerica.org\\\/fr\\\/#\\\/schema\\\/person\\\/68ede8bdc292885bb76c1e3810e73c39\",\"name\":\"Lorenzo Verduzco\",\"image\":{\"@type\":\"ImageObject\",\"inLanguage\":\"fr-FR\",\"@id\":\"https:\\\/\\\/secure.gravatar.com\\\/avatar\\\/fb81a55b6218459490a9c1dc841a34909185b81904c5337b4b27f7a6fd60c49e?s=96&d=mm&r=g\",\"url\":\"https:\\\/\\\/secure.gravatar.com\\\/avatar\\\/fb81a55b6218459490a9c1dc841a34909185b81904c5337b4b27f7a6fd60c49e?s=96&d=mm&r=g\",\"contentUrl\":\"https:\\\/\\\/secure.gravatar.com\\\/avatar\\\/fb81a55b6218459490a9c1dc841a34909185b81904c5337b4b27f7a6fd60c49e?s=96&d=mm&r=g\",\"caption\":\"Lorenzo Verduzco\"}}]}<\/script>\n<!-- \/ Yoast SEO plugin. -->","yoast_head_json":{"title":"Des adolescents britanniques prennent des photos avec des \u00e9trangers le jour du sabbat - \u00c9glise Adventiste Du Septieme Jour - Inter Am\u00e9rique Division","robots":{"index":"index","follow":"follow","max-snippet":"max-snippet:-1","max-image-preview":"max-image-preview:large","max-video-preview":"max-video-preview:-1"},"canonical":"https:\/\/interamerica.org\/fr\/2015\/06\/des-adolescents-britanniques-prennent-des-photos-avec-des-etrangers-le-jour-du-sabbat\/","og_locale":"fr_FR","og_type":"article","og_title":"Des adolescents britanniques prennent des photos avec des \u00e9trangers le jour du sabbat - \u00c9glise Adventiste Du Septieme Jour - Inter Am\u00e9rique Division","og_description":"Un groupe d\u2019adolescents Adventistes du Septi\u00e8me Jour ont amen\u00e9 un grand cadre photo dor\u00e9 dans une rue affair\u00e9e de Grande Bretagne sabbat dernier dans l\u2019apr\u00e8s midi pour inviter les gens \u00e0 consid\u00e9rer leurs plus importantes valeurs tout en posant pour une photo.  Les jeunes de l\u2019\u00e9glise Adventiste de Yeovil, qui se trouve \u00e0 Yeovil, une ville qui compte 45000 habitants et qui se trouve \u00e0 210 kilom\u00e8tres de Londres, ont demand\u00e9 aux passants de d\u00e9finir ce qu\u2019ils consid\u00e9raient comme \u00e9tant le plus important au sujet d\u2019eux m\u00eames et d\u2019\u00e9crire la r\u00e9ponse sur un petit tableau blanc.","og_url":"https:\/\/interamerica.org\/fr\/2015\/06\/des-adolescents-britanniques-prennent-des-photos-avec-des-etrangers-le-jour-du-sabbat\/","og_site_name":"\u00c9glise Adventiste Du Septieme Jour - Inter Am\u00e9rique Division","article_published_time":"2015-06-13T04:00:00+00:00","og_image":[{"width":1000,"height":500,"url":"https:\/\/interamerica.org\/wp-content\/uploads\/2017\/06\/Adventist-Yeovil-BUC-1.jpg","type":"image\/jpeg"}],"author":"Lorenzo Verduzco","twitter_card":"summary_large_image","twitter_misc":{"\u00c9crit par":"Lorenzo Verduzco","Dur\u00e9e de lecture estim\u00e9e":"3 minutes"},"schema":{"@context":"https:\/\/schema.org","@graph":[{"@type":"Article","@id":"https:\/\/interamerica.org\/fr\/2015\/06\/des-adolescents-britanniques-prennent-des-photos-avec-des-etrangers-le-jour-du-sabbat\/#article","isPartOf":{"@id":"https:\/\/interamerica.org\/fr\/2015\/06\/des-adolescents-britanniques-prennent-des-photos-avec-des-etrangers-le-jour-du-sabbat\/"},"author":{"name":"Lorenzo Verduzco","@id":"https:\/\/interamerica.org\/fr\/#\/schema\/person\/68ede8bdc292885bb76c1e3810e73c39"},"headline":"Des adolescents britanniques prennent des photos avec des \u00e9trangers le jour du sabbat","datePublished":"2015-06-13T04:00:00+00:00","mainEntityOfPage":{"@id":"https:\/\/interamerica.org\/fr\/2015\/06\/des-adolescents-britanniques-prennent-des-photos-avec-des-etrangers-le-jour-du-sabbat\/"},"wordCount":647,"image":{"@id":"https:\/\/interamerica.org\/fr\/2015\/06\/des-adolescents-britanniques-prennent-des-photos-avec-des-etrangers-le-jour-du-sabbat\/#primaryimage"},"thumbnailUrl":"https:\/\/interamerica.org\/wp-content\/uploads\/2017\/06\/Adventist-Yeovil-BUC-1.jpg","articleSection":["Nouvelles de l'\u00c9glise mondiale","RSS Fran\u00e7ais"],"inLanguage":"fr-FR"},{"@type":"WebPage","@id":"https:\/\/interamerica.org\/fr\/2015\/06\/des-adolescents-britanniques-prennent-des-photos-avec-des-etrangers-le-jour-du-sabbat\/","url":"https:\/\/interamerica.org\/fr\/2015\/06\/des-adolescents-britanniques-prennent-des-photos-avec-des-etrangers-le-jour-du-sabbat\/","name":"Des adolescents britanniques prennent des photos avec des \u00e9trangers le jour du sabbat - \u00c9glise Adventiste Du Septieme Jour - Inter Am\u00e9rique Division","isPartOf":{"@id":"https:\/\/interamerica.org\/fr\/#website"},"primaryImageOfPage":{"@id":"https:\/\/interamerica.org\/fr\/2015\/06\/des-adolescents-britanniques-prennent-des-photos-avec-des-etrangers-le-jour-du-sabbat\/#primaryimage"},"image":{"@id":"https:\/\/interamerica.org\/fr\/2015\/06\/des-adolescents-britanniques-prennent-des-photos-avec-des-etrangers-le-jour-du-sabbat\/#primaryimage"},"thumbnailUrl":"https:\/\/interamerica.org\/wp-content\/uploads\/2017\/06\/Adventist-Yeovil-BUC-1.jpg","datePublished":"2015-06-13T04:00:00+00:00","author":{"@id":"https:\/\/interamerica.org\/fr\/#\/schema\/person\/68ede8bdc292885bb76c1e3810e73c39"},"breadcrumb":{"@id":"https:\/\/interamerica.org\/fr\/2015\/06\/des-adolescents-britanniques-prennent-des-photos-avec-des-etrangers-le-jour-du-sabbat\/#breadcrumb"},"inLanguage":"fr-FR","potentialAction":[{"@type":"ReadAction","target":["https:\/\/interamerica.org\/fr\/2015\/06\/des-adolescents-britanniques-prennent-des-photos-avec-des-etrangers-le-jour-du-sabbat\/"]}]},{"@type":"ImageObject","inLanguage":"fr-FR","@id":"https:\/\/interamerica.org\/fr\/2015\/06\/des-adolescents-britanniques-prennent-des-photos-avec-des-etrangers-le-jour-du-sabbat\/#primaryimage","url":"https:\/\/interamerica.org\/wp-content\/uploads\/2017\/06\/Adventist-Yeovil-BUC-1.jpg","contentUrl":"https:\/\/interamerica.org\/wp-content\/uploads\/2017\/06\/Adventist-Yeovil-BUC-1.jpg","width":1000,"height":500},{"@type":"BreadcrumbList","@id":"https:\/\/interamerica.org\/fr\/2015\/06\/des-adolescents-britanniques-prennent-des-photos-avec-des-etrangers-le-jour-du-sabbat\/#breadcrumb","itemListElement":[{"@type":"ListItem","position":1,"name":"Home","item":"https:\/\/interamerica.org\/fr\/"},{"@type":"ListItem","position":2,"name":"Des adolescents britanniques prennent des photos avec des \u00e9trangers le jour du sabbat"}]},{"@type":"WebSite","@id":"https:\/\/interamerica.org\/fr\/#website","url":"https:\/\/interamerica.org\/fr\/","name":"\u00c9glise Adventiste Du Septieme Jour - Inter Am\u00e9rique Division","description":"","potentialAction":[{"@type":"SearchAction","target":{"@type":"EntryPoint","urlTemplate":"https:\/\/interamerica.org\/fr\/?s={search_term_string}"},"query-input":{"@type":"PropertyValueSpecification","valueRequired":true,"valueName":"search_term_string"}}],"inLanguage":"fr-FR"},{"@type":"Person","@id":"https:\/\/interamerica.org\/fr\/#\/schema\/person\/68ede8bdc292885bb76c1e3810e73c39","name":"Lorenzo Verduzco","image":{"@type":"ImageObject","inLanguage":"fr-FR","@id":"https:\/\/secure.gravatar.com\/avatar\/fb81a55b6218459490a9c1dc841a34909185b81904c5337b4b27f7a6fd60c49e?s=96&d=mm&r=g","url":"https:\/\/secure.gravatar.com\/avatar\/fb81a55b6218459490a9c1dc841a34909185b81904c5337b4b27f7a6fd60c49e?s=96&d=mm&r=g","contentUrl":"https:\/\/secure.gravatar.com\/avatar\/fb81a55b6218459490a9c1dc841a34909185b81904c5337b4b27f7a6fd60c49e?s=96&d=mm&r=g","caption":"Lorenzo Verduzco"}}]}},"_links":{"self":[{"href":"https:\/\/interamerica.org\/fr\/wp-json\/wp\/v2\/posts\/32293","targetHints":{"allow":["GET"]}}],"collection":[{"href":"https:\/\/interamerica.org\/fr\/wp-json\/wp\/v2\/posts"}],"about":[{"href":"https:\/\/interamerica.org\/fr\/wp-json\/wp\/v2\/types\/post"}],"author":[{"embeddable":true,"href":"https:\/\/interamerica.org\/fr\/wp-json\/wp\/v2\/users\/1"}],"replies":[{"embeddable":true,"href":"https:\/\/interamerica.org\/fr\/wp-json\/wp\/v2\/comments?post=32293"}],"version-history":[{"count":0,"href":"https:\/\/interamerica.org\/fr\/wp-json\/wp\/v2\/posts\/32293\/revisions"}],"wp:featuredmedia":[{"embeddable":true,"href":"https:\/\/interamerica.org\/fr\/wp-json\/wp\/v2\/media\/25529"}],"wp:attachment":[{"href":"https:\/\/interamerica.org\/fr\/wp-json\/wp\/v2\/media?parent=32293"}],"wp:term":[{"taxonomy":"category","embeddable":true,"href":"https:\/\/interamerica.org\/fr\/wp-json\/wp\/v2\/categories?post=32293"},{"taxonomy":"post_tag","embeddable":true,"href":"https:\/\/interamerica.org\/fr\/wp-json\/wp\/v2\/tags?post=32293"}],"curies":[{"name":"wp","href":"https:\/\/api.w.org\/{rel}","templated":true}]}}