{"id":32296,"date":"2015-06-19T00:00:00","date_gmt":"2015-06-19T04:00:00","guid":{"rendered":"http:\/\/192.81.217.108\/interamerica\/2015\/06\/les-principaux-dirigeants-de-linter-amerique-prennent-un-moment-special-pour-la-reflexion-spirituelle\/"},"modified":"2015-06-19T00:00:00","modified_gmt":"2015-06-19T04:00:00","slug":"les-principaux-dirigeants-de-linter-amerique-prennent-un-moment-special-pour-la-reflexion-spirituelle","status":"publish","type":"post","link":"https:\/\/interamerica.org\/fr\/2015\/06\/les-principaux-dirigeants-de-linter-amerique-prennent-un-moment-special-pour-la-reflexion-spirituelle\/","title":{"rendered":"Les principaux dirigeants de l\u2019Inter Am\u00e9rique prennent un moment sp\u00e9cial pour la r\u00e9flexion spirituelle."},"content":{"rendered":"<div id=\"attachment_17443\" style=\"width: 586px\" class=\"wp-caption aligncenter\"><a href=\"\/interamerica\/wp-content\/uploads\/2017\/06\/WeekofPrayer2015.png\" rel=\"fancybox\" title=\"Les principaux dirigeants de l\u2019Inter Am\u00e9rique prennent un moment sp\u00e9cial pour la r\u00e9flexion spirituelle.\"><img fetchpriority=\"high\" decoding=\"async\" aria-describedby=\"caption-attachment-17443\" class=\" wp-image-17443 \" src=\"\/interamerica\/wp-content\/uploads\/2017\/06\/WeekofPrayer2015.png\" alt=\"\" width=\"576\" height=\"385\" \/><\/a><p id=\"caption-attachment-17443\" class=\"wp-caption-text\">Les leaders Adventistes du Septi\u00e8me Jour \u00e0 la Division Inter Am\u00e9ricaine, le personnel et leurs familles, chantent \u00e0 l\u2019occasion d\u2019une semaine de r\u00e9flexion spirituelle sp\u00e9ciale qui s\u2019est tenue \u00e0 Miami en Floride du 13 au 18 juin 2015. Image de Libna Stevens\/DIA.<\/p><\/div>\n<p>19 Juin 2015 \u2013 Miami, Floride, Etats Unis \u2013 Libna Stevens\/DIA.<\/p>\n<div id=\"attachment_17444\" style=\"width: 330px\" class=\"wp-caption alignleft\"><a href=\"\/interamerica\/wp-content\/uploads\/2017\/06\/Leito-WoP2015.png\" rel=\"fancybox\" title=\"Les principaux dirigeants de l\u2019Inter Am\u00e9rique prennent un moment sp\u00e9cial pour la r\u00e9flexion spirituelle.\"><img decoding=\"async\" aria-describedby=\"caption-attachment-17444\" class=\" wp-image-17444 \" src=\"\/interamerica\/wp-content\/uploads\/2017\/06\/Leito-WoP2015.png\" alt=\"\" width=\"320\" height=\"226\" \/><\/a><p id=\"caption-attachment-17444\" class=\"wp-caption-text\">Le pr\u00e9sident de la DIA, pasteur Isra\u00ebl Leito a dit aux leaders et aux membres du personnel qu\u2019achever le quinquennat avec un moment de r\u00e9flexion spirituelle \u00e9tait une chose importante avant la Session de la Conf\u00e9rence G\u00e9n\u00e9rale qui aura lieu le mois prochain.<\/p><\/div>\n<p><span style=\"color: #000000;\">Les principaux leaders de l\u2019Eglise Adventiste du Septi\u00e8me Jour au si\u00e8ge de la Division Inter Am\u00e9ricaine (DIA), ainsi que les membres du personnel et leurs familles, ont consacr\u00e9 une semaine \u00e0 la r\u00e9flexion spirituelle alors que le quinquennat arrive \u00e0 son terme cet \u00e9t\u00e9. La semaine d\u2019emphase spirituelle a rassembl\u00e9 plus de 80 employ\u00e9s et leurs familles ; ils ont lou\u00e9 et ador\u00e9 ensemble lors de ce programme annuel qui s\u2019est d\u00e9roul\u00e9 \u00e0 Miami en Floride du 13 au 18 juin 2015.<\/span><\/p>\n<p><span style=\"color: #000000;\">\u00ab Nous sommes tellement concentr\u00e9s sur toutes nos all\u00e9es et venues et sur tout ce qu\u2019il y a \u00e0 faire, sur les projets, les initiatives et les strat\u00e9gies, que nous avons voulu achever ce quinquennat avec un moment de r\u00e9flexion spirituelle, \u00bb a d\u00e9clar\u00e9 pasteur Isra\u00ebl Leito, pr\u00e9sident de la DIA. \u00ab C\u2019est peut \u00eatre la derni\u00e8re fois o\u00f9 nous sommes tous ensemble rassembl\u00e9s en tant que famille, \u00bb a dit pasteur Leito en rappelant aux leaders que la Session de la Conf\u00e9rence G\u00e9n\u00e9rale se tient dans quelques semaines \u00e0 San Antonio au Texas. <\/span><\/p>\n<p><span style=\"color: #000000;\">Suite \u00e0 la Session, il pourrait y avoir des changements ou des d\u00e9placements pour plusieurs des dirigeants et des membres du personnel.<\/span><\/p>\n<p>\u00ab C\u2019est le moment de se concentrer sur notre relation avec le Seigneur et nous rappeler que nous sommes toujours les enfants du Seigneur, \u00bb a ajout\u00e9 pasteur Leito.<\/p>\n<div id=\"attachment_17445\" style=\"width: 330px\" class=\"wp-caption alignleft\"><a href=\"\/interamerica\/wp-content\/uploads\/2017\/06\/RonSmith400.png\" rel=\"fancybox\" title=\"Les principaux dirigeants de l\u2019Inter Am\u00e9rique prennent un moment sp\u00e9cial pour la r\u00e9flexion spirituelle.\"><img decoding=\"async\" aria-describedby=\"caption-attachment-17445\" class=\" wp-image-17445 \" src=\"\/interamerica\/wp-content\/uploads\/2017\/06\/RonSmith400.png\" alt=\"\" width=\"320\" height=\"256\" \/><\/a><p id=\"caption-attachment-17445\" class=\"wp-caption-text\">Dr Ron Smith (\u00e0 gauche), pr\u00e9sident de l\u2019Union de F\u00e9d\u00e9rations du Sud, dont le si\u00e8ge se trouve \u00e0 Norcross en Georgie, \u00e9tait l\u2019intervenant principal pour cette semaine d\u2019emphase spirituelle. Dr Jaime Castrejon, le pr\u00e9sident de l\u2019IATS traduit lors du message du sabbat le 13 juin 2015.<\/p><\/div>\n<p>Dr Ron Smith, pr\u00e9sident de l\u2019Union de F\u00e9d\u00e9rations du Sud, dont le si\u00e8ge se trouve \u00e0 Norcross en G\u00e9orgie, \u00e9tait l\u2019intervenant principal. Dr Smith qui compte plus de 35 ann\u00e9es de service dans la d\u00e9nomination, a invit\u00e9 les dirigeants de l\u2019\u00e9glise \u00e0 demeurer fid\u00e8les m\u00eame dans un monde aussi troublant que le monde d\u2019aujourd\u2019hui ; il a aussi rappel\u00e9 aux leaders qu\u2019ils devraient se souvenir de qui est Dieu, tel qu\u2019il est d\u00e9crit dans Apocalypse 1.<\/p>\n<p>\u00ab Il nous faut avoir une foi pure, \u00bb a dit Dr Smith. \u00ab La foi qui ne peut r\u00e9sister aux \u00e9preuves n\u2019est pas la foi et nous devons \u00eatre ce peuple qui reste accroch\u00e9 \u00e0 Dieu m\u00eame lorsque nous ne comprenons pas Dieu. \u00bb<\/p>\n<p>\u00ab Pensez \u00e0 l\u2019amour de Dieu et \u00e0 ce qu\u2019Il ressent envers nous, \u00bb a t-il ajout\u00e9. \u00ab Vous \u00eates Son meilleur investissement, et il se bat tous les jours pour vous et Il ne nous a pas encore abandonn\u00e9s. Malgr\u00e9 les meurtres, les viols, les kidnappings, la malhonn\u00eatet\u00e9 et la d\u00e9bauche, Dieu aime encore la race humaine. \u00bb<\/p>\n<p>Dr Smith a encourag\u00e9 les leaders et les membres du personnel de la division qui supervise un effectif de plus de 3,7 millions de membres en Inter Am\u00e9rique, \u00e0 continuer d\u2019\u00eatre attentifs pour entendre l\u2019appel de Dieu et \u00e0 se battre pour mettre de c\u00f4t\u00e9 les choses qui nous emp\u00eachent d\u2019avoir cette communion avec le Seigneur.<\/p>\n<p>La Division Inter Am\u00e9ricaine supervise l\u2019\u0153uvre de l\u2019Eglise Adventiste du Septi\u00e8me Jour dans 24 r\u00e9gions principales au Mexique, en Am\u00e9rique Centrale, dans la Cara\u00efbe, en Colombie et au Venezuela.<\/p>\n<p>Pour en savoir plus sur la Division Inter Am\u00e9ricaine, visitez notre site \u00e0 l\u2019adresse <a href=\"https:\/\/recursing-golick.147-182-135-0.plesk.page\">interamerica.org<\/a><\/p>\n<p>Traduction: Patrick Luciathe<\/p>\n","protected":false},"excerpt":{"rendered":"<p>Les principaux leaders de l\u2019Eglise Adventiste du Septi\u00e8me Jour au si\u00e8ge de la Division Inter Am\u00e9ricaine (DIA), ainsi que les membres du personnel et leurs familles, ont consacr\u00e9 une semaine \u00e0 la r\u00e9flexion spirituelle alors que le quinquennat arrive \u00e0 son terme cet \u00e9t\u00e9. <\/p>\n<p>La semaine d\u2019emphase spirituelle a rassembl\u00e9 plus de 80 employ\u00e9s et leurs familles ; ils ont lou\u00e9 et ador\u00e9 ensemble lors de ce programme annuel qui s\u2019est d\u00e9roul\u00e9 \u00e0 Miami en Floride du 13 au 18 juin 2015.<\/p>\n","protected":false},"author":1,"featured_media":25593,"comment_status":"closed","ping_status":"closed","sticky":false,"template":"","format":"standard","meta":{"_acf_changed":false,"footnotes":""},"categories":[20,19],"tags":[],"class_list":["post-32296","post","type-post","status-publish","format-standard","has-post-thumbnail","hentry","category-nouvelles-du-siege-de-la-division","category-rss-francais"],"acf":[],"yoast_head":"<!-- This site is optimized with the Yoast SEO plugin v27.3 - https:\/\/yoast.com\/product\/yoast-seo-wordpress\/ -->\n<title>Les principaux dirigeants de l\u2019Inter Am\u00e9rique prennent un moment sp\u00e9cial pour la r\u00e9flexion spirituelle. - \u00c9glise Adventiste Du Septieme Jour - Inter Am\u00e9rique Division<\/title>\n<meta name=\"robots\" content=\"index, follow, max-snippet:-1, max-image-preview:large, max-video-preview:-1\" \/>\n<link rel=\"canonical\" href=\"https:\/\/interamerica.org\/fr\/2015\/06\/les-principaux-dirigeants-de-linter-amerique-prennent-un-moment-special-pour-la-reflexion-spirituelle\/\" \/>\n<meta property=\"og:locale\" content=\"fr_FR\" \/>\n<meta property=\"og:type\" content=\"article\" \/>\n<meta property=\"og:title\" content=\"Les principaux dirigeants de l\u2019Inter Am\u00e9rique prennent un moment sp\u00e9cial pour la r\u00e9flexion spirituelle. - \u00c9glise Adventiste Du Septieme Jour - Inter Am\u00e9rique Division\" \/>\n<meta property=\"og:description\" content=\"Les principaux leaders de l\u2019Eglise Adventiste du Septi\u00e8me Jour au si\u00e8ge de la Division Inter Am\u00e9ricaine (DIA), ainsi que les membres du personnel et leurs familles, ont consacr\u00e9 une semaine \u00e0 la r\u00e9flexion spirituelle alors que le quinquennat arrive \u00e0 son terme cet \u00e9t\u00e9.  La semaine d\u2019emphase spirituelle a rassembl\u00e9 plus de 80 employ\u00e9s et leurs familles ; ils ont lou\u00e9 et ador\u00e9 ensemble lors de ce programme annuel qui s\u2019est d\u00e9roul\u00e9 \u00e0 Miami en Floride du 13 au 18 juin 2015.\" \/>\n<meta property=\"og:url\" content=\"https:\/\/interamerica.org\/fr\/2015\/06\/les-principaux-dirigeants-de-linter-amerique-prennent-un-moment-special-pour-la-reflexion-spirituelle\/\" \/>\n<meta property=\"og:site_name\" content=\"\u00c9glise Adventiste Du Septieme Jour - Inter Am\u00e9rique Division\" \/>\n<meta property=\"article:published_time\" content=\"2015-06-19T04:00:00+00:00\" \/>\n<meta property=\"og:image\" content=\"https:\/\/interamerica.org\/wp-content\/uploads\/2017\/06\/WeekofPrayer2015.png\" \/>\n\t<meta property=\"og:image:width\" content=\"640\" \/>\n\t<meta property=\"og:image:height\" content=\"428\" \/>\n\t<meta property=\"og:image:type\" content=\"image\/png\" \/>\n<meta name=\"author\" content=\"Lorenzo Verduzco\" \/>\n<meta name=\"twitter:card\" content=\"summary_large_image\" \/>\n<meta name=\"twitter:label1\" content=\"\u00c9crit par\" \/>\n\t<meta name=\"twitter:data1\" content=\"Lorenzo Verduzco\" \/>\n\t<meta name=\"twitter:label2\" content=\"Dur\u00e9e de lecture estim\u00e9e\" \/>\n\t<meta name=\"twitter:data2\" content=\"4 minutes\" \/>\n<script type=\"application\/ld+json\" class=\"yoast-schema-graph\">{\"@context\":\"https:\\\/\\\/schema.org\",\"@graph\":[{\"@type\":\"Article\",\"@id\":\"https:\\\/\\\/interamerica.org\\\/fr\\\/2015\\\/06\\\/les-principaux-dirigeants-de-linter-amerique-prennent-un-moment-special-pour-la-reflexion-spirituelle\\\/#article\",\"isPartOf\":{\"@id\":\"https:\\\/\\\/interamerica.org\\\/fr\\\/2015\\\/06\\\/les-principaux-dirigeants-de-linter-amerique-prennent-un-moment-special-pour-la-reflexion-spirituelle\\\/\"},\"author\":{\"name\":\"Lorenzo Verduzco\",\"@id\":\"https:\\\/\\\/interamerica.org\\\/fr\\\/#\\\/schema\\\/person\\\/68ede8bdc292885bb76c1e3810e73c39\"},\"headline\":\"Les principaux dirigeants de l\u2019Inter Am\u00e9rique prennent un moment sp\u00e9cial pour la r\u00e9flexion spirituelle.\",\"datePublished\":\"2015-06-19T04:00:00+00:00\",\"mainEntityOfPage\":{\"@id\":\"https:\\\/\\\/interamerica.org\\\/fr\\\/2015\\\/06\\\/les-principaux-dirigeants-de-linter-amerique-prennent-un-moment-special-pour-la-reflexion-spirituelle\\\/\"},\"wordCount\":730,\"image\":{\"@id\":\"https:\\\/\\\/interamerica.org\\\/fr\\\/2015\\\/06\\\/les-principaux-dirigeants-de-linter-amerique-prennent-un-moment-special-pour-la-reflexion-spirituelle\\\/#primaryimage\"},\"thumbnailUrl\":\"https:\\\/\\\/interamerica.org\\\/wp-content\\\/uploads\\\/2017\\\/06\\\/WeekofPrayer2015.png\",\"articleSection\":[\"Nouvelles du si\u00e8ge de la division\",\"RSS Fran\u00e7ais\"],\"inLanguage\":\"fr-FR\"},{\"@type\":\"WebPage\",\"@id\":\"https:\\\/\\\/interamerica.org\\\/fr\\\/2015\\\/06\\\/les-principaux-dirigeants-de-linter-amerique-prennent-un-moment-special-pour-la-reflexion-spirituelle\\\/\",\"url\":\"https:\\\/\\\/interamerica.org\\\/fr\\\/2015\\\/06\\\/les-principaux-dirigeants-de-linter-amerique-prennent-un-moment-special-pour-la-reflexion-spirituelle\\\/\",\"name\":\"Les principaux dirigeants de l\u2019Inter Am\u00e9rique prennent un moment sp\u00e9cial pour la r\u00e9flexion spirituelle. - \u00c9glise Adventiste Du Septieme Jour - Inter Am\u00e9rique Division\",\"isPartOf\":{\"@id\":\"https:\\\/\\\/interamerica.org\\\/fr\\\/#website\"},\"primaryImageOfPage\":{\"@id\":\"https:\\\/\\\/interamerica.org\\\/fr\\\/2015\\\/06\\\/les-principaux-dirigeants-de-linter-amerique-prennent-un-moment-special-pour-la-reflexion-spirituelle\\\/#primaryimage\"},\"image\":{\"@id\":\"https:\\\/\\\/interamerica.org\\\/fr\\\/2015\\\/06\\\/les-principaux-dirigeants-de-linter-amerique-prennent-un-moment-special-pour-la-reflexion-spirituelle\\\/#primaryimage\"},\"thumbnailUrl\":\"https:\\\/\\\/interamerica.org\\\/wp-content\\\/uploads\\\/2017\\\/06\\\/WeekofPrayer2015.png\",\"datePublished\":\"2015-06-19T04:00:00+00:00\",\"author\":{\"@id\":\"https:\\\/\\\/interamerica.org\\\/fr\\\/#\\\/schema\\\/person\\\/68ede8bdc292885bb76c1e3810e73c39\"},\"breadcrumb\":{\"@id\":\"https:\\\/\\\/interamerica.org\\\/fr\\\/2015\\\/06\\\/les-principaux-dirigeants-de-linter-amerique-prennent-un-moment-special-pour-la-reflexion-spirituelle\\\/#breadcrumb\"},\"inLanguage\":\"fr-FR\",\"potentialAction\":[{\"@type\":\"ReadAction\",\"target\":[\"https:\\\/\\\/interamerica.org\\\/fr\\\/2015\\\/06\\\/les-principaux-dirigeants-de-linter-amerique-prennent-un-moment-special-pour-la-reflexion-spirituelle\\\/\"]}]},{\"@type\":\"ImageObject\",\"inLanguage\":\"fr-FR\",\"@id\":\"https:\\\/\\\/interamerica.org\\\/fr\\\/2015\\\/06\\\/les-principaux-dirigeants-de-linter-amerique-prennent-un-moment-special-pour-la-reflexion-spirituelle\\\/#primaryimage\",\"url\":\"https:\\\/\\\/interamerica.org\\\/wp-content\\\/uploads\\\/2017\\\/06\\\/WeekofPrayer2015.png\",\"contentUrl\":\"https:\\\/\\\/interamerica.org\\\/wp-content\\\/uploads\\\/2017\\\/06\\\/WeekofPrayer2015.png\",\"width\":640,\"height\":428},{\"@type\":\"BreadcrumbList\",\"@id\":\"https:\\\/\\\/interamerica.org\\\/fr\\\/2015\\\/06\\\/les-principaux-dirigeants-de-linter-amerique-prennent-un-moment-special-pour-la-reflexion-spirituelle\\\/#breadcrumb\",\"itemListElement\":[{\"@type\":\"ListItem\",\"position\":1,\"name\":\"Home\",\"item\":\"https:\\\/\\\/interamerica.org\\\/fr\\\/\"},{\"@type\":\"ListItem\",\"position\":2,\"name\":\"Les principaux dirigeants de l\u2019Inter Am\u00e9rique prennent un moment sp\u00e9cial pour la r\u00e9flexion spirituelle.\"}]},{\"@type\":\"WebSite\",\"@id\":\"https:\\\/\\\/interamerica.org\\\/fr\\\/#website\",\"url\":\"https:\\\/\\\/interamerica.org\\\/fr\\\/\",\"name\":\"\u00c9glise Adventiste Du Septieme Jour - Inter Am\u00e9rique Division\",\"description\":\"\",\"potentialAction\":[{\"@type\":\"SearchAction\",\"target\":{\"@type\":\"EntryPoint\",\"urlTemplate\":\"https:\\\/\\\/interamerica.org\\\/fr\\\/?s={search_term_string}\"},\"query-input\":{\"@type\":\"PropertyValueSpecification\",\"valueRequired\":true,\"valueName\":\"search_term_string\"}}],\"inLanguage\":\"fr-FR\"},{\"@type\":\"Person\",\"@id\":\"https:\\\/\\\/interamerica.org\\\/fr\\\/#\\\/schema\\\/person\\\/68ede8bdc292885bb76c1e3810e73c39\",\"name\":\"Lorenzo Verduzco\",\"image\":{\"@type\":\"ImageObject\",\"inLanguage\":\"fr-FR\",\"@id\":\"https:\\\/\\\/secure.gravatar.com\\\/avatar\\\/fb81a55b6218459490a9c1dc841a34909185b81904c5337b4b27f7a6fd60c49e?s=96&d=mm&r=g\",\"url\":\"https:\\\/\\\/secure.gravatar.com\\\/avatar\\\/fb81a55b6218459490a9c1dc841a34909185b81904c5337b4b27f7a6fd60c49e?s=96&d=mm&r=g\",\"contentUrl\":\"https:\\\/\\\/secure.gravatar.com\\\/avatar\\\/fb81a55b6218459490a9c1dc841a34909185b81904c5337b4b27f7a6fd60c49e?s=96&d=mm&r=g\",\"caption\":\"Lorenzo Verduzco\"}}]}<\/script>\n<!-- \/ Yoast SEO plugin. -->","yoast_head_json":{"title":"Les principaux dirigeants de l\u2019Inter Am\u00e9rique prennent un moment sp\u00e9cial pour la r\u00e9flexion spirituelle. - \u00c9glise Adventiste Du Septieme Jour - Inter Am\u00e9rique Division","robots":{"index":"index","follow":"follow","max-snippet":"max-snippet:-1","max-image-preview":"max-image-preview:large","max-video-preview":"max-video-preview:-1"},"canonical":"https:\/\/interamerica.org\/fr\/2015\/06\/les-principaux-dirigeants-de-linter-amerique-prennent-un-moment-special-pour-la-reflexion-spirituelle\/","og_locale":"fr_FR","og_type":"article","og_title":"Les principaux dirigeants de l\u2019Inter Am\u00e9rique prennent un moment sp\u00e9cial pour la r\u00e9flexion spirituelle. - \u00c9glise Adventiste Du Septieme Jour - Inter Am\u00e9rique Division","og_description":"Les principaux leaders de l\u2019Eglise Adventiste du Septi\u00e8me Jour au si\u00e8ge de la Division Inter Am\u00e9ricaine (DIA), ainsi que les membres du personnel et leurs familles, ont consacr\u00e9 une semaine \u00e0 la r\u00e9flexion spirituelle alors que le quinquennat arrive \u00e0 son terme cet \u00e9t\u00e9.  La semaine d\u2019emphase spirituelle a rassembl\u00e9 plus de 80 employ\u00e9s et leurs familles ; ils ont lou\u00e9 et ador\u00e9 ensemble lors de ce programme annuel qui s\u2019est d\u00e9roul\u00e9 \u00e0 Miami en Floride du 13 au 18 juin 2015.","og_url":"https:\/\/interamerica.org\/fr\/2015\/06\/les-principaux-dirigeants-de-linter-amerique-prennent-un-moment-special-pour-la-reflexion-spirituelle\/","og_site_name":"\u00c9glise Adventiste Du Septieme Jour - Inter Am\u00e9rique Division","article_published_time":"2015-06-19T04:00:00+00:00","og_image":[{"width":640,"height":428,"url":"https:\/\/interamerica.org\/wp-content\/uploads\/2017\/06\/WeekofPrayer2015.png","type":"image\/png"}],"author":"Lorenzo Verduzco","twitter_card":"summary_large_image","twitter_misc":{"\u00c9crit par":"Lorenzo Verduzco","Dur\u00e9e de lecture estim\u00e9e":"4 minutes"},"schema":{"@context":"https:\/\/schema.org","@graph":[{"@type":"Article","@id":"https:\/\/interamerica.org\/fr\/2015\/06\/les-principaux-dirigeants-de-linter-amerique-prennent-un-moment-special-pour-la-reflexion-spirituelle\/#article","isPartOf":{"@id":"https:\/\/interamerica.org\/fr\/2015\/06\/les-principaux-dirigeants-de-linter-amerique-prennent-un-moment-special-pour-la-reflexion-spirituelle\/"},"author":{"name":"Lorenzo Verduzco","@id":"https:\/\/interamerica.org\/fr\/#\/schema\/person\/68ede8bdc292885bb76c1e3810e73c39"},"headline":"Les principaux dirigeants de l\u2019Inter Am\u00e9rique prennent un moment sp\u00e9cial pour la r\u00e9flexion spirituelle.","datePublished":"2015-06-19T04:00:00+00:00","mainEntityOfPage":{"@id":"https:\/\/interamerica.org\/fr\/2015\/06\/les-principaux-dirigeants-de-linter-amerique-prennent-un-moment-special-pour-la-reflexion-spirituelle\/"},"wordCount":730,"image":{"@id":"https:\/\/interamerica.org\/fr\/2015\/06\/les-principaux-dirigeants-de-linter-amerique-prennent-un-moment-special-pour-la-reflexion-spirituelle\/#primaryimage"},"thumbnailUrl":"https:\/\/interamerica.org\/wp-content\/uploads\/2017\/06\/WeekofPrayer2015.png","articleSection":["Nouvelles du si\u00e8ge de la division","RSS Fran\u00e7ais"],"inLanguage":"fr-FR"},{"@type":"WebPage","@id":"https:\/\/interamerica.org\/fr\/2015\/06\/les-principaux-dirigeants-de-linter-amerique-prennent-un-moment-special-pour-la-reflexion-spirituelle\/","url":"https:\/\/interamerica.org\/fr\/2015\/06\/les-principaux-dirigeants-de-linter-amerique-prennent-un-moment-special-pour-la-reflexion-spirituelle\/","name":"Les principaux dirigeants de l\u2019Inter Am\u00e9rique prennent un moment sp\u00e9cial pour la r\u00e9flexion spirituelle. - \u00c9glise Adventiste Du Septieme Jour - Inter Am\u00e9rique Division","isPartOf":{"@id":"https:\/\/interamerica.org\/fr\/#website"},"primaryImageOfPage":{"@id":"https:\/\/interamerica.org\/fr\/2015\/06\/les-principaux-dirigeants-de-linter-amerique-prennent-un-moment-special-pour-la-reflexion-spirituelle\/#primaryimage"},"image":{"@id":"https:\/\/interamerica.org\/fr\/2015\/06\/les-principaux-dirigeants-de-linter-amerique-prennent-un-moment-special-pour-la-reflexion-spirituelle\/#primaryimage"},"thumbnailUrl":"https:\/\/interamerica.org\/wp-content\/uploads\/2017\/06\/WeekofPrayer2015.png","datePublished":"2015-06-19T04:00:00+00:00","author":{"@id":"https:\/\/interamerica.org\/fr\/#\/schema\/person\/68ede8bdc292885bb76c1e3810e73c39"},"breadcrumb":{"@id":"https:\/\/interamerica.org\/fr\/2015\/06\/les-principaux-dirigeants-de-linter-amerique-prennent-un-moment-special-pour-la-reflexion-spirituelle\/#breadcrumb"},"inLanguage":"fr-FR","potentialAction":[{"@type":"ReadAction","target":["https:\/\/interamerica.org\/fr\/2015\/06\/les-principaux-dirigeants-de-linter-amerique-prennent-un-moment-special-pour-la-reflexion-spirituelle\/"]}]},{"@type":"ImageObject","inLanguage":"fr-FR","@id":"https:\/\/interamerica.org\/fr\/2015\/06\/les-principaux-dirigeants-de-linter-amerique-prennent-un-moment-special-pour-la-reflexion-spirituelle\/#primaryimage","url":"https:\/\/interamerica.org\/wp-content\/uploads\/2017\/06\/WeekofPrayer2015.png","contentUrl":"https:\/\/interamerica.org\/wp-content\/uploads\/2017\/06\/WeekofPrayer2015.png","width":640,"height":428},{"@type":"BreadcrumbList","@id":"https:\/\/interamerica.org\/fr\/2015\/06\/les-principaux-dirigeants-de-linter-amerique-prennent-un-moment-special-pour-la-reflexion-spirituelle\/#breadcrumb","itemListElement":[{"@type":"ListItem","position":1,"name":"Home","item":"https:\/\/interamerica.org\/fr\/"},{"@type":"ListItem","position":2,"name":"Les principaux dirigeants de l\u2019Inter Am\u00e9rique prennent un moment sp\u00e9cial pour la r\u00e9flexion spirituelle."}]},{"@type":"WebSite","@id":"https:\/\/interamerica.org\/fr\/#website","url":"https:\/\/interamerica.org\/fr\/","name":"\u00c9glise Adventiste Du Septieme Jour - Inter Am\u00e9rique Division","description":"","potentialAction":[{"@type":"SearchAction","target":{"@type":"EntryPoint","urlTemplate":"https:\/\/interamerica.org\/fr\/?s={search_term_string}"},"query-input":{"@type":"PropertyValueSpecification","valueRequired":true,"valueName":"search_term_string"}}],"inLanguage":"fr-FR"},{"@type":"Person","@id":"https:\/\/interamerica.org\/fr\/#\/schema\/person\/68ede8bdc292885bb76c1e3810e73c39","name":"Lorenzo Verduzco","image":{"@type":"ImageObject","inLanguage":"fr-FR","@id":"https:\/\/secure.gravatar.com\/avatar\/fb81a55b6218459490a9c1dc841a34909185b81904c5337b4b27f7a6fd60c49e?s=96&d=mm&r=g","url":"https:\/\/secure.gravatar.com\/avatar\/fb81a55b6218459490a9c1dc841a34909185b81904c5337b4b27f7a6fd60c49e?s=96&d=mm&r=g","contentUrl":"https:\/\/secure.gravatar.com\/avatar\/fb81a55b6218459490a9c1dc841a34909185b81904c5337b4b27f7a6fd60c49e?s=96&d=mm&r=g","caption":"Lorenzo Verduzco"}}]}},"_links":{"self":[{"href":"https:\/\/interamerica.org\/fr\/wp-json\/wp\/v2\/posts\/32296","targetHints":{"allow":["GET"]}}],"collection":[{"href":"https:\/\/interamerica.org\/fr\/wp-json\/wp\/v2\/posts"}],"about":[{"href":"https:\/\/interamerica.org\/fr\/wp-json\/wp\/v2\/types\/post"}],"author":[{"embeddable":true,"href":"https:\/\/interamerica.org\/fr\/wp-json\/wp\/v2\/users\/1"}],"replies":[{"embeddable":true,"href":"https:\/\/interamerica.org\/fr\/wp-json\/wp\/v2\/comments?post=32296"}],"version-history":[{"count":0,"href":"https:\/\/interamerica.org\/fr\/wp-json\/wp\/v2\/posts\/32296\/revisions"}],"wp:featuredmedia":[{"embeddable":true,"href":"https:\/\/interamerica.org\/fr\/wp-json\/wp\/v2\/media\/25593"}],"wp:attachment":[{"href":"https:\/\/interamerica.org\/fr\/wp-json\/wp\/v2\/media?parent=32296"}],"wp:term":[{"taxonomy":"category","embeddable":true,"href":"https:\/\/interamerica.org\/fr\/wp-json\/wp\/v2\/categories?post=32296"},{"taxonomy":"post_tag","embeddable":true,"href":"https:\/\/interamerica.org\/fr\/wp-json\/wp\/v2\/tags?post=32296"}],"curies":[{"name":"wp","href":"https:\/\/api.w.org\/{rel}","templated":true}]}}