{"id":32300,"date":"2015-06-26T00:00:00","date_gmt":"2015-06-26T04:00:00","guid":{"rendered":"http:\/\/192.81.217.108\/interamerica\/2015\/06\/abc-de-la-session-de-la-conference-generale-a-linterieur-de-la-commission-de-nominations\/"},"modified":"2015-06-26T00:00:00","modified_gmt":"2015-06-26T04:00:00","slug":"abc-de-la-session-de-la-conference-generale-a-linterieur-de-la-commission-de-nominations","status":"publish","type":"post","link":"https:\/\/interamerica.org\/fr\/2015\/06\/abc-de-la-session-de-la-conference-generale-a-linterieur-de-la-commission-de-nominations\/","title":{"rendered":"ABC de la Session de la Conf\u00e9rence G\u00e9n\u00e9rale : A l\u2019int\u00e9rieur de la commission de nominations"},"content":{"rendered":"<p>25 Juin 2015 \u2013 Silver Spring, Maryland, Etats Unis \u2013 Mylon Medley\/ANN<\/p>\n<div id=\"attachment_17503\" style=\"width: 410px\" class=\"wp-caption alignright\"><a href=\"\/interamerica\/wp-content\/uploads\/2017\/06\/csm_NAD_Caucus_2f7a3c1345.jpg\" rel=\"fancybox\" title=\"ABC de la Session de la Conf\u00e9rence G\u00e9n\u00e9rale : A l\u2019int\u00e9rieur de la commission de nominations\"><img fetchpriority=\"high\" decoding=\"async\" aria-describedby=\"caption-attachment-17503\" class=\"size-full wp-image-17503\" src=\"\/interamerica\/wp-content\/uploads\/2017\/06\/csm_NAD_Caucus_2f7a3c1345.jpg\" alt=\"\" width=\"400\" height=\"267\" \/><\/a><p id=\"caption-attachment-17503\" class=\"wp-caption-text\">Le caucus de la Division Nord Am\u00e9ricaine lors de la Session 2010 de la Conf\u00e9rence G\u00e9n\u00e9rale \u00e0 Atlanta en G\u00e9orgie aux Etats Unis. Image de Gerry Chudleigh\/ANN<\/p><\/div>\n<p>La Session de la Conf\u00e9rence G\u00e9n\u00e9rale est la plus grande rencontre administrative de l\u2019Eglise Adventiste du Septi\u00e8me Jour, elle a lieu tous les cinq ans. Au cours de cette rencontre de dix jours, les dirigeants de l\u2019\u00e9glise sont \u00e9lus et des d\u00e9cisions sont prises quant \u00e0 la mani\u00e8re dont l\u2019\u00e9glise accomplira sa mission.<\/p>\n<p>Pour faciliter les choses lorsqu\u2019il s\u2019agit des affaires administratives officielles de l\u2019\u00e9glise, plus de 2000 d\u00e9l\u00e9gu\u00e9s se voient confier la responsabilit\u00e9 de voter sur des recommandations \u00e9manant de rencontres du Comit\u00e9 Ex\u00e9cutif, le deuxi\u00e8me plus important corps gouvernant de l\u2019\u00e9glise.<\/p>\n<p>Cependant, au moment de l\u2019\u00e9lection des leaders de l\u2019\u00e9glise, y compris celle du pr\u00e9sident de la d\u00e9nomination, celle des dirigeants de division ainsi que des leaders des diff\u00e9rents minist\u00e8res de l\u2019\u00e9glise, 252 d\u00e9l\u00e9gu\u00e9s sont choisis pour former la commission de nominations. Mais qui sont ces d\u00e9l\u00e9gu\u00e9s ? Comment sont-ils choisis ? Quel est leur r\u00f4le exactement ?<\/p>\n<p><strong>LA FORMATION DE LA COMMISSION<\/strong><br \/>\nSur les 252 membres de la commission de nominations, 233 sont des d\u00e9l\u00e9gu\u00e9s des 13 divisions mondiales de l\u2019\u00e9glise et 19 sont des d\u00e9l\u00e9gu\u00e9s du si\u00e8ge mondial de l\u2019\u00e9glise, c\u2019est \u00e0 dire de la Conf\u00e9rence G\u00e9n\u00e9rale.<\/p>\n<p>Etant donn\u00e9 que le processus \u00e9lectif d\u00e9bute avec des propositions de noms de candidats, la commission de nominations est form\u00e9e le premier jour de la Session de la Conf\u00e9rence G\u00e9n\u00e9rale, d\u2019apr\u00e8s ce qu\u2019indique Myron Iseminger, sous-secr\u00e9taire de la Conf\u00e9rence G\u00e9n\u00e9rale. Les d\u00e9l\u00e9gu\u00e9s se s\u00e9parent pour former des caucus pour leurs divisions respectives. Chaque division peut envoyer 10 pourcent de ses d\u00e9l\u00e9gu\u00e9s \u00e0 la commission de nominations. La Conf\u00e9rence G\u00e9n\u00e9rale de son c\u00f4t\u00e9 ne peut envoyer que huit pourcent de ses d\u00e9l\u00e9gu\u00e9s.<\/p>\n<p>Il y a d\u2019autres facteurs que les caucus doivent consid\u00e9rer lorsqu\u2019il s\u2019agit de s\u00e9lectionner ceux qui les repr\u00e9senteront dans la commission de nominations. Par exemple, toute personne choisie doit \u00eatre un d\u00e9l\u00e9gu\u00e9 d\u00fbment accr\u00e9dit\u00e9 et pr\u00e9sent \u00e0 la Session de la Conf\u00e9rence G\u00e9n\u00e9rale.<\/p>\n<p>En outre, les d\u00e9l\u00e9gu\u00e9s choisis pour faire partie de la commission de nominations ne peuvent \u00eatre des responsables \u00e9lus de la Conf\u00e9rence G\u00e9n\u00e9rale. Ces responsables sont par exemple les pr\u00e9sidents, vice-pr\u00e9sidents, secr\u00e9taires, sous-secr\u00e9taires, secr\u00e9taires adjoints, sous-tr\u00e9soriers, tr\u00e9soriers adjoints de la Conf\u00e9rence G\u00e9n\u00e9rale et des divisions, les administrateurs de division, les administrateurs du Service de V\u00e9rification de la Conf\u00e9rence G\u00e9n\u00e9rale et les responsables de d\u00e9partement de la Conf\u00e9rence G\u00e9n\u00e9rale.<\/p>\n<p>En d\u2019autres termes, si un d\u00e9l\u00e9gu\u00e9 occupe actuellement une position qui fera l\u2019objet d\u2019une \u00e9lection lors de la Session, il ou elle ne peut faire partie de la commission de nominations.<\/p>\n<p>Vous vous dites peut-\u00eatre : \u00ab Qui reste t-il pour faire partie de la commission de nominations ? \u00bb Les commissions de nominations sont compos\u00e9es de d\u00e9l\u00e9gu\u00e9s parmi lesquels on peut retrouver des pr\u00e9sidents et des administrateurs d\u2019union, des dirigeants de f\u00e9d\u00e9rations locales, des membres la\u00efcs, les principaux dirigeants d\u2019institutions de la Conf\u00e9rence G\u00e9n\u00e9rale y compris des \u00e9coles, des h\u00f4pitaux, des sanatoriums et de la Fondation Ellen G. White.<\/p>\n<p><strong>PRINCIPAUX ACTEURS DE LA COMMISSION DE NOMINATIONS<\/strong><br \/>\nUne fois que les 252 noms des membres la commission de nominations ont \u00e9t\u00e9 retenus, la commission se rend dans une salle priv\u00e9e o\u00f9 elle commence imm\u00e9diatement ses travaux en commen\u00e7ant par la s\u00e9lection du pr\u00e9sident, du vice-pr\u00e9sident, du ou de la secr\u00e9taire et du ou de la secr\u00e9taire adjoint(e) de la commission. La commission de nominations choisit ses propres dirigeants, \u00e0 commencer par le pr\u00e9sident.<\/p>\n<p>Une fois que le pr\u00e9sident est choisi, il est sugg\u00e9r\u00e9 qu\u2019il ou elle dirige la s\u00e9lection des trois autres dirigeants de la commission de nominations.<\/p>\n<p>Apr\u00e8s que les dirigeants aient \u00e9t\u00e9 inform\u00e9s de leurs responsabilit\u00e9s, le groupe, sous la direction du pr\u00e9sident, d\u00e9bute le processus de s\u00e9lection des principaux leaders de l\u2019\u00e9glise.<\/p>\n<p>Bob Kyte, pr\u00e9sident d\u2019Adventist Risk Management, qui a servi en tant que pr\u00e9sident de la Commission de nominations lors de la Session de la Conf\u00e9rence G\u00e9n\u00e9rale en 2010, dit qu\u2019une des choses \u00e0 consid\u00e9rer est toute la diversit\u00e9 que l\u2019on retrouve dans le groupe, pas simplement en termes de pluralit\u00e9 linguistique, mais aussi en termes de perspectives diff\u00e9rentes quant aux meilleures m\u00e9thodes que pourraient adopter la commission pour le processus de s\u00e9lection de noms.<\/p>\n<p>\u00ab Un des plus grands d\u00e9fis a \u00e9t\u00e9 de m\u00e9langer des cultures venant du monde entier et d\u2019\u00eatre en mesure de conduire les affaires administratives en tant qu\u2019\u00e9glise, \u00bb a dit Bob Kyte.<\/p>\n<p>Bien que l\u2019anglais soit la langue officielle de toutes les rencontres administratives de l\u2019\u00e9glise, des traducteurs sont pr\u00e9sents lors des rencontres de la commission pour s\u2019assurer que l\u2019information soit transmise ad\u00e9quatement aux membres de la commission qui parlent d\u2019autres langues.<\/p>\n<p>Deux autres acteurs cl\u00e9s de la commission sont les managers du syst\u00e8me \u00e9lectronique gr\u00e2ce auquel les votes sont pris au cours des rencontres. Les managers prennent note de tous les noms retenus et du d\u00e9compte de toutes les voix pour chaque position. Leurs documents sont conserv\u00e9s dans le Bureau des Archives, Statistiques et Recherches de l\u2019\u00e9glise.<\/p>\n<p><strong>LE PROCESSUS DE NOMINATION<\/strong><br \/>\nAu d\u00e9but de chaque journ\u00e9e, un des dirigeants pr\u00e9sente une d\u00e9votion. Les leaders invitent \u00e9galement la pr\u00e9sence de Dieu et sa direction dans le processus d\u00e9cisionnel.<\/p>\n<p>\u00ab Nous avons pri\u00e9 avant chaque vote pour que Dieu dirige au cours des nominations, \u00bb a dit Bob Kyte.<\/p>\n<p>La premi\u00e8re position consid\u00e9r\u00e9e par la commission de nominations est celle de pr\u00e9sident de la Conf\u00e9rence G\u00e9n\u00e9rale. Une fois que le pr\u00e9sident est \u00e9lu, le pr\u00e9sident sert en tant que conseiller aupr\u00e8s de la commission de nominations pour le reste du processus \u00e9lectif.<\/p>\n<p>Apr\u00e8s l\u2019\u00e9lection du pr\u00e9sident, le comit\u00e9 propose les noms du ou de la secr\u00e9taire de la Conf\u00e9rence G\u00e9n\u00e9rale et du tr\u00e9sorier de la Conf\u00e9rence G\u00e9n\u00e9rale. Apr\u00e8s que les administrateurs de la Conf\u00e9rence G\u00e9n\u00e9rale aient \u00e9t\u00e9 nomm\u00e9s, la commission propose des noms pour les positions restantes devant \u00eatre pourvues au cours de la Session.<\/p>\n<p>Une fois que le comit\u00e9 vote un nom, un dirigeant de la commission, ou un administrateur d\u00e9sign\u00e9 de la Conf\u00e9rence G\u00e9n\u00e9rale informe le candidat pressenti au sujet de la proposition. Les responsables informent \u00e9galement le sortant s\u2019il n\u2019a pas \u00e9t\u00e9 repropos\u00e9 avant de notifier la personne propos\u00e9e pour lui succ\u00e9der.<\/p>\n<p>Parfois, sous la direction du Saint Esprit, les dirigeants de la commission de nominations font plus que simplement notifier ceux dont les noms sont propos\u00e9s.<\/p>\n<p>\u00ab Dans certains cas, nous avons encourag\u00e9 les personnes dont le nom avait \u00e9t\u00e9 propos\u00e9 \u00e0 accepter la proposition, \u00bb a dit Cindy Tutsch, directrice adjointe retrait\u00e9e de la Fondation Ellen G. White, qui a servi en tant que secr\u00e9taire de la commission lors de la Session de la Conf\u00e9rence G\u00e9n\u00e9rale en 2010, et a \u00e9t\u00e9 par la suite vice-pr\u00e9sidente de la commission apr\u00e8s que le d\u00e9l\u00e9gu\u00e9 qui occupait cette fonction ait \u00e9t\u00e9 \u00e9lu pour servir comme vice-pr\u00e9sident de l\u2019Eglise Adventiste.<\/p>\n<p>Une fois que les candidats ont \u00e9t\u00e9 notifi\u00e9s, les dirigeants de la commission de nominations sont escort\u00e9s dans la salle o\u00f9 se d\u00e9roule la rencontre administrative. Le pr\u00e9sident de s\u00e9ance interrompt quelque soit la discussion qui a cours pour entendre la proposition de nomination, c\u2019est ce qu\u2019on appelle le rapport de la commission. Parfois un rapport comporte une s\u00e9rie de propositions.<\/p>\n<p>Bien que le rapport de la commission de nominations soit consid\u00e9r\u00e9 comme \u00e9tant seulement une proposition, il est rare que les d\u00e9l\u00e9gu\u00e9s rejettent le rapport venant de la commission.<\/p>\n<p>Si un d\u00e9l\u00e9gu\u00e9 a des r\u00e9serves sur le rapport et indique qu\u2019il ou elle a des r\u00e9serves apr\u00e8s la pr\u00e9sentation du rapport, le d\u00e9l\u00e9gu\u00e9 est invit\u00e9 \u00e0 exprimer ses remarques aupr\u00e8s de la commission de nominations. Une fois la remarque entendue, le d\u00e9l\u00e9gu\u00e9 peut disposer de telle sorte que la commission puisse d\u00e9cider si la proposition est maintenue ou pas.<\/p>\n<p><strong>LE FONCTIONNEMENT EN SYMBIOSE DE L\u2019EGLISE<\/strong><br \/>\nBien que sa taille soit relativement minime par rapport \u00e0 celle de l\u2019effectif de l\u2019Eglise Adventiste mondiale, 18,4 millions de membres, la commission de nominations joue un r\u00f4le vital dans le fonctionnement de l\u2019Eglise Adventiste du Septi\u00e8me Jour. Il est important pour le groupe de 252 d\u00e9l\u00e9gu\u00e9s choisis pour servir, d\u2019\u00eatre en phase avec le Saint Esprit et d\u2019\u00eatre disciplin\u00e9s pour remplir toutes les positions pendant la Session.<\/p>\n<p>\u00ab Cela a \u00e9t\u00e9 un immense privil\u00e8ge de voir cette symbiose dans le fonctionnement de l\u2019\u00e9glise, \u00bb a dit Cindy Tutsch.<\/p>\n<p>Le prochain article dans cette s\u00e9rie \u00ab l\u2019ABC de la Session \u00bb proposera un regard approfondi sur l\u2019exp\u00e9rience d\u2019une personne nomin\u00e9e.<\/p>\n<p>Traduction: Patrick Luciathe<\/p>\n","protected":false},"excerpt":{"rendered":"<p>La Session de la Conf\u00e9rence G\u00e9n\u00e9rale est la plus grande rencontre administrative de l\u2019Eglise Adventiste du Septi\u00e8me Jour, elle a lieu tous les cinq ans. Au cours de cette rencontre de dix jours, les dirigeants de l\u2019\u00e9glise sont \u00e9lus et des d\u00e9cisions sont prises quant \u00e0 la mani\u00e8re dont l\u2019\u00e9glise accomplira sa mission.  <\/p>\n<p>Pour faciliter les choses lorsqu\u2019il s\u2019agit des affaires administratives officielles de l\u2019\u00e9glise,  plus de 2000 d\u00e9l\u00e9gu\u00e9s se voient confier la responsabilit\u00e9 de voter sur des recommandations \u00e9manant de rencontres du Comit\u00e9 Ex\u00e9cutif, le deuxi\u00e8me plus important corps gouvernant de l\u2019\u00e9glise.<\/p>\n","protected":false},"author":1,"featured_media":25618,"comment_status":"closed","ping_status":"closed","sticky":false,"template":"","format":"standard","meta":{"_acf_changed":false,"footnotes":""},"categories":[18,19],"tags":[],"class_list":["post-32300","post","type-post","status-publish","format-standard","has-post-thumbnail","hentry","category-nouvelles-de-leglise-mondiale","category-rss-francais"],"acf":[],"yoast_head":"<!-- This site is optimized with the Yoast SEO plugin v27.3 - https:\/\/yoast.com\/product\/yoast-seo-wordpress\/ -->\n<title>ABC de la Session de la Conf\u00e9rence G\u00e9n\u00e9rale : A l\u2019int\u00e9rieur de la commission de nominations - \u00c9glise Adventiste Du Septieme Jour - Inter Am\u00e9rique Division<\/title>\n<meta name=\"robots\" content=\"index, follow, max-snippet:-1, max-image-preview:large, max-video-preview:-1\" \/>\n<link rel=\"canonical\" href=\"https:\/\/interamerica.org\/fr\/2015\/06\/abc-de-la-session-de-la-conference-generale-a-linterieur-de-la-commission-de-nominations\/\" \/>\n<meta property=\"og:locale\" content=\"fr_FR\" \/>\n<meta property=\"og:type\" content=\"article\" \/>\n<meta property=\"og:title\" content=\"ABC de la Session de la Conf\u00e9rence G\u00e9n\u00e9rale : A l\u2019int\u00e9rieur de la commission de nominations - \u00c9glise Adventiste Du Septieme Jour - Inter Am\u00e9rique Division\" \/>\n<meta property=\"og:description\" content=\"La Session de la Conf\u00e9rence G\u00e9n\u00e9rale est la plus grande rencontre administrative de l\u2019Eglise Adventiste du Septi\u00e8me Jour, elle a lieu tous les cinq ans. Au cours de cette rencontre de dix jours, les dirigeants de l\u2019\u00e9glise sont \u00e9lus et des d\u00e9cisions sont prises quant \u00e0 la mani\u00e8re dont l\u2019\u00e9glise accomplira sa mission.  Pour faciliter les choses lorsqu\u2019il s\u2019agit des affaires administratives officielles de l\u2019\u00e9glise, plus de 2000 d\u00e9l\u00e9gu\u00e9s se voient confier la responsabilit\u00e9 de voter sur des recommandations \u00e9manant de rencontres du Comit\u00e9 Ex\u00e9cutif, le deuxi\u00e8me plus important corps gouvernant de l\u2019\u00e9glise.\" \/>\n<meta property=\"og:url\" content=\"https:\/\/interamerica.org\/fr\/2015\/06\/abc-de-la-session-de-la-conference-generale-a-linterieur-de-la-commission-de-nominations\/\" \/>\n<meta property=\"og:site_name\" content=\"\u00c9glise Adventiste Du Septieme Jour - Inter Am\u00e9rique Division\" \/>\n<meta property=\"article:published_time\" content=\"2015-06-26T04:00:00+00:00\" \/>\n<meta property=\"og:image\" content=\"https:\/\/interamerica.org\/wp-content\/uploads\/2017\/06\/csm_NAD_Caucus_2f7a3c1345.jpg\" \/>\n\t<meta property=\"og:image:width\" content=\"400\" \/>\n\t<meta property=\"og:image:height\" content=\"267\" \/>\n\t<meta property=\"og:image:type\" content=\"image\/jpeg\" \/>\n<meta name=\"author\" content=\"Lorenzo Verduzco\" \/>\n<meta name=\"twitter:card\" content=\"summary_large_image\" \/>\n<meta name=\"twitter:label1\" content=\"\u00c9crit par\" \/>\n\t<meta name=\"twitter:data1\" content=\"Lorenzo Verduzco\" \/>\n\t<meta name=\"twitter:label2\" content=\"Dur\u00e9e de lecture estim\u00e9e\" \/>\n\t<meta name=\"twitter:data2\" content=\"8 minutes\" \/>\n<script type=\"application\/ld+json\" class=\"yoast-schema-graph\">{\"@context\":\"https:\\\/\\\/schema.org\",\"@graph\":[{\"@type\":\"Article\",\"@id\":\"https:\\\/\\\/interamerica.org\\\/fr\\\/2015\\\/06\\\/abc-de-la-session-de-la-conference-generale-a-linterieur-de-la-commission-de-nominations\\\/#article\",\"isPartOf\":{\"@id\":\"https:\\\/\\\/interamerica.org\\\/fr\\\/2015\\\/06\\\/abc-de-la-session-de-la-conference-generale-a-linterieur-de-la-commission-de-nominations\\\/\"},\"author\":{\"name\":\"Lorenzo Verduzco\",\"@id\":\"https:\\\/\\\/interamerica.org\\\/fr\\\/#\\\/schema\\\/person\\\/68ede8bdc292885bb76c1e3810e73c39\"},\"headline\":\"ABC de la Session de la Conf\u00e9rence G\u00e9n\u00e9rale : A l\u2019int\u00e9rieur de la commission de nominations\",\"datePublished\":\"2015-06-26T04:00:00+00:00\",\"mainEntityOfPage\":{\"@id\":\"https:\\\/\\\/interamerica.org\\\/fr\\\/2015\\\/06\\\/abc-de-la-session-de-la-conference-generale-a-linterieur-de-la-commission-de-nominations\\\/\"},\"wordCount\":1687,\"image\":{\"@id\":\"https:\\\/\\\/interamerica.org\\\/fr\\\/2015\\\/06\\\/abc-de-la-session-de-la-conference-generale-a-linterieur-de-la-commission-de-nominations\\\/#primaryimage\"},\"thumbnailUrl\":\"https:\\\/\\\/interamerica.org\\\/wp-content\\\/uploads\\\/2017\\\/06\\\/csm_NAD_Caucus_2f7a3c1345.jpg\",\"articleSection\":[\"Nouvelles de l'\u00c9glise mondiale\",\"RSS Fran\u00e7ais\"],\"inLanguage\":\"fr-FR\"},{\"@type\":\"WebPage\",\"@id\":\"https:\\\/\\\/interamerica.org\\\/fr\\\/2015\\\/06\\\/abc-de-la-session-de-la-conference-generale-a-linterieur-de-la-commission-de-nominations\\\/\",\"url\":\"https:\\\/\\\/interamerica.org\\\/fr\\\/2015\\\/06\\\/abc-de-la-session-de-la-conference-generale-a-linterieur-de-la-commission-de-nominations\\\/\",\"name\":\"ABC de la Session de la Conf\u00e9rence G\u00e9n\u00e9rale : A l\u2019int\u00e9rieur de la commission de nominations - \u00c9glise Adventiste Du Septieme Jour - Inter Am\u00e9rique Division\",\"isPartOf\":{\"@id\":\"https:\\\/\\\/interamerica.org\\\/fr\\\/#website\"},\"primaryImageOfPage\":{\"@id\":\"https:\\\/\\\/interamerica.org\\\/fr\\\/2015\\\/06\\\/abc-de-la-session-de-la-conference-generale-a-linterieur-de-la-commission-de-nominations\\\/#primaryimage\"},\"image\":{\"@id\":\"https:\\\/\\\/interamerica.org\\\/fr\\\/2015\\\/06\\\/abc-de-la-session-de-la-conference-generale-a-linterieur-de-la-commission-de-nominations\\\/#primaryimage\"},\"thumbnailUrl\":\"https:\\\/\\\/interamerica.org\\\/wp-content\\\/uploads\\\/2017\\\/06\\\/csm_NAD_Caucus_2f7a3c1345.jpg\",\"datePublished\":\"2015-06-26T04:00:00+00:00\",\"author\":{\"@id\":\"https:\\\/\\\/interamerica.org\\\/fr\\\/#\\\/schema\\\/person\\\/68ede8bdc292885bb76c1e3810e73c39\"},\"breadcrumb\":{\"@id\":\"https:\\\/\\\/interamerica.org\\\/fr\\\/2015\\\/06\\\/abc-de-la-session-de-la-conference-generale-a-linterieur-de-la-commission-de-nominations\\\/#breadcrumb\"},\"inLanguage\":\"fr-FR\",\"potentialAction\":[{\"@type\":\"ReadAction\",\"target\":[\"https:\\\/\\\/interamerica.org\\\/fr\\\/2015\\\/06\\\/abc-de-la-session-de-la-conference-generale-a-linterieur-de-la-commission-de-nominations\\\/\"]}]},{\"@type\":\"ImageObject\",\"inLanguage\":\"fr-FR\",\"@id\":\"https:\\\/\\\/interamerica.org\\\/fr\\\/2015\\\/06\\\/abc-de-la-session-de-la-conference-generale-a-linterieur-de-la-commission-de-nominations\\\/#primaryimage\",\"url\":\"https:\\\/\\\/interamerica.org\\\/wp-content\\\/uploads\\\/2017\\\/06\\\/csm_NAD_Caucus_2f7a3c1345.jpg\",\"contentUrl\":\"https:\\\/\\\/interamerica.org\\\/wp-content\\\/uploads\\\/2017\\\/06\\\/csm_NAD_Caucus_2f7a3c1345.jpg\",\"width\":400,\"height\":267},{\"@type\":\"BreadcrumbList\",\"@id\":\"https:\\\/\\\/interamerica.org\\\/fr\\\/2015\\\/06\\\/abc-de-la-session-de-la-conference-generale-a-linterieur-de-la-commission-de-nominations\\\/#breadcrumb\",\"itemListElement\":[{\"@type\":\"ListItem\",\"position\":1,\"name\":\"Home\",\"item\":\"https:\\\/\\\/interamerica.org\\\/fr\\\/\"},{\"@type\":\"ListItem\",\"position\":2,\"name\":\"ABC de la Session de la Conf\u00e9rence G\u00e9n\u00e9rale : A l\u2019int\u00e9rieur de la commission de nominations\"}]},{\"@type\":\"WebSite\",\"@id\":\"https:\\\/\\\/interamerica.org\\\/fr\\\/#website\",\"url\":\"https:\\\/\\\/interamerica.org\\\/fr\\\/\",\"name\":\"\u00c9glise Adventiste Du Septieme Jour - Inter Am\u00e9rique Division\",\"description\":\"\",\"potentialAction\":[{\"@type\":\"SearchAction\",\"target\":{\"@type\":\"EntryPoint\",\"urlTemplate\":\"https:\\\/\\\/interamerica.org\\\/fr\\\/?s={search_term_string}\"},\"query-input\":{\"@type\":\"PropertyValueSpecification\",\"valueRequired\":true,\"valueName\":\"search_term_string\"}}],\"inLanguage\":\"fr-FR\"},{\"@type\":\"Person\",\"@id\":\"https:\\\/\\\/interamerica.org\\\/fr\\\/#\\\/schema\\\/person\\\/68ede8bdc292885bb76c1e3810e73c39\",\"name\":\"Lorenzo Verduzco\",\"image\":{\"@type\":\"ImageObject\",\"inLanguage\":\"fr-FR\",\"@id\":\"https:\\\/\\\/secure.gravatar.com\\\/avatar\\\/fb81a55b6218459490a9c1dc841a34909185b81904c5337b4b27f7a6fd60c49e?s=96&d=mm&r=g\",\"url\":\"https:\\\/\\\/secure.gravatar.com\\\/avatar\\\/fb81a55b6218459490a9c1dc841a34909185b81904c5337b4b27f7a6fd60c49e?s=96&d=mm&r=g\",\"contentUrl\":\"https:\\\/\\\/secure.gravatar.com\\\/avatar\\\/fb81a55b6218459490a9c1dc841a34909185b81904c5337b4b27f7a6fd60c49e?s=96&d=mm&r=g\",\"caption\":\"Lorenzo Verduzco\"}}]}<\/script>\n<!-- \/ Yoast SEO plugin. -->","yoast_head_json":{"title":"ABC de la Session de la Conf\u00e9rence G\u00e9n\u00e9rale : A l\u2019int\u00e9rieur de la commission de nominations - \u00c9glise Adventiste Du Septieme Jour - Inter Am\u00e9rique Division","robots":{"index":"index","follow":"follow","max-snippet":"max-snippet:-1","max-image-preview":"max-image-preview:large","max-video-preview":"max-video-preview:-1"},"canonical":"https:\/\/interamerica.org\/fr\/2015\/06\/abc-de-la-session-de-la-conference-generale-a-linterieur-de-la-commission-de-nominations\/","og_locale":"fr_FR","og_type":"article","og_title":"ABC de la Session de la Conf\u00e9rence G\u00e9n\u00e9rale : A l\u2019int\u00e9rieur de la commission de nominations - \u00c9glise Adventiste Du Septieme Jour - Inter Am\u00e9rique Division","og_description":"La Session de la Conf\u00e9rence G\u00e9n\u00e9rale est la plus grande rencontre administrative de l\u2019Eglise Adventiste du Septi\u00e8me Jour, elle a lieu tous les cinq ans. Au cours de cette rencontre de dix jours, les dirigeants de l\u2019\u00e9glise sont \u00e9lus et des d\u00e9cisions sont prises quant \u00e0 la mani\u00e8re dont l\u2019\u00e9glise accomplira sa mission.  Pour faciliter les choses lorsqu\u2019il s\u2019agit des affaires administratives officielles de l\u2019\u00e9glise, plus de 2000 d\u00e9l\u00e9gu\u00e9s se voient confier la responsabilit\u00e9 de voter sur des recommandations \u00e9manant de rencontres du Comit\u00e9 Ex\u00e9cutif, le deuxi\u00e8me plus important corps gouvernant de l\u2019\u00e9glise.","og_url":"https:\/\/interamerica.org\/fr\/2015\/06\/abc-de-la-session-de-la-conference-generale-a-linterieur-de-la-commission-de-nominations\/","og_site_name":"\u00c9glise Adventiste Du Septieme Jour - Inter Am\u00e9rique Division","article_published_time":"2015-06-26T04:00:00+00:00","og_image":[{"width":400,"height":267,"url":"https:\/\/interamerica.org\/wp-content\/uploads\/2017\/06\/csm_NAD_Caucus_2f7a3c1345.jpg","type":"image\/jpeg"}],"author":"Lorenzo Verduzco","twitter_card":"summary_large_image","twitter_misc":{"\u00c9crit par":"Lorenzo Verduzco","Dur\u00e9e de lecture estim\u00e9e":"8 minutes"},"schema":{"@context":"https:\/\/schema.org","@graph":[{"@type":"Article","@id":"https:\/\/interamerica.org\/fr\/2015\/06\/abc-de-la-session-de-la-conference-generale-a-linterieur-de-la-commission-de-nominations\/#article","isPartOf":{"@id":"https:\/\/interamerica.org\/fr\/2015\/06\/abc-de-la-session-de-la-conference-generale-a-linterieur-de-la-commission-de-nominations\/"},"author":{"name":"Lorenzo Verduzco","@id":"https:\/\/interamerica.org\/fr\/#\/schema\/person\/68ede8bdc292885bb76c1e3810e73c39"},"headline":"ABC de la Session de la Conf\u00e9rence G\u00e9n\u00e9rale : A l\u2019int\u00e9rieur de la commission de nominations","datePublished":"2015-06-26T04:00:00+00:00","mainEntityOfPage":{"@id":"https:\/\/interamerica.org\/fr\/2015\/06\/abc-de-la-session-de-la-conference-generale-a-linterieur-de-la-commission-de-nominations\/"},"wordCount":1687,"image":{"@id":"https:\/\/interamerica.org\/fr\/2015\/06\/abc-de-la-session-de-la-conference-generale-a-linterieur-de-la-commission-de-nominations\/#primaryimage"},"thumbnailUrl":"https:\/\/interamerica.org\/wp-content\/uploads\/2017\/06\/csm_NAD_Caucus_2f7a3c1345.jpg","articleSection":["Nouvelles de l'\u00c9glise mondiale","RSS Fran\u00e7ais"],"inLanguage":"fr-FR"},{"@type":"WebPage","@id":"https:\/\/interamerica.org\/fr\/2015\/06\/abc-de-la-session-de-la-conference-generale-a-linterieur-de-la-commission-de-nominations\/","url":"https:\/\/interamerica.org\/fr\/2015\/06\/abc-de-la-session-de-la-conference-generale-a-linterieur-de-la-commission-de-nominations\/","name":"ABC de la Session de la Conf\u00e9rence G\u00e9n\u00e9rale : A l\u2019int\u00e9rieur de la commission de nominations - \u00c9glise Adventiste Du Septieme Jour - Inter Am\u00e9rique Division","isPartOf":{"@id":"https:\/\/interamerica.org\/fr\/#website"},"primaryImageOfPage":{"@id":"https:\/\/interamerica.org\/fr\/2015\/06\/abc-de-la-session-de-la-conference-generale-a-linterieur-de-la-commission-de-nominations\/#primaryimage"},"image":{"@id":"https:\/\/interamerica.org\/fr\/2015\/06\/abc-de-la-session-de-la-conference-generale-a-linterieur-de-la-commission-de-nominations\/#primaryimage"},"thumbnailUrl":"https:\/\/interamerica.org\/wp-content\/uploads\/2017\/06\/csm_NAD_Caucus_2f7a3c1345.jpg","datePublished":"2015-06-26T04:00:00+00:00","author":{"@id":"https:\/\/interamerica.org\/fr\/#\/schema\/person\/68ede8bdc292885bb76c1e3810e73c39"},"breadcrumb":{"@id":"https:\/\/interamerica.org\/fr\/2015\/06\/abc-de-la-session-de-la-conference-generale-a-linterieur-de-la-commission-de-nominations\/#breadcrumb"},"inLanguage":"fr-FR","potentialAction":[{"@type":"ReadAction","target":["https:\/\/interamerica.org\/fr\/2015\/06\/abc-de-la-session-de-la-conference-generale-a-linterieur-de-la-commission-de-nominations\/"]}]},{"@type":"ImageObject","inLanguage":"fr-FR","@id":"https:\/\/interamerica.org\/fr\/2015\/06\/abc-de-la-session-de-la-conference-generale-a-linterieur-de-la-commission-de-nominations\/#primaryimage","url":"https:\/\/interamerica.org\/wp-content\/uploads\/2017\/06\/csm_NAD_Caucus_2f7a3c1345.jpg","contentUrl":"https:\/\/interamerica.org\/wp-content\/uploads\/2017\/06\/csm_NAD_Caucus_2f7a3c1345.jpg","width":400,"height":267},{"@type":"BreadcrumbList","@id":"https:\/\/interamerica.org\/fr\/2015\/06\/abc-de-la-session-de-la-conference-generale-a-linterieur-de-la-commission-de-nominations\/#breadcrumb","itemListElement":[{"@type":"ListItem","position":1,"name":"Home","item":"https:\/\/interamerica.org\/fr\/"},{"@type":"ListItem","position":2,"name":"ABC de la Session de la Conf\u00e9rence G\u00e9n\u00e9rale : A l\u2019int\u00e9rieur de la commission de nominations"}]},{"@type":"WebSite","@id":"https:\/\/interamerica.org\/fr\/#website","url":"https:\/\/interamerica.org\/fr\/","name":"\u00c9glise Adventiste Du Septieme Jour - Inter Am\u00e9rique Division","description":"","potentialAction":[{"@type":"SearchAction","target":{"@type":"EntryPoint","urlTemplate":"https:\/\/interamerica.org\/fr\/?s={search_term_string}"},"query-input":{"@type":"PropertyValueSpecification","valueRequired":true,"valueName":"search_term_string"}}],"inLanguage":"fr-FR"},{"@type":"Person","@id":"https:\/\/interamerica.org\/fr\/#\/schema\/person\/68ede8bdc292885bb76c1e3810e73c39","name":"Lorenzo Verduzco","image":{"@type":"ImageObject","inLanguage":"fr-FR","@id":"https:\/\/secure.gravatar.com\/avatar\/fb81a55b6218459490a9c1dc841a34909185b81904c5337b4b27f7a6fd60c49e?s=96&d=mm&r=g","url":"https:\/\/secure.gravatar.com\/avatar\/fb81a55b6218459490a9c1dc841a34909185b81904c5337b4b27f7a6fd60c49e?s=96&d=mm&r=g","contentUrl":"https:\/\/secure.gravatar.com\/avatar\/fb81a55b6218459490a9c1dc841a34909185b81904c5337b4b27f7a6fd60c49e?s=96&d=mm&r=g","caption":"Lorenzo Verduzco"}}]}},"_links":{"self":[{"href":"https:\/\/interamerica.org\/fr\/wp-json\/wp\/v2\/posts\/32300","targetHints":{"allow":["GET"]}}],"collection":[{"href":"https:\/\/interamerica.org\/fr\/wp-json\/wp\/v2\/posts"}],"about":[{"href":"https:\/\/interamerica.org\/fr\/wp-json\/wp\/v2\/types\/post"}],"author":[{"embeddable":true,"href":"https:\/\/interamerica.org\/fr\/wp-json\/wp\/v2\/users\/1"}],"replies":[{"embeddable":true,"href":"https:\/\/interamerica.org\/fr\/wp-json\/wp\/v2\/comments?post=32300"}],"version-history":[{"count":0,"href":"https:\/\/interamerica.org\/fr\/wp-json\/wp\/v2\/posts\/32300\/revisions"}],"wp:featuredmedia":[{"embeddable":true,"href":"https:\/\/interamerica.org\/fr\/wp-json\/wp\/v2\/media\/25618"}],"wp:attachment":[{"href":"https:\/\/interamerica.org\/fr\/wp-json\/wp\/v2\/media?parent=32300"}],"wp:term":[{"taxonomy":"category","embeddable":true,"href":"https:\/\/interamerica.org\/fr\/wp-json\/wp\/v2\/categories?post=32300"},{"taxonomy":"post_tag","embeddable":true,"href":"https:\/\/interamerica.org\/fr\/wp-json\/wp\/v2\/tags?post=32300"}],"curies":[{"name":"wp","href":"https:\/\/api.w.org\/{rel}","templated":true}]}}