{"id":32321,"date":"2015-07-07T00:00:00","date_gmt":"2015-07-07T04:00:00","guid":{"rendered":"http:\/\/192.81.217.108\/interamerica\/2015\/07\/12-directeurs-elus-aux-departements-de-la-conference-generale\/"},"modified":"2015-07-07T00:00:00","modified_gmt":"2015-07-07T04:00:00","slug":"12-directeurs-elus-aux-departements-de-la-conference-generale","status":"publish","type":"post","link":"https:\/\/interamerica.org\/fr\/2015\/07\/12-directeurs-elus-aux-departements-de-la-conference-generale\/","title":{"rendered":"12 directeurs \u00e9lus aux d\u00e9partements de la Conf\u00e9rence G\u00e9n\u00e9rale"},"content":{"rendered":"<div id=\"attachment_17771\" style=\"width: 710px\" class=\"wp-caption aligncenter\"><a href=\"\/interamerica\/wp-content\/uploads\/2017\/06\/GCdepartments.jpg\" rel=\"fancybox\" title=\"12 directeurs \u00e9lus aux d\u00e9partements de la Conf\u00e9rence G\u00e9n\u00e9rale\"><img fetchpriority=\"high\" decoding=\"async\" aria-describedby=\"caption-attachment-17771\" class=\" wp-image-17771 \" src=\"\/interamerica\/wp-content\/uploads\/2017\/06\/GCdepartments.jpg\" alt=\"\" width=\"700\" height=\"350\" \/><\/a><p id=\"caption-attachment-17771\" class=\"wp-caption-text\">Image de Kenn Dixon<\/p><\/div>\n<p>6 Juin 2015 \u2013 Wilona Karimabadi, Kimberly Luste Maran et Marcos Paseggi, Adventist Review\/ANN avec des informations fournies par Adventist.org<\/p>\n<p>Les d\u00e9l\u00e9gu\u00e9s \u00e0 la Session de la Conf\u00e9rence G\u00e9n\u00e9rale ont \u00e9lu 12 des 15 directeurs de d\u00e9partement de la Conf\u00e9rence G\u00e9n\u00e9rale ce lundi.<\/p>\n<p>Huit d\u2019entre eux \u00e9taient des directeurs sortants, et deux autres ont remplac\u00e9 des responsables partis \u00e0 la retraite.<\/p>\n<p>Les directeurs de d\u00e9partement partant \u00e0 la retraite sont Jonathan Kuntaraf, qui \u00e9tait en charge du d\u00e9partement de l\u2019Ecole du Sabbat et des Minist\u00e8res Personnels, et John Graz, directeur du d\u00e9partement des Affaires Publiques et de la Libert\u00e9 Religieuse.<\/p>\n<p>La commission de nominations doit encore choisir cinq directeurs de d\u00e9partement pour les Minist\u00e8res des Publications, les Minist\u00e8res de la Gestion Chr\u00e9tienne, et les Services de Planification de Dons et de Fideicomis.<\/p>\n<p>Lundi, les d\u00e9l\u00e9gu\u00e9s ont \u00e9galement \u00e9lu Claude Richli, Hensley Moorooven, et Gerson Santos pour servir en tant que secr\u00e9taires adjoints au Secr\u00e9tariat.<\/p>\n<p>Voici les responsables qui ont \u00e9t\u00e9 \u00e9lus :<\/p>\n<p><span style=\"font-size: large;\"><strong>Minist\u00e8res de l\u2019Aum\u00f4nerie Adventiste<\/strong><\/span><br \/>\nMario E. Ceballos, le directeur adjoint des Minist\u00e8res de l\u2019Aum\u00f4nerie Adventiste (ACM) depuis la Rencontre de Printemps de 2008 est devenu directeur des Minist\u00e8res de l\u2019Aum\u00f4nerie Adventiste de la Conf\u00e9rence G\u00e9n\u00e9rale en 2010. Mario Ceballos, qui a une exp\u00e9rience en tant que pasteur, professeur, et aum\u00f4nier dans un \u00e9tablissement sanitaire, est un aum\u00f4nier accr\u00e9dit\u00e9 et il a le rang de commandeur dans la Section de R\u00e9serve de la Marine Am\u00e9ricaine.<\/p>\n<p><span style=\"font-size: large;\"><strong>Minist\u00e8re aupr\u00e8s des Enfants<\/strong><\/span><br \/>\nLinda Mei Lin Koh est n\u00e9e et a grandi \u00e0 Singapour et a servi en tant que directrice du d\u00e9partement des Minist\u00e8res aupr\u00e8s des Enfants de la Conf\u00e9rence G\u00e9n\u00e9rale depuis 2003. Elle est mari\u00e9e \u00e0 Oliver Koh, ancien directeur adjoint de l\u2019\u00e9ducation de la Division de l\u2019Asie Pacifique Sud ; ils ont deux fils d\u00e9j\u00e0 adultes, Terrence et Marvin. Linda Koh aime l\u2019\u00e9criture et est l\u2019auteure de nombreux articles et aussi la co-auteure de \u00ab Dieu m\u2019Aime de 28 Fa\u00e7ons. \u00bb<\/p>\n<p><span style=\"font-size: large;\"><strong>Communication<\/strong><\/span><br \/>\nWilliam S. Costa Jr., sert depuis 2010 en tant que directeur du d\u00e9partement Communication de la Conf\u00e9rence G\u00e9n\u00e9rale. Auparavant, il a servi \u00e0 la Division Sud Am\u00e9ricaine en tant que manager de production t\u00e9l\u00e9visuelle et directeur de t\u00e9l\u00e9vision satellitaire Adventiste entre autres positions. William Costa est un musicien et un compositeur, ses chants sont chant\u00e9s dans les rassemblements Adventistes et sont inclus dans le recueil de Chants Adventiste du Septi\u00e8me Jour en espagnol et en portugais.<\/p>\n<p><span style=\"font-size: large;\"><strong>Education<\/strong><\/span><br \/>\nLisa M. Beardsley-Hardy est devenue directrice du d\u00e9partement de l\u2019Education de la Conf\u00e9rence G\u00e9n\u00e9rale en 2010 apr\u00e8s une longue exp\u00e9rience dans le domaine de l\u2019\u00e9ducation dans divers pays. Lisa Beardsley-Hardy a la citoyennet\u00e9 britannique, finlandaise et am\u00e9ricaine ; parmi les choses auxquelles elle s\u2019int\u00e9resse il y a la chasse aux champignons, le ski de fond et la musique.<\/p>\n<p><span style=\"font-size: large;\"><strong>Minist\u00e8res de la Famille<\/strong><\/span><br \/>\nWillie Oliver a \u00e9t\u00e9 \u00e9lu directeur du d\u00e9partement des Minist\u00e8res de la Famille pour la premi\u00e8re fois en 2010. Willie Oliver et son \u00e9pouse, la directrice adjointe des Minist\u00e8res de la Famille, Elaine Oliver, sont les parents de deux jeunes adultes, Jessica et Julian. Ils aiment beaucoup effectuer de longues marches, prendre des vacances \u00e0 la plage, faire du jardinage, profiter de la cuisine exotique et passer du temps avec la famille et les amis.<\/p>\n<p><span style=\"font-size: large;\"><strong>Service de V\u00e9rification de la Conf\u00e9rence G\u00e9n\u00e9rale<\/strong><\/span><br \/>\nPaul H. Douglas a servi en tant qu\u2019assistant et plus tard comme directeur adjoint du Service de V\u00e9rification de la Conf\u00e9rence G\u00e9n\u00e9rale entre 1997 et 2007. Cette ann\u00e9e l\u00e0, il a \u00e9t\u00e9 \u00e9lu directeur de ce d\u00e9partement de la Conf\u00e9rence G\u00e9n\u00e9rale. Paul Douglas aime la lecture, les sports d\u2019action tels que le basketball et visiter son pays d\u2019origine, la Jama\u00efque.<\/p>\n<p><span style=\"font-size: large;\"><strong>Minist\u00e8res de la Sant\u00e9<\/strong><\/span><br \/>\nPeter N. Landless a \u00e9t\u00e9 \u00e9lu par les d\u00e9l\u00e9gu\u00e9s de la Rencontre de Printemps en 2013 en tant que directeur du d\u00e9partement des Minist\u00e8res de la Sant\u00e9 o\u00f9 il avait servi pendant des ann\u00e9es en tant que directeur adjoint du Dr Allan Handysides qui a pris sa retraite en 2013. Peter Landless, natif de l\u2019Afrique du Sud, est cardiologue accr\u00e9dit\u00e9 et pasteur. Il aime la musique classique et la musique sacr\u00e9e, la lecture et l\u2019observation des oiseaux avec son \u00e9pouse.<\/p>\n<p><span style=\"font-size: large;\"><strong>Association Pastorale<\/strong><\/span><br \/>\nJerry N. Page est secr\u00e9taire de l\u2019Association Pastorale de la Conf\u00e9rence G\u00e9n\u00e9rale depuis 2010. Jerry page \u00e9tait le pr\u00e9sident de la F\u00e9d\u00e9ration du Centre de la Californie et avant cela de la F\u00e9d\u00e9ration de Pennsylvanie. Il est mari\u00e9 \u00e0 Janet et ils ont deux fils d\u00e9j\u00e0 adultes et des petits-enfants. Dans son temps libre, Jerry page aime profiter des vacances en famille, des randonn\u00e9es, du camping, du tout terrain et de la photographie.<\/p>\n<p><span style=\"font-size: large;\"><strong>Affaires Publiques et Libert\u00e9 Religieuse<\/strong><\/span><br \/>\nGanoune Diop a servi r\u00e9cemment en tant que directeur adjoint du d\u00e9partement des Affaires Publiques et de la Libert\u00e9 Religieuse et aussi comme agent de liaison de l\u2019Eglise Adventiste du Septi\u00e8me Jour charg\u00e9 des relations avec les Nations Unies. Auparavant il a servi en tant que directeur des Centres d\u2019Etude de Mission Globale pour Adventist Mission \u00e0 la Conf\u00e9rence G\u00e9n\u00e9rale. Ganoune Diop est n\u00e9 \u00e0 Dakar au S\u00e9n\u00e9gal. Avec son \u00e9pouse H\u00e9l\u00e8ne, ils ont trois enfants. Il est flutiste soliste de concert et il aime aussi l\u2019art et la litt\u00e9rature.<\/p>\n<p><span style=\"font-size: large;\"><strong>Ecole du Sabbat et Minist\u00e8res Personnels<\/strong><\/span><br \/>\nDuane McKey qui a servi en tant que vice-pr\u00e9sident en charge de l\u2019\u00e9vang\u00e9lisation et directeur de l\u2019association pastorale de l\u2019Union du Sud-ouest de la Division Nord Am\u00e9ricaine depuis 2008, est un administrateur exp\u00e9riment\u00e9 qui a v\u00e9cu sur quatre continents et a \u00e9t\u00e9 impliqu\u00e9 dans des projets d\u2019\u00e9vang\u00e9lisation en Asie, dans le Pacifique Sud, en Europe de l\u2019Est, en Inde, en Inter Am\u00e9rique et en Am\u00e9rique du Sud. Plus r\u00e9cemment, il a coordonn\u00e9 les rencontres d\u2019\u00e9vang\u00e9lisation en mai 2015 au Zimbabwe dans le cadre de ShareHim. Duane Mckey et son \u00e9pouse ont deux enfants adultes et plusieurs petits-enfants.<\/p>\n<p><span style=\"font-size: large;\"><strong>Minist\u00e8re des Femmes<\/strong><\/span><br \/>\nHeather-Dawn Small occupe ce poste de directrice du Minist\u00e8re de la femme \u00e0 la Conf\u00e9rence G\u00e9n\u00e9rale depuis 2001. Elle est mari\u00e9e \u00e0 pasteur Joseph Small et ils ont deux enfants, une fille, Dalonne, et un fils, Jerard. Heather Small aime prendre l\u2019avion, la lecture, la broderie, le scrapbooking et la collection de timbres.<\/p>\n<p><span style=\"font-size: large;\"><strong>Minist\u00e8res de la Jeunesse<\/strong><\/span><br \/>\nGilbert R. Cangy est n\u00e9 aux Seychelles mais a grandi \u00e0 l\u2019Ile Maurice. Il a \u00e9t\u00e9 \u00e9lu directeur de jeunesse de la Conf\u00e9rence G\u00e9n\u00e9rale en 2010. Il est mari\u00e9 \u00e0 son amour de jeunesse Rosemay, et ils ont deux enfants, Jo\u00ebl et Emilie. Gilbert Cangy s\u2019int\u00e9resse \u00e0 tous les sports, en particulier le football et il aime la musique.<\/p>\n<p><span style=\"font-size: large;\"><strong>Secr\u00e9taires adjoints<\/strong><\/span><br \/>\nAvant son \u00e9lection en 2015 au poste de secr\u00e9taire adjoint de la Conf\u00e9rence G\u00e9n\u00e9rale, Hensley Moorooven a servi comme secr\u00e9taire adjoint de la Division de l\u2019Afrique Australe et de l\u2019Oc\u00e9an Indien (SID), une position qu\u2019il a occup\u00e9e pendant cinq ans. Auparavant, Hensley Moorooven \u00e9tait \u00e0 la fois directeur de l\u2019Ecole du Sabbat et des Minist\u00e8res Personnels, et aussi des Affaires Publiques et de la Libert\u00e9 Religieuse pour la SID. Hensley Moorooven dont la langue maternelle est le fran\u00e7ais, se voit comme un pasteur dans l\u2019\u00e2me avec un int\u00e9r\u00eat particulier pour le minist\u00e8re des jeunes et des jeunes adultes.<\/p>\n<p>Gerson Santos, apr\u00e8s avoir servi r\u00e9cemment comme directeur du Centre d\u2019Etude du Minist\u00e8re Urbain bas\u00e9 \u00e0 New York City (depuis d\u00e9cembre 2012), et comme secr\u00e9taire de la F\u00e9d\u00e9ration de Greater New York (2010-2015), a \u00e9t\u00e9 \u00e9lu secr\u00e9taire adjoint de la Conf\u00e9rence G\u00e9n\u00e9rale. Gerson Santos, originaire du Br\u00e9sil, a termin\u00e9 ses \u00e9tudes doctorales en implantation d\u2019\u00e9glises missionnaires au S\u00e9minaire Th\u00e9ologique Fuller en 2012, et a re\u00e7u son doctorat de l\u2019Universit\u00e9 d\u2019Andrews en 2006. Gerson Santos aime voyager, surfer, apprendre, et se faire de nouveaux amis.<\/p>\n<p>Claude Richli a \u00e9t\u00e9 \u00e9lu au poste de secr\u00e9taire adjoint de la Conf\u00e9rence G\u00e9n\u00e9rale. Claude Richli a servi comme directeur adjoint charg\u00e9 de la publication et du marketing pour les magazines Adventist Review et Adventist World depuis 2007. Avant cela, Claude Richli \u00e9tait le secr\u00e9taire adjoint de la Division de l\u2019Afrique du Centre \u2013Est (2003-2007). Claude Richli parle couramment le fran\u00e7ais, l\u2019allemand, le suisse allemand, l\u2019espagnol et l\u2019anglais. Lui et son \u00e9pouse Beate ont deux filles.<\/p>\n<p>Traduction:Patrick Luciathe<\/p>\n","protected":false},"excerpt":{"rendered":"<p>Les d\u00e9l\u00e9gu\u00e9s \u00e0 la Session de la Conf\u00e9rence G\u00e9n\u00e9rale ont \u00e9lu 12 des 15 directeurs de d\u00e9partement de la Conf\u00e9rence G\u00e9n\u00e9rale ce lundi.  Huit d\u2019entre eux \u00e9taient des directeurs sortants, et deux autres ont remplac\u00e9 des responsables partis \u00e0 la retraite. <\/p>\n<p>Les directeurs de d\u00e9partement partant \u00e0 la retraite sont Jonathan Kuntaraf, qui \u00e9tait en charge du d\u00e9partement de l\u2019Ecole du Sabbat et des Minist\u00e8res Personnels, et John Graz, directeur du d\u00e9partement des Affaires Publiques et de la Libert\u00e9 Religieuse.<\/p>\n","protected":false},"author":1,"featured_media":25727,"comment_status":"closed","ping_status":"closed","sticky":false,"template":"","format":"standard","meta":{"_acf_changed":false,"footnotes":""},"categories":[18,19],"tags":[],"class_list":["post-32321","post","type-post","status-publish","format-standard","has-post-thumbnail","hentry","category-nouvelles-de-leglise-mondiale","category-rss-francais"],"acf":[],"yoast_head":"<!-- This site is optimized with the Yoast SEO plugin v27.3 - https:\/\/yoast.com\/product\/yoast-seo-wordpress\/ -->\n<title>12 directeurs \u00e9lus aux d\u00e9partements de la Conf\u00e9rence G\u00e9n\u00e9rale - \u00c9glise Adventiste Du Septieme Jour - Inter Am\u00e9rique Division<\/title>\n<meta name=\"robots\" content=\"index, follow, max-snippet:-1, max-image-preview:large, max-video-preview:-1\" \/>\n<link rel=\"canonical\" href=\"https:\/\/interamerica.org\/fr\/2015\/07\/12-directeurs-elus-aux-departements-de-la-conference-generale\/\" \/>\n<meta property=\"og:locale\" content=\"fr_FR\" \/>\n<meta property=\"og:type\" content=\"article\" \/>\n<meta property=\"og:title\" content=\"12 directeurs \u00e9lus aux d\u00e9partements de la Conf\u00e9rence G\u00e9n\u00e9rale - \u00c9glise Adventiste Du Septieme Jour - Inter Am\u00e9rique Division\" \/>\n<meta property=\"og:description\" content=\"Les d\u00e9l\u00e9gu\u00e9s \u00e0 la Session de la Conf\u00e9rence G\u00e9n\u00e9rale ont \u00e9lu 12 des 15 directeurs de d\u00e9partement de la Conf\u00e9rence G\u00e9n\u00e9rale ce lundi. Huit d\u2019entre eux \u00e9taient des directeurs sortants, et deux autres ont remplac\u00e9 des responsables partis \u00e0 la retraite.  Les directeurs de d\u00e9partement partant \u00e0 la retraite sont Jonathan Kuntaraf, qui \u00e9tait en charge du d\u00e9partement de l\u2019Ecole du Sabbat et des Minist\u00e8res Personnels, et John Graz, directeur du d\u00e9partement des Affaires Publiques et de la Libert\u00e9 Religieuse.\" \/>\n<meta property=\"og:url\" content=\"https:\/\/interamerica.org\/fr\/2015\/07\/12-directeurs-elus-aux-departements-de-la-conference-generale\/\" \/>\n<meta property=\"og:site_name\" content=\"\u00c9glise Adventiste Du Septieme Jour - Inter Am\u00e9rique Division\" \/>\n<meta property=\"article:published_time\" content=\"2015-07-07T04:00:00+00:00\" \/>\n<meta property=\"og:image\" content=\"https:\/\/interamerica.org\/wp-content\/uploads\/2017\/06\/GCdepartments.jpg\" \/>\n\t<meta property=\"og:image:width\" content=\"1000\" \/>\n\t<meta property=\"og:image:height\" content=\"500\" \/>\n\t<meta property=\"og:image:type\" content=\"image\/jpeg\" \/>\n<meta name=\"author\" content=\"Lorenzo Verduzco\" \/>\n<meta name=\"twitter:card\" content=\"summary_large_image\" \/>\n<meta name=\"twitter:label1\" content=\"\u00c9crit par\" \/>\n\t<meta name=\"twitter:data1\" content=\"Lorenzo Verduzco\" \/>\n\t<meta name=\"twitter:label2\" content=\"Dur\u00e9e de lecture estim\u00e9e\" \/>\n\t<meta name=\"twitter:data2\" content=\"8 minutes\" \/>\n<script type=\"application\/ld+json\" class=\"yoast-schema-graph\">{\"@context\":\"https:\\\/\\\/schema.org\",\"@graph\":[{\"@type\":\"Article\",\"@id\":\"https:\\\/\\\/interamerica.org\\\/fr\\\/2015\\\/07\\\/12-directeurs-elus-aux-departements-de-la-conference-generale\\\/#article\",\"isPartOf\":{\"@id\":\"https:\\\/\\\/interamerica.org\\\/fr\\\/2015\\\/07\\\/12-directeurs-elus-aux-departements-de-la-conference-generale\\\/\"},\"author\":{\"name\":\"Lorenzo Verduzco\",\"@id\":\"https:\\\/\\\/interamerica.org\\\/fr\\\/#\\\/schema\\\/person\\\/68ede8bdc292885bb76c1e3810e73c39\"},\"headline\":\"12 directeurs \u00e9lus aux d\u00e9partements de la Conf\u00e9rence G\u00e9n\u00e9rale\",\"datePublished\":\"2015-07-07T04:00:00+00:00\",\"mainEntityOfPage\":{\"@id\":\"https:\\\/\\\/interamerica.org\\\/fr\\\/2015\\\/07\\\/12-directeurs-elus-aux-departements-de-la-conference-generale\\\/\"},\"wordCount\":1539,\"image\":{\"@id\":\"https:\\\/\\\/interamerica.org\\\/fr\\\/2015\\\/07\\\/12-directeurs-elus-aux-departements-de-la-conference-generale\\\/#primaryimage\"},\"thumbnailUrl\":\"https:\\\/\\\/interamerica.org\\\/wp-content\\\/uploads\\\/2017\\\/06\\\/GCdepartments.jpg\",\"articleSection\":[\"Nouvelles de l'\u00c9glise mondiale\",\"RSS Fran\u00e7ais\"],\"inLanguage\":\"fr-FR\"},{\"@type\":\"WebPage\",\"@id\":\"https:\\\/\\\/interamerica.org\\\/fr\\\/2015\\\/07\\\/12-directeurs-elus-aux-departements-de-la-conference-generale\\\/\",\"url\":\"https:\\\/\\\/interamerica.org\\\/fr\\\/2015\\\/07\\\/12-directeurs-elus-aux-departements-de-la-conference-generale\\\/\",\"name\":\"12 directeurs \u00e9lus aux d\u00e9partements de la Conf\u00e9rence G\u00e9n\u00e9rale - \u00c9glise Adventiste Du Septieme Jour - Inter Am\u00e9rique Division\",\"isPartOf\":{\"@id\":\"https:\\\/\\\/interamerica.org\\\/fr\\\/#website\"},\"primaryImageOfPage\":{\"@id\":\"https:\\\/\\\/interamerica.org\\\/fr\\\/2015\\\/07\\\/12-directeurs-elus-aux-departements-de-la-conference-generale\\\/#primaryimage\"},\"image\":{\"@id\":\"https:\\\/\\\/interamerica.org\\\/fr\\\/2015\\\/07\\\/12-directeurs-elus-aux-departements-de-la-conference-generale\\\/#primaryimage\"},\"thumbnailUrl\":\"https:\\\/\\\/interamerica.org\\\/wp-content\\\/uploads\\\/2017\\\/06\\\/GCdepartments.jpg\",\"datePublished\":\"2015-07-07T04:00:00+00:00\",\"author\":{\"@id\":\"https:\\\/\\\/interamerica.org\\\/fr\\\/#\\\/schema\\\/person\\\/68ede8bdc292885bb76c1e3810e73c39\"},\"breadcrumb\":{\"@id\":\"https:\\\/\\\/interamerica.org\\\/fr\\\/2015\\\/07\\\/12-directeurs-elus-aux-departements-de-la-conference-generale\\\/#breadcrumb\"},\"inLanguage\":\"fr-FR\",\"potentialAction\":[{\"@type\":\"ReadAction\",\"target\":[\"https:\\\/\\\/interamerica.org\\\/fr\\\/2015\\\/07\\\/12-directeurs-elus-aux-departements-de-la-conference-generale\\\/\"]}]},{\"@type\":\"ImageObject\",\"inLanguage\":\"fr-FR\",\"@id\":\"https:\\\/\\\/interamerica.org\\\/fr\\\/2015\\\/07\\\/12-directeurs-elus-aux-departements-de-la-conference-generale\\\/#primaryimage\",\"url\":\"https:\\\/\\\/interamerica.org\\\/wp-content\\\/uploads\\\/2017\\\/06\\\/GCdepartments.jpg\",\"contentUrl\":\"https:\\\/\\\/interamerica.org\\\/wp-content\\\/uploads\\\/2017\\\/06\\\/GCdepartments.jpg\",\"width\":1000,\"height\":500},{\"@type\":\"BreadcrumbList\",\"@id\":\"https:\\\/\\\/interamerica.org\\\/fr\\\/2015\\\/07\\\/12-directeurs-elus-aux-departements-de-la-conference-generale\\\/#breadcrumb\",\"itemListElement\":[{\"@type\":\"ListItem\",\"position\":1,\"name\":\"Home\",\"item\":\"https:\\\/\\\/interamerica.org\\\/fr\\\/\"},{\"@type\":\"ListItem\",\"position\":2,\"name\":\"12 directeurs \u00e9lus aux d\u00e9partements de la Conf\u00e9rence G\u00e9n\u00e9rale\"}]},{\"@type\":\"WebSite\",\"@id\":\"https:\\\/\\\/interamerica.org\\\/fr\\\/#website\",\"url\":\"https:\\\/\\\/interamerica.org\\\/fr\\\/\",\"name\":\"\u00c9glise Adventiste Du Septieme Jour - Inter Am\u00e9rique Division\",\"description\":\"\",\"potentialAction\":[{\"@type\":\"SearchAction\",\"target\":{\"@type\":\"EntryPoint\",\"urlTemplate\":\"https:\\\/\\\/interamerica.org\\\/fr\\\/?s={search_term_string}\"},\"query-input\":{\"@type\":\"PropertyValueSpecification\",\"valueRequired\":true,\"valueName\":\"search_term_string\"}}],\"inLanguage\":\"fr-FR\"},{\"@type\":\"Person\",\"@id\":\"https:\\\/\\\/interamerica.org\\\/fr\\\/#\\\/schema\\\/person\\\/68ede8bdc292885bb76c1e3810e73c39\",\"name\":\"Lorenzo Verduzco\",\"image\":{\"@type\":\"ImageObject\",\"inLanguage\":\"fr-FR\",\"@id\":\"https:\\\/\\\/secure.gravatar.com\\\/avatar\\\/fb81a55b6218459490a9c1dc841a34909185b81904c5337b4b27f7a6fd60c49e?s=96&d=mm&r=g\",\"url\":\"https:\\\/\\\/secure.gravatar.com\\\/avatar\\\/fb81a55b6218459490a9c1dc841a34909185b81904c5337b4b27f7a6fd60c49e?s=96&d=mm&r=g\",\"contentUrl\":\"https:\\\/\\\/secure.gravatar.com\\\/avatar\\\/fb81a55b6218459490a9c1dc841a34909185b81904c5337b4b27f7a6fd60c49e?s=96&d=mm&r=g\",\"caption\":\"Lorenzo Verduzco\"}}]}<\/script>\n<!-- \/ Yoast SEO plugin. -->","yoast_head_json":{"title":"12 directeurs \u00e9lus aux d\u00e9partements de la Conf\u00e9rence G\u00e9n\u00e9rale - \u00c9glise Adventiste Du Septieme Jour - Inter Am\u00e9rique Division","robots":{"index":"index","follow":"follow","max-snippet":"max-snippet:-1","max-image-preview":"max-image-preview:large","max-video-preview":"max-video-preview:-1"},"canonical":"https:\/\/interamerica.org\/fr\/2015\/07\/12-directeurs-elus-aux-departements-de-la-conference-generale\/","og_locale":"fr_FR","og_type":"article","og_title":"12 directeurs \u00e9lus aux d\u00e9partements de la Conf\u00e9rence G\u00e9n\u00e9rale - \u00c9glise Adventiste Du Septieme Jour - Inter Am\u00e9rique Division","og_description":"Les d\u00e9l\u00e9gu\u00e9s \u00e0 la Session de la Conf\u00e9rence G\u00e9n\u00e9rale ont \u00e9lu 12 des 15 directeurs de d\u00e9partement de la Conf\u00e9rence G\u00e9n\u00e9rale ce lundi. Huit d\u2019entre eux \u00e9taient des directeurs sortants, et deux autres ont remplac\u00e9 des responsables partis \u00e0 la retraite.  Les directeurs de d\u00e9partement partant \u00e0 la retraite sont Jonathan Kuntaraf, qui \u00e9tait en charge du d\u00e9partement de l\u2019Ecole du Sabbat et des Minist\u00e8res Personnels, et John Graz, directeur du d\u00e9partement des Affaires Publiques et de la Libert\u00e9 Religieuse.","og_url":"https:\/\/interamerica.org\/fr\/2015\/07\/12-directeurs-elus-aux-departements-de-la-conference-generale\/","og_site_name":"\u00c9glise Adventiste Du Septieme Jour - Inter Am\u00e9rique Division","article_published_time":"2015-07-07T04:00:00+00:00","og_image":[{"width":1000,"height":500,"url":"https:\/\/interamerica.org\/wp-content\/uploads\/2017\/06\/GCdepartments.jpg","type":"image\/jpeg"}],"author":"Lorenzo Verduzco","twitter_card":"summary_large_image","twitter_misc":{"\u00c9crit par":"Lorenzo Verduzco","Dur\u00e9e de lecture estim\u00e9e":"8 minutes"},"schema":{"@context":"https:\/\/schema.org","@graph":[{"@type":"Article","@id":"https:\/\/interamerica.org\/fr\/2015\/07\/12-directeurs-elus-aux-departements-de-la-conference-generale\/#article","isPartOf":{"@id":"https:\/\/interamerica.org\/fr\/2015\/07\/12-directeurs-elus-aux-departements-de-la-conference-generale\/"},"author":{"name":"Lorenzo Verduzco","@id":"https:\/\/interamerica.org\/fr\/#\/schema\/person\/68ede8bdc292885bb76c1e3810e73c39"},"headline":"12 directeurs \u00e9lus aux d\u00e9partements de la Conf\u00e9rence G\u00e9n\u00e9rale","datePublished":"2015-07-07T04:00:00+00:00","mainEntityOfPage":{"@id":"https:\/\/interamerica.org\/fr\/2015\/07\/12-directeurs-elus-aux-departements-de-la-conference-generale\/"},"wordCount":1539,"image":{"@id":"https:\/\/interamerica.org\/fr\/2015\/07\/12-directeurs-elus-aux-departements-de-la-conference-generale\/#primaryimage"},"thumbnailUrl":"https:\/\/interamerica.org\/wp-content\/uploads\/2017\/06\/GCdepartments.jpg","articleSection":["Nouvelles de l'\u00c9glise mondiale","RSS Fran\u00e7ais"],"inLanguage":"fr-FR"},{"@type":"WebPage","@id":"https:\/\/interamerica.org\/fr\/2015\/07\/12-directeurs-elus-aux-departements-de-la-conference-generale\/","url":"https:\/\/interamerica.org\/fr\/2015\/07\/12-directeurs-elus-aux-departements-de-la-conference-generale\/","name":"12 directeurs \u00e9lus aux d\u00e9partements de la Conf\u00e9rence G\u00e9n\u00e9rale - \u00c9glise Adventiste Du Septieme Jour - Inter Am\u00e9rique Division","isPartOf":{"@id":"https:\/\/interamerica.org\/fr\/#website"},"primaryImageOfPage":{"@id":"https:\/\/interamerica.org\/fr\/2015\/07\/12-directeurs-elus-aux-departements-de-la-conference-generale\/#primaryimage"},"image":{"@id":"https:\/\/interamerica.org\/fr\/2015\/07\/12-directeurs-elus-aux-departements-de-la-conference-generale\/#primaryimage"},"thumbnailUrl":"https:\/\/interamerica.org\/wp-content\/uploads\/2017\/06\/GCdepartments.jpg","datePublished":"2015-07-07T04:00:00+00:00","author":{"@id":"https:\/\/interamerica.org\/fr\/#\/schema\/person\/68ede8bdc292885bb76c1e3810e73c39"},"breadcrumb":{"@id":"https:\/\/interamerica.org\/fr\/2015\/07\/12-directeurs-elus-aux-departements-de-la-conference-generale\/#breadcrumb"},"inLanguage":"fr-FR","potentialAction":[{"@type":"ReadAction","target":["https:\/\/interamerica.org\/fr\/2015\/07\/12-directeurs-elus-aux-departements-de-la-conference-generale\/"]}]},{"@type":"ImageObject","inLanguage":"fr-FR","@id":"https:\/\/interamerica.org\/fr\/2015\/07\/12-directeurs-elus-aux-departements-de-la-conference-generale\/#primaryimage","url":"https:\/\/interamerica.org\/wp-content\/uploads\/2017\/06\/GCdepartments.jpg","contentUrl":"https:\/\/interamerica.org\/wp-content\/uploads\/2017\/06\/GCdepartments.jpg","width":1000,"height":500},{"@type":"BreadcrumbList","@id":"https:\/\/interamerica.org\/fr\/2015\/07\/12-directeurs-elus-aux-departements-de-la-conference-generale\/#breadcrumb","itemListElement":[{"@type":"ListItem","position":1,"name":"Home","item":"https:\/\/interamerica.org\/fr\/"},{"@type":"ListItem","position":2,"name":"12 directeurs \u00e9lus aux d\u00e9partements de la Conf\u00e9rence G\u00e9n\u00e9rale"}]},{"@type":"WebSite","@id":"https:\/\/interamerica.org\/fr\/#website","url":"https:\/\/interamerica.org\/fr\/","name":"\u00c9glise Adventiste Du Septieme Jour - Inter Am\u00e9rique Division","description":"","potentialAction":[{"@type":"SearchAction","target":{"@type":"EntryPoint","urlTemplate":"https:\/\/interamerica.org\/fr\/?s={search_term_string}"},"query-input":{"@type":"PropertyValueSpecification","valueRequired":true,"valueName":"search_term_string"}}],"inLanguage":"fr-FR"},{"@type":"Person","@id":"https:\/\/interamerica.org\/fr\/#\/schema\/person\/68ede8bdc292885bb76c1e3810e73c39","name":"Lorenzo Verduzco","image":{"@type":"ImageObject","inLanguage":"fr-FR","@id":"https:\/\/secure.gravatar.com\/avatar\/fb81a55b6218459490a9c1dc841a34909185b81904c5337b4b27f7a6fd60c49e?s=96&d=mm&r=g","url":"https:\/\/secure.gravatar.com\/avatar\/fb81a55b6218459490a9c1dc841a34909185b81904c5337b4b27f7a6fd60c49e?s=96&d=mm&r=g","contentUrl":"https:\/\/secure.gravatar.com\/avatar\/fb81a55b6218459490a9c1dc841a34909185b81904c5337b4b27f7a6fd60c49e?s=96&d=mm&r=g","caption":"Lorenzo Verduzco"}}]}},"_links":{"self":[{"href":"https:\/\/interamerica.org\/fr\/wp-json\/wp\/v2\/posts\/32321","targetHints":{"allow":["GET"]}}],"collection":[{"href":"https:\/\/interamerica.org\/fr\/wp-json\/wp\/v2\/posts"}],"about":[{"href":"https:\/\/interamerica.org\/fr\/wp-json\/wp\/v2\/types\/post"}],"author":[{"embeddable":true,"href":"https:\/\/interamerica.org\/fr\/wp-json\/wp\/v2\/users\/1"}],"replies":[{"embeddable":true,"href":"https:\/\/interamerica.org\/fr\/wp-json\/wp\/v2\/comments?post=32321"}],"version-history":[{"count":0,"href":"https:\/\/interamerica.org\/fr\/wp-json\/wp\/v2\/posts\/32321\/revisions"}],"wp:featuredmedia":[{"embeddable":true,"href":"https:\/\/interamerica.org\/fr\/wp-json\/wp\/v2\/media\/25727"}],"wp:attachment":[{"href":"https:\/\/interamerica.org\/fr\/wp-json\/wp\/v2\/media?parent=32321"}],"wp:term":[{"taxonomy":"category","embeddable":true,"href":"https:\/\/interamerica.org\/fr\/wp-json\/wp\/v2\/categories?post=32321"},{"taxonomy":"post_tag","embeddable":true,"href":"https:\/\/interamerica.org\/fr\/wp-json\/wp\/v2\/tags?post=32321"}],"curies":[{"name":"wp","href":"https:\/\/api.w.org\/{rel}","templated":true}]}}