{"id":32323,"date":"2015-07-08T00:00:00","date_gmt":"2015-07-08T04:00:00","guid":{"rendered":"http:\/\/192.81.217.108\/interamerica\/2015\/07\/ce-qui-a-change-dans-les-croyances-fondamentales\/"},"modified":"2015-07-08T00:00:00","modified_gmt":"2015-07-08T04:00:00","slug":"ce-qui-a-change-dans-les-croyances-fondamentales","status":"publish","type":"post","link":"https:\/\/interamerica.org\/fr\/2015\/07\/ce-qui-a-change-dans-les-croyances-fondamentales\/","title":{"rendered":"Ce qui a chang\u00e9 dans les croyances fondamentales"},"content":{"rendered":"<div id=\"attachment_17797\" style=\"width: 810px\" class=\"wp-caption aligncenter\"><a href=\"\/interamerica\/wp-content\/uploads\/2017\/06\/fundamental-shaffer.jpg\" rel=\"fancybox\" title=\"Ce qui a chang\u00e9 dans les croyances fondamentales\"><img fetchpriority=\"high\" decoding=\"async\" aria-describedby=\"caption-attachment-17797\" class=\" wp-image-17797 \" src=\"\/interamerica\/wp-content\/uploads\/2017\/06\/fundamental-shaffer.jpg\" alt=\"\" width=\"800\" height=\"400\" \/><\/a><p id=\"caption-attachment-17797\" class=\"wp-caption-text\">Image de Seth Shaffer<\/p><\/div>\n<p>Publi\u00e9 le 7 Juillet 2015 \u2013 San Antonio, Texas, Etats Unis \u2013 Ed Zinke, collaborateur r\u00e9daction Adventist Review<\/p>\n<p>L\u2019Eglise Adventiste du Septi\u00e8me Jour r\u00e9vise rarement ses Croyances Fondamentales. Alors pourquoi maintenant ?<\/p>\n<p>Il y a au moins six raisons qui font qu\u2019une d\u00e9nomination puisse consid\u00e9rer une r\u00e9vision de ses d\u00e9clarations de croyance. Elle peut souhaiter :<\/p>\n<p>A. Trouver un langage plus ad\u00e9quat et une meilleure structure de phrase<br \/>\nB. Trouver un langage qui soit plus facile \u00e0 traduire dans d\u2019autres langues<br \/>\nC. Mette \u00e0 jour la terminologie lorsque la signification ou l\u2019usage du langage a chang\u00e9<br \/>\nD. Clarifier un langage qui peut ne pas exprimer clairement la position de l\u2019\u00e9glise<br \/>\nE. Traiter de nouvelles situations qui demandent clarification<br \/>\nF. Ajouter une emphase qui n\u2019apparaissait pas dans les d\u00e9clarations pr\u00e9c\u00e9dentes<br \/>\nG. Changer ou ajouter de nouvelles d\u00e9clarations qui ajoutent \u00e0, ou qui changent la signification des d\u00e9clarations pr\u00e9c\u00e9dentes<\/p>\n<p>Il n\u2019y a eu aucun changement dans les croyances adopt\u00e9es mardi qui corresponde \u00e0 la cat\u00e9gorie G.<br \/>\nBien qu\u2019il n\u2019y ait pas eu d\u2019additions majeures (cat\u00e9gorie F), il y eu quelques additions mineures. Par exemple, \u00e0 la croyance num\u00e9ro 2, \u00ab La Trinit\u00e9, \u00bb il a \u00e9t\u00e9 ajout\u00e9 la phrase \u00ab Dieu, qui est amour. \u00bb La croyance num\u00e9ro 11, Croitre en Christ, \u00bb met l\u2019accent sur la dimension sociale du Christianisme biblique. Affirmer l\u2019amour de Dieu et mettre l\u2019emphase sur le bien \u00eatre de la communaut\u00e9 a toujours \u00e9t\u00e9 important pour notre \u00e9glise.<\/p>\n<p>Plusieurs changements correspondaient \u00e0 la cat\u00e9gorie A et B. Par exemple, dans la croyance num\u00e9ro 17, Dons Spirituels, un mot a chang\u00e9, \u00ab lesquels \u00bb a \u00e9t\u00e9 remplac\u00e9 par \u00ab que \u00bb ; dans la croyance 25, La Seconde Venue, la phrase \u00ab la venue du Christ est imminente \u00bb a chang\u00e9 pour donner \u00ab la venue du Christ est proche. \u00bb Cette phrase a l\u2019avantage non seulement d\u2019utiliser un langage biblique, mais elle permet une lecture plus facile et sa traduction est plus ais\u00e9e.<\/p>\n<p>Il y a \u00e9galement eu beaucoup de changements dans la cat\u00e9gorie C, des changements dans la signification du langage. La croyance num\u00e9ro 7 qui \u00e9tait intitul\u00e9e \u00ab La Nature de l\u2019homme, \u00bb se lit maintenant \u00ab La Nature de l\u2019Humanit\u00e9, \u00bb faisant appara\u00eetre l\u2019utilisation d\u2019un langage inclusif. Dans la croyance num\u00e9ro 23, \u00ab Mariage et famille, \u00bb le terme \u00ab conjoints \u00bb a \u00e9t\u00e9 remplac\u00e9 par \u00ab un homme et une femme. \u00bb la signification du mot \u00ab conjoints \u00bb en r\u00e9f\u00e9rence au mariage a chang\u00e9 dans l\u2019usage social pour indiquer un engagement dans un mariage entre personnes du m\u00eame sexe ou de sexe oppos\u00e9. La signification actuelle n\u2019\u00e9tait tr\u00e8s r\u00e9pandue en 1980 au moment de la derni\u00e8re r\u00e9vision. Ce changement r\u00e9dactionnel signale que l\u2019\u00e9glise demeurera fid\u00e8le au concept biblique du mariage en d\u00e9pit des changements intervenus dans la culture contemporaine.<\/p>\n<p>Des changements significatifs se sont produits dans la cat\u00e9gorie D. Dans la croyance num\u00e9ro 9, La Vie, la Mort et la R\u00e9surrection du Christ, \u00bb le terme \u00ab corporelle \u00bb a \u00e9t\u00e9 ajout\u00e9 devant \u00ab r\u00e9surrection. \u00bb Nous avons maintenant clarifi\u00e9 le fait que la r\u00e9surrection de J\u00e9sus n\u2019\u00e9tait pas une influence continuelle ni une exp\u00e9rience spirituelle, mais une r\u00e9surrection bien r\u00e9elle du Christ dans toute sa personne, y compris Son corps. Bien que les Ecritures mettent l\u2019accent sur ce point, il est rejet\u00e9 par beaucoup de th\u00e9ologiens qui ne reconnaissent pas l\u2019historicit\u00e9 du r\u00e9cit biblique. Il \u00e9tait donc important d\u2019ajouter le mot \u00ab corporel \u00bb &#8211; une question non r\u00e9solue sur laquelle on avance apr\u00e8s des pr\u00e9occupations soulev\u00e9es il y a 35 ans.<\/p>\n<p>Num\u00e9ro 18 : \u00ab Le Don de Proph\u00e9tie \u00bb : certains ont eu le sentiment que la d\u00e9claration pr\u00e9c\u00e9dente faite par l\u2019\u00e9glise donnait \u00e0 la cofondatrice de l\u2019\u00e9glise, Ellen G. White, une autorit\u00e9 comparable \u00e0 celle de la Bible. Des changements ont \u00e9t\u00e9 port\u00e9s pour enlever cette ambigu\u00eft\u00e9. Ellen White elle m\u00eame met l\u2019accent sur le fait que son autorit\u00e9 est sujette aux Ecritures. La nouvelle formulation de cette d\u00e9claration ne diminue en aucune fa\u00e7on la compr\u00e9hension qu\u2019a l\u2019\u00e9glise de l\u2019autorit\u00e9 de la Bible ou de l\u2019autorit\u00e9 proph\u00e9tique d\u2019Ellen G. White.<\/p>\n<p>Num\u00e9ro 8 : \u00ab Le Grand Conflit \u00bb : la d\u00e9claration pr\u00e9c\u00e9dente contenait une phrase sur le caract\u00e8re \u00ab mondial \u00bb du d\u00e9luge biblique. L\u2019objectif de cette d\u00e9claration \u00e9tait de repr\u00e9senter l\u2019enseignement biblique selon lequel le d\u00e9luge a recouvert la plan\u00e8te enti\u00e8re. On n\u2019avait pas anticip\u00e9 que \u00ab mondial \u00bb serait r\u00e9interpr\u00e9t\u00e9 par ceux qui n\u2019acceptent pas l\u2019historicit\u00e9 de Gen\u00e8se 1 \u00e0 11 pour signifier \u00ab le monde connu d\u2019alors, \u00bb indiquant ainsi un grand d\u00e9luge r\u00e9gional. Par cons\u00e9quent, cette Session de la Conf\u00e9rence G\u00e9n\u00e9rale a remplac\u00e9 le mot par \u00ab global. \u00bb<\/p>\n<p>Num\u00e9ro 6, \u00ab Cr\u00e9ation \u00bb : Cette croyance constituait la principale raison pour laquelle la D\u00e9claration des Croyances Fondamentales a fait l\u2019objet d\u2019une r\u00e9vision \u00e0 cette Session de la Conf\u00e9rence G\u00e9n\u00e9rale. La d\u00e9claration existante a \u00e9t\u00e9 r\u00e9interpr\u00e9t\u00e9e par certains pour signifier \u00e0 peu pr\u00e8s tout ce qu\u2019ils souhaitaient au sujet des origines, y compris l\u2019\u00e9volution th\u00e9iste. Par cons\u00e9quent, le Concile Annuel de 2004 a produit une d\u00e9claration qui a clarifi\u00e9 le fait que la vie sur cette terre est apparue comme cela est indiqu\u00e9 dans Gen\u00e8se 1 et 2. Ceux qui ont choisi de r\u00e9interpr\u00e9ter la Croyance Fondamentale num\u00e9ro 6 maintiennent que la d\u00e9claration du Concile Annuel de 2004 ne faisait pas autorit\u00e9 vu qu\u2019elle n\u2019avait pas \u00e9t\u00e9 vot\u00e9e lors d\u2019une Session de la Conf\u00e9rence G\u00e9n\u00e9rale. Ainsi donc, la d\u00e9claration de 2004 a \u00e9t\u00e9 affirm\u00e9e lors de la Session 2010 de la Conf\u00e9rence G\u00e9n\u00e9rale avec la requ\u00eate faite que l\u2019essentiel de la d\u00e9cision soit int\u00e9gr\u00e9e dans la d\u00e9claration des Croyances Fondamentales. La d\u00e9claration r\u00e9vis\u00e9e vot\u00e9e par cette session \u00e9tablit clairement que Dieu a cr\u00e9\u00e9 la vie en six jours r\u00e9els, et avec l\u2019addition du sabbat, il s\u2019agissait d\u2019une semaine telle que nous la connaissons aujourd\u2019hui.<\/p>\n<p>Traduction: Patrick Luciathe<\/p>\n","protected":false},"excerpt":{"rendered":"<p>L\u2019Eglise Adventiste du Septi\u00e8me Jour r\u00e9vise rarement ses Croyances Fondamentales. Alors pourquoi maintenant ?  Il y a au moins six raisons qui font qu\u2019une d\u00e9nomination puisse consid\u00e9rer une r\u00e9vision de ses d\u00e9clarations de croyance. Elle peut souhaiter :<\/p>\n","protected":false},"author":1,"featured_media":25752,"comment_status":"closed","ping_status":"closed","sticky":false,"template":"","format":"standard","meta":{"_acf_changed":false,"footnotes":""},"categories":[18,19],"tags":[],"class_list":["post-32323","post","type-post","status-publish","format-standard","has-post-thumbnail","hentry","category-nouvelles-de-leglise-mondiale","category-rss-francais"],"acf":[],"yoast_head":"<!-- This site is optimized with the Yoast SEO plugin v27.3 - https:\/\/yoast.com\/product\/yoast-seo-wordpress\/ -->\n<title>Ce qui a chang\u00e9 dans les croyances fondamentales - \u00c9glise Adventiste Du Septieme Jour - Inter Am\u00e9rique Division<\/title>\n<meta name=\"robots\" content=\"index, follow, max-snippet:-1, max-image-preview:large, max-video-preview:-1\" \/>\n<link rel=\"canonical\" href=\"https:\/\/interamerica.org\/fr\/2015\/07\/ce-qui-a-change-dans-les-croyances-fondamentales\/\" \/>\n<meta property=\"og:locale\" content=\"fr_FR\" \/>\n<meta property=\"og:type\" content=\"article\" \/>\n<meta property=\"og:title\" content=\"Ce qui a chang\u00e9 dans les croyances fondamentales - \u00c9glise Adventiste Du Septieme Jour - Inter Am\u00e9rique Division\" \/>\n<meta property=\"og:description\" content=\"L\u2019Eglise Adventiste du Septi\u00e8me Jour r\u00e9vise rarement ses Croyances Fondamentales. Alors pourquoi maintenant ? Il y a au moins six raisons qui font qu\u2019une d\u00e9nomination puisse consid\u00e9rer une r\u00e9vision de ses d\u00e9clarations de croyance. Elle peut souhaiter :\" \/>\n<meta property=\"og:url\" content=\"https:\/\/interamerica.org\/fr\/2015\/07\/ce-qui-a-change-dans-les-croyances-fondamentales\/\" \/>\n<meta property=\"og:site_name\" content=\"\u00c9glise Adventiste Du Septieme Jour - Inter Am\u00e9rique Division\" \/>\n<meta property=\"article:published_time\" content=\"2015-07-08T04:00:00+00:00\" \/>\n<meta property=\"og:image\" content=\"https:\/\/interamerica.org\/wp-content\/uploads\/2017\/06\/fundamental-shaffer.jpg\" \/>\n\t<meta property=\"og:image:width\" content=\"1000\" \/>\n\t<meta property=\"og:image:height\" content=\"500\" \/>\n\t<meta property=\"og:image:type\" content=\"image\/jpeg\" \/>\n<meta name=\"author\" content=\"Lorenzo Verduzco\" \/>\n<meta name=\"twitter:card\" content=\"summary_large_image\" \/>\n<meta name=\"twitter:label1\" content=\"\u00c9crit par\" \/>\n\t<meta name=\"twitter:data1\" content=\"Lorenzo Verduzco\" \/>\n\t<meta name=\"twitter:label2\" content=\"Dur\u00e9e de lecture estim\u00e9e\" \/>\n\t<meta name=\"twitter:data2\" content=\"5 minutes\" \/>\n<script type=\"application\/ld+json\" class=\"yoast-schema-graph\">{\"@context\":\"https:\\\/\\\/schema.org\",\"@graph\":[{\"@type\":\"Article\",\"@id\":\"https:\\\/\\\/interamerica.org\\\/fr\\\/2015\\\/07\\\/ce-qui-a-change-dans-les-croyances-fondamentales\\\/#article\",\"isPartOf\":{\"@id\":\"https:\\\/\\\/interamerica.org\\\/fr\\\/2015\\\/07\\\/ce-qui-a-change-dans-les-croyances-fondamentales\\\/\"},\"author\":{\"name\":\"Lorenzo Verduzco\",\"@id\":\"https:\\\/\\\/interamerica.org\\\/fr\\\/#\\\/schema\\\/person\\\/68ede8bdc292885bb76c1e3810e73c39\"},\"headline\":\"Ce qui a chang\u00e9 dans les croyances fondamentales\",\"datePublished\":\"2015-07-08T04:00:00+00:00\",\"mainEntityOfPage\":{\"@id\":\"https:\\\/\\\/interamerica.org\\\/fr\\\/2015\\\/07\\\/ce-qui-a-change-dans-les-croyances-fondamentales\\\/\"},\"wordCount\":1078,\"image\":{\"@id\":\"https:\\\/\\\/interamerica.org\\\/fr\\\/2015\\\/07\\\/ce-qui-a-change-dans-les-croyances-fondamentales\\\/#primaryimage\"},\"thumbnailUrl\":\"https:\\\/\\\/interamerica.org\\\/wp-content\\\/uploads\\\/2017\\\/06\\\/fundamental-shaffer.jpg\",\"articleSection\":[\"Nouvelles de l'\u00c9glise mondiale\",\"RSS Fran\u00e7ais\"],\"inLanguage\":\"fr-FR\"},{\"@type\":\"WebPage\",\"@id\":\"https:\\\/\\\/interamerica.org\\\/fr\\\/2015\\\/07\\\/ce-qui-a-change-dans-les-croyances-fondamentales\\\/\",\"url\":\"https:\\\/\\\/interamerica.org\\\/fr\\\/2015\\\/07\\\/ce-qui-a-change-dans-les-croyances-fondamentales\\\/\",\"name\":\"Ce qui a chang\u00e9 dans les croyances fondamentales - \u00c9glise Adventiste Du Septieme Jour - Inter Am\u00e9rique Division\",\"isPartOf\":{\"@id\":\"https:\\\/\\\/interamerica.org\\\/fr\\\/#website\"},\"primaryImageOfPage\":{\"@id\":\"https:\\\/\\\/interamerica.org\\\/fr\\\/2015\\\/07\\\/ce-qui-a-change-dans-les-croyances-fondamentales\\\/#primaryimage\"},\"image\":{\"@id\":\"https:\\\/\\\/interamerica.org\\\/fr\\\/2015\\\/07\\\/ce-qui-a-change-dans-les-croyances-fondamentales\\\/#primaryimage\"},\"thumbnailUrl\":\"https:\\\/\\\/interamerica.org\\\/wp-content\\\/uploads\\\/2017\\\/06\\\/fundamental-shaffer.jpg\",\"datePublished\":\"2015-07-08T04:00:00+00:00\",\"author\":{\"@id\":\"https:\\\/\\\/interamerica.org\\\/fr\\\/#\\\/schema\\\/person\\\/68ede8bdc292885bb76c1e3810e73c39\"},\"breadcrumb\":{\"@id\":\"https:\\\/\\\/interamerica.org\\\/fr\\\/2015\\\/07\\\/ce-qui-a-change-dans-les-croyances-fondamentales\\\/#breadcrumb\"},\"inLanguage\":\"fr-FR\",\"potentialAction\":[{\"@type\":\"ReadAction\",\"target\":[\"https:\\\/\\\/interamerica.org\\\/fr\\\/2015\\\/07\\\/ce-qui-a-change-dans-les-croyances-fondamentales\\\/\"]}]},{\"@type\":\"ImageObject\",\"inLanguage\":\"fr-FR\",\"@id\":\"https:\\\/\\\/interamerica.org\\\/fr\\\/2015\\\/07\\\/ce-qui-a-change-dans-les-croyances-fondamentales\\\/#primaryimage\",\"url\":\"https:\\\/\\\/interamerica.org\\\/wp-content\\\/uploads\\\/2017\\\/06\\\/fundamental-shaffer.jpg\",\"contentUrl\":\"https:\\\/\\\/interamerica.org\\\/wp-content\\\/uploads\\\/2017\\\/06\\\/fundamental-shaffer.jpg\",\"width\":1000,\"height\":500},{\"@type\":\"BreadcrumbList\",\"@id\":\"https:\\\/\\\/interamerica.org\\\/fr\\\/2015\\\/07\\\/ce-qui-a-change-dans-les-croyances-fondamentales\\\/#breadcrumb\",\"itemListElement\":[{\"@type\":\"ListItem\",\"position\":1,\"name\":\"Home\",\"item\":\"https:\\\/\\\/interamerica.org\\\/fr\\\/\"},{\"@type\":\"ListItem\",\"position\":2,\"name\":\"Ce qui a chang\u00e9 dans les croyances fondamentales\"}]},{\"@type\":\"WebSite\",\"@id\":\"https:\\\/\\\/interamerica.org\\\/fr\\\/#website\",\"url\":\"https:\\\/\\\/interamerica.org\\\/fr\\\/\",\"name\":\"\u00c9glise Adventiste Du Septieme Jour - Inter Am\u00e9rique Division\",\"description\":\"\",\"potentialAction\":[{\"@type\":\"SearchAction\",\"target\":{\"@type\":\"EntryPoint\",\"urlTemplate\":\"https:\\\/\\\/interamerica.org\\\/fr\\\/?s={search_term_string}\"},\"query-input\":{\"@type\":\"PropertyValueSpecification\",\"valueRequired\":true,\"valueName\":\"search_term_string\"}}],\"inLanguage\":\"fr-FR\"},{\"@type\":\"Person\",\"@id\":\"https:\\\/\\\/interamerica.org\\\/fr\\\/#\\\/schema\\\/person\\\/68ede8bdc292885bb76c1e3810e73c39\",\"name\":\"Lorenzo Verduzco\",\"image\":{\"@type\":\"ImageObject\",\"inLanguage\":\"fr-FR\",\"@id\":\"https:\\\/\\\/secure.gravatar.com\\\/avatar\\\/fb81a55b6218459490a9c1dc841a34909185b81904c5337b4b27f7a6fd60c49e?s=96&d=mm&r=g\",\"url\":\"https:\\\/\\\/secure.gravatar.com\\\/avatar\\\/fb81a55b6218459490a9c1dc841a34909185b81904c5337b4b27f7a6fd60c49e?s=96&d=mm&r=g\",\"contentUrl\":\"https:\\\/\\\/secure.gravatar.com\\\/avatar\\\/fb81a55b6218459490a9c1dc841a34909185b81904c5337b4b27f7a6fd60c49e?s=96&d=mm&r=g\",\"caption\":\"Lorenzo Verduzco\"}}]}<\/script>\n<!-- \/ Yoast SEO plugin. -->","yoast_head_json":{"title":"Ce qui a chang\u00e9 dans les croyances fondamentales - \u00c9glise Adventiste Du Septieme Jour - Inter Am\u00e9rique Division","robots":{"index":"index","follow":"follow","max-snippet":"max-snippet:-1","max-image-preview":"max-image-preview:large","max-video-preview":"max-video-preview:-1"},"canonical":"https:\/\/interamerica.org\/fr\/2015\/07\/ce-qui-a-change-dans-les-croyances-fondamentales\/","og_locale":"fr_FR","og_type":"article","og_title":"Ce qui a chang\u00e9 dans les croyances fondamentales - \u00c9glise Adventiste Du Septieme Jour - Inter Am\u00e9rique Division","og_description":"L\u2019Eglise Adventiste du Septi\u00e8me Jour r\u00e9vise rarement ses Croyances Fondamentales. Alors pourquoi maintenant ? Il y a au moins six raisons qui font qu\u2019une d\u00e9nomination puisse consid\u00e9rer une r\u00e9vision de ses d\u00e9clarations de croyance. Elle peut souhaiter :","og_url":"https:\/\/interamerica.org\/fr\/2015\/07\/ce-qui-a-change-dans-les-croyances-fondamentales\/","og_site_name":"\u00c9glise Adventiste Du Septieme Jour - Inter Am\u00e9rique Division","article_published_time":"2015-07-08T04:00:00+00:00","og_image":[{"width":1000,"height":500,"url":"https:\/\/interamerica.org\/wp-content\/uploads\/2017\/06\/fundamental-shaffer.jpg","type":"image\/jpeg"}],"author":"Lorenzo Verduzco","twitter_card":"summary_large_image","twitter_misc":{"\u00c9crit par":"Lorenzo Verduzco","Dur\u00e9e de lecture estim\u00e9e":"5 minutes"},"schema":{"@context":"https:\/\/schema.org","@graph":[{"@type":"Article","@id":"https:\/\/interamerica.org\/fr\/2015\/07\/ce-qui-a-change-dans-les-croyances-fondamentales\/#article","isPartOf":{"@id":"https:\/\/interamerica.org\/fr\/2015\/07\/ce-qui-a-change-dans-les-croyances-fondamentales\/"},"author":{"name":"Lorenzo Verduzco","@id":"https:\/\/interamerica.org\/fr\/#\/schema\/person\/68ede8bdc292885bb76c1e3810e73c39"},"headline":"Ce qui a chang\u00e9 dans les croyances fondamentales","datePublished":"2015-07-08T04:00:00+00:00","mainEntityOfPage":{"@id":"https:\/\/interamerica.org\/fr\/2015\/07\/ce-qui-a-change-dans-les-croyances-fondamentales\/"},"wordCount":1078,"image":{"@id":"https:\/\/interamerica.org\/fr\/2015\/07\/ce-qui-a-change-dans-les-croyances-fondamentales\/#primaryimage"},"thumbnailUrl":"https:\/\/interamerica.org\/wp-content\/uploads\/2017\/06\/fundamental-shaffer.jpg","articleSection":["Nouvelles de l'\u00c9glise mondiale","RSS Fran\u00e7ais"],"inLanguage":"fr-FR"},{"@type":"WebPage","@id":"https:\/\/interamerica.org\/fr\/2015\/07\/ce-qui-a-change-dans-les-croyances-fondamentales\/","url":"https:\/\/interamerica.org\/fr\/2015\/07\/ce-qui-a-change-dans-les-croyances-fondamentales\/","name":"Ce qui a chang\u00e9 dans les croyances fondamentales - \u00c9glise Adventiste Du Septieme Jour - Inter Am\u00e9rique Division","isPartOf":{"@id":"https:\/\/interamerica.org\/fr\/#website"},"primaryImageOfPage":{"@id":"https:\/\/interamerica.org\/fr\/2015\/07\/ce-qui-a-change-dans-les-croyances-fondamentales\/#primaryimage"},"image":{"@id":"https:\/\/interamerica.org\/fr\/2015\/07\/ce-qui-a-change-dans-les-croyances-fondamentales\/#primaryimage"},"thumbnailUrl":"https:\/\/interamerica.org\/wp-content\/uploads\/2017\/06\/fundamental-shaffer.jpg","datePublished":"2015-07-08T04:00:00+00:00","author":{"@id":"https:\/\/interamerica.org\/fr\/#\/schema\/person\/68ede8bdc292885bb76c1e3810e73c39"},"breadcrumb":{"@id":"https:\/\/interamerica.org\/fr\/2015\/07\/ce-qui-a-change-dans-les-croyances-fondamentales\/#breadcrumb"},"inLanguage":"fr-FR","potentialAction":[{"@type":"ReadAction","target":["https:\/\/interamerica.org\/fr\/2015\/07\/ce-qui-a-change-dans-les-croyances-fondamentales\/"]}]},{"@type":"ImageObject","inLanguage":"fr-FR","@id":"https:\/\/interamerica.org\/fr\/2015\/07\/ce-qui-a-change-dans-les-croyances-fondamentales\/#primaryimage","url":"https:\/\/interamerica.org\/wp-content\/uploads\/2017\/06\/fundamental-shaffer.jpg","contentUrl":"https:\/\/interamerica.org\/wp-content\/uploads\/2017\/06\/fundamental-shaffer.jpg","width":1000,"height":500},{"@type":"BreadcrumbList","@id":"https:\/\/interamerica.org\/fr\/2015\/07\/ce-qui-a-change-dans-les-croyances-fondamentales\/#breadcrumb","itemListElement":[{"@type":"ListItem","position":1,"name":"Home","item":"https:\/\/interamerica.org\/fr\/"},{"@type":"ListItem","position":2,"name":"Ce qui a chang\u00e9 dans les croyances fondamentales"}]},{"@type":"WebSite","@id":"https:\/\/interamerica.org\/fr\/#website","url":"https:\/\/interamerica.org\/fr\/","name":"\u00c9glise Adventiste Du Septieme Jour - Inter Am\u00e9rique Division","description":"","potentialAction":[{"@type":"SearchAction","target":{"@type":"EntryPoint","urlTemplate":"https:\/\/interamerica.org\/fr\/?s={search_term_string}"},"query-input":{"@type":"PropertyValueSpecification","valueRequired":true,"valueName":"search_term_string"}}],"inLanguage":"fr-FR"},{"@type":"Person","@id":"https:\/\/interamerica.org\/fr\/#\/schema\/person\/68ede8bdc292885bb76c1e3810e73c39","name":"Lorenzo Verduzco","image":{"@type":"ImageObject","inLanguage":"fr-FR","@id":"https:\/\/secure.gravatar.com\/avatar\/fb81a55b6218459490a9c1dc841a34909185b81904c5337b4b27f7a6fd60c49e?s=96&d=mm&r=g","url":"https:\/\/secure.gravatar.com\/avatar\/fb81a55b6218459490a9c1dc841a34909185b81904c5337b4b27f7a6fd60c49e?s=96&d=mm&r=g","contentUrl":"https:\/\/secure.gravatar.com\/avatar\/fb81a55b6218459490a9c1dc841a34909185b81904c5337b4b27f7a6fd60c49e?s=96&d=mm&r=g","caption":"Lorenzo Verduzco"}}]}},"_links":{"self":[{"href":"https:\/\/interamerica.org\/fr\/wp-json\/wp\/v2\/posts\/32323","targetHints":{"allow":["GET"]}}],"collection":[{"href":"https:\/\/interamerica.org\/fr\/wp-json\/wp\/v2\/posts"}],"about":[{"href":"https:\/\/interamerica.org\/fr\/wp-json\/wp\/v2\/types\/post"}],"author":[{"embeddable":true,"href":"https:\/\/interamerica.org\/fr\/wp-json\/wp\/v2\/users\/1"}],"replies":[{"embeddable":true,"href":"https:\/\/interamerica.org\/fr\/wp-json\/wp\/v2\/comments?post=32323"}],"version-history":[{"count":0,"href":"https:\/\/interamerica.org\/fr\/wp-json\/wp\/v2\/posts\/32323\/revisions"}],"wp:featuredmedia":[{"embeddable":true,"href":"https:\/\/interamerica.org\/fr\/wp-json\/wp\/v2\/media\/25752"}],"wp:attachment":[{"href":"https:\/\/interamerica.org\/fr\/wp-json\/wp\/v2\/media?parent=32323"}],"wp:term":[{"taxonomy":"category","embeddable":true,"href":"https:\/\/interamerica.org\/fr\/wp-json\/wp\/v2\/categories?post=32323"},{"taxonomy":"post_tag","embeddable":true,"href":"https:\/\/interamerica.org\/fr\/wp-json\/wp\/v2\/tags?post=32323"}],"curies":[{"name":"wp","href":"https:\/\/api.w.org\/{rel}","templated":true}]}}