{"id":32325,"date":"2015-07-09T00:00:00","date_gmt":"2015-07-09T04:00:00","guid":{"rendered":"http:\/\/192.81.217.108\/interamerica\/2015\/07\/les-delegues-votent-non-sur-la-question-de-la-consecration-des-femmes\/"},"modified":"2015-07-09T00:00:00","modified_gmt":"2015-07-09T04:00:00","slug":"les-delegues-votent-non-sur-la-question-de-la-consecration-des-femmes","status":"publish","type":"post","link":"https:\/\/interamerica.org\/fr\/2015\/07\/les-delegues-votent-non-sur-la-question-de-la-consecration-des-femmes\/","title":{"rendered":"Les d\u00e9l\u00e9gu\u00e9s votent \u00ab non \u00bb sur la question de la cons\u00e9cration des femmes"},"content":{"rendered":"<div id=\"attachment_17853\" style=\"width: 710px\" class=\"wp-caption aligncenter\"><a href=\"\/interamerica\/wp-content\/uploads\/2017\/06\/VotingGeneric.jpg\" rel=\"fancybox\" title=\"Les d\u00e9l\u00e9gu\u00e9s votent \u00ab non \u00bb sur la question de la cons\u00e9cration des femmes\"><img fetchpriority=\"high\" decoding=\"async\" aria-describedby=\"caption-attachment-17853\" class=\" wp-image-17853 \" src=\"\/interamerica\/wp-content\/uploads\/2017\/06\/VotingGeneric.jpg\" alt=\"\" width=\"700\" height=\"350\" \/><\/a><p id=\"caption-attachment-17853\" class=\"wp-caption-text\">Image de Dominik Zeh<\/p><\/div>\n<p>Publi\u00e9 le 8 Juillet 2015 \u2013 San Antonio, Texas, Etats Unis \u2013 Andrew McChesney et Marcos Paseggi, Adventist Review\/ANN<\/p>\n<p>Les d\u00e9l\u00e9gu\u00e9s ont rejet\u00e9 une proposition qui aurait permis \u00e0 chaque division de l\u2019Eglise Adventiste du Septi\u00e8me Jour de d\u00e9cider pour elle m\u00eame de l\u2019opportunit\u00e9 de consacrer les femmes au minist\u00e8re pastoral dans son territoire.<\/p>\n<p>Avec 1381 voix contre 977 et cinq abstentions, les d\u00e9l\u00e9gu\u00e9s ont mis un terme, avec un vote \u00e0 bulletin secret, \u00e0 un processus de cinq ans caract\u00e9ris\u00e9 par des d\u00e9bats vigoureux et parfois hargneux.<\/p>\n<p>Le pr\u00e9sident de la Conf\u00e9rence G\u00e9n\u00e9rale, Ted N.C. Wilson, a invit\u00e9 les membres d\u2019\u00e9glise \u00e0 s\u2019unir dans la mission de l\u2019\u00e9glise apr\u00e8s le vote pris \u00e0 la Session 2015 de la Conf\u00e9rence G\u00e9n\u00e9rale.<\/p>\n<p>\u00ab C\u2019est le moment de s\u2019unir sous la banni\u00e8re ensanglant\u00e9e de J\u00e9sus Christ et Sa puissance, pas notre puissance, \u00bb a dit Ted Wilson apr\u00e8s que les bulletins aient \u00e9t\u00e9 compt\u00e9s sur les tables \u00e0 l\u2019avant du stade de l\u2019Alamodome. \u00ab C\u2019est maintenant le moment de nous unir dans notre mission en tant qu\u2019\u00e9glise du Christ. \u00bb<\/p>\n<div id=\"attachment_17854\" style=\"width: 410px\" class=\"wp-caption alignright\"><a href=\"\/interamerica\/wp-content\/uploads\/2017\/06\/OrdinationGroup.jpg\" rel=\"fancybox\" title=\"Les d\u00e9l\u00e9gu\u00e9s votent \u00ab non \u00bb sur la question de la cons\u00e9cration des femmes\"><img decoding=\"async\" aria-describedby=\"caption-attachment-17854\" class=\"size-full wp-image-17854\" src=\"\/interamerica\/wp-content\/uploads\/2017\/06\/OrdinationGroup.jpg\" alt=\"\" width=\"400\" height=\"267\" \/><\/a><p id=\"caption-attachment-17854\" class=\"wp-caption-text\">Pendant que les d\u00e9l\u00e9gu\u00e9s discutaient \u00e0 propos de la cons\u00e9cration des femmes, les membres d\u2019\u00e9glise interc\u00e9daient dans la salle de pri\u00e8re. Dominik Zeh, AR\/ANN<\/p><\/div>\n<p>Il a remerci\u00e9 les d\u00e9l\u00e9gu\u00e9s pour \u00ab l\u2019attention et l\u2019esprit de pri\u00e8re dont ils ont fait preuve dans leur attitude et dans la mani\u00e8re avec laquelle ils ont trait\u00e9 la question \u00bb au cours des six heures de discussion.<\/p>\n<p>Un syst\u00e8me de vote \u00e0 bulletin secret a \u00e9t\u00e9 utilis\u00e9 et les responsables de la Conf\u00e9rence G\u00e9n\u00e9rale ont indiqu\u00e9 que c\u2019\u00e9tait le processus de vote le plus s\u00fbr et le plus juste qu\u2019il \u00e9tait possible de proposer.<\/p>\n<p>\u00ab Nous avons essay\u00e9 d&rsquo;\u00eatre transparents, honn\u00eates et pr\u00e9venants et d&rsquo;assurer du mieux que nous pouvons la confidentialit\u00e9 du vote, \u00bb a d\u00e9clar\u00e9 Nancy Lamoreaux, directrice des Services d\u2019Information pour la Conf\u00e9rence G\u00e9n\u00e9rale et organisatrice de la partie logistique du vote de mercredi.<\/p>\n<p>Les bulletins \u00e9taient imprim\u00e9s sur un papier sp\u00e9cial, de la dimension d\u2019une demi page du format lettre et divis\u00e9e en deux. Une moiti\u00e9 contenait le mot \u00ab Oui \u00bb imprim\u00e9 en cinq langues, et l\u2019autre moiti\u00e9 le mot \u00ab Non \u00bb, \u00e9galement imprim\u00e9 en cinq langues. Les langues sont l\u2019anglais, l\u2019espagnol, le fran\u00e7ais, l\u2019allemand et le portugais.<\/p>\n<p>Le syst\u00e8me de vote par bulletin secret a \u00e9t\u00e9 pr\u00e9par\u00e9 bien avant la tenue de la Session de la Conf\u00e9rence G\u00e9n\u00e9rale comme syst\u00e8me de secours au cas o\u00f9 le syst\u00e8me de vote \u00e9lectronique ne fonctionnerait pas, a indiqu\u00e9 le sous-secr\u00e9taire Myron Iseminger dont le service supervise le vote lors des sessions de la Conf\u00e9rence G\u00e9n\u00e9rale. Le syst\u00e8me de vote \u00e9lectronique qui a fait ses d\u00e9buts \u00e0 la Session de la Conf\u00e9rence G\u00e9n\u00e9rale, s\u2019est av\u00e9r\u00e9 probl\u00e9matique, et les d\u00e9l\u00e9gu\u00e9s ont pris la d\u00e9cision par vote dimanche apr\u00e8s midi de ne plus l\u2019utiliser.<\/p>\n<p>\u00ab Depuis le d\u00e9but, nous avions un plan de secours au cas o\u00f9 le vote \u00e9lectronique ne fonctionnerait pas, \u00bb a dit Myron Iseminger.<\/p>\n<p>Pasteur Wilson qui a ouvert la session du matin avec un appel invitant tous les membres d\u2019\u00e9glise \u00e0 accepter l\u2019issue du vote, a soulign\u00e9 \u00e0 ce moment l\u00e0 et aussi apr\u00e8s le vote que les d\u00e9cisions prises par la Conf\u00e9rence G\u00e9n\u00e9rale en session rev\u00eatent la plus haute autorit\u00e9 dans l\u2019Eglise Adventiste.<\/p>\n<p>Les discussions qui ont dur\u00e9 toute la journ\u00e9e, depuis 9h30, avec une pause d\u00e9jeuner de deux heures \u00e0 midi, ont \u00e9t\u00e9 interrompues pr\u00e8s d\u2019une douzaine de fois pour la pri\u00e8re. Les participants ont fait des pri\u00e8res silencieuses, des pri\u00e8res deux \u00e0 deux, et des pri\u00e8res en groupe. De nombreuses autres personnes assistant \u00e0 la Session ont rempli des salles de pri\u00e8re sp\u00e9ciales mises en place par le d\u00e9partement de l\u2019Association Pastorale et celui du Minist\u00e8re de la Femme de la Conf\u00e9rence G\u00e9n\u00e9rale.<\/p>\n<p>Ted Wilson et Michael L. Ryan, un vice-pr\u00e9sident de la Conf\u00e9rence G\u00e9n\u00e9rale partant \u00e0 la retraite et pr\u00e9sident de s\u00e9ance lors des discussions de mercredi, se sont r\u00e9jouis du \u00ab doux esprit \u00bb qui \u00e9tait pr\u00e9sent pendant le d\u00e9roulement de la rencontre.<\/p>\n<div id=\"attachment_17855\" style=\"width: 330px\" class=\"wp-caption alignleft\"><a href=\"\/interamerica\/wp-content\/uploads\/2017\/06\/OrdinationChart.png\" rel=\"fancybox\" title=\"Les d\u00e9l\u00e9gu\u00e9s votent \u00ab non \u00bb sur la question de la cons\u00e9cration des femmes\"><img decoding=\"async\" aria-describedby=\"caption-attachment-17855\" class=\" wp-image-17855 \" src=\"\/interamerica\/wp-content\/uploads\/2017\/06\/OrdinationChart.png\" alt=\"\" width=\"320\" height=\"430\" \/><\/a><p id=\"caption-attachment-17855\" class=\"wp-caption-text\">Image d&rsquo;Adventist Review<\/p><\/div>\n<p>Michael Ryan s\u2019est assur\u00e9 que le protocole qui convenait pour la rencontre soit suivi, r\u00e9primandant \u00e0 plusieurs reprises les d\u00e9l\u00e9gu\u00e9s qui applaudissaient pendant les discussions. Les d\u00e9l\u00e9gu\u00e9s avaient accept\u00e9 un peu plus t\u00f4t de ne pas applaudir dans un effort visant \u00e0 contr\u00f4ler ses \u00e9motions.<\/p>\n<p>Michael Ryan, qui a annonc\u00e9 les r\u00e9sultats d\u00e9finitifs du vote, a vivement r\u00e9primand\u00e9 un groupe de participants pr\u00e9sents dans l\u2019Alamodome qui se sont mis \u00e0 applaudir \u00e0 l\u2019annonce des r\u00e9sultats.<\/p>\n<p>\u00ab Il n\u2019y a rien de triomphal dans cela, \u00bb a t-il dit. \u00ab Il n\u2019y a pas de gagnants ou de perdants. \u00bb<\/p>\n<p>Erton K\u00f6hler, pr\u00e9sident de la Division Sud Am\u00e9ricaine, s\u2019est fait l\u2019\u00e9cho de la pens\u00e9e de Michael Ryan selon laquelle il ne s\u2019agissait pas d\u2019une bataille politique.<\/p>\n<p>\u00ab Ce que j\u2019attends de l\u2019\u00e9glise ce n\u2019est pas qu\u2019il y ait des gagnants ou des perdants, mais que chacun consid\u00e8re la d\u00e9cision comme \u00e9tant celle de Dieu et se l\u2019approprie, \u00bb a t-il dit \u00e0 Adventist Review. \u00ab Que chacun puisse avoir l\u2019humilit\u00e9 de reconna\u00eetre que Dieu peut manifester Sa volont\u00e9 d\u2019une fa\u00e7on qui soit diff\u00e9rente de son opinion personnelle. \u00bb<\/p>\n<p>Jerry page, directeur de l\u2019Association Pastorale, a \u00e9galement parl\u00e9 d\u2019humilit\u00e9. \u00ab Si nous passons du temps dans la pri\u00e8re, dans l\u2019humble confession, dans la repentance, dans le service aux autres, nous pouvons avancer au lieu de tourner en rond et de reculer \u00e0 cause des conflits, \u00bb a t-il dit.<\/p>\n<p>Lisa Beardsley-Hardy, directrice du d\u00e9partement de l\u2019\u00e9ducation, a d\u00e9clar\u00e9 qu\u2019elle esp\u00e8re que les d\u00e9l\u00e9gu\u00e9s feront preuve de respect les uns envers les autres.<\/p>\n<p>\u00ab Ce que j\u2019esp\u00e8re et ce que je souhaite, c\u2019est que l\u2019on fasse preuve de tol\u00e9rance envers nos fr\u00e8res et s\u0153urs qui font face \u00e0 des d\u00e9fis dans le minist\u00e8re qui sont diff\u00e9rents de ceux que nous confrontons \u00e0 travers le monde, \u00bb a t-elle dit. \u00ab La tol\u00e9rance est une gr\u00e2ce qui ne peut venir que de Dieu, pas pour nous prendre en otage les uns les autres ou abandonner le corps lorsque quelque chose nous offense. \u00bb<\/p>\n<p>Un total de 2363 bulletins ont \u00e9t\u00e9 comptabilis\u00e9s pour ce vote portant sur une proposition pr\u00e9par\u00e9e par les responsables de la Conf\u00e9rence G\u00e9n\u00e9rale et les pr\u00e9sidents de division, et approuv\u00e9e lors du Concile Annuel de 2014, une rencontre administrative des leaders mondiaux de l\u2019\u00e9glise. Le texte int\u00e9gral de la proposition \u00e9tait le suivant : \u00ab Apr\u00e8s que vous ayez \u00e9tudi\u00e9, dans un esprit de pri\u00e8re, la question de la cons\u00e9cration \u00e0 partir de la Bible, des \u00e9crits d\u2019Ellen G. White, et des rapports des commissions d\u2019\u00e9tude, et apr\u00e8s avoir consid\u00e9r\u00e9 attentivement ce qui est meilleur pour l\u2019\u00e9glise et la r\u00e9alisation de sa mission, est-il acceptable pour les comit\u00e9s ex\u00e9cutifs des divisions, selon qu\u2019ils le consid\u00e8rent comme appropri\u00e9 dans leurs territoires, de prendre des dispositions pour la cons\u00e9cration des femmes au minist\u00e8re pastoral ? Oui ou Non. \u00bb<\/p>\n<p>Un total de 40 d\u00e9l\u00e9gu\u00e9s \u2013 20 ayant soutenu et 20 s\u2019\u00e9tant oppos\u00e9 \u00e0 la proposition \u2013 sont venus au micro pour exprimer leur position sur la proposition. La discussion a \u00e9t\u00e9 interrompue 35 fois par les d\u00e9l\u00e9gu\u00e9s qui souhaitaient pr\u00e9senter des \u00ab points d\u2019ordre, \u00bb c\u2019est \u00e0 dire des objections quant \u00e0 la mani\u00e8re dont certains aspects de la proc\u00e9dure se d\u00e9roulaient.<\/p>\n<p>Au milieu de la s\u00e9ance de l\u2019apr\u00e8s midi, Paul Ryan a invit\u00e9 Jan Paulsen, un ancien pr\u00e9sident de la Conf\u00e9rence G\u00e9n\u00e9rale \u00e0 faire une d\u00e9claration.<\/p>\n<p>Jan Paulsen a instamment invit\u00e9 les d\u00e9l\u00e9gu\u00e9s \u00e0 voter \u00ab oui, \u00bb disant que c\u2019\u00e9tait l\u00e0 une question de confiance. Il a d\u00e9clar\u00e9 que les membres d\u2019\u00e9glise devaient avoir confiance dans le fait que leurs fr\u00e8res et s\u0153urs des autres divisions savaient mieux que quiconque ce dont avaient besoin leurs \u00e9glises locales.<\/p>\n<p>Michael Ryan a \u00e9galement invit\u00e9 Ted Wilson \u00e0 faire une d\u00e9claration. Pasteur Wilson n\u2019a recommand\u00e9 ni de voter \u00ab oui \u00bb ni de voter \u00ab non, \u00bb disant simplement que \u00ab Mes positions sont plut\u00f4t bien connues et je crois qu\u2019elles sont bibliquement fond\u00e9es. \u00bb<\/p>\n<p>La s\u00e9ance de mercredi a d\u00e9but\u00e9 avec un accord pris au niveau des d\u00e9l\u00e9gu\u00e9s d\u2019arr\u00eater les discussions \u00e0 16h30 afin de d\u00e9buter la proc\u00e9dure de vote. Alors que le moment s\u2019approchait, plusieurs d\u00e9l\u00e9gu\u00e9s ont demand\u00e9 instamment \u00e0 Michael Ryan de prolonger le moment de discussion, mais Michael Ryan a d\u00e9clar\u00e9 que ces requ\u00eates \u00e9taient irrecevables.<\/p>\n<p>Le secr\u00e9taire ex\u00e9cutif de la Conf\u00e9rence G\u00e9n\u00e9rale, G.T. Ng, a indiqu\u00e9 au cours des discussions de mercredi que la Conf\u00e9rence G\u00e9n\u00e9rale esp\u00e8re que toutes les entit\u00e9s de l\u2019\u00e9glise se conforment enti\u00e8rement \u00e0 cette d\u00e9cision.<\/p>\n<p>\u00ab Nous formons une seule \u00e9glise, \u00bb a dit G.T. Ng.<\/p>\n<p>Traduction: Patrick Luciathe<\/p>\n","protected":false},"excerpt":{"rendered":"<p>Les d\u00e9l\u00e9gu\u00e9s ont rejet\u00e9 une proposition qui aurait permis \u00e0 chaque division de l\u2019Eglise Adventiste du Septi\u00e8me Jour de d\u00e9cider pour elle m\u00eame de l\u2019opportunit\u00e9 de consacrer les femmes au minist\u00e8re pastoral dans son territoire.  <\/p>\n<p>Avec 1381 voix contre 977 et cinq abstentions, les d\u00e9l\u00e9gu\u00e9s ont mis un terme, avec un vote \u00e0 bulletin secret, \u00e0 un processus de cinq ans caract\u00e9ris\u00e9 par des d\u00e9bats vigoureux et parfois hargneux.<\/p>\n","protected":false},"author":1,"featured_media":25770,"comment_status":"closed","ping_status":"closed","sticky":false,"template":"","format":"standard","meta":{"_acf_changed":false,"footnotes":""},"categories":[18,19],"tags":[],"class_list":["post-32325","post","type-post","status-publish","format-standard","has-post-thumbnail","hentry","category-nouvelles-de-leglise-mondiale","category-rss-francais"],"acf":[],"yoast_head":"<!-- This site is optimized with the Yoast SEO plugin v27.3 - https:\/\/yoast.com\/product\/yoast-seo-wordpress\/ -->\n<title>Les d\u00e9l\u00e9gu\u00e9s votent \u00ab non \u00bb sur la question de la cons\u00e9cration des femmes - \u00c9glise Adventiste Du Septieme Jour - Inter Am\u00e9rique Division<\/title>\n<meta name=\"robots\" content=\"index, follow, max-snippet:-1, max-image-preview:large, max-video-preview:-1\" \/>\n<link rel=\"canonical\" href=\"https:\/\/interamerica.org\/fr\/2015\/07\/les-delegues-votent-non-sur-la-question-de-la-consecration-des-femmes\/\" \/>\n<meta property=\"og:locale\" content=\"fr_FR\" \/>\n<meta property=\"og:type\" content=\"article\" \/>\n<meta property=\"og:title\" content=\"Les d\u00e9l\u00e9gu\u00e9s votent \u00ab non \u00bb sur la question de la cons\u00e9cration des femmes - \u00c9glise Adventiste Du Septieme Jour - Inter Am\u00e9rique Division\" \/>\n<meta property=\"og:description\" content=\"Les d\u00e9l\u00e9gu\u00e9s ont rejet\u00e9 une proposition qui aurait permis \u00e0 chaque division de l\u2019Eglise Adventiste du Septi\u00e8me Jour de d\u00e9cider pour elle m\u00eame de l\u2019opportunit\u00e9 de consacrer les femmes au minist\u00e8re pastoral dans son territoire.  Avec 1381 voix contre 977 et cinq abstentions, les d\u00e9l\u00e9gu\u00e9s ont mis un terme, avec un vote \u00e0 bulletin secret, \u00e0 un processus de cinq ans caract\u00e9ris\u00e9 par des d\u00e9bats vigoureux et parfois hargneux.\" \/>\n<meta property=\"og:url\" content=\"https:\/\/interamerica.org\/fr\/2015\/07\/les-delegues-votent-non-sur-la-question-de-la-consecration-des-femmes\/\" \/>\n<meta property=\"og:site_name\" content=\"\u00c9glise Adventiste Du Septieme Jour - Inter Am\u00e9rique Division\" \/>\n<meta property=\"article:published_time\" content=\"2015-07-09T04:00:00+00:00\" \/>\n<meta property=\"og:image\" content=\"https:\/\/interamerica.org\/wp-content\/uploads\/2017\/06\/VotingGeneric.jpg\" \/>\n\t<meta property=\"og:image:width\" content=\"1000\" \/>\n\t<meta property=\"og:image:height\" content=\"500\" \/>\n\t<meta property=\"og:image:type\" content=\"image\/jpeg\" \/>\n<meta name=\"author\" content=\"Lorenzo Verduzco\" \/>\n<meta name=\"twitter:card\" content=\"summary_large_image\" \/>\n<meta name=\"twitter:label1\" content=\"\u00c9crit par\" \/>\n\t<meta name=\"twitter:data1\" content=\"Lorenzo Verduzco\" \/>\n\t<meta name=\"twitter:label2\" content=\"Dur\u00e9e de lecture estim\u00e9e\" \/>\n\t<meta name=\"twitter:data2\" content=\"8 minutes\" \/>\n<script type=\"application\/ld+json\" class=\"yoast-schema-graph\">{\"@context\":\"https:\\\/\\\/schema.org\",\"@graph\":[{\"@type\":\"Article\",\"@id\":\"https:\\\/\\\/interamerica.org\\\/fr\\\/2015\\\/07\\\/les-delegues-votent-non-sur-la-question-de-la-consecration-des-femmes\\\/#article\",\"isPartOf\":{\"@id\":\"https:\\\/\\\/interamerica.org\\\/fr\\\/2015\\\/07\\\/les-delegues-votent-non-sur-la-question-de-la-consecration-des-femmes\\\/\"},\"author\":{\"name\":\"Lorenzo Verduzco\",\"@id\":\"https:\\\/\\\/interamerica.org\\\/fr\\\/#\\\/schema\\\/person\\\/68ede8bdc292885bb76c1e3810e73c39\"},\"headline\":\"Les d\u00e9l\u00e9gu\u00e9s votent \u00ab non \u00bb sur la question de la cons\u00e9cration des femmes\",\"datePublished\":\"2015-07-09T04:00:00+00:00\",\"mainEntityOfPage\":{\"@id\":\"https:\\\/\\\/interamerica.org\\\/fr\\\/2015\\\/07\\\/les-delegues-votent-non-sur-la-question-de-la-consecration-des-femmes\\\/\"},\"wordCount\":1673,\"image\":{\"@id\":\"https:\\\/\\\/interamerica.org\\\/fr\\\/2015\\\/07\\\/les-delegues-votent-non-sur-la-question-de-la-consecration-des-femmes\\\/#primaryimage\"},\"thumbnailUrl\":\"https:\\\/\\\/interamerica.org\\\/wp-content\\\/uploads\\\/2017\\\/06\\\/VotingGeneric.jpg\",\"articleSection\":[\"Nouvelles de l'\u00c9glise mondiale\",\"RSS Fran\u00e7ais\"],\"inLanguage\":\"fr-FR\"},{\"@type\":\"WebPage\",\"@id\":\"https:\\\/\\\/interamerica.org\\\/fr\\\/2015\\\/07\\\/les-delegues-votent-non-sur-la-question-de-la-consecration-des-femmes\\\/\",\"url\":\"https:\\\/\\\/interamerica.org\\\/fr\\\/2015\\\/07\\\/les-delegues-votent-non-sur-la-question-de-la-consecration-des-femmes\\\/\",\"name\":\"Les d\u00e9l\u00e9gu\u00e9s votent \u00ab non \u00bb sur la question de la cons\u00e9cration des femmes - \u00c9glise Adventiste Du Septieme Jour - Inter Am\u00e9rique Division\",\"isPartOf\":{\"@id\":\"https:\\\/\\\/interamerica.org\\\/fr\\\/#website\"},\"primaryImageOfPage\":{\"@id\":\"https:\\\/\\\/interamerica.org\\\/fr\\\/2015\\\/07\\\/les-delegues-votent-non-sur-la-question-de-la-consecration-des-femmes\\\/#primaryimage\"},\"image\":{\"@id\":\"https:\\\/\\\/interamerica.org\\\/fr\\\/2015\\\/07\\\/les-delegues-votent-non-sur-la-question-de-la-consecration-des-femmes\\\/#primaryimage\"},\"thumbnailUrl\":\"https:\\\/\\\/interamerica.org\\\/wp-content\\\/uploads\\\/2017\\\/06\\\/VotingGeneric.jpg\",\"datePublished\":\"2015-07-09T04:00:00+00:00\",\"author\":{\"@id\":\"https:\\\/\\\/interamerica.org\\\/fr\\\/#\\\/schema\\\/person\\\/68ede8bdc292885bb76c1e3810e73c39\"},\"breadcrumb\":{\"@id\":\"https:\\\/\\\/interamerica.org\\\/fr\\\/2015\\\/07\\\/les-delegues-votent-non-sur-la-question-de-la-consecration-des-femmes\\\/#breadcrumb\"},\"inLanguage\":\"fr-FR\",\"potentialAction\":[{\"@type\":\"ReadAction\",\"target\":[\"https:\\\/\\\/interamerica.org\\\/fr\\\/2015\\\/07\\\/les-delegues-votent-non-sur-la-question-de-la-consecration-des-femmes\\\/\"]}]},{\"@type\":\"ImageObject\",\"inLanguage\":\"fr-FR\",\"@id\":\"https:\\\/\\\/interamerica.org\\\/fr\\\/2015\\\/07\\\/les-delegues-votent-non-sur-la-question-de-la-consecration-des-femmes\\\/#primaryimage\",\"url\":\"https:\\\/\\\/interamerica.org\\\/wp-content\\\/uploads\\\/2017\\\/06\\\/VotingGeneric.jpg\",\"contentUrl\":\"https:\\\/\\\/interamerica.org\\\/wp-content\\\/uploads\\\/2017\\\/06\\\/VotingGeneric.jpg\",\"width\":1000,\"height\":500},{\"@type\":\"BreadcrumbList\",\"@id\":\"https:\\\/\\\/interamerica.org\\\/fr\\\/2015\\\/07\\\/les-delegues-votent-non-sur-la-question-de-la-consecration-des-femmes\\\/#breadcrumb\",\"itemListElement\":[{\"@type\":\"ListItem\",\"position\":1,\"name\":\"Home\",\"item\":\"https:\\\/\\\/interamerica.org\\\/fr\\\/\"},{\"@type\":\"ListItem\",\"position\":2,\"name\":\"Les d\u00e9l\u00e9gu\u00e9s votent \u00ab non \u00bb sur la question de la cons\u00e9cration des femmes\"}]},{\"@type\":\"WebSite\",\"@id\":\"https:\\\/\\\/interamerica.org\\\/fr\\\/#website\",\"url\":\"https:\\\/\\\/interamerica.org\\\/fr\\\/\",\"name\":\"\u00c9glise Adventiste Du Septieme Jour - Inter Am\u00e9rique Division\",\"description\":\"\",\"potentialAction\":[{\"@type\":\"SearchAction\",\"target\":{\"@type\":\"EntryPoint\",\"urlTemplate\":\"https:\\\/\\\/interamerica.org\\\/fr\\\/?s={search_term_string}\"},\"query-input\":{\"@type\":\"PropertyValueSpecification\",\"valueRequired\":true,\"valueName\":\"search_term_string\"}}],\"inLanguage\":\"fr-FR\"},{\"@type\":\"Person\",\"@id\":\"https:\\\/\\\/interamerica.org\\\/fr\\\/#\\\/schema\\\/person\\\/68ede8bdc292885bb76c1e3810e73c39\",\"name\":\"Lorenzo Verduzco\",\"image\":{\"@type\":\"ImageObject\",\"inLanguage\":\"fr-FR\",\"@id\":\"https:\\\/\\\/secure.gravatar.com\\\/avatar\\\/fb81a55b6218459490a9c1dc841a34909185b81904c5337b4b27f7a6fd60c49e?s=96&d=mm&r=g\",\"url\":\"https:\\\/\\\/secure.gravatar.com\\\/avatar\\\/fb81a55b6218459490a9c1dc841a34909185b81904c5337b4b27f7a6fd60c49e?s=96&d=mm&r=g\",\"contentUrl\":\"https:\\\/\\\/secure.gravatar.com\\\/avatar\\\/fb81a55b6218459490a9c1dc841a34909185b81904c5337b4b27f7a6fd60c49e?s=96&d=mm&r=g\",\"caption\":\"Lorenzo Verduzco\"}}]}<\/script>\n<!-- \/ Yoast SEO plugin. -->","yoast_head_json":{"title":"Les d\u00e9l\u00e9gu\u00e9s votent \u00ab non \u00bb sur la question de la cons\u00e9cration des femmes - \u00c9glise Adventiste Du Septieme Jour - Inter Am\u00e9rique Division","robots":{"index":"index","follow":"follow","max-snippet":"max-snippet:-1","max-image-preview":"max-image-preview:large","max-video-preview":"max-video-preview:-1"},"canonical":"https:\/\/interamerica.org\/fr\/2015\/07\/les-delegues-votent-non-sur-la-question-de-la-consecration-des-femmes\/","og_locale":"fr_FR","og_type":"article","og_title":"Les d\u00e9l\u00e9gu\u00e9s votent \u00ab non \u00bb sur la question de la cons\u00e9cration des femmes - \u00c9glise Adventiste Du Septieme Jour - Inter Am\u00e9rique Division","og_description":"Les d\u00e9l\u00e9gu\u00e9s ont rejet\u00e9 une proposition qui aurait permis \u00e0 chaque division de l\u2019Eglise Adventiste du Septi\u00e8me Jour de d\u00e9cider pour elle m\u00eame de l\u2019opportunit\u00e9 de consacrer les femmes au minist\u00e8re pastoral dans son territoire.  Avec 1381 voix contre 977 et cinq abstentions, les d\u00e9l\u00e9gu\u00e9s ont mis un terme, avec un vote \u00e0 bulletin secret, \u00e0 un processus de cinq ans caract\u00e9ris\u00e9 par des d\u00e9bats vigoureux et parfois hargneux.","og_url":"https:\/\/interamerica.org\/fr\/2015\/07\/les-delegues-votent-non-sur-la-question-de-la-consecration-des-femmes\/","og_site_name":"\u00c9glise Adventiste Du Septieme Jour - Inter Am\u00e9rique Division","article_published_time":"2015-07-09T04:00:00+00:00","og_image":[{"width":1000,"height":500,"url":"https:\/\/interamerica.org\/wp-content\/uploads\/2017\/06\/VotingGeneric.jpg","type":"image\/jpeg"}],"author":"Lorenzo Verduzco","twitter_card":"summary_large_image","twitter_misc":{"\u00c9crit par":"Lorenzo Verduzco","Dur\u00e9e de lecture estim\u00e9e":"8 minutes"},"schema":{"@context":"https:\/\/schema.org","@graph":[{"@type":"Article","@id":"https:\/\/interamerica.org\/fr\/2015\/07\/les-delegues-votent-non-sur-la-question-de-la-consecration-des-femmes\/#article","isPartOf":{"@id":"https:\/\/interamerica.org\/fr\/2015\/07\/les-delegues-votent-non-sur-la-question-de-la-consecration-des-femmes\/"},"author":{"name":"Lorenzo Verduzco","@id":"https:\/\/interamerica.org\/fr\/#\/schema\/person\/68ede8bdc292885bb76c1e3810e73c39"},"headline":"Les d\u00e9l\u00e9gu\u00e9s votent \u00ab non \u00bb sur la question de la cons\u00e9cration des femmes","datePublished":"2015-07-09T04:00:00+00:00","mainEntityOfPage":{"@id":"https:\/\/interamerica.org\/fr\/2015\/07\/les-delegues-votent-non-sur-la-question-de-la-consecration-des-femmes\/"},"wordCount":1673,"image":{"@id":"https:\/\/interamerica.org\/fr\/2015\/07\/les-delegues-votent-non-sur-la-question-de-la-consecration-des-femmes\/#primaryimage"},"thumbnailUrl":"https:\/\/interamerica.org\/wp-content\/uploads\/2017\/06\/VotingGeneric.jpg","articleSection":["Nouvelles de l'\u00c9glise mondiale","RSS Fran\u00e7ais"],"inLanguage":"fr-FR"},{"@type":"WebPage","@id":"https:\/\/interamerica.org\/fr\/2015\/07\/les-delegues-votent-non-sur-la-question-de-la-consecration-des-femmes\/","url":"https:\/\/interamerica.org\/fr\/2015\/07\/les-delegues-votent-non-sur-la-question-de-la-consecration-des-femmes\/","name":"Les d\u00e9l\u00e9gu\u00e9s votent \u00ab non \u00bb sur la question de la cons\u00e9cration des femmes - \u00c9glise Adventiste Du Septieme Jour - Inter Am\u00e9rique Division","isPartOf":{"@id":"https:\/\/interamerica.org\/fr\/#website"},"primaryImageOfPage":{"@id":"https:\/\/interamerica.org\/fr\/2015\/07\/les-delegues-votent-non-sur-la-question-de-la-consecration-des-femmes\/#primaryimage"},"image":{"@id":"https:\/\/interamerica.org\/fr\/2015\/07\/les-delegues-votent-non-sur-la-question-de-la-consecration-des-femmes\/#primaryimage"},"thumbnailUrl":"https:\/\/interamerica.org\/wp-content\/uploads\/2017\/06\/VotingGeneric.jpg","datePublished":"2015-07-09T04:00:00+00:00","author":{"@id":"https:\/\/interamerica.org\/fr\/#\/schema\/person\/68ede8bdc292885bb76c1e3810e73c39"},"breadcrumb":{"@id":"https:\/\/interamerica.org\/fr\/2015\/07\/les-delegues-votent-non-sur-la-question-de-la-consecration-des-femmes\/#breadcrumb"},"inLanguage":"fr-FR","potentialAction":[{"@type":"ReadAction","target":["https:\/\/interamerica.org\/fr\/2015\/07\/les-delegues-votent-non-sur-la-question-de-la-consecration-des-femmes\/"]}]},{"@type":"ImageObject","inLanguage":"fr-FR","@id":"https:\/\/interamerica.org\/fr\/2015\/07\/les-delegues-votent-non-sur-la-question-de-la-consecration-des-femmes\/#primaryimage","url":"https:\/\/interamerica.org\/wp-content\/uploads\/2017\/06\/VotingGeneric.jpg","contentUrl":"https:\/\/interamerica.org\/wp-content\/uploads\/2017\/06\/VotingGeneric.jpg","width":1000,"height":500},{"@type":"BreadcrumbList","@id":"https:\/\/interamerica.org\/fr\/2015\/07\/les-delegues-votent-non-sur-la-question-de-la-consecration-des-femmes\/#breadcrumb","itemListElement":[{"@type":"ListItem","position":1,"name":"Home","item":"https:\/\/interamerica.org\/fr\/"},{"@type":"ListItem","position":2,"name":"Les d\u00e9l\u00e9gu\u00e9s votent \u00ab non \u00bb sur la question de la cons\u00e9cration des femmes"}]},{"@type":"WebSite","@id":"https:\/\/interamerica.org\/fr\/#website","url":"https:\/\/interamerica.org\/fr\/","name":"\u00c9glise Adventiste Du Septieme Jour - Inter Am\u00e9rique Division","description":"","potentialAction":[{"@type":"SearchAction","target":{"@type":"EntryPoint","urlTemplate":"https:\/\/interamerica.org\/fr\/?s={search_term_string}"},"query-input":{"@type":"PropertyValueSpecification","valueRequired":true,"valueName":"search_term_string"}}],"inLanguage":"fr-FR"},{"@type":"Person","@id":"https:\/\/interamerica.org\/fr\/#\/schema\/person\/68ede8bdc292885bb76c1e3810e73c39","name":"Lorenzo Verduzco","image":{"@type":"ImageObject","inLanguage":"fr-FR","@id":"https:\/\/secure.gravatar.com\/avatar\/fb81a55b6218459490a9c1dc841a34909185b81904c5337b4b27f7a6fd60c49e?s=96&d=mm&r=g","url":"https:\/\/secure.gravatar.com\/avatar\/fb81a55b6218459490a9c1dc841a34909185b81904c5337b4b27f7a6fd60c49e?s=96&d=mm&r=g","contentUrl":"https:\/\/secure.gravatar.com\/avatar\/fb81a55b6218459490a9c1dc841a34909185b81904c5337b4b27f7a6fd60c49e?s=96&d=mm&r=g","caption":"Lorenzo Verduzco"}}]}},"_links":{"self":[{"href":"https:\/\/interamerica.org\/fr\/wp-json\/wp\/v2\/posts\/32325","targetHints":{"allow":["GET"]}}],"collection":[{"href":"https:\/\/interamerica.org\/fr\/wp-json\/wp\/v2\/posts"}],"about":[{"href":"https:\/\/interamerica.org\/fr\/wp-json\/wp\/v2\/types\/post"}],"author":[{"embeddable":true,"href":"https:\/\/interamerica.org\/fr\/wp-json\/wp\/v2\/users\/1"}],"replies":[{"embeddable":true,"href":"https:\/\/interamerica.org\/fr\/wp-json\/wp\/v2\/comments?post=32325"}],"version-history":[{"count":0,"href":"https:\/\/interamerica.org\/fr\/wp-json\/wp\/v2\/posts\/32325\/revisions"}],"wp:featuredmedia":[{"embeddable":true,"href":"https:\/\/interamerica.org\/fr\/wp-json\/wp\/v2\/media\/25770"}],"wp:attachment":[{"href":"https:\/\/interamerica.org\/fr\/wp-json\/wp\/v2\/media?parent=32325"}],"wp:term":[{"taxonomy":"category","embeddable":true,"href":"https:\/\/interamerica.org\/fr\/wp-json\/wp\/v2\/categories?post=32325"},{"taxonomy":"post_tag","embeddable":true,"href":"https:\/\/interamerica.org\/fr\/wp-json\/wp\/v2\/tags?post=32325"}],"curies":[{"name":"wp","href":"https:\/\/api.w.org\/{rel}","templated":true}]}}