{"id":32326,"date":"2015-07-09T00:00:00","date_gmt":"2015-07-09T04:00:00","guid":{"rendered":"http:\/\/192.81.217.108\/interamerica\/2015\/07\/la-direction-de-linter-amerique-elit-ses-responsables-de-departement\/"},"modified":"2015-07-09T00:00:00","modified_gmt":"2015-07-09T04:00:00","slug":"la-direction-de-linter-amerique-elit-ses-responsables-de-departement","status":"publish","type":"post","link":"https:\/\/interamerica.org\/fr\/2015\/07\/la-direction-de-linter-amerique-elit-ses-responsables-de-departement\/","title":{"rendered":"La direction de l\u2019Inter Am\u00e9rique \u00e9lit ses responsables de d\u00e9partement"},"content":{"rendered":"<p>9 Juillet 2015 \u2013 San Antonio, Texas, Etats Unis \u2013 Libna Stevens\/DIA<\/p>\n<div id=\"attachment_17929\" style=\"width: 458px\" class=\"wp-caption alignright\"><a href=\"\/interamerica\/wp-content\/uploads\/2017\/06\/IADcaucusJuly9.jpg\" rel=\"fancybox\" title=\"La direction de l\u2019Inter Am\u00e9rique \u00e9lit ses responsables de d\u00e9partement\"><img fetchpriority=\"high\" decoding=\"async\" aria-describedby=\"caption-attachment-17929\" class=\" wp-image-17929\" title=\"IADcaucusJuly9\" src=\"\/interamerica\/wp-content\/uploads\/2017\/06\/IADcaucusJuly9.jpg\" alt=\"\" width=\"448\" height=\"299\" \/><\/a><p id=\"caption-attachment-17929\" class=\"wp-caption-text\">IAD Executive Secretary Elie Henry read off the names of the proposed department and ministry leaders for Inter-America, on Jul. 9, 2015. Image by Daniel Gallardo\/IAD<\/p><\/div>\n<p>Les d\u00e9l\u00e9gu\u00e9s \u00e0 la 60\u00e8me Session de la Conf\u00e9rence G\u00e9n\u00e9rale venant de la Division Inter Am\u00e9ricaine (DIA) ont vot\u00e9 de nommer les vice-pr\u00e9sidents et les responsables de d\u00e9partement qui devront diriger les 3,7 millions de membres au cours des cinq prochaines ann\u00e9es. La rencontre qui s\u2019est tenue le 9 juillet 2015, a r\u00e9uni 390 d\u00e9l\u00e9gu\u00e9s de la DIA \u00e0 l\u2019Alamodome de San Antonio au Texas aux Etats Unis.<\/p>\n<p>Apr\u00e8s un examen des noms, une commission de nominations compos\u00e9e de d\u00e9l\u00e9gu\u00e9s du caucus de la DIA a pr\u00e9sent\u00e9 les noms \u00e0 la d\u00e9l\u00e9gation de la DIA qui repr\u00e9sente le vaste territoire de l\u2019Inter Am\u00e9rique, a indiqu\u00e9 pasteur Leito, pr\u00e9sident de l\u2019Eglise Adventiste en Inter Am\u00e9rique.<\/p>\n<p>Les personnes suivantes ont \u00e9t\u00e9 nomm\u00e9es par vote pour \u00eatre \u00e0 la t\u00eate des d\u00e9partements, minist\u00e8res et fonctions au si\u00e8ge de la DIA pour la p\u00e9riode 2015-2020.<\/p>\n<p><strong>Vice-Pr\u00e9sidents<\/strong><br \/>\nMyrna Costa<br \/>\nLeon Wellington<br \/>\nTomas Torres<\/p>\n<p><strong>Secr\u00e9taire adjoint\u00a0<\/strong>: Pedro Iglesias<\/p>\n<p><strong>Sous-tr\u00e9sori\u00e8re\u00a0<\/strong>: Ivelisse Herrera<\/p>\n<p><strong>Tr\u00e9soriers Adjoints\u00a0<\/strong><br \/>\nGuillermo Gonzalez<br \/>\nTony De La Mota<br \/>\nLiza Christian<br \/>\nFlorencio Suarez<\/p>\n<p><strong>Assistant du pr\u00e9sident dans l\u2019Evang\u00e9lisation<\/strong>: Balvin Braham<\/p>\n<p><strong>Directeur de la Gestion Chr\u00e9tienne\u00a0<\/strong>: Roberto Herrera<\/p>\n<p><strong>Adjoint \u00e0 la Gestion Chr\u00e9tienne\u00a0<\/strong>: James Daniel<\/p>\n<p><strong>Secr\u00e9taire de l\u2019Association Pastorale\u00a0<\/strong>: Hector Sanchez<\/p>\n<p><strong>Directeur des Minist\u00e8res Personnels\u00a0<\/strong>: Melchor Ferreyra<\/p>\n<p><strong>Directeur du D\u00e9partement de l\u2019Ecole du Sabbat\u00a0<\/strong>: Samuel Telemaque<\/p>\n<p><strong>Directeur de l\u2019Education\u00a0<\/strong>: Gamaliel Florez<\/p>\n<p><strong>Directrice adjointe de l\u2019Education :<\/strong>\u00a0Faye Patterson<\/p>\n<p><strong>Directeur des Minist\u00e8res de la Sant\u00e9\u00a0<\/strong>: Belkis Archbold<\/p>\n<p><strong>SIEMA et Minist\u00e8re de la Famille\u00a0<\/strong>: Cecilia Iglesias<\/p>\n<p><strong>Directeur des Minist\u00e8res de la Famille <\/strong>: Pedro Iglesias<\/p>\n<p><strong>Directrice du Minist\u00e8re de la Femme et du Minist\u00e8re aupr\u00e8s des Enfants <\/strong>: Dinorah Rivera<\/p>\n<p><strong>Directeur de la Communication <\/strong>: Abel Marquez<\/p>\n<p><strong>Directeur des Minist\u00e8res aupr\u00e8s des Campus Publics\u00a0<\/strong>: Hiram Ruiz<\/p>\n<p><strong>Directeur des Minist\u00e8res de la Jeunesse\u00a0<\/strong>: Al Powell<\/p>\n<p><strong>Directrice adjointe des Minist\u00e8res de la Jeunesse\u00a0<\/strong>: Louise Nocandy<\/p>\n<p><strong>Directeur des Affaires Publiques et de la Libert\u00e9 Religieuse <\/strong>: Leon Wellington<\/p>\n<p><strong>Directeur des Services de Fideicomis <\/strong>: Roberto Herrera<\/p>\n<p>&nbsp;<\/p>\n<p>Traduction: Patrick Luciathe<\/p>\n","protected":false},"excerpt":{"rendered":"<p>Les d\u00e9l\u00e9gu\u00e9s \u00e0 la 60\u00e8me Session de la Conf\u00e9rence G\u00e9n\u00e9rale venant de la Division Inter Am\u00e9ricaine (DIA) ont vot\u00e9 de nommer les vice-pr\u00e9sidents et les responsables de d\u00e9partement qui devront diriger les 3,7 millions de membres au cours des cinq prochaines ann\u00e9es. <\/p>\n<p>La rencontre qui s\u2019est tenue le 9 juillet 2015, a r\u00e9uni 390 d\u00e9l\u00e9gu\u00e9s de la DIA \u00e0 l\u2019Alamodome de San Antonio au Texas aux Etats Unis.<\/p>\n","protected":false},"author":1,"featured_media":25790,"comment_status":"closed","ping_status":"closed","sticky":false,"template":"","format":"standard","meta":{"_acf_changed":false,"footnotes":""},"categories":[20,19],"tags":[],"class_list":["post-32326","post","type-post","status-publish","format-standard","has-post-thumbnail","hentry","category-nouvelles-du-siege-de-la-division","category-rss-francais"],"acf":[],"yoast_head":"<!-- This site is optimized with the Yoast SEO plugin v27.3 - https:\/\/yoast.com\/product\/yoast-seo-wordpress\/ -->\n<title>La direction de l\u2019Inter Am\u00e9rique \u00e9lit ses responsables de d\u00e9partement - \u00c9glise Adventiste Du Septieme Jour - Inter Am\u00e9rique Division<\/title>\n<meta name=\"robots\" content=\"index, follow, max-snippet:-1, max-image-preview:large, max-video-preview:-1\" \/>\n<link rel=\"canonical\" href=\"https:\/\/interamerica.org\/fr\/2015\/07\/la-direction-de-linter-amerique-elit-ses-responsables-de-departement\/\" \/>\n<meta property=\"og:locale\" content=\"fr_FR\" \/>\n<meta property=\"og:type\" content=\"article\" \/>\n<meta property=\"og:title\" content=\"La direction de l\u2019Inter Am\u00e9rique \u00e9lit ses responsables de d\u00e9partement - \u00c9glise Adventiste Du Septieme Jour - Inter Am\u00e9rique Division\" \/>\n<meta property=\"og:description\" content=\"Les d\u00e9l\u00e9gu\u00e9s \u00e0 la 60\u00e8me Session de la Conf\u00e9rence G\u00e9n\u00e9rale venant de la Division Inter Am\u00e9ricaine (DIA) ont vot\u00e9 de nommer les vice-pr\u00e9sidents et les responsables de d\u00e9partement qui devront diriger les 3,7 millions de membres au cours des cinq prochaines ann\u00e9es.  La rencontre qui s\u2019est tenue le 9 juillet 2015, a r\u00e9uni 390 d\u00e9l\u00e9gu\u00e9s de la DIA \u00e0 l\u2019Alamodome de San Antonio au Texas aux Etats Unis.\" \/>\n<meta property=\"og:url\" content=\"https:\/\/interamerica.org\/fr\/2015\/07\/la-direction-de-linter-amerique-elit-ses-responsables-de-departement\/\" \/>\n<meta property=\"og:site_name\" content=\"\u00c9glise Adventiste Du Septieme Jour - Inter Am\u00e9rique Division\" \/>\n<meta property=\"article:published_time\" content=\"2015-07-09T04:00:00+00:00\" \/>\n<meta property=\"og:image\" content=\"https:\/\/interamerica.org\/wp-content\/uploads\/2017\/06\/IADcaucusJuly9.jpg\" \/>\n\t<meta property=\"og:image:width\" content=\"640\" \/>\n\t<meta property=\"og:image:height\" content=\"427\" \/>\n\t<meta property=\"og:image:type\" content=\"image\/jpeg\" \/>\n<meta name=\"author\" content=\"Lorenzo Verduzco\" \/>\n<meta name=\"twitter:card\" content=\"summary_large_image\" \/>\n<meta name=\"twitter:label1\" content=\"\u00c9crit par\" \/>\n\t<meta name=\"twitter:data1\" content=\"Lorenzo Verduzco\" \/>\n\t<meta name=\"twitter:label2\" content=\"Dur\u00e9e de lecture estim\u00e9e\" \/>\n\t<meta name=\"twitter:data2\" content=\"2 minutes\" \/>\n<script type=\"application\/ld+json\" class=\"yoast-schema-graph\">{\"@context\":\"https:\\\/\\\/schema.org\",\"@graph\":[{\"@type\":\"Article\",\"@id\":\"https:\\\/\\\/interamerica.org\\\/fr\\\/2015\\\/07\\\/la-direction-de-linter-amerique-elit-ses-responsables-de-departement\\\/#article\",\"isPartOf\":{\"@id\":\"https:\\\/\\\/interamerica.org\\\/fr\\\/2015\\\/07\\\/la-direction-de-linter-amerique-elit-ses-responsables-de-departement\\\/\"},\"author\":{\"name\":\"Lorenzo Verduzco\",\"@id\":\"https:\\\/\\\/interamerica.org\\\/fr\\\/#\\\/schema\\\/person\\\/68ede8bdc292885bb76c1e3810e73c39\"},\"headline\":\"La direction de l\u2019Inter Am\u00e9rique \u00e9lit ses responsables de d\u00e9partement\",\"datePublished\":\"2015-07-09T04:00:00+00:00\",\"mainEntityOfPage\":{\"@id\":\"https:\\\/\\\/interamerica.org\\\/fr\\\/2015\\\/07\\\/la-direction-de-linter-amerique-elit-ses-responsables-de-departement\\\/\"},\"wordCount\":420,\"image\":{\"@id\":\"https:\\\/\\\/interamerica.org\\\/fr\\\/2015\\\/07\\\/la-direction-de-linter-amerique-elit-ses-responsables-de-departement\\\/#primaryimage\"},\"thumbnailUrl\":\"https:\\\/\\\/interamerica.org\\\/wp-content\\\/uploads\\\/2017\\\/06\\\/IADcaucusJuly9.jpg\",\"articleSection\":[\"Nouvelles du si\u00e8ge de la division\",\"RSS Fran\u00e7ais\"],\"inLanguage\":\"fr-FR\"},{\"@type\":\"WebPage\",\"@id\":\"https:\\\/\\\/interamerica.org\\\/fr\\\/2015\\\/07\\\/la-direction-de-linter-amerique-elit-ses-responsables-de-departement\\\/\",\"url\":\"https:\\\/\\\/interamerica.org\\\/fr\\\/2015\\\/07\\\/la-direction-de-linter-amerique-elit-ses-responsables-de-departement\\\/\",\"name\":\"La direction de l\u2019Inter Am\u00e9rique \u00e9lit ses responsables de d\u00e9partement - \u00c9glise Adventiste Du Septieme Jour - Inter Am\u00e9rique Division\",\"isPartOf\":{\"@id\":\"https:\\\/\\\/interamerica.org\\\/fr\\\/#website\"},\"primaryImageOfPage\":{\"@id\":\"https:\\\/\\\/interamerica.org\\\/fr\\\/2015\\\/07\\\/la-direction-de-linter-amerique-elit-ses-responsables-de-departement\\\/#primaryimage\"},\"image\":{\"@id\":\"https:\\\/\\\/interamerica.org\\\/fr\\\/2015\\\/07\\\/la-direction-de-linter-amerique-elit-ses-responsables-de-departement\\\/#primaryimage\"},\"thumbnailUrl\":\"https:\\\/\\\/interamerica.org\\\/wp-content\\\/uploads\\\/2017\\\/06\\\/IADcaucusJuly9.jpg\",\"datePublished\":\"2015-07-09T04:00:00+00:00\",\"author\":{\"@id\":\"https:\\\/\\\/interamerica.org\\\/fr\\\/#\\\/schema\\\/person\\\/68ede8bdc292885bb76c1e3810e73c39\"},\"breadcrumb\":{\"@id\":\"https:\\\/\\\/interamerica.org\\\/fr\\\/2015\\\/07\\\/la-direction-de-linter-amerique-elit-ses-responsables-de-departement\\\/#breadcrumb\"},\"inLanguage\":\"fr-FR\",\"potentialAction\":[{\"@type\":\"ReadAction\",\"target\":[\"https:\\\/\\\/interamerica.org\\\/fr\\\/2015\\\/07\\\/la-direction-de-linter-amerique-elit-ses-responsables-de-departement\\\/\"]}]},{\"@type\":\"ImageObject\",\"inLanguage\":\"fr-FR\",\"@id\":\"https:\\\/\\\/interamerica.org\\\/fr\\\/2015\\\/07\\\/la-direction-de-linter-amerique-elit-ses-responsables-de-departement\\\/#primaryimage\",\"url\":\"https:\\\/\\\/interamerica.org\\\/wp-content\\\/uploads\\\/2017\\\/06\\\/IADcaucusJuly9.jpg\",\"contentUrl\":\"https:\\\/\\\/interamerica.org\\\/wp-content\\\/uploads\\\/2017\\\/06\\\/IADcaucusJuly9.jpg\",\"width\":640,\"height\":427},{\"@type\":\"BreadcrumbList\",\"@id\":\"https:\\\/\\\/interamerica.org\\\/fr\\\/2015\\\/07\\\/la-direction-de-linter-amerique-elit-ses-responsables-de-departement\\\/#breadcrumb\",\"itemListElement\":[{\"@type\":\"ListItem\",\"position\":1,\"name\":\"Home\",\"item\":\"https:\\\/\\\/interamerica.org\\\/fr\\\/\"},{\"@type\":\"ListItem\",\"position\":2,\"name\":\"La direction de l\u2019Inter Am\u00e9rique \u00e9lit ses responsables de d\u00e9partement\"}]},{\"@type\":\"WebSite\",\"@id\":\"https:\\\/\\\/interamerica.org\\\/fr\\\/#website\",\"url\":\"https:\\\/\\\/interamerica.org\\\/fr\\\/\",\"name\":\"\u00c9glise Adventiste Du Septieme Jour - Inter Am\u00e9rique Division\",\"description\":\"\",\"potentialAction\":[{\"@type\":\"SearchAction\",\"target\":{\"@type\":\"EntryPoint\",\"urlTemplate\":\"https:\\\/\\\/interamerica.org\\\/fr\\\/?s={search_term_string}\"},\"query-input\":{\"@type\":\"PropertyValueSpecification\",\"valueRequired\":true,\"valueName\":\"search_term_string\"}}],\"inLanguage\":\"fr-FR\"},{\"@type\":\"Person\",\"@id\":\"https:\\\/\\\/interamerica.org\\\/fr\\\/#\\\/schema\\\/person\\\/68ede8bdc292885bb76c1e3810e73c39\",\"name\":\"Lorenzo Verduzco\",\"image\":{\"@type\":\"ImageObject\",\"inLanguage\":\"fr-FR\",\"@id\":\"https:\\\/\\\/secure.gravatar.com\\\/avatar\\\/fb81a55b6218459490a9c1dc841a34909185b81904c5337b4b27f7a6fd60c49e?s=96&d=mm&r=g\",\"url\":\"https:\\\/\\\/secure.gravatar.com\\\/avatar\\\/fb81a55b6218459490a9c1dc841a34909185b81904c5337b4b27f7a6fd60c49e?s=96&d=mm&r=g\",\"contentUrl\":\"https:\\\/\\\/secure.gravatar.com\\\/avatar\\\/fb81a55b6218459490a9c1dc841a34909185b81904c5337b4b27f7a6fd60c49e?s=96&d=mm&r=g\",\"caption\":\"Lorenzo Verduzco\"}}]}<\/script>\n<!-- \/ Yoast SEO plugin. -->","yoast_head_json":{"title":"La direction de l\u2019Inter Am\u00e9rique \u00e9lit ses responsables de d\u00e9partement - \u00c9glise Adventiste Du Septieme Jour - Inter Am\u00e9rique Division","robots":{"index":"index","follow":"follow","max-snippet":"max-snippet:-1","max-image-preview":"max-image-preview:large","max-video-preview":"max-video-preview:-1"},"canonical":"https:\/\/interamerica.org\/fr\/2015\/07\/la-direction-de-linter-amerique-elit-ses-responsables-de-departement\/","og_locale":"fr_FR","og_type":"article","og_title":"La direction de l\u2019Inter Am\u00e9rique \u00e9lit ses responsables de d\u00e9partement - \u00c9glise Adventiste Du Septieme Jour - Inter Am\u00e9rique Division","og_description":"Les d\u00e9l\u00e9gu\u00e9s \u00e0 la 60\u00e8me Session de la Conf\u00e9rence G\u00e9n\u00e9rale venant de la Division Inter Am\u00e9ricaine (DIA) ont vot\u00e9 de nommer les vice-pr\u00e9sidents et les responsables de d\u00e9partement qui devront diriger les 3,7 millions de membres au cours des cinq prochaines ann\u00e9es.  La rencontre qui s\u2019est tenue le 9 juillet 2015, a r\u00e9uni 390 d\u00e9l\u00e9gu\u00e9s de la DIA \u00e0 l\u2019Alamodome de San Antonio au Texas aux Etats Unis.","og_url":"https:\/\/interamerica.org\/fr\/2015\/07\/la-direction-de-linter-amerique-elit-ses-responsables-de-departement\/","og_site_name":"\u00c9glise Adventiste Du Septieme Jour - Inter Am\u00e9rique Division","article_published_time":"2015-07-09T04:00:00+00:00","og_image":[{"width":640,"height":427,"url":"https:\/\/interamerica.org\/wp-content\/uploads\/2017\/06\/IADcaucusJuly9.jpg","type":"image\/jpeg"}],"author":"Lorenzo Verduzco","twitter_card":"summary_large_image","twitter_misc":{"\u00c9crit par":"Lorenzo Verduzco","Dur\u00e9e de lecture estim\u00e9e":"2 minutes"},"schema":{"@context":"https:\/\/schema.org","@graph":[{"@type":"Article","@id":"https:\/\/interamerica.org\/fr\/2015\/07\/la-direction-de-linter-amerique-elit-ses-responsables-de-departement\/#article","isPartOf":{"@id":"https:\/\/interamerica.org\/fr\/2015\/07\/la-direction-de-linter-amerique-elit-ses-responsables-de-departement\/"},"author":{"name":"Lorenzo Verduzco","@id":"https:\/\/interamerica.org\/fr\/#\/schema\/person\/68ede8bdc292885bb76c1e3810e73c39"},"headline":"La direction de l\u2019Inter Am\u00e9rique \u00e9lit ses responsables de d\u00e9partement","datePublished":"2015-07-09T04:00:00+00:00","mainEntityOfPage":{"@id":"https:\/\/interamerica.org\/fr\/2015\/07\/la-direction-de-linter-amerique-elit-ses-responsables-de-departement\/"},"wordCount":420,"image":{"@id":"https:\/\/interamerica.org\/fr\/2015\/07\/la-direction-de-linter-amerique-elit-ses-responsables-de-departement\/#primaryimage"},"thumbnailUrl":"https:\/\/interamerica.org\/wp-content\/uploads\/2017\/06\/IADcaucusJuly9.jpg","articleSection":["Nouvelles du si\u00e8ge de la division","RSS Fran\u00e7ais"],"inLanguage":"fr-FR"},{"@type":"WebPage","@id":"https:\/\/interamerica.org\/fr\/2015\/07\/la-direction-de-linter-amerique-elit-ses-responsables-de-departement\/","url":"https:\/\/interamerica.org\/fr\/2015\/07\/la-direction-de-linter-amerique-elit-ses-responsables-de-departement\/","name":"La direction de l\u2019Inter Am\u00e9rique \u00e9lit ses responsables de d\u00e9partement - \u00c9glise Adventiste Du Septieme Jour - Inter Am\u00e9rique Division","isPartOf":{"@id":"https:\/\/interamerica.org\/fr\/#website"},"primaryImageOfPage":{"@id":"https:\/\/interamerica.org\/fr\/2015\/07\/la-direction-de-linter-amerique-elit-ses-responsables-de-departement\/#primaryimage"},"image":{"@id":"https:\/\/interamerica.org\/fr\/2015\/07\/la-direction-de-linter-amerique-elit-ses-responsables-de-departement\/#primaryimage"},"thumbnailUrl":"https:\/\/interamerica.org\/wp-content\/uploads\/2017\/06\/IADcaucusJuly9.jpg","datePublished":"2015-07-09T04:00:00+00:00","author":{"@id":"https:\/\/interamerica.org\/fr\/#\/schema\/person\/68ede8bdc292885bb76c1e3810e73c39"},"breadcrumb":{"@id":"https:\/\/interamerica.org\/fr\/2015\/07\/la-direction-de-linter-amerique-elit-ses-responsables-de-departement\/#breadcrumb"},"inLanguage":"fr-FR","potentialAction":[{"@type":"ReadAction","target":["https:\/\/interamerica.org\/fr\/2015\/07\/la-direction-de-linter-amerique-elit-ses-responsables-de-departement\/"]}]},{"@type":"ImageObject","inLanguage":"fr-FR","@id":"https:\/\/interamerica.org\/fr\/2015\/07\/la-direction-de-linter-amerique-elit-ses-responsables-de-departement\/#primaryimage","url":"https:\/\/interamerica.org\/wp-content\/uploads\/2017\/06\/IADcaucusJuly9.jpg","contentUrl":"https:\/\/interamerica.org\/wp-content\/uploads\/2017\/06\/IADcaucusJuly9.jpg","width":640,"height":427},{"@type":"BreadcrumbList","@id":"https:\/\/interamerica.org\/fr\/2015\/07\/la-direction-de-linter-amerique-elit-ses-responsables-de-departement\/#breadcrumb","itemListElement":[{"@type":"ListItem","position":1,"name":"Home","item":"https:\/\/interamerica.org\/fr\/"},{"@type":"ListItem","position":2,"name":"La direction de l\u2019Inter Am\u00e9rique \u00e9lit ses responsables de d\u00e9partement"}]},{"@type":"WebSite","@id":"https:\/\/interamerica.org\/fr\/#website","url":"https:\/\/interamerica.org\/fr\/","name":"\u00c9glise Adventiste Du Septieme Jour - Inter Am\u00e9rique Division","description":"","potentialAction":[{"@type":"SearchAction","target":{"@type":"EntryPoint","urlTemplate":"https:\/\/interamerica.org\/fr\/?s={search_term_string}"},"query-input":{"@type":"PropertyValueSpecification","valueRequired":true,"valueName":"search_term_string"}}],"inLanguage":"fr-FR"},{"@type":"Person","@id":"https:\/\/interamerica.org\/fr\/#\/schema\/person\/68ede8bdc292885bb76c1e3810e73c39","name":"Lorenzo Verduzco","image":{"@type":"ImageObject","inLanguage":"fr-FR","@id":"https:\/\/secure.gravatar.com\/avatar\/fb81a55b6218459490a9c1dc841a34909185b81904c5337b4b27f7a6fd60c49e?s=96&d=mm&r=g","url":"https:\/\/secure.gravatar.com\/avatar\/fb81a55b6218459490a9c1dc841a34909185b81904c5337b4b27f7a6fd60c49e?s=96&d=mm&r=g","contentUrl":"https:\/\/secure.gravatar.com\/avatar\/fb81a55b6218459490a9c1dc841a34909185b81904c5337b4b27f7a6fd60c49e?s=96&d=mm&r=g","caption":"Lorenzo Verduzco"}}]}},"_links":{"self":[{"href":"https:\/\/interamerica.org\/fr\/wp-json\/wp\/v2\/posts\/32326","targetHints":{"allow":["GET"]}}],"collection":[{"href":"https:\/\/interamerica.org\/fr\/wp-json\/wp\/v2\/posts"}],"about":[{"href":"https:\/\/interamerica.org\/fr\/wp-json\/wp\/v2\/types\/post"}],"author":[{"embeddable":true,"href":"https:\/\/interamerica.org\/fr\/wp-json\/wp\/v2\/users\/1"}],"replies":[{"embeddable":true,"href":"https:\/\/interamerica.org\/fr\/wp-json\/wp\/v2\/comments?post=32326"}],"version-history":[{"count":0,"href":"https:\/\/interamerica.org\/fr\/wp-json\/wp\/v2\/posts\/32326\/revisions"}],"wp:featuredmedia":[{"embeddable":true,"href":"https:\/\/interamerica.org\/fr\/wp-json\/wp\/v2\/media\/25790"}],"wp:attachment":[{"href":"https:\/\/interamerica.org\/fr\/wp-json\/wp\/v2\/media?parent=32326"}],"wp:term":[{"taxonomy":"category","embeddable":true,"href":"https:\/\/interamerica.org\/fr\/wp-json\/wp\/v2\/categories?post=32326"},{"taxonomy":"post_tag","embeddable":true,"href":"https:\/\/interamerica.org\/fr\/wp-json\/wp\/v2\/tags?post=32326"}],"curies":[{"name":"wp","href":"https:\/\/api.w.org\/{rel}","templated":true}]}}