{"id":32334,"date":"2015-07-16T00:00:00","date_gmt":"2015-07-16T04:00:00","guid":{"rendered":"http:\/\/192.81.217.108\/interamerica\/2015\/07\/les-adventistes-en-partance-impressionnent-le-personnel-de-laeroport-de-san-antonio\/"},"modified":"2015-07-16T00:00:00","modified_gmt":"2015-07-16T04:00:00","slug":"les-adventistes-en-partance-impressionnent-le-personnel-de-laeroport-de-san-antonio","status":"publish","type":"post","link":"https:\/\/interamerica.org\/fr\/2015\/07\/les-adventistes-en-partance-impressionnent-le-personnel-de-laeroport-de-san-antonio\/","title":{"rendered":"Les Adventistes en partance impressionnent le personnel de l\u2019a\u00e9roport de San Antonio"},"content":{"rendered":"<div id=\"attachment_18040\" style=\"width: 710px\" class=\"wp-caption aligncenter\"><a href=\"\/interamerica\/wp-content\/uploads\/2017\/06\/Adventist-san-antonio-airport.jpg\" rel=\"fancybox\" title=\"Les Adventistes en partance impressionnent le personnel de l\u2019a\u00e9roport de San Antonio\"><img fetchpriority=\"high\" decoding=\"async\" aria-describedby=\"caption-attachment-18040\" class=\" wp-image-18040 \" src=\"\/interamerica\/wp-content\/uploads\/2017\/06\/Adventist-san-antonio-airport.jpg\" alt=\"\" width=\"700\" height=\"350\" \/><\/a><p id=\"caption-attachment-18040\" class=\"wp-caption-text\">Les passagers de la compagnie Delta patientent dans une longue file d\u2019attente \u00e0 l\u2019a\u00e9roport de San Antonio \u00e0 4h40 le lundi 13 juillet. Image d&rsquo;Andrew McChesney\/AR<\/p><\/div>\n<p>14 Juillet 2015 \u2013 San Antonio, Texas, Etats Unis \u2013 Andrew McChesney, r\u00e9dacteur informations, Adventist Review<\/p>\n<p>Les Adventistes du Septi\u00e8me Jour ont impressionn\u00e9 le maire de San Antonio en offrant 20 millions de dollars en soins m\u00e9dicaux gratuits aux habitants de la ville en avril dernier, trois mois avant l\u2019ouverture de la Session 2015 de la Conf\u00e9rence G\u00e9n\u00e9rale.<\/p>\n<p>Les 65000 Adventistes qui ont particip\u00e9 \u00e0 la session du 2 au 11 juillet ont fait le bonheur des commerces locaux en d\u00e9pensant plus de 40 millions de dollars.<\/p>\n<p>Et maintenant les Adventistes \u00e9tonnent le personnel de l\u2019a\u00e9roport de San Antonio qui fait face \u00e0 des files d\u2019attente record par rapport au grand nombre de participants \u00e0 la session qui voyagent pour retourner chez eux ce weekend.<\/p>\n<p>Brent Hardinge, un responsable de la communication \u00e0 la Conf\u00e9rence G\u00e9n\u00e9rale, a indiqu\u00e9 qu\u2019il avait \u00e9t\u00e9 pris \u00e0 part dimanche par un agent de United Airlines \u00e0 l\u2019A\u00e9roport International de San Antonio, au lendemain de la cl\u00f4ture de la session.<\/p>\n<p>\u00ab Excusez moi monsieur, faite-vous partie du grand groupe qui \u00e9tait pr\u00e9sent ici cette semaine ? \u00bb a demand\u00e9 l\u2019agent, d\u2019apr\u00e8s une information post\u00e9e sur la page Facebook de Brent Hardinge.<\/p>\n<p>Quand Brent Hardinge a confirm\u00e9 qu\u2019il en faisait bien partie, l\u2019agent a poursuivi en disant : \u00ab Puis-je partager quelque chose avec vous ? Cela fait16 ann\u00e9es que je travaille dans cet a\u00e9roport, j\u2019ai d\u00e9j\u00e0 vu beaucoup de groupes passer ici. Nous avons eu des groupes de m\u00e9decins, des groupes d\u2019avocats, toutes sortes de grands groupes passant par cet a\u00e9roport. Mais je n\u2019ai jamais vu un groupe aussi calme et positif. Je suis \u00e0 l\u2019\u00e9coute de ma radio et aujourd\u2019hui, je r\u00e9alise que les autres agents sont calmes, ils ne sont pas stress\u00e9s. Les files d\u2019attente sont longues, mais personne ne se plaint.<\/p>\n<p>\u00ab S\u2019il vous plait, dites-le \u00e0 votre groupe, \u00bb a dit l\u2019agent. \u00ab Je voudrais qu\u2019ils sachent \u00e0 quel point nous appr\u00e9cions de travailler avec vous. \u00bb<\/p>\n<p>Brent Hardinge a avou\u00e9 qu\u2019il a \u00e9t\u00e9 touch\u00e9 par les paroles de l\u2019agent.<\/p>\n<p>\u00ab Merci, fr\u00e8res et s\u0153urs Adventistes d\u2019aider \u00e0 am\u00e9liorer la r\u00e9putation de votre \u00e9glise \u00e0 San Antonio, \u00bb a t-il dit. \u00ab Et merci San Antonio d\u2019avoir accommod\u00e9 65000 Adventistes avec gr\u00e2ce et courtoisie. \u00bb<\/p>\n<p>L\u2019a\u00e9roport, qui compte 25 portes, a vu se former des files d\u2019attente comme jamais auparavant et a conseill\u00e9 aux voyageurs d\u2019arriver au moins deux heures avant l\u2019heure pr\u00e9vue pour leur d\u00e9part, et ce jusqu\u2019\u00e0 jeudi, ont indiqu\u00e9 les m\u00e9dias locaux.<\/p>\n<p>Les compagnies ariennes, quant \u00e0 elles, sont surbook\u00e9es et offrent 500 dollars ou plus en avoir sur de prochains vols, aux passagers qui seraient pr\u00eats \u00e0 c\u00e9der leurs si\u00e8ges et voyager sur un vol plus tard.<\/p>\n<p>Les passagers arrivant \u00e0 l\u2019a\u00e9roport sont invit\u00e9s par les agents des compagnies a\u00e9riennes \u00e0 s\u2019assurer que toutes les Bibles et les tracts religieux sont plac\u00e9s dans les bagages \u00e0 main. Cette requ\u00eate, \u00e9galement soulign\u00e9e sur des posters qui recouvrent les murs de l\u2019a\u00e9roport, a \u00e9t\u00e9 faite par l\u2019Administration de la S\u00e9curit\u00e9 des Transports (TSA) apr\u00e8s qu\u2019on ait constat\u00e9 l\u2019enregistrement d\u2019un grand nombre de bagages tr\u00e8s pesants, a indiqu\u00e9 un agent de Delta Airlines. Les responsables de la TSA se r\u00e9servent le droit d\u2019ouvrir et d\u2019inspecter tous les bagages enregistr\u00e9s.<\/p>\n<p>Les Adventistes ont tout d\u2019abord fait parler d\u2019eux \u00e0 San Antonio en avril dernier lorsque 1700 b\u00e9n\u00e9voles du domaine m\u00e9dical ont trait\u00e9 pr\u00e8s de 6200 personnes sur trois jours au stade Alamodome. Le maire, Ivy R. Taylor, a exprim\u00e9 sa gratitude pour cette initiative m\u00e9dicale lors de ses remarques pr\u00e9sent\u00e9es au moment de la cl\u00f4ture de la session de la Conf\u00e9rence G\u00e9n\u00e9rale, le sabbat 11 juillet.<\/p>\n<p>San Antonio a d\u00e9roul\u00e9 le tapis rouge pour les Adventistes, avec 200 \u00ab ambassadeurs \u00bb sp\u00e9cialement form\u00e9s pour aider ceux qui arrivaient \u00e0 l\u2019a\u00e9roport ; une passerelle sp\u00e9ciale construite entre l\u2019Alamodome, l\u00e0 o\u00f9 se tenaient les rencontres, et un centre de convention tout proche, et l\u2019addition de plats v\u00e9g\u00e9tariens au menu des restaurants de la place.<\/p>\n<p>Green, un restaurant v\u00e9g\u00e9tarien local, a vu ses fr\u00e9quentations tripler pendant la session de la Conf\u00e9rence G\u00e9n\u00e9rale, d\u2019apr\u00e8s des informations donn\u00e9es par la t\u00e9l\u00e9vision KSAT, la chaine locale affili\u00e9e au r\u00e9seau ABC.<\/p>\n<p>\u00ab Les dix derniers jours ont \u00e9t\u00e9 fous, \u00bb a dit vendredi, Mike Behrend, son chef ex\u00e9cutif. \u00ab En temps normal, nous sommes d\u00e9j\u00e0 un restaurant tr\u00e8s fr\u00e9quent\u00e9, mais avec les Adventistes, il y a eu un afflux de v\u00e9g\u00e9tariens et de membres Adventistes venus soutenir ce restaurant. \u00bb<\/p>\n<p>Le Bureau des Visiteurs et des Conventions de San Antonio estime que les visiteurs Adventistes ont inject\u00e9 40,5 millions de dollars dans l\u2019\u00e9conomie locale.<\/p>\n<p>La Session de la Conf\u00e9rence G\u00e9n\u00e9rale \u2013 la plus longue et la plus importante conf\u00e9rence \u00e0 avoir jamais \u00e9t\u00e9 organis\u00e9e dans l\u2019histoire de San Antonio \u2013 a b\u00e9n\u00e9fici\u00e9 d\u2019une grande couverture dans les m\u00e9dias locaux, et les bulletins d\u2019information ont continu\u00e9 d\u2019en parler alors que les Adventiste retournaient chez eux cette semaine.<\/p>\n<p>\u00ab Magnifique programme. C\u2019\u00e9tait vraiment une b\u00e9n\u00e9diction de Dieu, \u00bb a dit Barbara Shaw d\u2019Orlando en Floride, \u00e0 un reporter de KSAT dimanche \u00e0 l\u2019a\u00e9roport. \u00ab Nous avons eu des gens venant du monde entier. Les pr\u00e9sentations \u00e9taient excellentes. J\u2019ai eu l\u2019opportunit\u00e9 d\u2019\u00e9changer avec d\u2019autres personnes. Une v\u00e9ritable b\u00e9n\u00e9diction. \u00bb<\/p>\n<p>Traduction: Patrick Luciathe<\/p>\n","protected":false},"excerpt":{"rendered":"<p>Les Adventistes du Septi\u00e8me Jour ont impressionn\u00e9 le maire de San Antonio en offrant 20 millions de dollars en soins m\u00e9dicaux gratuits aux habitants de la ville en avril dernier, trois mois avant l\u2019ouverture de la Session 2015 de la Conf\u00e9rence G\u00e9n\u00e9rale.  <\/p>\n<p>Les 65000 Adventistes qui ont particip\u00e9 \u00e0 la session du 2 au 11 juillet ont fait le bonheur des  commerces locaux en d\u00e9pensant plus de 40 millions de dollars.<\/p>\n","protected":false},"author":1,"featured_media":25834,"comment_status":"closed","ping_status":"closed","sticky":false,"template":"","format":"standard","meta":{"_acf_changed":false,"footnotes":""},"categories":[18,19],"tags":[],"class_list":["post-32334","post","type-post","status-publish","format-standard","has-post-thumbnail","hentry","category-nouvelles-de-leglise-mondiale","category-rss-francais"],"acf":[],"yoast_head":"<!-- This site is optimized with the Yoast SEO plugin v27.3 - https:\/\/yoast.com\/product\/yoast-seo-wordpress\/ -->\n<title>Les Adventistes en partance impressionnent le personnel de l\u2019a\u00e9roport de San Antonio - \u00c9glise Adventiste Du Septieme Jour - Inter Am\u00e9rique Division<\/title>\n<meta name=\"robots\" content=\"index, follow, max-snippet:-1, max-image-preview:large, max-video-preview:-1\" \/>\n<link rel=\"canonical\" href=\"https:\/\/interamerica.org\/fr\/2015\/07\/les-adventistes-en-partance-impressionnent-le-personnel-de-laeroport-de-san-antonio\/\" \/>\n<meta property=\"og:locale\" content=\"fr_FR\" \/>\n<meta property=\"og:type\" content=\"article\" \/>\n<meta property=\"og:title\" content=\"Les Adventistes en partance impressionnent le personnel de l\u2019a\u00e9roport de San Antonio - \u00c9glise Adventiste Du Septieme Jour - Inter Am\u00e9rique Division\" \/>\n<meta property=\"og:description\" content=\"Les Adventistes du Septi\u00e8me Jour ont impressionn\u00e9 le maire de San Antonio en offrant 20 millions de dollars en soins m\u00e9dicaux gratuits aux habitants de la ville en avril dernier, trois mois avant l\u2019ouverture de la Session 2015 de la Conf\u00e9rence G\u00e9n\u00e9rale.  Les 65000 Adventistes qui ont particip\u00e9 \u00e0 la session du 2 au 11 juillet ont fait le bonheur des commerces locaux en d\u00e9pensant plus de 40 millions de dollars.\" \/>\n<meta property=\"og:url\" content=\"https:\/\/interamerica.org\/fr\/2015\/07\/les-adventistes-en-partance-impressionnent-le-personnel-de-laeroport-de-san-antonio\/\" \/>\n<meta property=\"og:site_name\" content=\"\u00c9glise Adventiste Du Septieme Jour - Inter Am\u00e9rique Division\" \/>\n<meta property=\"article:published_time\" content=\"2015-07-16T04:00:00+00:00\" \/>\n<meta property=\"og:image\" content=\"https:\/\/interamerica.org\/wp-content\/uploads\/2017\/06\/Adventist-san-antonio-airport.jpg\" \/>\n\t<meta property=\"og:image:width\" content=\"1000\" \/>\n\t<meta property=\"og:image:height\" content=\"500\" \/>\n\t<meta property=\"og:image:type\" content=\"image\/jpeg\" \/>\n<meta name=\"author\" content=\"Lorenzo Verduzco\" \/>\n<meta name=\"twitter:card\" content=\"summary_large_image\" \/>\n<meta name=\"twitter:label1\" content=\"\u00c9crit par\" \/>\n\t<meta name=\"twitter:data1\" content=\"Lorenzo Verduzco\" \/>\n\t<meta name=\"twitter:label2\" content=\"Dur\u00e9e de lecture estim\u00e9e\" \/>\n\t<meta name=\"twitter:data2\" content=\"5 minutes\" \/>\n<script type=\"application\/ld+json\" class=\"yoast-schema-graph\">{\"@context\":\"https:\\\/\\\/schema.org\",\"@graph\":[{\"@type\":\"Article\",\"@id\":\"https:\\\/\\\/interamerica.org\\\/fr\\\/2015\\\/07\\\/les-adventistes-en-partance-impressionnent-le-personnel-de-laeroport-de-san-antonio\\\/#article\",\"isPartOf\":{\"@id\":\"https:\\\/\\\/interamerica.org\\\/fr\\\/2015\\\/07\\\/les-adventistes-en-partance-impressionnent-le-personnel-de-laeroport-de-san-antonio\\\/\"},\"author\":{\"name\":\"Lorenzo Verduzco\",\"@id\":\"https:\\\/\\\/interamerica.org\\\/fr\\\/#\\\/schema\\\/person\\\/68ede8bdc292885bb76c1e3810e73c39\"},\"headline\":\"Les Adventistes en partance impressionnent le personnel de l\u2019a\u00e9roport de San Antonio\",\"datePublished\":\"2015-07-16T04:00:00+00:00\",\"mainEntityOfPage\":{\"@id\":\"https:\\\/\\\/interamerica.org\\\/fr\\\/2015\\\/07\\\/les-adventistes-en-partance-impressionnent-le-personnel-de-laeroport-de-san-antonio\\\/\"},\"wordCount\":1007,\"image\":{\"@id\":\"https:\\\/\\\/interamerica.org\\\/fr\\\/2015\\\/07\\\/les-adventistes-en-partance-impressionnent-le-personnel-de-laeroport-de-san-antonio\\\/#primaryimage\"},\"thumbnailUrl\":\"https:\\\/\\\/interamerica.org\\\/wp-content\\\/uploads\\\/2017\\\/06\\\/Adventist-san-antonio-airport.jpg\",\"articleSection\":[\"Nouvelles de l'\u00c9glise mondiale\",\"RSS Fran\u00e7ais\"],\"inLanguage\":\"fr-FR\"},{\"@type\":\"WebPage\",\"@id\":\"https:\\\/\\\/interamerica.org\\\/fr\\\/2015\\\/07\\\/les-adventistes-en-partance-impressionnent-le-personnel-de-laeroport-de-san-antonio\\\/\",\"url\":\"https:\\\/\\\/interamerica.org\\\/fr\\\/2015\\\/07\\\/les-adventistes-en-partance-impressionnent-le-personnel-de-laeroport-de-san-antonio\\\/\",\"name\":\"Les Adventistes en partance impressionnent le personnel de l\u2019a\u00e9roport de San Antonio - \u00c9glise Adventiste Du Septieme Jour - Inter Am\u00e9rique Division\",\"isPartOf\":{\"@id\":\"https:\\\/\\\/interamerica.org\\\/fr\\\/#website\"},\"primaryImageOfPage\":{\"@id\":\"https:\\\/\\\/interamerica.org\\\/fr\\\/2015\\\/07\\\/les-adventistes-en-partance-impressionnent-le-personnel-de-laeroport-de-san-antonio\\\/#primaryimage\"},\"image\":{\"@id\":\"https:\\\/\\\/interamerica.org\\\/fr\\\/2015\\\/07\\\/les-adventistes-en-partance-impressionnent-le-personnel-de-laeroport-de-san-antonio\\\/#primaryimage\"},\"thumbnailUrl\":\"https:\\\/\\\/interamerica.org\\\/wp-content\\\/uploads\\\/2017\\\/06\\\/Adventist-san-antonio-airport.jpg\",\"datePublished\":\"2015-07-16T04:00:00+00:00\",\"author\":{\"@id\":\"https:\\\/\\\/interamerica.org\\\/fr\\\/#\\\/schema\\\/person\\\/68ede8bdc292885bb76c1e3810e73c39\"},\"breadcrumb\":{\"@id\":\"https:\\\/\\\/interamerica.org\\\/fr\\\/2015\\\/07\\\/les-adventistes-en-partance-impressionnent-le-personnel-de-laeroport-de-san-antonio\\\/#breadcrumb\"},\"inLanguage\":\"fr-FR\",\"potentialAction\":[{\"@type\":\"ReadAction\",\"target\":[\"https:\\\/\\\/interamerica.org\\\/fr\\\/2015\\\/07\\\/les-adventistes-en-partance-impressionnent-le-personnel-de-laeroport-de-san-antonio\\\/\"]}]},{\"@type\":\"ImageObject\",\"inLanguage\":\"fr-FR\",\"@id\":\"https:\\\/\\\/interamerica.org\\\/fr\\\/2015\\\/07\\\/les-adventistes-en-partance-impressionnent-le-personnel-de-laeroport-de-san-antonio\\\/#primaryimage\",\"url\":\"https:\\\/\\\/interamerica.org\\\/wp-content\\\/uploads\\\/2017\\\/06\\\/Adventist-san-antonio-airport.jpg\",\"contentUrl\":\"https:\\\/\\\/interamerica.org\\\/wp-content\\\/uploads\\\/2017\\\/06\\\/Adventist-san-antonio-airport.jpg\",\"width\":1000,\"height\":500},{\"@type\":\"BreadcrumbList\",\"@id\":\"https:\\\/\\\/interamerica.org\\\/fr\\\/2015\\\/07\\\/les-adventistes-en-partance-impressionnent-le-personnel-de-laeroport-de-san-antonio\\\/#breadcrumb\",\"itemListElement\":[{\"@type\":\"ListItem\",\"position\":1,\"name\":\"Home\",\"item\":\"https:\\\/\\\/interamerica.org\\\/fr\\\/\"},{\"@type\":\"ListItem\",\"position\":2,\"name\":\"Les Adventistes en partance impressionnent le personnel de l\u2019a\u00e9roport de San Antonio\"}]},{\"@type\":\"WebSite\",\"@id\":\"https:\\\/\\\/interamerica.org\\\/fr\\\/#website\",\"url\":\"https:\\\/\\\/interamerica.org\\\/fr\\\/\",\"name\":\"\u00c9glise Adventiste Du Septieme Jour - Inter Am\u00e9rique Division\",\"description\":\"\",\"potentialAction\":[{\"@type\":\"SearchAction\",\"target\":{\"@type\":\"EntryPoint\",\"urlTemplate\":\"https:\\\/\\\/interamerica.org\\\/fr\\\/?s={search_term_string}\"},\"query-input\":{\"@type\":\"PropertyValueSpecification\",\"valueRequired\":true,\"valueName\":\"search_term_string\"}}],\"inLanguage\":\"fr-FR\"},{\"@type\":\"Person\",\"@id\":\"https:\\\/\\\/interamerica.org\\\/fr\\\/#\\\/schema\\\/person\\\/68ede8bdc292885bb76c1e3810e73c39\",\"name\":\"Lorenzo Verduzco\",\"image\":{\"@type\":\"ImageObject\",\"inLanguage\":\"fr-FR\",\"@id\":\"https:\\\/\\\/secure.gravatar.com\\\/avatar\\\/fb81a55b6218459490a9c1dc841a34909185b81904c5337b4b27f7a6fd60c49e?s=96&d=mm&r=g\",\"url\":\"https:\\\/\\\/secure.gravatar.com\\\/avatar\\\/fb81a55b6218459490a9c1dc841a34909185b81904c5337b4b27f7a6fd60c49e?s=96&d=mm&r=g\",\"contentUrl\":\"https:\\\/\\\/secure.gravatar.com\\\/avatar\\\/fb81a55b6218459490a9c1dc841a34909185b81904c5337b4b27f7a6fd60c49e?s=96&d=mm&r=g\",\"caption\":\"Lorenzo Verduzco\"}}]}<\/script>\n<!-- \/ Yoast SEO plugin. -->","yoast_head_json":{"title":"Les Adventistes en partance impressionnent le personnel de l\u2019a\u00e9roport de San Antonio - \u00c9glise Adventiste Du Septieme Jour - Inter Am\u00e9rique Division","robots":{"index":"index","follow":"follow","max-snippet":"max-snippet:-1","max-image-preview":"max-image-preview:large","max-video-preview":"max-video-preview:-1"},"canonical":"https:\/\/interamerica.org\/fr\/2015\/07\/les-adventistes-en-partance-impressionnent-le-personnel-de-laeroport-de-san-antonio\/","og_locale":"fr_FR","og_type":"article","og_title":"Les Adventistes en partance impressionnent le personnel de l\u2019a\u00e9roport de San Antonio - \u00c9glise Adventiste Du Septieme Jour - Inter Am\u00e9rique Division","og_description":"Les Adventistes du Septi\u00e8me Jour ont impressionn\u00e9 le maire de San Antonio en offrant 20 millions de dollars en soins m\u00e9dicaux gratuits aux habitants de la ville en avril dernier, trois mois avant l\u2019ouverture de la Session 2015 de la Conf\u00e9rence G\u00e9n\u00e9rale.  Les 65000 Adventistes qui ont particip\u00e9 \u00e0 la session du 2 au 11 juillet ont fait le bonheur des commerces locaux en d\u00e9pensant plus de 40 millions de dollars.","og_url":"https:\/\/interamerica.org\/fr\/2015\/07\/les-adventistes-en-partance-impressionnent-le-personnel-de-laeroport-de-san-antonio\/","og_site_name":"\u00c9glise Adventiste Du Septieme Jour - Inter Am\u00e9rique Division","article_published_time":"2015-07-16T04:00:00+00:00","og_image":[{"width":1000,"height":500,"url":"https:\/\/interamerica.org\/wp-content\/uploads\/2017\/06\/Adventist-san-antonio-airport.jpg","type":"image\/jpeg"}],"author":"Lorenzo Verduzco","twitter_card":"summary_large_image","twitter_misc":{"\u00c9crit par":"Lorenzo Verduzco","Dur\u00e9e de lecture estim\u00e9e":"5 minutes"},"schema":{"@context":"https:\/\/schema.org","@graph":[{"@type":"Article","@id":"https:\/\/interamerica.org\/fr\/2015\/07\/les-adventistes-en-partance-impressionnent-le-personnel-de-laeroport-de-san-antonio\/#article","isPartOf":{"@id":"https:\/\/interamerica.org\/fr\/2015\/07\/les-adventistes-en-partance-impressionnent-le-personnel-de-laeroport-de-san-antonio\/"},"author":{"name":"Lorenzo Verduzco","@id":"https:\/\/interamerica.org\/fr\/#\/schema\/person\/68ede8bdc292885bb76c1e3810e73c39"},"headline":"Les Adventistes en partance impressionnent le personnel de l\u2019a\u00e9roport de San Antonio","datePublished":"2015-07-16T04:00:00+00:00","mainEntityOfPage":{"@id":"https:\/\/interamerica.org\/fr\/2015\/07\/les-adventistes-en-partance-impressionnent-le-personnel-de-laeroport-de-san-antonio\/"},"wordCount":1007,"image":{"@id":"https:\/\/interamerica.org\/fr\/2015\/07\/les-adventistes-en-partance-impressionnent-le-personnel-de-laeroport-de-san-antonio\/#primaryimage"},"thumbnailUrl":"https:\/\/interamerica.org\/wp-content\/uploads\/2017\/06\/Adventist-san-antonio-airport.jpg","articleSection":["Nouvelles de l'\u00c9glise mondiale","RSS Fran\u00e7ais"],"inLanguage":"fr-FR"},{"@type":"WebPage","@id":"https:\/\/interamerica.org\/fr\/2015\/07\/les-adventistes-en-partance-impressionnent-le-personnel-de-laeroport-de-san-antonio\/","url":"https:\/\/interamerica.org\/fr\/2015\/07\/les-adventistes-en-partance-impressionnent-le-personnel-de-laeroport-de-san-antonio\/","name":"Les Adventistes en partance impressionnent le personnel de l\u2019a\u00e9roport de San Antonio - \u00c9glise Adventiste Du Septieme Jour - Inter Am\u00e9rique Division","isPartOf":{"@id":"https:\/\/interamerica.org\/fr\/#website"},"primaryImageOfPage":{"@id":"https:\/\/interamerica.org\/fr\/2015\/07\/les-adventistes-en-partance-impressionnent-le-personnel-de-laeroport-de-san-antonio\/#primaryimage"},"image":{"@id":"https:\/\/interamerica.org\/fr\/2015\/07\/les-adventistes-en-partance-impressionnent-le-personnel-de-laeroport-de-san-antonio\/#primaryimage"},"thumbnailUrl":"https:\/\/interamerica.org\/wp-content\/uploads\/2017\/06\/Adventist-san-antonio-airport.jpg","datePublished":"2015-07-16T04:00:00+00:00","author":{"@id":"https:\/\/interamerica.org\/fr\/#\/schema\/person\/68ede8bdc292885bb76c1e3810e73c39"},"breadcrumb":{"@id":"https:\/\/interamerica.org\/fr\/2015\/07\/les-adventistes-en-partance-impressionnent-le-personnel-de-laeroport-de-san-antonio\/#breadcrumb"},"inLanguage":"fr-FR","potentialAction":[{"@type":"ReadAction","target":["https:\/\/interamerica.org\/fr\/2015\/07\/les-adventistes-en-partance-impressionnent-le-personnel-de-laeroport-de-san-antonio\/"]}]},{"@type":"ImageObject","inLanguage":"fr-FR","@id":"https:\/\/interamerica.org\/fr\/2015\/07\/les-adventistes-en-partance-impressionnent-le-personnel-de-laeroport-de-san-antonio\/#primaryimage","url":"https:\/\/interamerica.org\/wp-content\/uploads\/2017\/06\/Adventist-san-antonio-airport.jpg","contentUrl":"https:\/\/interamerica.org\/wp-content\/uploads\/2017\/06\/Adventist-san-antonio-airport.jpg","width":1000,"height":500},{"@type":"BreadcrumbList","@id":"https:\/\/interamerica.org\/fr\/2015\/07\/les-adventistes-en-partance-impressionnent-le-personnel-de-laeroport-de-san-antonio\/#breadcrumb","itemListElement":[{"@type":"ListItem","position":1,"name":"Home","item":"https:\/\/interamerica.org\/fr\/"},{"@type":"ListItem","position":2,"name":"Les Adventistes en partance impressionnent le personnel de l\u2019a\u00e9roport de San Antonio"}]},{"@type":"WebSite","@id":"https:\/\/interamerica.org\/fr\/#website","url":"https:\/\/interamerica.org\/fr\/","name":"\u00c9glise Adventiste Du Septieme Jour - Inter Am\u00e9rique Division","description":"","potentialAction":[{"@type":"SearchAction","target":{"@type":"EntryPoint","urlTemplate":"https:\/\/interamerica.org\/fr\/?s={search_term_string}"},"query-input":{"@type":"PropertyValueSpecification","valueRequired":true,"valueName":"search_term_string"}}],"inLanguage":"fr-FR"},{"@type":"Person","@id":"https:\/\/interamerica.org\/fr\/#\/schema\/person\/68ede8bdc292885bb76c1e3810e73c39","name":"Lorenzo Verduzco","image":{"@type":"ImageObject","inLanguage":"fr-FR","@id":"https:\/\/secure.gravatar.com\/avatar\/fb81a55b6218459490a9c1dc841a34909185b81904c5337b4b27f7a6fd60c49e?s=96&d=mm&r=g","url":"https:\/\/secure.gravatar.com\/avatar\/fb81a55b6218459490a9c1dc841a34909185b81904c5337b4b27f7a6fd60c49e?s=96&d=mm&r=g","contentUrl":"https:\/\/secure.gravatar.com\/avatar\/fb81a55b6218459490a9c1dc841a34909185b81904c5337b4b27f7a6fd60c49e?s=96&d=mm&r=g","caption":"Lorenzo Verduzco"}}]}},"_links":{"self":[{"href":"https:\/\/interamerica.org\/fr\/wp-json\/wp\/v2\/posts\/32334","targetHints":{"allow":["GET"]}}],"collection":[{"href":"https:\/\/interamerica.org\/fr\/wp-json\/wp\/v2\/posts"}],"about":[{"href":"https:\/\/interamerica.org\/fr\/wp-json\/wp\/v2\/types\/post"}],"author":[{"embeddable":true,"href":"https:\/\/interamerica.org\/fr\/wp-json\/wp\/v2\/users\/1"}],"replies":[{"embeddable":true,"href":"https:\/\/interamerica.org\/fr\/wp-json\/wp\/v2\/comments?post=32334"}],"version-history":[{"count":0,"href":"https:\/\/interamerica.org\/fr\/wp-json\/wp\/v2\/posts\/32334\/revisions"}],"wp:featuredmedia":[{"embeddable":true,"href":"https:\/\/interamerica.org\/fr\/wp-json\/wp\/v2\/media\/25834"}],"wp:attachment":[{"href":"https:\/\/interamerica.org\/fr\/wp-json\/wp\/v2\/media?parent=32334"}],"wp:term":[{"taxonomy":"category","embeddable":true,"href":"https:\/\/interamerica.org\/fr\/wp-json\/wp\/v2\/categories?post=32334"},{"taxonomy":"post_tag","embeddable":true,"href":"https:\/\/interamerica.org\/fr\/wp-json\/wp\/v2\/tags?post=32334"}],"curies":[{"name":"wp","href":"https:\/\/api.w.org\/{rel}","templated":true}]}}