{"id":32457,"date":"2015-12-18T00:00:00","date_gmt":"2015-12-18T04:00:00","guid":{"rendered":"http:\/\/192.81.217.108\/interamerica\/2015\/12\/les-adventistes-de-tortola-marchent-pour-la-prise-de-conscience-au-sujet-du-vih-et-du-sida-et-en-faveur-de-labstinence\/"},"modified":"2015-12-18T00:00:00","modified_gmt":"2015-12-18T04:00:00","slug":"les-adventistes-de-tortola-marchent-pour-la-prise-de-conscience-au-sujet-du-vih-et-du-sida-et-en-faveur-de-labstinence","status":"publish","type":"post","link":"https:\/\/interamerica.org\/fr\/2015\/12\/les-adventistes-de-tortola-marchent-pour-la-prise-de-conscience-au-sujet-du-vih-et-du-sida-et-en-faveur-de-labstinence\/","title":{"rendered":"Les Adventistes de Tortola marchent pour la prise de conscience au sujet du VIH et du SIDA et en faveur de l\u2019abstinence."},"content":{"rendered":"<p>18 D\u00e9cembre 2015 \u2013 Road Town, Tortola, Iles Vierges Britanniques \u2013 Royston Philbert\/DIA<\/p>\n<div id=\"attachment_20657\" style=\"width: 440px\" class=\"wp-caption alignright\"><a href=\"\/interamerica\/wp-content\/uploads\/2017\/06\/march-5.jpg\" rel=\"fancybox\" title=\"Les Adventistes de Tortola marchent pour la prise de conscience au sujet du VIH et du SIDA et en faveur de l\u2019abstinence.\"><img fetchpriority=\"high\" decoding=\"async\" aria-describedby=\"caption-attachment-20657\" class=\" wp-image-20657  \" src=\"\/interamerica\/wp-content\/uploads\/2017\/06\/march-5-1024x768.jpg\" alt=\"\" width=\"430\" height=\"323\" \/><\/a><p id=\"caption-attachment-20657\" class=\"wp-caption-text\">Les Adventistes du Septi\u00e8me Jour marchent dans les rues de Road Town, la ville capitale de Tortola, le 28 novembre 2015, pour favoriser la prise de conscience au sujet du VIH et du SIDA. Image de la F\u00e9d\u00e9ration du Nord de la Cara\u00efbe.<\/p><\/div>\n<p>La couleur rouge dominait dans les rues de Road Town \u00e0 Tortola dans les Iles Vierges Britanniques au moment o\u00f9 les Adventistes du Septi\u00e8me Jour d\u00e9filaient pour soutenir la lutte contre l\u2019\u00e9pid\u00e9mie du VIH et du SIDA. Plus de 250 jeunes venus de clubs d\u2019Eclaireurs et d\u2019Aventuriers de l\u2019ile, mais aussi des membres d\u2019\u00e9glise, se sont rassembl\u00e9s au Band Stand de Road Town le 28 Novembre 2015, pour lancer un message soulignant l\u2019importance de la pr\u00e9vention de la propagation du virus HIV et du SIDA dans leurs communaut\u00e9s.<\/p>\n<p>Energis\u00e9es et ayant re\u00e7u leur mission, les membres d\u2019\u00e9glise ont chant\u00e9 des slogans tels que \u00ab Le sexe c\u2019est bien, mais \u00e7a peut attendre, \u00bb ou encore \u00ab L\u2019Abstinence est la Cl\u00e9 pour Pr\u00e9venir le HIV, \u00bb et \u00ab \u00ab Pour que le SIDA ne s\u2019Approche pas, Vous Devriez vous Faire D\u00e9pister Aujourd\u2019hui. \u00bb<\/p>\n<p>V\u00eatus de t-shirts et de rubans rouges, les marcheurs, jeunes et moins jeunes, ont d\u00e9fil\u00e9 en tenant des pancartes et des banderoles o\u00f9 \u00e9taient inscrits des messages encourageant l\u2019abstinence.<\/p>\n<p>La marche s\u2019est termin\u00e9e avec un rallye au cours duquel les organisateurs de l\u2019\u00e9glise et les leaders de la communaut\u00e9 se sont r\u00e9unis pour affirmer \u00e0 quel point il \u00e9tait important que le message passe dans cette soci\u00e9t\u00e9 affect\u00e9e par l\u2019\u00e9pid\u00e9mie du VIH et du SIDA, pas seulement dans les Iles Vierges Britanniques mais dans le monde entier.<\/p>\n<p>La Coordinatrice de l\u2019Unit\u00e9 de Sant\u00e9 Familiale de Tortola, Noelene Levons, a f\u00e9licit\u00e9 l\u2019Eglise Adventiste du Septi\u00e8me Jour pour l\u2019action qu\u2019elle m\u00e8ne dans le territoire : \u00ab c\u2019est la seule organisation religieuse des Iles Vierges Britanniques qui a \u00e9t\u00e9 diligente et consistante dans la promotion de la sant\u00e9 et du bien-\u00eatre, pas simplement la sant\u00e9, mais la sant\u00e9 holistique. \u00bb<\/p>\n<div id=\"attachment_20659\" style=\"width: 408px\" class=\"wp-caption alignleft\"><a href=\"\/interamerica\/wp-content\/uploads\/2017\/06\/Tortola-Noelene1.jpg\" rel=\"fancybox\" title=\"Les Adventistes de Tortola marchent pour la prise de conscience au sujet du VIH et du SIDA et en faveur de l\u2019abstinence.\"><img decoding=\"async\" aria-describedby=\"caption-attachment-20659\" class=\" wp-image-20659    \" src=\"\/interamerica\/wp-content\/uploads\/2017\/06\/Tortola-Noelene1-1024x861.jpg\" alt=\"\" width=\"398\" height=\"336\" \/><\/a><p id=\"caption-attachment-20659\" class=\"wp-caption-text\">Noelene Levons du d\u00e9partement de la Sant\u00e9 Familiale de Tortola, a f\u00e9licit\u00e9 l\u2019Eglise Adventiste qui a \u00e9t\u00e9 la seule organisation religieuse des Iles Vierges Britanniques \u00e0 promouvoir la sant\u00e9 et le bien-\u00eatre \u00e0 l\u2019occasion de la marche.<\/p><\/div>\n<p>Henderson Tittle, un conf\u00e9rencier sp\u00e9cialis\u00e9 dans le d\u00e9veloppement personnel de l\u2019Eglise Baptiste de la Nouvelle Vie \u00e0 Road Town, a partag\u00e9 le t\u00e9moignage de son meilleur ami qui a contract\u00e9 le virus HIV. Pendant la marche, Henderson Tittle portait un panier de petits g\u00e2teaux juste sortis du four. Ces g\u00e2teaux, a t-il dit, ont \u00e9t\u00e9 amen\u00e9s dans un but particulier.<\/p>\n<p>\u00ab Il s\u2019agit de l\u2019abstinence, \u00bb a dit Henderson Tittle. \u00ab Mon panier de petit g\u00e2teaux est vide, personne ne s\u2019est abstenu de mes g\u00e2teaux. Le sexe c\u2019est comme un g\u00e2teau, vous devez savoir combien vous pouvez en manger, parce que cela peut vous faire du tort, cela peut vous tuer. \u00bb<\/p>\n<p>Henderson Tittle a poursuivi en disant qu\u2019il ne s\u2019agissait pas d\u2019emp\u00eacher les gens d\u2019appr\u00e9cier le sexe. \u00ab Le sexe est comme un pistolet charg\u00e9, si vous ne savez pas comment l\u2019utiliser, vous allez vous faire mal. Il vous faut d\u2019un permis pour l\u2019utiliser [le sexe]. \u00bb<\/p>\n<p>Pasteur Leriano Webster, pasteur adjoint des \u00e9glises Adventistes de Purcelle Bale View East End et de Maranatha, a lanc\u00e9 un d\u00e9fi aux marcheurs, les invitant \u00e0 mettre l\u2019accent sur le fait d\u2019accorder \u00e0 Dieu la premi\u00e8re place dans leur vie.<\/p>\n<p>Jacob Adolphus, un coordonnateur de jeunesse sur l\u2019ile, a appr\u00e9ci\u00e9 le programme et envisage une marche plus importante l\u2019ann\u00e9e prochaine, une marche qui impliquera d\u2019autres instances gouvernementales. Jacob Adolphus a d\u00e9clar\u00e9 que l\u2019\u00e9glise a d\u00e9j\u00e0 contact\u00e9 le d\u00e9partement du d\u00e9veloppement social pour organiser \u00e9galement une marche autour du th\u00e8me de la maltraitance des enfants.<\/p>\n<p>L\u2019Eglise Adventiste du Septi\u00e8me Jour g\u00e8re sept congr\u00e9gations, une \u00e9cole primaire et une \u00e9cole secondaire \u00e0 Tortola.<\/p>\n<p>Traduction: Patrick Luciathe<\/p>\n","protected":false},"excerpt":{"rendered":"<p>La couleur rouge dominait dans les rues de Road Town \u00e0 Tortola dans les Iles Vierges Britanniques au moment o\u00f9 les Adventistes du Septi\u00e8me Jour d\u00e9filaient pour soutenir la lutte contre l\u2019\u00e9pid\u00e9mie du VIH et du SIDA. Plus de 250 jeunes venus de clubs d\u2019Eclaireurs et d\u2019Aventuriers de l\u2019ile, mais aussi des membres d\u2019\u00e9glise, se sont rassembl\u00e9s au Band Stand de Road Town le 28 Novembre 2015, pour lancer un message soulignant l\u2019importance de la pr\u00e9vention de la propagation du virus HIV et du SIDA dans leurs communaut\u00e9s.<\/p>\n","protected":false},"author":1,"featured_media":26791,"comment_status":"closed","ping_status":"closed","sticky":false,"template":"","format":"standard","meta":{"_acf_changed":false,"footnotes":""},"categories":[21,19],"tags":[],"class_list":["post-32457","post","type-post","status-publish","format-standard","has-post-thumbnail","hentry","category-nouvelles-du-territoire","category-rss-francais"],"acf":[],"yoast_head":"<!-- This site is optimized with the Yoast SEO plugin v27.3 - https:\/\/yoast.com\/product\/yoast-seo-wordpress\/ -->\n<title>Les Adventistes de Tortola marchent pour la prise de conscience au sujet du VIH et du SIDA et en faveur de l\u2019abstinence. - \u00c9glise Adventiste Du Septieme Jour - Inter Am\u00e9rique Division<\/title>\n<meta name=\"robots\" content=\"index, follow, max-snippet:-1, max-image-preview:large, max-video-preview:-1\" \/>\n<link rel=\"canonical\" href=\"https:\/\/interamerica.org\/fr\/2015\/12\/les-adventistes-de-tortola-marchent-pour-la-prise-de-conscience-au-sujet-du-vih-et-du-sida-et-en-faveur-de-labstinence\/\" \/>\n<meta property=\"og:locale\" content=\"fr_FR\" \/>\n<meta property=\"og:type\" content=\"article\" \/>\n<meta property=\"og:title\" content=\"Les Adventistes de Tortola marchent pour la prise de conscience au sujet du VIH et du SIDA et en faveur de l\u2019abstinence. - \u00c9glise Adventiste Du Septieme Jour - Inter Am\u00e9rique Division\" \/>\n<meta property=\"og:description\" content=\"La couleur rouge dominait dans les rues de Road Town \u00e0 Tortola dans les Iles Vierges Britanniques au moment o\u00f9 les Adventistes du Septi\u00e8me Jour d\u00e9filaient pour soutenir la lutte contre l\u2019\u00e9pid\u00e9mie du VIH et du SIDA. Plus de 250 jeunes venus de clubs d\u2019Eclaireurs et d\u2019Aventuriers de l\u2019ile, mais aussi des membres d\u2019\u00e9glise, se sont rassembl\u00e9s au Band Stand de Road Town le 28 Novembre 2015, pour lancer un message soulignant l\u2019importance de la pr\u00e9vention de la propagation du virus HIV et du SIDA dans leurs communaut\u00e9s.\" \/>\n<meta property=\"og:url\" content=\"https:\/\/interamerica.org\/fr\/2015\/12\/les-adventistes-de-tortola-marchent-pour-la-prise-de-conscience-au-sujet-du-vih-et-du-sida-et-en-faveur-de-labstinence\/\" \/>\n<meta property=\"og:site_name\" content=\"\u00c9glise Adventiste Du Septieme Jour - Inter Am\u00e9rique Division\" \/>\n<meta property=\"article:published_time\" content=\"2015-12-18T04:00:00+00:00\" \/>\n<meta property=\"og:image\" content=\"https:\/\/interamerica.org\/wp-content\/uploads\/2017\/06\/Tortola-pathfinders2jpg.jpg\" \/>\n\t<meta property=\"og:image:width\" content=\"1402\" \/>\n\t<meta property=\"og:image:height\" content=\"1149\" \/>\n\t<meta property=\"og:image:type\" content=\"image\/jpeg\" \/>\n<meta name=\"author\" content=\"Lorenzo Verduzco\" \/>\n<meta name=\"twitter:card\" content=\"summary_large_image\" \/>\n<meta name=\"twitter:label1\" content=\"\u00c9crit par\" \/>\n\t<meta name=\"twitter:data1\" content=\"Lorenzo Verduzco\" \/>\n\t<meta name=\"twitter:label2\" content=\"Dur\u00e9e de lecture estim\u00e9e\" \/>\n\t<meta name=\"twitter:data2\" content=\"4 minutes\" \/>\n<script type=\"application\/ld+json\" class=\"yoast-schema-graph\">{\"@context\":\"https:\\\/\\\/schema.org\",\"@graph\":[{\"@type\":\"Article\",\"@id\":\"https:\\\/\\\/interamerica.org\\\/fr\\\/2015\\\/12\\\/les-adventistes-de-tortola-marchent-pour-la-prise-de-conscience-au-sujet-du-vih-et-du-sida-et-en-faveur-de-labstinence\\\/#article\",\"isPartOf\":{\"@id\":\"https:\\\/\\\/interamerica.org\\\/fr\\\/2015\\\/12\\\/les-adventistes-de-tortola-marchent-pour-la-prise-de-conscience-au-sujet-du-vih-et-du-sida-et-en-faveur-de-labstinence\\\/\"},\"author\":{\"name\":\"Lorenzo Verduzco\",\"@id\":\"https:\\\/\\\/interamerica.org\\\/fr\\\/#\\\/schema\\\/person\\\/68ede8bdc292885bb76c1e3810e73c39\"},\"headline\":\"Les Adventistes de Tortola marchent pour la prise de conscience au sujet du VIH et du SIDA et en faveur de l\u2019abstinence.\",\"datePublished\":\"2015-12-18T04:00:00+00:00\",\"mainEntityOfPage\":{\"@id\":\"https:\\\/\\\/interamerica.org\\\/fr\\\/2015\\\/12\\\/les-adventistes-de-tortola-marchent-pour-la-prise-de-conscience-au-sujet-du-vih-et-du-sida-et-en-faveur-de-labstinence\\\/\"},\"wordCount\":753,\"image\":{\"@id\":\"https:\\\/\\\/interamerica.org\\\/fr\\\/2015\\\/12\\\/les-adventistes-de-tortola-marchent-pour-la-prise-de-conscience-au-sujet-du-vih-et-du-sida-et-en-faveur-de-labstinence\\\/#primaryimage\"},\"thumbnailUrl\":\"https:\\\/\\\/interamerica.org\\\/wp-content\\\/uploads\\\/2017\\\/06\\\/Tortola-pathfinders2jpg.jpg\",\"articleSection\":[\"Nouvelles du territoire\",\"RSS Fran\u00e7ais\"],\"inLanguage\":\"fr-FR\"},{\"@type\":\"WebPage\",\"@id\":\"https:\\\/\\\/interamerica.org\\\/fr\\\/2015\\\/12\\\/les-adventistes-de-tortola-marchent-pour-la-prise-de-conscience-au-sujet-du-vih-et-du-sida-et-en-faveur-de-labstinence\\\/\",\"url\":\"https:\\\/\\\/interamerica.org\\\/fr\\\/2015\\\/12\\\/les-adventistes-de-tortola-marchent-pour-la-prise-de-conscience-au-sujet-du-vih-et-du-sida-et-en-faveur-de-labstinence\\\/\",\"name\":\"Les Adventistes de Tortola marchent pour la prise de conscience au sujet du VIH et du SIDA et en faveur de l\u2019abstinence. - \u00c9glise Adventiste Du Septieme Jour - Inter Am\u00e9rique Division\",\"isPartOf\":{\"@id\":\"https:\\\/\\\/interamerica.org\\\/fr\\\/#website\"},\"primaryImageOfPage\":{\"@id\":\"https:\\\/\\\/interamerica.org\\\/fr\\\/2015\\\/12\\\/les-adventistes-de-tortola-marchent-pour-la-prise-de-conscience-au-sujet-du-vih-et-du-sida-et-en-faveur-de-labstinence\\\/#primaryimage\"},\"image\":{\"@id\":\"https:\\\/\\\/interamerica.org\\\/fr\\\/2015\\\/12\\\/les-adventistes-de-tortola-marchent-pour-la-prise-de-conscience-au-sujet-du-vih-et-du-sida-et-en-faveur-de-labstinence\\\/#primaryimage\"},\"thumbnailUrl\":\"https:\\\/\\\/interamerica.org\\\/wp-content\\\/uploads\\\/2017\\\/06\\\/Tortola-pathfinders2jpg.jpg\",\"datePublished\":\"2015-12-18T04:00:00+00:00\",\"author\":{\"@id\":\"https:\\\/\\\/interamerica.org\\\/fr\\\/#\\\/schema\\\/person\\\/68ede8bdc292885bb76c1e3810e73c39\"},\"breadcrumb\":{\"@id\":\"https:\\\/\\\/interamerica.org\\\/fr\\\/2015\\\/12\\\/les-adventistes-de-tortola-marchent-pour-la-prise-de-conscience-au-sujet-du-vih-et-du-sida-et-en-faveur-de-labstinence\\\/#breadcrumb\"},\"inLanguage\":\"fr-FR\",\"potentialAction\":[{\"@type\":\"ReadAction\",\"target\":[\"https:\\\/\\\/interamerica.org\\\/fr\\\/2015\\\/12\\\/les-adventistes-de-tortola-marchent-pour-la-prise-de-conscience-au-sujet-du-vih-et-du-sida-et-en-faveur-de-labstinence\\\/\"]}]},{\"@type\":\"ImageObject\",\"inLanguage\":\"fr-FR\",\"@id\":\"https:\\\/\\\/interamerica.org\\\/fr\\\/2015\\\/12\\\/les-adventistes-de-tortola-marchent-pour-la-prise-de-conscience-au-sujet-du-vih-et-du-sida-et-en-faveur-de-labstinence\\\/#primaryimage\",\"url\":\"https:\\\/\\\/interamerica.org\\\/wp-content\\\/uploads\\\/2017\\\/06\\\/Tortola-pathfinders2jpg.jpg\",\"contentUrl\":\"https:\\\/\\\/interamerica.org\\\/wp-content\\\/uploads\\\/2017\\\/06\\\/Tortola-pathfinders2jpg.jpg\",\"width\":1402,\"height\":1149},{\"@type\":\"BreadcrumbList\",\"@id\":\"https:\\\/\\\/interamerica.org\\\/fr\\\/2015\\\/12\\\/les-adventistes-de-tortola-marchent-pour-la-prise-de-conscience-au-sujet-du-vih-et-du-sida-et-en-faveur-de-labstinence\\\/#breadcrumb\",\"itemListElement\":[{\"@type\":\"ListItem\",\"position\":1,\"name\":\"Home\",\"item\":\"https:\\\/\\\/interamerica.org\\\/fr\\\/\"},{\"@type\":\"ListItem\",\"position\":2,\"name\":\"Les Adventistes de Tortola marchent pour la prise de conscience au sujet du VIH et du SIDA et en faveur de l\u2019abstinence.\"}]},{\"@type\":\"WebSite\",\"@id\":\"https:\\\/\\\/interamerica.org\\\/fr\\\/#website\",\"url\":\"https:\\\/\\\/interamerica.org\\\/fr\\\/\",\"name\":\"\u00c9glise Adventiste Du Septieme Jour - Inter Am\u00e9rique Division\",\"description\":\"\",\"potentialAction\":[{\"@type\":\"SearchAction\",\"target\":{\"@type\":\"EntryPoint\",\"urlTemplate\":\"https:\\\/\\\/interamerica.org\\\/fr\\\/?s={search_term_string}\"},\"query-input\":{\"@type\":\"PropertyValueSpecification\",\"valueRequired\":true,\"valueName\":\"search_term_string\"}}],\"inLanguage\":\"fr-FR\"},{\"@type\":\"Person\",\"@id\":\"https:\\\/\\\/interamerica.org\\\/fr\\\/#\\\/schema\\\/person\\\/68ede8bdc292885bb76c1e3810e73c39\",\"name\":\"Lorenzo Verduzco\",\"image\":{\"@type\":\"ImageObject\",\"inLanguage\":\"fr-FR\",\"@id\":\"https:\\\/\\\/secure.gravatar.com\\\/avatar\\\/fb81a55b6218459490a9c1dc841a34909185b81904c5337b4b27f7a6fd60c49e?s=96&d=mm&r=g\",\"url\":\"https:\\\/\\\/secure.gravatar.com\\\/avatar\\\/fb81a55b6218459490a9c1dc841a34909185b81904c5337b4b27f7a6fd60c49e?s=96&d=mm&r=g\",\"contentUrl\":\"https:\\\/\\\/secure.gravatar.com\\\/avatar\\\/fb81a55b6218459490a9c1dc841a34909185b81904c5337b4b27f7a6fd60c49e?s=96&d=mm&r=g\",\"caption\":\"Lorenzo Verduzco\"}}]}<\/script>\n<!-- \/ Yoast SEO plugin. -->","yoast_head_json":{"title":"Les Adventistes de Tortola marchent pour la prise de conscience au sujet du VIH et du SIDA et en faveur de l\u2019abstinence. - \u00c9glise Adventiste Du Septieme Jour - Inter Am\u00e9rique Division","robots":{"index":"index","follow":"follow","max-snippet":"max-snippet:-1","max-image-preview":"max-image-preview:large","max-video-preview":"max-video-preview:-1"},"canonical":"https:\/\/interamerica.org\/fr\/2015\/12\/les-adventistes-de-tortola-marchent-pour-la-prise-de-conscience-au-sujet-du-vih-et-du-sida-et-en-faveur-de-labstinence\/","og_locale":"fr_FR","og_type":"article","og_title":"Les Adventistes de Tortola marchent pour la prise de conscience au sujet du VIH et du SIDA et en faveur de l\u2019abstinence. - \u00c9glise Adventiste Du Septieme Jour - Inter Am\u00e9rique Division","og_description":"La couleur rouge dominait dans les rues de Road Town \u00e0 Tortola dans les Iles Vierges Britanniques au moment o\u00f9 les Adventistes du Septi\u00e8me Jour d\u00e9filaient pour soutenir la lutte contre l\u2019\u00e9pid\u00e9mie du VIH et du SIDA. Plus de 250 jeunes venus de clubs d\u2019Eclaireurs et d\u2019Aventuriers de l\u2019ile, mais aussi des membres d\u2019\u00e9glise, se sont rassembl\u00e9s au Band Stand de Road Town le 28 Novembre 2015, pour lancer un message soulignant l\u2019importance de la pr\u00e9vention de la propagation du virus HIV et du SIDA dans leurs communaut\u00e9s.","og_url":"https:\/\/interamerica.org\/fr\/2015\/12\/les-adventistes-de-tortola-marchent-pour-la-prise-de-conscience-au-sujet-du-vih-et-du-sida-et-en-faveur-de-labstinence\/","og_site_name":"\u00c9glise Adventiste Du Septieme Jour - Inter Am\u00e9rique Division","article_published_time":"2015-12-18T04:00:00+00:00","og_image":[{"width":1402,"height":1149,"url":"https:\/\/interamerica.org\/wp-content\/uploads\/2017\/06\/Tortola-pathfinders2jpg.jpg","type":"image\/jpeg"}],"author":"Lorenzo Verduzco","twitter_card":"summary_large_image","twitter_misc":{"\u00c9crit par":"Lorenzo Verduzco","Dur\u00e9e de lecture estim\u00e9e":"4 minutes"},"schema":{"@context":"https:\/\/schema.org","@graph":[{"@type":"Article","@id":"https:\/\/interamerica.org\/fr\/2015\/12\/les-adventistes-de-tortola-marchent-pour-la-prise-de-conscience-au-sujet-du-vih-et-du-sida-et-en-faveur-de-labstinence\/#article","isPartOf":{"@id":"https:\/\/interamerica.org\/fr\/2015\/12\/les-adventistes-de-tortola-marchent-pour-la-prise-de-conscience-au-sujet-du-vih-et-du-sida-et-en-faveur-de-labstinence\/"},"author":{"name":"Lorenzo Verduzco","@id":"https:\/\/interamerica.org\/fr\/#\/schema\/person\/68ede8bdc292885bb76c1e3810e73c39"},"headline":"Les Adventistes de Tortola marchent pour la prise de conscience au sujet du VIH et du SIDA et en faveur de l\u2019abstinence.","datePublished":"2015-12-18T04:00:00+00:00","mainEntityOfPage":{"@id":"https:\/\/interamerica.org\/fr\/2015\/12\/les-adventistes-de-tortola-marchent-pour-la-prise-de-conscience-au-sujet-du-vih-et-du-sida-et-en-faveur-de-labstinence\/"},"wordCount":753,"image":{"@id":"https:\/\/interamerica.org\/fr\/2015\/12\/les-adventistes-de-tortola-marchent-pour-la-prise-de-conscience-au-sujet-du-vih-et-du-sida-et-en-faveur-de-labstinence\/#primaryimage"},"thumbnailUrl":"https:\/\/interamerica.org\/wp-content\/uploads\/2017\/06\/Tortola-pathfinders2jpg.jpg","articleSection":["Nouvelles du territoire","RSS Fran\u00e7ais"],"inLanguage":"fr-FR"},{"@type":"WebPage","@id":"https:\/\/interamerica.org\/fr\/2015\/12\/les-adventistes-de-tortola-marchent-pour-la-prise-de-conscience-au-sujet-du-vih-et-du-sida-et-en-faveur-de-labstinence\/","url":"https:\/\/interamerica.org\/fr\/2015\/12\/les-adventistes-de-tortola-marchent-pour-la-prise-de-conscience-au-sujet-du-vih-et-du-sida-et-en-faveur-de-labstinence\/","name":"Les Adventistes de Tortola marchent pour la prise de conscience au sujet du VIH et du SIDA et en faveur de l\u2019abstinence. - \u00c9glise Adventiste Du Septieme Jour - Inter Am\u00e9rique Division","isPartOf":{"@id":"https:\/\/interamerica.org\/fr\/#website"},"primaryImageOfPage":{"@id":"https:\/\/interamerica.org\/fr\/2015\/12\/les-adventistes-de-tortola-marchent-pour-la-prise-de-conscience-au-sujet-du-vih-et-du-sida-et-en-faveur-de-labstinence\/#primaryimage"},"image":{"@id":"https:\/\/interamerica.org\/fr\/2015\/12\/les-adventistes-de-tortola-marchent-pour-la-prise-de-conscience-au-sujet-du-vih-et-du-sida-et-en-faveur-de-labstinence\/#primaryimage"},"thumbnailUrl":"https:\/\/interamerica.org\/wp-content\/uploads\/2017\/06\/Tortola-pathfinders2jpg.jpg","datePublished":"2015-12-18T04:00:00+00:00","author":{"@id":"https:\/\/interamerica.org\/fr\/#\/schema\/person\/68ede8bdc292885bb76c1e3810e73c39"},"breadcrumb":{"@id":"https:\/\/interamerica.org\/fr\/2015\/12\/les-adventistes-de-tortola-marchent-pour-la-prise-de-conscience-au-sujet-du-vih-et-du-sida-et-en-faveur-de-labstinence\/#breadcrumb"},"inLanguage":"fr-FR","potentialAction":[{"@type":"ReadAction","target":["https:\/\/interamerica.org\/fr\/2015\/12\/les-adventistes-de-tortola-marchent-pour-la-prise-de-conscience-au-sujet-du-vih-et-du-sida-et-en-faveur-de-labstinence\/"]}]},{"@type":"ImageObject","inLanguage":"fr-FR","@id":"https:\/\/interamerica.org\/fr\/2015\/12\/les-adventistes-de-tortola-marchent-pour-la-prise-de-conscience-au-sujet-du-vih-et-du-sida-et-en-faveur-de-labstinence\/#primaryimage","url":"https:\/\/interamerica.org\/wp-content\/uploads\/2017\/06\/Tortola-pathfinders2jpg.jpg","contentUrl":"https:\/\/interamerica.org\/wp-content\/uploads\/2017\/06\/Tortola-pathfinders2jpg.jpg","width":1402,"height":1149},{"@type":"BreadcrumbList","@id":"https:\/\/interamerica.org\/fr\/2015\/12\/les-adventistes-de-tortola-marchent-pour-la-prise-de-conscience-au-sujet-du-vih-et-du-sida-et-en-faveur-de-labstinence\/#breadcrumb","itemListElement":[{"@type":"ListItem","position":1,"name":"Home","item":"https:\/\/interamerica.org\/fr\/"},{"@type":"ListItem","position":2,"name":"Les Adventistes de Tortola marchent pour la prise de conscience au sujet du VIH et du SIDA et en faveur de l\u2019abstinence."}]},{"@type":"WebSite","@id":"https:\/\/interamerica.org\/fr\/#website","url":"https:\/\/interamerica.org\/fr\/","name":"\u00c9glise Adventiste Du Septieme Jour - Inter Am\u00e9rique Division","description":"","potentialAction":[{"@type":"SearchAction","target":{"@type":"EntryPoint","urlTemplate":"https:\/\/interamerica.org\/fr\/?s={search_term_string}"},"query-input":{"@type":"PropertyValueSpecification","valueRequired":true,"valueName":"search_term_string"}}],"inLanguage":"fr-FR"},{"@type":"Person","@id":"https:\/\/interamerica.org\/fr\/#\/schema\/person\/68ede8bdc292885bb76c1e3810e73c39","name":"Lorenzo Verduzco","image":{"@type":"ImageObject","inLanguage":"fr-FR","@id":"https:\/\/secure.gravatar.com\/avatar\/fb81a55b6218459490a9c1dc841a34909185b81904c5337b4b27f7a6fd60c49e?s=96&d=mm&r=g","url":"https:\/\/secure.gravatar.com\/avatar\/fb81a55b6218459490a9c1dc841a34909185b81904c5337b4b27f7a6fd60c49e?s=96&d=mm&r=g","contentUrl":"https:\/\/secure.gravatar.com\/avatar\/fb81a55b6218459490a9c1dc841a34909185b81904c5337b4b27f7a6fd60c49e?s=96&d=mm&r=g","caption":"Lorenzo Verduzco"}}]}},"_links":{"self":[{"href":"https:\/\/interamerica.org\/fr\/wp-json\/wp\/v2\/posts\/32457","targetHints":{"allow":["GET"]}}],"collection":[{"href":"https:\/\/interamerica.org\/fr\/wp-json\/wp\/v2\/posts"}],"about":[{"href":"https:\/\/interamerica.org\/fr\/wp-json\/wp\/v2\/types\/post"}],"author":[{"embeddable":true,"href":"https:\/\/interamerica.org\/fr\/wp-json\/wp\/v2\/users\/1"}],"replies":[{"embeddable":true,"href":"https:\/\/interamerica.org\/fr\/wp-json\/wp\/v2\/comments?post=32457"}],"version-history":[{"count":0,"href":"https:\/\/interamerica.org\/fr\/wp-json\/wp\/v2\/posts\/32457\/revisions"}],"wp:featuredmedia":[{"embeddable":true,"href":"https:\/\/interamerica.org\/fr\/wp-json\/wp\/v2\/media\/26791"}],"wp:attachment":[{"href":"https:\/\/interamerica.org\/fr\/wp-json\/wp\/v2\/media?parent=32457"}],"wp:term":[{"taxonomy":"category","embeddable":true,"href":"https:\/\/interamerica.org\/fr\/wp-json\/wp\/v2\/categories?post=32457"},{"taxonomy":"post_tag","embeddable":true,"href":"https:\/\/interamerica.org\/fr\/wp-json\/wp\/v2\/tags?post=32457"}],"curies":[{"name":"wp","href":"https:\/\/api.w.org\/{rel}","templated":true}]}}