{"id":32458,"date":"2015-12-25T00:00:00","date_gmt":"2015-12-25T04:00:00","guid":{"rendered":"http:\/\/192.81.217.108\/interamerica\/2015\/12\/robert-folkenberg-ancien-president-de-leglise-adventiste-est-decede-a-lage-de-74-ans\/"},"modified":"2015-12-25T00:00:00","modified_gmt":"2015-12-25T04:00:00","slug":"robert-folkenberg-ancien-president-de-leglise-adventiste-est-decede-a-lage-de-74-ans","status":"publish","type":"post","link":"https:\/\/interamerica.org\/fr\/2015\/12\/robert-folkenberg-ancien-president-de-leglise-adventiste-est-decede-a-lage-de-74-ans\/","title":{"rendered":"Robert Folkenberg, ancien pr\u00e9sident de l\u2019Eglise Adventiste est d\u00e9c\u00e9d\u00e9 \u00e0 l\u2019\u00e2ge de 74 ans"},"content":{"rendered":"<div id=\"attachment_20681\" style=\"width: 710px\" class=\"wp-caption aligncenter\"><a href=\"\/interamerica\/wp-content\/uploads\/2017\/06\/Adventist-Robert-Folkenberg-wife.jpg\" rel=\"fancybox\" title=\"Robert Folkenberg, ancien pr\u00e9sident de l\u2019Eglise Adventiste est d\u00e9c\u00e9d\u00e9 \u00e0 l\u2019\u00e2ge de 74 ans\"><img fetchpriority=\"high\" decoding=\"async\" aria-describedby=\"caption-attachment-20681\" class=\" wp-image-20681 \" src=\"\/interamerica\/wp-content\/uploads\/2017\/06\/Adventist-Robert-Folkenberg-wife.jpg\" alt=\"\" width=\"700\" height=\"350\" \/><\/a><p id=\"caption-attachment-20681\" class=\"wp-caption-text\">Robert S. Folkenberg avec son \u00e9pouse Anita, dans une photo de famille. Image des Archives Adventistes.<\/p><\/div>\n<p>24 D\u00e9cembre 2015 \u2013 Silver Spring, Maryland, Etats Unis \u2013 Andrew McChesney, Adventist Review, ANN<\/p>\n<p>Robert S. Folkenberg, administrateur innovant et militant pour la mission, ayant dirig\u00e9 l\u2019Eglise Adventiste du Septi\u00e8me Jour pendant neuf ans, est d\u00e9c\u00e9d\u00e9 le 24 d\u00e9cembre apr\u00e8s une longue lutte contre le cancer. Il aurait eu 75 ans dans quelques jours.<\/p>\n<div id=\"attachment_20682\" style=\"width: 372px\" class=\"wp-caption alignright\"><a href=\"\/interamerica\/wp-content\/uploads\/2017\/06\/Adventist-Robert-Folkenberg-July8-1990.jpg\" rel=\"fancybox\" title=\"Robert Folkenberg, ancien pr\u00e9sident de l\u2019Eglise Adventiste est d\u00e9c\u00e9d\u00e9 \u00e0 l\u2019\u00e2ge de 74 ans\"><img decoding=\"async\" aria-describedby=\"caption-attachment-20682\" class=\" wp-image-20682  \" src=\"\/interamerica\/wp-content\/uploads\/2017\/06\/Adventist-Robert-Folkenberg-July8-1990.jpg\" alt=\"\" width=\"362\" height=\"475\" \/><\/a><p id=\"caption-attachment-20682\" class=\"wp-caption-text\">Robert Folkenberg en couverture de l\u2019\u00e9dition du 8 juillet 1990 de Adventist Review apr\u00e8s son \u00e9lection en tant que pr\u00e9sident de la Conf\u00e9rence G\u00e9n\u00e9rale.<\/p><\/div>\n<p>Robert Folkenberg croyait que les Adventistes avaient un message extraordinaire \u00e0 partager et qu\u2019internet \u00e9tait un formidable moyen de d\u00e9velopper l\u2019action de l\u2019\u00e9glise. L\u2019Eglise Adventiste, croyait-il, pouvait utiliser l\u2019internet pour proposer des informations, des formations et des exp\u00e9riences qui d\u00e9montraient mieux l\u2019aspect global de sa mission.<\/p>\n<p>Il a fait avancer l\u2019\u00e9glise avec les nouvelles technologies au cours de son mandat de pr\u00e9sident de la Conf\u00e9rence G\u00e9n\u00e9rale des Adventistes du Septi\u00e8me Jour de 1990 \u00e0 1999 et a introduit l\u2019utilisation dans l\u2019\u00e9glise de CompuServe, un pr\u00e9curseur de l\u2019internet, faisant de l\u2019Eglise Adventiste du Septi\u00e8me Jour la premi\u00e8re d\u00e9nomination \u00e0 utiliser une telle technologie.<\/p>\n<p>\u00ab Fr\u00e8re Folkenberg d\u00e9bordait d\u2019id\u00e9es cr\u00e9atives et innovantes au sujet du fonctionnement de l\u2019\u00e9glise et de l\u2019\u00e9vang\u00e9lisation, \u00bb a d\u00e9clar\u00e9 le pr\u00e9sident de la Conf\u00e9rence G\u00e9n\u00e9rale, Ted N.C. Wilson. \u00ab En tant que pr\u00e9sident de la Conf\u00e9rence G\u00e9n\u00e9rale, il a accord\u00e9 beaucoup d\u2019attention \u00e0 l\u2019aspect audiovisuel de la mission, dans les activit\u00e9s de l\u2019\u00e9glise et dans l\u2019\u00e9vang\u00e9lisation, il a aussi lanc\u00e9 l\u2019utilisation d\u2019internet pour la communication au sein de la structure de l\u2019\u00e9glise. \u00bb<\/p>\n<p>Robert Folkenberg avait \u00e9galement une grande passion pour la mission, la force motrice de son minist\u00e8re. Durant son mandat de pr\u00e9sident de l\u2019Eglise Adventiste mondiale, il a contribu\u00e9 \u00e0 lancer l\u2019initiative Mission Globale, gr\u00e2ce \u00e0 laquelle des milliers de congr\u00e9gations ont \u00e9t\u00e9 \u00e9tablies \u00e0 travers le monde.<\/p>\n<p>\u00ab Nous ne pourrions demander un plus grand soutien que celui de pasteur Folkenberg pour Mission Globale, \u00bb a dit Michael L. Ryan, premier directeur de Mission Globale et ancien vice-pr\u00e9sident g\u00e9n\u00e9ral de la Conf\u00e9rence G\u00e9n\u00e9rale.<\/p>\n<p>Michael Ryan a d\u00e9clar\u00e9 qu\u2019il se rappelle que Robert Folkenberg disait souvent : \u00ab la participation \u00e0 Mission Globale n\u2019est pas facultative. \u00bb<\/p>\n<p>\u00ab Fr\u00e8re Folkenberg \u00e9tait visible, impliqu\u00e9 et passionn\u00e9 au sujet de la proclamation de l\u2019esp\u00e9rance de l\u2019\u00e9vangile dans des endroits o\u00f9 le nom de J\u00e9sus n\u2019\u00e9tait pas connu, \u00bb a t-il dit. \u00ab Cela lui importait de mani\u00e8re personnelle que l\u2019\u00e9glise soit organis\u00e9e et concentr\u00e9e sur sa mission et que chaque membre fasse de son r\u00f4le d\u2019ambassadeur pour Christ, sa principale priorit\u00e9. \u00bb<\/p>\n<p><span style=\"font-size: medium;\"><strong>Une Vie de Mission<\/strong><\/span><br \/>\nRobert Stanley Folkenberg est n\u00e9 le 1er janvier 1941 de parents missionnaires \u00e0 Santurcee \u00e0 Porto Rico. Il est all\u00e9 \u00e0 l\u2019\u00e9cole \u00e0 Porto Rico jusqu\u2019au CM1 avant de terminer l\u2019\u00e9cole primaire \u00e0 Cuba. Il est entr\u00e9 \u00e0 l\u2019\u00e9cole secondaire en Californie et a achev\u00e9 ses \u00e9tudes secondaires \u00e0 Milo Adventist Academy dans l\u2019Oregon en 1958.<\/p>\n<p>Robert Folkenberg a fr\u00e9quent\u00e9 Atlantic Union College dans le Massachussetts et ensuite Newbold College en Angleterre avant de terminer des \u00e9tudes \u00e0 l\u2019Universit\u00e9 d\u2019Andrews o\u00f9 il a re\u00e7u un dipl\u00f4me en minist\u00e8re en 1962. En 1963 il obtient une maitrise en th\u00e9ologie du Nouveau Testament \u00e0 l\u2019Universit\u00e9 d\u2019Andrews.<\/p>\n<div id=\"attachment_20683\" style=\"width: 430px\" class=\"wp-caption alignright\"><a href=\"\/interamerica\/wp-content\/uploads\/2017\/06\/Adventist-Robert-Folkenberg-flight.jpg\" rel=\"fancybox\" title=\"Robert Folkenberg, ancien pr\u00e9sident de l\u2019Eglise Adventiste est d\u00e9c\u00e9d\u00e9 \u00e0 l\u2019\u00e2ge de 74 ans\"><img decoding=\"async\" aria-describedby=\"caption-attachment-20683\" class=\" wp-image-20683  \" src=\"\/interamerica\/wp-content\/uploads\/2017\/06\/Adventist-Robert-Folkenberg-flight.jpg\" alt=\"\" width=\"420\" height=\"294\" \/><\/a><p id=\"caption-attachment-20683\" class=\"wp-caption-text\"><\/p>\n<p id=\"tw-target-text\" dir=\"ltr\" data-placeholder=\"Translation\">Un pilote brevet\u00e9, Folkenberg \u00e9galement pu voir l&rsquo;aviation am\u00e9ricaine pr\u00e8s.<\/p>\n<p><\/p><\/div>\n<p>Robert Folkenberg \u00e9tait avide de pilotage. Il a atteint le rang de pilote de transport sur avion \u00e0 moteur unique et \u00e0 moteurs multiples, ainsi que le titre de pilote d\u2019h\u00e9licopt\u00e8re commercial et un titre dans le domaine maritime \u00e9galement ; il a plus de 2000 heures de vol, l\u2019essentiel de ces heures, il les a pass\u00e9es en Am\u00e9rique Centrale et dans la Cara\u00efbe.<\/p>\n<p>Robert Folkenberg a consacr\u00e9 une bonne partie de sa vie au service dans la Division Inter Am\u00e9ricaine. Il a d\u2019abord servi en tant que pasteur au Panama (1966-68), il est ensuite devenu le directeur du d\u00e9partement de Gestion Chr\u00e9tienne \u00e0 la F\u00e9d\u00e9ration du Panama (1968), pr\u00e9sident de l\u2019Union du Honduras (1970), secr\u00e9taire (1974) et plus tard pr\u00e9sident de l\u2019Union Centram\u00e9ricaine (1975). En 1980, il devient assistant aupr\u00e8s du pr\u00e9sident de la Division Inter Am\u00e9ricaine. Il a servi en Am\u00e9rique du Nord en tant que pr\u00e9sident de la F\u00e9d\u00e9ration de la Caroline (1985-1990) avant d\u2019\u00eatre \u00e9lu pr\u00e9sident de la Conf\u00e9rence G\u00e9n\u00e9rale en 1990.<\/p>\n<p>Robert Folkenberg a d\u00e9velopp\u00e9 des amiti\u00e9s durables avec les personnes avec qui il a v\u00e9cu et travaill\u00e9.<\/p>\n<p>Libna Stevens, directrice adjointe de la communication pour la Division Inter Am\u00e9ricain, dit de Folkenberg qu\u2019il \u00e9tait \u00ab hors du commun \u00bb lorsqu\u2019elle l\u2019a rencontr\u00e9 pour la premi\u00e8re fois \u00e0 l\u2019\u00e2ge de sept ans chez elle au Costa Rica.<\/p>\n<p>\u00ab Il venait avec son avion depuis le Guatemala pour superviser l\u2019universit\u00e9 Adventiste que mon p\u00e8re g\u00e9rait \u00e0 Alajuela au Costa Rica, \u00bb a dit Libna Stevens. \u00ab Il venait \u00e0 plusieurs reprises chez nous pour prendre le petit d\u00e9jeuner avant de repartir. Il aimait le Yuca (racine de manioc) et venait dans la cuisine pour les oignons saut\u00e9s pendant que ma m\u00e8re cuisinait. Il faisait cela \u00e0 chaque fois avec un large sourire sur son visage. \u00bb<\/p>\n<p>Elle a parl\u00e9 affectueusement de son \u00ab rire amusant \u00bb et de sa tendre affection.<\/p>\n<p>\u00ab Il prenait toujours le temps de parler \u00e0 ma s\u0153ur et \u00e0 moi, \u00bb a t-elle dit.<\/p>\n<p>Hilda Matar-Montero, membre depuis 1977 du personnel \u00e0 la Division Inter Am\u00e9ricaine bas\u00e9e \u00e0 Miami, se rappelle comment Robert Folkenberg avait trouv\u00e9 le temps malgr\u00e9 son emploi du temps charg\u00e9, d\u2019officier \u00e0 son mariage plusieurs mois apr\u00e8s son \u00e9lection en tant que pr\u00e9sident de la Conf\u00e9rence G\u00e9n\u00e9rale.<\/p>\n<div id=\"attachment_20684\" style=\"width: 430px\" class=\"wp-caption alignleft\"><a href=\"\/interamerica\/wp-content\/uploads\/2017\/06\/Adventist-Robert-Folkenberg-1990.jpg\" rel=\"fancybox\" title=\"Robert Folkenberg, ancien pr\u00e9sident de l\u2019Eglise Adventiste est d\u00e9c\u00e9d\u00e9 \u00e0 l\u2019\u00e2ge de 74 ans\"><img loading=\"lazy\" decoding=\"async\" aria-describedby=\"caption-attachment-20684\" class=\" wp-image-20684  \" src=\"\/interamerica\/wp-content\/uploads\/2017\/06\/Adventist-Robert-Folkenberg-1990.jpg\" alt=\"\" width=\"420\" height=\"294\" \/><\/a><p id=\"caption-attachment-20684\" class=\"wp-caption-text\">Dans le bureau du pr\u00e9sident de la Conf\u00e9rence G\u00e9n\u00e9rale en 1990.<\/p><\/div>\n<p>\u00ab C\u2019\u00e9tait un v\u00e9ritable ami, \u00bb a dit Hilda Matar-Montero. \u00ab Lorsque je lui ai demand\u00e9 d\u2019officier au mariage de mon \u00e9poux et moi-m\u00eame, il m\u2019a dit : \u2018Hilda, dis moi quand tu voudrais que je vienne, et j\u2019arrangerai mes d\u00e9placements pour laisser la place pour ton mariage.\u2019 Et en v\u00e9rit\u00e9, il s\u2019est organis\u00e9 pour faire notre mariage. \u00bb<\/p>\n<p>Hilda Matar-Montero a gard\u00e9 le contact avec Robert Folkenberg au fil des ann\u00e9es et r\u00e9cemment lui a parl\u00e9 au t\u00e9l\u00e9phone le 9 d\u00e9cembre.<\/p>\n<p>\u00ab Je lui ai dit combien nous priions tous pour lui, \u00bb a t-elle dit. \u00ab Il m\u2019a dit : \u2018le temps est si court Hilda, mais je suis pr\u00eat. J\u2019aime la Division Inter Am\u00e9ricaine, et j\u2019aime toutes les personnes que je connais.\u2019 J\u2019attends le moment o\u00f9 je le reverrai au ciel. \u00bb<\/p>\n<p>Robert Folkenbergb est d\u00e9c\u00e9d\u00e9 \u00e0 13h35 le jeudi 24 d\u00e9cembre, entour\u00e9 de sa famille dans sa maison de Winter Haven en Floride.<\/p>\n<p>Les derniers jours de Robert Folkenberg ont \u00e9t\u00e9 remplis de paix, a dit sa fille Kathi Folkenberg Jensen, une infirmi\u00e8re dipl\u00f4m\u00e9e d\u2019\u00e9tat.<\/p>\n<p>\u00ab Aujourd\u2019hui, alors que nous nous occupions de lui, il a souri, \u00bb a t-elle \u00e9crit sur Facebook le 21 d\u00e9cembre. \u00ab Lorsque ma m\u00e8re a demand\u00e9 pourquoi il souriait, il a murmur\u00e9 qu\u2019il \u00e9tait heureux parce qu\u2019il \u00e9tait en paix. Je loue le Seigneur pour mon p\u00e8re, sa foi solide dans son Sauveur, et la bienheureuse assurance du salut que nous pouvons avoir gr\u00e2ce \u00e0 J\u00e9sus et \u00e0 Son sacrifice pour nous ! \u00bb<\/p>\n<p>Robert Folkenberg laisse son \u00e9pouse, Anita Emmerson, et leurs deux enfants, Robert Jr et Kathi, et six petits-enfants. Robert Folkenberg Jr sert en tant que pr\u00e9sident de l\u2019Union Mission Chinoise de l\u2019Eglise Adventiste.<\/p>\n<p>Un service m\u00e9morial aura lieu \u00e0 16h00 le 10 janvier \u00e0 l\u2019\u00e9glise Adventiste du Septi\u00e8me Jour de Avon Park, \u00e0 Avon Park en Floride, a pr\u00e9cis\u00e9 son fils par e-mail. Pasteur Wilson pr\u00e9sentera l\u2019hom\u00e9lie.<\/p>\n<p>Au lieu de fleurs, la famille acceptera les dons pour ShareHim, une initiative missionnaire et \u00e9vang\u00e9lique mise sur pied par Robert Folkenberg visant \u00e0 former des individus et des \u00e9glises locales en vue de tenir des campagnes d\u2019\u00e9vang\u00e9lisation dans leurs communaut\u00e9s. ShareHim accepte des contributions en ligne \u00e0 l\u2019adresse <a href=\"http:\/\/sharehim.org\/php\/index.php\">sharehim.org<\/a>.<\/p>\n<p><span style=\"font-size: medium;\"><strong>Le Partager Jusqu\u2019\u00e0 la Fin<\/strong><\/span><\/p>\n<div id=\"attachment_20685\" style=\"width: 442px\" class=\"wp-caption alignleft\"><a href=\"\/interamerica\/wp-content\/uploads\/2017\/06\/Adventist-Robert-Folkenberg-wife-1962.jpg\" rel=\"fancybox\" title=\"Robert Folkenberg, ancien pr\u00e9sident de l\u2019Eglise Adventiste est d\u00e9c\u00e9d\u00e9 \u00e0 l\u2019\u00e2ge de 74 ans\"><img loading=\"lazy\" decoding=\"async\" aria-describedby=\"caption-attachment-20685\" class=\" wp-image-20685   \" src=\"\/interamerica\/wp-content\/uploads\/2017\/06\/Adventist-Robert-Folkenberg-wife-1962.jpg\" alt=\"\" width=\"432\" height=\"302\" \/><\/a><p id=\"caption-attachment-20685\" class=\"wp-caption-text\">Robert Folkenberg et son \u00e9pouse Anita en 1962, l\u2019ann\u00e9e o\u00f9 ils se sont mari\u00e9s.<\/p><\/div>\n<p>Robert Folkenberg ne croyait pas qu\u2019\u00eatre Adventiste \u00e9tait un sport de spectateur et il parlait souvent de ce que la Bible dit \u00e0 propos du salut. Un verset favori qu\u2019il citait souvent se trouve dans Romains 10 : 9 : \u00ab Si tu confesses de ta bouche le Seigneur J\u00e9sus et si tu crois dans ton c\u0153ur que Dieu l\u2019a ressuscit\u00e9 des morts, tu seras sauv\u00e9 (LSG). \u00bb Au cours de l\u2019action qu\u2019il a men\u00e9e toute sa vie dans l\u2019\u00e9glise Adventiste, Robert Folkenberg a mis l\u2019accent sur le fait de \u00ab confesser \u00bb Christ \u2013 \u00e0 travers la technologie, \u00e0 travers la mission et \u00e0 travers les \u00e9glises locales avec lesquelles il a travaill\u00e9.<\/p>\n<p>Apr\u00e8s sa d\u00e9mission en tant que pr\u00e9sident de la Conf\u00e9rence G\u00e9n\u00e9rale en 1999, Robert Folkenberg a cr\u00e9\u00e9 ShareHim qui est actif aux Etats Unis et dans le monde entier, comme par exemple avec une campagne d\u2019\u00e9vang\u00e9lisation qui a amen\u00e9 30000 personnes au bapt\u00eame au Zimbabwe en mai dernier.<\/p>\n<p>\u00ab Pasteur Folkenberg a pass\u00e9 une partie des premi\u00e8res ann\u00e9es de son minist\u00e8re sur le terrain dans des activit\u00e9s d\u2019\u00e9vang\u00e9lisation et la derni\u00e8re partie de son minist\u00e8re dans l\u2019action d\u2019\u00e9vang\u00e9lisation directe \u00e0 travers ShareHim, \u00bb a dit Ted Wilson. \u00ab L\u2019\u00e9vang\u00e9lisation et la proclamation des messages des trois anges constituaient la passion de sa vie. Qu\u2019il soit sur le terrain ou dans le travail administratif, il avait \u00e0 c\u0153ur d\u2019aider les gens \u00e0 connaitre Christ et \u00e0 ensuite devenir des participants actifs dans la mission de l\u2019\u00e9glise. Le d\u00e9but de son minist\u00e8re pass\u00e9 en tant que membre d\u2019une \u00e9quipe d\u2019\u00e9vang\u00e9lisation lui a permis d\u2019avoir la fondation pour le reste de sa vie. \u00bb<\/p>\n<p>L\u2019\u00e9glise Adventiste du Septi\u00e8me Jour de Frederick dans le Maryland a eu un aper\u00e7u de la passion qu\u2019avait Robert Folkenberg pour ShareHim lorsqu\u2019il a visit\u00e9 l\u2019\u00e9glise il y plusieurs mois de cela. L\u2019\u00e9glise avait d\u00e9cid\u00e9 de participer \u00e0 ShareHim et Robert Folkenberg voulait aider les membres \u00e0 mettre en place le programme alors m\u00eame qu\u2019il venait d\u2019apprendre que son cancer avait ressurgi, a expliqu\u00e9 l\u2019administrateur de l\u2019\u00e9glise, Gail Boyer.<\/p>\n<p>\u00ab Nous avons des membres qui ont r\u00e9pondu non seulement en participant \u00e0 une campagne tenue par l\u2019\u00e9glise, mais aussi en tenant une s\u00e9rie de ShareHim dans leurs foyers, \u00bb a dit Gail Boyer. \u00ab Son amour pour le Seigneur \u00e9tait contagieux. \u00bb<\/p>\n<p>Jeremiah Weeks, directeur ex\u00e9cutif de ShareHim, a dit qu\u2019il avait fait l\u2019exp\u00e9rience de cette passion tous les jours depuis qu\u2019il avait fait \u00e9quipe avec Robert Folkenberg pour ShareHim en 2005.<\/p>\n<div id=\"attachment_20686\" style=\"width: 442px\" class=\"wp-caption alignright\"><a href=\"\/interamerica\/wp-content\/uploads\/2017\/06\/Adventist-Robert-Folkenberg-generations.jpg\" rel=\"fancybox\" title=\"Robert Folkenberg, ancien pr\u00e9sident de l\u2019Eglise Adventiste est d\u00e9c\u00e9d\u00e9 \u00e0 l\u2019\u00e2ge de 74 ans\"><img loading=\"lazy\" decoding=\"async\" aria-describedby=\"caption-attachment-20686\" class=\" wp-image-20686   \" src=\"\/interamerica\/wp-content\/uploads\/2017\/06\/Adventist-Robert-Folkenberg-generations.jpg\" alt=\"\" width=\"432\" height=\"302\" \/><\/a><p id=\"caption-attachment-20686\" class=\"wp-caption-text\">Le p\u00e8re, le fils et le petit-fils. Les deux fils de Robert Jr sont la sixi\u00e8me g\u00e9n\u00e9ration de pasteurs Adventistes dans la famille.<\/p><\/div>\n<p>\u00ab L\u2019h\u00e9ritage de Bob est sans doute sa passion, sa motivation et son engagement \u00e0 proclamer l\u2019esp\u00e9rance de l\u2019av\u00e8nement, \u00bb a dit Jeremiah Weeks. \u00ab Il croyait que chacun de nous a un devoir personnel, non transf\u00e9rable de partager notre foi avec ceux qui nous entourent. Il ne pensait pas un instant qu\u2019\u00eatre simplement un \u00ab t\u00e9moin silencieux \u00bb \u00e9tait suffisant. Il savait qu\u2019il nous faut nous lever et faire quelque chose, et que partager l\u2019esp\u00e9rance que nous avons a un impact sur le salut des autres et sur notre propre salut. \u00bb<\/p>\n<p>Jan Paulsen, qui avait \u00e9t\u00e9 \u00e9lu suite \u00e0 la d\u00e9mission de Robert Folkenberg en 1999 et qui a servi en tant que pr\u00e9sident de la Conf\u00e9rence G\u00e9n\u00e9rale de 1999 \u00e0 2010, a d\u00e9crit pasteur Folkenberg comme \u00ab un homme d\u2019id\u00e9es, de grande \u00e9nergie et d\u2019esprit agr\u00e9able \u00bb dont l\u2019h\u00e9ritage durable sera son amour pour la mission.<\/p>\n<p>\u00ab Il a assign\u00e9 des responsabilit\u00e9s \u00e0 ses coll\u00e8gues et leur a ensuite accord\u00e9 du temps et de l\u2019espace pour r\u00e9aliser leur t\u00e2che, \u00bb a dit Jan Paulsen. \u00ab Le micro management n\u2019\u00e9tait pas son style. J\u2019ai trouv\u00e9 qu\u2019il \u00e9tait facile d\u2019entrer en relation avec lui, \u00e0 la fois en tant que coll\u00e8gue et en tant que leader. \u00bb<\/p>\n<p>\u00ab Depuis qu\u2019il a quitt\u00e9 ses fonctions, il a continu\u00e9 \u00e0 laisser son \u00e9nergie et ses id\u00e9es cr\u00e9atives se d\u00e9velopper et toucher la vie et la mission de l\u2019\u00e9glise, comme on peut le voir en particulier dans le programme ShareHim qui a largement \u00e9t\u00e9 une b\u00e9n\u00e9diction pour notre \u00e9glise, ce pour quoi il restera longtemps dans les m\u00e9moires. \u00bb<\/p>\n<p>Traduction: Patrick Luciathe<\/p>\n","protected":false},"excerpt":{"rendered":"<p>Robert S. Folkenberg, administrateur innovant et militant pour la mission, ayant dirig\u00e9 l\u2019Eglise Adventiste du Septi\u00e8me Jour pendant neuf ans, est d\u00e9c\u00e9d\u00e9 le 24 d\u00e9cembre apr\u00e8s une longue lutte contre le cancer. Il aurait eu 75 ans dans quelques jours. Robert Folkenberg croyait que les Adventistes avaient un message extraordinaire \u00e0 partager et qu\u2019internet \u00e9tait un formidable moyen de d\u00e9velopper l\u2019action de l\u2019\u00e9glise.<\/p>\n","protected":false},"author":1,"featured_media":26807,"comment_status":"closed","ping_status":"closed","sticky":false,"template":"","format":"standard","meta":{"_acf_changed":false,"footnotes":""},"categories":[18,19],"tags":[],"class_list":["post-32458","post","type-post","status-publish","format-standard","has-post-thumbnail","hentry","category-nouvelles-de-leglise-mondiale","category-rss-francais"],"acf":[],"yoast_head":"<!-- This site is optimized with the Yoast SEO plugin v27.3 - https:\/\/yoast.com\/product\/yoast-seo-wordpress\/ -->\n<title>Robert Folkenberg, ancien pr\u00e9sident de l\u2019Eglise Adventiste est d\u00e9c\u00e9d\u00e9 \u00e0 l\u2019\u00e2ge de 74 ans - \u00c9glise Adventiste Du Septieme Jour - Inter Am\u00e9rique Division<\/title>\n<meta name=\"robots\" content=\"index, follow, max-snippet:-1, max-image-preview:large, max-video-preview:-1\" \/>\n<link rel=\"canonical\" href=\"https:\/\/interamerica.org\/fr\/2015\/12\/robert-folkenberg-ancien-president-de-leglise-adventiste-est-decede-a-lage-de-74-ans\/\" \/>\n<meta property=\"og:locale\" content=\"fr_FR\" \/>\n<meta property=\"og:type\" content=\"article\" \/>\n<meta property=\"og:title\" content=\"Robert Folkenberg, ancien pr\u00e9sident de l\u2019Eglise Adventiste est d\u00e9c\u00e9d\u00e9 \u00e0 l\u2019\u00e2ge de 74 ans - \u00c9glise Adventiste Du Septieme Jour - Inter Am\u00e9rique Division\" \/>\n<meta property=\"og:description\" content=\"Robert S. Folkenberg, administrateur innovant et militant pour la mission, ayant dirig\u00e9 l\u2019Eglise Adventiste du Septi\u00e8me Jour pendant neuf ans, est d\u00e9c\u00e9d\u00e9 le 24 d\u00e9cembre apr\u00e8s une longue lutte contre le cancer. Il aurait eu 75 ans dans quelques jours. Robert Folkenberg croyait que les Adventistes avaient un message extraordinaire \u00e0 partager et qu\u2019internet \u00e9tait un formidable moyen de d\u00e9velopper l\u2019action de l\u2019\u00e9glise.\" \/>\n<meta property=\"og:url\" content=\"https:\/\/interamerica.org\/fr\/2015\/12\/robert-folkenberg-ancien-president-de-leglise-adventiste-est-decede-a-lage-de-74-ans\/\" \/>\n<meta property=\"og:site_name\" content=\"\u00c9glise Adventiste Du Septieme Jour - Inter Am\u00e9rique Division\" \/>\n<meta property=\"article:published_time\" content=\"2015-12-25T04:00:00+00:00\" \/>\n<meta property=\"og:image\" content=\"https:\/\/interamerica.org\/wp-content\/uploads\/2017\/06\/Adventist-Robert-Folkenberg-wife.jpg\" \/>\n\t<meta property=\"og:image:width\" content=\"1000\" \/>\n\t<meta property=\"og:image:height\" content=\"500\" \/>\n\t<meta property=\"og:image:type\" content=\"image\/jpeg\" \/>\n<meta name=\"author\" content=\"Lorenzo Verduzco\" \/>\n<meta name=\"twitter:card\" content=\"summary_large_image\" \/>\n<meta name=\"twitter:label1\" content=\"\u00c9crit par\" \/>\n\t<meta name=\"twitter:data1\" content=\"Lorenzo Verduzco\" \/>\n\t<meta name=\"twitter:label2\" content=\"Dur\u00e9e de lecture estim\u00e9e\" \/>\n\t<meta name=\"twitter:data2\" content=\"11 minutes\" \/>\n<script type=\"application\/ld+json\" class=\"yoast-schema-graph\">{\"@context\":\"https:\\\/\\\/schema.org\",\"@graph\":[{\"@type\":\"Article\",\"@id\":\"https:\\\/\\\/interamerica.org\\\/fr\\\/2015\\\/12\\\/robert-folkenberg-ancien-president-de-leglise-adventiste-est-decede-a-lage-de-74-ans\\\/#article\",\"isPartOf\":{\"@id\":\"https:\\\/\\\/interamerica.org\\\/fr\\\/2015\\\/12\\\/robert-folkenberg-ancien-president-de-leglise-adventiste-est-decede-a-lage-de-74-ans\\\/\"},\"author\":{\"name\":\"Lorenzo Verduzco\",\"@id\":\"https:\\\/\\\/interamerica.org\\\/fr\\\/#\\\/schema\\\/person\\\/68ede8bdc292885bb76c1e3810e73c39\"},\"headline\":\"Robert Folkenberg, ancien pr\u00e9sident de l\u2019Eglise Adventiste est d\u00e9c\u00e9d\u00e9 \u00e0 l\u2019\u00e2ge de 74 ans\",\"datePublished\":\"2015-12-25T04:00:00+00:00\",\"mainEntityOfPage\":{\"@id\":\"https:\\\/\\\/interamerica.org\\\/fr\\\/2015\\\/12\\\/robert-folkenberg-ancien-president-de-leglise-adventiste-est-decede-a-lage-de-74-ans\\\/\"},\"wordCount\":2279,\"image\":{\"@id\":\"https:\\\/\\\/interamerica.org\\\/fr\\\/2015\\\/12\\\/robert-folkenberg-ancien-president-de-leglise-adventiste-est-decede-a-lage-de-74-ans\\\/#primaryimage\"},\"thumbnailUrl\":\"https:\\\/\\\/interamerica.org\\\/wp-content\\\/uploads\\\/2017\\\/06\\\/Adventist-Robert-Folkenberg-wife.jpg\",\"articleSection\":[\"Nouvelles de l'\u00c9glise mondiale\",\"RSS Fran\u00e7ais\"],\"inLanguage\":\"fr-FR\"},{\"@type\":\"WebPage\",\"@id\":\"https:\\\/\\\/interamerica.org\\\/fr\\\/2015\\\/12\\\/robert-folkenberg-ancien-president-de-leglise-adventiste-est-decede-a-lage-de-74-ans\\\/\",\"url\":\"https:\\\/\\\/interamerica.org\\\/fr\\\/2015\\\/12\\\/robert-folkenberg-ancien-president-de-leglise-adventiste-est-decede-a-lage-de-74-ans\\\/\",\"name\":\"Robert Folkenberg, ancien pr\u00e9sident de l\u2019Eglise Adventiste est d\u00e9c\u00e9d\u00e9 \u00e0 l\u2019\u00e2ge de 74 ans - \u00c9glise Adventiste Du Septieme Jour - Inter Am\u00e9rique Division\",\"isPartOf\":{\"@id\":\"https:\\\/\\\/interamerica.org\\\/fr\\\/#website\"},\"primaryImageOfPage\":{\"@id\":\"https:\\\/\\\/interamerica.org\\\/fr\\\/2015\\\/12\\\/robert-folkenberg-ancien-president-de-leglise-adventiste-est-decede-a-lage-de-74-ans\\\/#primaryimage\"},\"image\":{\"@id\":\"https:\\\/\\\/interamerica.org\\\/fr\\\/2015\\\/12\\\/robert-folkenberg-ancien-president-de-leglise-adventiste-est-decede-a-lage-de-74-ans\\\/#primaryimage\"},\"thumbnailUrl\":\"https:\\\/\\\/interamerica.org\\\/wp-content\\\/uploads\\\/2017\\\/06\\\/Adventist-Robert-Folkenberg-wife.jpg\",\"datePublished\":\"2015-12-25T04:00:00+00:00\",\"author\":{\"@id\":\"https:\\\/\\\/interamerica.org\\\/fr\\\/#\\\/schema\\\/person\\\/68ede8bdc292885bb76c1e3810e73c39\"},\"breadcrumb\":{\"@id\":\"https:\\\/\\\/interamerica.org\\\/fr\\\/2015\\\/12\\\/robert-folkenberg-ancien-president-de-leglise-adventiste-est-decede-a-lage-de-74-ans\\\/#breadcrumb\"},\"inLanguage\":\"fr-FR\",\"potentialAction\":[{\"@type\":\"ReadAction\",\"target\":[\"https:\\\/\\\/interamerica.org\\\/fr\\\/2015\\\/12\\\/robert-folkenberg-ancien-president-de-leglise-adventiste-est-decede-a-lage-de-74-ans\\\/\"]}]},{\"@type\":\"ImageObject\",\"inLanguage\":\"fr-FR\",\"@id\":\"https:\\\/\\\/interamerica.org\\\/fr\\\/2015\\\/12\\\/robert-folkenberg-ancien-president-de-leglise-adventiste-est-decede-a-lage-de-74-ans\\\/#primaryimage\",\"url\":\"https:\\\/\\\/interamerica.org\\\/wp-content\\\/uploads\\\/2017\\\/06\\\/Adventist-Robert-Folkenberg-wife.jpg\",\"contentUrl\":\"https:\\\/\\\/interamerica.org\\\/wp-content\\\/uploads\\\/2017\\\/06\\\/Adventist-Robert-Folkenberg-wife.jpg\",\"width\":1000,\"height\":500},{\"@type\":\"BreadcrumbList\",\"@id\":\"https:\\\/\\\/interamerica.org\\\/fr\\\/2015\\\/12\\\/robert-folkenberg-ancien-president-de-leglise-adventiste-est-decede-a-lage-de-74-ans\\\/#breadcrumb\",\"itemListElement\":[{\"@type\":\"ListItem\",\"position\":1,\"name\":\"Home\",\"item\":\"https:\\\/\\\/interamerica.org\\\/fr\\\/\"},{\"@type\":\"ListItem\",\"position\":2,\"name\":\"Robert Folkenberg, ancien pr\u00e9sident de l\u2019Eglise Adventiste est d\u00e9c\u00e9d\u00e9 \u00e0 l\u2019\u00e2ge de 74 ans\"}]},{\"@type\":\"WebSite\",\"@id\":\"https:\\\/\\\/interamerica.org\\\/fr\\\/#website\",\"url\":\"https:\\\/\\\/interamerica.org\\\/fr\\\/\",\"name\":\"\u00c9glise Adventiste Du Septieme Jour - Inter Am\u00e9rique Division\",\"description\":\"\",\"potentialAction\":[{\"@type\":\"SearchAction\",\"target\":{\"@type\":\"EntryPoint\",\"urlTemplate\":\"https:\\\/\\\/interamerica.org\\\/fr\\\/?s={search_term_string}\"},\"query-input\":{\"@type\":\"PropertyValueSpecification\",\"valueRequired\":true,\"valueName\":\"search_term_string\"}}],\"inLanguage\":\"fr-FR\"},{\"@type\":\"Person\",\"@id\":\"https:\\\/\\\/interamerica.org\\\/fr\\\/#\\\/schema\\\/person\\\/68ede8bdc292885bb76c1e3810e73c39\",\"name\":\"Lorenzo Verduzco\",\"image\":{\"@type\":\"ImageObject\",\"inLanguage\":\"fr-FR\",\"@id\":\"https:\\\/\\\/secure.gravatar.com\\\/avatar\\\/fb81a55b6218459490a9c1dc841a34909185b81904c5337b4b27f7a6fd60c49e?s=96&d=mm&r=g\",\"url\":\"https:\\\/\\\/secure.gravatar.com\\\/avatar\\\/fb81a55b6218459490a9c1dc841a34909185b81904c5337b4b27f7a6fd60c49e?s=96&d=mm&r=g\",\"contentUrl\":\"https:\\\/\\\/secure.gravatar.com\\\/avatar\\\/fb81a55b6218459490a9c1dc841a34909185b81904c5337b4b27f7a6fd60c49e?s=96&d=mm&r=g\",\"caption\":\"Lorenzo Verduzco\"}}]}<\/script>\n<!-- \/ Yoast SEO plugin. -->","yoast_head_json":{"title":"Robert Folkenberg, ancien pr\u00e9sident de l\u2019Eglise Adventiste est d\u00e9c\u00e9d\u00e9 \u00e0 l\u2019\u00e2ge de 74 ans - \u00c9glise Adventiste Du Septieme Jour - Inter Am\u00e9rique Division","robots":{"index":"index","follow":"follow","max-snippet":"max-snippet:-1","max-image-preview":"max-image-preview:large","max-video-preview":"max-video-preview:-1"},"canonical":"https:\/\/interamerica.org\/fr\/2015\/12\/robert-folkenberg-ancien-president-de-leglise-adventiste-est-decede-a-lage-de-74-ans\/","og_locale":"fr_FR","og_type":"article","og_title":"Robert Folkenberg, ancien pr\u00e9sident de l\u2019Eglise Adventiste est d\u00e9c\u00e9d\u00e9 \u00e0 l\u2019\u00e2ge de 74 ans - \u00c9glise Adventiste Du Septieme Jour - Inter Am\u00e9rique Division","og_description":"Robert S. Folkenberg, administrateur innovant et militant pour la mission, ayant dirig\u00e9 l\u2019Eglise Adventiste du Septi\u00e8me Jour pendant neuf ans, est d\u00e9c\u00e9d\u00e9 le 24 d\u00e9cembre apr\u00e8s une longue lutte contre le cancer. Il aurait eu 75 ans dans quelques jours. Robert Folkenberg croyait que les Adventistes avaient un message extraordinaire \u00e0 partager et qu\u2019internet \u00e9tait un formidable moyen de d\u00e9velopper l\u2019action de l\u2019\u00e9glise.","og_url":"https:\/\/interamerica.org\/fr\/2015\/12\/robert-folkenberg-ancien-president-de-leglise-adventiste-est-decede-a-lage-de-74-ans\/","og_site_name":"\u00c9glise Adventiste Du Septieme Jour - Inter Am\u00e9rique Division","article_published_time":"2015-12-25T04:00:00+00:00","og_image":[{"width":1000,"height":500,"url":"https:\/\/interamerica.org\/wp-content\/uploads\/2017\/06\/Adventist-Robert-Folkenberg-wife.jpg","type":"image\/jpeg"}],"author":"Lorenzo Verduzco","twitter_card":"summary_large_image","twitter_misc":{"\u00c9crit par":"Lorenzo Verduzco","Dur\u00e9e de lecture estim\u00e9e":"11 minutes"},"schema":{"@context":"https:\/\/schema.org","@graph":[{"@type":"Article","@id":"https:\/\/interamerica.org\/fr\/2015\/12\/robert-folkenberg-ancien-president-de-leglise-adventiste-est-decede-a-lage-de-74-ans\/#article","isPartOf":{"@id":"https:\/\/interamerica.org\/fr\/2015\/12\/robert-folkenberg-ancien-president-de-leglise-adventiste-est-decede-a-lage-de-74-ans\/"},"author":{"name":"Lorenzo Verduzco","@id":"https:\/\/interamerica.org\/fr\/#\/schema\/person\/68ede8bdc292885bb76c1e3810e73c39"},"headline":"Robert Folkenberg, ancien pr\u00e9sident de l\u2019Eglise Adventiste est d\u00e9c\u00e9d\u00e9 \u00e0 l\u2019\u00e2ge de 74 ans","datePublished":"2015-12-25T04:00:00+00:00","mainEntityOfPage":{"@id":"https:\/\/interamerica.org\/fr\/2015\/12\/robert-folkenberg-ancien-president-de-leglise-adventiste-est-decede-a-lage-de-74-ans\/"},"wordCount":2279,"image":{"@id":"https:\/\/interamerica.org\/fr\/2015\/12\/robert-folkenberg-ancien-president-de-leglise-adventiste-est-decede-a-lage-de-74-ans\/#primaryimage"},"thumbnailUrl":"https:\/\/interamerica.org\/wp-content\/uploads\/2017\/06\/Adventist-Robert-Folkenberg-wife.jpg","articleSection":["Nouvelles de l'\u00c9glise mondiale","RSS Fran\u00e7ais"],"inLanguage":"fr-FR"},{"@type":"WebPage","@id":"https:\/\/interamerica.org\/fr\/2015\/12\/robert-folkenberg-ancien-president-de-leglise-adventiste-est-decede-a-lage-de-74-ans\/","url":"https:\/\/interamerica.org\/fr\/2015\/12\/robert-folkenberg-ancien-president-de-leglise-adventiste-est-decede-a-lage-de-74-ans\/","name":"Robert Folkenberg, ancien pr\u00e9sident de l\u2019Eglise Adventiste est d\u00e9c\u00e9d\u00e9 \u00e0 l\u2019\u00e2ge de 74 ans - \u00c9glise Adventiste Du Septieme Jour - Inter Am\u00e9rique Division","isPartOf":{"@id":"https:\/\/interamerica.org\/fr\/#website"},"primaryImageOfPage":{"@id":"https:\/\/interamerica.org\/fr\/2015\/12\/robert-folkenberg-ancien-president-de-leglise-adventiste-est-decede-a-lage-de-74-ans\/#primaryimage"},"image":{"@id":"https:\/\/interamerica.org\/fr\/2015\/12\/robert-folkenberg-ancien-president-de-leglise-adventiste-est-decede-a-lage-de-74-ans\/#primaryimage"},"thumbnailUrl":"https:\/\/interamerica.org\/wp-content\/uploads\/2017\/06\/Adventist-Robert-Folkenberg-wife.jpg","datePublished":"2015-12-25T04:00:00+00:00","author":{"@id":"https:\/\/interamerica.org\/fr\/#\/schema\/person\/68ede8bdc292885bb76c1e3810e73c39"},"breadcrumb":{"@id":"https:\/\/interamerica.org\/fr\/2015\/12\/robert-folkenberg-ancien-president-de-leglise-adventiste-est-decede-a-lage-de-74-ans\/#breadcrumb"},"inLanguage":"fr-FR","potentialAction":[{"@type":"ReadAction","target":["https:\/\/interamerica.org\/fr\/2015\/12\/robert-folkenberg-ancien-president-de-leglise-adventiste-est-decede-a-lage-de-74-ans\/"]}]},{"@type":"ImageObject","inLanguage":"fr-FR","@id":"https:\/\/interamerica.org\/fr\/2015\/12\/robert-folkenberg-ancien-president-de-leglise-adventiste-est-decede-a-lage-de-74-ans\/#primaryimage","url":"https:\/\/interamerica.org\/wp-content\/uploads\/2017\/06\/Adventist-Robert-Folkenberg-wife.jpg","contentUrl":"https:\/\/interamerica.org\/wp-content\/uploads\/2017\/06\/Adventist-Robert-Folkenberg-wife.jpg","width":1000,"height":500},{"@type":"BreadcrumbList","@id":"https:\/\/interamerica.org\/fr\/2015\/12\/robert-folkenberg-ancien-president-de-leglise-adventiste-est-decede-a-lage-de-74-ans\/#breadcrumb","itemListElement":[{"@type":"ListItem","position":1,"name":"Home","item":"https:\/\/interamerica.org\/fr\/"},{"@type":"ListItem","position":2,"name":"Robert Folkenberg, ancien pr\u00e9sident de l\u2019Eglise Adventiste est d\u00e9c\u00e9d\u00e9 \u00e0 l\u2019\u00e2ge de 74 ans"}]},{"@type":"WebSite","@id":"https:\/\/interamerica.org\/fr\/#website","url":"https:\/\/interamerica.org\/fr\/","name":"\u00c9glise Adventiste Du Septieme Jour - Inter Am\u00e9rique Division","description":"","potentialAction":[{"@type":"SearchAction","target":{"@type":"EntryPoint","urlTemplate":"https:\/\/interamerica.org\/fr\/?s={search_term_string}"},"query-input":{"@type":"PropertyValueSpecification","valueRequired":true,"valueName":"search_term_string"}}],"inLanguage":"fr-FR"},{"@type":"Person","@id":"https:\/\/interamerica.org\/fr\/#\/schema\/person\/68ede8bdc292885bb76c1e3810e73c39","name":"Lorenzo Verduzco","image":{"@type":"ImageObject","inLanguage":"fr-FR","@id":"https:\/\/secure.gravatar.com\/avatar\/fb81a55b6218459490a9c1dc841a34909185b81904c5337b4b27f7a6fd60c49e?s=96&d=mm&r=g","url":"https:\/\/secure.gravatar.com\/avatar\/fb81a55b6218459490a9c1dc841a34909185b81904c5337b4b27f7a6fd60c49e?s=96&d=mm&r=g","contentUrl":"https:\/\/secure.gravatar.com\/avatar\/fb81a55b6218459490a9c1dc841a34909185b81904c5337b4b27f7a6fd60c49e?s=96&d=mm&r=g","caption":"Lorenzo Verduzco"}}]}},"_links":{"self":[{"href":"https:\/\/interamerica.org\/fr\/wp-json\/wp\/v2\/posts\/32458","targetHints":{"allow":["GET"]}}],"collection":[{"href":"https:\/\/interamerica.org\/fr\/wp-json\/wp\/v2\/posts"}],"about":[{"href":"https:\/\/interamerica.org\/fr\/wp-json\/wp\/v2\/types\/post"}],"author":[{"embeddable":true,"href":"https:\/\/interamerica.org\/fr\/wp-json\/wp\/v2\/users\/1"}],"replies":[{"embeddable":true,"href":"https:\/\/interamerica.org\/fr\/wp-json\/wp\/v2\/comments?post=32458"}],"version-history":[{"count":0,"href":"https:\/\/interamerica.org\/fr\/wp-json\/wp\/v2\/posts\/32458\/revisions"}],"wp:featuredmedia":[{"embeddable":true,"href":"https:\/\/interamerica.org\/fr\/wp-json\/wp\/v2\/media\/26807"}],"wp:attachment":[{"href":"https:\/\/interamerica.org\/fr\/wp-json\/wp\/v2\/media?parent=32458"}],"wp:term":[{"taxonomy":"category","embeddable":true,"href":"https:\/\/interamerica.org\/fr\/wp-json\/wp\/v2\/categories?post=32458"},{"taxonomy":"post_tag","embeddable":true,"href":"https:\/\/interamerica.org\/fr\/wp-json\/wp\/v2\/tags?post=32458"}],"curies":[{"name":"wp","href":"https:\/\/api.w.org\/{rel}","templated":true}]}}