{"id":32468,"date":"2016-01-13T00:00:00","date_gmt":"2016-01-13T04:00:00","guid":{"rendered":"http:\/\/192.81.217.108\/interamerica\/2016\/01\/le-leader-de-leglise-adventiste-en-jamaique-invite-les-responsables-politiques-a-eviter-les-attaques-personnelles-dans-leurs-discours-de-campagne\/"},"modified":"2016-01-13T00:00:00","modified_gmt":"2016-01-13T04:00:00","slug":"le-leader-de-leglise-adventiste-en-jamaique-invite-les-responsables-politiques-a-eviter-les-attaques-personnelles-dans-leurs-discours-de-campagne","status":"publish","type":"post","link":"https:\/\/interamerica.org\/fr\/2016\/01\/le-leader-de-leglise-adventiste-en-jamaique-invite-les-responsables-politiques-a-eviter-les-attaques-personnelles-dans-leurs-discours-de-campagne\/","title":{"rendered":"Le leader de l\u2019Eglise Adventiste en Jama\u00efque invite les responsables politiques \u00e0 \u00e9viter les attaques personnelles dans leurs discours de campagne"},"content":{"rendered":"<p>12 Janvier 2016 \u2013 Mandeville, Jama\u00efque \u2013 Nigel Coke\/DIA<\/p>\n<p>Alors que la Jama\u00efque et ses deux principaux partis politiques se pr\u00e9parent pour les \u00e9lections g\u00e9n\u00e9rales qui selon la constitution doivent avoir lieu cette ann\u00e9e, le pr\u00e9sident de l\u2019Eglise Adventiste du Septi\u00e8me Jour en Jama\u00efque rappelle aux leaders politiques de prendre davantage conscience des effets induits par ce qu\u2019ils disent les uns \u00e0 propos des autres durant la campagne \u00e9lectorale.<\/p>\n<div id=\"attachment_20821\" style=\"width: 430px\" class=\"wp-caption alignright\"><a href=\"\/interamerica\/wp-content\/uploads\/2017\/06\/EverettBrown1.jpg\" rel=\"fancybox\" title=\"Le leader de l\u2019Eglise Adventiste en Jama\u00efque invite les responsables politiques \u00e0 \u00e9viter les attaques personnelles dans leurs discours de campagne\"><img fetchpriority=\"high\" decoding=\"async\" aria-describedby=\"caption-attachment-20821\" class=\" wp-image-20821  \" src=\"\/interamerica\/wp-content\/uploads\/2017\/06\/EverettBrown1.jpg\" alt=\"\" width=\"420\" height=\"280\" \/><\/a><p id=\"caption-attachment-20821\" class=\"wp-caption-text\">Pasteur Everett Brown, pr\u00e9sident de l\u2019Eglise Adventiste en Jama\u00efque, invite les responsables politiques \u00e0 \u00eatre davantage conscients des effets caus\u00e9s par ce qu\u2019ils disent les uns au sujet des autres dans le cadre de la campagne \u00e9lectorale. Image de Damian Chambers\/JAMU<\/p><\/div>\n<p>\u00ab L\u2019administration de l\u2019union appelle tous les leaders politiques \u00e0 exclure de leurs discours de campagne, les attaques personnelles qui alimentent les tensions contraires \u00e0 l\u2019\u00e9thique et favorisent les attitudes embarrassantes entre les adversaires politiques, \u00bb a d\u00e9clar\u00e9 pasteur Everett Brown, pr\u00e9sident de l\u2019Eglise Adventiste en Jama\u00efque.<\/p>\n<p>Pasteur Brown a poursuivi en disant que les comportements acerbes de certains leaders envers leurs adversaires, sont en g\u00e9n\u00e9ral renvoy\u00e9s, r\u00e9fut\u00e9s et combattus , et on atteint un niveau o\u00f9 la col\u00e8re se traduit en combats et les combats se terminent par des morts. \u00ab Que nous ne soyons pas pes\u00e9s et trouv\u00e9s trop l\u00e9gers, \u00bb a ajout\u00e9 pasteur Brown en pr\u00e9sence du Ministre de la S\u00e9curit\u00e9 Nationale, Peter Bunting et le Membre du Parlement repr\u00e9sentant le Nord-Est de Manchester, Audley Shaw.<\/p>\n<p>Pasteur Brown s\u2019exprimait lors du Service d\u2019Installation et de Cons\u00e9cration des Administrateurs et des Responsables de D\u00e9partements nouvellement \u00e9lus \u00e0 l\u2019Union de F\u00e9d\u00e9rations Jama\u00efcaine de l\u2019Eglise Adventiste du Septi\u00e8me Jour \u00e0 l\u2019\u00e9glise Adventiste de Mandeville le 3 janvier 2016. Il a \u00e9t\u00e9 install\u00e9 en tant que pr\u00e9sident apr\u00e8s sa r\u00e9\u00e9lection pour un deuxi\u00e8me mandat de cinq ans le mois dernier.<\/p>\n<p>Tout en r\u00e9affirmant l\u2019engagement de l\u2019\u00e9glise envers Dieu, la pr\u00e9dication de l\u2019\u00e9vangile et la construction de la nation, pasteur Brown a \u00e9galement d\u00e9clar\u00e9 la position de son \u00e9glise sur les partis politiques et leurs activit\u00e9s.<\/p>\n<p>\u00ab Je voudrais redire \u00e0 nos ouvriers, nos membres et au public en g\u00e9n\u00e9ral quelle est la position d\u00e9clar\u00e9e de l\u2019Eglise Adventiste du Septi\u00e8me Jour en Jama\u00efque \u00e0 propos de ce d\u00e9licat sujet qu\u2019est notre soutien \u00e0 un quelconque parti politique, \u00bb a dit pasteur Brown. \u00ab L\u2019Eglise Adventiste du Septi\u00e8me Jour ne soutient aucun parti politique. Nos membres ont le droit en tant que citoyens d\u2019exercer leur libert\u00e9 et de voter pour le candidat de leur choix, mais l\u2019\u00e9glise ne prendra position ni publiquement, ni en priv\u00e9, en faveur d\u2019aucun parti politique et elle ne soutiendra non plus aucune activit\u00e9 politique partisane.<\/p>\n<p><strong><span style=\"font-size: medium;\">Lutter Contre le G\u00e9ant du Crime<\/span><\/strong><\/p>\n<p>Pasteur Everett Brown a r\u00e9p\u00e9t\u00e9 que l\u2019administration croit que son mandat l\u2019invitant \u00e0 conduire les individus \u00e0 faire l\u2019exp\u00e9rience de la gr\u00e2ce salvatrice de Dieu est non n\u00e9gociable, mais qu\u2019en tant qu\u2019\u00e9glise, on ne peut se d\u00e9tourner des ces questions sociales qui d\u00e9truisent le c\u0153ur m\u00eame de la nation.<\/p>\n<p>\u00ab Les meurtres et le taux de criminalit\u00e9 sont alarmants et nous concernent tous, les jama\u00efcains bien pensants, et doivent \u00eatre trait\u00e9s par toutes les entit\u00e9s y compris l\u2019\u00e9glise, comme \u00e9tant un probl\u00e8me social tr\u00e8s grave. \u00bb Les leaders Adventistes ont mis l\u2019accent sur le fait que toutes les parties concern\u00e9es \u00ab devraient s\u2019asseoir autour d\u2019une table et utiliser la sagesse et les ressources collectives afin de combattre, condamner et conqu\u00e9rir ce g\u00e9ant du crime. \u00bb<\/p>\n<p>De plus, il a indiqu\u00e9 que bien trop d\u2019enfants sont victimes de maltraitance, grandissent dans des foyers ou des communaut\u00e9s dysfonctionnels, ne fr\u00e9quentant pas l\u2019\u00e9cole et sont port\u00e9s disparus.<\/p>\n<p>\u00ab Ne devons-nous pas faire le mile de plus pour mettre en s\u00e9curit\u00e9 nos enfants, faire des plans et les aider \u00e0 optimiser leur plein potentiel en vue d\u2019avoir un pays meilleur et un monde plus heureux ? Trop d\u2019\u00e9tudiants brillants dans le secondaire, dans l\u2019\u00e9glise et la communaut\u00e9 en g\u00e9n\u00e9ral, \u00e0 cause des contraintes financi\u00e8res n\u2019ont pas l\u2019opportunit\u00e9 de poursuivre des \u00e9tudes sup\u00e9rieures, \u00bb a t-il ajout\u00e9.<\/p>\n<p>\u00ab L\u2019\u00e9glise est pr\u00eate \u00e0 faire partie de la solution, \u00bb a t-il d\u00e9clar\u00e9. \u00ab Faisons davantage au niveau du management et dans le cadre du sacrifice pour faire en sorte que les \u00e9tudes sup\u00e9rieures soit plus accessible pour notre peuple. L\u2019\u00e9glise est pr\u00eate \u00e0 faire plus pour faire partie de la solution, \u00bb a dit pasteur Brown.<\/p>\n<p>Traduction: Patrick Luciathe<\/p>\n","protected":false},"excerpt":{"rendered":"<p>12 Janvier 2016 \u2013 Mandeville, Jama\u00efque \u2013 Nigel Coke\/DIA Alors que la Jama\u00efque et ses deux principaux partis politiques se pr\u00e9parent pour les \u00e9lections g\u00e9n\u00e9rales qui selon la constitution doivent&#8230;<\/p>\n","protected":false},"author":1,"featured_media":26892,"comment_status":"closed","ping_status":"closed","sticky":false,"template":"","format":"standard","meta":{"_acf_changed":false,"footnotes":""},"categories":[21,19],"tags":[],"class_list":["post-32468","post","type-post","status-publish","format-standard","has-post-thumbnail","hentry","category-nouvelles-du-territoire","category-rss-francais"],"acf":[],"yoast_head":"<!-- This site is optimized with the Yoast SEO plugin v27.3 - https:\/\/yoast.com\/product\/yoast-seo-wordpress\/ -->\n<title>Le leader de l\u2019Eglise Adventiste en Jama\u00efque invite les responsables politiques \u00e0 \u00e9viter les attaques personnelles dans leurs discours de campagne - \u00c9glise Adventiste Du Septieme Jour - Inter Am\u00e9rique Division<\/title>\n<meta name=\"robots\" content=\"index, follow, max-snippet:-1, max-image-preview:large, max-video-preview:-1\" \/>\n<link rel=\"canonical\" href=\"https:\/\/interamerica.org\/fr\/2016\/01\/le-leader-de-leglise-adventiste-en-jamaique-invite-les-responsables-politiques-a-eviter-les-attaques-personnelles-dans-leurs-discours-de-campagne\/\" \/>\n<meta property=\"og:locale\" content=\"fr_FR\" \/>\n<meta property=\"og:type\" content=\"article\" \/>\n<meta property=\"og:title\" content=\"Le leader de l\u2019Eglise Adventiste en Jama\u00efque invite les responsables politiques \u00e0 \u00e9viter les attaques personnelles dans leurs discours de campagne - \u00c9glise Adventiste Du Septieme Jour - Inter Am\u00e9rique Division\" \/>\n<meta property=\"og:description\" content=\"12 Janvier 2016 \u2013 Mandeville, Jama\u00efque \u2013 Nigel Coke\/DIA Alors que la Jama\u00efque et ses deux principaux partis politiques se pr\u00e9parent pour les \u00e9lections g\u00e9n\u00e9rales qui selon la constitution doivent...\" \/>\n<meta property=\"og:url\" content=\"https:\/\/interamerica.org\/fr\/2016\/01\/le-leader-de-leglise-adventiste-en-jamaique-invite-les-responsables-politiques-a-eviter-les-attaques-personnelles-dans-leurs-discours-de-campagne\/\" \/>\n<meta property=\"og:site_name\" content=\"\u00c9glise Adventiste Du Septieme Jour - Inter Am\u00e9rique Division\" \/>\n<meta property=\"article:published_time\" content=\"2016-01-13T04:00:00+00:00\" \/>\n<meta property=\"og:image\" content=\"https:\/\/interamerica.org\/wp-content\/uploads\/2017\/06\/EverettBrown1.jpg\" \/>\n\t<meta property=\"og:image:width\" content=\"1000\" \/>\n\t<meta property=\"og:image:height\" content=\"667\" \/>\n\t<meta property=\"og:image:type\" content=\"image\/jpeg\" \/>\n<meta name=\"author\" content=\"Lorenzo Verduzco\" \/>\n<meta name=\"twitter:card\" content=\"summary_large_image\" \/>\n<meta name=\"twitter:label1\" content=\"\u00c9crit par\" \/>\n\t<meta name=\"twitter:data1\" content=\"Lorenzo Verduzco\" \/>\n\t<meta name=\"twitter:label2\" content=\"Dur\u00e9e de lecture estim\u00e9e\" \/>\n\t<meta name=\"twitter:data2\" content=\"4 minutes\" \/>\n<script type=\"application\/ld+json\" class=\"yoast-schema-graph\">{\"@context\":\"https:\\\/\\\/schema.org\",\"@graph\":[{\"@type\":\"Article\",\"@id\":\"https:\\\/\\\/interamerica.org\\\/fr\\\/2016\\\/01\\\/le-leader-de-leglise-adventiste-en-jamaique-invite-les-responsables-politiques-a-eviter-les-attaques-personnelles-dans-leurs-discours-de-campagne\\\/#article\",\"isPartOf\":{\"@id\":\"https:\\\/\\\/interamerica.org\\\/fr\\\/2016\\\/01\\\/le-leader-de-leglise-adventiste-en-jamaique-invite-les-responsables-politiques-a-eviter-les-attaques-personnelles-dans-leurs-discours-de-campagne\\\/\"},\"author\":{\"name\":\"Lorenzo Verduzco\",\"@id\":\"https:\\\/\\\/interamerica.org\\\/fr\\\/#\\\/schema\\\/person\\\/68ede8bdc292885bb76c1e3810e73c39\"},\"headline\":\"Le leader de l\u2019Eglise Adventiste en Jama\u00efque invite les responsables politiques \u00e0 \u00e9viter les attaques personnelles dans leurs discours de campagne\",\"datePublished\":\"2016-01-13T04:00:00+00:00\",\"mainEntityOfPage\":{\"@id\":\"https:\\\/\\\/interamerica.org\\\/fr\\\/2016\\\/01\\\/le-leader-de-leglise-adventiste-en-jamaique-invite-les-responsables-politiques-a-eviter-les-attaques-personnelles-dans-leurs-discours-de-campagne\\\/\"},\"wordCount\":836,\"image\":{\"@id\":\"https:\\\/\\\/interamerica.org\\\/fr\\\/2016\\\/01\\\/le-leader-de-leglise-adventiste-en-jamaique-invite-les-responsables-politiques-a-eviter-les-attaques-personnelles-dans-leurs-discours-de-campagne\\\/#primaryimage\"},\"thumbnailUrl\":\"https:\\\/\\\/interamerica.org\\\/wp-content\\\/uploads\\\/2017\\\/06\\\/EverettBrown1.jpg\",\"articleSection\":[\"Nouvelles du territoire\",\"RSS Fran\u00e7ais\"],\"inLanguage\":\"fr-FR\"},{\"@type\":\"WebPage\",\"@id\":\"https:\\\/\\\/interamerica.org\\\/fr\\\/2016\\\/01\\\/le-leader-de-leglise-adventiste-en-jamaique-invite-les-responsables-politiques-a-eviter-les-attaques-personnelles-dans-leurs-discours-de-campagne\\\/\",\"url\":\"https:\\\/\\\/interamerica.org\\\/fr\\\/2016\\\/01\\\/le-leader-de-leglise-adventiste-en-jamaique-invite-les-responsables-politiques-a-eviter-les-attaques-personnelles-dans-leurs-discours-de-campagne\\\/\",\"name\":\"Le leader de l\u2019Eglise Adventiste en Jama\u00efque invite les responsables politiques \u00e0 \u00e9viter les attaques personnelles dans leurs discours de campagne - \u00c9glise Adventiste Du Septieme Jour - Inter Am\u00e9rique Division\",\"isPartOf\":{\"@id\":\"https:\\\/\\\/interamerica.org\\\/fr\\\/#website\"},\"primaryImageOfPage\":{\"@id\":\"https:\\\/\\\/interamerica.org\\\/fr\\\/2016\\\/01\\\/le-leader-de-leglise-adventiste-en-jamaique-invite-les-responsables-politiques-a-eviter-les-attaques-personnelles-dans-leurs-discours-de-campagne\\\/#primaryimage\"},\"image\":{\"@id\":\"https:\\\/\\\/interamerica.org\\\/fr\\\/2016\\\/01\\\/le-leader-de-leglise-adventiste-en-jamaique-invite-les-responsables-politiques-a-eviter-les-attaques-personnelles-dans-leurs-discours-de-campagne\\\/#primaryimage\"},\"thumbnailUrl\":\"https:\\\/\\\/interamerica.org\\\/wp-content\\\/uploads\\\/2017\\\/06\\\/EverettBrown1.jpg\",\"datePublished\":\"2016-01-13T04:00:00+00:00\",\"author\":{\"@id\":\"https:\\\/\\\/interamerica.org\\\/fr\\\/#\\\/schema\\\/person\\\/68ede8bdc292885bb76c1e3810e73c39\"},\"breadcrumb\":{\"@id\":\"https:\\\/\\\/interamerica.org\\\/fr\\\/2016\\\/01\\\/le-leader-de-leglise-adventiste-en-jamaique-invite-les-responsables-politiques-a-eviter-les-attaques-personnelles-dans-leurs-discours-de-campagne\\\/#breadcrumb\"},\"inLanguage\":\"fr-FR\",\"potentialAction\":[{\"@type\":\"ReadAction\",\"target\":[\"https:\\\/\\\/interamerica.org\\\/fr\\\/2016\\\/01\\\/le-leader-de-leglise-adventiste-en-jamaique-invite-les-responsables-politiques-a-eviter-les-attaques-personnelles-dans-leurs-discours-de-campagne\\\/\"]}]},{\"@type\":\"ImageObject\",\"inLanguage\":\"fr-FR\",\"@id\":\"https:\\\/\\\/interamerica.org\\\/fr\\\/2016\\\/01\\\/le-leader-de-leglise-adventiste-en-jamaique-invite-les-responsables-politiques-a-eviter-les-attaques-personnelles-dans-leurs-discours-de-campagne\\\/#primaryimage\",\"url\":\"https:\\\/\\\/interamerica.org\\\/wp-content\\\/uploads\\\/2017\\\/06\\\/EverettBrown1.jpg\",\"contentUrl\":\"https:\\\/\\\/interamerica.org\\\/wp-content\\\/uploads\\\/2017\\\/06\\\/EverettBrown1.jpg\",\"width\":1000,\"height\":667},{\"@type\":\"BreadcrumbList\",\"@id\":\"https:\\\/\\\/interamerica.org\\\/fr\\\/2016\\\/01\\\/le-leader-de-leglise-adventiste-en-jamaique-invite-les-responsables-politiques-a-eviter-les-attaques-personnelles-dans-leurs-discours-de-campagne\\\/#breadcrumb\",\"itemListElement\":[{\"@type\":\"ListItem\",\"position\":1,\"name\":\"Home\",\"item\":\"https:\\\/\\\/interamerica.org\\\/fr\\\/\"},{\"@type\":\"ListItem\",\"position\":2,\"name\":\"Le leader de l\u2019Eglise Adventiste en Jama\u00efque invite les responsables politiques \u00e0 \u00e9viter les attaques personnelles dans leurs discours de campagne\"}]},{\"@type\":\"WebSite\",\"@id\":\"https:\\\/\\\/interamerica.org\\\/fr\\\/#website\",\"url\":\"https:\\\/\\\/interamerica.org\\\/fr\\\/\",\"name\":\"\u00c9glise Adventiste Du Septieme Jour - Inter Am\u00e9rique Division\",\"description\":\"\",\"potentialAction\":[{\"@type\":\"SearchAction\",\"target\":{\"@type\":\"EntryPoint\",\"urlTemplate\":\"https:\\\/\\\/interamerica.org\\\/fr\\\/?s={search_term_string}\"},\"query-input\":{\"@type\":\"PropertyValueSpecification\",\"valueRequired\":true,\"valueName\":\"search_term_string\"}}],\"inLanguage\":\"fr-FR\"},{\"@type\":\"Person\",\"@id\":\"https:\\\/\\\/interamerica.org\\\/fr\\\/#\\\/schema\\\/person\\\/68ede8bdc292885bb76c1e3810e73c39\",\"name\":\"Lorenzo Verduzco\",\"image\":{\"@type\":\"ImageObject\",\"inLanguage\":\"fr-FR\",\"@id\":\"https:\\\/\\\/secure.gravatar.com\\\/avatar\\\/fb81a55b6218459490a9c1dc841a34909185b81904c5337b4b27f7a6fd60c49e?s=96&d=mm&r=g\",\"url\":\"https:\\\/\\\/secure.gravatar.com\\\/avatar\\\/fb81a55b6218459490a9c1dc841a34909185b81904c5337b4b27f7a6fd60c49e?s=96&d=mm&r=g\",\"contentUrl\":\"https:\\\/\\\/secure.gravatar.com\\\/avatar\\\/fb81a55b6218459490a9c1dc841a34909185b81904c5337b4b27f7a6fd60c49e?s=96&d=mm&r=g\",\"caption\":\"Lorenzo Verduzco\"}}]}<\/script>\n<!-- \/ Yoast SEO plugin. -->","yoast_head_json":{"title":"Le leader de l\u2019Eglise Adventiste en Jama\u00efque invite les responsables politiques \u00e0 \u00e9viter les attaques personnelles dans leurs discours de campagne - \u00c9glise Adventiste Du Septieme Jour - Inter Am\u00e9rique Division","robots":{"index":"index","follow":"follow","max-snippet":"max-snippet:-1","max-image-preview":"max-image-preview:large","max-video-preview":"max-video-preview:-1"},"canonical":"https:\/\/interamerica.org\/fr\/2016\/01\/le-leader-de-leglise-adventiste-en-jamaique-invite-les-responsables-politiques-a-eviter-les-attaques-personnelles-dans-leurs-discours-de-campagne\/","og_locale":"fr_FR","og_type":"article","og_title":"Le leader de l\u2019Eglise Adventiste en Jama\u00efque invite les responsables politiques \u00e0 \u00e9viter les attaques personnelles dans leurs discours de campagne - \u00c9glise Adventiste Du Septieme Jour - Inter Am\u00e9rique Division","og_description":"12 Janvier 2016 \u2013 Mandeville, Jama\u00efque \u2013 Nigel Coke\/DIA Alors que la Jama\u00efque et ses deux principaux partis politiques se pr\u00e9parent pour les \u00e9lections g\u00e9n\u00e9rales qui selon la constitution doivent...","og_url":"https:\/\/interamerica.org\/fr\/2016\/01\/le-leader-de-leglise-adventiste-en-jamaique-invite-les-responsables-politiques-a-eviter-les-attaques-personnelles-dans-leurs-discours-de-campagne\/","og_site_name":"\u00c9glise Adventiste Du Septieme Jour - Inter Am\u00e9rique Division","article_published_time":"2016-01-13T04:00:00+00:00","og_image":[{"width":1000,"height":667,"url":"https:\/\/interamerica.org\/wp-content\/uploads\/2017\/06\/EverettBrown1.jpg","type":"image\/jpeg"}],"author":"Lorenzo Verduzco","twitter_card":"summary_large_image","twitter_misc":{"\u00c9crit par":"Lorenzo Verduzco","Dur\u00e9e de lecture estim\u00e9e":"4 minutes"},"schema":{"@context":"https:\/\/schema.org","@graph":[{"@type":"Article","@id":"https:\/\/interamerica.org\/fr\/2016\/01\/le-leader-de-leglise-adventiste-en-jamaique-invite-les-responsables-politiques-a-eviter-les-attaques-personnelles-dans-leurs-discours-de-campagne\/#article","isPartOf":{"@id":"https:\/\/interamerica.org\/fr\/2016\/01\/le-leader-de-leglise-adventiste-en-jamaique-invite-les-responsables-politiques-a-eviter-les-attaques-personnelles-dans-leurs-discours-de-campagne\/"},"author":{"name":"Lorenzo Verduzco","@id":"https:\/\/interamerica.org\/fr\/#\/schema\/person\/68ede8bdc292885bb76c1e3810e73c39"},"headline":"Le leader de l\u2019Eglise Adventiste en Jama\u00efque invite les responsables politiques \u00e0 \u00e9viter les attaques personnelles dans leurs discours de campagne","datePublished":"2016-01-13T04:00:00+00:00","mainEntityOfPage":{"@id":"https:\/\/interamerica.org\/fr\/2016\/01\/le-leader-de-leglise-adventiste-en-jamaique-invite-les-responsables-politiques-a-eviter-les-attaques-personnelles-dans-leurs-discours-de-campagne\/"},"wordCount":836,"image":{"@id":"https:\/\/interamerica.org\/fr\/2016\/01\/le-leader-de-leglise-adventiste-en-jamaique-invite-les-responsables-politiques-a-eviter-les-attaques-personnelles-dans-leurs-discours-de-campagne\/#primaryimage"},"thumbnailUrl":"https:\/\/interamerica.org\/wp-content\/uploads\/2017\/06\/EverettBrown1.jpg","articleSection":["Nouvelles du territoire","RSS Fran\u00e7ais"],"inLanguage":"fr-FR"},{"@type":"WebPage","@id":"https:\/\/interamerica.org\/fr\/2016\/01\/le-leader-de-leglise-adventiste-en-jamaique-invite-les-responsables-politiques-a-eviter-les-attaques-personnelles-dans-leurs-discours-de-campagne\/","url":"https:\/\/interamerica.org\/fr\/2016\/01\/le-leader-de-leglise-adventiste-en-jamaique-invite-les-responsables-politiques-a-eviter-les-attaques-personnelles-dans-leurs-discours-de-campagne\/","name":"Le leader de l\u2019Eglise Adventiste en Jama\u00efque invite les responsables politiques \u00e0 \u00e9viter les attaques personnelles dans leurs discours de campagne - \u00c9glise Adventiste Du Septieme Jour - Inter Am\u00e9rique Division","isPartOf":{"@id":"https:\/\/interamerica.org\/fr\/#website"},"primaryImageOfPage":{"@id":"https:\/\/interamerica.org\/fr\/2016\/01\/le-leader-de-leglise-adventiste-en-jamaique-invite-les-responsables-politiques-a-eviter-les-attaques-personnelles-dans-leurs-discours-de-campagne\/#primaryimage"},"image":{"@id":"https:\/\/interamerica.org\/fr\/2016\/01\/le-leader-de-leglise-adventiste-en-jamaique-invite-les-responsables-politiques-a-eviter-les-attaques-personnelles-dans-leurs-discours-de-campagne\/#primaryimage"},"thumbnailUrl":"https:\/\/interamerica.org\/wp-content\/uploads\/2017\/06\/EverettBrown1.jpg","datePublished":"2016-01-13T04:00:00+00:00","author":{"@id":"https:\/\/interamerica.org\/fr\/#\/schema\/person\/68ede8bdc292885bb76c1e3810e73c39"},"breadcrumb":{"@id":"https:\/\/interamerica.org\/fr\/2016\/01\/le-leader-de-leglise-adventiste-en-jamaique-invite-les-responsables-politiques-a-eviter-les-attaques-personnelles-dans-leurs-discours-de-campagne\/#breadcrumb"},"inLanguage":"fr-FR","potentialAction":[{"@type":"ReadAction","target":["https:\/\/interamerica.org\/fr\/2016\/01\/le-leader-de-leglise-adventiste-en-jamaique-invite-les-responsables-politiques-a-eviter-les-attaques-personnelles-dans-leurs-discours-de-campagne\/"]}]},{"@type":"ImageObject","inLanguage":"fr-FR","@id":"https:\/\/interamerica.org\/fr\/2016\/01\/le-leader-de-leglise-adventiste-en-jamaique-invite-les-responsables-politiques-a-eviter-les-attaques-personnelles-dans-leurs-discours-de-campagne\/#primaryimage","url":"https:\/\/interamerica.org\/wp-content\/uploads\/2017\/06\/EverettBrown1.jpg","contentUrl":"https:\/\/interamerica.org\/wp-content\/uploads\/2017\/06\/EverettBrown1.jpg","width":1000,"height":667},{"@type":"BreadcrumbList","@id":"https:\/\/interamerica.org\/fr\/2016\/01\/le-leader-de-leglise-adventiste-en-jamaique-invite-les-responsables-politiques-a-eviter-les-attaques-personnelles-dans-leurs-discours-de-campagne\/#breadcrumb","itemListElement":[{"@type":"ListItem","position":1,"name":"Home","item":"https:\/\/interamerica.org\/fr\/"},{"@type":"ListItem","position":2,"name":"Le leader de l\u2019Eglise Adventiste en Jama\u00efque invite les responsables politiques \u00e0 \u00e9viter les attaques personnelles dans leurs discours de campagne"}]},{"@type":"WebSite","@id":"https:\/\/interamerica.org\/fr\/#website","url":"https:\/\/interamerica.org\/fr\/","name":"\u00c9glise Adventiste Du Septieme Jour - Inter Am\u00e9rique Division","description":"","potentialAction":[{"@type":"SearchAction","target":{"@type":"EntryPoint","urlTemplate":"https:\/\/interamerica.org\/fr\/?s={search_term_string}"},"query-input":{"@type":"PropertyValueSpecification","valueRequired":true,"valueName":"search_term_string"}}],"inLanguage":"fr-FR"},{"@type":"Person","@id":"https:\/\/interamerica.org\/fr\/#\/schema\/person\/68ede8bdc292885bb76c1e3810e73c39","name":"Lorenzo Verduzco","image":{"@type":"ImageObject","inLanguage":"fr-FR","@id":"https:\/\/secure.gravatar.com\/avatar\/fb81a55b6218459490a9c1dc841a34909185b81904c5337b4b27f7a6fd60c49e?s=96&d=mm&r=g","url":"https:\/\/secure.gravatar.com\/avatar\/fb81a55b6218459490a9c1dc841a34909185b81904c5337b4b27f7a6fd60c49e?s=96&d=mm&r=g","contentUrl":"https:\/\/secure.gravatar.com\/avatar\/fb81a55b6218459490a9c1dc841a34909185b81904c5337b4b27f7a6fd60c49e?s=96&d=mm&r=g","caption":"Lorenzo Verduzco"}}]}},"_links":{"self":[{"href":"https:\/\/interamerica.org\/fr\/wp-json\/wp\/v2\/posts\/32468","targetHints":{"allow":["GET"]}}],"collection":[{"href":"https:\/\/interamerica.org\/fr\/wp-json\/wp\/v2\/posts"}],"about":[{"href":"https:\/\/interamerica.org\/fr\/wp-json\/wp\/v2\/types\/post"}],"author":[{"embeddable":true,"href":"https:\/\/interamerica.org\/fr\/wp-json\/wp\/v2\/users\/1"}],"replies":[{"embeddable":true,"href":"https:\/\/interamerica.org\/fr\/wp-json\/wp\/v2\/comments?post=32468"}],"version-history":[{"count":0,"href":"https:\/\/interamerica.org\/fr\/wp-json\/wp\/v2\/posts\/32468\/revisions"}],"wp:featuredmedia":[{"embeddable":true,"href":"https:\/\/interamerica.org\/fr\/wp-json\/wp\/v2\/media\/26892"}],"wp:attachment":[{"href":"https:\/\/interamerica.org\/fr\/wp-json\/wp\/v2\/media?parent=32468"}],"wp:term":[{"taxonomy":"category","embeddable":true,"href":"https:\/\/interamerica.org\/fr\/wp-json\/wp\/v2\/categories?post=32468"},{"taxonomy":"post_tag","embeddable":true,"href":"https:\/\/interamerica.org\/fr\/wp-json\/wp\/v2\/tags?post=32468"}],"curies":[{"name":"wp","href":"https:\/\/api.w.org\/{rel}","templated":true}]}}