{"id":32516,"date":"2016-03-20T00:00:00","date_gmt":"2016-03-20T04:00:00","guid":{"rendered":"http:\/\/192.81.217.108\/interamerica\/2016\/03\/alors-que-gyd16-bat-des-records-les-jeunes-cherchent-a-etre-le-sermon-chaque-jour\/"},"modified":"2016-03-20T00:00:00","modified_gmt":"2016-03-20T04:00:00","slug":"alors-que-gyd16-bat-des-records-les-jeunes-cherchent-a-etre-le-sermon-chaque-jour","status":"publish","type":"post","link":"https:\/\/interamerica.org\/fr\/2016\/03\/alors-que-gyd16-bat-des-records-les-jeunes-cherchent-a-etre-le-sermon-chaque-jour\/","title":{"rendered":"Alors que #GYD16 bat des records, les jeunes cherchent \u00e0 \u00eatre le sermon chaque jour"},"content":{"rendered":"<div id=\"attachment_21516\" style=\"width: 710px\" class=\"wp-caption aligncenter\"><a href=\"\/interamerica\/wp-content\/uploads\/2017\/06\/Adventist-GYD16-March19-1.jpg\" rel=\"fancybox\" title=\"Alors que #GYD16 bat des records, les jeunes cherchent \u00e0 \u00eatre le sermon chaque jour\"><img fetchpriority=\"high\" decoding=\"async\" aria-describedby=\"caption-attachment-21516\" class=\" wp-image-21516 \" src=\"\/interamerica\/wp-content\/uploads\/2017\/06\/Adventist-GYD16-March19-1.jpg\" alt=\"\" width=\"700\" height=\"350\" \/><\/a><p id=\"caption-attachment-21516\" class=\"wp-caption-text\">De jeunes Adventistes trient des v\u00eatements pour les r\u00e9fugi\u00e9s en Belgique le sabbat 19 mars 2016. (Journ\u00e9e Mondiale de la Jeunesse\/Facebook)<\/p><\/div>\n<p>Post\u00e9 le 19 Mars 2016 \u2013 Silver Spring, Maryland, Etats Unis \u2013 Andrew McChesney, r\u00e9dacteur informations, Adventist Review<\/p>\n<p>La Journ\u00e9e Mondiale de la Jeunesse a d\u00e9but\u00e9 en 2013 avec l\u2019espoir que le fait de mettre \u00e0 part un sabbat chaque ann\u00e9e \u00e0 l\u2019occasion duquel les jeunes Adventistes du Septi\u00e8me Jour s\u2019impliqueraient dans des activit\u00e9s communautaires, les encouragerait \u00e0 devenir plus actifs dans la proclamation de l\u2019\u00e9vangile.<\/p>\n<div id=\"attachment_21517\" style=\"width: 338px\" class=\"wp-caption alignright\"><a href=\"\/interamerica\/wp-content\/uploads\/2017\/06\/Adventist-GYD16-March19-3a.jpg\" rel=\"fancybox\" title=\"Alors que #GYD16 bat des records, les jeunes cherchent \u00e0 \u00eatre le sermon chaque jour\"><img decoding=\"async\" aria-describedby=\"caption-attachment-21517\" class=\" wp-image-21517  \" src=\"\/interamerica\/wp-content\/uploads\/2017\/06\/Adventist-GYD16-March19-3a.jpg\" alt=\"\" width=\"328\" height=\"302\" \/><\/a><p id=\"caption-attachment-21517\" class=\"wp-caption-text\">Gilbert Cangy, l\u2019architecte de la Journ\u00e9e Mondiale de la Jeunesse, pr\u00e9sentant le programme depuis le studio de Hope Channel en Allemagne. (Hope Channel)<\/p><\/div>\n<p>Cet objectif a \u00e9t\u00e9 atteint au del\u00e0 de toute esp\u00e9rance lorsque des centaines de milliers de jeunes ont surpris les organisateurs v\u00e9t\u00e9rans le 19 mars en trouvant de nouvelles fa\u00e7ons \u00ab d\u2019Etre le Sermon \u00bb &#8211; la devise de la Journ\u00e9e Mondiale de la Jeunesse \u2013 et peut \u00eatre de mani\u00e8re plus significative, en s\u2019appropriant leur foi.<\/p>\n<p>Un nombre sans pr\u00e9c\u00e9dent de jeunes ont aid\u00e9 \u00e0 organiser des activit\u00e9s locales lors de la quatri\u00e8me \u00e9dition de ce programme annuel, et plusieurs jeunes participants qui sont apparus dans la <a href=\"http:\/\/www.hopetv.org\/watch\/international\/\">diffusion sp\u00e9ciale en direct pendant 24 heures <\/a> sur la chaine de t\u00e9l\u00e9vision de l\u2019Eglise Adventiste, Hope Channel, ont d\u00e9clar\u00e9 qu\u2019ils cherchaient \u00e0 r\u00e9pondre aux besoins des communaut\u00e9s pas seulement pendant la Journ\u00e9e Mondiale de la Jeunesse, mais tous les jours de l\u2019ann\u00e9e.<\/p>\n<p>\u00ab Ce sont en r\u00e9alit\u00e9 les jeunes qui dirigent le programme, \u00bb a d\u00e9clar\u00e9 Gilbert Cangy, l\u2019architecte de la Journ\u00e9e Mondiale de la Jeunesse et le directeur des minist\u00e8res de la jeunesse pour l\u2019Eglise Adventiste du Septi\u00e8me Jour au niveau mondial. \u00ab Notre vision dans laquelle les jeunes seraient activement motiv\u00e9s \u00e0 proclamer l\u2019\u00e9vangile est en train de devenir une r\u00e9alit\u00e9. \u00bb<\/p>\n<p><a href=\"http:\/\/www.hopetv.org\/watch\/international\/\">Voir le programme qui a \u00e9t\u00e9 diffus\u00e9 en direct.t<\/a><\/p>\n<p>Gilbert Cangy, s\u2019exprimant par t\u00e9l\u00e9phone depuis les studios de Hope Channel en Allemagne, d\u2019o\u00f9 ils pr\u00e9sentaient le programme de 24 heures diffus\u00e9 en direct, a dit sa joie au vu du nombre de jeunes leaders \u00e2g\u00e9s de 16 \u00e0 25 ans qui partageaient le rapport de leurs activit\u00e9s \u00e0 l\u2019antenne depuis l\u2019Australie, le Kenya et d\u2019autres lieux.<\/p>\n<a href=\"\/interamerica\/wp-content\/uploads\/2017\/06\/Screen-Shot-2016-03-19-at-4.13.30-PM.png\" rel=\"fancybox\" title=\"Alors que #GYD16 bat des records, les jeunes cherchent \u00e0 \u00eatre le sermon chaque jour\"><img decoding=\"async\" class=\"alignleft  wp-image-21518\" src=\"\/interamerica\/wp-content\/uploads\/2017\/06\/Screen-Shot-2016-03-19-at-4.13.30-PM.png\" alt=\"\" width=\"312\" height=\"535\" \/><\/a>\n<p>\u00ab Ce que j\u2019ai trouv\u00e9 impressionnant cette ann\u00e9e, c\u2019est que nous constatons une participation plus jeune du point de vue du leadership, \u00bb a t-il dit.<\/p>\n<p>\u00ab Il y a aussi une tendance \u00e0 ne pas simplement mettre l\u2019accent sur ce minist\u00e8re pour la journ\u00e9e, \u00bb a t-il dit. \u00ab Nous parlons du fait que la Journ\u00e9e Mondiale de la Jeunesse ne soit pas simplement une opportunit\u00e9 de s\u2019engager dans des activit\u00e9s de compassion pendant une journ\u00e9e, mais que ce soit un tremplin pour un style de vie de service. C\u2019est ce qui se produit maintenant. \u00bb<\/p>\n<p>On ne peut pas dire avec exactitude combien de jeunes ont particip\u00e9 \u00e0 la Journ\u00e9e Mondiale de la Jeunesse ce sabbat, mais les premi\u00e8res indications semblaient sugg\u00e9rer que le chiffre d\u00e9passerait la participation record de 5 millions de personnes \u00e9tablie en 2015. Le nombre de pays participants devrait \u00e9galement \u00eatre plus \u00e9lev\u00e9 que le total de 132 atteint l\u2019ann\u00e9e derni\u00e8re, avec des nouveaux venus comme la Papouasie Nouvelle Guin\u00e9e et les Iles Salomon, des nations du Pacifique Sud ayant une forte pr\u00e9sence Adventiste.<\/p>\n<p>Le nombre d\u2019\u00e9l\u00e9ments post\u00e9s sur les r\u00e9seaux sociaux \u00e9tait aussi en augmentation.<\/p>\n<p>\u00ab Twitter et Facebook sont beaucoup plus utilis\u00e9s que l\u2019ann\u00e9e derni\u00e8re, \u00bb a dit Gilbert Cangy.<\/p>\n<p>Les hashtags associ\u00e9s \u00e0 la Journ\u00e9e Mondiale de la Jeunesse \u00e9taient tr\u00e8s utilis\u00e9s sur les r\u00e9seaux sociaux dans certains pays. Au P\u00e9rou, #gyd16 et #compassion \u00e9taient tr\u00e8s utilis\u00e9s sur Twitter vers la fin de la matin\u00e9e.<\/p>\n<p>Il y a eu une pr\u00e9sence accrue sur les r\u00e9seaux sociaux en d\u00e9pit d\u2019un bug au niveau de l\u2019application Journ\u00e9e Mondiale de la Jeunesse qui a emp\u00each\u00e9 les gens de poster dans des versions non anglophones de l\u2019application. Les utilisateurs devaient poster des clips vid\u00e9o en anglais et ensuite basculer vers leur langue d\u2019origine. \u00bb<\/p>\n<p>\u00ab Cela nous a ralenti quelque peu, \u00bb a dit Gilbert Cangy.<\/p>\n<p><a href=\"\/interamerica\/wp-content\/uploads\/2017\/06\/Screen-Shot-2016-03-19-at-4.13.47-PM.png\" rel=\"fancybox\" title=\"Alors que #GYD16 bat des records, les jeunes cherchent \u00e0 \u00eatre le sermon chaque jour\"><img loading=\"lazy\" decoding=\"async\" class=\"alignright  wp-image-21519\" src=\"\/interamerica\/wp-content\/uploads\/2017\/06\/Screen-Shot-2016-03-19-at-4.13.47-PM.png\" alt=\"\" width=\"369\" height=\"368\" \/><\/a>Mais rien ne semblait freiner l\u2019enthousiasme des jeunes impliqu\u00e9s dans la Journ\u00e9e Mondiale de la Jeunesse. Gilbert Cangy, v\u00eatu d\u2019un uniforme de pilote, a suivi leurs activit\u00e9s depuis le studio en Allemagne qui avait \u00e9t\u00e9 transform\u00e9 pour l\u2019occasion en Boeing 787. Gilbert Cangy a d\u00e9but\u00e9 son \u00ab vol \u00bb vers l\u2019ouest \u00e0 5h00 depuis les Iles Fidji dans le Pacifique Sud en direction de destinations en Australie, en Asie, au Moyen Orient, en Europe et ensuite en Am\u00e9rique du Nord et en Am\u00e9rique du Sud. A chaque escale, Gilbert Cangy et ses co-pr\u00e9sentateurs ont parl\u00e9 avec les jeunes locaux de leurs activit\u00e9s.<\/p>\n<p>Miroslav Milkov, un jeune adulte leader en Bulgarie, a dit via Skype que les Adventistes dans la capitale Sofia, avaient proclam\u00e9 le message de l\u2019\u00e9vangile et avaient interpr\u00e9t\u00e9 des chants avec des r\u00e9sidents \u00e2g\u00e9s dans deux maisons de retraite.<\/p>\n<p>\u00ab C\u2019\u00e9tait vraiment bien de voir leurs sourires, \u00bb a t-il dit, tout rayonnant.<\/p>\n<p>Les jeunes bulgares ont \u00e9galement distribu\u00e9 de la litt\u00e9rature dans les rues et ont pass\u00e9 la journ\u00e9e avec les membres Adventistes \u00e2g\u00e9s dans leurs foyers.<\/p>\n<p>Au Danemark, les membres de l\u2019\u00e9glise de Aalborg ont pr\u00e9par\u00e9 des gaufres et ont jou\u00e9 avec les enfants dans un centre de r\u00e9fugi\u00e9s. En Estonie, les jeunes ont pass\u00e9 la journ\u00e9e avec les enfants d\u2019un orphelinat alors que les jeunes proposaient gratuitement des mesures de la tension art\u00e9rielle en Moldavie.<\/p>\n<div id=\"attachment_21520\" style=\"width: 418px\" class=\"wp-caption alignright\"><a href=\"\/interamerica\/wp-content\/uploads\/2017\/06\/Adventist-GYD16-March19-2.jpg\" rel=\"fancybox\" title=\"Alors que #GYD16 bat des records, les jeunes cherchent \u00e0 \u00eatre le sermon chaque jour\"><img loading=\"lazy\" decoding=\"async\" aria-describedby=\"caption-attachment-21520\" class=\" wp-image-21520 \" src=\"\/interamerica\/wp-content\/uploads\/2017\/06\/Adventist-GYD16-March19-2.jpg\" alt=\"\" width=\"408\" height=\"224\" \/><\/a><p id=\"caption-attachment-21520\" class=\"wp-caption-text\">Miroslav Milkov, un jeune adulte leader en Bulgarie, intervenant sur Hope Channel via Skype.<\/p><\/div>\n<p>Quelques 300 jeunes ont particip\u00e9 \u00e0 60 activit\u00e9s diff\u00e9rentes en Belgique, y compris des accolades gratuites offertes aux passants dans la rue et la remise de fleurs et de fruits en \u00e9change de cigarettes. Un groupe de jeunes belges a envoy\u00e9 une photo de groupe au studio de Hope Channel avec la d\u00e9claration : \u00ab Nous voulons \u00eatre le sermon chaque jour. \u00bb<\/p>\n<p>En Finlande, un groupe de jeunes se sont habill\u00e9s en mendiants et se sont assis sur un tapis au bord de la rue. Mais au lieu de demander de l\u2019argent, ils en proposaient \u2013 un euro \u2013 \u00e0 chaque passant qui acceptait de partager son histoire personnelle.<\/p>\n<p>A Montpellier en France, les jeunes ont habill\u00e9 les arbres avec des pantalons, des shorts et des chaussures. Lorsque les passant demandaient ce qu\u2019ils \u00e9tant en train de faire, ils ont parl\u00e9 du besoin de prendre soin de la cr\u00e9ation de Dieu et ont partag\u00e9 des informations au sujet de la Journ\u00e9e Mondiale de la Jeunesse. Une passante, journaliste d\u2019une station de radio locale, a invit\u00e9 les jeunes \u00e0 son programme pour parler de leurs convictions.<\/p>\n<p>\u00ab C\u2019est \u00e9tonnant de voir \u00e0 quel point nos membres sont cr\u00e9atifs, \u00bb a dit Gilbert Cangy.<\/p>\n<p>Traduction: Patrick Luciathe<\/p>\n","protected":false},"excerpt":{"rendered":"<p>La Journ\u00e9e Mondiale de la Jeunesse a d\u00e9but\u00e9 en 2013 avec l\u2019espoir que le fait de mettre \u00e0 part un sabbat chaque ann\u00e9e \u00e0 l\u2019occasion duquel les jeunes Adventistes du Septi\u00e8me Jour s\u2019impliqueraient dans des activit\u00e9s communautaires, les encouragerait \u00e0 devenir plus actifs dans la proclamation de l\u2019\u00e9vangile. Cet objectif a \u00e9t\u00e9 atteint au del\u00e0 de toute esp\u00e9rance lorsque des centaines de milliers de jeunes ont surpris les organisateurs v\u00e9t\u00e9rans le 19 mars en trouvant de nouvelles fa\u00e7ons \u00ab d\u2019Etre le Sermon \u00bb &#8211; la devise de la Journ\u00e9e Mondiale de la Jeunesse \u2013 et peut \u00eatre de mani\u00e8re plus significative, en s\u2019appropriant leur foi.<\/p>\n","protected":false},"author":1,"featured_media":27207,"comment_status":"closed","ping_status":"closed","sticky":false,"template":"","format":"standard","meta":{"_acf_changed":false,"footnotes":""},"categories":[18],"tags":[],"class_list":["post-32516","post","type-post","status-publish","format-standard","has-post-thumbnail","hentry","category-nouvelles-de-leglise-mondiale"],"acf":[],"yoast_head":"<!-- This site is optimized with the Yoast SEO plugin v27.3 - https:\/\/yoast.com\/product\/yoast-seo-wordpress\/ -->\n<title>Alors que #GYD16 bat des records, les jeunes cherchent \u00e0 \u00eatre le sermon chaque jour - \u00c9glise Adventiste Du Septieme Jour - Inter Am\u00e9rique Division<\/title>\n<meta name=\"robots\" content=\"index, follow, max-snippet:-1, max-image-preview:large, max-video-preview:-1\" \/>\n<link rel=\"canonical\" href=\"https:\/\/interamerica.org\/fr\/2016\/03\/alors-que-gyd16-bat-des-records-les-jeunes-cherchent-a-etre-le-sermon-chaque-jour\/\" \/>\n<meta property=\"og:locale\" content=\"fr_FR\" \/>\n<meta property=\"og:type\" content=\"article\" \/>\n<meta property=\"og:title\" content=\"Alors que #GYD16 bat des records, les jeunes cherchent \u00e0 \u00eatre le sermon chaque jour - \u00c9glise Adventiste Du Septieme Jour - Inter Am\u00e9rique Division\" \/>\n<meta property=\"og:description\" content=\"La Journ\u00e9e Mondiale de la Jeunesse a d\u00e9but\u00e9 en 2013 avec l\u2019espoir que le fait de mettre \u00e0 part un sabbat chaque ann\u00e9e \u00e0 l\u2019occasion duquel les jeunes Adventistes du Septi\u00e8me Jour s\u2019impliqueraient dans des activit\u00e9s communautaires, les encouragerait \u00e0 devenir plus actifs dans la proclamation de l\u2019\u00e9vangile. Cet objectif a \u00e9t\u00e9 atteint au del\u00e0 de toute esp\u00e9rance lorsque des centaines de milliers de jeunes ont surpris les organisateurs v\u00e9t\u00e9rans le 19 mars en trouvant de nouvelles fa\u00e7ons \u00ab d\u2019Etre le Sermon \u00bb - la devise de la Journ\u00e9e Mondiale de la Jeunesse \u2013 et peut \u00eatre de mani\u00e8re plus significative, en s\u2019appropriant leur foi.\" \/>\n<meta property=\"og:url\" content=\"https:\/\/interamerica.org\/fr\/2016\/03\/alors-que-gyd16-bat-des-records-les-jeunes-cherchent-a-etre-le-sermon-chaque-jour\/\" \/>\n<meta property=\"og:site_name\" content=\"\u00c9glise Adventiste Du Septieme Jour - Inter Am\u00e9rique Division\" \/>\n<meta property=\"article:published_time\" content=\"2016-03-20T04:00:00+00:00\" \/>\n<meta property=\"og:image\" content=\"https:\/\/interamerica.org\/wp-content\/uploads\/2017\/06\/Adventist-GYD16-March19-1.jpg\" \/>\n\t<meta property=\"og:image:width\" content=\"1000\" \/>\n\t<meta property=\"og:image:height\" content=\"500\" \/>\n\t<meta property=\"og:image:type\" content=\"image\/jpeg\" \/>\n<meta name=\"author\" content=\"Lorenzo Verduzco\" \/>\n<meta name=\"twitter:card\" content=\"summary_large_image\" \/>\n<meta name=\"twitter:label1\" content=\"\u00c9crit par\" \/>\n\t<meta name=\"twitter:data1\" content=\"Lorenzo Verduzco\" \/>\n\t<meta name=\"twitter:label2\" content=\"Dur\u00e9e de lecture estim\u00e9e\" \/>\n\t<meta name=\"twitter:data2\" content=\"6 minutes\" \/>\n<script type=\"application\/ld+json\" class=\"yoast-schema-graph\">{\"@context\":\"https:\\\/\\\/schema.org\",\"@graph\":[{\"@type\":\"Article\",\"@id\":\"https:\\\/\\\/interamerica.org\\\/fr\\\/2016\\\/03\\\/alors-que-gyd16-bat-des-records-les-jeunes-cherchent-a-etre-le-sermon-chaque-jour\\\/#article\",\"isPartOf\":{\"@id\":\"https:\\\/\\\/interamerica.org\\\/fr\\\/2016\\\/03\\\/alors-que-gyd16-bat-des-records-les-jeunes-cherchent-a-etre-le-sermon-chaque-jour\\\/\"},\"author\":{\"name\":\"Lorenzo Verduzco\",\"@id\":\"https:\\\/\\\/interamerica.org\\\/fr\\\/#\\\/schema\\\/person\\\/68ede8bdc292885bb76c1e3810e73c39\"},\"headline\":\"Alors que #GYD16 bat des records, les jeunes cherchent \u00e0 \u00eatre le sermon chaque jour\",\"datePublished\":\"2016-03-20T04:00:00+00:00\",\"mainEntityOfPage\":{\"@id\":\"https:\\\/\\\/interamerica.org\\\/fr\\\/2016\\\/03\\\/alors-que-gyd16-bat-des-records-les-jeunes-cherchent-a-etre-le-sermon-chaque-jour\\\/\"},\"wordCount\":1249,\"image\":{\"@id\":\"https:\\\/\\\/interamerica.org\\\/fr\\\/2016\\\/03\\\/alors-que-gyd16-bat-des-records-les-jeunes-cherchent-a-etre-le-sermon-chaque-jour\\\/#primaryimage\"},\"thumbnailUrl\":\"https:\\\/\\\/interamerica.org\\\/wp-content\\\/uploads\\\/2017\\\/06\\\/Adventist-GYD16-March19-1.jpg\",\"articleSection\":[\"Nouvelles de l'\u00c9glise mondiale\"],\"inLanguage\":\"fr-FR\"},{\"@type\":\"WebPage\",\"@id\":\"https:\\\/\\\/interamerica.org\\\/fr\\\/2016\\\/03\\\/alors-que-gyd16-bat-des-records-les-jeunes-cherchent-a-etre-le-sermon-chaque-jour\\\/\",\"url\":\"https:\\\/\\\/interamerica.org\\\/fr\\\/2016\\\/03\\\/alors-que-gyd16-bat-des-records-les-jeunes-cherchent-a-etre-le-sermon-chaque-jour\\\/\",\"name\":\"Alors que #GYD16 bat des records, les jeunes cherchent \u00e0 \u00eatre le sermon chaque jour - \u00c9glise Adventiste Du Septieme Jour - Inter Am\u00e9rique Division\",\"isPartOf\":{\"@id\":\"https:\\\/\\\/interamerica.org\\\/fr\\\/#website\"},\"primaryImageOfPage\":{\"@id\":\"https:\\\/\\\/interamerica.org\\\/fr\\\/2016\\\/03\\\/alors-que-gyd16-bat-des-records-les-jeunes-cherchent-a-etre-le-sermon-chaque-jour\\\/#primaryimage\"},\"image\":{\"@id\":\"https:\\\/\\\/interamerica.org\\\/fr\\\/2016\\\/03\\\/alors-que-gyd16-bat-des-records-les-jeunes-cherchent-a-etre-le-sermon-chaque-jour\\\/#primaryimage\"},\"thumbnailUrl\":\"https:\\\/\\\/interamerica.org\\\/wp-content\\\/uploads\\\/2017\\\/06\\\/Adventist-GYD16-March19-1.jpg\",\"datePublished\":\"2016-03-20T04:00:00+00:00\",\"author\":{\"@id\":\"https:\\\/\\\/interamerica.org\\\/fr\\\/#\\\/schema\\\/person\\\/68ede8bdc292885bb76c1e3810e73c39\"},\"breadcrumb\":{\"@id\":\"https:\\\/\\\/interamerica.org\\\/fr\\\/2016\\\/03\\\/alors-que-gyd16-bat-des-records-les-jeunes-cherchent-a-etre-le-sermon-chaque-jour\\\/#breadcrumb\"},\"inLanguage\":\"fr-FR\",\"potentialAction\":[{\"@type\":\"ReadAction\",\"target\":[\"https:\\\/\\\/interamerica.org\\\/fr\\\/2016\\\/03\\\/alors-que-gyd16-bat-des-records-les-jeunes-cherchent-a-etre-le-sermon-chaque-jour\\\/\"]}]},{\"@type\":\"ImageObject\",\"inLanguage\":\"fr-FR\",\"@id\":\"https:\\\/\\\/interamerica.org\\\/fr\\\/2016\\\/03\\\/alors-que-gyd16-bat-des-records-les-jeunes-cherchent-a-etre-le-sermon-chaque-jour\\\/#primaryimage\",\"url\":\"https:\\\/\\\/interamerica.org\\\/wp-content\\\/uploads\\\/2017\\\/06\\\/Adventist-GYD16-March19-1.jpg\",\"contentUrl\":\"https:\\\/\\\/interamerica.org\\\/wp-content\\\/uploads\\\/2017\\\/06\\\/Adventist-GYD16-March19-1.jpg\",\"width\":1000,\"height\":500},{\"@type\":\"BreadcrumbList\",\"@id\":\"https:\\\/\\\/interamerica.org\\\/fr\\\/2016\\\/03\\\/alors-que-gyd16-bat-des-records-les-jeunes-cherchent-a-etre-le-sermon-chaque-jour\\\/#breadcrumb\",\"itemListElement\":[{\"@type\":\"ListItem\",\"position\":1,\"name\":\"Home\",\"item\":\"https:\\\/\\\/interamerica.org\\\/fr\\\/\"},{\"@type\":\"ListItem\",\"position\":2,\"name\":\"Alors que #GYD16 bat des records, les jeunes cherchent \u00e0 \u00eatre le sermon chaque jour\"}]},{\"@type\":\"WebSite\",\"@id\":\"https:\\\/\\\/interamerica.org\\\/fr\\\/#website\",\"url\":\"https:\\\/\\\/interamerica.org\\\/fr\\\/\",\"name\":\"\u00c9glise Adventiste Du Septieme Jour - Inter Am\u00e9rique Division\",\"description\":\"\",\"potentialAction\":[{\"@type\":\"SearchAction\",\"target\":{\"@type\":\"EntryPoint\",\"urlTemplate\":\"https:\\\/\\\/interamerica.org\\\/fr\\\/?s={search_term_string}\"},\"query-input\":{\"@type\":\"PropertyValueSpecification\",\"valueRequired\":true,\"valueName\":\"search_term_string\"}}],\"inLanguage\":\"fr-FR\"},{\"@type\":\"Person\",\"@id\":\"https:\\\/\\\/interamerica.org\\\/fr\\\/#\\\/schema\\\/person\\\/68ede8bdc292885bb76c1e3810e73c39\",\"name\":\"Lorenzo Verduzco\",\"image\":{\"@type\":\"ImageObject\",\"inLanguage\":\"fr-FR\",\"@id\":\"https:\\\/\\\/secure.gravatar.com\\\/avatar\\\/fb81a55b6218459490a9c1dc841a34909185b81904c5337b4b27f7a6fd60c49e?s=96&d=mm&r=g\",\"url\":\"https:\\\/\\\/secure.gravatar.com\\\/avatar\\\/fb81a55b6218459490a9c1dc841a34909185b81904c5337b4b27f7a6fd60c49e?s=96&d=mm&r=g\",\"contentUrl\":\"https:\\\/\\\/secure.gravatar.com\\\/avatar\\\/fb81a55b6218459490a9c1dc841a34909185b81904c5337b4b27f7a6fd60c49e?s=96&d=mm&r=g\",\"caption\":\"Lorenzo Verduzco\"}}]}<\/script>\n<!-- \/ Yoast SEO plugin. -->","yoast_head_json":{"title":"Alors que #GYD16 bat des records, les jeunes cherchent \u00e0 \u00eatre le sermon chaque jour - \u00c9glise Adventiste Du Septieme Jour - Inter Am\u00e9rique Division","robots":{"index":"index","follow":"follow","max-snippet":"max-snippet:-1","max-image-preview":"max-image-preview:large","max-video-preview":"max-video-preview:-1"},"canonical":"https:\/\/interamerica.org\/fr\/2016\/03\/alors-que-gyd16-bat-des-records-les-jeunes-cherchent-a-etre-le-sermon-chaque-jour\/","og_locale":"fr_FR","og_type":"article","og_title":"Alors que #GYD16 bat des records, les jeunes cherchent \u00e0 \u00eatre le sermon chaque jour - \u00c9glise Adventiste Du Septieme Jour - Inter Am\u00e9rique Division","og_description":"La Journ\u00e9e Mondiale de la Jeunesse a d\u00e9but\u00e9 en 2013 avec l\u2019espoir que le fait de mettre \u00e0 part un sabbat chaque ann\u00e9e \u00e0 l\u2019occasion duquel les jeunes Adventistes du Septi\u00e8me Jour s\u2019impliqueraient dans des activit\u00e9s communautaires, les encouragerait \u00e0 devenir plus actifs dans la proclamation de l\u2019\u00e9vangile. Cet objectif a \u00e9t\u00e9 atteint au del\u00e0 de toute esp\u00e9rance lorsque des centaines de milliers de jeunes ont surpris les organisateurs v\u00e9t\u00e9rans le 19 mars en trouvant de nouvelles fa\u00e7ons \u00ab d\u2019Etre le Sermon \u00bb - la devise de la Journ\u00e9e Mondiale de la Jeunesse \u2013 et peut \u00eatre de mani\u00e8re plus significative, en s\u2019appropriant leur foi.","og_url":"https:\/\/interamerica.org\/fr\/2016\/03\/alors-que-gyd16-bat-des-records-les-jeunes-cherchent-a-etre-le-sermon-chaque-jour\/","og_site_name":"\u00c9glise Adventiste Du Septieme Jour - Inter Am\u00e9rique Division","article_published_time":"2016-03-20T04:00:00+00:00","og_image":[{"width":1000,"height":500,"url":"https:\/\/interamerica.org\/wp-content\/uploads\/2017\/06\/Adventist-GYD16-March19-1.jpg","type":"image\/jpeg"}],"author":"Lorenzo Verduzco","twitter_card":"summary_large_image","twitter_misc":{"\u00c9crit par":"Lorenzo Verduzco","Dur\u00e9e de lecture estim\u00e9e":"6 minutes"},"schema":{"@context":"https:\/\/schema.org","@graph":[{"@type":"Article","@id":"https:\/\/interamerica.org\/fr\/2016\/03\/alors-que-gyd16-bat-des-records-les-jeunes-cherchent-a-etre-le-sermon-chaque-jour\/#article","isPartOf":{"@id":"https:\/\/interamerica.org\/fr\/2016\/03\/alors-que-gyd16-bat-des-records-les-jeunes-cherchent-a-etre-le-sermon-chaque-jour\/"},"author":{"name":"Lorenzo Verduzco","@id":"https:\/\/interamerica.org\/fr\/#\/schema\/person\/68ede8bdc292885bb76c1e3810e73c39"},"headline":"Alors que #GYD16 bat des records, les jeunes cherchent \u00e0 \u00eatre le sermon chaque jour","datePublished":"2016-03-20T04:00:00+00:00","mainEntityOfPage":{"@id":"https:\/\/interamerica.org\/fr\/2016\/03\/alors-que-gyd16-bat-des-records-les-jeunes-cherchent-a-etre-le-sermon-chaque-jour\/"},"wordCount":1249,"image":{"@id":"https:\/\/interamerica.org\/fr\/2016\/03\/alors-que-gyd16-bat-des-records-les-jeunes-cherchent-a-etre-le-sermon-chaque-jour\/#primaryimage"},"thumbnailUrl":"https:\/\/interamerica.org\/wp-content\/uploads\/2017\/06\/Adventist-GYD16-March19-1.jpg","articleSection":["Nouvelles de l'\u00c9glise mondiale"],"inLanguage":"fr-FR"},{"@type":"WebPage","@id":"https:\/\/interamerica.org\/fr\/2016\/03\/alors-que-gyd16-bat-des-records-les-jeunes-cherchent-a-etre-le-sermon-chaque-jour\/","url":"https:\/\/interamerica.org\/fr\/2016\/03\/alors-que-gyd16-bat-des-records-les-jeunes-cherchent-a-etre-le-sermon-chaque-jour\/","name":"Alors que #GYD16 bat des records, les jeunes cherchent \u00e0 \u00eatre le sermon chaque jour - \u00c9glise Adventiste Du Septieme Jour - Inter Am\u00e9rique Division","isPartOf":{"@id":"https:\/\/interamerica.org\/fr\/#website"},"primaryImageOfPage":{"@id":"https:\/\/interamerica.org\/fr\/2016\/03\/alors-que-gyd16-bat-des-records-les-jeunes-cherchent-a-etre-le-sermon-chaque-jour\/#primaryimage"},"image":{"@id":"https:\/\/interamerica.org\/fr\/2016\/03\/alors-que-gyd16-bat-des-records-les-jeunes-cherchent-a-etre-le-sermon-chaque-jour\/#primaryimage"},"thumbnailUrl":"https:\/\/interamerica.org\/wp-content\/uploads\/2017\/06\/Adventist-GYD16-March19-1.jpg","datePublished":"2016-03-20T04:00:00+00:00","author":{"@id":"https:\/\/interamerica.org\/fr\/#\/schema\/person\/68ede8bdc292885bb76c1e3810e73c39"},"breadcrumb":{"@id":"https:\/\/interamerica.org\/fr\/2016\/03\/alors-que-gyd16-bat-des-records-les-jeunes-cherchent-a-etre-le-sermon-chaque-jour\/#breadcrumb"},"inLanguage":"fr-FR","potentialAction":[{"@type":"ReadAction","target":["https:\/\/interamerica.org\/fr\/2016\/03\/alors-que-gyd16-bat-des-records-les-jeunes-cherchent-a-etre-le-sermon-chaque-jour\/"]}]},{"@type":"ImageObject","inLanguage":"fr-FR","@id":"https:\/\/interamerica.org\/fr\/2016\/03\/alors-que-gyd16-bat-des-records-les-jeunes-cherchent-a-etre-le-sermon-chaque-jour\/#primaryimage","url":"https:\/\/interamerica.org\/wp-content\/uploads\/2017\/06\/Adventist-GYD16-March19-1.jpg","contentUrl":"https:\/\/interamerica.org\/wp-content\/uploads\/2017\/06\/Adventist-GYD16-March19-1.jpg","width":1000,"height":500},{"@type":"BreadcrumbList","@id":"https:\/\/interamerica.org\/fr\/2016\/03\/alors-que-gyd16-bat-des-records-les-jeunes-cherchent-a-etre-le-sermon-chaque-jour\/#breadcrumb","itemListElement":[{"@type":"ListItem","position":1,"name":"Home","item":"https:\/\/interamerica.org\/fr\/"},{"@type":"ListItem","position":2,"name":"Alors que #GYD16 bat des records, les jeunes cherchent \u00e0 \u00eatre le sermon chaque jour"}]},{"@type":"WebSite","@id":"https:\/\/interamerica.org\/fr\/#website","url":"https:\/\/interamerica.org\/fr\/","name":"\u00c9glise Adventiste Du Septieme Jour - Inter Am\u00e9rique Division","description":"","potentialAction":[{"@type":"SearchAction","target":{"@type":"EntryPoint","urlTemplate":"https:\/\/interamerica.org\/fr\/?s={search_term_string}"},"query-input":{"@type":"PropertyValueSpecification","valueRequired":true,"valueName":"search_term_string"}}],"inLanguage":"fr-FR"},{"@type":"Person","@id":"https:\/\/interamerica.org\/fr\/#\/schema\/person\/68ede8bdc292885bb76c1e3810e73c39","name":"Lorenzo Verduzco","image":{"@type":"ImageObject","inLanguage":"fr-FR","@id":"https:\/\/secure.gravatar.com\/avatar\/fb81a55b6218459490a9c1dc841a34909185b81904c5337b4b27f7a6fd60c49e?s=96&d=mm&r=g","url":"https:\/\/secure.gravatar.com\/avatar\/fb81a55b6218459490a9c1dc841a34909185b81904c5337b4b27f7a6fd60c49e?s=96&d=mm&r=g","contentUrl":"https:\/\/secure.gravatar.com\/avatar\/fb81a55b6218459490a9c1dc841a34909185b81904c5337b4b27f7a6fd60c49e?s=96&d=mm&r=g","caption":"Lorenzo Verduzco"}}]}},"_links":{"self":[{"href":"https:\/\/interamerica.org\/fr\/wp-json\/wp\/v2\/posts\/32516","targetHints":{"allow":["GET"]}}],"collection":[{"href":"https:\/\/interamerica.org\/fr\/wp-json\/wp\/v2\/posts"}],"about":[{"href":"https:\/\/interamerica.org\/fr\/wp-json\/wp\/v2\/types\/post"}],"author":[{"embeddable":true,"href":"https:\/\/interamerica.org\/fr\/wp-json\/wp\/v2\/users\/1"}],"replies":[{"embeddable":true,"href":"https:\/\/interamerica.org\/fr\/wp-json\/wp\/v2\/comments?post=32516"}],"version-history":[{"count":0,"href":"https:\/\/interamerica.org\/fr\/wp-json\/wp\/v2\/posts\/32516\/revisions"}],"wp:featuredmedia":[{"embeddable":true,"href":"https:\/\/interamerica.org\/fr\/wp-json\/wp\/v2\/media\/27207"}],"wp:attachment":[{"href":"https:\/\/interamerica.org\/fr\/wp-json\/wp\/v2\/media?parent=32516"}],"wp:term":[{"taxonomy":"category","embeddable":true,"href":"https:\/\/interamerica.org\/fr\/wp-json\/wp\/v2\/categories?post=32516"},{"taxonomy":"post_tag","embeddable":true,"href":"https:\/\/interamerica.org\/fr\/wp-json\/wp\/v2\/tags?post=32516"}],"curies":[{"name":"wp","href":"https:\/\/api.w.org\/{rel}","templated":true}]}}