{"id":32543,"date":"2016-04-19T00:00:00","date_gmt":"2016-04-19T04:00:00","guid":{"rendered":"http:\/\/192.81.217.108\/interamerica\/2016\/04\/a-caracas-4012-personnes-sont-baptisees-et-deviennent-membres-de-leglise-adventiste-lors-dune-celebration-historique-de-levangelisation\/"},"modified":"2016-04-19T00:00:00","modified_gmt":"2016-04-19T04:00:00","slug":"a-caracas-4012-personnes-sont-baptisees-et-deviennent-membres-de-leglise-adventiste-lors-dune-celebration-historique-de-levangelisation","status":"publish","type":"post","link":"https:\/\/interamerica.org\/fr\/2016\/04\/a-caracas-4012-personnes-sont-baptisees-et-deviennent-membres-de-leglise-adventiste-lors-dune-celebration-historique-de-levangelisation\/","title":{"rendered":"A Caracas, 4012 personnes sont baptis\u00e9es et deviennent membres de l\u2019Eglise Adventiste lors d\u2019une c\u00e9l\u00e9bration historique de l\u2019\u00e9vang\u00e9lisation"},"content":{"rendered":"<div id=\"attachment_22013\" style=\"width: 810px\" class=\"wp-caption aligncenter\"><a href=\"\/interamerica\/wp-content\/uploads\/2017\/06\/LTM-baptism-group-Les.jpg\" rel=\"fancybox\" title=\"A Caracas, 4012 personnes sont baptis\u00e9es et deviennent membres de l\u2019Eglise Adventiste lors d\u2019une c\u00e9l\u00e9bration historique de l\u2019\u00e9vang\u00e9lisation\"><img fetchpriority=\"high\" decoding=\"async\" aria-describedby=\"caption-attachment-22013\" class=\" wp-image-22013 \" src=\"\/interamerica\/wp-content\/uploads\/2017\/06\/LTM-baptism-group-Les.jpg\" alt=\"\" width=\"800\" height=\"533\" \/><\/a><p id=\"caption-attachment-22013\" class=\"wp-caption-text\">Les membres nouvellement baptis\u00e9s appr\u00e9cient leur exp\u00e9rience lors de la c\u00e9l\u00e9bration de l\u2019\u00e9vang\u00e9lisation organis\u00e9e par l\u2019Eglise Adventiste du Septi\u00e8me Jour \u00e0 l\u2019Estadio Universitario de Caracas \u00e0 Caracas au Venezuela le 16 avril 2016. Quelques 4012 personnes ont \u00e9t\u00e9 baptis\u00e9es lors du programme de la journ\u00e9e marquant la cl\u00f4ture d\u2019intenses campagnes d\u2019\u00e9vang\u00e9lisation dans la ville et dans toute l\u2019Union de l\u2019Est du Venezuela. Image de Libna Stevens\/DIA<\/p><\/div>\n<p>18 Avril 2016 \u2013 Caracas, Venezuela \u2013 Libna Stevens\/DIA<\/p>\n<p>L\u2019Eglise Adventiste du Septi\u00e8me Jour a baptis\u00e9 4012 personnes qui deviennent ainsi membres d\u2019\u00e9glise lors d\u2019une c\u00e9l\u00e9bration historique de l\u2019\u00e9vang\u00e9lisation \u00e0 Caracas au Venezuela le 16 avril 2016. Plus de 20000 personnes ont assist\u00e9 \u00e0 la c\u00e9r\u00e9monie baptismale dans la ville \u00e0 l\u2019Estadio Universitario de Caracas (Stade Universitaire de Caracas) marquant ainsi le point culminant de huit mois d\u2019intenses campagnes d\u2019\u00e9vang\u00e9lisation qui se sont tenues dans toute l\u2019Union de l\u2019Est du Venezuela.<\/p>\n<p>Quelques uns ont voyag\u00e9 pendant plus de 36 heures en bateau, en voiture ou en bus pour participer aux festivit\u00e9s de la journ\u00e9e, et s\u2019engager \u00e0 proclamer l\u2019esp\u00e9rance dans leurs communaut\u00e9s, et \u00e0 pr\u00e9senter \u00e0 Dieu des pri\u00e8res en faveur des leaders du gouvernement et de la population du Venezuela.<\/p>\n<div id=\"attachment_22015\" style=\"width: 440px\" class=\"wp-caption alignleft\"><a href=\"\/interamerica\/wp-content\/uploads\/2017\/06\/JosneyRodriguez-AlbertoCapcha.jpg\" rel=\"fancybox\" title=\"A Caracas, 4012 personnes sont baptis\u00e9es et deviennent membres de l\u2019Eglise Adventiste lors d\u2019une c\u00e9l\u00e9bration historique de l\u2019\u00e9vang\u00e9lisation\"><img decoding=\"async\" aria-describedby=\"caption-attachment-22015\" class=\" wp-image-22015  \" src=\"\/interamerica\/wp-content\/uploads\/2017\/06\/JosneyRodriguez-AlbertoCapcha-1024x682.jpg\" alt=\"\" width=\"430\" height=\"286\" \/><\/a><p id=\"caption-attachment-22015\" class=\"wp-caption-text\">Pasteur Josney Rodriguez, pr\u00e9sident de l\u2019Union de l\u2019Est du Venezuela s\u2019adresse aux plus de 20000 membres d\u2019\u00e9glise pr\u00e9sents lors de la c\u00e9l\u00e9bration du 16 avril. Image d\u2019Alberto Capcha\/DIA.<\/p><\/div>\n<p>\u00ab Les mots ne peuvent dire \u00e0 quel point je suis touch\u00e9 en voyant le d\u00e9vouement de nos dirigeants d\u2019\u00e9glise, de nos pasteurs et de nos membres \u00e0 \u00eatre ici, \u00bb a dit pasteur Josney Rodriguez, pr\u00e9sident de l\u2019Union de l\u2019Est du Venezuela. \u00ab Ce n\u2019est pas un secret, nos membres d\u2019\u00e9glise luttent dans de nombreux domaines, mais leur engagement envers la mission de l\u2019\u00e9glise est quelque chose d\u2019incroyable. \u00bb<\/p>\n<p><strong>L\u2019action d\u2019\u00e9vang\u00e9lisation dans l\u2019Est du Venezuela<\/strong><br \/>\nIl a fallu l\u2019action combin\u00e9e des pasteurs, des leaders de petits groupes, et des membres la\u00efcs dans les 5000 petits groupes r\u00e9partis dans les huit f\u00e9d\u00e9rations et missions de l\u2019Est du Venezuela pour que l\u2019action d\u2019\u00e9vang\u00e9lisation men\u00e9e connaisse ce succ\u00e8s, a d\u00e9clar\u00e9 pasteur Rodriguez. A Caracas seulement, des campagnes d\u2019\u00e9vang\u00e9lisation ont \u00e9t\u00e9 organis\u00e9es dans 800 petits groupes, ce qui a d\u00e9bouch\u00e9 sur 200 campagnes de moisson dirig\u00e9es dans les \u00e9glises par des \u00e9vang\u00e9listes locaux et internationaux venus de toute la Division Inter Am\u00e9ricaine, la semaine derni\u00e8re.<\/p>\n<p>Cent nouvelles \u00e9glises ont \u00e9t\u00e9 implant\u00e9es, gr\u00e2ce aux pionniers de Mission Globale qui ont apport\u00e9 leur aide dans l\u2019\u00e9tablissement de nouvelles congr\u00e9gations dans tout le territoire de l\u2019union.<\/p>\n<p>Le programme est devenu le premier du genre \u00e0 \u00eatre organis\u00e9 par l\u2019Eglise Adventiste \u00e0 Caracas, et la plus grande action d\u2019impact \u00e9vang\u00e9lique \u00e0 \u00eatre men\u00e9e au cours des 106 ans d\u2019histoire de l\u2019Adventisme dans le pays, a ajout\u00e9 pasteur Rodriguez.<\/p>\n<p>Les c\u00e9l\u00e9brations organis\u00e9es ce jour l\u00e0 intervenaient dans le cadre du lancement officiel de l\u2019initiative d\u2019\u00e9vang\u00e9lisation quinquennale de la Division Inter Am\u00e9ricaine visant \u00e0 motiver ses 3,8 millions de membres \u00e0 rechercher une transformation quotidienne en J\u00e9sus, \u00e0 s\u2019impliquer davantage dans la vie de l\u2019\u00e9glise, et s\u2019engager \u00e0 partager l\u2019amour de J\u00e9sus dans leurs communaut\u00e9s.<\/p>\n<p><strong>Pasteur Wilson intervient<\/strong><\/p>\n<div id=\"attachment_22016\" style=\"width: 442px\" class=\"wp-caption alignright\"><a href=\"\/interamerica\/wp-content\/uploads\/2017\/06\/LTM-Wilson2.jpg\" rel=\"fancybox\" title=\"A Caracas, 4012 personnes sont baptis\u00e9es et deviennent membres de l\u2019Eglise Adventiste lors d\u2019une c\u00e9l\u00e9bration historique de l\u2019\u00e9vang\u00e9lisation\"><img decoding=\"async\" aria-describedby=\"caption-attachment-22016\" class=\" wp-image-22016  \" src=\"\/interamerica\/wp-content\/uploads\/2017\/06\/LTM-Wilson2.jpg\" alt=\"\" width=\"432\" height=\"287\" \/><\/a><p id=\"caption-attachment-22016\" class=\"wp-caption-text\">Le pr\u00e9sident de l\u2019Eglise Adventiste mondiale, pasteur Ted N.C. Wilson, pr\u00e9sente le message spirituel au stade le 16 avril 2016 alors que Dr Gamaliel Florez traduit. Image de Karglem Torres\/DIA.<\/p><\/div>\n<p>Le pr\u00e9sident de l\u2019Eglise Adventiste mondiale, Ted N.C. Wilson a encourag\u00e9 l\u2019auditoire \u00e0 rechercher une relation avec J\u00e9sus, \u00e0 \u00e9tudier la parole de Dieu et \u00e0 permettre au Saint Esprit d\u2019amener un changement dans leurs vies. C\u2019\u00e9tait la deuxi\u00e8me visite de pasteur Wilson au Venezuela.<\/p>\n<p>\u00ab Permettez \u00e0 Dieu de vous utiliser pour faire une diff\u00e9rence au Venezuela o\u00f9 \u00e0 n\u2019importe quel endroit o\u00f9 vous vous trouvez, \u00bb a dit pasteur Wilson en encourageant les membres \u00e0 rechercher un transformation en J\u00e9sus chaque minute de chaque jour.<\/p>\n<p>\u00ab Vous avez une opportunit\u00e9 de donner de l\u2019esp\u00e9rance aux gens, d\u2019encourager et d\u2019aider les gens \u00e0 entrevoir un avenir brillant en d\u00e9pit des d\u00e9fis que vous confrontez chaque jour, \u00bb a d\u00e9clar\u00e9 le dirigeant Adventiste. \u00ab Permettez \u00e0 Dieu de vous utiliser pour t\u00e9moigner de la mani\u00e8re dont Dieu change la vie des personnes, \u00bb a t-il ajout\u00e9. \u00ab Vous pouvez tout perdre mais vous avez J\u00e9sus et Il peut transformer vos vies. \u00bb<\/p>\n<p>En prenant leur engagement baptismal, les nouveaux membres ont chacun rel\u00e2ch\u00e9 un ballon comme un testament de leur engagement \u00e0 suivre J\u00e9sus et \u00e0 rechercher une transformation quotidienne en Christ. Les ballons gonfl\u00e9s \u00e0 l\u2019h\u00e9lium portaient un logo de l\u2019\u00e9glise ainsi qu\u2019une note contenant un verset et un message d\u2019esp\u00e9rance attach\u00e9e par une ficelle.<\/p>\n<p>Pasteur Wilson a \u00e9t\u00e9 ensuite rejoint par pasteur Isra\u00ebl Leito, le pr\u00e9sident de la DIA, et ils ont assist\u00e9 au bapt\u00eame des nouveaux membres qui ont \u00e9t\u00e9 immerg\u00e9s par les pasteurs et les anciens dans les 70 piscines gonflables situ\u00e9es le long du bord du terrain de baseball du stade.<\/p>\n<p><strong>Nouveaux membres<\/strong><\/p>\n<div id=\"attachment_22018\" style=\"width: 458px\" class=\"wp-caption alignright\"><a href=\"\/interamerica\/wp-content\/uploads\/2017\/06\/FreddyMorocoima1.jpg\" rel=\"fancybox\" title=\"A Caracas, 4012 personnes sont baptis\u00e9es et deviennent membres de l\u2019Eglise Adventiste lors d\u2019une c\u00e9l\u00e9bration historique de l\u2019\u00e9vang\u00e9lisation\"><img loading=\"lazy\" decoding=\"async\" aria-describedby=\"caption-attachment-22018\" class=\" wp-image-22018 \" src=\"\/interamerica\/wp-content\/uploads\/2017\/06\/FreddyMorocoima1.jpg\" alt=\"\" width=\"448\" height=\"319\" \/><\/a><p id=\"caption-attachment-22018\" class=\"wp-caption-text\">Freddy Morocoima de La Gran Sabana s\u2019est rendu \u00e0 Caracas en voyageant plus de 24 heures en bus afin d\u2019\u00eatre baptis\u00e9 lors de la c\u00e9r\u00e9monie. Image de Libna Stevens\/DIA.<\/p><\/div>\n<p>Freddy Morocoima, 22 ans, faisait partie de ceux qui ont \u00e9t\u00e9 baptis\u00e9s. Il a voyag\u00e9 pendant pr\u00e8s de deux jours depuis La Gran Sabana dans le sud-est du Venezuela afin de prendre part \u00e0 la c\u00e9l\u00e9bration sp\u00e9ciale.<\/p>\n<p>\u00ab J\u2019ai une grande joie dans mon c\u0153ur aujourd\u2019hui, j\u2019ai l\u2019impression d\u2019\u00eatre une nouvelle personne, \u00bb a dit Freddy Morocoima qui vient de Mesek Meru, une communaut\u00e9 indig\u00e8ne. Il a expliqu\u00e9 que sa vie \u00e9tait remplie de col\u00e8re, qu\u2019il buvait et qu\u2019il fumait pratiquement tous les jours, mais un jour son beau-p\u00e8re l\u2019a invit\u00e9 \u00e0 participer \u00e0 un petit groupe qui avait organis\u00e9 une semaine de pri\u00e8re. \u00ab J\u2019\u00e9tais si impressionn\u00e9 et touch\u00e9 par le message que j\u2019ai continu\u00e9 d\u2019y assister et j\u2019ai commenc\u00e9 \u00e0 ressentir une transformation qui prenait place dans ma vie, \u00bb a dit Freddy Morocoima. Il croit que Dieu a fait plus que sauver sa vie parce qu\u2019il \u00e9tait sur le point de perdre sa femme et ses deux jeunes enfants. \u00ab Ma vie a un nouveau sens, et j\u2019ai abandonn\u00e9 les mauvaises habitudes, \u00bb a dit Freddy Morocoima qui travaille pour l\u2019arm\u00e9e. Il r\u00eave de devenir pasteur et de toucher ceux qui dans sa communaut\u00e9 ont besoin d\u2019un Sauveur.<\/p>\n<p>Maria Iriza a trouv\u00e9 une paix qu\u2019elle avait recherch\u00e9 la plus grade partie de sa vie. Elle a d\u00e9clar\u00e9 que son histoire est une longue histoire qui a commenc\u00e9 au moment o\u00f9 sa m\u00e8re l\u2019a abandonn\u00e9e \u00e0 un tr\u00e8s jeune \u00e2ge, la laissant vivre dans les rues expos\u00e9e \u00e0 la drogue et \u00e0 la violence ; elle est devenue m\u00e8re c\u00e9libataire \u00e0 15 ans.<\/p>\n<p>\u00ab Ma vie a chang\u00e9 lorsque j\u2019ai commenc\u00e9 les \u00e9tudes bibliques \u00ab La Foi de J\u00e9sus \u00bb avec un ami il y a juste quelques semaines, \u00bb a dit Maria Iriza. Elle fait partie des centaines de personnes qui ont assist\u00e9 aux campagnes d\u2019\u00e9vang\u00e9lisation \u00e0 Caracas. Pendant la campagne d\u2019\u00e9vang\u00e9lisation qui s\u2019est tenue la semaine derni\u00e8re \u00e0 l\u2019\u00e9glise Adventiste El Paraiso, elle a d\u00e9cid\u00e9 de donner sa vie \u00e0 J\u00e9sus avec son mari, son fils de dix ans et sa fille de quatre ans. \u00ab En l\u2019espace d\u2019une semaine seulement, j\u2019ai \u00e9pous\u00e9 celui qui est devenu mon mari, et Dieu a fait en sorte qu\u2019il n\u2019ait pas \u00e0 travailler le sabbat, et aujourd\u2019hui je me fais baptiser, \u00bb a dit Maria Iriza.<\/p>\n<div id=\"attachment_22020\" style=\"width: 490px\" class=\"wp-caption alignleft\"><a href=\"\/interamerica\/wp-content\/uploads\/2017\/06\/LTM-baptismapools-WalterFabian.jpg\" rel=\"fancybox\" title=\"A Caracas, 4012 personnes sont baptis\u00e9es et deviennent membres de l\u2019Eglise Adventiste lors d\u2019une c\u00e9l\u00e9bration historique de l\u2019\u00e9vang\u00e9lisation\"><img loading=\"lazy\" decoding=\"async\" aria-describedby=\"caption-attachment-22020\" class=\" wp-image-22020  \" src=\"\/interamerica\/wp-content\/uploads\/2017\/06\/LTM-baptismapools-WalterFabian.jpg\" alt=\"\" width=\"480\" height=\"320\" \/><\/a><p id=\"caption-attachment-22020\" class=\"wp-caption-text\">Des milliers de personnes ont assist\u00e9 aux bapt\u00eames qui ont eu lieu dans les piscines au bord du terrain de baseball dans le stade. Image de Walter Fabian\/DIA.<\/p><\/div>\n<p>\u00ab Dieu a enlev\u00e9 ma col\u00e8re, mon attitude agressive et Il m\u2019a donn\u00e9 la paix. Il m\u2019enseigne tous les jours \u00e0 Lui faire confiance et \u00e0 le laisser me guider et prot\u00e9ger ma famille d\u2019une mani\u00e8re puissante alors que nous \u00e9levons nos enfants et les invitons \u00e0 suivre l\u2019empreinte des pas de J\u00e9sus. \u00bb<\/p>\n<p><strong>Fid\u00e9lit\u00e9 au Venezuela<\/strong><br \/>\nIl y a 4010 autres r\u00e9cits de transformation au Venezuela \u2013 des r\u00e9cits de foi de nouveaux membres prenant position pour Dieu afin qu\u2019Il leur permette de traverser quelle que soit la crise.<\/p>\n<p>Pasteur Ricardo Marin, secr\u00e9taire de l\u2019Eglise Adventiste dans l\u2019Union Centram\u00e9ricaine du Sud qui supervise l\u2019\u00e9glise au Costa Rica et au Nicaragua, a d\u00e9clar\u00e9 qu\u2019il a vu pour lui m\u00eame comment les membres d\u2019\u00e9glise au Venezuela sont engag\u00e9s \u00e0 faire confiance \u00e0 Dieu m\u00eame lorsqu\u2019ils n\u2019ont pas de quoi manger. Ricardo Marin fait partie des 51 pasteurs qui se sont rendus au Venezuela en provenance de tout le territoire de la DIA pour conduire des campagnes d\u2019\u00e9vang\u00e9lisation de moisson la semaine derni\u00e8re. Il a \u00e9t\u00e9 appel\u00e9 \u00e0 pr\u00eacher \u00e0 l\u2019\u00e9glise Adventiste de Alto del Aguila dans les faubourgs de la ville.<\/p>\n<p>Pasteur Marin a \u00e9t\u00e9 touch\u00e9 de savoir qu\u2019un membre n\u2019avait pas pu acheter de la nourriture pendant plus d\u2019une semaine parce que le jour qui lui avait \u00e9t\u00e9 assign\u00e9 pour l\u2019achat de nourriture \u00e9tait le jour du sabbat.<\/p>\n<p>\u00ab Elle a d\u00e9cid\u00e9 de faire confiance \u00e0 Dieu plut\u00f4t que d\u2019aller acheter le jour du sabbat, et par cons\u00e9quent elle s\u2019est retrouv\u00e9e sans nourriture, \u00bb a expliqu\u00e9 pasteur Marin. \u00ab j\u2019ai \u00e9t\u00e9 \u00e9merveill\u00e9 de voir tous nos membres remplis d\u2019amour et d\u00e9termin\u00e9s \u00e0 partager l\u2019amour de Dieu avec le peu qu\u2019ils avaient ou n\u2019avaient pas. Peu importe s\u2019ils ont faim, ils croient en Dieu et Lui font confiance, \u00bb a ajout\u00e9 pasteur Marin. \u00ab Je suis venu pour b\u00e9nir le peuple de l\u2019\u00e9glise avec la Parole de Dieu, mais j\u2019ai \u00e9t\u00e9 transform\u00e9 et b\u00e9ni avec cette expression d\u2019amour et de g\u00e9n\u00e9rosit\u00e9, \u00bb a dit pasteur Marin qui a pr\u00each\u00e9 \u00e0 Trinidad, en Jama\u00efque et au Mexique et en Am\u00e9rique Centrale chaque ann\u00e9e dans le cadre de l\u2019initiative d\u2019\u00e9vang\u00e9lisation de la division.<\/p>\n<div id=\"attachment_22025\" style=\"width: 490px\" class=\"wp-caption alignright\"><a href=\"\/interamerica\/wp-content\/uploads\/2017\/06\/LTM-pioneers-AbnelZamora.jpg\" rel=\"fancybox\" title=\"A Caracas, 4012 personnes sont baptis\u00e9es et deviennent membres de l\u2019Eglise Adventiste lors d\u2019une c\u00e9l\u00e9bration historique de l\u2019\u00e9vang\u00e9lisation\"><img loading=\"lazy\" decoding=\"async\" aria-describedby=\"caption-attachment-22025\" class=\" wp-image-22025 \" src=\"\/interamerica\/wp-content\/uploads\/2017\/06\/LTM-pioneers-AbnelZamora.jpg\" alt=\"\" width=\"480\" height=\"320\" \/><\/a><p id=\"caption-attachment-22025\" class=\"wp-caption-text\">100 pionniers de Mission Globale ont tenu sur le stade des drapeaux repr\u00e9sentant chaque \u00e9glise qu\u2019ils ont aid\u00e9 \u00e0 implanter dans le territoire de l\u2019Union de l\u2019Est du Venezuela. Image d\u2019Abnel Zamora\/DIA.<\/p><\/div>\n<p>\u00ab Le Seigneur pourvoit et je suis si touch\u00e9 par l\u2019esprit de g\u00e9n\u00e9rosit\u00e9, la confiance et la loyaut\u00e9 envers Dieu manifest\u00e9s par nos membres, \u00bb a confi\u00e9 pasteur Rodriguez. Sabbat dernier, le matin du 9 avril, apr\u00e8s avoir enseign\u00e9 l\u2019Ecole du Sabbat dans une \u00e9glise de Caracas, un membre a partag\u00e9 son t\u00e9moignage disant comment elle a lou\u00e9 Dieu parce qu\u2019elle n\u2019avait pu acheter de la nourriture mais qu\u2019elle avait trouv\u00e9 deux bananes dans sa maison et qu\u2019elle en a fait son repas. \u00ab Sa force est la m\u00eame que celle de nos membres dans tout le territoire de notre union, Dieu nous a \u00e9norm\u00e9ment b\u00e9nis et continue de le faire m\u00eame au milieu des d\u00e9fis que nous confrontons. \u00bb<\/p>\n<p>L\u2019\u00e9glise continue de croitre dans l\u2019Est du Venezuela avec pr\u00e8s de 158000 membres. L\u2019union compte 112 pasteurs qui supervisent 814 congr\u00e9gations. \u00ab Plusieurs pasteurs ont laiss\u00e9 le pays donc nous avons commenc\u00e9 une formation sp\u00e9ciale pour les premiers anciens de toute l\u2019union afin qu\u2019ils soient totalement \u00e9quip\u00e9s pour diriger nos congr\u00e9gations avec des pasteurs superviseurs. \u00bb<\/p>\n<p>\u00ab Dieu a fait de grandes choses au Venezuela, et nous sommes reconnaissants de ce que l\u2019on jouisse de la libert\u00e9 religieuse ici, \u00bb a d\u00e9clar\u00e9 pasteur Leito qui s\u2019est rendu dans le pays des dizaines de fois au cours de son minist\u00e8re en Inter Am\u00e9rique. \u00ab Nous admirons vraiment l\u2019esprit de nos membres au Venezuela, ils demeurent fid\u00e8les et sont toujours joyeux au milieu de leurs d\u00e9fis, \u00bb a ajout\u00e9 pasteur Leito. Les membres continuent d\u2019\u00eatre g\u00e9n\u00e9reux dans leurs d\u00eemes et leurs offrandes au Venezuela, a t-il expliqu\u00e9. \u00ab C\u2019est juste que lorsque vous convertissez les fonds en dollars, la diff\u00e9rence est significative. \u00bb<\/p>\n<div id=\"attachment_22023\" style=\"width: 442px\" class=\"wp-caption alignright\"><a href=\"\/interamerica\/wp-content\/uploads\/2017\/06\/Ztanga.png\" rel=\"fancybox\" title=\"A Caracas, 4012 personnes sont baptis\u00e9es et deviennent membres de l\u2019Eglise Adventiste lors d\u2019une c\u00e9l\u00e9bration historique de l\u2019\u00e9vang\u00e9lisation\"><img loading=\"lazy\" decoding=\"async\" aria-describedby=\"caption-attachment-22023\" class=\" wp-image-22023  \" src=\"\/interamerica\/wp-content\/uploads\/2017\/06\/Ztanga.png\" alt=\"\" width=\"432\" height=\"416\" \/><\/a><p id=\"caption-attachment-22023\" class=\"wp-caption-text\">Les membres de la fanfare nationale prennent un selfie depuis les gradins avec pasteur Wilson. Le programme \u00e9tait un sujet tr\u00e8s discut\u00e9 au Venezuela.<\/p><\/div>\n<p>Pasteur Leito a expliqu\u00e9 qu\u2019il y a des ann\u00e9es de cela, le salaire d\u2019un pasteur \u00e9tait l\u2019\u00e9quivalent de 1400 dollars et que r\u00e9cemment, ce salaire est retomb\u00e9 \u00e0 environ 25 dollars \u00e0 cause de la d\u00e9valuation de la monnaie. \u00ab Nous sommes reconnaissants envers Dieu pour la mani\u00e8re dont Il continue de b\u00e9nir ces membres engag\u00e9s au Venezuela. \u00bb<\/p>\n<p>Il \u00e9tait convenable de lancer l\u2019initiative d\u2019\u00e9vang\u00e9lisation quinquennale de la division, Seigneur Transforme Moi, \u00e0 Caracas, a comment\u00e9 pasteur Leito.<\/p>\n<p>Pasteur Rodriguez a dit que ce n\u2019\u00e9tait pas une chose facile de coordonner un programme aussi important. \u00ab Nous avons vu des miracles \u00e0 chaque \u00e9tape depuis le moment o\u00f9 nous nous sommes pr\u00e9par\u00e9s pour l\u2019initiative avec nos leaders, nos pasteurs et nos la\u00efcs afin d\u2019organiser chaque d\u00e9tail du programme au stade, \u00bb a t-il ajout\u00e9.<\/p>\n<p>La c\u00e9l\u00e9bration a vu l\u2019intervention de quelques 1000 choristes, 600 instrumentistes et un orchestre de 200 membres avec des musiciens venus de tout le territoire de l\u2019union. Des centaines d\u2019autres personnes ont propos\u00e9 des visites m\u00e9dicales gratuites pour les soins de la peau et des examens dentaires pendant les heures de l\u2019apr\u00e8s midi dans le cadre de leur initiative d\u2019impact communautaire Cerca De Ti Caracas, Pr\u00e8s de Toi Caracas, organis\u00e9e par l\u2019\u00e9glise au cours des trois derni\u00e8res ann\u00e9es.<\/p>\n<p>Le programme \u00e9tait l\u2019un des programmes les plus discut\u00e9s sur Twitter au Venezuela, a indiqu\u00e9 Abel Marquez, directeur de la communication pour l\u2019Eglise Adventiste en Inter Am\u00e9rique, avec plus de 16000 tweets sur le hashtag officiel du programme, Se\u00f1or Transformame (Seigneur Transforme Moi).<\/p>\n<p>Le programme du matin devait \u00eatre retransmis par satellite mais \u00e0 cause de probl\u00e8mes techniques, la retransmission a d\u00fb \u00eatre renvoy\u00e9e \u00e0 une date ult\u00e9rieure ce mois-ci, a expliqu\u00e9 Abel Marquez.<\/p>\n<p><strong>L\u2019initiative \u00ab Seigneur Transforme Moi \u00bb<\/strong><br \/>\nL\u2019initiative a eu un \u00e9norme impact dans l\u2019Est du Venezuela a d\u00e9clar\u00e9 pasteur Balvin Braham, assistant aupr\u00e8s du pr\u00e9sident de la DIA pour les questions d\u2019\u00e9vang\u00e9lisation et organisateur de l\u2019initiative \u00ab Seigneur Transforme Moi. \u00bb \u00ab l\u2019\u00e9glise ici s\u2019est appropri\u00e9e cette initiative et l\u2019a appliqu\u00e9e avec beaucoup de succ\u00e8s, \u00bb a d\u00e9clar\u00e9 pasteur Braham.<\/p>\n<p>\u00ab C\u2019est un moment sp\u00e9cial dans la vie de l\u2019\u00e9glise dans la DIA parce que leurs efforts repr\u00e9sentent un exemple clair indiquant \u00e0 quel point l\u2019initiative peut \u00eatre efficace \u00e0 travers tout le territoire de la DIA, \u00bb a expliqu\u00e9 Balvin Braham.<\/p>\n<div id=\"attachment_22022\" style=\"width: 452px\" class=\"wp-caption alignright\"><a href=\"\/interamerica\/wp-content\/uploads\/2017\/06\/BalvinBraham-AbnelZamora.jpg\" rel=\"fancybox\" title=\"A Caracas, 4012 personnes sont baptis\u00e9es et deviennent membres de l\u2019Eglise Adventiste lors d\u2019une c\u00e9l\u00e9bration historique de l\u2019\u00e9vang\u00e9lisation\"><img loading=\"lazy\" decoding=\"async\" aria-describedby=\"caption-attachment-22022\" class=\" wp-image-22022   \" src=\"\/interamerica\/wp-content\/uploads\/2017\/06\/BalvinBraham-AbnelZamora-1024x682.jpg\" alt=\"\" width=\"442\" height=\"294\" \/><\/a><p id=\"caption-attachment-22022\" class=\"wp-caption-text\">Pasteur Balvin Braham, assistant aupr\u00e8s du pr\u00e9sident de la DIA pour l\u2019\u00e9vang\u00e9lisation, a d\u00e9clar\u00e9 que l\u2019\u00e9glise dans l\u2019Est du Venezuela est un exemple \u00e0 suivre dans la mise en place de l\u2019initiative d\u2019\u00e9vang\u00e9lisation \u00ab Seigneur Transforme Moi. \u00bb Image d\u2019Abnel Zamora\/DIA.<\/p><\/div>\n<p>\u00ab Aujourd\u2019hui l\u2019Eglise Adventiste en Inter Am\u00e9rique passera de son initiative strat\u00e9gique d\u2019\u00e9vang\u00e9lisation Vision Un Million \u00e0 l\u2019initiative Seigneur Transforme Moi, \u00bb a dit pasteur Braham. \u00ab Ce sont deux mod\u00e8les diff\u00e9rents mais la mission reste la m\u00eame. \u00bb<\/p>\n<p>Vision Un Million, a-t-il expliqu\u00e9, a permis d\u2019impliquer un million de membres form\u00e9s pour toucher leurs communaut\u00e9s et leurs villes avec le message de la seconde venue et cela a permis d\u2019avoir 1041165 bapt\u00eames pendant la p\u00e9riode allant de 2010 \u00e0 2015. L\u2019initiative \u00ab Seigneur Transforme Moi, \u00bb est une pri\u00e8re personnelle bas\u00e9e sur Romains 12 :2 qui met l\u2019accent sur le renouvellement de nos esprits de telle sorte que nous fassions vraiment ce que Dieu r\u00e9clame de nous, \u00bb a-t-il ajout\u00e9.<\/p>\n<p>L\u2019initiative implique un effort collaboratif de tous les minist\u00e8res de l\u2019\u00e9glise \u00e0 travers lequel chaque initiative spirituelle et chaque activit\u00e9 d\u2019\u00e9glise consolide l\u2019\u00e9glise locale et sa communaut\u00e9 avoisinante, a expliqu\u00e9 pasteur Braham.<\/p>\n<p>\u00ab Nous cherchons \u00e0 motiver nos membres d\u2019\u00e9glise \u00e0 \u00eatre totalement impliqu\u00e9s dans la mission de l\u2019\u00e9glise, \u00e0 \u00eatre transform\u00e9s dans leur mani\u00e8re de vivre, dans leur fa\u00e7on d\u2019adorer, dans leur faon de servir et de proclamer l\u2019\u00e9vangile, en demeurant connect\u00e9s et pr\u00eats pour la Seconde Venue de J\u00e9sus Christ, \u00bb a ajout\u00e9 Balvin Braham.<\/p>\n<p>Les leaders de l\u2019\u00e9glise consid\u00e8rent d\u00e9j\u00e0 l\u2019action d\u2019impact de l\u2019ann\u00e9e prochaine pour l\u2019ensemble du territoire qui doit avoir lieu dans l\u2019Union Mexicaine Inter Oc\u00e9anique au d\u00e9but du mois d\u2019avril.<\/p>\n<p>Pour voir une galerie de photos du programme de lancement de l\u2019initiative de l\u2019Inter Am\u00e9rique, \u00ab Seigneur Transforme Moi \u00bb \u00e0 Caracas au Venezuela, cliquez<br \/>\n&lt;a href=\u00a0\u00bb<a href=\"https:\/\/www.flickr.com\/photos\/interamerica\/albums\/72157666686377290\">https:\/\/www.flickr.com\/photos\/interamerica\/albums\/72157666686377290<\/a>\u00ab\u00a0&gt;ICI<\/p>\n<p>Traduction: Patrick Luciathe<\/p>\n","protected":false},"excerpt":{"rendered":"<p>L\u2019Eglise Adventiste du Septi\u00e8me Jour a baptis\u00e9 4012 personnes qui deviennent ainsi membres d\u2019\u00e9glise lors d\u2019une c\u00e9l\u00e9bration historique de l\u2019\u00e9vang\u00e9lisation \u00e0 Caracas au Venezuela le 16 avril 2016. Plus de 20000 personnes ont assist\u00e9 \u00e0 la c\u00e9r\u00e9monie baptismale dans la ville \u00e0 l\u2019Estadio Universitario de Caracas (Stade Universitaire de Caracas) marquant ainsi le point culminant de huit mois d\u2019intenses campagnes d\u2019\u00e9vang\u00e9lisation qui se sont tenues dans toute l\u2019Union de l\u2019Est du Venezuela.  Quelques uns ont voyag\u00e9 pendant plus de 36 heures en bateau, en voiture ou en bus pour participer aux festivit\u00e9s de la journ\u00e9e, et s\u2019engager \u00e0 proclamer l\u2019esp\u00e9rance dans leurs communaut\u00e9s, et \u00e0 pr\u00e9senter \u00e0 Dieu des pri\u00e8res en faveur des leaders du gouvernement et de la population du Venezuela.<\/p>\n","protected":false},"author":1,"featured_media":27442,"comment_status":"closed","ping_status":"closed","sticky":false,"template":"","format":"standard","meta":{"_acf_changed":false,"footnotes":""},"categories":[20,19],"tags":[],"class_list":["post-32543","post","type-post","status-publish","format-standard","has-post-thumbnail","hentry","category-nouvelles-du-siege-de-la-division","category-rss-francais"],"acf":[],"yoast_head":"<!-- This site is optimized with the Yoast SEO plugin v27.3 - https:\/\/yoast.com\/product\/yoast-seo-wordpress\/ -->\n<title>A Caracas, 4012 personnes sont baptis\u00e9es et deviennent membres de l\u2019Eglise Adventiste lors d\u2019une c\u00e9l\u00e9bration historique de l\u2019\u00e9vang\u00e9lisation - \u00c9glise Adventiste Du Septieme Jour - Inter Am\u00e9rique Division<\/title>\n<meta name=\"robots\" content=\"index, follow, max-snippet:-1, max-image-preview:large, max-video-preview:-1\" \/>\n<link rel=\"canonical\" href=\"https:\/\/interamerica.org\/fr\/2016\/04\/a-caracas-4012-personnes-sont-baptisees-et-deviennent-membres-de-leglise-adventiste-lors-dune-celebration-historique-de-levangelisation\/\" \/>\n<meta property=\"og:locale\" content=\"fr_FR\" \/>\n<meta property=\"og:type\" content=\"article\" \/>\n<meta property=\"og:title\" content=\"A Caracas, 4012 personnes sont baptis\u00e9es et deviennent membres de l\u2019Eglise Adventiste lors d\u2019une c\u00e9l\u00e9bration historique de l\u2019\u00e9vang\u00e9lisation - \u00c9glise Adventiste Du Septieme Jour - Inter Am\u00e9rique Division\" \/>\n<meta property=\"og:description\" content=\"L\u2019Eglise Adventiste du Septi\u00e8me Jour a baptis\u00e9 4012 personnes qui deviennent ainsi membres d\u2019\u00e9glise lors d\u2019une c\u00e9l\u00e9bration historique de l\u2019\u00e9vang\u00e9lisation \u00e0 Caracas au Venezuela le 16 avril 2016. Plus de 20000 personnes ont assist\u00e9 \u00e0 la c\u00e9r\u00e9monie baptismale dans la ville \u00e0 l\u2019Estadio Universitario de Caracas (Stade Universitaire de Caracas) marquant ainsi le point culminant de huit mois d\u2019intenses campagnes d\u2019\u00e9vang\u00e9lisation qui se sont tenues dans toute l\u2019Union de l\u2019Est du Venezuela. Quelques uns ont voyag\u00e9 pendant plus de 36 heures en bateau, en voiture ou en bus pour participer aux festivit\u00e9s de la journ\u00e9e, et s\u2019engager \u00e0 proclamer l\u2019esp\u00e9rance dans leurs communaut\u00e9s, et \u00e0 pr\u00e9senter \u00e0 Dieu des pri\u00e8res en faveur des leaders du gouvernement et de la population du Venezuela.\" \/>\n<meta property=\"og:url\" content=\"https:\/\/interamerica.org\/fr\/2016\/04\/a-caracas-4012-personnes-sont-baptisees-et-deviennent-membres-de-leglise-adventiste-lors-dune-celebration-historique-de-levangelisation\/\" \/>\n<meta property=\"og:site_name\" content=\"\u00c9glise Adventiste Du Septieme Jour - Inter Am\u00e9rique Division\" \/>\n<meta property=\"article:published_time\" content=\"2016-04-19T04:00:00+00:00\" \/>\n<meta property=\"og:image\" content=\"https:\/\/interamerica.org\/wp-content\/uploads\/2017\/06\/LTM-baptism-group-Les.jpg\" \/>\n\t<meta property=\"og:image:width\" content=\"1000\" \/>\n\t<meta property=\"og:image:height\" content=\"666\" \/>\n\t<meta property=\"og:image:type\" content=\"image\/jpeg\" \/>\n<meta name=\"author\" content=\"Lorenzo Verduzco\" \/>\n<meta name=\"twitter:card\" content=\"summary_large_image\" \/>\n<meta name=\"twitter:label1\" content=\"\u00c9crit par\" \/>\n\t<meta name=\"twitter:data1\" content=\"Lorenzo Verduzco\" \/>\n\t<meta name=\"twitter:label2\" content=\"Dur\u00e9e de lecture estim\u00e9e\" \/>\n\t<meta name=\"twitter:data2\" content=\"15 minutes\" \/>\n<script type=\"application\/ld+json\" class=\"yoast-schema-graph\">{\"@context\":\"https:\\\/\\\/schema.org\",\"@graph\":[{\"@type\":\"Article\",\"@id\":\"https:\\\/\\\/interamerica.org\\\/fr\\\/2016\\\/04\\\/a-caracas-4012-personnes-sont-baptisees-et-deviennent-membres-de-leglise-adventiste-lors-dune-celebration-historique-de-levangelisation\\\/#article\",\"isPartOf\":{\"@id\":\"https:\\\/\\\/interamerica.org\\\/fr\\\/2016\\\/04\\\/a-caracas-4012-personnes-sont-baptisees-et-deviennent-membres-de-leglise-adventiste-lors-dune-celebration-historique-de-levangelisation\\\/\"},\"author\":{\"name\":\"Lorenzo Verduzco\",\"@id\":\"https:\\\/\\\/interamerica.org\\\/fr\\\/#\\\/schema\\\/person\\\/68ede8bdc292885bb76c1e3810e73c39\"},\"headline\":\"A Caracas, 4012 personnes sont baptis\u00e9es et deviennent membres de l\u2019Eglise Adventiste lors d\u2019une c\u00e9l\u00e9bration historique de l\u2019\u00e9vang\u00e9lisation\",\"datePublished\":\"2016-04-19T04:00:00+00:00\",\"mainEntityOfPage\":{\"@id\":\"https:\\\/\\\/interamerica.org\\\/fr\\\/2016\\\/04\\\/a-caracas-4012-personnes-sont-baptisees-et-deviennent-membres-de-leglise-adventiste-lors-dune-celebration-historique-de-levangelisation\\\/\"},\"wordCount\":3009,\"image\":{\"@id\":\"https:\\\/\\\/interamerica.org\\\/fr\\\/2016\\\/04\\\/a-caracas-4012-personnes-sont-baptisees-et-deviennent-membres-de-leglise-adventiste-lors-dune-celebration-historique-de-levangelisation\\\/#primaryimage\"},\"thumbnailUrl\":\"https:\\\/\\\/interamerica.org\\\/wp-content\\\/uploads\\\/2017\\\/06\\\/LTM-baptism-group-Les.jpg\",\"articleSection\":[\"Nouvelles du si\u00e8ge de la division\",\"RSS Fran\u00e7ais\"],\"inLanguage\":\"fr-FR\"},{\"@type\":\"WebPage\",\"@id\":\"https:\\\/\\\/interamerica.org\\\/fr\\\/2016\\\/04\\\/a-caracas-4012-personnes-sont-baptisees-et-deviennent-membres-de-leglise-adventiste-lors-dune-celebration-historique-de-levangelisation\\\/\",\"url\":\"https:\\\/\\\/interamerica.org\\\/fr\\\/2016\\\/04\\\/a-caracas-4012-personnes-sont-baptisees-et-deviennent-membres-de-leglise-adventiste-lors-dune-celebration-historique-de-levangelisation\\\/\",\"name\":\"A Caracas, 4012 personnes sont baptis\u00e9es et deviennent membres de l\u2019Eglise Adventiste lors d\u2019une c\u00e9l\u00e9bration historique de l\u2019\u00e9vang\u00e9lisation - \u00c9glise Adventiste Du Septieme Jour - Inter Am\u00e9rique Division\",\"isPartOf\":{\"@id\":\"https:\\\/\\\/interamerica.org\\\/fr\\\/#website\"},\"primaryImageOfPage\":{\"@id\":\"https:\\\/\\\/interamerica.org\\\/fr\\\/2016\\\/04\\\/a-caracas-4012-personnes-sont-baptisees-et-deviennent-membres-de-leglise-adventiste-lors-dune-celebration-historique-de-levangelisation\\\/#primaryimage\"},\"image\":{\"@id\":\"https:\\\/\\\/interamerica.org\\\/fr\\\/2016\\\/04\\\/a-caracas-4012-personnes-sont-baptisees-et-deviennent-membres-de-leglise-adventiste-lors-dune-celebration-historique-de-levangelisation\\\/#primaryimage\"},\"thumbnailUrl\":\"https:\\\/\\\/interamerica.org\\\/wp-content\\\/uploads\\\/2017\\\/06\\\/LTM-baptism-group-Les.jpg\",\"datePublished\":\"2016-04-19T04:00:00+00:00\",\"author\":{\"@id\":\"https:\\\/\\\/interamerica.org\\\/fr\\\/#\\\/schema\\\/person\\\/68ede8bdc292885bb76c1e3810e73c39\"},\"breadcrumb\":{\"@id\":\"https:\\\/\\\/interamerica.org\\\/fr\\\/2016\\\/04\\\/a-caracas-4012-personnes-sont-baptisees-et-deviennent-membres-de-leglise-adventiste-lors-dune-celebration-historique-de-levangelisation\\\/#breadcrumb\"},\"inLanguage\":\"fr-FR\",\"potentialAction\":[{\"@type\":\"ReadAction\",\"target\":[\"https:\\\/\\\/interamerica.org\\\/fr\\\/2016\\\/04\\\/a-caracas-4012-personnes-sont-baptisees-et-deviennent-membres-de-leglise-adventiste-lors-dune-celebration-historique-de-levangelisation\\\/\"]}]},{\"@type\":\"ImageObject\",\"inLanguage\":\"fr-FR\",\"@id\":\"https:\\\/\\\/interamerica.org\\\/fr\\\/2016\\\/04\\\/a-caracas-4012-personnes-sont-baptisees-et-deviennent-membres-de-leglise-adventiste-lors-dune-celebration-historique-de-levangelisation\\\/#primaryimage\",\"url\":\"https:\\\/\\\/interamerica.org\\\/wp-content\\\/uploads\\\/2017\\\/06\\\/LTM-baptism-group-Les.jpg\",\"contentUrl\":\"https:\\\/\\\/interamerica.org\\\/wp-content\\\/uploads\\\/2017\\\/06\\\/LTM-baptism-group-Les.jpg\",\"width\":1000,\"height\":666,\"caption\":\"Des membres nouvellement baptis\u00e9s appr\u00e9cient leur exp\u00e9rience lors de la c\u00e9l\u00e9bration \u00e9vang\u00e9lique de l\u2019\u00c9glise Adventiste du Septi\u00e8me Jour \u00e0 l\u2019Estadio Universitario (Stade Universitaire) de Caracas \u00e0 Caracas, au Venezuela, le 16 avril 2016. Quelque 4012 personnes ont \u00e9t\u00e9 baptis\u00e9es lors du programme de la journ\u00e9e marquant la fin d'intenses efforts d'\u00e9vang\u00e9lisation dans la grande m\u00e9tropole et dans toute l'Union de l'Est du Venezuela. Image de Libna Stevens\\\/DIA\"},{\"@type\":\"BreadcrumbList\",\"@id\":\"https:\\\/\\\/interamerica.org\\\/fr\\\/2016\\\/04\\\/a-caracas-4012-personnes-sont-baptisees-et-deviennent-membres-de-leglise-adventiste-lors-dune-celebration-historique-de-levangelisation\\\/#breadcrumb\",\"itemListElement\":[{\"@type\":\"ListItem\",\"position\":1,\"name\":\"Home\",\"item\":\"https:\\\/\\\/interamerica.org\\\/fr\\\/\"},{\"@type\":\"ListItem\",\"position\":2,\"name\":\"A Caracas, 4012 personnes sont baptis\u00e9es et deviennent membres de l\u2019Eglise Adventiste lors d\u2019une c\u00e9l\u00e9bration historique de l\u2019\u00e9vang\u00e9lisation\"}]},{\"@type\":\"WebSite\",\"@id\":\"https:\\\/\\\/interamerica.org\\\/fr\\\/#website\",\"url\":\"https:\\\/\\\/interamerica.org\\\/fr\\\/\",\"name\":\"\u00c9glise Adventiste Du Septieme Jour - Inter Am\u00e9rique Division\",\"description\":\"\",\"potentialAction\":[{\"@type\":\"SearchAction\",\"target\":{\"@type\":\"EntryPoint\",\"urlTemplate\":\"https:\\\/\\\/interamerica.org\\\/fr\\\/?s={search_term_string}\"},\"query-input\":{\"@type\":\"PropertyValueSpecification\",\"valueRequired\":true,\"valueName\":\"search_term_string\"}}],\"inLanguage\":\"fr-FR\"},{\"@type\":\"Person\",\"@id\":\"https:\\\/\\\/interamerica.org\\\/fr\\\/#\\\/schema\\\/person\\\/68ede8bdc292885bb76c1e3810e73c39\",\"name\":\"Lorenzo Verduzco\",\"image\":{\"@type\":\"ImageObject\",\"inLanguage\":\"fr-FR\",\"@id\":\"https:\\\/\\\/secure.gravatar.com\\\/avatar\\\/fb81a55b6218459490a9c1dc841a34909185b81904c5337b4b27f7a6fd60c49e?s=96&d=mm&r=g\",\"url\":\"https:\\\/\\\/secure.gravatar.com\\\/avatar\\\/fb81a55b6218459490a9c1dc841a34909185b81904c5337b4b27f7a6fd60c49e?s=96&d=mm&r=g\",\"contentUrl\":\"https:\\\/\\\/secure.gravatar.com\\\/avatar\\\/fb81a55b6218459490a9c1dc841a34909185b81904c5337b4b27f7a6fd60c49e?s=96&d=mm&r=g\",\"caption\":\"Lorenzo Verduzco\"}}]}<\/script>\n<!-- \/ Yoast SEO plugin. -->","yoast_head_json":{"title":"A Caracas, 4012 personnes sont baptis\u00e9es et deviennent membres de l\u2019Eglise Adventiste lors d\u2019une c\u00e9l\u00e9bration historique de l\u2019\u00e9vang\u00e9lisation - \u00c9glise Adventiste Du Septieme Jour - Inter Am\u00e9rique Division","robots":{"index":"index","follow":"follow","max-snippet":"max-snippet:-1","max-image-preview":"max-image-preview:large","max-video-preview":"max-video-preview:-1"},"canonical":"https:\/\/interamerica.org\/fr\/2016\/04\/a-caracas-4012-personnes-sont-baptisees-et-deviennent-membres-de-leglise-adventiste-lors-dune-celebration-historique-de-levangelisation\/","og_locale":"fr_FR","og_type":"article","og_title":"A Caracas, 4012 personnes sont baptis\u00e9es et deviennent membres de l\u2019Eglise Adventiste lors d\u2019une c\u00e9l\u00e9bration historique de l\u2019\u00e9vang\u00e9lisation - \u00c9glise Adventiste Du Septieme Jour - Inter Am\u00e9rique Division","og_description":"L\u2019Eglise Adventiste du Septi\u00e8me Jour a baptis\u00e9 4012 personnes qui deviennent ainsi membres d\u2019\u00e9glise lors d\u2019une c\u00e9l\u00e9bration historique de l\u2019\u00e9vang\u00e9lisation \u00e0 Caracas au Venezuela le 16 avril 2016. Plus de 20000 personnes ont assist\u00e9 \u00e0 la c\u00e9r\u00e9monie baptismale dans la ville \u00e0 l\u2019Estadio Universitario de Caracas (Stade Universitaire de Caracas) marquant ainsi le point culminant de huit mois d\u2019intenses campagnes d\u2019\u00e9vang\u00e9lisation qui se sont tenues dans toute l\u2019Union de l\u2019Est du Venezuela. Quelques uns ont voyag\u00e9 pendant plus de 36 heures en bateau, en voiture ou en bus pour participer aux festivit\u00e9s de la journ\u00e9e, et s\u2019engager \u00e0 proclamer l\u2019esp\u00e9rance dans leurs communaut\u00e9s, et \u00e0 pr\u00e9senter \u00e0 Dieu des pri\u00e8res en faveur des leaders du gouvernement et de la population du Venezuela.","og_url":"https:\/\/interamerica.org\/fr\/2016\/04\/a-caracas-4012-personnes-sont-baptisees-et-deviennent-membres-de-leglise-adventiste-lors-dune-celebration-historique-de-levangelisation\/","og_site_name":"\u00c9glise Adventiste Du Septieme Jour - Inter Am\u00e9rique Division","article_published_time":"2016-04-19T04:00:00+00:00","og_image":[{"width":1000,"height":666,"url":"https:\/\/interamerica.org\/wp-content\/uploads\/2017\/06\/LTM-baptism-group-Les.jpg","type":"image\/jpeg"}],"author":"Lorenzo Verduzco","twitter_card":"summary_large_image","twitter_misc":{"\u00c9crit par":"Lorenzo Verduzco","Dur\u00e9e de lecture estim\u00e9e":"15 minutes"},"schema":{"@context":"https:\/\/schema.org","@graph":[{"@type":"Article","@id":"https:\/\/interamerica.org\/fr\/2016\/04\/a-caracas-4012-personnes-sont-baptisees-et-deviennent-membres-de-leglise-adventiste-lors-dune-celebration-historique-de-levangelisation\/#article","isPartOf":{"@id":"https:\/\/interamerica.org\/fr\/2016\/04\/a-caracas-4012-personnes-sont-baptisees-et-deviennent-membres-de-leglise-adventiste-lors-dune-celebration-historique-de-levangelisation\/"},"author":{"name":"Lorenzo Verduzco","@id":"https:\/\/interamerica.org\/fr\/#\/schema\/person\/68ede8bdc292885bb76c1e3810e73c39"},"headline":"A Caracas, 4012 personnes sont baptis\u00e9es et deviennent membres de l\u2019Eglise Adventiste lors d\u2019une c\u00e9l\u00e9bration historique de l\u2019\u00e9vang\u00e9lisation","datePublished":"2016-04-19T04:00:00+00:00","mainEntityOfPage":{"@id":"https:\/\/interamerica.org\/fr\/2016\/04\/a-caracas-4012-personnes-sont-baptisees-et-deviennent-membres-de-leglise-adventiste-lors-dune-celebration-historique-de-levangelisation\/"},"wordCount":3009,"image":{"@id":"https:\/\/interamerica.org\/fr\/2016\/04\/a-caracas-4012-personnes-sont-baptisees-et-deviennent-membres-de-leglise-adventiste-lors-dune-celebration-historique-de-levangelisation\/#primaryimage"},"thumbnailUrl":"https:\/\/interamerica.org\/wp-content\/uploads\/2017\/06\/LTM-baptism-group-Les.jpg","articleSection":["Nouvelles du si\u00e8ge de la division","RSS Fran\u00e7ais"],"inLanguage":"fr-FR"},{"@type":"WebPage","@id":"https:\/\/interamerica.org\/fr\/2016\/04\/a-caracas-4012-personnes-sont-baptisees-et-deviennent-membres-de-leglise-adventiste-lors-dune-celebration-historique-de-levangelisation\/","url":"https:\/\/interamerica.org\/fr\/2016\/04\/a-caracas-4012-personnes-sont-baptisees-et-deviennent-membres-de-leglise-adventiste-lors-dune-celebration-historique-de-levangelisation\/","name":"A Caracas, 4012 personnes sont baptis\u00e9es et deviennent membres de l\u2019Eglise Adventiste lors d\u2019une c\u00e9l\u00e9bration historique de l\u2019\u00e9vang\u00e9lisation - \u00c9glise Adventiste Du Septieme Jour - Inter Am\u00e9rique Division","isPartOf":{"@id":"https:\/\/interamerica.org\/fr\/#website"},"primaryImageOfPage":{"@id":"https:\/\/interamerica.org\/fr\/2016\/04\/a-caracas-4012-personnes-sont-baptisees-et-deviennent-membres-de-leglise-adventiste-lors-dune-celebration-historique-de-levangelisation\/#primaryimage"},"image":{"@id":"https:\/\/interamerica.org\/fr\/2016\/04\/a-caracas-4012-personnes-sont-baptisees-et-deviennent-membres-de-leglise-adventiste-lors-dune-celebration-historique-de-levangelisation\/#primaryimage"},"thumbnailUrl":"https:\/\/interamerica.org\/wp-content\/uploads\/2017\/06\/LTM-baptism-group-Les.jpg","datePublished":"2016-04-19T04:00:00+00:00","author":{"@id":"https:\/\/interamerica.org\/fr\/#\/schema\/person\/68ede8bdc292885bb76c1e3810e73c39"},"breadcrumb":{"@id":"https:\/\/interamerica.org\/fr\/2016\/04\/a-caracas-4012-personnes-sont-baptisees-et-deviennent-membres-de-leglise-adventiste-lors-dune-celebration-historique-de-levangelisation\/#breadcrumb"},"inLanguage":"fr-FR","potentialAction":[{"@type":"ReadAction","target":["https:\/\/interamerica.org\/fr\/2016\/04\/a-caracas-4012-personnes-sont-baptisees-et-deviennent-membres-de-leglise-adventiste-lors-dune-celebration-historique-de-levangelisation\/"]}]},{"@type":"ImageObject","inLanguage":"fr-FR","@id":"https:\/\/interamerica.org\/fr\/2016\/04\/a-caracas-4012-personnes-sont-baptisees-et-deviennent-membres-de-leglise-adventiste-lors-dune-celebration-historique-de-levangelisation\/#primaryimage","url":"https:\/\/interamerica.org\/wp-content\/uploads\/2017\/06\/LTM-baptism-group-Les.jpg","contentUrl":"https:\/\/interamerica.org\/wp-content\/uploads\/2017\/06\/LTM-baptism-group-Les.jpg","width":1000,"height":666,"caption":"Des membres nouvellement baptis\u00e9s appr\u00e9cient leur exp\u00e9rience lors de la c\u00e9l\u00e9bration \u00e9vang\u00e9lique de l\u2019\u00c9glise Adventiste du Septi\u00e8me Jour \u00e0 l\u2019Estadio Universitario (Stade Universitaire) de Caracas \u00e0 Caracas, au Venezuela, le 16 avril 2016. Quelque 4012 personnes ont \u00e9t\u00e9 baptis\u00e9es lors du programme de la journ\u00e9e marquant la fin d'intenses efforts d'\u00e9vang\u00e9lisation dans la grande m\u00e9tropole et dans toute l'Union de l'Est du Venezuela. Image de Libna Stevens\/DIA"},{"@type":"BreadcrumbList","@id":"https:\/\/interamerica.org\/fr\/2016\/04\/a-caracas-4012-personnes-sont-baptisees-et-deviennent-membres-de-leglise-adventiste-lors-dune-celebration-historique-de-levangelisation\/#breadcrumb","itemListElement":[{"@type":"ListItem","position":1,"name":"Home","item":"https:\/\/interamerica.org\/fr\/"},{"@type":"ListItem","position":2,"name":"A Caracas, 4012 personnes sont baptis\u00e9es et deviennent membres de l\u2019Eglise Adventiste lors d\u2019une c\u00e9l\u00e9bration historique de l\u2019\u00e9vang\u00e9lisation"}]},{"@type":"WebSite","@id":"https:\/\/interamerica.org\/fr\/#website","url":"https:\/\/interamerica.org\/fr\/","name":"\u00c9glise Adventiste Du Septieme Jour - Inter Am\u00e9rique Division","description":"","potentialAction":[{"@type":"SearchAction","target":{"@type":"EntryPoint","urlTemplate":"https:\/\/interamerica.org\/fr\/?s={search_term_string}"},"query-input":{"@type":"PropertyValueSpecification","valueRequired":true,"valueName":"search_term_string"}}],"inLanguage":"fr-FR"},{"@type":"Person","@id":"https:\/\/interamerica.org\/fr\/#\/schema\/person\/68ede8bdc292885bb76c1e3810e73c39","name":"Lorenzo Verduzco","image":{"@type":"ImageObject","inLanguage":"fr-FR","@id":"https:\/\/secure.gravatar.com\/avatar\/fb81a55b6218459490a9c1dc841a34909185b81904c5337b4b27f7a6fd60c49e?s=96&d=mm&r=g","url":"https:\/\/secure.gravatar.com\/avatar\/fb81a55b6218459490a9c1dc841a34909185b81904c5337b4b27f7a6fd60c49e?s=96&d=mm&r=g","contentUrl":"https:\/\/secure.gravatar.com\/avatar\/fb81a55b6218459490a9c1dc841a34909185b81904c5337b4b27f7a6fd60c49e?s=96&d=mm&r=g","caption":"Lorenzo Verduzco"}}]}},"_links":{"self":[{"href":"https:\/\/interamerica.org\/fr\/wp-json\/wp\/v2\/posts\/32543","targetHints":{"allow":["GET"]}}],"collection":[{"href":"https:\/\/interamerica.org\/fr\/wp-json\/wp\/v2\/posts"}],"about":[{"href":"https:\/\/interamerica.org\/fr\/wp-json\/wp\/v2\/types\/post"}],"author":[{"embeddable":true,"href":"https:\/\/interamerica.org\/fr\/wp-json\/wp\/v2\/users\/1"}],"replies":[{"embeddable":true,"href":"https:\/\/interamerica.org\/fr\/wp-json\/wp\/v2\/comments?post=32543"}],"version-history":[{"count":0,"href":"https:\/\/interamerica.org\/fr\/wp-json\/wp\/v2\/posts\/32543\/revisions"}],"wp:featuredmedia":[{"embeddable":true,"href":"https:\/\/interamerica.org\/fr\/wp-json\/wp\/v2\/media\/27442"}],"wp:attachment":[{"href":"https:\/\/interamerica.org\/fr\/wp-json\/wp\/v2\/media?parent=32543"}],"wp:term":[{"taxonomy":"category","embeddable":true,"href":"https:\/\/interamerica.org\/fr\/wp-json\/wp\/v2\/categories?post=32543"},{"taxonomy":"post_tag","embeddable":true,"href":"https:\/\/interamerica.org\/fr\/wp-json\/wp\/v2\/tags?post=32543"}],"curies":[{"name":"wp","href":"https:\/\/api.w.org\/{rel}","templated":true}]}}