{"id":32642,"date":"2016-08-11T00:00:00","date_gmt":"2016-08-11T04:00:00","guid":{"rendered":"http:\/\/192.81.217.108\/interamerica\/2016\/08\/le-premier-adventiste-a-recevoir-le-prix-nobel-pour-la-cecite\/"},"modified":"2016-08-11T00:00:00","modified_gmt":"2016-08-11T04:00:00","slug":"le-premier-adventiste-a-recevoir-le-prix-nobel-pour-la-cecite","status":"publish","type":"post","link":"https:\/\/interamerica.org\/fr\/2016\/08\/le-premier-adventiste-a-recevoir-le-prix-nobel-pour-la-cecite\/","title":{"rendered":"Le premier Adventiste \u00e0 recevoir \u00ab le Prix Nobel pour la C\u00e9cit\u00e9 \u00bb"},"content":{"rendered":"<div id=\"attachment_23740\" style=\"width: 640px\" class=\"wp-caption aligncenter\"><a href=\"\/interamerica\/wp-content\/uploads\/2017\/06\/Adventist-Ray-McAllister-blind-2.jpg\" rel=\"fancybox\" title=\"Le premier Adventiste \u00e0 recevoir \u00ab le Prix Nobel pour la C\u00e9cit\u00e9 \u00bb\"><img fetchpriority=\"high\" decoding=\"async\" aria-describedby=\"caption-attachment-23740\" class=\" wp-image-23740  \" src=\"\/interamerica\/wp-content\/uploads\/2017\/06\/Adventist-Ray-McAllister-blind-2.jpg\" alt=\"\" width=\"630\" height=\"421\" \/><\/a><p id=\"caption-attachment-23740\" class=\"wp-caption-text\">Ray McAllister, tenant en main le Prix du Dr Jacob Bolotin pour son travail dans la codification du Braille. Image d\u2019Andrews University.<\/p><\/div>\n<p>Post\u00e9 le 10 Aout 2016 \u2013 Berrien Springs, Michigan, Etats Unis \u2013 Danni Francis, Andrews University et Andrew McChesney, Adventist Review<\/p>\n<p>C\u2019est une premi\u00e8re, un croyant Adventiste du Septi\u00e8me Jour a re\u00e7u le \u00ab Prix Nobel pour la C\u00e9cit\u00e9 \u00bb pour avoir codifi\u00e9 le Braille dans les langues bibliques anciennes, ce qui permet aux \u00e9tudiants aveugles d\u2019\u00e9tudier les textes originaux de fa\u00e7on autonome.<\/p>\n<p>Ray McAllister, un professeur aveugle enseignant \u00e0 l\u2019Universit\u00e9 d\u2019Andrews, \u00e9galement masseur th\u00e9rapeute dipl\u00f4m\u00e9 d\u2019\u00e9tat, a re\u00e7u avec son organisation, Les Erudits S\u00e9mitiques, le prestigieux Prix du Dr Jacob Bolotin de la part de la F\u00e9d\u00e9ration Nationale des Aveugles en juillet dernier.<\/p>\n<p>La r\u00e9compense, accompagn\u00e9e du prix le plus \u00e9lev\u00e9 possible en num\u00e9raire, 20000 dollars , honore les individus et les organisations ayant fait des contributions significatives pour int\u00e9grer les aveugles dans la soci\u00e9t\u00e9.<\/p>\n<p>\u00ab Ma pri\u00e8re est que ce prix m\u2019accorde la reconnaissance dont j\u2019ai besoin pour n\u00e9gocier avec les chercheurs \u00e0 travers le monde afin d\u2019avoir acc\u00e8s aux documents textuels dont j\u2019ai besoin, \u00bb a dit Ray McAllister.<\/p>\n<p>La F\u00e9d\u00e9ration Nationale de Aveugles a f\u00e9licit\u00e9 les Erudits S\u00e9mitiques pour leur accomplissement.<\/p>\n<p>\u00ab Un prix en cash de 20000 dollars a \u00e9t\u00e9 attribu\u00e9 \u00e0 l\u2019organisation les Erudits S\u00e9mitiques, un groupe de trois universitaires aveugles qui ont cr\u00e9\u00e9 un code Braille pour les langues bibliques anciennes de telle sorte que les documents sources pour les textes religieux puissent \u00eatre \u00e9tudi\u00e9s de mani\u00e8re autonome par les \u00e9tudiants aveugles dans leur contexte d\u2019origine \u2013 chose qui \u00e9tait impossible auparavant, \u00bb a dit l\u2019organisation dans un communiqu\u00e9.<\/p>\n<p>Le groupe des Erudits S\u00e9mitiques est compos\u00e9 de Ray McAllister, Sarah Blake LaRose, un transcripteur en Braille et professeur d\u2019H\u00e9breux et ancien \u00e9l\u00e8ve de l\u2019Universit\u00e9 d\u2019Anderson \u00e0 Anderson dans l\u2019Indiana ; et Matthew Yeater, pr\u00e9sident de la section de Michiana dans l\u2019Indiana de la F\u00e9d\u00e9ration Nationale des Aveugles.<\/p>\n<p>Ce prix, connu dans de nombreux cercles comme \u00ab le Prix Nobel de la Paix des Aveugles, \u00bb a re\u00e7u son nom de Jacob Bolotin, un m\u00e9decin aveugle travailleur et ardent d\u00e9fenseur des aveugles qui a pratiqu\u00e9 \u00e0 Chicago de 1912 jusqu\u2019\u00e0 sa mort en 1924 \u00e0 l\u2019\u00e2ge de 36 ans.<\/p>\n<p><span style=\"font-size: small;\"><strong>Comment a D\u00e9but\u00e9 le Projet<\/strong><\/span><\/p>\n<p>Etre le premier Adventiste \u00e0 recevoir un prix n\u2019est pas le premier accomplissement de Ray McAllister. En 2010, il est devenu le premier aveugle \u00e0 recevoir un doctorat avec une concentration en Ancien Testament, dipl\u00f4me qu\u2019il obtenu du S\u00e9minaire Adventiste du Septi\u00e8me Jour sur le campus de l\u2019Universit\u00e9 d\u2019Andrews. Il est actuellement professeur attach\u00e9 \u00e0 l\u2019Ecole d\u2019Education \u00e0 Distance et de Partenariats Internationaux pour l\u2019universit\u00e9 \u00e0 Berrien Springs dans le Michigan.<\/p>\n<p>Pour le projet de conversion en Braille, Ray McAllister a d\u2019abord utilis\u00e9 un ordinateur pour convertir sa propre version des symboles grecs et h\u00e9breux en lettres Braille et les faire apparaitre sur un afficheur Braille, un appareil ayant des \u00e9l\u00e9ments similaires \u00e0 des pointes magn\u00e9tiques qui apparaissent sous la forme de mots en Braille<\/p>\n<p>Mais il a indiqu\u00e9 avoir r\u00e9alis\u00e9 qu\u2019il avait besoin de quelque chose qui ressemblerait davantage au Braille Grec et H\u00e9breux, simplement avec des symboles suppl\u00e9mentaires. Il a alors d\u00e9velopp\u00e9 une codification pour ces symboles n\u2019\u00e9tant pas d\u00e9j\u00e0 \u00e9tablis en Braille.<\/p>\n<p>En H\u00e9breux par exemple, il y a des accents qui permettent au lecteur de savoir \u00e0 quel moment marquer une pause dans la lecture et cela peut \u00eatre utilis\u00e9 pour informer les lecteurs sur la fa\u00e7on de r\u00e9citer ou chanter le texte. Mais ces symboles n\u2019\u00e9taient pas r\u00e9f\u00e9renc\u00e9s auparavant dans le Braille en H\u00e9breux.<\/p>\n<p>\u00ab Vu que le fait de psalmodier est une activit\u00e9 qu\u2019une personne aveugle peut appr\u00e9cier, j\u2019ai ressenti le besoin de pr\u00e9parer des Bibles H\u00e9bra\u00efques en Braille avec tous ces symboles, \u00bb a dit Ray McAllister. \u00ab Une fois ces symboles r\u00e9alis\u00e9s, il me fallait les soumettre \u00e0 la critique de pairs. \u00bb<\/p>\n<p><strong>LaRose et Yeater Rejoignent \u00e0 l\u2019Equipe. <\/strong><\/p>\n<p>En 2007, Sarah Blake LaRose a con\u00e7u une table de conversion en Braille pour le Grec et l\u2019H\u00e9breux bibliques avec tous leurs marquages techniques. Avec les conseils et la direction de Sarah LaRose, Ray McAllister a r\u00e9alis\u00e9 un syst\u00e8me pouvant \u00eatre utilis\u00e9 pour pr\u00e9parer des textes pour les aveugles. En utilisant ce syst\u00e8me ainsi que la fonction \u00ab chercher et remplacer \u00bb de Microsoft Word, avec la Bible H\u00e9bra\u00efque d\u2019Alep, Ray McAllister a traduit le texte en Braille.<\/p>\n<p>\u00ab J\u2019ai converti cette Bible dans son int\u00e9gralit\u00e9, avec les accents et tout le reste, en Braille et , oui, j\u2019ai psalmodi\u00e9 en h\u00e9breux \u00e0 partir de ce texte de mani\u00e8re fluide, \u00bb a dit Ray McAllister. \u00ab J\u2019ai \u00e9galement converti en Braille de nombreux autres documents en h\u00e9breux, des inscription s\u00e9mitiques, et plusieurs documents grecs.<\/p>\n<p>En 2014, Ray McAllister a \u00e9tabli un partenariat avec Duxbury Systems, une soci\u00e9t\u00e9 qui produit des logiciels pour convertir en Braille des documents \u00e9crits en diverses langues. A travers Duxbury, Ray McAllister a commenc\u00e9 \u00e0 travailler avec Matthew Yeater qui travaillait avec cette soci\u00e9t\u00e9 pour mettre en place un syst\u00e8me pouvant convertir des documents en langue biblique contenant plusieurs langues, dont l\u2019anglais, en Braille.<\/p>\n<p>Gr\u00e2ce \u00e0 un travail effectu\u00e9 avec de nombreuses autres personnes, Duxbury est maintenant en mesure de convertir de nombreux textes anciens sans utiliser la fonction \u00ab chercher et remplacer. \u00bb<\/p>\n<p>\u00ab C\u2019est sans conteste beaucoup plus facile de compter sur Duxbury pour effectuer l\u2019essentiel de la traduction en Braille, \u00bb a dit Ray McAllsiter.<\/p>\n<p>En envisageant l\u2019avenir, Ray McAllister a dit qu\u2019il esp\u00e9rait convertir de nombreux autres textes en Braille.<\/p>\n<p>Mes r\u00eaves pour l\u2019avenir de ce projet sont simples : j\u2019esp\u00e8re avoir plus de textes dans des langues plus anciennes dans le format Braille, \u00bb a t-il dit. \u00ab En dehors de cela, je n\u2019ai aucune id\u00e9e de la mani\u00e8re dont Dieu dirigera les choses. Je sais seulement qu\u2019Il nous a conduits jusqu\u2019ici, et ce qui arrivera sera encore plus une aventure. \u00bb<\/p>\n<p>Traduction: Patrick Luciathe<\/p>\n","protected":false},"excerpt":{"rendered":"<p>C\u2019est une premi\u00e8re, un croyant Adventiste du Septi\u00e8me Jour a re\u00e7u le \u00ab Prix Nobel pour la C\u00e9cit\u00e9 \u00bb pour avoir codifi\u00e9 le Braille dans les langues bibliques anciennes, ce qui permet aux \u00e9tudiants aveugles d\u2019\u00e9tudier les textes originaux de fa\u00e7on autonome.  Ray McAllister, un professeur aveugle enseignant \u00e0 l\u2019Universit\u00e9 d\u2019Andrews, \u00e9galement masseur th\u00e9rapeute dipl\u00f4m\u00e9 d\u2019\u00e9tat, a re\u00e7u avec son organisation, Les Erudits S\u00e9mitiques, le prestigieux Prix du Dr Jacob Bolotin de la part de la F\u00e9d\u00e9ration Nationale des Aveugles en juillet dernier.<\/p>\n","protected":false},"author":1,"featured_media":28320,"comment_status":"closed","ping_status":"closed","sticky":false,"template":"","format":"standard","meta":{"_acf_changed":false,"footnotes":""},"categories":[18,19],"tags":[],"class_list":["post-32642","post","type-post","status-publish","format-standard","has-post-thumbnail","hentry","category-nouvelles-de-leglise-mondiale","category-rss-francais"],"acf":[],"yoast_head":"<!-- This site is optimized with the Yoast SEO plugin v27.3 - https:\/\/yoast.com\/product\/yoast-seo-wordpress\/ -->\n<title>Le premier Adventiste \u00e0 recevoir \u00ab le Prix Nobel pour la C\u00e9cit\u00e9 \u00bb - \u00c9glise Adventiste Du Septieme Jour - Inter Am\u00e9rique Division<\/title>\n<meta name=\"robots\" content=\"index, follow, max-snippet:-1, max-image-preview:large, max-video-preview:-1\" \/>\n<link rel=\"canonical\" href=\"https:\/\/interamerica.org\/fr\/2016\/08\/le-premier-adventiste-a-recevoir-le-prix-nobel-pour-la-cecite\/\" \/>\n<meta property=\"og:locale\" content=\"fr_FR\" \/>\n<meta property=\"og:type\" content=\"article\" \/>\n<meta property=\"og:title\" content=\"Le premier Adventiste \u00e0 recevoir \u00ab le Prix Nobel pour la C\u00e9cit\u00e9 \u00bb - \u00c9glise Adventiste Du Septieme Jour - Inter Am\u00e9rique Division\" \/>\n<meta property=\"og:description\" content=\"C\u2019est une premi\u00e8re, un croyant Adventiste du Septi\u00e8me Jour a re\u00e7u le \u00ab Prix Nobel pour la C\u00e9cit\u00e9 \u00bb pour avoir codifi\u00e9 le Braille dans les langues bibliques anciennes, ce qui permet aux \u00e9tudiants aveugles d\u2019\u00e9tudier les textes originaux de fa\u00e7on autonome. Ray McAllister, un professeur aveugle enseignant \u00e0 l\u2019Universit\u00e9 d\u2019Andrews, \u00e9galement masseur th\u00e9rapeute dipl\u00f4m\u00e9 d\u2019\u00e9tat, a re\u00e7u avec son organisation, Les Erudits S\u00e9mitiques, le prestigieux Prix du Dr Jacob Bolotin de la part de la F\u00e9d\u00e9ration Nationale des Aveugles en juillet dernier.\" \/>\n<meta property=\"og:url\" content=\"https:\/\/interamerica.org\/fr\/2016\/08\/le-premier-adventiste-a-recevoir-le-prix-nobel-pour-la-cecite\/\" \/>\n<meta property=\"og:site_name\" content=\"\u00c9glise Adventiste Du Septieme Jour - Inter Am\u00e9rique Division\" \/>\n<meta property=\"article:published_time\" content=\"2016-08-11T04:00:00+00:00\" \/>\n<meta property=\"og:image\" content=\"https:\/\/interamerica.org\/wp-content\/uploads\/2017\/06\/Adventist-Ray-McAllister-blind-2.jpg\" \/>\n\t<meta property=\"og:image:width\" content=\"1000\" \/>\n\t<meta property=\"og:image:height\" content=\"668\" \/>\n\t<meta property=\"og:image:type\" content=\"image\/jpeg\" \/>\n<meta name=\"author\" content=\"Lorenzo Verduzco\" \/>\n<meta name=\"twitter:card\" content=\"summary_large_image\" \/>\n<meta name=\"twitter:label1\" content=\"\u00c9crit par\" \/>\n\t<meta name=\"twitter:data1\" content=\"Lorenzo Verduzco\" \/>\n\t<meta name=\"twitter:label2\" content=\"Dur\u00e9e de lecture estim\u00e9e\" \/>\n\t<meta name=\"twitter:data2\" content=\"5 minutes\" \/>\n<script type=\"application\/ld+json\" class=\"yoast-schema-graph\">{\"@context\":\"https:\\\/\\\/schema.org\",\"@graph\":[{\"@type\":\"Article\",\"@id\":\"https:\\\/\\\/interamerica.org\\\/fr\\\/2016\\\/08\\\/le-premier-adventiste-a-recevoir-le-prix-nobel-pour-la-cecite\\\/#article\",\"isPartOf\":{\"@id\":\"https:\\\/\\\/interamerica.org\\\/fr\\\/2016\\\/08\\\/le-premier-adventiste-a-recevoir-le-prix-nobel-pour-la-cecite\\\/\"},\"author\":{\"name\":\"Lorenzo Verduzco\",\"@id\":\"https:\\\/\\\/interamerica.org\\\/fr\\\/#\\\/schema\\\/person\\\/68ede8bdc292885bb76c1e3810e73c39\"},\"headline\":\"Le premier Adventiste \u00e0 recevoir \u00ab le Prix Nobel pour la C\u00e9cit\u00e9 \u00bb\",\"datePublished\":\"2016-08-11T04:00:00+00:00\",\"mainEntityOfPage\":{\"@id\":\"https:\\\/\\\/interamerica.org\\\/fr\\\/2016\\\/08\\\/le-premier-adventiste-a-recevoir-le-prix-nobel-pour-la-cecite\\\/\"},\"wordCount\":1082,\"image\":{\"@id\":\"https:\\\/\\\/interamerica.org\\\/fr\\\/2016\\\/08\\\/le-premier-adventiste-a-recevoir-le-prix-nobel-pour-la-cecite\\\/#primaryimage\"},\"thumbnailUrl\":\"https:\\\/\\\/interamerica.org\\\/wp-content\\\/uploads\\\/2017\\\/06\\\/Adventist-Ray-McAllister-blind-2.jpg\",\"articleSection\":[\"Nouvelles de l'\u00c9glise mondiale\",\"RSS Fran\u00e7ais\"],\"inLanguage\":\"fr-FR\"},{\"@type\":\"WebPage\",\"@id\":\"https:\\\/\\\/interamerica.org\\\/fr\\\/2016\\\/08\\\/le-premier-adventiste-a-recevoir-le-prix-nobel-pour-la-cecite\\\/\",\"url\":\"https:\\\/\\\/interamerica.org\\\/fr\\\/2016\\\/08\\\/le-premier-adventiste-a-recevoir-le-prix-nobel-pour-la-cecite\\\/\",\"name\":\"Le premier Adventiste \u00e0 recevoir \u00ab le Prix Nobel pour la C\u00e9cit\u00e9 \u00bb - \u00c9glise Adventiste Du Septieme Jour - Inter Am\u00e9rique Division\",\"isPartOf\":{\"@id\":\"https:\\\/\\\/interamerica.org\\\/fr\\\/#website\"},\"primaryImageOfPage\":{\"@id\":\"https:\\\/\\\/interamerica.org\\\/fr\\\/2016\\\/08\\\/le-premier-adventiste-a-recevoir-le-prix-nobel-pour-la-cecite\\\/#primaryimage\"},\"image\":{\"@id\":\"https:\\\/\\\/interamerica.org\\\/fr\\\/2016\\\/08\\\/le-premier-adventiste-a-recevoir-le-prix-nobel-pour-la-cecite\\\/#primaryimage\"},\"thumbnailUrl\":\"https:\\\/\\\/interamerica.org\\\/wp-content\\\/uploads\\\/2017\\\/06\\\/Adventist-Ray-McAllister-blind-2.jpg\",\"datePublished\":\"2016-08-11T04:00:00+00:00\",\"author\":{\"@id\":\"https:\\\/\\\/interamerica.org\\\/fr\\\/#\\\/schema\\\/person\\\/68ede8bdc292885bb76c1e3810e73c39\"},\"breadcrumb\":{\"@id\":\"https:\\\/\\\/interamerica.org\\\/fr\\\/2016\\\/08\\\/le-premier-adventiste-a-recevoir-le-prix-nobel-pour-la-cecite\\\/#breadcrumb\"},\"inLanguage\":\"fr-FR\",\"potentialAction\":[{\"@type\":\"ReadAction\",\"target\":[\"https:\\\/\\\/interamerica.org\\\/fr\\\/2016\\\/08\\\/le-premier-adventiste-a-recevoir-le-prix-nobel-pour-la-cecite\\\/\"]}]},{\"@type\":\"ImageObject\",\"inLanguage\":\"fr-FR\",\"@id\":\"https:\\\/\\\/interamerica.org\\\/fr\\\/2016\\\/08\\\/le-premier-adventiste-a-recevoir-le-prix-nobel-pour-la-cecite\\\/#primaryimage\",\"url\":\"https:\\\/\\\/interamerica.org\\\/wp-content\\\/uploads\\\/2017\\\/06\\\/Adventist-Ray-McAllister-blind-2.jpg\",\"contentUrl\":\"https:\\\/\\\/interamerica.org\\\/wp-content\\\/uploads\\\/2017\\\/06\\\/Adventist-Ray-McAllister-blind-2.jpg\",\"width\":1000,\"height\":668},{\"@type\":\"BreadcrumbList\",\"@id\":\"https:\\\/\\\/interamerica.org\\\/fr\\\/2016\\\/08\\\/le-premier-adventiste-a-recevoir-le-prix-nobel-pour-la-cecite\\\/#breadcrumb\",\"itemListElement\":[{\"@type\":\"ListItem\",\"position\":1,\"name\":\"Home\",\"item\":\"https:\\\/\\\/interamerica.org\\\/fr\\\/\"},{\"@type\":\"ListItem\",\"position\":2,\"name\":\"Le premier Adventiste \u00e0 recevoir \u00ab le Prix Nobel pour la C\u00e9cit\u00e9 \u00bb\"}]},{\"@type\":\"WebSite\",\"@id\":\"https:\\\/\\\/interamerica.org\\\/fr\\\/#website\",\"url\":\"https:\\\/\\\/interamerica.org\\\/fr\\\/\",\"name\":\"\u00c9glise Adventiste Du Septieme Jour - Inter Am\u00e9rique Division\",\"description\":\"\",\"potentialAction\":[{\"@type\":\"SearchAction\",\"target\":{\"@type\":\"EntryPoint\",\"urlTemplate\":\"https:\\\/\\\/interamerica.org\\\/fr\\\/?s={search_term_string}\"},\"query-input\":{\"@type\":\"PropertyValueSpecification\",\"valueRequired\":true,\"valueName\":\"search_term_string\"}}],\"inLanguage\":\"fr-FR\"},{\"@type\":\"Person\",\"@id\":\"https:\\\/\\\/interamerica.org\\\/fr\\\/#\\\/schema\\\/person\\\/68ede8bdc292885bb76c1e3810e73c39\",\"name\":\"Lorenzo Verduzco\",\"image\":{\"@type\":\"ImageObject\",\"inLanguage\":\"fr-FR\",\"@id\":\"https:\\\/\\\/secure.gravatar.com\\\/avatar\\\/fb81a55b6218459490a9c1dc841a34909185b81904c5337b4b27f7a6fd60c49e?s=96&d=mm&r=g\",\"url\":\"https:\\\/\\\/secure.gravatar.com\\\/avatar\\\/fb81a55b6218459490a9c1dc841a34909185b81904c5337b4b27f7a6fd60c49e?s=96&d=mm&r=g\",\"contentUrl\":\"https:\\\/\\\/secure.gravatar.com\\\/avatar\\\/fb81a55b6218459490a9c1dc841a34909185b81904c5337b4b27f7a6fd60c49e?s=96&d=mm&r=g\",\"caption\":\"Lorenzo Verduzco\"}}]}<\/script>\n<!-- \/ Yoast SEO plugin. -->","yoast_head_json":{"title":"Le premier Adventiste \u00e0 recevoir \u00ab le Prix Nobel pour la C\u00e9cit\u00e9 \u00bb - \u00c9glise Adventiste Du Septieme Jour - Inter Am\u00e9rique Division","robots":{"index":"index","follow":"follow","max-snippet":"max-snippet:-1","max-image-preview":"max-image-preview:large","max-video-preview":"max-video-preview:-1"},"canonical":"https:\/\/interamerica.org\/fr\/2016\/08\/le-premier-adventiste-a-recevoir-le-prix-nobel-pour-la-cecite\/","og_locale":"fr_FR","og_type":"article","og_title":"Le premier Adventiste \u00e0 recevoir \u00ab le Prix Nobel pour la C\u00e9cit\u00e9 \u00bb - \u00c9glise Adventiste Du Septieme Jour - Inter Am\u00e9rique Division","og_description":"C\u2019est une premi\u00e8re, un croyant Adventiste du Septi\u00e8me Jour a re\u00e7u le \u00ab Prix Nobel pour la C\u00e9cit\u00e9 \u00bb pour avoir codifi\u00e9 le Braille dans les langues bibliques anciennes, ce qui permet aux \u00e9tudiants aveugles d\u2019\u00e9tudier les textes originaux de fa\u00e7on autonome. Ray McAllister, un professeur aveugle enseignant \u00e0 l\u2019Universit\u00e9 d\u2019Andrews, \u00e9galement masseur th\u00e9rapeute dipl\u00f4m\u00e9 d\u2019\u00e9tat, a re\u00e7u avec son organisation, Les Erudits S\u00e9mitiques, le prestigieux Prix du Dr Jacob Bolotin de la part de la F\u00e9d\u00e9ration Nationale des Aveugles en juillet dernier.","og_url":"https:\/\/interamerica.org\/fr\/2016\/08\/le-premier-adventiste-a-recevoir-le-prix-nobel-pour-la-cecite\/","og_site_name":"\u00c9glise Adventiste Du Septieme Jour - Inter Am\u00e9rique Division","article_published_time":"2016-08-11T04:00:00+00:00","og_image":[{"width":1000,"height":668,"url":"https:\/\/interamerica.org\/wp-content\/uploads\/2017\/06\/Adventist-Ray-McAllister-blind-2.jpg","type":"image\/jpeg"}],"author":"Lorenzo Verduzco","twitter_card":"summary_large_image","twitter_misc":{"\u00c9crit par":"Lorenzo Verduzco","Dur\u00e9e de lecture estim\u00e9e":"5 minutes"},"schema":{"@context":"https:\/\/schema.org","@graph":[{"@type":"Article","@id":"https:\/\/interamerica.org\/fr\/2016\/08\/le-premier-adventiste-a-recevoir-le-prix-nobel-pour-la-cecite\/#article","isPartOf":{"@id":"https:\/\/interamerica.org\/fr\/2016\/08\/le-premier-adventiste-a-recevoir-le-prix-nobel-pour-la-cecite\/"},"author":{"name":"Lorenzo Verduzco","@id":"https:\/\/interamerica.org\/fr\/#\/schema\/person\/68ede8bdc292885bb76c1e3810e73c39"},"headline":"Le premier Adventiste \u00e0 recevoir \u00ab le Prix Nobel pour la C\u00e9cit\u00e9 \u00bb","datePublished":"2016-08-11T04:00:00+00:00","mainEntityOfPage":{"@id":"https:\/\/interamerica.org\/fr\/2016\/08\/le-premier-adventiste-a-recevoir-le-prix-nobel-pour-la-cecite\/"},"wordCount":1082,"image":{"@id":"https:\/\/interamerica.org\/fr\/2016\/08\/le-premier-adventiste-a-recevoir-le-prix-nobel-pour-la-cecite\/#primaryimage"},"thumbnailUrl":"https:\/\/interamerica.org\/wp-content\/uploads\/2017\/06\/Adventist-Ray-McAllister-blind-2.jpg","articleSection":["Nouvelles de l'\u00c9glise mondiale","RSS Fran\u00e7ais"],"inLanguage":"fr-FR"},{"@type":"WebPage","@id":"https:\/\/interamerica.org\/fr\/2016\/08\/le-premier-adventiste-a-recevoir-le-prix-nobel-pour-la-cecite\/","url":"https:\/\/interamerica.org\/fr\/2016\/08\/le-premier-adventiste-a-recevoir-le-prix-nobel-pour-la-cecite\/","name":"Le premier Adventiste \u00e0 recevoir \u00ab le Prix Nobel pour la C\u00e9cit\u00e9 \u00bb - \u00c9glise Adventiste Du Septieme Jour - Inter Am\u00e9rique Division","isPartOf":{"@id":"https:\/\/interamerica.org\/fr\/#website"},"primaryImageOfPage":{"@id":"https:\/\/interamerica.org\/fr\/2016\/08\/le-premier-adventiste-a-recevoir-le-prix-nobel-pour-la-cecite\/#primaryimage"},"image":{"@id":"https:\/\/interamerica.org\/fr\/2016\/08\/le-premier-adventiste-a-recevoir-le-prix-nobel-pour-la-cecite\/#primaryimage"},"thumbnailUrl":"https:\/\/interamerica.org\/wp-content\/uploads\/2017\/06\/Adventist-Ray-McAllister-blind-2.jpg","datePublished":"2016-08-11T04:00:00+00:00","author":{"@id":"https:\/\/interamerica.org\/fr\/#\/schema\/person\/68ede8bdc292885bb76c1e3810e73c39"},"breadcrumb":{"@id":"https:\/\/interamerica.org\/fr\/2016\/08\/le-premier-adventiste-a-recevoir-le-prix-nobel-pour-la-cecite\/#breadcrumb"},"inLanguage":"fr-FR","potentialAction":[{"@type":"ReadAction","target":["https:\/\/interamerica.org\/fr\/2016\/08\/le-premier-adventiste-a-recevoir-le-prix-nobel-pour-la-cecite\/"]}]},{"@type":"ImageObject","inLanguage":"fr-FR","@id":"https:\/\/interamerica.org\/fr\/2016\/08\/le-premier-adventiste-a-recevoir-le-prix-nobel-pour-la-cecite\/#primaryimage","url":"https:\/\/interamerica.org\/wp-content\/uploads\/2017\/06\/Adventist-Ray-McAllister-blind-2.jpg","contentUrl":"https:\/\/interamerica.org\/wp-content\/uploads\/2017\/06\/Adventist-Ray-McAllister-blind-2.jpg","width":1000,"height":668},{"@type":"BreadcrumbList","@id":"https:\/\/interamerica.org\/fr\/2016\/08\/le-premier-adventiste-a-recevoir-le-prix-nobel-pour-la-cecite\/#breadcrumb","itemListElement":[{"@type":"ListItem","position":1,"name":"Home","item":"https:\/\/interamerica.org\/fr\/"},{"@type":"ListItem","position":2,"name":"Le premier Adventiste \u00e0 recevoir \u00ab le Prix Nobel pour la C\u00e9cit\u00e9 \u00bb"}]},{"@type":"WebSite","@id":"https:\/\/interamerica.org\/fr\/#website","url":"https:\/\/interamerica.org\/fr\/","name":"\u00c9glise Adventiste Du Septieme Jour - Inter Am\u00e9rique Division","description":"","potentialAction":[{"@type":"SearchAction","target":{"@type":"EntryPoint","urlTemplate":"https:\/\/interamerica.org\/fr\/?s={search_term_string}"},"query-input":{"@type":"PropertyValueSpecification","valueRequired":true,"valueName":"search_term_string"}}],"inLanguage":"fr-FR"},{"@type":"Person","@id":"https:\/\/interamerica.org\/fr\/#\/schema\/person\/68ede8bdc292885bb76c1e3810e73c39","name":"Lorenzo Verduzco","image":{"@type":"ImageObject","inLanguage":"fr-FR","@id":"https:\/\/secure.gravatar.com\/avatar\/fb81a55b6218459490a9c1dc841a34909185b81904c5337b4b27f7a6fd60c49e?s=96&d=mm&r=g","url":"https:\/\/secure.gravatar.com\/avatar\/fb81a55b6218459490a9c1dc841a34909185b81904c5337b4b27f7a6fd60c49e?s=96&d=mm&r=g","contentUrl":"https:\/\/secure.gravatar.com\/avatar\/fb81a55b6218459490a9c1dc841a34909185b81904c5337b4b27f7a6fd60c49e?s=96&d=mm&r=g","caption":"Lorenzo Verduzco"}}]}},"_links":{"self":[{"href":"https:\/\/interamerica.org\/fr\/wp-json\/wp\/v2\/posts\/32642","targetHints":{"allow":["GET"]}}],"collection":[{"href":"https:\/\/interamerica.org\/fr\/wp-json\/wp\/v2\/posts"}],"about":[{"href":"https:\/\/interamerica.org\/fr\/wp-json\/wp\/v2\/types\/post"}],"author":[{"embeddable":true,"href":"https:\/\/interamerica.org\/fr\/wp-json\/wp\/v2\/users\/1"}],"replies":[{"embeddable":true,"href":"https:\/\/interamerica.org\/fr\/wp-json\/wp\/v2\/comments?post=32642"}],"version-history":[{"count":0,"href":"https:\/\/interamerica.org\/fr\/wp-json\/wp\/v2\/posts\/32642\/revisions"}],"wp:featuredmedia":[{"embeddable":true,"href":"https:\/\/interamerica.org\/fr\/wp-json\/wp\/v2\/media\/28320"}],"wp:attachment":[{"href":"https:\/\/interamerica.org\/fr\/wp-json\/wp\/v2\/media?parent=32642"}],"wp:term":[{"taxonomy":"category","embeddable":true,"href":"https:\/\/interamerica.org\/fr\/wp-json\/wp\/v2\/categories?post=32642"},{"taxonomy":"post_tag","embeddable":true,"href":"https:\/\/interamerica.org\/fr\/wp-json\/wp\/v2\/tags?post=32642"}],"curies":[{"name":"wp","href":"https:\/\/api.w.org\/{rel}","templated":true}]}}