{"id":32667,"date":"2016-09-14T00:00:00","date_gmt":"2016-09-14T04:00:00","guid":{"rendered":"http:\/\/192.81.217.108\/interamerica\/2016\/09\/dans-le-nord-du-mexique-leglise-adventiste-cherche-a-exercer-un-ministere-aupres-des-sourds-dans-le-territoire\/"},"modified":"2016-09-14T00:00:00","modified_gmt":"2016-09-14T04:00:00","slug":"dans-le-nord-du-mexique-leglise-adventiste-cherche-a-exercer-un-ministere-aupres-des-sourds-dans-le-territoire","status":"publish","type":"post","link":"https:\/\/interamerica.org\/fr\/2016\/09\/dans-le-nord-du-mexique-leglise-adventiste-cherche-a-exercer-un-ministere-aupres-des-sourds-dans-le-territoire\/","title":{"rendered":"Dans le Nord du Mexique, l\u2019Eglise Adventiste cherche \u00e0 exercer un minist\u00e8re aupr\u00e8s des sourds dans le territoire"},"content":{"rendered":"<div id=\"attachment_24201\" style=\"width: 747px\" class=\"wp-caption aligncenter\"><a href=\"\/interamerica\/wp-content\/uploads\/2017\/06\/NOMU-telemaque-deaf-ministries-congress.jpg\" rel=\"fancybox\" title=\"Dans le Nord du Mexique, l\u2019Eglise Adventiste cherche \u00e0 exercer un minist\u00e8re aupr\u00e8s des sourds dans le territoire\"><img fetchpriority=\"high\" decoding=\"async\" aria-describedby=\"caption-attachment-24201\" class=\" wp-image-24201  \" src=\"\/interamerica\/wp-content\/uploads\/2017\/06\/NOMU-telemaque-deaf-ministries-congress-1024x682.jpg\" alt=\"\" width=\"737\" height=\"491\" \/><\/a><p id=\"caption-attachment-24201\" class=\"wp-caption-text\">Le directeur des Minist\u00e8res pour les Besoins Sp\u00e9ciaux, pasteur Samuel Telemaque (quatri\u00e8me \u00e0 partir de la gauche) s\u2019adresse \u00e0 des dizaines de personnes sourdes accompagn\u00e9 de dirigeants d\u2019\u00e9glise lors du Congr\u00e8s pour les Sourds qui s\u2019est d\u00e9roul\u00e9 \u00e0 Montemorelos, dans le Nord du Mexique, la semaine derni\u00e8re. Image de l\u2019Union Nord Mexicaine.<\/p><\/div>\n<p>13 Septembre 2016 \u2013 Montemorelos, Nuevo Leon, Mexique \u2013 Abdiel Hernandez\/DIA<\/p>\n<p>Des dizaines de personnes sourdes venues de tout le Nord du Mexique se sont r\u00e9unies \u00e0 l\u2019occasion d\u2019un programme de quatre jours afin d\u2019en apprendre davantage sur l\u2019engagement de l\u2019Eglise Adventiste du Septi\u00e8me Jour \u00e0 les aider dans leur croissance spirituelle.<\/p>\n<div id=\"attachment_24202\" style=\"width: 552px\" class=\"wp-caption alignright\"><a href=\"\/interamerica\/wp-content\/uploads\/2017\/06\/NOMU-deaf-congress1.jpg\" rel=\"fancybox\" title=\"Dans le Nord du Mexique, l\u2019Eglise Adventiste cherche \u00e0 exercer un minist\u00e8re aupr\u00e8s des sourds dans le territoire\"><img decoding=\"async\" aria-describedby=\"caption-attachment-24202\" class=\" wp-image-24202      \" src=\"\/interamerica\/wp-content\/uploads\/2017\/06\/NOMU-deaf-congress1-1024x682.jpg\" alt=\"\" width=\"542\" height=\"361\" \/><\/a><p id=\"caption-attachment-24202\" class=\"wp-caption-text\">Image<\/p><\/div>\n<p>Les dirigeants et les membres d\u2019\u00e9glise int\u00e9ress\u00e9s par le minist\u00e8re aupr\u00e8s de ce groupe se sont r\u00e9unis \u00e0 l\u2019occasion du Congr\u00e8s pour les Sourds qui a eu lieu au site de camp La Morita \u00e0 Montemorelos au Mexique du 10 au 14 aout 2016.<\/p>\n<p>\u00ab Nous souhaitions apprendre davantage au sujet des diff\u00e9rentes fa\u00e7ons pour nous de toucher ce groupe sp\u00e9cial de personnes, \u00bb a d\u00e9clar\u00e9 pasteur Adan Dyck, directeur des minist\u00e8res personnels et de l\u2019Ecole du Sabbat pour l\u2019Eglise Adventiste dans le Nord du Mexique et principal organisateur du programme. Adan Dyck qui d\u00e9veloppe ce minist\u00e8re des besoins sp\u00e9ciaux dans le territoire, a indiqu\u00e9 que former le groupe, et cela inclut les interpr\u00e8tes en langue des signes, \u00e0 atteindre les autres avec l\u2019\u00e9vangile \u00e9tait l\u2019un des objectifs du congr\u00e8s.<\/p>\n<p>Francisco Javier Diaz de Leon, leader des Minist\u00e8res Adventistes pour les Sourds au Mexique, dans son sermon pr\u00e9sent\u00e9 en langue des signes, a lanc\u00e9 un d\u00e9fi \u00e0 la communaut\u00e9 Adventiste invitant \u00e0 s\u2019engager dans un groupe de personnes malentendantes afin de soutenir leur minist\u00e8re. Francisco Diaz a \u00e9galement invit\u00e9 le groupe de malentendants \u00e0 \u00eatre activement impliqu\u00e9 dans l\u2019\u00e9vang\u00e9lisation vu que leur influence est plus grande que les personnes qui n\u2019ont pas de probl\u00e8mes d\u2019audition. Les interpr\u00e8tes ont \u00e9t\u00e9 eux invit\u00e9s \u00e0 recruter des membres d\u2019\u00e9glise et \u00e0 les former afin qu\u2019ils servent en tant qu\u2019interpr\u00e8tes en langue des signes.<\/p>\n<p>Pasteur Samuel Telemaque, le directeur des Minist\u00e8res pour les Besoins Sp\u00e9ciaux pour la Division Inter Am\u00e9ricaine a d\u00e9clar\u00e9 que ce programme \u00e9tait crucial car il envoyait un message clair visant \u00e0 changer la fa\u00e7on de penser des gens \u00e0 propos de ce minist\u00e8re.<\/p>\n<p>\u00ab L\u2019\u00e9glise doit rendre le message du salut accessible \u00e0 tous, \u00bb a dit pasteur Telemaque. \u00ab Dieu accorde des dons \u00e0 chacun, \u00e0 ceux qui ont des handicaps et \u00e0 ceux qui n\u2019en ont pas. Sa force s\u2019accomplit dans notre faiblesse. \u00bb<\/p>\n<p>Les sourds ont \u00e9t\u00e9 encourag\u00e9s \u00e0 avoir une nouvelle compr\u00e9hension d\u2019eux m\u00eames et de ceux qui prennent soin d\u2019eux, a ajout\u00e9 Samuel Telemaque.<\/p>\n<p>Le groupe compos\u00e9 principalement de membres d\u2019\u00e9glise, a re\u00e7u des livres, des vid\u00e9os et d\u2019autres ressources. On leur a \u00e9galement offert des services m\u00e9dicaux gratuits, des \u00e9valuations nutritionnelles, des analyses cliniques et des visites m\u00e9dicales \u00e0 l\u2019H\u00f4pital Adventiste La Carlota \u00e0 Montemorelos.<\/p>\n<div id=\"attachment_24199\" style=\"width: 586px\" class=\"wp-caption alignright\"><a href=\"\/interamerica\/wp-content\/uploads\/2017\/06\/NOMU-adan-dyck-deaf-congress.jpg\" rel=\"fancybox\" title=\"Dans le Nord du Mexique, l\u2019Eglise Adventiste cherche \u00e0 exercer un minist\u00e8re aupr\u00e8s des sourds dans le territoire\"><img decoding=\"async\" aria-describedby=\"caption-attachment-24199\" class=\" wp-image-24199 \" src=\"\/interamerica\/wp-content\/uploads\/2017\/06\/NOMU-adan-dyck-deaf-congress.jpg\" alt=\"\" width=\"576\" height=\"384\" \/><\/a><p id=\"caption-attachment-24199\" class=\"wp-caption-text\">Pasteur Adan Dyck lave les pieds d\u2019un sourd lors d\u2019un service de communion pendant le congr\u00e8s.<\/p><\/div>\n<p>Les leaders de l\u2019\u00e9glise s\u2019int\u00e9ressent \u00e0 l\u2019estimation du nombre de sourds dans toutes leurs \u00e9glises. Jusqu\u2019ici, ils savent qu\u2019il y a quelques 71 personnes sourdes dans les congr\u00e9gations du Nord du Mexique, et cependant ils veulent intensifier leurs efforts pour travailler \u00e9troitement avec les f\u00e9d\u00e9rations et missions qui supervisent des milliers de congr\u00e9gations afin de recenser tous leurs membres souffrant de probl\u00e8mes d\u2019audition.<\/p>\n<p>\u00ab Ce serait une v\u00e9ritable b\u00e9n\u00e9diction d\u2019avoir tous nos pasteurs de district avec nous dans notre strat\u00e9gie pour identifier et exercer un minist\u00e8re aupr\u00e8s de nos fr\u00e8res et s\u0153urs sourds qui fr\u00e9quentent actuellement nos \u00e9glises Adventistes, \u00bb a dit Adan Dyck.<\/p>\n<p>Les responsables d\u2019\u00e9glise envisagent un programme de formation intensive de deux semaines pour les Chefs-Guides destin\u00e9 \u00e0 pr\u00e9parer les jeunes sourds \u00e0 travailler afin d\u2019atteindre les autres personnes ayant les m\u00eames besoins. Les derni\u00e8res statistiques issues du recensement national montrent que des plus de 5 millions de personnes handicap\u00e9es vivant au Mexique, 12,1 pourcent, soit pr\u00e8s de 700000 personnes sont sourdes ou ont des probl\u00e8mes d\u2019audition.<\/p>\n<p>De ce groupe, 30 pourcent ne savent ni lire ni \u00e9crire, ce qui affecte leur situation \u00e9conomique.<\/p>\n<p>Le d\u00e9fi est grand, a dit Adan Dick, mais c\u2019est un d\u00e9fi que l\u2019\u00e9glise d\u00e9sire relever.<\/p>\n<p>Le nouveau directeur des Minist\u00e8res des Besoins Sp\u00e9ciaux dans le Nord du Mexique, pasteur David Maldonado, a indiqu\u00e9 que le minist\u00e8re aupr\u00e8s des sourds n\u2019est pas nouveau, mais il a besoin d\u2019\u00eatre consolid\u00e9 \u00e0 tous les niveaux de l\u2019\u00e9glise afin d\u2019atteindre les membres actuels et les non croyants.<\/p>\n<p>\u00ab Nous voulons conscientiser les gens sur ce besoin afin d\u2019avoir un minist\u00e8re pour les Adventistes Sourds qui soit fort dans toutes les \u00e9glises et les petits groupes du territoire, \u00bb a dit pasteur Maldonado. Identifier le nombre de membres sourds est d\u2019une importance capitale, a-t-il ajout\u00e9, comme l\u2019est la nomination d\u2019une personne dans chaque f\u00e9d\u00e9ration et dans chaque mission afin de superviser le minist\u00e8re aupr\u00e8s des sourds.<\/p>\n<div id=\"attachment_24200\" style=\"width: 528px\" class=\"wp-caption alignleft\"><a href=\"\/interamerica\/wp-content\/uploads\/2017\/06\/NOMU-deaf-interpreter.jpg\" rel=\"fancybox\" title=\"Dans le Nord du Mexique, l\u2019Eglise Adventiste cherche \u00e0 exercer un minist\u00e8re aupr\u00e8s des sourds dans le territoire\"><img loading=\"lazy\" decoding=\"async\" aria-describedby=\"caption-attachment-24200\" class=\" wp-image-24200  \" src=\"\/interamerica\/wp-content\/uploads\/2017\/06\/NOMU-deaf-interpreter.jpg\" alt=\"\" width=\"518\" height=\"346\" \/><\/a><p id=\"caption-attachment-24200\" class=\"wp-caption-text\">Une interpr\u00e8te traduit la pri\u00e8re en langue des signes.<\/p><\/div>\n<p>Une fois que plusieurs des strat\u00e9gies cl\u00e9s seront mises en place, alors on pourra atteindre de nombreuses personnes ayant ces besoins dans les communaut\u00e9s.<\/p>\n<p>\u00ab Nous souhaitons avoir toute la litt\u00e9rature Adventiste disponible, des livres de d\u00e9votion et d\u2019autres ressources disponibles pour ce groupe sp\u00e9cial, \u00bb a dit pasteur Maldonado.<\/p>\n<p>L\u2019Universit\u00e9 de Montemorelos, une institution Adventiste, aidera l\u2019\u00e9glise dans le Nord du Mexique \u00e0 produire des hymnes Adventistes en langue des signes. \u00ab Nos d\u00e9l\u00e9gu\u00e9s ont appr\u00e9ci\u00e9 de pouvoir chanter avec la projection vid\u00e9o des hymnes pendant le congr\u00e8s, et c\u2019\u00e9tait magnifique de voir leur joie. \u00bb<\/p>\n<p>L\u2019int\u00e9gralit\u00e9 du programme du sabbat \u00e0 l\u2019Universit\u00e9 de Montemorelos a \u00e9t\u00e9 retransmise en langue des signes sur la chaine de t\u00e9l\u00e9vision locale de l\u2019institution. Les responsables de l\u2019universit\u00e9 se sont engag\u00e9s \u00e0 diffuser dor\u00e9navant tous les services de culte en langue des signes.<\/p>\n<p>Le programme a permis de r\u00e9unir des dirigeants et des membres qui ont \u00e9chang\u00e9 et fraternis\u00e9 avec les sourds alors qu\u2019ils prenaient part ensemble \u00e0 un service de communion sp\u00e9cial et \u00e0 d\u2019autres activit\u00e9s.<\/p>\n<p>Pasteur Maldonado a expliqu\u00e9 que plus de 60 \u00e9tudiants d\u2019universit\u00e9 se sont inscrits pour apprendre la langue des signes avec un expert en langue des signes sur le campus.<\/p>\n<p>L\u2019\u00e9glise a commenc\u00e9 \u00e0 produire les le\u00e7ons du cours biblique, La Foi de J\u00e9sus, en langue des signes de telle sorte que les membres d\u2019\u00e9glise puissent les distribuer. Les dirigeants esp\u00e8rent terminer les 20 le\u00e7ons bibliques d\u2019ici juin prochain, date \u00e0 laquelle ils envisagent de r\u00e9unir plus de 500 sourds venus de tout le Mexique pour un programme qui sera le premier du genre dans le pays.<\/p>\n<p>\u00ab Nous prenons au s\u00e9rieux cette d\u00e9marche consistant \u00e0 atteindre les sourds qui ont besoin de conna\u00eetre l\u2019amour de J\u00e9sus dans nos villes, nos communaut\u00e9s et nos rues, a dit pasteur Maldonado.<\/p>\n<p>Traduction: Patrick Luciathe<\/p>\n","protected":false},"excerpt":{"rendered":"<p>Des dizaines de personnes sourdes venues de tout le Nord du Mexique se sont r\u00e9unies \u00e0 l\u2019occasion d\u2019un programme de quatre jours afin d\u2019en apprendre davantage sur l\u2019engagement de l\u2019Eglise Adventiste du Septi\u00e8me Jour \u00e0 les aider dans leur croissance spirituelle.  <\/p>\n<p>Les dirigeants et les membres d\u2019\u00e9glise int\u00e9ress\u00e9s par le minist\u00e8re aupr\u00e8s de ce groupe se sont r\u00e9unis \u00e0 l\u2019occasion du Congr\u00e8s pour les Sourds qui a eu lieu au site de camp La Morita \u00e0 Montemorelos au Mexique du 10 au 14 aout 2016.<\/p>\n","protected":false},"author":1,"featured_media":28518,"comment_status":"closed","ping_status":"closed","sticky":false,"template":"","format":"standard","meta":{"_acf_changed":false,"footnotes":""},"categories":[21,19],"tags":[],"class_list":["post-32667","post","type-post","status-publish","format-standard","has-post-thumbnail","hentry","category-nouvelles-du-territoire","category-rss-francais"],"acf":[],"yoast_head":"<!-- This site is optimized with the Yoast SEO plugin v27.3 - https:\/\/yoast.com\/product\/yoast-seo-wordpress\/ -->\n<title>Dans le Nord du Mexique, l\u2019Eglise Adventiste cherche \u00e0 exercer un minist\u00e8re aupr\u00e8s des sourds dans le territoire - \u00c9glise Adventiste Du Septieme Jour - Inter Am\u00e9rique Division<\/title>\n<meta name=\"robots\" content=\"index, follow, max-snippet:-1, max-image-preview:large, max-video-preview:-1\" \/>\n<link rel=\"canonical\" href=\"https:\/\/interamerica.org\/fr\/2016\/09\/dans-le-nord-du-mexique-leglise-adventiste-cherche-a-exercer-un-ministere-aupres-des-sourds-dans-le-territoire\/\" \/>\n<meta property=\"og:locale\" content=\"fr_FR\" \/>\n<meta property=\"og:type\" content=\"article\" \/>\n<meta property=\"og:title\" content=\"Dans le Nord du Mexique, l\u2019Eglise Adventiste cherche \u00e0 exercer un minist\u00e8re aupr\u00e8s des sourds dans le territoire - \u00c9glise Adventiste Du Septieme Jour - Inter Am\u00e9rique Division\" \/>\n<meta property=\"og:description\" content=\"Des dizaines de personnes sourdes venues de tout le Nord du Mexique se sont r\u00e9unies \u00e0 l\u2019occasion d\u2019un programme de quatre jours afin d\u2019en apprendre davantage sur l\u2019engagement de l\u2019Eglise Adventiste du Septi\u00e8me Jour \u00e0 les aider dans leur croissance spirituelle.  Les dirigeants et les membres d\u2019\u00e9glise int\u00e9ress\u00e9s par le minist\u00e8re aupr\u00e8s de ce groupe se sont r\u00e9unis \u00e0 l\u2019occasion du Congr\u00e8s pour les Sourds qui a eu lieu au site de camp La Morita \u00e0 Montemorelos au Mexique du 10 au 14 aout 2016.\" \/>\n<meta property=\"og:url\" content=\"https:\/\/interamerica.org\/fr\/2016\/09\/dans-le-nord-du-mexique-leglise-adventiste-cherche-a-exercer-un-ministere-aupres-des-sourds-dans-le-territoire\/\" \/>\n<meta property=\"og:site_name\" content=\"\u00c9glise Adventiste Du Septieme Jour - Inter Am\u00e9rique Division\" \/>\n<meta property=\"article:published_time\" content=\"2016-09-14T04:00:00+00:00\" \/>\n<meta property=\"og:image\" content=\"https:\/\/interamerica.org\/wp-content\/uploads\/2017\/06\/NOMU-deaf-congress1.jpg\" \/>\n\t<meta property=\"og:image:width\" content=\"2048\" \/>\n\t<meta property=\"og:image:height\" content=\"1365\" \/>\n\t<meta property=\"og:image:type\" content=\"image\/jpeg\" \/>\n<meta name=\"author\" content=\"Lorenzo Verduzco\" \/>\n<meta name=\"twitter:card\" content=\"summary_large_image\" \/>\n<meta name=\"twitter:label1\" content=\"\u00c9crit par\" \/>\n\t<meta name=\"twitter:data1\" content=\"Lorenzo Verduzco\" \/>\n\t<meta name=\"twitter:label2\" content=\"Dur\u00e9e de lecture estim\u00e9e\" \/>\n\t<meta name=\"twitter:data2\" content=\"6 minutes\" \/>\n<script type=\"application\/ld+json\" class=\"yoast-schema-graph\">{\"@context\":\"https:\\\/\\\/schema.org\",\"@graph\":[{\"@type\":\"Article\",\"@id\":\"https:\\\/\\\/interamerica.org\\\/fr\\\/2016\\\/09\\\/dans-le-nord-du-mexique-leglise-adventiste-cherche-a-exercer-un-ministere-aupres-des-sourds-dans-le-territoire\\\/#article\",\"isPartOf\":{\"@id\":\"https:\\\/\\\/interamerica.org\\\/fr\\\/2016\\\/09\\\/dans-le-nord-du-mexique-leglise-adventiste-cherche-a-exercer-un-ministere-aupres-des-sourds-dans-le-territoire\\\/\"},\"author\":{\"name\":\"Lorenzo Verduzco\",\"@id\":\"https:\\\/\\\/interamerica.org\\\/fr\\\/#\\\/schema\\\/person\\\/68ede8bdc292885bb76c1e3810e73c39\"},\"headline\":\"Dans le Nord du Mexique, l\u2019Eglise Adventiste cherche \u00e0 exercer un minist\u00e8re aupr\u00e8s des sourds dans le territoire\",\"datePublished\":\"2016-09-14T04:00:00+00:00\",\"mainEntityOfPage\":{\"@id\":\"https:\\\/\\\/interamerica.org\\\/fr\\\/2016\\\/09\\\/dans-le-nord-du-mexique-leglise-adventiste-cherche-a-exercer-un-ministere-aupres-des-sourds-dans-le-territoire\\\/\"},\"wordCount\":1300,\"image\":{\"@id\":\"https:\\\/\\\/interamerica.org\\\/fr\\\/2016\\\/09\\\/dans-le-nord-du-mexique-leglise-adventiste-cherche-a-exercer-un-ministere-aupres-des-sourds-dans-le-territoire\\\/#primaryimage\"},\"thumbnailUrl\":\"https:\\\/\\\/interamerica.org\\\/wp-content\\\/uploads\\\/2017\\\/06\\\/NOMU-deaf-congress1.jpg\",\"articleSection\":[\"Nouvelles du territoire\",\"RSS Fran\u00e7ais\"],\"inLanguage\":\"fr-FR\"},{\"@type\":\"WebPage\",\"@id\":\"https:\\\/\\\/interamerica.org\\\/fr\\\/2016\\\/09\\\/dans-le-nord-du-mexique-leglise-adventiste-cherche-a-exercer-un-ministere-aupres-des-sourds-dans-le-territoire\\\/\",\"url\":\"https:\\\/\\\/interamerica.org\\\/fr\\\/2016\\\/09\\\/dans-le-nord-du-mexique-leglise-adventiste-cherche-a-exercer-un-ministere-aupres-des-sourds-dans-le-territoire\\\/\",\"name\":\"Dans le Nord du Mexique, l\u2019Eglise Adventiste cherche \u00e0 exercer un minist\u00e8re aupr\u00e8s des sourds dans le territoire - \u00c9glise Adventiste Du Septieme Jour - Inter Am\u00e9rique Division\",\"isPartOf\":{\"@id\":\"https:\\\/\\\/interamerica.org\\\/fr\\\/#website\"},\"primaryImageOfPage\":{\"@id\":\"https:\\\/\\\/interamerica.org\\\/fr\\\/2016\\\/09\\\/dans-le-nord-du-mexique-leglise-adventiste-cherche-a-exercer-un-ministere-aupres-des-sourds-dans-le-territoire\\\/#primaryimage\"},\"image\":{\"@id\":\"https:\\\/\\\/interamerica.org\\\/fr\\\/2016\\\/09\\\/dans-le-nord-du-mexique-leglise-adventiste-cherche-a-exercer-un-ministere-aupres-des-sourds-dans-le-territoire\\\/#primaryimage\"},\"thumbnailUrl\":\"https:\\\/\\\/interamerica.org\\\/wp-content\\\/uploads\\\/2017\\\/06\\\/NOMU-deaf-congress1.jpg\",\"datePublished\":\"2016-09-14T04:00:00+00:00\",\"author\":{\"@id\":\"https:\\\/\\\/interamerica.org\\\/fr\\\/#\\\/schema\\\/person\\\/68ede8bdc292885bb76c1e3810e73c39\"},\"breadcrumb\":{\"@id\":\"https:\\\/\\\/interamerica.org\\\/fr\\\/2016\\\/09\\\/dans-le-nord-du-mexique-leglise-adventiste-cherche-a-exercer-un-ministere-aupres-des-sourds-dans-le-territoire\\\/#breadcrumb\"},\"inLanguage\":\"fr-FR\",\"potentialAction\":[{\"@type\":\"ReadAction\",\"target\":[\"https:\\\/\\\/interamerica.org\\\/fr\\\/2016\\\/09\\\/dans-le-nord-du-mexique-leglise-adventiste-cherche-a-exercer-un-ministere-aupres-des-sourds-dans-le-territoire\\\/\"]}]},{\"@type\":\"ImageObject\",\"inLanguage\":\"fr-FR\",\"@id\":\"https:\\\/\\\/interamerica.org\\\/fr\\\/2016\\\/09\\\/dans-le-nord-du-mexique-leglise-adventiste-cherche-a-exercer-un-ministere-aupres-des-sourds-dans-le-territoire\\\/#primaryimage\",\"url\":\"https:\\\/\\\/interamerica.org\\\/wp-content\\\/uploads\\\/2017\\\/06\\\/NOMU-deaf-congress1.jpg\",\"contentUrl\":\"https:\\\/\\\/interamerica.org\\\/wp-content\\\/uploads\\\/2017\\\/06\\\/NOMU-deaf-congress1.jpg\",\"width\":2048,\"height\":1365},{\"@type\":\"BreadcrumbList\",\"@id\":\"https:\\\/\\\/interamerica.org\\\/fr\\\/2016\\\/09\\\/dans-le-nord-du-mexique-leglise-adventiste-cherche-a-exercer-un-ministere-aupres-des-sourds-dans-le-territoire\\\/#breadcrumb\",\"itemListElement\":[{\"@type\":\"ListItem\",\"position\":1,\"name\":\"Home\",\"item\":\"https:\\\/\\\/interamerica.org\\\/fr\\\/\"},{\"@type\":\"ListItem\",\"position\":2,\"name\":\"Dans le Nord du Mexique, l\u2019Eglise Adventiste cherche \u00e0 exercer un minist\u00e8re aupr\u00e8s des sourds dans le territoire\"}]},{\"@type\":\"WebSite\",\"@id\":\"https:\\\/\\\/interamerica.org\\\/fr\\\/#website\",\"url\":\"https:\\\/\\\/interamerica.org\\\/fr\\\/\",\"name\":\"\u00c9glise Adventiste Du Septieme Jour - Inter Am\u00e9rique Division\",\"description\":\"\",\"potentialAction\":[{\"@type\":\"SearchAction\",\"target\":{\"@type\":\"EntryPoint\",\"urlTemplate\":\"https:\\\/\\\/interamerica.org\\\/fr\\\/?s={search_term_string}\"},\"query-input\":{\"@type\":\"PropertyValueSpecification\",\"valueRequired\":true,\"valueName\":\"search_term_string\"}}],\"inLanguage\":\"fr-FR\"},{\"@type\":\"Person\",\"@id\":\"https:\\\/\\\/interamerica.org\\\/fr\\\/#\\\/schema\\\/person\\\/68ede8bdc292885bb76c1e3810e73c39\",\"name\":\"Lorenzo Verduzco\",\"image\":{\"@type\":\"ImageObject\",\"inLanguage\":\"fr-FR\",\"@id\":\"https:\\\/\\\/secure.gravatar.com\\\/avatar\\\/fb81a55b6218459490a9c1dc841a34909185b81904c5337b4b27f7a6fd60c49e?s=96&d=mm&r=g\",\"url\":\"https:\\\/\\\/secure.gravatar.com\\\/avatar\\\/fb81a55b6218459490a9c1dc841a34909185b81904c5337b4b27f7a6fd60c49e?s=96&d=mm&r=g\",\"contentUrl\":\"https:\\\/\\\/secure.gravatar.com\\\/avatar\\\/fb81a55b6218459490a9c1dc841a34909185b81904c5337b4b27f7a6fd60c49e?s=96&d=mm&r=g\",\"caption\":\"Lorenzo Verduzco\"}}]}<\/script>\n<!-- \/ Yoast SEO plugin. -->","yoast_head_json":{"title":"Dans le Nord du Mexique, l\u2019Eglise Adventiste cherche \u00e0 exercer un minist\u00e8re aupr\u00e8s des sourds dans le territoire - \u00c9glise Adventiste Du Septieme Jour - Inter Am\u00e9rique Division","robots":{"index":"index","follow":"follow","max-snippet":"max-snippet:-1","max-image-preview":"max-image-preview:large","max-video-preview":"max-video-preview:-1"},"canonical":"https:\/\/interamerica.org\/fr\/2016\/09\/dans-le-nord-du-mexique-leglise-adventiste-cherche-a-exercer-un-ministere-aupres-des-sourds-dans-le-territoire\/","og_locale":"fr_FR","og_type":"article","og_title":"Dans le Nord du Mexique, l\u2019Eglise Adventiste cherche \u00e0 exercer un minist\u00e8re aupr\u00e8s des sourds dans le territoire - \u00c9glise Adventiste Du Septieme Jour - Inter Am\u00e9rique Division","og_description":"Des dizaines de personnes sourdes venues de tout le Nord du Mexique se sont r\u00e9unies \u00e0 l\u2019occasion d\u2019un programme de quatre jours afin d\u2019en apprendre davantage sur l\u2019engagement de l\u2019Eglise Adventiste du Septi\u00e8me Jour \u00e0 les aider dans leur croissance spirituelle.  Les dirigeants et les membres d\u2019\u00e9glise int\u00e9ress\u00e9s par le minist\u00e8re aupr\u00e8s de ce groupe se sont r\u00e9unis \u00e0 l\u2019occasion du Congr\u00e8s pour les Sourds qui a eu lieu au site de camp La Morita \u00e0 Montemorelos au Mexique du 10 au 14 aout 2016.","og_url":"https:\/\/interamerica.org\/fr\/2016\/09\/dans-le-nord-du-mexique-leglise-adventiste-cherche-a-exercer-un-ministere-aupres-des-sourds-dans-le-territoire\/","og_site_name":"\u00c9glise Adventiste Du Septieme Jour - Inter Am\u00e9rique Division","article_published_time":"2016-09-14T04:00:00+00:00","og_image":[{"width":2048,"height":1365,"url":"https:\/\/interamerica.org\/wp-content\/uploads\/2017\/06\/NOMU-deaf-congress1.jpg","type":"image\/jpeg"}],"author":"Lorenzo Verduzco","twitter_card":"summary_large_image","twitter_misc":{"\u00c9crit par":"Lorenzo Verduzco","Dur\u00e9e de lecture estim\u00e9e":"6 minutes"},"schema":{"@context":"https:\/\/schema.org","@graph":[{"@type":"Article","@id":"https:\/\/interamerica.org\/fr\/2016\/09\/dans-le-nord-du-mexique-leglise-adventiste-cherche-a-exercer-un-ministere-aupres-des-sourds-dans-le-territoire\/#article","isPartOf":{"@id":"https:\/\/interamerica.org\/fr\/2016\/09\/dans-le-nord-du-mexique-leglise-adventiste-cherche-a-exercer-un-ministere-aupres-des-sourds-dans-le-territoire\/"},"author":{"name":"Lorenzo Verduzco","@id":"https:\/\/interamerica.org\/fr\/#\/schema\/person\/68ede8bdc292885bb76c1e3810e73c39"},"headline":"Dans le Nord du Mexique, l\u2019Eglise Adventiste cherche \u00e0 exercer un minist\u00e8re aupr\u00e8s des sourds dans le territoire","datePublished":"2016-09-14T04:00:00+00:00","mainEntityOfPage":{"@id":"https:\/\/interamerica.org\/fr\/2016\/09\/dans-le-nord-du-mexique-leglise-adventiste-cherche-a-exercer-un-ministere-aupres-des-sourds-dans-le-territoire\/"},"wordCount":1300,"image":{"@id":"https:\/\/interamerica.org\/fr\/2016\/09\/dans-le-nord-du-mexique-leglise-adventiste-cherche-a-exercer-un-ministere-aupres-des-sourds-dans-le-territoire\/#primaryimage"},"thumbnailUrl":"https:\/\/interamerica.org\/wp-content\/uploads\/2017\/06\/NOMU-deaf-congress1.jpg","articleSection":["Nouvelles du territoire","RSS Fran\u00e7ais"],"inLanguage":"fr-FR"},{"@type":"WebPage","@id":"https:\/\/interamerica.org\/fr\/2016\/09\/dans-le-nord-du-mexique-leglise-adventiste-cherche-a-exercer-un-ministere-aupres-des-sourds-dans-le-territoire\/","url":"https:\/\/interamerica.org\/fr\/2016\/09\/dans-le-nord-du-mexique-leglise-adventiste-cherche-a-exercer-un-ministere-aupres-des-sourds-dans-le-territoire\/","name":"Dans le Nord du Mexique, l\u2019Eglise Adventiste cherche \u00e0 exercer un minist\u00e8re aupr\u00e8s des sourds dans le territoire - \u00c9glise Adventiste Du Septieme Jour - Inter Am\u00e9rique Division","isPartOf":{"@id":"https:\/\/interamerica.org\/fr\/#website"},"primaryImageOfPage":{"@id":"https:\/\/interamerica.org\/fr\/2016\/09\/dans-le-nord-du-mexique-leglise-adventiste-cherche-a-exercer-un-ministere-aupres-des-sourds-dans-le-territoire\/#primaryimage"},"image":{"@id":"https:\/\/interamerica.org\/fr\/2016\/09\/dans-le-nord-du-mexique-leglise-adventiste-cherche-a-exercer-un-ministere-aupres-des-sourds-dans-le-territoire\/#primaryimage"},"thumbnailUrl":"https:\/\/interamerica.org\/wp-content\/uploads\/2017\/06\/NOMU-deaf-congress1.jpg","datePublished":"2016-09-14T04:00:00+00:00","author":{"@id":"https:\/\/interamerica.org\/fr\/#\/schema\/person\/68ede8bdc292885bb76c1e3810e73c39"},"breadcrumb":{"@id":"https:\/\/interamerica.org\/fr\/2016\/09\/dans-le-nord-du-mexique-leglise-adventiste-cherche-a-exercer-un-ministere-aupres-des-sourds-dans-le-territoire\/#breadcrumb"},"inLanguage":"fr-FR","potentialAction":[{"@type":"ReadAction","target":["https:\/\/interamerica.org\/fr\/2016\/09\/dans-le-nord-du-mexique-leglise-adventiste-cherche-a-exercer-un-ministere-aupres-des-sourds-dans-le-territoire\/"]}]},{"@type":"ImageObject","inLanguage":"fr-FR","@id":"https:\/\/interamerica.org\/fr\/2016\/09\/dans-le-nord-du-mexique-leglise-adventiste-cherche-a-exercer-un-ministere-aupres-des-sourds-dans-le-territoire\/#primaryimage","url":"https:\/\/interamerica.org\/wp-content\/uploads\/2017\/06\/NOMU-deaf-congress1.jpg","contentUrl":"https:\/\/interamerica.org\/wp-content\/uploads\/2017\/06\/NOMU-deaf-congress1.jpg","width":2048,"height":1365},{"@type":"BreadcrumbList","@id":"https:\/\/interamerica.org\/fr\/2016\/09\/dans-le-nord-du-mexique-leglise-adventiste-cherche-a-exercer-un-ministere-aupres-des-sourds-dans-le-territoire\/#breadcrumb","itemListElement":[{"@type":"ListItem","position":1,"name":"Home","item":"https:\/\/interamerica.org\/fr\/"},{"@type":"ListItem","position":2,"name":"Dans le Nord du Mexique, l\u2019Eglise Adventiste cherche \u00e0 exercer un minist\u00e8re aupr\u00e8s des sourds dans le territoire"}]},{"@type":"WebSite","@id":"https:\/\/interamerica.org\/fr\/#website","url":"https:\/\/interamerica.org\/fr\/","name":"\u00c9glise Adventiste Du Septieme Jour - Inter Am\u00e9rique Division","description":"","potentialAction":[{"@type":"SearchAction","target":{"@type":"EntryPoint","urlTemplate":"https:\/\/interamerica.org\/fr\/?s={search_term_string}"},"query-input":{"@type":"PropertyValueSpecification","valueRequired":true,"valueName":"search_term_string"}}],"inLanguage":"fr-FR"},{"@type":"Person","@id":"https:\/\/interamerica.org\/fr\/#\/schema\/person\/68ede8bdc292885bb76c1e3810e73c39","name":"Lorenzo Verduzco","image":{"@type":"ImageObject","inLanguage":"fr-FR","@id":"https:\/\/secure.gravatar.com\/avatar\/fb81a55b6218459490a9c1dc841a34909185b81904c5337b4b27f7a6fd60c49e?s=96&d=mm&r=g","url":"https:\/\/secure.gravatar.com\/avatar\/fb81a55b6218459490a9c1dc841a34909185b81904c5337b4b27f7a6fd60c49e?s=96&d=mm&r=g","contentUrl":"https:\/\/secure.gravatar.com\/avatar\/fb81a55b6218459490a9c1dc841a34909185b81904c5337b4b27f7a6fd60c49e?s=96&d=mm&r=g","caption":"Lorenzo Verduzco"}}]}},"_links":{"self":[{"href":"https:\/\/interamerica.org\/fr\/wp-json\/wp\/v2\/posts\/32667","targetHints":{"allow":["GET"]}}],"collection":[{"href":"https:\/\/interamerica.org\/fr\/wp-json\/wp\/v2\/posts"}],"about":[{"href":"https:\/\/interamerica.org\/fr\/wp-json\/wp\/v2\/types\/post"}],"author":[{"embeddable":true,"href":"https:\/\/interamerica.org\/fr\/wp-json\/wp\/v2\/users\/1"}],"replies":[{"embeddable":true,"href":"https:\/\/interamerica.org\/fr\/wp-json\/wp\/v2\/comments?post=32667"}],"version-history":[{"count":0,"href":"https:\/\/interamerica.org\/fr\/wp-json\/wp\/v2\/posts\/32667\/revisions"}],"wp:featuredmedia":[{"embeddable":true,"href":"https:\/\/interamerica.org\/fr\/wp-json\/wp\/v2\/media\/28518"}],"wp:attachment":[{"href":"https:\/\/interamerica.org\/fr\/wp-json\/wp\/v2\/media?parent=32667"}],"wp:term":[{"taxonomy":"category","embeddable":true,"href":"https:\/\/interamerica.org\/fr\/wp-json\/wp\/v2\/categories?post=32667"},{"taxonomy":"post_tag","embeddable":true,"href":"https:\/\/interamerica.org\/fr\/wp-json\/wp\/v2\/tags?post=32667"}],"curies":[{"name":"wp","href":"https:\/\/api.w.org\/{rel}","templated":true}]}}