{"id":32743,"date":"2017-01-04T00:00:00","date_gmt":"2017-01-04T04:00:00","guid":{"rendered":"http:\/\/192.81.217.108\/interamerica\/2017\/01\/les-adventistes-europeens-expriment-leur-solidarite-suite-a-lattaque-distanbul\/"},"modified":"2017-12-06T15:03:04","modified_gmt":"2017-12-06T19:03:04","slug":"les-adventistes-europeens-expriment-leur-solidarite-suite-a-lattaque-distanbul","status":"publish","type":"post","link":"https:\/\/interamerica.org\/fr\/2017\/01\/les-adventistes-europeens-expriment-leur-solidarite-suite-a-lattaque-distanbul\/","title":{"rendered":"Les Adventistes europ\u00e9ens expriment leur solidarit\u00e9 suite \u00e0 l\u2019attaque d\u2019Istanbul"},"content":{"rendered":"<div id=\"attachment_25565\" style=\"width: 650px\" class=\"wp-caption aligncenter\"><a href=\"\/interamerica\/wp-content\/uploads\/2017\/06\/JofreFerrer-creativecommons-Instanbul.jpg\" rel=\"fancybox\" title=\"Les Adventistes europ\u00e9ens expriment leur solidarit\u00e9 suite \u00e0 l\u2019attaque d\u2019Istanbul\"><img fetchpriority=\"high\" decoding=\"async\" aria-describedby=\"caption-attachment-25565\" class=\"size-full wp-image-25565\" src=\"\/interamerica\/wp-content\/uploads\/2017\/06\/JofreFerrer-creativecommons-Instanbul.jpg\" alt=\"\" width=\"640\" height=\"415\" \/><\/a><p id=\"caption-attachment-25565\" class=\"wp-caption-text\">Instanbul, Turquie. Image de Jofre Ferrer sur Flickr.com, creative commons, https:\/\/tinyurl.com\/gp95b32<\/p><\/div>\n<p>Post\u00e9 le 4 Janvier 2017 | Berne, Suisse | <span class=\"byline-news\">Corrado Cozzi, Division Inter-Europ\u00e9enne<\/span><\/p>\n<p><span class=\"cap\">S<\/span>Les Adventistes du Septi\u00e8me Jour dans la Division Inter Europ\u00e9enne ont exprim\u00e9 leur solidarit\u00e9 et leur sympathie apr\u00e8s la tuerie qui a eu lieu dans un night-club la veille du Jour de l\u2019An \u00e0 Istanbul en Turquie dans le district d\u2019Ortakoy, une attaque qui a caus\u00e9 la mort d\u2019au moins 39 personnes et a bless\u00e9 des dizaines d\u2019autres.<\/p>\n<p>Les responsables gouvernementaux en Turquie ont d\u00e9clar\u00e9 que l\u2019attaque \u00e9tait un acte terroriste, et bien que le tireur pr\u00e9sum\u00e9 ait \u00e9t\u00e9 identifi\u00e9, il n\u2019avait pas encore \u00e9t\u00e9 appr\u00e9hend\u00e9 au moment de la r\u00e9daction de cet article.<\/p>\n<p>\u00ab Nous avons encore \u00e0 l\u2019esprit les sc\u00e8nes de l\u2019attaque qui a eu lieu \u00e0 Berlin et maintenant, \u00e0 nouveau, nos c\u0153urs sont remplis de tristesse quand nous pensons aux habitants d\u2019Istanbul, \u00e0 ceux qui sont morts, \u00e0 ceux qui sont \u00e0 l\u2019h\u00f4pital, aux familles dont des \u00eatres chers ont \u00e9t\u00e9 bless\u00e9s ou ont perdu la vie, \u00bb a dit Mario Brito, pasteur Adventiste et pr\u00e9sident de la Division Inter Europ\u00e9enne. \u00ab Ils demeurent dans nos pri\u00e8res, \u00bb a-t-il ajout\u00e9.<\/p>\n<p>Pasteur Brito a d\u00e9clar\u00e9 : \u00ab Les Adventistes du Septi\u00e8me Jour en Europe et \u00e0 travers le monde, sont aux c\u00f4t\u00e9s des familles qui ont perdu des \u00eatres chers. Nous pensons \u00e0 vous et nous prions pour vous. \u00bb<\/p>\n<p>\u00ab Comme nous l\u2019avons d\u00e9j\u00e0 indiqu\u00e9 lors des nombreuses attaques terroristes horribles qui ont secou\u00e9 l\u2019Europe et pas seulement au cours de l\u2019ann\u00e9e \u00e9coul\u00e9e, nous condamnons fermement la cruaut\u00e9 de ces agresseurs. Nous ne pouvons accepter un tel manque de respect de la vie humaine et de la dignit\u00e9 humaine. Nous avons en horreur cette violence odieuse. Nous prions que notre Seigneur puisse consoler les familles qui ont perdu des \u00eatres chers, et qu\u2019Il gu\u00e9risse ceux qui sont en train de r\u00e9cup\u00e9rer, \u00bb a dit Mario Brito.<\/p>\n<p>Les Adventistes du Septi\u00e8me Jour dans la r\u00e9gion Inter Europ\u00e9enne ont eu \u00e0 confronter une s\u00e9rie d\u2019attaques terroristes au cours de l\u2019ann\u00e9e qui s\u2019est \u00e9coul\u00e9e. La Belgique et la France ont \u00e9t\u00e9 le th\u00e9\u00e2tre d\u2019attaques terroristes en 2016, et lors de la plus r\u00e9cente attaque dans la r\u00e9gion, <a href=\"http:\/\/www.adventistreview.org\/church-news\/story4651-in-germany,-berlin-truck-crash-spreads-waves-of-fear\" target=\"_blank\" rel=\"noopener\">les clients d\u2019un march\u00e9 de No\u00ebl en plein air \u00e0 Berlin <\/a>, avaient \u00e9t\u00e9 cibl\u00e9s.<\/p>\n<p>D\u2019apr\u00e8s la version en ligne du <a href=\"http:\/\/www.adventistyearbook.org\/default.aspx?page=ViewAdmField&amp;AdmFieldID=EUD\" target=\"_blank\" rel=\"noopener\">Seventh-day Adventist Yearbook<\/a>, (l\u2019Annuaire Adventiste du Septi\u00e8me Jour), il y a 178380 membres baptis\u00e9s qui se r\u00e9unissent pour adorer dans 2550 congr\u00e9gations dans la r\u00e9gion.<\/p>\n<p>Traduction: Patrick Luciathe<\/p>\n","protected":false},"excerpt":{"rendered":"<p>Les Adventistes du Septi\u00e8me Jour dans la Division Inter Europ\u00e9enne ont exprim\u00e9 leur solidarit\u00e9 et leur sympathie apr\u00e8s la tuerie qui a eu lieu dans un night-club la veille du Jour de l\u2019An \u00e0 Istanbul en Turquie dans le district d\u2019Ortakoy, une attaque qui a caus\u00e9 la mort d\u2019au moins 39 personnes et a bless\u00e9 des dizaines d\u2019autres.  Les responsables gouvernementaux en Turquie ont d\u00e9clar\u00e9 que l\u2019attaque \u00e9tait un acte terroriste, et bien que le tireur pr\u00e9sum\u00e9 ait \u00e9t\u00e9 identifi\u00e9, il n\u2019avait pas encore \u00e9t\u00e9 appr\u00e9hend\u00e9 au moment de la r\u00e9daction de cet article.<\/p>\n","protected":false},"author":1,"featured_media":29101,"comment_status":"closed","ping_status":"closed","sticky":false,"template":"","format":"standard","meta":{"_acf_changed":false,"footnotes":""},"categories":[18,19],"tags":[],"class_list":["post-32743","post","type-post","status-publish","format-standard","has-post-thumbnail","hentry","category-nouvelles-de-leglise-mondiale","category-rss-francais"],"acf":[],"yoast_head":"<!-- This site is optimized with the Yoast SEO plugin v27.3 - https:\/\/yoast.com\/product\/yoast-seo-wordpress\/ -->\n<title>Les Adventistes europ\u00e9ens expriment leur solidarit\u00e9 suite \u00e0 l\u2019attaque d\u2019Istanbul - \u00c9glise Adventiste Du Septieme Jour - Inter Am\u00e9rique Division<\/title>\n<meta name=\"robots\" content=\"index, follow, max-snippet:-1, max-image-preview:large, max-video-preview:-1\" \/>\n<link rel=\"canonical\" href=\"https:\/\/interamerica.org\/fr\/2017\/01\/les-adventistes-europeens-expriment-leur-solidarite-suite-a-lattaque-distanbul\/\" \/>\n<meta property=\"og:locale\" content=\"fr_FR\" \/>\n<meta property=\"og:type\" content=\"article\" \/>\n<meta property=\"og:title\" content=\"Les Adventistes europ\u00e9ens expriment leur solidarit\u00e9 suite \u00e0 l\u2019attaque d\u2019Istanbul - \u00c9glise Adventiste Du Septieme Jour - Inter Am\u00e9rique Division\" \/>\n<meta property=\"og:description\" content=\"Les Adventistes du Septi\u00e8me Jour dans la Division Inter Europ\u00e9enne ont exprim\u00e9 leur solidarit\u00e9 et leur sympathie apr\u00e8s la tuerie qui a eu lieu dans un night-club la veille du Jour de l\u2019An \u00e0 Istanbul en Turquie dans le district d\u2019Ortakoy, une attaque qui a caus\u00e9 la mort d\u2019au moins 39 personnes et a bless\u00e9 des dizaines d\u2019autres. Les responsables gouvernementaux en Turquie ont d\u00e9clar\u00e9 que l\u2019attaque \u00e9tait un acte terroriste, et bien que le tireur pr\u00e9sum\u00e9 ait \u00e9t\u00e9 identifi\u00e9, il n\u2019avait pas encore \u00e9t\u00e9 appr\u00e9hend\u00e9 au moment de la r\u00e9daction de cet article.\" \/>\n<meta property=\"og:url\" content=\"https:\/\/interamerica.org\/fr\/2017\/01\/les-adventistes-europeens-expriment-leur-solidarite-suite-a-lattaque-distanbul\/\" \/>\n<meta property=\"og:site_name\" content=\"\u00c9glise Adventiste Du Septieme Jour - Inter Am\u00e9rique Division\" \/>\n<meta property=\"article:published_time\" content=\"2017-01-04T04:00:00+00:00\" \/>\n<meta property=\"article:modified_time\" content=\"2017-12-06T19:03:04+00:00\" \/>\n<meta property=\"og:image\" content=\"https:\/\/interamerica.org\/wp-content\/uploads\/2017\/06\/JofreFerrer-creativecommons-Instanbul.jpg\" \/>\n\t<meta property=\"og:image:width\" content=\"640\" \/>\n\t<meta property=\"og:image:height\" content=\"415\" \/>\n\t<meta property=\"og:image:type\" content=\"image\/jpeg\" \/>\n<meta name=\"author\" content=\"Lorenzo Verduzco\" \/>\n<meta name=\"twitter:card\" content=\"summary_large_image\" \/>\n<meta name=\"twitter:label1\" content=\"\u00c9crit par\" \/>\n\t<meta name=\"twitter:data1\" content=\"Lorenzo Verduzco\" \/>\n\t<meta name=\"twitter:label2\" content=\"Dur\u00e9e de lecture estim\u00e9e\" \/>\n\t<meta name=\"twitter:data2\" content=\"2 minutes\" \/>\n<script type=\"application\/ld+json\" class=\"yoast-schema-graph\">{\"@context\":\"https:\\\/\\\/schema.org\",\"@graph\":[{\"@type\":\"Article\",\"@id\":\"https:\\\/\\\/interamerica.org\\\/fr\\\/2017\\\/01\\\/les-adventistes-europeens-expriment-leur-solidarite-suite-a-lattaque-distanbul\\\/#article\",\"isPartOf\":{\"@id\":\"https:\\\/\\\/interamerica.org\\\/fr\\\/2017\\\/01\\\/les-adventistes-europeens-expriment-leur-solidarite-suite-a-lattaque-distanbul\\\/\"},\"author\":{\"name\":\"Lorenzo Verduzco\",\"@id\":\"https:\\\/\\\/interamerica.org\\\/fr\\\/#\\\/schema\\\/person\\\/68ede8bdc292885bb76c1e3810e73c39\"},\"headline\":\"Les Adventistes europ\u00e9ens expriment leur solidarit\u00e9 suite \u00e0 l\u2019attaque d\u2019Istanbul\",\"datePublished\":\"2017-01-04T04:00:00+00:00\",\"dateModified\":\"2017-12-06T19:03:04+00:00\",\"mainEntityOfPage\":{\"@id\":\"https:\\\/\\\/interamerica.org\\\/fr\\\/2017\\\/01\\\/les-adventistes-europeens-expriment-leur-solidarite-suite-a-lattaque-distanbul\\\/\"},\"wordCount\":479,\"image\":{\"@id\":\"https:\\\/\\\/interamerica.org\\\/fr\\\/2017\\\/01\\\/les-adventistes-europeens-expriment-leur-solidarite-suite-a-lattaque-distanbul\\\/#primaryimage\"},\"thumbnailUrl\":\"https:\\\/\\\/interamerica.org\\\/wp-content\\\/uploads\\\/2017\\\/06\\\/JofreFerrer-creativecommons-Instanbul.jpg\",\"articleSection\":[\"Nouvelles de l'\u00c9glise mondiale\",\"RSS Fran\u00e7ais\"],\"inLanguage\":\"fr-FR\"},{\"@type\":\"WebPage\",\"@id\":\"https:\\\/\\\/interamerica.org\\\/fr\\\/2017\\\/01\\\/les-adventistes-europeens-expriment-leur-solidarite-suite-a-lattaque-distanbul\\\/\",\"url\":\"https:\\\/\\\/interamerica.org\\\/fr\\\/2017\\\/01\\\/les-adventistes-europeens-expriment-leur-solidarite-suite-a-lattaque-distanbul\\\/\",\"name\":\"Les Adventistes europ\u00e9ens expriment leur solidarit\u00e9 suite \u00e0 l\u2019attaque d\u2019Istanbul - \u00c9glise Adventiste Du Septieme Jour - Inter Am\u00e9rique Division\",\"isPartOf\":{\"@id\":\"https:\\\/\\\/interamerica.org\\\/fr\\\/#website\"},\"primaryImageOfPage\":{\"@id\":\"https:\\\/\\\/interamerica.org\\\/fr\\\/2017\\\/01\\\/les-adventistes-europeens-expriment-leur-solidarite-suite-a-lattaque-distanbul\\\/#primaryimage\"},\"image\":{\"@id\":\"https:\\\/\\\/interamerica.org\\\/fr\\\/2017\\\/01\\\/les-adventistes-europeens-expriment-leur-solidarite-suite-a-lattaque-distanbul\\\/#primaryimage\"},\"thumbnailUrl\":\"https:\\\/\\\/interamerica.org\\\/wp-content\\\/uploads\\\/2017\\\/06\\\/JofreFerrer-creativecommons-Instanbul.jpg\",\"datePublished\":\"2017-01-04T04:00:00+00:00\",\"dateModified\":\"2017-12-06T19:03:04+00:00\",\"author\":{\"@id\":\"https:\\\/\\\/interamerica.org\\\/fr\\\/#\\\/schema\\\/person\\\/68ede8bdc292885bb76c1e3810e73c39\"},\"breadcrumb\":{\"@id\":\"https:\\\/\\\/interamerica.org\\\/fr\\\/2017\\\/01\\\/les-adventistes-europeens-expriment-leur-solidarite-suite-a-lattaque-distanbul\\\/#breadcrumb\"},\"inLanguage\":\"fr-FR\",\"potentialAction\":[{\"@type\":\"ReadAction\",\"target\":[\"https:\\\/\\\/interamerica.org\\\/fr\\\/2017\\\/01\\\/les-adventistes-europeens-expriment-leur-solidarite-suite-a-lattaque-distanbul\\\/\"]}]},{\"@type\":\"ImageObject\",\"inLanguage\":\"fr-FR\",\"@id\":\"https:\\\/\\\/interamerica.org\\\/fr\\\/2017\\\/01\\\/les-adventistes-europeens-expriment-leur-solidarite-suite-a-lattaque-distanbul\\\/#primaryimage\",\"url\":\"https:\\\/\\\/interamerica.org\\\/wp-content\\\/uploads\\\/2017\\\/06\\\/JofreFerrer-creativecommons-Instanbul.jpg\",\"contentUrl\":\"https:\\\/\\\/interamerica.org\\\/wp-content\\\/uploads\\\/2017\\\/06\\\/JofreFerrer-creativecommons-Instanbul.jpg\",\"width\":640,\"height\":415},{\"@type\":\"BreadcrumbList\",\"@id\":\"https:\\\/\\\/interamerica.org\\\/fr\\\/2017\\\/01\\\/les-adventistes-europeens-expriment-leur-solidarite-suite-a-lattaque-distanbul\\\/#breadcrumb\",\"itemListElement\":[{\"@type\":\"ListItem\",\"position\":1,\"name\":\"Home\",\"item\":\"https:\\\/\\\/interamerica.org\\\/fr\\\/\"},{\"@type\":\"ListItem\",\"position\":2,\"name\":\"Les Adventistes europ\u00e9ens expriment leur solidarit\u00e9 suite \u00e0 l\u2019attaque d\u2019Istanbul\"}]},{\"@type\":\"WebSite\",\"@id\":\"https:\\\/\\\/interamerica.org\\\/fr\\\/#website\",\"url\":\"https:\\\/\\\/interamerica.org\\\/fr\\\/\",\"name\":\"\u00c9glise Adventiste Du Septieme Jour - Inter Am\u00e9rique Division\",\"description\":\"\",\"potentialAction\":[{\"@type\":\"SearchAction\",\"target\":{\"@type\":\"EntryPoint\",\"urlTemplate\":\"https:\\\/\\\/interamerica.org\\\/fr\\\/?s={search_term_string}\"},\"query-input\":{\"@type\":\"PropertyValueSpecification\",\"valueRequired\":true,\"valueName\":\"search_term_string\"}}],\"inLanguage\":\"fr-FR\"},{\"@type\":\"Person\",\"@id\":\"https:\\\/\\\/interamerica.org\\\/fr\\\/#\\\/schema\\\/person\\\/68ede8bdc292885bb76c1e3810e73c39\",\"name\":\"Lorenzo Verduzco\",\"image\":{\"@type\":\"ImageObject\",\"inLanguage\":\"fr-FR\",\"@id\":\"https:\\\/\\\/secure.gravatar.com\\\/avatar\\\/fb81a55b6218459490a9c1dc841a34909185b81904c5337b4b27f7a6fd60c49e?s=96&d=mm&r=g\",\"url\":\"https:\\\/\\\/secure.gravatar.com\\\/avatar\\\/fb81a55b6218459490a9c1dc841a34909185b81904c5337b4b27f7a6fd60c49e?s=96&d=mm&r=g\",\"contentUrl\":\"https:\\\/\\\/secure.gravatar.com\\\/avatar\\\/fb81a55b6218459490a9c1dc841a34909185b81904c5337b4b27f7a6fd60c49e?s=96&d=mm&r=g\",\"caption\":\"Lorenzo Verduzco\"}}]}<\/script>\n<!-- \/ Yoast SEO plugin. -->","yoast_head_json":{"title":"Les Adventistes europ\u00e9ens expriment leur solidarit\u00e9 suite \u00e0 l\u2019attaque d\u2019Istanbul - \u00c9glise Adventiste Du Septieme Jour - Inter Am\u00e9rique Division","robots":{"index":"index","follow":"follow","max-snippet":"max-snippet:-1","max-image-preview":"max-image-preview:large","max-video-preview":"max-video-preview:-1"},"canonical":"https:\/\/interamerica.org\/fr\/2017\/01\/les-adventistes-europeens-expriment-leur-solidarite-suite-a-lattaque-distanbul\/","og_locale":"fr_FR","og_type":"article","og_title":"Les Adventistes europ\u00e9ens expriment leur solidarit\u00e9 suite \u00e0 l\u2019attaque d\u2019Istanbul - \u00c9glise Adventiste Du Septieme Jour - Inter Am\u00e9rique Division","og_description":"Les Adventistes du Septi\u00e8me Jour dans la Division Inter Europ\u00e9enne ont exprim\u00e9 leur solidarit\u00e9 et leur sympathie apr\u00e8s la tuerie qui a eu lieu dans un night-club la veille du Jour de l\u2019An \u00e0 Istanbul en Turquie dans le district d\u2019Ortakoy, une attaque qui a caus\u00e9 la mort d\u2019au moins 39 personnes et a bless\u00e9 des dizaines d\u2019autres. Les responsables gouvernementaux en Turquie ont d\u00e9clar\u00e9 que l\u2019attaque \u00e9tait un acte terroriste, et bien que le tireur pr\u00e9sum\u00e9 ait \u00e9t\u00e9 identifi\u00e9, il n\u2019avait pas encore \u00e9t\u00e9 appr\u00e9hend\u00e9 au moment de la r\u00e9daction de cet article.","og_url":"https:\/\/interamerica.org\/fr\/2017\/01\/les-adventistes-europeens-expriment-leur-solidarite-suite-a-lattaque-distanbul\/","og_site_name":"\u00c9glise Adventiste Du Septieme Jour - Inter Am\u00e9rique Division","article_published_time":"2017-01-04T04:00:00+00:00","article_modified_time":"2017-12-06T19:03:04+00:00","og_image":[{"width":640,"height":415,"url":"https:\/\/interamerica.org\/wp-content\/uploads\/2017\/06\/JofreFerrer-creativecommons-Instanbul.jpg","type":"image\/jpeg"}],"author":"Lorenzo Verduzco","twitter_card":"summary_large_image","twitter_misc":{"\u00c9crit par":"Lorenzo Verduzco","Dur\u00e9e de lecture estim\u00e9e":"2 minutes"},"schema":{"@context":"https:\/\/schema.org","@graph":[{"@type":"Article","@id":"https:\/\/interamerica.org\/fr\/2017\/01\/les-adventistes-europeens-expriment-leur-solidarite-suite-a-lattaque-distanbul\/#article","isPartOf":{"@id":"https:\/\/interamerica.org\/fr\/2017\/01\/les-adventistes-europeens-expriment-leur-solidarite-suite-a-lattaque-distanbul\/"},"author":{"name":"Lorenzo Verduzco","@id":"https:\/\/interamerica.org\/fr\/#\/schema\/person\/68ede8bdc292885bb76c1e3810e73c39"},"headline":"Les Adventistes europ\u00e9ens expriment leur solidarit\u00e9 suite \u00e0 l\u2019attaque d\u2019Istanbul","datePublished":"2017-01-04T04:00:00+00:00","dateModified":"2017-12-06T19:03:04+00:00","mainEntityOfPage":{"@id":"https:\/\/interamerica.org\/fr\/2017\/01\/les-adventistes-europeens-expriment-leur-solidarite-suite-a-lattaque-distanbul\/"},"wordCount":479,"image":{"@id":"https:\/\/interamerica.org\/fr\/2017\/01\/les-adventistes-europeens-expriment-leur-solidarite-suite-a-lattaque-distanbul\/#primaryimage"},"thumbnailUrl":"https:\/\/interamerica.org\/wp-content\/uploads\/2017\/06\/JofreFerrer-creativecommons-Instanbul.jpg","articleSection":["Nouvelles de l'\u00c9glise mondiale","RSS Fran\u00e7ais"],"inLanguage":"fr-FR"},{"@type":"WebPage","@id":"https:\/\/interamerica.org\/fr\/2017\/01\/les-adventistes-europeens-expriment-leur-solidarite-suite-a-lattaque-distanbul\/","url":"https:\/\/interamerica.org\/fr\/2017\/01\/les-adventistes-europeens-expriment-leur-solidarite-suite-a-lattaque-distanbul\/","name":"Les Adventistes europ\u00e9ens expriment leur solidarit\u00e9 suite \u00e0 l\u2019attaque d\u2019Istanbul - \u00c9glise Adventiste Du Septieme Jour - Inter Am\u00e9rique Division","isPartOf":{"@id":"https:\/\/interamerica.org\/fr\/#website"},"primaryImageOfPage":{"@id":"https:\/\/interamerica.org\/fr\/2017\/01\/les-adventistes-europeens-expriment-leur-solidarite-suite-a-lattaque-distanbul\/#primaryimage"},"image":{"@id":"https:\/\/interamerica.org\/fr\/2017\/01\/les-adventistes-europeens-expriment-leur-solidarite-suite-a-lattaque-distanbul\/#primaryimage"},"thumbnailUrl":"https:\/\/interamerica.org\/wp-content\/uploads\/2017\/06\/JofreFerrer-creativecommons-Instanbul.jpg","datePublished":"2017-01-04T04:00:00+00:00","dateModified":"2017-12-06T19:03:04+00:00","author":{"@id":"https:\/\/interamerica.org\/fr\/#\/schema\/person\/68ede8bdc292885bb76c1e3810e73c39"},"breadcrumb":{"@id":"https:\/\/interamerica.org\/fr\/2017\/01\/les-adventistes-europeens-expriment-leur-solidarite-suite-a-lattaque-distanbul\/#breadcrumb"},"inLanguage":"fr-FR","potentialAction":[{"@type":"ReadAction","target":["https:\/\/interamerica.org\/fr\/2017\/01\/les-adventistes-europeens-expriment-leur-solidarite-suite-a-lattaque-distanbul\/"]}]},{"@type":"ImageObject","inLanguage":"fr-FR","@id":"https:\/\/interamerica.org\/fr\/2017\/01\/les-adventistes-europeens-expriment-leur-solidarite-suite-a-lattaque-distanbul\/#primaryimage","url":"https:\/\/interamerica.org\/wp-content\/uploads\/2017\/06\/JofreFerrer-creativecommons-Instanbul.jpg","contentUrl":"https:\/\/interamerica.org\/wp-content\/uploads\/2017\/06\/JofreFerrer-creativecommons-Instanbul.jpg","width":640,"height":415},{"@type":"BreadcrumbList","@id":"https:\/\/interamerica.org\/fr\/2017\/01\/les-adventistes-europeens-expriment-leur-solidarite-suite-a-lattaque-distanbul\/#breadcrumb","itemListElement":[{"@type":"ListItem","position":1,"name":"Home","item":"https:\/\/interamerica.org\/fr\/"},{"@type":"ListItem","position":2,"name":"Les Adventistes europ\u00e9ens expriment leur solidarit\u00e9 suite \u00e0 l\u2019attaque d\u2019Istanbul"}]},{"@type":"WebSite","@id":"https:\/\/interamerica.org\/fr\/#website","url":"https:\/\/interamerica.org\/fr\/","name":"\u00c9glise Adventiste Du Septieme Jour - Inter Am\u00e9rique Division","description":"","potentialAction":[{"@type":"SearchAction","target":{"@type":"EntryPoint","urlTemplate":"https:\/\/interamerica.org\/fr\/?s={search_term_string}"},"query-input":{"@type":"PropertyValueSpecification","valueRequired":true,"valueName":"search_term_string"}}],"inLanguage":"fr-FR"},{"@type":"Person","@id":"https:\/\/interamerica.org\/fr\/#\/schema\/person\/68ede8bdc292885bb76c1e3810e73c39","name":"Lorenzo Verduzco","image":{"@type":"ImageObject","inLanguage":"fr-FR","@id":"https:\/\/secure.gravatar.com\/avatar\/fb81a55b6218459490a9c1dc841a34909185b81904c5337b4b27f7a6fd60c49e?s=96&d=mm&r=g","url":"https:\/\/secure.gravatar.com\/avatar\/fb81a55b6218459490a9c1dc841a34909185b81904c5337b4b27f7a6fd60c49e?s=96&d=mm&r=g","contentUrl":"https:\/\/secure.gravatar.com\/avatar\/fb81a55b6218459490a9c1dc841a34909185b81904c5337b4b27f7a6fd60c49e?s=96&d=mm&r=g","caption":"Lorenzo Verduzco"}}]}},"_links":{"self":[{"href":"https:\/\/interamerica.org\/fr\/wp-json\/wp\/v2\/posts\/32743","targetHints":{"allow":["GET"]}}],"collection":[{"href":"https:\/\/interamerica.org\/fr\/wp-json\/wp\/v2\/posts"}],"about":[{"href":"https:\/\/interamerica.org\/fr\/wp-json\/wp\/v2\/types\/post"}],"author":[{"embeddable":true,"href":"https:\/\/interamerica.org\/fr\/wp-json\/wp\/v2\/users\/1"}],"replies":[{"embeddable":true,"href":"https:\/\/interamerica.org\/fr\/wp-json\/wp\/v2\/comments?post=32743"}],"version-history":[{"count":0,"href":"https:\/\/interamerica.org\/fr\/wp-json\/wp\/v2\/posts\/32743\/revisions"}],"wp:featuredmedia":[{"embeddable":true,"href":"https:\/\/interamerica.org\/fr\/wp-json\/wp\/v2\/media\/29101"}],"wp:attachment":[{"href":"https:\/\/interamerica.org\/fr\/wp-json\/wp\/v2\/media?parent=32743"}],"wp:term":[{"taxonomy":"category","embeddable":true,"href":"https:\/\/interamerica.org\/fr\/wp-json\/wp\/v2\/categories?post=32743"},{"taxonomy":"post_tag","embeddable":true,"href":"https:\/\/interamerica.org\/fr\/wp-json\/wp\/v2\/tags?post=32743"}],"curies":[{"name":"wp","href":"https:\/\/api.w.org\/{rel}","templated":true}]}}