{"id":32746,"date":"2017-01-10T00:00:00","date_gmt":"2017-01-10T04:00:00","guid":{"rendered":"http:\/\/192.81.217.108\/interamerica\/2017\/01\/en-plein-milieu-de-lhiver-les-adventistes-britanniques-hebergent-les-sans-abri\/"},"modified":"2017-12-06T13:41:48","modified_gmt":"2017-12-06T17:41:48","slug":"en-plein-milieu-de-lhiver-les-adventistes-britanniques-hebergent-les-sans-abri","status":"publish","type":"post","link":"https:\/\/interamerica.org\/fr\/2017\/01\/en-plein-milieu-de-lhiver-les-adventistes-britanniques-hebergent-les-sans-abri\/","title":{"rendered":"En plein milieu de l\u2019hiver, les Adventistes britanniques h\u00e9bergent les sans abri."},"content":{"rendered":"<div id=\"attachment_25636\" style=\"width: 490px\" class=\"wp-caption alignleft\"><a href=\"\/interamerica\/wp-content\/uploads\/2017\/06\/BritishAdventistHomeless01.jpeg\" rel=\"fancybox\" title=\"En plein milieu de l\u2019hiver, les Adventistes britanniques h\u00e9bergent les sans abri.\"><img fetchpriority=\"high\" decoding=\"async\" aria-describedby=\"caption-attachment-25636\" class=\"size-full wp-image-25636\" src=\"\/interamerica\/wp-content\/uploads\/2017\/06\/BritishAdventistHomeless01.jpeg\" alt=\"\" width=\"480\" height=\"320\" \/><\/a><p id=\"caption-attachment-25636\" class=\"wp-caption-text\">Les clients d\u2019un programme Adventiste du Septi\u00e8me Jour dans la F\u00e9d\u00e9ration du Sud de l\u2019Angleterre appr\u00e9cient un rafraichissement dans la p\u00e9riode entre la veille de No\u00ebl et le 2 janvier 2017. Image de BUC News photo.<\/p><\/div>\n<p>Post\u00e9 le 9 Janvier 2017 \u2013 Londres, Angleterre \u2013 RICHARD DALY, Union de F\u00e9d\u00e9rations Britanniques.<\/p>\n<p>Pour la cinqui\u00e8me ann\u00e9e d\u2019affil\u00e9e, le Advent Shelter (le Refuge Advent) de la F\u00e9d\u00e9ration du Sud de l\u2019Angleterre (SEC), mis en place au Centre Advent dans le Centre de Londres, a fait le plein en h\u00e9bergeant 70 personnes sans abri et personnes isol\u00e9es entre le 24 d\u00e9cembre et le 2 janvier 2017.<\/p>\n<p>Pendant la p\u00e9riode de No\u00ebl et du Nouvel An, les b\u00e9n\u00e9voles des \u00e9glises de toutes les Iles Britanniques, des Cornouailles \u00e0 l\u2019Ecosse, ont aid\u00e9 \u00e0 offrir des repas, des boissons, de la chaleur et des moments r\u00e9cr\u00e9atifs et de la s\u00e9curit\u00e9 \u00e0 chacune des personnes sans abri qui s\u2019\u00e9taient retrouv\u00e9es au refuge.<\/p>\n<p>Malika Bediako, directrice des Services Communautaires de la SEC, poursuit cette initiative pour offrir un refuge aux personnes vuln\u00e9rables dans cette p\u00e9riode qui est la plus festive mais aussi la plus marqu\u00e9e par la solitude dans l\u2019ann\u00e9e.<\/p>\n<p>Lors du dernier sabbat du programme proposant un refuge, le Centre Advent a ouvert les portes de l\u2019\u00e9glise \u00e0 leurs invit\u00e9s sans abri, et ont propos\u00e9 un service sp\u00e9cial. Malika Bediako, oratrice pour la matin\u00e9e, a partag\u00e9 ses propres exp\u00e9riences en tant que personne sans abri et a parl\u00e9 de l\u2019impact que cela a eu sur sa propre vie.<\/p>\n<p>Elle a encourag\u00e9 l\u2019\u00e9glise \u00e0 embrasser le message d\u2019un Christ qui voyait en chaque individu, une personne de valeur, qui valait la peine qu\u2019Il fasse l\u2019exp\u00e9rience de laisser Sa demeure pour entrer un monde de rejet et de d\u00e9sespoir. Apr\u00e8s quoi, Malika Bediako a partag\u00e9 dans une interview comment le projet pour les sans abri qui a d\u00e9but\u00e9 avec l\u2019ancienne responsable des Services Communautaires de la SEC, Elsie Staple il y a cinq ans de cela, a continu\u00e9 de se d\u00e9velopper chaque ann\u00e9e. Ce qui fait de ce projet une source d\u2019inspiration, ce n\u2019est pas simplement le nombre de sans abri qui viennent, mais la fa\u00e7on dont ils respectent et appr\u00e9cient les services qui sont offerts et respectent le code de comportement mis en place par le refuge. Dans le pass\u00e9, certains des invit\u00e9s ont voulu en savoir plus au sujet de l\u2019\u00e9glise et aussi commencer \u00e0 \u00e9tudier la Bible, certains d\u2019entre eux demandant m\u00eame le bapt\u00eame.<\/p>\n<p>Cependant, la cl\u00e9 du succ\u00e8s du refuge est le nombre de b\u00e9n\u00e9voles. Gr\u00e2ce au d\u00e9vouement des membres d\u2019\u00e9glise ainsi que de personnes de la communaut\u00e9 qui avaient entendu parler du programme, et qui ont propos\u00e9 leur temps et leur soutien, le programme en faveur des sans abri a pu fonctionner 24 heures sur 24 et 7 jours su 7 pendant la saison des f\u00eates.<\/p>\n<p>Un des convives, dont le nom est Kerian, \u00e9tait impatient de raconter son r\u00e9cit d\u2019une vie qui a sombr\u00e9 dans une spirale sans contr\u00f4le \u00e0 cause de ses addictions. Il a perdu son travail, sa famille et a failli perdre son \u00e9quilibre mental. Il a dit comment c\u2019est au moment o\u00f9 il a touch\u00e9 le fond, au moment o\u00f9 il ne pouvait tomber plus bas qu\u2019il a recherch\u00e9 de l\u2019aide pour mettre de l\u2019ordre dans sa vie. Il reconna\u00eet qu\u2019il a encore beaucoup de chemin \u00e0 faire, mais sa vie va maintenant dans la bonne direction. Il a exprim\u00e9 son appr\u00e9ciation pour le refuge qui lui a donn\u00e9 une opportunit\u00e9 de s\u2019impliquer avec les b\u00e9n\u00e9voles et les pasteurs qui passaient en \u00e9changeant autour de questions spirituelles.<\/p>\n<p>Deux b\u00e9n\u00e9voles de Croydon, Blossom et Rochelle, ont invit\u00e9 trois personnes sans abri de leur propre projet local de distribution de nourriture \u00e0 rester au Advent Shelter pour la p\u00e9riode de No\u00ebl. Ils ont aussi exprim\u00e9 de la gratitude pour la bont\u00e9 et l\u2019hospitalit\u00e9 dont ils ont \u00e9t\u00e9 l\u2019objet. Blossom a fait remarquer : \u00ab C\u2019est un privil\u00e8ge pour moi d\u2019\u00eatre impliqu\u00e9e, c\u2019est le moins que je pouvais faire. J\u2019ai voulu inviter ceux qui viennent du projet pour les sans abri \u00e0 Croydon \u00e0 nous rejoindre ici, et je suis heureux que trois d\u2019entre eux ont r\u00e9pondu \u00e0 l\u2019invitation. \u00bb<\/p>\n<p>Rochelle, en consid\u00e9rant ses exp\u00e9riences en tant que b\u00e9n\u00e9vole a d\u00e9clar\u00e9 : \u00ab J\u2019ai le sentiment que c\u2019est une tr\u00e8s bonne utilisation de mon temps, c\u2019est habituellement la saison des f\u00eates pendant laquelle les gens sortent, boivent et s\u2019amusent, mais c\u2019est en r\u00e9alit\u00e9 un des meilleurs No\u00ebls que j\u2019ai jamais pass\u00e9s. Je ne savais pas ce que ce serait avant de venir, mais \u00e7a a \u00e9t\u00e9 vraiment d\u00e9contract\u00e9, sans aucun probl\u00e8me et je serai assur\u00e9ment b\u00e9n\u00e9vole \u00e0 nouveau !<\/p>\n<p>Traduction: Patrick Luciathe<\/p>\n","protected":false},"excerpt":{"rendered":"<p>Pour la cinqui\u00e8me\tann\u00e9e d\u2019affil\u00e9e, le Advent Shelter (le Refuge Advent) de la F\u00e9d\u00e9ration du Sud de l\u2019Angleterre (SEC), mis en place au Centre Advent dans le Centre de Londres, a fait le plein en h\u00e9bergeant 70 personnes sans abri et personnes isol\u00e9es entre le 24 d\u00e9cembre et le 2 janvier 2017.  Pendant la p\u00e9riode de No\u00ebl et du Nouvel An, les b\u00e9n\u00e9voles des \u00e9glises de toutes les Iles Britanniques, des Cornouailles \u00e0 l\u2019Ecosse, ont aid\u00e9 \u00e0 offrir des repas, des boissons, de la chaleur et des moments r\u00e9cr\u00e9atifs et de la s\u00e9curit\u00e9 \u00e0 chacune des personnes sans abri qui s\u2019\u00e9taient retrouv\u00e9es au refuge.<\/p>\n","protected":false},"author":1,"featured_media":29128,"comment_status":"closed","ping_status":"closed","sticky":false,"template":"","format":"standard","meta":{"_acf_changed":false,"footnotes":""},"categories":[18,19],"tags":[],"class_list":["post-32746","post","type-post","status-publish","format-standard","has-post-thumbnail","hentry","category-nouvelles-de-leglise-mondiale","category-rss-francais"],"acf":[],"yoast_head":"<!-- This site is optimized with the Yoast SEO plugin v27.3 - https:\/\/yoast.com\/product\/yoast-seo-wordpress\/ -->\n<title>En plein milieu de l\u2019hiver, les Adventistes britanniques h\u00e9bergent les sans abri. - \u00c9glise Adventiste Du Septieme Jour - Inter Am\u00e9rique Division<\/title>\n<meta name=\"robots\" content=\"index, follow, max-snippet:-1, max-image-preview:large, max-video-preview:-1\" \/>\n<link rel=\"canonical\" href=\"https:\/\/interamerica.org\/fr\/2017\/01\/en-plein-milieu-de-lhiver-les-adventistes-britanniques-hebergent-les-sans-abri\/\" \/>\n<meta property=\"og:locale\" content=\"fr_FR\" \/>\n<meta property=\"og:type\" content=\"article\" \/>\n<meta property=\"og:title\" content=\"En plein milieu de l\u2019hiver, les Adventistes britanniques h\u00e9bergent les sans abri. - \u00c9glise Adventiste Du Septieme Jour - Inter Am\u00e9rique Division\" \/>\n<meta property=\"og:description\" content=\"Pour la cinqui\u00e8me ann\u00e9e d\u2019affil\u00e9e, le Advent Shelter (le Refuge Advent) de la F\u00e9d\u00e9ration du Sud de l\u2019Angleterre (SEC), mis en place au Centre Advent dans le Centre de Londres, a fait le plein en h\u00e9bergeant 70 personnes sans abri et personnes isol\u00e9es entre le 24 d\u00e9cembre et le 2 janvier 2017. Pendant la p\u00e9riode de No\u00ebl et du Nouvel An, les b\u00e9n\u00e9voles des \u00e9glises de toutes les Iles Britanniques, des Cornouailles \u00e0 l\u2019Ecosse, ont aid\u00e9 \u00e0 offrir des repas, des boissons, de la chaleur et des moments r\u00e9cr\u00e9atifs et de la s\u00e9curit\u00e9 \u00e0 chacune des personnes sans abri qui s\u2019\u00e9taient retrouv\u00e9es au refuge.\" \/>\n<meta property=\"og:url\" content=\"https:\/\/interamerica.org\/fr\/2017\/01\/en-plein-milieu-de-lhiver-les-adventistes-britanniques-hebergent-les-sans-abri\/\" \/>\n<meta property=\"og:site_name\" content=\"\u00c9glise Adventiste Du Septieme Jour - Inter Am\u00e9rique Division\" \/>\n<meta property=\"article:published_time\" content=\"2017-01-10T04:00:00+00:00\" \/>\n<meta property=\"article:modified_time\" content=\"2017-12-06T17:41:48+00:00\" \/>\n<meta property=\"og:image\" content=\"https:\/\/interamerica.org\/wp-content\/uploads\/2017\/06\/BritishAdventistHomeless01.jpeg\" \/>\n\t<meta property=\"og:image:width\" content=\"480\" \/>\n\t<meta property=\"og:image:height\" content=\"320\" \/>\n\t<meta property=\"og:image:type\" content=\"image\/jpeg\" \/>\n<meta name=\"author\" content=\"Lorenzo Verduzco\" \/>\n<meta name=\"twitter:card\" content=\"summary_large_image\" \/>\n<meta name=\"twitter:label1\" content=\"\u00c9crit par\" \/>\n\t<meta name=\"twitter:data1\" content=\"Lorenzo Verduzco\" \/>\n\t<meta name=\"twitter:label2\" content=\"Dur\u00e9e de lecture estim\u00e9e\" \/>\n\t<meta name=\"twitter:data2\" content=\"4 minutes\" \/>\n<script type=\"application\/ld+json\" class=\"yoast-schema-graph\">{\"@context\":\"https:\\\/\\\/schema.org\",\"@graph\":[{\"@type\":\"Article\",\"@id\":\"https:\\\/\\\/interamerica.org\\\/fr\\\/2017\\\/01\\\/en-plein-milieu-de-lhiver-les-adventistes-britanniques-hebergent-les-sans-abri\\\/#article\",\"isPartOf\":{\"@id\":\"https:\\\/\\\/interamerica.org\\\/fr\\\/2017\\\/01\\\/en-plein-milieu-de-lhiver-les-adventistes-britanniques-hebergent-les-sans-abri\\\/\"},\"author\":{\"name\":\"Lorenzo Verduzco\",\"@id\":\"https:\\\/\\\/interamerica.org\\\/fr\\\/#\\\/schema\\\/person\\\/68ede8bdc292885bb76c1e3810e73c39\"},\"headline\":\"En plein milieu de l\u2019hiver, les Adventistes britanniques h\u00e9bergent les sans abri.\",\"datePublished\":\"2017-01-10T04:00:00+00:00\",\"dateModified\":\"2017-12-06T17:41:48+00:00\",\"mainEntityOfPage\":{\"@id\":\"https:\\\/\\\/interamerica.org\\\/fr\\\/2017\\\/01\\\/en-plein-milieu-de-lhiver-les-adventistes-britanniques-hebergent-les-sans-abri\\\/\"},\"wordCount\":885,\"image\":{\"@id\":\"https:\\\/\\\/interamerica.org\\\/fr\\\/2017\\\/01\\\/en-plein-milieu-de-lhiver-les-adventistes-britanniques-hebergent-les-sans-abri\\\/#primaryimage\"},\"thumbnailUrl\":\"https:\\\/\\\/interamerica.org\\\/wp-content\\\/uploads\\\/2017\\\/06\\\/BritishAdventistHomeless01.jpeg\",\"articleSection\":[\"Nouvelles de l'\u00c9glise mondiale\",\"RSS Fran\u00e7ais\"],\"inLanguage\":\"fr-FR\"},{\"@type\":\"WebPage\",\"@id\":\"https:\\\/\\\/interamerica.org\\\/fr\\\/2017\\\/01\\\/en-plein-milieu-de-lhiver-les-adventistes-britanniques-hebergent-les-sans-abri\\\/\",\"url\":\"https:\\\/\\\/interamerica.org\\\/fr\\\/2017\\\/01\\\/en-plein-milieu-de-lhiver-les-adventistes-britanniques-hebergent-les-sans-abri\\\/\",\"name\":\"En plein milieu de l\u2019hiver, les Adventistes britanniques h\u00e9bergent les sans abri. - \u00c9glise Adventiste Du Septieme Jour - Inter Am\u00e9rique Division\",\"isPartOf\":{\"@id\":\"https:\\\/\\\/interamerica.org\\\/fr\\\/#website\"},\"primaryImageOfPage\":{\"@id\":\"https:\\\/\\\/interamerica.org\\\/fr\\\/2017\\\/01\\\/en-plein-milieu-de-lhiver-les-adventistes-britanniques-hebergent-les-sans-abri\\\/#primaryimage\"},\"image\":{\"@id\":\"https:\\\/\\\/interamerica.org\\\/fr\\\/2017\\\/01\\\/en-plein-milieu-de-lhiver-les-adventistes-britanniques-hebergent-les-sans-abri\\\/#primaryimage\"},\"thumbnailUrl\":\"https:\\\/\\\/interamerica.org\\\/wp-content\\\/uploads\\\/2017\\\/06\\\/BritishAdventistHomeless01.jpeg\",\"datePublished\":\"2017-01-10T04:00:00+00:00\",\"dateModified\":\"2017-12-06T17:41:48+00:00\",\"author\":{\"@id\":\"https:\\\/\\\/interamerica.org\\\/fr\\\/#\\\/schema\\\/person\\\/68ede8bdc292885bb76c1e3810e73c39\"},\"breadcrumb\":{\"@id\":\"https:\\\/\\\/interamerica.org\\\/fr\\\/2017\\\/01\\\/en-plein-milieu-de-lhiver-les-adventistes-britanniques-hebergent-les-sans-abri\\\/#breadcrumb\"},\"inLanguage\":\"fr-FR\",\"potentialAction\":[{\"@type\":\"ReadAction\",\"target\":[\"https:\\\/\\\/interamerica.org\\\/fr\\\/2017\\\/01\\\/en-plein-milieu-de-lhiver-les-adventistes-britanniques-hebergent-les-sans-abri\\\/\"]}]},{\"@type\":\"ImageObject\",\"inLanguage\":\"fr-FR\",\"@id\":\"https:\\\/\\\/interamerica.org\\\/fr\\\/2017\\\/01\\\/en-plein-milieu-de-lhiver-les-adventistes-britanniques-hebergent-les-sans-abri\\\/#primaryimage\",\"url\":\"https:\\\/\\\/interamerica.org\\\/wp-content\\\/uploads\\\/2017\\\/06\\\/BritishAdventistHomeless01.jpeg\",\"contentUrl\":\"https:\\\/\\\/interamerica.org\\\/wp-content\\\/uploads\\\/2017\\\/06\\\/BritishAdventistHomeless01.jpeg\",\"width\":480,\"height\":320},{\"@type\":\"BreadcrumbList\",\"@id\":\"https:\\\/\\\/interamerica.org\\\/fr\\\/2017\\\/01\\\/en-plein-milieu-de-lhiver-les-adventistes-britanniques-hebergent-les-sans-abri\\\/#breadcrumb\",\"itemListElement\":[{\"@type\":\"ListItem\",\"position\":1,\"name\":\"Home\",\"item\":\"https:\\\/\\\/interamerica.org\\\/fr\\\/\"},{\"@type\":\"ListItem\",\"position\":2,\"name\":\"En plein milieu de l\u2019hiver, les Adventistes britanniques h\u00e9bergent les sans abri.\"}]},{\"@type\":\"WebSite\",\"@id\":\"https:\\\/\\\/interamerica.org\\\/fr\\\/#website\",\"url\":\"https:\\\/\\\/interamerica.org\\\/fr\\\/\",\"name\":\"\u00c9glise Adventiste Du Septieme Jour - Inter Am\u00e9rique Division\",\"description\":\"\",\"potentialAction\":[{\"@type\":\"SearchAction\",\"target\":{\"@type\":\"EntryPoint\",\"urlTemplate\":\"https:\\\/\\\/interamerica.org\\\/fr\\\/?s={search_term_string}\"},\"query-input\":{\"@type\":\"PropertyValueSpecification\",\"valueRequired\":true,\"valueName\":\"search_term_string\"}}],\"inLanguage\":\"fr-FR\"},{\"@type\":\"Person\",\"@id\":\"https:\\\/\\\/interamerica.org\\\/fr\\\/#\\\/schema\\\/person\\\/68ede8bdc292885bb76c1e3810e73c39\",\"name\":\"Lorenzo Verduzco\",\"image\":{\"@type\":\"ImageObject\",\"inLanguage\":\"fr-FR\",\"@id\":\"https:\\\/\\\/secure.gravatar.com\\\/avatar\\\/fb81a55b6218459490a9c1dc841a34909185b81904c5337b4b27f7a6fd60c49e?s=96&d=mm&r=g\",\"url\":\"https:\\\/\\\/secure.gravatar.com\\\/avatar\\\/fb81a55b6218459490a9c1dc841a34909185b81904c5337b4b27f7a6fd60c49e?s=96&d=mm&r=g\",\"contentUrl\":\"https:\\\/\\\/secure.gravatar.com\\\/avatar\\\/fb81a55b6218459490a9c1dc841a34909185b81904c5337b4b27f7a6fd60c49e?s=96&d=mm&r=g\",\"caption\":\"Lorenzo Verduzco\"}}]}<\/script>\n<!-- \/ Yoast SEO plugin. -->","yoast_head_json":{"title":"En plein milieu de l\u2019hiver, les Adventistes britanniques h\u00e9bergent les sans abri. - \u00c9glise Adventiste Du Septieme Jour - Inter Am\u00e9rique Division","robots":{"index":"index","follow":"follow","max-snippet":"max-snippet:-1","max-image-preview":"max-image-preview:large","max-video-preview":"max-video-preview:-1"},"canonical":"https:\/\/interamerica.org\/fr\/2017\/01\/en-plein-milieu-de-lhiver-les-adventistes-britanniques-hebergent-les-sans-abri\/","og_locale":"fr_FR","og_type":"article","og_title":"En plein milieu de l\u2019hiver, les Adventistes britanniques h\u00e9bergent les sans abri. - \u00c9glise Adventiste Du Septieme Jour - Inter Am\u00e9rique Division","og_description":"Pour la cinqui\u00e8me ann\u00e9e d\u2019affil\u00e9e, le Advent Shelter (le Refuge Advent) de la F\u00e9d\u00e9ration du Sud de l\u2019Angleterre (SEC), mis en place au Centre Advent dans le Centre de Londres, a fait le plein en h\u00e9bergeant 70 personnes sans abri et personnes isol\u00e9es entre le 24 d\u00e9cembre et le 2 janvier 2017. Pendant la p\u00e9riode de No\u00ebl et du Nouvel An, les b\u00e9n\u00e9voles des \u00e9glises de toutes les Iles Britanniques, des Cornouailles \u00e0 l\u2019Ecosse, ont aid\u00e9 \u00e0 offrir des repas, des boissons, de la chaleur et des moments r\u00e9cr\u00e9atifs et de la s\u00e9curit\u00e9 \u00e0 chacune des personnes sans abri qui s\u2019\u00e9taient retrouv\u00e9es au refuge.","og_url":"https:\/\/interamerica.org\/fr\/2017\/01\/en-plein-milieu-de-lhiver-les-adventistes-britanniques-hebergent-les-sans-abri\/","og_site_name":"\u00c9glise Adventiste Du Septieme Jour - Inter Am\u00e9rique Division","article_published_time":"2017-01-10T04:00:00+00:00","article_modified_time":"2017-12-06T17:41:48+00:00","og_image":[{"width":480,"height":320,"url":"https:\/\/interamerica.org\/wp-content\/uploads\/2017\/06\/BritishAdventistHomeless01.jpeg","type":"image\/jpeg"}],"author":"Lorenzo Verduzco","twitter_card":"summary_large_image","twitter_misc":{"\u00c9crit par":"Lorenzo Verduzco","Dur\u00e9e de lecture estim\u00e9e":"4 minutes"},"schema":{"@context":"https:\/\/schema.org","@graph":[{"@type":"Article","@id":"https:\/\/interamerica.org\/fr\/2017\/01\/en-plein-milieu-de-lhiver-les-adventistes-britanniques-hebergent-les-sans-abri\/#article","isPartOf":{"@id":"https:\/\/interamerica.org\/fr\/2017\/01\/en-plein-milieu-de-lhiver-les-adventistes-britanniques-hebergent-les-sans-abri\/"},"author":{"name":"Lorenzo Verduzco","@id":"https:\/\/interamerica.org\/fr\/#\/schema\/person\/68ede8bdc292885bb76c1e3810e73c39"},"headline":"En plein milieu de l\u2019hiver, les Adventistes britanniques h\u00e9bergent les sans abri.","datePublished":"2017-01-10T04:00:00+00:00","dateModified":"2017-12-06T17:41:48+00:00","mainEntityOfPage":{"@id":"https:\/\/interamerica.org\/fr\/2017\/01\/en-plein-milieu-de-lhiver-les-adventistes-britanniques-hebergent-les-sans-abri\/"},"wordCount":885,"image":{"@id":"https:\/\/interamerica.org\/fr\/2017\/01\/en-plein-milieu-de-lhiver-les-adventistes-britanniques-hebergent-les-sans-abri\/#primaryimage"},"thumbnailUrl":"https:\/\/interamerica.org\/wp-content\/uploads\/2017\/06\/BritishAdventistHomeless01.jpeg","articleSection":["Nouvelles de l'\u00c9glise mondiale","RSS Fran\u00e7ais"],"inLanguage":"fr-FR"},{"@type":"WebPage","@id":"https:\/\/interamerica.org\/fr\/2017\/01\/en-plein-milieu-de-lhiver-les-adventistes-britanniques-hebergent-les-sans-abri\/","url":"https:\/\/interamerica.org\/fr\/2017\/01\/en-plein-milieu-de-lhiver-les-adventistes-britanniques-hebergent-les-sans-abri\/","name":"En plein milieu de l\u2019hiver, les Adventistes britanniques h\u00e9bergent les sans abri. - \u00c9glise Adventiste Du Septieme Jour - Inter Am\u00e9rique Division","isPartOf":{"@id":"https:\/\/interamerica.org\/fr\/#website"},"primaryImageOfPage":{"@id":"https:\/\/interamerica.org\/fr\/2017\/01\/en-plein-milieu-de-lhiver-les-adventistes-britanniques-hebergent-les-sans-abri\/#primaryimage"},"image":{"@id":"https:\/\/interamerica.org\/fr\/2017\/01\/en-plein-milieu-de-lhiver-les-adventistes-britanniques-hebergent-les-sans-abri\/#primaryimage"},"thumbnailUrl":"https:\/\/interamerica.org\/wp-content\/uploads\/2017\/06\/BritishAdventistHomeless01.jpeg","datePublished":"2017-01-10T04:00:00+00:00","dateModified":"2017-12-06T17:41:48+00:00","author":{"@id":"https:\/\/interamerica.org\/fr\/#\/schema\/person\/68ede8bdc292885bb76c1e3810e73c39"},"breadcrumb":{"@id":"https:\/\/interamerica.org\/fr\/2017\/01\/en-plein-milieu-de-lhiver-les-adventistes-britanniques-hebergent-les-sans-abri\/#breadcrumb"},"inLanguage":"fr-FR","potentialAction":[{"@type":"ReadAction","target":["https:\/\/interamerica.org\/fr\/2017\/01\/en-plein-milieu-de-lhiver-les-adventistes-britanniques-hebergent-les-sans-abri\/"]}]},{"@type":"ImageObject","inLanguage":"fr-FR","@id":"https:\/\/interamerica.org\/fr\/2017\/01\/en-plein-milieu-de-lhiver-les-adventistes-britanniques-hebergent-les-sans-abri\/#primaryimage","url":"https:\/\/interamerica.org\/wp-content\/uploads\/2017\/06\/BritishAdventistHomeless01.jpeg","contentUrl":"https:\/\/interamerica.org\/wp-content\/uploads\/2017\/06\/BritishAdventistHomeless01.jpeg","width":480,"height":320},{"@type":"BreadcrumbList","@id":"https:\/\/interamerica.org\/fr\/2017\/01\/en-plein-milieu-de-lhiver-les-adventistes-britanniques-hebergent-les-sans-abri\/#breadcrumb","itemListElement":[{"@type":"ListItem","position":1,"name":"Home","item":"https:\/\/interamerica.org\/fr\/"},{"@type":"ListItem","position":2,"name":"En plein milieu de l\u2019hiver, les Adventistes britanniques h\u00e9bergent les sans abri."}]},{"@type":"WebSite","@id":"https:\/\/interamerica.org\/fr\/#website","url":"https:\/\/interamerica.org\/fr\/","name":"\u00c9glise Adventiste Du Septieme Jour - Inter Am\u00e9rique Division","description":"","potentialAction":[{"@type":"SearchAction","target":{"@type":"EntryPoint","urlTemplate":"https:\/\/interamerica.org\/fr\/?s={search_term_string}"},"query-input":{"@type":"PropertyValueSpecification","valueRequired":true,"valueName":"search_term_string"}}],"inLanguage":"fr-FR"},{"@type":"Person","@id":"https:\/\/interamerica.org\/fr\/#\/schema\/person\/68ede8bdc292885bb76c1e3810e73c39","name":"Lorenzo Verduzco","image":{"@type":"ImageObject","inLanguage":"fr-FR","@id":"https:\/\/secure.gravatar.com\/avatar\/fb81a55b6218459490a9c1dc841a34909185b81904c5337b4b27f7a6fd60c49e?s=96&d=mm&r=g","url":"https:\/\/secure.gravatar.com\/avatar\/fb81a55b6218459490a9c1dc841a34909185b81904c5337b4b27f7a6fd60c49e?s=96&d=mm&r=g","contentUrl":"https:\/\/secure.gravatar.com\/avatar\/fb81a55b6218459490a9c1dc841a34909185b81904c5337b4b27f7a6fd60c49e?s=96&d=mm&r=g","caption":"Lorenzo Verduzco"}}]}},"_links":{"self":[{"href":"https:\/\/interamerica.org\/fr\/wp-json\/wp\/v2\/posts\/32746","targetHints":{"allow":["GET"]}}],"collection":[{"href":"https:\/\/interamerica.org\/fr\/wp-json\/wp\/v2\/posts"}],"about":[{"href":"https:\/\/interamerica.org\/fr\/wp-json\/wp\/v2\/types\/post"}],"author":[{"embeddable":true,"href":"https:\/\/interamerica.org\/fr\/wp-json\/wp\/v2\/users\/1"}],"replies":[{"embeddable":true,"href":"https:\/\/interamerica.org\/fr\/wp-json\/wp\/v2\/comments?post=32746"}],"version-history":[{"count":0,"href":"https:\/\/interamerica.org\/fr\/wp-json\/wp\/v2\/posts\/32746\/revisions"}],"wp:featuredmedia":[{"embeddable":true,"href":"https:\/\/interamerica.org\/fr\/wp-json\/wp\/v2\/media\/29128"}],"wp:attachment":[{"href":"https:\/\/interamerica.org\/fr\/wp-json\/wp\/v2\/media?parent=32746"}],"wp:term":[{"taxonomy":"category","embeddable":true,"href":"https:\/\/interamerica.org\/fr\/wp-json\/wp\/v2\/categories?post=32746"},{"taxonomy":"post_tag","embeddable":true,"href":"https:\/\/interamerica.org\/fr\/wp-json\/wp\/v2\/tags?post=32746"}],"curies":[{"name":"wp","href":"https:\/\/api.w.org\/{rel}","templated":true}]}}