{"id":32749,"date":"2017-01-11T00:00:00","date_gmt":"2017-01-11T04:00:00","guid":{"rendered":"http:\/\/192.81.217.108\/interamerica\/2017\/01\/unis-pour-la-mission\/"},"modified":"2017-12-06T13:18:12","modified_gmt":"2017-12-06T17:18:12","slug":"unis-pour-la-mission","status":"publish","type":"post","link":"https:\/\/interamerica.org\/fr\/2017\/01\/unis-pour-la-mission\/","title":{"rendered":"Unis pour la mission"},"content":{"rendered":"<div class=\"article__meta\">\n<div id=\"attachment_25666\" style=\"width: 679px\" class=\"wp-caption aligncenter\"><a href=\"\/interamerica\/wp-content\/uploads\/2017\/06\/csm_Unity_130c1f1c76.jpeg\" rel=\"fancybox\" title=\"Unis pour la mission\"><img fetchpriority=\"high\" decoding=\"async\" aria-describedby=\"caption-attachment-25666\" class=\" wp-image-25666\" src=\"\/interamerica\/wp-content\/uploads\/2017\/06\/csm_Unity_130c1f1c76.jpeg\" alt=\"\" width=\"669\" height=\"376\" \/><\/a><p id=\"caption-attachment-25666\" class=\"wp-caption-text\">Les membres du comit\u00e9 prient avant de voter lors du Concile Annuel de l\u2019Eglise Adventiste du Septi\u00e8me Jour. Image de Brent Hardinge\/ANN.<\/p><\/div>\n<\/div>\n<div class=\"article__meta\"><\/div>\n<div class=\"article__meta\"><span class=\"pub_date font--secondary--s gray can-be--white\">11 Janvier 2017<\/span> <span class=\"divider\">|<\/span> <span class=\"pub_region font--secondary--s gray can-be--white\">Silver Spring, Maryland, Etats Unis<\/span> <span class=\"divider\">|<\/span> <span class=\"byline font--secondary--s gray can-be--white\">ANN<\/span><\/div>\n<div class=\"article__meta\"><\/div>\n<div class=\"article__meta\"><\/div>\n<div class=\"article__meta\">Lors du Concile Annuel de 2016, le Comit\u00e9 Ex\u00e9cutif de la Conf\u00e9rence G\u00e9n\u00e9rale compos\u00e9 de 342 membres, s\u2019est r\u00e9uni au si\u00e8ge mondial de l\u2019Eglise Adventiste du Septi\u00e8me Jour \u00e0 Silver Spring dans le Maryland, afin d\u2019entendre des rapports et consid\u00e9rer un certain nombre de points. Une emphase importante a \u00e9t\u00e9 plac\u00e9e sur la mission de l\u2019\u00e9glise qui est revenue de mani\u00e8re pr\u00e9\u00e9minente dans de nombreuses discussions et de nombreux rapports.<\/div>\n<div class=\"article__meta\">\n<p>Parmi les nombreux points consid\u00e9r\u00e9s et vot\u00e9s par les repr\u00e9sentants de l\u2019\u00e9glise venus du monde entier, peut-\u00eatre qu\u2019aucun n\u2019a re\u00e7u plus d\u2019attention que le document \u00ab Unit\u00e9 dans la Mission : Proc\u00e9dures pour la R\u00e9conciliation de l\u2019Eglise. \u00bb<\/p>\n<p>Ce document pr\u00e9sente un processus minutieux de conversation, de pri\u00e8re et de dialogue entre les dirigeants d\u2019\u00e9glise lorsqu\u2019ils traitent diverses questions relatives au refus de se conformer. Pour lire le document dans son int\u00e9gralit\u00e9, consultez le lien<br \/>\n<a href=\"https:\/\/www.adventistarchives.org\/unity-in-mission.pdf\" target=\"_blank\" rel=\"noopener\">https:\/\/www.adventistarchives.org\/unity-in-mission.pdf<\/a>.<\/p>\n<p>Pr\u00e9par\u00e9 et r\u00e9vis\u00e9 par plusieurs comit\u00e9s et groupes repr\u00e9sentant certaines branches de l\u2019administration, le document a \u00e9t\u00e9 pr\u00e9sent\u00e9 lors de la rencontre des 78 membres Officiers de la Conf\u00e9rence G\u00e9n\u00e9rale et des Divisions (GCDO) o\u00f9 il a fait l\u2019objet d\u2019amples discussions, et a \u00e9t\u00e9 vot\u00e9 par une \u00e9crasante majorit\u00e9 du comit\u00e9 avant d\u2019\u00eatre pr\u00e9sent\u00e9 au Concile Annuel.<\/p>\n<p>\u00ab L\u2019objectif, depuis le d\u00e9part est de trouver des moyens de garder l\u2019\u00e9glise aussi unie que possible, \u00bb a dit Tom Lemon dans un email. Tom Lemon, vice-pr\u00e9sident g\u00e9n\u00e9ral de l\u2019Eglise Adventiste du Septi\u00e8me Jour au niveau mondial, a pr\u00e9sid\u00e9 la session du Concile Annuel o\u00f9 le document Unit\u00e9 dans la Mission a \u00e9t\u00e9 vot\u00e9.<\/p>\n<h3><strong>Consid\u00e9rer le Processus<\/strong><\/h3>\n<p>Vu que le document \u00e9tablit des \u00e9tapes sp\u00e9cifiques devant \u00eatre suivies jusqu\u2019aux rencontres du Concile Annuel de 2017 en Octobre 2017, des questions ont \u00e9t\u00e9 pos\u00e9es pour savoir o\u00f9 en est actuellement l\u2019\u00e9glise dans ce processus.<\/p>\n<p>En traitant cette question, il est peut-\u00eatre utile de consid\u00e9rer le document vot\u00e9 lui m\u00eame.<\/p>\n<p>Le document d\u00e9bute en indiquant que \u00ab l\u2019unit\u00e9 peut repr\u00e9senter un d\u00e9fi pour l\u2019\u00e9glise locale \u2013 \u00e0 combien plus forte raison pour la famille de l\u2019\u00e9glise mondiale\u2026et pourtant c\u2019est l\u2019id\u00e9al \u00e9lev\u00e9 auquel nous avons \u00e9t\u00e9 appel\u00e9s ! \u00bb <a href=\"https:\/\/news.adventist.org\/#_edn1\" name=\"_ednref1\">[i]<\/a><\/p>\n<p>Il poursuit en disant que \u00ab il est vraiment important de se rassembler pour prier, faire des plans et voter des r\u00e8glements et des directives officielles. Ceci constitue un cadre qui aide \u00e0 nous maintenir ensemble en tant que peuple, uni dans une mission et un message proph\u00e9tiques. \u00bb<a href=\"https:\/\/news.adventist.org\/#_edn2\" name=\"_ednref2\">[ii]<\/a><\/p>\n<p>Le document soul\u00e8ve la question de savoir comment l\u2019\u00e9glise devrait r\u00e9agir lorsqu\u2019une entit\u00e9 d\u00e9cide de \u00ab faire cavalier seul, \u00bb et de ne pas se conformer \u00e0 ce qui a fait l\u2019objet d\u2019un accord par l\u2019\u00e9glise mondiale. Ces accords sont pr\u00e9sent\u00e9s dans le Manuel des R\u00e8glements de l\u2019\u00e9glise et constituent un cadre indiquant comment l\u2019\u00e9glise m\u00e8ne ses activit\u00e9s dans l\u2019unit\u00e9.<\/p>\n<h3><strong>Qu\u2019est ce que le R\u00e8glement ?<\/strong><\/h3>\n<p>En plus de contenir la Constitution et les r\u00e8gles de fonctionnement de la Conf\u00e9rence G\u00e9n\u00e9rale ainsi que la D\u00e9claration de Mission de l\u2019Eglise Adventiste, le Manuel des R\u00e8glements comprend les \u00ab r\u00e8glements adopt\u00e9s par les Sessions de la Conf\u00e9rence G\u00e9n\u00e9rale et les Conciles Annuels du Comit\u00e9 Ex\u00e9cutif de la Conf\u00e9rence G\u00e9n\u00e9rale. Il est par cons\u00e9quent, la voix qui fait autorit\u00e9 dans l\u2019\u00e9glise sur tous les sujets relatifs \u00e0 la mission et \u00e0 l\u2019administration de l\u2019\u0153uvre de la d\u00e9nomination Adventiste du Septi\u00e8me Jour dans toutes les parties du monde. \u00bb<a href=\"https:\/\/news.adventist.org\/#_edn3\" name=\"_ednref3\">[iii]<\/a><\/p>\n<p>Le manuel d\u00e9clare \u00e0 propos de ces r\u00e8glements vot\u00e9s, que \u00ab toutes les organisations dans toutes les r\u00e9gions du champ mondial y adh\u00e9reront de mani\u00e8re stricte, \u00bb et que \u00ab ce n\u2019est qu\u2019ainsi qu\u2019un esprit de proche collaboration et d\u2019unit\u00e9 peut \u00eatre maintenu dans l\u2019\u0153uvre de l\u2019\u00e9glise dans toutes les r\u00e9gions du champ mondial. \u00bb<a href=\"https:\/\/news.adventist.org\/#_edn4\" name=\"_ednref4\">[iv]<\/a><\/p>\n<p>L\u2019objectif du document Unit\u00e9 dans la Mission est de \u00ab mettre Matthieu 18 en pratique avec des entit\u00e9s qui ont choisi d\u2019emprunter un chemin qui d\u00e9vie du r\u00e8glement \u00e9tabli, vot\u00e9 collectivement par l\u2019\u00e9glise, en particulier les d\u00e9cisions vot\u00e9es lors de la Session de la Conf\u00e9rence G\u00e9n\u00e9rale en 2015, \u00bb a d\u00e9clar\u00e9 G.T. Ng, secr\u00e9taire de l\u2019Eglise Adventiste mondiale. \u00ab On passera une ann\u00e9e en pri\u00e8re, dans le dialogue et l\u2019\u00e9coute les uns des autres. Tout sera fait pour amener l\u2019unit\u00e9 dans la mission et l\u2019objectif, \u00bb a-t-il ajout\u00e9.<\/p>\n<p>Le document Unit\u00e9 dans la Mission fait deux recommandations concernant la mani\u00e8re de traiter les cas de refus de se conformer.<\/p>\n<h3><strong>Premi\u00e8re Recommandation<\/strong><\/h3>\n<p>La premi\u00e8re recommandation est \u00ab d\u2019adopter les \u00e9tapes de r\u00e9conciliation suivantes avec les entit\u00e9s qui semblent avoir n\u00e9glig\u00e9 ou ignor\u00e9 les principes bibliques tels qu\u2019ils sont exprim\u00e9s dans les Croyances Fondamentales, les d\u00e9cisions vot\u00e9es, ou le manuel des r\u00e8glements de l\u2019\u00e9glise. \u00bb <a href=\"https:\/\/news.adventist.org\/#_edn5\" name=\"_ednref5\">[v]<\/a><\/p>\n<p>Ceci ne met pas sur un m\u00eame pied d\u2019\u00e9galit\u00e9 les Croyances Fondamentales et les d\u00e9cisions vot\u00e9es ou les r\u00e8glements de l\u2019\u00e9glise, d\u2019apr\u00e8s les d\u00e9clarations de Myron Iseminger, sous-secr\u00e9taire de l\u2019Eglise Adventiste mondiale. La formulation fait \u00e9cho au Manuel des R\u00e8glements de la Conf\u00e9rence G\u00e9n\u00e9rale o\u00f9 une liste similaire est donn\u00e9e, a indiqu\u00e9 Myron Iseminger, citant le r\u00e8glement B 05 \u00e0 propos des \u00ab Principes de Fonctionnement et Principes Organisationnels de la Structure de l\u2019Eglise Adventiste du Septi\u00e8me Jour \u00bb :<\/p>\n<p>\u00ab Le statut et le pr\u00e9sence en tant que membre dans l\u2019organisation est accord\u00e9e \u00e0 des entit\u00e9s qui r\u00e9pondent \u00e0 certaines qualifications parmi lesquelles la fid\u00e9lit\u00e9 aux Croyances Fondamentales Adventistes du Septi\u00e8me Jour, la conformit\u00e9 aux pratiques et aux r\u00e8glements de la d\u00e9nomination, une direction convenable et la capacit\u00e9 financi\u00e8re\u2026 \u00bb<a href=\"https:\/\/news.adventist.org\/#_edn6\" name=\"_ednref6\">[vi]<\/a><\/p>\n<h3><strong>Etapes de la R\u00e9conciliation <\/strong><\/h3>\n<p>Les \u00e9tapes de la r\u00e9conciliation pr\u00e9sent\u00e9es dans le document Unit\u00e9 dans la Mission incluent :<br \/>\n1. <strong>1. Ecouter et Prier<\/strong>. \u00a0Cette premi\u00e8re \u00e9tape d\u00e9bute lorsque les administrateurs ou le corps gouvernant prend conscience qu\u2019il pourrait y avoir une \u00ab raison d\u2019\u00eatre pr\u00e9occup\u00e9s \u00e0 propos de d\u00e9cisions prises par une entit\u00e9 d\u2019une branche de l\u2019\u00e9glise. \u00bb <a href=\"https:\/\/news.adventist.org\/#_edn7\" name=\"_ednref7\">[vii]<\/a> A ce stade, les administrateurs doivent se r\u00e9unir et prier avec les dirigeants de l\u2019entit\u00e9 en question.<\/p>\n<p>\u00ab La pri\u00e8re n\u2019est pas simplement un \u2018compl\u00e9ment\u2019 pour d\u00e9buter et achever officiellement une rencontre, \u00bb a dit Mark Finley, pr\u00e9dicateur bien connu, auteur et \u00e9vang\u00e9liste, servant actuellement d\u2019assistant sp\u00e9cial aupr\u00e8s du pr\u00e9sident pour l\u2019\u00e9vang\u00e9lisation. \u00ab Elle est au c\u0153ur de toute consultation et de toute r\u00e9conciliation. La pri\u00e8re unit nos c\u0153urs. Elle nous permet de voir les probl\u00e8mes plus clairement et de discerner plus distinctement la volont\u00e9 de Dieu. \u00bb<\/p>\n<p>2. <strong>2. Consultation avec un plus grand groupe<\/strong>. Si la premi\u00e8re \u00e9tape ne permet pas de r\u00e9soudre le probl\u00e8me, les administrateurs doivent \u00ab mettre ne place un plus grand groupe afin de discuter du sujet de pr\u00e9occupation. Ce groupe \u2013 comprenant des la\u00efcs, des pasteurs et des administrateurs venant de l\u2019entit\u00e9 et de l\u2019\u00e9glise au sens large \u2013 devrait se r\u00e9unir au moins deux fois dans une p\u00e9riode de six mois\u2026. \u00bb<a href=\"https:\/\/news.adventist.org\/#_edn8\" name=\"_ednref8\">[viii]<\/a><\/p>\n<p>3. <strong>3. Ecrire des lettres pastorales. <\/strong> Si apr\u00e8s six mois, les deux pr\u00e9c\u00e9dentes \u00e9tapes n\u2019ont pas permis de r\u00e9soudre le probl\u00e8me, alors l\u2019\u00e9tape suivante doit \u00eatre suivie :<\/p>\n<p>\u00ab \u2026Les administrateurs de l\u2019organisation du niveau sup\u00e9rieur devraient \u00e9crire des lettres pastorales encourageant les administrateurs et le corps gouvernant de l\u2019entit\u00e9 en question \u00e0 amener leur organisation \u00e0 \u00eatre fid\u00e8le\u2026 \u00bb<a href=\"https:\/\/news.adventist.org\/#_edn9\" name=\"_ednref9\">[ix]<\/a><\/p>\n<p>Mark Finley a expliqu\u00e9 que \u00ab Une lettre pastorale officialise le processus en revenant sur des discussion pr\u00e9c\u00e9dentes, en exposant les pr\u00e9occupations, en sugg\u00e9rant des solutions possibles, et en encourageant \u00e0 se conformer. La lettre encouragera les dirigeants \u00e0 \u00eatre fid\u00e8les \u00e0 la confiance sacr\u00e9e qui leur a \u00e9t\u00e9 accord\u00e9e par leurs champs respectifs pour agir en harmonie avec les accords mutuels ou les r\u00e8glements vot\u00e9s par l\u2019\u00e9glise, \u00bb a-t-il dit.<\/p>\n<p>4.<strong> 4. Ecouter et prier \u00e0 nouveau<\/strong>. Si la situation n\u2019est toujours pas r\u00e9solue apr\u00e8s la r\u00e9ception des lettres pastorales, alors les administrateurs de l\u2019organisation du niveau sup\u00e9rieur doivent \u00ab \u00e0 nouveau se r\u00e9unir avec les administrateurs et le corps gouvernant de l\u2019institution concern\u00e9e afin de les inviter instamment et les encourager \u00e0 reconsid\u00e9rer la question\u2026 \u00bb<a href=\"https:\/\/news.adventist.org\/#_edn10\" name=\"_ednref10\">[x]<\/a><\/p>\n<p>5. <strong>5. D\u00e9buter la phase deux de la r\u00e9conciliation<\/strong>. Si, apr\u00e8s avoir suivi toutes les \u00e9tapes mentionn\u00e9es ci-dessus, le probl\u00e8me n\u2019est toujours pas r\u00e9solu, \u00ab le comit\u00e9 ex\u00e9cutif de l\u2019organisation du niveau sup\u00e9rieur devra consid\u00e9rer les proc\u00e9dures de r\u00e9solution de conflit mentionn\u00e9es dans la recommandation 2 ci-dessous. \u00bb <a href=\"https:\/\/news.adventist.org\/#_edn11\" name=\"_ednref11\">[xi]<\/a><\/p>\n<h3><strong>Deuxi\u00e8me Recommandation<\/strong><\/h3>\n<p>La seconde recommandation invite \u00e0 \u00ab Demander au Comit\u00e9 Administratif de la Conf\u00e9rence G\u00e9n\u00e9rale de recommander au Concile Annuel de 2017, les \u00e9tapes de la proc\u00e9dure qui doivent \u00eatre suivies dans le cas o\u00f9 on ne parviendrait pas \u00e0 la r\u00e9solution du conflit avec les proc\u00e9dures identifi\u00e9es dans la Recommandation N\u00b0 1. \u00bb <a href=\"https:\/\/news.adventist.org\/#_edn12\" name=\"_ednref12\">[xii]<\/a><\/p>\n<p>De plus, le document autorise les entit\u00e9s de l\u2019\u00e9glise \u00e0 :<\/p>\n<ul>\n<li>\u00ab Mettre en \u0153uvre le processus l\u00e0 o\u00f9 il y a des questions de refus de se conformer lorsqu\u2019il est question de principes bibliques tels qu\u2019ils sont exprim\u00e9s dans les Croyances Fondamentales, des d\u00e9cisions vot\u00e9es, et des r\u00e8glements de l\u2019\u00e9glise, \u00bb et<\/li>\n<li>\u00ab De fournir un rapport par le biais de la division, ou dans le cas dune institution de la Conf\u00e9rence G\u00e9n\u00e9rale, par le biais du Comit\u00e9 Administratif de la Conf\u00e9rence G\u00e9n\u00e9rale, lors du prochain Concile Annuel du Comit\u00e9 Ex\u00e9cutif de la Conf\u00e9rence G\u00e9n\u00e9rale. \u00bb<a href=\"https:\/\/news.adventist.org\/#_edn13\" name=\"_ednref13\">[xiii]<\/a><\/li>\n<\/ul>\n<p>Bien que de nombreuses mesures permettant de g\u00e9rer des situations de refus de se conformer existent d\u00e9j\u00e0 dans le Manuel des R\u00e8glements de la Conf\u00e9rence G\u00e9n\u00e9rale, ce processus \u00e9tape par \u00e9tape a pour objectif de \u00ab d\u00e9placer la conversation en amont \u00e0 partir du processus pr\u00e9sent\u00e9 dans le Manuel des R\u00e8glements pour tenter de parvenir \u00e0 la r\u00e9conciliation, \u00e9liminant ainsi le besoin d\u2019application des \u00e9tapes r\u00e9glementaires, \u00bb d\u2019apr\u00e8s Tom Lemon.<\/p>\n<p>\u00ab Il s\u2019agit aussi de responsabilit\u00e9, il s\u2019agit d\u2019honorer des accords que l\u2019\u00e9glise a\u2026avec sa communaut\u00e9 religieuse, \u00bb a ajout\u00e9 G.T. Ng. \u00ab Il s\u2019agit d\u2019avancer \u00e0 l\u2019unisson pour accomplir sa mission apocalyptique avant le retour imminent du Seigneur sur la plan\u00e8te terre. \u00bb<\/p>\n<h3><strong>Mise en Application du Processus<\/strong><\/h3>\n<p>Suite \u00e0 la d\u00e9cision prise lors du Concile Annuel de 2016, le Comit\u00e9 Administratif de la Conf\u00e9rence G\u00e9n\u00e9rale a vot\u00e9 d\u2019\u00e9tablir un Comit\u00e9 de Supervision de l\u2019Unit\u00e9. Ce comit\u00e9 de 14 membres, pr\u00e9sid\u00e9 par Tom Lemon, est compos\u00e9 de repr\u00e9sentants de divers d\u00e9partements de l\u2019Eglise Adventiste mondiale.<\/p>\n<p>Une des responsabilit\u00e9s de ce comit\u00e9 est de r\u00e9viser \u00ab le processus tel que pr\u00e9sent\u00e9 dans le vote du Concile Annuel de 2016 sur \u2018Unit\u00e9 dans la Mission : Proc\u00e9dures pour la R\u00e9conciliation\u2019 et de superviser les progr\u00e8s avec les administrateurs de division, \u00bb <a href=\"https:\/\/news.adventist.org\/#_edn14\" name=\"_ednref14\">[xiv]<\/a> assister les divisions dans les discussions l\u00e0 o\u00f9 il y a une requ\u00eate ou l\u00e0 o\u00f9 c\u2019est n\u00e9cessaire. Vu que le processus vient juste de d\u00e9marrer, le comit\u00e9 n\u2019a pas encore pr\u00e9sent\u00e9 un rapport.<\/p>\n<p>\u00ab Les r\u00e8glements de l\u2019\u00e9glise ne sont pas au m\u00eame niveau que nos Croyances Fondamentales, \u00bb a affirm\u00e9 Mark Finley, qui sert en tant que membre du Comit\u00e9 de Supervision de l\u2019Unit\u00e9. \u00ab Les r\u00e8glements sont des accords mutuels bas\u00e9s sur a confiance, vot\u00e9s par des corps repr\u00e9sentatifs de dirigeants d\u2019\u00e9glise et de membres la\u00efcs, \u00bb a-t-il dit. \u00ab Ils d\u00e9finissent une ligne de conduite dans un certain domaine. C\u2019est cette confiance bas\u00e9e sur une compr\u00e9hension commune qui est un des \u00e9l\u00e9ments vitaux qui maintient l\u2019\u00e9glise ensemble, lui permettant de mettre l\u2019accent sur sa mission qui consiste \u00e0 sauver les perdus et \u00e0 pr\u00e9parer un monde pour le prochain retour de J\u00e9sus.<\/p>\n<p>\u00ab Le document Unit\u00e9 dans la Mission invite les dirigeants \u00e0 tous les niveaux \u00e0 honorer la confiance qui lui est faite par l\u2019\u00e9glise mondiale et \u00e0 conduire leurs effectifs de membres \u00e0 \u00eatre en harmonie avec les d\u00e9cisions vot\u00e9s par l\u2019\u00e9glise, \u00bb a conclu Mark Finley.<\/p>\n<p>Les dirigeants de l\u2019\u00e9glise invitent les membres \u00e0 prier pour ce processus de r\u00e9conciliation alors que nous entrons dans la nouvelle ann\u00e9e et que nous avan\u00e7ons dans la mission qui consiste \u00e0 toucher les autres pour Christ et \u00e0 proclamer son prochain retour.<\/p>\n<hr \/>\n<p><a href=\"https:\/\/news.adventist.org\/#_ednref1\" name=\"_edn1\">[i]<\/a> Le document \u00ab Unit\u00e9 dans la Mission : Proc\u00e9dures pour la R\u00e9conciliation de l\u2019Eglise, \u00bb vot\u00e9 lors du Concile Annuel du Comit\u00e9 Ex\u00e9cutif de la Conf\u00e9rence G\u00e9n\u00e9rale des Adventistes du Septi\u00e8me Jour, le 11 Octobre 2016. Acc\u00e9d\u00e9 sur le site <a href=\"https:\/\/www.adventistarchives.org\/unity-in-mission.pdf\" target=\"_blank\" rel=\"noopener\">https:\/\/www.adventistarchives.org\/unity-in-mission.pdf<\/a>,le 20 D\u00e9cembre 2016.<\/p>\n<p><a href=\"https:\/\/news.adventist.org\/#_ednref2\" name=\"_edn2\">[ii]<\/a> Ibid.<br \/>\n<a href=\"https:\/\/news.adventist.org\/#_ednref3\" name=\"_edn3\">[iii]<\/a> \u00ab Voix Administrative de l\u2019Eglise faisant Autorit\u00e9, \u00bb B 15 05, Manuel des R\u00e8glements de la Conf\u00e9rence G\u00e9n\u00e9rale 2015-2016, p. 61.<br \/>\n<a href=\"https:\/\/news.adventist.org\/#_ednref4\" name=\"_edn4\">[iv]<\/a> \u00ab Adh\u00e9sion Requise au R\u00e8glement, \u00bb B 15 10, Ibid.<br \/>\n<a href=\"https:\/\/news.adventist.org\/#_ednref5\" name=\"_edn5\">[v]<\/a> \u00ab Unit\u00e9 dans la Mission : Proc\u00e9dures pour la R\u00e9conciliation de l\u2019Eglise. \u00bb<br \/>\n<a href=\"https:\/\/news.adventist.org\/#_ednref6\" name=\"_edn6\">[vi]<\/a> Manuel des R\u00e8glements de la Conf\u00e9rence G\u00e9n\u00e9rale 2015-2016, pp. 51, 52.<br \/>\n<a href=\"https:\/\/news.adventist.org\/#_ednref7\" name=\"_edn7\">[vii]<\/a> \u00ab Unit\u00e9 dans la Mission : Proc\u00e9dures pour la R\u00e9conciliation de l\u2019Eglise. \u00bb<br \/>\n<a href=\"https:\/\/news.adventist.org\/#_ednref8\" name=\"_edn8\">[viii]<\/a> Ibid.<br \/>\n<a href=\"https:\/\/news.adventist.org\/#_ednref9\" name=\"_edn9\">[ix]<\/a> Ibid.<br \/>\n<a href=\"https:\/\/news.adventist.org\/#_ednref10\" name=\"_edn10\">[x]<\/a> Ibid.<br \/>\n<a href=\"https:\/\/news.adventist.org\/#_ednref11\" name=\"_edn11\">[xi]<\/a> Ibid.<br \/>\n<a href=\"https:\/\/news.adventist.org\/#_ednref12\" name=\"_edn12\">[xii]<\/a> Ibid.<br \/>\n<a href=\"https:\/\/news.adventist.org\/#_ednref13\" name=\"_edn13\">[xiii]<\/a> Ibid.<br \/>\n<a href=\"https:\/\/news.adventist.org\/#_ednref14\" name=\"_edn14\">[xiv]<\/a> Tir\u00e9 des Termes de R\u00e9f\u00e9rence du Comit\u00e9 de Supervision de l\u2019Unit\u00e9, Secr\u00e9tariat de la Conf\u00e9rence G\u00e9n\u00e9rale.<\/p>\n<\/div>\n<p>Traduction: Patrick Luciathe<\/p>\n","protected":false},"excerpt":{"rendered":"<p>Lors du Concile Annuel de 2016, le Comit\u00e9 Ex\u00e9cutif de la Conf\u00e9rence G\u00e9n\u00e9rale compos\u00e9 de 342 membres, s\u2019est r\u00e9uni au si\u00e8ge mondial de l\u2019Eglise Adventiste du Septi\u00e8me Jour \u00e0 Silver Spring dans le Maryland, afin d\u2019entendre des rapports et consid\u00e9rer un certain nombre de points. Une emphase importante a \u00e9t\u00e9 plac\u00e9e sur la mission de l\u2019\u00e9glise qui est revenue de mani\u00e8re pr\u00e9\u00e9minente dans de nombreuses discussions et de nombreux rapports.  Parmi les nombreux points consid\u00e9r\u00e9s et vot\u00e9s par les repr\u00e9sentants de l\u2019\u00e9glise venus du monde entier, peut-\u00eatre qu\u2019aucun n\u2019a re\u00e7u plus d\u2019attention que le document \u00ab Unit\u00e9 dans la Mission : Proc\u00e9dures pour la R\u00e9conciliation de l\u2019Eglise. \u00bb<\/p>\n","protected":false},"author":1,"featured_media":29136,"comment_status":"closed","ping_status":"closed","sticky":false,"template":"","format":"standard","meta":{"_acf_changed":false,"footnotes":""},"categories":[18,19],"tags":[],"class_list":["post-32749","post","type-post","status-publish","format-standard","has-post-thumbnail","hentry","category-nouvelles-de-leglise-mondiale","category-rss-francais"],"acf":[],"yoast_head":"<!-- This site is optimized with the Yoast SEO plugin v27.3 - https:\/\/yoast.com\/product\/yoast-seo-wordpress\/ -->\n<title>Unis pour la mission - \u00c9glise Adventiste Du Septieme Jour - Inter Am\u00e9rique Division<\/title>\n<meta name=\"robots\" content=\"index, follow, max-snippet:-1, max-image-preview:large, max-video-preview:-1\" \/>\n<link rel=\"canonical\" href=\"https:\/\/interamerica.org\/fr\/2017\/01\/unis-pour-la-mission\/\" \/>\n<meta property=\"og:locale\" content=\"fr_FR\" \/>\n<meta property=\"og:type\" content=\"article\" \/>\n<meta property=\"og:title\" content=\"Unis pour la mission - \u00c9glise Adventiste Du Septieme Jour - Inter Am\u00e9rique Division\" \/>\n<meta property=\"og:description\" content=\"Lors du Concile Annuel de 2016, le Comit\u00e9 Ex\u00e9cutif de la Conf\u00e9rence G\u00e9n\u00e9rale compos\u00e9 de 342 membres, s\u2019est r\u00e9uni au si\u00e8ge mondial de l\u2019Eglise Adventiste du Septi\u00e8me Jour \u00e0 Silver Spring dans le Maryland, afin d\u2019entendre des rapports et consid\u00e9rer un certain nombre de points. Une emphase importante a \u00e9t\u00e9 plac\u00e9e sur la mission de l\u2019\u00e9glise qui est revenue de mani\u00e8re pr\u00e9\u00e9minente dans de nombreuses discussions et de nombreux rapports. Parmi les nombreux points consid\u00e9r\u00e9s et vot\u00e9s par les repr\u00e9sentants de l\u2019\u00e9glise venus du monde entier, peut-\u00eatre qu\u2019aucun n\u2019a re\u00e7u plus d\u2019attention que le document \u00ab Unit\u00e9 dans la Mission : Proc\u00e9dures pour la R\u00e9conciliation de l\u2019Eglise. \u00bb\" \/>\n<meta property=\"og:url\" content=\"https:\/\/interamerica.org\/fr\/2017\/01\/unis-pour-la-mission\/\" \/>\n<meta property=\"og:site_name\" content=\"\u00c9glise Adventiste Du Septieme Jour - Inter Am\u00e9rique Division\" \/>\n<meta property=\"article:published_time\" content=\"2017-01-11T04:00:00+00:00\" \/>\n<meta property=\"article:modified_time\" content=\"2017-12-06T17:18:12+00:00\" \/>\n<meta property=\"og:image\" content=\"https:\/\/interamerica.org\/wp-content\/uploads\/2017\/06\/csm_Unity_130c1f1c76.jpeg\" \/>\n\t<meta property=\"og:image:width\" content=\"672\" \/>\n\t<meta property=\"og:image:height\" content=\"378\" \/>\n\t<meta property=\"og:image:type\" content=\"image\/jpeg\" \/>\n<meta name=\"author\" content=\"Lorenzo Verduzco\" \/>\n<meta name=\"twitter:card\" content=\"summary_large_image\" \/>\n<meta name=\"twitter:label1\" content=\"\u00c9crit par\" \/>\n\t<meta name=\"twitter:data1\" content=\"Lorenzo Verduzco\" \/>\n\t<meta name=\"twitter:label2\" content=\"Dur\u00e9e de lecture estim\u00e9e\" \/>\n\t<meta name=\"twitter:data2\" content=\"12 minutes\" \/>\n<script type=\"application\/ld+json\" class=\"yoast-schema-graph\">{\"@context\":\"https:\\\/\\\/schema.org\",\"@graph\":[{\"@type\":\"Article\",\"@id\":\"https:\\\/\\\/interamerica.org\\\/fr\\\/2017\\\/01\\\/unis-pour-la-mission\\\/#article\",\"isPartOf\":{\"@id\":\"https:\\\/\\\/interamerica.org\\\/fr\\\/2017\\\/01\\\/unis-pour-la-mission\\\/\"},\"author\":{\"name\":\"Lorenzo Verduzco\",\"@id\":\"https:\\\/\\\/interamerica.org\\\/fr\\\/#\\\/schema\\\/person\\\/68ede8bdc292885bb76c1e3810e73c39\"},\"headline\":\"Unis pour la mission\",\"datePublished\":\"2017-01-11T04:00:00+00:00\",\"dateModified\":\"2017-12-06T17:18:12+00:00\",\"mainEntityOfPage\":{\"@id\":\"https:\\\/\\\/interamerica.org\\\/fr\\\/2017\\\/01\\\/unis-pour-la-mission\\\/\"},\"wordCount\":2420,\"image\":{\"@id\":\"https:\\\/\\\/interamerica.org\\\/fr\\\/2017\\\/01\\\/unis-pour-la-mission\\\/#primaryimage\"},\"thumbnailUrl\":\"https:\\\/\\\/interamerica.org\\\/wp-content\\\/uploads\\\/2017\\\/06\\\/csm_Unity_130c1f1c76.jpeg\",\"articleSection\":[\"Nouvelles de l'\u00c9glise mondiale\",\"RSS Fran\u00e7ais\"],\"inLanguage\":\"fr-FR\"},{\"@type\":\"WebPage\",\"@id\":\"https:\\\/\\\/interamerica.org\\\/fr\\\/2017\\\/01\\\/unis-pour-la-mission\\\/\",\"url\":\"https:\\\/\\\/interamerica.org\\\/fr\\\/2017\\\/01\\\/unis-pour-la-mission\\\/\",\"name\":\"Unis pour la mission - \u00c9glise Adventiste Du Septieme Jour - Inter Am\u00e9rique Division\",\"isPartOf\":{\"@id\":\"https:\\\/\\\/interamerica.org\\\/fr\\\/#website\"},\"primaryImageOfPage\":{\"@id\":\"https:\\\/\\\/interamerica.org\\\/fr\\\/2017\\\/01\\\/unis-pour-la-mission\\\/#primaryimage\"},\"image\":{\"@id\":\"https:\\\/\\\/interamerica.org\\\/fr\\\/2017\\\/01\\\/unis-pour-la-mission\\\/#primaryimage\"},\"thumbnailUrl\":\"https:\\\/\\\/interamerica.org\\\/wp-content\\\/uploads\\\/2017\\\/06\\\/csm_Unity_130c1f1c76.jpeg\",\"datePublished\":\"2017-01-11T04:00:00+00:00\",\"dateModified\":\"2017-12-06T17:18:12+00:00\",\"author\":{\"@id\":\"https:\\\/\\\/interamerica.org\\\/fr\\\/#\\\/schema\\\/person\\\/68ede8bdc292885bb76c1e3810e73c39\"},\"breadcrumb\":{\"@id\":\"https:\\\/\\\/interamerica.org\\\/fr\\\/2017\\\/01\\\/unis-pour-la-mission\\\/#breadcrumb\"},\"inLanguage\":\"fr-FR\",\"potentialAction\":[{\"@type\":\"ReadAction\",\"target\":[\"https:\\\/\\\/interamerica.org\\\/fr\\\/2017\\\/01\\\/unis-pour-la-mission\\\/\"]}]},{\"@type\":\"ImageObject\",\"inLanguage\":\"fr-FR\",\"@id\":\"https:\\\/\\\/interamerica.org\\\/fr\\\/2017\\\/01\\\/unis-pour-la-mission\\\/#primaryimage\",\"url\":\"https:\\\/\\\/interamerica.org\\\/wp-content\\\/uploads\\\/2017\\\/06\\\/csm_Unity_130c1f1c76.jpeg\",\"contentUrl\":\"https:\\\/\\\/interamerica.org\\\/wp-content\\\/uploads\\\/2017\\\/06\\\/csm_Unity_130c1f1c76.jpeg\",\"width\":672,\"height\":378},{\"@type\":\"BreadcrumbList\",\"@id\":\"https:\\\/\\\/interamerica.org\\\/fr\\\/2017\\\/01\\\/unis-pour-la-mission\\\/#breadcrumb\",\"itemListElement\":[{\"@type\":\"ListItem\",\"position\":1,\"name\":\"Home\",\"item\":\"https:\\\/\\\/interamerica.org\\\/fr\\\/\"},{\"@type\":\"ListItem\",\"position\":2,\"name\":\"Unis pour la mission\"}]},{\"@type\":\"WebSite\",\"@id\":\"https:\\\/\\\/interamerica.org\\\/fr\\\/#website\",\"url\":\"https:\\\/\\\/interamerica.org\\\/fr\\\/\",\"name\":\"\u00c9glise Adventiste Du Septieme Jour - Inter Am\u00e9rique Division\",\"description\":\"\",\"potentialAction\":[{\"@type\":\"SearchAction\",\"target\":{\"@type\":\"EntryPoint\",\"urlTemplate\":\"https:\\\/\\\/interamerica.org\\\/fr\\\/?s={search_term_string}\"},\"query-input\":{\"@type\":\"PropertyValueSpecification\",\"valueRequired\":true,\"valueName\":\"search_term_string\"}}],\"inLanguage\":\"fr-FR\"},{\"@type\":\"Person\",\"@id\":\"https:\\\/\\\/interamerica.org\\\/fr\\\/#\\\/schema\\\/person\\\/68ede8bdc292885bb76c1e3810e73c39\",\"name\":\"Lorenzo Verduzco\",\"image\":{\"@type\":\"ImageObject\",\"inLanguage\":\"fr-FR\",\"@id\":\"https:\\\/\\\/secure.gravatar.com\\\/avatar\\\/fb81a55b6218459490a9c1dc841a34909185b81904c5337b4b27f7a6fd60c49e?s=96&d=mm&r=g\",\"url\":\"https:\\\/\\\/secure.gravatar.com\\\/avatar\\\/fb81a55b6218459490a9c1dc841a34909185b81904c5337b4b27f7a6fd60c49e?s=96&d=mm&r=g\",\"contentUrl\":\"https:\\\/\\\/secure.gravatar.com\\\/avatar\\\/fb81a55b6218459490a9c1dc841a34909185b81904c5337b4b27f7a6fd60c49e?s=96&d=mm&r=g\",\"caption\":\"Lorenzo Verduzco\"}}]}<\/script>\n<!-- \/ Yoast SEO plugin. -->","yoast_head_json":{"title":"Unis pour la mission - \u00c9glise Adventiste Du Septieme Jour - Inter Am\u00e9rique Division","robots":{"index":"index","follow":"follow","max-snippet":"max-snippet:-1","max-image-preview":"max-image-preview:large","max-video-preview":"max-video-preview:-1"},"canonical":"https:\/\/interamerica.org\/fr\/2017\/01\/unis-pour-la-mission\/","og_locale":"fr_FR","og_type":"article","og_title":"Unis pour la mission - \u00c9glise Adventiste Du Septieme Jour - Inter Am\u00e9rique Division","og_description":"Lors du Concile Annuel de 2016, le Comit\u00e9 Ex\u00e9cutif de la Conf\u00e9rence G\u00e9n\u00e9rale compos\u00e9 de 342 membres, s\u2019est r\u00e9uni au si\u00e8ge mondial de l\u2019Eglise Adventiste du Septi\u00e8me Jour \u00e0 Silver Spring dans le Maryland, afin d\u2019entendre des rapports et consid\u00e9rer un certain nombre de points. Une emphase importante a \u00e9t\u00e9 plac\u00e9e sur la mission de l\u2019\u00e9glise qui est revenue de mani\u00e8re pr\u00e9\u00e9minente dans de nombreuses discussions et de nombreux rapports. Parmi les nombreux points consid\u00e9r\u00e9s et vot\u00e9s par les repr\u00e9sentants de l\u2019\u00e9glise venus du monde entier, peut-\u00eatre qu\u2019aucun n\u2019a re\u00e7u plus d\u2019attention que le document \u00ab Unit\u00e9 dans la Mission : Proc\u00e9dures pour la R\u00e9conciliation de l\u2019Eglise. \u00bb","og_url":"https:\/\/interamerica.org\/fr\/2017\/01\/unis-pour-la-mission\/","og_site_name":"\u00c9glise Adventiste Du Septieme Jour - Inter Am\u00e9rique Division","article_published_time":"2017-01-11T04:00:00+00:00","article_modified_time":"2017-12-06T17:18:12+00:00","og_image":[{"width":672,"height":378,"url":"https:\/\/interamerica.org\/wp-content\/uploads\/2017\/06\/csm_Unity_130c1f1c76.jpeg","type":"image\/jpeg"}],"author":"Lorenzo Verduzco","twitter_card":"summary_large_image","twitter_misc":{"\u00c9crit par":"Lorenzo Verduzco","Dur\u00e9e de lecture estim\u00e9e":"12 minutes"},"schema":{"@context":"https:\/\/schema.org","@graph":[{"@type":"Article","@id":"https:\/\/interamerica.org\/fr\/2017\/01\/unis-pour-la-mission\/#article","isPartOf":{"@id":"https:\/\/interamerica.org\/fr\/2017\/01\/unis-pour-la-mission\/"},"author":{"name":"Lorenzo Verduzco","@id":"https:\/\/interamerica.org\/fr\/#\/schema\/person\/68ede8bdc292885bb76c1e3810e73c39"},"headline":"Unis pour la mission","datePublished":"2017-01-11T04:00:00+00:00","dateModified":"2017-12-06T17:18:12+00:00","mainEntityOfPage":{"@id":"https:\/\/interamerica.org\/fr\/2017\/01\/unis-pour-la-mission\/"},"wordCount":2420,"image":{"@id":"https:\/\/interamerica.org\/fr\/2017\/01\/unis-pour-la-mission\/#primaryimage"},"thumbnailUrl":"https:\/\/interamerica.org\/wp-content\/uploads\/2017\/06\/csm_Unity_130c1f1c76.jpeg","articleSection":["Nouvelles de l'\u00c9glise mondiale","RSS Fran\u00e7ais"],"inLanguage":"fr-FR"},{"@type":"WebPage","@id":"https:\/\/interamerica.org\/fr\/2017\/01\/unis-pour-la-mission\/","url":"https:\/\/interamerica.org\/fr\/2017\/01\/unis-pour-la-mission\/","name":"Unis pour la mission - \u00c9glise Adventiste Du Septieme Jour - Inter Am\u00e9rique Division","isPartOf":{"@id":"https:\/\/interamerica.org\/fr\/#website"},"primaryImageOfPage":{"@id":"https:\/\/interamerica.org\/fr\/2017\/01\/unis-pour-la-mission\/#primaryimage"},"image":{"@id":"https:\/\/interamerica.org\/fr\/2017\/01\/unis-pour-la-mission\/#primaryimage"},"thumbnailUrl":"https:\/\/interamerica.org\/wp-content\/uploads\/2017\/06\/csm_Unity_130c1f1c76.jpeg","datePublished":"2017-01-11T04:00:00+00:00","dateModified":"2017-12-06T17:18:12+00:00","author":{"@id":"https:\/\/interamerica.org\/fr\/#\/schema\/person\/68ede8bdc292885bb76c1e3810e73c39"},"breadcrumb":{"@id":"https:\/\/interamerica.org\/fr\/2017\/01\/unis-pour-la-mission\/#breadcrumb"},"inLanguage":"fr-FR","potentialAction":[{"@type":"ReadAction","target":["https:\/\/interamerica.org\/fr\/2017\/01\/unis-pour-la-mission\/"]}]},{"@type":"ImageObject","inLanguage":"fr-FR","@id":"https:\/\/interamerica.org\/fr\/2017\/01\/unis-pour-la-mission\/#primaryimage","url":"https:\/\/interamerica.org\/wp-content\/uploads\/2017\/06\/csm_Unity_130c1f1c76.jpeg","contentUrl":"https:\/\/interamerica.org\/wp-content\/uploads\/2017\/06\/csm_Unity_130c1f1c76.jpeg","width":672,"height":378},{"@type":"BreadcrumbList","@id":"https:\/\/interamerica.org\/fr\/2017\/01\/unis-pour-la-mission\/#breadcrumb","itemListElement":[{"@type":"ListItem","position":1,"name":"Home","item":"https:\/\/interamerica.org\/fr\/"},{"@type":"ListItem","position":2,"name":"Unis pour la mission"}]},{"@type":"WebSite","@id":"https:\/\/interamerica.org\/fr\/#website","url":"https:\/\/interamerica.org\/fr\/","name":"\u00c9glise Adventiste Du Septieme Jour - Inter Am\u00e9rique Division","description":"","potentialAction":[{"@type":"SearchAction","target":{"@type":"EntryPoint","urlTemplate":"https:\/\/interamerica.org\/fr\/?s={search_term_string}"},"query-input":{"@type":"PropertyValueSpecification","valueRequired":true,"valueName":"search_term_string"}}],"inLanguage":"fr-FR"},{"@type":"Person","@id":"https:\/\/interamerica.org\/fr\/#\/schema\/person\/68ede8bdc292885bb76c1e3810e73c39","name":"Lorenzo Verduzco","image":{"@type":"ImageObject","inLanguage":"fr-FR","@id":"https:\/\/secure.gravatar.com\/avatar\/fb81a55b6218459490a9c1dc841a34909185b81904c5337b4b27f7a6fd60c49e?s=96&d=mm&r=g","url":"https:\/\/secure.gravatar.com\/avatar\/fb81a55b6218459490a9c1dc841a34909185b81904c5337b4b27f7a6fd60c49e?s=96&d=mm&r=g","contentUrl":"https:\/\/secure.gravatar.com\/avatar\/fb81a55b6218459490a9c1dc841a34909185b81904c5337b4b27f7a6fd60c49e?s=96&d=mm&r=g","caption":"Lorenzo Verduzco"}}]}},"_links":{"self":[{"href":"https:\/\/interamerica.org\/fr\/wp-json\/wp\/v2\/posts\/32749","targetHints":{"allow":["GET"]}}],"collection":[{"href":"https:\/\/interamerica.org\/fr\/wp-json\/wp\/v2\/posts"}],"about":[{"href":"https:\/\/interamerica.org\/fr\/wp-json\/wp\/v2\/types\/post"}],"author":[{"embeddable":true,"href":"https:\/\/interamerica.org\/fr\/wp-json\/wp\/v2\/users\/1"}],"replies":[{"embeddable":true,"href":"https:\/\/interamerica.org\/fr\/wp-json\/wp\/v2\/comments?post=32749"}],"version-history":[{"count":0,"href":"https:\/\/interamerica.org\/fr\/wp-json\/wp\/v2\/posts\/32749\/revisions"}],"wp:featuredmedia":[{"embeddable":true,"href":"https:\/\/interamerica.org\/fr\/wp-json\/wp\/v2\/media\/29136"}],"wp:attachment":[{"href":"https:\/\/interamerica.org\/fr\/wp-json\/wp\/v2\/media?parent=32749"}],"wp:term":[{"taxonomy":"category","embeddable":true,"href":"https:\/\/interamerica.org\/fr\/wp-json\/wp\/v2\/categories?post=32749"},{"taxonomy":"post_tag","embeddable":true,"href":"https:\/\/interamerica.org\/fr\/wp-json\/wp\/v2\/tags?post=32749"}],"curies":[{"name":"wp","href":"https:\/\/api.w.org\/{rel}","templated":true}]}}