{"id":32752,"date":"2017-01-17T00:00:00","date_gmt":"2017-01-17T04:00:00","guid":{"rendered":"http:\/\/192.81.217.108\/interamerica\/2017\/01\/750-benevoles-adventistes-creent-un-impact-a-tucson-en-arizona\/"},"modified":"2017-12-06T02:57:03","modified_gmt":"2017-12-06T06:57:03","slug":"750-benevoles-adventistes-creent-un-impact-a-tucson-en-arizona","status":"publish","type":"post","link":"https:\/\/interamerica.org\/fr\/2017\/01\/750-benevoles-adventistes-creent-un-impact-a-tucson-en-arizona\/","title":{"rendered":"750 b\u00e9n\u00e9voles Adventistes cr\u00e9ent un impact \u00e0 Tucson en Arizona"},"content":{"rendered":"<div id=\"attachment_26406\" style=\"width: 750px\" class=\"wp-caption aligncenter\"><a href=\"\/interamerica\/wp-content\/uploads\/2017\/06\/750-Adventist-Volunteers-Make-Impact-in-Tucson-Arizona.jpeg\" rel=\"fancybox\" title=\"750 b\u00e9n\u00e9voles Adventistes cr\u00e9ent un impact \u00e0 Tucson en Arizona\"><img fetchpriority=\"high\" decoding=\"async\" aria-describedby=\"caption-attachment-26406\" class=\" wp-image-26406\" src=\"\/interamerica\/wp-content\/uploads\/2017\/06\/750-Adventist-Volunteers-Make-Impact-in-Tucson-Arizona.jpeg\" alt=\"\" width=\"740\" height=\"370\" \/><\/a><p id=\"caption-attachment-26406\" class=\"wp-caption-text\">Des b\u00e9n\u00e9voles parmi les plus de 750 Adventistes qui ont converg\u00e9 \u00e0 Tucson en Arizona du 8 au 11 janvier pour la Convention des Minist\u00e8res Adventistes de la Division Nord Am\u00e9ricaine. Image de la Division Nord Am\u00e9ricaine.<\/p><\/div>\n<p>16 Janvier 2017 \u2013 Tucson, Arizona, Etats Unis \u2013 Kimberly Luste Maran, Communication, NAD<\/p>\n<p>Plus de 750 Adventistes du Septi\u00e8me Jour ont converg\u00e9 \u00e0 Tucson en Arizona du 8 au 11 janvier afin d\u2019adorer, d\u2019apprendre, de partager leurs talents et se mettre en r\u00e9seau lors de la Convention des Minist\u00e8res Adventistes de la Division Nord Am\u00e9ricaine (NAD AMC). Ils se sont \u00e9galement r\u00e9unis pour servir la communaut\u00e9 locale \u00e0 travers trois opportunit\u00e9s d\u2019actions missionnaires du Mouvement Compassion de la NAD : aider deux \u00e9coles publiques par le biais de Tucson Serve the City (Tucson au Service de la Ville), et conditionner 2500 repas pour Stop Hunger Now (Stop \u00e0 la Faim Maintenant).*<\/p>\n<p>Lors de leur inscription en ligne, il a \u00e9t\u00e9 demand\u00e9 \u00e0 chaque participant de choisir un projet de compassion pour lequel il ou elle serait volontaire pendant la premi\u00e8re partie de la convention. Chaque projet propos\u00e9 l\u2019\u00e9tait sur la base du premier venu, premier servi, et le nombre d\u2019inscrits \u00e9tait limit\u00e9 pour chaque projet. Pour le programme de Stop Hunger Now qui se tenait \u00e0 l\u2019h\u00f4tel accueillant la convention, par exemple, plus de 150 participants ont aid\u00e9 \u00e0 mettre de la nourriture s\u00e9ch\u00e9e et pes\u00e9e dans des sacs afin de pr\u00e9parer les repas que Stop Hunger Now distribue aux pays ou aux population dans le besoin.<\/p>\n<p>Le projet Tucson Serve the City \u00e9tait organis\u00e9 hors du site dans deux \u00e9coles de la ville ayant tr\u00e8s peu de ressources. Cette action missionnaire a \u00e9t\u00e9 l\u2019occasion d\u2019\u00e9tablir un partenariat entre les participants de NAD AMC et l\u2019organisation locale Serve the City afin d\u2019aider \u00e0 nettoyer et r\u00e9am\u00e9nager les \u00e9coles.<\/p>\n<p>A l\u2019Ecole Primaire Elvira, les b\u00e9n\u00e9voles du projet ont peint environ 65 m\u00e8tres carr\u00e9s de murs en brique (en pr\u00e9paration pour de futures fresques murales), ils ont ajout\u00e9 de la peinture fraiche \u00e0 une sc\u00e8ne murale existante repr\u00e9sentant un d\u00e9sert, ils ont balay\u00e9 les all\u00e9es, ont ramass\u00e9 les feuilles des aires de jeu et ont aid\u00e9 dans un projet de porte \u00e0 couper dans la section maternelle.<\/p>\n<div id=\"attachment_26409\" style=\"width: 506px\" class=\"wp-caption alignright\"><a href=\"\/interamerica\/wp-content\/uploads\/2017\/06\/Tucson-bagged-meals.png\" rel=\"fancybox\" title=\"750 b\u00e9n\u00e9voles Adventistes cr\u00e9ent un impact \u00e0 Tucson en Arizona\"><img decoding=\"async\" aria-describedby=\"caption-attachment-26409\" class=\" wp-image-26409\" src=\"\/interamerica\/wp-content\/uploads\/2017\/06\/Tucson-bagged-meals.png\" alt=\"\" width=\"496\" height=\"328\" \/><\/a><p id=\"caption-attachment-26409\" class=\"wp-caption-text\">Des Adventistes du Septi\u00e8me Jour participant \u00e0 la Convention des Minist\u00e8res Adventistes de la Division Nord Am\u00e9ricaine \u00e0 Tucson en Arizona, mettent en sac des repas dans le cadre d\u2019un projet Stop Hunger Now. Image de Pieter Damsteegt\/NAD.<\/p><\/div>\n<p>\u00ab La s\u00e9paration de l\u2019\u00e9glise et de l\u2019\u00e9tat \u00bb n\u2019est pas ce que nous pensons qu\u2019elle est, et \u00e0 aucun endroit cette diff\u00e9rence n\u2019est plus \u00e9vidente que dans l\u2019\u00e9ducation publique \u00e0 Tucson en Arizona, \u00bb ont indiqu\u00e9 les organisateurs de NAD AMC. \u00ab En disant aux \u00e9coles : \u2018Comment pouvons-nous prier pour vous et que pouvons-nous faire pour vous aider ?\u2019 et en donnant une suite \u00e0 ces deux requ\u00eates, les \u00e9glises ont \u00e9t\u00e9 accueillies dans les \u00e9coles publiques pour apporter leur aide et servir. Nos participants \u00e9taient \u00e0 l\u2019aise avec les services qu\u2019ils ont propos\u00e9s. \u00bb<\/p>\n<p>L\u2019Ecole Primaire de Santa Clara a un nouveau look depuis que les b\u00e9n\u00e9voles ont peint la totalit\u00e9 de la cantine. Les organisateurs ont d\u00e9clar\u00e9 : \u00ab Nous avons pris du temps pour \u00eatre sel et lumi\u00e8re \u00e0 Tucson d\u2019une fa\u00e7on qui permet de cr\u00e9er un impact imm\u00e9diat et tangible, mais qui a \u00e9galement des r\u00e9percussion dans toute la ville. \u00bb<\/p>\n<p>Bryant Taylor, directeur de la Communication et de la Technologie de l\u2019Information pour la F\u00e9d\u00e9ration du Sud-Est en Floride, a coordonn\u00e9 l\u2019action pour le projet du Mouvement Compassion de la NAD \u00e0 l\u2019Ecole d\u2019Elvira. Bryant Taylor a dit que le principal avait appr\u00e9ci\u00e9 \u00e9norm\u00e9ment le fait que \u00ab nous \u00e9tions d\u00e9sireux de donner de notre temps pour venir un dimanche matin pour peindre leur \u00e9cole. \u00bb Bryant Taylor a expliqu\u00e9 que beaucoup des \u00e9tudiants viennent de la r\u00e9serve qui se trouve \u00e0 moins de 3 kilom\u00e8tres, et que l\u2019\u00e9cole se trouve dans le secteur le plus pauvre de la ville.<\/p>\n<p>\u00ab Le principal a mentionn\u00e9 que lui, ainsi qu\u2019une ou deux autres personnes, avaient entrepris de peindre l\u2019\u00e9cole le weekend, et cela depuis des semaines. Il \u00e9tait vraiment \u00e9merveill\u00e9 de ce que nous ayons pu terminer un tiers du projet total en une journ\u00e9e. Il nous a invit\u00e9 \u00e0 mettre un \u00ab like \u00bb sur la page Facebook de l\u2019\u00e9cole, son principal moyen de communication avec les parents et la communaut\u00e9, afin que nous puissions suivre les activit\u00e9s de l\u2019\u00e9cole. \u00bb Bryant Taylor a ajout\u00e9 : \u00ab Nous avons pri\u00e9 avec lui et demand\u00e9 une b\u00e9n\u00e9diction pour l\u2019\u00e9cole. \u00bb<\/p>\n<p>* Stop Hunger Now est une organisation humanitaire internationale qui distribue des repas \u00e0 l\u2019\u00e9tranger dans 74 pays diff\u00e9rents avec lesquels elle est en partenariat. Elle distribue des repas gr\u00e2ce \u00e0 des programmes de distribution de nourriture g\u00e9r\u00e9s par des organisations partenaires dans des pays en voie de d\u00e9veloppement qui promeuvent l\u2019\u00e9ducation, et qui encouragent les enfant \u00e0 aller \u00e0 l\u2019\u00e9cole, qui am\u00e9liorent la sant\u00e9 et la nutrition des \u00e9tudiants, qui traitent les question d\u2019in\u00e9galit\u00e9s bas\u00e9es sur le sexe, qui stimulent la croissance \u00e9conomique, qui luttent contre le travail des enfants et qui sont important pour traiter les probl\u00e8mes mondiaux.<\/p>\n<p>Traduction: Patrick Luciathe<\/p>\n","protected":false},"excerpt":{"rendered":"<p>Plus de 750 Adventistes du Septi\u00e8me Jour ont converg\u00e9 \u00e0 Tucson en Arizona du 8 au 11 janvier afin d\u2019adorer, d\u2019apprendre, de partager leurs talents et se mettre en r\u00e9seau lors de la Convention des Minist\u00e8res Adventistes de la Division Nord Am\u00e9ricaine (NAD AMC). Ils se sont \u00e9galement r\u00e9unis pour servir la communaut\u00e9 locale \u00e0 travers trois opportunit\u00e9s d\u2019actions missionnaires du Mouvement Compassion de la NAD : aider deux \u00e9coles publiques par le biais de Tucson Serve the City (Tucson au Service de la Ville), et conditionner 2500 repas pour Stop Hunger Now (Stop \u00e0 la Faim Maintenant).*<\/p>\n","protected":false},"author":1,"featured_media":29157,"comment_status":"closed","ping_status":"closed","sticky":false,"template":"","format":"standard","meta":{"_acf_changed":false,"footnotes":""},"categories":[18,19],"tags":[],"class_list":["post-32752","post","type-post","status-publish","format-standard","has-post-thumbnail","hentry","category-nouvelles-de-leglise-mondiale","category-rss-francais"],"acf":[],"yoast_head":"<!-- This site is optimized with the Yoast SEO plugin v27.3 - https:\/\/yoast.com\/product\/yoast-seo-wordpress\/ -->\n<title>750 b\u00e9n\u00e9voles Adventistes cr\u00e9ent un impact \u00e0 Tucson en Arizona - \u00c9glise Adventiste Du Septieme Jour - Inter Am\u00e9rique Division<\/title>\n<meta name=\"robots\" content=\"index, follow, max-snippet:-1, max-image-preview:large, max-video-preview:-1\" \/>\n<link rel=\"canonical\" href=\"https:\/\/interamerica.org\/fr\/2017\/01\/750-benevoles-adventistes-creent-un-impact-a-tucson-en-arizona\/\" \/>\n<meta property=\"og:locale\" content=\"fr_FR\" \/>\n<meta property=\"og:type\" content=\"article\" \/>\n<meta property=\"og:title\" content=\"750 b\u00e9n\u00e9voles Adventistes cr\u00e9ent un impact \u00e0 Tucson en Arizona - \u00c9glise Adventiste Du Septieme Jour - Inter Am\u00e9rique Division\" \/>\n<meta property=\"og:description\" content=\"Plus de 750 Adventistes du Septi\u00e8me Jour ont converg\u00e9 \u00e0 Tucson en Arizona du 8 au 11 janvier afin d\u2019adorer, d\u2019apprendre, de partager leurs talents et se mettre en r\u00e9seau lors de la Convention des Minist\u00e8res Adventistes de la Division Nord Am\u00e9ricaine (NAD AMC). Ils se sont \u00e9galement r\u00e9unis pour servir la communaut\u00e9 locale \u00e0 travers trois opportunit\u00e9s d\u2019actions missionnaires du Mouvement Compassion de la NAD : aider deux \u00e9coles publiques par le biais de Tucson Serve the City (Tucson au Service de la Ville), et conditionner 2500 repas pour Stop Hunger Now (Stop \u00e0 la Faim Maintenant).*\" \/>\n<meta property=\"og:url\" content=\"https:\/\/interamerica.org\/fr\/2017\/01\/750-benevoles-adventistes-creent-un-impact-a-tucson-en-arizona\/\" \/>\n<meta property=\"og:site_name\" content=\"\u00c9glise Adventiste Du Septieme Jour - Inter Am\u00e9rique Division\" \/>\n<meta property=\"article:published_time\" content=\"2017-01-17T04:00:00+00:00\" \/>\n<meta property=\"article:modified_time\" content=\"2017-12-06T06:57:03+00:00\" \/>\n<meta property=\"og:image\" content=\"https:\/\/interamerica.org\/wp-content\/uploads\/2017\/06\/750-Adventist-Volunteers-Make-Impact-in-Tucson-Arizona.jpeg\" \/>\n\t<meta property=\"og:image:width\" content=\"1000\" \/>\n\t<meta property=\"og:image:height\" content=\"500\" \/>\n\t<meta property=\"og:image:type\" content=\"image\/jpeg\" \/>\n<meta name=\"author\" content=\"Lorenzo Verduzco\" \/>\n<meta name=\"twitter:card\" content=\"summary_large_image\" \/>\n<meta name=\"twitter:label1\" content=\"\u00c9crit par\" \/>\n\t<meta name=\"twitter:data1\" content=\"Lorenzo Verduzco\" \/>\n\t<meta name=\"twitter:label2\" content=\"Dur\u00e9e de lecture estim\u00e9e\" \/>\n\t<meta name=\"twitter:data2\" content=\"5 minutes\" \/>\n<script type=\"application\/ld+json\" class=\"yoast-schema-graph\">{\"@context\":\"https:\\\/\\\/schema.org\",\"@graph\":[{\"@type\":\"Article\",\"@id\":\"https:\\\/\\\/interamerica.org\\\/fr\\\/2017\\\/01\\\/750-benevoles-adventistes-creent-un-impact-a-tucson-en-arizona\\\/#article\",\"isPartOf\":{\"@id\":\"https:\\\/\\\/interamerica.org\\\/fr\\\/2017\\\/01\\\/750-benevoles-adventistes-creent-un-impact-a-tucson-en-arizona\\\/\"},\"author\":{\"name\":\"Lorenzo Verduzco\",\"@id\":\"https:\\\/\\\/interamerica.org\\\/fr\\\/#\\\/schema\\\/person\\\/68ede8bdc292885bb76c1e3810e73c39\"},\"headline\":\"750 b\u00e9n\u00e9voles Adventistes cr\u00e9ent un impact \u00e0 Tucson en Arizona\",\"datePublished\":\"2017-01-17T04:00:00+00:00\",\"dateModified\":\"2017-12-06T06:57:03+00:00\",\"mainEntityOfPage\":{\"@id\":\"https:\\\/\\\/interamerica.org\\\/fr\\\/2017\\\/01\\\/750-benevoles-adventistes-creent-un-impact-a-tucson-en-arizona\\\/\"},\"wordCount\":937,\"image\":{\"@id\":\"https:\\\/\\\/interamerica.org\\\/fr\\\/2017\\\/01\\\/750-benevoles-adventistes-creent-un-impact-a-tucson-en-arizona\\\/#primaryimage\"},\"thumbnailUrl\":\"https:\\\/\\\/interamerica.org\\\/wp-content\\\/uploads\\\/2017\\\/06\\\/750-Adventist-Volunteers-Make-Impact-in-Tucson-Arizona.jpeg\",\"articleSection\":[\"Nouvelles de l'\u00c9glise mondiale\",\"RSS Fran\u00e7ais\"],\"inLanguage\":\"fr-FR\"},{\"@type\":\"WebPage\",\"@id\":\"https:\\\/\\\/interamerica.org\\\/fr\\\/2017\\\/01\\\/750-benevoles-adventistes-creent-un-impact-a-tucson-en-arizona\\\/\",\"url\":\"https:\\\/\\\/interamerica.org\\\/fr\\\/2017\\\/01\\\/750-benevoles-adventistes-creent-un-impact-a-tucson-en-arizona\\\/\",\"name\":\"750 b\u00e9n\u00e9voles Adventistes cr\u00e9ent un impact \u00e0 Tucson en Arizona - \u00c9glise Adventiste Du Septieme Jour - Inter Am\u00e9rique Division\",\"isPartOf\":{\"@id\":\"https:\\\/\\\/interamerica.org\\\/fr\\\/#website\"},\"primaryImageOfPage\":{\"@id\":\"https:\\\/\\\/interamerica.org\\\/fr\\\/2017\\\/01\\\/750-benevoles-adventistes-creent-un-impact-a-tucson-en-arizona\\\/#primaryimage\"},\"image\":{\"@id\":\"https:\\\/\\\/interamerica.org\\\/fr\\\/2017\\\/01\\\/750-benevoles-adventistes-creent-un-impact-a-tucson-en-arizona\\\/#primaryimage\"},\"thumbnailUrl\":\"https:\\\/\\\/interamerica.org\\\/wp-content\\\/uploads\\\/2017\\\/06\\\/750-Adventist-Volunteers-Make-Impact-in-Tucson-Arizona.jpeg\",\"datePublished\":\"2017-01-17T04:00:00+00:00\",\"dateModified\":\"2017-12-06T06:57:03+00:00\",\"author\":{\"@id\":\"https:\\\/\\\/interamerica.org\\\/fr\\\/#\\\/schema\\\/person\\\/68ede8bdc292885bb76c1e3810e73c39\"},\"breadcrumb\":{\"@id\":\"https:\\\/\\\/interamerica.org\\\/fr\\\/2017\\\/01\\\/750-benevoles-adventistes-creent-un-impact-a-tucson-en-arizona\\\/#breadcrumb\"},\"inLanguage\":\"fr-FR\",\"potentialAction\":[{\"@type\":\"ReadAction\",\"target\":[\"https:\\\/\\\/interamerica.org\\\/fr\\\/2017\\\/01\\\/750-benevoles-adventistes-creent-un-impact-a-tucson-en-arizona\\\/\"]}]},{\"@type\":\"ImageObject\",\"inLanguage\":\"fr-FR\",\"@id\":\"https:\\\/\\\/interamerica.org\\\/fr\\\/2017\\\/01\\\/750-benevoles-adventistes-creent-un-impact-a-tucson-en-arizona\\\/#primaryimage\",\"url\":\"https:\\\/\\\/interamerica.org\\\/wp-content\\\/uploads\\\/2017\\\/06\\\/750-Adventist-Volunteers-Make-Impact-in-Tucson-Arizona.jpeg\",\"contentUrl\":\"https:\\\/\\\/interamerica.org\\\/wp-content\\\/uploads\\\/2017\\\/06\\\/750-Adventist-Volunteers-Make-Impact-in-Tucson-Arizona.jpeg\",\"width\":1000,\"height\":500},{\"@type\":\"BreadcrumbList\",\"@id\":\"https:\\\/\\\/interamerica.org\\\/fr\\\/2017\\\/01\\\/750-benevoles-adventistes-creent-un-impact-a-tucson-en-arizona\\\/#breadcrumb\",\"itemListElement\":[{\"@type\":\"ListItem\",\"position\":1,\"name\":\"Home\",\"item\":\"https:\\\/\\\/interamerica.org\\\/fr\\\/\"},{\"@type\":\"ListItem\",\"position\":2,\"name\":\"750 b\u00e9n\u00e9voles Adventistes cr\u00e9ent un impact \u00e0 Tucson en Arizona\"}]},{\"@type\":\"WebSite\",\"@id\":\"https:\\\/\\\/interamerica.org\\\/fr\\\/#website\",\"url\":\"https:\\\/\\\/interamerica.org\\\/fr\\\/\",\"name\":\"\u00c9glise Adventiste Du Septieme Jour - Inter Am\u00e9rique Division\",\"description\":\"\",\"potentialAction\":[{\"@type\":\"SearchAction\",\"target\":{\"@type\":\"EntryPoint\",\"urlTemplate\":\"https:\\\/\\\/interamerica.org\\\/fr\\\/?s={search_term_string}\"},\"query-input\":{\"@type\":\"PropertyValueSpecification\",\"valueRequired\":true,\"valueName\":\"search_term_string\"}}],\"inLanguage\":\"fr-FR\"},{\"@type\":\"Person\",\"@id\":\"https:\\\/\\\/interamerica.org\\\/fr\\\/#\\\/schema\\\/person\\\/68ede8bdc292885bb76c1e3810e73c39\",\"name\":\"Lorenzo Verduzco\",\"image\":{\"@type\":\"ImageObject\",\"inLanguage\":\"fr-FR\",\"@id\":\"https:\\\/\\\/secure.gravatar.com\\\/avatar\\\/fb81a55b6218459490a9c1dc841a34909185b81904c5337b4b27f7a6fd60c49e?s=96&d=mm&r=g\",\"url\":\"https:\\\/\\\/secure.gravatar.com\\\/avatar\\\/fb81a55b6218459490a9c1dc841a34909185b81904c5337b4b27f7a6fd60c49e?s=96&d=mm&r=g\",\"contentUrl\":\"https:\\\/\\\/secure.gravatar.com\\\/avatar\\\/fb81a55b6218459490a9c1dc841a34909185b81904c5337b4b27f7a6fd60c49e?s=96&d=mm&r=g\",\"caption\":\"Lorenzo Verduzco\"}}]}<\/script>\n<!-- \/ Yoast SEO plugin. -->","yoast_head_json":{"title":"750 b\u00e9n\u00e9voles Adventistes cr\u00e9ent un impact \u00e0 Tucson en Arizona - \u00c9glise Adventiste Du Septieme Jour - Inter Am\u00e9rique Division","robots":{"index":"index","follow":"follow","max-snippet":"max-snippet:-1","max-image-preview":"max-image-preview:large","max-video-preview":"max-video-preview:-1"},"canonical":"https:\/\/interamerica.org\/fr\/2017\/01\/750-benevoles-adventistes-creent-un-impact-a-tucson-en-arizona\/","og_locale":"fr_FR","og_type":"article","og_title":"750 b\u00e9n\u00e9voles Adventistes cr\u00e9ent un impact \u00e0 Tucson en Arizona - \u00c9glise Adventiste Du Septieme Jour - Inter Am\u00e9rique Division","og_description":"Plus de 750 Adventistes du Septi\u00e8me Jour ont converg\u00e9 \u00e0 Tucson en Arizona du 8 au 11 janvier afin d\u2019adorer, d\u2019apprendre, de partager leurs talents et se mettre en r\u00e9seau lors de la Convention des Minist\u00e8res Adventistes de la Division Nord Am\u00e9ricaine (NAD AMC). Ils se sont \u00e9galement r\u00e9unis pour servir la communaut\u00e9 locale \u00e0 travers trois opportunit\u00e9s d\u2019actions missionnaires du Mouvement Compassion de la NAD : aider deux \u00e9coles publiques par le biais de Tucson Serve the City (Tucson au Service de la Ville), et conditionner 2500 repas pour Stop Hunger Now (Stop \u00e0 la Faim Maintenant).*","og_url":"https:\/\/interamerica.org\/fr\/2017\/01\/750-benevoles-adventistes-creent-un-impact-a-tucson-en-arizona\/","og_site_name":"\u00c9glise Adventiste Du Septieme Jour - Inter Am\u00e9rique Division","article_published_time":"2017-01-17T04:00:00+00:00","article_modified_time":"2017-12-06T06:57:03+00:00","og_image":[{"width":1000,"height":500,"url":"https:\/\/interamerica.org\/wp-content\/uploads\/2017\/06\/750-Adventist-Volunteers-Make-Impact-in-Tucson-Arizona.jpeg","type":"image\/jpeg"}],"author":"Lorenzo Verduzco","twitter_card":"summary_large_image","twitter_misc":{"\u00c9crit par":"Lorenzo Verduzco","Dur\u00e9e de lecture estim\u00e9e":"5 minutes"},"schema":{"@context":"https:\/\/schema.org","@graph":[{"@type":"Article","@id":"https:\/\/interamerica.org\/fr\/2017\/01\/750-benevoles-adventistes-creent-un-impact-a-tucson-en-arizona\/#article","isPartOf":{"@id":"https:\/\/interamerica.org\/fr\/2017\/01\/750-benevoles-adventistes-creent-un-impact-a-tucson-en-arizona\/"},"author":{"name":"Lorenzo Verduzco","@id":"https:\/\/interamerica.org\/fr\/#\/schema\/person\/68ede8bdc292885bb76c1e3810e73c39"},"headline":"750 b\u00e9n\u00e9voles Adventistes cr\u00e9ent un impact \u00e0 Tucson en Arizona","datePublished":"2017-01-17T04:00:00+00:00","dateModified":"2017-12-06T06:57:03+00:00","mainEntityOfPage":{"@id":"https:\/\/interamerica.org\/fr\/2017\/01\/750-benevoles-adventistes-creent-un-impact-a-tucson-en-arizona\/"},"wordCount":937,"image":{"@id":"https:\/\/interamerica.org\/fr\/2017\/01\/750-benevoles-adventistes-creent-un-impact-a-tucson-en-arizona\/#primaryimage"},"thumbnailUrl":"https:\/\/interamerica.org\/wp-content\/uploads\/2017\/06\/750-Adventist-Volunteers-Make-Impact-in-Tucson-Arizona.jpeg","articleSection":["Nouvelles de l'\u00c9glise mondiale","RSS Fran\u00e7ais"],"inLanguage":"fr-FR"},{"@type":"WebPage","@id":"https:\/\/interamerica.org\/fr\/2017\/01\/750-benevoles-adventistes-creent-un-impact-a-tucson-en-arizona\/","url":"https:\/\/interamerica.org\/fr\/2017\/01\/750-benevoles-adventistes-creent-un-impact-a-tucson-en-arizona\/","name":"750 b\u00e9n\u00e9voles Adventistes cr\u00e9ent un impact \u00e0 Tucson en Arizona - \u00c9glise Adventiste Du Septieme Jour - Inter Am\u00e9rique Division","isPartOf":{"@id":"https:\/\/interamerica.org\/fr\/#website"},"primaryImageOfPage":{"@id":"https:\/\/interamerica.org\/fr\/2017\/01\/750-benevoles-adventistes-creent-un-impact-a-tucson-en-arizona\/#primaryimage"},"image":{"@id":"https:\/\/interamerica.org\/fr\/2017\/01\/750-benevoles-adventistes-creent-un-impact-a-tucson-en-arizona\/#primaryimage"},"thumbnailUrl":"https:\/\/interamerica.org\/wp-content\/uploads\/2017\/06\/750-Adventist-Volunteers-Make-Impact-in-Tucson-Arizona.jpeg","datePublished":"2017-01-17T04:00:00+00:00","dateModified":"2017-12-06T06:57:03+00:00","author":{"@id":"https:\/\/interamerica.org\/fr\/#\/schema\/person\/68ede8bdc292885bb76c1e3810e73c39"},"breadcrumb":{"@id":"https:\/\/interamerica.org\/fr\/2017\/01\/750-benevoles-adventistes-creent-un-impact-a-tucson-en-arizona\/#breadcrumb"},"inLanguage":"fr-FR","potentialAction":[{"@type":"ReadAction","target":["https:\/\/interamerica.org\/fr\/2017\/01\/750-benevoles-adventistes-creent-un-impact-a-tucson-en-arizona\/"]}]},{"@type":"ImageObject","inLanguage":"fr-FR","@id":"https:\/\/interamerica.org\/fr\/2017\/01\/750-benevoles-adventistes-creent-un-impact-a-tucson-en-arizona\/#primaryimage","url":"https:\/\/interamerica.org\/wp-content\/uploads\/2017\/06\/750-Adventist-Volunteers-Make-Impact-in-Tucson-Arizona.jpeg","contentUrl":"https:\/\/interamerica.org\/wp-content\/uploads\/2017\/06\/750-Adventist-Volunteers-Make-Impact-in-Tucson-Arizona.jpeg","width":1000,"height":500},{"@type":"BreadcrumbList","@id":"https:\/\/interamerica.org\/fr\/2017\/01\/750-benevoles-adventistes-creent-un-impact-a-tucson-en-arizona\/#breadcrumb","itemListElement":[{"@type":"ListItem","position":1,"name":"Home","item":"https:\/\/interamerica.org\/fr\/"},{"@type":"ListItem","position":2,"name":"750 b\u00e9n\u00e9voles Adventistes cr\u00e9ent un impact \u00e0 Tucson en Arizona"}]},{"@type":"WebSite","@id":"https:\/\/interamerica.org\/fr\/#website","url":"https:\/\/interamerica.org\/fr\/","name":"\u00c9glise Adventiste Du Septieme Jour - Inter Am\u00e9rique Division","description":"","potentialAction":[{"@type":"SearchAction","target":{"@type":"EntryPoint","urlTemplate":"https:\/\/interamerica.org\/fr\/?s={search_term_string}"},"query-input":{"@type":"PropertyValueSpecification","valueRequired":true,"valueName":"search_term_string"}}],"inLanguage":"fr-FR"},{"@type":"Person","@id":"https:\/\/interamerica.org\/fr\/#\/schema\/person\/68ede8bdc292885bb76c1e3810e73c39","name":"Lorenzo Verduzco","image":{"@type":"ImageObject","inLanguage":"fr-FR","@id":"https:\/\/secure.gravatar.com\/avatar\/fb81a55b6218459490a9c1dc841a34909185b81904c5337b4b27f7a6fd60c49e?s=96&d=mm&r=g","url":"https:\/\/secure.gravatar.com\/avatar\/fb81a55b6218459490a9c1dc841a34909185b81904c5337b4b27f7a6fd60c49e?s=96&d=mm&r=g","contentUrl":"https:\/\/secure.gravatar.com\/avatar\/fb81a55b6218459490a9c1dc841a34909185b81904c5337b4b27f7a6fd60c49e?s=96&d=mm&r=g","caption":"Lorenzo Verduzco"}}]}},"_links":{"self":[{"href":"https:\/\/interamerica.org\/fr\/wp-json\/wp\/v2\/posts\/32752","targetHints":{"allow":["GET"]}}],"collection":[{"href":"https:\/\/interamerica.org\/fr\/wp-json\/wp\/v2\/posts"}],"about":[{"href":"https:\/\/interamerica.org\/fr\/wp-json\/wp\/v2\/types\/post"}],"author":[{"embeddable":true,"href":"https:\/\/interamerica.org\/fr\/wp-json\/wp\/v2\/users\/1"}],"replies":[{"embeddable":true,"href":"https:\/\/interamerica.org\/fr\/wp-json\/wp\/v2\/comments?post=32752"}],"version-history":[{"count":0,"href":"https:\/\/interamerica.org\/fr\/wp-json\/wp\/v2\/posts\/32752\/revisions"}],"wp:featuredmedia":[{"embeddable":true,"href":"https:\/\/interamerica.org\/fr\/wp-json\/wp\/v2\/media\/29157"}],"wp:attachment":[{"href":"https:\/\/interamerica.org\/fr\/wp-json\/wp\/v2\/media?parent=32752"}],"wp:term":[{"taxonomy":"category","embeddable":true,"href":"https:\/\/interamerica.org\/fr\/wp-json\/wp\/v2\/categories?post=32752"},{"taxonomy":"post_tag","embeddable":true,"href":"https:\/\/interamerica.org\/fr\/wp-json\/wp\/v2\/tags?post=32752"}],"curies":[{"name":"wp","href":"https:\/\/api.w.org\/{rel}","templated":true}]}}